{"id":54799,"date":"2024-10-09T09:29:31","date_gmt":"2024-10-09T12:29:31","guid":{"rendered":"https:\/\/jornalfatosenoticias.com.br\/?p=54799"},"modified":"2024-10-09T09:29:33","modified_gmt":"2024-10-09T12:29:33","slug":"flores-nascem-apos-incendios-e-mostram-a-forca-do-cerrado","status":"publish","type":"post","link":"https:\/\/jornalfatosenoticias.com.br\/index.php\/2024\/10\/09\/flores-nascem-apos-incendios-e-mostram-a-forca-do-cerrado\/","title":{"rendered":"Flores nascem ap\u00f3s inc\u00eandios e mostram a for\u00e7a do Cerrado"},"content":{"rendered":"\n<p><span class=\"has-inline-color has-black-color\"><em>A for\u00e7a e a garra da natureza aparecem em forma de flores do Cerrado, ap\u00f3s inc\u00eandios e queimadas<\/em><\/span><\/p>\n\n\n\n<p><span class=\"has-inline-color has-black-color\">Por <strong>Renata Dias<\/strong><\/span><\/p>\n\n\n\n<div class=\"wp-block-image\"><figure class=\"aligncenter size-large\"><a href=\"https:\/\/panper.com.br\/\"><img loading=\"lazy\" decoding=\"async\" width=\"1024\" height=\"111\" src=\"https:\/\/jornalfatosenoticias.com.br\/wp-content\/uploads\/2020\/02\/WhatsApp-Image-2022-09-23-at-12.09.18-1024x111.jpeg\" alt=\"\" class=\"wp-image-34527\" srcset=\"https:\/\/jornalfatosenoticias.com.br\/wp-content\/uploads\/2020\/02\/WhatsApp-Image-2022-09-23-at-12.09.18-1024x111.jpeg 1024w, https:\/\/jornalfatosenoticias.com.br\/wp-content\/uploads\/2020\/02\/WhatsApp-Image-2022-09-23-at-12.09.18-300x32.jpeg 300w, https:\/\/jornalfatosenoticias.com.br\/wp-content\/uploads\/2020\/02\/WhatsApp-Image-2022-09-23-at-12.09.18-768x83.jpeg 768w, https:\/\/jornalfatosenoticias.com.br\/wp-content\/uploads\/2020\/02\/WhatsApp-Image-2022-09-23-at-12.09.18.jpeg 1121w\" sizes=\"auto, (max-width: 1024px) 100vw, 1024px\" \/><\/a><\/figure><\/div>\n\n\n\n<p>Flores nascem em meio ao cen\u00e1rio de destrui\u00e7\u00e3o deixado pelos inc\u00eandios no Cerrado. Lindas, frondosas e imponentes. \u00c9 a natureza dando seu recado: sempre h\u00e1 esperan\u00e7a. P\u00e9s de esp\u00e9cie <em>Hippeastrum goianum<\/em>, planta conhecida como <em>Amarilis-do-cerrado<\/em>, brotam em v\u00e1rios cantos do Distrito Federal. O servidor p\u00fablico e fot\u00f3grafo amador Matheus Ferreira registrou esses pequenos tesouros. \u201cPara mim, \u00e9 um s\u00edmbolo de esperan\u00e7a e de renascimento. Apesar de tudo que as pessoas fazem para destruir a natureza, ela continua firme\u201d, afirmou.<br>O fot\u00f3grafo costuma compartilhar o que sua c\u00e2mera capta. <\/p>\n\n\n\n<blockquote class=\"wp-block-quote is-layout-flow wp-block-quote-is-layout-flow\"><p><span class=\"has-inline-color has-luminous-vivid-orange-color\">H\u00e1 quase um m\u00eas, essa \u00e1rea de Cerrado, composta por vegeta\u00e7\u00e3o nativa, pegou fogo e tudo foi devastado. Ficou bem queimado\u201d, disse Matheus \u00e0 <a href=\"https:\/\/www.agenciabrasilia.df.gov.br\/2024\/09\/24\/flores-brotam-em-meio-a-cenario-devastado-por-incendio-florestal-nas-proximidades-da-torre-digital\/\">Ag\u00eancia Bras\u00edlia<\/a>. Por\u00e9m, Matheus disse que soube que havia flores em alguns locais. \u201cPeguei minha m\u00e1quina e fiquei procurando, at\u00e9 que encontrei esses dois pezinhos dessa flor\u201d, lembrou.<\/span><\/p><\/blockquote>\n\n\n\n<div class=\"wp-block-image\"><figure class=\"aligncenter size-large\"><img loading=\"lazy\" decoding=\"async\" width=\"1000\" height=\"666\" src=\"https:\/\/jornalfatosenoticias.com.br\/wp-content\/uploads\/2024\/10\/flores-nascem-cerrado2.jpeg\" alt=\"\" class=\"wp-image-54800\" srcset=\"https:\/\/jornalfatosenoticias.com.br\/wp-content\/uploads\/2024\/10\/flores-nascem-cerrado2.jpeg 1000w, https:\/\/jornalfatosenoticias.com.br\/wp-content\/uploads\/2024\/10\/flores-nascem-cerrado2-300x200.jpeg 300w, https:\/\/jornalfatosenoticias.com.br\/wp-content\/uploads\/2024\/10\/flores-nascem-cerrado2-768x511.jpeg 768w\" sizes=\"auto, (max-width: 1000px) 100vw, 1000px\" \/><figcaption><em><span class=\"has-inline-color has-black-color\">(Foto: Ag\u00eancia Bras\u00edlia\/Reprodu\u00e7\u00e3o)<\/span><\/em><\/figcaption><\/figure><\/div>\n\n\n\n<p>\u00c9 um contraste: flores amarelas se misturam \u00e0s \u00e1rvores secas, troncos ca\u00eddos e restos de fuligem. A paisagem ganha brilho e emo\u00e7\u00e3o. De acordo com especialistas, a recupera\u00e7\u00e3o do Cerrado ap\u00f3s a passagem do fogo costuma ser natural. No entanto, a superintendente de Unidades de Conserva\u00e7\u00e3o, Biodiversidade e \u00c1gua do Instituto Bras\u00edlia Ambiental, Marcela Verciani, disse essa avalia\u00e7\u00e3o deve considerar cada situa\u00e7\u00e3o espec\u00edfica.<\/p>\n\n\n\n<div class=\"wp-block-image\"><figure class=\"aligncenter size-large is-resized\"><img loading=\"lazy\" decoding=\"async\" src=\"https:\/\/jornalfatosenoticias.com.br\/wp-content\/uploads\/2022\/02\/Precisao-Contabilidade-1024x724.jpg\" alt=\"\" class=\"wp-image-28088\" width=\"308\" height=\"218\"\/><\/figure><\/div>\n\n\n\n<blockquote class=\"wp-block-quote is-layout-flow wp-block-quote-is-layout-flow\"><p><span class=\"has-inline-color has-luminous-vivid-orange-color\">A forma como acontece o fogo \u00e9 prejudicial, porque eleva a temperatura e cria labaredas grandes, o que resulta numa perda consider\u00e1vel de Cerrado. Por isso fazemos o apelo para que as pessoas n\u00e3o usem o fogo nos per\u00edodos cr\u00edticos de seca extrema\u201d, disse ela.<\/span><\/p><\/blockquote>\n\n\n\n<div class=\"wp-block-image\"><figure class=\"aligncenter size-large is-resized\"><a href=\"https:\/\/www.legisjuris.com.br\/\"><img loading=\"lazy\" decoding=\"async\" src=\"https:\/\/jornalfatosenoticias.com.br\/wp-content\/uploads\/2024\/09\/Legis-Juris-Consultoria_logo.jpg\" alt=\"\" class=\"wp-image-53915\" width=\"420\" height=\"176\" srcset=\"https:\/\/jornalfatosenoticias.com.br\/wp-content\/uploads\/2024\/09\/Legis-Juris-Consultoria_logo.jpg 969w, https:\/\/jornalfatosenoticias.com.br\/wp-content\/uploads\/2024\/09\/Legis-Juris-Consultoria_logo-300x126.jpg 300w, https:\/\/jornalfatosenoticias.com.br\/wp-content\/uploads\/2024\/09\/Legis-Juris-Consultoria_logo-768x322.jpg 768w\" sizes=\"auto, (max-width: 420px) 100vw, 420px\" \/><\/a><\/figure><\/div>\n\n\n\n<p><strong><span class=\"has-inline-color has-vivid-green-cyan-color\">A\u00e7\u00f5es emergenciais<br><\/span><\/strong>O Instituto Bras\u00edlia Ambiental contratou 150 brigadistas para atuar em 12 bases durante o per\u00edodo cr\u00edtico de inc\u00eandios e seca. Segundo a superintendente, est\u00e1 em curso um projeto para contratar a brigada ao longo do ano e n\u00e3o por temporada. \u201cO combate \u00e9 importante, mas a preven\u00e7\u00e3o tem tanta ou mais import\u00e2ncia\u201d, disse ela, lembrando das a\u00e7\u00f5es, como a cria\u00e7\u00e3o de aceiros, ro\u00e7adas e queimadas controladas no per\u00edodo mais ameno.<\/p>\n\n\n\n<div class=\"wp-block-image\"><figure class=\"aligncenter size-large is-resized\"><a href=\"https:\/\/www.instagram.com\/vmais.midias\/\"><img loading=\"lazy\" decoding=\"async\" src=\"https:\/\/jornalfatosenoticias.com.br\/wp-content\/uploads\/2020\/02\/DE-MAIS-DESTAQUE-VMAIS-800X700.png\" alt=\"\" class=\"wp-image-53112\" width=\"286\" height=\"249\" srcset=\"https:\/\/jornalfatosenoticias.com.br\/wp-content\/uploads\/2020\/02\/DE-MAIS-DESTAQUE-VMAIS-800X700.png 800w, https:\/\/jornalfatosenoticias.com.br\/wp-content\/uploads\/2020\/02\/DE-MAIS-DESTAQUE-VMAIS-800X700-768x672.png 768w\" sizes=\"auto, (max-width: 286px) 100vw, 286px\" \/><\/a><\/figure><\/div>\n\n\n\n<p><strong><em>Fonte: <a href=\"https:\/\/www.sonoticiaboa.com.br\/2024\/09\/26\/flores-nascem-apos-incendios-e-mostram-a-forca-do-cerrado\">S\u00f3 Not\u00edcia Boa<\/a><\/em><\/strong><\/p>\n","protected":false},"excerpt":{"rendered":"<p>A for\u00e7a e a garra da natureza aparecem em forma de flores do Cerrado, ap\u00f3s inc\u00eandios e queimadas Por Renata Dias Flores nascem em meio ao cen\u00e1rio de destrui\u00e7\u00e3o deixado pelos inc\u00eandios no Cerrado. Lindas, frondosas e imponentes. \u00c9 a natureza dando seu recado: sempre h\u00e1 esperan\u00e7a. P\u00e9s de esp\u00e9cie Hippeastrum goianum, planta conhecida como [&hellip;]<\/p>\n","protected":false},"author":2,"featured_media":54801,"comment_status":"open","ping_status":"open","sticky":false,"template":"","format":"standard","meta":{"footnotes":""},"categories":[8],"tags":[257,64,3104,24969,655,3463,14832],"class_list":["post-54799","post","type-post","status-publish","format-standard","has-post-thumbnail","hentry","category-meio-ambiente","tag-cerrado","tag-flor","tag-fogo","tag-instituto-brasilia-ambiental","tag-natureza","tag-queimadas","tag-seca-extrema"],"yoast_head":"<!-- This site is optimized with the Yoast SEO plugin v26.5 - https:\/\/yoast.com\/wordpress\/plugins\/seo\/ -->\n<title>Flores nascem ap\u00f3s inc\u00eandios e mostram a for\u00e7a do Cerrado - Jornal Fatos e Not\u00edcias<\/title>\n<meta name=\"robots\" content=\"index, follow, max-snippet:-1, max-image-preview:large, max-video-preview:-1\" \/>\n<link rel=\"canonical\" href=\"https:\/\/jornalfatosenoticias.com.br\/index.php\/2024\/10\/09\/flores-nascem-apos-incendios-e-mostram-a-forca-do-cerrado\/\" \/>\n<meta property=\"og:locale\" content=\"pt_BR\" \/>\n<meta property=\"og:type\" content=\"article\" \/>\n<meta property=\"og:title\" content=\"Flores nascem ap\u00f3s inc\u00eandios e mostram a for\u00e7a do Cerrado - Jornal Fatos e Not\u00edcias\" \/>\n<meta property=\"og:description\" content=\"A for\u00e7a e a garra da natureza aparecem em forma de flores do Cerrado, ap\u00f3s inc\u00eandios e queimadas Por Renata Dias Flores nascem em meio ao cen\u00e1rio de destrui\u00e7\u00e3o deixado pelos inc\u00eandios no Cerrado. Lindas, frondosas e imponentes. \u00c9 a natureza dando seu recado: sempre h\u00e1 esperan\u00e7a. P\u00e9s de esp\u00e9cie Hippeastrum goianum, planta conhecida como [&hellip;]\" \/>\n<meta property=\"og:url\" content=\"https:\/\/jornalfatosenoticias.com.br\/index.php\/2024\/10\/09\/flores-nascem-apos-incendios-e-mostram-a-forca-do-cerrado\/\" \/>\n<meta property=\"og:site_name\" content=\"Jornal Fatos e Not\u00edcias\" \/>\n<meta property=\"article:published_time\" content=\"2024-10-09T12:29:31+00:00\" \/>\n<meta property=\"article:modified_time\" content=\"2024-10-09T12:29:33+00:00\" \/>\n<meta property=\"og:image\" content=\"https:\/\/jornalfatosenoticias.com.br\/wp-content\/uploads\/2024\/10\/Flores-nascem-no-Cerrado1.png\" \/>\n\t<meta property=\"og:image:width\" content=\"800\" \/>\n\t<meta property=\"og:image:height\" content=\"500\" \/>\n\t<meta property=\"og:image:type\" content=\"image\/png\" \/>\n<meta name=\"author\" content=\"Luzimara Fernandes\" \/>\n<meta name=\"twitter:card\" content=\"summary_large_image\" \/>\n<meta name=\"twitter:label1\" content=\"Escrito por\" \/>\n\t<meta name=\"twitter:data1\" content=\"Luzimara Fernandes\" \/>\n\t<meta name=\"twitter:label2\" content=\"Est. tempo de leitura\" \/>\n\t<meta name=\"twitter:data2\" content=\"2 minutos\" \/>\n<script type=\"application\/ld+json\" class=\"yoast-schema-graph\">{\"@context\":\"https:\/\/schema.org\",\"@graph\":[{\"@type\":\"Article\",\"@id\":\"https:\/\/jornalfatosenoticias.com.br\/index.php\/2024\/10\/09\/flores-nascem-apos-incendios-e-mostram-a-forca-do-cerrado\/#article\",\"isPartOf\":{\"@id\":\"https:\/\/jornalfatosenoticias.com.br\/index.php\/2024\/10\/09\/flores-nascem-apos-incendios-e-mostram-a-forca-do-cerrado\/\"},\"author\":{\"name\":\"Luzimara Fernandes\",\"@id\":\"https:\/\/jornalfatosenoticias.com.br\/#\/schema\/person\/d63837fa13ac8666eb9e74e0985d6f81\"},\"headline\":\"Flores nascem ap\u00f3s inc\u00eandios e mostram a for\u00e7a do Cerrado\",\"datePublished\":\"2024-10-09T12:29:31+00:00\",\"dateModified\":\"2024-10-09T12:29:33+00:00\",\"mainEntityOfPage\":{\"@id\":\"https:\/\/jornalfatosenoticias.com.br\/index.php\/2024\/10\/09\/flores-nascem-apos-incendios-e-mostram-a-forca-do-cerrado\/\"},\"wordCount\":405,\"commentCount\":0,\"publisher\":{\"@id\":\"https:\/\/jornalfatosenoticias.com.br\/#organization\"},\"image\":{\"@id\":\"https:\/\/jornalfatosenoticias.com.br\/index.php\/2024\/10\/09\/flores-nascem-apos-incendios-e-mostram-a-forca-do-cerrado\/#primaryimage\"},\"thumbnailUrl\":\"https:\/\/jornalfatosenoticias.com.br\/wp-content\/uploads\/2024\/10\/Flores-nascem-no-Cerrado1.png\",\"keywords\":[\"cerrado\",\"flor\",\"fogo\",\"Instituto Bras\u00edlia Ambiental\",\"natureza\",\"queimadas\",\"seca extrema\"],\"articleSection\":[\"Meio ambiente\"],\"inLanguage\":\"pt-BR\",\"potentialAction\":[{\"@type\":\"CommentAction\",\"name\":\"Comment\",\"target\":[\"https:\/\/jornalfatosenoticias.com.br\/index.php\/2024\/10\/09\/flores-nascem-apos-incendios-e-mostram-a-forca-do-cerrado\/#respond\"]}]},{\"@type\":\"WebPage\",\"@id\":\"https:\/\/jornalfatosenoticias.com.br\/index.php\/2024\/10\/09\/flores-nascem-apos-incendios-e-mostram-a-forca-do-cerrado\/\",\"url\":\"https:\/\/jornalfatosenoticias.com.br\/index.php\/2024\/10\/09\/flores-nascem-apos-incendios-e-mostram-a-forca-do-cerrado\/\",\"name\":\"Flores nascem ap\u00f3s inc\u00eandios e mostram a for\u00e7a do Cerrado - Jornal Fatos e Not\u00edcias\",\"isPartOf\":{\"@id\":\"https:\/\/jornalfatosenoticias.com.br\/#website\"},\"primaryImageOfPage\":{\"@id\":\"https:\/\/jornalfatosenoticias.com.br\/index.php\/2024\/10\/09\/flores-nascem-apos-incendios-e-mostram-a-forca-do-cerrado\/#primaryimage\"},\"image\":{\"@id\":\"https:\/\/jornalfatosenoticias.com.br\/index.php\/2024\/10\/09\/flores-nascem-apos-incendios-e-mostram-a-forca-do-cerrado\/#primaryimage\"},\"thumbnailUrl\":\"https:\/\/jornalfatosenoticias.com.br\/wp-content\/uploads\/2024\/10\/Flores-nascem-no-Cerrado1.png\",\"datePublished\":\"2024-10-09T12:29:31+00:00\",\"dateModified\":\"2024-10-09T12:29:33+00:00\",\"breadcrumb\":{\"@id\":\"https:\/\/jornalfatosenoticias.com.br\/index.php\/2024\/10\/09\/flores-nascem-apos-incendios-e-mostram-a-forca-do-cerrado\/#breadcrumb\"},\"inLanguage\":\"pt-BR\",\"potentialAction\":[{\"@type\":\"ReadAction\",\"target\":[\"https:\/\/jornalfatosenoticias.com.br\/index.php\/2024\/10\/09\/flores-nascem-apos-incendios-e-mostram-a-forca-do-cerrado\/\"]}]},{\"@type\":\"ImageObject\",\"inLanguage\":\"pt-BR\",\"@id\":\"https:\/\/jornalfatosenoticias.com.br\/index.php\/2024\/10\/09\/flores-nascem-apos-incendios-e-mostram-a-forca-do-cerrado\/#primaryimage\",\"url\":\"https:\/\/jornalfatosenoticias.com.br\/wp-content\/uploads\/2024\/10\/Flores-nascem-no-Cerrado1.png\",\"contentUrl\":\"https:\/\/jornalfatosenoticias.com.br\/wp-content\/uploads\/2024\/10\/Flores-nascem-no-Cerrado1.png\",\"width\":800,\"height\":500},{\"@type\":\"BreadcrumbList\",\"@id\":\"https:\/\/jornalfatosenoticias.com.br\/index.php\/2024\/10\/09\/flores-nascem-apos-incendios-e-mostram-a-forca-do-cerrado\/#breadcrumb\",\"itemListElement\":[{\"@type\":\"ListItem\",\"position\":1,\"name\":\"In\u00edcio\",\"item\":\"https:\/\/jornalfatosenoticias.com.br\/\"},{\"@type\":\"ListItem\",\"position\":2,\"name\":\"Flores nascem ap\u00f3s inc\u00eandios e mostram a for\u00e7a do Cerrado\"}]},{\"@type\":\"WebSite\",\"@id\":\"https:\/\/jornalfatosenoticias.com.br\/#website\",\"url\":\"https:\/\/jornalfatosenoticias.com.br\/\",\"name\":\"Jornal Fatos e Not\u00edcias\",\"description\":\"Not\u00edcias em geral\",\"publisher\":{\"@id\":\"https:\/\/jornalfatosenoticias.com.br\/#organization\"},\"potentialAction\":[{\"@type\":\"SearchAction\",\"target\":{\"@type\":\"EntryPoint\",\"urlTemplate\":\"https:\/\/jornalfatosenoticias.com.br\/?s={search_term_string}\"},\"query-input\":{\"@type\":\"PropertyValueSpecification\",\"valueRequired\":true,\"valueName\":\"search_term_string\"}}],\"inLanguage\":\"pt-BR\"},{\"@type\":\"Organization\",\"@id\":\"https:\/\/jornalfatosenoticias.com.br\/#organization\",\"name\":\"Jornal Fatos e Not\u00edcias\",\"url\":\"https:\/\/jornalfatosenoticias.com.br\/\",\"logo\":{\"@type\":\"ImageObject\",\"inLanguage\":\"pt-BR\",\"@id\":\"https:\/\/jornalfatosenoticias.com.br\/#\/schema\/logo\/image\/\",\"url\":\"https:\/\/jornalfatosenoticias.com.br\/wp-content\/uploads\/2020\/02\/logo120.png\",\"contentUrl\":\"https:\/\/jornalfatosenoticias.com.br\/wp-content\/uploads\/2020\/02\/logo120.png\",\"width\":1227,\"height\":120,\"caption\":\"Jornal Fatos e Not\u00edcias\"},\"image\":{\"@id\":\"https:\/\/jornalfatosenoticias.com.br\/#\/schema\/logo\/image\/\"}},{\"@type\":\"Person\",\"@id\":\"https:\/\/jornalfatosenoticias.com.br\/#\/schema\/person\/d63837fa13ac8666eb9e74e0985d6f81\",\"name\":\"Luzimara Fernandes\",\"image\":{\"@type\":\"ImageObject\",\"inLanguage\":\"pt-BR\",\"@id\":\"https:\/\/jornalfatosenoticias.com.br\/#\/schema\/person\/image\/\",\"url\":\"https:\/\/jornalfatosenoticias.com.br\/wp-content\/uploads\/2025\/05\/EU_portal.jpg\",\"contentUrl\":\"https:\/\/jornalfatosenoticias.com.br\/wp-content\/uploads\/2025\/05\/EU_portal.jpg\",\"caption\":\"Luzimara Fernandes\"},\"description\":\"Jornalista MTB 2358-ES\",\"sameAs\":[\"https:\/\/jornalfatosenoticias.com.br\"],\"url\":\"https:\/\/jornalfatosenoticias.com.br\/index.php\/author\/luzimara\/\"}]}<\/script>\n<!-- \/ Yoast SEO plugin. -->","yoast_head_json":{"title":"Flores nascem ap\u00f3s inc\u00eandios e mostram a for\u00e7a do Cerrado - Jornal Fatos e Not\u00edcias","robots":{"index":"index","follow":"follow","max-snippet":"max-snippet:-1","max-image-preview":"max-image-preview:large","max-video-preview":"max-video-preview:-1"},"canonical":"https:\/\/jornalfatosenoticias.com.br\/index.php\/2024\/10\/09\/flores-nascem-apos-incendios-e-mostram-a-forca-do-cerrado\/","og_locale":"pt_BR","og_type":"article","og_title":"Flores nascem ap\u00f3s inc\u00eandios e mostram a for\u00e7a do Cerrado - Jornal Fatos e Not\u00edcias","og_description":"A for\u00e7a e a garra da natureza aparecem em forma de flores do Cerrado, ap\u00f3s inc\u00eandios e queimadas Por Renata Dias Flores nascem em meio ao cen\u00e1rio de destrui\u00e7\u00e3o deixado pelos inc\u00eandios no Cerrado. Lindas, frondosas e imponentes. \u00c9 a natureza dando seu recado: sempre h\u00e1 esperan\u00e7a. P\u00e9s de esp\u00e9cie Hippeastrum goianum, planta conhecida como [&hellip;]","og_url":"https:\/\/jornalfatosenoticias.com.br\/index.php\/2024\/10\/09\/flores-nascem-apos-incendios-e-mostram-a-forca-do-cerrado\/","og_site_name":"Jornal Fatos e Not\u00edcias","article_published_time":"2024-10-09T12:29:31+00:00","article_modified_time":"2024-10-09T12:29:33+00:00","og_image":[{"width":800,"height":500,"url":"https:\/\/jornalfatosenoticias.com.br\/wp-content\/uploads\/2024\/10\/Flores-nascem-no-Cerrado1.png","type":"image\/png"}],"author":"Luzimara Fernandes","twitter_card":"summary_large_image","twitter_misc":{"Escrito por":"Luzimara Fernandes","Est. tempo de leitura":"2 minutos"},"schema":{"@context":"https:\/\/schema.org","@graph":[{"@type":"Article","@id":"https:\/\/jornalfatosenoticias.com.br\/index.php\/2024\/10\/09\/flores-nascem-apos-incendios-e-mostram-a-forca-do-cerrado\/#article","isPartOf":{"@id":"https:\/\/jornalfatosenoticias.com.br\/index.php\/2024\/10\/09\/flores-nascem-apos-incendios-e-mostram-a-forca-do-cerrado\/"},"author":{"name":"Luzimara Fernandes","@id":"https:\/\/jornalfatosenoticias.com.br\/#\/schema\/person\/d63837fa13ac8666eb9e74e0985d6f81"},"headline":"Flores nascem ap\u00f3s inc\u00eandios e mostram a for\u00e7a do Cerrado","datePublished":"2024-10-09T12:29:31+00:00","dateModified":"2024-10-09T12:29:33+00:00","mainEntityOfPage":{"@id":"https:\/\/jornalfatosenoticias.com.br\/index.php\/2024\/10\/09\/flores-nascem-apos-incendios-e-mostram-a-forca-do-cerrado\/"},"wordCount":405,"commentCount":0,"publisher":{"@id":"https:\/\/jornalfatosenoticias.com.br\/#organization"},"image":{"@id":"https:\/\/jornalfatosenoticias.com.br\/index.php\/2024\/10\/09\/flores-nascem-apos-incendios-e-mostram-a-forca-do-cerrado\/#primaryimage"},"thumbnailUrl":"https:\/\/jornalfatosenoticias.com.br\/wp-content\/uploads\/2024\/10\/Flores-nascem-no-Cerrado1.png","keywords":["cerrado","flor","fogo","Instituto Bras\u00edlia Ambiental","natureza","queimadas","seca extrema"],"articleSection":["Meio ambiente"],"inLanguage":"pt-BR","potentialAction":[{"@type":"CommentAction","name":"Comment","target":["https:\/\/jornalfatosenoticias.com.br\/index.php\/2024\/10\/09\/flores-nascem-apos-incendios-e-mostram-a-forca-do-cerrado\/#respond"]}]},{"@type":"WebPage","@id":"https:\/\/jornalfatosenoticias.com.br\/index.php\/2024\/10\/09\/flores-nascem-apos-incendios-e-mostram-a-forca-do-cerrado\/","url":"https:\/\/jornalfatosenoticias.com.br\/index.php\/2024\/10\/09\/flores-nascem-apos-incendios-e-mostram-a-forca-do-cerrado\/","name":"Flores nascem ap\u00f3s inc\u00eandios e mostram a for\u00e7a do Cerrado - Jornal Fatos e Not\u00edcias","isPartOf":{"@id":"https:\/\/jornalfatosenoticias.com.br\/#website"},"primaryImageOfPage":{"@id":"https:\/\/jornalfatosenoticias.com.br\/index.php\/2024\/10\/09\/flores-nascem-apos-incendios-e-mostram-a-forca-do-cerrado\/#primaryimage"},"image":{"@id":"https:\/\/jornalfatosenoticias.com.br\/index.php\/2024\/10\/09\/flores-nascem-apos-incendios-e-mostram-a-forca-do-cerrado\/#primaryimage"},"thumbnailUrl":"https:\/\/jornalfatosenoticias.com.br\/wp-content\/uploads\/2024\/10\/Flores-nascem-no-Cerrado1.png","datePublished":"2024-10-09T12:29:31+00:00","dateModified":"2024-10-09T12:29:33+00:00","breadcrumb":{"@id":"https:\/\/jornalfatosenoticias.com.br\/index.php\/2024\/10\/09\/flores-nascem-apos-incendios-e-mostram-a-forca-do-cerrado\/#breadcrumb"},"inLanguage":"pt-BR","potentialAction":[{"@type":"ReadAction","target":["https:\/\/jornalfatosenoticias.com.br\/index.php\/2024\/10\/09\/flores-nascem-apos-incendios-e-mostram-a-forca-do-cerrado\/"]}]},{"@type":"ImageObject","inLanguage":"pt-BR","@id":"https:\/\/jornalfatosenoticias.com.br\/index.php\/2024\/10\/09\/flores-nascem-apos-incendios-e-mostram-a-forca-do-cerrado\/#primaryimage","url":"https:\/\/jornalfatosenoticias.com.br\/wp-content\/uploads\/2024\/10\/Flores-nascem-no-Cerrado1.png","contentUrl":"https:\/\/jornalfatosenoticias.com.br\/wp-content\/uploads\/2024\/10\/Flores-nascem-no-Cerrado1.png","width":800,"height":500},{"@type":"BreadcrumbList","@id":"https:\/\/jornalfatosenoticias.com.br\/index.php\/2024\/10\/09\/flores-nascem-apos-incendios-e-mostram-a-forca-do-cerrado\/#breadcrumb","itemListElement":[{"@type":"ListItem","position":1,"name":"In\u00edcio","item":"https:\/\/jornalfatosenoticias.com.br\/"},{"@type":"ListItem","position":2,"name":"Flores nascem ap\u00f3s inc\u00eandios e mostram a for\u00e7a do Cerrado"}]},{"@type":"WebSite","@id":"https:\/\/jornalfatosenoticias.com.br\/#website","url":"https:\/\/jornalfatosenoticias.com.br\/","name":"Jornal Fatos e Not\u00edcias","description":"Not\u00edcias em geral","publisher":{"@id":"https:\/\/jornalfatosenoticias.com.br\/#organization"},"potentialAction":[{"@type":"SearchAction","target":{"@type":"EntryPoint","urlTemplate":"https:\/\/jornalfatosenoticias.com.br\/?s={search_term_string}"},"query-input":{"@type":"PropertyValueSpecification","valueRequired":true,"valueName":"search_term_string"}}],"inLanguage":"pt-BR"},{"@type":"Organization","@id":"https:\/\/jornalfatosenoticias.com.br\/#organization","name":"Jornal Fatos e Not\u00edcias","url":"https:\/\/jornalfatosenoticias.com.br\/","logo":{"@type":"ImageObject","inLanguage":"pt-BR","@id":"https:\/\/jornalfatosenoticias.com.br\/#\/schema\/logo\/image\/","url":"https:\/\/jornalfatosenoticias.com.br\/wp-content\/uploads\/2020\/02\/logo120.png","contentUrl":"https:\/\/jornalfatosenoticias.com.br\/wp-content\/uploads\/2020\/02\/logo120.png","width":1227,"height":120,"caption":"Jornal Fatos e Not\u00edcias"},"image":{"@id":"https:\/\/jornalfatosenoticias.com.br\/#\/schema\/logo\/image\/"}},{"@type":"Person","@id":"https:\/\/jornalfatosenoticias.com.br\/#\/schema\/person\/d63837fa13ac8666eb9e74e0985d6f81","name":"Luzimara Fernandes","image":{"@type":"ImageObject","inLanguage":"pt-BR","@id":"https:\/\/jornalfatosenoticias.com.br\/#\/schema\/person\/image\/","url":"https:\/\/jornalfatosenoticias.com.br\/wp-content\/uploads\/2025\/05\/EU_portal.jpg","contentUrl":"https:\/\/jornalfatosenoticias.com.br\/wp-content\/uploads\/2025\/05\/EU_portal.jpg","caption":"Luzimara Fernandes"},"description":"Jornalista MTB 2358-ES","sameAs":["https:\/\/jornalfatosenoticias.com.br"],"url":"https:\/\/jornalfatosenoticias.com.br\/index.php\/author\/luzimara\/"}]}},"cc_featured_image_caption":{"caption_text":"(Foto: Ag\u00eancia Bras\u00edlia\/Reprodu\u00e7\u00e3o) ","source_text":"","source_url":""},"jetpack_featured_media_url":"https:\/\/jornalfatosenoticias.com.br\/wp-content\/uploads\/2024\/10\/Flores-nascem-no-Cerrado1.png","_links":{"self":[{"href":"https:\/\/jornalfatosenoticias.com.br\/index.php\/wp-json\/wp\/v2\/posts\/54799","targetHints":{"allow":["GET"]}}],"collection":[{"href":"https:\/\/jornalfatosenoticias.com.br\/index.php\/wp-json\/wp\/v2\/posts"}],"about":[{"href":"https:\/\/jornalfatosenoticias.com.br\/index.php\/wp-json\/wp\/v2\/types\/post"}],"author":[{"embeddable":true,"href":"https:\/\/jornalfatosenoticias.com.br\/index.php\/wp-json\/wp\/v2\/users\/2"}],"replies":[{"embeddable":true,"href":"https:\/\/jornalfatosenoticias.com.br\/index.php\/wp-json\/wp\/v2\/comments?post=54799"}],"version-history":[{"count":0,"href":"https:\/\/jornalfatosenoticias.com.br\/index.php\/wp-json\/wp\/v2\/posts\/54799\/revisions"}],"wp:featuredmedia":[{"embeddable":true,"href":"https:\/\/jornalfatosenoticias.com.br\/index.php\/wp-json\/wp\/v2\/media\/54801"}],"wp:attachment":[{"href":"https:\/\/jornalfatosenoticias.com.br\/index.php\/wp-json\/wp\/v2\/media?parent=54799"}],"wp:term":[{"taxonomy":"category","embeddable":true,"href":"https:\/\/jornalfatosenoticias.com.br\/index.php\/wp-json\/wp\/v2\/categories?post=54799"},{"taxonomy":"post_tag","embeddable":true,"href":"https:\/\/jornalfatosenoticias.com.br\/index.php\/wp-json\/wp\/v2\/tags?post=54799"}],"curies":[{"name":"wp","href":"https:\/\/api.w.org\/{rel}","templated":true}]}}