{"id":54822,"date":"2024-10-09T15:55:53","date_gmt":"2024-10-09T18:55:53","guid":{"rendered":"https:\/\/jornalfatosenoticias.com.br\/?p=54822"},"modified":"2024-10-09T15:55:56","modified_gmt":"2024-10-09T18:55:56","slug":"eleicoes-municipais-indicam-ascensao-de-novas-liderancas-da-direita-no-brasil","status":"publish","type":"post","link":"https:\/\/jornalfatosenoticias.com.br\/index.php\/2024\/10\/09\/eleicoes-municipais-indicam-ascensao-de-novas-liderancas-da-direita-no-brasil\/","title":{"rendered":"Elei\u00e7\u00f5es municipais indicam ascens\u00e3o de novas lideran\u00e7as da direita no Brasil"},"content":{"rendered":"\n<p><em><span class=\"has-inline-color has-black-color\">Deputado estadual de 27 anos, Bruno Engler disputa o 2\u00ba turno contra o prefeito de Belo Horizonte<\/span><\/em><\/p>\n\n\n\n<p><span class=\"has-inline-color has-black-color\">Por <strong><a href=\"https:\/\/www.gazetadopovo.com.br\/autor\/rafael-fantin\/\" rel=\"sponsored nofollow\">Rafael Fantin<\/a><\/strong><\/span><\/p>\n\n\n\n<div class=\"wp-block-image\"><figure class=\"aligncenter size-large\"><a href=\"https:\/\/mizu.com.br\/\"><img loading=\"lazy\" decoding=\"async\" width=\"729\" height=\"90\" src=\"https:\/\/jornalfatosenoticias.com.br\/wp-content\/uploads\/2020\/02\/Logo_Mizu.png\" alt=\"\" class=\"wp-image-1441\" srcset=\"https:\/\/jornalfatosenoticias.com.br\/wp-content\/uploads\/2020\/02\/Logo_Mizu.png 729w, https:\/\/jornalfatosenoticias.com.br\/wp-content\/uploads\/2020\/02\/Logo_Mizu-300x37.png 300w\" sizes=\"auto, (max-width: 729px) 100vw, 729px\" \/><\/a><\/figure><\/div>\n\n\n\n<p>A renova\u00e7\u00e3o de candidatos de direita nas elei\u00e7\u00f5es de 2024 pelo Brasil colocou novos nomes na disputa pelo segundo turno nas capitais, o que pode resultar na oxigena\u00e7\u00e3o de lideran\u00e7as conservadoras e no protagonismo dos partidos na pol\u00edtica nacional.<br>Al\u00e9m da demonstra\u00e7\u00e3o de for\u00e7a do ex-presidente Jair Bolsonaro (PL), que articulou as chapas e apostou na juventude de candidatos a prefeitos, os \u201coutsiders\u201d mostraram a possibilidade de alternativas pol\u00edticas para os eleitores de direita, principalmente com as candidaturas de Cristina Graeml (PMB), em Curitiba, e Pablo Mar\u00e7al (PRTB) que, apesar de ficar de fora do segundo turno em S\u00e3o Paulo, deixa o pleito com capital de votos para 2026.<\/p>\n\n\n\n<div class=\"wp-block-image\"><figure class=\"aligncenter size-large is-resized\"><img loading=\"lazy\" decoding=\"async\" src=\"https:\/\/jornalfatosenoticias.com.br\/wp-content\/uploads\/2020\/02\/CONTROL-CS.jpg\" alt=\"\" class=\"wp-image-44991\" width=\"295\" height=\"354\" srcset=\"https:\/\/jornalfatosenoticias.com.br\/wp-content\/uploads\/2020\/02\/CONTROL-CS.jpg 834w, https:\/\/jornalfatosenoticias.com.br\/wp-content\/uploads\/2020\/02\/CONTROL-CS-250x300.jpg 250w, https:\/\/jornalfatosenoticias.com.br\/wp-content\/uploads\/2020\/02\/CONTROL-CS-768x921.jpg 768w\" sizes=\"auto, (max-width: 295px) 100vw, 295px\" \/><\/figure><\/div>\n\n\n\n<p>No PL, Bolsonaro participou diretamente das campanhas com chapas encabe\u00e7adas pelo partido e contou com o refor\u00e7o da ex-primeira-dama, Michelle Bolsonaro, fundamental para o impulsionamento das campanhas de jovens pol\u00edticos ou de novatos nas elei\u00e7\u00f5es. Por outro lado, o casal se afastou das alian\u00e7as do PL nas chapas com candidatos a prefeito de siglas de centro.<\/p>\n\n\n\n<div class=\"wp-block-image\"><figure class=\"aligncenter size-large\"><a href=\"http:\/\/www.ferrarimaquinas.com.br\/\"><img loading=\"lazy\" decoding=\"async\" width=\"300\" height=\"250\" src=\"https:\/\/jornalfatosenoticias.com.br\/wp-content\/uploads\/2022\/02\/FERRARI_MAQUINAS-E-FERRAMENTAS2.jpg\" alt=\"\" class=\"wp-image-27860\"\/><\/a><\/figure><\/div>\n\n\n\n<blockquote class=\"wp-block-quote is-layout-flow wp-block-quote-is-layout-flow\"><p><span class=\"has-inline-color has-luminous-vivid-orange-color\">Os partidos de direita s\u00e3o mais abertos e propensos a lan\u00e7ar novos nomes. Uma das maiores qualidades pol\u00edticas de Bolsonaro \u00e9 promover essas pessoas. O Tarc\u00edsio de Freitas era um burocrata, foi ministro do ex-presidente e hoje \u00e9 governador de S\u00e3o Paulo. Ele tem essa capacidade de projetar nomes, ao contr\u00e1rio do PT que tem uma preocupa\u00e7\u00e3o pelo controle do campo pol\u00edtico \u00e0 esquerda. O Lula n\u00e3o abre m\u00e3o e isso inibe novas lideran\u00e7as pol\u00edticas\u201d, avalia o cientista pol\u00edtico Marcelo Cerqueira, professor do Ibmec Belo Horizonte.<\/span><\/p><\/blockquote>\n\n\n\n<div class=\"wp-block-image\"><figure class=\"aligncenter size-large is-resized\"><a href=\"https:\/\/www.legisjuris.com.br\/\"><img loading=\"lazy\" decoding=\"async\" src=\"https:\/\/jornalfatosenoticias.com.br\/wp-content\/uploads\/2024\/09\/Legis-Juris-Consultoria_logo.jpg\" alt=\"\" class=\"wp-image-53915\" width=\"444\" height=\"186\" srcset=\"https:\/\/jornalfatosenoticias.com.br\/wp-content\/uploads\/2024\/09\/Legis-Juris-Consultoria_logo.jpg 969w, https:\/\/jornalfatosenoticias.com.br\/wp-content\/uploads\/2024\/09\/Legis-Juris-Consultoria_logo-300x126.jpg 300w, https:\/\/jornalfatosenoticias.com.br\/wp-content\/uploads\/2024\/09\/Legis-Juris-Consultoria_logo-768x322.jpg 768w\" sizes=\"auto, (max-width: 444px) 100vw, 444px\" \/><\/a><\/figure><\/div>\n\n\n\n<p>Na capital mineira, ele afirma que a ascens\u00e3o do deputado estadual Bruno Engler, 27 anos, ocorreu com o in\u00edcio da propaganda eleitoral e a identifica\u00e7\u00e3o do eleitor com o candidato de Bolsonaro, o que provocou a desidrata\u00e7\u00e3o de Mauro Tramonte, candidato do Republicanos, que tinha o apoio do governador Romeu Zema (Novo) e do ex-prefeito de Belo Horizonte, Alexandre Kalil (Republicanos).<\/p>\n\n\n\n<div class=\"wp-block-image\"><figure class=\"aligncenter size-large is-resized\"><img loading=\"lazy\" decoding=\"async\" src=\"https:\/\/jornalfatosenoticias.com.br\/wp-content\/uploads\/2022\/02\/Precisao-Contabilidade-1024x724.jpg\" alt=\"\" class=\"wp-image-28088\" width=\"337\" height=\"238\"\/><\/figure><\/div>\n\n\n\n<blockquote class=\"wp-block-quote is-layout-flow wp-block-quote-is-layout-flow\"><p><span class=\"has-inline-color has-luminous-vivid-orange-color\">Em 2020, o Engler j\u00e1 surpreendeu quando ficou em segundo lugar na reelei\u00e7\u00e3o do Kalil no primeiro turno naquela elei\u00e7\u00e3o durante a pandemia\u201d, recorda Cerqueira.<\/span><\/p><\/blockquote>\n\n\n\n<div class=\"wp-block-image\"><figure class=\"aligncenter size-large is-resized\"><a href=\"https:\/\/www.instagram.com\/serra4x4cambioautomatico\/\"><img loading=\"lazy\" decoding=\"async\" src=\"https:\/\/jornalfatosenoticias.com.br\/wp-content\/uploads\/2024\/08\/Serra-4x4-1-886x1024.jpg\" alt=\"\" class=\"wp-image-53632\" width=\"313\" height=\"361\" srcset=\"https:\/\/jornalfatosenoticias.com.br\/wp-content\/uploads\/2024\/08\/Serra-4x4-1-886x1024.jpg 886w, https:\/\/jornalfatosenoticias.com.br\/wp-content\/uploads\/2024\/08\/Serra-4x4-1-260x300.jpg 260w, https:\/\/jornalfatosenoticias.com.br\/wp-content\/uploads\/2024\/08\/Serra-4x4-1-768x888.jpg 768w, https:\/\/jornalfatosenoticias.com.br\/wp-content\/uploads\/2024\/08\/Serra-4x4-1.jpg 1181w\" sizes=\"auto, (max-width: 313px) 100vw, 313px\" \/><\/a><\/figure><\/div>\n\n\n\n<p>De l\u00e1 pra c\u00e1, Engler trocou o PRTB pelo PL e conseguiu chegar ao segundo turno na capital mineira com o aval de Bolsonaro e promete uma alian\u00e7a de direita para derrotar o atual prefeito Fuad Noman (PSD), que ter\u00e1 o apoio do PT na campanha at\u00e9 o pr\u00f3ximo dia 27. Com a mesma idade de Engler, o candidato do PL \u00e0 prefeitura de Fortaleza, Andr\u00e9 Fernandes, chega ao segundo turno em uma das \u00fanicas capitais com polariza\u00e7\u00e3o direta entre os partidos de Bolsonaro e Lula. Ele vai enfrentar o petista Evandro Leit\u00e3o.<\/p>\n\n\n\n<div class=\"wp-block-image\"><figure class=\"aligncenter size-large is-resized\"><a href=\"https:\/\/panper.com.br\/\"><img loading=\"lazy\" decoding=\"async\" src=\"https:\/\/jornalfatosenoticias.com.br\/wp-content\/uploads\/2023\/03\/logo-Panper_portal.jpg\" alt=\"\" class=\"wp-image-40208\" width=\"328\" height=\"227\" srcset=\"https:\/\/jornalfatosenoticias.com.br\/wp-content\/uploads\/2023\/03\/logo-Panper_portal.jpg 400w, https:\/\/jornalfatosenoticias.com.br\/wp-content\/uploads\/2023\/03\/logo-Panper_portal-300x208.jpg 300w\" sizes=\"auto, (max-width: 328px) 100vw, 328px\" \/><\/a><\/figure><\/div>\n\n\n\n<p>Em Goi\u00e2nia, a entrada do casal Bolsonaro na reta final da campanha de Fred Rodrigues (PL), 39 anos, alavancou a chegada do candidato conservador na briga pela lideran\u00e7a do primeiro turno. Rodrigues desbancou a petista Adriana Accorsi e disputar\u00e1 o segundo turno com Sandro Mabel (Uni\u00e3o Brasil), aliado do governador Ronaldo Caiado.<\/p>\n\n\n\n<div class=\"wp-block-image\"><figure class=\"aligncenter size-large is-resized\"><a href=\"https:\/\/www.facebook.com\/vetor.vix\/\"><img loading=\"lazy\" decoding=\"async\" src=\"https:\/\/jornalfatosenoticias.com.br\/wp-content\/uploads\/2023\/09\/vetorvix1024_1.jpg\" alt=\"\" class=\"wp-image-44868\" width=\"539\" height=\"143\" srcset=\"https:\/\/jornalfatosenoticias.com.br\/wp-content\/uploads\/2023\/09\/vetorvix1024_1.jpg 1024w, https:\/\/jornalfatosenoticias.com.br\/wp-content\/uploads\/2023\/09\/vetorvix1024_1-300x80.jpg 300w, https:\/\/jornalfatosenoticias.com.br\/wp-content\/uploads\/2023\/09\/vetorvix1024_1-768x205.jpg 768w\" sizes=\"auto, (max-width: 539px) 100vw, 539px\" \/><\/a><\/figure><\/div>\n\n\n\n<p>J\u00e1 em Macei\u00f3, o prefeito Jo\u00e3o Henrique Caldas (PL), 37 anos, o JHC, confirmou o favoritismo e foi reeleito com a expressiva vota\u00e7\u00e3o de 83,25% do eleitorado. Aliado de Arthur Lira (PP), ele pode deixar a prefeitura da capital do Alagoas para disputar o governo estadual nas pr\u00f3ximas elei\u00e7\u00f5es.<\/p>\n\n\n\n<div class=\"wp-block-image\"><figure class=\"aligncenter size-large\"><a href=\"https:\/\/www.instagram.com\/esteiochurrascaria\/\"><img decoding=\"async\" src=\"https:\/\/jornalfatosenoticias.com.br\/wp-content\/uploads\/2020\/02\/logo_esteio.jpg\" alt=\"\" class=\"wp-image-1214\"\/><\/a><\/figure><\/div>\n\n\n\n<blockquote class=\"wp-block-quote is-layout-flow wp-block-quote-is-layout-flow\"><p><span class=\"has-inline-color has-luminous-vivid-orange-color\">Desde o fim do governo Dilma, a direita soube se renovar, se reestruturar e promover novos pol\u00edticos com for\u00e7a eleitoral nos pleitos municipais pelo Brasil. S\u00e3o mais de cinco mil cidades com seus prefeitos e vereadores, isso significa uma base muito importante para elei\u00e7\u00f5es gerais em 2026\u201d, ressalta o professor Cerqueira.<\/span><\/p><\/blockquote>\n\n\n\n<div class=\"wp-block-image\"><figure class=\"aligncenter size-large is-resized\"><a href=\"https:\/\/hotelmarquetti.com.br\/\"><img loading=\"lazy\" decoding=\"async\" src=\"https:\/\/jornalfatosenoticias.com.br\/wp-content\/uploads\/2023\/03\/nova-logo-Marquetti.jpg\" alt=\"\" class=\"wp-image-40207\" width=\"343\" height=\"230\" srcset=\"https:\/\/jornalfatosenoticias.com.br\/wp-content\/uploads\/2023\/03\/nova-logo-Marquetti.jpg 643w, https:\/\/jornalfatosenoticias.com.br\/wp-content\/uploads\/2023\/03\/nova-logo-Marquetti-300x202.jpg 300w\" sizes=\"auto, (max-width: 343px) 100vw, 343px\" \/><\/a><\/figure><\/div>\n\n\n\n<p>Na avalia\u00e7\u00e3o do professor de administra\u00e7\u00e3o p\u00fablica e pesquisador em educa\u00e7\u00e3o pol\u00edtica Daniel Pinheiro, a direita apresentou nas elei\u00e7\u00f5es um rol de candidatos que representam a renova\u00e7\u00e3o pol\u00edtica no Brasil muito maior do que a esquerda, sendo que o principal nome ligado a Lula \u00e9 o de Jo\u00e3o Campos, prefeito reeleito em Recife (PE) pelo PSB \u2014 partido do vice-presidente Geraldo Alckmin, sigla considerada de centro-esquerda, mais moderada no espectro pol\u00edtico do que o PT e Psol.<\/p>\n\n\n\n<div class=\"wp-block-image\"><figure class=\"aligncenter size-large\"><a href=\"https:\/\/cesconetto.com.br\/\"><img loading=\"lazy\" decoding=\"async\" width=\"300\" height=\"250\" src=\"https:\/\/jornalfatosenoticias.com.br\/wp-content\/uploads\/2020\/02\/Banner-2.png\" alt=\"\" class=\"wp-image-43787\"\/><\/a><\/figure><\/div>\n\n\n\n<blockquote class=\"wp-block-quote is-layout-flow wp-block-quote-is-layout-flow\"><p><span class=\"has-inline-color has-luminous-vivid-orange-color\">S\u00e3o poucos os exemplos que temos \u00e0 esquerda no rol de frescor pol\u00edtico e renova\u00e7\u00e3o. O resultado nacional \u00e9 de uma direita que se posiciona muito bem, enquanto a esquerda se posicionou muito mal neste sentido\u201d.<\/span><\/p><\/blockquote>\n\n\n\n<div class=\"wp-block-image\"><figure class=\"aligncenter size-large is-resized\"><a href=\"https:\/\/www.instagram.com\/restaurantepegoretti\/\"><img loading=\"lazy\" decoding=\"async\" src=\"https:\/\/jornalfatosenoticias.com.br\/wp-content\/uploads\/2023\/12\/pegoretti-logo-pdf-1024x389.jpg\" alt=\"\" class=\"wp-image-47536\" width=\"448\" height=\"170\" srcset=\"https:\/\/jornalfatosenoticias.com.br\/wp-content\/uploads\/2023\/12\/pegoretti-logo-pdf-1024x389.jpg 1024w, https:\/\/jornalfatosenoticias.com.br\/wp-content\/uploads\/2023\/12\/pegoretti-logo-pdf-300x114.jpg 300w, https:\/\/jornalfatosenoticias.com.br\/wp-content\/uploads\/2023\/12\/pegoretti-logo-pdf-768x291.jpg 768w, https:\/\/jornalfatosenoticias.com.br\/wp-content\/uploads\/2023\/12\/pegoretti-logo-pdf.jpg 1120w\" sizes=\"auto, (max-width: 448px) 100vw, 448px\" \/><\/a><\/figure><\/div>\n\n\n\n<p><strong><span class=\"has-inline-color has-black-color\">Graeml e Mar\u00e7al: elei\u00e7\u00f5es mostram espa\u00e7o para nova direita nos estados e no Brasil<br><\/span><\/strong>O cientista pol\u00edtico e professor da Insper Leandro Consentino analisou os desempenhos dos candidatos de direita Cristina Graeml e Pablo Mar\u00e7al nas elei\u00e7\u00f5es. Jornalista conservadora, Graeml conseguiu atrair o eleitor identificado com as pautas defendidas por Bolsonaro e teve o \u201capoio informal\u201d do ex-presidente, apesar da alian\u00e7a entre o PL e o PSD de Ratinho J\u00fanior, que lan\u00e7ou o vice-prefeito Eduardo Pimentel como candidato \u00e0 prefeitura de Curitiba.\u00a0<\/p>\n\n\n\n<div class=\"wp-block-image\"><figure class=\"aligncenter size-large is-resized\"><a href=\"https:\/\/www.instagram.com\/vmais.midias\/\"><img loading=\"lazy\" decoding=\"async\" src=\"https:\/\/jornalfatosenoticias.com.br\/wp-content\/uploads\/2020\/02\/DE-MAIS-DESTAQUE-VMAIS-800X700.png\" alt=\"\" class=\"wp-image-53112\" width=\"307\" height=\"268\" srcset=\"https:\/\/jornalfatosenoticias.com.br\/wp-content\/uploads\/2020\/02\/DE-MAIS-DESTAQUE-VMAIS-800X700.png 800w, https:\/\/jornalfatosenoticias.com.br\/wp-content\/uploads\/2020\/02\/DE-MAIS-DESTAQUE-VMAIS-800X700-300x263.png 300w, https:\/\/jornalfatosenoticias.com.br\/wp-content\/uploads\/2020\/02\/DE-MAIS-DESTAQUE-VMAIS-800X700-768x672.png 768w\" sizes=\"auto, (max-width: 307px) 100vw, 307px\" \/><\/a><\/figure><\/div>\n\n\n\n<p>Mesmo com a diferen\u00e7a de perfis entre Mar\u00e7al e Graeml, Consentino avalia que o segundo turno em Curitiba, al\u00e9m de decidir o pr\u00f3ximo prefeito da capital, revela a possibilidade da entrada de novos atores na direita paranaense, monopolizada pelo grupo pol\u00edtico sob lideran\u00e7a do governador do estado. <\/p>\n\n\n\n<div class=\"wp-block-image\"><figure class=\"aligncenter size-large is-resized\"><a href=\"https:\/\/www.facebook.com\/postobkr\/?locale=pt_BR\"><img loading=\"lazy\" decoding=\"async\" src=\"https:\/\/jornalfatosenoticias.com.br\/wp-content\/uploads\/2023\/08\/BKR-1024x1021.jpg\" alt=\"\" class=\"wp-image-44494\" width=\"314\" height=\"313\" srcset=\"https:\/\/jornalfatosenoticias.com.br\/wp-content\/uploads\/2023\/08\/BKR-1024x1021.jpg 1024w, https:\/\/jornalfatosenoticias.com.br\/wp-content\/uploads\/2023\/08\/BKR-300x300.jpg 300w, https:\/\/jornalfatosenoticias.com.br\/wp-content\/uploads\/2023\/08\/BKR-150x150.jpg 150w, https:\/\/jornalfatosenoticias.com.br\/wp-content\/uploads\/2023\/08\/BKR-768x766.jpg 768w, https:\/\/jornalfatosenoticias.com.br\/wp-content\/uploads\/2023\/08\/BKR.jpg 1080w\" sizes=\"auto, (max-width: 314px) 100vw, 314px\" \/><\/a><\/figure><\/div>\n\n\n\n<blockquote class=\"wp-block-quote is-layout-flow wp-block-quote-is-layout-flow\"><p><span class=\"has-inline-color has-luminous-vivid-orange-color\">A direita n\u00e3o tem um dono s\u00f3. Esse \u00e9 um recado nacional, mas que vale para os estados. O governador Tarc\u00edsio de Freitas imaginava que tinha o poder de decidir a disputa em S\u00e3o Paulo. Ele teve a vit\u00f3ria, mas muito menor. Ent\u00e3o, o mesmo recado que vale para o estado de S\u00e3o Paulo, vale para o Paran\u00e1 tamb\u00e9m\u201d, afirma.<\/span><\/p><\/blockquote>\n\n\n\n<div class=\"wp-block-image\"><figure class=\"aligncenter size-large is-resized\"><a href=\"https:\/\/www.instagram.com\/ligadossaborespizzaria\/\"><img loading=\"lazy\" decoding=\"async\" src=\"https:\/\/jornalfatosenoticias.com.br\/wp-content\/uploads\/2020\/02\/WhatsApp-Image-2024-10-02-at-08.18.14-819x1024.jpeg\" alt=\"\" class=\"wp-image-54612\" width=\"294\" height=\"368\" srcset=\"https:\/\/jornalfatosenoticias.com.br\/wp-content\/uploads\/2020\/02\/WhatsApp-Image-2024-10-02-at-08.18.14-819x1024.jpeg 819w, https:\/\/jornalfatosenoticias.com.br\/wp-content\/uploads\/2020\/02\/WhatsApp-Image-2024-10-02-at-08.18.14-240x300.jpeg 240w, https:\/\/jornalfatosenoticias.com.br\/wp-content\/uploads\/2020\/02\/WhatsApp-Image-2024-10-02-at-08.18.14-768x960.jpeg 768w, https:\/\/jornalfatosenoticias.com.br\/wp-content\/uploads\/2020\/02\/WhatsApp-Image-2024-10-02-at-08.18.14.jpeg 1024w\" sizes=\"auto, (max-width: 294px) 100vw, 294px\" \/><\/a><\/figure><\/div>\n\n\n\n<p>Assim, os candidatos identificados como conservadores mostraram uma capacidade maior de dialogar com o eleitorado de direita do que os concorrentes de partidos de centro, mesmo com o apoio formal do PL. <\/p>\n\n\n\n<blockquote class=\"wp-block-quote is-layout-flow wp-block-quote-is-layout-flow\"><p><span class=\"has-inline-color has-luminous-vivid-orange-color\">O Mar\u00e7al n\u00e3o virou o candidato do Bolsonaro, pois n\u00e3o teve a b\u00ean\u00e7\u00e3o dele, mas, ao mesmo tempo, o ex-presidente n\u00e3o se engajou na campanha do Nunes como poderia. Isso possibilita um \u2018candidato ou candidata informal\u2019 de Bolsonaro\u201d, disse Consentino, ao comparar as candidaturas de Mar\u00e7al e Graeml.<\/span><\/p><\/blockquote>\n\n\n\n<div class=\"wp-block-image\"><figure class=\"aligncenter size-large is-resized\"><a href=\"https:\/\/www.ithbrasil.com.br\/\"><img loading=\"lazy\" decoding=\"async\" src=\"https:\/\/jornalfatosenoticias.com.br\/wp-content\/uploads\/2023\/08\/ITH.jpeg\" alt=\"\" class=\"wp-image-44638\" width=\"293\" height=\"238\" srcset=\"https:\/\/jornalfatosenoticias.com.br\/wp-content\/uploads\/2023\/08\/ITH.jpeg 800w, https:\/\/jornalfatosenoticias.com.br\/wp-content\/uploads\/2023\/08\/ITH-300x244.jpeg 300w, https:\/\/jornalfatosenoticias.com.br\/wp-content\/uploads\/2023\/08\/ITH-768x624.jpeg 768w\" sizes=\"auto, (max-width: 293px) 100vw, 293px\" \/><\/a><\/figure><\/div>\n\n\n\n<p>Mesmo sem chegar ao segundo turno, na avalia\u00e7\u00e3o do cientista pol\u00edtico Marcelo Cerqueira, Mar\u00e7al deixa a elei\u00e7\u00e3o com capital pol\u00edtico ao se tornar uma figura nacional. <\/p>\n\n\n\n<blockquote class=\"wp-block-quote is-layout-flow wp-block-quote-is-layout-flow\"><p><span class=\"has-inline-color has-luminous-vivid-orange-color\">Ele conseguiu nacionalizar uma disputa que \u00e9 local. Mas precisa ficar alerta pela reatividade demonstrada nas redes sociais, que levanta o candidato, mas tamb\u00e9m gera muita rejei\u00e7\u00e3o. Se usar isso de uma forma mais equilibrada, pode encontrar a f\u00f3rmula para se viabilizar para uma candidatura ao Senado ou at\u00e9 \u00e0 presid\u00eancia\u201d, projetou Cerqueira.<\/span><\/p><\/blockquote>\n\n\n\n<p><strong><em>Fonte: <a href=\"https:\/\/www.gazetadopovo.com.br\/eleicoes\/2024\/eleicoes-municipais-indicam-ascensao-novas-liderancas-direita-brasil\/?ref=foi-manchete\">Gazeta do Povo<\/a><\/em><\/strong><\/p>\n","protected":false},"excerpt":{"rendered":"<p>Deputado estadual de 27 anos, Bruno Engler disputa o 2\u00ba turno contra o prefeito de Belo Horizonte Por Rafael Fantin A renova\u00e7\u00e3o de candidatos de direita nas elei\u00e7\u00f5es de 2024 pelo Brasil colocou novos nomes na disputa pelo segundo turno nas capitais, o que pode resultar na oxigena\u00e7\u00e3o de lideran\u00e7as conservadoras e no protagonismo dos [&hellip;]<\/p>\n","protected":false},"author":2,"featured_media":54823,"comment_status":"open","ping_status":"open","sticky":false,"template":"","format":"standard","meta":{"footnotes":""},"categories":[10],"tags":[10561,24985,3585,24982,1039,21964,24984,1795,24983,7580,19251,24393,305,19192],"class_list":["post-54822","post","type-post","status-publish","format-standard","has-post-thumbnail","hentry","category-politica","tag-belo-horizonte","tag-cristina-graeml","tag-curitiba","tag-eduardo-pimentel","tag-eleicoes","tag-eleicoes-2024","tag-fred-rodrigues","tag-jair-bolsonaro","tag-joao-henrique-campos","tag-lula","tag-michelle-bolsonaro","tag-pablo-marcal","tag-sao-paulo","tag-tarcisio-de-freitas"],"yoast_head":"<!-- This site is optimized with the Yoast SEO plugin v26.5 - https:\/\/yoast.com\/wordpress\/plugins\/seo\/ -->\n<title>Elei\u00e7\u00f5es municipais indicam ascens\u00e3o de novas lideran\u00e7as da direita no Brasil - Jornal Fatos e Not\u00edcias<\/title>\n<meta name=\"robots\" content=\"index, follow, max-snippet:-1, max-image-preview:large, max-video-preview:-1\" \/>\n<link rel=\"canonical\" href=\"https:\/\/jornalfatosenoticias.com.br\/index.php\/2024\/10\/09\/eleicoes-municipais-indicam-ascensao-de-novas-liderancas-da-direita-no-brasil\/\" \/>\n<meta property=\"og:locale\" content=\"pt_BR\" \/>\n<meta property=\"og:type\" content=\"article\" \/>\n<meta property=\"og:title\" content=\"Elei\u00e7\u00f5es municipais indicam ascens\u00e3o de novas lideran\u00e7as da direita no Brasil - Jornal Fatos e Not\u00edcias\" \/>\n<meta property=\"og:description\" content=\"Deputado estadual de 27 anos, Bruno Engler disputa o 2\u00ba turno contra o prefeito de Belo Horizonte Por Rafael Fantin A renova\u00e7\u00e3o de candidatos de direita nas elei\u00e7\u00f5es de 2024 pelo Brasil colocou novos nomes na disputa pelo segundo turno nas capitais, o que pode resultar na oxigena\u00e7\u00e3o de lideran\u00e7as conservadoras e no protagonismo dos [&hellip;]\" \/>\n<meta property=\"og:url\" content=\"https:\/\/jornalfatosenoticias.com.br\/index.php\/2024\/10\/09\/eleicoes-municipais-indicam-ascensao-de-novas-liderancas-da-direita-no-brasil\/\" \/>\n<meta property=\"og:site_name\" content=\"Jornal Fatos e Not\u00edcias\" \/>\n<meta property=\"article:published_time\" content=\"2024-10-09T18:55:53+00:00\" \/>\n<meta property=\"article:modified_time\" content=\"2024-10-09T18:55:56+00:00\" \/>\n<meta property=\"og:image\" content=\"https:\/\/jornalfatosenoticias.com.br\/wp-content\/uploads\/2024\/10\/Bolsonaro-Bruno-Engler-960x540-1.jpg\" \/>\n\t<meta property=\"og:image:width\" content=\"960\" \/>\n\t<meta property=\"og:image:height\" content=\"540\" \/>\n\t<meta property=\"og:image:type\" content=\"image\/jpeg\" \/>\n<meta name=\"author\" content=\"Luzimara Fernandes\" \/>\n<meta name=\"twitter:card\" content=\"summary_large_image\" \/>\n<meta name=\"twitter:label1\" content=\"Escrito por\" \/>\n\t<meta name=\"twitter:data1\" content=\"Luzimara Fernandes\" \/>\n\t<meta name=\"twitter:label2\" content=\"Est. tempo de leitura\" \/>\n\t<meta name=\"twitter:data2\" content=\"6 minutos\" \/>\n<script type=\"application\/ld+json\" class=\"yoast-schema-graph\">{\"@context\":\"https:\/\/schema.org\",\"@graph\":[{\"@type\":\"Article\",\"@id\":\"https:\/\/jornalfatosenoticias.com.br\/index.php\/2024\/10\/09\/eleicoes-municipais-indicam-ascensao-de-novas-liderancas-da-direita-no-brasil\/#article\",\"isPartOf\":{\"@id\":\"https:\/\/jornalfatosenoticias.com.br\/index.php\/2024\/10\/09\/eleicoes-municipais-indicam-ascensao-de-novas-liderancas-da-direita-no-brasil\/\"},\"author\":{\"name\":\"Luzimara Fernandes\",\"@id\":\"https:\/\/jornalfatosenoticias.com.br\/#\/schema\/person\/d63837fa13ac8666eb9e74e0985d6f81\"},\"headline\":\"Elei\u00e7\u00f5es municipais indicam ascens\u00e3o de novas lideran\u00e7as da direita no Brasil\",\"datePublished\":\"2024-10-09T18:55:53+00:00\",\"dateModified\":\"2024-10-09T18:55:56+00:00\",\"mainEntityOfPage\":{\"@id\":\"https:\/\/jornalfatosenoticias.com.br\/index.php\/2024\/10\/09\/eleicoes-municipais-indicam-ascensao-de-novas-liderancas-da-direita-no-brasil\/\"},\"wordCount\":1159,\"commentCount\":0,\"publisher\":{\"@id\":\"https:\/\/jornalfatosenoticias.com.br\/#organization\"},\"image\":{\"@id\":\"https:\/\/jornalfatosenoticias.com.br\/index.php\/2024\/10\/09\/eleicoes-municipais-indicam-ascensao-de-novas-liderancas-da-direita-no-brasil\/#primaryimage\"},\"thumbnailUrl\":\"https:\/\/jornalfatosenoticias.com.br\/wp-content\/uploads\/2024\/10\/Bolsonaro-Bruno-Engler-960x540-1.jpg\",\"keywords\":[\"Belo Horizonte\",\"Cristina Graeml\",\"Curitiba\",\"Eduardo Pimentel\",\"elei\u00e7\u00f5es\",\"elei\u00e7\u00f5es 2024\",\"Fred Rodrigues\",\"Jair Bolsonaro\",\"Jo\u00e3o Henrique Campos\",\"Lula\",\"Michelle Bolsonaro\",\"Pablo Mar\u00e7al\",\"S\u00e3o Paulo\",\"Tarc\u00edsio de Freitas\"],\"articleSection\":[\"Pol\u00edtica\"],\"inLanguage\":\"pt-BR\",\"potentialAction\":[{\"@type\":\"CommentAction\",\"name\":\"Comment\",\"target\":[\"https:\/\/jornalfatosenoticias.com.br\/index.php\/2024\/10\/09\/eleicoes-municipais-indicam-ascensao-de-novas-liderancas-da-direita-no-brasil\/#respond\"]}]},{\"@type\":\"WebPage\",\"@id\":\"https:\/\/jornalfatosenoticias.com.br\/index.php\/2024\/10\/09\/eleicoes-municipais-indicam-ascensao-de-novas-liderancas-da-direita-no-brasil\/\",\"url\":\"https:\/\/jornalfatosenoticias.com.br\/index.php\/2024\/10\/09\/eleicoes-municipais-indicam-ascensao-de-novas-liderancas-da-direita-no-brasil\/\",\"name\":\"Elei\u00e7\u00f5es municipais indicam ascens\u00e3o de novas lideran\u00e7as da direita no Brasil - Jornal Fatos e Not\u00edcias\",\"isPartOf\":{\"@id\":\"https:\/\/jornalfatosenoticias.com.br\/#website\"},\"primaryImageOfPage\":{\"@id\":\"https:\/\/jornalfatosenoticias.com.br\/index.php\/2024\/10\/09\/eleicoes-municipais-indicam-ascensao-de-novas-liderancas-da-direita-no-brasil\/#primaryimage\"},\"image\":{\"@id\":\"https:\/\/jornalfatosenoticias.com.br\/index.php\/2024\/10\/09\/eleicoes-municipais-indicam-ascensao-de-novas-liderancas-da-direita-no-brasil\/#primaryimage\"},\"thumbnailUrl\":\"https:\/\/jornalfatosenoticias.com.br\/wp-content\/uploads\/2024\/10\/Bolsonaro-Bruno-Engler-960x540-1.jpg\",\"datePublished\":\"2024-10-09T18:55:53+00:00\",\"dateModified\":\"2024-10-09T18:55:56+00:00\",\"breadcrumb\":{\"@id\":\"https:\/\/jornalfatosenoticias.com.br\/index.php\/2024\/10\/09\/eleicoes-municipais-indicam-ascensao-de-novas-liderancas-da-direita-no-brasil\/#breadcrumb\"},\"inLanguage\":\"pt-BR\",\"potentialAction\":[{\"@type\":\"ReadAction\",\"target\":[\"https:\/\/jornalfatosenoticias.com.br\/index.php\/2024\/10\/09\/eleicoes-municipais-indicam-ascensao-de-novas-liderancas-da-direita-no-brasil\/\"]}]},{\"@type\":\"ImageObject\",\"inLanguage\":\"pt-BR\",\"@id\":\"https:\/\/jornalfatosenoticias.com.br\/index.php\/2024\/10\/09\/eleicoes-municipais-indicam-ascensao-de-novas-liderancas-da-direita-no-brasil\/#primaryimage\",\"url\":\"https:\/\/jornalfatosenoticias.com.br\/wp-content\/uploads\/2024\/10\/Bolsonaro-Bruno-Engler-960x540-1.jpg\",\"contentUrl\":\"https:\/\/jornalfatosenoticias.com.br\/wp-content\/uploads\/2024\/10\/Bolsonaro-Bruno-Engler-960x540-1.jpg\",\"width\":960,\"height\":540},{\"@type\":\"BreadcrumbList\",\"@id\":\"https:\/\/jornalfatosenoticias.com.br\/index.php\/2024\/10\/09\/eleicoes-municipais-indicam-ascensao-de-novas-liderancas-da-direita-no-brasil\/#breadcrumb\",\"itemListElement\":[{\"@type\":\"ListItem\",\"position\":1,\"name\":\"In\u00edcio\",\"item\":\"https:\/\/jornalfatosenoticias.com.br\/\"},{\"@type\":\"ListItem\",\"position\":2,\"name\":\"Elei\u00e7\u00f5es municipais indicam ascens\u00e3o de novas lideran\u00e7as da direita no Brasil\"}]},{\"@type\":\"WebSite\",\"@id\":\"https:\/\/jornalfatosenoticias.com.br\/#website\",\"url\":\"https:\/\/jornalfatosenoticias.com.br\/\",\"name\":\"Jornal Fatos e Not\u00edcias\",\"description\":\"Not\u00edcias em geral\",\"publisher\":{\"@id\":\"https:\/\/jornalfatosenoticias.com.br\/#organization\"},\"potentialAction\":[{\"@type\":\"SearchAction\",\"target\":{\"@type\":\"EntryPoint\",\"urlTemplate\":\"https:\/\/jornalfatosenoticias.com.br\/?s={search_term_string}\"},\"query-input\":{\"@type\":\"PropertyValueSpecification\",\"valueRequired\":true,\"valueName\":\"search_term_string\"}}],\"inLanguage\":\"pt-BR\"},{\"@type\":\"Organization\",\"@id\":\"https:\/\/jornalfatosenoticias.com.br\/#organization\",\"name\":\"Jornal Fatos e Not\u00edcias\",\"url\":\"https:\/\/jornalfatosenoticias.com.br\/\",\"logo\":{\"@type\":\"ImageObject\",\"inLanguage\":\"pt-BR\",\"@id\":\"https:\/\/jornalfatosenoticias.com.br\/#\/schema\/logo\/image\/\",\"url\":\"https:\/\/jornalfatosenoticias.com.br\/wp-content\/uploads\/2020\/02\/logo120.png\",\"contentUrl\":\"https:\/\/jornalfatosenoticias.com.br\/wp-content\/uploads\/2020\/02\/logo120.png\",\"width\":1227,\"height\":120,\"caption\":\"Jornal Fatos e Not\u00edcias\"},\"image\":{\"@id\":\"https:\/\/jornalfatosenoticias.com.br\/#\/schema\/logo\/image\/\"}},{\"@type\":\"Person\",\"@id\":\"https:\/\/jornalfatosenoticias.com.br\/#\/schema\/person\/d63837fa13ac8666eb9e74e0985d6f81\",\"name\":\"Luzimara Fernandes\",\"image\":{\"@type\":\"ImageObject\",\"inLanguage\":\"pt-BR\",\"@id\":\"https:\/\/jornalfatosenoticias.com.br\/#\/schema\/person\/image\/\",\"url\":\"https:\/\/jornalfatosenoticias.com.br\/wp-content\/uploads\/2025\/05\/EU_portal.jpg\",\"contentUrl\":\"https:\/\/jornalfatosenoticias.com.br\/wp-content\/uploads\/2025\/05\/EU_portal.jpg\",\"caption\":\"Luzimara Fernandes\"},\"description\":\"Jornalista MTB 2358-ES\",\"sameAs\":[\"https:\/\/jornalfatosenoticias.com.br\"],\"url\":\"https:\/\/jornalfatosenoticias.com.br\/index.php\/author\/luzimara\/\"}]}<\/script>\n<!-- \/ Yoast SEO plugin. -->","yoast_head_json":{"title":"Elei\u00e7\u00f5es municipais indicam ascens\u00e3o de novas lideran\u00e7as da direita no Brasil - Jornal Fatos e Not\u00edcias","robots":{"index":"index","follow":"follow","max-snippet":"max-snippet:-1","max-image-preview":"max-image-preview:large","max-video-preview":"max-video-preview:-1"},"canonical":"https:\/\/jornalfatosenoticias.com.br\/index.php\/2024\/10\/09\/eleicoes-municipais-indicam-ascensao-de-novas-liderancas-da-direita-no-brasil\/","og_locale":"pt_BR","og_type":"article","og_title":"Elei\u00e7\u00f5es municipais indicam ascens\u00e3o de novas lideran\u00e7as da direita no Brasil - Jornal Fatos e Not\u00edcias","og_description":"Deputado estadual de 27 anos, Bruno Engler disputa o 2\u00ba turno contra o prefeito de Belo Horizonte Por Rafael Fantin A renova\u00e7\u00e3o de candidatos de direita nas elei\u00e7\u00f5es de 2024 pelo Brasil colocou novos nomes na disputa pelo segundo turno nas capitais, o que pode resultar na oxigena\u00e7\u00e3o de lideran\u00e7as conservadoras e no protagonismo dos [&hellip;]","og_url":"https:\/\/jornalfatosenoticias.com.br\/index.php\/2024\/10\/09\/eleicoes-municipais-indicam-ascensao-de-novas-liderancas-da-direita-no-brasil\/","og_site_name":"Jornal Fatos e Not\u00edcias","article_published_time":"2024-10-09T18:55:53+00:00","article_modified_time":"2024-10-09T18:55:56+00:00","og_image":[{"width":960,"height":540,"url":"https:\/\/jornalfatosenoticias.com.br\/wp-content\/uploads\/2024\/10\/Bolsonaro-Bruno-Engler-960x540-1.jpg","type":"image\/jpeg"}],"author":"Luzimara Fernandes","twitter_card":"summary_large_image","twitter_misc":{"Escrito por":"Luzimara Fernandes","Est. tempo de leitura":"6 minutos"},"schema":{"@context":"https:\/\/schema.org","@graph":[{"@type":"Article","@id":"https:\/\/jornalfatosenoticias.com.br\/index.php\/2024\/10\/09\/eleicoes-municipais-indicam-ascensao-de-novas-liderancas-da-direita-no-brasil\/#article","isPartOf":{"@id":"https:\/\/jornalfatosenoticias.com.br\/index.php\/2024\/10\/09\/eleicoes-municipais-indicam-ascensao-de-novas-liderancas-da-direita-no-brasil\/"},"author":{"name":"Luzimara Fernandes","@id":"https:\/\/jornalfatosenoticias.com.br\/#\/schema\/person\/d63837fa13ac8666eb9e74e0985d6f81"},"headline":"Elei\u00e7\u00f5es municipais indicam ascens\u00e3o de novas lideran\u00e7as da direita no Brasil","datePublished":"2024-10-09T18:55:53+00:00","dateModified":"2024-10-09T18:55:56+00:00","mainEntityOfPage":{"@id":"https:\/\/jornalfatosenoticias.com.br\/index.php\/2024\/10\/09\/eleicoes-municipais-indicam-ascensao-de-novas-liderancas-da-direita-no-brasil\/"},"wordCount":1159,"commentCount":0,"publisher":{"@id":"https:\/\/jornalfatosenoticias.com.br\/#organization"},"image":{"@id":"https:\/\/jornalfatosenoticias.com.br\/index.php\/2024\/10\/09\/eleicoes-municipais-indicam-ascensao-de-novas-liderancas-da-direita-no-brasil\/#primaryimage"},"thumbnailUrl":"https:\/\/jornalfatosenoticias.com.br\/wp-content\/uploads\/2024\/10\/Bolsonaro-Bruno-Engler-960x540-1.jpg","keywords":["Belo Horizonte","Cristina Graeml","Curitiba","Eduardo Pimentel","elei\u00e7\u00f5es","elei\u00e7\u00f5es 2024","Fred Rodrigues","Jair Bolsonaro","Jo\u00e3o Henrique Campos","Lula","Michelle Bolsonaro","Pablo Mar\u00e7al","S\u00e3o Paulo","Tarc\u00edsio de Freitas"],"articleSection":["Pol\u00edtica"],"inLanguage":"pt-BR","potentialAction":[{"@type":"CommentAction","name":"Comment","target":["https:\/\/jornalfatosenoticias.com.br\/index.php\/2024\/10\/09\/eleicoes-municipais-indicam-ascensao-de-novas-liderancas-da-direita-no-brasil\/#respond"]}]},{"@type":"WebPage","@id":"https:\/\/jornalfatosenoticias.com.br\/index.php\/2024\/10\/09\/eleicoes-municipais-indicam-ascensao-de-novas-liderancas-da-direita-no-brasil\/","url":"https:\/\/jornalfatosenoticias.com.br\/index.php\/2024\/10\/09\/eleicoes-municipais-indicam-ascensao-de-novas-liderancas-da-direita-no-brasil\/","name":"Elei\u00e7\u00f5es municipais indicam ascens\u00e3o de novas lideran\u00e7as da direita no Brasil - Jornal Fatos e Not\u00edcias","isPartOf":{"@id":"https:\/\/jornalfatosenoticias.com.br\/#website"},"primaryImageOfPage":{"@id":"https:\/\/jornalfatosenoticias.com.br\/index.php\/2024\/10\/09\/eleicoes-municipais-indicam-ascensao-de-novas-liderancas-da-direita-no-brasil\/#primaryimage"},"image":{"@id":"https:\/\/jornalfatosenoticias.com.br\/index.php\/2024\/10\/09\/eleicoes-municipais-indicam-ascensao-de-novas-liderancas-da-direita-no-brasil\/#primaryimage"},"thumbnailUrl":"https:\/\/jornalfatosenoticias.com.br\/wp-content\/uploads\/2024\/10\/Bolsonaro-Bruno-Engler-960x540-1.jpg","datePublished":"2024-10-09T18:55:53+00:00","dateModified":"2024-10-09T18:55:56+00:00","breadcrumb":{"@id":"https:\/\/jornalfatosenoticias.com.br\/index.php\/2024\/10\/09\/eleicoes-municipais-indicam-ascensao-de-novas-liderancas-da-direita-no-brasil\/#breadcrumb"},"inLanguage":"pt-BR","potentialAction":[{"@type":"ReadAction","target":["https:\/\/jornalfatosenoticias.com.br\/index.php\/2024\/10\/09\/eleicoes-municipais-indicam-ascensao-de-novas-liderancas-da-direita-no-brasil\/"]}]},{"@type":"ImageObject","inLanguage":"pt-BR","@id":"https:\/\/jornalfatosenoticias.com.br\/index.php\/2024\/10\/09\/eleicoes-municipais-indicam-ascensao-de-novas-liderancas-da-direita-no-brasil\/#primaryimage","url":"https:\/\/jornalfatosenoticias.com.br\/wp-content\/uploads\/2024\/10\/Bolsonaro-Bruno-Engler-960x540-1.jpg","contentUrl":"https:\/\/jornalfatosenoticias.com.br\/wp-content\/uploads\/2024\/10\/Bolsonaro-Bruno-Engler-960x540-1.jpg","width":960,"height":540},{"@type":"BreadcrumbList","@id":"https:\/\/jornalfatosenoticias.com.br\/index.php\/2024\/10\/09\/eleicoes-municipais-indicam-ascensao-de-novas-liderancas-da-direita-no-brasil\/#breadcrumb","itemListElement":[{"@type":"ListItem","position":1,"name":"In\u00edcio","item":"https:\/\/jornalfatosenoticias.com.br\/"},{"@type":"ListItem","position":2,"name":"Elei\u00e7\u00f5es municipais indicam ascens\u00e3o de novas lideran\u00e7as da direita no Brasil"}]},{"@type":"WebSite","@id":"https:\/\/jornalfatosenoticias.com.br\/#website","url":"https:\/\/jornalfatosenoticias.com.br\/","name":"Jornal Fatos e Not\u00edcias","description":"Not\u00edcias em geral","publisher":{"@id":"https:\/\/jornalfatosenoticias.com.br\/#organization"},"potentialAction":[{"@type":"SearchAction","target":{"@type":"EntryPoint","urlTemplate":"https:\/\/jornalfatosenoticias.com.br\/?s={search_term_string}"},"query-input":{"@type":"PropertyValueSpecification","valueRequired":true,"valueName":"search_term_string"}}],"inLanguage":"pt-BR"},{"@type":"Organization","@id":"https:\/\/jornalfatosenoticias.com.br\/#organization","name":"Jornal Fatos e Not\u00edcias","url":"https:\/\/jornalfatosenoticias.com.br\/","logo":{"@type":"ImageObject","inLanguage":"pt-BR","@id":"https:\/\/jornalfatosenoticias.com.br\/#\/schema\/logo\/image\/","url":"https:\/\/jornalfatosenoticias.com.br\/wp-content\/uploads\/2020\/02\/logo120.png","contentUrl":"https:\/\/jornalfatosenoticias.com.br\/wp-content\/uploads\/2020\/02\/logo120.png","width":1227,"height":120,"caption":"Jornal Fatos e Not\u00edcias"},"image":{"@id":"https:\/\/jornalfatosenoticias.com.br\/#\/schema\/logo\/image\/"}},{"@type":"Person","@id":"https:\/\/jornalfatosenoticias.com.br\/#\/schema\/person\/d63837fa13ac8666eb9e74e0985d6f81","name":"Luzimara Fernandes","image":{"@type":"ImageObject","inLanguage":"pt-BR","@id":"https:\/\/jornalfatosenoticias.com.br\/#\/schema\/person\/image\/","url":"https:\/\/jornalfatosenoticias.com.br\/wp-content\/uploads\/2025\/05\/EU_portal.jpg","contentUrl":"https:\/\/jornalfatosenoticias.com.br\/wp-content\/uploads\/2025\/05\/EU_portal.jpg","caption":"Luzimara Fernandes"},"description":"Jornalista MTB 2358-ES","sameAs":["https:\/\/jornalfatosenoticias.com.br"],"url":"https:\/\/jornalfatosenoticias.com.br\/index.php\/author\/luzimara\/"}]}},"cc_featured_image_caption":{"caption_text":"(Foto: Divulga\u00e7\u00e3o\/Partido Liberal) ","source_text":"","source_url":""},"jetpack_featured_media_url":"https:\/\/jornalfatosenoticias.com.br\/wp-content\/uploads\/2024\/10\/Bolsonaro-Bruno-Engler-960x540-1.jpg","_links":{"self":[{"href":"https:\/\/jornalfatosenoticias.com.br\/index.php\/wp-json\/wp\/v2\/posts\/54822","targetHints":{"allow":["GET"]}}],"collection":[{"href":"https:\/\/jornalfatosenoticias.com.br\/index.php\/wp-json\/wp\/v2\/posts"}],"about":[{"href":"https:\/\/jornalfatosenoticias.com.br\/index.php\/wp-json\/wp\/v2\/types\/post"}],"author":[{"embeddable":true,"href":"https:\/\/jornalfatosenoticias.com.br\/index.php\/wp-json\/wp\/v2\/users\/2"}],"replies":[{"embeddable":true,"href":"https:\/\/jornalfatosenoticias.com.br\/index.php\/wp-json\/wp\/v2\/comments?post=54822"}],"version-history":[{"count":0,"href":"https:\/\/jornalfatosenoticias.com.br\/index.php\/wp-json\/wp\/v2\/posts\/54822\/revisions"}],"wp:featuredmedia":[{"embeddable":true,"href":"https:\/\/jornalfatosenoticias.com.br\/index.php\/wp-json\/wp\/v2\/media\/54823"}],"wp:attachment":[{"href":"https:\/\/jornalfatosenoticias.com.br\/index.php\/wp-json\/wp\/v2\/media?parent=54822"}],"wp:term":[{"taxonomy":"category","embeddable":true,"href":"https:\/\/jornalfatosenoticias.com.br\/index.php\/wp-json\/wp\/v2\/categories?post=54822"},{"taxonomy":"post_tag","embeddable":true,"href":"https:\/\/jornalfatosenoticias.com.br\/index.php\/wp-json\/wp\/v2\/tags?post=54822"}],"curies":[{"name":"wp","href":"https:\/\/api.w.org\/{rel}","templated":true}]}}