{"id":54912,"date":"2024-10-14T15:29:53","date_gmt":"2024-10-14T18:29:53","guid":{"rendered":"https:\/\/jornalfatosenoticias.com.br\/?p=54912"},"modified":"2024-10-14T15:29:54","modified_gmt":"2024-10-14T18:29:54","slug":"governo-vai-gastar-r-450-milhoes-para-comprar-terras-ao-mst","status":"publish","type":"post","link":"https:\/\/jornalfatosenoticias.com.br\/index.php\/2024\/10\/14\/governo-vai-gastar-r-450-milhoes-para-comprar-terras-ao-mst\/","title":{"rendered":"Governo vai gastar R$ 450 milh\u00f5es para comprar terras ao MST"},"content":{"rendered":"\n<p><em><span class=\"has-inline-color has-black-color\">Dinheiro vai se somar a outros recursos e terras confiscadas pela Uni\u00e3o de grandes devedores<\/span><\/em><\/p>\n\n\n\n<p><span class=\"has-inline-color has-black-color\">Por <strong><a href=\"https:\/\/www.gazetadopovo.com.br\/autor\/guilherme-grandi\/\">Guilherme Grandi<\/a><\/strong><\/span><\/p>\n\n\n\n<div class=\"wp-block-image\"><figure class=\"aligncenter size-large\"><a href=\"https:\/\/mizu.com.br\/\"><img loading=\"lazy\" decoding=\"async\" width=\"729\" height=\"90\" src=\"https:\/\/jornalfatosenoticias.com.br\/wp-content\/uploads\/2020\/02\/Logo_Mizu.png\" alt=\"\" class=\"wp-image-1441\" srcset=\"https:\/\/jornalfatosenoticias.com.br\/wp-content\/uploads\/2020\/02\/Logo_Mizu.png 729w, https:\/\/jornalfatosenoticias.com.br\/wp-content\/uploads\/2020\/02\/Logo_Mizu-300x37.png 300w\" sizes=\"auto, (max-width: 729px) 100vw, 729px\" \/><\/a><\/figure><\/div>\n\n\n\n<p>O governo de Luiz In\u00e1cio Lula da Silva (PT) prev\u00ea gastar R$ 450 milh\u00f5es para comprar terras destinadas \u00e0 reforma agr\u00e1ria, uma exig\u00eancia frequente do Movimento dos Trabalhadores Rurais Sem Terra (MST) que j\u00e1 chegou a criticar fortemente o antigo aliado ao longo do primeiro ano desta terceira gest\u00e3o.<br>A estimativa do ministro Paulo Teixeira, do Desenvolvimento Agr\u00e1rio, faz parte do programa Terra da Gente, lan\u00e7ado em abril dentro de uma iniciativa que Lula apelidou como \u201cprateleira de terras\u201d para que o MST n\u00e3o precisasse mais invadir propriedades particulares. \u201cN\u00f3s vamos chegar a R$ 450 milh\u00f5es at\u00e9 o final do ano nessa prateleira de compra de terras\u201d, disse Teixeira em entrevista \u00e0 Folha de S. Paulo publicada neste domingo (13).<\/p>\n\n\n\n<div class=\"wp-block-image\"><figure class=\"aligncenter size-large\"><a href=\"http:\/\/www.ferrarimaquinas.com.br\/\"><img loading=\"lazy\" decoding=\"async\" width=\"300\" height=\"250\" src=\"https:\/\/jornalfatosenoticias.com.br\/wp-content\/uploads\/2022\/02\/FERRARI_MAQUINAS-E-FERRAMENTAS2.jpg\" alt=\"\" class=\"wp-image-27860\"\/><\/a><\/figure><\/div>\n\n\n\n<p>Deste montante, pelo menos R$ 200 milh\u00f5es j\u00e1 foram usados e o restante ser\u00e1 liberado em breve segundo o ministro. Em abril, durante o lan\u00e7amento do programa, se esperava um valor maior de R$ 520 milh\u00f5es apenas para este ano \u2014 seria suficiente para assentar 73 mil fam\u00edlias, informou o Pal\u00e1cio do Planalto na \u00e9poca.<\/p>\n\n\n\n<div class=\"wp-block-image\"><figure class=\"aligncenter size-large is-resized\"><a href=\"https:\/\/www.legisjuris.com.br\/\"><img loading=\"lazy\" decoding=\"async\" src=\"https:\/\/jornalfatosenoticias.com.br\/wp-content\/uploads\/2024\/09\/Legis-Juris-Consultoria_logo.jpg\" alt=\"\" class=\"wp-image-53915\" width=\"396\" height=\"166\" srcset=\"https:\/\/jornalfatosenoticias.com.br\/wp-content\/uploads\/2024\/09\/Legis-Juris-Consultoria_logo.jpg 969w, https:\/\/jornalfatosenoticias.com.br\/wp-content\/uploads\/2024\/09\/Legis-Juris-Consultoria_logo-300x126.jpg 300w, https:\/\/jornalfatosenoticias.com.br\/wp-content\/uploads\/2024\/09\/Legis-Juris-Consultoria_logo-768x322.jpg 768w\" sizes=\"auto, (max-width: 396px) 100vw, 396px\" \/><\/a><\/figure><\/div>\n\n\n\n<p>Tamb\u00e9m na ocasi\u00e3o do lan\u00e7amento, o governo previa assentar 295 mil fam\u00edlias at\u00e9 2026, que seriam inclu\u00eddas no Programa Nacional de Reforma Agr\u00e1ria, sendo 74 mil assentadas e 221 mil reconhecidas ou regularizadas em lotes de assentamentos existentes.<\/p>\n\n\n\n<div class=\"wp-block-image\"><figure class=\"aligncenter size-large is-resized\"><a href=\"https:\/\/www.controlsystems.com.br\/\"><img loading=\"lazy\" decoding=\"async\" src=\"https:\/\/jornalfatosenoticias.com.br\/wp-content\/uploads\/2020\/02\/CONTROL-CS.jpg\" alt=\"\" class=\"wp-image-44991\" width=\"278\" height=\"333\" srcset=\"https:\/\/jornalfatosenoticias.com.br\/wp-content\/uploads\/2020\/02\/CONTROL-CS.jpg 834w, https:\/\/jornalfatosenoticias.com.br\/wp-content\/uploads\/2020\/02\/CONTROL-CS-250x300.jpg 250w, https:\/\/jornalfatosenoticias.com.br\/wp-content\/uploads\/2020\/02\/CONTROL-CS-768x921.jpg 768w\" sizes=\"auto, (max-width: 278px) 100vw, 278px\" \/><\/a><\/figure><\/div>\n\n\n\n<p>Teixeira afirmou que, al\u00e9m dos R$ 450 milh\u00f5es, o minist\u00e9rio \u201ccavou, cavou e cavou\u201d e achou quase R$ 700 milh\u00f5es em recursos do ano 2000 \u2014 ainda restantes do governo de Fernando Henrique Cardoso (PSDB) \u2014 que se somar\u00e3o a R$ 300 milh\u00f5es em cr\u00e9ditos que aguardam aprova\u00e7\u00e3o do Congresso.<\/p>\n\n\n\n<div class=\"wp-block-image\"><figure class=\"aligncenter size-large is-resized\"><img loading=\"lazy\" decoding=\"async\" src=\"https:\/\/jornalfatosenoticias.com.br\/wp-content\/uploads\/2022\/02\/Precisao-Contabilidade-1024x724.jpg\" alt=\"\" class=\"wp-image-28088\" width=\"344\" height=\"243\"\/><\/figure><\/div>\n\n\n\n<p>Esse montante, que totaliza R$ 1 bilh\u00e3o, ser\u00e1 usado como cr\u00e9dito de instala\u00e7\u00e3o para assentados. H\u00e1, ainda, a possibilidade de se fazer uma adjudica\u00e7\u00e3o de terras, que transferiria im\u00f3veis de grandes devedores \u00e0 Uni\u00e3o. E, ainda, utilizar terras que est\u00e3o em patrim\u00f4nio do Banco do Brasil.<\/p>\n\n\n\n<div class=\"wp-block-image\"><figure class=\"aligncenter size-large is-resized\"><a href=\"https:\/\/www.instagram.com\/vmais.midias\/\"><img loading=\"lazy\" decoding=\"async\" src=\"https:\/\/jornalfatosenoticias.com.br\/wp-content\/uploads\/2020\/02\/DE-MAIS-DESTAQUE-VMAIS-800X700.png\" alt=\"\" class=\"wp-image-53112\" width=\"291\" height=\"254\" srcset=\"https:\/\/jornalfatosenoticias.com.br\/wp-content\/uploads\/2020\/02\/DE-MAIS-DESTAQUE-VMAIS-800X700.png 800w, https:\/\/jornalfatosenoticias.com.br\/wp-content\/uploads\/2020\/02\/DE-MAIS-DESTAQUE-VMAIS-800X700-300x263.png 300w, https:\/\/jornalfatosenoticias.com.br\/wp-content\/uploads\/2020\/02\/DE-MAIS-DESTAQUE-VMAIS-800X700-768x672.png 768w\" sizes=\"auto, (max-width: 291px) 100vw, 291px\" \/><\/a><\/figure><\/div>\n\n\n\n<p>Estas duas iniciativas, no entanto, ainda dependem do Minist\u00e9rio da Fazenda para serem efetivadas. Ainda durante o lan\u00e7amento do programa, o governo afirmou que o Terra da Gente e as novas alternativas de obten\u00e7\u00e3o ampliariam em 877% o n\u00famero de fam\u00edlias assentadas em compara\u00e7\u00e3o ao per\u00edodo de 2017 a 2022.<\/p>\n\n\n\n<p><strong><em>Fonte: <a href=\"https:\/\/www.gazetadopovo.com.br\/republica\/governo-gastar-450-milhoes-comprar-terras-mst\/\">Gazeta do Povo<\/a><\/em><\/strong><\/p>\n","protected":false},"excerpt":{"rendered":"<p>Dinheiro vai se somar a outros recursos e terras confiscadas pela Uni\u00e3o de grandes devedores Por Guilherme Grandi O governo de Luiz In\u00e1cio Lula da Silva (PT) prev\u00ea gastar R$ 450 milh\u00f5es para comprar terras destinadas \u00e0 reforma agr\u00e1ria, uma exig\u00eancia frequente do Movimento dos Trabalhadores Rurais Sem Terra (MST) que j\u00e1 chegou a criticar [&hellip;]<\/p>\n","protected":false},"author":2,"featured_media":54913,"comment_status":"open","ping_status":"open","sticky":false,"template":"","format":"standard","meta":{"footnotes":""},"categories":[5],"tags":[25031,23938,7580,17936,23697],"class_list":["post-54912","post","type-post","status-publish","format-standard","has-post-thumbnail","hentry","category-geral","tag-invasoes-de-terra","tag-invasores-de-terra","tag-lula","tag-mst","tag-paulo-teixeira"],"yoast_head":"<!-- This site is optimized with the Yoast SEO plugin v26.5 - https:\/\/yoast.com\/wordpress\/plugins\/seo\/ -->\n<title>Governo vai gastar R$ 450 milh\u00f5es para comprar terras ao MST - Jornal Fatos e Not\u00edcias<\/title>\n<meta name=\"robots\" content=\"index, follow, max-snippet:-1, max-image-preview:large, max-video-preview:-1\" \/>\n<link rel=\"canonical\" href=\"https:\/\/jornalfatosenoticias.com.br\/index.php\/2024\/10\/14\/governo-vai-gastar-r-450-milhoes-para-comprar-terras-ao-mst\/\" \/>\n<meta property=\"og:locale\" content=\"pt_BR\" \/>\n<meta property=\"og:type\" content=\"article\" \/>\n<meta property=\"og:title\" content=\"Governo vai gastar R$ 450 milh\u00f5es para comprar terras ao MST - Jornal Fatos e Not\u00edcias\" \/>\n<meta property=\"og:description\" content=\"Dinheiro vai se somar a outros recursos e terras confiscadas pela Uni\u00e3o de grandes devedores Por Guilherme Grandi O governo de Luiz In\u00e1cio Lula da Silva (PT) prev\u00ea gastar R$ 450 milh\u00f5es para comprar terras destinadas \u00e0 reforma agr\u00e1ria, uma exig\u00eancia frequente do Movimento dos Trabalhadores Rurais Sem Terra (MST) que j\u00e1 chegou a criticar [&hellip;]\" \/>\n<meta property=\"og:url\" content=\"https:\/\/jornalfatosenoticias.com.br\/index.php\/2024\/10\/14\/governo-vai-gastar-r-450-milhoes-para-comprar-terras-ao-mst\/\" \/>\n<meta property=\"og:site_name\" content=\"Jornal Fatos e Not\u00edcias\" \/>\n<meta property=\"article:published_time\" content=\"2024-10-14T18:29:53+00:00\" \/>\n<meta property=\"article:modified_time\" content=\"2024-10-14T18:29:54+00:00\" \/>\n<meta property=\"og:image\" content=\"https:\/\/jornalfatosenoticias.com.br\/wp-content\/uploads\/2024\/10\/mst-foto-joedson-alves-efe.jpg\" \/>\n\t<meta property=\"og:image:width\" content=\"960\" \/>\n\t<meta property=\"og:image:height\" content=\"540\" \/>\n\t<meta property=\"og:image:type\" content=\"image\/jpeg\" \/>\n<meta name=\"author\" content=\"Luzimara Fernandes\" \/>\n<meta name=\"twitter:card\" content=\"summary_large_image\" \/>\n<meta name=\"twitter:label1\" content=\"Escrito por\" \/>\n\t<meta name=\"twitter:data1\" content=\"Luzimara Fernandes\" \/>\n\t<meta name=\"twitter:label2\" content=\"Est. tempo de leitura\" \/>\n\t<meta name=\"twitter:data2\" content=\"2 minutos\" \/>\n<script type=\"application\/ld+json\" class=\"yoast-schema-graph\">{\"@context\":\"https:\/\/schema.org\",\"@graph\":[{\"@type\":\"Article\",\"@id\":\"https:\/\/jornalfatosenoticias.com.br\/index.php\/2024\/10\/14\/governo-vai-gastar-r-450-milhoes-para-comprar-terras-ao-mst\/#article\",\"isPartOf\":{\"@id\":\"https:\/\/jornalfatosenoticias.com.br\/index.php\/2024\/10\/14\/governo-vai-gastar-r-450-milhoes-para-comprar-terras-ao-mst\/\"},\"author\":{\"name\":\"Luzimara Fernandes\",\"@id\":\"https:\/\/jornalfatosenoticias.com.br\/#\/schema\/person\/d63837fa13ac8666eb9e74e0985d6f81\"},\"headline\":\"Governo vai gastar R$ 450 milh\u00f5es para comprar terras ao MST\",\"datePublished\":\"2024-10-14T18:29:53+00:00\",\"dateModified\":\"2024-10-14T18:29:54+00:00\",\"mainEntityOfPage\":{\"@id\":\"https:\/\/jornalfatosenoticias.com.br\/index.php\/2024\/10\/14\/governo-vai-gastar-r-450-milhoes-para-comprar-terras-ao-mst\/\"},\"wordCount\":413,\"commentCount\":0,\"publisher\":{\"@id\":\"https:\/\/jornalfatosenoticias.com.br\/#organization\"},\"image\":{\"@id\":\"https:\/\/jornalfatosenoticias.com.br\/index.php\/2024\/10\/14\/governo-vai-gastar-r-450-milhoes-para-comprar-terras-ao-mst\/#primaryimage\"},\"thumbnailUrl\":\"https:\/\/jornalfatosenoticias.com.br\/wp-content\/uploads\/2024\/10\/mst-foto-joedson-alves-efe.jpg\",\"keywords\":[\"invas\u00f5es de terra\",\"invasores de terra\",\"Lula\",\"MST\",\"Paulo Teixeira\"],\"articleSection\":[\"Geral\"],\"inLanguage\":\"pt-BR\",\"potentialAction\":[{\"@type\":\"CommentAction\",\"name\":\"Comment\",\"target\":[\"https:\/\/jornalfatosenoticias.com.br\/index.php\/2024\/10\/14\/governo-vai-gastar-r-450-milhoes-para-comprar-terras-ao-mst\/#respond\"]}]},{\"@type\":\"WebPage\",\"@id\":\"https:\/\/jornalfatosenoticias.com.br\/index.php\/2024\/10\/14\/governo-vai-gastar-r-450-milhoes-para-comprar-terras-ao-mst\/\",\"url\":\"https:\/\/jornalfatosenoticias.com.br\/index.php\/2024\/10\/14\/governo-vai-gastar-r-450-milhoes-para-comprar-terras-ao-mst\/\",\"name\":\"Governo vai gastar R$ 450 milh\u00f5es para comprar terras ao MST - Jornal Fatos e Not\u00edcias\",\"isPartOf\":{\"@id\":\"https:\/\/jornalfatosenoticias.com.br\/#website\"},\"primaryImageOfPage\":{\"@id\":\"https:\/\/jornalfatosenoticias.com.br\/index.php\/2024\/10\/14\/governo-vai-gastar-r-450-milhoes-para-comprar-terras-ao-mst\/#primaryimage\"},\"image\":{\"@id\":\"https:\/\/jornalfatosenoticias.com.br\/index.php\/2024\/10\/14\/governo-vai-gastar-r-450-milhoes-para-comprar-terras-ao-mst\/#primaryimage\"},\"thumbnailUrl\":\"https:\/\/jornalfatosenoticias.com.br\/wp-content\/uploads\/2024\/10\/mst-foto-joedson-alves-efe.jpg\",\"datePublished\":\"2024-10-14T18:29:53+00:00\",\"dateModified\":\"2024-10-14T18:29:54+00:00\",\"breadcrumb\":{\"@id\":\"https:\/\/jornalfatosenoticias.com.br\/index.php\/2024\/10\/14\/governo-vai-gastar-r-450-milhoes-para-comprar-terras-ao-mst\/#breadcrumb\"},\"inLanguage\":\"pt-BR\",\"potentialAction\":[{\"@type\":\"ReadAction\",\"target\":[\"https:\/\/jornalfatosenoticias.com.br\/index.php\/2024\/10\/14\/governo-vai-gastar-r-450-milhoes-para-comprar-terras-ao-mst\/\"]}]},{\"@type\":\"ImageObject\",\"inLanguage\":\"pt-BR\",\"@id\":\"https:\/\/jornalfatosenoticias.com.br\/index.php\/2024\/10\/14\/governo-vai-gastar-r-450-milhoes-para-comprar-terras-ao-mst\/#primaryimage\",\"url\":\"https:\/\/jornalfatosenoticias.com.br\/wp-content\/uploads\/2024\/10\/mst-foto-joedson-alves-efe.jpg\",\"contentUrl\":\"https:\/\/jornalfatosenoticias.com.br\/wp-content\/uploads\/2024\/10\/mst-foto-joedson-alves-efe.jpg\",\"width\":960,\"height\":540},{\"@type\":\"BreadcrumbList\",\"@id\":\"https:\/\/jornalfatosenoticias.com.br\/index.php\/2024\/10\/14\/governo-vai-gastar-r-450-milhoes-para-comprar-terras-ao-mst\/#breadcrumb\",\"itemListElement\":[{\"@type\":\"ListItem\",\"position\":1,\"name\":\"In\u00edcio\",\"item\":\"https:\/\/jornalfatosenoticias.com.br\/\"},{\"@type\":\"ListItem\",\"position\":2,\"name\":\"Governo vai gastar R$ 450 milh\u00f5es para comprar terras ao MST\"}]},{\"@type\":\"WebSite\",\"@id\":\"https:\/\/jornalfatosenoticias.com.br\/#website\",\"url\":\"https:\/\/jornalfatosenoticias.com.br\/\",\"name\":\"Jornal Fatos e Not\u00edcias\",\"description\":\"Not\u00edcias em geral\",\"publisher\":{\"@id\":\"https:\/\/jornalfatosenoticias.com.br\/#organization\"},\"potentialAction\":[{\"@type\":\"SearchAction\",\"target\":{\"@type\":\"EntryPoint\",\"urlTemplate\":\"https:\/\/jornalfatosenoticias.com.br\/?s={search_term_string}\"},\"query-input\":{\"@type\":\"PropertyValueSpecification\",\"valueRequired\":true,\"valueName\":\"search_term_string\"}}],\"inLanguage\":\"pt-BR\"},{\"@type\":\"Organization\",\"@id\":\"https:\/\/jornalfatosenoticias.com.br\/#organization\",\"name\":\"Jornal Fatos e Not\u00edcias\",\"url\":\"https:\/\/jornalfatosenoticias.com.br\/\",\"logo\":{\"@type\":\"ImageObject\",\"inLanguage\":\"pt-BR\",\"@id\":\"https:\/\/jornalfatosenoticias.com.br\/#\/schema\/logo\/image\/\",\"url\":\"https:\/\/jornalfatosenoticias.com.br\/wp-content\/uploads\/2020\/02\/logo120.png\",\"contentUrl\":\"https:\/\/jornalfatosenoticias.com.br\/wp-content\/uploads\/2020\/02\/logo120.png\",\"width\":1227,\"height\":120,\"caption\":\"Jornal Fatos e Not\u00edcias\"},\"image\":{\"@id\":\"https:\/\/jornalfatosenoticias.com.br\/#\/schema\/logo\/image\/\"}},{\"@type\":\"Person\",\"@id\":\"https:\/\/jornalfatosenoticias.com.br\/#\/schema\/person\/d63837fa13ac8666eb9e74e0985d6f81\",\"name\":\"Luzimara Fernandes\",\"image\":{\"@type\":\"ImageObject\",\"inLanguage\":\"pt-BR\",\"@id\":\"https:\/\/jornalfatosenoticias.com.br\/#\/schema\/person\/image\/\",\"url\":\"https:\/\/jornalfatosenoticias.com.br\/wp-content\/uploads\/2025\/05\/EU_portal.jpg\",\"contentUrl\":\"https:\/\/jornalfatosenoticias.com.br\/wp-content\/uploads\/2025\/05\/EU_portal.jpg\",\"caption\":\"Luzimara Fernandes\"},\"description\":\"Jornalista MTB 2358-ES\",\"sameAs\":[\"https:\/\/jornalfatosenoticias.com.br\"],\"url\":\"https:\/\/jornalfatosenoticias.com.br\/index.php\/author\/luzimara\/\"}]}<\/script>\n<!-- \/ Yoast SEO plugin. -->","yoast_head_json":{"title":"Governo vai gastar R$ 450 milh\u00f5es para comprar terras ao MST - Jornal Fatos e Not\u00edcias","robots":{"index":"index","follow":"follow","max-snippet":"max-snippet:-1","max-image-preview":"max-image-preview:large","max-video-preview":"max-video-preview:-1"},"canonical":"https:\/\/jornalfatosenoticias.com.br\/index.php\/2024\/10\/14\/governo-vai-gastar-r-450-milhoes-para-comprar-terras-ao-mst\/","og_locale":"pt_BR","og_type":"article","og_title":"Governo vai gastar R$ 450 milh\u00f5es para comprar terras ao MST - Jornal Fatos e Not\u00edcias","og_description":"Dinheiro vai se somar a outros recursos e terras confiscadas pela Uni\u00e3o de grandes devedores Por Guilherme Grandi O governo de Luiz In\u00e1cio Lula da Silva (PT) prev\u00ea gastar R$ 450 milh\u00f5es para comprar terras destinadas \u00e0 reforma agr\u00e1ria, uma exig\u00eancia frequente do Movimento dos Trabalhadores Rurais Sem Terra (MST) que j\u00e1 chegou a criticar [&hellip;]","og_url":"https:\/\/jornalfatosenoticias.com.br\/index.php\/2024\/10\/14\/governo-vai-gastar-r-450-milhoes-para-comprar-terras-ao-mst\/","og_site_name":"Jornal Fatos e Not\u00edcias","article_published_time":"2024-10-14T18:29:53+00:00","article_modified_time":"2024-10-14T18:29:54+00:00","og_image":[{"width":960,"height":540,"url":"https:\/\/jornalfatosenoticias.com.br\/wp-content\/uploads\/2024\/10\/mst-foto-joedson-alves-efe.jpg","type":"image\/jpeg"}],"author":"Luzimara Fernandes","twitter_card":"summary_large_image","twitter_misc":{"Escrito por":"Luzimara Fernandes","Est. tempo de leitura":"2 minutos"},"schema":{"@context":"https:\/\/schema.org","@graph":[{"@type":"Article","@id":"https:\/\/jornalfatosenoticias.com.br\/index.php\/2024\/10\/14\/governo-vai-gastar-r-450-milhoes-para-comprar-terras-ao-mst\/#article","isPartOf":{"@id":"https:\/\/jornalfatosenoticias.com.br\/index.php\/2024\/10\/14\/governo-vai-gastar-r-450-milhoes-para-comprar-terras-ao-mst\/"},"author":{"name":"Luzimara Fernandes","@id":"https:\/\/jornalfatosenoticias.com.br\/#\/schema\/person\/d63837fa13ac8666eb9e74e0985d6f81"},"headline":"Governo vai gastar R$ 450 milh\u00f5es para comprar terras ao MST","datePublished":"2024-10-14T18:29:53+00:00","dateModified":"2024-10-14T18:29:54+00:00","mainEntityOfPage":{"@id":"https:\/\/jornalfatosenoticias.com.br\/index.php\/2024\/10\/14\/governo-vai-gastar-r-450-milhoes-para-comprar-terras-ao-mst\/"},"wordCount":413,"commentCount":0,"publisher":{"@id":"https:\/\/jornalfatosenoticias.com.br\/#organization"},"image":{"@id":"https:\/\/jornalfatosenoticias.com.br\/index.php\/2024\/10\/14\/governo-vai-gastar-r-450-milhoes-para-comprar-terras-ao-mst\/#primaryimage"},"thumbnailUrl":"https:\/\/jornalfatosenoticias.com.br\/wp-content\/uploads\/2024\/10\/mst-foto-joedson-alves-efe.jpg","keywords":["invas\u00f5es de terra","invasores de terra","Lula","MST","Paulo Teixeira"],"articleSection":["Geral"],"inLanguage":"pt-BR","potentialAction":[{"@type":"CommentAction","name":"Comment","target":["https:\/\/jornalfatosenoticias.com.br\/index.php\/2024\/10\/14\/governo-vai-gastar-r-450-milhoes-para-comprar-terras-ao-mst\/#respond"]}]},{"@type":"WebPage","@id":"https:\/\/jornalfatosenoticias.com.br\/index.php\/2024\/10\/14\/governo-vai-gastar-r-450-milhoes-para-comprar-terras-ao-mst\/","url":"https:\/\/jornalfatosenoticias.com.br\/index.php\/2024\/10\/14\/governo-vai-gastar-r-450-milhoes-para-comprar-terras-ao-mst\/","name":"Governo vai gastar R$ 450 milh\u00f5es para comprar terras ao MST - Jornal Fatos e Not\u00edcias","isPartOf":{"@id":"https:\/\/jornalfatosenoticias.com.br\/#website"},"primaryImageOfPage":{"@id":"https:\/\/jornalfatosenoticias.com.br\/index.php\/2024\/10\/14\/governo-vai-gastar-r-450-milhoes-para-comprar-terras-ao-mst\/#primaryimage"},"image":{"@id":"https:\/\/jornalfatosenoticias.com.br\/index.php\/2024\/10\/14\/governo-vai-gastar-r-450-milhoes-para-comprar-terras-ao-mst\/#primaryimage"},"thumbnailUrl":"https:\/\/jornalfatosenoticias.com.br\/wp-content\/uploads\/2024\/10\/mst-foto-joedson-alves-efe.jpg","datePublished":"2024-10-14T18:29:53+00:00","dateModified":"2024-10-14T18:29:54+00:00","breadcrumb":{"@id":"https:\/\/jornalfatosenoticias.com.br\/index.php\/2024\/10\/14\/governo-vai-gastar-r-450-milhoes-para-comprar-terras-ao-mst\/#breadcrumb"},"inLanguage":"pt-BR","potentialAction":[{"@type":"ReadAction","target":["https:\/\/jornalfatosenoticias.com.br\/index.php\/2024\/10\/14\/governo-vai-gastar-r-450-milhoes-para-comprar-terras-ao-mst\/"]}]},{"@type":"ImageObject","inLanguage":"pt-BR","@id":"https:\/\/jornalfatosenoticias.com.br\/index.php\/2024\/10\/14\/governo-vai-gastar-r-450-milhoes-para-comprar-terras-ao-mst\/#primaryimage","url":"https:\/\/jornalfatosenoticias.com.br\/wp-content\/uploads\/2024\/10\/mst-foto-joedson-alves-efe.jpg","contentUrl":"https:\/\/jornalfatosenoticias.com.br\/wp-content\/uploads\/2024\/10\/mst-foto-joedson-alves-efe.jpg","width":960,"height":540},{"@type":"BreadcrumbList","@id":"https:\/\/jornalfatosenoticias.com.br\/index.php\/2024\/10\/14\/governo-vai-gastar-r-450-milhoes-para-comprar-terras-ao-mst\/#breadcrumb","itemListElement":[{"@type":"ListItem","position":1,"name":"In\u00edcio","item":"https:\/\/jornalfatosenoticias.com.br\/"},{"@type":"ListItem","position":2,"name":"Governo vai gastar R$ 450 milh\u00f5es para comprar terras ao MST"}]},{"@type":"WebSite","@id":"https:\/\/jornalfatosenoticias.com.br\/#website","url":"https:\/\/jornalfatosenoticias.com.br\/","name":"Jornal Fatos e Not\u00edcias","description":"Not\u00edcias em geral","publisher":{"@id":"https:\/\/jornalfatosenoticias.com.br\/#organization"},"potentialAction":[{"@type":"SearchAction","target":{"@type":"EntryPoint","urlTemplate":"https:\/\/jornalfatosenoticias.com.br\/?s={search_term_string}"},"query-input":{"@type":"PropertyValueSpecification","valueRequired":true,"valueName":"search_term_string"}}],"inLanguage":"pt-BR"},{"@type":"Organization","@id":"https:\/\/jornalfatosenoticias.com.br\/#organization","name":"Jornal Fatos e Not\u00edcias","url":"https:\/\/jornalfatosenoticias.com.br\/","logo":{"@type":"ImageObject","inLanguage":"pt-BR","@id":"https:\/\/jornalfatosenoticias.com.br\/#\/schema\/logo\/image\/","url":"https:\/\/jornalfatosenoticias.com.br\/wp-content\/uploads\/2020\/02\/logo120.png","contentUrl":"https:\/\/jornalfatosenoticias.com.br\/wp-content\/uploads\/2020\/02\/logo120.png","width":1227,"height":120,"caption":"Jornal Fatos e Not\u00edcias"},"image":{"@id":"https:\/\/jornalfatosenoticias.com.br\/#\/schema\/logo\/image\/"}},{"@type":"Person","@id":"https:\/\/jornalfatosenoticias.com.br\/#\/schema\/person\/d63837fa13ac8666eb9e74e0985d6f81","name":"Luzimara Fernandes","image":{"@type":"ImageObject","inLanguage":"pt-BR","@id":"https:\/\/jornalfatosenoticias.com.br\/#\/schema\/person\/image\/","url":"https:\/\/jornalfatosenoticias.com.br\/wp-content\/uploads\/2025\/05\/EU_portal.jpg","contentUrl":"https:\/\/jornalfatosenoticias.com.br\/wp-content\/uploads\/2025\/05\/EU_portal.jpg","caption":"Luzimara Fernandes"},"description":"Jornalista MTB 2358-ES","sameAs":["https:\/\/jornalfatosenoticias.com.br"],"url":"https:\/\/jornalfatosenoticias.com.br\/index.php\/author\/luzimara\/"}]}},"cc_featured_image_caption":{"caption_text":"(Foto: Gazeta do Povo\/Reprodu\u00e7\u00e3o)","source_text":"","source_url":""},"jetpack_featured_media_url":"https:\/\/jornalfatosenoticias.com.br\/wp-content\/uploads\/2024\/10\/mst-foto-joedson-alves-efe.jpg","_links":{"self":[{"href":"https:\/\/jornalfatosenoticias.com.br\/index.php\/wp-json\/wp\/v2\/posts\/54912","targetHints":{"allow":["GET"]}}],"collection":[{"href":"https:\/\/jornalfatosenoticias.com.br\/index.php\/wp-json\/wp\/v2\/posts"}],"about":[{"href":"https:\/\/jornalfatosenoticias.com.br\/index.php\/wp-json\/wp\/v2\/types\/post"}],"author":[{"embeddable":true,"href":"https:\/\/jornalfatosenoticias.com.br\/index.php\/wp-json\/wp\/v2\/users\/2"}],"replies":[{"embeddable":true,"href":"https:\/\/jornalfatosenoticias.com.br\/index.php\/wp-json\/wp\/v2\/comments?post=54912"}],"version-history":[{"count":0,"href":"https:\/\/jornalfatosenoticias.com.br\/index.php\/wp-json\/wp\/v2\/posts\/54912\/revisions"}],"wp:featuredmedia":[{"embeddable":true,"href":"https:\/\/jornalfatosenoticias.com.br\/index.php\/wp-json\/wp\/v2\/media\/54913"}],"wp:attachment":[{"href":"https:\/\/jornalfatosenoticias.com.br\/index.php\/wp-json\/wp\/v2\/media?parent=54912"}],"wp:term":[{"taxonomy":"category","embeddable":true,"href":"https:\/\/jornalfatosenoticias.com.br\/index.php\/wp-json\/wp\/v2\/categories?post=54912"},{"taxonomy":"post_tag","embeddable":true,"href":"https:\/\/jornalfatosenoticias.com.br\/index.php\/wp-json\/wp\/v2\/tags?post=54912"}],"curies":[{"name":"wp","href":"https:\/\/api.w.org\/{rel}","templated":true}]}}