{"id":54915,"date":"2024-10-14T15:40:38","date_gmt":"2024-10-14T18:40:38","guid":{"rendered":"https:\/\/jornalfatosenoticias.com.br\/?p=54915"},"modified":"2024-10-14T15:40:39","modified_gmt":"2024-10-14T18:40:39","slug":"nayib-bukele-bane-ideologia-de-genero-nas-escolas-e-ordena-demissao-de-professores-que-desobedecerem","status":"publish","type":"post","link":"https:\/\/jornalfatosenoticias.com.br\/index.php\/2024\/10\/14\/nayib-bukele-bane-ideologia-de-genero-nas-escolas-e-ordena-demissao-de-professores-que-desobedecerem\/","title":{"rendered":"Nayib Bukele bane ideologia de g\u00eanero nas escolas e ordena demiss\u00e3o de professores que desobedecerem"},"content":{"rendered":"\n<p><span class=\"has-inline-color has-black-color\">Por <strong><a href=\"https:\/\/paulofigueiredoshow.com\/author\/paulo-figueiredo\/\">Paulo Figueiredo<\/a><\/strong><\/span><\/p>\n\n\n\n<div class=\"wp-block-image\"><figure class=\"aligncenter size-large is-resized\"><a href=\"https:\/\/www.instagram.com\/restaurantepegoretti\/\"><img loading=\"lazy\" decoding=\"async\" src=\"https:\/\/jornalfatosenoticias.com.br\/wp-content\/uploads\/2023\/12\/pegoretti-logo-pdf-1024x389.jpg\" alt=\"\" class=\"wp-image-47536\" width=\"361\" height=\"137\" srcset=\"https:\/\/jornalfatosenoticias.com.br\/wp-content\/uploads\/2023\/12\/pegoretti-logo-pdf-1024x389.jpg 1024w, https:\/\/jornalfatosenoticias.com.br\/wp-content\/uploads\/2023\/12\/pegoretti-logo-pdf-300x114.jpg 300w, https:\/\/jornalfatosenoticias.com.br\/wp-content\/uploads\/2023\/12\/pegoretti-logo-pdf-768x291.jpg 768w, https:\/\/jornalfatosenoticias.com.br\/wp-content\/uploads\/2023\/12\/pegoretti-logo-pdf.jpg 1120w\" sizes=\"auto, (max-width: 361px) 100vw, 361px\" \/><\/a><\/figure><\/div>\n\n\n\n<p>O presidente de El Salvador, Nayib Bukele, tomou uma decis\u00e3o que vai contra a agenda globalista: ele baniu a ideologia de \u201cg\u00eanero\u201d das escolas do pa\u00eds e determinou a demiss\u00e3o de professores que continuarem ensinando o tema nas salas de aula. A medida, implementada neste ano, faz parte de um conjunto de a\u00e7\u00f5es mais amplas que Bukele vem adotando para transformar o sistema educacional e pol\u00edtico de El Salvador, refor\u00e7ando sua postura conservadora em diversas \u00e1reas.<br>Bukele, conhecido por seu estilo de governo centralizador e por a\u00e7\u00f5es ousadas no combate ao crime organizado, agora volta seu foco para a educa\u00e7\u00e3o, buscando proteger as crian\u00e7as e adolescentes da doutrina\u00e7\u00e3o ideol\u00f3gica.<\/p>\n\n\n\n<div class=\"wp-block-image\"><figure class=\"aligncenter size-large is-resized\"><a href=\"https:\/\/www.facebook.com\/postobkr\/?locale=pt_BR\"><img loading=\"lazy\" decoding=\"async\" src=\"https:\/\/jornalfatosenoticias.com.br\/wp-content\/uploads\/2023\/08\/BKR-1024x1021.jpg\" alt=\"\" class=\"wp-image-44494\" width=\"268\" height=\"267\" srcset=\"https:\/\/jornalfatosenoticias.com.br\/wp-content\/uploads\/2023\/08\/BKR-1024x1021.jpg 1024w, https:\/\/jornalfatosenoticias.com.br\/wp-content\/uploads\/2023\/08\/BKR-300x300.jpg 300w, https:\/\/jornalfatosenoticias.com.br\/wp-content\/uploads\/2023\/08\/BKR-150x150.jpg 150w, https:\/\/jornalfatosenoticias.com.br\/wp-content\/uploads\/2023\/08\/BKR-768x766.jpg 768w, https:\/\/jornalfatosenoticias.com.br\/wp-content\/uploads\/2023\/08\/BKR.jpg 1080w\" sizes=\"auto, (max-width: 268px) 100vw, 268px\" \/><\/a><\/figure><\/div>\n\n\n\n<p><strong><span class=\"has-inline-color has-black-color\">A proibi\u00e7\u00e3o e o contexto<br><\/span><\/strong>A decis\u00e3o de Bukele tem como base a rejei\u00e7\u00e3o de uma pauta global progressista, especialmente no que diz respeito \u00e0 educa\u00e7\u00e3o sexual e ao ensino sobre identidade de \u201cg\u00eanero\u201d. Para o presidente salvadorenho, a ideologia de \u201cg\u00eanero\u201d representa uma amea\u00e7a aos valores tradicionais da fam\u00edlia e busca de uma \u201cinf\u00e2ncia saud\u00e1vel\u201d.<\/p>\n\n\n\n<div class=\"wp-block-image\"><figure class=\"aligncenter size-large is-resized\"><a href=\"https:\/\/hotelmarquetti.com.br\/\"><img loading=\"lazy\" decoding=\"async\" src=\"https:\/\/jornalfatosenoticias.com.br\/wp-content\/uploads\/2023\/03\/nova-logo-Marquetti.jpg\" alt=\"\" class=\"wp-image-40207\" width=\"311\" height=\"209\" srcset=\"https:\/\/jornalfatosenoticias.com.br\/wp-content\/uploads\/2023\/03\/nova-logo-Marquetti.jpg 643w, https:\/\/jornalfatosenoticias.com.br\/wp-content\/uploads\/2023\/03\/nova-logo-Marquetti-300x202.jpg 300w\" sizes=\"auto, (max-width: 311px) 100vw, 311px\" \/><\/a><\/figure><\/div>\n\n\n\n<p>A proibi\u00e7\u00e3o abrange todo o sistema p\u00fablico de ensino e atinge tamb\u00e9m as escolas particulares, que s\u00e3o obrigadas a seguir a orienta\u00e7\u00e3o do governo. Al\u00e9m disso, Bukele foi enf\u00e1tico ao determinar que professores que desobedecerem \u00e0 ordem e continuarem abordando a ideologia de g\u00eanero em suas aulas ser\u00e3o imediatamente demitidos. <\/p>\n\n\n\n<div class=\"wp-block-image\"><figure class=\"aligncenter size-large\"><a href=\"https:\/\/www.instagram.com\/esteiochurrascaria\/\"><img decoding=\"async\" src=\"https:\/\/jornalfatosenoticias.com.br\/wp-content\/uploads\/2020\/02\/logo_esteio.jpg\" alt=\"\" class=\"wp-image-1214\"\/><\/a><\/figure><\/div>\n\n\n\n<blockquote class=\"wp-block-quote is-layout-flow wp-block-quote-is-layout-flow\"><p><span class=\"has-inline-color has-luminous-vivid-orange-color\">N\u00e3o permitiremos que nossas crian\u00e7as sejam expostas a esse tipo de ideologia. As escolas s\u00e3o lugares de ensino, n\u00e3o de doutrina\u00e7\u00e3o pol\u00edtica\u201d, afirmou Bukele em um pronunciamento oficial.<\/span><\/p><\/blockquote>\n\n\n\n<div class=\"wp-block-image\"><figure class=\"aligncenter size-large is-resized\"><a href=\"https:\/\/www.instagram.com\/ligadossaborespizzaria\/\"><img loading=\"lazy\" decoding=\"async\" src=\"https:\/\/jornalfatosenoticias.com.br\/wp-content\/uploads\/2024\/09\/WhatsApp-Image-2024-09-14-at-22.46.10-819x1024.jpeg\" alt=\"\" class=\"wp-image-54180\" width=\"293\" height=\"367\" srcset=\"https:\/\/jornalfatosenoticias.com.br\/wp-content\/uploads\/2024\/09\/WhatsApp-Image-2024-09-14-at-22.46.10-819x1024.jpeg 819w, https:\/\/jornalfatosenoticias.com.br\/wp-content\/uploads\/2024\/09\/WhatsApp-Image-2024-09-14-at-22.46.10-240x300.jpeg 240w, https:\/\/jornalfatosenoticias.com.br\/wp-content\/uploads\/2024\/09\/WhatsApp-Image-2024-09-14-at-22.46.10-768x960.jpeg 768w, https:\/\/jornalfatosenoticias.com.br\/wp-content\/uploads\/2024\/09\/WhatsApp-Image-2024-09-14-at-22.46.10.jpeg 1024w\" sizes=\"auto, (max-width: 293px) 100vw, 293px\" \/><\/a><\/figure><\/div>\n\n\n\n<p><strong><span class=\"has-inline-color has-black-color\">Um movimento maior na Am\u00e9rica Latina<br><\/span><\/strong>A decis\u00e3o de Nayib Bukele de banir a ideologia de g\u00eanero nas escolas n\u00e3o \u00e9 um movimento isolado. Diversos pa\u00edses da Am\u00e9rica Latina t\u00eam visto o fortalecimento de l\u00edderes pol\u00edticos que compartilham vis\u00f5es semelhantes sobre o tema. Pa\u00edses como Paraguai e Honduras tamb\u00e9m adotaram pol\u00edticas protetivas em rela\u00e7\u00e3o ao ensino de \u201cg\u00eanero\u201d nas escolas, refletindo uma crescente tend\u00eancia conservadora em partes do continente.<\/p>\n\n\n\n<div class=\"wp-block-image\"><figure class=\"aligncenter size-large is-resized\"><a href=\"https:\/\/www.instagram.com\/serra4x4cambioautomatico\/\"><img loading=\"lazy\" decoding=\"async\" src=\"https:\/\/jornalfatosenoticias.com.br\/wp-content\/uploads\/2024\/08\/Serra-4x4-1-886x1024.jpg\" alt=\"\" class=\"wp-image-53632\" width=\"307\" height=\"355\" srcset=\"https:\/\/jornalfatosenoticias.com.br\/wp-content\/uploads\/2024\/08\/Serra-4x4-1-886x1024.jpg 886w, https:\/\/jornalfatosenoticias.com.br\/wp-content\/uploads\/2024\/08\/Serra-4x4-1-260x300.jpg 260w, https:\/\/jornalfatosenoticias.com.br\/wp-content\/uploads\/2024\/08\/Serra-4x4-1-768x888.jpg 768w, https:\/\/jornalfatosenoticias.com.br\/wp-content\/uploads\/2024\/08\/Serra-4x4-1.jpg 1181w\" sizes=\"auto, (max-width: 307px) 100vw, 307px\" \/><\/a><\/figure><\/div>\n\n\n\n<p>Com as elei\u00e7\u00f5es se aproximando em v\u00e1rios pa\u00edses da regi\u00e3o, o debate sobre ideologia de \u201cg\u00eanero\u201d nas escolas deve continuar sendo um tema forte. Bukele, que construiu sua imagem como um l\u00edder forte e decidido, pode estar inspirando outros governantes a seguir o mesmo caminho.<\/p>\n\n\n\n<div class=\"wp-block-image\"><figure class=\"aligncenter size-large is-resized\"><a href=\"https:\/\/www.legisjuris.com.br\/\"><img loading=\"lazy\" decoding=\"async\" src=\"https:\/\/jornalfatosenoticias.com.br\/wp-content\/uploads\/2024\/09\/Legis-Juris-Consultoria_logo.jpg\" alt=\"\" class=\"wp-image-53915\" width=\"418\" height=\"175\" srcset=\"https:\/\/jornalfatosenoticias.com.br\/wp-content\/uploads\/2024\/09\/Legis-Juris-Consultoria_logo.jpg 969w, https:\/\/jornalfatosenoticias.com.br\/wp-content\/uploads\/2024\/09\/Legis-Juris-Consultoria_logo-300x126.jpg 300w, https:\/\/jornalfatosenoticias.com.br\/wp-content\/uploads\/2024\/09\/Legis-Juris-Consultoria_logo-768x322.jpg 768w\" sizes=\"auto, (max-width: 418px) 100vw, 418px\" \/><\/a><\/figure><\/div>\n\n\n\n<p><strong><em>Fonte: <a href=\"https:\/\/paulofigueiredoshow.com\/nayib-bukele-bane-ideologia-de-genero-nas-escolas-e-ordena-demissao-de-professores-que-desobedecerem\/\">Paulo Figueiredo Show<\/a><\/em><\/strong><\/p>\n","protected":false},"excerpt":{"rendered":"<p>Por Paulo Figueiredo O presidente de El Salvador, Nayib Bukele, tomou uma decis\u00e3o que vai contra a agenda globalista: ele baniu a ideologia de \u201cg\u00eanero\u201d das escolas do pa\u00eds e determinou a demiss\u00e3o de professores que continuarem ensinando o tema nas salas de aula. A medida, implementada neste ano, faz parte de um conjunto de [&hellip;]<\/p>\n","protected":false},"author":2,"featured_media":54916,"comment_status":"open","ping_status":"open","sticky":false,"template":"","format":"standard","meta":{"footnotes":""},"categories":[41],"tags":[25033,20904,22370,25032,20905],"class_list":["post-54915","post","type-post","status-publish","format-standard","has-post-thumbnail","hentry","category-internacional","tag-agenda-globalista","tag-el-salvador","tag-ideologia-de-genero","tag-ideologia-de-genero-nas-escolas","tag-nayib-bukele"],"yoast_head":"<!-- This site is optimized with the Yoast SEO plugin v26.5 - https:\/\/yoast.com\/wordpress\/plugins\/seo\/ -->\n<title>Nayib Bukele bane ideologia de g\u00eanero nas escolas e ordena demiss\u00e3o de professores que desobedecerem - Jornal Fatos e Not\u00edcias<\/title>\n<meta name=\"robots\" content=\"index, follow, max-snippet:-1, max-image-preview:large, max-video-preview:-1\" \/>\n<link rel=\"canonical\" href=\"https:\/\/jornalfatosenoticias.com.br\/index.php\/2024\/10\/14\/nayib-bukele-bane-ideologia-de-genero-nas-escolas-e-ordena-demissao-de-professores-que-desobedecerem\/\" \/>\n<meta property=\"og:locale\" content=\"pt_BR\" \/>\n<meta property=\"og:type\" content=\"article\" \/>\n<meta property=\"og:title\" content=\"Nayib Bukele bane ideologia de g\u00eanero nas escolas e ordena demiss\u00e3o de professores que desobedecerem - Jornal Fatos e Not\u00edcias\" \/>\n<meta property=\"og:description\" content=\"Por Paulo Figueiredo O presidente de El Salvador, Nayib Bukele, tomou uma decis\u00e3o que vai contra a agenda globalista: ele baniu a ideologia de \u201cg\u00eanero\u201d das escolas do pa\u00eds e determinou a demiss\u00e3o de professores que continuarem ensinando o tema nas salas de aula. A medida, implementada neste ano, faz parte de um conjunto de [&hellip;]\" \/>\n<meta property=\"og:url\" content=\"https:\/\/jornalfatosenoticias.com.br\/index.php\/2024\/10\/14\/nayib-bukele-bane-ideologia-de-genero-nas-escolas-e-ordena-demissao-de-professores-que-desobedecerem\/\" \/>\n<meta property=\"og:site_name\" content=\"Jornal Fatos e Not\u00edcias\" \/>\n<meta property=\"article:published_time\" content=\"2024-10-14T18:40:38+00:00\" \/>\n<meta property=\"article:modified_time\" content=\"2024-10-14T18:40:39+00:00\" \/>\n<meta property=\"og:image\" content=\"https:\/\/jornalfatosenoticias.com.br\/wp-content\/uploads\/2024\/10\/Nayib-Bukele_gettyimages.jpg\" \/>\n\t<meta property=\"og:image:width\" content=\"612\" \/>\n\t<meta property=\"og:image:height\" content=\"408\" \/>\n\t<meta property=\"og:image:type\" content=\"image\/jpeg\" \/>\n<meta name=\"author\" content=\"Luzimara Fernandes\" \/>\n<meta name=\"twitter:card\" content=\"summary_large_image\" \/>\n<meta name=\"twitter:label1\" content=\"Escrito por\" \/>\n\t<meta name=\"twitter:data1\" content=\"Luzimara Fernandes\" \/>\n\t<meta name=\"twitter:label2\" content=\"Est. tempo de leitura\" \/>\n\t<meta name=\"twitter:data2\" content=\"2 minutos\" \/>\n<script type=\"application\/ld+json\" class=\"yoast-schema-graph\">{\"@context\":\"https:\/\/schema.org\",\"@graph\":[{\"@type\":\"Article\",\"@id\":\"https:\/\/jornalfatosenoticias.com.br\/index.php\/2024\/10\/14\/nayib-bukele-bane-ideologia-de-genero-nas-escolas-e-ordena-demissao-de-professores-que-desobedecerem\/#article\",\"isPartOf\":{\"@id\":\"https:\/\/jornalfatosenoticias.com.br\/index.php\/2024\/10\/14\/nayib-bukele-bane-ideologia-de-genero-nas-escolas-e-ordena-demissao-de-professores-que-desobedecerem\/\"},\"author\":{\"name\":\"Luzimara Fernandes\",\"@id\":\"https:\/\/jornalfatosenoticias.com.br\/#\/schema\/person\/d63837fa13ac8666eb9e74e0985d6f81\"},\"headline\":\"Nayib Bukele bane ideologia de g\u00eanero nas escolas e ordena demiss\u00e3o de professores que desobedecerem\",\"datePublished\":\"2024-10-14T18:40:38+00:00\",\"dateModified\":\"2024-10-14T18:40:39+00:00\",\"mainEntityOfPage\":{\"@id\":\"https:\/\/jornalfatosenoticias.com.br\/index.php\/2024\/10\/14\/nayib-bukele-bane-ideologia-de-genero-nas-escolas-e-ordena-demissao-de-professores-que-desobedecerem\/\"},\"wordCount\":437,\"commentCount\":0,\"publisher\":{\"@id\":\"https:\/\/jornalfatosenoticias.com.br\/#organization\"},\"image\":{\"@id\":\"https:\/\/jornalfatosenoticias.com.br\/index.php\/2024\/10\/14\/nayib-bukele-bane-ideologia-de-genero-nas-escolas-e-ordena-demissao-de-professores-que-desobedecerem\/#primaryimage\"},\"thumbnailUrl\":\"https:\/\/jornalfatosenoticias.com.br\/wp-content\/uploads\/2024\/10\/Nayib-Bukele_gettyimages.jpg\",\"keywords\":[\"agenda globalista\",\"El Salvador\",\"ideologia de g\u00eanero\",\"ideologia de g\u00eanero nas escolas\",\"Nayib Bukele\"],\"articleSection\":[\"Internacional\"],\"inLanguage\":\"pt-BR\",\"potentialAction\":[{\"@type\":\"CommentAction\",\"name\":\"Comment\",\"target\":[\"https:\/\/jornalfatosenoticias.com.br\/index.php\/2024\/10\/14\/nayib-bukele-bane-ideologia-de-genero-nas-escolas-e-ordena-demissao-de-professores-que-desobedecerem\/#respond\"]}]},{\"@type\":\"WebPage\",\"@id\":\"https:\/\/jornalfatosenoticias.com.br\/index.php\/2024\/10\/14\/nayib-bukele-bane-ideologia-de-genero-nas-escolas-e-ordena-demissao-de-professores-que-desobedecerem\/\",\"url\":\"https:\/\/jornalfatosenoticias.com.br\/index.php\/2024\/10\/14\/nayib-bukele-bane-ideologia-de-genero-nas-escolas-e-ordena-demissao-de-professores-que-desobedecerem\/\",\"name\":\"Nayib Bukele bane ideologia de g\u00eanero nas escolas e ordena demiss\u00e3o de professores que desobedecerem - Jornal Fatos e Not\u00edcias\",\"isPartOf\":{\"@id\":\"https:\/\/jornalfatosenoticias.com.br\/#website\"},\"primaryImageOfPage\":{\"@id\":\"https:\/\/jornalfatosenoticias.com.br\/index.php\/2024\/10\/14\/nayib-bukele-bane-ideologia-de-genero-nas-escolas-e-ordena-demissao-de-professores-que-desobedecerem\/#primaryimage\"},\"image\":{\"@id\":\"https:\/\/jornalfatosenoticias.com.br\/index.php\/2024\/10\/14\/nayib-bukele-bane-ideologia-de-genero-nas-escolas-e-ordena-demissao-de-professores-que-desobedecerem\/#primaryimage\"},\"thumbnailUrl\":\"https:\/\/jornalfatosenoticias.com.br\/wp-content\/uploads\/2024\/10\/Nayib-Bukele_gettyimages.jpg\",\"datePublished\":\"2024-10-14T18:40:38+00:00\",\"dateModified\":\"2024-10-14T18:40:39+00:00\",\"breadcrumb\":{\"@id\":\"https:\/\/jornalfatosenoticias.com.br\/index.php\/2024\/10\/14\/nayib-bukele-bane-ideologia-de-genero-nas-escolas-e-ordena-demissao-de-professores-que-desobedecerem\/#breadcrumb\"},\"inLanguage\":\"pt-BR\",\"potentialAction\":[{\"@type\":\"ReadAction\",\"target\":[\"https:\/\/jornalfatosenoticias.com.br\/index.php\/2024\/10\/14\/nayib-bukele-bane-ideologia-de-genero-nas-escolas-e-ordena-demissao-de-professores-que-desobedecerem\/\"]}]},{\"@type\":\"ImageObject\",\"inLanguage\":\"pt-BR\",\"@id\":\"https:\/\/jornalfatosenoticias.com.br\/index.php\/2024\/10\/14\/nayib-bukele-bane-ideologia-de-genero-nas-escolas-e-ordena-demissao-de-professores-que-desobedecerem\/#primaryimage\",\"url\":\"https:\/\/jornalfatosenoticias.com.br\/wp-content\/uploads\/2024\/10\/Nayib-Bukele_gettyimages.jpg\",\"contentUrl\":\"https:\/\/jornalfatosenoticias.com.br\/wp-content\/uploads\/2024\/10\/Nayib-Bukele_gettyimages.jpg\",\"width\":612,\"height\":408,\"caption\":\"BUENOS AIRES, ARGENTINA - SEPTEMBER 30: President of El Salvador Nayib Bukele waves as he takes part in a wreath-laying ceremony to pay homage to Argentine national hero General Jose de San Martin as part of a visit to Argentina at San Martin square on September 30, 2024 in Buenos Aires, Argentina. (Photo by Tomas Cuesta\/Getty Images)\"},{\"@type\":\"BreadcrumbList\",\"@id\":\"https:\/\/jornalfatosenoticias.com.br\/index.php\/2024\/10\/14\/nayib-bukele-bane-ideologia-de-genero-nas-escolas-e-ordena-demissao-de-professores-que-desobedecerem\/#breadcrumb\",\"itemListElement\":[{\"@type\":\"ListItem\",\"position\":1,\"name\":\"In\u00edcio\",\"item\":\"https:\/\/jornalfatosenoticias.com.br\/\"},{\"@type\":\"ListItem\",\"position\":2,\"name\":\"Nayib Bukele bane ideologia de g\u00eanero nas escolas e ordena demiss\u00e3o de professores que desobedecerem\"}]},{\"@type\":\"WebSite\",\"@id\":\"https:\/\/jornalfatosenoticias.com.br\/#website\",\"url\":\"https:\/\/jornalfatosenoticias.com.br\/\",\"name\":\"Jornal Fatos e Not\u00edcias\",\"description\":\"Not\u00edcias em geral\",\"publisher\":{\"@id\":\"https:\/\/jornalfatosenoticias.com.br\/#organization\"},\"potentialAction\":[{\"@type\":\"SearchAction\",\"target\":{\"@type\":\"EntryPoint\",\"urlTemplate\":\"https:\/\/jornalfatosenoticias.com.br\/?s={search_term_string}\"},\"query-input\":{\"@type\":\"PropertyValueSpecification\",\"valueRequired\":true,\"valueName\":\"search_term_string\"}}],\"inLanguage\":\"pt-BR\"},{\"@type\":\"Organization\",\"@id\":\"https:\/\/jornalfatosenoticias.com.br\/#organization\",\"name\":\"Jornal Fatos e Not\u00edcias\",\"url\":\"https:\/\/jornalfatosenoticias.com.br\/\",\"logo\":{\"@type\":\"ImageObject\",\"inLanguage\":\"pt-BR\",\"@id\":\"https:\/\/jornalfatosenoticias.com.br\/#\/schema\/logo\/image\/\",\"url\":\"https:\/\/jornalfatosenoticias.com.br\/wp-content\/uploads\/2020\/02\/logo120.png\",\"contentUrl\":\"https:\/\/jornalfatosenoticias.com.br\/wp-content\/uploads\/2020\/02\/logo120.png\",\"width\":1227,\"height\":120,\"caption\":\"Jornal Fatos e Not\u00edcias\"},\"image\":{\"@id\":\"https:\/\/jornalfatosenoticias.com.br\/#\/schema\/logo\/image\/\"}},{\"@type\":\"Person\",\"@id\":\"https:\/\/jornalfatosenoticias.com.br\/#\/schema\/person\/d63837fa13ac8666eb9e74e0985d6f81\",\"name\":\"Luzimara Fernandes\",\"image\":{\"@type\":\"ImageObject\",\"inLanguage\":\"pt-BR\",\"@id\":\"https:\/\/jornalfatosenoticias.com.br\/#\/schema\/person\/image\/\",\"url\":\"https:\/\/jornalfatosenoticias.com.br\/wp-content\/uploads\/2025\/05\/EU_portal.jpg\",\"contentUrl\":\"https:\/\/jornalfatosenoticias.com.br\/wp-content\/uploads\/2025\/05\/EU_portal.jpg\",\"caption\":\"Luzimara Fernandes\"},\"description\":\"Jornalista MTB 2358-ES\",\"sameAs\":[\"https:\/\/jornalfatosenoticias.com.br\"],\"url\":\"https:\/\/jornalfatosenoticias.com.br\/index.php\/author\/luzimara\/\"}]}<\/script>\n<!-- \/ Yoast SEO plugin. -->","yoast_head_json":{"title":"Nayib Bukele bane ideologia de g\u00eanero nas escolas e ordena demiss\u00e3o de professores que desobedecerem - Jornal Fatos e Not\u00edcias","robots":{"index":"index","follow":"follow","max-snippet":"max-snippet:-1","max-image-preview":"max-image-preview:large","max-video-preview":"max-video-preview:-1"},"canonical":"https:\/\/jornalfatosenoticias.com.br\/index.php\/2024\/10\/14\/nayib-bukele-bane-ideologia-de-genero-nas-escolas-e-ordena-demissao-de-professores-que-desobedecerem\/","og_locale":"pt_BR","og_type":"article","og_title":"Nayib Bukele bane ideologia de g\u00eanero nas escolas e ordena demiss\u00e3o de professores que desobedecerem - Jornal Fatos e Not\u00edcias","og_description":"Por Paulo Figueiredo O presidente de El Salvador, Nayib Bukele, tomou uma decis\u00e3o que vai contra a agenda globalista: ele baniu a ideologia de \u201cg\u00eanero\u201d das escolas do pa\u00eds e determinou a demiss\u00e3o de professores que continuarem ensinando o tema nas salas de aula. A medida, implementada neste ano, faz parte de um conjunto de [&hellip;]","og_url":"https:\/\/jornalfatosenoticias.com.br\/index.php\/2024\/10\/14\/nayib-bukele-bane-ideologia-de-genero-nas-escolas-e-ordena-demissao-de-professores-que-desobedecerem\/","og_site_name":"Jornal Fatos e Not\u00edcias","article_published_time":"2024-10-14T18:40:38+00:00","article_modified_time":"2024-10-14T18:40:39+00:00","og_image":[{"width":612,"height":408,"url":"https:\/\/jornalfatosenoticias.com.br\/wp-content\/uploads\/2024\/10\/Nayib-Bukele_gettyimages.jpg","type":"image\/jpeg"}],"author":"Luzimara Fernandes","twitter_card":"summary_large_image","twitter_misc":{"Escrito por":"Luzimara Fernandes","Est. tempo de leitura":"2 minutos"},"schema":{"@context":"https:\/\/schema.org","@graph":[{"@type":"Article","@id":"https:\/\/jornalfatosenoticias.com.br\/index.php\/2024\/10\/14\/nayib-bukele-bane-ideologia-de-genero-nas-escolas-e-ordena-demissao-de-professores-que-desobedecerem\/#article","isPartOf":{"@id":"https:\/\/jornalfatosenoticias.com.br\/index.php\/2024\/10\/14\/nayib-bukele-bane-ideologia-de-genero-nas-escolas-e-ordena-demissao-de-professores-que-desobedecerem\/"},"author":{"name":"Luzimara Fernandes","@id":"https:\/\/jornalfatosenoticias.com.br\/#\/schema\/person\/d63837fa13ac8666eb9e74e0985d6f81"},"headline":"Nayib Bukele bane ideologia de g\u00eanero nas escolas e ordena demiss\u00e3o de professores que desobedecerem","datePublished":"2024-10-14T18:40:38+00:00","dateModified":"2024-10-14T18:40:39+00:00","mainEntityOfPage":{"@id":"https:\/\/jornalfatosenoticias.com.br\/index.php\/2024\/10\/14\/nayib-bukele-bane-ideologia-de-genero-nas-escolas-e-ordena-demissao-de-professores-que-desobedecerem\/"},"wordCount":437,"commentCount":0,"publisher":{"@id":"https:\/\/jornalfatosenoticias.com.br\/#organization"},"image":{"@id":"https:\/\/jornalfatosenoticias.com.br\/index.php\/2024\/10\/14\/nayib-bukele-bane-ideologia-de-genero-nas-escolas-e-ordena-demissao-de-professores-que-desobedecerem\/#primaryimage"},"thumbnailUrl":"https:\/\/jornalfatosenoticias.com.br\/wp-content\/uploads\/2024\/10\/Nayib-Bukele_gettyimages.jpg","keywords":["agenda globalista","El Salvador","ideologia de g\u00eanero","ideologia de g\u00eanero nas escolas","Nayib Bukele"],"articleSection":["Internacional"],"inLanguage":"pt-BR","potentialAction":[{"@type":"CommentAction","name":"Comment","target":["https:\/\/jornalfatosenoticias.com.br\/index.php\/2024\/10\/14\/nayib-bukele-bane-ideologia-de-genero-nas-escolas-e-ordena-demissao-de-professores-que-desobedecerem\/#respond"]}]},{"@type":"WebPage","@id":"https:\/\/jornalfatosenoticias.com.br\/index.php\/2024\/10\/14\/nayib-bukele-bane-ideologia-de-genero-nas-escolas-e-ordena-demissao-de-professores-que-desobedecerem\/","url":"https:\/\/jornalfatosenoticias.com.br\/index.php\/2024\/10\/14\/nayib-bukele-bane-ideologia-de-genero-nas-escolas-e-ordena-demissao-de-professores-que-desobedecerem\/","name":"Nayib Bukele bane ideologia de g\u00eanero nas escolas e ordena demiss\u00e3o de professores que desobedecerem - Jornal Fatos e Not\u00edcias","isPartOf":{"@id":"https:\/\/jornalfatosenoticias.com.br\/#website"},"primaryImageOfPage":{"@id":"https:\/\/jornalfatosenoticias.com.br\/index.php\/2024\/10\/14\/nayib-bukele-bane-ideologia-de-genero-nas-escolas-e-ordena-demissao-de-professores-que-desobedecerem\/#primaryimage"},"image":{"@id":"https:\/\/jornalfatosenoticias.com.br\/index.php\/2024\/10\/14\/nayib-bukele-bane-ideologia-de-genero-nas-escolas-e-ordena-demissao-de-professores-que-desobedecerem\/#primaryimage"},"thumbnailUrl":"https:\/\/jornalfatosenoticias.com.br\/wp-content\/uploads\/2024\/10\/Nayib-Bukele_gettyimages.jpg","datePublished":"2024-10-14T18:40:38+00:00","dateModified":"2024-10-14T18:40:39+00:00","breadcrumb":{"@id":"https:\/\/jornalfatosenoticias.com.br\/index.php\/2024\/10\/14\/nayib-bukele-bane-ideologia-de-genero-nas-escolas-e-ordena-demissao-de-professores-que-desobedecerem\/#breadcrumb"},"inLanguage":"pt-BR","potentialAction":[{"@type":"ReadAction","target":["https:\/\/jornalfatosenoticias.com.br\/index.php\/2024\/10\/14\/nayib-bukele-bane-ideologia-de-genero-nas-escolas-e-ordena-demissao-de-professores-que-desobedecerem\/"]}]},{"@type":"ImageObject","inLanguage":"pt-BR","@id":"https:\/\/jornalfatosenoticias.com.br\/index.php\/2024\/10\/14\/nayib-bukele-bane-ideologia-de-genero-nas-escolas-e-ordena-demissao-de-professores-que-desobedecerem\/#primaryimage","url":"https:\/\/jornalfatosenoticias.com.br\/wp-content\/uploads\/2024\/10\/Nayib-Bukele_gettyimages.jpg","contentUrl":"https:\/\/jornalfatosenoticias.com.br\/wp-content\/uploads\/2024\/10\/Nayib-Bukele_gettyimages.jpg","width":612,"height":408,"caption":"BUENOS AIRES, ARGENTINA - SEPTEMBER 30: President of El Salvador Nayib Bukele waves as he takes part in a wreath-laying ceremony to pay homage to Argentine national hero General Jose de San Martin as part of a visit to Argentina at San Martin square on September 30, 2024 in Buenos Aires, Argentina. (Photo by Tomas Cuesta\/Getty Images)"},{"@type":"BreadcrumbList","@id":"https:\/\/jornalfatosenoticias.com.br\/index.php\/2024\/10\/14\/nayib-bukele-bane-ideologia-de-genero-nas-escolas-e-ordena-demissao-de-professores-que-desobedecerem\/#breadcrumb","itemListElement":[{"@type":"ListItem","position":1,"name":"In\u00edcio","item":"https:\/\/jornalfatosenoticias.com.br\/"},{"@type":"ListItem","position":2,"name":"Nayib Bukele bane ideologia de g\u00eanero nas escolas e ordena demiss\u00e3o de professores que desobedecerem"}]},{"@type":"WebSite","@id":"https:\/\/jornalfatosenoticias.com.br\/#website","url":"https:\/\/jornalfatosenoticias.com.br\/","name":"Jornal Fatos e Not\u00edcias","description":"Not\u00edcias em geral","publisher":{"@id":"https:\/\/jornalfatosenoticias.com.br\/#organization"},"potentialAction":[{"@type":"SearchAction","target":{"@type":"EntryPoint","urlTemplate":"https:\/\/jornalfatosenoticias.com.br\/?s={search_term_string}"},"query-input":{"@type":"PropertyValueSpecification","valueRequired":true,"valueName":"search_term_string"}}],"inLanguage":"pt-BR"},{"@type":"Organization","@id":"https:\/\/jornalfatosenoticias.com.br\/#organization","name":"Jornal Fatos e Not\u00edcias","url":"https:\/\/jornalfatosenoticias.com.br\/","logo":{"@type":"ImageObject","inLanguage":"pt-BR","@id":"https:\/\/jornalfatosenoticias.com.br\/#\/schema\/logo\/image\/","url":"https:\/\/jornalfatosenoticias.com.br\/wp-content\/uploads\/2020\/02\/logo120.png","contentUrl":"https:\/\/jornalfatosenoticias.com.br\/wp-content\/uploads\/2020\/02\/logo120.png","width":1227,"height":120,"caption":"Jornal Fatos e Not\u00edcias"},"image":{"@id":"https:\/\/jornalfatosenoticias.com.br\/#\/schema\/logo\/image\/"}},{"@type":"Person","@id":"https:\/\/jornalfatosenoticias.com.br\/#\/schema\/person\/d63837fa13ac8666eb9e74e0985d6f81","name":"Luzimara Fernandes","image":{"@type":"ImageObject","inLanguage":"pt-BR","@id":"https:\/\/jornalfatosenoticias.com.br\/#\/schema\/person\/image\/","url":"https:\/\/jornalfatosenoticias.com.br\/wp-content\/uploads\/2025\/05\/EU_portal.jpg","contentUrl":"https:\/\/jornalfatosenoticias.com.br\/wp-content\/uploads\/2025\/05\/EU_portal.jpg","caption":"Luzimara Fernandes"},"description":"Jornalista MTB 2358-ES","sameAs":["https:\/\/jornalfatosenoticias.com.br"],"url":"https:\/\/jornalfatosenoticias.com.br\/index.php\/author\/luzimara\/"}]}},"cc_featured_image_caption":{"caption_text":"(Foto: Getty Images)","source_text":"","source_url":""},"jetpack_featured_media_url":"https:\/\/jornalfatosenoticias.com.br\/wp-content\/uploads\/2024\/10\/Nayib-Bukele_gettyimages.jpg","_links":{"self":[{"href":"https:\/\/jornalfatosenoticias.com.br\/index.php\/wp-json\/wp\/v2\/posts\/54915","targetHints":{"allow":["GET"]}}],"collection":[{"href":"https:\/\/jornalfatosenoticias.com.br\/index.php\/wp-json\/wp\/v2\/posts"}],"about":[{"href":"https:\/\/jornalfatosenoticias.com.br\/index.php\/wp-json\/wp\/v2\/types\/post"}],"author":[{"embeddable":true,"href":"https:\/\/jornalfatosenoticias.com.br\/index.php\/wp-json\/wp\/v2\/users\/2"}],"replies":[{"embeddable":true,"href":"https:\/\/jornalfatosenoticias.com.br\/index.php\/wp-json\/wp\/v2\/comments?post=54915"}],"version-history":[{"count":0,"href":"https:\/\/jornalfatosenoticias.com.br\/index.php\/wp-json\/wp\/v2\/posts\/54915\/revisions"}],"wp:featuredmedia":[{"embeddable":true,"href":"https:\/\/jornalfatosenoticias.com.br\/index.php\/wp-json\/wp\/v2\/media\/54916"}],"wp:attachment":[{"href":"https:\/\/jornalfatosenoticias.com.br\/index.php\/wp-json\/wp\/v2\/media?parent=54915"}],"wp:term":[{"taxonomy":"category","embeddable":true,"href":"https:\/\/jornalfatosenoticias.com.br\/index.php\/wp-json\/wp\/v2\/categories?post=54915"},{"taxonomy":"post_tag","embeddable":true,"href":"https:\/\/jornalfatosenoticias.com.br\/index.php\/wp-json\/wp\/v2\/tags?post=54915"}],"curies":[{"name":"wp","href":"https:\/\/api.w.org\/{rel}","templated":true}]}}