{"id":54918,"date":"2024-10-14T19:58:41","date_gmt":"2024-10-14T22:58:41","guid":{"rendered":"https:\/\/jornalfatosenoticias.com.br\/?p=54918"},"modified":"2024-10-14T19:58:43","modified_gmt":"2024-10-14T22:58:43","slug":"governo-lula-ongs-e-partidos-de-esquerda-se-unem-no-stf-para-acabar-com-escolas-civico-militares","status":"publish","type":"post","link":"https:\/\/jornalfatosenoticias.com.br\/index.php\/2024\/10\/14\/governo-lula-ongs-e-partidos-de-esquerda-se-unem-no-stf-para-acabar-com-escolas-civico-militares\/","title":{"rendered":"Governo Lula, ONGs e partidos de esquerda se unem no STF para acabar com escolas c\u00edvico-militares"},"content":{"rendered":"\n<p><em><span class=\"has-inline-color has-black-color\">Paran\u00e1 lidera implanta\u00e7\u00e3o de col\u00e9gios c\u00edvico-militares com mais de 300 escolas<\/span><\/em><\/p>\n\n\n\n<p><span class=\"has-inline-color has-black-color\">Por <strong><a href=\"https:\/\/www.gazetadopovo.com.br\/autor\/renan-ramalho\/\">Renan Ramalho<\/a><\/strong><\/span><\/p>\n\n\n\n<div class=\"wp-block-image\"><figure class=\"aligncenter size-large\"><a href=\"https:\/\/mizu.com.br\/\"><img loading=\"lazy\" decoding=\"async\" width=\"729\" height=\"90\" src=\"https:\/\/jornalfatosenoticias.com.br\/wp-content\/uploads\/2020\/02\/Logo_Mizu.png\" alt=\"\" class=\"wp-image-1441\" srcset=\"https:\/\/jornalfatosenoticias.com.br\/wp-content\/uploads\/2020\/02\/Logo_Mizu.png 729w, https:\/\/jornalfatosenoticias.com.br\/wp-content\/uploads\/2020\/02\/Logo_Mizu-300x37.png 300w\" sizes=\"auto, (max-width: 729px) 100vw, 729px\" \/><\/a><\/figure><\/div>\n\n\n\n<p>Quatro processos no Supremo Tribunal Federal (STF) d\u00e3o uma amostra de como a esquerda se articula para defender suas posi\u00e7\u00f5es num tema crucial: a educa\u00e7\u00e3o b\u00e1sica de crian\u00e7as e adolescentes. Tramitam na Corte a\u00e7\u00f5es, apresentadas por PT, Psol, PCdoB e pela Confedera\u00e7\u00e3o Nacional dos Trabalhadores em Educa\u00e7\u00e3o (CNTE) \u2014 que re\u00fane sindicatos de professores \u2014 que buscam derrubar leis do Paran\u00e1, S\u00e3o Paulo e Rio Grande do Sul que institu\u00edram e regulamentaram a implanta\u00e7\u00e3o das escolas c\u00edvico-militares em cada um dos estados.<br>Nesses processos, nada menos que 27 \u00f3rg\u00e3os p\u00fablicos federais, ONGs, associa\u00e7\u00f5es e entidades, incluindo os pr\u00f3prios partidos, se juntaram para atacar o modelo, impulsionado no governo do ex-presidente Jair Bolsonaro (PL), que conquistou popularidade e apoio entre pais de estudantes, e alcan\u00e7ou, nos \u00faltimos anos, a maioria dos estados.<\/p>\n\n\n\n<div class=\"wp-block-image\"><figure class=\"aligncenter size-large\"><a href=\"https:\/\/cesconetto.com.br\/\"><img loading=\"lazy\" decoding=\"async\" width=\"300\" height=\"250\" src=\"https:\/\/jornalfatosenoticias.com.br\/wp-content\/uploads\/2022\/02\/Banner-2.png\" alt=\"\" class=\"wp-image-27877\"\/><\/a><\/figure><\/div>\n\n\n\n<p>Fam\u00edlias, governadores e prefeitos conservadores aderiram em massa \u00e0s escolas c\u00edvico-militares por serem um raro caso de sucesso na educa\u00e7\u00e3o brasileira e aplacarem um dos maiores problemas atuais da educa\u00e7\u00e3o p\u00fablica e diretamente respons\u00e1vel pelos maus resultados no aprendizado: a indisciplina e a viol\u00eancia no ambiente escolar, especialmente em bairros pobres e de periferia das cidades.<\/p>\n\n\n\n<div class=\"wp-block-image\"><figure class=\"aligncenter size-large is-resized\"><a href=\"https:\/\/hotelmarquetti.com.br\/\"><img loading=\"lazy\" decoding=\"async\" src=\"https:\/\/jornalfatosenoticias.com.br\/wp-content\/uploads\/2020\/02\/nova-logo-Marquetti.jpg\" alt=\"\" class=\"wp-image-22331\" width=\"304\" height=\"204\" srcset=\"https:\/\/jornalfatosenoticias.com.br\/wp-content\/uploads\/2020\/02\/nova-logo-Marquetti.jpg 643w, https:\/\/jornalfatosenoticias.com.br\/wp-content\/uploads\/2020\/02\/nova-logo-Marquetti-300x202.jpg 300w\" sizes=\"auto, (max-width: 304px) 100vw, 304px\" \/><\/a><\/figure><\/div>\n\n\n\n<p>O resultado j\u00e1 \u00e9 vis\u00edvel: o Paran\u00e1, que foi pioneiro na amplia\u00e7\u00e3o das escolas c\u00edvico-militares, com uma lei aprovada em 2020, manteve a lideran\u00e7a entre os estados no \u00cdndice de Desenvolvimento da Educa\u00e7\u00e3o B\u00e1sica (Ideb) do ensino m\u00e9dio. Entre as 20 escolas com as maiores notas, incluindo p\u00fablicas e particulares, cinco s\u00e3o col\u00e9gios administrados pela Pol\u00edcia Militar, duas funcionam no modelo c\u00edvico-militar e seis s\u00e3o institui\u00e7\u00f5es com gest\u00e3o federal.<\/p>\n\n\n\n<div class=\"wp-block-image\"><figure class=\"aligncenter size-large is-resized\"><img loading=\"lazy\" decoding=\"async\" src=\"https:\/\/jornalfatosenoticias.com.br\/wp-content\/uploads\/2023\/03\/logo-Panper_portal.jpg\" alt=\"\" class=\"wp-image-40208\" width=\"308\" height=\"213\" srcset=\"https:\/\/jornalfatosenoticias.com.br\/wp-content\/uploads\/2023\/03\/logo-Panper_portal.jpg 400w, https:\/\/jornalfatosenoticias.com.br\/wp-content\/uploads\/2023\/03\/logo-Panper_portal-300x208.jpg 300w\" sizes=\"auto, (max-width: 308px) 100vw, 308px\" \/><\/figure><\/div>\n\n\n\n<p>Apesar do \u00eaxito do modelo, no ano passado, o governo de Luiz In\u00e1cio Lula da Silva (PT) decretou o fim do programa federal implantado por Bolsonaro em 2019 para apoiar a convers\u00e3o de escolas comuns em c\u00edvico-militares. Em rea\u00e7\u00e3o, 19 governadores anunciaram que iriam manter o modelo, com base em leis estaduais.<\/p>\n\n\n\n<div class=\"wp-block-image\"><figure class=\"aligncenter size-large is-resized\"><a href=\"https:\/\/www.facebook.com\/postobkr\/?locale=pt_BR\"><img loading=\"lazy\" decoding=\"async\" src=\"https:\/\/jornalfatosenoticias.com.br\/wp-content\/uploads\/2023\/08\/BKR-1024x1021.jpg\" alt=\"\" class=\"wp-image-44494\" width=\"282\" height=\"281\" srcset=\"https:\/\/jornalfatosenoticias.com.br\/wp-content\/uploads\/2023\/08\/BKR-1024x1021.jpg 1024w, https:\/\/jornalfatosenoticias.com.br\/wp-content\/uploads\/2023\/08\/BKR-300x300.jpg 300w, https:\/\/jornalfatosenoticias.com.br\/wp-content\/uploads\/2023\/08\/BKR-150x150.jpg 150w, https:\/\/jornalfatosenoticias.com.br\/wp-content\/uploads\/2023\/08\/BKR-768x766.jpg 768w, https:\/\/jornalfatosenoticias.com.br\/wp-content\/uploads\/2023\/08\/BKR.jpg 1080w\" sizes=\"auto, (max-width: 282px) 100vw, 282px\" \/><\/a><\/figure><\/div>\n\n\n\n<p>Neste ano, o governador de S\u00e3o Paulo, Tarc\u00edsio de Freitas (Republicanos), prop\u00f4s e aprovou, com amplo apoio na Assembleia Legislativa, a lei que regulamenta o funcionamento das escolas c\u00edvico-militares no estado. O Rio Grande do Sul, do governador Eduardo Leite (PSDB), fez o mesmo. E o Paran\u00e1, governado por Carlos Massa Ratinho J\u00fanior (PSD), atualizou sua lei em 2022.<br>As a\u00e7\u00f5es no STF visam derrubar todas essas leis, que se tornaram modelo no pa\u00eds. Se a Corte considerar o modelo inconstitucional, todos os estados ter\u00e3o que acabar com as escolas c\u00edvico-militares; bastaria que os partidos acionassem o tribunal para derrubar cada uma das leis estaduais.<\/p>\n\n\n\n<div class=\"wp-block-image\"><figure class=\"aligncenter size-large is-resized\"><a href=\"https:\/\/www.instagram.com\/ligadossaborespizzaria\/\"><img loading=\"lazy\" decoding=\"async\" src=\"https:\/\/jornalfatosenoticias.com.br\/wp-content\/uploads\/2024\/09\/WhatsApp-Image-2024-09-14-at-22.46.10-819x1024.jpeg\" alt=\"\" class=\"wp-image-54180\" width=\"265\" height=\"331\" srcset=\"https:\/\/jornalfatosenoticias.com.br\/wp-content\/uploads\/2024\/09\/WhatsApp-Image-2024-09-14-at-22.46.10-819x1024.jpeg 819w, https:\/\/jornalfatosenoticias.com.br\/wp-content\/uploads\/2024\/09\/WhatsApp-Image-2024-09-14-at-22.46.10-240x300.jpeg 240w, https:\/\/jornalfatosenoticias.com.br\/wp-content\/uploads\/2024\/09\/WhatsApp-Image-2024-09-14-at-22.46.10-768x960.jpeg 768w, https:\/\/jornalfatosenoticias.com.br\/wp-content\/uploads\/2024\/09\/WhatsApp-Image-2024-09-14-at-22.46.10.jpeg 1024w\" sizes=\"auto, (max-width: 265px) 100vw, 265px\" \/><\/a><\/figure><\/div>\n\n\n\n<p>Os partidos e ONGs de esquerda receberam apoio do governo Lula, com pareceres da Advocacia-Geral da Uni\u00e3o (AGU) e do Minist\u00e9rio da Educa\u00e7\u00e3o (MEC) recheados de cr\u00edticas e apontamentos de supostas inconstitucionalidades, al\u00e9m de manifesta\u00e7\u00f5es tamb\u00e9m contr\u00e1rias de alas progressistas das Defensorias P\u00fablicas e do Minist\u00e9rio P\u00fablico.<\/p>\n\n\n\n<div class=\"wp-block-image\"><figure class=\"aligncenter size-large is-resized\"><img loading=\"lazy\" decoding=\"async\" src=\"https:\/\/jornalfatosenoticias.com.br\/wp-content\/uploads\/2022\/02\/Precisao-Contabilidade-1024x724.jpg\" alt=\"\" class=\"wp-image-28088\" width=\"315\" height=\"223\"\/><\/figure><\/div>\n\n\n\n<p>Nos processos, os \u00fanicos que se manifestaram a favor das leis, at\u00e9 o momento, foram aqueles que as propuseram e aprovaram: Tarc\u00edsio de Freitas, Ratinho Jr., e as Assembleias Legislativas de S\u00e3o Paulo, do Paran\u00e1 e do Rio Grande do Sul. Da sociedade civil, apenas um advogado se manifestou no STF a favor da lei paulista, rebatendo cada um dos argumentos do PT.<\/p>\n\n\n\n<div class=\"wp-block-image\"><figure class=\"aligncenter size-large is-resized\"><a href=\"https:\/\/www.controlsystems.com.br\/\"><img loading=\"lazy\" decoding=\"async\" src=\"https:\/\/jornalfatosenoticias.com.br\/wp-content\/uploads\/2020\/02\/CONTROL-CS.jpg\" alt=\"\" class=\"wp-image-44991\" width=\"287\" height=\"344\" srcset=\"https:\/\/jornalfatosenoticias.com.br\/wp-content\/uploads\/2020\/02\/CONTROL-CS.jpg 834w, https:\/\/jornalfatosenoticias.com.br\/wp-content\/uploads\/2020\/02\/CONTROL-CS-250x300.jpg 250w, https:\/\/jornalfatosenoticias.com.br\/wp-content\/uploads\/2020\/02\/CONTROL-CS-768x921.jpg 768w\" sizes=\"auto, (max-width: 287px) 100vw, 287px\" \/><\/a><\/figure><\/div>\n\n\n\n<p>A discrep\u00e2ncia na mobiliza\u00e7\u00e3o junto \u00e0 Corte \u2014 27 \u00f3rg\u00e3os e entidades contra e apenas cinco a favor, al\u00e9m de um cidad\u00e3o que se manifestou em defesa das escolas c\u00edvico-militares (veja lista no final desta reportagem) \u2014 e a relev\u00e2ncia do tema motivou o ministro Gilmar Mendes, relator das a\u00e7\u00f5es contra a lei de S\u00e3o Paulo, a convocar uma audi\u00eancia p\u00fablica, para que todos os interessados possam discutir a quest\u00e3o oralmente antes do julgamento no plen\u00e1rio do STF pelos ministros. A data prevista para audi\u00eancia \u00e9 22 de outubro e as inscri\u00e7\u00f5es para participar se encerraram em 4 de outubro.<\/p>\n\n\n\n<div class=\"wp-block-image\"><figure class=\"aligncenter size-large\"><a href=\"https:\/\/www.instagram.com\/esteiochurrascaria\/\"><img decoding=\"async\" src=\"https:\/\/jornalfatosenoticias.com.br\/wp-content\/uploads\/2020\/02\/logo_esteio.jpg\" alt=\"\" class=\"wp-image-1214\"\/><\/a><\/figure><\/div>\n\n\n\n<p>Ao convocar a audi\u00eancia, no in\u00edcio de setembro, o ministro afirmou que o objetivo \u00e9 conhecer melhor a evolu\u00e7\u00e3o das escolas militares e c\u00edvico-militares no Brasil; a distin\u00e7\u00e3o pr\u00e1tica entre escolas militares e escolas c\u00edvico-militares; impactos financeiros e or\u00e7ament\u00e1rios na implementa\u00e7\u00e3o de escolas c\u00edvico-militares; a din\u00e2mica pedag\u00f3gica das escolas convencionais, das militares e das c\u00edvico-militares; e repercuss\u00f5es das escolas c\u00edvico-militares na seguran\u00e7a.<\/p>\n\n\n\n<div class=\"wp-block-image\"><figure class=\"aligncenter size-large\"><a href=\"http:\/\/www.ferrarimaquinas.com.br\/\"><img loading=\"lazy\" decoding=\"async\" width=\"300\" height=\"250\" src=\"https:\/\/jornalfatosenoticias.com.br\/wp-content\/uploads\/2022\/02\/FERRARI_MAQUINAS-E-FERRAMENTAS2.jpg\" alt=\"\" class=\"wp-image-27860\"\/><\/a><\/figure><\/div>\n\n\n\n<p>\u201cA coleta de dados e argumentos tecnicamente qualificados e especializados permitir\u00e1 que esta Corte se debruce com maior seguran\u00e7a sobre os fatos que conformam a aplica\u00e7\u00e3o da norma que cria o programa de escola c\u00edvico-militar, \u00e0 luz dos princ\u00edpios da liberdade de aprendizagem, ensino e pesquisa, do pluralismo de ideias e de concep\u00e7\u00f5es pedag\u00f3gicas, da gest\u00e3o democr\u00e1tica do ensino\u201d, escreveu Gilmar Mendes.<\/p>\n\n\n\n<div class=\"wp-block-image\"><figure class=\"aligncenter size-large is-resized\"><a href=\"https:\/\/www.facebook.com\/vetor.vix\/\"><img loading=\"lazy\" decoding=\"async\" src=\"https:\/\/jornalfatosenoticias.com.br\/wp-content\/uploads\/2023\/09\/vetorvix1024_1.jpg\" alt=\"\" class=\"wp-image-44868\" width=\"494\" height=\"131\" srcset=\"https:\/\/jornalfatosenoticias.com.br\/wp-content\/uploads\/2023\/09\/vetorvix1024_1.jpg 1024w, https:\/\/jornalfatosenoticias.com.br\/wp-content\/uploads\/2023\/09\/vetorvix1024_1-300x80.jpg 300w, https:\/\/jornalfatosenoticias.com.br\/wp-content\/uploads\/2023\/09\/vetorvix1024_1-768x205.jpg 768w\" sizes=\"auto, (max-width: 494px) 100vw, 494px\" \/><\/a><\/figure><\/div>\n\n\n\n<p><strong><span class=\"has-inline-color has-black-color\">O que dizem os que criticam as escolas c\u00edvico-militares<br><\/span><\/strong>Os partidos, ONGs e \u00f3rg\u00e3os p\u00fablicos contr\u00e1rios \u00e0s escolas c\u00edvico-militares dizem que elas promovem uma \u201cmilitariza\u00e7\u00e3o\u201d do ambiente escolar e, com isso, agridem a liberdade dos estudantes para manifestar suas opini\u00f5es e comportamentos. Argumentam que a cultura militar, nos quais impera a hierarquia e a disciplina, mina a \u201cgest\u00e3o democr\u00e1tica\u201d do ensino, e a \u201cvaloriza\u00e7\u00e3o dos profissionais da educa\u00e7\u00e3o\u201d, dois preceitos previstos na Constitui\u00e7\u00e3o.<\/p>\n\n\n\n<div class=\"wp-block-image\"><figure class=\"aligncenter size-large is-resized\"><a href=\"https:\/\/www.instagram.com\/restaurantepegoretti\/\"><img loading=\"lazy\" decoding=\"async\" src=\"https:\/\/jornalfatosenoticias.com.br\/wp-content\/uploads\/2023\/12\/pegoretti-logo-pdf-1024x389.jpg\" alt=\"\" class=\"wp-image-47536\" width=\"427\" height=\"162\" srcset=\"https:\/\/jornalfatosenoticias.com.br\/wp-content\/uploads\/2023\/12\/pegoretti-logo-pdf-1024x389.jpg 1024w, https:\/\/jornalfatosenoticias.com.br\/wp-content\/uploads\/2023\/12\/pegoretti-logo-pdf-300x114.jpg 300w, https:\/\/jornalfatosenoticias.com.br\/wp-content\/uploads\/2023\/12\/pegoretti-logo-pdf-768x291.jpg 768w, https:\/\/jornalfatosenoticias.com.br\/wp-content\/uploads\/2023\/12\/pegoretti-logo-pdf.jpg 1120w\" sizes=\"auto, (max-width: 427px) 100vw, 427px\" \/><\/a><\/figure><\/div>\n\n\n\n<p>A cr\u00edtica da esquerda se d\u00e1 por causa do emprego de policiais aposentados nas fun\u00e7\u00f5es de monitoria das escolas e na seguran\u00e7a interna. As leis estaduais n\u00e3o d\u00e3o a eles cargos de professores, que continuam oriundos de concursos p\u00fablicos realizados pelas secretarias de educa\u00e7\u00e3o. Cabe aos monitores militares executar atividades extracurriculares \u2014 que incluem li\u00e7\u00f5es de \u201cCidadania e Civismo\u201d \u2014 bem como a inclus\u00e3o, na rotina dos estudantes, de prestar contin\u00eancia \u00e0 Bandeira e ao Hino Nacional. Outra insatisfa\u00e7\u00e3o se d\u00e1 em rela\u00e7\u00e3o aos uniformes, mais formais e alinhados, al\u00e9m da proibi\u00e7\u00e3o de cortes de cabelo extravagantes e uso de bon\u00e9s e piercing.<\/p>\n\n\n\n<div class=\"wp-block-image\"><figure class=\"aligncenter size-large is-resized\"><a href=\"https:\/\/www.instagram.com\/vmais.midias\/\"><img loading=\"lazy\" decoding=\"async\" src=\"https:\/\/jornalfatosenoticias.com.br\/wp-content\/uploads\/2020\/02\/DE-MAIS-DESTAQUE-VMAIS-800X700.png\" alt=\"\" class=\"wp-image-53112\" width=\"294\" height=\"257\" srcset=\"https:\/\/jornalfatosenoticias.com.br\/wp-content\/uploads\/2020\/02\/DE-MAIS-DESTAQUE-VMAIS-800X700.png 800w, https:\/\/jornalfatosenoticias.com.br\/wp-content\/uploads\/2020\/02\/DE-MAIS-DESTAQUE-VMAIS-800X700-300x263.png 300w, https:\/\/jornalfatosenoticias.com.br\/wp-content\/uploads\/2020\/02\/DE-MAIS-DESTAQUE-VMAIS-800X700-768x672.png 768w\" sizes=\"auto, (max-width: 294px) 100vw, 294px\" \/><\/a><\/figure><\/div>\n\n\n\n<blockquote class=\"wp-block-quote is-layout-flow wp-block-quote-is-layout-flow\"><p><span class=\"has-inline-color has-luminous-vivid-orange-color\">A educa\u00e7\u00e3o n\u00e3o se torna libertadora, tampouco emancipat\u00f3ria, restringindo-se \u00e0 prolifera\u00e7\u00e3o do medo e da ang\u00fastia. Cria jovens e adolescentes receosos de impor limites a quem lhe incomoda, subservientes a autoridades autocr\u00e1tica [sic], permeados de inseguran\u00e7as e, por vezes, sem reconhecer a si pr\u00f3prio e o potencial de sua personalidade. Nas palavras de Michel Foucault, temos a\u00ed o \u2018corpo d\u00f3cil\u2019\u201d, diz a a\u00e7\u00e3o do PT. \u201cCrian\u00e7as e adolescentes s\u00e3o submetidos ao julgo [sic] da for\u00e7a policial dentro do ambiente escolar, como o policiamento ostensivo feito por esses policiais nas ruas, sem contar com o ambiente opressivo e t\u00f3xico\u201d, diz outro trecho.<\/span><\/p><\/blockquote>\n\n\n\n<div class=\"wp-block-image\"><figure class=\"aligncenter size-large is-resized\"><a href=\"https:\/\/www.ithbrasil.com.br\/\"><img loading=\"lazy\" decoding=\"async\" src=\"https:\/\/jornalfatosenoticias.com.br\/wp-content\/uploads\/2023\/08\/ITH.jpeg\" alt=\"\" class=\"wp-image-44638\" width=\"308\" height=\"250\" srcset=\"https:\/\/jornalfatosenoticias.com.br\/wp-content\/uploads\/2023\/08\/ITH.jpeg 800w, https:\/\/jornalfatosenoticias.com.br\/wp-content\/uploads\/2023\/08\/ITH-300x244.jpeg 300w, https:\/\/jornalfatosenoticias.com.br\/wp-content\/uploads\/2023\/08\/ITH-768x624.jpeg 768w\" sizes=\"auto, (max-width: 308px) 100vw, 308px\" \/><\/a><\/figure><\/div>\n\n\n\n<p>\u201cA educa\u00e7\u00e3o civil deve seguir sendo a base estrutural sobre a qual todo o edif\u00edcio republicano brasileiro se erige, de modo que a altera\u00e7\u00e3o dessa estrutura fundamental pode fazer ruir, caso n\u00e3o combatida, a nossa democracia, na medida em que a militariza\u00e7\u00e3o das escolas p\u00fablicas representa verdadeira ant\u00edtese institucional do esp\u00edrito republicano e democr\u00e1tico que alicer\u00e7ou a Constitui\u00e7\u00e3o Federal de 1988\u201d, afirmou o Psol em suas a\u00e7\u00f5es.<\/p>\n\n\n\n<div class=\"wp-block-image\"><figure class=\"aligncenter size-large is-resized\"><a href=\"https:\/\/www.instagram.com\/serra4x4cambioautomatico\/\"><img loading=\"lazy\" decoding=\"async\" src=\"https:\/\/jornalfatosenoticias.com.br\/wp-content\/uploads\/2024\/08\/Serra-4x4-1-886x1024.jpg\" alt=\"\" class=\"wp-image-53632\" width=\"263\" height=\"304\" srcset=\"https:\/\/jornalfatosenoticias.com.br\/wp-content\/uploads\/2024\/08\/Serra-4x4-1-886x1024.jpg 886w, https:\/\/jornalfatosenoticias.com.br\/wp-content\/uploads\/2024\/08\/Serra-4x4-1-260x300.jpg 260w, https:\/\/jornalfatosenoticias.com.br\/wp-content\/uploads\/2024\/08\/Serra-4x4-1-768x888.jpg 768w, https:\/\/jornalfatosenoticias.com.br\/wp-content\/uploads\/2024\/08\/Serra-4x4-1.jpg 1181w\" sizes=\"auto, (max-width: 263px) 100vw, 263px\" \/><\/a><\/figure><\/div>\n\n\n\n<p>Outra contesta\u00e7\u00e3o \u00e9 de ordem financeira: os partidos e sindicatos de professores dizem que, em S\u00e3o Paulo, os policiais monitores podem receber de gratifica\u00e7\u00e3o, al\u00e9m do sal\u00e1rio de aposentadoria, at\u00e9 R$ 6 mil por m\u00eas, mais do que um professor. O penduricalho \u00e9 pago pela Secretaria de Educa\u00e7\u00e3o, e n\u00e3o pela pasta da Seguran\u00e7a P\u00fablica. Argumenta-se tamb\u00e9m que policiais n\u00e3o t\u00eam, na Lei de Diretrizes e Bases da Educa\u00e7\u00e3o, nem na Constitui\u00e7\u00e3o, qualquer fun\u00e7\u00e3o prevista na educa\u00e7\u00e3o b\u00e1sica comum.<\/p>\n\n\n\n<div class=\"wp-block-image\"><figure class=\"aligncenter size-large is-resized\"><a href=\"https:\/\/www.legisjuris.com.br\/\"><img loading=\"lazy\" decoding=\"async\" src=\"https:\/\/jornalfatosenoticias.com.br\/wp-content\/uploads\/2024\/09\/Legis-Juris-Consultoria_logo.jpg\" alt=\"\" class=\"wp-image-53915\" width=\"387\" height=\"162\" srcset=\"https:\/\/jornalfatosenoticias.com.br\/wp-content\/uploads\/2024\/09\/Legis-Juris-Consultoria_logo.jpg 969w, https:\/\/jornalfatosenoticias.com.br\/wp-content\/uploads\/2024\/09\/Legis-Juris-Consultoria_logo-300x126.jpg 300w, https:\/\/jornalfatosenoticias.com.br\/wp-content\/uploads\/2024\/09\/Legis-Juris-Consultoria_logo-768x322.jpg 768w\" sizes=\"auto, (max-width: 387px) 100vw, 387px\" \/><\/a><\/figure><\/div>\n\n\n\n<p>\u00c0 \u00e9poca em que o governo Lula anunciou o encerramento do programa federal das escolas c\u00edvico-militares, a Secretaria de Educa\u00e7\u00e3o B\u00e1sica do Minist\u00e9rio da Educa\u00e7\u00e3o (MEC) divulgou uma nota t\u00e9cnica com as alega\u00e7\u00f5es para o encerramento da medida. Apontou o &#8220;desvio de finalidade das atividades das for\u00e7as armadas&#8221;, e destacou que a &#8220;execu\u00e7\u00e3o or\u00e7ament\u00e1ria dos recursos de assist\u00eancia financeira destinados \u00e0s escolas do programa&#8221; foi insuficiente entre 2020 e 2022. O \u00f3rg\u00e3o tamb\u00e9m criticou o argumento de que as escolas c\u00edvico-militares poderiam ajudar a solucionar quest\u00f5es sociais das localidades em que est\u00e3o inseridos, j\u00e1 que as unidades apresentam caracter\u00edsticas diferentes uma das outras.<\/p>\n\n\n\n<div class=\"wp-block-image\"><figure class=\"aligncenter size-large\"><a href=\"https:\/\/cesconetto.com.br\/\"><img loading=\"lazy\" decoding=\"async\" width=\"300\" height=\"250\" src=\"https:\/\/jornalfatosenoticias.com.br\/wp-content\/uploads\/2022\/02\/Banner-2.png\" alt=\"\" class=\"wp-image-27877\"\/><\/a><\/figure><\/div>\n\n\n\n<p><strong><span class=\"has-inline-color has-black-color\">O que dizem os que defendem as escolas c\u00edvico-militares<br><\/span><\/strong>Em defesa das escolas c\u00edvico-militares, Tarc\u00edsio de Freitas, Ratinho J\u00fanior, e as assembleias estaduais argumentam que os estados e munic\u00edpios receberam da Constitui\u00e7\u00e3o compet\u00eancia para gerir as escolas de ensino m\u00e9dio e fundamental. Argumentam ainda que a gest\u00e3o, a dire\u00e7\u00e3o das escolas, o projeto pedag\u00f3gico e a sele\u00e7\u00e3o dos monitores continuam a cargo das secretarias de educa\u00e7\u00e3o, conforme as leis estaduais aprovadas.<\/p>\n\n\n\n<div class=\"wp-block-image\"><figure class=\"aligncenter size-large is-resized\"><a href=\"https:\/\/hotelmarquetti.com.br\/\"><img loading=\"lazy\" decoding=\"async\" src=\"https:\/\/jornalfatosenoticias.com.br\/wp-content\/uploads\/2023\/03\/nova-logo-Marquetti.jpg\" alt=\"\" class=\"wp-image-40207\" width=\"300\" height=\"202\" srcset=\"https:\/\/jornalfatosenoticias.com.br\/wp-content\/uploads\/2023\/03\/nova-logo-Marquetti.jpg 643w, https:\/\/jornalfatosenoticias.com.br\/wp-content\/uploads\/2023\/03\/nova-logo-Marquetti-300x202.jpg 300w\" sizes=\"auto, (max-width: 300px) 100vw, 300px\" \/><\/a><\/figure><\/div>\n\n\n\n<p>Os professores, protagonistas no ensino, s\u00e3o civis concursados. E a escola s\u00f3 se torna c\u00edvico-militar caso haja aprova\u00e7\u00e3o, em consulta p\u00fablica, pela maioria da comunidade escolar. Em defesa das escolas c\u00edvico-militares, Tarc\u00edsio de Freitas citou estudo da Escola Nacional de Administra\u00e7\u00e3o P\u00fablica (Enap), segundo o qual o modelo \u201creduz a distor\u00e7\u00e3o idade-s\u00e9rie em 10% e aumenta o desempenho dos alunos nas notas padronizadas em 15,25 e 11,61 pontos nas provas de Matem\u00e1tica e Portugu\u00eas\u201d.<\/p>\n\n\n\n<div class=\"wp-block-image\"><figure class=\"aligncenter size-large is-resized\"><a href=\"https:\/\/panper.com.br\/\"><img loading=\"lazy\" decoding=\"async\" src=\"https:\/\/jornalfatosenoticias.com.br\/wp-content\/uploads\/2023\/03\/logo-Panper_portal.jpg\" alt=\"\" class=\"wp-image-40208\" width=\"313\" height=\"217\" srcset=\"https:\/\/jornalfatosenoticias.com.br\/wp-content\/uploads\/2023\/03\/logo-Panper_portal.jpg 400w, https:\/\/jornalfatosenoticias.com.br\/wp-content\/uploads\/2023\/03\/logo-Panper_portal-300x208.jpg 300w\" sizes=\"auto, (max-width: 313px) 100vw, 313px\" \/><\/a><\/figure><\/div>\n\n\n\n<p>\u201cO modelo de Escola C\u00edvico-Militar n\u00e3o pretende \u2014 ao inv\u00e9s do afirmado na inicial \u2014 substituir o modelo tradicional de escola p\u00fablica, mas complement\u00e1-lo\u201d, escreveu o governador de S\u00e3o Paulo na manifesta\u00e7\u00e3o enviada ao STF. \u201cO papel do monitor policial militar \u00e9 delimitado e n\u00e3o se confunde com os pap\u00e9is desempenhados pelos profissionais da educa\u00e7\u00e3o\u201d, afirmou ainda.<\/p>\n\n\n\n<div class=\"wp-block-image\"><figure class=\"aligncenter size-large is-resized\"><a href=\"https:\/\/www.facebook.com\/postobkr\/?locale=pt_BR\"><img loading=\"lazy\" decoding=\"async\" src=\"https:\/\/jornalfatosenoticias.com.br\/wp-content\/uploads\/2023\/08\/BKR-1024x1021.jpg\" alt=\"\" class=\"wp-image-44494\" width=\"273\" height=\"272\" srcset=\"https:\/\/jornalfatosenoticias.com.br\/wp-content\/uploads\/2023\/08\/BKR-1024x1021.jpg 1024w, https:\/\/jornalfatosenoticias.com.br\/wp-content\/uploads\/2023\/08\/BKR-300x300.jpg 300w, https:\/\/jornalfatosenoticias.com.br\/wp-content\/uploads\/2023\/08\/BKR-150x150.jpg 150w, https:\/\/jornalfatosenoticias.com.br\/wp-content\/uploads\/2023\/08\/BKR-768x766.jpg 768w, https:\/\/jornalfatosenoticias.com.br\/wp-content\/uploads\/2023\/08\/BKR.jpg 1080w\" sizes=\"auto, (max-width: 273px) 100vw, 273px\" \/><\/a><\/figure><\/div>\n\n\n\n<p>Ratinho J\u00fanior destacou que o Paran\u00e1 \u00e9 o estado com mais escolas c\u00edvico-militares no pa\u00eds, com 312 unidades. Tamb\u00e9m refutou \u201cmilitariza\u00e7\u00e3o\u201d dos alunos ou interfer\u00eancia dos policiais nos planos de ensino das escolas, que continuam condizentes com as diretrizes nacionais.<\/p>\n\n\n\n<div class=\"wp-block-image\"><figure class=\"aligncenter size-large is-resized\"><img loading=\"lazy\" decoding=\"async\" src=\"https:\/\/jornalfatosenoticias.com.br\/wp-content\/uploads\/2022\/02\/Precisao-Contabilidade-1024x724.jpg\" alt=\"\" class=\"wp-image-28088\" width=\"310\" height=\"219\"\/><\/figure><\/div>\n\n\n\n<blockquote class=\"wp-block-quote is-layout-flow wp-block-quote-is-layout-flow\"><p><span class=\"has-inline-color has-luminous-vivid-orange-color\">O Programa das Escolas C\u00edvico-Militares n\u00e3o tem vi\u00e9s antidemocr\u00e1tico. Longe disso: busca promover e concretizar diversos valores indispens\u00e1veis para a vida em sociedade e para a constru\u00e7\u00e3o de uma comunidade escolar tolerante e plural\u201d, escreveu na manifesta\u00e7\u00e3o ao STF.<\/span><\/p><\/blockquote>\n\n\n\n<div class=\"wp-block-image\"><figure class=\"aligncenter size-large is-resized\"><a href=\"https:\/\/www.instagram.com\/ligadossaborespizzaria\/\"><img loading=\"lazy\" decoding=\"async\" src=\"https:\/\/jornalfatosenoticias.com.br\/wp-content\/uploads\/2020\/02\/WhatsApp-Image-2024-10-02-at-08.18.14-819x1024.jpeg\" alt=\"\" class=\"wp-image-54612\" width=\"280\" height=\"350\" srcset=\"https:\/\/jornalfatosenoticias.com.br\/wp-content\/uploads\/2020\/02\/WhatsApp-Image-2024-10-02-at-08.18.14-819x1024.jpeg 819w, https:\/\/jornalfatosenoticias.com.br\/wp-content\/uploads\/2020\/02\/WhatsApp-Image-2024-10-02-at-08.18.14-240x300.jpeg 240w, https:\/\/jornalfatosenoticias.com.br\/wp-content\/uploads\/2020\/02\/WhatsApp-Image-2024-10-02-at-08.18.14-768x960.jpeg 768w, https:\/\/jornalfatosenoticias.com.br\/wp-content\/uploads\/2020\/02\/WhatsApp-Image-2024-10-02-at-08.18.14.jpeg 1024w\" sizes=\"auto, (max-width: 280px) 100vw, 280px\" \/><\/a><\/figure><\/div>\n\n\n\n<p>\u201cPor n\u00e3o se tratar de militariza\u00e7\u00e3o, nem de incentivo \u00e0 carreira militar, n\u00e3o h\u00e1 como dizer que o modelo implique viola\u00e7\u00e3o ao direito de escusa de consci\u00eancia ou \u00e0 liberdade das crian\u00e7as e adolescentes. Acrescente-se, ainda, que a maioria das escolas p\u00fablicas permanece sob o regime tradicional, resguardando-se a escolha de pais, respons\u00e1veis e estudantes que, eventualmente, discordem do modelo\u201d, afirmou o governador do Paran\u00e1.<\/p>\n\n\n\n<div class=\"wp-block-image\"><figure class=\"aligncenter size-large\"><a href=\"http:\/\/www.ferrarimaquinas.com.br\/\"><img loading=\"lazy\" decoding=\"async\" width=\"300\" height=\"250\" src=\"https:\/\/jornalfatosenoticias.com.br\/wp-content\/uploads\/2022\/02\/FERRARI_MAQUINAS-E-FERRAMENTAS2.jpg\" alt=\"\" class=\"wp-image-27860\"\/><\/a><\/figure><\/div>\n\n\n\n<p><strong><span class=\"has-inline-color has-black-color\">Institui\u00e7\u00f5es e entidades que pedem o fim das escolas c\u00edvico-militares no STF<\/span><\/strong><\/p>\n\n\n\n<ol class=\"wp-block-list\"><li>PT<\/li><li>Psol<\/li><li>PCdoB<\/li><li>Defensoria P\u00fablica de SP<\/li><li>ONG Centro Santo Dias<\/li><li>IBCCrim<\/li><li>Advocavia-Geral da Uni\u00e3o (AGU), do governo Lula<\/li><li>Minist\u00e9rio da Educa\u00e7\u00e3o<\/li><li>Ubes<\/li><li>Sindicato de especialistas da educa\u00e7\u00e3o<\/li><li>Instituto Vladimir Herzog<\/li><li>Coletivo MP Transformador<\/li><li>A\u00e7\u00e3o Educativa<\/li><li>Associa\u00e7\u00e3o Nacional de P\u00f3s-Gradua\u00e7\u00e3o e Pesquisa em Educa\u00e7\u00e3o (Anped)<\/li><li>Associa\u00e7\u00e3o Nacional de Pesquisa em Financiamento da Educa\u00e7\u00e3o (Fineduca)<\/li><li>Centro de Estudos Educa\u00e7\u00e3o e Sociedade (Cedes)<\/li><li>Instituto Campanha Nacional pelo Direito \u00e0 Educa\u00e7\u00e3o<\/li><li>Rede Nacional de Pesquisa sobre Militariza\u00e7\u00e3o da Educa\u00e7\u00e3o (Repme)<\/li><li>Cl\u00ednica de Pol\u00edticas P\u00fablicas e Direitos Humanos da Universidade Federal do Abc (CPPDH\/UFABC)<\/li><li>Instituto Vladimir Herzog<\/li><li>Associa\u00e7\u00e3o Nacional de Juristas pelos Direitos Humanos de L\u00e9sbicas, Gays, Bissexuais, Travestis, Transexuais, Transg\u00eaneros e Intersexuais (Anajudh-Lgbti)<\/li><li>Minist\u00e9rio P\u00fablico do Paran\u00e1<\/li><li>Defensoria P\u00fablica do Paran\u00e1<\/li><li>Sindicato dos Trabalhadores em Educa\u00e7\u00e3o P\u00fablica do Paran\u00e1<\/li><li>Associa\u00e7\u00e3o Brasileira de Juristas pela Democracia (ABJD)<\/li><li>Defensoria P\u00fablica da Uni\u00e3o (DPU)<\/li><li>Confedera\u00e7\u00e3o Nacional dos Trabalhadores em Educa\u00e7\u00e3o (CNTE)<\/li><\/ol>\n\n\n\n<div class=\"wp-block-image\"><figure class=\"aligncenter size-large is-resized\"><a href=\"https:\/\/www.instagram.com\/restaurantepegoretti\/\"><img loading=\"lazy\" decoding=\"async\" src=\"https:\/\/jornalfatosenoticias.com.br\/wp-content\/uploads\/2023\/12\/pegoretti-logo-pdf-1024x389.jpg\" alt=\"\" class=\"wp-image-47536\" width=\"417\" height=\"158\" srcset=\"https:\/\/jornalfatosenoticias.com.br\/wp-content\/uploads\/2023\/12\/pegoretti-logo-pdf-1024x389.jpg 1024w, https:\/\/jornalfatosenoticias.com.br\/wp-content\/uploads\/2023\/12\/pegoretti-logo-pdf-300x114.jpg 300w, https:\/\/jornalfatosenoticias.com.br\/wp-content\/uploads\/2023\/12\/pegoretti-logo-pdf-768x291.jpg 768w, https:\/\/jornalfatosenoticias.com.br\/wp-content\/uploads\/2023\/12\/pegoretti-logo-pdf.jpg 1120w\" sizes=\"auto, (max-width: 417px) 100vw, 417px\" \/><\/a><\/figure><\/div>\n\n\n\n<p><strong><span class=\"has-inline-color has-black-color\">Quem defendeu a continuidade das escolas c\u00edvico-militares no STF<\/span><\/strong><\/p>\n\n\n\n<ol class=\"wp-block-list\"><li>Governador Tarc\u00edsio de Freitas<\/li><li>Assembleia Legislativa de S\u00e3o Paulo (Alesp)<\/li><li>Governador Ratinho J\u00fanior<\/li><li>Assembleia Legislativa do Paran\u00e1<\/li><li>Assembleia Legislativa do Rio Grande do Sul<\/li><li>Tiago Souza Santos, cidad\u00e3o e advogado<\/li><\/ol>\n\n\n\n<div class=\"wp-block-image\"><figure class=\"aligncenter size-large is-resized\"><a href=\"https:\/\/www.facebook.com\/vetor.vix\/\"><img loading=\"lazy\" decoding=\"async\" src=\"https:\/\/jornalfatosenoticias.com.br\/wp-content\/uploads\/2023\/09\/vetorvix1024_1.jpg\" alt=\"\" class=\"wp-image-44868\" width=\"535\" height=\"142\" srcset=\"https:\/\/jornalfatosenoticias.com.br\/wp-content\/uploads\/2023\/09\/vetorvix1024_1.jpg 1024w, https:\/\/jornalfatosenoticias.com.br\/wp-content\/uploads\/2023\/09\/vetorvix1024_1-300x80.jpg 300w, https:\/\/jornalfatosenoticias.com.br\/wp-content\/uploads\/2023\/09\/vetorvix1024_1-768x205.jpg 768w\" sizes=\"auto, (max-width: 535px) 100vw, 535px\" \/><\/a><\/figure><\/div>\n\n\n\n<p><strong><em>Fonte: <a href=\"https:\/\/www.gazetadopovo.com.br\/vida-e-cidadania\/governo-lula-ongs-e-partidos-de-esquerda-se-unem-no-stf-para-acabar-com-escolas-civico-militares\/?ref=foi-manchete\">Gazeta do Povo<\/a><\/em><\/strong><\/p>\n","protected":false},"excerpt":{"rendered":"<p>Paran\u00e1 lidera implanta\u00e7\u00e3o de col\u00e9gios c\u00edvico-militares com mais de 300 escolas Por Renan Ramalho Quatro processos no Supremo Tribunal Federal (STF) d\u00e3o uma amostra de como a esquerda se articula para defender suas posi\u00e7\u00f5es num tema crucial: a educa\u00e7\u00e3o b\u00e1sica de crian\u00e7as e adolescentes. Tramitam na Corte a\u00e7\u00f5es, apresentadas por PT, Psol, PCdoB e pela [&hellip;]<\/p>\n","protected":false},"author":2,"featured_media":54920,"comment_status":"open","ping_status":"open","sticky":false,"template":"","format":"standard","meta":{"footnotes":""},"categories":[7],"tags":[345,1787,7581,1795,7580,1460,843,22873,13186,25034,4684,305,294,19192],"class_list":["post-54918","post","type-post","status-publish","format-standard","has-post-thumbnail","hentry","category-educacao","tag-educacao","tag-ensino","tag-gilmar-mendes","tag-jair-bolsonaro","tag-lula","tag-parana","tag-policia-militar","tag-psol","tag-pt","tag-ratinho-jr","tag-rio-grande-do-sul","tag-sao-paulo","tag-stf","tag-tarcisio-de-freitas"],"yoast_head":"<!-- This site is optimized with the Yoast SEO plugin v26.5 - https:\/\/yoast.com\/wordpress\/plugins\/seo\/ -->\n<title>Governo Lula, ONGs e partidos de esquerda se unem no STF para acabar com escolas c\u00edvico-militares - Jornal Fatos e Not\u00edcias<\/title>\n<meta name=\"robots\" content=\"index, follow, max-snippet:-1, max-image-preview:large, max-video-preview:-1\" \/>\n<link rel=\"canonical\" href=\"https:\/\/jornalfatosenoticias.com.br\/index.php\/2024\/10\/14\/governo-lula-ongs-e-partidos-de-esquerda-se-unem-no-stf-para-acabar-com-escolas-civico-militares\/\" \/>\n<meta property=\"og:locale\" content=\"pt_BR\" \/>\n<meta property=\"og:type\" content=\"article\" \/>\n<meta property=\"og:title\" content=\"Governo Lula, ONGs e partidos de esquerda se unem no STF para acabar com escolas c\u00edvico-militares - Jornal Fatos e Not\u00edcias\" \/>\n<meta property=\"og:description\" content=\"Paran\u00e1 lidera implanta\u00e7\u00e3o de col\u00e9gios c\u00edvico-militares com mais de 300 escolas Por Renan Ramalho Quatro processos no Supremo Tribunal Federal (STF) d\u00e3o uma amostra de como a esquerda se articula para defender suas posi\u00e7\u00f5es num tema crucial: a educa\u00e7\u00e3o b\u00e1sica de crian\u00e7as e adolescentes. Tramitam na Corte a\u00e7\u00f5es, apresentadas por PT, Psol, PCdoB e pela [&hellip;]\" \/>\n<meta property=\"og:url\" content=\"https:\/\/jornalfatosenoticias.com.br\/index.php\/2024\/10\/14\/governo-lula-ongs-e-partidos-de-esquerda-se-unem-no-stf-para-acabar-com-escolas-civico-militares\/\" \/>\n<meta property=\"og:site_name\" content=\"Jornal Fatos e Not\u00edcias\" \/>\n<meta property=\"article:published_time\" content=\"2024-10-14T22:58:41+00:00\" \/>\n<meta property=\"article:modified_time\" content=\"2024-10-14T22:58:43+00:00\" \/>\n<meta property=\"og:image\" content=\"https:\/\/jornalfatosenoticias.com.br\/wp-content\/uploads\/2024\/10\/escola-civico-militar-parana-960x540-1.jpg\" \/>\n\t<meta property=\"og:image:width\" content=\"960\" \/>\n\t<meta property=\"og:image:height\" content=\"540\" \/>\n\t<meta property=\"og:image:type\" content=\"image\/jpeg\" \/>\n<meta name=\"author\" content=\"Luzimara Fernandes\" \/>\n<meta name=\"twitter:card\" content=\"summary_large_image\" \/>\n<meta name=\"twitter:label1\" content=\"Escrito por\" \/>\n\t<meta name=\"twitter:data1\" content=\"Luzimara Fernandes\" \/>\n\t<meta name=\"twitter:label2\" content=\"Est. tempo de leitura\" \/>\n\t<meta name=\"twitter:data2\" content=\"10 minutos\" \/>\n<script type=\"application\/ld+json\" class=\"yoast-schema-graph\">{\"@context\":\"https:\/\/schema.org\",\"@graph\":[{\"@type\":\"Article\",\"@id\":\"https:\/\/jornalfatosenoticias.com.br\/index.php\/2024\/10\/14\/governo-lula-ongs-e-partidos-de-esquerda-se-unem-no-stf-para-acabar-com-escolas-civico-militares\/#article\",\"isPartOf\":{\"@id\":\"https:\/\/jornalfatosenoticias.com.br\/index.php\/2024\/10\/14\/governo-lula-ongs-e-partidos-de-esquerda-se-unem-no-stf-para-acabar-com-escolas-civico-militares\/\"},\"author\":{\"name\":\"Luzimara Fernandes\",\"@id\":\"https:\/\/jornalfatosenoticias.com.br\/#\/schema\/person\/d63837fa13ac8666eb9e74e0985d6f81\"},\"headline\":\"Governo Lula, ONGs e partidos de esquerda se unem no STF para acabar com escolas c\u00edvico-militares\",\"datePublished\":\"2024-10-14T22:58:41+00:00\",\"dateModified\":\"2024-10-14T22:58:43+00:00\",\"mainEntityOfPage\":{\"@id\":\"https:\/\/jornalfatosenoticias.com.br\/index.php\/2024\/10\/14\/governo-lula-ongs-e-partidos-de-esquerda-se-unem-no-stf-para-acabar-com-escolas-civico-militares\/\"},\"wordCount\":2103,\"commentCount\":0,\"publisher\":{\"@id\":\"https:\/\/jornalfatosenoticias.com.br\/#organization\"},\"image\":{\"@id\":\"https:\/\/jornalfatosenoticias.com.br\/index.php\/2024\/10\/14\/governo-lula-ongs-e-partidos-de-esquerda-se-unem-no-stf-para-acabar-com-escolas-civico-militares\/#primaryimage\"},\"thumbnailUrl\":\"https:\/\/jornalfatosenoticias.com.br\/wp-content\/uploads\/2024\/10\/escola-civico-militar-parana-960x540-1.jpg\",\"keywords\":[\"educa\u00e7\u00e3o\",\"ensino\",\"Gilmar Mendes\",\"Jair Bolsonaro\",\"Lula\",\"Paran\u00e1\",\"Pol\u00edcia Militar\",\"PSOL\",\"PT\",\"Ratinho Jr.\",\"Rio Grande do Sul\",\"S\u00e3o Paulo\",\"STF\",\"Tarc\u00edsio de Freitas\"],\"articleSection\":[\"Educa\u00e7\u00e3o\"],\"inLanguage\":\"pt-BR\",\"potentialAction\":[{\"@type\":\"CommentAction\",\"name\":\"Comment\",\"target\":[\"https:\/\/jornalfatosenoticias.com.br\/index.php\/2024\/10\/14\/governo-lula-ongs-e-partidos-de-esquerda-se-unem-no-stf-para-acabar-com-escolas-civico-militares\/#respond\"]}]},{\"@type\":\"WebPage\",\"@id\":\"https:\/\/jornalfatosenoticias.com.br\/index.php\/2024\/10\/14\/governo-lula-ongs-e-partidos-de-esquerda-se-unem-no-stf-para-acabar-com-escolas-civico-militares\/\",\"url\":\"https:\/\/jornalfatosenoticias.com.br\/index.php\/2024\/10\/14\/governo-lula-ongs-e-partidos-de-esquerda-se-unem-no-stf-para-acabar-com-escolas-civico-militares\/\",\"name\":\"Governo Lula, ONGs e partidos de esquerda se unem no STF para acabar com escolas c\u00edvico-militares - Jornal Fatos e Not\u00edcias\",\"isPartOf\":{\"@id\":\"https:\/\/jornalfatosenoticias.com.br\/#website\"},\"primaryImageOfPage\":{\"@id\":\"https:\/\/jornalfatosenoticias.com.br\/index.php\/2024\/10\/14\/governo-lula-ongs-e-partidos-de-esquerda-se-unem-no-stf-para-acabar-com-escolas-civico-militares\/#primaryimage\"},\"image\":{\"@id\":\"https:\/\/jornalfatosenoticias.com.br\/index.php\/2024\/10\/14\/governo-lula-ongs-e-partidos-de-esquerda-se-unem-no-stf-para-acabar-com-escolas-civico-militares\/#primaryimage\"},\"thumbnailUrl\":\"https:\/\/jornalfatosenoticias.com.br\/wp-content\/uploads\/2024\/10\/escola-civico-militar-parana-960x540-1.jpg\",\"datePublished\":\"2024-10-14T22:58:41+00:00\",\"dateModified\":\"2024-10-14T22:58:43+00:00\",\"breadcrumb\":{\"@id\":\"https:\/\/jornalfatosenoticias.com.br\/index.php\/2024\/10\/14\/governo-lula-ongs-e-partidos-de-esquerda-se-unem-no-stf-para-acabar-com-escolas-civico-militares\/#breadcrumb\"},\"inLanguage\":\"pt-BR\",\"potentialAction\":[{\"@type\":\"ReadAction\",\"target\":[\"https:\/\/jornalfatosenoticias.com.br\/index.php\/2024\/10\/14\/governo-lula-ongs-e-partidos-de-esquerda-se-unem-no-stf-para-acabar-com-escolas-civico-militares\/\"]}]},{\"@type\":\"ImageObject\",\"inLanguage\":\"pt-BR\",\"@id\":\"https:\/\/jornalfatosenoticias.com.br\/index.php\/2024\/10\/14\/governo-lula-ongs-e-partidos-de-esquerda-se-unem-no-stf-para-acabar-com-escolas-civico-militares\/#primaryimage\",\"url\":\"https:\/\/jornalfatosenoticias.com.br\/wp-content\/uploads\/2024\/10\/escola-civico-militar-parana-960x540-1.jpg\",\"contentUrl\":\"https:\/\/jornalfatosenoticias.com.br\/wp-content\/uploads\/2024\/10\/escola-civico-militar-parana-960x540-1.jpg\",\"width\":960,\"height\":540},{\"@type\":\"BreadcrumbList\",\"@id\":\"https:\/\/jornalfatosenoticias.com.br\/index.php\/2024\/10\/14\/governo-lula-ongs-e-partidos-de-esquerda-se-unem-no-stf-para-acabar-com-escolas-civico-militares\/#breadcrumb\",\"itemListElement\":[{\"@type\":\"ListItem\",\"position\":1,\"name\":\"In\u00edcio\",\"item\":\"https:\/\/jornalfatosenoticias.com.br\/\"},{\"@type\":\"ListItem\",\"position\":2,\"name\":\"Governo Lula, ONGs e partidos de esquerda se unem no STF para acabar com escolas c\u00edvico-militares\"}]},{\"@type\":\"WebSite\",\"@id\":\"https:\/\/jornalfatosenoticias.com.br\/#website\",\"url\":\"https:\/\/jornalfatosenoticias.com.br\/\",\"name\":\"Jornal Fatos e Not\u00edcias\",\"description\":\"Not\u00edcias em geral\",\"publisher\":{\"@id\":\"https:\/\/jornalfatosenoticias.com.br\/#organization\"},\"potentialAction\":[{\"@type\":\"SearchAction\",\"target\":{\"@type\":\"EntryPoint\",\"urlTemplate\":\"https:\/\/jornalfatosenoticias.com.br\/?s={search_term_string}\"},\"query-input\":{\"@type\":\"PropertyValueSpecification\",\"valueRequired\":true,\"valueName\":\"search_term_string\"}}],\"inLanguage\":\"pt-BR\"},{\"@type\":\"Organization\",\"@id\":\"https:\/\/jornalfatosenoticias.com.br\/#organization\",\"name\":\"Jornal Fatos e Not\u00edcias\",\"url\":\"https:\/\/jornalfatosenoticias.com.br\/\",\"logo\":{\"@type\":\"ImageObject\",\"inLanguage\":\"pt-BR\",\"@id\":\"https:\/\/jornalfatosenoticias.com.br\/#\/schema\/logo\/image\/\",\"url\":\"https:\/\/jornalfatosenoticias.com.br\/wp-content\/uploads\/2020\/02\/logo120.png\",\"contentUrl\":\"https:\/\/jornalfatosenoticias.com.br\/wp-content\/uploads\/2020\/02\/logo120.png\",\"width\":1227,\"height\":120,\"caption\":\"Jornal Fatos e Not\u00edcias\"},\"image\":{\"@id\":\"https:\/\/jornalfatosenoticias.com.br\/#\/schema\/logo\/image\/\"}},{\"@type\":\"Person\",\"@id\":\"https:\/\/jornalfatosenoticias.com.br\/#\/schema\/person\/d63837fa13ac8666eb9e74e0985d6f81\",\"name\":\"Luzimara Fernandes\",\"image\":{\"@type\":\"ImageObject\",\"inLanguage\":\"pt-BR\",\"@id\":\"https:\/\/jornalfatosenoticias.com.br\/#\/schema\/person\/image\/\",\"url\":\"https:\/\/jornalfatosenoticias.com.br\/wp-content\/uploads\/2025\/05\/EU_portal.jpg\",\"contentUrl\":\"https:\/\/jornalfatosenoticias.com.br\/wp-content\/uploads\/2025\/05\/EU_portal.jpg\",\"caption\":\"Luzimara Fernandes\"},\"description\":\"Jornalista MTB 2358-ES\",\"sameAs\":[\"https:\/\/jornalfatosenoticias.com.br\"],\"url\":\"https:\/\/jornalfatosenoticias.com.br\/index.php\/author\/luzimara\/\"}]}<\/script>\n<!-- \/ Yoast SEO plugin. -->","yoast_head_json":{"title":"Governo Lula, ONGs e partidos de esquerda se unem no STF para acabar com escolas c\u00edvico-militares - Jornal Fatos e Not\u00edcias","robots":{"index":"index","follow":"follow","max-snippet":"max-snippet:-1","max-image-preview":"max-image-preview:large","max-video-preview":"max-video-preview:-1"},"canonical":"https:\/\/jornalfatosenoticias.com.br\/index.php\/2024\/10\/14\/governo-lula-ongs-e-partidos-de-esquerda-se-unem-no-stf-para-acabar-com-escolas-civico-militares\/","og_locale":"pt_BR","og_type":"article","og_title":"Governo Lula, ONGs e partidos de esquerda se unem no STF para acabar com escolas c\u00edvico-militares - Jornal Fatos e Not\u00edcias","og_description":"Paran\u00e1 lidera implanta\u00e7\u00e3o de col\u00e9gios c\u00edvico-militares com mais de 300 escolas Por Renan Ramalho Quatro processos no Supremo Tribunal Federal (STF) d\u00e3o uma amostra de como a esquerda se articula para defender suas posi\u00e7\u00f5es num tema crucial: a educa\u00e7\u00e3o b\u00e1sica de crian\u00e7as e adolescentes. Tramitam na Corte a\u00e7\u00f5es, apresentadas por PT, Psol, PCdoB e pela [&hellip;]","og_url":"https:\/\/jornalfatosenoticias.com.br\/index.php\/2024\/10\/14\/governo-lula-ongs-e-partidos-de-esquerda-se-unem-no-stf-para-acabar-com-escolas-civico-militares\/","og_site_name":"Jornal Fatos e Not\u00edcias","article_published_time":"2024-10-14T22:58:41+00:00","article_modified_time":"2024-10-14T22:58:43+00:00","og_image":[{"width":960,"height":540,"url":"https:\/\/jornalfatosenoticias.com.br\/wp-content\/uploads\/2024\/10\/escola-civico-militar-parana-960x540-1.jpg","type":"image\/jpeg"}],"author":"Luzimara Fernandes","twitter_card":"summary_large_image","twitter_misc":{"Escrito por":"Luzimara Fernandes","Est. tempo de leitura":"10 minutos"},"schema":{"@context":"https:\/\/schema.org","@graph":[{"@type":"Article","@id":"https:\/\/jornalfatosenoticias.com.br\/index.php\/2024\/10\/14\/governo-lula-ongs-e-partidos-de-esquerda-se-unem-no-stf-para-acabar-com-escolas-civico-militares\/#article","isPartOf":{"@id":"https:\/\/jornalfatosenoticias.com.br\/index.php\/2024\/10\/14\/governo-lula-ongs-e-partidos-de-esquerda-se-unem-no-stf-para-acabar-com-escolas-civico-militares\/"},"author":{"name":"Luzimara Fernandes","@id":"https:\/\/jornalfatosenoticias.com.br\/#\/schema\/person\/d63837fa13ac8666eb9e74e0985d6f81"},"headline":"Governo Lula, ONGs e partidos de esquerda se unem no STF para acabar com escolas c\u00edvico-militares","datePublished":"2024-10-14T22:58:41+00:00","dateModified":"2024-10-14T22:58:43+00:00","mainEntityOfPage":{"@id":"https:\/\/jornalfatosenoticias.com.br\/index.php\/2024\/10\/14\/governo-lula-ongs-e-partidos-de-esquerda-se-unem-no-stf-para-acabar-com-escolas-civico-militares\/"},"wordCount":2103,"commentCount":0,"publisher":{"@id":"https:\/\/jornalfatosenoticias.com.br\/#organization"},"image":{"@id":"https:\/\/jornalfatosenoticias.com.br\/index.php\/2024\/10\/14\/governo-lula-ongs-e-partidos-de-esquerda-se-unem-no-stf-para-acabar-com-escolas-civico-militares\/#primaryimage"},"thumbnailUrl":"https:\/\/jornalfatosenoticias.com.br\/wp-content\/uploads\/2024\/10\/escola-civico-militar-parana-960x540-1.jpg","keywords":["educa\u00e7\u00e3o","ensino","Gilmar Mendes","Jair Bolsonaro","Lula","Paran\u00e1","Pol\u00edcia Militar","PSOL","PT","Ratinho Jr.","Rio Grande do Sul","S\u00e3o Paulo","STF","Tarc\u00edsio de Freitas"],"articleSection":["Educa\u00e7\u00e3o"],"inLanguage":"pt-BR","potentialAction":[{"@type":"CommentAction","name":"Comment","target":["https:\/\/jornalfatosenoticias.com.br\/index.php\/2024\/10\/14\/governo-lula-ongs-e-partidos-de-esquerda-se-unem-no-stf-para-acabar-com-escolas-civico-militares\/#respond"]}]},{"@type":"WebPage","@id":"https:\/\/jornalfatosenoticias.com.br\/index.php\/2024\/10\/14\/governo-lula-ongs-e-partidos-de-esquerda-se-unem-no-stf-para-acabar-com-escolas-civico-militares\/","url":"https:\/\/jornalfatosenoticias.com.br\/index.php\/2024\/10\/14\/governo-lula-ongs-e-partidos-de-esquerda-se-unem-no-stf-para-acabar-com-escolas-civico-militares\/","name":"Governo Lula, ONGs e partidos de esquerda se unem no STF para acabar com escolas c\u00edvico-militares - Jornal Fatos e Not\u00edcias","isPartOf":{"@id":"https:\/\/jornalfatosenoticias.com.br\/#website"},"primaryImageOfPage":{"@id":"https:\/\/jornalfatosenoticias.com.br\/index.php\/2024\/10\/14\/governo-lula-ongs-e-partidos-de-esquerda-se-unem-no-stf-para-acabar-com-escolas-civico-militares\/#primaryimage"},"image":{"@id":"https:\/\/jornalfatosenoticias.com.br\/index.php\/2024\/10\/14\/governo-lula-ongs-e-partidos-de-esquerda-se-unem-no-stf-para-acabar-com-escolas-civico-militares\/#primaryimage"},"thumbnailUrl":"https:\/\/jornalfatosenoticias.com.br\/wp-content\/uploads\/2024\/10\/escola-civico-militar-parana-960x540-1.jpg","datePublished":"2024-10-14T22:58:41+00:00","dateModified":"2024-10-14T22:58:43+00:00","breadcrumb":{"@id":"https:\/\/jornalfatosenoticias.com.br\/index.php\/2024\/10\/14\/governo-lula-ongs-e-partidos-de-esquerda-se-unem-no-stf-para-acabar-com-escolas-civico-militares\/#breadcrumb"},"inLanguage":"pt-BR","potentialAction":[{"@type":"ReadAction","target":["https:\/\/jornalfatosenoticias.com.br\/index.php\/2024\/10\/14\/governo-lula-ongs-e-partidos-de-esquerda-se-unem-no-stf-para-acabar-com-escolas-civico-militares\/"]}]},{"@type":"ImageObject","inLanguage":"pt-BR","@id":"https:\/\/jornalfatosenoticias.com.br\/index.php\/2024\/10\/14\/governo-lula-ongs-e-partidos-de-esquerda-se-unem-no-stf-para-acabar-com-escolas-civico-militares\/#primaryimage","url":"https:\/\/jornalfatosenoticias.com.br\/wp-content\/uploads\/2024\/10\/escola-civico-militar-parana-960x540-1.jpg","contentUrl":"https:\/\/jornalfatosenoticias.com.br\/wp-content\/uploads\/2024\/10\/escola-civico-militar-parana-960x540-1.jpg","width":960,"height":540},{"@type":"BreadcrumbList","@id":"https:\/\/jornalfatosenoticias.com.br\/index.php\/2024\/10\/14\/governo-lula-ongs-e-partidos-de-esquerda-se-unem-no-stf-para-acabar-com-escolas-civico-militares\/#breadcrumb","itemListElement":[{"@type":"ListItem","position":1,"name":"In\u00edcio","item":"https:\/\/jornalfatosenoticias.com.br\/"},{"@type":"ListItem","position":2,"name":"Governo Lula, ONGs e partidos de esquerda se unem no STF para acabar com escolas c\u00edvico-militares"}]},{"@type":"WebSite","@id":"https:\/\/jornalfatosenoticias.com.br\/#website","url":"https:\/\/jornalfatosenoticias.com.br\/","name":"Jornal Fatos e Not\u00edcias","description":"Not\u00edcias em geral","publisher":{"@id":"https:\/\/jornalfatosenoticias.com.br\/#organization"},"potentialAction":[{"@type":"SearchAction","target":{"@type":"EntryPoint","urlTemplate":"https:\/\/jornalfatosenoticias.com.br\/?s={search_term_string}"},"query-input":{"@type":"PropertyValueSpecification","valueRequired":true,"valueName":"search_term_string"}}],"inLanguage":"pt-BR"},{"@type":"Organization","@id":"https:\/\/jornalfatosenoticias.com.br\/#organization","name":"Jornal Fatos e Not\u00edcias","url":"https:\/\/jornalfatosenoticias.com.br\/","logo":{"@type":"ImageObject","inLanguage":"pt-BR","@id":"https:\/\/jornalfatosenoticias.com.br\/#\/schema\/logo\/image\/","url":"https:\/\/jornalfatosenoticias.com.br\/wp-content\/uploads\/2020\/02\/logo120.png","contentUrl":"https:\/\/jornalfatosenoticias.com.br\/wp-content\/uploads\/2020\/02\/logo120.png","width":1227,"height":120,"caption":"Jornal Fatos e Not\u00edcias"},"image":{"@id":"https:\/\/jornalfatosenoticias.com.br\/#\/schema\/logo\/image\/"}},{"@type":"Person","@id":"https:\/\/jornalfatosenoticias.com.br\/#\/schema\/person\/d63837fa13ac8666eb9e74e0985d6f81","name":"Luzimara Fernandes","image":{"@type":"ImageObject","inLanguage":"pt-BR","@id":"https:\/\/jornalfatosenoticias.com.br\/#\/schema\/person\/image\/","url":"https:\/\/jornalfatosenoticias.com.br\/wp-content\/uploads\/2025\/05\/EU_portal.jpg","contentUrl":"https:\/\/jornalfatosenoticias.com.br\/wp-content\/uploads\/2025\/05\/EU_portal.jpg","caption":"Luzimara Fernandes"},"description":"Jornalista MTB 2358-ES","sameAs":["https:\/\/jornalfatosenoticias.com.br"],"url":"https:\/\/jornalfatosenoticias.com.br\/index.php\/author\/luzimara\/"}]}},"cc_featured_image_caption":{"caption_text":"(Foto: Beatriz G\u00f3es\/Seed-PR)","source_text":"","source_url":""},"jetpack_featured_media_url":"https:\/\/jornalfatosenoticias.com.br\/wp-content\/uploads\/2024\/10\/escola-civico-militar-parana-960x540-1.jpg","_links":{"self":[{"href":"https:\/\/jornalfatosenoticias.com.br\/index.php\/wp-json\/wp\/v2\/posts\/54918","targetHints":{"allow":["GET"]}}],"collection":[{"href":"https:\/\/jornalfatosenoticias.com.br\/index.php\/wp-json\/wp\/v2\/posts"}],"about":[{"href":"https:\/\/jornalfatosenoticias.com.br\/index.php\/wp-json\/wp\/v2\/types\/post"}],"author":[{"embeddable":true,"href":"https:\/\/jornalfatosenoticias.com.br\/index.php\/wp-json\/wp\/v2\/users\/2"}],"replies":[{"embeddable":true,"href":"https:\/\/jornalfatosenoticias.com.br\/index.php\/wp-json\/wp\/v2\/comments?post=54918"}],"version-history":[{"count":0,"href":"https:\/\/jornalfatosenoticias.com.br\/index.php\/wp-json\/wp\/v2\/posts\/54918\/revisions"}],"wp:featuredmedia":[{"embeddable":true,"href":"https:\/\/jornalfatosenoticias.com.br\/index.php\/wp-json\/wp\/v2\/media\/54920"}],"wp:attachment":[{"href":"https:\/\/jornalfatosenoticias.com.br\/index.php\/wp-json\/wp\/v2\/media?parent=54918"}],"wp:term":[{"taxonomy":"category","embeddable":true,"href":"https:\/\/jornalfatosenoticias.com.br\/index.php\/wp-json\/wp\/v2\/categories?post=54918"},{"taxonomy":"post_tag","embeddable":true,"href":"https:\/\/jornalfatosenoticias.com.br\/index.php\/wp-json\/wp\/v2\/tags?post=54918"}],"curies":[{"name":"wp","href":"https:\/\/api.w.org\/{rel}","templated":true}]}}