{"id":54953,"date":"2024-10-16T09:45:08","date_gmt":"2024-10-16T12:45:08","guid":{"rendered":"https:\/\/jornalfatosenoticias.com.br\/?p=54953"},"modified":"2024-10-16T09:45:10","modified_gmt":"2024-10-16T12:45:10","slug":"buscas-on-line-por-historias-infantis-crescem-22-em-um-ano","status":"publish","type":"post","link":"https:\/\/jornalfatosenoticias.com.br\/index.php\/2024\/10\/16\/buscas-on-line-por-historias-infantis-crescem-22-em-um-ano\/","title":{"rendered":"Buscas on-line por hist\u00f3rias infantis crescem 22% em um ano"},"content":{"rendered":"\n<p><em><span class=\"has-inline-color has-black-color\">Entre os livros mais procurados est\u00e3o cl\u00e1ssicos como &#8220;O Pequeno Pr\u00edncipe&#8221; e sucessos nacionais de Monteiro Lobato, Ruth Rocha e Emicida<\/span><\/em><\/p>\n\n\n\n<div class=\"wp-block-image\"><figure class=\"aligncenter size-large\"><a href=\"https:\/\/mizu.com.br\/\"><img loading=\"lazy\" decoding=\"async\" width=\"729\" height=\"90\" src=\"https:\/\/jornalfatosenoticias.com.br\/wp-content\/uploads\/2020\/02\/Logo_Mizu.png\" alt=\"\" class=\"wp-image-1441\" srcset=\"https:\/\/jornalfatosenoticias.com.br\/wp-content\/uploads\/2020\/02\/Logo_Mizu.png 729w, https:\/\/jornalfatosenoticias.com.br\/wp-content\/uploads\/2020\/02\/Logo_Mizu-300x37.png 300w\" sizes=\"auto, (max-width: 729px) 100vw, 729px\" \/><\/a><\/figure><\/div>\n\n\n\n<p>Apesar da concorr\u00eancia desafiadora das telas, a crian\u00e7ada n\u00e3o perdeu o interesse pelos livros infantis. Ao menos, \u00e9 o que mostra um novo levantamento que analisou as pesquisas no Google realizadas por brasileiros durante os \u00faltimos doze meses. Somente no \u00faltimo ano, <strong>as buscas por hist\u00f3rias para a garotada saltou 22% na internet<\/strong>, entre termos como \u201c<a href=\"https:\/\/cangurunews.com.br\/4-livros-que-falam-sobre-o-vinculo-entre-mae-e-filho\/\">livros infantis<\/a>\u201d, \u201cliteratura infantil brasileira\u201d e \u201chist\u00f3rias para crian\u00e7as\u201d. E se considerados g\u00eaneros liter\u00e1rios espec\u00edficos, como cord\u00e9is infantis, narrativas ritmadas e em versos, o interesse on-line aumentou impressionantes 238% ao longo do per\u00edodo.<br>O estudo, produzido pela plataforma de idiomas Preply, abrangeu todas as procuras relativas ao segmento nas cinco regi\u00f5es nacionais. Em seguida, autores e suas obras foram dispostos em um ranking baseado no volume total de buscas por hist\u00f3rias infantis ao longo do \u00faltimo ano.<\/p>\n\n\n\n<div class=\"wp-block-image\"><figure class=\"aligncenter size-large\"><a href=\"https:\/\/cesconetto.com.br\/\"><img loading=\"lazy\" decoding=\"async\" width=\"300\" height=\"250\" src=\"https:\/\/jornalfatosenoticias.com.br\/wp-content\/uploads\/2022\/02\/Banner-2.png\" alt=\"\" class=\"wp-image-27877\"\/><\/a><\/figure><\/div>\n\n\n\n<p>Os resultados dessa an\u00e1lise parecem refletir n\u00e3o apenas o <a href=\"https:\/\/cangurunews.com.br\/leitura-e-o-antidoto-para-o-excesso-de-telas-diz-o-neurocientista-michel-desmurget\/\">incentivo dos adultos pela leitura<\/a>, mas tamb\u00e9m uma demanda natural das pr\u00f3prias crian\u00e7as brasileiras \u2014 algo antecipado por diversos institutos editoriais nos \u00faltimos anos. Em 2023, por exemplo, a \u00faltima edi\u00e7\u00e3o da pesquisa Retratos da Leitura, realizada pelo Instituto Pr\u00f3-Livro (IPL), j\u00e1 havia observado que <strong>a faixa et\u00e1ria dos cinco aos 10 anos \u00e9 aquela que mais consome literatura no Brasil,<\/strong> lendo por vontade pr\u00f3pria todos os dias. J\u00e1 segundo o Sindicato Nacional dos Editores de Livros (SNEL), a categoria infantil foi a grande respons\u00e1vel por liderar as vendas nacionais em 2022, ao lado dos segmentos juvenil e educacional.<\/p>\n\n\n\n<div class=\"wp-block-image\"><figure class=\"aligncenter size-large is-resized\"><a href=\"https:\/\/panper.com.br\/\"><img loading=\"lazy\" decoding=\"async\" src=\"https:\/\/jornalfatosenoticias.com.br\/wp-content\/uploads\/2023\/03\/logo-Panper_portal.jpg\" alt=\"\" class=\"wp-image-40208\" width=\"297\" height=\"206\" srcset=\"https:\/\/jornalfatosenoticias.com.br\/wp-content\/uploads\/2023\/03\/logo-Panper_portal.jpg 400w, https:\/\/jornalfatosenoticias.com.br\/wp-content\/uploads\/2023\/03\/logo-Panper_portal-300x208.jpg 300w\" sizes=\"auto, (max-width: 297px) 100vw, 297px\" \/><\/a><\/figure><\/div>\n\n\n\n<p><strong><span class=\"has-inline-color has-vivid-purple-color\">Afinal, quais s\u00e3o os livros infantis mais buscados?<br><\/span><\/strong>E se h\u00e1, de fato, um grande interesse pelas obras destinadas ao p\u00fablico infantil, quais narrativas e autores t\u00eam feito com que pais e respons\u00e1veis ao redor do Brasil recorram ao Google nos \u00faltimos meses? Veja a seguir <strong><span class=\"has-inline-color has-black-color\">os escritores que marcaram as pesquisas dos internautas esse ano.<\/span><\/strong><\/p>\n\n\n\n<div class=\"wp-block-image\"><figure class=\"aligncenter size-large\"><img loading=\"lazy\" decoding=\"async\" width=\"820\" height=\"820\" src=\"https:\/\/jornalfatosenoticias.com.br\/wp-content\/uploads\/2024\/10\/ranking-livros-on-line-mais-buscados.png\" alt=\"\" class=\"wp-image-54954\" srcset=\"https:\/\/jornalfatosenoticias.com.br\/wp-content\/uploads\/2024\/10\/ranking-livros-on-line-mais-buscados.png 820w, https:\/\/jornalfatosenoticias.com.br\/wp-content\/uploads\/2024\/10\/ranking-livros-on-line-mais-buscados-300x300.png 300w, https:\/\/jornalfatosenoticias.com.br\/wp-content\/uploads\/2024\/10\/ranking-livros-on-line-mais-buscados-150x150.png 150w, https:\/\/jornalfatosenoticias.com.br\/wp-content\/uploads\/2024\/10\/ranking-livros-on-line-mais-buscados-768x768.png 768w\" sizes=\"auto, (max-width: 820px) 100vw, 820px\" \/><\/figure><\/div>\n\n\n\n<p><strong><span class=\"has-inline-color has-vivid-purple-color\">O Livro Das Virtudes Para Crian\u00e7as (William Bennett)<br><\/span><\/strong>Dezenas de narrativas de diferentes s\u00e9culos e tradi\u00e7\u00f5es comp\u00f5em esta obra de William Bennett, que explora, por meio de contos e poemas curtos, ensinamentos sobre virtudes que nunca saem de moda: respeito, empatia, confian\u00e7a, honestidade e coragem.<\/p>\n\n\n\n<div class=\"wp-block-image\"><figure class=\"aligncenter size-large\"><a href=\"http:\/\/www.ferrarimaquinas.com.br\/\"><img loading=\"lazy\" decoding=\"async\" width=\"300\" height=\"250\" src=\"https:\/\/jornalfatosenoticias.com.br\/wp-content\/uploads\/2022\/02\/FERRARI_MAQUINAS-E-FERRAMENTAS2.jpg\" alt=\"\" class=\"wp-image-27860\"\/><\/a><\/figure><\/div>\n\n\n\n<p>Acompanhadas de ilustra\u00e7\u00f5es do artista Michael Hague, adultos e crian\u00e7as poder\u00e3o se deliciar com lendas e f\u00e1bulas envolvendo nomes como S\u00e3o Francisco de Assis, considerado o protetor dos animais, G\u00eangis Khan, o fundador do Imp\u00e9rio Mongol, e at\u00e9 mesmo o primeiro presidente dos Estados Unidos, George Washington.<\/p>\n\n\n\n<div class=\"wp-block-image\"><figure class=\"aligncenter size-large is-resized\"><a href=\"https:\/\/www.legisjuris.com.br\/\"><img loading=\"lazy\" decoding=\"async\" src=\"https:\/\/jornalfatosenoticias.com.br\/wp-content\/uploads\/2024\/09\/Legis-Juris-Consultoria_logo.jpg\" alt=\"\" class=\"wp-image-53915\" width=\"415\" height=\"174\" srcset=\"https:\/\/jornalfatosenoticias.com.br\/wp-content\/uploads\/2024\/09\/Legis-Juris-Consultoria_logo.jpg 969w, https:\/\/jornalfatosenoticias.com.br\/wp-content\/uploads\/2024\/09\/Legis-Juris-Consultoria_logo-300x126.jpg 300w, https:\/\/jornalfatosenoticias.com.br\/wp-content\/uploads\/2024\/09\/Legis-Juris-Consultoria_logo-768x322.jpg 768w\" sizes=\"auto, (max-width: 415px) 100vw, 415px\" \/><\/a><\/figure><\/div>\n\n\n\n<p><strong><span class=\"has-inline-color has-vivid-purple-color\">Amoras (Emicida)<br><\/span><\/strong>Afinal, como falar sobre assuntos sens\u00edveis aos pequenos sem perder a magia e ternura comuns nos livros infantis? A resposta pode ser encontrada na obra de estreia do rapper Emicida, lan\u00e7ada em 2018 pelo dono das can\u00e7\u00f5es de sucesso \u201cAmarElo\u201d e \u201cTriunfo\u201d.<\/p>\n\n\n\n<div class=\"wp-block-image\"><figure class=\"aligncenter size-large is-resized\"><a href=\"https:\/\/www.controlsystems.com.br\/\"><img loading=\"lazy\" decoding=\"async\" src=\"https:\/\/jornalfatosenoticias.com.br\/wp-content\/uploads\/2020\/02\/CONTROL-CS.jpg\" alt=\"\" class=\"wp-image-44991\" width=\"274\" height=\"329\" srcset=\"https:\/\/jornalfatosenoticias.com.br\/wp-content\/uploads\/2020\/02\/CONTROL-CS.jpg 834w, https:\/\/jornalfatosenoticias.com.br\/wp-content\/uploads\/2020\/02\/CONTROL-CS-250x300.jpg 250w, https:\/\/jornalfatosenoticias.com.br\/wp-content\/uploads\/2020\/02\/CONTROL-CS-768x921.jpg 768w\" sizes=\"auto, (max-width: 274px) 100vw, 274px\" \/><\/a><\/figure><\/div>\n\n\n\n<p>No livro, inspirado em uma conversa com a pr\u00f3pria filha, o m\u00fasico narra o trajeto de uma garotinha negra se reconhecendo no mundo, com reflex\u00f5es l\u00fadicas acerca de tem\u00e1ticas como racismo, autoaceita\u00e7\u00e3o e diversidade. Personalidades como Martin Luther King e Zumbi dos Palmares tamb\u00e9m s\u00e3o apresentados aos leitores ao longo das 44 p\u00e1ginas, que, devido ao grande sucesso, j\u00e1 lhe renderam a publica\u00e7\u00e3o da segunda hist\u00f3ria \u201cE foi assim que eu e a Escurid\u00e3o ficamos amigas\u201d.<\/p>\n\n\n\n<div class=\"wp-block-image\"><figure class=\"aligncenter size-large is-resized\"><a href=\"https:\/\/www.instagram.com\/vmais.midias\/\"><img loading=\"lazy\" decoding=\"async\" src=\"https:\/\/jornalfatosenoticias.com.br\/wp-content\/uploads\/2020\/02\/DE-MAIS-DESTAQUE-VMAIS-800X700.png\" alt=\"\" class=\"wp-image-53112\" width=\"310\" height=\"271\" srcset=\"https:\/\/jornalfatosenoticias.com.br\/wp-content\/uploads\/2020\/02\/DE-MAIS-DESTAQUE-VMAIS-800X700.png 800w, https:\/\/jornalfatosenoticias.com.br\/wp-content\/uploads\/2020\/02\/DE-MAIS-DESTAQUE-VMAIS-800X700-300x263.png 300w, https:\/\/jornalfatosenoticias.com.br\/wp-content\/uploads\/2020\/02\/DE-MAIS-DESTAQUE-VMAIS-800X700-768x672.png 768w\" sizes=\"auto, (max-width: 310px) 100vw, 310px\" \/><\/a><\/figure><\/div>\n\n\n\n<p><strong><span class=\"has-inline-color has-vivid-purple-color\">Malala, a Menina Que Queria Ir para a Escola (Adriana Carranca)<br><\/span><\/strong>Nessa hist\u00f3ria que promete emocionar as crian\u00e7as, a jornalista brasileira Adriana Carranca narra, em uma linguagem acess\u00edvel aos pequenos, a hist\u00f3ria inspiradora de Malala Yousafzai \u2014 a mais jovem ganhadora do pr\u00eamio Nobel da Paz e, em suas palavras, o \u201cexemplo de como uma pessoa e um sonho podem mudar o mundo\u201d.<\/p>\n\n\n\n<div class=\"wp-block-image\"><figure class=\"aligncenter size-large is-resized\"><a href=\"https:\/\/www.instagram.com\/serra4x4cambioautomatico\/\"><img loading=\"lazy\" decoding=\"async\" src=\"https:\/\/jornalfatosenoticias.com.br\/wp-content\/uploads\/2024\/08\/Serra-4x4-1-886x1024.jpg\" alt=\"\" class=\"wp-image-53632\" width=\"289\" height=\"334\" srcset=\"https:\/\/jornalfatosenoticias.com.br\/wp-content\/uploads\/2024\/08\/Serra-4x4-1-886x1024.jpg 886w, https:\/\/jornalfatosenoticias.com.br\/wp-content\/uploads\/2024\/08\/Serra-4x4-1-260x300.jpg 260w, https:\/\/jornalfatosenoticias.com.br\/wp-content\/uploads\/2024\/08\/Serra-4x4-1-768x888.jpg 768w, https:\/\/jornalfatosenoticias.com.br\/wp-content\/uploads\/2024\/08\/Serra-4x4-1.jpg 1181w\" sizes=\"auto, (max-width: 289px) 100vw, 289px\" \/><\/a><\/figure><\/div>\n\n\n\n<p>Grande nome do ativismo pelos direitos femininos \u00e0 educa\u00e7\u00e3o, a garota paquistanesa se tornou mundialmente famosa ao criar, em 2008, o blog \u201cDi\u00e1rio de uma Estudante Paquistanesa\u201d, em que refletia sobre sua rela\u00e7\u00e3o com os estudos em meio \u00e0s imposi\u00e7\u00f5es do regime Talib\u00e3, que proibia as mulheres de irem \u00e0 escola. \u00c0 \u00e9poca, sobretudo ap\u00f3s resistir a um atentado do grupo, suas palavras ecoaram por todo o planeta, a transformando em um s\u00edmbolo da batalha pela educa\u00e7\u00e3o dentro e fora do Paquist\u00e3o.<\/p>\n\n\n\n<div class=\"wp-block-image\"><figure class=\"aligncenter size-large is-resized\"><a href=\"https:\/\/www.ithbrasil.com.br\/\"><img loading=\"lazy\" decoding=\"async\" src=\"https:\/\/jornalfatosenoticias.com.br\/wp-content\/uploads\/2023\/08\/ITH.jpeg\" alt=\"\" class=\"wp-image-44638\" width=\"307\" height=\"249\" srcset=\"https:\/\/jornalfatosenoticias.com.br\/wp-content\/uploads\/2023\/08\/ITH.jpeg 800w, https:\/\/jornalfatosenoticias.com.br\/wp-content\/uploads\/2023\/08\/ITH-300x244.jpeg 300w, https:\/\/jornalfatosenoticias.com.br\/wp-content\/uploads\/2023\/08\/ITH-768x624.jpeg 768w\" sizes=\"auto, (max-width: 307px) 100vw, 307px\" \/><\/a><\/figure><\/div>\n\n\n\n<p><strong><span class=\"has-inline-color has-vivid-purple-color\">Os Direitos das Crian\u00e7as (Ruth Rocha)<br><\/span><\/strong>Fazer com que crian\u00e7as de todas as idades tenham consci\u00eancia de seus direitos, em especial o direito \u00e0 felicidade. Esse \u00e9 o objetivo da obra, segundo a pr\u00f3pria autora, Ruth Rocha, uma das expoentes mais consagradas da literatura infantil brasileira \u2014 conhecida por sucessos amplamente adotados nas escolas de Norte a Sul do pa\u00eds, dos quais se destaca o cl\u00e1ssico \u201cMarcelo, Marmelo, Martelo\u201d (1999).<\/p>\n\n\n\n<div class=\"wp-block-image\"><figure class=\"aligncenter size-large is-resized\"><a href=\"https:\/\/www.instagram.com\/ligadossaborespizzaria\/\"><img loading=\"lazy\" decoding=\"async\" src=\"https:\/\/jornalfatosenoticias.com.br\/wp-content\/uploads\/2024\/09\/WhatsApp-Image-2024-09-14-at-22.46.10-819x1024.jpeg\" alt=\"\" class=\"wp-image-54180\" width=\"287\" height=\"359\" srcset=\"https:\/\/jornalfatosenoticias.com.br\/wp-content\/uploads\/2024\/09\/WhatsApp-Image-2024-09-14-at-22.46.10-819x1024.jpeg 819w, https:\/\/jornalfatosenoticias.com.br\/wp-content\/uploads\/2024\/09\/WhatsApp-Image-2024-09-14-at-22.46.10-240x300.jpeg 240w, https:\/\/jornalfatosenoticias.com.br\/wp-content\/uploads\/2024\/09\/WhatsApp-Image-2024-09-14-at-22.46.10-768x960.jpeg 768w, https:\/\/jornalfatosenoticias.com.br\/wp-content\/uploads\/2024\/09\/WhatsApp-Image-2024-09-14-at-22.46.10.jpeg 1024w\" sizes=\"auto, (max-width: 287px) 100vw, 287px\" \/><\/a><\/figure><\/div>\n\n\n\n<p>Entre reflex\u00f5es que v\u00e3o da import\u00e2ncia da prote\u00e7\u00e3o ao valor das brincadeiras mais simples, o livro da escritora paulista traz um longo poema que se concentra nos mais diversos exemplos do que deveria estar ao alcance de qualquer pequeno para uma inf\u00e2ncia feliz: ter quem penteie os cabelos, ouvir m\u00fasica e dan\u00e7ar, festinha de S\u00e3o Jo\u00e3o com fogueira e bombinha\u2026 Imposs\u00edvel n\u00e3o se identificar com alguns de seus versos, independentemente, ali\u00e1s, da idade.<\/p>\n\n\n\n<div class=\"wp-block-image\"><figure class=\"aligncenter size-large is-resized\"><a href=\"https:\/\/www.instagram.com\/restaurantepegoretti\/\"><img loading=\"lazy\" decoding=\"async\" src=\"https:\/\/jornalfatosenoticias.com.br\/wp-content\/uploads\/2023\/12\/pegoretti-logo-pdf-1024x389.jpg\" alt=\"\" class=\"wp-image-47536\" width=\"414\" height=\"157\" srcset=\"https:\/\/jornalfatosenoticias.com.br\/wp-content\/uploads\/2023\/12\/pegoretti-logo-pdf-1024x389.jpg 1024w, https:\/\/jornalfatosenoticias.com.br\/wp-content\/uploads\/2023\/12\/pegoretti-logo-pdf-300x114.jpg 300w, https:\/\/jornalfatosenoticias.com.br\/wp-content\/uploads\/2023\/12\/pegoretti-logo-pdf-768x291.jpg 768w, https:\/\/jornalfatosenoticias.com.br\/wp-content\/uploads\/2023\/12\/pegoretti-logo-pdf.jpg 1120w\" sizes=\"auto, (max-width: 414px) 100vw, 414px\" \/><\/a><\/figure><\/div>\n\n\n\n<p><strong><span class=\"has-inline-color has-vivid-purple-color\">A Menina do Narizinho Arrebitado (Monteiro Lobato)<br><\/span><\/strong>Uma das mais emblem\u00e1ticas obras de Monteiro Lobato, que traz a hist\u00f3ria da garota de nariz arrebitado, permanece entre as mais buscadas pelos leitores mirins, mesmo cem anos depois de sua publica\u00e7\u00e3o. Trata-se do primeiro livro da s\u00e9rie ambientada no S\u00edtio do Picapau Amarelo, em que a menina esperta e chegada a travessuras se diverte na beira de um rio, localizado no s\u00edtio em que mora com a av\u00f3 e a Tia Nast\u00e1cia. A brincadeira, no entanto, logo se torna uma grande aventura, contando com a presen\u00e7a de personagens como a boneca Em\u00edlia, o Pr\u00edncipe Escamoso do Reino das \u00c1guas Claras e o Doutor Caramujo.<\/p>\n\n\n\n<div class=\"wp-block-image\"><figure class=\"aligncenter size-large\"><a href=\"https:\/\/www.instagram.com\/esteiochurrascaria\/\"><img decoding=\"async\" src=\"https:\/\/jornalfatosenoticias.com.br\/wp-content\/uploads\/2020\/02\/logo_esteio.jpg\" alt=\"\" class=\"wp-image-1214\"\/><\/a><\/figure><\/div>\n\n\n\n<p><strong><span class=\"has-inline-color has-vivid-purple-color\">Pedro Vira Porco-espinho (Janaina Tokitaka)<br><\/span><\/strong>Explicar \u00e0s crian\u00e7as qual a origem das nossas emo\u00e7\u00f5es pode at\u00e9 ser uma tarefa dif\u00edcil, mas Janaina Tokitaka parece ter encontrado uma boa forma de fazer isso: por meio da hist\u00f3ria de Pedro, um garotinho que, quando est\u00e1 diante de situa\u00e7\u00f5es que saem do controle, se transforma literalmente em um\u2026 porco-espinho. Sem d\u00favidas uma excelente oportunidade para introduzir os pequenos ao mundo dos sentimentos \u2014 com os quais precisar\u00e3o lidar pelo resto da vida.<\/p>\n\n\n\n<div class=\"wp-block-image\"><figure class=\"aligncenter size-large is-resized\"><a href=\"https:\/\/www.facebook.com\/postobkr\/?locale=pt_BR\"><img loading=\"lazy\" decoding=\"async\" src=\"https:\/\/jornalfatosenoticias.com.br\/wp-content\/uploads\/2023\/08\/BKR-1024x1021.jpg\" alt=\"\" class=\"wp-image-44494\" width=\"284\" height=\"283\" srcset=\"https:\/\/jornalfatosenoticias.com.br\/wp-content\/uploads\/2023\/08\/BKR-1024x1021.jpg 1024w, https:\/\/jornalfatosenoticias.com.br\/wp-content\/uploads\/2023\/08\/BKR-300x300.jpg 300w, https:\/\/jornalfatosenoticias.com.br\/wp-content\/uploads\/2023\/08\/BKR-150x150.jpg 150w, https:\/\/jornalfatosenoticias.com.br\/wp-content\/uploads\/2023\/08\/BKR-768x766.jpg 768w, https:\/\/jornalfatosenoticias.com.br\/wp-content\/uploads\/2023\/08\/BKR.jpg 1080w\" sizes=\"auto, (max-width: 284px) 100vw, 284px\" \/><\/a><\/figure><\/div>\n\n\n\n<p><strong><span class=\"has-inline-color has-vivid-purple-color\">Romeu e Julieta (Ruth Rocha)<br><\/span><\/strong>N\u00e3o, essa n\u00e3o \u00e9 a hist\u00f3ria de dois amantes apaixonados fadados a um destino tr\u00e1gico, ou pelo menos n\u00e3o exatamente isso. \u00c9 que, nas m\u00e3os de Ruth Rocha, a pe\u00e7a shakespeariana mais famosa de todos os tempos ganha ares ainda mais fantasiosos, com um casal de borboletas enfrentando a rixa e rivalidade entre suas fam\u00edlias para \u201csa\u00edrem por a\u00ed borboletando juntos\u201d.<\/p>\n\n\n\n<div class=\"wp-block-image\"><figure class=\"aligncenter size-large is-resized\"><img loading=\"lazy\" decoding=\"async\" src=\"https:\/\/jornalfatosenoticias.com.br\/wp-content\/uploads\/2022\/02\/Precisao-Contabilidade-1024x724.jpg\" alt=\"\" class=\"wp-image-28088\" width=\"332\" height=\"235\"\/><\/figure><\/div>\n\n\n\n<p>Al\u00e9m do texto fluido da escritora, que sabe como ningu\u00e9m se comunicar com os p\u00fablicos mais jovens, os desenhos de Mariana Massarani t\u00eam tudo para deixar os leitores encantados por Romeu e Julieta, bem como curiosos para conhecer o texto integral do amado Bardo.<\/p>\n\n\n\n<div class=\"wp-block-image\"><figure class=\"aligncenter size-large is-resized\"><a href=\"https:\/\/hotelmarquetti.com.br\/\"><img loading=\"lazy\" decoding=\"async\" src=\"https:\/\/jornalfatosenoticias.com.br\/wp-content\/uploads\/2020\/02\/nova-logo-Marquetti.jpg\" alt=\"\" class=\"wp-image-22331\" width=\"324\" height=\"217\" srcset=\"https:\/\/jornalfatosenoticias.com.br\/wp-content\/uploads\/2020\/02\/nova-logo-Marquetti.jpg 643w, https:\/\/jornalfatosenoticias.com.br\/wp-content\/uploads\/2020\/02\/nova-logo-Marquetti-300x202.jpg 300w\" sizes=\"auto, (max-width: 324px) 100vw, 324px\" \/><\/a><\/figure><\/div>\n\n\n\n<p><strong><span class=\"has-inline-color has-vivid-purple-color\">O Pequeno Pr\u00edncipe para Crian\u00e7as Pequenas (Antoine de Saint-Exup\u00e9ry)<br><\/span><\/strong>Com essa vers\u00e3o adaptada da hist\u00f3ria de \u201cO Pequeno Pr\u00edncipe\u201d, at\u00e9 mesmo quem ainda n\u00e3o sabe ler poder\u00e1 se encantar com a narrativa do principezinho que parte em uma viagem emocionante em busca do seu amigo. Traduzida e adaptada cuidadosamente por Geraldo Carneiro e Ana Paula Pedro, a obra, indicada sobretudo a crian\u00e7as de at\u00e9 seis anos, mant\u00e9m as mensagens do livro de Saint-Exup\u00e9ry sobre amor, esperan\u00e7a e amizade \u2014 mas investe numa linguagem ainda mais simples e acess\u00edvel, no geral constitu\u00edda de duas ou tr\u00eas frases por p\u00e1gina.<\/p>\n\n\n\n<div class=\"wp-block-image\"><figure class=\"aligncenter size-large is-resized\"><a href=\"https:\/\/www.facebook.com\/vetor.vix\/\"><img loading=\"lazy\" decoding=\"async\" src=\"https:\/\/jornalfatosenoticias.com.br\/wp-content\/uploads\/2023\/09\/vetorvix1024_1.jpg\" alt=\"\" class=\"wp-image-44868\" width=\"558\" height=\"148\" srcset=\"https:\/\/jornalfatosenoticias.com.br\/wp-content\/uploads\/2023\/09\/vetorvix1024_1.jpg 1024w, https:\/\/jornalfatosenoticias.com.br\/wp-content\/uploads\/2023\/09\/vetorvix1024_1-300x80.jpg 300w, https:\/\/jornalfatosenoticias.com.br\/wp-content\/uploads\/2023\/09\/vetorvix1024_1-768x205.jpg 768w\" sizes=\"auto, (max-width: 558px) 100vw, 558px\" \/><\/a><\/figure><\/div>\n\n\n\n<p><strong><em>Fonte: <a href=\"https:\/\/cangurunews.com.br\/buscas-online-por-historias-infantis-cresce-22-em-um-ano\/\">Canguru News<\/a><\/em><\/strong><\/p>\n","protected":false},"excerpt":{"rendered":"<p>Entre os livros mais procurados est\u00e3o cl\u00e1ssicos como &#8220;O Pequeno Pr\u00edncipe&#8221; e sucessos nacionais de Monteiro Lobato, Ruth Rocha e Emicida Apesar da concorr\u00eancia desafiadora das telas, a crian\u00e7ada n\u00e3o perdeu o interesse pelos livros infantis. Ao menos, \u00e9 o que mostra um novo levantamento que analisou as pesquisas no Google realizadas por brasileiros durante [&hellip;]<\/p>\n","protected":false},"author":2,"featured_media":54955,"comment_status":"open","ping_status":"open","sticky":false,"template":"","format":"standard","meta":{"footnotes":""},"categories":[7],"tags":[25047,16175,4860,4654,1080,1388,22969],"class_list":["post-54953","post","type-post","status-publish","format-standard","has-post-thumbnail","hentry","category-educacao","tag-classicos-literarios","tag-diversao","tag-leitura","tag-leitura-infantil","tag-livros-infantis","tag-monteiro-lobato","tag-ruth-rocha"],"yoast_head":"<!-- This site is optimized with the Yoast SEO plugin v26.5 - https:\/\/yoast.com\/wordpress\/plugins\/seo\/ -->\n<title>Buscas on-line por hist\u00f3rias infantis crescem 22% em um ano - Jornal Fatos e Not\u00edcias<\/title>\n<meta name=\"robots\" content=\"index, follow, max-snippet:-1, max-image-preview:large, max-video-preview:-1\" \/>\n<link rel=\"canonical\" href=\"https:\/\/jornalfatosenoticias.com.br\/index.php\/2024\/10\/16\/buscas-on-line-por-historias-infantis-crescem-22-em-um-ano\/\" \/>\n<meta property=\"og:locale\" content=\"pt_BR\" \/>\n<meta property=\"og:type\" content=\"article\" \/>\n<meta property=\"og:title\" content=\"Buscas on-line por hist\u00f3rias infantis crescem 22% em um ano - Jornal Fatos e Not\u00edcias\" \/>\n<meta property=\"og:description\" content=\"Entre os livros mais procurados est\u00e3o cl\u00e1ssicos como &#8220;O Pequeno Pr\u00edncipe&#8221; e sucessos nacionais de Monteiro Lobato, Ruth Rocha e Emicida Apesar da concorr\u00eancia desafiadora das telas, a crian\u00e7ada n\u00e3o perdeu o interesse pelos livros infantis. Ao menos, \u00e9 o que mostra um novo levantamento que analisou as pesquisas no Google realizadas por brasileiros durante [&hellip;]\" \/>\n<meta property=\"og:url\" content=\"https:\/\/jornalfatosenoticias.com.br\/index.php\/2024\/10\/16\/buscas-on-line-por-historias-infantis-crescem-22-em-um-ano\/\" \/>\n<meta property=\"og:site_name\" content=\"Jornal Fatos e Not\u00edcias\" \/>\n<meta property=\"article:published_time\" content=\"2024-10-16T12:45:08+00:00\" \/>\n<meta property=\"article:modified_time\" content=\"2024-10-16T12:45:10+00:00\" \/>\n<meta property=\"og:image\" content=\"https:\/\/jornalfatosenoticias.com.br\/wp-content\/uploads\/2024\/10\/Buscas-on-line-por-historias-infantis_freepik.jpg\" \/>\n\t<meta property=\"og:image:width\" content=\"1000\" \/>\n\t<meta property=\"og:image:height\" content=\"624\" \/>\n\t<meta property=\"og:image:type\" content=\"image\/jpeg\" \/>\n<meta name=\"author\" content=\"Luzimara Fernandes\" \/>\n<meta name=\"twitter:card\" content=\"summary_large_image\" \/>\n<meta name=\"twitter:label1\" content=\"Escrito por\" \/>\n\t<meta name=\"twitter:data1\" content=\"Luzimara Fernandes\" \/>\n\t<meta name=\"twitter:label2\" content=\"Est. tempo de leitura\" \/>\n\t<meta name=\"twitter:data2\" content=\"7 minutos\" \/>\n<script type=\"application\/ld+json\" class=\"yoast-schema-graph\">{\"@context\":\"https:\/\/schema.org\",\"@graph\":[{\"@type\":\"Article\",\"@id\":\"https:\/\/jornalfatosenoticias.com.br\/index.php\/2024\/10\/16\/buscas-on-line-por-historias-infantis-crescem-22-em-um-ano\/#article\",\"isPartOf\":{\"@id\":\"https:\/\/jornalfatosenoticias.com.br\/index.php\/2024\/10\/16\/buscas-on-line-por-historias-infantis-crescem-22-em-um-ano\/\"},\"author\":{\"name\":\"Luzimara Fernandes\",\"@id\":\"https:\/\/jornalfatosenoticias.com.br\/#\/schema\/person\/d63837fa13ac8666eb9e74e0985d6f81\"},\"headline\":\"Buscas on-line por hist\u00f3rias infantis crescem 22% em um ano\",\"datePublished\":\"2024-10-16T12:45:08+00:00\",\"dateModified\":\"2024-10-16T12:45:10+00:00\",\"mainEntityOfPage\":{\"@id\":\"https:\/\/jornalfatosenoticias.com.br\/index.php\/2024\/10\/16\/buscas-on-line-por-historias-infantis-crescem-22-em-um-ano\/\"},\"wordCount\":1340,\"commentCount\":0,\"publisher\":{\"@id\":\"https:\/\/jornalfatosenoticias.com.br\/#organization\"},\"image\":{\"@id\":\"https:\/\/jornalfatosenoticias.com.br\/index.php\/2024\/10\/16\/buscas-on-line-por-historias-infantis-crescem-22-em-um-ano\/#primaryimage\"},\"thumbnailUrl\":\"https:\/\/jornalfatosenoticias.com.br\/wp-content\/uploads\/2024\/10\/Buscas-on-line-por-historias-infantis_freepik.jpg\",\"keywords\":[\"cl\u00e1ssicos liter\u00e1rios\",\"divers\u00e3o\",\"leitura\",\"leitura infantil\",\"livros infantis\",\"Monteiro Lobato\",\"Ruth Rocha\"],\"articleSection\":[\"Educa\u00e7\u00e3o\"],\"inLanguage\":\"pt-BR\",\"potentialAction\":[{\"@type\":\"CommentAction\",\"name\":\"Comment\",\"target\":[\"https:\/\/jornalfatosenoticias.com.br\/index.php\/2024\/10\/16\/buscas-on-line-por-historias-infantis-crescem-22-em-um-ano\/#respond\"]}]},{\"@type\":\"WebPage\",\"@id\":\"https:\/\/jornalfatosenoticias.com.br\/index.php\/2024\/10\/16\/buscas-on-line-por-historias-infantis-crescem-22-em-um-ano\/\",\"url\":\"https:\/\/jornalfatosenoticias.com.br\/index.php\/2024\/10\/16\/buscas-on-line-por-historias-infantis-crescem-22-em-um-ano\/\",\"name\":\"Buscas on-line por hist\u00f3rias infantis crescem 22% em um ano - Jornal Fatos e Not\u00edcias\",\"isPartOf\":{\"@id\":\"https:\/\/jornalfatosenoticias.com.br\/#website\"},\"primaryImageOfPage\":{\"@id\":\"https:\/\/jornalfatosenoticias.com.br\/index.php\/2024\/10\/16\/buscas-on-line-por-historias-infantis-crescem-22-em-um-ano\/#primaryimage\"},\"image\":{\"@id\":\"https:\/\/jornalfatosenoticias.com.br\/index.php\/2024\/10\/16\/buscas-on-line-por-historias-infantis-crescem-22-em-um-ano\/#primaryimage\"},\"thumbnailUrl\":\"https:\/\/jornalfatosenoticias.com.br\/wp-content\/uploads\/2024\/10\/Buscas-on-line-por-historias-infantis_freepik.jpg\",\"datePublished\":\"2024-10-16T12:45:08+00:00\",\"dateModified\":\"2024-10-16T12:45:10+00:00\",\"breadcrumb\":{\"@id\":\"https:\/\/jornalfatosenoticias.com.br\/index.php\/2024\/10\/16\/buscas-on-line-por-historias-infantis-crescem-22-em-um-ano\/#breadcrumb\"},\"inLanguage\":\"pt-BR\",\"potentialAction\":[{\"@type\":\"ReadAction\",\"target\":[\"https:\/\/jornalfatosenoticias.com.br\/index.php\/2024\/10\/16\/buscas-on-line-por-historias-infantis-crescem-22-em-um-ano\/\"]}]},{\"@type\":\"ImageObject\",\"inLanguage\":\"pt-BR\",\"@id\":\"https:\/\/jornalfatosenoticias.com.br\/index.php\/2024\/10\/16\/buscas-on-line-por-historias-infantis-crescem-22-em-um-ano\/#primaryimage\",\"url\":\"https:\/\/jornalfatosenoticias.com.br\/wp-content\/uploads\/2024\/10\/Buscas-on-line-por-historias-infantis_freepik.jpg\",\"contentUrl\":\"https:\/\/jornalfatosenoticias.com.br\/wp-content\/uploads\/2024\/10\/Buscas-on-line-por-historias-infantis_freepik.jpg\",\"width\":1000,\"height\":624},{\"@type\":\"BreadcrumbList\",\"@id\":\"https:\/\/jornalfatosenoticias.com.br\/index.php\/2024\/10\/16\/buscas-on-line-por-historias-infantis-crescem-22-em-um-ano\/#breadcrumb\",\"itemListElement\":[{\"@type\":\"ListItem\",\"position\":1,\"name\":\"In\u00edcio\",\"item\":\"https:\/\/jornalfatosenoticias.com.br\/\"},{\"@type\":\"ListItem\",\"position\":2,\"name\":\"Buscas on-line por hist\u00f3rias infantis crescem 22% em um ano\"}]},{\"@type\":\"WebSite\",\"@id\":\"https:\/\/jornalfatosenoticias.com.br\/#website\",\"url\":\"https:\/\/jornalfatosenoticias.com.br\/\",\"name\":\"Jornal Fatos e Not\u00edcias\",\"description\":\"Not\u00edcias em geral\",\"publisher\":{\"@id\":\"https:\/\/jornalfatosenoticias.com.br\/#organization\"},\"potentialAction\":[{\"@type\":\"SearchAction\",\"target\":{\"@type\":\"EntryPoint\",\"urlTemplate\":\"https:\/\/jornalfatosenoticias.com.br\/?s={search_term_string}\"},\"query-input\":{\"@type\":\"PropertyValueSpecification\",\"valueRequired\":true,\"valueName\":\"search_term_string\"}}],\"inLanguage\":\"pt-BR\"},{\"@type\":\"Organization\",\"@id\":\"https:\/\/jornalfatosenoticias.com.br\/#organization\",\"name\":\"Jornal Fatos e Not\u00edcias\",\"url\":\"https:\/\/jornalfatosenoticias.com.br\/\",\"logo\":{\"@type\":\"ImageObject\",\"inLanguage\":\"pt-BR\",\"@id\":\"https:\/\/jornalfatosenoticias.com.br\/#\/schema\/logo\/image\/\",\"url\":\"https:\/\/jornalfatosenoticias.com.br\/wp-content\/uploads\/2020\/02\/logo120.png\",\"contentUrl\":\"https:\/\/jornalfatosenoticias.com.br\/wp-content\/uploads\/2020\/02\/logo120.png\",\"width\":1227,\"height\":120,\"caption\":\"Jornal Fatos e Not\u00edcias\"},\"image\":{\"@id\":\"https:\/\/jornalfatosenoticias.com.br\/#\/schema\/logo\/image\/\"}},{\"@type\":\"Person\",\"@id\":\"https:\/\/jornalfatosenoticias.com.br\/#\/schema\/person\/d63837fa13ac8666eb9e74e0985d6f81\",\"name\":\"Luzimara Fernandes\",\"image\":{\"@type\":\"ImageObject\",\"inLanguage\":\"pt-BR\",\"@id\":\"https:\/\/jornalfatosenoticias.com.br\/#\/schema\/person\/image\/\",\"url\":\"https:\/\/jornalfatosenoticias.com.br\/wp-content\/uploads\/2025\/05\/EU_portal.jpg\",\"contentUrl\":\"https:\/\/jornalfatosenoticias.com.br\/wp-content\/uploads\/2025\/05\/EU_portal.jpg\",\"caption\":\"Luzimara Fernandes\"},\"description\":\"Jornalista MTB 2358-ES\",\"sameAs\":[\"https:\/\/jornalfatosenoticias.com.br\"],\"url\":\"https:\/\/jornalfatosenoticias.com.br\/index.php\/author\/luzimara\/\"}]}<\/script>\n<!-- \/ Yoast SEO plugin. -->","yoast_head_json":{"title":"Buscas on-line por hist\u00f3rias infantis crescem 22% em um ano - Jornal Fatos e Not\u00edcias","robots":{"index":"index","follow":"follow","max-snippet":"max-snippet:-1","max-image-preview":"max-image-preview:large","max-video-preview":"max-video-preview:-1"},"canonical":"https:\/\/jornalfatosenoticias.com.br\/index.php\/2024\/10\/16\/buscas-on-line-por-historias-infantis-crescem-22-em-um-ano\/","og_locale":"pt_BR","og_type":"article","og_title":"Buscas on-line por hist\u00f3rias infantis crescem 22% em um ano - Jornal Fatos e Not\u00edcias","og_description":"Entre os livros mais procurados est\u00e3o cl\u00e1ssicos como &#8220;O Pequeno Pr\u00edncipe&#8221; e sucessos nacionais de Monteiro Lobato, Ruth Rocha e Emicida Apesar da concorr\u00eancia desafiadora das telas, a crian\u00e7ada n\u00e3o perdeu o interesse pelos livros infantis. Ao menos, \u00e9 o que mostra um novo levantamento que analisou as pesquisas no Google realizadas por brasileiros durante [&hellip;]","og_url":"https:\/\/jornalfatosenoticias.com.br\/index.php\/2024\/10\/16\/buscas-on-line-por-historias-infantis-crescem-22-em-um-ano\/","og_site_name":"Jornal Fatos e Not\u00edcias","article_published_time":"2024-10-16T12:45:08+00:00","article_modified_time":"2024-10-16T12:45:10+00:00","og_image":[{"width":1000,"height":624,"url":"https:\/\/jornalfatosenoticias.com.br\/wp-content\/uploads\/2024\/10\/Buscas-on-line-por-historias-infantis_freepik.jpg","type":"image\/jpeg"}],"author":"Luzimara Fernandes","twitter_card":"summary_large_image","twitter_misc":{"Escrito por":"Luzimara Fernandes","Est. tempo de leitura":"7 minutos"},"schema":{"@context":"https:\/\/schema.org","@graph":[{"@type":"Article","@id":"https:\/\/jornalfatosenoticias.com.br\/index.php\/2024\/10\/16\/buscas-on-line-por-historias-infantis-crescem-22-em-um-ano\/#article","isPartOf":{"@id":"https:\/\/jornalfatosenoticias.com.br\/index.php\/2024\/10\/16\/buscas-on-line-por-historias-infantis-crescem-22-em-um-ano\/"},"author":{"name":"Luzimara Fernandes","@id":"https:\/\/jornalfatosenoticias.com.br\/#\/schema\/person\/d63837fa13ac8666eb9e74e0985d6f81"},"headline":"Buscas on-line por hist\u00f3rias infantis crescem 22% em um ano","datePublished":"2024-10-16T12:45:08+00:00","dateModified":"2024-10-16T12:45:10+00:00","mainEntityOfPage":{"@id":"https:\/\/jornalfatosenoticias.com.br\/index.php\/2024\/10\/16\/buscas-on-line-por-historias-infantis-crescem-22-em-um-ano\/"},"wordCount":1340,"commentCount":0,"publisher":{"@id":"https:\/\/jornalfatosenoticias.com.br\/#organization"},"image":{"@id":"https:\/\/jornalfatosenoticias.com.br\/index.php\/2024\/10\/16\/buscas-on-line-por-historias-infantis-crescem-22-em-um-ano\/#primaryimage"},"thumbnailUrl":"https:\/\/jornalfatosenoticias.com.br\/wp-content\/uploads\/2024\/10\/Buscas-on-line-por-historias-infantis_freepik.jpg","keywords":["cl\u00e1ssicos liter\u00e1rios","divers\u00e3o","leitura","leitura infantil","livros infantis","Monteiro Lobato","Ruth Rocha"],"articleSection":["Educa\u00e7\u00e3o"],"inLanguage":"pt-BR","potentialAction":[{"@type":"CommentAction","name":"Comment","target":["https:\/\/jornalfatosenoticias.com.br\/index.php\/2024\/10\/16\/buscas-on-line-por-historias-infantis-crescem-22-em-um-ano\/#respond"]}]},{"@type":"WebPage","@id":"https:\/\/jornalfatosenoticias.com.br\/index.php\/2024\/10\/16\/buscas-on-line-por-historias-infantis-crescem-22-em-um-ano\/","url":"https:\/\/jornalfatosenoticias.com.br\/index.php\/2024\/10\/16\/buscas-on-line-por-historias-infantis-crescem-22-em-um-ano\/","name":"Buscas on-line por hist\u00f3rias infantis crescem 22% em um ano - Jornal Fatos e Not\u00edcias","isPartOf":{"@id":"https:\/\/jornalfatosenoticias.com.br\/#website"},"primaryImageOfPage":{"@id":"https:\/\/jornalfatosenoticias.com.br\/index.php\/2024\/10\/16\/buscas-on-line-por-historias-infantis-crescem-22-em-um-ano\/#primaryimage"},"image":{"@id":"https:\/\/jornalfatosenoticias.com.br\/index.php\/2024\/10\/16\/buscas-on-line-por-historias-infantis-crescem-22-em-um-ano\/#primaryimage"},"thumbnailUrl":"https:\/\/jornalfatosenoticias.com.br\/wp-content\/uploads\/2024\/10\/Buscas-on-line-por-historias-infantis_freepik.jpg","datePublished":"2024-10-16T12:45:08+00:00","dateModified":"2024-10-16T12:45:10+00:00","breadcrumb":{"@id":"https:\/\/jornalfatosenoticias.com.br\/index.php\/2024\/10\/16\/buscas-on-line-por-historias-infantis-crescem-22-em-um-ano\/#breadcrumb"},"inLanguage":"pt-BR","potentialAction":[{"@type":"ReadAction","target":["https:\/\/jornalfatosenoticias.com.br\/index.php\/2024\/10\/16\/buscas-on-line-por-historias-infantis-crescem-22-em-um-ano\/"]}]},{"@type":"ImageObject","inLanguage":"pt-BR","@id":"https:\/\/jornalfatosenoticias.com.br\/index.php\/2024\/10\/16\/buscas-on-line-por-historias-infantis-crescem-22-em-um-ano\/#primaryimage","url":"https:\/\/jornalfatosenoticias.com.br\/wp-content\/uploads\/2024\/10\/Buscas-on-line-por-historias-infantis_freepik.jpg","contentUrl":"https:\/\/jornalfatosenoticias.com.br\/wp-content\/uploads\/2024\/10\/Buscas-on-line-por-historias-infantis_freepik.jpg","width":1000,"height":624},{"@type":"BreadcrumbList","@id":"https:\/\/jornalfatosenoticias.com.br\/index.php\/2024\/10\/16\/buscas-on-line-por-historias-infantis-crescem-22-em-um-ano\/#breadcrumb","itemListElement":[{"@type":"ListItem","position":1,"name":"In\u00edcio","item":"https:\/\/jornalfatosenoticias.com.br\/"},{"@type":"ListItem","position":2,"name":"Buscas on-line por hist\u00f3rias infantis crescem 22% em um ano"}]},{"@type":"WebSite","@id":"https:\/\/jornalfatosenoticias.com.br\/#website","url":"https:\/\/jornalfatosenoticias.com.br\/","name":"Jornal Fatos e Not\u00edcias","description":"Not\u00edcias em geral","publisher":{"@id":"https:\/\/jornalfatosenoticias.com.br\/#organization"},"potentialAction":[{"@type":"SearchAction","target":{"@type":"EntryPoint","urlTemplate":"https:\/\/jornalfatosenoticias.com.br\/?s={search_term_string}"},"query-input":{"@type":"PropertyValueSpecification","valueRequired":true,"valueName":"search_term_string"}}],"inLanguage":"pt-BR"},{"@type":"Organization","@id":"https:\/\/jornalfatosenoticias.com.br\/#organization","name":"Jornal Fatos e Not\u00edcias","url":"https:\/\/jornalfatosenoticias.com.br\/","logo":{"@type":"ImageObject","inLanguage":"pt-BR","@id":"https:\/\/jornalfatosenoticias.com.br\/#\/schema\/logo\/image\/","url":"https:\/\/jornalfatosenoticias.com.br\/wp-content\/uploads\/2020\/02\/logo120.png","contentUrl":"https:\/\/jornalfatosenoticias.com.br\/wp-content\/uploads\/2020\/02\/logo120.png","width":1227,"height":120,"caption":"Jornal Fatos e Not\u00edcias"},"image":{"@id":"https:\/\/jornalfatosenoticias.com.br\/#\/schema\/logo\/image\/"}},{"@type":"Person","@id":"https:\/\/jornalfatosenoticias.com.br\/#\/schema\/person\/d63837fa13ac8666eb9e74e0985d6f81","name":"Luzimara Fernandes","image":{"@type":"ImageObject","inLanguage":"pt-BR","@id":"https:\/\/jornalfatosenoticias.com.br\/#\/schema\/person\/image\/","url":"https:\/\/jornalfatosenoticias.com.br\/wp-content\/uploads\/2025\/05\/EU_portal.jpg","contentUrl":"https:\/\/jornalfatosenoticias.com.br\/wp-content\/uploads\/2025\/05\/EU_portal.jpg","caption":"Luzimara Fernandes"},"description":"Jornalista MTB 2358-ES","sameAs":["https:\/\/jornalfatosenoticias.com.br"],"url":"https:\/\/jornalfatosenoticias.com.br\/index.php\/author\/luzimara\/"}]}},"cc_featured_image_caption":{"caption_text":"(Foto: Freepik)","source_text":"","source_url":""},"jetpack_featured_media_url":"https:\/\/jornalfatosenoticias.com.br\/wp-content\/uploads\/2024\/10\/Buscas-on-line-por-historias-infantis_freepik.jpg","_links":{"self":[{"href":"https:\/\/jornalfatosenoticias.com.br\/index.php\/wp-json\/wp\/v2\/posts\/54953","targetHints":{"allow":["GET"]}}],"collection":[{"href":"https:\/\/jornalfatosenoticias.com.br\/index.php\/wp-json\/wp\/v2\/posts"}],"about":[{"href":"https:\/\/jornalfatosenoticias.com.br\/index.php\/wp-json\/wp\/v2\/types\/post"}],"author":[{"embeddable":true,"href":"https:\/\/jornalfatosenoticias.com.br\/index.php\/wp-json\/wp\/v2\/users\/2"}],"replies":[{"embeddable":true,"href":"https:\/\/jornalfatosenoticias.com.br\/index.php\/wp-json\/wp\/v2\/comments?post=54953"}],"version-history":[{"count":0,"href":"https:\/\/jornalfatosenoticias.com.br\/index.php\/wp-json\/wp\/v2\/posts\/54953\/revisions"}],"wp:featuredmedia":[{"embeddable":true,"href":"https:\/\/jornalfatosenoticias.com.br\/index.php\/wp-json\/wp\/v2\/media\/54955"}],"wp:attachment":[{"href":"https:\/\/jornalfatosenoticias.com.br\/index.php\/wp-json\/wp\/v2\/media?parent=54953"}],"wp:term":[{"taxonomy":"category","embeddable":true,"href":"https:\/\/jornalfatosenoticias.com.br\/index.php\/wp-json\/wp\/v2\/categories?post=54953"},{"taxonomy":"post_tag","embeddable":true,"href":"https:\/\/jornalfatosenoticias.com.br\/index.php\/wp-json\/wp\/v2\/tags?post=54953"}],"curies":[{"name":"wp","href":"https:\/\/api.w.org\/{rel}","templated":true}]}}