{"id":54972,"date":"2024-10-16T10:52:50","date_gmt":"2024-10-16T13:52:50","guid":{"rendered":"https:\/\/jornalfatosenoticias.com.br\/?p=54972"},"modified":"2024-10-16T10:52:51","modified_gmt":"2024-10-16T13:52:51","slug":"governo-tira-da-cartola-r-16-bilhoes-em-impostos-para-reforcar-caixa","status":"publish","type":"post","link":"https:\/\/jornalfatosenoticias.com.br\/index.php\/2024\/10\/16\/governo-tira-da-cartola-r-16-bilhoes-em-impostos-para-reforcar-caixa\/","title":{"rendered":"Governo \u201ctira da cartola\u201d R$ 16 bilh\u00f5es em impostos para refor\u00e7ar caixa"},"content":{"rendered":"\n<p><em><span class=\"has-inline-color has-black-color\">MP pretende elevar arrecada\u00e7\u00e3o do governo em R$ 16 bi<\/span><\/em><\/p>\n\n\n\n<p><span class=\"has-inline-color has-black-color\">Por <strong><a href=\"https:\/\/www.gazetadopovo.com.br\/autor\/rose-amantea\/\" rel=\"nofollow\">Rose Amant\u00e9a<\/a><\/strong><\/span><\/p>\n\n\n\n<div class=\"wp-block-image\"><figure class=\"aligncenter size-large\"><a href=\"https:\/\/mizu.com.br\/\"><img loading=\"lazy\" decoding=\"async\" width=\"729\" height=\"90\" src=\"https:\/\/jornalfatosenoticias.com.br\/wp-content\/uploads\/2020\/02\/Logo_Mizu.png\" alt=\"\" class=\"wp-image-1441\" srcset=\"https:\/\/jornalfatosenoticias.com.br\/wp-content\/uploads\/2020\/02\/Logo_Mizu.png 729w, https:\/\/jornalfatosenoticias.com.br\/wp-content\/uploads\/2020\/02\/Logo_Mizu-300x37.png 300w\" sizes=\"auto, (max-width: 729px) 100vw, 729px\" \/><\/a><\/figure><\/div>\n\n\n\n<p>Preocupado em fechar as contas do pr\u00f3ximo ano, o governo Luiz In\u00e1cio Lula da Silva (PT) \u201ctirou da cartola\u201d mais uma medida para elevar a arrecada\u00e7\u00e3o de 2025. A iniciativa afeta os bancos. Medida provis\u00f3ria editada neste m\u00eas pretende suprir os cofres p\u00fablicos em mais de R$ 16 bilh\u00f5es com o adiamento da dedu\u00e7\u00e3o, por parte dos bancos, das perdas com inadimpl\u00eancia da base de c\u00e1lculo do Imposto de Renda Pessoa Jur\u00eddica (IRPJ) e da Contribui\u00e7\u00e3o Social sobre o Lucro L\u00edquido (CSLL).<br>A dedu\u00e7\u00e3o foi autorizada pela Lei n\u00ba 14.467, de 2022, que permitia que os bancos considerassem como despesa, para fins de apura\u00e7\u00e3o do lucro tribut\u00e1vel, as opera\u00e7\u00f5es de cr\u00e9dito n\u00e3o pagas pelos clientes. A medida era justificada pela aus\u00eancia de acr\u00e9scimo patrimonial para os bancos.<\/p>\n\n\n\n<div class=\"wp-block-image\"><figure class=\"aligncenter size-large is-resized\"><img loading=\"lazy\" decoding=\"async\" src=\"https:\/\/jornalfatosenoticias.com.br\/wp-content\/uploads\/2022\/02\/Precisao-Contabilidade-1024x724.jpg\" alt=\"\" class=\"wp-image-28088\" width=\"406\" height=\"287\"\/><\/figure><\/div>\n\n\n\n<p>Com a MP, o in\u00edcio do prazo para os descontos, que seria em janeiro de 2025, passa para janeiro de 2026. Na pr\u00e1tica, o governo vai arrecadar dos bancos mais impostos que o previsto no ano que vem, adiando em um ano a perda tribut\u00e1ria e aliviando as contas p\u00fablicas no curto prazo.<\/p>\n\n\n\n<div class=\"wp-block-image\"><figure class=\"aligncenter size-large is-resized\"><a href=\"https:\/\/panper.com.br\/\"><img loading=\"lazy\" decoding=\"async\" src=\"https:\/\/jornalfatosenoticias.com.br\/wp-content\/uploads\/2023\/03\/logo-Panper_portal.jpg\" alt=\"\" class=\"wp-image-40208\" width=\"329\" height=\"228\" srcset=\"https:\/\/jornalfatosenoticias.com.br\/wp-content\/uploads\/2023\/03\/logo-Panper_portal.jpg 400w, https:\/\/jornalfatosenoticias.com.br\/wp-content\/uploads\/2023\/03\/logo-Panper_portal-300x208.jpg 300w\" sizes=\"auto, (max-width: 329px) 100vw, 329px\" \/><\/a><\/figure><\/div>\n\n\n\n<p>\u201cA inten\u00e7\u00e3o \u00e9 minimizar a queda de receita\u201d, explica o especialista em direito tribut\u00e1rio Leandro Roesler, da RMS Advogados. \u201cO governo tenta buscar o equil\u00edbrio entre a necessidade de preserva\u00e7\u00e3o da arrecada\u00e7\u00e3o e a mitiga\u00e7\u00e3o de impactos sobre o setor banc\u00e1rio num momento de aperto fiscal\u201d.<\/p>\n\n\n\n<div class=\"wp-block-image\"><figure class=\"aligncenter size-large is-resized\"><a href=\"https:\/\/www.legisjuris.com.br\/\"><img loading=\"lazy\" decoding=\"async\" src=\"https:\/\/jornalfatosenoticias.com.br\/wp-content\/uploads\/2024\/09\/Legis-Juris-Consultoria_logo.jpg\" alt=\"\" class=\"wp-image-53915\" width=\"453\" height=\"190\" srcset=\"https:\/\/jornalfatosenoticias.com.br\/wp-content\/uploads\/2024\/09\/Legis-Juris-Consultoria_logo.jpg 969w, https:\/\/jornalfatosenoticias.com.br\/wp-content\/uploads\/2024\/09\/Legis-Juris-Consultoria_logo-300x126.jpg 300w, https:\/\/jornalfatosenoticias.com.br\/wp-content\/uploads\/2024\/09\/Legis-Juris-Consultoria_logo-768x322.jpg 768w\" sizes=\"auto, (max-width: 453px) 100vw, 453px\" \/><\/a><\/figure><\/div>\n\n\n\n<p><strong><span class=\"has-inline-color has-black-color\">Mudan\u00e7a na dedu\u00e7\u00e3o de impostos foi discutida com bancos<br><\/span><\/strong>A MP alonga o prazo de dedu\u00e7\u00e3o de 36 meses para 84 meses, ou seja, sete anos. A institui\u00e7\u00e3o financeira pode optar por um prazo ainda mais longo, de 120 meses (dez anos). Isso significa que, a princ\u00edpio, a medida n\u00e3o beneficia os bancos, que n\u00e3o poder\u00e3o utilizar o benef\u00edcio fiscal em 2025. Ou seja, a recupera\u00e7\u00e3o das perdas ser\u00e1 postergada. Mas o assunto foi negociado entre o ministro da Fazenda, Fernando Haddad, e o presidente da Federa\u00e7\u00e3o Brasileira dos Bancos (Febraban), Isaac Sidney, em reuni\u00e3o em Bras\u00edlia, na v\u00e9spera do an\u00fancio.<\/p>\n\n\n\n<div class=\"wp-block-image\"><figure class=\"aligncenter size-large is-resized\"><a href=\"https:\/\/www.facebook.com\/postobkr\/?locale=pt_BR\"><img loading=\"lazy\" decoding=\"async\" src=\"https:\/\/jornalfatosenoticias.com.br\/wp-content\/uploads\/2023\/08\/BKR-1024x1021.jpg\" alt=\"\" class=\"wp-image-44494\" width=\"326\" height=\"325\" srcset=\"https:\/\/jornalfatosenoticias.com.br\/wp-content\/uploads\/2023\/08\/BKR-1024x1021.jpg 1024w, https:\/\/jornalfatosenoticias.com.br\/wp-content\/uploads\/2023\/08\/BKR-300x300.jpg 300w, https:\/\/jornalfatosenoticias.com.br\/wp-content\/uploads\/2023\/08\/BKR-150x150.jpg 150w, https:\/\/jornalfatosenoticias.com.br\/wp-content\/uploads\/2023\/08\/BKR-768x766.jpg 768w, https:\/\/jornalfatosenoticias.com.br\/wp-content\/uploads\/2023\/08\/BKR.jpg 1080w\" sizes=\"auto, (max-width: 326px) 100vw, 326px\" \/><\/a><\/figure><\/div>\n\n\n\n<p>Em coletiva \u00e0 imprensa, a subsecret\u00e1ria de Tributa\u00e7\u00e3o e Contencioso da Receita Federal, Claudia Pimentel, afirmou que a lei das dedu\u00e7\u00f5es foi aprovada em 2022 em \u201cclima de pandemia\u201d. Hoje, segundo o presidente da Febraban, o ritmo do cr\u00e9dito est\u00e1 em seu melhor momento depois da pandemia.<\/p>\n\n\n\n<div class=\"wp-block-image\"><figure class=\"aligncenter size-large is-resized\"><img loading=\"lazy\" decoding=\"async\" src=\"https:\/\/jornalfatosenoticias.com.br\/wp-content\/uploads\/2023\/12\/pegoretti-logo-pdf-1024x389.jpg\" alt=\"\" class=\"wp-image-47536\" width=\"422\" height=\"160\" srcset=\"https:\/\/jornalfatosenoticias.com.br\/wp-content\/uploads\/2023\/12\/pegoretti-logo-pdf-1024x389.jpg 1024w, https:\/\/jornalfatosenoticias.com.br\/wp-content\/uploads\/2023\/12\/pegoretti-logo-pdf-300x114.jpg 300w, https:\/\/jornalfatosenoticias.com.br\/wp-content\/uploads\/2023\/12\/pegoretti-logo-pdf-768x291.jpg 768w, https:\/\/jornalfatosenoticias.com.br\/wp-content\/uploads\/2023\/12\/pegoretti-logo-pdf.jpg 1120w\" sizes=\"auto, (max-width: 422px) 100vw, 422px\" \/><\/figure><\/div>\n\n\n\n<p>Com a MP, a concess\u00e3o de empr\u00e9stimos poder\u00e1 ser afetada, admitiu a representante da Receita. Caso a institui\u00e7\u00e3o n\u00e3o tenha uma rentabilidade suficiente para absorver as perdas, a reserva de capital poder\u00e1 ser menor e impedir a amplia\u00e7\u00e3o de recursos para financiamentos. Para Roesler, num primeiro momento, haver\u00e1 um aumento da carga tribut\u00e1ria para as institui\u00e7\u00f5es. Mas dever\u00e1 ser absorvido.<\/p>\n\n\n\n<div class=\"wp-block-image\"><figure class=\"aligncenter size-large\"><a href=\"https:\/\/www.instagram.com\/esteiochurrascaria\/\"><img decoding=\"async\" src=\"https:\/\/jornalfatosenoticias.com.br\/wp-content\/uploads\/2020\/02\/logo_esteio.jpg\" alt=\"\" class=\"wp-image-1214\"\/><\/a><\/figure><\/div>\n\n\n\n<blockquote class=\"wp-block-quote is-layout-flow wp-block-quote-is-layout-flow\"><p><span class=\"has-inline-color has-luminous-vivid-orange-color\">A dedu\u00e7\u00e3o \u00e9 um mecanismo cont\u00e1bil importante, pois permite que as institui\u00e7\u00f5es financeiras equilibrem suas obriga\u00e7\u00f5es tribut\u00e1rias com as perdas decorrentes de opera\u00e7\u00f5es de cr\u00e9dito malsucedidas\u201d, afirma. \u201cEsse impacto poder\u00e1 ser dilu\u00eddo ao longo de um prazo mais extenso, com a amplia\u00e7\u00e3o do per\u00edodo de dedu\u00e7\u00e3o para at\u00e9 120 meses\u201d.<\/span><\/p><\/blockquote>\n\n\n\n<p><em><span class=\"has-inline-color has-black-color\">Procurada pela Gazeta do Povo, a Febraban n\u00e3o se manifestou.<\/span><\/em><\/p>\n\n\n\n<div class=\"wp-block-image\"><figure class=\"aligncenter size-large is-resized\"><a href=\"https:\/\/www.instagram.com\/ligadossaborespizzaria\/\"><img loading=\"lazy\" decoding=\"async\" src=\"https:\/\/jornalfatosenoticias.com.br\/wp-content\/uploads\/2024\/09\/WhatsApp-Image-2024-09-14-at-22.46.10-819x1024.jpeg\" alt=\"\" class=\"wp-image-54180\" width=\"338\" height=\"421\"\/><\/a><\/figure><\/div>\n\n\n\n<p><strong><span class=\"has-inline-color has-black-color\">Iniciativa revela dificuldade de cumprir meta fiscal<br><\/span><\/strong>Para Guilherme Tinoco, do Instituto Brasileiro de Economia (FGV Ibre), a medida \u00e9 mais uma no rol de iniciativas tribut\u00e1rias que traduzem a dificuldade do governo para cumprir o arcabou\u00e7o fiscal. O or\u00e7amento enviado ao Congresso (PLOA 2025) prev\u00ea a arrecada\u00e7\u00e3o de cerca de R$ 168 bilh\u00f5es em receitas extras para alcan\u00e7ar a meta de d\u00e9ficit zero, prevista na regra fiscal, que tem limite de toler\u00e2ncia de 0,25% do Produto Interno Bruto (PIB).<\/p>\n\n\n\n<div class=\"wp-block-image\"><figure class=\"aligncenter size-large\"><a href=\"http:\/\/www.ferrarimaquinas.com.br\/\"><img loading=\"lazy\" decoding=\"async\" width=\"300\" height=\"250\" src=\"https:\/\/jornalfatosenoticias.com.br\/wp-content\/uploads\/2022\/02\/FERRARI_MAQUINAS-E-FERRAMENTAS2.jpg\" alt=\"\" class=\"wp-image-27860\"\/><\/a><\/figure><\/div>\n\n\n\n<p>\u201cO Or\u00e7amento tem que dar conta de entregar a meta e, para isso, \u00e9 preciso prever novas formas de arrecada\u00e7\u00e3o, j\u00e1 que a despesa est\u00e1 crescendo no limite\u201d, afirma Tinoco. \u201cO governo n\u00e3o quis abrir m\u00e3o de deixar a despesa aumentar tudo que podia, ent\u00e3o vai ter que arrumar um jeito de fechar as contas\u201d.<\/p>\n\n\n\n<div class=\"wp-block-image\"><figure class=\"aligncenter size-large is-resized\"><a href=\"https:\/\/www.ithbrasil.com.br\/\"><img loading=\"lazy\" decoding=\"async\" src=\"https:\/\/jornalfatosenoticias.com.br\/wp-content\/uploads\/2023\/08\/ITH.jpeg\" alt=\"\" class=\"wp-image-44638\" width=\"346\" height=\"281\" srcset=\"https:\/\/jornalfatosenoticias.com.br\/wp-content\/uploads\/2023\/08\/ITH.jpeg 800w, https:\/\/jornalfatosenoticias.com.br\/wp-content\/uploads\/2023\/08\/ITH-300x244.jpeg 300w, https:\/\/jornalfatosenoticias.com.br\/wp-content\/uploads\/2023\/08\/ITH-768x624.jpeg 768w\" sizes=\"auto, (max-width: 346px) 100vw, 346px\" \/><\/a><\/figure><\/div>\n\n\n\n<p>O recurso extra n\u00e3o est\u00e1 previsto no PLOA, mas \u00e9 um refor\u00e7o no caixa do governo. O Minist\u00e9rio da Fazenda argumenta que a iniciativa n\u00e3o tem car\u00e1ter arrecadat\u00f3rio, mas \u201cprudencial\u201d. A ideia, destacou a pasta em nota, \u00e9 utilizar o volume como forma de compensar perdas com \u201cmudan\u00e7as no sistema tribut\u00e1rio\u201d. O texto n\u00e3o detalha quais seriam essas perdas.<\/p>\n\n\n\n<div class=\"wp-block-image\"><figure class=\"aligncenter size-large is-resized\"><a href=\"https:\/\/www.instagram.com\/serra4x4cambioautomatico\/\"><img loading=\"lazy\" decoding=\"async\" src=\"https:\/\/jornalfatosenoticias.com.br\/wp-content\/uploads\/2024\/08\/Serra-4x4-1-886x1024.jpg\" alt=\"\" class=\"wp-image-53632\" width=\"319\" height=\"369\" srcset=\"https:\/\/jornalfatosenoticias.com.br\/wp-content\/uploads\/2024\/08\/Serra-4x4-1-886x1024.jpg 886w, https:\/\/jornalfatosenoticias.com.br\/wp-content\/uploads\/2024\/08\/Serra-4x4-1-260x300.jpg 260w, https:\/\/jornalfatosenoticias.com.br\/wp-content\/uploads\/2024\/08\/Serra-4x4-1-768x888.jpg 768w, https:\/\/jornalfatosenoticias.com.br\/wp-content\/uploads\/2024\/08\/Serra-4x4-1.jpg 1181w\" sizes=\"auto, (max-width: 319px) 100vw, 319px\" \/><\/a><\/figure><\/div>\n\n\n\n<p>\u201cEsses recursos ser\u00e3o destinados para outros projetos de lei que podem melhorar o sistema tribut\u00e1rio para torn\u00e1-lo mais justo e eficiente, como as aplica\u00e7\u00f5es financeiras e a revis\u00e3o das regras de TBU (tributa\u00e7\u00e3o de subsidi\u00e1rias operacionais no exterior das empresas brasileiras)\u201d, completou a nota.<br>Claudia Pimentel, da Receita, descartou que os recursos ser\u00e3o usados como compensa\u00e7\u00e3o para a isen\u00e7\u00e3o da faixa de Imposto de Renda de contribuintes que ganhem at\u00e9 R$ 5 mil, que vem sendo debatida no \u00e2mbito do governo. A reforma do IR tamb\u00e9m n\u00e3o est\u00e1 prevista no Or\u00e7amento.<\/p>\n\n\n\n<div class=\"wp-block-image\"><figure class=\"aligncenter size-large\"><a href=\"https:\/\/cesconetto.com.br\/\"><img loading=\"lazy\" decoding=\"async\" width=\"300\" height=\"250\" src=\"https:\/\/jornalfatosenoticias.com.br\/wp-content\/uploads\/2022\/02\/Banner-2.png\" alt=\"\" class=\"wp-image-27877\"\/><\/a><\/figure><\/div>\n\n\n\n<p><strong><span class=\"has-inline-color has-black-color\">N\u00famero de R$ 16 bilh\u00f5es em impostos de bancos foi &#8220;tirado da cartola&#8221;<br><\/span><\/strong>Para a tributarista Maria Carolina Gontijo, o governo n\u00e3o explicou como chegou \u00e0 receita de pelo menos R$ 16 bilh\u00f5es esperada com o adiamento dos prazos. <\/p>\n\n\n\n<blockquote class=\"wp-block-quote is-layout-flow wp-block-quote-is-layout-flow\"><p><span class=\"has-inline-color has-luminous-vivid-orange-color\">O n\u00famero de meses em que os bancos v\u00e3o ter que distribuir esse saldo que eles t\u00eam de perda pelo n\u00e3o recebimento de cr\u00e9ditos mais que dobrou\u201d, afirma Gontijo. \u201cDa\u00ed, sem mais dados, o governo \u2018tira da cartola\u2019 R$ 16 bilh\u00f5es. Ningu\u00e9m conseguiu, na realidade, entender como se chegou nele. Pode estar superestimado\u201d.<\/span><\/p><\/blockquote>\n\n\n\n<div class=\"wp-block-image\"><figure class=\"aligncenter size-large is-resized\"><a href=\"https:\/\/www.controlsystems.com.br\/\"><img loading=\"lazy\" decoding=\"async\" src=\"https:\/\/jornalfatosenoticias.com.br\/wp-content\/uploads\/2020\/02\/CONTROL-CS.jpg\" alt=\"\" class=\"wp-image-44991\" width=\"342\" height=\"410\" srcset=\"https:\/\/jornalfatosenoticias.com.br\/wp-content\/uploads\/2020\/02\/CONTROL-CS.jpg 834w, https:\/\/jornalfatosenoticias.com.br\/wp-content\/uploads\/2020\/02\/CONTROL-CS-250x300.jpg 250w, https:\/\/jornalfatosenoticias.com.br\/wp-content\/uploads\/2020\/02\/CONTROL-CS-768x921.jpg 768w\" sizes=\"auto, (max-width: 342px) 100vw, 342px\" \/><\/a><\/figure><\/div>\n\n\n\n<p>O otimismo na proje\u00e7\u00e3o de receitas, lembra a tributarista, \u00e9 uma pr\u00e1tica recorrente no governo. Um relat\u00f3rio da Institui\u00e7\u00e3o Fiscal Independente (IFI) calcula que a arrecada\u00e7\u00e3o estimada no PLOA do pr\u00f3ximo ano est\u00e1 superestimada em R$ 87,4 bilh\u00f5es.<\/p>\n\n\n\n<div class=\"wp-block-image\"><figure class=\"aligncenter size-large is-resized\"><a href=\"https:\/\/hotelmarquetti.com.br\/\"><img loading=\"lazy\" decoding=\"async\" src=\"https:\/\/jornalfatosenoticias.com.br\/wp-content\/uploads\/2023\/03\/nova-logo-Marquetti.jpg\" alt=\"\" class=\"wp-image-40207\" width=\"348\" height=\"234\" srcset=\"https:\/\/jornalfatosenoticias.com.br\/wp-content\/uploads\/2023\/03\/nova-logo-Marquetti.jpg 643w, https:\/\/jornalfatosenoticias.com.br\/wp-content\/uploads\/2023\/03\/nova-logo-Marquetti-300x202.jpg 300w\" sizes=\"auto, (max-width: 348px) 100vw, 348px\" \/><\/a><\/figure><\/div>\n\n\n\n<p>Proje\u00e7\u00f5es da Warren Investimentos, por sua vez, apontam para uma diferen\u00e7a de quase R$ 70 bilh\u00f5es a menos em rela\u00e7\u00e3o \u00e0 receita prevista na pe\u00e7a or\u00e7ament\u00e1ria. Gontijo lembra a frustra\u00e7\u00e3o do incremento da arrecada\u00e7\u00e3o por meio de julgamentos do Conselho Administrativo de Recursos Fiscais (Carf), que julga processos movidos pelas empresas no \u00e2mbito administrativo.<\/p>\n\n\n\n<div class=\"wp-block-image\"><figure class=\"aligncenter size-large is-resized\"><a href=\"https:\/\/www.instagram.com\/vmais.midias\/\"><img loading=\"lazy\" decoding=\"async\" src=\"https:\/\/jornalfatosenoticias.com.br\/wp-content\/uploads\/2020\/02\/DE-MAIS-DESTAQUE-VMAIS-800X700.png\" alt=\"\" class=\"wp-image-53112\" width=\"346\" height=\"302\" srcset=\"https:\/\/jornalfatosenoticias.com.br\/wp-content\/uploads\/2020\/02\/DE-MAIS-DESTAQUE-VMAIS-800X700.png 800w, https:\/\/jornalfatosenoticias.com.br\/wp-content\/uploads\/2020\/02\/DE-MAIS-DESTAQUE-VMAIS-800X700-300x263.png 300w, https:\/\/jornalfatosenoticias.com.br\/wp-content\/uploads\/2020\/02\/DE-MAIS-DESTAQUE-VMAIS-800X700-768x672.png 768w\" sizes=\"auto, (max-width: 346px) 100vw, 346px\" \/><\/a><\/figure><\/div>\n\n\n\n<p>Para 2024, o governo contava com algo em torno de R$ 55,6 bilh\u00f5es vindos do Carf. Por\u00e9m, at\u00e9 maio, n\u00e3o entrou um centavo sequer referente a decis\u00f5es da corte tribut\u00e1ria, segundo a pr\u00f3pria Receita. No balan\u00e7o de receitas e despesas feito em julho, a estimativa foi revista para R$ 37,7 bilh\u00f5es. No balan\u00e7o de setembro, a proje\u00e7\u00e3o foi reduzida a praticamente zero.<\/p>\n\n\n\n<div class=\"wp-block-image\"><figure class=\"aligncenter size-large is-resized\"><a href=\"https:\/\/www.facebook.com\/vetor.vix\/\"><img loading=\"lazy\" decoding=\"async\" src=\"https:\/\/jornalfatosenoticias.com.br\/wp-content\/uploads\/2023\/09\/vetorvix1024_1.jpg\" alt=\"\" class=\"wp-image-44868\" width=\"591\" height=\"157\" srcset=\"https:\/\/jornalfatosenoticias.com.br\/wp-content\/uploads\/2023\/09\/vetorvix1024_1.jpg 1024w, https:\/\/jornalfatosenoticias.com.br\/wp-content\/uploads\/2023\/09\/vetorvix1024_1-300x80.jpg 300w, https:\/\/jornalfatosenoticias.com.br\/wp-content\/uploads\/2023\/09\/vetorvix1024_1-768x205.jpg 768w\" sizes=\"auto, (max-width: 591px) 100vw, 591px\" \/><\/a><\/figure><\/div>\n\n\n\n<p>Para Roesler, \u00e9 preciso observar que a exatid\u00e3o do volume a ser compensado depende da capacidade dos bancos de gerarem lucros suficientes e da intensidade das perdas a serem deduzidas, \u201cfatores que podem variar de acordo com o cen\u00e1rio econ\u00f4mico at\u00e9 2026\u201d.<\/p>\n\n\n\n<blockquote class=\"wp-block-quote is-layout-flow wp-block-quote-is-layout-flow\"><p><span class=\"has-inline-color has-luminous-vivid-orange-color\">Ainda que pare\u00e7am vi\u00e1veis em termos t\u00e9cnicos, sua execu\u00e7\u00e3o exigir\u00e1 um esfor\u00e7o consider\u00e1vel de articula\u00e7\u00e3o pol\u00edtica e uma condu\u00e7\u00e3o prudente para que o resultado esperado seja efetivamente alcan\u00e7ado, a exemplo de demais medidas legislativas para conter o d\u00e9ficit fiscal\u201d.<\/span><\/p><\/blockquote>\n\n\n\n<div class=\"wp-block-image\"><figure class=\"aligncenter size-large is-resized\"><img loading=\"lazy\" decoding=\"async\" src=\"https:\/\/jornalfatosenoticias.com.br\/wp-content\/uploads\/2022\/02\/Precisao-Contabilidade-1024x724.jpg\" alt=\"\" class=\"wp-image-28088\" width=\"362\" height=\"256\"\/><\/figure><\/div>\n\n\n\n<p>A MP, que j\u00e1 est\u00e1 em vigor, dever\u00e1 ser apreciada pelo Congresso em at\u00e9 120 dias.<\/p>\n\n\n\n<p><strong><em>Fonte: <a href=\"https:\/\/www.gazetadopovo.com.br\/economia\/governo-16-bilhoes-impostos-bancos-medida-provisoria\/\">Gazeta do Povo<\/a><\/em><\/strong><\/p>\n","protected":false},"excerpt":{"rendered":"<p>MP pretende elevar arrecada\u00e7\u00e3o do governo em R$ 16 bi Por Rose Amant\u00e9a Preocupado em fechar as contas do pr\u00f3ximo ano, o governo Luiz In\u00e1cio Lula da Silva (PT) \u201ctirou da cartola\u201d mais uma medida para elevar a arrecada\u00e7\u00e3o de 2025. A iniciativa afeta os bancos. Medida provis\u00f3ria editada neste m\u00eas pretende suprir os cofres [&hellip;]<\/p>\n","protected":false},"author":2,"featured_media":54973,"comment_status":"open","ping_status":"open","sticky":false,"template":"","format":"standard","meta":{"footnotes":""},"categories":[9],"tags":[25054,8163,25055,25053,18343,8257],"class_list":["post-54972","post","type-post","status-publish","format-standard","has-post-thumbnail","hentry","category-economia","tag-arrecadacao-do-governo","tag-contas-publicas","tag-deficit-fiscal","tag-febraban","tag-governo-lula","tag-impostos"],"yoast_head":"<!-- This site is optimized with the Yoast SEO plugin v26.5 - https:\/\/yoast.com\/wordpress\/plugins\/seo\/ -->\n<title>Governo \u201ctira da cartola\u201d R$ 16 bilh\u00f5es em impostos para refor\u00e7ar caixa - Jornal Fatos e Not\u00edcias<\/title>\n<meta name=\"robots\" content=\"index, follow, max-snippet:-1, max-image-preview:large, max-video-preview:-1\" \/>\n<link rel=\"canonical\" href=\"https:\/\/jornalfatosenoticias.com.br\/index.php\/2024\/10\/16\/governo-tira-da-cartola-r-16-bilhoes-em-impostos-para-reforcar-caixa\/\" \/>\n<meta property=\"og:locale\" content=\"pt_BR\" \/>\n<meta property=\"og:type\" content=\"article\" \/>\n<meta property=\"og:title\" content=\"Governo \u201ctira da cartola\u201d R$ 16 bilh\u00f5es em impostos para refor\u00e7ar caixa - Jornal Fatos e Not\u00edcias\" \/>\n<meta property=\"og:description\" content=\"MP pretende elevar arrecada\u00e7\u00e3o do governo em R$ 16 bi Por Rose Amant\u00e9a Preocupado em fechar as contas do pr\u00f3ximo ano, o governo Luiz In\u00e1cio Lula da Silva (PT) \u201ctirou da cartola\u201d mais uma medida para elevar a arrecada\u00e7\u00e3o de 2025. A iniciativa afeta os bancos. Medida provis\u00f3ria editada neste m\u00eas pretende suprir os cofres [&hellip;]\" \/>\n<meta property=\"og:url\" content=\"https:\/\/jornalfatosenoticias.com.br\/index.php\/2024\/10\/16\/governo-tira-da-cartola-r-16-bilhoes-em-impostos-para-reforcar-caixa\/\" \/>\n<meta property=\"og:site_name\" content=\"Jornal Fatos e Not\u00edcias\" \/>\n<meta property=\"article:published_time\" content=\"2024-10-16T13:52:50+00:00\" \/>\n<meta property=\"article:modified_time\" content=\"2024-10-16T13:52:51+00:00\" \/>\n<meta property=\"og:image\" content=\"https:\/\/jornalfatosenoticias.com.br\/wp-content\/uploads\/2024\/10\/Impostos-Lula.jpeg\" \/>\n\t<meta property=\"og:image:width\" content=\"598\" \/>\n\t<meta property=\"og:image:height\" content=\"444\" \/>\n\t<meta property=\"og:image:type\" content=\"image\/jpeg\" \/>\n<meta name=\"author\" content=\"Luzimara Fernandes\" \/>\n<meta name=\"twitter:card\" content=\"summary_large_image\" \/>\n<meta name=\"twitter:label1\" content=\"Escrito por\" \/>\n\t<meta name=\"twitter:data1\" content=\"Luzimara Fernandes\" \/>\n\t<meta name=\"twitter:label2\" content=\"Est. tempo de leitura\" \/>\n\t<meta name=\"twitter:data2\" content=\"6 minutos\" \/>\n<script type=\"application\/ld+json\" class=\"yoast-schema-graph\">{\"@context\":\"https:\/\/schema.org\",\"@graph\":[{\"@type\":\"Article\",\"@id\":\"https:\/\/jornalfatosenoticias.com.br\/index.php\/2024\/10\/16\/governo-tira-da-cartola-r-16-bilhoes-em-impostos-para-reforcar-caixa\/#article\",\"isPartOf\":{\"@id\":\"https:\/\/jornalfatosenoticias.com.br\/index.php\/2024\/10\/16\/governo-tira-da-cartola-r-16-bilhoes-em-impostos-para-reforcar-caixa\/\"},\"author\":{\"name\":\"Luzimara Fernandes\",\"@id\":\"https:\/\/jornalfatosenoticias.com.br\/#\/schema\/person\/d63837fa13ac8666eb9e74e0985d6f81\"},\"headline\":\"Governo \u201ctira da cartola\u201d R$ 16 bilh\u00f5es em impostos para refor\u00e7ar caixa\",\"datePublished\":\"2024-10-16T13:52:50+00:00\",\"dateModified\":\"2024-10-16T13:52:51+00:00\",\"mainEntityOfPage\":{\"@id\":\"https:\/\/jornalfatosenoticias.com.br\/index.php\/2024\/10\/16\/governo-tira-da-cartola-r-16-bilhoes-em-impostos-para-reforcar-caixa\/\"},\"wordCount\":1272,\"commentCount\":0,\"publisher\":{\"@id\":\"https:\/\/jornalfatosenoticias.com.br\/#organization\"},\"image\":{\"@id\":\"https:\/\/jornalfatosenoticias.com.br\/index.php\/2024\/10\/16\/governo-tira-da-cartola-r-16-bilhoes-em-impostos-para-reforcar-caixa\/#primaryimage\"},\"thumbnailUrl\":\"https:\/\/jornalfatosenoticias.com.br\/wp-content\/uploads\/2024\/10\/Impostos-Lula.jpeg\",\"keywords\":[\"arrecada\u00e7\u00e3o do governo\",\"contas p\u00fablicas\",\"d\u00e9ficit fiscal\",\"Febraban\",\"governo Lula\",\"impostos\"],\"articleSection\":[\"Economia\"],\"inLanguage\":\"pt-BR\",\"potentialAction\":[{\"@type\":\"CommentAction\",\"name\":\"Comment\",\"target\":[\"https:\/\/jornalfatosenoticias.com.br\/index.php\/2024\/10\/16\/governo-tira-da-cartola-r-16-bilhoes-em-impostos-para-reforcar-caixa\/#respond\"]}]},{\"@type\":\"WebPage\",\"@id\":\"https:\/\/jornalfatosenoticias.com.br\/index.php\/2024\/10\/16\/governo-tira-da-cartola-r-16-bilhoes-em-impostos-para-reforcar-caixa\/\",\"url\":\"https:\/\/jornalfatosenoticias.com.br\/index.php\/2024\/10\/16\/governo-tira-da-cartola-r-16-bilhoes-em-impostos-para-reforcar-caixa\/\",\"name\":\"Governo \u201ctira da cartola\u201d R$ 16 bilh\u00f5es em impostos para refor\u00e7ar caixa - Jornal Fatos e Not\u00edcias\",\"isPartOf\":{\"@id\":\"https:\/\/jornalfatosenoticias.com.br\/#website\"},\"primaryImageOfPage\":{\"@id\":\"https:\/\/jornalfatosenoticias.com.br\/index.php\/2024\/10\/16\/governo-tira-da-cartola-r-16-bilhoes-em-impostos-para-reforcar-caixa\/#primaryimage\"},\"image\":{\"@id\":\"https:\/\/jornalfatosenoticias.com.br\/index.php\/2024\/10\/16\/governo-tira-da-cartola-r-16-bilhoes-em-impostos-para-reforcar-caixa\/#primaryimage\"},\"thumbnailUrl\":\"https:\/\/jornalfatosenoticias.com.br\/wp-content\/uploads\/2024\/10\/Impostos-Lula.jpeg\",\"datePublished\":\"2024-10-16T13:52:50+00:00\",\"dateModified\":\"2024-10-16T13:52:51+00:00\",\"breadcrumb\":{\"@id\":\"https:\/\/jornalfatosenoticias.com.br\/index.php\/2024\/10\/16\/governo-tira-da-cartola-r-16-bilhoes-em-impostos-para-reforcar-caixa\/#breadcrumb\"},\"inLanguage\":\"pt-BR\",\"potentialAction\":[{\"@type\":\"ReadAction\",\"target\":[\"https:\/\/jornalfatosenoticias.com.br\/index.php\/2024\/10\/16\/governo-tira-da-cartola-r-16-bilhoes-em-impostos-para-reforcar-caixa\/\"]}]},{\"@type\":\"ImageObject\",\"inLanguage\":\"pt-BR\",\"@id\":\"https:\/\/jornalfatosenoticias.com.br\/index.php\/2024\/10\/16\/governo-tira-da-cartola-r-16-bilhoes-em-impostos-para-reforcar-caixa\/#primaryimage\",\"url\":\"https:\/\/jornalfatosenoticias.com.br\/wp-content\/uploads\/2024\/10\/Impostos-Lula.jpeg\",\"contentUrl\":\"https:\/\/jornalfatosenoticias.com.br\/wp-content\/uploads\/2024\/10\/Impostos-Lula.jpeg\",\"width\":598,\"height\":444},{\"@type\":\"BreadcrumbList\",\"@id\":\"https:\/\/jornalfatosenoticias.com.br\/index.php\/2024\/10\/16\/governo-tira-da-cartola-r-16-bilhoes-em-impostos-para-reforcar-caixa\/#breadcrumb\",\"itemListElement\":[{\"@type\":\"ListItem\",\"position\":1,\"name\":\"In\u00edcio\",\"item\":\"https:\/\/jornalfatosenoticias.com.br\/\"},{\"@type\":\"ListItem\",\"position\":2,\"name\":\"Governo \u201ctira da cartola\u201d R$ 16 bilh\u00f5es em impostos para refor\u00e7ar caixa\"}]},{\"@type\":\"WebSite\",\"@id\":\"https:\/\/jornalfatosenoticias.com.br\/#website\",\"url\":\"https:\/\/jornalfatosenoticias.com.br\/\",\"name\":\"Jornal Fatos e Not\u00edcias\",\"description\":\"Not\u00edcias em geral\",\"publisher\":{\"@id\":\"https:\/\/jornalfatosenoticias.com.br\/#organization\"},\"potentialAction\":[{\"@type\":\"SearchAction\",\"target\":{\"@type\":\"EntryPoint\",\"urlTemplate\":\"https:\/\/jornalfatosenoticias.com.br\/?s={search_term_string}\"},\"query-input\":{\"@type\":\"PropertyValueSpecification\",\"valueRequired\":true,\"valueName\":\"search_term_string\"}}],\"inLanguage\":\"pt-BR\"},{\"@type\":\"Organization\",\"@id\":\"https:\/\/jornalfatosenoticias.com.br\/#organization\",\"name\":\"Jornal Fatos e Not\u00edcias\",\"url\":\"https:\/\/jornalfatosenoticias.com.br\/\",\"logo\":{\"@type\":\"ImageObject\",\"inLanguage\":\"pt-BR\",\"@id\":\"https:\/\/jornalfatosenoticias.com.br\/#\/schema\/logo\/image\/\",\"url\":\"https:\/\/jornalfatosenoticias.com.br\/wp-content\/uploads\/2020\/02\/logo120.png\",\"contentUrl\":\"https:\/\/jornalfatosenoticias.com.br\/wp-content\/uploads\/2020\/02\/logo120.png\",\"width\":1227,\"height\":120,\"caption\":\"Jornal Fatos e Not\u00edcias\"},\"image\":{\"@id\":\"https:\/\/jornalfatosenoticias.com.br\/#\/schema\/logo\/image\/\"}},{\"@type\":\"Person\",\"@id\":\"https:\/\/jornalfatosenoticias.com.br\/#\/schema\/person\/d63837fa13ac8666eb9e74e0985d6f81\",\"name\":\"Luzimara Fernandes\",\"image\":{\"@type\":\"ImageObject\",\"inLanguage\":\"pt-BR\",\"@id\":\"https:\/\/jornalfatosenoticias.com.br\/#\/schema\/person\/image\/\",\"url\":\"https:\/\/jornalfatosenoticias.com.br\/wp-content\/uploads\/2025\/05\/EU_portal.jpg\",\"contentUrl\":\"https:\/\/jornalfatosenoticias.com.br\/wp-content\/uploads\/2025\/05\/EU_portal.jpg\",\"caption\":\"Luzimara Fernandes\"},\"description\":\"Jornalista MTB 2358-ES\",\"sameAs\":[\"https:\/\/jornalfatosenoticias.com.br\"],\"url\":\"https:\/\/jornalfatosenoticias.com.br\/index.php\/author\/luzimara\/\"}]}<\/script>\n<!-- \/ Yoast SEO plugin. -->","yoast_head_json":{"title":"Governo \u201ctira da cartola\u201d R$ 16 bilh\u00f5es em impostos para refor\u00e7ar caixa - Jornal Fatos e Not\u00edcias","robots":{"index":"index","follow":"follow","max-snippet":"max-snippet:-1","max-image-preview":"max-image-preview:large","max-video-preview":"max-video-preview:-1"},"canonical":"https:\/\/jornalfatosenoticias.com.br\/index.php\/2024\/10\/16\/governo-tira-da-cartola-r-16-bilhoes-em-impostos-para-reforcar-caixa\/","og_locale":"pt_BR","og_type":"article","og_title":"Governo \u201ctira da cartola\u201d R$ 16 bilh\u00f5es em impostos para refor\u00e7ar caixa - Jornal Fatos e Not\u00edcias","og_description":"MP pretende elevar arrecada\u00e7\u00e3o do governo em R$ 16 bi Por Rose Amant\u00e9a Preocupado em fechar as contas do pr\u00f3ximo ano, o governo Luiz In\u00e1cio Lula da Silva (PT) \u201ctirou da cartola\u201d mais uma medida para elevar a arrecada\u00e7\u00e3o de 2025. A iniciativa afeta os bancos. Medida provis\u00f3ria editada neste m\u00eas pretende suprir os cofres [&hellip;]","og_url":"https:\/\/jornalfatosenoticias.com.br\/index.php\/2024\/10\/16\/governo-tira-da-cartola-r-16-bilhoes-em-impostos-para-reforcar-caixa\/","og_site_name":"Jornal Fatos e Not\u00edcias","article_published_time":"2024-10-16T13:52:50+00:00","article_modified_time":"2024-10-16T13:52:51+00:00","og_image":[{"width":598,"height":444,"url":"https:\/\/jornalfatosenoticias.com.br\/wp-content\/uploads\/2024\/10\/Impostos-Lula.jpeg","type":"image\/jpeg"}],"author":"Luzimara Fernandes","twitter_card":"summary_large_image","twitter_misc":{"Escrito por":"Luzimara Fernandes","Est. tempo de leitura":"6 minutos"},"schema":{"@context":"https:\/\/schema.org","@graph":[{"@type":"Article","@id":"https:\/\/jornalfatosenoticias.com.br\/index.php\/2024\/10\/16\/governo-tira-da-cartola-r-16-bilhoes-em-impostos-para-reforcar-caixa\/#article","isPartOf":{"@id":"https:\/\/jornalfatosenoticias.com.br\/index.php\/2024\/10\/16\/governo-tira-da-cartola-r-16-bilhoes-em-impostos-para-reforcar-caixa\/"},"author":{"name":"Luzimara Fernandes","@id":"https:\/\/jornalfatosenoticias.com.br\/#\/schema\/person\/d63837fa13ac8666eb9e74e0985d6f81"},"headline":"Governo \u201ctira da cartola\u201d R$ 16 bilh\u00f5es em impostos para refor\u00e7ar caixa","datePublished":"2024-10-16T13:52:50+00:00","dateModified":"2024-10-16T13:52:51+00:00","mainEntityOfPage":{"@id":"https:\/\/jornalfatosenoticias.com.br\/index.php\/2024\/10\/16\/governo-tira-da-cartola-r-16-bilhoes-em-impostos-para-reforcar-caixa\/"},"wordCount":1272,"commentCount":0,"publisher":{"@id":"https:\/\/jornalfatosenoticias.com.br\/#organization"},"image":{"@id":"https:\/\/jornalfatosenoticias.com.br\/index.php\/2024\/10\/16\/governo-tira-da-cartola-r-16-bilhoes-em-impostos-para-reforcar-caixa\/#primaryimage"},"thumbnailUrl":"https:\/\/jornalfatosenoticias.com.br\/wp-content\/uploads\/2024\/10\/Impostos-Lula.jpeg","keywords":["arrecada\u00e7\u00e3o do governo","contas p\u00fablicas","d\u00e9ficit fiscal","Febraban","governo Lula","impostos"],"articleSection":["Economia"],"inLanguage":"pt-BR","potentialAction":[{"@type":"CommentAction","name":"Comment","target":["https:\/\/jornalfatosenoticias.com.br\/index.php\/2024\/10\/16\/governo-tira-da-cartola-r-16-bilhoes-em-impostos-para-reforcar-caixa\/#respond"]}]},{"@type":"WebPage","@id":"https:\/\/jornalfatosenoticias.com.br\/index.php\/2024\/10\/16\/governo-tira-da-cartola-r-16-bilhoes-em-impostos-para-reforcar-caixa\/","url":"https:\/\/jornalfatosenoticias.com.br\/index.php\/2024\/10\/16\/governo-tira-da-cartola-r-16-bilhoes-em-impostos-para-reforcar-caixa\/","name":"Governo \u201ctira da cartola\u201d R$ 16 bilh\u00f5es em impostos para refor\u00e7ar caixa - Jornal Fatos e Not\u00edcias","isPartOf":{"@id":"https:\/\/jornalfatosenoticias.com.br\/#website"},"primaryImageOfPage":{"@id":"https:\/\/jornalfatosenoticias.com.br\/index.php\/2024\/10\/16\/governo-tira-da-cartola-r-16-bilhoes-em-impostos-para-reforcar-caixa\/#primaryimage"},"image":{"@id":"https:\/\/jornalfatosenoticias.com.br\/index.php\/2024\/10\/16\/governo-tira-da-cartola-r-16-bilhoes-em-impostos-para-reforcar-caixa\/#primaryimage"},"thumbnailUrl":"https:\/\/jornalfatosenoticias.com.br\/wp-content\/uploads\/2024\/10\/Impostos-Lula.jpeg","datePublished":"2024-10-16T13:52:50+00:00","dateModified":"2024-10-16T13:52:51+00:00","breadcrumb":{"@id":"https:\/\/jornalfatosenoticias.com.br\/index.php\/2024\/10\/16\/governo-tira-da-cartola-r-16-bilhoes-em-impostos-para-reforcar-caixa\/#breadcrumb"},"inLanguage":"pt-BR","potentialAction":[{"@type":"ReadAction","target":["https:\/\/jornalfatosenoticias.com.br\/index.php\/2024\/10\/16\/governo-tira-da-cartola-r-16-bilhoes-em-impostos-para-reforcar-caixa\/"]}]},{"@type":"ImageObject","inLanguage":"pt-BR","@id":"https:\/\/jornalfatosenoticias.com.br\/index.php\/2024\/10\/16\/governo-tira-da-cartola-r-16-bilhoes-em-impostos-para-reforcar-caixa\/#primaryimage","url":"https:\/\/jornalfatosenoticias.com.br\/wp-content\/uploads\/2024\/10\/Impostos-Lula.jpeg","contentUrl":"https:\/\/jornalfatosenoticias.com.br\/wp-content\/uploads\/2024\/10\/Impostos-Lula.jpeg","width":598,"height":444},{"@type":"BreadcrumbList","@id":"https:\/\/jornalfatosenoticias.com.br\/index.php\/2024\/10\/16\/governo-tira-da-cartola-r-16-bilhoes-em-impostos-para-reforcar-caixa\/#breadcrumb","itemListElement":[{"@type":"ListItem","position":1,"name":"In\u00edcio","item":"https:\/\/jornalfatosenoticias.com.br\/"},{"@type":"ListItem","position":2,"name":"Governo \u201ctira da cartola\u201d R$ 16 bilh\u00f5es em impostos para refor\u00e7ar caixa"}]},{"@type":"WebSite","@id":"https:\/\/jornalfatosenoticias.com.br\/#website","url":"https:\/\/jornalfatosenoticias.com.br\/","name":"Jornal Fatos e Not\u00edcias","description":"Not\u00edcias em geral","publisher":{"@id":"https:\/\/jornalfatosenoticias.com.br\/#organization"},"potentialAction":[{"@type":"SearchAction","target":{"@type":"EntryPoint","urlTemplate":"https:\/\/jornalfatosenoticias.com.br\/?s={search_term_string}"},"query-input":{"@type":"PropertyValueSpecification","valueRequired":true,"valueName":"search_term_string"}}],"inLanguage":"pt-BR"},{"@type":"Organization","@id":"https:\/\/jornalfatosenoticias.com.br\/#organization","name":"Jornal Fatos e Not\u00edcias","url":"https:\/\/jornalfatosenoticias.com.br\/","logo":{"@type":"ImageObject","inLanguage":"pt-BR","@id":"https:\/\/jornalfatosenoticias.com.br\/#\/schema\/logo\/image\/","url":"https:\/\/jornalfatosenoticias.com.br\/wp-content\/uploads\/2020\/02\/logo120.png","contentUrl":"https:\/\/jornalfatosenoticias.com.br\/wp-content\/uploads\/2020\/02\/logo120.png","width":1227,"height":120,"caption":"Jornal Fatos e Not\u00edcias"},"image":{"@id":"https:\/\/jornalfatosenoticias.com.br\/#\/schema\/logo\/image\/"}},{"@type":"Person","@id":"https:\/\/jornalfatosenoticias.com.br\/#\/schema\/person\/d63837fa13ac8666eb9e74e0985d6f81","name":"Luzimara Fernandes","image":{"@type":"ImageObject","inLanguage":"pt-BR","@id":"https:\/\/jornalfatosenoticias.com.br\/#\/schema\/person\/image\/","url":"https:\/\/jornalfatosenoticias.com.br\/wp-content\/uploads\/2025\/05\/EU_portal.jpg","contentUrl":"https:\/\/jornalfatosenoticias.com.br\/wp-content\/uploads\/2025\/05\/EU_portal.jpg","caption":"Luzimara Fernandes"},"description":"Jornalista MTB 2358-ES","sameAs":["https:\/\/jornalfatosenoticias.com.br"],"url":"https:\/\/jornalfatosenoticias.com.br\/index.php\/author\/luzimara\/"}]}},"cc_featured_image_caption":{"caption_text":"(Foto: Gazeta do Povo com Dall-E)","source_text":"","source_url":""},"jetpack_featured_media_url":"https:\/\/jornalfatosenoticias.com.br\/wp-content\/uploads\/2024\/10\/Impostos-Lula.jpeg","_links":{"self":[{"href":"https:\/\/jornalfatosenoticias.com.br\/index.php\/wp-json\/wp\/v2\/posts\/54972","targetHints":{"allow":["GET"]}}],"collection":[{"href":"https:\/\/jornalfatosenoticias.com.br\/index.php\/wp-json\/wp\/v2\/posts"}],"about":[{"href":"https:\/\/jornalfatosenoticias.com.br\/index.php\/wp-json\/wp\/v2\/types\/post"}],"author":[{"embeddable":true,"href":"https:\/\/jornalfatosenoticias.com.br\/index.php\/wp-json\/wp\/v2\/users\/2"}],"replies":[{"embeddable":true,"href":"https:\/\/jornalfatosenoticias.com.br\/index.php\/wp-json\/wp\/v2\/comments?post=54972"}],"version-history":[{"count":0,"href":"https:\/\/jornalfatosenoticias.com.br\/index.php\/wp-json\/wp\/v2\/posts\/54972\/revisions"}],"wp:featuredmedia":[{"embeddable":true,"href":"https:\/\/jornalfatosenoticias.com.br\/index.php\/wp-json\/wp\/v2\/media\/54973"}],"wp:attachment":[{"href":"https:\/\/jornalfatosenoticias.com.br\/index.php\/wp-json\/wp\/v2\/media?parent=54972"}],"wp:term":[{"taxonomy":"category","embeddable":true,"href":"https:\/\/jornalfatosenoticias.com.br\/index.php\/wp-json\/wp\/v2\/categories?post=54972"},{"taxonomy":"post_tag","embeddable":true,"href":"https:\/\/jornalfatosenoticias.com.br\/index.php\/wp-json\/wp\/v2\/tags?post=54972"}],"curies":[{"name":"wp","href":"https:\/\/api.w.org\/{rel}","templated":true}]}}