{"id":54985,"date":"2024-10-16T15:04:22","date_gmt":"2024-10-16T18:04:22","guid":{"rendered":"https:\/\/jornalfatosenoticias.com.br\/?p=54985"},"modified":"2024-10-16T15:04:24","modified_gmt":"2024-10-16T18:04:24","slug":"governo-decide-nao-voltar-com-o-horario-de-verao-neste-ano-medida-sera-avaliada-em-2025","status":"publish","type":"post","link":"https:\/\/jornalfatosenoticias.com.br\/index.php\/2024\/10\/16\/governo-decide-nao-voltar-com-o-horario-de-verao-neste-ano-medida-sera-avaliada-em-2025\/","title":{"rendered":"Governo decide n\u00e3o voltar com o hor\u00e1rio de ver\u00e3o neste ano; medida ser\u00e1 avaliada em 2025"},"content":{"rendered":"\n<p><em><span class=\"has-inline-color has-black-color\">Hor\u00e1rio de ver\u00e3o: governo decide n\u00e3o voltar com sistema para economizar energia em per\u00edodo de alto consumo<\/span><\/em><\/p>\n\n\n\n<p><span class=\"has-inline-color has-black-color\">Por <strong><a href=\"https:\/\/www.gazetadopovo.com.br\/autor\/raphaela-ribas\/\" rel=\"sponsored nofollow\">Raphaela Ribas<\/a><\/strong><\/span><\/p>\n\n\n\n<div class=\"wp-block-image\"><figure class=\"aligncenter size-large\"><a href=\"https:\/\/mizu.com.br\/\"><img loading=\"lazy\" decoding=\"async\" width=\"729\" height=\"90\" src=\"https:\/\/jornalfatosenoticias.com.br\/wp-content\/uploads\/2020\/02\/Logo_Mizu.png\" alt=\"\" class=\"wp-image-1441\" srcset=\"https:\/\/jornalfatosenoticias.com.br\/wp-content\/uploads\/2020\/02\/Logo_Mizu.png 729w, https:\/\/jornalfatosenoticias.com.br\/wp-content\/uploads\/2020\/02\/Logo_Mizu-300x37.png 300w\" sizes=\"auto, (max-width: 729px) 100vw, 729px\" \/><\/a><\/figure><\/div>\n\n\n\n<p>Ap\u00f3s semanas aventado a possibilidade de voltar com o hor\u00e1rio de ver\u00e3o neste ano, o governo decidiu n\u00e3o adotar a medida para 2024. Segundo o ministro de Minas e Energia, Alexandre Silveira, o sistema de adiantamento de uma hora nos rel\u00f3gios n\u00e3o ser\u00e1 &#8220;imprescind\u00edvel&#8221; para dar f\u00f4lego ao fornecimento de energia em um dos per\u00edodos mais secos do pa\u00eds. Para o ano que vem, o hor\u00e1rio de ver\u00e3o ainda ser\u00e1 avaliado, disse ele.<br>&#8220;Hoje chegamos a conclus\u00e3o que n\u00e3o h\u00e1 necessidade do hor\u00e1rio de ver\u00e3o para este per\u00edodo, este ver\u00e3o. Temos a seguran\u00e7a energ\u00e9tica assegurada, ainda modesto, de restabelecimento da nossa condi\u00e7\u00e3o h\u00eddrica. Temos condi\u00e7\u00f5es depois do ver\u00e3o de avaliar esta pol\u00edtica para 2025&#8221;, anunciou o ministro nesta ter\u00e7a-feira.<\/p>\n\n\n\n<div class=\"wp-block-image\"><figure class=\"aligncenter size-large is-resized\"><a href=\"https:\/\/www.ithbrasil.com.br\/\"><img loading=\"lazy\" decoding=\"async\" src=\"https:\/\/jornalfatosenoticias.com.br\/wp-content\/uploads\/2023\/08\/ITH.jpeg\" alt=\"\" class=\"wp-image-44638\" width=\"284\" height=\"231\" srcset=\"https:\/\/jornalfatosenoticias.com.br\/wp-content\/uploads\/2023\/08\/ITH.jpeg 800w, https:\/\/jornalfatosenoticias.com.br\/wp-content\/uploads\/2023\/08\/ITH-300x244.jpeg 300w, https:\/\/jornalfatosenoticias.com.br\/wp-content\/uploads\/2023\/08\/ITH-768x624.jpeg 768w\" sizes=\"auto, (max-width: 284px) 100vw, 284px\" \/><\/a><\/figure><\/div>\n\n\n\n<p>Silveira refor\u00e7ou que a decis\u00e3o foi t\u00e9cnica, e n\u00e3o pol\u00edtica, e que n\u00e3o haver\u00e1 problema de gera\u00e7\u00e3o de energia e nem de abastecimento. O hor\u00e1rio de ver\u00e3o est\u00e1 suspenso desde 2019, ap\u00f3s estudos do Minist\u00e9rio de Minas e Energia, \u00e0 \u00e9poca, conclu\u00edrem que o mecanismo n\u00e3o reduzia o consumo de energia. Constatou-se que os consumidores mudaram seus h\u00e1bitos de consumo, passando a usar mais ar-condicionado, ventilador e ilumina\u00e7\u00e3o com o dia mais longo. Com isso, n\u00e3o havia economia de energia significativa \u2014 \u00e0s vezes o consumo at\u00e9 aumentava.<\/p>\n\n\n\n<div class=\"wp-block-image\"><figure class=\"aligncenter size-large is-resized\"><a href=\"https:\/\/www.instagram.com\/ligadossaborespizzaria\/\"><img loading=\"lazy\" decoding=\"async\" src=\"https:\/\/jornalfatosenoticias.com.br\/wp-content\/uploads\/2020\/02\/WhatsApp-Image-2024-10-02-at-08.18.14-819x1024.jpeg\" alt=\"\" class=\"wp-image-54612\" width=\"292\" height=\"366\" srcset=\"https:\/\/jornalfatosenoticias.com.br\/wp-content\/uploads\/2020\/02\/WhatsApp-Image-2024-10-02-at-08.18.14-819x1024.jpeg 819w, https:\/\/jornalfatosenoticias.com.br\/wp-content\/uploads\/2020\/02\/WhatsApp-Image-2024-10-02-at-08.18.14-240x300.jpeg 240w, https:\/\/jornalfatosenoticias.com.br\/wp-content\/uploads\/2020\/02\/WhatsApp-Image-2024-10-02-at-08.18.14-768x960.jpeg 768w, https:\/\/jornalfatosenoticias.com.br\/wp-content\/uploads\/2020\/02\/WhatsApp-Image-2024-10-02-at-08.18.14.jpeg 1024w\" sizes=\"auto, (max-width: 292px) 100vw, 292px\" \/><\/a><\/figure><\/div>\n\n\n\n<p>Em setembro deste ano, no entanto, o Operador Nacional do Sistema El\u00e9trico (ONS) apresentou um estudo cuja conclus\u00e3o \u00e9 que a aplica\u00e7\u00e3o do hor\u00e1rio de ver\u00e3o, em cen\u00e1rios de aflu\u00eancias cr\u00edticas, como agora, poder\u00e1 trazer uma redu\u00e7\u00e3o de at\u00e9 2,9% da demanda m\u00e1xima. A medida, diz a pesquisa, pode trazer economia no custo da opera\u00e7\u00e3o em torno de R$ 400 milh\u00f5es entre outubro e fevereiro.<\/p>\n\n\n\n<div class=\"wp-block-image\"><figure class=\"aligncenter size-large is-resized\"><a href=\"https:\/\/hotelmarquetti.com.br\/\"><img loading=\"lazy\" decoding=\"async\" src=\"https:\/\/jornalfatosenoticias.com.br\/wp-content\/uploads\/2023\/03\/nova-logo-Marquetti.jpg\" alt=\"\" class=\"wp-image-40207\" width=\"306\" height=\"205\" srcset=\"https:\/\/jornalfatosenoticias.com.br\/wp-content\/uploads\/2023\/03\/nova-logo-Marquetti.jpg 643w, https:\/\/jornalfatosenoticias.com.br\/wp-content\/uploads\/2023\/03\/nova-logo-Marquetti-300x202.jpg 300w\" sizes=\"auto, (max-width: 306px) 100vw, 306px\" \/><\/a><\/figure><\/div>\n\n\n\n<p>O ministro Silveira, vinha sinalizando o retorno do hor\u00e1rio de ver\u00e3o antes da apresenta\u00e7\u00e3o do estudo do ONS. Mas, ap\u00f3s os dados que o \u00f3rg\u00e3o mostrou, disse que n\u00e3o estava \u201cconvencido\u201d de que o hor\u00e1rio de ver\u00e3o era essencial. Al\u00e9m do hor\u00e1rio de ver\u00e3o, Silveira disse que o governo avalia outras possibilidades para aliviar a gera\u00e7\u00e3o de energia no per\u00edodo do ver\u00e3o. Entre elas, aumentar a capacidade da linha de transmiss\u00e3o de energia, tornar a linha de Itaipu mais adequada e utilizar mais \u00e1gua nos hor\u00e1rios espec\u00edficos da Usina Hidrel\u00e9trica de Belo Monte.<\/p>\n\n\n\n<div class=\"wp-block-image\"><figure class=\"aligncenter size-large is-resized\"><a href=\"https:\/\/www.facebook.com\/vetor.vix\/\"><img loading=\"lazy\" decoding=\"async\" src=\"https:\/\/jornalfatosenoticias.com.br\/wp-content\/uploads\/2023\/09\/vetorvix1024_1.jpg\" alt=\"\" class=\"wp-image-44868\" width=\"546\" height=\"145\" srcset=\"https:\/\/jornalfatosenoticias.com.br\/wp-content\/uploads\/2023\/09\/vetorvix1024_1.jpg 1024w, https:\/\/jornalfatosenoticias.com.br\/wp-content\/uploads\/2023\/09\/vetorvix1024_1-300x80.jpg 300w, https:\/\/jornalfatosenoticias.com.br\/wp-content\/uploads\/2023\/09\/vetorvix1024_1-768x205.jpg 768w\" sizes=\"auto, (max-width: 546px) 100vw, 546px\" \/><\/a><\/figure><\/div>\n\n\n\n<p><strong><em>Fonte: <a href=\"https:\/\/www.gazetadopovo.com.br\/energia\/governo-decide-nao-voltar-com-o-horario-de-verao-neste-ano\/\">Gazeta do Povo<\/a><\/em><\/strong><\/p>\n","protected":false},"excerpt":{"rendered":"<p>Hor\u00e1rio de ver\u00e3o: governo decide n\u00e3o voltar com sistema para economizar energia em per\u00edodo de alto consumo Por Raphaela Ribas Ap\u00f3s semanas aventado a possibilidade de voltar com o hor\u00e1rio de ver\u00e3o neste ano, o governo decidiu n\u00e3o adotar a medida para 2024. Segundo o ministro de Minas e Energia, Alexandre Silveira, o sistema de [&hellip;]<\/p>\n","protected":false},"author":2,"featured_media":54986,"comment_status":"open","ping_status":"open","sticky":false,"template":"","format":"standard","meta":{"footnotes":""},"categories":[5],"tags":[2539,25063,13048,995],"class_list":["post-54985","post","type-post","status-publish","format-standard","has-post-thumbnail","hentry","category-geral","tag-energia","tag-horario-de-verao","tag-ministerio-de-minas-e-energia","tag-ons"],"yoast_head":"<!-- This site is optimized with the Yoast SEO plugin v26.5 - https:\/\/yoast.com\/wordpress\/plugins\/seo\/ -->\n<title>Governo decide n\u00e3o voltar com o hor\u00e1rio de ver\u00e3o neste ano; medida ser\u00e1 avaliada em 2025 - Jornal Fatos e Not\u00edcias<\/title>\n<meta name=\"robots\" content=\"index, follow, max-snippet:-1, max-image-preview:large, max-video-preview:-1\" \/>\n<link rel=\"canonical\" href=\"https:\/\/jornalfatosenoticias.com.br\/index.php\/2024\/10\/16\/governo-decide-nao-voltar-com-o-horario-de-verao-neste-ano-medida-sera-avaliada-em-2025\/\" \/>\n<meta property=\"og:locale\" content=\"pt_BR\" \/>\n<meta property=\"og:type\" content=\"article\" \/>\n<meta property=\"og:title\" content=\"Governo decide n\u00e3o voltar com o hor\u00e1rio de ver\u00e3o neste ano; medida ser\u00e1 avaliada em 2025 - Jornal Fatos e Not\u00edcias\" \/>\n<meta property=\"og:description\" content=\"Hor\u00e1rio de ver\u00e3o: governo decide n\u00e3o voltar com sistema para economizar energia em per\u00edodo de alto consumo Por Raphaela Ribas Ap\u00f3s semanas aventado a possibilidade de voltar com o hor\u00e1rio de ver\u00e3o neste ano, o governo decidiu n\u00e3o adotar a medida para 2024. Segundo o ministro de Minas e Energia, Alexandre Silveira, o sistema de [&hellip;]\" \/>\n<meta property=\"og:url\" content=\"https:\/\/jornalfatosenoticias.com.br\/index.php\/2024\/10\/16\/governo-decide-nao-voltar-com-o-horario-de-verao-neste-ano-medida-sera-avaliada-em-2025\/\" \/>\n<meta property=\"og:site_name\" content=\"Jornal Fatos e Not\u00edcias\" \/>\n<meta property=\"article:published_time\" content=\"2024-10-16T18:04:22+00:00\" \/>\n<meta property=\"article:modified_time\" content=\"2024-10-16T18:04:24+00:00\" \/>\n<meta property=\"og:image\" content=\"https:\/\/jornalfatosenoticias.com.br\/wp-content\/uploads\/2024\/10\/horario-de-verao_freepik.jpg\" \/>\n\t<meta property=\"og:image:width\" content=\"740\" \/>\n\t<meta property=\"og:image:height\" content=\"493\" \/>\n\t<meta property=\"og:image:type\" content=\"image\/jpeg\" \/>\n<meta name=\"author\" content=\"Luzimara Fernandes\" \/>\n<meta name=\"twitter:card\" content=\"summary_large_image\" \/>\n<meta name=\"twitter:label1\" content=\"Escrito por\" \/>\n\t<meta name=\"twitter:data1\" content=\"Luzimara Fernandes\" \/>\n\t<meta name=\"twitter:label2\" content=\"Est. tempo de leitura\" \/>\n\t<meta name=\"twitter:data2\" content=\"2 minutos\" \/>\n<script type=\"application\/ld+json\" class=\"yoast-schema-graph\">{\"@context\":\"https:\/\/schema.org\",\"@graph\":[{\"@type\":\"Article\",\"@id\":\"https:\/\/jornalfatosenoticias.com.br\/index.php\/2024\/10\/16\/governo-decide-nao-voltar-com-o-horario-de-verao-neste-ano-medida-sera-avaliada-em-2025\/#article\",\"isPartOf\":{\"@id\":\"https:\/\/jornalfatosenoticias.com.br\/index.php\/2024\/10\/16\/governo-decide-nao-voltar-com-o-horario-de-verao-neste-ano-medida-sera-avaliada-em-2025\/\"},\"author\":{\"name\":\"Luzimara Fernandes\",\"@id\":\"https:\/\/jornalfatosenoticias.com.br\/#\/schema\/person\/d63837fa13ac8666eb9e74e0985d6f81\"},\"headline\":\"Governo decide n\u00e3o voltar com o hor\u00e1rio de ver\u00e3o neste ano; medida ser\u00e1 avaliada em 2025\",\"datePublished\":\"2024-10-16T18:04:22+00:00\",\"dateModified\":\"2024-10-16T18:04:24+00:00\",\"mainEntityOfPage\":{\"@id\":\"https:\/\/jornalfatosenoticias.com.br\/index.php\/2024\/10\/16\/governo-decide-nao-voltar-com-o-horario-de-verao-neste-ano-medida-sera-avaliada-em-2025\/\"},\"wordCount\":475,\"commentCount\":0,\"publisher\":{\"@id\":\"https:\/\/jornalfatosenoticias.com.br\/#organization\"},\"image\":{\"@id\":\"https:\/\/jornalfatosenoticias.com.br\/index.php\/2024\/10\/16\/governo-decide-nao-voltar-com-o-horario-de-verao-neste-ano-medida-sera-avaliada-em-2025\/#primaryimage\"},\"thumbnailUrl\":\"https:\/\/jornalfatosenoticias.com.br\/wp-content\/uploads\/2024\/10\/horario-de-verao_freepik.jpg\",\"keywords\":[\"energia\",\"hor\u00e1rio de ver\u00e3o\",\"Minist\u00e9rio de Minas e Energia\",\"ONS\"],\"articleSection\":[\"Geral\"],\"inLanguage\":\"pt-BR\",\"potentialAction\":[{\"@type\":\"CommentAction\",\"name\":\"Comment\",\"target\":[\"https:\/\/jornalfatosenoticias.com.br\/index.php\/2024\/10\/16\/governo-decide-nao-voltar-com-o-horario-de-verao-neste-ano-medida-sera-avaliada-em-2025\/#respond\"]}]},{\"@type\":\"WebPage\",\"@id\":\"https:\/\/jornalfatosenoticias.com.br\/index.php\/2024\/10\/16\/governo-decide-nao-voltar-com-o-horario-de-verao-neste-ano-medida-sera-avaliada-em-2025\/\",\"url\":\"https:\/\/jornalfatosenoticias.com.br\/index.php\/2024\/10\/16\/governo-decide-nao-voltar-com-o-horario-de-verao-neste-ano-medida-sera-avaliada-em-2025\/\",\"name\":\"Governo decide n\u00e3o voltar com o hor\u00e1rio de ver\u00e3o neste ano; medida ser\u00e1 avaliada em 2025 - Jornal Fatos e Not\u00edcias\",\"isPartOf\":{\"@id\":\"https:\/\/jornalfatosenoticias.com.br\/#website\"},\"primaryImageOfPage\":{\"@id\":\"https:\/\/jornalfatosenoticias.com.br\/index.php\/2024\/10\/16\/governo-decide-nao-voltar-com-o-horario-de-verao-neste-ano-medida-sera-avaliada-em-2025\/#primaryimage\"},\"image\":{\"@id\":\"https:\/\/jornalfatosenoticias.com.br\/index.php\/2024\/10\/16\/governo-decide-nao-voltar-com-o-horario-de-verao-neste-ano-medida-sera-avaliada-em-2025\/#primaryimage\"},\"thumbnailUrl\":\"https:\/\/jornalfatosenoticias.com.br\/wp-content\/uploads\/2024\/10\/horario-de-verao_freepik.jpg\",\"datePublished\":\"2024-10-16T18:04:22+00:00\",\"dateModified\":\"2024-10-16T18:04:24+00:00\",\"breadcrumb\":{\"@id\":\"https:\/\/jornalfatosenoticias.com.br\/index.php\/2024\/10\/16\/governo-decide-nao-voltar-com-o-horario-de-verao-neste-ano-medida-sera-avaliada-em-2025\/#breadcrumb\"},\"inLanguage\":\"pt-BR\",\"potentialAction\":[{\"@type\":\"ReadAction\",\"target\":[\"https:\/\/jornalfatosenoticias.com.br\/index.php\/2024\/10\/16\/governo-decide-nao-voltar-com-o-horario-de-verao-neste-ano-medida-sera-avaliada-em-2025\/\"]}]},{\"@type\":\"ImageObject\",\"inLanguage\":\"pt-BR\",\"@id\":\"https:\/\/jornalfatosenoticias.com.br\/index.php\/2024\/10\/16\/governo-decide-nao-voltar-com-o-horario-de-verao-neste-ano-medida-sera-avaliada-em-2025\/#primaryimage\",\"url\":\"https:\/\/jornalfatosenoticias.com.br\/wp-content\/uploads\/2024\/10\/horario-de-verao_freepik.jpg\",\"contentUrl\":\"https:\/\/jornalfatosenoticias.com.br\/wp-content\/uploads\/2024\/10\/horario-de-verao_freepik.jpg\",\"width\":740,\"height\":493},{\"@type\":\"BreadcrumbList\",\"@id\":\"https:\/\/jornalfatosenoticias.com.br\/index.php\/2024\/10\/16\/governo-decide-nao-voltar-com-o-horario-de-verao-neste-ano-medida-sera-avaliada-em-2025\/#breadcrumb\",\"itemListElement\":[{\"@type\":\"ListItem\",\"position\":1,\"name\":\"In\u00edcio\",\"item\":\"https:\/\/jornalfatosenoticias.com.br\/\"},{\"@type\":\"ListItem\",\"position\":2,\"name\":\"Governo decide n\u00e3o voltar com o hor\u00e1rio de ver\u00e3o neste ano; medida ser\u00e1 avaliada em 2025\"}]},{\"@type\":\"WebSite\",\"@id\":\"https:\/\/jornalfatosenoticias.com.br\/#website\",\"url\":\"https:\/\/jornalfatosenoticias.com.br\/\",\"name\":\"Jornal Fatos e Not\u00edcias\",\"description\":\"Not\u00edcias em geral\",\"publisher\":{\"@id\":\"https:\/\/jornalfatosenoticias.com.br\/#organization\"},\"potentialAction\":[{\"@type\":\"SearchAction\",\"target\":{\"@type\":\"EntryPoint\",\"urlTemplate\":\"https:\/\/jornalfatosenoticias.com.br\/?s={search_term_string}\"},\"query-input\":{\"@type\":\"PropertyValueSpecification\",\"valueRequired\":true,\"valueName\":\"search_term_string\"}}],\"inLanguage\":\"pt-BR\"},{\"@type\":\"Organization\",\"@id\":\"https:\/\/jornalfatosenoticias.com.br\/#organization\",\"name\":\"Jornal Fatos e Not\u00edcias\",\"url\":\"https:\/\/jornalfatosenoticias.com.br\/\",\"logo\":{\"@type\":\"ImageObject\",\"inLanguage\":\"pt-BR\",\"@id\":\"https:\/\/jornalfatosenoticias.com.br\/#\/schema\/logo\/image\/\",\"url\":\"https:\/\/jornalfatosenoticias.com.br\/wp-content\/uploads\/2020\/02\/logo120.png\",\"contentUrl\":\"https:\/\/jornalfatosenoticias.com.br\/wp-content\/uploads\/2020\/02\/logo120.png\",\"width\":1227,\"height\":120,\"caption\":\"Jornal Fatos e Not\u00edcias\"},\"image\":{\"@id\":\"https:\/\/jornalfatosenoticias.com.br\/#\/schema\/logo\/image\/\"}},{\"@type\":\"Person\",\"@id\":\"https:\/\/jornalfatosenoticias.com.br\/#\/schema\/person\/d63837fa13ac8666eb9e74e0985d6f81\",\"name\":\"Luzimara Fernandes\",\"image\":{\"@type\":\"ImageObject\",\"inLanguage\":\"pt-BR\",\"@id\":\"https:\/\/jornalfatosenoticias.com.br\/#\/schema\/person\/image\/\",\"url\":\"https:\/\/jornalfatosenoticias.com.br\/wp-content\/uploads\/2025\/05\/EU_portal.jpg\",\"contentUrl\":\"https:\/\/jornalfatosenoticias.com.br\/wp-content\/uploads\/2025\/05\/EU_portal.jpg\",\"caption\":\"Luzimara Fernandes\"},\"description\":\"Jornalista MTB 2358-ES\",\"sameAs\":[\"https:\/\/jornalfatosenoticias.com.br\"],\"url\":\"https:\/\/jornalfatosenoticias.com.br\/index.php\/author\/luzimara\/\"}]}<\/script>\n<!-- \/ Yoast SEO plugin. -->","yoast_head_json":{"title":"Governo decide n\u00e3o voltar com o hor\u00e1rio de ver\u00e3o neste ano; medida ser\u00e1 avaliada em 2025 - Jornal Fatos e Not\u00edcias","robots":{"index":"index","follow":"follow","max-snippet":"max-snippet:-1","max-image-preview":"max-image-preview:large","max-video-preview":"max-video-preview:-1"},"canonical":"https:\/\/jornalfatosenoticias.com.br\/index.php\/2024\/10\/16\/governo-decide-nao-voltar-com-o-horario-de-verao-neste-ano-medida-sera-avaliada-em-2025\/","og_locale":"pt_BR","og_type":"article","og_title":"Governo decide n\u00e3o voltar com o hor\u00e1rio de ver\u00e3o neste ano; medida ser\u00e1 avaliada em 2025 - Jornal Fatos e Not\u00edcias","og_description":"Hor\u00e1rio de ver\u00e3o: governo decide n\u00e3o voltar com sistema para economizar energia em per\u00edodo de alto consumo Por Raphaela Ribas Ap\u00f3s semanas aventado a possibilidade de voltar com o hor\u00e1rio de ver\u00e3o neste ano, o governo decidiu n\u00e3o adotar a medida para 2024. Segundo o ministro de Minas e Energia, Alexandre Silveira, o sistema de [&hellip;]","og_url":"https:\/\/jornalfatosenoticias.com.br\/index.php\/2024\/10\/16\/governo-decide-nao-voltar-com-o-horario-de-verao-neste-ano-medida-sera-avaliada-em-2025\/","og_site_name":"Jornal Fatos e Not\u00edcias","article_published_time":"2024-10-16T18:04:22+00:00","article_modified_time":"2024-10-16T18:04:24+00:00","og_image":[{"width":740,"height":493,"url":"https:\/\/jornalfatosenoticias.com.br\/wp-content\/uploads\/2024\/10\/horario-de-verao_freepik.jpg","type":"image\/jpeg"}],"author":"Luzimara Fernandes","twitter_card":"summary_large_image","twitter_misc":{"Escrito por":"Luzimara Fernandes","Est. tempo de leitura":"2 minutos"},"schema":{"@context":"https:\/\/schema.org","@graph":[{"@type":"Article","@id":"https:\/\/jornalfatosenoticias.com.br\/index.php\/2024\/10\/16\/governo-decide-nao-voltar-com-o-horario-de-verao-neste-ano-medida-sera-avaliada-em-2025\/#article","isPartOf":{"@id":"https:\/\/jornalfatosenoticias.com.br\/index.php\/2024\/10\/16\/governo-decide-nao-voltar-com-o-horario-de-verao-neste-ano-medida-sera-avaliada-em-2025\/"},"author":{"name":"Luzimara Fernandes","@id":"https:\/\/jornalfatosenoticias.com.br\/#\/schema\/person\/d63837fa13ac8666eb9e74e0985d6f81"},"headline":"Governo decide n\u00e3o voltar com o hor\u00e1rio de ver\u00e3o neste ano; medida ser\u00e1 avaliada em 2025","datePublished":"2024-10-16T18:04:22+00:00","dateModified":"2024-10-16T18:04:24+00:00","mainEntityOfPage":{"@id":"https:\/\/jornalfatosenoticias.com.br\/index.php\/2024\/10\/16\/governo-decide-nao-voltar-com-o-horario-de-verao-neste-ano-medida-sera-avaliada-em-2025\/"},"wordCount":475,"commentCount":0,"publisher":{"@id":"https:\/\/jornalfatosenoticias.com.br\/#organization"},"image":{"@id":"https:\/\/jornalfatosenoticias.com.br\/index.php\/2024\/10\/16\/governo-decide-nao-voltar-com-o-horario-de-verao-neste-ano-medida-sera-avaliada-em-2025\/#primaryimage"},"thumbnailUrl":"https:\/\/jornalfatosenoticias.com.br\/wp-content\/uploads\/2024\/10\/horario-de-verao_freepik.jpg","keywords":["energia","hor\u00e1rio de ver\u00e3o","Minist\u00e9rio de Minas e Energia","ONS"],"articleSection":["Geral"],"inLanguage":"pt-BR","potentialAction":[{"@type":"CommentAction","name":"Comment","target":["https:\/\/jornalfatosenoticias.com.br\/index.php\/2024\/10\/16\/governo-decide-nao-voltar-com-o-horario-de-verao-neste-ano-medida-sera-avaliada-em-2025\/#respond"]}]},{"@type":"WebPage","@id":"https:\/\/jornalfatosenoticias.com.br\/index.php\/2024\/10\/16\/governo-decide-nao-voltar-com-o-horario-de-verao-neste-ano-medida-sera-avaliada-em-2025\/","url":"https:\/\/jornalfatosenoticias.com.br\/index.php\/2024\/10\/16\/governo-decide-nao-voltar-com-o-horario-de-verao-neste-ano-medida-sera-avaliada-em-2025\/","name":"Governo decide n\u00e3o voltar com o hor\u00e1rio de ver\u00e3o neste ano; medida ser\u00e1 avaliada em 2025 - Jornal Fatos e Not\u00edcias","isPartOf":{"@id":"https:\/\/jornalfatosenoticias.com.br\/#website"},"primaryImageOfPage":{"@id":"https:\/\/jornalfatosenoticias.com.br\/index.php\/2024\/10\/16\/governo-decide-nao-voltar-com-o-horario-de-verao-neste-ano-medida-sera-avaliada-em-2025\/#primaryimage"},"image":{"@id":"https:\/\/jornalfatosenoticias.com.br\/index.php\/2024\/10\/16\/governo-decide-nao-voltar-com-o-horario-de-verao-neste-ano-medida-sera-avaliada-em-2025\/#primaryimage"},"thumbnailUrl":"https:\/\/jornalfatosenoticias.com.br\/wp-content\/uploads\/2024\/10\/horario-de-verao_freepik.jpg","datePublished":"2024-10-16T18:04:22+00:00","dateModified":"2024-10-16T18:04:24+00:00","breadcrumb":{"@id":"https:\/\/jornalfatosenoticias.com.br\/index.php\/2024\/10\/16\/governo-decide-nao-voltar-com-o-horario-de-verao-neste-ano-medida-sera-avaliada-em-2025\/#breadcrumb"},"inLanguage":"pt-BR","potentialAction":[{"@type":"ReadAction","target":["https:\/\/jornalfatosenoticias.com.br\/index.php\/2024\/10\/16\/governo-decide-nao-voltar-com-o-horario-de-verao-neste-ano-medida-sera-avaliada-em-2025\/"]}]},{"@type":"ImageObject","inLanguage":"pt-BR","@id":"https:\/\/jornalfatosenoticias.com.br\/index.php\/2024\/10\/16\/governo-decide-nao-voltar-com-o-horario-de-verao-neste-ano-medida-sera-avaliada-em-2025\/#primaryimage","url":"https:\/\/jornalfatosenoticias.com.br\/wp-content\/uploads\/2024\/10\/horario-de-verao_freepik.jpg","contentUrl":"https:\/\/jornalfatosenoticias.com.br\/wp-content\/uploads\/2024\/10\/horario-de-verao_freepik.jpg","width":740,"height":493},{"@type":"BreadcrumbList","@id":"https:\/\/jornalfatosenoticias.com.br\/index.php\/2024\/10\/16\/governo-decide-nao-voltar-com-o-horario-de-verao-neste-ano-medida-sera-avaliada-em-2025\/#breadcrumb","itemListElement":[{"@type":"ListItem","position":1,"name":"In\u00edcio","item":"https:\/\/jornalfatosenoticias.com.br\/"},{"@type":"ListItem","position":2,"name":"Governo decide n\u00e3o voltar com o hor\u00e1rio de ver\u00e3o neste ano; medida ser\u00e1 avaliada em 2025"}]},{"@type":"WebSite","@id":"https:\/\/jornalfatosenoticias.com.br\/#website","url":"https:\/\/jornalfatosenoticias.com.br\/","name":"Jornal Fatos e Not\u00edcias","description":"Not\u00edcias em geral","publisher":{"@id":"https:\/\/jornalfatosenoticias.com.br\/#organization"},"potentialAction":[{"@type":"SearchAction","target":{"@type":"EntryPoint","urlTemplate":"https:\/\/jornalfatosenoticias.com.br\/?s={search_term_string}"},"query-input":{"@type":"PropertyValueSpecification","valueRequired":true,"valueName":"search_term_string"}}],"inLanguage":"pt-BR"},{"@type":"Organization","@id":"https:\/\/jornalfatosenoticias.com.br\/#organization","name":"Jornal Fatos e Not\u00edcias","url":"https:\/\/jornalfatosenoticias.com.br\/","logo":{"@type":"ImageObject","inLanguage":"pt-BR","@id":"https:\/\/jornalfatosenoticias.com.br\/#\/schema\/logo\/image\/","url":"https:\/\/jornalfatosenoticias.com.br\/wp-content\/uploads\/2020\/02\/logo120.png","contentUrl":"https:\/\/jornalfatosenoticias.com.br\/wp-content\/uploads\/2020\/02\/logo120.png","width":1227,"height":120,"caption":"Jornal Fatos e Not\u00edcias"},"image":{"@id":"https:\/\/jornalfatosenoticias.com.br\/#\/schema\/logo\/image\/"}},{"@type":"Person","@id":"https:\/\/jornalfatosenoticias.com.br\/#\/schema\/person\/d63837fa13ac8666eb9e74e0985d6f81","name":"Luzimara Fernandes","image":{"@type":"ImageObject","inLanguage":"pt-BR","@id":"https:\/\/jornalfatosenoticias.com.br\/#\/schema\/person\/image\/","url":"https:\/\/jornalfatosenoticias.com.br\/wp-content\/uploads\/2025\/05\/EU_portal.jpg","contentUrl":"https:\/\/jornalfatosenoticias.com.br\/wp-content\/uploads\/2025\/05\/EU_portal.jpg","caption":"Luzimara Fernandes"},"description":"Jornalista MTB 2358-ES","sameAs":["https:\/\/jornalfatosenoticias.com.br"],"url":"https:\/\/jornalfatosenoticias.com.br\/index.php\/author\/luzimara\/"}]}},"cc_featured_image_caption":{"caption_text":"(Foto: Freepik) ","source_text":"","source_url":""},"jetpack_featured_media_url":"https:\/\/jornalfatosenoticias.com.br\/wp-content\/uploads\/2024\/10\/horario-de-verao_freepik.jpg","_links":{"self":[{"href":"https:\/\/jornalfatosenoticias.com.br\/index.php\/wp-json\/wp\/v2\/posts\/54985","targetHints":{"allow":["GET"]}}],"collection":[{"href":"https:\/\/jornalfatosenoticias.com.br\/index.php\/wp-json\/wp\/v2\/posts"}],"about":[{"href":"https:\/\/jornalfatosenoticias.com.br\/index.php\/wp-json\/wp\/v2\/types\/post"}],"author":[{"embeddable":true,"href":"https:\/\/jornalfatosenoticias.com.br\/index.php\/wp-json\/wp\/v2\/users\/2"}],"replies":[{"embeddable":true,"href":"https:\/\/jornalfatosenoticias.com.br\/index.php\/wp-json\/wp\/v2\/comments?post=54985"}],"version-history":[{"count":0,"href":"https:\/\/jornalfatosenoticias.com.br\/index.php\/wp-json\/wp\/v2\/posts\/54985\/revisions"}],"wp:featuredmedia":[{"embeddable":true,"href":"https:\/\/jornalfatosenoticias.com.br\/index.php\/wp-json\/wp\/v2\/media\/54986"}],"wp:attachment":[{"href":"https:\/\/jornalfatosenoticias.com.br\/index.php\/wp-json\/wp\/v2\/media?parent=54985"}],"wp:term":[{"taxonomy":"category","embeddable":true,"href":"https:\/\/jornalfatosenoticias.com.br\/index.php\/wp-json\/wp\/v2\/categories?post=54985"},{"taxonomy":"post_tag","embeddable":true,"href":"https:\/\/jornalfatosenoticias.com.br\/index.php\/wp-json\/wp\/v2\/tags?post=54985"}],"curies":[{"name":"wp","href":"https:\/\/api.w.org\/{rel}","templated":true}]}}