{"id":54988,"date":"2024-10-16T15:16:40","date_gmt":"2024-10-16T18:16:40","guid":{"rendered":"https:\/\/jornalfatosenoticias.com.br\/?p=54988"},"modified":"2024-10-16T15:16:42","modified_gmt":"2024-10-16T18:16:42","slug":"stf-julga-retorno-dos-termos-mae-e-pai-na-declaracao-de-nascido-vivo","status":"publish","type":"post","link":"https:\/\/jornalfatosenoticias.com.br\/index.php\/2024\/10\/16\/stf-julga-retorno-dos-termos-mae-e-pai-na-declaracao-de-nascido-vivo\/","title":{"rendered":"STF julga retorno dos termos \u201cm\u00e3e\u201d e \u201cpai\u201d na Declara\u00e7\u00e3o de Nascido Vivo"},"content":{"rendered":"\n<p><em><span class=\"has-inline-color has-black-color\">A pedido do PT, STF decidiu por medida cautelar que \u201cm\u00e3e\u201d seja substitu\u00eddo por \u201cparturiente\u201d. Agora, os ministros avaliam se o mais adequado n\u00e3o seria \u201cparturiente e\/ou m\u00e3e\u201d<\/span><\/em><\/p>\n\n\n\n<p><span class=\"has-inline-color has-black-color\">Por <strong><a href=\"https:\/\/www.gazetadopovo.com.br\/autor\/marlice-pinto-vilela\/\" rel=\"sponsored nofollow\">Marlice Pinto Vilela<\/a><\/strong><\/span><\/p>\n\n\n\n<div class=\"wp-block-image\"><figure class=\"aligncenter size-large\"><a href=\"https:\/\/www.instagram.com\/vmais.midias\/\"><img loading=\"lazy\" decoding=\"async\" width=\"1024\" height=\"110\" src=\"https:\/\/jornalfatosenoticias.com.br\/wp-content\/uploads\/2020\/02\/DE-MAIS-DESTAQUE-VMAIS-1120X120-1024x110.png\" alt=\"\" class=\"wp-image-53110\" srcset=\"https:\/\/jornalfatosenoticias.com.br\/wp-content\/uploads\/2020\/02\/DE-MAIS-DESTAQUE-VMAIS-1120X120-1024x110.png 1024w, https:\/\/jornalfatosenoticias.com.br\/wp-content\/uploads\/2020\/02\/DE-MAIS-DESTAQUE-VMAIS-1120X120-300x32.png 300w, https:\/\/jornalfatosenoticias.com.br\/wp-content\/uploads\/2020\/02\/DE-MAIS-DESTAQUE-VMAIS-1120X120-768x82.png 768w, https:\/\/jornalfatosenoticias.com.br\/wp-content\/uploads\/2020\/02\/DE-MAIS-DESTAQUE-VMAIS-1120X120.png 1120w\" sizes=\"auto, (max-width: 1024px) 100vw, 1024px\" \/><\/a><\/figure><\/div>\n\n\n\n<p>O Supremo Tribunal Federal (STF) deve retomar, nesta quarta-feira (16), o julgamento de a\u00e7\u00e3o do PT que pede a substitui\u00e7\u00e3o dos termos \u201cm\u00e3e\u201d e \u201cpai\u201d por \u201cparturiente\u201d e \u201crespons\u00e1vel legal\u201d na Declara\u00e7\u00e3o de Nascido Vivo (DNV). Uma medida cautelar j\u00e1 obrigou o governo a retirar as express\u00f5es iniciais, mas outra proposta discutida pelos ministros da Corte sugere o uso dos termos \u201cparturiente e\/ou m\u00e3e\u201d e \u201crespons\u00e1vel legal e\/ou pai\u201d.<br>A DNV \u00e9 preenchida logo ap\u00f3s o parto e \u00e9 indispens\u00e1vel para o registro civil de crian\u00e7as rec\u00e9m-nascidas nos cart\u00f3rios. O voto de Gilmar Mendes j\u00e1 havia alcan\u00e7ado unanimidade sobre a utiliza\u00e7\u00e3o dos termos \u201cparturiente\u201d e \u201crespons\u00e1vel legal\u201d. No entanto, na sess\u00e3o de 18 de setembro, alguns ministros divergiram em rela\u00e7\u00e3o \u00e0 possibilidade de manter presente os termos \u201cm\u00e3e\u201d e \u201cpai\u201d no documento. Ap\u00f3s as manifesta\u00e7\u00f5es, o ministro Gilmar Mendes, relator da a\u00e7\u00e3o, pediu a suspens\u00e3o do julgamento para analisar poss\u00edveis altera\u00e7\u00f5es do voto.<\/p>\n\n\n\n<div class=\"wp-block-image\"><figure class=\"aligncenter size-large is-resized\"><a href=\"https:\/\/www.controlsystems.com.br\/\"><img loading=\"lazy\" decoding=\"async\" src=\"https:\/\/jornalfatosenoticias.com.br\/wp-content\/uploads\/2020\/02\/CONTROL-CS.jpg\" alt=\"\" class=\"wp-image-44991\" width=\"278\" height=\"333\" srcset=\"https:\/\/jornalfatosenoticias.com.br\/wp-content\/uploads\/2020\/02\/CONTROL-CS.jpg 834w, https:\/\/jornalfatosenoticias.com.br\/wp-content\/uploads\/2020\/02\/CONTROL-CS-250x300.jpg 250w, https:\/\/jornalfatosenoticias.com.br\/wp-content\/uploads\/2020\/02\/CONTROL-CS-768x921.jpg 768w\" sizes=\"auto, (max-width: 278px) 100vw, 278px\" \/><\/a><\/figure><\/div>\n\n\n\n<p><strong><span class=\"has-inline-color has-black-color\">Termos \u201cm\u00e3e\u201d e \u201cpai\u201d est\u00e3o presentes na Constitui\u00e7\u00e3o Federal<br><\/span><\/strong>Na mesma sess\u00e3o, o ministro Nunes Marques defendeu que o mais adequado seria \u201cparturiente e\/ou m\u00e3e\u201d. \u201cO que eu pondero \u00e9: as m\u00e3es brasileiras tamb\u00e9m n\u00e3o t\u00eam o direito fundamental subjetivo de serem reconhecidas como m\u00e3e?\u201d, questionou Nunes Marques. Ele argumentou que \u00e9 preciso equilibrar os direitos das minorias com os das maiorias. \u201cEstamos diante de um direito de minoria, que \u00e9 um direito fundamental subjetivo, de n\u00e3o ser reconhecido como n\u00e3o se reconhece. Agora, n\u00f3s n\u00e3o podemos descuidar de milh\u00f5es e milh\u00f5es de jovens brasileiras que acalantam o sonho de ser m\u00e3e. Essa \u00e9 a grande maioria\u201d, ressaltou.<\/p>\n\n\n\n<div class=\"wp-block-image\"><figure class=\"aligncenter size-large\"><a href=\"https:\/\/cesconetto.com.br\/\"><img loading=\"lazy\" decoding=\"async\" width=\"300\" height=\"250\" src=\"https:\/\/jornalfatosenoticias.com.br\/wp-content\/uploads\/2020\/02\/Banner-2.png\" alt=\"\" class=\"wp-image-43787\"\/><\/a><\/figure><\/div>\n\n\n\n<p>O professor de Direito Civil da Universidade de Pernambuco, Venceslau Tavares Costa Filho, compartilha dessa vis\u00e3o. Ele afirma que \u201cem uma \u00e9poca em que tanto se fala em autodetermina\u00e7\u00e3o, onde as pessoas t\u00eam liberdade para alterar nome e g\u00eanero no cart\u00f3rio, \u00e9 paradoxal retirar essa liberdade de quem deseja ser chamado de m\u00e3e ou pai\u201d.<\/p>\n\n\n\n<div class=\"wp-block-image\"><figure class=\"aligncenter size-large is-resized\"><img loading=\"lazy\" decoding=\"async\" src=\"https:\/\/jornalfatosenoticias.com.br\/wp-content\/uploads\/2022\/02\/Precisao-Contabilidade-1024x724.jpg\" alt=\"\" class=\"wp-image-28088\" width=\"295\" height=\"209\"\/><\/figure><\/div>\n\n\n\n<blockquote class=\"wp-block-quote is-layout-flow wp-block-quote-is-layout-flow\"><p><span class=\"has-inline-color has-luminous-vivid-orange-color\">M\u00e3e e parturiente n\u00e3o s\u00e3o sin\u00f4nimos. Parturiente \u00e9 uma palavra que designa um estado. Parturiente \u00e9 uma m\u00e3e no estado de pr\u00e9-parto, parto e p\u00f3s-parto imediato. Enquanto a m\u00e3e \u00e9 um conceito universal e culturalmente aceito que traz uma voca\u00e7\u00e3o de perman\u00eancia\u201d, contrap\u00f5e Denise Garcia, diretora da Associa\u00e7\u00e3o Matria.<\/span><\/p><\/blockquote>\n\n\n\n<div class=\"wp-block-image\"><figure class=\"aligncenter size-large is-resized\"><a href=\"https:\/\/hotelmarquetti.com.br\/\"><img loading=\"lazy\" decoding=\"async\" src=\"https:\/\/jornalfatosenoticias.com.br\/wp-content\/uploads\/2023\/03\/nova-logo-Marquetti.jpg\" alt=\"\" class=\"wp-image-40207\" width=\"300\" height=\"201\" srcset=\"https:\/\/jornalfatosenoticias.com.br\/wp-content\/uploads\/2023\/03\/nova-logo-Marquetti.jpg 643w, https:\/\/jornalfatosenoticias.com.br\/wp-content\/uploads\/2023\/03\/nova-logo-Marquetti-300x202.jpg 300w\" sizes=\"auto, (max-width: 300px) 100vw, 300px\" \/><\/a><\/figure><\/div>\n\n\n\n<p>\u201cTodas as mudan\u00e7as amplas come\u00e7am assim\u201d, acrescenta Garcia. Ela ainda ressalta que \u201cv\u00e1rias leis e direitos das mulheres e das m\u00e3es decorrem do uso da palavra \u2018m\u00e3e\u2019. O Estatuto da Crian\u00e7a e do Adolescente traz essa quest\u00e3o ao mencionar pai e m\u00e3e diversas vezes, nunca \u2018parturiente\u2019 e \u2018respons\u00e1vel legal\u2019\u201d.<\/p>\n\n\n\n<div class=\"wp-block-image\"><figure class=\"aligncenter size-large\"><a href=\"https:\/\/www.instagram.com\/esteiochurrascaria\/\"><img decoding=\"async\" src=\"https:\/\/jornalfatosenoticias.com.br\/wp-content\/uploads\/2020\/02\/logo_esteio.jpg\" alt=\"\" class=\"wp-image-1214\"\/><\/a><\/figure><\/div>\n\n\n\n<blockquote class=\"wp-block-quote is-layout-flow wp-block-quote-is-layout-flow\"><p><span class=\"has-inline-color has-luminous-vivid-orange-color\">Costa Filho tamb\u00e9m destaca que a pr\u00f3pria Constitui\u00e7\u00e3o Federal utiliza os termos \u201cm\u00e3e\u201d e \u201cpai\u201d, al\u00e9m de \u201cmaternidade\u201d. \u201cA pr\u00f3pria Constitui\u00e7\u00e3o Federal diz que o filho estrangeiro, de pai ou m\u00e3e brasileiro, ter\u00e1 a nacionalidade brasileira, al\u00e9m de proteger a maternidade e, inclusive, estabelece o princ\u00edpio da paternidade respons\u00e1vel\u201d, argumenta.<\/span><\/p><\/blockquote>\n\n\n\n<div class=\"wp-block-image\"><figure class=\"aligncenter size-large is-resized\"><img loading=\"lazy\" decoding=\"async\" src=\"https:\/\/jornalfatosenoticias.com.br\/wp-content\/uploads\/2024\/09\/Legis-Juris-Consultoria_logo.jpg\" alt=\"\" class=\"wp-image-53915\" width=\"332\" height=\"139\" srcset=\"https:\/\/jornalfatosenoticias.com.br\/wp-content\/uploads\/2024\/09\/Legis-Juris-Consultoria_logo.jpg 969w, https:\/\/jornalfatosenoticias.com.br\/wp-content\/uploads\/2024\/09\/Legis-Juris-Consultoria_logo-300x126.jpg 300w, https:\/\/jornalfatosenoticias.com.br\/wp-content\/uploads\/2024\/09\/Legis-Juris-Consultoria_logo-768x322.jpg 768w\" sizes=\"auto, (max-width: 332px) 100vw, 332px\" \/><\/figure><\/div>\n\n\n\n<p><strong><span class=\"has-inline-color has-black-color\">Fachin tenta manter documentos sem as palavras \u201cm\u00e3e\u201d e \u201cpai\u201d<br><\/span><\/strong>Os ministros Alexandre de Moraes, Andr\u00e9 Mendon\u00e7a, Cristiano Zanin, Lu\u00eds Roberto Barroso, Luiz Fux e Fl\u00e1vio Dino demonstraram apoio \u00e0 ideia apresentada por Nunes Marques. \u201cN\u00f3s devemos ampliar a diversidade, n\u00f3s n\u00e3o devemos restringir\u201d, acrescentou Moraes. Apesar do apoio, Zanin e Dino n\u00e3o devem votar, visto que Ricardo Lewandowski e Rosa Weber j\u00e1 se manifestaram na a\u00e7\u00e3o. \u00a0<\/p>\n\n\n\n<div class=\"wp-block-image\"><figure class=\"aligncenter size-large is-resized\"><a href=\"https:\/\/www.instagram.com\/serra4x4cambioautomatico\/\"><img loading=\"lazy\" decoding=\"async\" src=\"https:\/\/jornalfatosenoticias.com.br\/wp-content\/uploads\/2024\/08\/Serra-4x4-1-886x1024.jpg\" alt=\"\" class=\"wp-image-53632\" width=\"301\" height=\"347\" srcset=\"https:\/\/jornalfatosenoticias.com.br\/wp-content\/uploads\/2024\/08\/Serra-4x4-1-886x1024.jpg 886w, https:\/\/jornalfatosenoticias.com.br\/wp-content\/uploads\/2024\/08\/Serra-4x4-1-260x300.jpg 260w, https:\/\/jornalfatosenoticias.com.br\/wp-content\/uploads\/2024\/08\/Serra-4x4-1-768x888.jpg 768w, https:\/\/jornalfatosenoticias.com.br\/wp-content\/uploads\/2024\/08\/Serra-4x4-1.jpg 1181w\" sizes=\"auto, (max-width: 301px) 100vw, 301px\" \/><\/a><\/figure><\/div>\n\n\n\n<p>J\u00e1 o ministro Edson Fachin se manifestou contr\u00e1rio \u00e0 proposta apoiada pelos colegas. Para ele, o termo \u201cparturiente\u201d j\u00e1 abrange o conceito de m\u00e3e, apesar de reconhecer a carga cultural da palavra. \u201cEu compreendo, sim, que a proposta de colocar \u2018parturiente\/m\u00e3e\u2019 ou \u2018respons\u00e1vel legal\/pai\u2019 \u00e9 tamb\u00e9m uma tentativa de harmoniza\u00e7\u00e3o nesse sentido. Nada obstante, do ponto de vista simb\u00f3lico \u2014 e, qui\u00e7\u00e1, real \u2014 a discrimina\u00e7\u00e3o, de algum modo, vai se manter\u201d, disse Fachin.<\/p>\n\n\n\n<div class=\"wp-block-image\"><figure class=\"aligncenter size-large is-resized\"><a href=\"https:\/\/panper.com.br\/\"><img loading=\"lazy\" decoding=\"async\" src=\"https:\/\/jornalfatosenoticias.com.br\/wp-content\/uploads\/2023\/03\/logo-Panper_portal.jpg\" alt=\"\" class=\"wp-image-40208\" width=\"325\" height=\"225\" srcset=\"https:\/\/jornalfatosenoticias.com.br\/wp-content\/uploads\/2023\/03\/logo-Panper_portal.jpg 400w, https:\/\/jornalfatosenoticias.com.br\/wp-content\/uploads\/2023\/03\/logo-Panper_portal-300x208.jpg 300w\" sizes=\"auto, (max-width: 325px) 100vw, 325px\" \/><\/a><\/figure><\/div>\n\n\n\n<p>A a\u00e7\u00e3o que foi ajuizada pelo PT faz duas solicita\u00e7\u00f5es principais: a adequa\u00e7\u00e3o dos servi\u00e7os do Sistema \u00danico de Sa\u00fade (SUS) para inclus\u00e3o da comunidade transexual e a mudan\u00e7a dos termos da DNV. O relator da a\u00e7\u00e3o, Gilmar Mendes, j\u00e1 havia determinado que o SUS deveria garantir o atendimento adequado \u00e0 popula\u00e7\u00e3o trans, assegurando o acesso a consultas e exames, independentemente do sexo registrado civilmente.<\/p>\n\n\n\n<div class=\"wp-block-image\"><figure class=\"aligncenter size-large\"><a href=\"http:\/\/www.ferrarimaquinas.com.br\/\"><img loading=\"lazy\" decoding=\"async\" width=\"300\" height=\"250\" src=\"https:\/\/jornalfatosenoticias.com.br\/wp-content\/uploads\/2022\/02\/FERRARI_MAQUINAS-E-FERRAMENTAS2.jpg\" alt=\"\" class=\"wp-image-27860\"\/><\/a><\/figure><\/div>\n\n\n\n<p>Em rela\u00e7\u00e3o \u00e0 segunda solicita\u00e7\u00e3o feita pelo PT, o minist\u00e9rio da Sa\u00fade do governo Lula alterou o documento ap\u00f3s medida cautelar concedida por Gilmar Mendes. Por conta disso, o ministro declarou a perda de objeto dessa parte da a\u00e7\u00e3o, acreditando que o problema j\u00e1 havia sido solucionado administrativamente.<\/p>\n\n\n\n<div class=\"wp-block-image\"><figure class=\"aligncenter size-large is-resized\"><a href=\"https:\/\/www.instagram.com\/ligadossaborespizzaria\/\"><img loading=\"lazy\" decoding=\"async\" src=\"https:\/\/jornalfatosenoticias.com.br\/wp-content\/uploads\/2024\/09\/WhatsApp-Image-2024-09-14-at-22.46.10-819x1024.jpeg\" alt=\"\" class=\"wp-image-54180\" width=\"304\" height=\"380\" srcset=\"https:\/\/jornalfatosenoticias.com.br\/wp-content\/uploads\/2024\/09\/WhatsApp-Image-2024-09-14-at-22.46.10-819x1024.jpeg 819w, https:\/\/jornalfatosenoticias.com.br\/wp-content\/uploads\/2024\/09\/WhatsApp-Image-2024-09-14-at-22.46.10-240x300.jpeg 240w, https:\/\/jornalfatosenoticias.com.br\/wp-content\/uploads\/2024\/09\/WhatsApp-Image-2024-09-14-at-22.46.10-768x960.jpeg 768w, https:\/\/jornalfatosenoticias.com.br\/wp-content\/uploads\/2024\/09\/WhatsApp-Image-2024-09-14-at-22.46.10.jpeg 1024w\" sizes=\"auto, (max-width: 304px) 100vw, 304px\" \/><\/a><\/figure><\/div>\n\n\n\n<p>No entanto, o ministro Edson Fachin discordou e defendeu a continuidade do julgamento para que a decis\u00e3o sobre os termos da DNV fosse consolidada pela Corte. Segundo Fachin, uma determina\u00e7\u00e3o judicial seria mais duradoura e obrigaria futuros governos a respeitar a decis\u00e3o tomada pelo STF, independentemente de mudan\u00e7as administrativas.<\/p>\n\n\n\n<div class=\"wp-block-image\"><figure class=\"aligncenter size-large is-resized\"><a href=\"https:\/\/www.instagram.com\/restaurantepegoretti\/\"><img loading=\"lazy\" decoding=\"async\" src=\"https:\/\/jornalfatosenoticias.com.br\/wp-content\/uploads\/2023\/12\/pegoretti-logo-pdf-1024x389.jpg\" alt=\"\" class=\"wp-image-47536\" width=\"417\" height=\"158\" srcset=\"https:\/\/jornalfatosenoticias.com.br\/wp-content\/uploads\/2023\/12\/pegoretti-logo-pdf-1024x389.jpg 1024w, https:\/\/jornalfatosenoticias.com.br\/wp-content\/uploads\/2023\/12\/pegoretti-logo-pdf-300x114.jpg 300w, https:\/\/jornalfatosenoticias.com.br\/wp-content\/uploads\/2023\/12\/pegoretti-logo-pdf-768x291.jpg 768w, https:\/\/jornalfatosenoticias.com.br\/wp-content\/uploads\/2023\/12\/pegoretti-logo-pdf.jpg 1120w\" sizes=\"auto, (max-width: 417px) 100vw, 417px\" \/><\/a><\/figure><\/div>\n\n\n\n<p><strong><em>Fonte: <a href=\"https:\/\/www.gazetadopovo.com.br\/vida-e-cidadania\/stf-mae-e-pai-devem-se-manter-na-dnv\/\">Gazeta do Povo<\/a><\/em><\/strong><\/p>\n","protected":false},"excerpt":{"rendered":"<p>A pedido do PT, STF decidiu por medida cautelar que \u201cm\u00e3e\u201d seja substitu\u00eddo por \u201cparturiente\u201d. Agora, os ministros avaliam se o mais adequado n\u00e3o seria \u201cparturiente e\/ou m\u00e3e\u201d Por Marlice Pinto Vilela O Supremo Tribunal Federal (STF) deve retomar, nesta quarta-feira (16), o julgamento de a\u00e7\u00e3o do PT que pede a substitui\u00e7\u00e3o dos termos \u201cm\u00e3e\u201d [&hellip;]<\/p>\n","protected":false},"author":2,"featured_media":54989,"comment_status":"open","ping_status":"open","sticky":false,"template":"","format":"standard","meta":{"footnotes":""},"categories":[10],"tags":[4553,13186,74,294,126],"class_list":["post-54988","post","type-post","status-publish","format-standard","has-post-thumbnail","hentry","category-politica","tag-maternidade","tag-pt","tag-saude","tag-stf","tag-sus"],"yoast_head":"<!-- This site is optimized with the Yoast SEO plugin v26.5 - https:\/\/yoast.com\/wordpress\/plugins\/seo\/ -->\n<title>STF julga retorno dos termos \u201cm\u00e3e\u201d e \u201cpai\u201d na Declara\u00e7\u00e3o de Nascido Vivo - Jornal Fatos e Not\u00edcias<\/title>\n<meta name=\"robots\" content=\"index, follow, max-snippet:-1, max-image-preview:large, max-video-preview:-1\" \/>\n<link rel=\"canonical\" href=\"https:\/\/jornalfatosenoticias.com.br\/index.php\/2024\/10\/16\/stf-julga-retorno-dos-termos-mae-e-pai-na-declaracao-de-nascido-vivo\/\" \/>\n<meta property=\"og:locale\" content=\"pt_BR\" \/>\n<meta property=\"og:type\" content=\"article\" \/>\n<meta property=\"og:title\" content=\"STF julga retorno dos termos \u201cm\u00e3e\u201d e \u201cpai\u201d na Declara\u00e7\u00e3o de Nascido Vivo - Jornal Fatos e Not\u00edcias\" \/>\n<meta property=\"og:description\" content=\"A pedido do PT, STF decidiu por medida cautelar que \u201cm\u00e3e\u201d seja substitu\u00eddo por \u201cparturiente\u201d. Agora, os ministros avaliam se o mais adequado n\u00e3o seria \u201cparturiente e\/ou m\u00e3e\u201d Por Marlice Pinto Vilela O Supremo Tribunal Federal (STF) deve retomar, nesta quarta-feira (16), o julgamento de a\u00e7\u00e3o do PT que pede a substitui\u00e7\u00e3o dos termos \u201cm\u00e3e\u201d [&hellip;]\" \/>\n<meta property=\"og:url\" content=\"https:\/\/jornalfatosenoticias.com.br\/index.php\/2024\/10\/16\/stf-julga-retorno-dos-termos-mae-e-pai-na-declaracao-de-nascido-vivo\/\" \/>\n<meta property=\"og:site_name\" content=\"Jornal Fatos e Not\u00edcias\" \/>\n<meta property=\"article:published_time\" content=\"2024-10-16T18:16:40+00:00\" \/>\n<meta property=\"article:modified_time\" content=\"2024-10-16T18:16:42+00:00\" \/>\n<meta property=\"og:image\" content=\"https:\/\/jornalfatosenoticias.com.br\/wp-content\/uploads\/2024\/10\/stf.jpg\" \/>\n\t<meta property=\"og:image:width\" content=\"960\" \/>\n\t<meta property=\"og:image:height\" content=\"540\" \/>\n\t<meta property=\"og:image:type\" content=\"image\/jpeg\" \/>\n<meta name=\"author\" content=\"Luzimara Fernandes\" \/>\n<meta name=\"twitter:card\" content=\"summary_large_image\" \/>\n<meta name=\"twitter:label1\" content=\"Escrito por\" \/>\n\t<meta name=\"twitter:data1\" content=\"Luzimara Fernandes\" \/>\n\t<meta name=\"twitter:label2\" content=\"Est. tempo de leitura\" \/>\n\t<meta name=\"twitter:data2\" content=\"5 minutos\" \/>\n<script type=\"application\/ld+json\" class=\"yoast-schema-graph\">{\"@context\":\"https:\/\/schema.org\",\"@graph\":[{\"@type\":\"Article\",\"@id\":\"https:\/\/jornalfatosenoticias.com.br\/index.php\/2024\/10\/16\/stf-julga-retorno-dos-termos-mae-e-pai-na-declaracao-de-nascido-vivo\/#article\",\"isPartOf\":{\"@id\":\"https:\/\/jornalfatosenoticias.com.br\/index.php\/2024\/10\/16\/stf-julga-retorno-dos-termos-mae-e-pai-na-declaracao-de-nascido-vivo\/\"},\"author\":{\"name\":\"Luzimara Fernandes\",\"@id\":\"https:\/\/jornalfatosenoticias.com.br\/#\/schema\/person\/d63837fa13ac8666eb9e74e0985d6f81\"},\"headline\":\"STF julga retorno dos termos \u201cm\u00e3e\u201d e \u201cpai\u201d na Declara\u00e7\u00e3o de Nascido Vivo\",\"datePublished\":\"2024-10-16T18:16:40+00:00\",\"dateModified\":\"2024-10-16T18:16:42+00:00\",\"mainEntityOfPage\":{\"@id\":\"https:\/\/jornalfatosenoticias.com.br\/index.php\/2024\/10\/16\/stf-julga-retorno-dos-termos-mae-e-pai-na-declaracao-de-nascido-vivo\/\"},\"wordCount\":924,\"commentCount\":0,\"publisher\":{\"@id\":\"https:\/\/jornalfatosenoticias.com.br\/#organization\"},\"image\":{\"@id\":\"https:\/\/jornalfatosenoticias.com.br\/index.php\/2024\/10\/16\/stf-julga-retorno-dos-termos-mae-e-pai-na-declaracao-de-nascido-vivo\/#primaryimage\"},\"thumbnailUrl\":\"https:\/\/jornalfatosenoticias.com.br\/wp-content\/uploads\/2024\/10\/stf.jpg\",\"keywords\":[\"maternidade\",\"PT\",\"sa\u00fade\",\"STF\",\"SUS\"],\"articleSection\":[\"Pol\u00edtica\"],\"inLanguage\":\"pt-BR\",\"potentialAction\":[{\"@type\":\"CommentAction\",\"name\":\"Comment\",\"target\":[\"https:\/\/jornalfatosenoticias.com.br\/index.php\/2024\/10\/16\/stf-julga-retorno-dos-termos-mae-e-pai-na-declaracao-de-nascido-vivo\/#respond\"]}]},{\"@type\":\"WebPage\",\"@id\":\"https:\/\/jornalfatosenoticias.com.br\/index.php\/2024\/10\/16\/stf-julga-retorno-dos-termos-mae-e-pai-na-declaracao-de-nascido-vivo\/\",\"url\":\"https:\/\/jornalfatosenoticias.com.br\/index.php\/2024\/10\/16\/stf-julga-retorno-dos-termos-mae-e-pai-na-declaracao-de-nascido-vivo\/\",\"name\":\"STF julga retorno dos termos \u201cm\u00e3e\u201d e \u201cpai\u201d na Declara\u00e7\u00e3o de Nascido Vivo - Jornal Fatos e Not\u00edcias\",\"isPartOf\":{\"@id\":\"https:\/\/jornalfatosenoticias.com.br\/#website\"},\"primaryImageOfPage\":{\"@id\":\"https:\/\/jornalfatosenoticias.com.br\/index.php\/2024\/10\/16\/stf-julga-retorno-dos-termos-mae-e-pai-na-declaracao-de-nascido-vivo\/#primaryimage\"},\"image\":{\"@id\":\"https:\/\/jornalfatosenoticias.com.br\/index.php\/2024\/10\/16\/stf-julga-retorno-dos-termos-mae-e-pai-na-declaracao-de-nascido-vivo\/#primaryimage\"},\"thumbnailUrl\":\"https:\/\/jornalfatosenoticias.com.br\/wp-content\/uploads\/2024\/10\/stf.jpg\",\"datePublished\":\"2024-10-16T18:16:40+00:00\",\"dateModified\":\"2024-10-16T18:16:42+00:00\",\"breadcrumb\":{\"@id\":\"https:\/\/jornalfatosenoticias.com.br\/index.php\/2024\/10\/16\/stf-julga-retorno-dos-termos-mae-e-pai-na-declaracao-de-nascido-vivo\/#breadcrumb\"},\"inLanguage\":\"pt-BR\",\"potentialAction\":[{\"@type\":\"ReadAction\",\"target\":[\"https:\/\/jornalfatosenoticias.com.br\/index.php\/2024\/10\/16\/stf-julga-retorno-dos-termos-mae-e-pai-na-declaracao-de-nascido-vivo\/\"]}]},{\"@type\":\"ImageObject\",\"inLanguage\":\"pt-BR\",\"@id\":\"https:\/\/jornalfatosenoticias.com.br\/index.php\/2024\/10\/16\/stf-julga-retorno-dos-termos-mae-e-pai-na-declaracao-de-nascido-vivo\/#primaryimage\",\"url\":\"https:\/\/jornalfatosenoticias.com.br\/wp-content\/uploads\/2024\/10\/stf.jpg\",\"contentUrl\":\"https:\/\/jornalfatosenoticias.com.br\/wp-content\/uploads\/2024\/10\/stf.jpg\",\"width\":960,\"height\":540},{\"@type\":\"BreadcrumbList\",\"@id\":\"https:\/\/jornalfatosenoticias.com.br\/index.php\/2024\/10\/16\/stf-julga-retorno-dos-termos-mae-e-pai-na-declaracao-de-nascido-vivo\/#breadcrumb\",\"itemListElement\":[{\"@type\":\"ListItem\",\"position\":1,\"name\":\"In\u00edcio\",\"item\":\"https:\/\/jornalfatosenoticias.com.br\/\"},{\"@type\":\"ListItem\",\"position\":2,\"name\":\"STF julga retorno dos termos \u201cm\u00e3e\u201d e \u201cpai\u201d na Declara\u00e7\u00e3o de Nascido Vivo\"}]},{\"@type\":\"WebSite\",\"@id\":\"https:\/\/jornalfatosenoticias.com.br\/#website\",\"url\":\"https:\/\/jornalfatosenoticias.com.br\/\",\"name\":\"Jornal Fatos e Not\u00edcias\",\"description\":\"Not\u00edcias em geral\",\"publisher\":{\"@id\":\"https:\/\/jornalfatosenoticias.com.br\/#organization\"},\"potentialAction\":[{\"@type\":\"SearchAction\",\"target\":{\"@type\":\"EntryPoint\",\"urlTemplate\":\"https:\/\/jornalfatosenoticias.com.br\/?s={search_term_string}\"},\"query-input\":{\"@type\":\"PropertyValueSpecification\",\"valueRequired\":true,\"valueName\":\"search_term_string\"}}],\"inLanguage\":\"pt-BR\"},{\"@type\":\"Organization\",\"@id\":\"https:\/\/jornalfatosenoticias.com.br\/#organization\",\"name\":\"Jornal Fatos e Not\u00edcias\",\"url\":\"https:\/\/jornalfatosenoticias.com.br\/\",\"logo\":{\"@type\":\"ImageObject\",\"inLanguage\":\"pt-BR\",\"@id\":\"https:\/\/jornalfatosenoticias.com.br\/#\/schema\/logo\/image\/\",\"url\":\"https:\/\/jornalfatosenoticias.com.br\/wp-content\/uploads\/2020\/02\/logo120.png\",\"contentUrl\":\"https:\/\/jornalfatosenoticias.com.br\/wp-content\/uploads\/2020\/02\/logo120.png\",\"width\":1227,\"height\":120,\"caption\":\"Jornal Fatos e Not\u00edcias\"},\"image\":{\"@id\":\"https:\/\/jornalfatosenoticias.com.br\/#\/schema\/logo\/image\/\"}},{\"@type\":\"Person\",\"@id\":\"https:\/\/jornalfatosenoticias.com.br\/#\/schema\/person\/d63837fa13ac8666eb9e74e0985d6f81\",\"name\":\"Luzimara Fernandes\",\"image\":{\"@type\":\"ImageObject\",\"inLanguage\":\"pt-BR\",\"@id\":\"https:\/\/jornalfatosenoticias.com.br\/#\/schema\/person\/image\/\",\"url\":\"https:\/\/jornalfatosenoticias.com.br\/wp-content\/uploads\/2025\/05\/EU_portal.jpg\",\"contentUrl\":\"https:\/\/jornalfatosenoticias.com.br\/wp-content\/uploads\/2025\/05\/EU_portal.jpg\",\"caption\":\"Luzimara Fernandes\"},\"description\":\"Jornalista MTB 2358-ES\",\"sameAs\":[\"https:\/\/jornalfatosenoticias.com.br\"],\"url\":\"https:\/\/jornalfatosenoticias.com.br\/index.php\/author\/luzimara\/\"}]}<\/script>\n<!-- \/ Yoast SEO plugin. -->","yoast_head_json":{"title":"STF julga retorno dos termos \u201cm\u00e3e\u201d e \u201cpai\u201d na Declara\u00e7\u00e3o de Nascido Vivo - Jornal Fatos e Not\u00edcias","robots":{"index":"index","follow":"follow","max-snippet":"max-snippet:-1","max-image-preview":"max-image-preview:large","max-video-preview":"max-video-preview:-1"},"canonical":"https:\/\/jornalfatosenoticias.com.br\/index.php\/2024\/10\/16\/stf-julga-retorno-dos-termos-mae-e-pai-na-declaracao-de-nascido-vivo\/","og_locale":"pt_BR","og_type":"article","og_title":"STF julga retorno dos termos \u201cm\u00e3e\u201d e \u201cpai\u201d na Declara\u00e7\u00e3o de Nascido Vivo - Jornal Fatos e Not\u00edcias","og_description":"A pedido do PT, STF decidiu por medida cautelar que \u201cm\u00e3e\u201d seja substitu\u00eddo por \u201cparturiente\u201d. Agora, os ministros avaliam se o mais adequado n\u00e3o seria \u201cparturiente e\/ou m\u00e3e\u201d Por Marlice Pinto Vilela O Supremo Tribunal Federal (STF) deve retomar, nesta quarta-feira (16), o julgamento de a\u00e7\u00e3o do PT que pede a substitui\u00e7\u00e3o dos termos \u201cm\u00e3e\u201d [&hellip;]","og_url":"https:\/\/jornalfatosenoticias.com.br\/index.php\/2024\/10\/16\/stf-julga-retorno-dos-termos-mae-e-pai-na-declaracao-de-nascido-vivo\/","og_site_name":"Jornal Fatos e Not\u00edcias","article_published_time":"2024-10-16T18:16:40+00:00","article_modified_time":"2024-10-16T18:16:42+00:00","og_image":[{"width":960,"height":540,"url":"https:\/\/jornalfatosenoticias.com.br\/wp-content\/uploads\/2024\/10\/stf.jpg","type":"image\/jpeg"}],"author":"Luzimara Fernandes","twitter_card":"summary_large_image","twitter_misc":{"Escrito por":"Luzimara Fernandes","Est. tempo de leitura":"5 minutos"},"schema":{"@context":"https:\/\/schema.org","@graph":[{"@type":"Article","@id":"https:\/\/jornalfatosenoticias.com.br\/index.php\/2024\/10\/16\/stf-julga-retorno-dos-termos-mae-e-pai-na-declaracao-de-nascido-vivo\/#article","isPartOf":{"@id":"https:\/\/jornalfatosenoticias.com.br\/index.php\/2024\/10\/16\/stf-julga-retorno-dos-termos-mae-e-pai-na-declaracao-de-nascido-vivo\/"},"author":{"name":"Luzimara Fernandes","@id":"https:\/\/jornalfatosenoticias.com.br\/#\/schema\/person\/d63837fa13ac8666eb9e74e0985d6f81"},"headline":"STF julga retorno dos termos \u201cm\u00e3e\u201d e \u201cpai\u201d na Declara\u00e7\u00e3o de Nascido Vivo","datePublished":"2024-10-16T18:16:40+00:00","dateModified":"2024-10-16T18:16:42+00:00","mainEntityOfPage":{"@id":"https:\/\/jornalfatosenoticias.com.br\/index.php\/2024\/10\/16\/stf-julga-retorno-dos-termos-mae-e-pai-na-declaracao-de-nascido-vivo\/"},"wordCount":924,"commentCount":0,"publisher":{"@id":"https:\/\/jornalfatosenoticias.com.br\/#organization"},"image":{"@id":"https:\/\/jornalfatosenoticias.com.br\/index.php\/2024\/10\/16\/stf-julga-retorno-dos-termos-mae-e-pai-na-declaracao-de-nascido-vivo\/#primaryimage"},"thumbnailUrl":"https:\/\/jornalfatosenoticias.com.br\/wp-content\/uploads\/2024\/10\/stf.jpg","keywords":["maternidade","PT","sa\u00fade","STF","SUS"],"articleSection":["Pol\u00edtica"],"inLanguage":"pt-BR","potentialAction":[{"@type":"CommentAction","name":"Comment","target":["https:\/\/jornalfatosenoticias.com.br\/index.php\/2024\/10\/16\/stf-julga-retorno-dos-termos-mae-e-pai-na-declaracao-de-nascido-vivo\/#respond"]}]},{"@type":"WebPage","@id":"https:\/\/jornalfatosenoticias.com.br\/index.php\/2024\/10\/16\/stf-julga-retorno-dos-termos-mae-e-pai-na-declaracao-de-nascido-vivo\/","url":"https:\/\/jornalfatosenoticias.com.br\/index.php\/2024\/10\/16\/stf-julga-retorno-dos-termos-mae-e-pai-na-declaracao-de-nascido-vivo\/","name":"STF julga retorno dos termos \u201cm\u00e3e\u201d e \u201cpai\u201d na Declara\u00e7\u00e3o de Nascido Vivo - Jornal Fatos e Not\u00edcias","isPartOf":{"@id":"https:\/\/jornalfatosenoticias.com.br\/#website"},"primaryImageOfPage":{"@id":"https:\/\/jornalfatosenoticias.com.br\/index.php\/2024\/10\/16\/stf-julga-retorno-dos-termos-mae-e-pai-na-declaracao-de-nascido-vivo\/#primaryimage"},"image":{"@id":"https:\/\/jornalfatosenoticias.com.br\/index.php\/2024\/10\/16\/stf-julga-retorno-dos-termos-mae-e-pai-na-declaracao-de-nascido-vivo\/#primaryimage"},"thumbnailUrl":"https:\/\/jornalfatosenoticias.com.br\/wp-content\/uploads\/2024\/10\/stf.jpg","datePublished":"2024-10-16T18:16:40+00:00","dateModified":"2024-10-16T18:16:42+00:00","breadcrumb":{"@id":"https:\/\/jornalfatosenoticias.com.br\/index.php\/2024\/10\/16\/stf-julga-retorno-dos-termos-mae-e-pai-na-declaracao-de-nascido-vivo\/#breadcrumb"},"inLanguage":"pt-BR","potentialAction":[{"@type":"ReadAction","target":["https:\/\/jornalfatosenoticias.com.br\/index.php\/2024\/10\/16\/stf-julga-retorno-dos-termos-mae-e-pai-na-declaracao-de-nascido-vivo\/"]}]},{"@type":"ImageObject","inLanguage":"pt-BR","@id":"https:\/\/jornalfatosenoticias.com.br\/index.php\/2024\/10\/16\/stf-julga-retorno-dos-termos-mae-e-pai-na-declaracao-de-nascido-vivo\/#primaryimage","url":"https:\/\/jornalfatosenoticias.com.br\/wp-content\/uploads\/2024\/10\/stf.jpg","contentUrl":"https:\/\/jornalfatosenoticias.com.br\/wp-content\/uploads\/2024\/10\/stf.jpg","width":960,"height":540},{"@type":"BreadcrumbList","@id":"https:\/\/jornalfatosenoticias.com.br\/index.php\/2024\/10\/16\/stf-julga-retorno-dos-termos-mae-e-pai-na-declaracao-de-nascido-vivo\/#breadcrumb","itemListElement":[{"@type":"ListItem","position":1,"name":"In\u00edcio","item":"https:\/\/jornalfatosenoticias.com.br\/"},{"@type":"ListItem","position":2,"name":"STF julga retorno dos termos \u201cm\u00e3e\u201d e \u201cpai\u201d na Declara\u00e7\u00e3o de Nascido Vivo"}]},{"@type":"WebSite","@id":"https:\/\/jornalfatosenoticias.com.br\/#website","url":"https:\/\/jornalfatosenoticias.com.br\/","name":"Jornal Fatos e Not\u00edcias","description":"Not\u00edcias em geral","publisher":{"@id":"https:\/\/jornalfatosenoticias.com.br\/#organization"},"potentialAction":[{"@type":"SearchAction","target":{"@type":"EntryPoint","urlTemplate":"https:\/\/jornalfatosenoticias.com.br\/?s={search_term_string}"},"query-input":{"@type":"PropertyValueSpecification","valueRequired":true,"valueName":"search_term_string"}}],"inLanguage":"pt-BR"},{"@type":"Organization","@id":"https:\/\/jornalfatosenoticias.com.br\/#organization","name":"Jornal Fatos e Not\u00edcias","url":"https:\/\/jornalfatosenoticias.com.br\/","logo":{"@type":"ImageObject","inLanguage":"pt-BR","@id":"https:\/\/jornalfatosenoticias.com.br\/#\/schema\/logo\/image\/","url":"https:\/\/jornalfatosenoticias.com.br\/wp-content\/uploads\/2020\/02\/logo120.png","contentUrl":"https:\/\/jornalfatosenoticias.com.br\/wp-content\/uploads\/2020\/02\/logo120.png","width":1227,"height":120,"caption":"Jornal Fatos e Not\u00edcias"},"image":{"@id":"https:\/\/jornalfatosenoticias.com.br\/#\/schema\/logo\/image\/"}},{"@type":"Person","@id":"https:\/\/jornalfatosenoticias.com.br\/#\/schema\/person\/d63837fa13ac8666eb9e74e0985d6f81","name":"Luzimara Fernandes","image":{"@type":"ImageObject","inLanguage":"pt-BR","@id":"https:\/\/jornalfatosenoticias.com.br\/#\/schema\/person\/image\/","url":"https:\/\/jornalfatosenoticias.com.br\/wp-content\/uploads\/2025\/05\/EU_portal.jpg","contentUrl":"https:\/\/jornalfatosenoticias.com.br\/wp-content\/uploads\/2025\/05\/EU_portal.jpg","caption":"Luzimara Fernandes"},"description":"Jornalista MTB 2358-ES","sameAs":["https:\/\/jornalfatosenoticias.com.br"],"url":"https:\/\/jornalfatosenoticias.com.br\/index.php\/author\/luzimara\/"}]}},"cc_featured_image_caption":{"caption_text":"(Foto: Ant\u00f4nio\u00a0Augusto\/STF) ","source_text":"","source_url":""},"jetpack_featured_media_url":"https:\/\/jornalfatosenoticias.com.br\/wp-content\/uploads\/2024\/10\/stf.jpg","_links":{"self":[{"href":"https:\/\/jornalfatosenoticias.com.br\/index.php\/wp-json\/wp\/v2\/posts\/54988","targetHints":{"allow":["GET"]}}],"collection":[{"href":"https:\/\/jornalfatosenoticias.com.br\/index.php\/wp-json\/wp\/v2\/posts"}],"about":[{"href":"https:\/\/jornalfatosenoticias.com.br\/index.php\/wp-json\/wp\/v2\/types\/post"}],"author":[{"embeddable":true,"href":"https:\/\/jornalfatosenoticias.com.br\/index.php\/wp-json\/wp\/v2\/users\/2"}],"replies":[{"embeddable":true,"href":"https:\/\/jornalfatosenoticias.com.br\/index.php\/wp-json\/wp\/v2\/comments?post=54988"}],"version-history":[{"count":0,"href":"https:\/\/jornalfatosenoticias.com.br\/index.php\/wp-json\/wp\/v2\/posts\/54988\/revisions"}],"wp:featuredmedia":[{"embeddable":true,"href":"https:\/\/jornalfatosenoticias.com.br\/index.php\/wp-json\/wp\/v2\/media\/54989"}],"wp:attachment":[{"href":"https:\/\/jornalfatosenoticias.com.br\/index.php\/wp-json\/wp\/v2\/media?parent=54988"}],"wp:term":[{"taxonomy":"category","embeddable":true,"href":"https:\/\/jornalfatosenoticias.com.br\/index.php\/wp-json\/wp\/v2\/categories?post=54988"},{"taxonomy":"post_tag","embeddable":true,"href":"https:\/\/jornalfatosenoticias.com.br\/index.php\/wp-json\/wp\/v2\/tags?post=54988"}],"curies":[{"name":"wp","href":"https:\/\/api.w.org\/{rel}","templated":true}]}}