{"id":55020,"date":"2024-10-17T16:43:54","date_gmt":"2024-10-17T19:43:54","guid":{"rendered":"https:\/\/jornalfatosenoticias.com.br\/?p=55020"},"modified":"2024-10-17T16:43:55","modified_gmt":"2024-10-17T19:43:55","slug":"devocional-do-dia-precisamos-perdoar","status":"publish","type":"post","link":"https:\/\/jornalfatosenoticias.com.br\/index.php\/2024\/10\/17\/devocional-do-dia-precisamos-perdoar\/","title":{"rendered":"Devocional do Dia \u2014 precisamos perdoar"},"content":{"rendered":"\n<p><em><span class=\"has-inline-color has-black-color\">\u2018Porque, se perdoardes aos homens as suas ofensas, tamb\u00e9m vosso Pai celeste vos perdoar\u00e1; se, por\u00e9m, n\u00e3o perdoardes aos homens as suas ofensas, tampouco vosso Pai vos perdoar\u00e1 as vossas ofensas&#8217;, Mateus 6:14-15<\/span><\/em><\/p>\n\n\n\n<p><span class=\"has-inline-color has-black-color\">Por\u00a0<\/span><strong><a href=\"https:\/\/jornalfatosenoticias.com.br\/index.php\/2024\/06\/03\/devocional-do-dia-espirito-x-carne\/\">Pastora Luciene da Silva Cordeiro<\/a><\/strong><\/p>\n\n\n\n<div class=\"wp-block-image\"><figure class=\"aligncenter size-large is-resized\"><a href=\"https:\/\/www.facebook.com\/vetor.vix\/\"><img loading=\"lazy\" decoding=\"async\" src=\"https:\/\/jornalfatosenoticias.com.br\/wp-content\/uploads\/2023\/09\/vetorvix1024_1.jpg\" alt=\"\" class=\"wp-image-44868\" width=\"471\" height=\"125\" srcset=\"https:\/\/jornalfatosenoticias.com.br\/wp-content\/uploads\/2023\/09\/vetorvix1024_1.jpg 1024w, https:\/\/jornalfatosenoticias.com.br\/wp-content\/uploads\/2023\/09\/vetorvix1024_1-300x80.jpg 300w, https:\/\/jornalfatosenoticias.com.br\/wp-content\/uploads\/2023\/09\/vetorvix1024_1-768x205.jpg 768w\" sizes=\"auto, (max-width: 471px) 100vw, 471px\" \/><\/a><\/figure><\/div>\n\n\n\n<p>Somente quando precisamos perdoar, percebemos o quanto isso \u00e9 dif\u00edcil! Principalmente quando a pessoa que nos ofendeu \u00e9 algu\u00e9m que amamos! O perd\u00e3o \u00e9 necess\u00e1rio para haver cura emocional e espiritual. O inimigo faz de tudo para prejudicar nossos melhores relacionamentos, porque o pecado e a falta de perd\u00e3o tamb\u00e9m prejudicam nossa rela\u00e7\u00e3o com Deus. Diante disso, o melhor a fazer \u00e9 lembrar-se de que nossa luta n\u00e3o \u00e9 contra carne ou sangue! Por isso, mesmo que tenhamos muita, mas muita, muita vontade mesmo, de praticar nossa pr\u00f3pria justi\u00e7a, trazer tudo \u00e0 tona, e expor as pessoas que nos causam tamanho sofrimento, precisamos escolher praticar o amor de Jesus, suportando tudo em sil\u00eancio, aceitando a injusti\u00e7a da ofensa, a deslealdade do pecado, e ficarmos prontos para perdoar, porque Deus faz cumprir Sua justi\u00e7a, e Ele se agrada em quem nEle espera.<\/p>\n\n\n\n<div class=\"wp-block-image\"><figure class=\"aligncenter size-large is-resized\"><a href=\"https:\/\/www.ithbrasil.com.br\/\"><img loading=\"lazy\" decoding=\"async\" src=\"https:\/\/jornalfatosenoticias.com.br\/wp-content\/uploads\/2023\/08\/ITH.jpeg\" alt=\"\" class=\"wp-image-44638\" width=\"299\" height=\"243\" srcset=\"https:\/\/jornalfatosenoticias.com.br\/wp-content\/uploads\/2023\/08\/ITH.jpeg 800w, https:\/\/jornalfatosenoticias.com.br\/wp-content\/uploads\/2023\/08\/ITH-300x244.jpeg 300w, https:\/\/jornalfatosenoticias.com.br\/wp-content\/uploads\/2023\/08\/ITH-768x624.jpeg 768w\" sizes=\"auto, (max-width: 299px) 100vw, 299px\" \/><\/a><\/figure><\/div>\n\n\n\n<p><strong>ORA\u00c7\u00c3O: <\/strong>Pai querido, quando eu decidi entregar minha vida ao Senhor, eu n\u00e3o estava falando isso da boca pra fora, eu realmente entreguei tudo a Ti! Inclusive minhas emo\u00e7\u00f5es, que j\u00e1 n\u00e3o s\u00e3o minhas, pois entreguei meu cora\u00e7\u00e3o ao Senhor e ele \u00e9 totalmente Seu! Diante disso, eu n\u00e3o aceito que esta ofensa continue tirando minha alegria de viver, e n\u00e3o continue tirando a minha vontade de continuar firme na caminhada! <\/p>\n\n\n\n<div class=\"wp-block-image\"><figure class=\"aligncenter size-large is-resized\"><a href=\"https:\/\/hotelmarquetti.com.br\/\"><img loading=\"lazy\" decoding=\"async\" src=\"https:\/\/jornalfatosenoticias.com.br\/wp-content\/uploads\/2023\/03\/nova-logo-Marquetti.jpg\" alt=\"\" class=\"wp-image-40207\" width=\"317\" height=\"213\" srcset=\"https:\/\/jornalfatosenoticias.com.br\/wp-content\/uploads\/2023\/03\/nova-logo-Marquetti.jpg 643w, https:\/\/jornalfatosenoticias.com.br\/wp-content\/uploads\/2023\/03\/nova-logo-Marquetti-300x202.jpg 300w\" sizes=\"auto, (max-width: 317px) 100vw, 317px\" \/><\/a><\/figure><\/div>\n\n\n\n<p>Quando eu pedi mais do Seu amor, eu tamb\u00e9m n\u00e3o estava pedindo isso da boca pra fora, eu realmente quero mais do Seu amor, e eu entendo que o amor maior de Jesus, \u00e9 o Seu perd\u00e3o. Por isso eu clamo ao Senhor, que este amor esteja sobre mim, para que eu possa estar preparado para perdoar estas pessoas. Eu oro em nome de Jesus. Am\u00e9m!<br>Baixe voc\u00ea tamb\u00e9m a B\u00edblia Sagrada do Crist\u00e3o\u00a0<strong><a href=\"https:\/\/play.google.com\/store\/apps\/details?id=com.harpacristagratuitaportuguesbrmasterfiveapps\">https:\/\/goo.gl\/2icbB6<\/a><\/strong>.<\/p>\n\n\n\n<div class=\"wp-block-image\"><figure class=\"aligncenter size-large\"><a href=\"https:\/\/www.instagram.com\/esteiochurrascaria\/\"><img decoding=\"async\" src=\"https:\/\/jornalfatosenoticias.com.br\/wp-content\/uploads\/2020\/02\/logo_esteio.jpg\" alt=\"\" class=\"wp-image-1214\"\/><\/a><\/figure><\/div>\n\n\n\n<p><strong><span class=\"has-inline-color has-black-color\">Pastora Luciene da Silva Cordeiro<br><\/span><\/strong><em><span class=\"has-inline-color has-black-color\">Igreja Minist\u00e9rio Mission\u00e1rio de Intercess\u00e3o a Servi\u00e7o do Reino de Deus<\/span><\/em><\/p>\n","protected":false},"excerpt":{"rendered":"<p>\u2018Porque, se perdoardes aos homens as suas ofensas, tamb\u00e9m vosso Pai celeste vos perdoar\u00e1; se, por\u00e9m, n\u00e3o perdoardes aos homens as suas ofensas, tampouco vosso Pai vos perdoar\u00e1 as vossas ofensas&#8217;, Mateus 6:14-15 Por\u00a0Pastora Luciene da Silva Cordeiro Somente quando precisamos perdoar, percebemos o quanto isso \u00e9 dif\u00edcil! Principalmente quando a pessoa que nos ofendeu [&hellip;]<\/p>\n","protected":false},"author":2,"featured_media":55021,"comment_status":"open","ping_status":"open","sticky":false,"template":"","format":"standard","meta":{"footnotes":""},"categories":[21140],"tags":[25075,24104,25076,7030,12283],"class_list":["post-55020","post","type-post","status-publish","format-standard","has-post-thumbnail","hentry","category-religiao","tag-cura-emocional-e-espiritual","tag-ofensas","tag-pai-celeste","tag-perdao","tag-perdoar"],"yoast_head":"<!-- This site is optimized with the Yoast SEO plugin v26.5 - https:\/\/yoast.com\/wordpress\/plugins\/seo\/ -->\n<title>Devocional do Dia \u2014 precisamos perdoar - Jornal Fatos e Not\u00edcias<\/title>\n<meta name=\"robots\" content=\"index, follow, max-snippet:-1, max-image-preview:large, max-video-preview:-1\" \/>\n<link rel=\"canonical\" href=\"https:\/\/jornalfatosenoticias.com.br\/index.php\/2024\/10\/17\/devocional-do-dia-precisamos-perdoar\/\" \/>\n<meta property=\"og:locale\" content=\"pt_BR\" \/>\n<meta property=\"og:type\" content=\"article\" \/>\n<meta property=\"og:title\" content=\"Devocional do Dia \u2014 precisamos perdoar - Jornal Fatos e Not\u00edcias\" \/>\n<meta property=\"og:description\" content=\"\u2018Porque, se perdoardes aos homens as suas ofensas, tamb\u00e9m vosso Pai celeste vos perdoar\u00e1; se, por\u00e9m, n\u00e3o perdoardes aos homens as suas ofensas, tampouco vosso Pai vos perdoar\u00e1 as vossas ofensas&#8217;, Mateus 6:14-15 Por\u00a0Pastora Luciene da Silva Cordeiro Somente quando precisamos perdoar, percebemos o quanto isso \u00e9 dif\u00edcil! Principalmente quando a pessoa que nos ofendeu [&hellip;]\" \/>\n<meta property=\"og:url\" content=\"https:\/\/jornalfatosenoticias.com.br\/index.php\/2024\/10\/17\/devocional-do-dia-precisamos-perdoar\/\" \/>\n<meta property=\"og:site_name\" content=\"Jornal Fatos e Not\u00edcias\" \/>\n<meta property=\"article:published_time\" content=\"2024-10-17T19:43:54+00:00\" \/>\n<meta property=\"article:modified_time\" content=\"2024-10-17T19:43:55+00:00\" \/>\n<meta property=\"og:image\" content=\"https:\/\/jornalfatosenoticias.com.br\/wp-content\/uploads\/2024\/10\/Devocional_Perdao_Depositphotos.jpg\" \/>\n\t<meta property=\"og:image:width\" content=\"620\" \/>\n\t<meta property=\"og:image:height\" content=\"310\" \/>\n\t<meta property=\"og:image:type\" content=\"image\/jpeg\" \/>\n<meta name=\"author\" content=\"Luzimara Fernandes\" \/>\n<meta name=\"twitter:card\" content=\"summary_large_image\" \/>\n<meta name=\"twitter:label1\" content=\"Escrito por\" \/>\n\t<meta name=\"twitter:data1\" content=\"Luzimara Fernandes\" \/>\n\t<meta name=\"twitter:label2\" content=\"Est. tempo de leitura\" \/>\n\t<meta name=\"twitter:data2\" content=\"2 minutos\" \/>\n<script type=\"application\/ld+json\" class=\"yoast-schema-graph\">{\"@context\":\"https:\/\/schema.org\",\"@graph\":[{\"@type\":\"Article\",\"@id\":\"https:\/\/jornalfatosenoticias.com.br\/index.php\/2024\/10\/17\/devocional-do-dia-precisamos-perdoar\/#article\",\"isPartOf\":{\"@id\":\"https:\/\/jornalfatosenoticias.com.br\/index.php\/2024\/10\/17\/devocional-do-dia-precisamos-perdoar\/\"},\"author\":{\"name\":\"Luzimara Fernandes\",\"@id\":\"https:\/\/jornalfatosenoticias.com.br\/#\/schema\/person\/d63837fa13ac8666eb9e74e0985d6f81\"},\"headline\":\"Devocional do Dia \u2014 precisamos perdoar\",\"datePublished\":\"2024-10-17T19:43:54+00:00\",\"dateModified\":\"2024-10-17T19:43:55+00:00\",\"mainEntityOfPage\":{\"@id\":\"https:\/\/jornalfatosenoticias.com.br\/index.php\/2024\/10\/17\/devocional-do-dia-precisamos-perdoar\/\"},\"wordCount\":377,\"commentCount\":0,\"publisher\":{\"@id\":\"https:\/\/jornalfatosenoticias.com.br\/#organization\"},\"image\":{\"@id\":\"https:\/\/jornalfatosenoticias.com.br\/index.php\/2024\/10\/17\/devocional-do-dia-precisamos-perdoar\/#primaryimage\"},\"thumbnailUrl\":\"https:\/\/jornalfatosenoticias.com.br\/wp-content\/uploads\/2024\/10\/Devocional_Perdao_Depositphotos.jpg\",\"keywords\":[\"cura emocional e espiritual\",\"ofensas\",\"Pai celeste\",\"perd\u00e3o\",\"perdoar\"],\"articleSection\":[\"Religi\u00e3o\"],\"inLanguage\":\"pt-BR\",\"potentialAction\":[{\"@type\":\"CommentAction\",\"name\":\"Comment\",\"target\":[\"https:\/\/jornalfatosenoticias.com.br\/index.php\/2024\/10\/17\/devocional-do-dia-precisamos-perdoar\/#respond\"]}]},{\"@type\":\"WebPage\",\"@id\":\"https:\/\/jornalfatosenoticias.com.br\/index.php\/2024\/10\/17\/devocional-do-dia-precisamos-perdoar\/\",\"url\":\"https:\/\/jornalfatosenoticias.com.br\/index.php\/2024\/10\/17\/devocional-do-dia-precisamos-perdoar\/\",\"name\":\"Devocional do Dia \u2014 precisamos perdoar - Jornal Fatos e Not\u00edcias\",\"isPartOf\":{\"@id\":\"https:\/\/jornalfatosenoticias.com.br\/#website\"},\"primaryImageOfPage\":{\"@id\":\"https:\/\/jornalfatosenoticias.com.br\/index.php\/2024\/10\/17\/devocional-do-dia-precisamos-perdoar\/#primaryimage\"},\"image\":{\"@id\":\"https:\/\/jornalfatosenoticias.com.br\/index.php\/2024\/10\/17\/devocional-do-dia-precisamos-perdoar\/#primaryimage\"},\"thumbnailUrl\":\"https:\/\/jornalfatosenoticias.com.br\/wp-content\/uploads\/2024\/10\/Devocional_Perdao_Depositphotos.jpg\",\"datePublished\":\"2024-10-17T19:43:54+00:00\",\"dateModified\":\"2024-10-17T19:43:55+00:00\",\"breadcrumb\":{\"@id\":\"https:\/\/jornalfatosenoticias.com.br\/index.php\/2024\/10\/17\/devocional-do-dia-precisamos-perdoar\/#breadcrumb\"},\"inLanguage\":\"pt-BR\",\"potentialAction\":[{\"@type\":\"ReadAction\",\"target\":[\"https:\/\/jornalfatosenoticias.com.br\/index.php\/2024\/10\/17\/devocional-do-dia-precisamos-perdoar\/\"]}]},{\"@type\":\"ImageObject\",\"inLanguage\":\"pt-BR\",\"@id\":\"https:\/\/jornalfatosenoticias.com.br\/index.php\/2024\/10\/17\/devocional-do-dia-precisamos-perdoar\/#primaryimage\",\"url\":\"https:\/\/jornalfatosenoticias.com.br\/wp-content\/uploads\/2024\/10\/Devocional_Perdao_Depositphotos.jpg\",\"contentUrl\":\"https:\/\/jornalfatosenoticias.com.br\/wp-content\/uploads\/2024\/10\/Devocional_Perdao_Depositphotos.jpg\",\"width\":620,\"height\":310},{\"@type\":\"BreadcrumbList\",\"@id\":\"https:\/\/jornalfatosenoticias.com.br\/index.php\/2024\/10\/17\/devocional-do-dia-precisamos-perdoar\/#breadcrumb\",\"itemListElement\":[{\"@type\":\"ListItem\",\"position\":1,\"name\":\"In\u00edcio\",\"item\":\"https:\/\/jornalfatosenoticias.com.br\/\"},{\"@type\":\"ListItem\",\"position\":2,\"name\":\"Devocional do Dia \u2014 precisamos perdoar\"}]},{\"@type\":\"WebSite\",\"@id\":\"https:\/\/jornalfatosenoticias.com.br\/#website\",\"url\":\"https:\/\/jornalfatosenoticias.com.br\/\",\"name\":\"Jornal Fatos e Not\u00edcias\",\"description\":\"Not\u00edcias em geral\",\"publisher\":{\"@id\":\"https:\/\/jornalfatosenoticias.com.br\/#organization\"},\"potentialAction\":[{\"@type\":\"SearchAction\",\"target\":{\"@type\":\"EntryPoint\",\"urlTemplate\":\"https:\/\/jornalfatosenoticias.com.br\/?s={search_term_string}\"},\"query-input\":{\"@type\":\"PropertyValueSpecification\",\"valueRequired\":true,\"valueName\":\"search_term_string\"}}],\"inLanguage\":\"pt-BR\"},{\"@type\":\"Organization\",\"@id\":\"https:\/\/jornalfatosenoticias.com.br\/#organization\",\"name\":\"Jornal Fatos e Not\u00edcias\",\"url\":\"https:\/\/jornalfatosenoticias.com.br\/\",\"logo\":{\"@type\":\"ImageObject\",\"inLanguage\":\"pt-BR\",\"@id\":\"https:\/\/jornalfatosenoticias.com.br\/#\/schema\/logo\/image\/\",\"url\":\"https:\/\/jornalfatosenoticias.com.br\/wp-content\/uploads\/2020\/02\/logo120.png\",\"contentUrl\":\"https:\/\/jornalfatosenoticias.com.br\/wp-content\/uploads\/2020\/02\/logo120.png\",\"width\":1227,\"height\":120,\"caption\":\"Jornal Fatos e Not\u00edcias\"},\"image\":{\"@id\":\"https:\/\/jornalfatosenoticias.com.br\/#\/schema\/logo\/image\/\"}},{\"@type\":\"Person\",\"@id\":\"https:\/\/jornalfatosenoticias.com.br\/#\/schema\/person\/d63837fa13ac8666eb9e74e0985d6f81\",\"name\":\"Luzimara Fernandes\",\"image\":{\"@type\":\"ImageObject\",\"inLanguage\":\"pt-BR\",\"@id\":\"https:\/\/jornalfatosenoticias.com.br\/#\/schema\/person\/image\/\",\"url\":\"https:\/\/jornalfatosenoticias.com.br\/wp-content\/uploads\/2025\/05\/EU_portal.jpg\",\"contentUrl\":\"https:\/\/jornalfatosenoticias.com.br\/wp-content\/uploads\/2025\/05\/EU_portal.jpg\",\"caption\":\"Luzimara Fernandes\"},\"description\":\"Jornalista MTB 2358-ES\",\"sameAs\":[\"https:\/\/jornalfatosenoticias.com.br\"],\"url\":\"https:\/\/jornalfatosenoticias.com.br\/index.php\/author\/luzimara\/\"}]}<\/script>\n<!-- \/ Yoast SEO plugin. -->","yoast_head_json":{"title":"Devocional do Dia \u2014 precisamos perdoar - Jornal Fatos e Not\u00edcias","robots":{"index":"index","follow":"follow","max-snippet":"max-snippet:-1","max-image-preview":"max-image-preview:large","max-video-preview":"max-video-preview:-1"},"canonical":"https:\/\/jornalfatosenoticias.com.br\/index.php\/2024\/10\/17\/devocional-do-dia-precisamos-perdoar\/","og_locale":"pt_BR","og_type":"article","og_title":"Devocional do Dia \u2014 precisamos perdoar - Jornal Fatos e Not\u00edcias","og_description":"\u2018Porque, se perdoardes aos homens as suas ofensas, tamb\u00e9m vosso Pai celeste vos perdoar\u00e1; se, por\u00e9m, n\u00e3o perdoardes aos homens as suas ofensas, tampouco vosso Pai vos perdoar\u00e1 as vossas ofensas&#8217;, Mateus 6:14-15 Por\u00a0Pastora Luciene da Silva Cordeiro Somente quando precisamos perdoar, percebemos o quanto isso \u00e9 dif\u00edcil! Principalmente quando a pessoa que nos ofendeu [&hellip;]","og_url":"https:\/\/jornalfatosenoticias.com.br\/index.php\/2024\/10\/17\/devocional-do-dia-precisamos-perdoar\/","og_site_name":"Jornal Fatos e Not\u00edcias","article_published_time":"2024-10-17T19:43:54+00:00","article_modified_time":"2024-10-17T19:43:55+00:00","og_image":[{"width":620,"height":310,"url":"https:\/\/jornalfatosenoticias.com.br\/wp-content\/uploads\/2024\/10\/Devocional_Perdao_Depositphotos.jpg","type":"image\/jpeg"}],"author":"Luzimara Fernandes","twitter_card":"summary_large_image","twitter_misc":{"Escrito por":"Luzimara Fernandes","Est. tempo de leitura":"2 minutos"},"schema":{"@context":"https:\/\/schema.org","@graph":[{"@type":"Article","@id":"https:\/\/jornalfatosenoticias.com.br\/index.php\/2024\/10\/17\/devocional-do-dia-precisamos-perdoar\/#article","isPartOf":{"@id":"https:\/\/jornalfatosenoticias.com.br\/index.php\/2024\/10\/17\/devocional-do-dia-precisamos-perdoar\/"},"author":{"name":"Luzimara Fernandes","@id":"https:\/\/jornalfatosenoticias.com.br\/#\/schema\/person\/d63837fa13ac8666eb9e74e0985d6f81"},"headline":"Devocional do Dia \u2014 precisamos perdoar","datePublished":"2024-10-17T19:43:54+00:00","dateModified":"2024-10-17T19:43:55+00:00","mainEntityOfPage":{"@id":"https:\/\/jornalfatosenoticias.com.br\/index.php\/2024\/10\/17\/devocional-do-dia-precisamos-perdoar\/"},"wordCount":377,"commentCount":0,"publisher":{"@id":"https:\/\/jornalfatosenoticias.com.br\/#organization"},"image":{"@id":"https:\/\/jornalfatosenoticias.com.br\/index.php\/2024\/10\/17\/devocional-do-dia-precisamos-perdoar\/#primaryimage"},"thumbnailUrl":"https:\/\/jornalfatosenoticias.com.br\/wp-content\/uploads\/2024\/10\/Devocional_Perdao_Depositphotos.jpg","keywords":["cura emocional e espiritual","ofensas","Pai celeste","perd\u00e3o","perdoar"],"articleSection":["Religi\u00e3o"],"inLanguage":"pt-BR","potentialAction":[{"@type":"CommentAction","name":"Comment","target":["https:\/\/jornalfatosenoticias.com.br\/index.php\/2024\/10\/17\/devocional-do-dia-precisamos-perdoar\/#respond"]}]},{"@type":"WebPage","@id":"https:\/\/jornalfatosenoticias.com.br\/index.php\/2024\/10\/17\/devocional-do-dia-precisamos-perdoar\/","url":"https:\/\/jornalfatosenoticias.com.br\/index.php\/2024\/10\/17\/devocional-do-dia-precisamos-perdoar\/","name":"Devocional do Dia \u2014 precisamos perdoar - Jornal Fatos e Not\u00edcias","isPartOf":{"@id":"https:\/\/jornalfatosenoticias.com.br\/#website"},"primaryImageOfPage":{"@id":"https:\/\/jornalfatosenoticias.com.br\/index.php\/2024\/10\/17\/devocional-do-dia-precisamos-perdoar\/#primaryimage"},"image":{"@id":"https:\/\/jornalfatosenoticias.com.br\/index.php\/2024\/10\/17\/devocional-do-dia-precisamos-perdoar\/#primaryimage"},"thumbnailUrl":"https:\/\/jornalfatosenoticias.com.br\/wp-content\/uploads\/2024\/10\/Devocional_Perdao_Depositphotos.jpg","datePublished":"2024-10-17T19:43:54+00:00","dateModified":"2024-10-17T19:43:55+00:00","breadcrumb":{"@id":"https:\/\/jornalfatosenoticias.com.br\/index.php\/2024\/10\/17\/devocional-do-dia-precisamos-perdoar\/#breadcrumb"},"inLanguage":"pt-BR","potentialAction":[{"@type":"ReadAction","target":["https:\/\/jornalfatosenoticias.com.br\/index.php\/2024\/10\/17\/devocional-do-dia-precisamos-perdoar\/"]}]},{"@type":"ImageObject","inLanguage":"pt-BR","@id":"https:\/\/jornalfatosenoticias.com.br\/index.php\/2024\/10\/17\/devocional-do-dia-precisamos-perdoar\/#primaryimage","url":"https:\/\/jornalfatosenoticias.com.br\/wp-content\/uploads\/2024\/10\/Devocional_Perdao_Depositphotos.jpg","contentUrl":"https:\/\/jornalfatosenoticias.com.br\/wp-content\/uploads\/2024\/10\/Devocional_Perdao_Depositphotos.jpg","width":620,"height":310},{"@type":"BreadcrumbList","@id":"https:\/\/jornalfatosenoticias.com.br\/index.php\/2024\/10\/17\/devocional-do-dia-precisamos-perdoar\/#breadcrumb","itemListElement":[{"@type":"ListItem","position":1,"name":"In\u00edcio","item":"https:\/\/jornalfatosenoticias.com.br\/"},{"@type":"ListItem","position":2,"name":"Devocional do Dia \u2014 precisamos perdoar"}]},{"@type":"WebSite","@id":"https:\/\/jornalfatosenoticias.com.br\/#website","url":"https:\/\/jornalfatosenoticias.com.br\/","name":"Jornal Fatos e Not\u00edcias","description":"Not\u00edcias em geral","publisher":{"@id":"https:\/\/jornalfatosenoticias.com.br\/#organization"},"potentialAction":[{"@type":"SearchAction","target":{"@type":"EntryPoint","urlTemplate":"https:\/\/jornalfatosenoticias.com.br\/?s={search_term_string}"},"query-input":{"@type":"PropertyValueSpecification","valueRequired":true,"valueName":"search_term_string"}}],"inLanguage":"pt-BR"},{"@type":"Organization","@id":"https:\/\/jornalfatosenoticias.com.br\/#organization","name":"Jornal Fatos e Not\u00edcias","url":"https:\/\/jornalfatosenoticias.com.br\/","logo":{"@type":"ImageObject","inLanguage":"pt-BR","@id":"https:\/\/jornalfatosenoticias.com.br\/#\/schema\/logo\/image\/","url":"https:\/\/jornalfatosenoticias.com.br\/wp-content\/uploads\/2020\/02\/logo120.png","contentUrl":"https:\/\/jornalfatosenoticias.com.br\/wp-content\/uploads\/2020\/02\/logo120.png","width":1227,"height":120,"caption":"Jornal Fatos e Not\u00edcias"},"image":{"@id":"https:\/\/jornalfatosenoticias.com.br\/#\/schema\/logo\/image\/"}},{"@type":"Person","@id":"https:\/\/jornalfatosenoticias.com.br\/#\/schema\/person\/d63837fa13ac8666eb9e74e0985d6f81","name":"Luzimara Fernandes","image":{"@type":"ImageObject","inLanguage":"pt-BR","@id":"https:\/\/jornalfatosenoticias.com.br\/#\/schema\/person\/image\/","url":"https:\/\/jornalfatosenoticias.com.br\/wp-content\/uploads\/2025\/05\/EU_portal.jpg","contentUrl":"https:\/\/jornalfatosenoticias.com.br\/wp-content\/uploads\/2025\/05\/EU_portal.jpg","caption":"Luzimara Fernandes"},"description":"Jornalista MTB 2358-ES","sameAs":["https:\/\/jornalfatosenoticias.com.br"],"url":"https:\/\/jornalfatosenoticias.com.br\/index.php\/author\/luzimara\/"}]}},"cc_featured_image_caption":{"caption_text":"(Foto: Depositphotos) ","source_text":"","source_url":""},"jetpack_featured_media_url":"https:\/\/jornalfatosenoticias.com.br\/wp-content\/uploads\/2024\/10\/Devocional_Perdao_Depositphotos.jpg","_links":{"self":[{"href":"https:\/\/jornalfatosenoticias.com.br\/index.php\/wp-json\/wp\/v2\/posts\/55020","targetHints":{"allow":["GET"]}}],"collection":[{"href":"https:\/\/jornalfatosenoticias.com.br\/index.php\/wp-json\/wp\/v2\/posts"}],"about":[{"href":"https:\/\/jornalfatosenoticias.com.br\/index.php\/wp-json\/wp\/v2\/types\/post"}],"author":[{"embeddable":true,"href":"https:\/\/jornalfatosenoticias.com.br\/index.php\/wp-json\/wp\/v2\/users\/2"}],"replies":[{"embeddable":true,"href":"https:\/\/jornalfatosenoticias.com.br\/index.php\/wp-json\/wp\/v2\/comments?post=55020"}],"version-history":[{"count":0,"href":"https:\/\/jornalfatosenoticias.com.br\/index.php\/wp-json\/wp\/v2\/posts\/55020\/revisions"}],"wp:featuredmedia":[{"embeddable":true,"href":"https:\/\/jornalfatosenoticias.com.br\/index.php\/wp-json\/wp\/v2\/media\/55021"}],"wp:attachment":[{"href":"https:\/\/jornalfatosenoticias.com.br\/index.php\/wp-json\/wp\/v2\/media?parent=55020"}],"wp:term":[{"taxonomy":"category","embeddable":true,"href":"https:\/\/jornalfatosenoticias.com.br\/index.php\/wp-json\/wp\/v2\/categories?post=55020"},{"taxonomy":"post_tag","embeddable":true,"href":"https:\/\/jornalfatosenoticias.com.br\/index.php\/wp-json\/wp\/v2\/tags?post=55020"}],"curies":[{"name":"wp","href":"https:\/\/api.w.org\/{rel}","templated":true}]}}