{"id":55040,"date":"2024-10-18T11:11:00","date_gmt":"2024-10-18T14:11:00","guid":{"rendered":"https:\/\/jornalfatosenoticias.com.br\/?p=55040"},"modified":"2024-10-18T11:11:01","modified_gmt":"2024-10-18T14:11:01","slug":"sem-celular-nas-escolas-melhoram-notas-e-socializacao-de-alunos","status":"publish","type":"post","link":"https:\/\/jornalfatosenoticias.com.br\/index.php\/2024\/10\/18\/sem-celular-nas-escolas-melhoram-notas-e-socializacao-de-alunos\/","title":{"rendered":"Sem celular nas escolas, melhoram notas e socializa\u00e7\u00e3o de alunos"},"content":{"rendered":"\n<p><span class=\"has-inline-color has-black-color\">Por <strong>Renata Dias<\/strong><\/span><\/p>\n\n\n\n<div class=\"wp-block-image\"><figure class=\"aligncenter size-large is-resized\"><a href=\"https:\/\/www.facebook.com\/vetor.vix\/\"><img loading=\"lazy\" decoding=\"async\" src=\"https:\/\/jornalfatosenoticias.com.br\/wp-content\/uploads\/2023\/09\/vetorvix1024_1.jpg\" alt=\"\" class=\"wp-image-44868\" width=\"551\" height=\"146\" srcset=\"https:\/\/jornalfatosenoticias.com.br\/wp-content\/uploads\/2023\/09\/vetorvix1024_1.jpg 1024w, https:\/\/jornalfatosenoticias.com.br\/wp-content\/uploads\/2023\/09\/vetorvix1024_1-300x80.jpg 300w, https:\/\/jornalfatosenoticias.com.br\/wp-content\/uploads\/2023\/09\/vetorvix1024_1-768x205.jpg 768w\" sizes=\"auto, (max-width: 551px) 100vw, 551px\" \/><\/a><\/figure><\/div>\n\n\n\n<p>A experi\u00eancia \u00e9 desafiadora e tensa. As escolas, de forma aut\u00f4noma, testam a proibi\u00e7\u00e3o de celular e registram: os alunos melhoram as notas e a socializa\u00e7\u00e3o. Mas em meio a muita negocia\u00e7\u00e3o e at\u00e9 dor. Para evitar que a decis\u00e3o fique por conta dos col\u00e9gios, o Minist\u00e9rio da Educa\u00e7\u00e3o elabora um projeto de lei, que ser\u00e1 enviado ao Congresso Nacional, para vetar o uso dos aparelhos em sala conforme regras e normas.<br>De acordo com o Programa Internacional de Avalia\u00e7\u00e3o de Estudantes de 2022, 45% dos estudantes admitem que se distraem com os celulares, sobretudo nas aulas de matem\u00e1tica. Escolas de v\u00e1rios locais do pa\u00eds optaram pela proibi\u00e7\u00e3o do uso de celulares. Cada uma optou por uma estrat\u00e9gia pr\u00f3pria para a proibi\u00e7\u00e3o, mas todas admitiram que a adapta\u00e7\u00e3o \u00e9 lenta e que h\u00e1 sofrimento por parte dos alunos.<\/p>\n\n\n\n<div class=\"wp-block-image\"><figure class=\"aligncenter size-large\"><a href=\"https:\/\/cesconetto.com.br\/\"><img loading=\"lazy\" decoding=\"async\" width=\"300\" height=\"250\" src=\"https:\/\/jornalfatosenoticias.com.br\/wp-content\/uploads\/2022\/02\/Banner-2.png\" alt=\"\" class=\"wp-image-27877\"\/><\/a><\/figure><\/div>\n\n\n\n<p>Col\u00e9gios p\u00fablicos e privados, que adotaram o veto aos celulares, fizeram de maneira radical. Sem autoriza\u00e7\u00e3o alguma nem exce\u00e7\u00e3o. Na escola Alef Peretz (SP), que \u00e9 privada, os celulares ficam em pochetes magn\u00e9ticas, vindas do exterior. Na p\u00fablica GEO Martin Luther King, no Rio de Janeiro, um funcion\u00e1rio \u00e9 encarregado de recolher e devolver os aparelhos, guardados em uma caixa.<\/p>\n\n\n\n<div class=\"wp-block-image\"><figure class=\"aligncenter size-large is-resized\"><a href=\"https:\/\/www.instagram.com\/restaurantepegoretti\/\"><img loading=\"lazy\" decoding=\"async\" src=\"https:\/\/jornalfatosenoticias.com.br\/wp-content\/uploads\/2023\/12\/pegoretti-logo-pdf-1024x389.jpg\" alt=\"\" class=\"wp-image-47536\" width=\"427\" height=\"162\" srcset=\"https:\/\/jornalfatosenoticias.com.br\/wp-content\/uploads\/2023\/12\/pegoretti-logo-pdf-1024x389.jpg 1024w, https:\/\/jornalfatosenoticias.com.br\/wp-content\/uploads\/2023\/12\/pegoretti-logo-pdf-300x114.jpg 300w, https:\/\/jornalfatosenoticias.com.br\/wp-content\/uploads\/2023\/12\/pegoretti-logo-pdf-768x291.jpg 768w, https:\/\/jornalfatosenoticias.com.br\/wp-content\/uploads\/2023\/12\/pegoretti-logo-pdf.jpg 1120w\" sizes=\"auto, (max-width: 427px) 100vw, 427px\" \/><\/a><\/figure><\/div>\n\n\n\n<p>Com a proibi\u00e7\u00e3o dos celulares, a dire\u00e7\u00e3o e os professores observaram as seguintes melhoras no comportamento dos estudantes: consegue a maioria se adaptar; aumento da aten\u00e7\u00e3o \u00e0s aulas e concentra\u00e7\u00e3o; troca do WhatsApp por esportes e por intera\u00e7\u00f5es \u201c\u00e0 moda antiga\u201d.<\/p>\n\n\n\n<div class=\"wp-block-image\"><figure class=\"aligncenter size-large is-resized\"><a href=\"https:\/\/www.facebook.com\/postobkr\/?locale=pt_BR\"><img loading=\"lazy\" decoding=\"async\" src=\"https:\/\/jornalfatosenoticias.com.br\/wp-content\/uploads\/2023\/08\/BKR-1024x1021.jpg\" alt=\"\" class=\"wp-image-44494\" width=\"292\" height=\"291\" srcset=\"https:\/\/jornalfatosenoticias.com.br\/wp-content\/uploads\/2023\/08\/BKR-1024x1021.jpg 1024w, https:\/\/jornalfatosenoticias.com.br\/wp-content\/uploads\/2023\/08\/BKR-300x300.jpg 300w, https:\/\/jornalfatosenoticias.com.br\/wp-content\/uploads\/2023\/08\/BKR-150x150.jpg 150w, https:\/\/jornalfatosenoticias.com.br\/wp-content\/uploads\/2023\/08\/BKR-768x766.jpg 768w, https:\/\/jornalfatosenoticias.com.br\/wp-content\/uploads\/2023\/08\/BKR.jpg 1080w\" sizes=\"auto, (max-width: 292px) 100vw, 292px\" \/><\/a><\/figure><\/div>\n\n\n\n<p><strong><span class=\"has-inline-color has-vivid-purple-color\">\u00c9 como um v\u00edcio<br><\/span><\/strong>Para Maristela Costa, professora de portugu\u00eas da escola Alef Peretz (SP), as crian\u00e7as e os adolescentes atuais vivem uma esp\u00e9cie de depend\u00eancia doentia do celular. \u201c\u00c9 como a sa\u00edda de um v\u00edcio\u201d, afirma Maristela Costa, professora de portugu\u00eas da escola Alef Peretz (SP). No col\u00e9gio, os celulares est\u00e3o suspensos h\u00e1 sete meses. Um estudante admitiu que houve uma revolta coletiva, mas com o tempo todos se adaptaram. Muitos se perguntavam o que fazer, sem o aparelho por perto.<\/p>\n\n\n\n<div class=\"wp-block-image\"><figure class=\"aligncenter size-large is-resized\"><a href=\"https:\/\/panper.com.br\/\"><img loading=\"lazy\" decoding=\"async\" src=\"https:\/\/jornalfatosenoticias.com.br\/wp-content\/uploads\/2023\/03\/logo-Panper_portal.jpg\" alt=\"\" class=\"wp-image-40208\" width=\"313\" height=\"217\" srcset=\"https:\/\/jornalfatosenoticias.com.br\/wp-content\/uploads\/2023\/03\/logo-Panper_portal.jpg 400w, https:\/\/jornalfatosenoticias.com.br\/wp-content\/uploads\/2023\/03\/logo-Panper_portal-300x208.jpg 300w\" sizes=\"auto, (max-width: 313px) 100vw, 313px\" \/><\/a><\/figure><\/div>\n\n\n\n<p><strong><span class=\"has-inline-color has-vivid-purple-color\">Nem beb\u00eas escapam<br><\/span><\/strong>A experi\u00eancia mostra que nem os beb\u00eas escapam. Um col\u00e9gio p\u00fablico de S\u00e3o Paulo, a Escola Tarsila do Amaral (SP), que atende crian\u00e7as da educa\u00e7\u00e3o infantil e do ensino fundamental I, verificou que h\u00e1 alunos que s\u00f3 comem diante da telinha.<\/p>\n\n\n\n<div class=\"wp-block-image\"><figure class=\"aligncenter size-large is-resized\"><img loading=\"lazy\" decoding=\"async\" src=\"https:\/\/jornalfatosenoticias.com.br\/wp-content\/uploads\/2022\/02\/Precisao-Contabilidade-1024x724.jpg\" alt=\"\" class=\"wp-image-28088\" width=\"320\" height=\"226\"\/><\/figure><\/div>\n\n\n\n<p>Nesses casos, a orienta\u00e7\u00e3o \u00e9 ir tirando o celular aos poucos, como se faz em muitos casos com os dependentes qu\u00edmicos. Adultos n\u00e3o s\u00e3o diferentes. H\u00e1 relatos de professores de alunos que, inconformados com a suspens\u00e3o do uso de celulares, quebram e picham, segundo o <a href=\"https:\/\/g1.globo.com\/educacao\/noticia\/2024\/10\/09\/sem-celular-na-escola-alunos-citam-crises-de-abstinencia-melhora-nas-notas-e-mais-socializacao-como-a-saida-de-um-vicio-diz-professora.ghtml\">G1<\/a>.<\/p>\n\n\n\n<div class=\"wp-block-image\"><figure class=\"aligncenter size-large is-resized\"><a href=\"https:\/\/www.ithbrasil.com.br\/\"><img loading=\"lazy\" decoding=\"async\" src=\"https:\/\/jornalfatosenoticias.com.br\/wp-content\/uploads\/2023\/08\/ITH.jpeg\" alt=\"\" class=\"wp-image-44638\" width=\"282\" height=\"229\" srcset=\"https:\/\/jornalfatosenoticias.com.br\/wp-content\/uploads\/2023\/08\/ITH.jpeg 800w, https:\/\/jornalfatosenoticias.com.br\/wp-content\/uploads\/2023\/08\/ITH-300x244.jpeg 300w, https:\/\/jornalfatosenoticias.com.br\/wp-content\/uploads\/2023\/08\/ITH-768x624.jpeg 768w\" sizes=\"auto, (max-width: 282px) 100vw, 282px\" \/><\/a><\/figure><\/div>\n\n\n\n<p><strong><em>Fonte: <a href=\"https:\/\/www.sonoticiaboa.com.br\/2024\/10\/10\/sem-celular-nas-escolas-melhoram-notas-e-socializacao-de-alunos\">S\u00f3 Not\u00edcia Boa<\/a><\/em><\/strong><\/p>\n","protected":false},"excerpt":{"rendered":"<p>Por Renata Dias A experi\u00eancia \u00e9 desafiadora e tensa. As escolas, de forma aut\u00f4noma, testam a proibi\u00e7\u00e3o de celular e registram: os alunos melhoram as notas e a socializa\u00e7\u00e3o. Mas em meio a muita negocia\u00e7\u00e3o e at\u00e9 dor. Para evitar que a decis\u00e3o fique por conta dos col\u00e9gios, o Minist\u00e9rio da Educa\u00e7\u00e3o elabora um projeto [&hellip;]<\/p>\n","protected":false},"author":2,"featured_media":55041,"comment_status":"open","ping_status":"open","sticky":false,"template":"","format":"standard","meta":{"footnotes":""},"categories":[7],"tags":[649,25089,356,2266],"class_list":["post-55040","post","type-post","status-publish","format-standard","has-post-thumbnail","hentry","category-educacao","tag-alunos","tag-celular-nas-escolas","tag-escolas","tag-socializacao"],"yoast_head":"<!-- This site is optimized with the Yoast SEO plugin v26.5 - https:\/\/yoast.com\/wordpress\/plugins\/seo\/ -->\n<title>Sem celular nas escolas, melhoram notas e socializa\u00e7\u00e3o de alunos - Jornal Fatos e Not\u00edcias<\/title>\n<meta name=\"robots\" content=\"index, follow, max-snippet:-1, max-image-preview:large, max-video-preview:-1\" \/>\n<link rel=\"canonical\" href=\"https:\/\/jornalfatosenoticias.com.br\/index.php\/2024\/10\/18\/sem-celular-nas-escolas-melhoram-notas-e-socializacao-de-alunos\/\" \/>\n<meta property=\"og:locale\" content=\"pt_BR\" \/>\n<meta property=\"og:type\" content=\"article\" \/>\n<meta property=\"og:title\" content=\"Sem celular nas escolas, melhoram notas e socializa\u00e7\u00e3o de alunos - Jornal Fatos e Not\u00edcias\" \/>\n<meta property=\"og:description\" content=\"Por Renata Dias A experi\u00eancia \u00e9 desafiadora e tensa. As escolas, de forma aut\u00f4noma, testam a proibi\u00e7\u00e3o de celular e registram: os alunos melhoram as notas e a socializa\u00e7\u00e3o. Mas em meio a muita negocia\u00e7\u00e3o e at\u00e9 dor. Para evitar que a decis\u00e3o fique por conta dos col\u00e9gios, o Minist\u00e9rio da Educa\u00e7\u00e3o elabora um projeto [&hellip;]\" \/>\n<meta property=\"og:url\" content=\"https:\/\/jornalfatosenoticias.com.br\/index.php\/2024\/10\/18\/sem-celular-nas-escolas-melhoram-notas-e-socializacao-de-alunos\/\" \/>\n<meta property=\"og:site_name\" content=\"Jornal Fatos e Not\u00edcias\" \/>\n<meta property=\"article:published_time\" content=\"2024-10-18T14:11:00+00:00\" \/>\n<meta property=\"article:modified_time\" content=\"2024-10-18T14:11:01+00:00\" \/>\n<meta property=\"og:image\" content=\"https:\/\/jornalfatosenoticias.com.br\/wp-content\/uploads\/2024\/10\/celular-na-escola_freepik.jpg\" \/>\n\t<meta property=\"og:image:width\" content=\"996\" \/>\n\t<meta property=\"og:image:height\" content=\"558\" \/>\n\t<meta property=\"og:image:type\" content=\"image\/jpeg\" \/>\n<meta name=\"author\" content=\"Luzimara Fernandes\" \/>\n<meta name=\"twitter:card\" content=\"summary_large_image\" \/>\n<meta name=\"twitter:label1\" content=\"Escrito por\" \/>\n\t<meta name=\"twitter:data1\" content=\"Luzimara Fernandes\" \/>\n\t<meta name=\"twitter:label2\" content=\"Est. tempo de leitura\" \/>\n\t<meta name=\"twitter:data2\" content=\"2 minutos\" \/>\n<script type=\"application\/ld+json\" class=\"yoast-schema-graph\">{\"@context\":\"https:\/\/schema.org\",\"@graph\":[{\"@type\":\"Article\",\"@id\":\"https:\/\/jornalfatosenoticias.com.br\/index.php\/2024\/10\/18\/sem-celular-nas-escolas-melhoram-notas-e-socializacao-de-alunos\/#article\",\"isPartOf\":{\"@id\":\"https:\/\/jornalfatosenoticias.com.br\/index.php\/2024\/10\/18\/sem-celular-nas-escolas-melhoram-notas-e-socializacao-de-alunos\/\"},\"author\":{\"name\":\"Luzimara Fernandes\",\"@id\":\"https:\/\/jornalfatosenoticias.com.br\/#\/schema\/person\/d63837fa13ac8666eb9e74e0985d6f81\"},\"headline\":\"Sem celular nas escolas, melhoram notas e socializa\u00e7\u00e3o de alunos\",\"datePublished\":\"2024-10-18T14:11:00+00:00\",\"dateModified\":\"2024-10-18T14:11:01+00:00\",\"mainEntityOfPage\":{\"@id\":\"https:\/\/jornalfatosenoticias.com.br\/index.php\/2024\/10\/18\/sem-celular-nas-escolas-melhoram-notas-e-socializacao-de-alunos\/\"},\"wordCount\":473,\"commentCount\":0,\"publisher\":{\"@id\":\"https:\/\/jornalfatosenoticias.com.br\/#organization\"},\"image\":{\"@id\":\"https:\/\/jornalfatosenoticias.com.br\/index.php\/2024\/10\/18\/sem-celular-nas-escolas-melhoram-notas-e-socializacao-de-alunos\/#primaryimage\"},\"thumbnailUrl\":\"https:\/\/jornalfatosenoticias.com.br\/wp-content\/uploads\/2024\/10\/celular-na-escola_freepik.jpg\",\"keywords\":[\"alunos\",\"celular nas escolas\",\"escolas\",\"socializa\u00e7\u00e3o\"],\"articleSection\":[\"Educa\u00e7\u00e3o\"],\"inLanguage\":\"pt-BR\",\"potentialAction\":[{\"@type\":\"CommentAction\",\"name\":\"Comment\",\"target\":[\"https:\/\/jornalfatosenoticias.com.br\/index.php\/2024\/10\/18\/sem-celular-nas-escolas-melhoram-notas-e-socializacao-de-alunos\/#respond\"]}]},{\"@type\":\"WebPage\",\"@id\":\"https:\/\/jornalfatosenoticias.com.br\/index.php\/2024\/10\/18\/sem-celular-nas-escolas-melhoram-notas-e-socializacao-de-alunos\/\",\"url\":\"https:\/\/jornalfatosenoticias.com.br\/index.php\/2024\/10\/18\/sem-celular-nas-escolas-melhoram-notas-e-socializacao-de-alunos\/\",\"name\":\"Sem celular nas escolas, melhoram notas e socializa\u00e7\u00e3o de alunos - Jornal Fatos e Not\u00edcias\",\"isPartOf\":{\"@id\":\"https:\/\/jornalfatosenoticias.com.br\/#website\"},\"primaryImageOfPage\":{\"@id\":\"https:\/\/jornalfatosenoticias.com.br\/index.php\/2024\/10\/18\/sem-celular-nas-escolas-melhoram-notas-e-socializacao-de-alunos\/#primaryimage\"},\"image\":{\"@id\":\"https:\/\/jornalfatosenoticias.com.br\/index.php\/2024\/10\/18\/sem-celular-nas-escolas-melhoram-notas-e-socializacao-de-alunos\/#primaryimage\"},\"thumbnailUrl\":\"https:\/\/jornalfatosenoticias.com.br\/wp-content\/uploads\/2024\/10\/celular-na-escola_freepik.jpg\",\"datePublished\":\"2024-10-18T14:11:00+00:00\",\"dateModified\":\"2024-10-18T14:11:01+00:00\",\"breadcrumb\":{\"@id\":\"https:\/\/jornalfatosenoticias.com.br\/index.php\/2024\/10\/18\/sem-celular-nas-escolas-melhoram-notas-e-socializacao-de-alunos\/#breadcrumb\"},\"inLanguage\":\"pt-BR\",\"potentialAction\":[{\"@type\":\"ReadAction\",\"target\":[\"https:\/\/jornalfatosenoticias.com.br\/index.php\/2024\/10\/18\/sem-celular-nas-escolas-melhoram-notas-e-socializacao-de-alunos\/\"]}]},{\"@type\":\"ImageObject\",\"inLanguage\":\"pt-BR\",\"@id\":\"https:\/\/jornalfatosenoticias.com.br\/index.php\/2024\/10\/18\/sem-celular-nas-escolas-melhoram-notas-e-socializacao-de-alunos\/#primaryimage\",\"url\":\"https:\/\/jornalfatosenoticias.com.br\/wp-content\/uploads\/2024\/10\/celular-na-escola_freepik.jpg\",\"contentUrl\":\"https:\/\/jornalfatosenoticias.com.br\/wp-content\/uploads\/2024\/10\/celular-na-escola_freepik.jpg\",\"width\":996,\"height\":558},{\"@type\":\"BreadcrumbList\",\"@id\":\"https:\/\/jornalfatosenoticias.com.br\/index.php\/2024\/10\/18\/sem-celular-nas-escolas-melhoram-notas-e-socializacao-de-alunos\/#breadcrumb\",\"itemListElement\":[{\"@type\":\"ListItem\",\"position\":1,\"name\":\"In\u00edcio\",\"item\":\"https:\/\/jornalfatosenoticias.com.br\/\"},{\"@type\":\"ListItem\",\"position\":2,\"name\":\"Sem celular nas escolas, melhoram notas e socializa\u00e7\u00e3o de alunos\"}]},{\"@type\":\"WebSite\",\"@id\":\"https:\/\/jornalfatosenoticias.com.br\/#website\",\"url\":\"https:\/\/jornalfatosenoticias.com.br\/\",\"name\":\"Jornal Fatos e Not\u00edcias\",\"description\":\"Not\u00edcias em geral\",\"publisher\":{\"@id\":\"https:\/\/jornalfatosenoticias.com.br\/#organization\"},\"potentialAction\":[{\"@type\":\"SearchAction\",\"target\":{\"@type\":\"EntryPoint\",\"urlTemplate\":\"https:\/\/jornalfatosenoticias.com.br\/?s={search_term_string}\"},\"query-input\":{\"@type\":\"PropertyValueSpecification\",\"valueRequired\":true,\"valueName\":\"search_term_string\"}}],\"inLanguage\":\"pt-BR\"},{\"@type\":\"Organization\",\"@id\":\"https:\/\/jornalfatosenoticias.com.br\/#organization\",\"name\":\"Jornal Fatos e Not\u00edcias\",\"url\":\"https:\/\/jornalfatosenoticias.com.br\/\",\"logo\":{\"@type\":\"ImageObject\",\"inLanguage\":\"pt-BR\",\"@id\":\"https:\/\/jornalfatosenoticias.com.br\/#\/schema\/logo\/image\/\",\"url\":\"https:\/\/jornalfatosenoticias.com.br\/wp-content\/uploads\/2020\/02\/logo120.png\",\"contentUrl\":\"https:\/\/jornalfatosenoticias.com.br\/wp-content\/uploads\/2020\/02\/logo120.png\",\"width\":1227,\"height\":120,\"caption\":\"Jornal Fatos e Not\u00edcias\"},\"image\":{\"@id\":\"https:\/\/jornalfatosenoticias.com.br\/#\/schema\/logo\/image\/\"}},{\"@type\":\"Person\",\"@id\":\"https:\/\/jornalfatosenoticias.com.br\/#\/schema\/person\/d63837fa13ac8666eb9e74e0985d6f81\",\"name\":\"Luzimara Fernandes\",\"image\":{\"@type\":\"ImageObject\",\"inLanguage\":\"pt-BR\",\"@id\":\"https:\/\/jornalfatosenoticias.com.br\/#\/schema\/person\/image\/\",\"url\":\"https:\/\/jornalfatosenoticias.com.br\/wp-content\/uploads\/2025\/05\/EU_portal.jpg\",\"contentUrl\":\"https:\/\/jornalfatosenoticias.com.br\/wp-content\/uploads\/2025\/05\/EU_portal.jpg\",\"caption\":\"Luzimara Fernandes\"},\"description\":\"Jornalista MTB 2358-ES\",\"sameAs\":[\"https:\/\/jornalfatosenoticias.com.br\"],\"url\":\"https:\/\/jornalfatosenoticias.com.br\/index.php\/author\/luzimara\/\"}]}<\/script>\n<!-- \/ Yoast SEO plugin. -->","yoast_head_json":{"title":"Sem celular nas escolas, melhoram notas e socializa\u00e7\u00e3o de alunos - Jornal Fatos e Not\u00edcias","robots":{"index":"index","follow":"follow","max-snippet":"max-snippet:-1","max-image-preview":"max-image-preview:large","max-video-preview":"max-video-preview:-1"},"canonical":"https:\/\/jornalfatosenoticias.com.br\/index.php\/2024\/10\/18\/sem-celular-nas-escolas-melhoram-notas-e-socializacao-de-alunos\/","og_locale":"pt_BR","og_type":"article","og_title":"Sem celular nas escolas, melhoram notas e socializa\u00e7\u00e3o de alunos - Jornal Fatos e Not\u00edcias","og_description":"Por Renata Dias A experi\u00eancia \u00e9 desafiadora e tensa. As escolas, de forma aut\u00f4noma, testam a proibi\u00e7\u00e3o de celular e registram: os alunos melhoram as notas e a socializa\u00e7\u00e3o. Mas em meio a muita negocia\u00e7\u00e3o e at\u00e9 dor. Para evitar que a decis\u00e3o fique por conta dos col\u00e9gios, o Minist\u00e9rio da Educa\u00e7\u00e3o elabora um projeto [&hellip;]","og_url":"https:\/\/jornalfatosenoticias.com.br\/index.php\/2024\/10\/18\/sem-celular-nas-escolas-melhoram-notas-e-socializacao-de-alunos\/","og_site_name":"Jornal Fatos e Not\u00edcias","article_published_time":"2024-10-18T14:11:00+00:00","article_modified_time":"2024-10-18T14:11:01+00:00","og_image":[{"width":996,"height":558,"url":"https:\/\/jornalfatosenoticias.com.br\/wp-content\/uploads\/2024\/10\/celular-na-escola_freepik.jpg","type":"image\/jpeg"}],"author":"Luzimara Fernandes","twitter_card":"summary_large_image","twitter_misc":{"Escrito por":"Luzimara Fernandes","Est. tempo de leitura":"2 minutos"},"schema":{"@context":"https:\/\/schema.org","@graph":[{"@type":"Article","@id":"https:\/\/jornalfatosenoticias.com.br\/index.php\/2024\/10\/18\/sem-celular-nas-escolas-melhoram-notas-e-socializacao-de-alunos\/#article","isPartOf":{"@id":"https:\/\/jornalfatosenoticias.com.br\/index.php\/2024\/10\/18\/sem-celular-nas-escolas-melhoram-notas-e-socializacao-de-alunos\/"},"author":{"name":"Luzimara Fernandes","@id":"https:\/\/jornalfatosenoticias.com.br\/#\/schema\/person\/d63837fa13ac8666eb9e74e0985d6f81"},"headline":"Sem celular nas escolas, melhoram notas e socializa\u00e7\u00e3o de alunos","datePublished":"2024-10-18T14:11:00+00:00","dateModified":"2024-10-18T14:11:01+00:00","mainEntityOfPage":{"@id":"https:\/\/jornalfatosenoticias.com.br\/index.php\/2024\/10\/18\/sem-celular-nas-escolas-melhoram-notas-e-socializacao-de-alunos\/"},"wordCount":473,"commentCount":0,"publisher":{"@id":"https:\/\/jornalfatosenoticias.com.br\/#organization"},"image":{"@id":"https:\/\/jornalfatosenoticias.com.br\/index.php\/2024\/10\/18\/sem-celular-nas-escolas-melhoram-notas-e-socializacao-de-alunos\/#primaryimage"},"thumbnailUrl":"https:\/\/jornalfatosenoticias.com.br\/wp-content\/uploads\/2024\/10\/celular-na-escola_freepik.jpg","keywords":["alunos","celular nas escolas","escolas","socializa\u00e7\u00e3o"],"articleSection":["Educa\u00e7\u00e3o"],"inLanguage":"pt-BR","potentialAction":[{"@type":"CommentAction","name":"Comment","target":["https:\/\/jornalfatosenoticias.com.br\/index.php\/2024\/10\/18\/sem-celular-nas-escolas-melhoram-notas-e-socializacao-de-alunos\/#respond"]}]},{"@type":"WebPage","@id":"https:\/\/jornalfatosenoticias.com.br\/index.php\/2024\/10\/18\/sem-celular-nas-escolas-melhoram-notas-e-socializacao-de-alunos\/","url":"https:\/\/jornalfatosenoticias.com.br\/index.php\/2024\/10\/18\/sem-celular-nas-escolas-melhoram-notas-e-socializacao-de-alunos\/","name":"Sem celular nas escolas, melhoram notas e socializa\u00e7\u00e3o de alunos - Jornal Fatos e Not\u00edcias","isPartOf":{"@id":"https:\/\/jornalfatosenoticias.com.br\/#website"},"primaryImageOfPage":{"@id":"https:\/\/jornalfatosenoticias.com.br\/index.php\/2024\/10\/18\/sem-celular-nas-escolas-melhoram-notas-e-socializacao-de-alunos\/#primaryimage"},"image":{"@id":"https:\/\/jornalfatosenoticias.com.br\/index.php\/2024\/10\/18\/sem-celular-nas-escolas-melhoram-notas-e-socializacao-de-alunos\/#primaryimage"},"thumbnailUrl":"https:\/\/jornalfatosenoticias.com.br\/wp-content\/uploads\/2024\/10\/celular-na-escola_freepik.jpg","datePublished":"2024-10-18T14:11:00+00:00","dateModified":"2024-10-18T14:11:01+00:00","breadcrumb":{"@id":"https:\/\/jornalfatosenoticias.com.br\/index.php\/2024\/10\/18\/sem-celular-nas-escolas-melhoram-notas-e-socializacao-de-alunos\/#breadcrumb"},"inLanguage":"pt-BR","potentialAction":[{"@type":"ReadAction","target":["https:\/\/jornalfatosenoticias.com.br\/index.php\/2024\/10\/18\/sem-celular-nas-escolas-melhoram-notas-e-socializacao-de-alunos\/"]}]},{"@type":"ImageObject","inLanguage":"pt-BR","@id":"https:\/\/jornalfatosenoticias.com.br\/index.php\/2024\/10\/18\/sem-celular-nas-escolas-melhoram-notas-e-socializacao-de-alunos\/#primaryimage","url":"https:\/\/jornalfatosenoticias.com.br\/wp-content\/uploads\/2024\/10\/celular-na-escola_freepik.jpg","contentUrl":"https:\/\/jornalfatosenoticias.com.br\/wp-content\/uploads\/2024\/10\/celular-na-escola_freepik.jpg","width":996,"height":558},{"@type":"BreadcrumbList","@id":"https:\/\/jornalfatosenoticias.com.br\/index.php\/2024\/10\/18\/sem-celular-nas-escolas-melhoram-notas-e-socializacao-de-alunos\/#breadcrumb","itemListElement":[{"@type":"ListItem","position":1,"name":"In\u00edcio","item":"https:\/\/jornalfatosenoticias.com.br\/"},{"@type":"ListItem","position":2,"name":"Sem celular nas escolas, melhoram notas e socializa\u00e7\u00e3o de alunos"}]},{"@type":"WebSite","@id":"https:\/\/jornalfatosenoticias.com.br\/#website","url":"https:\/\/jornalfatosenoticias.com.br\/","name":"Jornal Fatos e Not\u00edcias","description":"Not\u00edcias em geral","publisher":{"@id":"https:\/\/jornalfatosenoticias.com.br\/#organization"},"potentialAction":[{"@type":"SearchAction","target":{"@type":"EntryPoint","urlTemplate":"https:\/\/jornalfatosenoticias.com.br\/?s={search_term_string}"},"query-input":{"@type":"PropertyValueSpecification","valueRequired":true,"valueName":"search_term_string"}}],"inLanguage":"pt-BR"},{"@type":"Organization","@id":"https:\/\/jornalfatosenoticias.com.br\/#organization","name":"Jornal Fatos e Not\u00edcias","url":"https:\/\/jornalfatosenoticias.com.br\/","logo":{"@type":"ImageObject","inLanguage":"pt-BR","@id":"https:\/\/jornalfatosenoticias.com.br\/#\/schema\/logo\/image\/","url":"https:\/\/jornalfatosenoticias.com.br\/wp-content\/uploads\/2020\/02\/logo120.png","contentUrl":"https:\/\/jornalfatosenoticias.com.br\/wp-content\/uploads\/2020\/02\/logo120.png","width":1227,"height":120,"caption":"Jornal Fatos e Not\u00edcias"},"image":{"@id":"https:\/\/jornalfatosenoticias.com.br\/#\/schema\/logo\/image\/"}},{"@type":"Person","@id":"https:\/\/jornalfatosenoticias.com.br\/#\/schema\/person\/d63837fa13ac8666eb9e74e0985d6f81","name":"Luzimara Fernandes","image":{"@type":"ImageObject","inLanguage":"pt-BR","@id":"https:\/\/jornalfatosenoticias.com.br\/#\/schema\/person\/image\/","url":"https:\/\/jornalfatosenoticias.com.br\/wp-content\/uploads\/2025\/05\/EU_portal.jpg","contentUrl":"https:\/\/jornalfatosenoticias.com.br\/wp-content\/uploads\/2025\/05\/EU_portal.jpg","caption":"Luzimara Fernandes"},"description":"Jornalista MTB 2358-ES","sameAs":["https:\/\/jornalfatosenoticias.com.br"],"url":"https:\/\/jornalfatosenoticias.com.br\/index.php\/author\/luzimara\/"}]}},"cc_featured_image_caption":{"caption_text":"(Foto: Freepik gerada com IA) ","source_text":"","source_url":""},"jetpack_featured_media_url":"https:\/\/jornalfatosenoticias.com.br\/wp-content\/uploads\/2024\/10\/celular-na-escola_freepik.jpg","_links":{"self":[{"href":"https:\/\/jornalfatosenoticias.com.br\/index.php\/wp-json\/wp\/v2\/posts\/55040","targetHints":{"allow":["GET"]}}],"collection":[{"href":"https:\/\/jornalfatosenoticias.com.br\/index.php\/wp-json\/wp\/v2\/posts"}],"about":[{"href":"https:\/\/jornalfatosenoticias.com.br\/index.php\/wp-json\/wp\/v2\/types\/post"}],"author":[{"embeddable":true,"href":"https:\/\/jornalfatosenoticias.com.br\/index.php\/wp-json\/wp\/v2\/users\/2"}],"replies":[{"embeddable":true,"href":"https:\/\/jornalfatosenoticias.com.br\/index.php\/wp-json\/wp\/v2\/comments?post=55040"}],"version-history":[{"count":0,"href":"https:\/\/jornalfatosenoticias.com.br\/index.php\/wp-json\/wp\/v2\/posts\/55040\/revisions"}],"wp:featuredmedia":[{"embeddable":true,"href":"https:\/\/jornalfatosenoticias.com.br\/index.php\/wp-json\/wp\/v2\/media\/55041"}],"wp:attachment":[{"href":"https:\/\/jornalfatosenoticias.com.br\/index.php\/wp-json\/wp\/v2\/media?parent=55040"}],"wp:term":[{"taxonomy":"category","embeddable":true,"href":"https:\/\/jornalfatosenoticias.com.br\/index.php\/wp-json\/wp\/v2\/categories?post=55040"},{"taxonomy":"post_tag","embeddable":true,"href":"https:\/\/jornalfatosenoticias.com.br\/index.php\/wp-json\/wp\/v2\/tags?post=55040"}],"curies":[{"name":"wp","href":"https:\/\/api.w.org\/{rel}","templated":true}]}}