{"id":55054,"date":"2024-10-18T12:33:30","date_gmt":"2024-10-18T15:33:30","guid":{"rendered":"https:\/\/jornalfatosenoticias.com.br\/?p=55054"},"modified":"2024-10-18T12:33:31","modified_gmt":"2024-10-18T15:33:31","slug":"curva-de-aprendizado-2020-2024","status":"publish","type":"post","link":"https:\/\/jornalfatosenoticias.com.br\/index.php\/2024\/10\/18\/curva-de-aprendizado-2020-2024\/","title":{"rendered":"Curva de aprendizado (2020-2024)"},"content":{"rendered":"\n<p><em><span class=\"has-inline-color has-black-color\">Para os leitores que tamb\u00e9m est\u00e3o em algum lugar nessa curva de aprendizado<\/span><\/em><\/p>\n\n\n\n<p><span class=\"has-inline-color has-black-color\">Por <strong>Oswaldo Viana Jr.<\/strong><\/span><\/p>\n\n\n\n<div class=\"wp-block-image\"><figure class=\"aligncenter size-large\"><a href=\"https:\/\/mizu.com.br\/\"><img loading=\"lazy\" decoding=\"async\" width=\"729\" height=\"90\" src=\"https:\/\/jornalfatosenoticias.com.br\/wp-content\/uploads\/2020\/02\/Logo_Mizu.png\" alt=\"\" class=\"wp-image-1441\" srcset=\"https:\/\/jornalfatosenoticias.com.br\/wp-content\/uploads\/2020\/02\/Logo_Mizu.png 729w, https:\/\/jornalfatosenoticias.com.br\/wp-content\/uploads\/2020\/02\/Logo_Mizu-300x37.png 300w\" sizes=\"auto, (max-width: 729px) 100vw, 729px\" \/><\/a><\/figure><\/div>\n\n\n\n<p><span class=\"has-inline-color has-black-color\"><strong>*Katherine Watt,<\/strong> <em>jurista e pesquisadora \u2014 11 de outubro de 2024<\/em><\/span><\/p>\n\n\n\n<p>Fiz abaixo um resumo de como eu cheguei do que acreditava em janeiro de 2020 ao meu entendimento atual:<br>1. Em janeiro de 2020, eu acreditava nas hist\u00f3rias do governo sobre doen\u00e7as infecciosas e vacinas.<br>2. Em mar\u00e7o\/abril de 2020, depois de aprender sobre os sintomas causados pelo suposto novo pat\u00f3geno, eu estava considerando as respostas do governo (&#8220;lockdowns&#8221;, etc.) como desproporcionais, abusivas e inconstitucionais.<br>3. De agosto a setembro de 2020, eu soube que os Tribunais Federais foram afastados de suas fun\u00e7\u00f5es regulares e proibidos de se envolverem na apura\u00e7\u00e3o dos fatos e revis\u00e3o das pol\u00edticas governamentais.<\/p>\n\n\n\n<div class=\"wp-block-image\"><figure class=\"aligncenter size-large\"><a href=\"https:\/\/cesconetto.com.br\/\"><img loading=\"lazy\" decoding=\"async\" width=\"300\" height=\"250\" src=\"https:\/\/jornalfatosenoticias.com.br\/wp-content\/uploads\/2022\/02\/Banner-2.png\" alt=\"\" class=\"wp-image-27877\"\/><\/a><\/figure><\/div>\n\n\n\n<p>4. De outubro a dezembro de 2020, eu soube que uma pessoa com grande conhecimento te\u00f3rico e pr\u00e1tico em pesquisa de medicamentos considerou os projetos de desenvolvimento de vacinas, conforme as publica\u00e7\u00f5es dos fabricantes, profundamente perturbadores. Sem nada a ganhar ao falar disso publicamente, previu que o produto seria extremamente t\u00f3xico (Mike Yeadon).<br>5. De dezembro de 2020 a janeiro de 2022, acompanhei a campanha de vacina\u00e7\u00e3o contra a covid, os ferimentos e mortes que come\u00e7aram a ocorrer, e continuei estudando as quest\u00f5es jur\u00eddicas e cient\u00edficas.<\/p>\n\n\n\n<div class=\"wp-block-image\"><figure class=\"aligncenter size-large is-resized\"><a href=\"https:\/\/www.instagram.com\/serra4x4cambioautomatico\/\"><img loading=\"lazy\" decoding=\"async\" src=\"https:\/\/jornalfatosenoticias.com.br\/wp-content\/uploads\/2024\/08\/Serra-4x4-1-886x1024.jpg\" alt=\"\" class=\"wp-image-53632\" width=\"314\" height=\"362\" srcset=\"https:\/\/jornalfatosenoticias.com.br\/wp-content\/uploads\/2024\/08\/Serra-4x4-1-886x1024.jpg 886w, https:\/\/jornalfatosenoticias.com.br\/wp-content\/uploads\/2024\/08\/Serra-4x4-1-260x300.jpg 260w, https:\/\/jornalfatosenoticias.com.br\/wp-content\/uploads\/2024\/08\/Serra-4x4-1-768x888.jpg 768w, https:\/\/jornalfatosenoticias.com.br\/wp-content\/uploads\/2024\/08\/Serra-4x4-1.jpg 1181w\" sizes=\"auto, (max-width: 314px) 100vw, 314px\" \/><\/a><\/figure><\/div>\n\n\n\n<p>6. Entre janeiro e maio de 2022, aprendi sobre o <strong>Regulamento Sanit\u00e1rio Internacional (IHR)<\/strong> da Organiza\u00e7\u00e3o Mundial da Sa\u00fade e sobre as leis de emerg\u00eancia de sa\u00fade p\u00fablica dos EUA. Aprendi que os pronunciamentos do secret\u00e1rio do Departamento de Sa\u00fade e Servi\u00e7os Humanos (DHHS) s\u00e3o unilaterais, n\u00e3o revis\u00e1veis e n\u00e3o requerem nenhum suporte cient\u00edfico validado.<\/p>\n\n\n\n<div class=\"wp-block-image\"><figure class=\"aligncenter size-large is-resized\"><a href=\"https:\/\/www.controlsystems.com.br\/\"><img loading=\"lazy\" decoding=\"async\" src=\"https:\/\/jornalfatosenoticias.com.br\/wp-content\/uploads\/2020\/02\/CONTROL-CS.jpg\" alt=\"\" class=\"wp-image-44991\" width=\"308\" height=\"369\" srcset=\"https:\/\/jornalfatosenoticias.com.br\/wp-content\/uploads\/2020\/02\/CONTROL-CS.jpg 834w, https:\/\/jornalfatosenoticias.com.br\/wp-content\/uploads\/2020\/02\/CONTROL-CS-250x300.jpg 250w, https:\/\/jornalfatosenoticias.com.br\/wp-content\/uploads\/2020\/02\/CONTROL-CS-768x921.jpg 768w\" sizes=\"auto, (max-width: 308px) 100vw, 308px\" \/><\/a><\/figure><\/div>\n\n\n\n<p>7. Aprendi sobre a inexist\u00eancia de padr\u00f5es cient\u00edficos ou legais para respaldar as alega\u00e7\u00f5es de funcion\u00e1rios do governo sobre pat\u00f3genos, emerg\u00eancias e produtos. Aprendi tamb\u00e9m que as autoridades farmac\u00eauticas <strong>sabem<\/strong> da inexist\u00eancia desses padr\u00f5es. Conheci os contratos militares para aquisi\u00e7\u00e3o e distribui\u00e7\u00e3o de vacinas.<\/p>\n\n\n\n<div class=\"wp-block-image\"><figure class=\"aligncenter size-large is-resized\"><a href=\"https:\/\/www.instagram.com\/restaurantepegoretti\/\"><img loading=\"lazy\" decoding=\"async\" src=\"https:\/\/jornalfatosenoticias.com.br\/wp-content\/uploads\/2023\/12\/pegoretti-logo-pdf-1024x389.jpg\" alt=\"\" class=\"wp-image-47536\" width=\"411\" height=\"156\" srcset=\"https:\/\/jornalfatosenoticias.com.br\/wp-content\/uploads\/2023\/12\/pegoretti-logo-pdf-1024x389.jpg 1024w, https:\/\/jornalfatosenoticias.com.br\/wp-content\/uploads\/2023\/12\/pegoretti-logo-pdf-300x114.jpg 300w, https:\/\/jornalfatosenoticias.com.br\/wp-content\/uploads\/2023\/12\/pegoretti-logo-pdf-768x291.jpg 768w, https:\/\/jornalfatosenoticias.com.br\/wp-content\/uploads\/2023\/12\/pegoretti-logo-pdf.jpg 1120w\" sizes=\"auto, (max-width: 411px) 100vw, 411px\" \/><\/a><\/figure><\/div>\n\n\n\n<p>8. Durante 2022 e 2023, conheci Sasha Latypova e aprofundei meu entendimento de que os programas de emerg\u00eancia de sa\u00fade p\u00fablica s\u00e3o extra\u00eddos de um manual que j\u00e1 havia sido usado v\u00e1rias vezes nas \u00faltimas d\u00e9cadas.<\/p>\n\n\n\n<div class=\"wp-block-image\"><figure class=\"aligncenter size-large is-resized\"><a href=\"https:\/\/www.instagram.com\/vmais.midias\/\"><img loading=\"lazy\" decoding=\"async\" src=\"https:\/\/jornalfatosenoticias.com.br\/wp-content\/uploads\/2020\/02\/DE-MAIS-DESTAQUE-VMAIS-800X700.png\" alt=\"\" class=\"wp-image-53112\" width=\"304\" height=\"265\" srcset=\"https:\/\/jornalfatosenoticias.com.br\/wp-content\/uploads\/2020\/02\/DE-MAIS-DESTAQUE-VMAIS-800X700.png 800w, https:\/\/jornalfatosenoticias.com.br\/wp-content\/uploads\/2020\/02\/DE-MAIS-DESTAQUE-VMAIS-800X700-300x263.png 300w, https:\/\/jornalfatosenoticias.com.br\/wp-content\/uploads\/2020\/02\/DE-MAIS-DESTAQUE-VMAIS-800X700-768x672.png 768w\" sizes=\"auto, (max-width: 304px) 100vw, 304px\" \/><\/a><\/figure><\/div>\n\n\n\n<p>9. Aprendi que as empresas farmac\u00eauticas incorporariam as mesmas subst\u00e2ncias e processos de fabrica\u00e7\u00e3o das vacinas da covid em todas as futuras vacinas, e que as autoridades reduziram ou eliminaram at\u00e9 a exig\u00eancia dos supostos \u201cpadr\u00f5es cient\u00edficos\u201d \u2014 que eu j\u00e1 sabia serem inexistentes ou inaplic\u00e1veis.<\/p>\n\n\n\n<div class=\"wp-block-image\"><figure class=\"aligncenter size-large\"><a href=\"http:\/\/www.ferrarimaquinas.com.br\/\"><img loading=\"lazy\" decoding=\"async\" width=\"300\" height=\"250\" src=\"https:\/\/jornalfatosenoticias.com.br\/wp-content\/uploads\/2022\/02\/FERRARI_MAQUINAS-E-FERRAMENTAS2.jpg\" alt=\"\" class=\"wp-image-27860\"\/><\/a><\/figure><\/div>\n\n\n\n<p>10. Soube em dezembro de 2023 da exist\u00eancia da Direct Final Rule (Regra Final Direta), usada para decis\u00f5es consideradas &#8220;n\u00e3o controversas&#8221;: por exemplo, se ningu\u00e9m registrar um &#8220;coment\u00e1rio adverso significativo&#8221; num prazo de 30 dias, a regra entra em vigor em 60 dias da sua publica\u00e7\u00e3o.<\/p>\n\n\n\n<div class=\"wp-block-image\"><figure class=\"aligncenter size-large is-resized\"><a href=\"https:\/\/hotelmarquetti.com.br\/\"><img loading=\"lazy\" decoding=\"async\" src=\"https:\/\/jornalfatosenoticias.com.br\/wp-content\/uploads\/2023\/03\/nova-logo-Marquetti.jpg\" alt=\"\" class=\"wp-image-40207\" width=\"322\" height=\"216\" srcset=\"https:\/\/jornalfatosenoticias.com.br\/wp-content\/uploads\/2023\/03\/nova-logo-Marquetti.jpg 643w, https:\/\/jornalfatosenoticias.com.br\/wp-content\/uploads\/2023\/03\/nova-logo-Marquetti-300x202.jpg 300w\" sizes=\"auto, (max-width: 322px) 100vw, 322px\" \/><\/a><\/figure><\/div>\n\n\n\n<p>11. Descobri ainda que a Food and Drug Administration (FDA, \u00f3rg\u00e3o governamental dos EUA que faz o controle dos alimentos) tentou usar uma <strong>Direct Final Rule<\/strong> em janeiro de 2018 para <strong>eliminar as tarefas de inspe\u00e7\u00e3o<\/strong> de fabricantes de produtos biol\u00f3gicos para os inspetores da pr\u00f3pria FDA.<br>12. Comecei a entender que a inexist\u00eancia de padr\u00f5es de evid\u00eancia, cient\u00edficos e legais, para a fabrica\u00e7\u00e3o de produtos biol\u00f3gicos antecedia a covid. Eu queria descobrir quando e como esses padr\u00f5es foram eliminados, ou se eles j\u00e1 existiram alguma vez.<\/p>\n\n\n\n<div class=\"wp-block-image\"><figure class=\"aligncenter size-large is-resized\"><a href=\"https:\/\/www.ithbrasil.com.br\/\"><img loading=\"lazy\" decoding=\"async\" src=\"https:\/\/jornalfatosenoticias.com.br\/wp-content\/uploads\/2023\/08\/ITH.jpeg\" alt=\"\" class=\"wp-image-44638\" width=\"309\" height=\"251\" srcset=\"https:\/\/jornalfatosenoticias.com.br\/wp-content\/uploads\/2023\/08\/ITH.jpeg 800w, https:\/\/jornalfatosenoticias.com.br\/wp-content\/uploads\/2023\/08\/ITH-300x244.jpeg 300w, https:\/\/jornalfatosenoticias.com.br\/wp-content\/uploads\/2023\/08\/ITH-768x624.jpeg 768w\" sizes=\"auto, (max-width: 309px) 100vw, 309px\" \/><\/a><\/figure><\/div>\n\n\n\n<p>13. Fiquei sabendo (em mar\u00e7o de 2024) sobre o documento <strong>Bill Clinton-Al Gore<\/strong> de 1995, <em>\u201cReinventando a Regulamenta\u00e7\u00e3o de Medicamentos Feitos a Partir da Biotecnologia\u201d<\/em>, e ent\u00e3o encontrei dezenas de emendas feitas entre 1995 e 2019 para executar o programa estabelecido no documento de 1995.<\/p>\n\n\n\n<div class=\"wp-block-image\"><figure class=\"aligncenter size-large is-resized\"><a href=\"https:\/\/www.instagram.com\/ligadossaborespizzaria\/\"><img loading=\"lazy\" decoding=\"async\" src=\"https:\/\/jornalfatosenoticias.com.br\/wp-content\/uploads\/2020\/02\/WhatsApp-Image-2024-10-02-at-08.18.14-819x1024.jpeg\" alt=\"\" class=\"wp-image-54612\" width=\"299\" height=\"374\" srcset=\"https:\/\/jornalfatosenoticias.com.br\/wp-content\/uploads\/2020\/02\/WhatsApp-Image-2024-10-02-at-08.18.14-819x1024.jpeg 819w, https:\/\/jornalfatosenoticias.com.br\/wp-content\/uploads\/2020\/02\/WhatsApp-Image-2024-10-02-at-08.18.14-240x300.jpeg 240w, https:\/\/jornalfatosenoticias.com.br\/wp-content\/uploads\/2020\/02\/WhatsApp-Image-2024-10-02-at-08.18.14-768x960.jpeg 768w, https:\/\/jornalfatosenoticias.com.br\/wp-content\/uploads\/2020\/02\/WhatsApp-Image-2024-10-02-at-08.18.14.jpeg 1024w\" sizes=\"auto, (max-width: 299px) 100vw, 299px\" \/><\/a><\/figure><\/div>\n\n\n\n<p>14. Aprendi sobre a vacina\u00e7\u00e3o contra a poliomielite em 1955 e o &#8220;incidente Cutter&#8221;; sobre a pandemia de gripe de 1968-1969; sobre o estudo do GAO do Congresso de 1971-1972; e sobre a vacina\u00e7\u00e3o contra a gripe su\u00edna de 1976-1977, os ferimentos e as indeniza\u00e7\u00f5es pagas pelo governo.<\/p>\n\n\n\n<div class=\"wp-block-image\"><figure class=\"aligncenter size-large is-resized\"><a href=\"https:\/\/www.legisjuris.com.br\/\"><img loading=\"lazy\" decoding=\"async\" src=\"https:\/\/jornalfatosenoticias.com.br\/wp-content\/uploads\/2024\/09\/Legis-Juris-Consultoria_logo.jpg\" alt=\"\" class=\"wp-image-53915\" width=\"471\" height=\"197\" srcset=\"https:\/\/jornalfatosenoticias.com.br\/wp-content\/uploads\/2024\/09\/Legis-Juris-Consultoria_logo.jpg 969w, https:\/\/jornalfatosenoticias.com.br\/wp-content\/uploads\/2024\/09\/Legis-Juris-Consultoria_logo-300x126.jpg 300w, https:\/\/jornalfatosenoticias.com.br\/wp-content\/uploads\/2024\/09\/Legis-Juris-Consultoria_logo-768x322.jpg 768w\" sizes=\"auto, (max-width: 471px) 100vw, 471px\" \/><\/a><\/figure><\/div>\n\n\n\n<p>15. Aprendi sobre como cada evento foi tratado pelo Congresso: com audi\u00eancias de fachada e investiga\u00e7\u00f5es falsas. Aprendi que o Congresso e os pseudorreguladores trabalham apenas para proteger e expandir programas de vacina\u00e7\u00e3o em massa e manter a confian\u00e7a nas vacinas, e como os problemas de 1955 levaram ao National Childhood Vaccine Injury Act de 1986.<\/p>\n\n\n\n<div class=\"wp-block-image\"><figure class=\"aligncenter size-large\"><a href=\"https:\/\/www.instagram.com\/esteiochurrascaria\/\"><img decoding=\"async\" src=\"https:\/\/jornalfatosenoticias.com.br\/wp-content\/uploads\/2020\/02\/logo_esteio.jpg\" alt=\"\" class=\"wp-image-1214\"\/><\/a><\/figure><\/div>\n\n\n\n<p>16.Aprendi sobre a Lei do Servi\u00e7o de Sa\u00fade P\u00fablica de 1944; sobre a n\u00e3o regulamenta\u00e7\u00e3o de produtos biol\u00f3gicos na lei de 1902, que foi incorporada \u00e0 Lei de 1944; e mais ainda, sobre as fraudes cient\u00edficas em virologia, imunologia e \u00e1reas relacionadas, a partir de 1798 e ao longo dos anos 1800.<\/p>\n\n\n\n<div class=\"wp-block-image\"><figure class=\"aligncenter size-large is-resized\"><a href=\"https:\/\/www.facebook.com\/vetor.vix\/\"><img loading=\"lazy\" decoding=\"async\" src=\"https:\/\/jornalfatosenoticias.com.br\/wp-content\/uploads\/2023\/09\/vetorvix1024_1.jpg\" alt=\"\" class=\"wp-image-44868\" width=\"550\" height=\"146\" srcset=\"https:\/\/jornalfatosenoticias.com.br\/wp-content\/uploads\/2023\/09\/vetorvix1024_1.jpg 1024w, https:\/\/jornalfatosenoticias.com.br\/wp-content\/uploads\/2023\/09\/vetorvix1024_1-300x80.jpg 300w, https:\/\/jornalfatosenoticias.com.br\/wp-content\/uploads\/2023\/09\/vetorvix1024_1-768x205.jpg 768w\" sizes=\"auto, (max-width: 550px) 100vw, 550px\" \/><\/a><\/figure><\/div>\n\n\n\n<p><strong><span class=\"has-inline-color has-black-color\">Conclus\u00e3o<br><\/span><\/strong>O <strong>DHHS \u2014 Departamento de Sa\u00fade e Servi\u00e7os Humanos dos EUA, <\/strong>com seus parceiros militares e corporativos, j\u00e1 envenenou em massa quatro gera\u00e7\u00f5es de crian\u00e7as: Boomers (nascidos aproximadamente entre 1946-1964), Gera\u00e7\u00e3o X (1965-1980), Millennials (1981-1996) e Gera\u00e7\u00e3o Z (1997-2010). Eles envenenaram em massa a maioria da Gera\u00e7\u00e3o Alfa (2011-presente), e est\u00e3o vindo para o resto.<br>Pare de tomar vacinas.<br>Pare de vacinar beb\u00eas e crian\u00e7as.<br>Reze o Ros\u00e1rio.<\/p>\n\n\n\n<div class=\"wp-block-image\"><figure class=\"aligncenter size-large is-resized\"><a href=\"https:\/\/www.facebook.com\/postobkr\/?locale=pt_BR\"><img loading=\"lazy\" decoding=\"async\" src=\"https:\/\/jornalfatosenoticias.com.br\/wp-content\/uploads\/2023\/08\/BKR-1024x1021.jpg\" alt=\"\" class=\"wp-image-44494\" width=\"309\" height=\"308\" srcset=\"https:\/\/jornalfatosenoticias.com.br\/wp-content\/uploads\/2023\/08\/BKR-1024x1021.jpg 1024w, https:\/\/jornalfatosenoticias.com.br\/wp-content\/uploads\/2023\/08\/BKR-300x300.jpg 300w, https:\/\/jornalfatosenoticias.com.br\/wp-content\/uploads\/2023\/08\/BKR-150x150.jpg 150w, https:\/\/jornalfatosenoticias.com.br\/wp-content\/uploads\/2023\/08\/BKR-768x766.jpg 768w, https:\/\/jornalfatosenoticias.com.br\/wp-content\/uploads\/2023\/08\/BKR.jpg 1080w\" sizes=\"auto, (max-width: 309px) 100vw, 309px\" \/><\/a><\/figure><\/div>\n\n\n\n<p><span class=\"has-inline-color has-black-color\"><strong>*Tradu\u00e7\u00e3o e adapta\u00e7\u00e3o: <\/strong><em>prof. Oswaldo Viana Jr. Artigo original dispon\u00edvel em:<br>https:\/\/bailiwicknews.substack.com\/p\/learning-curve<\/em><\/span><\/p>\n\n\n\n<p><span class=\"has-inline-color has-black-color\"><strong>Oswaldo Viana Jr.<br><\/strong><em>Historiador formado pela Universidade Federal Fluminense (UFF), autor do livro &#8220;Deus na escola p\u00fablica: a pol\u00eamica do ensino religioso no Brasil (2024, 2\u00aa ed.)<\/em><\/span><\/p>\n","protected":false},"excerpt":{"rendered":"<p>Para os leitores que tamb\u00e9m est\u00e3o em algum lugar nessa curva de aprendizado Por Oswaldo Viana Jr. *Katherine Watt, jurista e pesquisadora \u2014 11 de outubro de 2024 Fiz abaixo um resumo de como eu cheguei do que acreditava em janeiro de 2020 ao meu entendimento atual:1. Em janeiro de 2020, eu acreditava nas hist\u00f3rias [&hellip;]<\/p>\n","protected":false},"author":2,"featured_media":55055,"comment_status":"open","ping_status":"open","sticky":false,"template":"","format":"standard","meta":{"footnotes":""},"categories":[5],"tags":[1501,986,25098,1518,25097,1022],"class_list":["post-55054","post","type-post","status-publish","format-standard","has-post-thumbnail","hentry","category-geral","tag-doencas-infecciosas","tag-governo","tag-lockdowns","tag-medicamentos","tag-patogeno","tag-vacinas"],"yoast_head":"<!-- This site is optimized with the Yoast SEO plugin v26.5 - https:\/\/yoast.com\/wordpress\/plugins\/seo\/ -->\n<title>Curva de aprendizado (2020-2024) - Jornal Fatos e Not\u00edcias<\/title>\n<meta name=\"robots\" content=\"index, follow, max-snippet:-1, max-image-preview:large, max-video-preview:-1\" \/>\n<link rel=\"canonical\" href=\"https:\/\/jornalfatosenoticias.com.br\/index.php\/2024\/10\/18\/curva-de-aprendizado-2020-2024\/\" \/>\n<meta property=\"og:locale\" content=\"pt_BR\" \/>\n<meta property=\"og:type\" content=\"article\" \/>\n<meta property=\"og:title\" content=\"Curva de aprendizado (2020-2024) - Jornal Fatos e Not\u00edcias\" \/>\n<meta property=\"og:description\" content=\"Para os leitores que tamb\u00e9m est\u00e3o em algum lugar nessa curva de aprendizado Por Oswaldo Viana Jr. *Katherine Watt, jurista e pesquisadora \u2014 11 de outubro de 2024 Fiz abaixo um resumo de como eu cheguei do que acreditava em janeiro de 2020 ao meu entendimento atual:1. Em janeiro de 2020, eu acreditava nas hist\u00f3rias [&hellip;]\" \/>\n<meta property=\"og:url\" content=\"https:\/\/jornalfatosenoticias.com.br\/index.php\/2024\/10\/18\/curva-de-aprendizado-2020-2024\/\" \/>\n<meta property=\"og:site_name\" content=\"Jornal Fatos e Not\u00edcias\" \/>\n<meta property=\"article:published_time\" content=\"2024-10-18T15:33:30+00:00\" \/>\n<meta property=\"article:modified_time\" content=\"2024-10-18T15:33:31+00:00\" \/>\n<meta property=\"og:image\" content=\"https:\/\/jornalfatosenoticias.com.br\/wp-content\/uploads\/2024\/10\/Oswaldo-Viana-Jr.jpeg\" \/>\n\t<meta property=\"og:image:width\" content=\"711\" \/>\n\t<meta property=\"og:image:height\" content=\"569\" \/>\n\t<meta property=\"og:image:type\" content=\"image\/jpeg\" \/>\n<meta name=\"author\" content=\"Luzimara Fernandes\" \/>\n<meta name=\"twitter:card\" content=\"summary_large_image\" \/>\n<meta name=\"twitter:label1\" content=\"Escrito por\" \/>\n\t<meta name=\"twitter:data1\" content=\"Luzimara Fernandes\" \/>\n\t<meta name=\"twitter:label2\" content=\"Est. tempo de leitura\" \/>\n\t<meta name=\"twitter:data2\" content=\"5 minutos\" \/>\n<script type=\"application\/ld+json\" class=\"yoast-schema-graph\">{\"@context\":\"https:\/\/schema.org\",\"@graph\":[{\"@type\":\"Article\",\"@id\":\"https:\/\/jornalfatosenoticias.com.br\/index.php\/2024\/10\/18\/curva-de-aprendizado-2020-2024\/#article\",\"isPartOf\":{\"@id\":\"https:\/\/jornalfatosenoticias.com.br\/index.php\/2024\/10\/18\/curva-de-aprendizado-2020-2024\/\"},\"author\":{\"name\":\"Luzimara Fernandes\",\"@id\":\"https:\/\/jornalfatosenoticias.com.br\/#\/schema\/person\/d63837fa13ac8666eb9e74e0985d6f81\"},\"headline\":\"Curva de aprendizado (2020-2024)\",\"datePublished\":\"2024-10-18T15:33:30+00:00\",\"dateModified\":\"2024-10-18T15:33:31+00:00\",\"mainEntityOfPage\":{\"@id\":\"https:\/\/jornalfatosenoticias.com.br\/index.php\/2024\/10\/18\/curva-de-aprendizado-2020-2024\/\"},\"wordCount\":907,\"commentCount\":0,\"publisher\":{\"@id\":\"https:\/\/jornalfatosenoticias.com.br\/#organization\"},\"image\":{\"@id\":\"https:\/\/jornalfatosenoticias.com.br\/index.php\/2024\/10\/18\/curva-de-aprendizado-2020-2024\/#primaryimage\"},\"thumbnailUrl\":\"https:\/\/jornalfatosenoticias.com.br\/wp-content\/uploads\/2024\/10\/Oswaldo-Viana-Jr.jpeg\",\"keywords\":[\"doen\u00e7as infecciosas\",\"governo\",\"lockdowns\",\"medicamentos\",\"pat\u00f3geno\",\"vacinas\"],\"articleSection\":[\"Geral\"],\"inLanguage\":\"pt-BR\",\"potentialAction\":[{\"@type\":\"CommentAction\",\"name\":\"Comment\",\"target\":[\"https:\/\/jornalfatosenoticias.com.br\/index.php\/2024\/10\/18\/curva-de-aprendizado-2020-2024\/#respond\"]}]},{\"@type\":\"WebPage\",\"@id\":\"https:\/\/jornalfatosenoticias.com.br\/index.php\/2024\/10\/18\/curva-de-aprendizado-2020-2024\/\",\"url\":\"https:\/\/jornalfatosenoticias.com.br\/index.php\/2024\/10\/18\/curva-de-aprendizado-2020-2024\/\",\"name\":\"Curva de aprendizado (2020-2024) - Jornal Fatos e Not\u00edcias\",\"isPartOf\":{\"@id\":\"https:\/\/jornalfatosenoticias.com.br\/#website\"},\"primaryImageOfPage\":{\"@id\":\"https:\/\/jornalfatosenoticias.com.br\/index.php\/2024\/10\/18\/curva-de-aprendizado-2020-2024\/#primaryimage\"},\"image\":{\"@id\":\"https:\/\/jornalfatosenoticias.com.br\/index.php\/2024\/10\/18\/curva-de-aprendizado-2020-2024\/#primaryimage\"},\"thumbnailUrl\":\"https:\/\/jornalfatosenoticias.com.br\/wp-content\/uploads\/2024\/10\/Oswaldo-Viana-Jr.jpeg\",\"datePublished\":\"2024-10-18T15:33:30+00:00\",\"dateModified\":\"2024-10-18T15:33:31+00:00\",\"breadcrumb\":{\"@id\":\"https:\/\/jornalfatosenoticias.com.br\/index.php\/2024\/10\/18\/curva-de-aprendizado-2020-2024\/#breadcrumb\"},\"inLanguage\":\"pt-BR\",\"potentialAction\":[{\"@type\":\"ReadAction\",\"target\":[\"https:\/\/jornalfatosenoticias.com.br\/index.php\/2024\/10\/18\/curva-de-aprendizado-2020-2024\/\"]}]},{\"@type\":\"ImageObject\",\"inLanguage\":\"pt-BR\",\"@id\":\"https:\/\/jornalfatosenoticias.com.br\/index.php\/2024\/10\/18\/curva-de-aprendizado-2020-2024\/#primaryimage\",\"url\":\"https:\/\/jornalfatosenoticias.com.br\/wp-content\/uploads\/2024\/10\/Oswaldo-Viana-Jr.jpeg\",\"contentUrl\":\"https:\/\/jornalfatosenoticias.com.br\/wp-content\/uploads\/2024\/10\/Oswaldo-Viana-Jr.jpeg\",\"width\":711,\"height\":569},{\"@type\":\"BreadcrumbList\",\"@id\":\"https:\/\/jornalfatosenoticias.com.br\/index.php\/2024\/10\/18\/curva-de-aprendizado-2020-2024\/#breadcrumb\",\"itemListElement\":[{\"@type\":\"ListItem\",\"position\":1,\"name\":\"In\u00edcio\",\"item\":\"https:\/\/jornalfatosenoticias.com.br\/\"},{\"@type\":\"ListItem\",\"position\":2,\"name\":\"Curva de aprendizado (2020-2024)\"}]},{\"@type\":\"WebSite\",\"@id\":\"https:\/\/jornalfatosenoticias.com.br\/#website\",\"url\":\"https:\/\/jornalfatosenoticias.com.br\/\",\"name\":\"Jornal Fatos e Not\u00edcias\",\"description\":\"Not\u00edcias em geral\",\"publisher\":{\"@id\":\"https:\/\/jornalfatosenoticias.com.br\/#organization\"},\"potentialAction\":[{\"@type\":\"SearchAction\",\"target\":{\"@type\":\"EntryPoint\",\"urlTemplate\":\"https:\/\/jornalfatosenoticias.com.br\/?s={search_term_string}\"},\"query-input\":{\"@type\":\"PropertyValueSpecification\",\"valueRequired\":true,\"valueName\":\"search_term_string\"}}],\"inLanguage\":\"pt-BR\"},{\"@type\":\"Organization\",\"@id\":\"https:\/\/jornalfatosenoticias.com.br\/#organization\",\"name\":\"Jornal Fatos e Not\u00edcias\",\"url\":\"https:\/\/jornalfatosenoticias.com.br\/\",\"logo\":{\"@type\":\"ImageObject\",\"inLanguage\":\"pt-BR\",\"@id\":\"https:\/\/jornalfatosenoticias.com.br\/#\/schema\/logo\/image\/\",\"url\":\"https:\/\/jornalfatosenoticias.com.br\/wp-content\/uploads\/2020\/02\/logo120.png\",\"contentUrl\":\"https:\/\/jornalfatosenoticias.com.br\/wp-content\/uploads\/2020\/02\/logo120.png\",\"width\":1227,\"height\":120,\"caption\":\"Jornal Fatos e Not\u00edcias\"},\"image\":{\"@id\":\"https:\/\/jornalfatosenoticias.com.br\/#\/schema\/logo\/image\/\"}},{\"@type\":\"Person\",\"@id\":\"https:\/\/jornalfatosenoticias.com.br\/#\/schema\/person\/d63837fa13ac8666eb9e74e0985d6f81\",\"name\":\"Luzimara Fernandes\",\"image\":{\"@type\":\"ImageObject\",\"inLanguage\":\"pt-BR\",\"@id\":\"https:\/\/jornalfatosenoticias.com.br\/#\/schema\/person\/image\/\",\"url\":\"https:\/\/jornalfatosenoticias.com.br\/wp-content\/uploads\/2025\/05\/EU_portal.jpg\",\"contentUrl\":\"https:\/\/jornalfatosenoticias.com.br\/wp-content\/uploads\/2025\/05\/EU_portal.jpg\",\"caption\":\"Luzimara Fernandes\"},\"description\":\"Jornalista MTB 2358-ES\",\"sameAs\":[\"https:\/\/jornalfatosenoticias.com.br\"],\"url\":\"https:\/\/jornalfatosenoticias.com.br\/index.php\/author\/luzimara\/\"}]}<\/script>\n<!-- \/ Yoast SEO plugin. -->","yoast_head_json":{"title":"Curva de aprendizado (2020-2024) - Jornal Fatos e Not\u00edcias","robots":{"index":"index","follow":"follow","max-snippet":"max-snippet:-1","max-image-preview":"max-image-preview:large","max-video-preview":"max-video-preview:-1"},"canonical":"https:\/\/jornalfatosenoticias.com.br\/index.php\/2024\/10\/18\/curva-de-aprendizado-2020-2024\/","og_locale":"pt_BR","og_type":"article","og_title":"Curva de aprendizado (2020-2024) - Jornal Fatos e Not\u00edcias","og_description":"Para os leitores que tamb\u00e9m est\u00e3o em algum lugar nessa curva de aprendizado Por Oswaldo Viana Jr. *Katherine Watt, jurista e pesquisadora \u2014 11 de outubro de 2024 Fiz abaixo um resumo de como eu cheguei do que acreditava em janeiro de 2020 ao meu entendimento atual:1. Em janeiro de 2020, eu acreditava nas hist\u00f3rias [&hellip;]","og_url":"https:\/\/jornalfatosenoticias.com.br\/index.php\/2024\/10\/18\/curva-de-aprendizado-2020-2024\/","og_site_name":"Jornal Fatos e Not\u00edcias","article_published_time":"2024-10-18T15:33:30+00:00","article_modified_time":"2024-10-18T15:33:31+00:00","og_image":[{"width":711,"height":569,"url":"https:\/\/jornalfatosenoticias.com.br\/wp-content\/uploads\/2024\/10\/Oswaldo-Viana-Jr.jpeg","type":"image\/jpeg"}],"author":"Luzimara Fernandes","twitter_card":"summary_large_image","twitter_misc":{"Escrito por":"Luzimara Fernandes","Est. tempo de leitura":"5 minutos"},"schema":{"@context":"https:\/\/schema.org","@graph":[{"@type":"Article","@id":"https:\/\/jornalfatosenoticias.com.br\/index.php\/2024\/10\/18\/curva-de-aprendizado-2020-2024\/#article","isPartOf":{"@id":"https:\/\/jornalfatosenoticias.com.br\/index.php\/2024\/10\/18\/curva-de-aprendizado-2020-2024\/"},"author":{"name":"Luzimara Fernandes","@id":"https:\/\/jornalfatosenoticias.com.br\/#\/schema\/person\/d63837fa13ac8666eb9e74e0985d6f81"},"headline":"Curva de aprendizado (2020-2024)","datePublished":"2024-10-18T15:33:30+00:00","dateModified":"2024-10-18T15:33:31+00:00","mainEntityOfPage":{"@id":"https:\/\/jornalfatosenoticias.com.br\/index.php\/2024\/10\/18\/curva-de-aprendizado-2020-2024\/"},"wordCount":907,"commentCount":0,"publisher":{"@id":"https:\/\/jornalfatosenoticias.com.br\/#organization"},"image":{"@id":"https:\/\/jornalfatosenoticias.com.br\/index.php\/2024\/10\/18\/curva-de-aprendizado-2020-2024\/#primaryimage"},"thumbnailUrl":"https:\/\/jornalfatosenoticias.com.br\/wp-content\/uploads\/2024\/10\/Oswaldo-Viana-Jr.jpeg","keywords":["doen\u00e7as infecciosas","governo","lockdowns","medicamentos","pat\u00f3geno","vacinas"],"articleSection":["Geral"],"inLanguage":"pt-BR","potentialAction":[{"@type":"CommentAction","name":"Comment","target":["https:\/\/jornalfatosenoticias.com.br\/index.php\/2024\/10\/18\/curva-de-aprendizado-2020-2024\/#respond"]}]},{"@type":"WebPage","@id":"https:\/\/jornalfatosenoticias.com.br\/index.php\/2024\/10\/18\/curva-de-aprendizado-2020-2024\/","url":"https:\/\/jornalfatosenoticias.com.br\/index.php\/2024\/10\/18\/curva-de-aprendizado-2020-2024\/","name":"Curva de aprendizado (2020-2024) - Jornal Fatos e Not\u00edcias","isPartOf":{"@id":"https:\/\/jornalfatosenoticias.com.br\/#website"},"primaryImageOfPage":{"@id":"https:\/\/jornalfatosenoticias.com.br\/index.php\/2024\/10\/18\/curva-de-aprendizado-2020-2024\/#primaryimage"},"image":{"@id":"https:\/\/jornalfatosenoticias.com.br\/index.php\/2024\/10\/18\/curva-de-aprendizado-2020-2024\/#primaryimage"},"thumbnailUrl":"https:\/\/jornalfatosenoticias.com.br\/wp-content\/uploads\/2024\/10\/Oswaldo-Viana-Jr.jpeg","datePublished":"2024-10-18T15:33:30+00:00","dateModified":"2024-10-18T15:33:31+00:00","breadcrumb":{"@id":"https:\/\/jornalfatosenoticias.com.br\/index.php\/2024\/10\/18\/curva-de-aprendizado-2020-2024\/#breadcrumb"},"inLanguage":"pt-BR","potentialAction":[{"@type":"ReadAction","target":["https:\/\/jornalfatosenoticias.com.br\/index.php\/2024\/10\/18\/curva-de-aprendizado-2020-2024\/"]}]},{"@type":"ImageObject","inLanguage":"pt-BR","@id":"https:\/\/jornalfatosenoticias.com.br\/index.php\/2024\/10\/18\/curva-de-aprendizado-2020-2024\/#primaryimage","url":"https:\/\/jornalfatosenoticias.com.br\/wp-content\/uploads\/2024\/10\/Oswaldo-Viana-Jr.jpeg","contentUrl":"https:\/\/jornalfatosenoticias.com.br\/wp-content\/uploads\/2024\/10\/Oswaldo-Viana-Jr.jpeg","width":711,"height":569},{"@type":"BreadcrumbList","@id":"https:\/\/jornalfatosenoticias.com.br\/index.php\/2024\/10\/18\/curva-de-aprendizado-2020-2024\/#breadcrumb","itemListElement":[{"@type":"ListItem","position":1,"name":"In\u00edcio","item":"https:\/\/jornalfatosenoticias.com.br\/"},{"@type":"ListItem","position":2,"name":"Curva de aprendizado (2020-2024)"}]},{"@type":"WebSite","@id":"https:\/\/jornalfatosenoticias.com.br\/#website","url":"https:\/\/jornalfatosenoticias.com.br\/","name":"Jornal Fatos e Not\u00edcias","description":"Not\u00edcias em geral","publisher":{"@id":"https:\/\/jornalfatosenoticias.com.br\/#organization"},"potentialAction":[{"@type":"SearchAction","target":{"@type":"EntryPoint","urlTemplate":"https:\/\/jornalfatosenoticias.com.br\/?s={search_term_string}"},"query-input":{"@type":"PropertyValueSpecification","valueRequired":true,"valueName":"search_term_string"}}],"inLanguage":"pt-BR"},{"@type":"Organization","@id":"https:\/\/jornalfatosenoticias.com.br\/#organization","name":"Jornal Fatos e Not\u00edcias","url":"https:\/\/jornalfatosenoticias.com.br\/","logo":{"@type":"ImageObject","inLanguage":"pt-BR","@id":"https:\/\/jornalfatosenoticias.com.br\/#\/schema\/logo\/image\/","url":"https:\/\/jornalfatosenoticias.com.br\/wp-content\/uploads\/2020\/02\/logo120.png","contentUrl":"https:\/\/jornalfatosenoticias.com.br\/wp-content\/uploads\/2020\/02\/logo120.png","width":1227,"height":120,"caption":"Jornal Fatos e Not\u00edcias"},"image":{"@id":"https:\/\/jornalfatosenoticias.com.br\/#\/schema\/logo\/image\/"}},{"@type":"Person","@id":"https:\/\/jornalfatosenoticias.com.br\/#\/schema\/person\/d63837fa13ac8666eb9e74e0985d6f81","name":"Luzimara Fernandes","image":{"@type":"ImageObject","inLanguage":"pt-BR","@id":"https:\/\/jornalfatosenoticias.com.br\/#\/schema\/person\/image\/","url":"https:\/\/jornalfatosenoticias.com.br\/wp-content\/uploads\/2025\/05\/EU_portal.jpg","contentUrl":"https:\/\/jornalfatosenoticias.com.br\/wp-content\/uploads\/2025\/05\/EU_portal.jpg","caption":"Luzimara Fernandes"},"description":"Jornalista MTB 2358-ES","sameAs":["https:\/\/jornalfatosenoticias.com.br"],"url":"https:\/\/jornalfatosenoticias.com.br\/index.php\/author\/luzimara\/"}]}},"cc_featured_image_caption":{"caption_text":"(Foto: Acervo pessoal) \r\n","source_text":"","source_url":""},"jetpack_featured_media_url":"https:\/\/jornalfatosenoticias.com.br\/wp-content\/uploads\/2024\/10\/Oswaldo-Viana-Jr.jpeg","_links":{"self":[{"href":"https:\/\/jornalfatosenoticias.com.br\/index.php\/wp-json\/wp\/v2\/posts\/55054","targetHints":{"allow":["GET"]}}],"collection":[{"href":"https:\/\/jornalfatosenoticias.com.br\/index.php\/wp-json\/wp\/v2\/posts"}],"about":[{"href":"https:\/\/jornalfatosenoticias.com.br\/index.php\/wp-json\/wp\/v2\/types\/post"}],"author":[{"embeddable":true,"href":"https:\/\/jornalfatosenoticias.com.br\/index.php\/wp-json\/wp\/v2\/users\/2"}],"replies":[{"embeddable":true,"href":"https:\/\/jornalfatosenoticias.com.br\/index.php\/wp-json\/wp\/v2\/comments?post=55054"}],"version-history":[{"count":0,"href":"https:\/\/jornalfatosenoticias.com.br\/index.php\/wp-json\/wp\/v2\/posts\/55054\/revisions"}],"wp:featuredmedia":[{"embeddable":true,"href":"https:\/\/jornalfatosenoticias.com.br\/index.php\/wp-json\/wp\/v2\/media\/55055"}],"wp:attachment":[{"href":"https:\/\/jornalfatosenoticias.com.br\/index.php\/wp-json\/wp\/v2\/media?parent=55054"}],"wp:term":[{"taxonomy":"category","embeddable":true,"href":"https:\/\/jornalfatosenoticias.com.br\/index.php\/wp-json\/wp\/v2\/categories?post=55054"},{"taxonomy":"post_tag","embeddable":true,"href":"https:\/\/jornalfatosenoticias.com.br\/index.php\/wp-json\/wp\/v2\/tags?post=55054"}],"curies":[{"name":"wp","href":"https:\/\/api.w.org\/{rel}","templated":true}]}}