{"id":55060,"date":"2024-10-21T08:40:09","date_gmt":"2024-10-21T11:40:09","guid":{"rendered":"https:\/\/jornalfatosenoticias.com.br\/?p=55060"},"modified":"2024-10-21T08:40:10","modified_gmt":"2024-10-21T11:40:10","slug":"cidade-capixaba-e-a-1-a-do-mundo-a-reconhecer-ondas-do-mar-como-seres-vivos","status":"publish","type":"post","link":"https:\/\/jornalfatosenoticias.com.br\/index.php\/2024\/10\/21\/cidade-capixaba-e-a-1-a-do-mundo-a-reconhecer-ondas-do-mar-como-seres-vivos\/","title":{"rendered":"Cidade capixaba \u00e9 a 1.\u00aa do mundo a reconhecer ondas do mar como seres vivos"},"content":{"rendered":"\n<p><em><span class=\"has-inline-color has-black-color\">A ambientalista Vanessa Hasson foi a respons\u00e1vel por viabilizar o projeto de lei ap\u00f3s extensas reuni\u00f5es com surfistas e moradores da cidade capixaba<\/span><\/em><\/p>\n\n\n\n<p><span class=\"has-inline-color has-black-color\">Por <strong><a href=\"https:\/\/gizmodo.uol.com.br\/author\/pablo-nogueira\/\">Pablo Nogueira<\/a><\/strong><\/span><\/p>\n\n\n\n<div class=\"wp-block-image\"><figure class=\"aligncenter size-large\"><a href=\"https:\/\/mizu.com.br\/\"><img loading=\"lazy\" decoding=\"async\" width=\"729\" height=\"90\" src=\"https:\/\/jornalfatosenoticias.com.br\/wp-content\/uploads\/2020\/02\/Logo_Mizu.png\" alt=\"\" class=\"wp-image-1441\" srcset=\"https:\/\/jornalfatosenoticias.com.br\/wp-content\/uploads\/2020\/02\/Logo_Mizu.png 729w, https:\/\/jornalfatosenoticias.com.br\/wp-content\/uploads\/2020\/02\/Logo_Mizu-300x37.png 300w\" sizes=\"auto, (max-width: 729px) 100vw, 729px\" \/><\/a><\/figure><\/div>\n\n\n\n<p>Em agosto deste ano, a cidade de Linhares, no <a href=\"https:\/\/gizmodo.uol.com.br\/arvore-assassina-de-abelhas-e-proibida-em-cidade-do-espirito-santo\/\">Esp\u00edrito Santo<\/a>, se tornou a primeira do mundo a conceder direitos legais \u00e0s ondas do mar, sendo reconhecidas como seres vivos.<br>A decis\u00e3o, da C\u00e2mara Municipal de Linhares, visa proteger as ondas do mar que quebram na Foz do Rio Doce, preservando a forma, os ciclos naturais e a composi\u00e7\u00e3o das ondas. Na pr\u00e1tica, a lei permite que a justi\u00e7a defenda as ondas da Foz do Rio Doce. A lei vai considerar um crime qualquer <a href=\"https:\/\/gizmodo.uol.com.br\/tragedias-climaticas-94-das-cidades-brasileiras-pecam-na-prevencao\/\">dano a esse ecossistema<\/a>, e n\u00e3o apenas um preju\u00edzo para as pessoas.<\/p>\n\n\n\n<div class=\"wp-block-image\"><figure class=\"aligncenter size-large\"><a href=\"https:\/\/cesconetto.com.br\/\"><img loading=\"lazy\" decoding=\"async\" width=\"300\" height=\"250\" src=\"https:\/\/jornalfatosenoticias.com.br\/wp-content\/uploads\/2022\/02\/Banner-2.png\" alt=\"\" class=\"wp-image-27877\"\/><\/a><\/figure><\/div>\n\n\n\n<p>A a\u00e7\u00e3o se inspira em exemplos internacionais, como o caso do Equador, que j\u00e1 reconhece os direitos da natureza em sua constitui\u00e7\u00e3o. Contudo, a <a href=\"https:\/\/gizmodo.uol.com.br\/quase-2-500-especies-de-animais-e-plantas-em-risco-de-extincao-no-brasil\/\">cidade brasileira \u00e9 a primeira do mundo<\/a> a reconhecer as ondas do mar como seres vivos.<\/p>\n\n\n\n<div class=\"wp-block-image\"><figure class=\"aligncenter size-large is-resized\"><a href=\"https:\/\/www.legisjuris.com.br\/\"><img loading=\"lazy\" decoding=\"async\" src=\"https:\/\/jornalfatosenoticias.com.br\/wp-content\/uploads\/2024\/09\/Legis-Juris-Consultoria_logo.jpg\" alt=\"\" class=\"wp-image-53915\" width=\"496\" height=\"208\" srcset=\"https:\/\/jornalfatosenoticias.com.br\/wp-content\/uploads\/2024\/09\/Legis-Juris-Consultoria_logo.jpg 969w, https:\/\/jornalfatosenoticias.com.br\/wp-content\/uploads\/2024\/09\/Legis-Juris-Consultoria_logo-300x126.jpg 300w, https:\/\/jornalfatosenoticias.com.br\/wp-content\/uploads\/2024\/09\/Legis-Juris-Consultoria_logo-768x322.jpg 768w\" sizes=\"auto, (max-width: 496px) 100vw, 496px\" \/><\/a><\/figure><\/div>\n\n\n\n<p><strong><span class=\"has-inline-color has-vivid-green-cyan-color\">Como surgiu a lei que reconhece as ondas do mar como seres vivos<br><\/span><\/strong>A lei que reconhece ondas do mar como seres vivos n\u00e3o surgiu das autoridades, mas, sim, de v\u00e1rias pessoas. Uma delas \u00e9 a advogada e diretora da ONG Mapas, Vanessa Hasson.<\/p>\n\n\n\n<div class=\"wp-block-image\"><figure class=\"aligncenter size-large is-resized\"><a href=\"https:\/\/www.controlsystems.com.br\/\"><img loading=\"lazy\" decoding=\"async\" src=\"https:\/\/jornalfatosenoticias.com.br\/wp-content\/uploads\/2020\/02\/CONTROL-CS.jpg\" alt=\"\" class=\"wp-image-44991\" width=\"294\" height=\"352\" srcset=\"https:\/\/jornalfatosenoticias.com.br\/wp-content\/uploads\/2020\/02\/CONTROL-CS.jpg 834w, https:\/\/jornalfatosenoticias.com.br\/wp-content\/uploads\/2020\/02\/CONTROL-CS-250x300.jpg 250w, https:\/\/jornalfatosenoticias.com.br\/wp-content\/uploads\/2020\/02\/CONTROL-CS-768x921.jpg 768w\" sizes=\"auto, (max-width: 294px) 100vw, 294px\" \/><\/a><\/figure><\/div>\n\n\n\n<p>A ambientalista foi respons\u00e1vel por viabilizar o projeto de lei ap\u00f3s extensas reuni\u00f5es com surfistas e moradores da cidade. Hasson come\u00e7ou a iniciativa em 2015, ap\u00f3s <a href=\"https:\/\/gizmodo.uol.com.br\/racismo-ambiental-tem-mais-de-600-ocorrencias-no-brasil-veja-neste-mapa\/\">o desastre da barragem de Mariana<\/a>. O rompimento da barragem levou a lama t\u00f3xica para a Foz do Rio Doce, afetando v\u00e1rias cidades, incluindo Linhares.<\/p>\n\n\n\n<div class=\"wp-block-image\"><figure class=\"aligncenter size-large\"><img loading=\"lazy\" decoding=\"async\" width=\"970\" height=\"546\" src=\"https:\/\/jornalfatosenoticias.com.br\/wp-content\/uploads\/2024\/10\/lama-praia-regencia-970x546-1.jpg\" alt=\"\" class=\"wp-image-55061\" srcset=\"https:\/\/jornalfatosenoticias.com.br\/wp-content\/uploads\/2024\/10\/lama-praia-regencia-970x546-1.jpg 970w, https:\/\/jornalfatosenoticias.com.br\/wp-content\/uploads\/2024\/10\/lama-praia-regencia-970x546-1-300x169.jpg 300w, https:\/\/jornalfatosenoticias.com.br\/wp-content\/uploads\/2024\/10\/lama-praia-regencia-970x546-1-768x432.jpg 768w\" sizes=\"auto, (max-width: 970px) 100vw, 970px\" \/><figcaption><em><span class=\"has-inline-color has-black-color\">A lama da barragem de Mariana nas ondas da praia de Reg\u00eancia (Foto: YouTube\/Reprodu\u00e7\u00e3o)<\/span><\/em><\/figcaption><\/figure><\/div>\n\n\n\n<p>Quando a <a href=\"https:\/\/gizmodo.uol.com.br\/o-que-fazer-com-os-rejeitos-gerados-pela-exploracao-mineral\/\">lama da barragem chegou \u00e0 Foz do Rio Doce<\/a>, as ondas da praia de Reg\u00eancia, famosas entre os surfistas, foram afetadas pela contamina\u00e7\u00e3o, prejudicando a vida marinha e o equil\u00edbrio do local. <\/p>\n\n\n\n<div class=\"wp-block-image\"><figure class=\"aligncenter size-large is-resized\"><a href=\"https:\/\/www.instagram.com\/serra4x4cambioautomatico\/\"><img loading=\"lazy\" decoding=\"async\" src=\"https:\/\/jornalfatosenoticias.com.br\/wp-content\/uploads\/2024\/08\/Serra-4x4-1-886x1024.jpg\" alt=\"\" class=\"wp-image-53632\" width=\"304\" height=\"352\" srcset=\"https:\/\/jornalfatosenoticias.com.br\/wp-content\/uploads\/2024\/08\/Serra-4x4-1-886x1024.jpg 886w, https:\/\/jornalfatosenoticias.com.br\/wp-content\/uploads\/2024\/08\/Serra-4x4-1-260x300.jpg 260w, https:\/\/jornalfatosenoticias.com.br\/wp-content\/uploads\/2024\/08\/Serra-4x4-1-768x888.jpg 768w, https:\/\/jornalfatosenoticias.com.br\/wp-content\/uploads\/2024\/08\/Serra-4x4-1.jpg 1181w\" sizes=\"auto, (max-width: 304px) 100vw, 304px\" \/><\/a><\/figure><\/div>\n\n\n\n<p>Ali\u00e1s, conforme\u00a0<a href=\"https:\/\/www.camaralinhares.es.gov.br\/noticia\/ler\/10387\/-\/popup\">comunicado<\/a> da C\u00e2mara Municipal da cidade, \u201ca regi\u00e3o da Foz do Rio Doce, que abarca as comunidades de Reg\u00eancia e Povoa\u00e7\u00e3o, possui uma singularidade que deve ser preservada\u201d. Desse modo, a cidade brasileira \u00e9 a primeira a reconhecer as ondas do mar como seres vivos <a href=\"https:\/\/gizmodo.uol.com.br\/imagens-satelite-barragem-mariana-mg\/\">e a lei tamb\u00e9m tem um objetivo pedag\u00f3gico<\/a>.<\/p>\n\n\n\n<div class=\"wp-block-image\"><figure class=\"aligncenter size-large\"><a href=\"http:\/\/www.ferrarimaquinas.com.br\/\"><img loading=\"lazy\" decoding=\"async\" width=\"300\" height=\"250\" src=\"https:\/\/jornalfatosenoticias.com.br\/wp-content\/uploads\/2022\/02\/FERRARI_MAQUINAS-E-FERRAMENTAS2.jpg\" alt=\"\" class=\"wp-image-27860\"\/><\/a><\/figure><\/div>\n\n\n\n<blockquote class=\"wp-block-quote is-layout-flow wp-block-quote-is-layout-flow\"><p><span class=\"has-inline-color has-luminous-vivid-orange-color\">Quando voc\u00ea se depara com uma lei que reconhece uma onda do mar como ser vivo, isso pode despertar um novo entendimento sobre nossa interdepend\u00eancia com a natureza. \u00c9 uma lei que faz voc\u00ea pensar e agir de forma mais consciente e ecol\u00f3gica\u201d, afirmou Vanessa Hasson.<\/span><\/p><\/blockquote>\n\n\n\n<div class=\"wp-block-image\"><figure class=\"aligncenter size-large is-resized\"><a href=\"https:\/\/www.facebook.com\/vetor.vix\/\"><img loading=\"lazy\" decoding=\"async\" src=\"https:\/\/jornalfatosenoticias.com.br\/wp-content\/uploads\/2023\/09\/vetorvix1024_1.jpg\" alt=\"\" class=\"wp-image-44868\" width=\"546\" height=\"145\" srcset=\"https:\/\/jornalfatosenoticias.com.br\/wp-content\/uploads\/2023\/09\/vetorvix1024_1.jpg 1024w, https:\/\/jornalfatosenoticias.com.br\/wp-content\/uploads\/2023\/09\/vetorvix1024_1-300x80.jpg 300w, https:\/\/jornalfatosenoticias.com.br\/wp-content\/uploads\/2023\/09\/vetorvix1024_1-768x205.jpg 768w\" sizes=\"auto, (max-width: 546px) 100vw, 546px\" \/><\/a><\/figure><\/div>\n\n\n\n<p>O professor Alexander Turra, do Instituto Oceanogr\u00e1fico (IO) da USP, destaca a import\u00e2ncia da lei para proteger a costa. Turra explica que <a href=\"https:\/\/gizmodo.uol.com.br\/foto-do-gabriel-medina-3-segredos-do-fotografo-frances-para-fazer-a-imagem\/\">proteger as ondas e os locais de surfe<\/a> ajuda a preservar todo o ambiente marinho.<\/p>\n\n\n\n<p><strong><em>Fonte: <a href=\"https:\/\/gizmodo.uol.com.br\/cidade-brasileira-e-a-1a-do-mundo-a-reconhecer-ondas-do-mar-como-seres-vivos\/\">Giz Brasil<\/a><\/em><\/strong><\/p>\n","protected":false},"excerpt":{"rendered":"<p>A ambientalista Vanessa Hasson foi a respons\u00e1vel por viabilizar o projeto de lei ap\u00f3s extensas reuni\u00f5es com surfistas e moradores da cidade capixaba Por Pablo Nogueira Em agosto deste ano, a cidade de Linhares, no Esp\u00edrito Santo, se tornou a primeira do mundo a conceder direitos legais \u00e0s ondas do mar, sendo reconhecidas como seres [&hellip;]<\/p>\n","protected":false},"author":2,"featured_media":55062,"comment_status":"open","ping_status":"open","sticky":false,"template":"","format":"standard","meta":{"footnotes":""},"categories":[8],"tags":[25104,13033,100,25105,6714,749],"class_list":["post-55060","post","type-post","status-publish","format-standard","has-post-thumbnail","hentry","category-meio-ambiente","tag-barragem-de-mariana","tag-desastre-ambiental","tag-espirito-santo","tag-onda-do-mar","tag-protecao-ambiental","tag-rio-doce"],"yoast_head":"<!-- This site is optimized with the Yoast SEO plugin v26.5 - https:\/\/yoast.com\/wordpress\/plugins\/seo\/ -->\n<title>Cidade capixaba \u00e9 a 1.\u00aa do mundo a reconhecer ondas do mar como seres vivos - Jornal Fatos e Not\u00edcias<\/title>\n<meta name=\"robots\" content=\"index, follow, max-snippet:-1, max-image-preview:large, max-video-preview:-1\" \/>\n<link rel=\"canonical\" href=\"https:\/\/jornalfatosenoticias.com.br\/index.php\/2024\/10\/21\/cidade-capixaba-e-a-1-a-do-mundo-a-reconhecer-ondas-do-mar-como-seres-vivos\/\" \/>\n<meta property=\"og:locale\" content=\"pt_BR\" \/>\n<meta property=\"og:type\" content=\"article\" \/>\n<meta property=\"og:title\" content=\"Cidade capixaba \u00e9 a 1.\u00aa do mundo a reconhecer ondas do mar como seres vivos - Jornal Fatos e Not\u00edcias\" \/>\n<meta property=\"og:description\" content=\"A ambientalista Vanessa Hasson foi a respons\u00e1vel por viabilizar o projeto de lei ap\u00f3s extensas reuni\u00f5es com surfistas e moradores da cidade capixaba Por Pablo Nogueira Em agosto deste ano, a cidade de Linhares, no Esp\u00edrito Santo, se tornou a primeira do mundo a conceder direitos legais \u00e0s ondas do mar, sendo reconhecidas como seres [&hellip;]\" \/>\n<meta property=\"og:url\" content=\"https:\/\/jornalfatosenoticias.com.br\/index.php\/2024\/10\/21\/cidade-capixaba-e-a-1-a-do-mundo-a-reconhecer-ondas-do-mar-como-seres-vivos\/\" \/>\n<meta property=\"og:site_name\" content=\"Jornal Fatos e Not\u00edcias\" \/>\n<meta property=\"article:published_time\" content=\"2024-10-21T11:40:09+00:00\" \/>\n<meta property=\"article:modified_time\" content=\"2024-10-21T11:40:10+00:00\" \/>\n<meta property=\"og:image\" content=\"https:\/\/jornalfatosenoticias.com.br\/wp-content\/uploads\/2024\/10\/onda-do-mar_Unsplash.jpg\" \/>\n\t<meta property=\"og:image:width\" content=\"1000\" \/>\n\t<meta property=\"og:image:height\" content=\"562\" \/>\n\t<meta property=\"og:image:type\" content=\"image\/jpeg\" \/>\n<meta name=\"author\" content=\"Luzimara Fernandes\" \/>\n<meta name=\"twitter:card\" content=\"summary_large_image\" \/>\n<meta name=\"twitter:label1\" content=\"Escrito por\" \/>\n\t<meta name=\"twitter:data1\" content=\"Luzimara Fernandes\" \/>\n\t<meta name=\"twitter:label2\" content=\"Est. tempo de leitura\" \/>\n\t<meta name=\"twitter:data2\" content=\"2 minutos\" \/>\n<script type=\"application\/ld+json\" class=\"yoast-schema-graph\">{\"@context\":\"https:\/\/schema.org\",\"@graph\":[{\"@type\":\"Article\",\"@id\":\"https:\/\/jornalfatosenoticias.com.br\/index.php\/2024\/10\/21\/cidade-capixaba-e-a-1-a-do-mundo-a-reconhecer-ondas-do-mar-como-seres-vivos\/#article\",\"isPartOf\":{\"@id\":\"https:\/\/jornalfatosenoticias.com.br\/index.php\/2024\/10\/21\/cidade-capixaba-e-a-1-a-do-mundo-a-reconhecer-ondas-do-mar-como-seres-vivos\/\"},\"author\":{\"name\":\"Luzimara Fernandes\",\"@id\":\"https:\/\/jornalfatosenoticias.com.br\/#\/schema\/person\/d63837fa13ac8666eb9e74e0985d6f81\"},\"headline\":\"Cidade capixaba \u00e9 a 1.\u00aa do mundo a reconhecer ondas do mar como seres vivos\",\"datePublished\":\"2024-10-21T11:40:09+00:00\",\"dateModified\":\"2024-10-21T11:40:10+00:00\",\"mainEntityOfPage\":{\"@id\":\"https:\/\/jornalfatosenoticias.com.br\/index.php\/2024\/10\/21\/cidade-capixaba-e-a-1-a-do-mundo-a-reconhecer-ondas-do-mar-como-seres-vivos\/\"},\"wordCount\":492,\"commentCount\":0,\"publisher\":{\"@id\":\"https:\/\/jornalfatosenoticias.com.br\/#organization\"},\"image\":{\"@id\":\"https:\/\/jornalfatosenoticias.com.br\/index.php\/2024\/10\/21\/cidade-capixaba-e-a-1-a-do-mundo-a-reconhecer-ondas-do-mar-como-seres-vivos\/#primaryimage\"},\"thumbnailUrl\":\"https:\/\/jornalfatosenoticias.com.br\/wp-content\/uploads\/2024\/10\/onda-do-mar_Unsplash.jpg\",\"keywords\":[\"barragem de Mariana\",\"desastre ambiental\",\"Esp\u00edrito Santo\",\"onda do mar\",\"prote\u00e7\u00e3o ambiental\",\"Rio Doce\"],\"articleSection\":[\"Meio ambiente\"],\"inLanguage\":\"pt-BR\",\"potentialAction\":[{\"@type\":\"CommentAction\",\"name\":\"Comment\",\"target\":[\"https:\/\/jornalfatosenoticias.com.br\/index.php\/2024\/10\/21\/cidade-capixaba-e-a-1-a-do-mundo-a-reconhecer-ondas-do-mar-como-seres-vivos\/#respond\"]}]},{\"@type\":\"WebPage\",\"@id\":\"https:\/\/jornalfatosenoticias.com.br\/index.php\/2024\/10\/21\/cidade-capixaba-e-a-1-a-do-mundo-a-reconhecer-ondas-do-mar-como-seres-vivos\/\",\"url\":\"https:\/\/jornalfatosenoticias.com.br\/index.php\/2024\/10\/21\/cidade-capixaba-e-a-1-a-do-mundo-a-reconhecer-ondas-do-mar-como-seres-vivos\/\",\"name\":\"Cidade capixaba \u00e9 a 1.\u00aa do mundo a reconhecer ondas do mar como seres vivos - Jornal Fatos e Not\u00edcias\",\"isPartOf\":{\"@id\":\"https:\/\/jornalfatosenoticias.com.br\/#website\"},\"primaryImageOfPage\":{\"@id\":\"https:\/\/jornalfatosenoticias.com.br\/index.php\/2024\/10\/21\/cidade-capixaba-e-a-1-a-do-mundo-a-reconhecer-ondas-do-mar-como-seres-vivos\/#primaryimage\"},\"image\":{\"@id\":\"https:\/\/jornalfatosenoticias.com.br\/index.php\/2024\/10\/21\/cidade-capixaba-e-a-1-a-do-mundo-a-reconhecer-ondas-do-mar-como-seres-vivos\/#primaryimage\"},\"thumbnailUrl\":\"https:\/\/jornalfatosenoticias.com.br\/wp-content\/uploads\/2024\/10\/onda-do-mar_Unsplash.jpg\",\"datePublished\":\"2024-10-21T11:40:09+00:00\",\"dateModified\":\"2024-10-21T11:40:10+00:00\",\"breadcrumb\":{\"@id\":\"https:\/\/jornalfatosenoticias.com.br\/index.php\/2024\/10\/21\/cidade-capixaba-e-a-1-a-do-mundo-a-reconhecer-ondas-do-mar-como-seres-vivos\/#breadcrumb\"},\"inLanguage\":\"pt-BR\",\"potentialAction\":[{\"@type\":\"ReadAction\",\"target\":[\"https:\/\/jornalfatosenoticias.com.br\/index.php\/2024\/10\/21\/cidade-capixaba-e-a-1-a-do-mundo-a-reconhecer-ondas-do-mar-como-seres-vivos\/\"]}]},{\"@type\":\"ImageObject\",\"inLanguage\":\"pt-BR\",\"@id\":\"https:\/\/jornalfatosenoticias.com.br\/index.php\/2024\/10\/21\/cidade-capixaba-e-a-1-a-do-mundo-a-reconhecer-ondas-do-mar-como-seres-vivos\/#primaryimage\",\"url\":\"https:\/\/jornalfatosenoticias.com.br\/wp-content\/uploads\/2024\/10\/onda-do-mar_Unsplash.jpg\",\"contentUrl\":\"https:\/\/jornalfatosenoticias.com.br\/wp-content\/uploads\/2024\/10\/onda-do-mar_Unsplash.jpg\",\"width\":1000,\"height\":562},{\"@type\":\"BreadcrumbList\",\"@id\":\"https:\/\/jornalfatosenoticias.com.br\/index.php\/2024\/10\/21\/cidade-capixaba-e-a-1-a-do-mundo-a-reconhecer-ondas-do-mar-como-seres-vivos\/#breadcrumb\",\"itemListElement\":[{\"@type\":\"ListItem\",\"position\":1,\"name\":\"In\u00edcio\",\"item\":\"https:\/\/jornalfatosenoticias.com.br\/\"},{\"@type\":\"ListItem\",\"position\":2,\"name\":\"Cidade capixaba \u00e9 a 1.\u00aa do mundo a reconhecer ondas do mar como seres vivos\"}]},{\"@type\":\"WebSite\",\"@id\":\"https:\/\/jornalfatosenoticias.com.br\/#website\",\"url\":\"https:\/\/jornalfatosenoticias.com.br\/\",\"name\":\"Jornal Fatos e Not\u00edcias\",\"description\":\"Not\u00edcias em geral\",\"publisher\":{\"@id\":\"https:\/\/jornalfatosenoticias.com.br\/#organization\"},\"potentialAction\":[{\"@type\":\"SearchAction\",\"target\":{\"@type\":\"EntryPoint\",\"urlTemplate\":\"https:\/\/jornalfatosenoticias.com.br\/?s={search_term_string}\"},\"query-input\":{\"@type\":\"PropertyValueSpecification\",\"valueRequired\":true,\"valueName\":\"search_term_string\"}}],\"inLanguage\":\"pt-BR\"},{\"@type\":\"Organization\",\"@id\":\"https:\/\/jornalfatosenoticias.com.br\/#organization\",\"name\":\"Jornal Fatos e Not\u00edcias\",\"url\":\"https:\/\/jornalfatosenoticias.com.br\/\",\"logo\":{\"@type\":\"ImageObject\",\"inLanguage\":\"pt-BR\",\"@id\":\"https:\/\/jornalfatosenoticias.com.br\/#\/schema\/logo\/image\/\",\"url\":\"https:\/\/jornalfatosenoticias.com.br\/wp-content\/uploads\/2020\/02\/logo120.png\",\"contentUrl\":\"https:\/\/jornalfatosenoticias.com.br\/wp-content\/uploads\/2020\/02\/logo120.png\",\"width\":1227,\"height\":120,\"caption\":\"Jornal Fatos e Not\u00edcias\"},\"image\":{\"@id\":\"https:\/\/jornalfatosenoticias.com.br\/#\/schema\/logo\/image\/\"}},{\"@type\":\"Person\",\"@id\":\"https:\/\/jornalfatosenoticias.com.br\/#\/schema\/person\/d63837fa13ac8666eb9e74e0985d6f81\",\"name\":\"Luzimara Fernandes\",\"image\":{\"@type\":\"ImageObject\",\"inLanguage\":\"pt-BR\",\"@id\":\"https:\/\/jornalfatosenoticias.com.br\/#\/schema\/person\/image\/\",\"url\":\"https:\/\/jornalfatosenoticias.com.br\/wp-content\/uploads\/2025\/05\/EU_portal.jpg\",\"contentUrl\":\"https:\/\/jornalfatosenoticias.com.br\/wp-content\/uploads\/2025\/05\/EU_portal.jpg\",\"caption\":\"Luzimara Fernandes\"},\"description\":\"Jornalista MTB 2358-ES\",\"sameAs\":[\"https:\/\/jornalfatosenoticias.com.br\"],\"url\":\"https:\/\/jornalfatosenoticias.com.br\/index.php\/author\/luzimara\/\"}]}<\/script>\n<!-- \/ Yoast SEO plugin. -->","yoast_head_json":{"title":"Cidade capixaba \u00e9 a 1.\u00aa do mundo a reconhecer ondas do mar como seres vivos - Jornal Fatos e Not\u00edcias","robots":{"index":"index","follow":"follow","max-snippet":"max-snippet:-1","max-image-preview":"max-image-preview:large","max-video-preview":"max-video-preview:-1"},"canonical":"https:\/\/jornalfatosenoticias.com.br\/index.php\/2024\/10\/21\/cidade-capixaba-e-a-1-a-do-mundo-a-reconhecer-ondas-do-mar-como-seres-vivos\/","og_locale":"pt_BR","og_type":"article","og_title":"Cidade capixaba \u00e9 a 1.\u00aa do mundo a reconhecer ondas do mar como seres vivos - Jornal Fatos e Not\u00edcias","og_description":"A ambientalista Vanessa Hasson foi a respons\u00e1vel por viabilizar o projeto de lei ap\u00f3s extensas reuni\u00f5es com surfistas e moradores da cidade capixaba Por Pablo Nogueira Em agosto deste ano, a cidade de Linhares, no Esp\u00edrito Santo, se tornou a primeira do mundo a conceder direitos legais \u00e0s ondas do mar, sendo reconhecidas como seres [&hellip;]","og_url":"https:\/\/jornalfatosenoticias.com.br\/index.php\/2024\/10\/21\/cidade-capixaba-e-a-1-a-do-mundo-a-reconhecer-ondas-do-mar-como-seres-vivos\/","og_site_name":"Jornal Fatos e Not\u00edcias","article_published_time":"2024-10-21T11:40:09+00:00","article_modified_time":"2024-10-21T11:40:10+00:00","og_image":[{"width":1000,"height":562,"url":"https:\/\/jornalfatosenoticias.com.br\/wp-content\/uploads\/2024\/10\/onda-do-mar_Unsplash.jpg","type":"image\/jpeg"}],"author":"Luzimara Fernandes","twitter_card":"summary_large_image","twitter_misc":{"Escrito por":"Luzimara Fernandes","Est. tempo de leitura":"2 minutos"},"schema":{"@context":"https:\/\/schema.org","@graph":[{"@type":"Article","@id":"https:\/\/jornalfatosenoticias.com.br\/index.php\/2024\/10\/21\/cidade-capixaba-e-a-1-a-do-mundo-a-reconhecer-ondas-do-mar-como-seres-vivos\/#article","isPartOf":{"@id":"https:\/\/jornalfatosenoticias.com.br\/index.php\/2024\/10\/21\/cidade-capixaba-e-a-1-a-do-mundo-a-reconhecer-ondas-do-mar-como-seres-vivos\/"},"author":{"name":"Luzimara Fernandes","@id":"https:\/\/jornalfatosenoticias.com.br\/#\/schema\/person\/d63837fa13ac8666eb9e74e0985d6f81"},"headline":"Cidade capixaba \u00e9 a 1.\u00aa do mundo a reconhecer ondas do mar como seres vivos","datePublished":"2024-10-21T11:40:09+00:00","dateModified":"2024-10-21T11:40:10+00:00","mainEntityOfPage":{"@id":"https:\/\/jornalfatosenoticias.com.br\/index.php\/2024\/10\/21\/cidade-capixaba-e-a-1-a-do-mundo-a-reconhecer-ondas-do-mar-como-seres-vivos\/"},"wordCount":492,"commentCount":0,"publisher":{"@id":"https:\/\/jornalfatosenoticias.com.br\/#organization"},"image":{"@id":"https:\/\/jornalfatosenoticias.com.br\/index.php\/2024\/10\/21\/cidade-capixaba-e-a-1-a-do-mundo-a-reconhecer-ondas-do-mar-como-seres-vivos\/#primaryimage"},"thumbnailUrl":"https:\/\/jornalfatosenoticias.com.br\/wp-content\/uploads\/2024\/10\/onda-do-mar_Unsplash.jpg","keywords":["barragem de Mariana","desastre ambiental","Esp\u00edrito Santo","onda do mar","prote\u00e7\u00e3o ambiental","Rio Doce"],"articleSection":["Meio ambiente"],"inLanguage":"pt-BR","potentialAction":[{"@type":"CommentAction","name":"Comment","target":["https:\/\/jornalfatosenoticias.com.br\/index.php\/2024\/10\/21\/cidade-capixaba-e-a-1-a-do-mundo-a-reconhecer-ondas-do-mar-como-seres-vivos\/#respond"]}]},{"@type":"WebPage","@id":"https:\/\/jornalfatosenoticias.com.br\/index.php\/2024\/10\/21\/cidade-capixaba-e-a-1-a-do-mundo-a-reconhecer-ondas-do-mar-como-seres-vivos\/","url":"https:\/\/jornalfatosenoticias.com.br\/index.php\/2024\/10\/21\/cidade-capixaba-e-a-1-a-do-mundo-a-reconhecer-ondas-do-mar-como-seres-vivos\/","name":"Cidade capixaba \u00e9 a 1.\u00aa do mundo a reconhecer ondas do mar como seres vivos - Jornal Fatos e Not\u00edcias","isPartOf":{"@id":"https:\/\/jornalfatosenoticias.com.br\/#website"},"primaryImageOfPage":{"@id":"https:\/\/jornalfatosenoticias.com.br\/index.php\/2024\/10\/21\/cidade-capixaba-e-a-1-a-do-mundo-a-reconhecer-ondas-do-mar-como-seres-vivos\/#primaryimage"},"image":{"@id":"https:\/\/jornalfatosenoticias.com.br\/index.php\/2024\/10\/21\/cidade-capixaba-e-a-1-a-do-mundo-a-reconhecer-ondas-do-mar-como-seres-vivos\/#primaryimage"},"thumbnailUrl":"https:\/\/jornalfatosenoticias.com.br\/wp-content\/uploads\/2024\/10\/onda-do-mar_Unsplash.jpg","datePublished":"2024-10-21T11:40:09+00:00","dateModified":"2024-10-21T11:40:10+00:00","breadcrumb":{"@id":"https:\/\/jornalfatosenoticias.com.br\/index.php\/2024\/10\/21\/cidade-capixaba-e-a-1-a-do-mundo-a-reconhecer-ondas-do-mar-como-seres-vivos\/#breadcrumb"},"inLanguage":"pt-BR","potentialAction":[{"@type":"ReadAction","target":["https:\/\/jornalfatosenoticias.com.br\/index.php\/2024\/10\/21\/cidade-capixaba-e-a-1-a-do-mundo-a-reconhecer-ondas-do-mar-como-seres-vivos\/"]}]},{"@type":"ImageObject","inLanguage":"pt-BR","@id":"https:\/\/jornalfatosenoticias.com.br\/index.php\/2024\/10\/21\/cidade-capixaba-e-a-1-a-do-mundo-a-reconhecer-ondas-do-mar-como-seres-vivos\/#primaryimage","url":"https:\/\/jornalfatosenoticias.com.br\/wp-content\/uploads\/2024\/10\/onda-do-mar_Unsplash.jpg","contentUrl":"https:\/\/jornalfatosenoticias.com.br\/wp-content\/uploads\/2024\/10\/onda-do-mar_Unsplash.jpg","width":1000,"height":562},{"@type":"BreadcrumbList","@id":"https:\/\/jornalfatosenoticias.com.br\/index.php\/2024\/10\/21\/cidade-capixaba-e-a-1-a-do-mundo-a-reconhecer-ondas-do-mar-como-seres-vivos\/#breadcrumb","itemListElement":[{"@type":"ListItem","position":1,"name":"In\u00edcio","item":"https:\/\/jornalfatosenoticias.com.br\/"},{"@type":"ListItem","position":2,"name":"Cidade capixaba \u00e9 a 1.\u00aa do mundo a reconhecer ondas do mar como seres vivos"}]},{"@type":"WebSite","@id":"https:\/\/jornalfatosenoticias.com.br\/#website","url":"https:\/\/jornalfatosenoticias.com.br\/","name":"Jornal Fatos e Not\u00edcias","description":"Not\u00edcias em geral","publisher":{"@id":"https:\/\/jornalfatosenoticias.com.br\/#organization"},"potentialAction":[{"@type":"SearchAction","target":{"@type":"EntryPoint","urlTemplate":"https:\/\/jornalfatosenoticias.com.br\/?s={search_term_string}"},"query-input":{"@type":"PropertyValueSpecification","valueRequired":true,"valueName":"search_term_string"}}],"inLanguage":"pt-BR"},{"@type":"Organization","@id":"https:\/\/jornalfatosenoticias.com.br\/#organization","name":"Jornal Fatos e Not\u00edcias","url":"https:\/\/jornalfatosenoticias.com.br\/","logo":{"@type":"ImageObject","inLanguage":"pt-BR","@id":"https:\/\/jornalfatosenoticias.com.br\/#\/schema\/logo\/image\/","url":"https:\/\/jornalfatosenoticias.com.br\/wp-content\/uploads\/2020\/02\/logo120.png","contentUrl":"https:\/\/jornalfatosenoticias.com.br\/wp-content\/uploads\/2020\/02\/logo120.png","width":1227,"height":120,"caption":"Jornal Fatos e Not\u00edcias"},"image":{"@id":"https:\/\/jornalfatosenoticias.com.br\/#\/schema\/logo\/image\/"}},{"@type":"Person","@id":"https:\/\/jornalfatosenoticias.com.br\/#\/schema\/person\/d63837fa13ac8666eb9e74e0985d6f81","name":"Luzimara Fernandes","image":{"@type":"ImageObject","inLanguage":"pt-BR","@id":"https:\/\/jornalfatosenoticias.com.br\/#\/schema\/person\/image\/","url":"https:\/\/jornalfatosenoticias.com.br\/wp-content\/uploads\/2025\/05\/EU_portal.jpg","contentUrl":"https:\/\/jornalfatosenoticias.com.br\/wp-content\/uploads\/2025\/05\/EU_portal.jpg","caption":"Luzimara Fernandes"},"description":"Jornalista MTB 2358-ES","sameAs":["https:\/\/jornalfatosenoticias.com.br"],"url":"https:\/\/jornalfatosenoticias.com.br\/index.php\/author\/luzimara\/"}]}},"cc_featured_image_caption":{"caption_text":"(Foto: Unsplash) ","source_text":"","source_url":""},"jetpack_featured_media_url":"https:\/\/jornalfatosenoticias.com.br\/wp-content\/uploads\/2024\/10\/onda-do-mar_Unsplash.jpg","_links":{"self":[{"href":"https:\/\/jornalfatosenoticias.com.br\/index.php\/wp-json\/wp\/v2\/posts\/55060","targetHints":{"allow":["GET"]}}],"collection":[{"href":"https:\/\/jornalfatosenoticias.com.br\/index.php\/wp-json\/wp\/v2\/posts"}],"about":[{"href":"https:\/\/jornalfatosenoticias.com.br\/index.php\/wp-json\/wp\/v2\/types\/post"}],"author":[{"embeddable":true,"href":"https:\/\/jornalfatosenoticias.com.br\/index.php\/wp-json\/wp\/v2\/users\/2"}],"replies":[{"embeddable":true,"href":"https:\/\/jornalfatosenoticias.com.br\/index.php\/wp-json\/wp\/v2\/comments?post=55060"}],"version-history":[{"count":0,"href":"https:\/\/jornalfatosenoticias.com.br\/index.php\/wp-json\/wp\/v2\/posts\/55060\/revisions"}],"wp:featuredmedia":[{"embeddable":true,"href":"https:\/\/jornalfatosenoticias.com.br\/index.php\/wp-json\/wp\/v2\/media\/55062"}],"wp:attachment":[{"href":"https:\/\/jornalfatosenoticias.com.br\/index.php\/wp-json\/wp\/v2\/media?parent=55060"}],"wp:term":[{"taxonomy":"category","embeddable":true,"href":"https:\/\/jornalfatosenoticias.com.br\/index.php\/wp-json\/wp\/v2\/categories?post=55060"},{"taxonomy":"post_tag","embeddable":true,"href":"https:\/\/jornalfatosenoticias.com.br\/index.php\/wp-json\/wp\/v2\/tags?post=55060"}],"curies":[{"name":"wp","href":"https:\/\/api.w.org\/{rel}","templated":true}]}}