{"id":55083,"date":"2024-10-21T16:53:42","date_gmt":"2024-10-21T19:53:42","guid":{"rendered":"https:\/\/jornalfatosenoticias.com.br\/?p=55083"},"modified":"2024-10-21T16:53:43","modified_gmt":"2024-10-21T19:53:43","slug":"senador-apresenta-pec-para-retirar-ministros-do-stf-do-tse","status":"publish","type":"post","link":"https:\/\/jornalfatosenoticias.com.br\/index.php\/2024\/10\/21\/senador-apresenta-pec-para-retirar-ministros-do-stf-do-tse\/","title":{"rendered":"Senador apresenta PEC para retirar ministros do STF do TSE"},"content":{"rendered":"\n<p><em><span class=\"has-inline-color has-black-color\">Senador M\u00e1rcio Bittar (Uni\u00e3o-AC)<\/span><\/em><\/p>\n\n\n\n<p><span class=\"has-inline-color has-black-color\">Por <strong><a href=\"https:\/\/www.gazetadopovo.com.br\/autor\/ana-carolina-curvello\/\">Ana Carolina Curvello<\/a><\/strong><\/span><\/p>\n\n\n\n<div class=\"wp-block-image\"><figure class=\"aligncenter size-large\"><a href=\"https:\/\/mizu.com.br\/\"><img loading=\"lazy\" decoding=\"async\" width=\"729\" height=\"90\" src=\"https:\/\/jornalfatosenoticias.com.br\/wp-content\/uploads\/2020\/02\/Logo_Mizu.png\" alt=\"\" class=\"wp-image-1441\" srcset=\"https:\/\/jornalfatosenoticias.com.br\/wp-content\/uploads\/2020\/02\/Logo_Mizu.png 729w, https:\/\/jornalfatosenoticias.com.br\/wp-content\/uploads\/2020\/02\/Logo_Mizu-300x37.png 300w\" sizes=\"auto, (max-width: 729px) 100vw, 729px\" \/><\/a><\/figure><\/div>\n\n\n\n<p>O senador M\u00e1rcio Bittar (Uni\u00e3o-AC) protocolou uma Proposta de Emenda \u00e0 Constitui\u00e7\u00e3o que visa alterar a composi\u00e7\u00e3o do Tribunal Superior Eleitoral (TSE), modificando o artigo 119 da Constitui\u00e7\u00e3o Federal. Para ser protocolada, a PEC teve o apoio de no m\u00ednimo, 27 senadores (veja abaixo).<br>O objetivo central da PEC, segundo Bittar, \u00e9 garantir uma maior diversidade na escolha dos membros do TSE, al\u00e9m de resolver quest\u00f5es relacionadas \u00e0 independ\u00eancia dos Ministros do Supremo Tribunal Federal (STF) ao julgar casos nos quais j\u00e1 atuaram em inst\u00e2ncias inferiores. Atualmente, o TSE \u00e9 composto por tr\u00eas ministros do STF, dois do Superior Tribunal de Justi\u00e7a (STJ) e dois advogados nomeados pelo Presidente da Rep\u00fablica.<\/p>\n\n\n\n<div class=\"wp-block-image\"><figure class=\"aligncenter size-large is-resized\"><a href=\"https:\/\/www.ithbrasil.com.br\/\"><img loading=\"lazy\" decoding=\"async\" src=\"https:\/\/jornalfatosenoticias.com.br\/wp-content\/uploads\/2023\/08\/ITH.jpeg\" alt=\"\" class=\"wp-image-44638\" width=\"302\" height=\"245\" srcset=\"https:\/\/jornalfatosenoticias.com.br\/wp-content\/uploads\/2023\/08\/ITH.jpeg 800w, https:\/\/jornalfatosenoticias.com.br\/wp-content\/uploads\/2023\/08\/ITH-300x244.jpeg 300w, https:\/\/jornalfatosenoticias.com.br\/wp-content\/uploads\/2023\/08\/ITH-768x624.jpeg 768w\" sizes=\"auto, (max-width: 302px) 100vw, 302px\" \/><\/a><\/figure><\/div>\n\n\n\n<h3 class=\"wp-block-heading\"><span class=\"has-inline-color has-black-color\">A PEC sugere que o TSE seja formado por:<\/span><\/h3>\n\n\n\n<ul class=\"wp-block-list\"><li>dois ministros do STJ;<\/li><li>um advogado nomeado pelo presidente da Rep\u00fablica, a partir de uma lista tr\u00edplice da OAB;<\/li><li>Quatro cidad\u00e3os de not\u00e1vel saber jur\u00eddico e idoneidade moral, escolhidos pela C\u00e2mara dos Deputados e pelo Senado Federal.<\/li><\/ul>\n\n\n\n<div class=\"wp-block-image\"><figure class=\"aligncenter size-large is-resized\"><a href=\"https:\/\/www.legisjuris.com.br\/\"><img loading=\"lazy\" decoding=\"async\" src=\"https:\/\/jornalfatosenoticias.com.br\/wp-content\/uploads\/2024\/09\/Legis-Juris-Consultoria_logo.jpg\" alt=\"\" class=\"wp-image-53915\" width=\"411\" height=\"172\" srcset=\"https:\/\/jornalfatosenoticias.com.br\/wp-content\/uploads\/2024\/09\/Legis-Juris-Consultoria_logo.jpg 969w, https:\/\/jornalfatosenoticias.com.br\/wp-content\/uploads\/2024\/09\/Legis-Juris-Consultoria_logo-300x126.jpg 300w, https:\/\/jornalfatosenoticias.com.br\/wp-content\/uploads\/2024\/09\/Legis-Juris-Consultoria_logo-768x322.jpg 768w\" sizes=\"auto, (max-width: 411px) 100vw, 411px\" \/><\/a><\/figure><\/div>\n\n\n\n<p>Na justificativa da proposta, Bittar cita que o modelo atual, estabelecido desde o C\u00f3digo Eleitoral de 1932, \u00e9 &#8220;ultrapassado&#8221; e &#8220;n\u00e3o reflete adequadamente a independ\u00eancia e a diversidade que se espera da Justi\u00e7a Eleitoral&#8221;.<\/p>\n\n\n\n<blockquote class=\"wp-block-quote is-layout-flow wp-block-quote-is-layout-flow\"><p><span class=\"has-inline-color has-luminous-vivid-orange-color\">A altera\u00e7\u00e3o visa evitar que ministros do STF atuem em duas inst\u00e2ncias em um mesmo caso, aumentando a imparcialidade e a transpar\u00eancia do processo eleitoral&#8221;, explica o senador.<\/span><\/p><\/blockquote>\n\n\n\n<div class=\"wp-block-image\"><figure class=\"aligncenter size-large is-resized\"><a href=\"https:\/\/www.controlsystems.com.br\/\"><img loading=\"lazy\" decoding=\"async\" src=\"https:\/\/jornalfatosenoticias.com.br\/wp-content\/uploads\/2020\/02\/CONTROL-CS.jpg\" alt=\"\" class=\"wp-image-44991\" width=\"269\" height=\"322\" srcset=\"https:\/\/jornalfatosenoticias.com.br\/wp-content\/uploads\/2020\/02\/CONTROL-CS.jpg 834w, https:\/\/jornalfatosenoticias.com.br\/wp-content\/uploads\/2020\/02\/CONTROL-CS-250x300.jpg 250w, https:\/\/jornalfatosenoticias.com.br\/wp-content\/uploads\/2020\/02\/CONTROL-CS-768x921.jpg 768w\" sizes=\"auto, (max-width: 269px) 100vw, 269px\" \/><\/a><\/figure><\/div>\n\n\n\n<p>Bittar ainda refor\u00e7a que &#8220;a inclus\u00e3o de membros indicados pelo Legislativo busca democratizar a escolha dos integrantes do TSE&#8221;. Segundo ele, a mudan\u00e7a na composi\u00e7\u00e3o visa resolver &#8220;o problema de potenciais conflitos de interesse dos ministros do STF que atuam no TSE e, posteriormente, julgam recursos relacionados ao mesmo processo no STF&#8221;.<\/p>\n\n\n\n<div class=\"wp-block-image\"><figure class=\"aligncenter size-large\"><a href=\"http:\/\/www.ferrarimaquinas.com.br\/\"><img loading=\"lazy\" decoding=\"async\" width=\"300\" height=\"250\" src=\"https:\/\/jornalfatosenoticias.com.br\/wp-content\/uploads\/2022\/02\/FERRARI_MAQUINAS-E-FERRAMENTAS2.jpg\" alt=\"\" class=\"wp-image-27860\"\/><\/a><\/figure><\/div>\n\n\n\n<p>Ao ser protocolada, a PEC \u00e9 encaminhada \u00e0 CCJ, onde sua constitucionalidade, juridicidade e t\u00e9cnica legislativa s\u00e3o avaliadas. Se a CCJ rejeitar a PEC, ela \u00e9 arquivada, a n\u00e3o ser que um recurso para levar ao Plen\u00e1rio seja aprovado. Se a CCJ aprovar, a PEC segue para o Plen\u00e1rio.<\/p>\n\n\n\n<div class=\"wp-block-image\"><figure class=\"aligncenter size-large is-resized\"><a href=\"https:\/\/www.instagram.com\/serra4x4cambioautomatico\/\"><img loading=\"lazy\" decoding=\"async\" src=\"https:\/\/jornalfatosenoticias.com.br\/wp-content\/uploads\/2024\/08\/Serra-4x4-1-886x1024.jpg\" alt=\"\" class=\"wp-image-53632\" width=\"314\" height=\"363\" srcset=\"https:\/\/jornalfatosenoticias.com.br\/wp-content\/uploads\/2024\/08\/Serra-4x4-1-886x1024.jpg 886w, https:\/\/jornalfatosenoticias.com.br\/wp-content\/uploads\/2024\/08\/Serra-4x4-1-260x300.jpg 260w, https:\/\/jornalfatosenoticias.com.br\/wp-content\/uploads\/2024\/08\/Serra-4x4-1-768x888.jpg 768w, https:\/\/jornalfatosenoticias.com.br\/wp-content\/uploads\/2024\/08\/Serra-4x4-1.jpg 1181w\" sizes=\"auto, (max-width: 314px) 100vw, 314px\" \/><\/a><\/figure><\/div>\n\n\n\n<p>No Plen\u00e1rio, a PEC \u00e9 discutida em dois turnos de vota\u00e7\u00e3o. Para ser aprovada, \u00e9 necess\u00e1rio o voto favor\u00e1vel de tr\u00eas quintos dos senadores (49 votos), em cada turno. Se for aprovada, segue para tramita\u00e7\u00e3o na C\u00e2mara dos Deputados.<\/p>\n\n\n\n<div class=\"wp-block-image\"><figure class=\"aligncenter size-large is-resized\"><a href=\"https:\/\/hotelmarquetti.com.br\/\"><img loading=\"lazy\" decoding=\"async\" src=\"https:\/\/jornalfatosenoticias.com.br\/wp-content\/uploads\/2023\/03\/nova-logo-Marquetti.jpg\" alt=\"\" class=\"wp-image-40207\" width=\"310\" height=\"208\" srcset=\"https:\/\/jornalfatosenoticias.com.br\/wp-content\/uploads\/2023\/03\/nova-logo-Marquetti.jpg 643w, https:\/\/jornalfatosenoticias.com.br\/wp-content\/uploads\/2023\/03\/nova-logo-Marquetti-300x202.jpg 300w\" sizes=\"auto, (max-width: 310px) 100vw, 310px\" \/><\/a><\/figure><\/div>\n\n\n\n<h3 class=\"wp-block-heading\"><span class=\"has-inline-color has-black-color\">Veja a lista dos senadores que assinaram a PEC:<\/span><\/h3>\n\n\n\n<ol class=\"wp-block-list\"><li>Sen. Pl\u00ednio Val\u00e9rio<\/li><li>Sen. Damares Alves<\/li><li>Sen. Styvenson Valentim<\/li><li>Sen. Jaime Bagattoli<\/li><li>Sen. Hamilton Mour\u00e3o<\/li><li>Sen. Izalci Lucas<\/li><li>Sen. M\u00e1rcio Bittar<\/li><li>Sen. Fl\u00e1vio Azevedo<\/li><li>Sen. Fl\u00e1vio Bolsonaro<\/li><li>Sen. Jorge Seif<\/li><li>Sen. Marcos Rog\u00e9rio<\/li><li>Sen. Mecias de Jesus<\/li><li>Sen. Magno Malta<\/li><li>Sen. Esperidi\u00e3o Amin<\/li><li>Sen. Cleitinho<\/li><li>Sen. Rosana Martinelli<\/li><li>Sen. Alan Rick<\/li><li>Sen. Nelsinho Trad<\/li><li>Sen. Marcos do Val<\/li><li>Sen. Eduardo Gir\u00e3o<\/li><li>Sen. S\u00e9rgio Moro<\/li><li>Sen. Eduardo Gomes<\/li><li>Sen. Professora Dorinha Seabra<\/li><li>Sen. Lu\u00eds Carlos Heinze<\/li><li>Sen. Rog\u00e9rio Marinho<\/li><li>Sen. Astronauta Marcos Pontes<\/li><li>Sen. Carlos Portinho<\/li><li>Sen. Zequinha Marinho<\/li><\/ol>\n\n\n\n<div class=\"wp-block-image\"><figure class=\"aligncenter size-large is-resized\"><a href=\"https:\/\/www.facebook.com\/vetor.vix\/\"><img loading=\"lazy\" decoding=\"async\" src=\"https:\/\/jornalfatosenoticias.com.br\/wp-content\/uploads\/2023\/09\/vetorvix1024_1.jpg\" alt=\"\" class=\"wp-image-44868\" width=\"539\" height=\"143\" srcset=\"https:\/\/jornalfatosenoticias.com.br\/wp-content\/uploads\/2023\/09\/vetorvix1024_1.jpg 1024w, https:\/\/jornalfatosenoticias.com.br\/wp-content\/uploads\/2023\/09\/vetorvix1024_1-300x80.jpg 300w, https:\/\/jornalfatosenoticias.com.br\/wp-content\/uploads\/2023\/09\/vetorvix1024_1-768x205.jpg 768w\" sizes=\"auto, (max-width: 539px) 100vw, 539px\" \/><\/a><\/figure><\/div>\n\n\n\n<p><strong><em>Fonte: <a href=\"https:\/\/www.gazetadopovo.com.br\/republica\/senador-apresenta-pec-para-retirar-ministros-do-stf-do-tse\/\">Gazeta do Povo<\/a><\/em><\/strong><\/p>\n","protected":false},"excerpt":{"rendered":"<p>Senador M\u00e1rcio Bittar (Uni\u00e3o-AC) Por Ana Carolina Curvello O senador M\u00e1rcio Bittar (Uni\u00e3o-AC) protocolou uma Proposta de Emenda \u00e0 Constitui\u00e7\u00e3o que visa alterar a composi\u00e7\u00e3o do Tribunal Superior Eleitoral (TSE), modificando o artigo 119 da Constitui\u00e7\u00e3o Federal. Para ser protocolada, a PEC teve o apoio de no m\u00ednimo, 27 senadores (veja abaixo).O objetivo central da [&hellip;]<\/p>\n","protected":false},"author":2,"featured_media":55084,"comment_status":"open","ping_status":"open","sticky":false,"template":"","format":"standard","meta":{"footnotes":""},"categories":[10],"tags":[1345,25108,486,294,1514],"class_list":["post-55083","post","type-post","status-publish","format-standard","has-post-thumbnail","hentry","category-politica","tag-justica","tag-marcio-bittar","tag-senado","tag-stf","tag-tse"],"yoast_head":"<!-- This site is optimized with the Yoast SEO plugin v26.5 - https:\/\/yoast.com\/wordpress\/plugins\/seo\/ -->\n<title>Senador apresenta PEC para retirar ministros do STF do TSE - Jornal Fatos e Not\u00edcias<\/title>\n<meta name=\"robots\" content=\"index, follow, max-snippet:-1, max-image-preview:large, max-video-preview:-1\" \/>\n<link rel=\"canonical\" href=\"https:\/\/jornalfatosenoticias.com.br\/index.php\/2024\/10\/21\/senador-apresenta-pec-para-retirar-ministros-do-stf-do-tse\/\" \/>\n<meta property=\"og:locale\" content=\"pt_BR\" \/>\n<meta property=\"og:type\" content=\"article\" \/>\n<meta property=\"og:title\" content=\"Senador apresenta PEC para retirar ministros do STF do TSE - Jornal Fatos e Not\u00edcias\" \/>\n<meta property=\"og:description\" content=\"Senador M\u00e1rcio Bittar (Uni\u00e3o-AC) Por Ana Carolina Curvello O senador M\u00e1rcio Bittar (Uni\u00e3o-AC) protocolou uma Proposta de Emenda \u00e0 Constitui\u00e7\u00e3o que visa alterar a composi\u00e7\u00e3o do Tribunal Superior Eleitoral (TSE), modificando o artigo 119 da Constitui\u00e7\u00e3o Federal. Para ser protocolada, a PEC teve o apoio de no m\u00ednimo, 27 senadores (veja abaixo).O objetivo central da [&hellip;]\" \/>\n<meta property=\"og:url\" content=\"https:\/\/jornalfatosenoticias.com.br\/index.php\/2024\/10\/21\/senador-apresenta-pec-para-retirar-ministros-do-stf-do-tse\/\" \/>\n<meta property=\"og:site_name\" content=\"Jornal Fatos e Not\u00edcias\" \/>\n<meta property=\"article:published_time\" content=\"2024-10-21T19:53:42+00:00\" \/>\n<meta property=\"article:modified_time\" content=\"2024-10-21T19:53:43+00:00\" \/>\n<meta property=\"og:image\" content=\"https:\/\/jornalfatosenoticias.com.br\/wp-content\/uploads\/2024\/10\/marcio-bittar.jpg\" \/>\n\t<meta property=\"og:image:width\" content=\"960\" \/>\n\t<meta property=\"og:image:height\" content=\"540\" \/>\n\t<meta property=\"og:image:type\" content=\"image\/jpeg\" \/>\n<meta name=\"author\" content=\"Luzimara Fernandes\" \/>\n<meta name=\"twitter:card\" content=\"summary_large_image\" \/>\n<meta name=\"twitter:label1\" content=\"Escrito por\" \/>\n\t<meta name=\"twitter:data1\" content=\"Luzimara Fernandes\" \/>\n\t<meta name=\"twitter:label2\" content=\"Est. tempo de leitura\" \/>\n\t<meta name=\"twitter:data2\" content=\"2 minutos\" \/>\n<script type=\"application\/ld+json\" class=\"yoast-schema-graph\">{\"@context\":\"https:\/\/schema.org\",\"@graph\":[{\"@type\":\"Article\",\"@id\":\"https:\/\/jornalfatosenoticias.com.br\/index.php\/2024\/10\/21\/senador-apresenta-pec-para-retirar-ministros-do-stf-do-tse\/#article\",\"isPartOf\":{\"@id\":\"https:\/\/jornalfatosenoticias.com.br\/index.php\/2024\/10\/21\/senador-apresenta-pec-para-retirar-ministros-do-stf-do-tse\/\"},\"author\":{\"name\":\"Luzimara Fernandes\",\"@id\":\"https:\/\/jornalfatosenoticias.com.br\/#\/schema\/person\/d63837fa13ac8666eb9e74e0985d6f81\"},\"headline\":\"Senador apresenta PEC para retirar ministros do STF do TSE\",\"datePublished\":\"2024-10-21T19:53:42+00:00\",\"dateModified\":\"2024-10-21T19:53:43+00:00\",\"mainEntityOfPage\":{\"@id\":\"https:\/\/jornalfatosenoticias.com.br\/index.php\/2024\/10\/21\/senador-apresenta-pec-para-retirar-ministros-do-stf-do-tse\/\"},\"wordCount\":520,\"commentCount\":0,\"publisher\":{\"@id\":\"https:\/\/jornalfatosenoticias.com.br\/#organization\"},\"image\":{\"@id\":\"https:\/\/jornalfatosenoticias.com.br\/index.php\/2024\/10\/21\/senador-apresenta-pec-para-retirar-ministros-do-stf-do-tse\/#primaryimage\"},\"thumbnailUrl\":\"https:\/\/jornalfatosenoticias.com.br\/wp-content\/uploads\/2024\/10\/marcio-bittar.jpg\",\"keywords\":[\"justi\u00e7a\",\"M\u00e1rcio Bittar\",\"Senado\",\"STF\",\"TSE\"],\"articleSection\":[\"Pol\u00edtica\"],\"inLanguage\":\"pt-BR\",\"potentialAction\":[{\"@type\":\"CommentAction\",\"name\":\"Comment\",\"target\":[\"https:\/\/jornalfatosenoticias.com.br\/index.php\/2024\/10\/21\/senador-apresenta-pec-para-retirar-ministros-do-stf-do-tse\/#respond\"]}]},{\"@type\":\"WebPage\",\"@id\":\"https:\/\/jornalfatosenoticias.com.br\/index.php\/2024\/10\/21\/senador-apresenta-pec-para-retirar-ministros-do-stf-do-tse\/\",\"url\":\"https:\/\/jornalfatosenoticias.com.br\/index.php\/2024\/10\/21\/senador-apresenta-pec-para-retirar-ministros-do-stf-do-tse\/\",\"name\":\"Senador apresenta PEC para retirar ministros do STF do TSE - Jornal Fatos e Not\u00edcias\",\"isPartOf\":{\"@id\":\"https:\/\/jornalfatosenoticias.com.br\/#website\"},\"primaryImageOfPage\":{\"@id\":\"https:\/\/jornalfatosenoticias.com.br\/index.php\/2024\/10\/21\/senador-apresenta-pec-para-retirar-ministros-do-stf-do-tse\/#primaryimage\"},\"image\":{\"@id\":\"https:\/\/jornalfatosenoticias.com.br\/index.php\/2024\/10\/21\/senador-apresenta-pec-para-retirar-ministros-do-stf-do-tse\/#primaryimage\"},\"thumbnailUrl\":\"https:\/\/jornalfatosenoticias.com.br\/wp-content\/uploads\/2024\/10\/marcio-bittar.jpg\",\"datePublished\":\"2024-10-21T19:53:42+00:00\",\"dateModified\":\"2024-10-21T19:53:43+00:00\",\"breadcrumb\":{\"@id\":\"https:\/\/jornalfatosenoticias.com.br\/index.php\/2024\/10\/21\/senador-apresenta-pec-para-retirar-ministros-do-stf-do-tse\/#breadcrumb\"},\"inLanguage\":\"pt-BR\",\"potentialAction\":[{\"@type\":\"ReadAction\",\"target\":[\"https:\/\/jornalfatosenoticias.com.br\/index.php\/2024\/10\/21\/senador-apresenta-pec-para-retirar-ministros-do-stf-do-tse\/\"]}]},{\"@type\":\"ImageObject\",\"inLanguage\":\"pt-BR\",\"@id\":\"https:\/\/jornalfatosenoticias.com.br\/index.php\/2024\/10\/21\/senador-apresenta-pec-para-retirar-ministros-do-stf-do-tse\/#primaryimage\",\"url\":\"https:\/\/jornalfatosenoticias.com.br\/wp-content\/uploads\/2024\/10\/marcio-bittar.jpg\",\"contentUrl\":\"https:\/\/jornalfatosenoticias.com.br\/wp-content\/uploads\/2024\/10\/marcio-bittar.jpg\",\"width\":960,\"height\":540},{\"@type\":\"BreadcrumbList\",\"@id\":\"https:\/\/jornalfatosenoticias.com.br\/index.php\/2024\/10\/21\/senador-apresenta-pec-para-retirar-ministros-do-stf-do-tse\/#breadcrumb\",\"itemListElement\":[{\"@type\":\"ListItem\",\"position\":1,\"name\":\"In\u00edcio\",\"item\":\"https:\/\/jornalfatosenoticias.com.br\/\"},{\"@type\":\"ListItem\",\"position\":2,\"name\":\"Senador apresenta PEC para retirar ministros do STF do TSE\"}]},{\"@type\":\"WebSite\",\"@id\":\"https:\/\/jornalfatosenoticias.com.br\/#website\",\"url\":\"https:\/\/jornalfatosenoticias.com.br\/\",\"name\":\"Jornal Fatos e Not\u00edcias\",\"description\":\"Not\u00edcias em geral\",\"publisher\":{\"@id\":\"https:\/\/jornalfatosenoticias.com.br\/#organization\"},\"potentialAction\":[{\"@type\":\"SearchAction\",\"target\":{\"@type\":\"EntryPoint\",\"urlTemplate\":\"https:\/\/jornalfatosenoticias.com.br\/?s={search_term_string}\"},\"query-input\":{\"@type\":\"PropertyValueSpecification\",\"valueRequired\":true,\"valueName\":\"search_term_string\"}}],\"inLanguage\":\"pt-BR\"},{\"@type\":\"Organization\",\"@id\":\"https:\/\/jornalfatosenoticias.com.br\/#organization\",\"name\":\"Jornal Fatos e Not\u00edcias\",\"url\":\"https:\/\/jornalfatosenoticias.com.br\/\",\"logo\":{\"@type\":\"ImageObject\",\"inLanguage\":\"pt-BR\",\"@id\":\"https:\/\/jornalfatosenoticias.com.br\/#\/schema\/logo\/image\/\",\"url\":\"https:\/\/jornalfatosenoticias.com.br\/wp-content\/uploads\/2020\/02\/logo120.png\",\"contentUrl\":\"https:\/\/jornalfatosenoticias.com.br\/wp-content\/uploads\/2020\/02\/logo120.png\",\"width\":1227,\"height\":120,\"caption\":\"Jornal Fatos e Not\u00edcias\"},\"image\":{\"@id\":\"https:\/\/jornalfatosenoticias.com.br\/#\/schema\/logo\/image\/\"}},{\"@type\":\"Person\",\"@id\":\"https:\/\/jornalfatosenoticias.com.br\/#\/schema\/person\/d63837fa13ac8666eb9e74e0985d6f81\",\"name\":\"Luzimara Fernandes\",\"image\":{\"@type\":\"ImageObject\",\"inLanguage\":\"pt-BR\",\"@id\":\"https:\/\/jornalfatosenoticias.com.br\/#\/schema\/person\/image\/\",\"url\":\"https:\/\/jornalfatosenoticias.com.br\/wp-content\/uploads\/2025\/05\/EU_portal.jpg\",\"contentUrl\":\"https:\/\/jornalfatosenoticias.com.br\/wp-content\/uploads\/2025\/05\/EU_portal.jpg\",\"caption\":\"Luzimara Fernandes\"},\"description\":\"Jornalista MTB 2358-ES\",\"sameAs\":[\"https:\/\/jornalfatosenoticias.com.br\"],\"url\":\"https:\/\/jornalfatosenoticias.com.br\/index.php\/author\/luzimara\/\"}]}<\/script>\n<!-- \/ Yoast SEO plugin. -->","yoast_head_json":{"title":"Senador apresenta PEC para retirar ministros do STF do TSE - Jornal Fatos e Not\u00edcias","robots":{"index":"index","follow":"follow","max-snippet":"max-snippet:-1","max-image-preview":"max-image-preview:large","max-video-preview":"max-video-preview:-1"},"canonical":"https:\/\/jornalfatosenoticias.com.br\/index.php\/2024\/10\/21\/senador-apresenta-pec-para-retirar-ministros-do-stf-do-tse\/","og_locale":"pt_BR","og_type":"article","og_title":"Senador apresenta PEC para retirar ministros do STF do TSE - Jornal Fatos e Not\u00edcias","og_description":"Senador M\u00e1rcio Bittar (Uni\u00e3o-AC) Por Ana Carolina Curvello O senador M\u00e1rcio Bittar (Uni\u00e3o-AC) protocolou uma Proposta de Emenda \u00e0 Constitui\u00e7\u00e3o que visa alterar a composi\u00e7\u00e3o do Tribunal Superior Eleitoral (TSE), modificando o artigo 119 da Constitui\u00e7\u00e3o Federal. Para ser protocolada, a PEC teve o apoio de no m\u00ednimo, 27 senadores (veja abaixo).O objetivo central da [&hellip;]","og_url":"https:\/\/jornalfatosenoticias.com.br\/index.php\/2024\/10\/21\/senador-apresenta-pec-para-retirar-ministros-do-stf-do-tse\/","og_site_name":"Jornal Fatos e Not\u00edcias","article_published_time":"2024-10-21T19:53:42+00:00","article_modified_time":"2024-10-21T19:53:43+00:00","og_image":[{"width":960,"height":540,"url":"https:\/\/jornalfatosenoticias.com.br\/wp-content\/uploads\/2024\/10\/marcio-bittar.jpg","type":"image\/jpeg"}],"author":"Luzimara Fernandes","twitter_card":"summary_large_image","twitter_misc":{"Escrito por":"Luzimara Fernandes","Est. tempo de leitura":"2 minutos"},"schema":{"@context":"https:\/\/schema.org","@graph":[{"@type":"Article","@id":"https:\/\/jornalfatosenoticias.com.br\/index.php\/2024\/10\/21\/senador-apresenta-pec-para-retirar-ministros-do-stf-do-tse\/#article","isPartOf":{"@id":"https:\/\/jornalfatosenoticias.com.br\/index.php\/2024\/10\/21\/senador-apresenta-pec-para-retirar-ministros-do-stf-do-tse\/"},"author":{"name":"Luzimara Fernandes","@id":"https:\/\/jornalfatosenoticias.com.br\/#\/schema\/person\/d63837fa13ac8666eb9e74e0985d6f81"},"headline":"Senador apresenta PEC para retirar ministros do STF do TSE","datePublished":"2024-10-21T19:53:42+00:00","dateModified":"2024-10-21T19:53:43+00:00","mainEntityOfPage":{"@id":"https:\/\/jornalfatosenoticias.com.br\/index.php\/2024\/10\/21\/senador-apresenta-pec-para-retirar-ministros-do-stf-do-tse\/"},"wordCount":520,"commentCount":0,"publisher":{"@id":"https:\/\/jornalfatosenoticias.com.br\/#organization"},"image":{"@id":"https:\/\/jornalfatosenoticias.com.br\/index.php\/2024\/10\/21\/senador-apresenta-pec-para-retirar-ministros-do-stf-do-tse\/#primaryimage"},"thumbnailUrl":"https:\/\/jornalfatosenoticias.com.br\/wp-content\/uploads\/2024\/10\/marcio-bittar.jpg","keywords":["justi\u00e7a","M\u00e1rcio Bittar","Senado","STF","TSE"],"articleSection":["Pol\u00edtica"],"inLanguage":"pt-BR","potentialAction":[{"@type":"CommentAction","name":"Comment","target":["https:\/\/jornalfatosenoticias.com.br\/index.php\/2024\/10\/21\/senador-apresenta-pec-para-retirar-ministros-do-stf-do-tse\/#respond"]}]},{"@type":"WebPage","@id":"https:\/\/jornalfatosenoticias.com.br\/index.php\/2024\/10\/21\/senador-apresenta-pec-para-retirar-ministros-do-stf-do-tse\/","url":"https:\/\/jornalfatosenoticias.com.br\/index.php\/2024\/10\/21\/senador-apresenta-pec-para-retirar-ministros-do-stf-do-tse\/","name":"Senador apresenta PEC para retirar ministros do STF do TSE - Jornal Fatos e Not\u00edcias","isPartOf":{"@id":"https:\/\/jornalfatosenoticias.com.br\/#website"},"primaryImageOfPage":{"@id":"https:\/\/jornalfatosenoticias.com.br\/index.php\/2024\/10\/21\/senador-apresenta-pec-para-retirar-ministros-do-stf-do-tse\/#primaryimage"},"image":{"@id":"https:\/\/jornalfatosenoticias.com.br\/index.php\/2024\/10\/21\/senador-apresenta-pec-para-retirar-ministros-do-stf-do-tse\/#primaryimage"},"thumbnailUrl":"https:\/\/jornalfatosenoticias.com.br\/wp-content\/uploads\/2024\/10\/marcio-bittar.jpg","datePublished":"2024-10-21T19:53:42+00:00","dateModified":"2024-10-21T19:53:43+00:00","breadcrumb":{"@id":"https:\/\/jornalfatosenoticias.com.br\/index.php\/2024\/10\/21\/senador-apresenta-pec-para-retirar-ministros-do-stf-do-tse\/#breadcrumb"},"inLanguage":"pt-BR","potentialAction":[{"@type":"ReadAction","target":["https:\/\/jornalfatosenoticias.com.br\/index.php\/2024\/10\/21\/senador-apresenta-pec-para-retirar-ministros-do-stf-do-tse\/"]}]},{"@type":"ImageObject","inLanguage":"pt-BR","@id":"https:\/\/jornalfatosenoticias.com.br\/index.php\/2024\/10\/21\/senador-apresenta-pec-para-retirar-ministros-do-stf-do-tse\/#primaryimage","url":"https:\/\/jornalfatosenoticias.com.br\/wp-content\/uploads\/2024\/10\/marcio-bittar.jpg","contentUrl":"https:\/\/jornalfatosenoticias.com.br\/wp-content\/uploads\/2024\/10\/marcio-bittar.jpg","width":960,"height":540},{"@type":"BreadcrumbList","@id":"https:\/\/jornalfatosenoticias.com.br\/index.php\/2024\/10\/21\/senador-apresenta-pec-para-retirar-ministros-do-stf-do-tse\/#breadcrumb","itemListElement":[{"@type":"ListItem","position":1,"name":"In\u00edcio","item":"https:\/\/jornalfatosenoticias.com.br\/"},{"@type":"ListItem","position":2,"name":"Senador apresenta PEC para retirar ministros do STF do TSE"}]},{"@type":"WebSite","@id":"https:\/\/jornalfatosenoticias.com.br\/#website","url":"https:\/\/jornalfatosenoticias.com.br\/","name":"Jornal Fatos e Not\u00edcias","description":"Not\u00edcias em geral","publisher":{"@id":"https:\/\/jornalfatosenoticias.com.br\/#organization"},"potentialAction":[{"@type":"SearchAction","target":{"@type":"EntryPoint","urlTemplate":"https:\/\/jornalfatosenoticias.com.br\/?s={search_term_string}"},"query-input":{"@type":"PropertyValueSpecification","valueRequired":true,"valueName":"search_term_string"}}],"inLanguage":"pt-BR"},{"@type":"Organization","@id":"https:\/\/jornalfatosenoticias.com.br\/#organization","name":"Jornal Fatos e Not\u00edcias","url":"https:\/\/jornalfatosenoticias.com.br\/","logo":{"@type":"ImageObject","inLanguage":"pt-BR","@id":"https:\/\/jornalfatosenoticias.com.br\/#\/schema\/logo\/image\/","url":"https:\/\/jornalfatosenoticias.com.br\/wp-content\/uploads\/2020\/02\/logo120.png","contentUrl":"https:\/\/jornalfatosenoticias.com.br\/wp-content\/uploads\/2020\/02\/logo120.png","width":1227,"height":120,"caption":"Jornal Fatos e Not\u00edcias"},"image":{"@id":"https:\/\/jornalfatosenoticias.com.br\/#\/schema\/logo\/image\/"}},{"@type":"Person","@id":"https:\/\/jornalfatosenoticias.com.br\/#\/schema\/person\/d63837fa13ac8666eb9e74e0985d6f81","name":"Luzimara Fernandes","image":{"@type":"ImageObject","inLanguage":"pt-BR","@id":"https:\/\/jornalfatosenoticias.com.br\/#\/schema\/person\/image\/","url":"https:\/\/jornalfatosenoticias.com.br\/wp-content\/uploads\/2025\/05\/EU_portal.jpg","contentUrl":"https:\/\/jornalfatosenoticias.com.br\/wp-content\/uploads\/2025\/05\/EU_portal.jpg","caption":"Luzimara Fernandes"},"description":"Jornalista MTB 2358-ES","sameAs":["https:\/\/jornalfatosenoticias.com.br"],"url":"https:\/\/jornalfatosenoticias.com.br\/index.php\/author\/luzimara\/"}]}},"cc_featured_image_caption":{"caption_text":"(Foto: Edilson Rodrigues\/Ag\u00eancia Senado) ","source_text":"","source_url":""},"jetpack_featured_media_url":"https:\/\/jornalfatosenoticias.com.br\/wp-content\/uploads\/2024\/10\/marcio-bittar.jpg","_links":{"self":[{"href":"https:\/\/jornalfatosenoticias.com.br\/index.php\/wp-json\/wp\/v2\/posts\/55083","targetHints":{"allow":["GET"]}}],"collection":[{"href":"https:\/\/jornalfatosenoticias.com.br\/index.php\/wp-json\/wp\/v2\/posts"}],"about":[{"href":"https:\/\/jornalfatosenoticias.com.br\/index.php\/wp-json\/wp\/v2\/types\/post"}],"author":[{"embeddable":true,"href":"https:\/\/jornalfatosenoticias.com.br\/index.php\/wp-json\/wp\/v2\/users\/2"}],"replies":[{"embeddable":true,"href":"https:\/\/jornalfatosenoticias.com.br\/index.php\/wp-json\/wp\/v2\/comments?post=55083"}],"version-history":[{"count":0,"href":"https:\/\/jornalfatosenoticias.com.br\/index.php\/wp-json\/wp\/v2\/posts\/55083\/revisions"}],"wp:featuredmedia":[{"embeddable":true,"href":"https:\/\/jornalfatosenoticias.com.br\/index.php\/wp-json\/wp\/v2\/media\/55084"}],"wp:attachment":[{"href":"https:\/\/jornalfatosenoticias.com.br\/index.php\/wp-json\/wp\/v2\/media?parent=55083"}],"wp:term":[{"taxonomy":"category","embeddable":true,"href":"https:\/\/jornalfatosenoticias.com.br\/index.php\/wp-json\/wp\/v2\/categories?post=55083"},{"taxonomy":"post_tag","embeddable":true,"href":"https:\/\/jornalfatosenoticias.com.br\/index.php\/wp-json\/wp\/v2\/tags?post=55083"}],"curies":[{"name":"wp","href":"https:\/\/api.w.org\/{rel}","templated":true}]}}