{"id":55086,"date":"2024-10-21T17:20:53","date_gmt":"2024-10-21T20:20:53","guid":{"rendered":"https:\/\/jornalfatosenoticias.com.br\/?p=55086"},"modified":"2024-10-21T17:20:54","modified_gmt":"2024-10-21T20:20:54","slug":"stf-nomeia-relatores-sem-transparencia-e-facilita-uso-vingativo-da-corte","status":"publish","type":"post","link":"https:\/\/jornalfatosenoticias.com.br\/index.php\/2024\/10\/21\/stf-nomeia-relatores-sem-transparencia-e-facilita-uso-vingativo-da-corte\/","title":{"rendered":"STF nomeia relatores sem transpar\u00eancia e facilita uso vingativo da Corte"},"content":{"rendered":"\n<p><em><span class=\"has-inline-color has-black-color\">Uma poss\u00edvel manipula\u00e7\u00e3o do sistema de distribui\u00e7\u00e3o de processos no STF facilitaria que interesses externos influenciassem decis\u00f5es<\/span><\/em><\/p>\n\n\n\n<p><span class=\"has-inline-color has-black-color\">Por <strong><a href=\"https:\/\/www.gazetadopovo.com.br\/autor\/marlice-pinto-vilela\/\" rel=\"sponsored nofollow\">Marlice Pinto Vilela<\/a><\/strong><\/span><\/p>\n\n\n\n<div class=\"wp-block-image\"><figure class=\"aligncenter size-large\"><a href=\"https:\/\/mizu.com.br\/\"><img loading=\"lazy\" decoding=\"async\" width=\"729\" height=\"90\" src=\"https:\/\/jornalfatosenoticias.com.br\/wp-content\/uploads\/2020\/02\/Logo_Mizu.png\" alt=\"\" class=\"wp-image-1441\" srcset=\"https:\/\/jornalfatosenoticias.com.br\/wp-content\/uploads\/2020\/02\/Logo_Mizu.png 729w, https:\/\/jornalfatosenoticias.com.br\/wp-content\/uploads\/2020\/02\/Logo_Mizu-300x37.png 300w\" sizes=\"auto, (max-width: 729px) 100vw, 729px\" \/><\/a><\/figure><\/div>\n\n\n\n<p>Dois acontecimentos recentes trouxeram \u00e0 tona questionamentos sobre como funciona o mecanismo que escolhe qual ministro do Supremo Tribunal Federal (STF) deve ficar respons\u00e1vel por uma a\u00e7\u00e3o. O presidente da Corte, Lu\u00eds Roberto Barroso, barrou uma auditoria externa no sistema de distribui\u00e7\u00e3o de processos do STF, marcada para setembro. No mesmo m\u00eas, o ministro Dias Toffoli negou uma a\u00e7\u00e3o do Partido Progressista (PP) que contestava a escolha de Alexandre de Moraes para a relatoria de processo de investiga\u00e7\u00e3o do coronel Mauro Cid, ex-ajudante de ordens do ex-presidente Bolsonaro.&nbsp;<br>O sigilo sobre esse sistema de sorteio no STF chama a aten\u00e7\u00e3o. Caso fosse provada a manipula\u00e7\u00e3o na escolha de relatorias de processos \u2014 em que ministros pudessem escolher as a\u00e7\u00f5es que v\u00e3o relatar \u2014 haveria uma viola\u00e7\u00e3o do direito dos cidad\u00e3os de julgamento justo e imparcial, previsto na Constitui\u00e7\u00e3o. Por isso, juristas apontam que a falta de transpar\u00eancia no sistema de distribui\u00e7\u00e3o de processos na Corte pode representar um grave risco \u00e0 democracia brasileira.&nbsp;<\/p>\n\n\n\n<div class=\"wp-block-image\"><figure class=\"aligncenter size-large is-resized\"><a href=\"https:\/\/www.instagram.com\/vmais.midias\/\"><img loading=\"lazy\" decoding=\"async\" src=\"https:\/\/jornalfatosenoticias.com.br\/wp-content\/uploads\/2020\/02\/DE-MAIS-DESTAQUE-VMAIS-800X700.png\" alt=\"\" class=\"wp-image-53112\" width=\"277\" height=\"242\" srcset=\"https:\/\/jornalfatosenoticias.com.br\/wp-content\/uploads\/2020\/02\/DE-MAIS-DESTAQUE-VMAIS-800X700.png 800w, https:\/\/jornalfatosenoticias.com.br\/wp-content\/uploads\/2020\/02\/DE-MAIS-DESTAQUE-VMAIS-800X700-300x263.png 300w, https:\/\/jornalfatosenoticias.com.br\/wp-content\/uploads\/2020\/02\/DE-MAIS-DESTAQUE-VMAIS-800X700-768x672.png 768w\" sizes=\"auto, (max-width: 277px) 100vw, 277px\" \/><\/a><\/figure><\/div>\n\n\n\n<p><strong><span class=\"has-inline-color has-black-color\">Recuo de Barroso fere princ\u00edpio da transpar\u00eancia, avaliam juristas<br><\/span><\/strong>Inicialmente, Barroso havia aprovado o pedido do portal UOL para que uma equipe de especialistas em tecnologia verificasse o funcionamento do sistema de distribui\u00e7\u00f5es de processos no STF. Ap\u00f3s todo o tr\u00e2mite administrativo e a 72 horas para a data combinada, Barroso suspendeu a auditoria. O motivo do recuo seria porque a a\u00e7\u00e3o poderia expor o sistema a ataques de hackers.<\/p>\n\n\n\n<div class=\"wp-block-image\"><figure class=\"aligncenter size-large is-resized\"><a href=\"https:\/\/panper.com.br\/\"><img loading=\"lazy\" decoding=\"async\" src=\"https:\/\/jornalfatosenoticias.com.br\/wp-content\/uploads\/2023\/03\/logo-Panper_portal.jpg\" alt=\"\" class=\"wp-image-40208\" width=\"310\" height=\"215\" srcset=\"https:\/\/jornalfatosenoticias.com.br\/wp-content\/uploads\/2023\/03\/logo-Panper_portal.jpg 400w, https:\/\/jornalfatosenoticias.com.br\/wp-content\/uploads\/2023\/03\/logo-Panper_portal-300x208.jpg 300w\" sizes=\"auto, (max-width: 310px) 100vw, 310px\" \/><\/a><\/figure><\/div>\n\n\n\n<p>Est\u00e1 previsto que o sistema do STF realize um sorteio para definir qual ministro ser\u00e1 respons\u00e1vel por processos que chegam \u00e0 Corte, assim como todos os tribunais no pa\u00eds. O princ\u00edpio constitucional da transpar\u00eancia exigiria que a Corte estivesse aberta a explicar como isso funciona, ao ser questionada.<\/p>\n\n\n\n<div class=\"wp-block-image\"><figure class=\"aligncenter size-large\"><a href=\"https:\/\/www.instagram.com\/esteiochurrascaria\/\"><img decoding=\"async\" src=\"https:\/\/jornalfatosenoticias.com.br\/wp-content\/uploads\/2020\/02\/logo_esteio.jpg\" alt=\"\" class=\"wp-image-1214\"\/><\/a><\/figure><\/div>\n\n\n\n<blockquote class=\"wp-block-quote is-layout-flow wp-block-quote-is-layout-flow\"><p><span class=\"has-inline-color has-luminous-vivid-orange-color\">A distribui\u00e7\u00e3o transparente evita que ju\u00edzes sejam escolhidos para julgar casos de pessoas espec\u00edficas. Evita o uso do direito como instrumento de vingan\u00e7a, n\u00e3o de justi\u00e7a\u201d, destaca Andr\u00e9 Marsiglia, advogado especialista em liberdade de express\u00e3o. Ele ressalta que a falta de transpar\u00eancia no processo de distribui\u00e7\u00e3o pode beneficiar ou prejudicar indiv\u00edduos, especialmente se o juiz encarregado j\u00e1 tiver opini\u00f5es preconcebidas sobre o r\u00e9u ou suas convic\u00e7\u00f5es.<\/span><\/p><\/blockquote>\n\n\n\n<div class=\"wp-block-image\"><figure class=\"aligncenter size-large is-resized\"><a href=\"https:\/\/www.instagram.com\/restaurantepegoretti\/\"><img loading=\"lazy\" decoding=\"async\" src=\"https:\/\/jornalfatosenoticias.com.br\/wp-content\/uploads\/2023\/12\/pegoretti-logo-pdf-1024x389.jpg\" alt=\"\" class=\"wp-image-47536\" width=\"359\" height=\"136\" srcset=\"https:\/\/jornalfatosenoticias.com.br\/wp-content\/uploads\/2023\/12\/pegoretti-logo-pdf-1024x389.jpg 1024w, https:\/\/jornalfatosenoticias.com.br\/wp-content\/uploads\/2023\/12\/pegoretti-logo-pdf-300x114.jpg 300w, https:\/\/jornalfatosenoticias.com.br\/wp-content\/uploads\/2023\/12\/pegoretti-logo-pdf-768x291.jpg 768w, https:\/\/jornalfatosenoticias.com.br\/wp-content\/uploads\/2023\/12\/pegoretti-logo-pdf.jpg 1120w\" sizes=\"auto, (max-width: 359px) 100vw, 359px\" \/><\/a><\/figure><\/div>\n\n\n\n<p>Para Marsiglia, est\u00e1 claro que &#8220;a prote\u00e7\u00e3o de dados e a privacidade s\u00e3o importantes, mas n\u00e3o mais do que a transpar\u00eancia ao acesso das informa\u00e7\u00f5es de interesse p\u00fablico \u00e0 sociedade&#8221;. O advogado ainda pondera que, caso haja manipula\u00e7\u00e3o do sorteio e distribui\u00e7\u00e3o de processos a ju\u00edzes, o princ\u00edpio constitucional do juiz natural estaria&nbsp;sendo&nbsp;violado.<\/p>\n\n\n\n<div class=\"wp-block-image\"><figure class=\"aligncenter size-large is-resized\"><a href=\"https:\/\/www.ithbrasil.com.br\/\"><img loading=\"lazy\" decoding=\"async\" src=\"https:\/\/jornalfatosenoticias.com.br\/wp-content\/uploads\/2023\/08\/ITH.jpeg\" alt=\"\" class=\"wp-image-44638\" width=\"309\" height=\"251\" srcset=\"https:\/\/jornalfatosenoticias.com.br\/wp-content\/uploads\/2023\/08\/ITH.jpeg 800w, https:\/\/jornalfatosenoticias.com.br\/wp-content\/uploads\/2023\/08\/ITH-300x244.jpeg 300w, https:\/\/jornalfatosenoticias.com.br\/wp-content\/uploads\/2023\/08\/ITH-768x624.jpeg 768w\" sizes=\"auto, (max-width: 309px) 100vw, 309px\" \/><\/a><\/figure><\/div>\n\n\n\n<p><strong><span class=\"has-inline-color has-black-color\">Moraes tem assumido uma s\u00e9rie de inqu\u00e9ritos sem sorteio<br><\/span><\/strong>O princ\u00edpio do juiz natural tenta assegurar que os cidad\u00e3os tenham seus casos julgados por um juiz imparcial, determinado por sorteio. A indica\u00e7\u00e3o direta de um juiz poderia abrir espa\u00e7o para que essa escolha atendesse a conveni\u00eancias pol\u00edticas. Dessa forma, aumentariam o risco de interesses externos interferirem nas decis\u00f5es judiciais, violando o direito a um julgamento justo.<\/p>\n\n\n\n<div class=\"wp-block-image\"><figure class=\"aligncenter size-large\"><a href=\"https:\/\/cesconetto.com.br\/\"><img loading=\"lazy\" decoding=\"async\" width=\"300\" height=\"250\" src=\"https:\/\/jornalfatosenoticias.com.br\/wp-content\/uploads\/2022\/02\/Banner-2.png\" alt=\"\" class=\"wp-image-27877\"\/><\/a><\/figure><\/div>\n\n\n\n<p>Com base em questionamentos semelhantes, o Partido Progressista (PP) apresentou uma ADPF no STF, em mar\u00e7o deste ano. Entre as v\u00e1rias alega\u00e7\u00f5es de ilegalidades feitas pelo partido, uma das principais \u00e9 a designa\u00e7\u00e3o do ministro Alexandre de Moraes como relator da PET 10.405. Essa a\u00e7\u00e3o investiga a suposta fraude de cart\u00f5es de vacina cometida pelo Coronel Mauro Cid, ex-assessor de Bolsonaro. O partido argumenta que essa investiga\u00e7\u00e3o teria origem no Inqu\u00e9rito das Mil\u00edcias Digitais.<\/p>\n\n\n\n<div class=\"wp-block-image\"><figure class=\"aligncenter size-large is-resized\"><a href=\"https:\/\/www.legisjuris.com.br\/\"><img loading=\"lazy\" decoding=\"async\" src=\"https:\/\/jornalfatosenoticias.com.br\/wp-content\/uploads\/2024\/09\/Legis-Juris-Consultoria_logo.jpg\" alt=\"\" class=\"wp-image-53915\" width=\"427\" height=\"179\" srcset=\"https:\/\/jornalfatosenoticias.com.br\/wp-content\/uploads\/2024\/09\/Legis-Juris-Consultoria_logo.jpg 969w, https:\/\/jornalfatosenoticias.com.br\/wp-content\/uploads\/2024\/09\/Legis-Juris-Consultoria_logo-300x126.jpg 300w, https:\/\/jornalfatosenoticias.com.br\/wp-content\/uploads\/2024\/09\/Legis-Juris-Consultoria_logo-768x322.jpg 768w\" sizes=\"auto, (max-width: 427px) 100vw, 427px\" \/><\/a><\/figure><\/div>\n\n\n\n<p>Moraes assumiu a relatoria do caso com base na alega\u00e7\u00e3o de que a poss\u00edvel fraude estaria conectada n\u00e3o apenas ao Inqu\u00e9rito das Mil\u00edcias Digitais, mas tamb\u00e9m ao Inqu\u00e9rito das Fake News. Como ambos estavam sob sua responsabilidade, o ministro acabou ficando tamb\u00e9m com a relatoria da peti\u00e7\u00e3o envolvendo Mauro Cid.<\/p>\n\n\n\n<div class=\"wp-block-image\"><figure class=\"aligncenter size-large is-resized\"><img loading=\"lazy\" decoding=\"async\" src=\"https:\/\/jornalfatosenoticias.com.br\/wp-content\/uploads\/2022\/02\/Precisao-Contabilidade-1024x724.jpg\" alt=\"\" class=\"wp-image-28088\" width=\"328\" height=\"232\"\/><\/figure><\/div>\n\n\n\n<blockquote class=\"wp-block-quote is-layout-flow wp-block-quote-is-layout-flow\"><p><span class=\"has-inline-color has-luminous-vivid-orange-color\">O que estamos vendo \u00e9 que todo tipo de fato que envolva o mandato anterior da presid\u00eancia da Rep\u00fablica, servidores e eventuais apoiadores, est\u00e1 sendo conectado inicialmente com o famoso Inqu\u00e9rito das Fake News\u201d, aponta Bruno Gimenes, advogado e mestre em ci\u00eancia jur\u00eddica pela UEM. Ele destaca que essa conex\u00e3o tem levado \u00e0 concentra\u00e7\u00e3o desses casos nas m\u00e3os do ministro Alexandre de Moraes, sem sorteio para a avalia\u00e7\u00e3o de outro ministro.<\/span><\/p><\/blockquote>\n\n\n\n<div class=\"wp-block-image\"><figure class=\"aligncenter size-large is-resized\"><a href=\"https:\/\/www.facebook.com\/vetor.vix\/\"><img loading=\"lazy\" decoding=\"async\" src=\"https:\/\/jornalfatosenoticias.com.br\/wp-content\/uploads\/2023\/09\/vetorvix1024_1.jpg\" alt=\"\" class=\"wp-image-44868\" width=\"535\" height=\"142\" srcset=\"https:\/\/jornalfatosenoticias.com.br\/wp-content\/uploads\/2023\/09\/vetorvix1024_1.jpg 1024w, https:\/\/jornalfatosenoticias.com.br\/wp-content\/uploads\/2023\/09\/vetorvix1024_1-300x80.jpg 300w, https:\/\/jornalfatosenoticias.com.br\/wp-content\/uploads\/2023\/09\/vetorvix1024_1-768x205.jpg 768w\" sizes=\"auto, (max-width: 535px) 100vw, 535px\" \/><\/a><\/figure><\/div>\n\n\n\n<p>Gimenes exemplifica: \u201cuma eventual fraude no cart\u00e3o de vacina praticada por Mauro Cid estaria linkada a uma concep\u00e7\u00e3o transcendente de mentiras praticadas pelo governo anterior sobre vacinas. E, se tratando de mentiras, elas devem ser investigadas, por conex\u00e3o, ao inqu\u00e9rito inicial das Fake News\u201d. Segundo o advogado, o STF estaria utilizando uma argumenta\u00e7\u00e3o for\u00e7ada para manter esses casos sob sua jurisdi\u00e7\u00e3o, e, principalmente, sob o mesmo gabinete.<\/p>\n\n\n\n<div class=\"wp-block-image\"><figure class=\"aligncenter size-large is-resized\"><a href=\"https:\/\/www.facebook.com\/postobkr\/?locale=pt_BR\"><img loading=\"lazy\" decoding=\"async\" src=\"https:\/\/jornalfatosenoticias.com.br\/wp-content\/uploads\/2023\/08\/BKR-1024x1021.jpg\" alt=\"\" class=\"wp-image-44494\" width=\"295\" height=\"294\" srcset=\"https:\/\/jornalfatosenoticias.com.br\/wp-content\/uploads\/2023\/08\/BKR-1024x1021.jpg 1024w, https:\/\/jornalfatosenoticias.com.br\/wp-content\/uploads\/2023\/08\/BKR-300x300.jpg 300w, https:\/\/jornalfatosenoticias.com.br\/wp-content\/uploads\/2023\/08\/BKR-150x150.jpg 150w, https:\/\/jornalfatosenoticias.com.br\/wp-content\/uploads\/2023\/08\/BKR-768x766.jpg 768w, https:\/\/jornalfatosenoticias.com.br\/wp-content\/uploads\/2023\/08\/BKR.jpg 1080w\" sizes=\"auto, (max-width: 295px) 100vw, 295px\" \/><\/a><\/figure><\/div>\n\n\n\n<p><strong><span class=\"has-inline-color has-black-color\">Toffoli alega que Moraes poderia ser acionado para decidir sobre sua pr\u00f3pria relatoria<br><\/span><\/strong>O inqu\u00e9rito das Fake News, aberto para investigar &#8220;fake news&#8221; e &#8220;ataques&#8221; contra ministros do STF, foi aberto em 2019 ap\u00f3s o uso de uma estrat\u00e9gia inusitada. O ent\u00e3o presidente do STF, Dias Toffoli, usou uma regra do regimento interno, o artigo 43, que permite \u00e0 Corte a abertura de inqu\u00e9ritos em caso de ataques \u00e0s depend\u00eancias f\u00edsicas do tribunal. O ministro ampliou a interpreta\u00e7\u00e3o do artigo 43 incluindo a possibilidade de o STF investigar cr\u00edticas \u00e0 Corte feitas em qualquer espa\u00e7o (incluindo a internet), o que n\u00e3o est\u00e1 previsto na Constitui\u00e7\u00e3o e nem segue o devido processo legal.<\/p>\n\n\n\n<div class=\"wp-block-image\"><figure class=\"aligncenter size-large is-resized\"><a href=\"https:\/\/www.controlsystems.com.br\/\"><img loading=\"lazy\" decoding=\"async\" src=\"https:\/\/jornalfatosenoticias.com.br\/wp-content\/uploads\/2020\/02\/CONTROL-CS.jpg\" alt=\"\" class=\"wp-image-44991\" width=\"276\" height=\"331\" srcset=\"https:\/\/jornalfatosenoticias.com.br\/wp-content\/uploads\/2020\/02\/CONTROL-CS.jpg 834w, https:\/\/jornalfatosenoticias.com.br\/wp-content\/uploads\/2020\/02\/CONTROL-CS-250x300.jpg 250w, https:\/\/jornalfatosenoticias.com.br\/wp-content\/uploads\/2020\/02\/CONTROL-CS-768x921.jpg 768w\" sizes=\"auto, (max-width: 276px) 100vw, 276px\" \/><\/a><\/figure><\/div>\n\n\n\n<p>No in\u00edcio do inqu\u00e9rito, Toffoli designou o ministro Alexandre de Moraes como relator do caso, sem realizar o sorteio tradicional. Os primeiros alvos do inqu\u00e9rito foram o portal <strong>O Antagonista<\/strong> e a revista <strong>Cruso\u00e9,<\/strong> ap\u00f3s publicarem uma reportagem que envolvia Toffoli. Outros inqu\u00e9ritos foram abertos, tamb\u00e9m designados a Moraes, com novos investigados, como, o canal Ter\u00e7a Livre, comandado por Allan dos Santos, o jornalista Oswaldo Eust\u00e1quio, entre outros. <\/p>\n\n\n\n<div class=\"wp-block-image\"><figure class=\"aligncenter size-large\"><a href=\"http:\/\/www.ferrarimaquinas.com.br\/\"><img loading=\"lazy\" decoding=\"async\" width=\"300\" height=\"250\" src=\"https:\/\/jornalfatosenoticias.com.br\/wp-content\/uploads\/2022\/02\/FERRARI_MAQUINAS-E-FERRAMENTAS2.jpg\" alt=\"\" class=\"wp-image-27860\"\/><\/a><\/figure><\/div>\n\n\n\n<p>Diversos jornalistas, parlamentares e influenciadores, especialmente de direita, tamb\u00e9m sofreram censura no \u00e2mbito desses inqu\u00e9ritos. Pela sua extens\u00e3o e tempo de dura\u00e7\u00e3o sem conclus\u00f5es (aberto h\u00e1 mais de cinco anos), o inqu\u00e9rito das fake news passou a ser chamado de \u201cInqu\u00e9rito do Fim do Mundo\u201d por Marco Aur\u00e9lio Mello, ministro aposentado da Corte.<\/p>\n\n\n\n<div class=\"wp-block-image\"><figure class=\"aligncenter size-large is-resized\"><a href=\"https:\/\/www.instagram.com\/serra4x4cambioautomatico\/\"><img loading=\"lazy\" decoding=\"async\" src=\"https:\/\/jornalfatosenoticias.com.br\/wp-content\/uploads\/2024\/08\/Serra-4x4-1-886x1024.jpg\" alt=\"\" class=\"wp-image-53632\" width=\"287\" height=\"332\" srcset=\"https:\/\/jornalfatosenoticias.com.br\/wp-content\/uploads\/2024\/08\/Serra-4x4-1-886x1024.jpg 886w, https:\/\/jornalfatosenoticias.com.br\/wp-content\/uploads\/2024\/08\/Serra-4x4-1-260x300.jpg 260w, https:\/\/jornalfatosenoticias.com.br\/wp-content\/uploads\/2024\/08\/Serra-4x4-1-768x888.jpg 768w, https:\/\/jornalfatosenoticias.com.br\/wp-content\/uploads\/2024\/08\/Serra-4x4-1.jpg 1181w\" sizes=\"auto, (max-width: 287px) 100vw, 287px\" \/><\/a><\/figure><\/div>\n\n\n\n<p>O mesmo ministro Toffoli, respons\u00e1vel pela abertura do inqu\u00e9rito das Fake News e alvo da reportagem do Antagonista e da Cruso\u00e9, foi respons\u00e1vel por julgar a ADPF do PP, que solicitava a anula\u00e7\u00e3o das decis\u00f5es tomadas por Alexandre de Moraes na a\u00e7\u00e3o contra Mauro Cid. Dias Toffoli rejeitou o pedido, afirmando que a ADPF era uma tentativa indevida de recurso e que o STF j\u00e1 havia explicitamente recha\u00e7ado esse tipo de contesta\u00e7\u00e3o.<\/p>\n\n\n\n<div class=\"wp-block-image\"><figure class=\"aligncenter size-large is-resized\"><a href=\"https:\/\/www.instagram.com\/ligadossaborespizzaria\/\"><img loading=\"lazy\" decoding=\"async\" src=\"https:\/\/jornalfatosenoticias.com.br\/wp-content\/uploads\/2024\/09\/WhatsApp-Image-2024-09-14-at-22.46.10-819x1024.jpeg\" alt=\"\" class=\"wp-image-54180\" width=\"275\" height=\"343\" srcset=\"https:\/\/jornalfatosenoticias.com.br\/wp-content\/uploads\/2024\/09\/WhatsApp-Image-2024-09-14-at-22.46.10-819x1024.jpeg 819w, https:\/\/jornalfatosenoticias.com.br\/wp-content\/uploads\/2024\/09\/WhatsApp-Image-2024-09-14-at-22.46.10-240x300.jpeg 240w, https:\/\/jornalfatosenoticias.com.br\/wp-content\/uploads\/2024\/09\/WhatsApp-Image-2024-09-14-at-22.46.10-768x960.jpeg 768w, https:\/\/jornalfatosenoticias.com.br\/wp-content\/uploads\/2024\/09\/WhatsApp-Image-2024-09-14-at-22.46.10.jpeg 1024w\" sizes=\"auto, (max-width: 275px) 100vw, 275px\" \/><\/a><\/figure><\/div>\n\n\n\n<p>Na vis\u00e3o de Toffoli, a possibilidade de questionar a relatoria e os atos de Moraes sempre existiu por meio de outros mecanismos processuais, como a apresenta\u00e7\u00e3o de um mandado de seguran\u00e7a, caso houvesse ind\u00edcios de ilegalidade. O que o ministro n\u00e3o explicita \u00e9 que o julgador desses recursos seria o pr\u00f3prio Moraes.<\/p>\n\n\n\n<div class=\"wp-block-image\"><figure class=\"aligncenter size-large is-resized\"><a href=\"https:\/\/hotelmarquetti.com.br\/\"><img loading=\"lazy\" decoding=\"async\" src=\"https:\/\/jornalfatosenoticias.com.br\/wp-content\/uploads\/2023\/03\/nova-logo-Marquetti.jpg\" alt=\"\" class=\"wp-image-40207\" width=\"313\" height=\"210\" srcset=\"https:\/\/jornalfatosenoticias.com.br\/wp-content\/uploads\/2023\/03\/nova-logo-Marquetti.jpg 643w, https:\/\/jornalfatosenoticias.com.br\/wp-content\/uploads\/2023\/03\/nova-logo-Marquetti-300x202.jpg 300w\" sizes=\"auto, (max-width: 313px) 100vw, 313px\" \/><\/a><\/figure><\/div>\n\n\n\n<p>\u201cUma das alega\u00e7\u00f5es do PP \u00e9 de que n\u00e3o se sabe nem o que de fato est\u00e1 acontecendo dentro do processo, ent\u00e3o, como recorrer? S\u00f3 h\u00e1 acesso a decis\u00f5es externas como mandados de busca e apreens\u00e3o, pris\u00f5es e censuras\u201d, afirma Bruno Gimenes. Ele acrescenta que, devido ao sigilo dos processos e ao esgotamento de prazos para recursos, seria praticamente imposs\u00edvel para o partido contestar as decis\u00f5es de forma eficaz.<\/p>\n\n\n\n<div class=\"wp-block-image\"><figure class=\"aligncenter size-large is-resized\"><img loading=\"lazy\" decoding=\"async\" src=\"https:\/\/jornalfatosenoticias.com.br\/wp-content\/uploads\/2022\/02\/Precisao-Contabilidade-1024x724.jpg\" alt=\"\" class=\"wp-image-28088\" width=\"311\" height=\"220\"\/><\/figure><\/div>\n\n\n\n<blockquote class=\"wp-block-quote is-layout-flow wp-block-quote-is-layout-flow\"><p><span class=\"has-inline-color has-luminous-vivid-orange-color\">Essas interpreta\u00e7\u00f5es do STF aumentam, convenientemente, o poder do STF sobre esses processos e acaba, de certa forma, possibilitando que o pr\u00f3prio Supremo controle o resultado \u00faltimo do processo\u201d, conclui Gimenes.<\/span><\/p><\/blockquote>\n\n\n\n<p><strong><em>Fonte: <a href=\"https:\/\/www.gazetadopovo.com.br\/vida-e-cidadania\/stf-relatores-uso-vingativo-da-corte\/?ref=foi-manchete\">Gazeta do Povo<\/a><\/em><\/strong><\/p>\n","protected":false},"excerpt":{"rendered":"<p>Uma poss\u00edvel manipula\u00e7\u00e3o do sistema de distribui\u00e7\u00e3o de processos no STF facilitaria que interesses externos influenciassem decis\u00f5es Por Marlice Pinto Vilela Dois acontecimentos recentes trouxeram \u00e0 tona questionamentos sobre como funciona o mecanismo que escolhe qual ministro do Supremo Tribunal Federal (STF) deve ficar respons\u00e1vel por uma a\u00e7\u00e3o. O presidente da Corte, Lu\u00eds Roberto Barroso, [&hellip;]<\/p>\n","protected":false},"author":2,"featured_media":55087,"comment_status":"open","ping_status":"open","sticky":false,"template":"","format":"standard","meta":{"footnotes":""},"categories":[5],"tags":[13889,2149,296,732,21381,1345,25109,25110,294],"class_list":["post-55086","post","type-post","status-publish","format-standard","has-post-thumbnail","hentry","category-geral","tag-alexandre-de-moraes","tag-censura","tag-dias-toffoli","tag-fake-news","tag-falta-de-transparencia","tag-justica","tag-liberdade-de-expressao-luis-roberto-barroso","tag-partido-progressistas","tag-stf"],"yoast_head":"<!-- This site is optimized with the Yoast SEO plugin v26.5 - https:\/\/yoast.com\/wordpress\/plugins\/seo\/ -->\n<title>STF nomeia relatores sem transpar\u00eancia e facilita uso vingativo da Corte - Jornal Fatos e Not\u00edcias<\/title>\n<meta name=\"robots\" content=\"index, follow, max-snippet:-1, max-image-preview:large, max-video-preview:-1\" \/>\n<link rel=\"canonical\" href=\"https:\/\/jornalfatosenoticias.com.br\/index.php\/2024\/10\/21\/stf-nomeia-relatores-sem-transparencia-e-facilita-uso-vingativo-da-corte\/\" \/>\n<meta property=\"og:locale\" content=\"pt_BR\" \/>\n<meta property=\"og:type\" content=\"article\" \/>\n<meta property=\"og:title\" content=\"STF nomeia relatores sem transpar\u00eancia e facilita uso vingativo da Corte - Jornal Fatos e Not\u00edcias\" \/>\n<meta property=\"og:description\" content=\"Uma poss\u00edvel manipula\u00e7\u00e3o do sistema de distribui\u00e7\u00e3o de processos no STF facilitaria que interesses externos influenciassem decis\u00f5es Por Marlice Pinto Vilela Dois acontecimentos recentes trouxeram \u00e0 tona questionamentos sobre como funciona o mecanismo que escolhe qual ministro do Supremo Tribunal Federal (STF) deve ficar respons\u00e1vel por uma a\u00e7\u00e3o. O presidente da Corte, Lu\u00eds Roberto Barroso, [&hellip;]\" \/>\n<meta property=\"og:url\" content=\"https:\/\/jornalfatosenoticias.com.br\/index.php\/2024\/10\/21\/stf-nomeia-relatores-sem-transparencia-e-facilita-uso-vingativo-da-corte\/\" \/>\n<meta property=\"og:site_name\" content=\"Jornal Fatos e Not\u00edcias\" \/>\n<meta property=\"article:published_time\" content=\"2024-10-21T20:20:53+00:00\" \/>\n<meta property=\"article:modified_time\" content=\"2024-10-21T20:20:54+00:00\" \/>\n<meta property=\"og:image\" content=\"https:\/\/jornalfatosenoticias.com.br\/wp-content\/uploads\/2024\/10\/stf-distribuicao-processos.jpg\" \/>\n\t<meta property=\"og:image:width\" content=\"960\" \/>\n\t<meta property=\"og:image:height\" content=\"540\" \/>\n\t<meta property=\"og:image:type\" content=\"image\/jpeg\" \/>\n<meta name=\"author\" content=\"Luzimara Fernandes\" \/>\n<meta name=\"twitter:card\" content=\"summary_large_image\" \/>\n<meta name=\"twitter:label1\" content=\"Escrito por\" \/>\n\t<meta name=\"twitter:data1\" content=\"Luzimara Fernandes\" \/>\n\t<meta name=\"twitter:label2\" content=\"Est. tempo de leitura\" \/>\n\t<meta name=\"twitter:data2\" content=\"7 minutos\" \/>\n<script type=\"application\/ld+json\" class=\"yoast-schema-graph\">{\"@context\":\"https:\/\/schema.org\",\"@graph\":[{\"@type\":\"Article\",\"@id\":\"https:\/\/jornalfatosenoticias.com.br\/index.php\/2024\/10\/21\/stf-nomeia-relatores-sem-transparencia-e-facilita-uso-vingativo-da-corte\/#article\",\"isPartOf\":{\"@id\":\"https:\/\/jornalfatosenoticias.com.br\/index.php\/2024\/10\/21\/stf-nomeia-relatores-sem-transparencia-e-facilita-uso-vingativo-da-corte\/\"},\"author\":{\"name\":\"Luzimara Fernandes\",\"@id\":\"https:\/\/jornalfatosenoticias.com.br\/#\/schema\/person\/d63837fa13ac8666eb9e74e0985d6f81\"},\"headline\":\"STF nomeia relatores sem transpar\u00eancia e facilita uso vingativo da Corte\",\"datePublished\":\"2024-10-21T20:20:53+00:00\",\"dateModified\":\"2024-10-21T20:20:54+00:00\",\"mainEntityOfPage\":{\"@id\":\"https:\/\/jornalfatosenoticias.com.br\/index.php\/2024\/10\/21\/stf-nomeia-relatores-sem-transparencia-e-facilita-uso-vingativo-da-corte\/\"},\"wordCount\":1359,\"commentCount\":0,\"publisher\":{\"@id\":\"https:\/\/jornalfatosenoticias.com.br\/#organization\"},\"image\":{\"@id\":\"https:\/\/jornalfatosenoticias.com.br\/index.php\/2024\/10\/21\/stf-nomeia-relatores-sem-transparencia-e-facilita-uso-vingativo-da-corte\/#primaryimage\"},\"thumbnailUrl\":\"https:\/\/jornalfatosenoticias.com.br\/wp-content\/uploads\/2024\/10\/stf-distribuicao-processos.jpg\",\"keywords\":[\"Alexandre de Moraes\",\"censura\",\"Dias Toffoli\",\"fake news\",\"falta de transpar\u00eancia\",\"justi\u00e7a\",\"Liberdade de Express\u00e3o Lu\u00eds Roberto Barroso\",\"Partido Progressistas\",\"STF\"],\"articleSection\":[\"Geral\"],\"inLanguage\":\"pt-BR\",\"potentialAction\":[{\"@type\":\"CommentAction\",\"name\":\"Comment\",\"target\":[\"https:\/\/jornalfatosenoticias.com.br\/index.php\/2024\/10\/21\/stf-nomeia-relatores-sem-transparencia-e-facilita-uso-vingativo-da-corte\/#respond\"]}]},{\"@type\":\"WebPage\",\"@id\":\"https:\/\/jornalfatosenoticias.com.br\/index.php\/2024\/10\/21\/stf-nomeia-relatores-sem-transparencia-e-facilita-uso-vingativo-da-corte\/\",\"url\":\"https:\/\/jornalfatosenoticias.com.br\/index.php\/2024\/10\/21\/stf-nomeia-relatores-sem-transparencia-e-facilita-uso-vingativo-da-corte\/\",\"name\":\"STF nomeia relatores sem transpar\u00eancia e facilita uso vingativo da Corte - Jornal Fatos e Not\u00edcias\",\"isPartOf\":{\"@id\":\"https:\/\/jornalfatosenoticias.com.br\/#website\"},\"primaryImageOfPage\":{\"@id\":\"https:\/\/jornalfatosenoticias.com.br\/index.php\/2024\/10\/21\/stf-nomeia-relatores-sem-transparencia-e-facilita-uso-vingativo-da-corte\/#primaryimage\"},\"image\":{\"@id\":\"https:\/\/jornalfatosenoticias.com.br\/index.php\/2024\/10\/21\/stf-nomeia-relatores-sem-transparencia-e-facilita-uso-vingativo-da-corte\/#primaryimage\"},\"thumbnailUrl\":\"https:\/\/jornalfatosenoticias.com.br\/wp-content\/uploads\/2024\/10\/stf-distribuicao-processos.jpg\",\"datePublished\":\"2024-10-21T20:20:53+00:00\",\"dateModified\":\"2024-10-21T20:20:54+00:00\",\"breadcrumb\":{\"@id\":\"https:\/\/jornalfatosenoticias.com.br\/index.php\/2024\/10\/21\/stf-nomeia-relatores-sem-transparencia-e-facilita-uso-vingativo-da-corte\/#breadcrumb\"},\"inLanguage\":\"pt-BR\",\"potentialAction\":[{\"@type\":\"ReadAction\",\"target\":[\"https:\/\/jornalfatosenoticias.com.br\/index.php\/2024\/10\/21\/stf-nomeia-relatores-sem-transparencia-e-facilita-uso-vingativo-da-corte\/\"]}]},{\"@type\":\"ImageObject\",\"inLanguage\":\"pt-BR\",\"@id\":\"https:\/\/jornalfatosenoticias.com.br\/index.php\/2024\/10\/21\/stf-nomeia-relatores-sem-transparencia-e-facilita-uso-vingativo-da-corte\/#primaryimage\",\"url\":\"https:\/\/jornalfatosenoticias.com.br\/wp-content\/uploads\/2024\/10\/stf-distribuicao-processos.jpg\",\"contentUrl\":\"https:\/\/jornalfatosenoticias.com.br\/wp-content\/uploads\/2024\/10\/stf-distribuicao-processos.jpg\",\"width\":960,\"height\":540},{\"@type\":\"BreadcrumbList\",\"@id\":\"https:\/\/jornalfatosenoticias.com.br\/index.php\/2024\/10\/21\/stf-nomeia-relatores-sem-transparencia-e-facilita-uso-vingativo-da-corte\/#breadcrumb\",\"itemListElement\":[{\"@type\":\"ListItem\",\"position\":1,\"name\":\"In\u00edcio\",\"item\":\"https:\/\/jornalfatosenoticias.com.br\/\"},{\"@type\":\"ListItem\",\"position\":2,\"name\":\"STF nomeia relatores sem transpar\u00eancia e facilita uso vingativo da Corte\"}]},{\"@type\":\"WebSite\",\"@id\":\"https:\/\/jornalfatosenoticias.com.br\/#website\",\"url\":\"https:\/\/jornalfatosenoticias.com.br\/\",\"name\":\"Jornal Fatos e Not\u00edcias\",\"description\":\"Not\u00edcias em geral\",\"publisher\":{\"@id\":\"https:\/\/jornalfatosenoticias.com.br\/#organization\"},\"potentialAction\":[{\"@type\":\"SearchAction\",\"target\":{\"@type\":\"EntryPoint\",\"urlTemplate\":\"https:\/\/jornalfatosenoticias.com.br\/?s={search_term_string}\"},\"query-input\":{\"@type\":\"PropertyValueSpecification\",\"valueRequired\":true,\"valueName\":\"search_term_string\"}}],\"inLanguage\":\"pt-BR\"},{\"@type\":\"Organization\",\"@id\":\"https:\/\/jornalfatosenoticias.com.br\/#organization\",\"name\":\"Jornal Fatos e Not\u00edcias\",\"url\":\"https:\/\/jornalfatosenoticias.com.br\/\",\"logo\":{\"@type\":\"ImageObject\",\"inLanguage\":\"pt-BR\",\"@id\":\"https:\/\/jornalfatosenoticias.com.br\/#\/schema\/logo\/image\/\",\"url\":\"https:\/\/jornalfatosenoticias.com.br\/wp-content\/uploads\/2020\/02\/logo120.png\",\"contentUrl\":\"https:\/\/jornalfatosenoticias.com.br\/wp-content\/uploads\/2020\/02\/logo120.png\",\"width\":1227,\"height\":120,\"caption\":\"Jornal Fatos e Not\u00edcias\"},\"image\":{\"@id\":\"https:\/\/jornalfatosenoticias.com.br\/#\/schema\/logo\/image\/\"}},{\"@type\":\"Person\",\"@id\":\"https:\/\/jornalfatosenoticias.com.br\/#\/schema\/person\/d63837fa13ac8666eb9e74e0985d6f81\",\"name\":\"Luzimara Fernandes\",\"image\":{\"@type\":\"ImageObject\",\"inLanguage\":\"pt-BR\",\"@id\":\"https:\/\/jornalfatosenoticias.com.br\/#\/schema\/person\/image\/\",\"url\":\"https:\/\/jornalfatosenoticias.com.br\/wp-content\/uploads\/2025\/05\/EU_portal.jpg\",\"contentUrl\":\"https:\/\/jornalfatosenoticias.com.br\/wp-content\/uploads\/2025\/05\/EU_portal.jpg\",\"caption\":\"Luzimara Fernandes\"},\"description\":\"Jornalista MTB 2358-ES\",\"sameAs\":[\"https:\/\/jornalfatosenoticias.com.br\"],\"url\":\"https:\/\/jornalfatosenoticias.com.br\/index.php\/author\/luzimara\/\"}]}<\/script>\n<!-- \/ Yoast SEO plugin. -->","yoast_head_json":{"title":"STF nomeia relatores sem transpar\u00eancia e facilita uso vingativo da Corte - Jornal Fatos e Not\u00edcias","robots":{"index":"index","follow":"follow","max-snippet":"max-snippet:-1","max-image-preview":"max-image-preview:large","max-video-preview":"max-video-preview:-1"},"canonical":"https:\/\/jornalfatosenoticias.com.br\/index.php\/2024\/10\/21\/stf-nomeia-relatores-sem-transparencia-e-facilita-uso-vingativo-da-corte\/","og_locale":"pt_BR","og_type":"article","og_title":"STF nomeia relatores sem transpar\u00eancia e facilita uso vingativo da Corte - Jornal Fatos e Not\u00edcias","og_description":"Uma poss\u00edvel manipula\u00e7\u00e3o do sistema de distribui\u00e7\u00e3o de processos no STF facilitaria que interesses externos influenciassem decis\u00f5es Por Marlice Pinto Vilela Dois acontecimentos recentes trouxeram \u00e0 tona questionamentos sobre como funciona o mecanismo que escolhe qual ministro do Supremo Tribunal Federal (STF) deve ficar respons\u00e1vel por uma a\u00e7\u00e3o. O presidente da Corte, Lu\u00eds Roberto Barroso, [&hellip;]","og_url":"https:\/\/jornalfatosenoticias.com.br\/index.php\/2024\/10\/21\/stf-nomeia-relatores-sem-transparencia-e-facilita-uso-vingativo-da-corte\/","og_site_name":"Jornal Fatos e Not\u00edcias","article_published_time":"2024-10-21T20:20:53+00:00","article_modified_time":"2024-10-21T20:20:54+00:00","og_image":[{"width":960,"height":540,"url":"https:\/\/jornalfatosenoticias.com.br\/wp-content\/uploads\/2024\/10\/stf-distribuicao-processos.jpg","type":"image\/jpeg"}],"author":"Luzimara Fernandes","twitter_card":"summary_large_image","twitter_misc":{"Escrito por":"Luzimara Fernandes","Est. tempo de leitura":"7 minutos"},"schema":{"@context":"https:\/\/schema.org","@graph":[{"@type":"Article","@id":"https:\/\/jornalfatosenoticias.com.br\/index.php\/2024\/10\/21\/stf-nomeia-relatores-sem-transparencia-e-facilita-uso-vingativo-da-corte\/#article","isPartOf":{"@id":"https:\/\/jornalfatosenoticias.com.br\/index.php\/2024\/10\/21\/stf-nomeia-relatores-sem-transparencia-e-facilita-uso-vingativo-da-corte\/"},"author":{"name":"Luzimara Fernandes","@id":"https:\/\/jornalfatosenoticias.com.br\/#\/schema\/person\/d63837fa13ac8666eb9e74e0985d6f81"},"headline":"STF nomeia relatores sem transpar\u00eancia e facilita uso vingativo da Corte","datePublished":"2024-10-21T20:20:53+00:00","dateModified":"2024-10-21T20:20:54+00:00","mainEntityOfPage":{"@id":"https:\/\/jornalfatosenoticias.com.br\/index.php\/2024\/10\/21\/stf-nomeia-relatores-sem-transparencia-e-facilita-uso-vingativo-da-corte\/"},"wordCount":1359,"commentCount":0,"publisher":{"@id":"https:\/\/jornalfatosenoticias.com.br\/#organization"},"image":{"@id":"https:\/\/jornalfatosenoticias.com.br\/index.php\/2024\/10\/21\/stf-nomeia-relatores-sem-transparencia-e-facilita-uso-vingativo-da-corte\/#primaryimage"},"thumbnailUrl":"https:\/\/jornalfatosenoticias.com.br\/wp-content\/uploads\/2024\/10\/stf-distribuicao-processos.jpg","keywords":["Alexandre de Moraes","censura","Dias Toffoli","fake news","falta de transpar\u00eancia","justi\u00e7a","Liberdade de Express\u00e3o Lu\u00eds Roberto Barroso","Partido Progressistas","STF"],"articleSection":["Geral"],"inLanguage":"pt-BR","potentialAction":[{"@type":"CommentAction","name":"Comment","target":["https:\/\/jornalfatosenoticias.com.br\/index.php\/2024\/10\/21\/stf-nomeia-relatores-sem-transparencia-e-facilita-uso-vingativo-da-corte\/#respond"]}]},{"@type":"WebPage","@id":"https:\/\/jornalfatosenoticias.com.br\/index.php\/2024\/10\/21\/stf-nomeia-relatores-sem-transparencia-e-facilita-uso-vingativo-da-corte\/","url":"https:\/\/jornalfatosenoticias.com.br\/index.php\/2024\/10\/21\/stf-nomeia-relatores-sem-transparencia-e-facilita-uso-vingativo-da-corte\/","name":"STF nomeia relatores sem transpar\u00eancia e facilita uso vingativo da Corte - Jornal Fatos e Not\u00edcias","isPartOf":{"@id":"https:\/\/jornalfatosenoticias.com.br\/#website"},"primaryImageOfPage":{"@id":"https:\/\/jornalfatosenoticias.com.br\/index.php\/2024\/10\/21\/stf-nomeia-relatores-sem-transparencia-e-facilita-uso-vingativo-da-corte\/#primaryimage"},"image":{"@id":"https:\/\/jornalfatosenoticias.com.br\/index.php\/2024\/10\/21\/stf-nomeia-relatores-sem-transparencia-e-facilita-uso-vingativo-da-corte\/#primaryimage"},"thumbnailUrl":"https:\/\/jornalfatosenoticias.com.br\/wp-content\/uploads\/2024\/10\/stf-distribuicao-processos.jpg","datePublished":"2024-10-21T20:20:53+00:00","dateModified":"2024-10-21T20:20:54+00:00","breadcrumb":{"@id":"https:\/\/jornalfatosenoticias.com.br\/index.php\/2024\/10\/21\/stf-nomeia-relatores-sem-transparencia-e-facilita-uso-vingativo-da-corte\/#breadcrumb"},"inLanguage":"pt-BR","potentialAction":[{"@type":"ReadAction","target":["https:\/\/jornalfatosenoticias.com.br\/index.php\/2024\/10\/21\/stf-nomeia-relatores-sem-transparencia-e-facilita-uso-vingativo-da-corte\/"]}]},{"@type":"ImageObject","inLanguage":"pt-BR","@id":"https:\/\/jornalfatosenoticias.com.br\/index.php\/2024\/10\/21\/stf-nomeia-relatores-sem-transparencia-e-facilita-uso-vingativo-da-corte\/#primaryimage","url":"https:\/\/jornalfatosenoticias.com.br\/wp-content\/uploads\/2024\/10\/stf-distribuicao-processos.jpg","contentUrl":"https:\/\/jornalfatosenoticias.com.br\/wp-content\/uploads\/2024\/10\/stf-distribuicao-processos.jpg","width":960,"height":540},{"@type":"BreadcrumbList","@id":"https:\/\/jornalfatosenoticias.com.br\/index.php\/2024\/10\/21\/stf-nomeia-relatores-sem-transparencia-e-facilita-uso-vingativo-da-corte\/#breadcrumb","itemListElement":[{"@type":"ListItem","position":1,"name":"In\u00edcio","item":"https:\/\/jornalfatosenoticias.com.br\/"},{"@type":"ListItem","position":2,"name":"STF nomeia relatores sem transpar\u00eancia e facilita uso vingativo da Corte"}]},{"@type":"WebSite","@id":"https:\/\/jornalfatosenoticias.com.br\/#website","url":"https:\/\/jornalfatosenoticias.com.br\/","name":"Jornal Fatos e Not\u00edcias","description":"Not\u00edcias em geral","publisher":{"@id":"https:\/\/jornalfatosenoticias.com.br\/#organization"},"potentialAction":[{"@type":"SearchAction","target":{"@type":"EntryPoint","urlTemplate":"https:\/\/jornalfatosenoticias.com.br\/?s={search_term_string}"},"query-input":{"@type":"PropertyValueSpecification","valueRequired":true,"valueName":"search_term_string"}}],"inLanguage":"pt-BR"},{"@type":"Organization","@id":"https:\/\/jornalfatosenoticias.com.br\/#organization","name":"Jornal Fatos e Not\u00edcias","url":"https:\/\/jornalfatosenoticias.com.br\/","logo":{"@type":"ImageObject","inLanguage":"pt-BR","@id":"https:\/\/jornalfatosenoticias.com.br\/#\/schema\/logo\/image\/","url":"https:\/\/jornalfatosenoticias.com.br\/wp-content\/uploads\/2020\/02\/logo120.png","contentUrl":"https:\/\/jornalfatosenoticias.com.br\/wp-content\/uploads\/2020\/02\/logo120.png","width":1227,"height":120,"caption":"Jornal Fatos e Not\u00edcias"},"image":{"@id":"https:\/\/jornalfatosenoticias.com.br\/#\/schema\/logo\/image\/"}},{"@type":"Person","@id":"https:\/\/jornalfatosenoticias.com.br\/#\/schema\/person\/d63837fa13ac8666eb9e74e0985d6f81","name":"Luzimara Fernandes","image":{"@type":"ImageObject","inLanguage":"pt-BR","@id":"https:\/\/jornalfatosenoticias.com.br\/#\/schema\/person\/image\/","url":"https:\/\/jornalfatosenoticias.com.br\/wp-content\/uploads\/2025\/05\/EU_portal.jpg","contentUrl":"https:\/\/jornalfatosenoticias.com.br\/wp-content\/uploads\/2025\/05\/EU_portal.jpg","caption":"Luzimara Fernandes"},"description":"Jornalista MTB 2358-ES","sameAs":["https:\/\/jornalfatosenoticias.com.br"],"url":"https:\/\/jornalfatosenoticias.com.br\/index.php\/author\/luzimara\/"}]}},"cc_featured_image_caption":{"caption_text":"(Foto: Ant\u00f4nio Augusto\/STF) ","source_text":"","source_url":""},"jetpack_featured_media_url":"https:\/\/jornalfatosenoticias.com.br\/wp-content\/uploads\/2024\/10\/stf-distribuicao-processos.jpg","_links":{"self":[{"href":"https:\/\/jornalfatosenoticias.com.br\/index.php\/wp-json\/wp\/v2\/posts\/55086","targetHints":{"allow":["GET"]}}],"collection":[{"href":"https:\/\/jornalfatosenoticias.com.br\/index.php\/wp-json\/wp\/v2\/posts"}],"about":[{"href":"https:\/\/jornalfatosenoticias.com.br\/index.php\/wp-json\/wp\/v2\/types\/post"}],"author":[{"embeddable":true,"href":"https:\/\/jornalfatosenoticias.com.br\/index.php\/wp-json\/wp\/v2\/users\/2"}],"replies":[{"embeddable":true,"href":"https:\/\/jornalfatosenoticias.com.br\/index.php\/wp-json\/wp\/v2\/comments?post=55086"}],"version-history":[{"count":0,"href":"https:\/\/jornalfatosenoticias.com.br\/index.php\/wp-json\/wp\/v2\/posts\/55086\/revisions"}],"wp:featuredmedia":[{"embeddable":true,"href":"https:\/\/jornalfatosenoticias.com.br\/index.php\/wp-json\/wp\/v2\/media\/55087"}],"wp:attachment":[{"href":"https:\/\/jornalfatosenoticias.com.br\/index.php\/wp-json\/wp\/v2\/media?parent=55086"}],"wp:term":[{"taxonomy":"category","embeddable":true,"href":"https:\/\/jornalfatosenoticias.com.br\/index.php\/wp-json\/wp\/v2\/categories?post=55086"},{"taxonomy":"post_tag","embeddable":true,"href":"https:\/\/jornalfatosenoticias.com.br\/index.php\/wp-json\/wp\/v2\/tags?post=55086"}],"curies":[{"name":"wp","href":"https:\/\/api.w.org\/{rel}","templated":true}]}}