{"id":55106,"date":"2024-10-23T14:23:53","date_gmt":"2024-10-23T17:23:53","guid":{"rendered":"https:\/\/jornalfatosenoticias.com.br\/?p=55106"},"modified":"2024-10-23T14:23:54","modified_gmt":"2024-10-23T17:23:54","slug":"a-chuva-de-dois-milhoes-de-anos-que-deu-inicio-a-era-dos-dinossauros","status":"publish","type":"post","link":"https:\/\/jornalfatosenoticias.com.br\/index.php\/2024\/10\/23\/a-chuva-de-dois-milhoes-de-anos-que-deu-inicio-a-era-dos-dinossauros\/","title":{"rendered":"A chuva de dois milh\u00f5es de anos que deu in\u00edcio \u00e0 Era dos Dinossauros"},"content":{"rendered":"\n<p><em><span class=\"has-inline-color has-black-color\">De acordo com os cientistas, esse per\u00edodo de longos temporais ocorreu logo ap\u00f3s uma seca bastante severa, h\u00e1 232 milh\u00f5es de anos<\/span><\/em><\/p>\n\n\n\n<p><span class=\"has-inline-color has-black-color\">Por <strong><a href=\"https:\/\/olhardigital.com.br\/author\/bob-furuya\/\">Bob Furuya<\/a><\/strong><\/span><\/p>\n\n\n\n<div class=\"wp-block-image\"><figure class=\"aligncenter size-large\"><a href=\"https:\/\/mizu.com.br\/\"><img loading=\"lazy\" decoding=\"async\" width=\"729\" height=\"90\" src=\"https:\/\/jornalfatosenoticias.com.br\/wp-content\/uploads\/2020\/02\/Logo_Mizu.png\" alt=\"\" class=\"wp-image-1441\" srcset=\"https:\/\/jornalfatosenoticias.com.br\/wp-content\/uploads\/2020\/02\/Logo_Mizu.png 729w, https:\/\/jornalfatosenoticias.com.br\/wp-content\/uploads\/2020\/02\/Logo_Mizu-300x37.png 300w\" sizes=\"auto, (max-width: 729px) 100vw, 729px\" \/><\/a><\/figure><\/div>\n\n\n\n<p>Os cientistas acreditam que a <strong><a href=\"https:\/\/olhardigital.com.br\/tag\/terra\/\" target=\"_blank\" rel=\"noreferrer noopener\">Terra<\/a><\/strong> tem cerca de 4,5 bilh\u00f5es de anos. \u00c9 bastante tempo at\u00e9 chegarmos no nosso 2024. E muita coisa aconteceu nesse per\u00edodo. O Evento Pluvial Carniano \u00e9 um desses grandes epis\u00f3dios. Imagine viver em um planeta onde a <strong><a href=\"https:\/\/olhardigital.com.br\/tag\/chuva\/\" target=\"_blank\" rel=\"noreferrer noopener\">chuva<\/a><\/strong> \u00e9 a regra. A exce\u00e7\u00e3o s\u00e3o os poucos dias secos. De acordo com estudos, essa era a realidade de alguns seres que viviam aqui h\u00e1 aproximadamente 232 milh\u00f5es de anos.<br>A descoberta desse per\u00edodo ocorreu na d\u00e9cada de 1980, quando <strong><a href=\"https:\/\/olhardigital.com.br\/tag\/geologia\/\" target=\"_blank\" rel=\"noreferrer noopener\">ge\u00f3logos<\/a><\/strong> identificaram camadas incomuns depositadas em rochas com milh\u00f5es de anos. Essas evid\u00eancias apontaram para uma transi\u00e7\u00e3o r\u00e1pida entre uma \u00e9poca de muita seca para outra de muita chuva.<\/p>\n\n\n\n<div class=\"wp-block-image\"><figure class=\"aligncenter size-large\"><a href=\"http:\/\/www.ferrarimaquinas.com.br\/\"><img loading=\"lazy\" decoding=\"async\" width=\"300\" height=\"250\" src=\"https:\/\/jornalfatosenoticias.com.br\/wp-content\/uploads\/2022\/02\/FERRARI_MAQUINAS-E-FERRAMENTAS2.jpg\" alt=\"\" class=\"wp-image-27860\"\/><\/a><\/figure><\/div>\n\n\n\n<p>Os pesquisadores estimam que essa era de temporais tenha durado algo entre um e dois milh\u00f5es de anos. Essa foi uma das maiores <strong><a href=\"https:\/\/olhardigital.com.br\/tag\/mudancas-climaticas\/\" target=\"_blank\" rel=\"noreferrer noopener\">mudan\u00e7as clim\u00e1ticas<\/a><\/strong> j\u00e1 observadas na Terra e resultou em consequ\u00eancias importantes para o desenvolvimento da vida no nosso planeta. <\/p>\n\n\n\n<div class=\"wp-block-image\"><figure class=\"aligncenter size-large is-resized\"><a href=\"https:\/\/www.instagram.com\/esteiochurrascaria\/\"><img loading=\"lazy\" decoding=\"async\" src=\"https:\/\/jornalfatosenoticias.com.br\/wp-content\/uploads\/2022\/02\/LOGO-ESTEIO-1024x730.png\" alt=\"\" class=\"wp-image-27942\" width=\"344\" height=\"245\" srcset=\"https:\/\/jornalfatosenoticias.com.br\/wp-content\/uploads\/2022\/02\/LOGO-ESTEIO-1024x730.png 1024w, https:\/\/jornalfatosenoticias.com.br\/wp-content\/uploads\/2022\/02\/LOGO-ESTEIO-300x214.png 300w, https:\/\/jornalfatosenoticias.com.br\/wp-content\/uploads\/2022\/02\/LOGO-ESTEIO-768x548.png 768w, https:\/\/jornalfatosenoticias.com.br\/wp-content\/uploads\/2022\/02\/LOGO-ESTEIO.png 1123w\" sizes=\"auto, (max-width: 344px) 100vw, 344px\" \/><\/a><\/figure><\/div>\n\n\n\n<blockquote class=\"wp-block-quote is-layout-flow wp-block-quote-is-layout-flow\"><p><span class=\"has-inline-color has-luminous-vivid-orange-color\">As erup\u00e7\u00f5es foram t\u00e3o grandes que elas bombearam vastas quantidades de gases de efeito estufa como di\u00f3xido de carbono e houve picos de aquecimento global\u201d, disse o ge\u00f3logo Jacopo Dal Corso ao <strong><a href=\"https:\/\/blog.everythingdinosaur.com\/blog\/_archives\/2020\/09\/17\/carnian-pluvial-episode-late-triassic-mass-extinction.html\" target=\"_blank\" rel=\"noreferrer noopener\">Everything Dinosaur<\/a>.<\/strong><\/span><\/p><\/blockquote>\n\n\n\n<div class=\"wp-block-image\"><figure class=\"aligncenter size-large is-resized\"><a href=\"https:\/\/hotelmarquetti.com.br\/\"><img loading=\"lazy\" decoding=\"async\" src=\"https:\/\/jornalfatosenoticias.com.br\/wp-content\/uploads\/2023\/03\/nova-logo-Marquetti.jpg\" alt=\"\" class=\"wp-image-40207\" width=\"327\" height=\"220\" srcset=\"https:\/\/jornalfatosenoticias.com.br\/wp-content\/uploads\/2023\/03\/nova-logo-Marquetti.jpg 643w, https:\/\/jornalfatosenoticias.com.br\/wp-content\/uploads\/2023\/03\/nova-logo-Marquetti-300x202.jpg 300w\" sizes=\"auto, (max-width: 327px) 100vw, 327px\" \/><\/a><\/figure><\/div>\n\n\n\n<p>De acordo com os cientistas, o Evento Pluvial Carniano pode ter sido o gatilho que permitiu aos <strong><a href=\"https:\/\/olhardigital.com.br\/tag\/dinossauros\/\" target=\"_blank\" rel=\"noreferrer noopener\">dinossauros<\/a><\/strong> dominar a Terra. N\u00e3o que eles tenham gostado da chuva, mas resistiram a ela melhor do que outras esp\u00e9cies. E, em um mundo em recupera\u00e7\u00e3o depois do dil\u00favio, eles conseguiram expandir seus territ\u00f3rios mais rapidamente. At\u00e9 porque eram mais fortes.<\/p>\n\n\n\n<div class=\"wp-block-image\"><figure class=\"aligncenter size-large is-resized\"><a href=\"https:\/\/www.instagram.com\/serra4x4cambioautomatico\/\"><img loading=\"lazy\" decoding=\"async\" src=\"https:\/\/jornalfatosenoticias.com.br\/wp-content\/uploads\/2024\/08\/Serra-4x4-1-886x1024.jpg\" alt=\"\" class=\"wp-image-53632\" width=\"294\" height=\"340\" srcset=\"https:\/\/jornalfatosenoticias.com.br\/wp-content\/uploads\/2024\/08\/Serra-4x4-1-886x1024.jpg 886w, https:\/\/jornalfatosenoticias.com.br\/wp-content\/uploads\/2024\/08\/Serra-4x4-1-260x300.jpg 260w, https:\/\/jornalfatosenoticias.com.br\/wp-content\/uploads\/2024\/08\/Serra-4x4-1-768x888.jpg 768w, https:\/\/jornalfatosenoticias.com.br\/wp-content\/uploads\/2024\/08\/Serra-4x4-1.jpg 1181w\" sizes=\"auto, (max-width: 294px) 100vw, 294px\" \/><\/a><\/figure><\/div>\n\n\n\n<p>Vale destacar que outras criaturas tamb\u00e9m come\u00e7aram a prosperar depois desse per\u00edodo de temporais, como insetos, crocodilos, lagartos e tartarugas. O fen\u00f4meno tamb\u00e9m pode ter criado o ambiente perfeito para o surgimento de uma vida vegetal diversificada.<\/p>\n\n\n\n<div class=\"wp-block-image\"><figure class=\"aligncenter size-large\"><a href=\"https:\/\/cesconetto.com.br\/\"><img loading=\"lazy\" decoding=\"async\" width=\"300\" height=\"250\" src=\"https:\/\/jornalfatosenoticias.com.br\/wp-content\/uploads\/2020\/02\/Banner-2.png\" alt=\"\" class=\"wp-image-43787\"\/><\/a><\/figure><\/div>\n\n\n\n<p>\u00c9 por isso que os cientistas exaltam tanto o Evento Pluvial Carniano. Ele teria sido fundamental para o desenvolvimento da fauna do planeta. Essas conclus\u00f5es constam em estudo publicado em 2018 na revista <strong><a href=\"https:\/\/chooser.crossref.org\/?doi=10.1144%2Fjgs2018-049\" target=\"_blank\" rel=\"noreferrer noopener\">Journal of the Geological Society<\/a>.<\/strong> As informa\u00e7\u00f5es s\u00e3o do <strong><a href=\"https:\/\/www.iflscience.com\/when-earth-endured-two-million-years-of-rain-the-carnian-pluvial-event-76438\" target=\"_blank\" rel=\"noreferrer noopener\">IFL Science<\/a>.<\/strong><\/p>\n\n\n\n<div class=\"wp-block-image\"><figure class=\"aligncenter size-large is-resized\"><a href=\"https:\/\/www.legisjuris.com.br\/\"><img loading=\"lazy\" decoding=\"async\" src=\"https:\/\/jornalfatosenoticias.com.br\/wp-content\/uploads\/2024\/09\/Legis-Juris-Consultoria_logo.jpg\" alt=\"\" class=\"wp-image-53915\" width=\"406\" height=\"170\" srcset=\"https:\/\/jornalfatosenoticias.com.br\/wp-content\/uploads\/2024\/09\/Legis-Juris-Consultoria_logo.jpg 969w, https:\/\/jornalfatosenoticias.com.br\/wp-content\/uploads\/2024\/09\/Legis-Juris-Consultoria_logo-300x126.jpg 300w, https:\/\/jornalfatosenoticias.com.br\/wp-content\/uploads\/2024\/09\/Legis-Juris-Consultoria_logo-768x322.jpg 768w\" sizes=\"auto, (max-width: 406px) 100vw, 406px\" \/><\/a><\/figure><\/div>\n\n\n\n<p><em><span class=\"has-inline-color has-black-color\">(<strong>Foto:<\/strong> Universidade Estadual da Carolina do Norte\/Divulga\u00e7\u00e3o)<\/span><\/em><\/p>\n\n\n\n<p><strong><em>Fonte: <a href=\"https:\/\/olhardigital.com.br\/2024\/10\/21\/ciencia-e-espaco\/a-chuva-de-2-milhoes-de-anos-que-deu-inicio-a-era-dos-dinossauros\/\">Olhar Digital<\/a><\/em><\/strong><\/p>\n","protected":false},"excerpt":{"rendered":"<p>De acordo com os cientistas, esse per\u00edodo de longos temporais ocorreu logo ap\u00f3s uma seca bastante severa, h\u00e1 232 milh\u00f5es de anos Por Bob Furuya Os cientistas acreditam que a Terra tem cerca de 4,5 bilh\u00f5es de anos. \u00c9 bastante tempo at\u00e9 chegarmos no nosso 2024. E muita coisa aconteceu nesse per\u00edodo. O Evento Pluvial [&hellip;]<\/p>\n","protected":false},"author":2,"featured_media":55107,"comment_status":"open","ping_status":"open","sticky":false,"template":"","format":"standard","meta":{"footnotes":""},"categories":[9808],"tags":[223,1190,195,360,1612],"class_list":["post-55106","post","type-post","status-publish","format-standard","has-post-thumbnail","hentry","category-paleo-arqueologia","tag-chuvas","tag-dinossauros","tag-geologia","tag-mudancas-climaticas","tag-triassico"],"yoast_head":"<!-- This site is optimized with the Yoast SEO plugin v26.5 - https:\/\/yoast.com\/wordpress\/plugins\/seo\/ -->\n<title>A chuva de dois milh\u00f5es de anos que deu in\u00edcio \u00e0 Era dos Dinossauros - Jornal Fatos e Not\u00edcias<\/title>\n<meta name=\"robots\" content=\"index, follow, max-snippet:-1, max-image-preview:large, max-video-preview:-1\" \/>\n<link rel=\"canonical\" href=\"https:\/\/jornalfatosenoticias.com.br\/index.php\/2024\/10\/23\/a-chuva-de-dois-milhoes-de-anos-que-deu-inicio-a-era-dos-dinossauros\/\" \/>\n<meta property=\"og:locale\" content=\"pt_BR\" \/>\n<meta property=\"og:type\" content=\"article\" \/>\n<meta property=\"og:title\" content=\"A chuva de dois milh\u00f5es de anos que deu in\u00edcio \u00e0 Era dos Dinossauros - Jornal Fatos e Not\u00edcias\" \/>\n<meta property=\"og:description\" content=\"De acordo com os cientistas, esse per\u00edodo de longos temporais ocorreu logo ap\u00f3s uma seca bastante severa, h\u00e1 232 milh\u00f5es de anos Por Bob Furuya Os cientistas acreditam que a Terra tem cerca de 4,5 bilh\u00f5es de anos. \u00c9 bastante tempo at\u00e9 chegarmos no nosso 2024. E muita coisa aconteceu nesse per\u00edodo. O Evento Pluvial [&hellip;]\" \/>\n<meta property=\"og:url\" content=\"https:\/\/jornalfatosenoticias.com.br\/index.php\/2024\/10\/23\/a-chuva-de-dois-milhoes-de-anos-que-deu-inicio-a-era-dos-dinossauros\/\" \/>\n<meta property=\"og:site_name\" content=\"Jornal Fatos e Not\u00edcias\" \/>\n<meta property=\"article:published_time\" content=\"2024-10-23T17:23:53+00:00\" \/>\n<meta property=\"article:modified_time\" content=\"2024-10-23T17:23:54+00:00\" \/>\n<meta property=\"og:image\" content=\"https:\/\/jornalfatosenoticias.com.br\/wp-content\/uploads\/2024\/10\/dinossauro-era-dos-dinossauros.jpg\" \/>\n\t<meta property=\"og:image:width\" content=\"1000\" \/>\n\t<meta property=\"og:image:height\" content=\"759\" \/>\n\t<meta property=\"og:image:type\" content=\"image\/jpeg\" \/>\n<meta name=\"author\" content=\"Luzimara Fernandes\" \/>\n<meta name=\"twitter:card\" content=\"summary_large_image\" \/>\n<meta name=\"twitter:label1\" content=\"Escrito por\" \/>\n\t<meta name=\"twitter:data1\" content=\"Luzimara Fernandes\" \/>\n\t<meta name=\"twitter:label2\" content=\"Est. tempo de leitura\" \/>\n\t<meta name=\"twitter:data2\" content=\"2 minutos\" \/>\n<script type=\"application\/ld+json\" class=\"yoast-schema-graph\">{\"@context\":\"https:\/\/schema.org\",\"@graph\":[{\"@type\":\"Article\",\"@id\":\"https:\/\/jornalfatosenoticias.com.br\/index.php\/2024\/10\/23\/a-chuva-de-dois-milhoes-de-anos-que-deu-inicio-a-era-dos-dinossauros\/#article\",\"isPartOf\":{\"@id\":\"https:\/\/jornalfatosenoticias.com.br\/index.php\/2024\/10\/23\/a-chuva-de-dois-milhoes-de-anos-que-deu-inicio-a-era-dos-dinossauros\/\"},\"author\":{\"name\":\"Luzimara Fernandes\",\"@id\":\"https:\/\/jornalfatosenoticias.com.br\/#\/schema\/person\/d63837fa13ac8666eb9e74e0985d6f81\"},\"headline\":\"A chuva de dois milh\u00f5es de anos que deu in\u00edcio \u00e0 Era dos Dinossauros\",\"datePublished\":\"2024-10-23T17:23:53+00:00\",\"dateModified\":\"2024-10-23T17:23:54+00:00\",\"mainEntityOfPage\":{\"@id\":\"https:\/\/jornalfatosenoticias.com.br\/index.php\/2024\/10\/23\/a-chuva-de-dois-milhoes-de-anos-que-deu-inicio-a-era-dos-dinossauros\/\"},\"wordCount\":407,\"commentCount\":0,\"publisher\":{\"@id\":\"https:\/\/jornalfatosenoticias.com.br\/#organization\"},\"image\":{\"@id\":\"https:\/\/jornalfatosenoticias.com.br\/index.php\/2024\/10\/23\/a-chuva-de-dois-milhoes-de-anos-que-deu-inicio-a-era-dos-dinossauros\/#primaryimage\"},\"thumbnailUrl\":\"https:\/\/jornalfatosenoticias.com.br\/wp-content\/uploads\/2024\/10\/dinossauro-era-dos-dinossauros.jpg\",\"keywords\":[\"chuvas\",\"dinossauros\",\"geologia\",\"mudan\u00e7as clim\u00e1ticas\",\"Tri\u00e1ssico\"],\"articleSection\":[\"Paleo &amp; Arqueologia\"],\"inLanguage\":\"pt-BR\",\"potentialAction\":[{\"@type\":\"CommentAction\",\"name\":\"Comment\",\"target\":[\"https:\/\/jornalfatosenoticias.com.br\/index.php\/2024\/10\/23\/a-chuva-de-dois-milhoes-de-anos-que-deu-inicio-a-era-dos-dinossauros\/#respond\"]}]},{\"@type\":\"WebPage\",\"@id\":\"https:\/\/jornalfatosenoticias.com.br\/index.php\/2024\/10\/23\/a-chuva-de-dois-milhoes-de-anos-que-deu-inicio-a-era-dos-dinossauros\/\",\"url\":\"https:\/\/jornalfatosenoticias.com.br\/index.php\/2024\/10\/23\/a-chuva-de-dois-milhoes-de-anos-que-deu-inicio-a-era-dos-dinossauros\/\",\"name\":\"A chuva de dois milh\u00f5es de anos que deu in\u00edcio \u00e0 Era dos Dinossauros - Jornal Fatos e Not\u00edcias\",\"isPartOf\":{\"@id\":\"https:\/\/jornalfatosenoticias.com.br\/#website\"},\"primaryImageOfPage\":{\"@id\":\"https:\/\/jornalfatosenoticias.com.br\/index.php\/2024\/10\/23\/a-chuva-de-dois-milhoes-de-anos-que-deu-inicio-a-era-dos-dinossauros\/#primaryimage\"},\"image\":{\"@id\":\"https:\/\/jornalfatosenoticias.com.br\/index.php\/2024\/10\/23\/a-chuva-de-dois-milhoes-de-anos-que-deu-inicio-a-era-dos-dinossauros\/#primaryimage\"},\"thumbnailUrl\":\"https:\/\/jornalfatosenoticias.com.br\/wp-content\/uploads\/2024\/10\/dinossauro-era-dos-dinossauros.jpg\",\"datePublished\":\"2024-10-23T17:23:53+00:00\",\"dateModified\":\"2024-10-23T17:23:54+00:00\",\"breadcrumb\":{\"@id\":\"https:\/\/jornalfatosenoticias.com.br\/index.php\/2024\/10\/23\/a-chuva-de-dois-milhoes-de-anos-que-deu-inicio-a-era-dos-dinossauros\/#breadcrumb\"},\"inLanguage\":\"pt-BR\",\"potentialAction\":[{\"@type\":\"ReadAction\",\"target\":[\"https:\/\/jornalfatosenoticias.com.br\/index.php\/2024\/10\/23\/a-chuva-de-dois-milhoes-de-anos-que-deu-inicio-a-era-dos-dinossauros\/\"]}]},{\"@type\":\"ImageObject\",\"inLanguage\":\"pt-BR\",\"@id\":\"https:\/\/jornalfatosenoticias.com.br\/index.php\/2024\/10\/23\/a-chuva-de-dois-milhoes-de-anos-que-deu-inicio-a-era-dos-dinossauros\/#primaryimage\",\"url\":\"https:\/\/jornalfatosenoticias.com.br\/wp-content\/uploads\/2024\/10\/dinossauro-era-dos-dinossauros.jpg\",\"contentUrl\":\"https:\/\/jornalfatosenoticias.com.br\/wp-content\/uploads\/2024\/10\/dinossauro-era-dos-dinossauros.jpg\",\"width\":1000,\"height\":759},{\"@type\":\"BreadcrumbList\",\"@id\":\"https:\/\/jornalfatosenoticias.com.br\/index.php\/2024\/10\/23\/a-chuva-de-dois-milhoes-de-anos-que-deu-inicio-a-era-dos-dinossauros\/#breadcrumb\",\"itemListElement\":[{\"@type\":\"ListItem\",\"position\":1,\"name\":\"In\u00edcio\",\"item\":\"https:\/\/jornalfatosenoticias.com.br\/\"},{\"@type\":\"ListItem\",\"position\":2,\"name\":\"A chuva de dois milh\u00f5es de anos que deu in\u00edcio \u00e0 Era dos Dinossauros\"}]},{\"@type\":\"WebSite\",\"@id\":\"https:\/\/jornalfatosenoticias.com.br\/#website\",\"url\":\"https:\/\/jornalfatosenoticias.com.br\/\",\"name\":\"Jornal Fatos e Not\u00edcias\",\"description\":\"Not\u00edcias em geral\",\"publisher\":{\"@id\":\"https:\/\/jornalfatosenoticias.com.br\/#organization\"},\"potentialAction\":[{\"@type\":\"SearchAction\",\"target\":{\"@type\":\"EntryPoint\",\"urlTemplate\":\"https:\/\/jornalfatosenoticias.com.br\/?s={search_term_string}\"},\"query-input\":{\"@type\":\"PropertyValueSpecification\",\"valueRequired\":true,\"valueName\":\"search_term_string\"}}],\"inLanguage\":\"pt-BR\"},{\"@type\":\"Organization\",\"@id\":\"https:\/\/jornalfatosenoticias.com.br\/#organization\",\"name\":\"Jornal Fatos e Not\u00edcias\",\"url\":\"https:\/\/jornalfatosenoticias.com.br\/\",\"logo\":{\"@type\":\"ImageObject\",\"inLanguage\":\"pt-BR\",\"@id\":\"https:\/\/jornalfatosenoticias.com.br\/#\/schema\/logo\/image\/\",\"url\":\"https:\/\/jornalfatosenoticias.com.br\/wp-content\/uploads\/2020\/02\/logo120.png\",\"contentUrl\":\"https:\/\/jornalfatosenoticias.com.br\/wp-content\/uploads\/2020\/02\/logo120.png\",\"width\":1227,\"height\":120,\"caption\":\"Jornal Fatos e Not\u00edcias\"},\"image\":{\"@id\":\"https:\/\/jornalfatosenoticias.com.br\/#\/schema\/logo\/image\/\"}},{\"@type\":\"Person\",\"@id\":\"https:\/\/jornalfatosenoticias.com.br\/#\/schema\/person\/d63837fa13ac8666eb9e74e0985d6f81\",\"name\":\"Luzimara Fernandes\",\"image\":{\"@type\":\"ImageObject\",\"inLanguage\":\"pt-BR\",\"@id\":\"https:\/\/jornalfatosenoticias.com.br\/#\/schema\/person\/image\/\",\"url\":\"https:\/\/jornalfatosenoticias.com.br\/wp-content\/uploads\/2025\/05\/EU_portal.jpg\",\"contentUrl\":\"https:\/\/jornalfatosenoticias.com.br\/wp-content\/uploads\/2025\/05\/EU_portal.jpg\",\"caption\":\"Luzimara Fernandes\"},\"description\":\"Jornalista MTB 2358-ES\",\"sameAs\":[\"https:\/\/jornalfatosenoticias.com.br\"],\"url\":\"https:\/\/jornalfatosenoticias.com.br\/index.php\/author\/luzimara\/\"}]}<\/script>\n<!-- \/ Yoast SEO plugin. -->","yoast_head_json":{"title":"A chuva de dois milh\u00f5es de anos que deu in\u00edcio \u00e0 Era dos Dinossauros - Jornal Fatos e Not\u00edcias","robots":{"index":"index","follow":"follow","max-snippet":"max-snippet:-1","max-image-preview":"max-image-preview:large","max-video-preview":"max-video-preview:-1"},"canonical":"https:\/\/jornalfatosenoticias.com.br\/index.php\/2024\/10\/23\/a-chuva-de-dois-milhoes-de-anos-que-deu-inicio-a-era-dos-dinossauros\/","og_locale":"pt_BR","og_type":"article","og_title":"A chuva de dois milh\u00f5es de anos que deu in\u00edcio \u00e0 Era dos Dinossauros - Jornal Fatos e Not\u00edcias","og_description":"De acordo com os cientistas, esse per\u00edodo de longos temporais ocorreu logo ap\u00f3s uma seca bastante severa, h\u00e1 232 milh\u00f5es de anos Por Bob Furuya Os cientistas acreditam que a Terra tem cerca de 4,5 bilh\u00f5es de anos. \u00c9 bastante tempo at\u00e9 chegarmos no nosso 2024. E muita coisa aconteceu nesse per\u00edodo. O Evento Pluvial [&hellip;]","og_url":"https:\/\/jornalfatosenoticias.com.br\/index.php\/2024\/10\/23\/a-chuva-de-dois-milhoes-de-anos-que-deu-inicio-a-era-dos-dinossauros\/","og_site_name":"Jornal Fatos e Not\u00edcias","article_published_time":"2024-10-23T17:23:53+00:00","article_modified_time":"2024-10-23T17:23:54+00:00","og_image":[{"width":1000,"height":759,"url":"https:\/\/jornalfatosenoticias.com.br\/wp-content\/uploads\/2024\/10\/dinossauro-era-dos-dinossauros.jpg","type":"image\/jpeg"}],"author":"Luzimara Fernandes","twitter_card":"summary_large_image","twitter_misc":{"Escrito por":"Luzimara Fernandes","Est. tempo de leitura":"2 minutos"},"schema":{"@context":"https:\/\/schema.org","@graph":[{"@type":"Article","@id":"https:\/\/jornalfatosenoticias.com.br\/index.php\/2024\/10\/23\/a-chuva-de-dois-milhoes-de-anos-que-deu-inicio-a-era-dos-dinossauros\/#article","isPartOf":{"@id":"https:\/\/jornalfatosenoticias.com.br\/index.php\/2024\/10\/23\/a-chuva-de-dois-milhoes-de-anos-que-deu-inicio-a-era-dos-dinossauros\/"},"author":{"name":"Luzimara Fernandes","@id":"https:\/\/jornalfatosenoticias.com.br\/#\/schema\/person\/d63837fa13ac8666eb9e74e0985d6f81"},"headline":"A chuva de dois milh\u00f5es de anos que deu in\u00edcio \u00e0 Era dos Dinossauros","datePublished":"2024-10-23T17:23:53+00:00","dateModified":"2024-10-23T17:23:54+00:00","mainEntityOfPage":{"@id":"https:\/\/jornalfatosenoticias.com.br\/index.php\/2024\/10\/23\/a-chuva-de-dois-milhoes-de-anos-que-deu-inicio-a-era-dos-dinossauros\/"},"wordCount":407,"commentCount":0,"publisher":{"@id":"https:\/\/jornalfatosenoticias.com.br\/#organization"},"image":{"@id":"https:\/\/jornalfatosenoticias.com.br\/index.php\/2024\/10\/23\/a-chuva-de-dois-milhoes-de-anos-que-deu-inicio-a-era-dos-dinossauros\/#primaryimage"},"thumbnailUrl":"https:\/\/jornalfatosenoticias.com.br\/wp-content\/uploads\/2024\/10\/dinossauro-era-dos-dinossauros.jpg","keywords":["chuvas","dinossauros","geologia","mudan\u00e7as clim\u00e1ticas","Tri\u00e1ssico"],"articleSection":["Paleo &amp; Arqueologia"],"inLanguage":"pt-BR","potentialAction":[{"@type":"CommentAction","name":"Comment","target":["https:\/\/jornalfatosenoticias.com.br\/index.php\/2024\/10\/23\/a-chuva-de-dois-milhoes-de-anos-que-deu-inicio-a-era-dos-dinossauros\/#respond"]}]},{"@type":"WebPage","@id":"https:\/\/jornalfatosenoticias.com.br\/index.php\/2024\/10\/23\/a-chuva-de-dois-milhoes-de-anos-que-deu-inicio-a-era-dos-dinossauros\/","url":"https:\/\/jornalfatosenoticias.com.br\/index.php\/2024\/10\/23\/a-chuva-de-dois-milhoes-de-anos-que-deu-inicio-a-era-dos-dinossauros\/","name":"A chuva de dois milh\u00f5es de anos que deu in\u00edcio \u00e0 Era dos Dinossauros - Jornal Fatos e Not\u00edcias","isPartOf":{"@id":"https:\/\/jornalfatosenoticias.com.br\/#website"},"primaryImageOfPage":{"@id":"https:\/\/jornalfatosenoticias.com.br\/index.php\/2024\/10\/23\/a-chuva-de-dois-milhoes-de-anos-que-deu-inicio-a-era-dos-dinossauros\/#primaryimage"},"image":{"@id":"https:\/\/jornalfatosenoticias.com.br\/index.php\/2024\/10\/23\/a-chuva-de-dois-milhoes-de-anos-que-deu-inicio-a-era-dos-dinossauros\/#primaryimage"},"thumbnailUrl":"https:\/\/jornalfatosenoticias.com.br\/wp-content\/uploads\/2024\/10\/dinossauro-era-dos-dinossauros.jpg","datePublished":"2024-10-23T17:23:53+00:00","dateModified":"2024-10-23T17:23:54+00:00","breadcrumb":{"@id":"https:\/\/jornalfatosenoticias.com.br\/index.php\/2024\/10\/23\/a-chuva-de-dois-milhoes-de-anos-que-deu-inicio-a-era-dos-dinossauros\/#breadcrumb"},"inLanguage":"pt-BR","potentialAction":[{"@type":"ReadAction","target":["https:\/\/jornalfatosenoticias.com.br\/index.php\/2024\/10\/23\/a-chuva-de-dois-milhoes-de-anos-que-deu-inicio-a-era-dos-dinossauros\/"]}]},{"@type":"ImageObject","inLanguage":"pt-BR","@id":"https:\/\/jornalfatosenoticias.com.br\/index.php\/2024\/10\/23\/a-chuva-de-dois-milhoes-de-anos-que-deu-inicio-a-era-dos-dinossauros\/#primaryimage","url":"https:\/\/jornalfatosenoticias.com.br\/wp-content\/uploads\/2024\/10\/dinossauro-era-dos-dinossauros.jpg","contentUrl":"https:\/\/jornalfatosenoticias.com.br\/wp-content\/uploads\/2024\/10\/dinossauro-era-dos-dinossauros.jpg","width":1000,"height":759},{"@type":"BreadcrumbList","@id":"https:\/\/jornalfatosenoticias.com.br\/index.php\/2024\/10\/23\/a-chuva-de-dois-milhoes-de-anos-que-deu-inicio-a-era-dos-dinossauros\/#breadcrumb","itemListElement":[{"@type":"ListItem","position":1,"name":"In\u00edcio","item":"https:\/\/jornalfatosenoticias.com.br\/"},{"@type":"ListItem","position":2,"name":"A chuva de dois milh\u00f5es de anos que deu in\u00edcio \u00e0 Era dos Dinossauros"}]},{"@type":"WebSite","@id":"https:\/\/jornalfatosenoticias.com.br\/#website","url":"https:\/\/jornalfatosenoticias.com.br\/","name":"Jornal Fatos e Not\u00edcias","description":"Not\u00edcias em geral","publisher":{"@id":"https:\/\/jornalfatosenoticias.com.br\/#organization"},"potentialAction":[{"@type":"SearchAction","target":{"@type":"EntryPoint","urlTemplate":"https:\/\/jornalfatosenoticias.com.br\/?s={search_term_string}"},"query-input":{"@type":"PropertyValueSpecification","valueRequired":true,"valueName":"search_term_string"}}],"inLanguage":"pt-BR"},{"@type":"Organization","@id":"https:\/\/jornalfatosenoticias.com.br\/#organization","name":"Jornal Fatos e Not\u00edcias","url":"https:\/\/jornalfatosenoticias.com.br\/","logo":{"@type":"ImageObject","inLanguage":"pt-BR","@id":"https:\/\/jornalfatosenoticias.com.br\/#\/schema\/logo\/image\/","url":"https:\/\/jornalfatosenoticias.com.br\/wp-content\/uploads\/2020\/02\/logo120.png","contentUrl":"https:\/\/jornalfatosenoticias.com.br\/wp-content\/uploads\/2020\/02\/logo120.png","width":1227,"height":120,"caption":"Jornal Fatos e Not\u00edcias"},"image":{"@id":"https:\/\/jornalfatosenoticias.com.br\/#\/schema\/logo\/image\/"}},{"@type":"Person","@id":"https:\/\/jornalfatosenoticias.com.br\/#\/schema\/person\/d63837fa13ac8666eb9e74e0985d6f81","name":"Luzimara Fernandes","image":{"@type":"ImageObject","inLanguage":"pt-BR","@id":"https:\/\/jornalfatosenoticias.com.br\/#\/schema\/person\/image\/","url":"https:\/\/jornalfatosenoticias.com.br\/wp-content\/uploads\/2025\/05\/EU_portal.jpg","contentUrl":"https:\/\/jornalfatosenoticias.com.br\/wp-content\/uploads\/2025\/05\/EU_portal.jpg","caption":"Luzimara Fernandes"},"description":"Jornalista MTB 2358-ES","sameAs":["https:\/\/jornalfatosenoticias.com.br"],"url":"https:\/\/jornalfatosenoticias.com.br\/index.php\/author\/luzimara\/"}]}},"cc_featured_image_caption":{"caption_text":"","source_text":"","source_url":""},"jetpack_featured_media_url":"https:\/\/jornalfatosenoticias.com.br\/wp-content\/uploads\/2024\/10\/dinossauro-era-dos-dinossauros.jpg","_links":{"self":[{"href":"https:\/\/jornalfatosenoticias.com.br\/index.php\/wp-json\/wp\/v2\/posts\/55106","targetHints":{"allow":["GET"]}}],"collection":[{"href":"https:\/\/jornalfatosenoticias.com.br\/index.php\/wp-json\/wp\/v2\/posts"}],"about":[{"href":"https:\/\/jornalfatosenoticias.com.br\/index.php\/wp-json\/wp\/v2\/types\/post"}],"author":[{"embeddable":true,"href":"https:\/\/jornalfatosenoticias.com.br\/index.php\/wp-json\/wp\/v2\/users\/2"}],"replies":[{"embeddable":true,"href":"https:\/\/jornalfatosenoticias.com.br\/index.php\/wp-json\/wp\/v2\/comments?post=55106"}],"version-history":[{"count":0,"href":"https:\/\/jornalfatosenoticias.com.br\/index.php\/wp-json\/wp\/v2\/posts\/55106\/revisions"}],"wp:featuredmedia":[{"embeddable":true,"href":"https:\/\/jornalfatosenoticias.com.br\/index.php\/wp-json\/wp\/v2\/media\/55107"}],"wp:attachment":[{"href":"https:\/\/jornalfatosenoticias.com.br\/index.php\/wp-json\/wp\/v2\/media?parent=55106"}],"wp:term":[{"taxonomy":"category","embeddable":true,"href":"https:\/\/jornalfatosenoticias.com.br\/index.php\/wp-json\/wp\/v2\/categories?post=55106"},{"taxonomy":"post_tag","embeddable":true,"href":"https:\/\/jornalfatosenoticias.com.br\/index.php\/wp-json\/wp\/v2\/tags?post=55106"}],"curies":[{"name":"wp","href":"https:\/\/api.w.org\/{rel}","templated":true}]}}