{"id":55116,"date":"2024-10-23T14:53:01","date_gmt":"2024-10-23T17:53:01","guid":{"rendered":"https:\/\/jornalfatosenoticias.com.br\/?p=55116"},"modified":"2024-10-23T14:53:03","modified_gmt":"2024-10-23T17:53:03","slug":"caminhao-eletrico-sem-cabine-sera-usado-pela-primeira-vez-em-operacoes-no-brasil","status":"publish","type":"post","link":"https:\/\/jornalfatosenoticias.com.br\/index.php\/2024\/10\/23\/caminhao-eletrico-sem-cabine-sera-usado-pela-primeira-vez-em-operacoes-no-brasil\/","title":{"rendered":"Caminh\u00e3o el\u00e9trico sem cabine ser\u00e1 usado pela primeira vez em opera\u00e7\u00f5es no Brasil"},"content":{"rendered":"\n<p><em><span class=\"has-inline-color has-black-color\">Modelo ter\u00e1 recursos de IA para analisar trajetos em tempo real<\/span><\/em><\/p>\n\n\n\n<p><span class=\"has-inline-color has-black-color\">Por <strong><a href=\"https:\/\/olhardigital.com.br\/author\/vitoria-gomez\/\">Vitoria Lopes Gomez<\/a><\/strong><\/span><\/p>\n\n\n\n<div class=\"wp-block-image\"><figure class=\"aligncenter size-large is-resized\"><a href=\"https:\/\/www.facebook.com\/vetor.vix\/\"><img loading=\"lazy\" decoding=\"async\" src=\"https:\/\/jornalfatosenoticias.com.br\/wp-content\/uploads\/2023\/09\/vetorvix1024_1.jpg\" alt=\"\" class=\"wp-image-44868\" width=\"502\" height=\"133\" srcset=\"https:\/\/jornalfatosenoticias.com.br\/wp-content\/uploads\/2023\/09\/vetorvix1024_1.jpg 1024w, https:\/\/jornalfatosenoticias.com.br\/wp-content\/uploads\/2023\/09\/vetorvix1024_1-300x80.jpg 300w, https:\/\/jornalfatosenoticias.com.br\/wp-content\/uploads\/2023\/09\/vetorvix1024_1-768x205.jpg 768w\" sizes=\"auto, (max-width: 502px) 100vw, 502px\" \/><\/a><\/figure><\/div>\n\n\n\n<p>A Suzano, empresa de produtora de celulose, anunciou testes do primeiro <a href=\"https:\/\/olhardigital.com.br\/tag\/caminhao-eletrico2\/\" target=\"_blank\" rel=\"noreferrer noopener\"><strong>caminh\u00e3o aut\u00f4nomo el\u00e9trico<\/strong><\/a>\u00a0da Am\u00e9rica Latina em opera\u00e7\u00f5es portu\u00e1rias no\u00a0<strong><a href=\"https:\/\/olhardigital.com.br\/tag\/brasil\/\" target=\"_blank\" rel=\"noreferrer noopener\">Brasil<\/a>.<\/strong> A expectativa \u00e9 apresentar e colocar o ve\u00edculo em pr\u00e1tica j\u00e1 nos pr\u00f3ximos anos. O objetivo por tr\u00e1s da iniciativa \u00e9 diminuir o risco para <a href=\"https:\/\/olhardigital.com.br\/tag\/motoristas\/\" target=\"_blank\" rel=\"noreferrer noopener\"><strong>motoristas<\/strong><\/a>, aumentar a efici\u00eancia e reduzir custos e\u00a0<strong><a href=\"https:\/\/olhardigital.com.br\/tag\/emissoes\/\" target=\"_blank\" rel=\"noreferrer noopener\">emiss\u00f5es<\/a>.<\/strong><br>O projeto \u00e9 da Suzano em parceria com a Lume Robotics, empresa brasileira de solu\u00e7\u00f5es para mobilidade urbana respons\u00e1vel pela configura\u00e7\u00e3o \u201csem cabine\u201d do modelo. A Financiadora de Estudos e Projetos (Finep) selecionou a iniciativa para receber apoio e fechou contrato de R$ 3 milh\u00f5es para o desenvolvimento do ve\u00edculo.<\/p>\n\n\n\n<div class=\"wp-block-image\"><figure class=\"aligncenter size-large\"><a href=\"http:\/\/www.ferrarimaquinas.com.br\/\"><img loading=\"lazy\" decoding=\"async\" width=\"300\" height=\"250\" src=\"https:\/\/jornalfatosenoticias.com.br\/wp-content\/uploads\/2022\/02\/FERRARI_MAQUINAS-E-FERRAMENTAS2.jpg\" alt=\"\" class=\"wp-image-27860\"\/><\/a><\/figure><\/div>\n\n\n\n<p>Ainda de acordo com a nota, o caminh\u00e3o el\u00e9trico sem cabine ter\u00e1 testes de implementa\u00e7\u00e3o e valida\u00e7\u00e3o em opera\u00e7\u00e3o portu\u00e1ria real da Suzano. O trabalho \u00e9 andar trajeto de quatro quil\u00f4metros, entre o armaz\u00e9m e o costado do navio, carregando 64 toneladas de celulose. Esse processo deve acontecer cerca de 50 vezes por dia sem parar. A previs\u00e3o \u00e9 que o modelo fique pronta para apresenta\u00e7\u00e3o em 2027, com as opera\u00e7\u00f5es de testes come\u00e7ando at\u00e9 2028.<\/p>\n\n\n\n<div class=\"wp-block-image\"><figure class=\"aligncenter size-large is-resized\"><a href=\"https:\/\/www.instagram.com\/restaurantepegoretti\/\"><img loading=\"lazy\" decoding=\"async\" src=\"https:\/\/jornalfatosenoticias.com.br\/wp-content\/uploads\/2023\/12\/pegoretti-logo-pdf-1024x389.jpg\" alt=\"\" class=\"wp-image-47536\" width=\"440\" height=\"167\" srcset=\"https:\/\/jornalfatosenoticias.com.br\/wp-content\/uploads\/2023\/12\/pegoretti-logo-pdf-1024x389.jpg 1024w, https:\/\/jornalfatosenoticias.com.br\/wp-content\/uploads\/2023\/12\/pegoretti-logo-pdf-300x114.jpg 300w, https:\/\/jornalfatosenoticias.com.br\/wp-content\/uploads\/2023\/12\/pegoretti-logo-pdf-768x291.jpg 768w, https:\/\/jornalfatosenoticias.com.br\/wp-content\/uploads\/2023\/12\/pegoretti-logo-pdf.jpg 1120w\" sizes=\"auto, (max-width: 440px) 100vw, 440px\" \/><\/a><\/figure><\/div>\n\n\n\n<p><strong><em>Fonte: <a href=\"https:\/\/olhardigital.com.br\/2024\/10\/18\/carros-e-tecnologia\/caminhao-eletrico-sem-cabine-sera-usado-pela-primeira-vez-em-operacoes-no-brasil\/\">Olhar Digital<\/a><\/em><\/strong><\/p>\n","protected":false},"excerpt":{"rendered":"<p>Modelo ter\u00e1 recursos de IA para analisar trajetos em tempo real Por Vitoria Lopes Gomez A Suzano, empresa de produtora de celulose, anunciou testes do primeiro caminh\u00e3o aut\u00f4nomo el\u00e9trico\u00a0da Am\u00e9rica Latina em opera\u00e7\u00f5es portu\u00e1rias no\u00a0Brasil. A expectativa \u00e9 apresentar e colocar o ve\u00edculo em pr\u00e1tica j\u00e1 nos pr\u00f3ximos anos. O objetivo por tr\u00e1s da iniciativa [&hellip;]<\/p>\n","protected":false},"author":2,"featured_media":55117,"comment_status":"open","ping_status":"open","sticky":false,"template":"","format":"standard","meta":{"footnotes":""},"categories":[3],"tags":[597,14370,10213,7727,25124,11389],"class_list":["post-55116","post","type-post","status-publish","format-standard","has-post-thumbnail","hentry","category-tecnologia","tag-brasil","tag-caminhao-autonomo","tag-caminhao-eletrico","tag-ia","tag-lume-robotics","tag-suzano"],"yoast_head":"<!-- This site is optimized with the Yoast SEO plugin v26.5 - https:\/\/yoast.com\/wordpress\/plugins\/seo\/ -->\n<title>Caminh\u00e3o el\u00e9trico sem cabine ser\u00e1 usado pela primeira vez em opera\u00e7\u00f5es no Brasil - Jornal Fatos e Not\u00edcias<\/title>\n<meta name=\"robots\" content=\"index, follow, max-snippet:-1, max-image-preview:large, max-video-preview:-1\" \/>\n<link rel=\"canonical\" href=\"https:\/\/jornalfatosenoticias.com.br\/index.php\/2024\/10\/23\/caminhao-eletrico-sem-cabine-sera-usado-pela-primeira-vez-em-operacoes-no-brasil\/\" \/>\n<meta property=\"og:locale\" content=\"pt_BR\" \/>\n<meta property=\"og:type\" content=\"article\" \/>\n<meta property=\"og:title\" content=\"Caminh\u00e3o el\u00e9trico sem cabine ser\u00e1 usado pela primeira vez em opera\u00e7\u00f5es no Brasil - Jornal Fatos e Not\u00edcias\" \/>\n<meta property=\"og:description\" content=\"Modelo ter\u00e1 recursos de IA para analisar trajetos em tempo real Por Vitoria Lopes Gomez A Suzano, empresa de produtora de celulose, anunciou testes do primeiro caminh\u00e3o aut\u00f4nomo el\u00e9trico\u00a0da Am\u00e9rica Latina em opera\u00e7\u00f5es portu\u00e1rias no\u00a0Brasil. A expectativa \u00e9 apresentar e colocar o ve\u00edculo em pr\u00e1tica j\u00e1 nos pr\u00f3ximos anos. O objetivo por tr\u00e1s da iniciativa [&hellip;]\" \/>\n<meta property=\"og:url\" content=\"https:\/\/jornalfatosenoticias.com.br\/index.php\/2024\/10\/23\/caminhao-eletrico-sem-cabine-sera-usado-pela-primeira-vez-em-operacoes-no-brasil\/\" \/>\n<meta property=\"og:site_name\" content=\"Jornal Fatos e Not\u00edcias\" \/>\n<meta property=\"article:published_time\" content=\"2024-10-23T17:53:01+00:00\" \/>\n<meta property=\"article:modified_time\" content=\"2024-10-23T17:53:03+00:00\" \/>\n<meta property=\"og:image\" content=\"https:\/\/jornalfatosenoticias.com.br\/wp-content\/uploads\/2024\/10\/caminhao-eletrico-suzano-lume-robotics.png\" \/>\n\t<meta property=\"og:image:width\" content=\"1000\" \/>\n\t<meta property=\"og:image:height\" content=\"648\" \/>\n\t<meta property=\"og:image:type\" content=\"image\/png\" \/>\n<meta name=\"author\" content=\"Luzimara Fernandes\" \/>\n<meta name=\"twitter:card\" content=\"summary_large_image\" \/>\n<meta name=\"twitter:label1\" content=\"Escrito por\" \/>\n\t<meta name=\"twitter:data1\" content=\"Luzimara Fernandes\" \/>\n\t<meta name=\"twitter:label2\" content=\"Est. tempo de leitura\" \/>\n\t<meta name=\"twitter:data2\" content=\"1 minuto\" \/>\n<script type=\"application\/ld+json\" class=\"yoast-schema-graph\">{\"@context\":\"https:\/\/schema.org\",\"@graph\":[{\"@type\":\"Article\",\"@id\":\"https:\/\/jornalfatosenoticias.com.br\/index.php\/2024\/10\/23\/caminhao-eletrico-sem-cabine-sera-usado-pela-primeira-vez-em-operacoes-no-brasil\/#article\",\"isPartOf\":{\"@id\":\"https:\/\/jornalfatosenoticias.com.br\/index.php\/2024\/10\/23\/caminhao-eletrico-sem-cabine-sera-usado-pela-primeira-vez-em-operacoes-no-brasil\/\"},\"author\":{\"name\":\"Luzimara Fernandes\",\"@id\":\"https:\/\/jornalfatosenoticias.com.br\/#\/schema\/person\/d63837fa13ac8666eb9e74e0985d6f81\"},\"headline\":\"Caminh\u00e3o el\u00e9trico sem cabine ser\u00e1 usado pela primeira vez em opera\u00e7\u00f5es no Brasil\",\"datePublished\":\"2024-10-23T17:53:01+00:00\",\"dateModified\":\"2024-10-23T17:53:03+00:00\",\"mainEntityOfPage\":{\"@id\":\"https:\/\/jornalfatosenoticias.com.br\/index.php\/2024\/10\/23\/caminhao-eletrico-sem-cabine-sera-usado-pela-primeira-vez-em-operacoes-no-brasil\/\"},\"wordCount\":235,\"commentCount\":0,\"publisher\":{\"@id\":\"https:\/\/jornalfatosenoticias.com.br\/#organization\"},\"image\":{\"@id\":\"https:\/\/jornalfatosenoticias.com.br\/index.php\/2024\/10\/23\/caminhao-eletrico-sem-cabine-sera-usado-pela-primeira-vez-em-operacoes-no-brasil\/#primaryimage\"},\"thumbnailUrl\":\"https:\/\/jornalfatosenoticias.com.br\/wp-content\/uploads\/2024\/10\/caminhao-eletrico-suzano-lume-robotics.png\",\"keywords\":[\"Brasil\",\"caminh\u00e3o aut\u00f4nomo\",\"caminh\u00e3o el\u00e9trico\",\"IA\",\"Lume Robotics\",\"Suzano\"],\"articleSection\":[\"Tecnologia &amp; Inova\u00e7\u00e3o\"],\"inLanguage\":\"pt-BR\",\"potentialAction\":[{\"@type\":\"CommentAction\",\"name\":\"Comment\",\"target\":[\"https:\/\/jornalfatosenoticias.com.br\/index.php\/2024\/10\/23\/caminhao-eletrico-sem-cabine-sera-usado-pela-primeira-vez-em-operacoes-no-brasil\/#respond\"]}]},{\"@type\":\"WebPage\",\"@id\":\"https:\/\/jornalfatosenoticias.com.br\/index.php\/2024\/10\/23\/caminhao-eletrico-sem-cabine-sera-usado-pela-primeira-vez-em-operacoes-no-brasil\/\",\"url\":\"https:\/\/jornalfatosenoticias.com.br\/index.php\/2024\/10\/23\/caminhao-eletrico-sem-cabine-sera-usado-pela-primeira-vez-em-operacoes-no-brasil\/\",\"name\":\"Caminh\u00e3o el\u00e9trico sem cabine ser\u00e1 usado pela primeira vez em opera\u00e7\u00f5es no Brasil - Jornal Fatos e Not\u00edcias\",\"isPartOf\":{\"@id\":\"https:\/\/jornalfatosenoticias.com.br\/#website\"},\"primaryImageOfPage\":{\"@id\":\"https:\/\/jornalfatosenoticias.com.br\/index.php\/2024\/10\/23\/caminhao-eletrico-sem-cabine-sera-usado-pela-primeira-vez-em-operacoes-no-brasil\/#primaryimage\"},\"image\":{\"@id\":\"https:\/\/jornalfatosenoticias.com.br\/index.php\/2024\/10\/23\/caminhao-eletrico-sem-cabine-sera-usado-pela-primeira-vez-em-operacoes-no-brasil\/#primaryimage\"},\"thumbnailUrl\":\"https:\/\/jornalfatosenoticias.com.br\/wp-content\/uploads\/2024\/10\/caminhao-eletrico-suzano-lume-robotics.png\",\"datePublished\":\"2024-10-23T17:53:01+00:00\",\"dateModified\":\"2024-10-23T17:53:03+00:00\",\"breadcrumb\":{\"@id\":\"https:\/\/jornalfatosenoticias.com.br\/index.php\/2024\/10\/23\/caminhao-eletrico-sem-cabine-sera-usado-pela-primeira-vez-em-operacoes-no-brasil\/#breadcrumb\"},\"inLanguage\":\"pt-BR\",\"potentialAction\":[{\"@type\":\"ReadAction\",\"target\":[\"https:\/\/jornalfatosenoticias.com.br\/index.php\/2024\/10\/23\/caminhao-eletrico-sem-cabine-sera-usado-pela-primeira-vez-em-operacoes-no-brasil\/\"]}]},{\"@type\":\"ImageObject\",\"inLanguage\":\"pt-BR\",\"@id\":\"https:\/\/jornalfatosenoticias.com.br\/index.php\/2024\/10\/23\/caminhao-eletrico-sem-cabine-sera-usado-pela-primeira-vez-em-operacoes-no-brasil\/#primaryimage\",\"url\":\"https:\/\/jornalfatosenoticias.com.br\/wp-content\/uploads\/2024\/10\/caminhao-eletrico-suzano-lume-robotics.png\",\"contentUrl\":\"https:\/\/jornalfatosenoticias.com.br\/wp-content\/uploads\/2024\/10\/caminhao-eletrico-suzano-lume-robotics.png\",\"width\":1000,\"height\":648},{\"@type\":\"BreadcrumbList\",\"@id\":\"https:\/\/jornalfatosenoticias.com.br\/index.php\/2024\/10\/23\/caminhao-eletrico-sem-cabine-sera-usado-pela-primeira-vez-em-operacoes-no-brasil\/#breadcrumb\",\"itemListElement\":[{\"@type\":\"ListItem\",\"position\":1,\"name\":\"In\u00edcio\",\"item\":\"https:\/\/jornalfatosenoticias.com.br\/\"},{\"@type\":\"ListItem\",\"position\":2,\"name\":\"Caminh\u00e3o el\u00e9trico sem cabine ser\u00e1 usado pela primeira vez em opera\u00e7\u00f5es no Brasil\"}]},{\"@type\":\"WebSite\",\"@id\":\"https:\/\/jornalfatosenoticias.com.br\/#website\",\"url\":\"https:\/\/jornalfatosenoticias.com.br\/\",\"name\":\"Jornal Fatos e Not\u00edcias\",\"description\":\"Not\u00edcias em geral\",\"publisher\":{\"@id\":\"https:\/\/jornalfatosenoticias.com.br\/#organization\"},\"potentialAction\":[{\"@type\":\"SearchAction\",\"target\":{\"@type\":\"EntryPoint\",\"urlTemplate\":\"https:\/\/jornalfatosenoticias.com.br\/?s={search_term_string}\"},\"query-input\":{\"@type\":\"PropertyValueSpecification\",\"valueRequired\":true,\"valueName\":\"search_term_string\"}}],\"inLanguage\":\"pt-BR\"},{\"@type\":\"Organization\",\"@id\":\"https:\/\/jornalfatosenoticias.com.br\/#organization\",\"name\":\"Jornal Fatos e Not\u00edcias\",\"url\":\"https:\/\/jornalfatosenoticias.com.br\/\",\"logo\":{\"@type\":\"ImageObject\",\"inLanguage\":\"pt-BR\",\"@id\":\"https:\/\/jornalfatosenoticias.com.br\/#\/schema\/logo\/image\/\",\"url\":\"https:\/\/jornalfatosenoticias.com.br\/wp-content\/uploads\/2020\/02\/logo120.png\",\"contentUrl\":\"https:\/\/jornalfatosenoticias.com.br\/wp-content\/uploads\/2020\/02\/logo120.png\",\"width\":1227,\"height\":120,\"caption\":\"Jornal Fatos e Not\u00edcias\"},\"image\":{\"@id\":\"https:\/\/jornalfatosenoticias.com.br\/#\/schema\/logo\/image\/\"}},{\"@type\":\"Person\",\"@id\":\"https:\/\/jornalfatosenoticias.com.br\/#\/schema\/person\/d63837fa13ac8666eb9e74e0985d6f81\",\"name\":\"Luzimara Fernandes\",\"image\":{\"@type\":\"ImageObject\",\"inLanguage\":\"pt-BR\",\"@id\":\"https:\/\/jornalfatosenoticias.com.br\/#\/schema\/person\/image\/\",\"url\":\"https:\/\/jornalfatosenoticias.com.br\/wp-content\/uploads\/2025\/05\/EU_portal.jpg\",\"contentUrl\":\"https:\/\/jornalfatosenoticias.com.br\/wp-content\/uploads\/2025\/05\/EU_portal.jpg\",\"caption\":\"Luzimara Fernandes\"},\"description\":\"Jornalista MTB 2358-ES\",\"sameAs\":[\"https:\/\/jornalfatosenoticias.com.br\"],\"url\":\"https:\/\/jornalfatosenoticias.com.br\/index.php\/author\/luzimara\/\"}]}<\/script>\n<!-- \/ Yoast SEO plugin. -->","yoast_head_json":{"title":"Caminh\u00e3o el\u00e9trico sem cabine ser\u00e1 usado pela primeira vez em opera\u00e7\u00f5es no Brasil - Jornal Fatos e Not\u00edcias","robots":{"index":"index","follow":"follow","max-snippet":"max-snippet:-1","max-image-preview":"max-image-preview:large","max-video-preview":"max-video-preview:-1"},"canonical":"https:\/\/jornalfatosenoticias.com.br\/index.php\/2024\/10\/23\/caminhao-eletrico-sem-cabine-sera-usado-pela-primeira-vez-em-operacoes-no-brasil\/","og_locale":"pt_BR","og_type":"article","og_title":"Caminh\u00e3o el\u00e9trico sem cabine ser\u00e1 usado pela primeira vez em opera\u00e7\u00f5es no Brasil - Jornal Fatos e Not\u00edcias","og_description":"Modelo ter\u00e1 recursos de IA para analisar trajetos em tempo real Por Vitoria Lopes Gomez A Suzano, empresa de produtora de celulose, anunciou testes do primeiro caminh\u00e3o aut\u00f4nomo el\u00e9trico\u00a0da Am\u00e9rica Latina em opera\u00e7\u00f5es portu\u00e1rias no\u00a0Brasil. A expectativa \u00e9 apresentar e colocar o ve\u00edculo em pr\u00e1tica j\u00e1 nos pr\u00f3ximos anos. O objetivo por tr\u00e1s da iniciativa [&hellip;]","og_url":"https:\/\/jornalfatosenoticias.com.br\/index.php\/2024\/10\/23\/caminhao-eletrico-sem-cabine-sera-usado-pela-primeira-vez-em-operacoes-no-brasil\/","og_site_name":"Jornal Fatos e Not\u00edcias","article_published_time":"2024-10-23T17:53:01+00:00","article_modified_time":"2024-10-23T17:53:03+00:00","og_image":[{"width":1000,"height":648,"url":"https:\/\/jornalfatosenoticias.com.br\/wp-content\/uploads\/2024\/10\/caminhao-eletrico-suzano-lume-robotics.png","type":"image\/png"}],"author":"Luzimara Fernandes","twitter_card":"summary_large_image","twitter_misc":{"Escrito por":"Luzimara Fernandes","Est. tempo de leitura":"1 minuto"},"schema":{"@context":"https:\/\/schema.org","@graph":[{"@type":"Article","@id":"https:\/\/jornalfatosenoticias.com.br\/index.php\/2024\/10\/23\/caminhao-eletrico-sem-cabine-sera-usado-pela-primeira-vez-em-operacoes-no-brasil\/#article","isPartOf":{"@id":"https:\/\/jornalfatosenoticias.com.br\/index.php\/2024\/10\/23\/caminhao-eletrico-sem-cabine-sera-usado-pela-primeira-vez-em-operacoes-no-brasil\/"},"author":{"name":"Luzimara Fernandes","@id":"https:\/\/jornalfatosenoticias.com.br\/#\/schema\/person\/d63837fa13ac8666eb9e74e0985d6f81"},"headline":"Caminh\u00e3o el\u00e9trico sem cabine ser\u00e1 usado pela primeira vez em opera\u00e7\u00f5es no Brasil","datePublished":"2024-10-23T17:53:01+00:00","dateModified":"2024-10-23T17:53:03+00:00","mainEntityOfPage":{"@id":"https:\/\/jornalfatosenoticias.com.br\/index.php\/2024\/10\/23\/caminhao-eletrico-sem-cabine-sera-usado-pela-primeira-vez-em-operacoes-no-brasil\/"},"wordCount":235,"commentCount":0,"publisher":{"@id":"https:\/\/jornalfatosenoticias.com.br\/#organization"},"image":{"@id":"https:\/\/jornalfatosenoticias.com.br\/index.php\/2024\/10\/23\/caminhao-eletrico-sem-cabine-sera-usado-pela-primeira-vez-em-operacoes-no-brasil\/#primaryimage"},"thumbnailUrl":"https:\/\/jornalfatosenoticias.com.br\/wp-content\/uploads\/2024\/10\/caminhao-eletrico-suzano-lume-robotics.png","keywords":["Brasil","caminh\u00e3o aut\u00f4nomo","caminh\u00e3o el\u00e9trico","IA","Lume Robotics","Suzano"],"articleSection":["Tecnologia &amp; Inova\u00e7\u00e3o"],"inLanguage":"pt-BR","potentialAction":[{"@type":"CommentAction","name":"Comment","target":["https:\/\/jornalfatosenoticias.com.br\/index.php\/2024\/10\/23\/caminhao-eletrico-sem-cabine-sera-usado-pela-primeira-vez-em-operacoes-no-brasil\/#respond"]}]},{"@type":"WebPage","@id":"https:\/\/jornalfatosenoticias.com.br\/index.php\/2024\/10\/23\/caminhao-eletrico-sem-cabine-sera-usado-pela-primeira-vez-em-operacoes-no-brasil\/","url":"https:\/\/jornalfatosenoticias.com.br\/index.php\/2024\/10\/23\/caminhao-eletrico-sem-cabine-sera-usado-pela-primeira-vez-em-operacoes-no-brasil\/","name":"Caminh\u00e3o el\u00e9trico sem cabine ser\u00e1 usado pela primeira vez em opera\u00e7\u00f5es no Brasil - Jornal Fatos e Not\u00edcias","isPartOf":{"@id":"https:\/\/jornalfatosenoticias.com.br\/#website"},"primaryImageOfPage":{"@id":"https:\/\/jornalfatosenoticias.com.br\/index.php\/2024\/10\/23\/caminhao-eletrico-sem-cabine-sera-usado-pela-primeira-vez-em-operacoes-no-brasil\/#primaryimage"},"image":{"@id":"https:\/\/jornalfatosenoticias.com.br\/index.php\/2024\/10\/23\/caminhao-eletrico-sem-cabine-sera-usado-pela-primeira-vez-em-operacoes-no-brasil\/#primaryimage"},"thumbnailUrl":"https:\/\/jornalfatosenoticias.com.br\/wp-content\/uploads\/2024\/10\/caminhao-eletrico-suzano-lume-robotics.png","datePublished":"2024-10-23T17:53:01+00:00","dateModified":"2024-10-23T17:53:03+00:00","breadcrumb":{"@id":"https:\/\/jornalfatosenoticias.com.br\/index.php\/2024\/10\/23\/caminhao-eletrico-sem-cabine-sera-usado-pela-primeira-vez-em-operacoes-no-brasil\/#breadcrumb"},"inLanguage":"pt-BR","potentialAction":[{"@type":"ReadAction","target":["https:\/\/jornalfatosenoticias.com.br\/index.php\/2024\/10\/23\/caminhao-eletrico-sem-cabine-sera-usado-pela-primeira-vez-em-operacoes-no-brasil\/"]}]},{"@type":"ImageObject","inLanguage":"pt-BR","@id":"https:\/\/jornalfatosenoticias.com.br\/index.php\/2024\/10\/23\/caminhao-eletrico-sem-cabine-sera-usado-pela-primeira-vez-em-operacoes-no-brasil\/#primaryimage","url":"https:\/\/jornalfatosenoticias.com.br\/wp-content\/uploads\/2024\/10\/caminhao-eletrico-suzano-lume-robotics.png","contentUrl":"https:\/\/jornalfatosenoticias.com.br\/wp-content\/uploads\/2024\/10\/caminhao-eletrico-suzano-lume-robotics.png","width":1000,"height":648},{"@type":"BreadcrumbList","@id":"https:\/\/jornalfatosenoticias.com.br\/index.php\/2024\/10\/23\/caminhao-eletrico-sem-cabine-sera-usado-pela-primeira-vez-em-operacoes-no-brasil\/#breadcrumb","itemListElement":[{"@type":"ListItem","position":1,"name":"In\u00edcio","item":"https:\/\/jornalfatosenoticias.com.br\/"},{"@type":"ListItem","position":2,"name":"Caminh\u00e3o el\u00e9trico sem cabine ser\u00e1 usado pela primeira vez em opera\u00e7\u00f5es no Brasil"}]},{"@type":"WebSite","@id":"https:\/\/jornalfatosenoticias.com.br\/#website","url":"https:\/\/jornalfatosenoticias.com.br\/","name":"Jornal Fatos e Not\u00edcias","description":"Not\u00edcias em geral","publisher":{"@id":"https:\/\/jornalfatosenoticias.com.br\/#organization"},"potentialAction":[{"@type":"SearchAction","target":{"@type":"EntryPoint","urlTemplate":"https:\/\/jornalfatosenoticias.com.br\/?s={search_term_string}"},"query-input":{"@type":"PropertyValueSpecification","valueRequired":true,"valueName":"search_term_string"}}],"inLanguage":"pt-BR"},{"@type":"Organization","@id":"https:\/\/jornalfatosenoticias.com.br\/#organization","name":"Jornal Fatos e Not\u00edcias","url":"https:\/\/jornalfatosenoticias.com.br\/","logo":{"@type":"ImageObject","inLanguage":"pt-BR","@id":"https:\/\/jornalfatosenoticias.com.br\/#\/schema\/logo\/image\/","url":"https:\/\/jornalfatosenoticias.com.br\/wp-content\/uploads\/2020\/02\/logo120.png","contentUrl":"https:\/\/jornalfatosenoticias.com.br\/wp-content\/uploads\/2020\/02\/logo120.png","width":1227,"height":120,"caption":"Jornal Fatos e Not\u00edcias"},"image":{"@id":"https:\/\/jornalfatosenoticias.com.br\/#\/schema\/logo\/image\/"}},{"@type":"Person","@id":"https:\/\/jornalfatosenoticias.com.br\/#\/schema\/person\/d63837fa13ac8666eb9e74e0985d6f81","name":"Luzimara Fernandes","image":{"@type":"ImageObject","inLanguage":"pt-BR","@id":"https:\/\/jornalfatosenoticias.com.br\/#\/schema\/person\/image\/","url":"https:\/\/jornalfatosenoticias.com.br\/wp-content\/uploads\/2025\/05\/EU_portal.jpg","contentUrl":"https:\/\/jornalfatosenoticias.com.br\/wp-content\/uploads\/2025\/05\/EU_portal.jpg","caption":"Luzimara Fernandes"},"description":"Jornalista MTB 2358-ES","sameAs":["https:\/\/jornalfatosenoticias.com.br"],"url":"https:\/\/jornalfatosenoticias.com.br\/index.php\/author\/luzimara\/"}]}},"cc_featured_image_caption":{"caption_text":"(Foto: Suzano\/Divulga\u00e7\u00e3o) ","source_text":"","source_url":""},"jetpack_featured_media_url":"https:\/\/jornalfatosenoticias.com.br\/wp-content\/uploads\/2024\/10\/caminhao-eletrico-suzano-lume-robotics.png","_links":{"self":[{"href":"https:\/\/jornalfatosenoticias.com.br\/index.php\/wp-json\/wp\/v2\/posts\/55116","targetHints":{"allow":["GET"]}}],"collection":[{"href":"https:\/\/jornalfatosenoticias.com.br\/index.php\/wp-json\/wp\/v2\/posts"}],"about":[{"href":"https:\/\/jornalfatosenoticias.com.br\/index.php\/wp-json\/wp\/v2\/types\/post"}],"author":[{"embeddable":true,"href":"https:\/\/jornalfatosenoticias.com.br\/index.php\/wp-json\/wp\/v2\/users\/2"}],"replies":[{"embeddable":true,"href":"https:\/\/jornalfatosenoticias.com.br\/index.php\/wp-json\/wp\/v2\/comments?post=55116"}],"version-history":[{"count":0,"href":"https:\/\/jornalfatosenoticias.com.br\/index.php\/wp-json\/wp\/v2\/posts\/55116\/revisions"}],"wp:featuredmedia":[{"embeddable":true,"href":"https:\/\/jornalfatosenoticias.com.br\/index.php\/wp-json\/wp\/v2\/media\/55117"}],"wp:attachment":[{"href":"https:\/\/jornalfatosenoticias.com.br\/index.php\/wp-json\/wp\/v2\/media?parent=55116"}],"wp:term":[{"taxonomy":"category","embeddable":true,"href":"https:\/\/jornalfatosenoticias.com.br\/index.php\/wp-json\/wp\/v2\/categories?post=55116"},{"taxonomy":"post_tag","embeddable":true,"href":"https:\/\/jornalfatosenoticias.com.br\/index.php\/wp-json\/wp\/v2\/tags?post=55116"}],"curies":[{"name":"wp","href":"https:\/\/api.w.org\/{rel}","templated":true}]}}