{"id":55129,"date":"2024-10-24T13:29:09","date_gmt":"2024-10-24T16:29:09","guid":{"rendered":"https:\/\/jornalfatosenoticias.com.br\/?p=55129"},"modified":"2024-10-24T13:29:44","modified_gmt":"2024-10-24T16:29:44","slug":"a-semana-no-brasil-e-no-mundo-efeito-lula-estatais-federais-devem-fechar-2024-com-maior-deficit-em-15-anos-atingindo-r-37-bilhoes","status":"publish","type":"post","link":"https:\/\/jornalfatosenoticias.com.br\/index.php\/2024\/10\/24\/a-semana-no-brasil-e-no-mundo-efeito-lula-estatais-federais-devem-fechar-2024-com-maior-deficit-em-15-anos-atingindo-r-37-bilhoes\/","title":{"rendered":"A Semana no Brasil e no Mundo \u2014 Efeito Lula: estatais federais devem fechar 2024 com maior d\u00e9ficit em 15 anos, atingindo R$ 3,7 bilh\u00f5es"},"content":{"rendered":"\n<div class=\"wp-block-image\"><figure class=\"aligncenter size-large\"><a href=\"https:\/\/mizu.com.br\/\"><img loading=\"lazy\" decoding=\"async\" width=\"729\" height=\"90\" src=\"https:\/\/jornalfatosenoticias.com.br\/wp-content\/uploads\/2020\/02\/Logo_Mizu.png\" alt=\"\" class=\"wp-image-1441\" srcset=\"https:\/\/jornalfatosenoticias.com.br\/wp-content\/uploads\/2020\/02\/Logo_Mizu.png 729w, https:\/\/jornalfatosenoticias.com.br\/wp-content\/uploads\/2020\/02\/Logo_Mizu-300x37.png 300w\" sizes=\"auto, (max-width: 729px) 100vw, 729px\" \/><\/a><\/figure><\/div>\n\n\n\n<p>As contas das empresas estatais federais do Brasil devem encerrar 2024 com o maior d\u00e9ficit registrado nos \u00faltimos 15 anos, atingindo R$ 3,7 bilh\u00f5es, segundo proje\u00e7\u00f5es do governo. O rombo, que j\u00e1 somava R$ 3,3 bilh\u00f5es at\u00e9 agosto, reflete a situa\u00e7\u00e3o de mais de cem estatais em setores como infraestrutura, telecomunica\u00e7\u00f5es e agropecu\u00e1ria.<br>Entre as empresas que mais contribu\u00edram para o d\u00e9ficit em 2024 est\u00e3o a Emgepron, os Correios, a Empresa Gestora de Ativos (Emgea), a Infraero e a Dataprev. Petrobras, Eletrobras e bancos p\u00fablicos n\u00e3o est\u00e3o inclu\u00eddos nessas contas devido \u00e0s suas caracter\u00edsticas de governan\u00e7a semelhantes \u00e0s de empresas privadas.<\/p>\n\n\n\n<div class=\"wp-block-image\"><figure class=\"aligncenter size-large is-resized\"><a href=\"https:\/\/www.instagram.com\/restaurantepegoretti\/\"><img loading=\"lazy\" decoding=\"async\" src=\"https:\/\/jornalfatosenoticias.com.br\/wp-content\/uploads\/2023\/12\/pegoretti-logo-pdf-1024x389.jpg\" alt=\"\" class=\"wp-image-47536\" width=\"414\" height=\"157\" srcset=\"https:\/\/jornalfatosenoticias.com.br\/wp-content\/uploads\/2023\/12\/pegoretti-logo-pdf-1024x389.jpg 1024w, https:\/\/jornalfatosenoticias.com.br\/wp-content\/uploads\/2023\/12\/pegoretti-logo-pdf-300x114.jpg 300w, https:\/\/jornalfatosenoticias.com.br\/wp-content\/uploads\/2023\/12\/pegoretti-logo-pdf-768x291.jpg 768w, https:\/\/jornalfatosenoticias.com.br\/wp-content\/uploads\/2023\/12\/pegoretti-logo-pdf.jpg 1120w\" sizes=\"auto, (max-width: 414px) 100vw, 414px\" \/><\/a><\/figure><\/div>\n\n\n\n<p>O governo de Luiz In\u00e1cio Lula da Silva justificou o resultado negativo como consequ\u00eancia do aumento dos investimentos em tecnologia e equipamentos, financiados por recursos pr\u00f3prios das empresas. Entretanto, especialistas alertam que a continuidade do d\u00e9ficit pode comprometer a credibilidade do pa\u00eds e dificultar o equil\u00edbrio das contas p\u00fablicas.<\/p>\n\n\n\n<div class=\"wp-block-image\"><figure class=\"aligncenter size-large is-resized\"><a href=\"https:\/\/www.facebook.com\/postobkr\/?locale=pt_BR\"><img loading=\"lazy\" decoding=\"async\" src=\"https:\/\/jornalfatosenoticias.com.br\/wp-content\/uploads\/2023\/08\/BKR-1024x1021.jpg\" alt=\"\" class=\"wp-image-44494\" width=\"296\" height=\"295\" srcset=\"https:\/\/jornalfatosenoticias.com.br\/wp-content\/uploads\/2023\/08\/BKR-1024x1021.jpg 1024w, https:\/\/jornalfatosenoticias.com.br\/wp-content\/uploads\/2023\/08\/BKR-300x300.jpg 300w, https:\/\/jornalfatosenoticias.com.br\/wp-content\/uploads\/2023\/08\/BKR-150x150.jpg 150w, https:\/\/jornalfatosenoticias.com.br\/wp-content\/uploads\/2023\/08\/BKR-768x766.jpg 768w, https:\/\/jornalfatosenoticias.com.br\/wp-content\/uploads\/2023\/08\/BKR.jpg 1080w\" sizes=\"auto, (max-width: 296px) 100vw, 296px\" \/><\/a><\/figure><\/div>\n\n\n\n<p>O economista Gabriel Barros destacou a preocupa\u00e7\u00e3o com a sustentabilidade dos repasses federais \u00e0s estatais, enquanto Claudio Frischtak advertiu que o custo do d\u00e9ficit recai sobre a popula\u00e7\u00e3o, elevando juros e o risco pa\u00eds. <strong>(Fonte: Hora Bras\u00edlia)<\/strong><\/p>\n\n\n\n<div class=\"wp-block-image\"><figure class=\"aligncenter size-large is-resized\"><a href=\"https:\/\/www.facebook.com\/vetor.vix\/\"><img loading=\"lazy\" decoding=\"async\" src=\"https:\/\/jornalfatosenoticias.com.br\/wp-content\/uploads\/2023\/09\/vetorvix1024_1.jpg\" alt=\"\" class=\"wp-image-44868\" width=\"524\" height=\"139\" srcset=\"https:\/\/jornalfatosenoticias.com.br\/wp-content\/uploads\/2023\/09\/vetorvix1024_1.jpg 1024w, https:\/\/jornalfatosenoticias.com.br\/wp-content\/uploads\/2023\/09\/vetorvix1024_1-300x80.jpg 300w, https:\/\/jornalfatosenoticias.com.br\/wp-content\/uploads\/2023\/09\/vetorvix1024_1-768x205.jpg 768w\" sizes=\"auto, (max-width: 524px) 100vw, 524px\" \/><\/a><\/figure><\/div>\n\n\n\n<hr class=\"wp-block-separator\"\/>\n\n\n\n<h3 class=\"wp-block-heading\"><span class=\"has-inline-color has-black-color\">Israel diz ter encontrado t\u00faneis do Hezbollah pr\u00f3ximo a bases da ONU no L\u00edbano<\/span><\/h3>\n\n\n\n<div class=\"wp-block-image\"><figure class=\"aligncenter size-large\"><img loading=\"lazy\" decoding=\"async\" width=\"612\" height=\"408\" src=\"https:\/\/jornalfatosenoticias.com.br\/wp-content\/uploads\/2024\/10\/tuneis-do-Hezbollah-proximo-de-bases-da-ONU-no-Libano_gettyimages.jpg\" alt=\"\" class=\"wp-image-55134\" srcset=\"https:\/\/jornalfatosenoticias.com.br\/wp-content\/uploads\/2024\/10\/tuneis-do-Hezbollah-proximo-de-bases-da-ONU-no-Libano_gettyimages.jpg 612w, https:\/\/jornalfatosenoticias.com.br\/wp-content\/uploads\/2024\/10\/tuneis-do-Hezbollah-proximo-de-bases-da-ONU-no-Libano_gettyimages-300x200.jpg 300w\" sizes=\"auto, (max-width: 612px) 100vw, 612px\" \/><figcaption><em><span class=\"has-inline-color has-black-color\">(Foto: Getty Images)<\/span><\/em><\/figcaption><\/figure><\/div>\n\n\n\n<p><span class=\"has-inline-color has-black-color\">Por <strong>John Lucas<\/strong><br><\/span>O chefe de opera\u00e7\u00f5es da segunda brigada do Ex\u00e9rcito de Israel, Ariye Hominer, garantiu, na segunda-feira (21), que as tropas encontraram numerosos t\u00faneis e arsenais do grupo terrorista Hezbollah perto de posi\u00e7\u00f5es da For\u00e7a Interina das Na\u00e7\u00f5es Unidas no L\u00edbano (UNIFIL, do ingl\u00eas: United Nations Interim Force in Lebanon), a miss\u00e3o de manuten\u00e7\u00e3o da paz da Organiza\u00e7\u00e3o das Na\u00e7\u00f5es Unidas (ONU) no L\u00edbano, durante suas incurs\u00f5es no sul do pa\u00eds.<\/p>\n\n\n\n<div class=\"wp-block-image\"><figure class=\"aligncenter size-large is-resized\"><a href=\"https:\/\/www.instagram.com\/esteiochurrascaria\/\"><img loading=\"lazy\" decoding=\"async\" src=\"https:\/\/jornalfatosenoticias.com.br\/wp-content\/uploads\/2022\/02\/LOGO-ESTEIO-1024x730.png\" alt=\"\" class=\"wp-image-27942\" width=\"324\" height=\"231\" srcset=\"https:\/\/jornalfatosenoticias.com.br\/wp-content\/uploads\/2022\/02\/LOGO-ESTEIO-1024x730.png 1024w, https:\/\/jornalfatosenoticias.com.br\/wp-content\/uploads\/2022\/02\/LOGO-ESTEIO-300x214.png 300w, https:\/\/jornalfatosenoticias.com.br\/wp-content\/uploads\/2022\/02\/LOGO-ESTEIO-768x548.png 768w, https:\/\/jornalfatosenoticias.com.br\/wp-content\/uploads\/2022\/02\/LOGO-ESTEIO.png 1123w\" sizes=\"auto, (max-width: 324px) 100vw, 324px\" \/><\/a><\/figure><\/div>\n\n\n\n<blockquote class=\"wp-block-quote is-layout-flow wp-block-quote-is-layout-flow\"><p><span class=\"has-inline-color has-luminous-vivid-orange-color\">\u00c9 surpreendente que, apesar do n\u00famero de bases das for\u00e7as da ONU, tenhamos encontrado tanta infraestrutura do Hezbollah: t\u00faneis, arsenal, debaixo do nariz dos capacetes azuis. Como \u00e9 poss\u00edvel?&#8221;, criticou Hominer durante uma visita \u00e0s tropas na cidade israelense de Shlomi, adjacente \u00e0 fronteira com o L\u00edbano.<\/span><\/p><\/blockquote>\n\n\n\n<p>Shlomi \u00e9 uma das cidades da Galileia israelense que se tornaram zonas militares fechadas onde as tropas se preparam para suas opera\u00e7\u00f5es em territ\u00f3rio liban\u00eas desde que Israel iniciou uma opera\u00e7\u00e3o no sul do pa\u00eds vizinho em 1\u00ba de outubro.<br>Hominer defendeu a boa comunica\u00e7\u00e3o do Ex\u00e9rcito israelense com a UNIFIL, depois de esta ter sido posta em quest\u00e3o pelos v\u00e1rios incidentes entre as tropas israelenses contra posi\u00e7\u00f5es desta miss\u00e3o da ONU que at\u00e9 agora deixaram pelo menos cinco capacetes azuis feridos. No entanto, o militar assegurou que \u201co mandato da ONU n\u00e3o est\u00e1 fazendo o trabalho que deveria\u201d no L\u00edbano.<\/p>\n\n\n\n<div class=\"wp-block-image\"><figure class=\"aligncenter size-large is-resized\"><a href=\"https:\/\/www.instagram.com\/ligadossaborespizzaria\/\"><img loading=\"lazy\" decoding=\"async\" src=\"https:\/\/jornalfatosenoticias.com.br\/wp-content\/uploads\/2024\/09\/WhatsApp-Image-2024-09-14-at-22.46.10-819x1024.jpeg\" alt=\"\" class=\"wp-image-54180\" width=\"279\" height=\"349\" srcset=\"https:\/\/jornalfatosenoticias.com.br\/wp-content\/uploads\/2024\/09\/WhatsApp-Image-2024-09-14-at-22.46.10-819x1024.jpeg 819w, https:\/\/jornalfatosenoticias.com.br\/wp-content\/uploads\/2024\/09\/WhatsApp-Image-2024-09-14-at-22.46.10-240x300.jpeg 240w, https:\/\/jornalfatosenoticias.com.br\/wp-content\/uploads\/2024\/09\/WhatsApp-Image-2024-09-14-at-22.46.10-768x960.jpeg 768w, https:\/\/jornalfatosenoticias.com.br\/wp-content\/uploads\/2024\/09\/WhatsApp-Image-2024-09-14-at-22.46.10.jpeg 1024w\" sizes=\"auto, (max-width: 279px) 100vw, 279px\" \/><\/a><\/figure><\/div>\n\n\n\n<p>Hominer disse ainda que Israel n\u00e3o cessar\u00e1 seus ataques ao L\u00edbano \u2014 que, al\u00e9m da invas\u00e3o terrestre, consistem em uma campanha de bombardeios iniciada em 23 de setembro \u2014 at\u00e9 cumprir o objetivo de devolver \u00e0s suas casas os israelenses deslocados das comunidades pr\u00f3ximas \u00e0 fronteira do pa\u00eds vizinho. <em><span class=\"has-inline-color has-black-color\">\u201cEsperamos que seja em breve, mas n\u00e3o estamos limitados pelo tempo ou espa\u00e7o\u201d, destacou.<\/span><\/em><\/p>\n\n\n\n<div class=\"wp-block-image\"><figure class=\"aligncenter size-large is-resized\"><a href=\"https:\/\/panper.com.br\/\"><img loading=\"lazy\" decoding=\"async\" src=\"https:\/\/jornalfatosenoticias.com.br\/wp-content\/uploads\/2023\/03\/logo-Panper_portal.jpg\" alt=\"\" class=\"wp-image-40208\" width=\"331\" height=\"229\" srcset=\"https:\/\/jornalfatosenoticias.com.br\/wp-content\/uploads\/2023\/03\/logo-Panper_portal.jpg 400w, https:\/\/jornalfatosenoticias.com.br\/wp-content\/uploads\/2023\/03\/logo-Panper_portal-300x208.jpg 300w\" sizes=\"auto, (max-width: 331px) 100vw, 331px\" \/><\/a><\/figure><\/div>\n\n\n\n<p>Ao longo do dia, as For\u00e7as Armadas detectaram o lan\u00e7amento de mais de 110 foguetes procedentes do L\u00edbano dirigidos a Israel, embora a maioria tenha sido interceptada ou tenha ca\u00eddo em espa\u00e7os abertos. Cerca de 60 mil israelenses foram deslocados do norte de Israel quando a troca de disparos entre o Ex\u00e9rcito e o Hezbollah come\u00e7ou em 8 de outubro do ano passado, em um gesto de \u201csolidariedade\u201d do grupo terrorista com Gaza ap\u00f3s o in\u00edcio da guerra no enclave palestino, desencadeada pelos ataques terroristas do Hamas em Israel. <strong>(Fonte: Gazeta do Povo)<\/strong><\/p>\n\n\n\n<div class=\"wp-block-image\"><figure class=\"aligncenter size-large is-resized\"><a href=\"https:\/\/hotelmarquetti.com.br\/\"><img loading=\"lazy\" decoding=\"async\" src=\"https:\/\/jornalfatosenoticias.com.br\/wp-content\/uploads\/2020\/02\/nova-logo-Marquetti.jpg\" alt=\"\" class=\"wp-image-22331\" width=\"338\" height=\"227\" srcset=\"https:\/\/jornalfatosenoticias.com.br\/wp-content\/uploads\/2020\/02\/nova-logo-Marquetti.jpg 643w, https:\/\/jornalfatosenoticias.com.br\/wp-content\/uploads\/2020\/02\/nova-logo-Marquetti-300x202.jpg 300w\" sizes=\"auto, (max-width: 338px) 100vw, 338px\" \/><\/a><\/figure><\/div>\n\n\n\n<hr class=\"wp-block-separator\"\/>\n\n\n\n<h3 class=\"wp-block-heading\"><span class=\"has-inline-color has-black-color\">Governo Lula reserva R$ 500 mil para abastecimento da dispensa da Presid\u00eancia com alimentos de luxo<\/span><\/h3>\n\n\n\n<div class=\"wp-block-image\"><figure class=\"aligncenter size-large\"><img loading=\"lazy\" decoding=\"async\" width=\"612\" height=\"408\" src=\"https:\/\/jornalfatosenoticias.com.br\/wp-content\/uploads\/2024\/10\/molusco-e-esbanja-alimentos-de-luxo_gettyimages.jpg\" alt=\"\" class=\"wp-image-55133\" srcset=\"https:\/\/jornalfatosenoticias.com.br\/wp-content\/uploads\/2024\/10\/molusco-e-esbanja-alimentos-de-luxo_gettyimages.jpg 612w, https:\/\/jornalfatosenoticias.com.br\/wp-content\/uploads\/2024\/10\/molusco-e-esbanja-alimentos-de-luxo_gettyimages-300x200.jpg 300w\" sizes=\"auto, (max-width: 612px) 100vw, 612px\" \/><figcaption><em><span class=\"has-inline-color has-black-color\">(Foto: Getty Images)<\/span><\/em><\/figcaption><\/figure><\/div>\n\n\n\n<p>O governo de Luiz In\u00e1cio Lula da Silva reservou aproximadamente R$ 500 mil para a compra de alimentos e bebidas, com destaque para itens como croissants, brioches, bolos, salgados, frios como peito de peru defumado, lombo canadense, presuntos e queijos diversos. Al\u00e9m disso, a lista inclui sobremesas, como gelatinas e doces, e produtos como leite condensado, sucos de polpa e \u00f3leo vegetal de girassol.<\/p>\n\n\n\n<div class=\"wp-block-image\"><figure class=\"aligncenter size-large\"><a href=\"http:\/\/www.ferrarimaquinas.com.br\/\"><img loading=\"lazy\" decoding=\"async\" width=\"300\" height=\"250\" src=\"https:\/\/jornalfatosenoticias.com.br\/wp-content\/uploads\/2022\/02\/FERRARI_MAQUINAS-E-FERRAMENTAS2.jpg\" alt=\"\" class=\"wp-image-27860\"\/><\/a><\/figure><\/div>\n\n\n\n<p>A contrata\u00e7\u00e3o foi justificada pela necessidade de substitui\u00e7\u00e3o das Atas de Registro de Pre\u00e7os n.\u00ba 20, 21, 22 e 23\/2023, que expiram em novembro de 2024. O governo destacou que os novos contratos s\u00e3o essenciais para garantir o abastecimento da despensa da Presid\u00eancia.<\/p>\n\n\n\n<div class=\"wp-block-image\"><figure class=\"aligncenter size-large is-resized\"><a href=\"https:\/\/www.legisjuris.com.br\/\"><img loading=\"lazy\" decoding=\"async\" src=\"https:\/\/jornalfatosenoticias.com.br\/wp-content\/uploads\/2024\/09\/Legis-Juris-Consultoria_logo.jpg\" alt=\"\" class=\"wp-image-53915\" width=\"387\" height=\"162\" srcset=\"https:\/\/jornalfatosenoticias.com.br\/wp-content\/uploads\/2024\/09\/Legis-Juris-Consultoria_logo.jpg 969w, https:\/\/jornalfatosenoticias.com.br\/wp-content\/uploads\/2024\/09\/Legis-Juris-Consultoria_logo-300x126.jpg 300w, https:\/\/jornalfatosenoticias.com.br\/wp-content\/uploads\/2024\/09\/Legis-Juris-Consultoria_logo-768x322.jpg 768w\" sizes=\"auto, (max-width: 387px) 100vw, 387px\" \/><\/a><\/figure><\/div>\n\n\n\n<p>Recentemente, a Presid\u00eancia tamb\u00e9m destinou mais de R$ 350 mil para a compra de bebidas alco\u00f3licas, incluindo u\u00edsque, gim, vodca e Campari, al\u00e9m de copos e ta\u00e7as de cristal e gelo filtrado, com o suporte de uma equipe de gar\u00e7ons. Na justificativa para o gasto com bebidas, o governo ressaltou que eventos e cerim\u00f4nias oficiais devem seguir crit\u00e9rios de \u201charmonia, eleg\u00e2ncia e seguran\u00e7a institucional\u201d. <strong>(Fonte: Hora Bras\u00edlia)<\/strong><\/p>\n\n\n\n<div class=\"wp-block-image\"><figure class=\"aligncenter size-large is-resized\"><a href=\"https:\/\/www.instagram.com\/serra4x4cambioautomatico\/\"><img loading=\"lazy\" decoding=\"async\" src=\"https:\/\/jornalfatosenoticias.com.br\/wp-content\/uploads\/2024\/08\/Serra-4x4-1-886x1024.jpg\" alt=\"\" class=\"wp-image-53632\" width=\"283\" height=\"327\" srcset=\"https:\/\/jornalfatosenoticias.com.br\/wp-content\/uploads\/2024\/08\/Serra-4x4-1-886x1024.jpg 886w, https:\/\/jornalfatosenoticias.com.br\/wp-content\/uploads\/2024\/08\/Serra-4x4-1-260x300.jpg 260w, https:\/\/jornalfatosenoticias.com.br\/wp-content\/uploads\/2024\/08\/Serra-4x4-1-768x888.jpg 768w, https:\/\/jornalfatosenoticias.com.br\/wp-content\/uploads\/2024\/08\/Serra-4x4-1.jpg 1181w\" sizes=\"auto, (max-width: 283px) 100vw, 283px\" \/><\/a><\/figure><\/div>\n\n\n\n<hr class=\"wp-block-separator\"\/>\n\n\n\n<h3 class=\"wp-block-heading\"><span class=\"has-inline-color has-black-color\">Ditador Maduro na c\u00fapula dos Brics<\/span><\/h3>\n\n\n\n<div class=\"wp-block-image\"><figure class=\"aligncenter size-large\"><img loading=\"lazy\" decoding=\"async\" width=\"612\" height=\"408\" src=\"https:\/\/jornalfatosenoticias.com.br\/wp-content\/uploads\/2024\/10\/fruta-podre-brics_gettyimages.jpg\" alt=\"\" class=\"wp-image-55132\" srcset=\"https:\/\/jornalfatosenoticias.com.br\/wp-content\/uploads\/2024\/10\/fruta-podre-brics_gettyimages.jpg 612w, https:\/\/jornalfatosenoticias.com.br\/wp-content\/uploads\/2024\/10\/fruta-podre-brics_gettyimages-300x200.jpg 300w\" sizes=\"auto, (max-width: 612px) 100vw, 612px\" \/><figcaption><em><span class=\"has-inline-color has-black-color\">(Foto: Getty Images)<\/span><\/em><\/figcaption><\/figure><\/div>\n\n\n\n<p>Chegou \u00e0 Kazan, na R\u00fassia, na ter\u00e7a-feira (22), o ditador da Venezuela, Nicol\u00e1s Maduro, para participar da c\u00fapula anual do grupo Brics, que originalmente reunia Brasil, R\u00fassia, \u00cdndia, China e \u00c1frica do Sul. Al\u00e9m de ser a primeira viagem oficial ap\u00f3s a fraude nas elei\u00e7\u00f5es deste ano, o ditador busca incluir a Venezuela como membro ativo do bloco.<\/p>\n\n\n\n<div class=\"wp-block-image\"><figure class=\"aligncenter size-large is-resized\"><a href=\"https:\/\/www.ithbrasil.com.br\/\"><img loading=\"lazy\" decoding=\"async\" src=\"https:\/\/jornalfatosenoticias.com.br\/wp-content\/uploads\/2023\/08\/ITH.jpeg\" alt=\"\" class=\"wp-image-44638\" width=\"285\" height=\"232\" srcset=\"https:\/\/jornalfatosenoticias.com.br\/wp-content\/uploads\/2023\/08\/ITH.jpeg 800w, https:\/\/jornalfatosenoticias.com.br\/wp-content\/uploads\/2023\/08\/ITH-300x244.jpeg 300w, https:\/\/jornalfatosenoticias.com.br\/wp-content\/uploads\/2023\/08\/ITH-768x624.jpeg 768w\" sizes=\"auto, (max-width: 285px) 100vw, 285px\" \/><\/a><\/figure><\/div>\n\n\n\n<p>Assim que o avi\u00e3o pousou na cidade russa, Maduro disse:<em><span class=\"has-inline-color has-black-color\"> \u201caqui est\u00e3o os quatro grandes pa\u00edses petroleiros do mundo e a Venezuela modestamente vem a oferecer sua parte a partir de um projeto econ\u00f4mico [\u2026] que exige um alto n\u00edvel de investimento\u201d.<\/span><\/em> <strong>(Fonte: O Antagonista)<\/strong><\/p>\n\n\n\n<div class=\"wp-block-image\"><figure class=\"aligncenter size-large is-resized\"><a href=\"https:\/\/www.instagram.com\/restaurantepegoretti\/\"><img loading=\"lazy\" decoding=\"async\" src=\"https:\/\/jornalfatosenoticias.com.br\/wp-content\/uploads\/2023\/12\/pegoretti-logo-pdf-1024x389.jpg\" alt=\"\" class=\"wp-image-47536\" width=\"417\" height=\"158\" srcset=\"https:\/\/jornalfatosenoticias.com.br\/wp-content\/uploads\/2023\/12\/pegoretti-logo-pdf-1024x389.jpg 1024w, https:\/\/jornalfatosenoticias.com.br\/wp-content\/uploads\/2023\/12\/pegoretti-logo-pdf-300x114.jpg 300w, https:\/\/jornalfatosenoticias.com.br\/wp-content\/uploads\/2023\/12\/pegoretti-logo-pdf-768x291.jpg 768w, https:\/\/jornalfatosenoticias.com.br\/wp-content\/uploads\/2023\/12\/pegoretti-logo-pdf.jpg 1120w\" sizes=\"auto, (max-width: 417px) 100vw, 417px\" \/><\/a><\/figure><\/div>\n\n\n\n<hr class=\"wp-block-separator\"\/>\n\n\n\n<h3 class=\"wp-block-heading\"><span class=\"has-inline-color has-black-color\">Governo Lula destina R$ 8,3 milh\u00f5es para ONGs ligadas ao PT e aliados, via Programa Nacional dos Comit\u00eas de Cultura<\/span><\/h3>\n\n\n\n<div class=\"wp-block-image\"><figure class=\"aligncenter size-large\"><img loading=\"lazy\" decoding=\"async\" width=\"780\" height=\"470\" src=\"https:\/\/jornalfatosenoticias.com.br\/wp-content\/uploads\/2024\/10\/margareth-menezes-lula-daniela-mercury-c0rja.jpg\" alt=\"\" class=\"wp-image-55131\" srcset=\"https:\/\/jornalfatosenoticias.com.br\/wp-content\/uploads\/2024\/10\/margareth-menezes-lula-daniela-mercury-c0rja.jpg 780w, https:\/\/jornalfatosenoticias.com.br\/wp-content\/uploads\/2024\/10\/margareth-menezes-lula-daniela-mercury-c0rja-300x181.jpg 300w, https:\/\/jornalfatosenoticias.com.br\/wp-content\/uploads\/2024\/10\/margareth-menezes-lula-daniela-mercury-c0rja-768x463.jpg 768w\" sizes=\"auto, (max-width: 780px) 100vw, 780px\" \/><figcaption><em><span class=\"has-inline-color has-black-color\">(Foto: Ricardo Stuckert)<\/span><\/em><\/figcaption><\/figure><\/div>\n\n\n\n<p>O governo de Luiz In\u00e1cio Lula da Silva (PT) autorizou a libera\u00e7\u00e3o de, no m\u00ednimo, R$ 8,3 milh\u00f5es para ONGs vinculadas ao partido e seus aliados. Esses recursos integram o Programa Nacional dos Comit\u00eas de Cultura (PNCC), lan\u00e7ado em setembro de 2023. A informa\u00e7\u00e3o foi divulgada pelo jornal Estado de S. Paulo. O PNCC foi desenhado para ampliar o acesso \u00e0s pol\u00edticas p\u00fablicas de cultura em todos os 26 estados e no Distrito Federal. A Secretaria dos Comit\u00eas de Cultura (SCC) \u00e9 respons\u00e1vel por coordenar o programa e definir, atrav\u00e9s de editais, quais organiza\u00e7\u00f5es ser\u00e3o contempladas com os recursos.<\/p>\n\n\n\n<div class=\"wp-block-image\"><figure class=\"aligncenter size-large is-resized\"><a href=\"https:\/\/www.instagram.com\/vmais.midias\/\"><img loading=\"lazy\" decoding=\"async\" src=\"https:\/\/jornalfatosenoticias.com.br\/wp-content\/uploads\/2020\/02\/DE-MAIS-DESTAQUE-VMAIS-800X700.png\" alt=\"\" class=\"wp-image-53112\" width=\"281\" height=\"245\" srcset=\"https:\/\/jornalfatosenoticias.com.br\/wp-content\/uploads\/2020\/02\/DE-MAIS-DESTAQUE-VMAIS-800X700.png 800w, https:\/\/jornalfatosenoticias.com.br\/wp-content\/uploads\/2020\/02\/DE-MAIS-DESTAQUE-VMAIS-800X700-300x263.png 300w, https:\/\/jornalfatosenoticias.com.br\/wp-content\/uploads\/2020\/02\/DE-MAIS-DESTAQUE-VMAIS-800X700-768x672.png 768w\" sizes=\"auto, (max-width: 281px) 100vw, 281px\" \/><\/a><\/figure><\/div>\n\n\n\n<p>A previs\u00e3o total de investimento no programa, entre 2023 e 2024, \u00e9 de R$ 58,8 milh\u00f5es, conforme anunciado pelo governo federal. Durante o lan\u00e7amento do programa, a ministra da Cultura, Margareth Menezes, ressaltou que a iniciativa partiu de uma proposta do pr\u00f3prio Lula.<\/p>\n\n\n\n<div class=\"wp-block-image\"><figure class=\"aligncenter size-large is-resized\"><a href=\"https:\/\/www.controlsystems.com.br\/\"><img loading=\"lazy\" decoding=\"async\" src=\"https:\/\/jornalfatosenoticias.com.br\/wp-content\/uploads\/2020\/02\/CONTROL-CS.jpg\" alt=\"\" class=\"wp-image-44991\" width=\"273\" height=\"327\" srcset=\"https:\/\/jornalfatosenoticias.com.br\/wp-content\/uploads\/2020\/02\/CONTROL-CS.jpg 834w, https:\/\/jornalfatosenoticias.com.br\/wp-content\/uploads\/2020\/02\/CONTROL-CS-250x300.jpg 250w, https:\/\/jornalfatosenoticias.com.br\/wp-content\/uploads\/2020\/02\/CONTROL-CS-768x921.jpg 768w\" sizes=\"auto, (max-width: 273px) 100vw, 273px\" \/><\/a><\/figure><\/div>\n\n\n\n<p>Diante de questionamentos, o Minist\u00e9rio da Cultura garantiu que a escolha das ONGs seguiu crit\u00e9rios t\u00e9cnicos. O \u00f3rg\u00e3o destacou que a an\u00e1lise considerou apenas as propostas submetidas, sem influ\u00eancia de v\u00ednculos partid\u00e1rios. Ainda segundo o minist\u00e9rio, as organiza\u00e7\u00f5es contempladas passaram por uma verifica\u00e7\u00e3o que levou em conta sua experi\u00eancia e hist\u00f3rico de atua\u00e7\u00e3o na \u00e1rea cultural. <strong>(Fonte: Hora Bras\u00edlia)<\/strong><\/p>\n\n\n\n<div class=\"wp-block-image\"><figure class=\"aligncenter size-large\"><a href=\"https:\/\/cesconetto.com.br\/\"><img loading=\"lazy\" decoding=\"async\" width=\"300\" height=\"250\" src=\"https:\/\/jornalfatosenoticias.com.br\/wp-content\/uploads\/2022\/02\/Banner-2.png\" alt=\"\" class=\"wp-image-27877\"\/><\/a><\/figure><\/div>\n\n\n\n<hr class=\"wp-block-separator\"\/>\n\n\n\n<h3 class=\"wp-block-heading\"><span class=\"has-inline-color has-black-color\">EUA confirmam presen\u00e7a de tropas norte-coreanas na R\u00fassia: \u201cescalada muito s\u00e9ria\u201d<\/span><\/h3>\n\n\n\n<div class=\"wp-block-image\"><figure class=\"aligncenter size-large\"><img loading=\"lazy\" decoding=\"async\" width=\"612\" height=\"408\" src=\"https:\/\/jornalfatosenoticias.com.br\/wp-content\/uploads\/2024\/10\/Lloyd-Austin_gettyimages-1.jpg\" alt=\"\" class=\"wp-image-55130\" srcset=\"https:\/\/jornalfatosenoticias.com.br\/wp-content\/uploads\/2024\/10\/Lloyd-Austin_gettyimages-1.jpg 612w, https:\/\/jornalfatosenoticias.com.br\/wp-content\/uploads\/2024\/10\/Lloyd-Austin_gettyimages-1-300x200.jpg 300w\" sizes=\"auto, (max-width: 612px) 100vw, 612px\" \/><figcaption><em><span class=\"has-inline-color has-black-color\">(Foto: Getty Images)<\/span><\/em><\/figcaption><\/figure><\/div>\n\n\n\n<p><span class=\"has-inline-color has-black-color\">Por<strong> Isabella de Paula<\/strong><br><\/span>O secret\u00e1rio de Defesa dos Estados Unidos, Lloyd Austin, confirmou, nesta quarta-feira (23), que a Coreia do Norte enviou tropas \u00e0 R\u00fassia, classificando a iniciativa como uma &#8220;escalada muito s\u00e9ria&#8221; no conflito do leste europeu. O representante da Casa Branca conversou com rep\u00f3rteres enquanto visitava uma base militar na It\u00e1lia. Na declara\u00e7\u00e3o, Austin n\u00e3o detalhou o n\u00famero de militares que est\u00e3o em Moscou, nem como estariam atuando ao lado do regime de Vladimir Putin. \u201cIsso ainda est\u00e1 sendo investigado\u201d.<\/p>\n\n\n\n<div class=\"wp-block-image\"><figure class=\"aligncenter size-large is-resized\"><img loading=\"lazy\" decoding=\"async\" src=\"https:\/\/jornalfatosenoticias.com.br\/wp-content\/uploads\/2022\/02\/Precisao-Contabilidade-1024x724.jpg\" alt=\"\" class=\"wp-image-28088\" width=\"359\" height=\"254\"\/><\/figure><\/div>\n\n\n\n<p>Oficiais da intelig\u00eancia dos Estados Unidos e da Coreia do Sul t\u00eam acompanhado a situa\u00e7\u00e3o e a principal hip\u00f3tese de Seul \u00e9 de que essas tropas ser\u00e3o enviadas para lutar ao lado da R\u00fassia na Ucr\u00e2nia. Nenhuma informa\u00e7\u00e3o nesse sentido foi confirmada, at\u00e9 o momento.<\/p>\n\n\n\n<div class=\"wp-block-image\"><figure class=\"aligncenter size-large is-resized\"><a href=\"https:\/\/hotelmarquetti.com.br\/\"><img loading=\"lazy\" decoding=\"async\" src=\"https:\/\/jornalfatosenoticias.com.br\/wp-content\/uploads\/2023\/03\/nova-logo-Marquetti.jpg\" alt=\"\" class=\"wp-image-40207\" width=\"320\" height=\"215\" srcset=\"https:\/\/jornalfatosenoticias.com.br\/wp-content\/uploads\/2023\/03\/nova-logo-Marquetti.jpg 643w, https:\/\/jornalfatosenoticias.com.br\/wp-content\/uploads\/2023\/03\/nova-logo-Marquetti-300x202.jpg 300w\" sizes=\"auto, (max-width: 320px) 100vw, 320px\" \/><\/a><\/figure><\/div>\n\n\n\n<p>Nas \u00faltimas semanas, a Ucr\u00e2nia e Seul afirmaram que mais de 12 mil norte-coreanos estariam treinando para lutar ao lado de soldados russos. No in\u00edcio desta semana, o Minist\u00e9rio das Rela\u00e7\u00f5es Exteriores da Coreia do Sul convocou o embaixador da R\u00fassia no pa\u00eds asi\u00e1tico, Georgy Zinoviev, para condenar a transfer\u00eancia de tropas norte-coreanas para o territ\u00f3rio russo com o objetivo aparente de transferi-las para a linha de frente na Ucr\u00e2nia, apoiando Moscou na invas\u00e3o.<\/p>\n\n\n\n<div class=\"wp-block-image\"><figure class=\"aligncenter size-large is-resized\"><a href=\"https:\/\/www.facebook.com\/postobkr\/?locale=pt_BR\"><img loading=\"lazy\" decoding=\"async\" src=\"https:\/\/jornalfatosenoticias.com.br\/wp-content\/uploads\/2023\/08\/BKR-1024x1021.jpg\" alt=\"\" class=\"wp-image-44494\" width=\"311\" height=\"310\" srcset=\"https:\/\/jornalfatosenoticias.com.br\/wp-content\/uploads\/2023\/08\/BKR-1024x1021.jpg 1024w, https:\/\/jornalfatosenoticias.com.br\/wp-content\/uploads\/2023\/08\/BKR-300x300.jpg 300w, https:\/\/jornalfatosenoticias.com.br\/wp-content\/uploads\/2023\/08\/BKR-150x150.jpg 150w, https:\/\/jornalfatosenoticias.com.br\/wp-content\/uploads\/2023\/08\/BKR-768x766.jpg 768w, https:\/\/jornalfatosenoticias.com.br\/wp-content\/uploads\/2023\/08\/BKR.jpg 1080w\" sizes=\"auto, (max-width: 311px) 100vw, 311px\" \/><\/a><\/figure><\/div>\n\n\n\n<p>A R\u00fassia negou alega\u00e7\u00f5es anteriores sobre a presen\u00e7a de tropas da Coreia do Norte no pa\u00eds, no entanto o Servi\u00e7o Nacional de Intelig\u00eancia (NIS) da Coreia do Sul divulgou imagens de sat\u00e9lite que mostram o movimento de navios de transporte da Marinha russa entre a costa nordeste norte-coreana e a cidade portu\u00e1ria russa de Vladivostok, bem como concentra\u00e7\u00f5es de militares norte-coreanos em bases militares no Extremo Oriente.<\/p>\n\n\n\n<div class=\"wp-block-image\"><figure class=\"aligncenter size-large is-resized\"><a href=\"https:\/\/panper.com.br\/\"><img loading=\"lazy\" decoding=\"async\" src=\"https:\/\/jornalfatosenoticias.com.br\/wp-content\/uploads\/2023\/03\/logo-Panper_portal.jpg\" alt=\"\" class=\"wp-image-40208\" width=\"325\" height=\"225\" srcset=\"https:\/\/jornalfatosenoticias.com.br\/wp-content\/uploads\/2023\/03\/logo-Panper_portal.jpg 400w, https:\/\/jornalfatosenoticias.com.br\/wp-content\/uploads\/2023\/03\/logo-Panper_portal-300x208.jpg 300w\" sizes=\"auto, (max-width: 325px) 100vw, 325px\" \/><\/a><\/figure><\/div>\n\n\n\n<p>Analistas avaliam que, para a ditadura comunista de Kim Jong-un, da Coreia do Norte, a guerra na Ucr\u00e2nia tem sido um caminho para sair do isolamento geopol\u00edtico, enquanto Putin ganha novos soldados em meio \u00e0s baixas do lado de Moscou. <strong>(Fonte: Gazeta do Povo)<\/strong><\/p>\n\n\n\n<div class=\"wp-block-image\"><figure class=\"aligncenter size-large is-resized\"><a href=\"https:\/\/www.facebook.com\/vetor.vix\/\"><img loading=\"lazy\" decoding=\"async\" src=\"https:\/\/jornalfatosenoticias.com.br\/wp-content\/uploads\/2023\/09\/vetorvix1024_1.jpg\" alt=\"\" class=\"wp-image-44868\" width=\"539\" height=\"143\" srcset=\"https:\/\/jornalfatosenoticias.com.br\/wp-content\/uploads\/2023\/09\/vetorvix1024_1.jpg 1024w, https:\/\/jornalfatosenoticias.com.br\/wp-content\/uploads\/2023\/09\/vetorvix1024_1-300x80.jpg 300w, https:\/\/jornalfatosenoticias.com.br\/wp-content\/uploads\/2023\/09\/vetorvix1024_1-768x205.jpg 768w\" sizes=\"auto, (max-width: 539px) 100vw, 539px\" \/><\/a><\/figure><\/div>\n\n\n\n<hr class=\"wp-block-separator\"\/>\n","protected":false},"excerpt":{"rendered":"<p>As contas das empresas estatais federais do Brasil devem encerrar 2024 com o maior d\u00e9ficit registrado nos \u00faltimos 15 anos, atingindo R$ 3,7 bilh\u00f5es, segundo proje\u00e7\u00f5es do governo. O rombo, que j\u00e1 somava R$ 3,3 bilh\u00f5es at\u00e9 agosto, reflete a situa\u00e7\u00e3o de mais de cem estatais em setores como infraestrutura, telecomunica\u00e7\u00f5es e agropecu\u00e1ria.Entre as empresas [&hellip;]<\/p>\n","protected":false},"author":3,"featured_media":55135,"comment_status":"open","ping_status":"open","sticky":false,"template":"","format":"standard","meta":{"footnotes":""},"categories":[10],"tags":[13312,11204,14689,14690,22257,21785,162,7580,19097,25129,2457,25130],"class_list":["post-55129","post","type-post","status-publish","format-standard","has-post-thumbnail","hentry","category-politica","tag-brics","tag-coreia-do-norte","tag-deficit","tag-estatais","tag-farra-com-dinheiro-publico","tag-hezbollah","tag-israel","tag-lula","tag-nicolas-maduro","tag-ongs-ligadas-ao-pt","tag-prejuizos","tag-rombo-cofres-publicos"],"yoast_head":"<!-- This site is optimized with the Yoast SEO plugin v26.5 - https:\/\/yoast.com\/wordpress\/plugins\/seo\/ -->\n<title>A Semana no Brasil e no Mundo \u2014 Efeito Lula: estatais federais devem fechar 2024 com maior d\u00e9ficit em 15 anos, atingindo R$ 3,7 bilh\u00f5es - Jornal Fatos e Not\u00edcias<\/title>\n<meta name=\"robots\" content=\"index, follow, max-snippet:-1, max-image-preview:large, max-video-preview:-1\" \/>\n<link rel=\"canonical\" href=\"https:\/\/jornalfatosenoticias.com.br\/index.php\/2024\/10\/24\/a-semana-no-brasil-e-no-mundo-efeito-lula-estatais-federais-devem-fechar-2024-com-maior-deficit-em-15-anos-atingindo-r-37-bilhoes\/\" \/>\n<meta property=\"og:locale\" content=\"pt_BR\" \/>\n<meta property=\"og:type\" content=\"article\" \/>\n<meta property=\"og:title\" content=\"A Semana no Brasil e no Mundo \u2014 Efeito Lula: estatais federais devem fechar 2024 com maior d\u00e9ficit em 15 anos, atingindo R$ 3,7 bilh\u00f5es - Jornal Fatos e Not\u00edcias\" \/>\n<meta property=\"og:description\" content=\"As contas das empresas estatais federais do Brasil devem encerrar 2024 com o maior d\u00e9ficit registrado nos \u00faltimos 15 anos, atingindo R$ 3,7 bilh\u00f5es, segundo proje\u00e7\u00f5es do governo. O rombo, que j\u00e1 somava R$ 3,3 bilh\u00f5es at\u00e9 agosto, reflete a situa\u00e7\u00e3o de mais de cem estatais em setores como infraestrutura, telecomunica\u00e7\u00f5es e agropecu\u00e1ria.Entre as empresas [&hellip;]\" \/>\n<meta property=\"og:url\" content=\"https:\/\/jornalfatosenoticias.com.br\/index.php\/2024\/10\/24\/a-semana-no-brasil-e-no-mundo-efeito-lula-estatais-federais-devem-fechar-2024-com-maior-deficit-em-15-anos-atingindo-r-37-bilhoes\/\" \/>\n<meta property=\"og:site_name\" content=\"Jornal Fatos e Not\u00edcias\" \/>\n<meta property=\"article:published_time\" content=\"2024-10-24T16:29:09+00:00\" \/>\n<meta property=\"article:modified_time\" content=\"2024-10-24T16:29:44+00:00\" \/>\n<meta property=\"og:image\" content=\"https:\/\/jornalfatosenoticias.com.br\/wp-content\/uploads\/2024\/10\/efeito-nine-estatais_gettyimages.jpg\" \/>\n\t<meta property=\"og:image:width\" content=\"612\" \/>\n\t<meta property=\"og:image:height\" content=\"407\" \/>\n\t<meta property=\"og:image:type\" content=\"image\/jpeg\" \/>\n<meta name=\"author\" content=\"Haroldo Filho\" \/>\n<meta name=\"twitter:card\" content=\"summary_large_image\" \/>\n<meta name=\"twitter:label1\" content=\"Escrito por\" \/>\n\t<meta name=\"twitter:data1\" content=\"Haroldo Filho\" \/>\n\t<meta name=\"twitter:label2\" content=\"Est. tempo de leitura\" \/>\n\t<meta name=\"twitter:data2\" content=\"8 minutos\" \/>\n<script type=\"application\/ld+json\" class=\"yoast-schema-graph\">{\"@context\":\"https:\/\/schema.org\",\"@graph\":[{\"@type\":\"Article\",\"@id\":\"https:\/\/jornalfatosenoticias.com.br\/index.php\/2024\/10\/24\/a-semana-no-brasil-e-no-mundo-efeito-lula-estatais-federais-devem-fechar-2024-com-maior-deficit-em-15-anos-atingindo-r-37-bilhoes\/#article\",\"isPartOf\":{\"@id\":\"https:\/\/jornalfatosenoticias.com.br\/index.php\/2024\/10\/24\/a-semana-no-brasil-e-no-mundo-efeito-lula-estatais-federais-devem-fechar-2024-com-maior-deficit-em-15-anos-atingindo-r-37-bilhoes\/\"},\"author\":{\"name\":\"Haroldo Filho\",\"@id\":\"https:\/\/jornalfatosenoticias.com.br\/#\/schema\/person\/05c46cc25b42a5c27e004fb0fa6b4965\"},\"headline\":\"A Semana no Brasil e no Mundo \u2014 Efeito Lula: estatais federais devem fechar 2024 com maior d\u00e9ficit em 15 anos, atingindo R$ 3,7 bilh\u00f5es\",\"datePublished\":\"2024-10-24T16:29:09+00:00\",\"dateModified\":\"2024-10-24T16:29:44+00:00\",\"mainEntityOfPage\":{\"@id\":\"https:\/\/jornalfatosenoticias.com.br\/index.php\/2024\/10\/24\/a-semana-no-brasil-e-no-mundo-efeito-lula-estatais-federais-devem-fechar-2024-com-maior-deficit-em-15-anos-atingindo-r-37-bilhoes\/\"},\"wordCount\":1610,\"commentCount\":0,\"publisher\":{\"@id\":\"https:\/\/jornalfatosenoticias.com.br\/#organization\"},\"image\":{\"@id\":\"https:\/\/jornalfatosenoticias.com.br\/index.php\/2024\/10\/24\/a-semana-no-brasil-e-no-mundo-efeito-lula-estatais-federais-devem-fechar-2024-com-maior-deficit-em-15-anos-atingindo-r-37-bilhoes\/#primaryimage\"},\"thumbnailUrl\":\"https:\/\/jornalfatosenoticias.com.br\/wp-content\/uploads\/2024\/10\/efeito-nine-estatais_gettyimages.jpg\",\"keywords\":[\"Brics\",\"Coreia do Norte\",\"d\u00e9ficit\",\"estatais\",\"farra com dinheiro p\u00fablico\",\"Hezbollah\",\"Israel\",\"Lula\",\"Nicol\u00e1s Maduro\",\"ONGs ligadas ao PT\",\"preju\u00edzos\",\"rombo cofres p\u00fablicos\"],\"articleSection\":[\"Pol\u00edtica\"],\"inLanguage\":\"pt-BR\",\"potentialAction\":[{\"@type\":\"CommentAction\",\"name\":\"Comment\",\"target\":[\"https:\/\/jornalfatosenoticias.com.br\/index.php\/2024\/10\/24\/a-semana-no-brasil-e-no-mundo-efeito-lula-estatais-federais-devem-fechar-2024-com-maior-deficit-em-15-anos-atingindo-r-37-bilhoes\/#respond\"]}]},{\"@type\":\"WebPage\",\"@id\":\"https:\/\/jornalfatosenoticias.com.br\/index.php\/2024\/10\/24\/a-semana-no-brasil-e-no-mundo-efeito-lula-estatais-federais-devem-fechar-2024-com-maior-deficit-em-15-anos-atingindo-r-37-bilhoes\/\",\"url\":\"https:\/\/jornalfatosenoticias.com.br\/index.php\/2024\/10\/24\/a-semana-no-brasil-e-no-mundo-efeito-lula-estatais-federais-devem-fechar-2024-com-maior-deficit-em-15-anos-atingindo-r-37-bilhoes\/\",\"name\":\"A Semana no Brasil e no Mundo \u2014 Efeito Lula: estatais federais devem fechar 2024 com maior d\u00e9ficit em 15 anos, atingindo R$ 3,7 bilh\u00f5es - Jornal Fatos e Not\u00edcias\",\"isPartOf\":{\"@id\":\"https:\/\/jornalfatosenoticias.com.br\/#website\"},\"primaryImageOfPage\":{\"@id\":\"https:\/\/jornalfatosenoticias.com.br\/index.php\/2024\/10\/24\/a-semana-no-brasil-e-no-mundo-efeito-lula-estatais-federais-devem-fechar-2024-com-maior-deficit-em-15-anos-atingindo-r-37-bilhoes\/#primaryimage\"},\"image\":{\"@id\":\"https:\/\/jornalfatosenoticias.com.br\/index.php\/2024\/10\/24\/a-semana-no-brasil-e-no-mundo-efeito-lula-estatais-federais-devem-fechar-2024-com-maior-deficit-em-15-anos-atingindo-r-37-bilhoes\/#primaryimage\"},\"thumbnailUrl\":\"https:\/\/jornalfatosenoticias.com.br\/wp-content\/uploads\/2024\/10\/efeito-nine-estatais_gettyimages.jpg\",\"datePublished\":\"2024-10-24T16:29:09+00:00\",\"dateModified\":\"2024-10-24T16:29:44+00:00\",\"breadcrumb\":{\"@id\":\"https:\/\/jornalfatosenoticias.com.br\/index.php\/2024\/10\/24\/a-semana-no-brasil-e-no-mundo-efeito-lula-estatais-federais-devem-fechar-2024-com-maior-deficit-em-15-anos-atingindo-r-37-bilhoes\/#breadcrumb\"},\"inLanguage\":\"pt-BR\",\"potentialAction\":[{\"@type\":\"ReadAction\",\"target\":[\"https:\/\/jornalfatosenoticias.com.br\/index.php\/2024\/10\/24\/a-semana-no-brasil-e-no-mundo-efeito-lula-estatais-federais-devem-fechar-2024-com-maior-deficit-em-15-anos-atingindo-r-37-bilhoes\/\"]}]},{\"@type\":\"ImageObject\",\"inLanguage\":\"pt-BR\",\"@id\":\"https:\/\/jornalfatosenoticias.com.br\/index.php\/2024\/10\/24\/a-semana-no-brasil-e-no-mundo-efeito-lula-estatais-federais-devem-fechar-2024-com-maior-deficit-em-15-anos-atingindo-r-37-bilhoes\/#primaryimage\",\"url\":\"https:\/\/jornalfatosenoticias.com.br\/wp-content\/uploads\/2024\/10\/efeito-nine-estatais_gettyimages.jpg\",\"contentUrl\":\"https:\/\/jornalfatosenoticias.com.br\/wp-content\/uploads\/2024\/10\/efeito-nine-estatais_gettyimages.jpg\",\"width\":612,\"height\":407,\"caption\":\"Luiz Inacio Lula da Silva, Brazil's president, during a joint news conference with Emmanuel Macron, France's president, not pictured, at Planalto Palace in Brasilia, Brazil, on Thursday, March 28, 2024. Lula, during a press conference alongside French President Emmanuel Macron, called on the Venezuelan government of Nicolas Maduro to hold a fair presidential election in July, saying there was no explanation for the exclusion of an opposition candidate who was unable to register for the race this week. Photographer: Ton Molina\/Bloomberg via Getty Images\"},{\"@type\":\"BreadcrumbList\",\"@id\":\"https:\/\/jornalfatosenoticias.com.br\/index.php\/2024\/10\/24\/a-semana-no-brasil-e-no-mundo-efeito-lula-estatais-federais-devem-fechar-2024-com-maior-deficit-em-15-anos-atingindo-r-37-bilhoes\/#breadcrumb\",\"itemListElement\":[{\"@type\":\"ListItem\",\"position\":1,\"name\":\"In\u00edcio\",\"item\":\"https:\/\/jornalfatosenoticias.com.br\/\"},{\"@type\":\"ListItem\",\"position\":2,\"name\":\"A Semana no Brasil e no Mundo \u2014 Efeito Lula: estatais federais devem fechar 2024 com maior d\u00e9ficit em 15 anos, atingindo R$ 3,7 bilh\u00f5es\"}]},{\"@type\":\"WebSite\",\"@id\":\"https:\/\/jornalfatosenoticias.com.br\/#website\",\"url\":\"https:\/\/jornalfatosenoticias.com.br\/\",\"name\":\"Jornal Fatos e Not\u00edcias\",\"description\":\"Not\u00edcias em geral\",\"publisher\":{\"@id\":\"https:\/\/jornalfatosenoticias.com.br\/#organization\"},\"potentialAction\":[{\"@type\":\"SearchAction\",\"target\":{\"@type\":\"EntryPoint\",\"urlTemplate\":\"https:\/\/jornalfatosenoticias.com.br\/?s={search_term_string}\"},\"query-input\":{\"@type\":\"PropertyValueSpecification\",\"valueRequired\":true,\"valueName\":\"search_term_string\"}}],\"inLanguage\":\"pt-BR\"},{\"@type\":\"Organization\",\"@id\":\"https:\/\/jornalfatosenoticias.com.br\/#organization\",\"name\":\"Jornal Fatos e Not\u00edcias\",\"url\":\"https:\/\/jornalfatosenoticias.com.br\/\",\"logo\":{\"@type\":\"ImageObject\",\"inLanguage\":\"pt-BR\",\"@id\":\"https:\/\/jornalfatosenoticias.com.br\/#\/schema\/logo\/image\/\",\"url\":\"https:\/\/jornalfatosenoticias.com.br\/wp-content\/uploads\/2020\/02\/logo120.png\",\"contentUrl\":\"https:\/\/jornalfatosenoticias.com.br\/wp-content\/uploads\/2020\/02\/logo120.png\",\"width\":1227,\"height\":120,\"caption\":\"Jornal Fatos e Not\u00edcias\"},\"image\":{\"@id\":\"https:\/\/jornalfatosenoticias.com.br\/#\/schema\/logo\/image\/\"}},{\"@type\":\"Person\",\"@id\":\"https:\/\/jornalfatosenoticias.com.br\/#\/schema\/person\/05c46cc25b42a5c27e004fb0fa6b4965\",\"name\":\"Haroldo Filho\",\"image\":{\"@type\":\"ImageObject\",\"inLanguage\":\"pt-BR\",\"@id\":\"https:\/\/jornalfatosenoticias.com.br\/#\/schema\/person\/image\/\",\"url\":\"https:\/\/jornalfatosenoticias.com.br\/wp-content\/uploads\/2025\/08\/WhatsApp-Image-2025-08-18-at-15.30.28-150x150.jpeg\",\"contentUrl\":\"https:\/\/jornalfatosenoticias.com.br\/wp-content\/uploads\/2025\/08\/WhatsApp-Image-2025-08-18-at-15.30.28-150x150.jpeg\",\"caption\":\"Haroldo Filho\"},\"description\":\"Jornalista \u2013 DRT: 0003818\/ES Coordenador-geral da ONG Educar para Crescer\",\"url\":\"https:\/\/jornalfatosenoticias.com.br\/index.php\/author\/haroldo\/\"}]}<\/script>\n<!-- \/ Yoast SEO plugin. -->","yoast_head_json":{"title":"A Semana no Brasil e no Mundo \u2014 Efeito Lula: estatais federais devem fechar 2024 com maior d\u00e9ficit em 15 anos, atingindo R$ 3,7 bilh\u00f5es - Jornal Fatos e Not\u00edcias","robots":{"index":"index","follow":"follow","max-snippet":"max-snippet:-1","max-image-preview":"max-image-preview:large","max-video-preview":"max-video-preview:-1"},"canonical":"https:\/\/jornalfatosenoticias.com.br\/index.php\/2024\/10\/24\/a-semana-no-brasil-e-no-mundo-efeito-lula-estatais-federais-devem-fechar-2024-com-maior-deficit-em-15-anos-atingindo-r-37-bilhoes\/","og_locale":"pt_BR","og_type":"article","og_title":"A Semana no Brasil e no Mundo \u2014 Efeito Lula: estatais federais devem fechar 2024 com maior d\u00e9ficit em 15 anos, atingindo R$ 3,7 bilh\u00f5es - Jornal Fatos e Not\u00edcias","og_description":"As contas das empresas estatais federais do Brasil devem encerrar 2024 com o maior d\u00e9ficit registrado nos \u00faltimos 15 anos, atingindo R$ 3,7 bilh\u00f5es, segundo proje\u00e7\u00f5es do governo. O rombo, que j\u00e1 somava R$ 3,3 bilh\u00f5es at\u00e9 agosto, reflete a situa\u00e7\u00e3o de mais de cem estatais em setores como infraestrutura, telecomunica\u00e7\u00f5es e agropecu\u00e1ria.Entre as empresas [&hellip;]","og_url":"https:\/\/jornalfatosenoticias.com.br\/index.php\/2024\/10\/24\/a-semana-no-brasil-e-no-mundo-efeito-lula-estatais-federais-devem-fechar-2024-com-maior-deficit-em-15-anos-atingindo-r-37-bilhoes\/","og_site_name":"Jornal Fatos e Not\u00edcias","article_published_time":"2024-10-24T16:29:09+00:00","article_modified_time":"2024-10-24T16:29:44+00:00","og_image":[{"width":612,"height":407,"url":"https:\/\/jornalfatosenoticias.com.br\/wp-content\/uploads\/2024\/10\/efeito-nine-estatais_gettyimages.jpg","type":"image\/jpeg"}],"author":"Haroldo Filho","twitter_card":"summary_large_image","twitter_misc":{"Escrito por":"Haroldo Filho","Est. tempo de leitura":"8 minutos"},"schema":{"@context":"https:\/\/schema.org","@graph":[{"@type":"Article","@id":"https:\/\/jornalfatosenoticias.com.br\/index.php\/2024\/10\/24\/a-semana-no-brasil-e-no-mundo-efeito-lula-estatais-federais-devem-fechar-2024-com-maior-deficit-em-15-anos-atingindo-r-37-bilhoes\/#article","isPartOf":{"@id":"https:\/\/jornalfatosenoticias.com.br\/index.php\/2024\/10\/24\/a-semana-no-brasil-e-no-mundo-efeito-lula-estatais-federais-devem-fechar-2024-com-maior-deficit-em-15-anos-atingindo-r-37-bilhoes\/"},"author":{"name":"Haroldo Filho","@id":"https:\/\/jornalfatosenoticias.com.br\/#\/schema\/person\/05c46cc25b42a5c27e004fb0fa6b4965"},"headline":"A Semana no Brasil e no Mundo \u2014 Efeito Lula: estatais federais devem fechar 2024 com maior d\u00e9ficit em 15 anos, atingindo R$ 3,7 bilh\u00f5es","datePublished":"2024-10-24T16:29:09+00:00","dateModified":"2024-10-24T16:29:44+00:00","mainEntityOfPage":{"@id":"https:\/\/jornalfatosenoticias.com.br\/index.php\/2024\/10\/24\/a-semana-no-brasil-e-no-mundo-efeito-lula-estatais-federais-devem-fechar-2024-com-maior-deficit-em-15-anos-atingindo-r-37-bilhoes\/"},"wordCount":1610,"commentCount":0,"publisher":{"@id":"https:\/\/jornalfatosenoticias.com.br\/#organization"},"image":{"@id":"https:\/\/jornalfatosenoticias.com.br\/index.php\/2024\/10\/24\/a-semana-no-brasil-e-no-mundo-efeito-lula-estatais-federais-devem-fechar-2024-com-maior-deficit-em-15-anos-atingindo-r-37-bilhoes\/#primaryimage"},"thumbnailUrl":"https:\/\/jornalfatosenoticias.com.br\/wp-content\/uploads\/2024\/10\/efeito-nine-estatais_gettyimages.jpg","keywords":["Brics","Coreia do Norte","d\u00e9ficit","estatais","farra com dinheiro p\u00fablico","Hezbollah","Israel","Lula","Nicol\u00e1s Maduro","ONGs ligadas ao PT","preju\u00edzos","rombo cofres p\u00fablicos"],"articleSection":["Pol\u00edtica"],"inLanguage":"pt-BR","potentialAction":[{"@type":"CommentAction","name":"Comment","target":["https:\/\/jornalfatosenoticias.com.br\/index.php\/2024\/10\/24\/a-semana-no-brasil-e-no-mundo-efeito-lula-estatais-federais-devem-fechar-2024-com-maior-deficit-em-15-anos-atingindo-r-37-bilhoes\/#respond"]}]},{"@type":"WebPage","@id":"https:\/\/jornalfatosenoticias.com.br\/index.php\/2024\/10\/24\/a-semana-no-brasil-e-no-mundo-efeito-lula-estatais-federais-devem-fechar-2024-com-maior-deficit-em-15-anos-atingindo-r-37-bilhoes\/","url":"https:\/\/jornalfatosenoticias.com.br\/index.php\/2024\/10\/24\/a-semana-no-brasil-e-no-mundo-efeito-lula-estatais-federais-devem-fechar-2024-com-maior-deficit-em-15-anos-atingindo-r-37-bilhoes\/","name":"A Semana no Brasil e no Mundo \u2014 Efeito Lula: estatais federais devem fechar 2024 com maior d\u00e9ficit em 15 anos, atingindo R$ 3,7 bilh\u00f5es - Jornal Fatos e Not\u00edcias","isPartOf":{"@id":"https:\/\/jornalfatosenoticias.com.br\/#website"},"primaryImageOfPage":{"@id":"https:\/\/jornalfatosenoticias.com.br\/index.php\/2024\/10\/24\/a-semana-no-brasil-e-no-mundo-efeito-lula-estatais-federais-devem-fechar-2024-com-maior-deficit-em-15-anos-atingindo-r-37-bilhoes\/#primaryimage"},"image":{"@id":"https:\/\/jornalfatosenoticias.com.br\/index.php\/2024\/10\/24\/a-semana-no-brasil-e-no-mundo-efeito-lula-estatais-federais-devem-fechar-2024-com-maior-deficit-em-15-anos-atingindo-r-37-bilhoes\/#primaryimage"},"thumbnailUrl":"https:\/\/jornalfatosenoticias.com.br\/wp-content\/uploads\/2024\/10\/efeito-nine-estatais_gettyimages.jpg","datePublished":"2024-10-24T16:29:09+00:00","dateModified":"2024-10-24T16:29:44+00:00","breadcrumb":{"@id":"https:\/\/jornalfatosenoticias.com.br\/index.php\/2024\/10\/24\/a-semana-no-brasil-e-no-mundo-efeito-lula-estatais-federais-devem-fechar-2024-com-maior-deficit-em-15-anos-atingindo-r-37-bilhoes\/#breadcrumb"},"inLanguage":"pt-BR","potentialAction":[{"@type":"ReadAction","target":["https:\/\/jornalfatosenoticias.com.br\/index.php\/2024\/10\/24\/a-semana-no-brasil-e-no-mundo-efeito-lula-estatais-federais-devem-fechar-2024-com-maior-deficit-em-15-anos-atingindo-r-37-bilhoes\/"]}]},{"@type":"ImageObject","inLanguage":"pt-BR","@id":"https:\/\/jornalfatosenoticias.com.br\/index.php\/2024\/10\/24\/a-semana-no-brasil-e-no-mundo-efeito-lula-estatais-federais-devem-fechar-2024-com-maior-deficit-em-15-anos-atingindo-r-37-bilhoes\/#primaryimage","url":"https:\/\/jornalfatosenoticias.com.br\/wp-content\/uploads\/2024\/10\/efeito-nine-estatais_gettyimages.jpg","contentUrl":"https:\/\/jornalfatosenoticias.com.br\/wp-content\/uploads\/2024\/10\/efeito-nine-estatais_gettyimages.jpg","width":612,"height":407,"caption":"Luiz Inacio Lula da Silva, Brazil's president, during a joint news conference with Emmanuel Macron, France's president, not pictured, at Planalto Palace in Brasilia, Brazil, on Thursday, March 28, 2024. Lula, during a press conference alongside French President Emmanuel Macron, called on the Venezuelan government of Nicolas Maduro to hold a fair presidential election in July, saying there was no explanation for the exclusion of an opposition candidate who was unable to register for the race this week. Photographer: Ton Molina\/Bloomberg via Getty Images"},{"@type":"BreadcrumbList","@id":"https:\/\/jornalfatosenoticias.com.br\/index.php\/2024\/10\/24\/a-semana-no-brasil-e-no-mundo-efeito-lula-estatais-federais-devem-fechar-2024-com-maior-deficit-em-15-anos-atingindo-r-37-bilhoes\/#breadcrumb","itemListElement":[{"@type":"ListItem","position":1,"name":"In\u00edcio","item":"https:\/\/jornalfatosenoticias.com.br\/"},{"@type":"ListItem","position":2,"name":"A Semana no Brasil e no Mundo \u2014 Efeito Lula: estatais federais devem fechar 2024 com maior d\u00e9ficit em 15 anos, atingindo R$ 3,7 bilh\u00f5es"}]},{"@type":"WebSite","@id":"https:\/\/jornalfatosenoticias.com.br\/#website","url":"https:\/\/jornalfatosenoticias.com.br\/","name":"Jornal Fatos e Not\u00edcias","description":"Not\u00edcias em geral","publisher":{"@id":"https:\/\/jornalfatosenoticias.com.br\/#organization"},"potentialAction":[{"@type":"SearchAction","target":{"@type":"EntryPoint","urlTemplate":"https:\/\/jornalfatosenoticias.com.br\/?s={search_term_string}"},"query-input":{"@type":"PropertyValueSpecification","valueRequired":true,"valueName":"search_term_string"}}],"inLanguage":"pt-BR"},{"@type":"Organization","@id":"https:\/\/jornalfatosenoticias.com.br\/#organization","name":"Jornal Fatos e Not\u00edcias","url":"https:\/\/jornalfatosenoticias.com.br\/","logo":{"@type":"ImageObject","inLanguage":"pt-BR","@id":"https:\/\/jornalfatosenoticias.com.br\/#\/schema\/logo\/image\/","url":"https:\/\/jornalfatosenoticias.com.br\/wp-content\/uploads\/2020\/02\/logo120.png","contentUrl":"https:\/\/jornalfatosenoticias.com.br\/wp-content\/uploads\/2020\/02\/logo120.png","width":1227,"height":120,"caption":"Jornal Fatos e Not\u00edcias"},"image":{"@id":"https:\/\/jornalfatosenoticias.com.br\/#\/schema\/logo\/image\/"}},{"@type":"Person","@id":"https:\/\/jornalfatosenoticias.com.br\/#\/schema\/person\/05c46cc25b42a5c27e004fb0fa6b4965","name":"Haroldo Filho","image":{"@type":"ImageObject","inLanguage":"pt-BR","@id":"https:\/\/jornalfatosenoticias.com.br\/#\/schema\/person\/image\/","url":"https:\/\/jornalfatosenoticias.com.br\/wp-content\/uploads\/2025\/08\/WhatsApp-Image-2025-08-18-at-15.30.28-150x150.jpeg","contentUrl":"https:\/\/jornalfatosenoticias.com.br\/wp-content\/uploads\/2025\/08\/WhatsApp-Image-2025-08-18-at-15.30.28-150x150.jpeg","caption":"Haroldo Filho"},"description":"Jornalista \u2013 DRT: 0003818\/ES Coordenador-geral da ONG Educar para Crescer","url":"https:\/\/jornalfatosenoticias.com.br\/index.php\/author\/haroldo\/"}]}},"cc_featured_image_caption":{"caption_text":"(Foto: Getty Images) ","source_text":"","source_url":""},"jetpack_featured_media_url":"https:\/\/jornalfatosenoticias.com.br\/wp-content\/uploads\/2024\/10\/efeito-nine-estatais_gettyimages.jpg","_links":{"self":[{"href":"https:\/\/jornalfatosenoticias.com.br\/index.php\/wp-json\/wp\/v2\/posts\/55129","targetHints":{"allow":["GET"]}}],"collection":[{"href":"https:\/\/jornalfatosenoticias.com.br\/index.php\/wp-json\/wp\/v2\/posts"}],"about":[{"href":"https:\/\/jornalfatosenoticias.com.br\/index.php\/wp-json\/wp\/v2\/types\/post"}],"author":[{"embeddable":true,"href":"https:\/\/jornalfatosenoticias.com.br\/index.php\/wp-json\/wp\/v2\/users\/3"}],"replies":[{"embeddable":true,"href":"https:\/\/jornalfatosenoticias.com.br\/index.php\/wp-json\/wp\/v2\/comments?post=55129"}],"version-history":[{"count":0,"href":"https:\/\/jornalfatosenoticias.com.br\/index.php\/wp-json\/wp\/v2\/posts\/55129\/revisions"}],"wp:featuredmedia":[{"embeddable":true,"href":"https:\/\/jornalfatosenoticias.com.br\/index.php\/wp-json\/wp\/v2\/media\/55135"}],"wp:attachment":[{"href":"https:\/\/jornalfatosenoticias.com.br\/index.php\/wp-json\/wp\/v2\/media?parent=55129"}],"wp:term":[{"taxonomy":"category","embeddable":true,"href":"https:\/\/jornalfatosenoticias.com.br\/index.php\/wp-json\/wp\/v2\/categories?post=55129"},{"taxonomy":"post_tag","embeddable":true,"href":"https:\/\/jornalfatosenoticias.com.br\/index.php\/wp-json\/wp\/v2\/tags?post=55129"}],"curies":[{"name":"wp","href":"https:\/\/api.w.org\/{rel}","templated":true}]}}