{"id":5514,"date":"2020-06-16T10:19:07","date_gmt":"2020-06-16T13:19:07","guid":{"rendered":"https:\/\/jornalfatosenoticias.com.br\/?p=5514"},"modified":"2020-06-16T10:19:11","modified_gmt":"2020-06-16T13:19:11","slug":"conto-popular-e-de-autora-capixaba-na-contacao-de-historias-on-line-desta-terca","status":"publish","type":"post","link":"https:\/\/jornalfatosenoticias.com.br\/index.php\/2020\/06\/16\/conto-popular-e-de-autora-capixaba-na-contacao-de-historias-on-line-desta-terca\/","title":{"rendered":"Conto popular e de autora capixaba na conta\u00e7\u00e3o de hist\u00f3rias on-line desta ter\u00e7a"},"content":{"rendered":"\n<p>Resgatando as tradi\u00e7\u00f5es dos contos populares e valorizando o trabalho de escritores capixabas, a conta\u00e7\u00e3o de hist\u00f3rias on-line do projeto Viagem pela Literatura desta ter\u00e7a-feira (16) traz duas hist\u00f3rias: &#8220;Jo\u00e3o, o Bot\u00e3o&#8221; (da capixaba Elizabeth Martins) e o conto popular &#8220;A Festa no C\u00e9u&#8221;.<br>A a\u00e7\u00e3o \u00e9 da Biblioteca Municipal Adelpho Poli Monjardim, espa\u00e7o da Secretaria Municipal de Cultura (Semc).<\/p>\n\n\n\n<p><a href=\"https:\/\/www.youtube.com\/playlist?list=PL5p4mTbtsQs3ft7VYfyogSSuzfgQp-1t3\">Clique aqui para assistir \u00e0s hist\u00f3rias<\/a><\/p>\n\n\n\n<p>Quem faz a magia acontecer nesta semana s\u00e3o as contadoras Luciana Guimar\u00e3es Mer\u00e7on e Alzira Bossois, do grupo Ch\u00e3o de Letras, formado em oficinas e cursos de conta\u00e7\u00e3o de hist\u00f3rias da Semc na Biblioteca Municipal.<br>Os v\u00eddeos s\u00e3o disponibilizados toda semana no canal do YouTube da Prefeitura de Vit\u00f3ria.<\/p>\n\n\n\n<figure class=\"wp-block-image size-large\"><img loading=\"lazy\" decoding=\"async\" width=\"980\" height=\"551\" src=\"https:\/\/jornalfatosenoticias.com.br\/wp-content\/uploads\/2020\/06\/alzira-bossois.jpg\" alt=\"\" class=\"wp-image-5515\" srcset=\"https:\/\/jornalfatosenoticias.com.br\/wp-content\/uploads\/2020\/06\/alzira-bossois.jpg 980w, https:\/\/jornalfatosenoticias.com.br\/wp-content\/uploads\/2020\/06\/alzira-bossois-300x169.jpg 300w, https:\/\/jornalfatosenoticias.com.br\/wp-content\/uploads\/2020\/06\/alzira-bossois-768x432.jpg 768w\" sizes=\"auto, (max-width: 980px) 100vw, 980px\" \/><figcaption><em>Contadora de hist\u00f3rias Alzira Bossois narra o conto popular &#8220;A Festa no C\u00e9u&#8221; (Foto: Acervo pessoal)<\/em><\/figcaption><\/figure>\n\n\n\n<h4 class=\"wp-block-heading\">Desenhos<\/h4>\n\n\n\n<p>Ap\u00f3s a conta\u00e7\u00e3o de hist\u00f3rias, pais e respons\u00e1veis podem, junto com as crian\u00e7as, fazer desenhos ou criar suas pr\u00f3prias narrativas a partir dos personagens de que mais gostaram, podendo compartilhar pelo e-mail bmvitoria@vitoria.es.gov.br. Toda ter\u00e7a-feira s\u00e3o lan\u00e7adas novas hist\u00f3rias.<\/p>\n\n\n\n<p><a href=\"https:\/\/www.youtube.com\/playlist?list=PL5p4mTbtsQs27YV53jytvw-SQJhVtPObb\">Clique aqui para ver todas as edi\u00e7\u00f5es<\/a><\/p>\n\n\n\n<figure class=\"wp-block-image size-large\"><img loading=\"lazy\" decoding=\"async\" width=\"980\" height=\"551\" src=\"https:\/\/jornalfatosenoticias.com.br\/wp-content\/uploads\/2020\/06\/luciana-guimaraes.jpg\" alt=\"\" class=\"wp-image-5516\" srcset=\"https:\/\/jornalfatosenoticias.com.br\/wp-content\/uploads\/2020\/06\/luciana-guimaraes.jpg 980w, https:\/\/jornalfatosenoticias.com.br\/wp-content\/uploads\/2020\/06\/luciana-guimaraes-300x169.jpg 300w, https:\/\/jornalfatosenoticias.com.br\/wp-content\/uploads\/2020\/06\/luciana-guimaraes-768x432.jpg 768w\" sizes=\"auto, (max-width: 980px) 100vw, 980px\" \/><figcaption><em>Contadora Luciana Guimar\u00e3es Mer\u00e7on interpreta hist\u00f3ria de autora capixaba (Foto: Acervo pessoal)<\/em><\/figcaption><\/figure>\n\n\n\n<p><strong><em>Fonte: <a href=\"https:\/\/www.vitoria.es.gov.br\/noticia\/conto-popular-e-de-autora-capixaba-na-contacao-de-historias-on-line-desta-terca-40948\">PMV<\/a><\/em><\/strong><\/p>\n","protected":false},"excerpt":{"rendered":"<p>Resgatando as tradi\u00e7\u00f5es dos contos populares e valorizando o trabalho de escritores capixabas, a conta\u00e7\u00e3o de hist\u00f3rias on-line do projeto Viagem pela Literatura desta ter\u00e7a-feira (16) traz duas hist\u00f3rias: &#8220;Jo\u00e3o, o Bot\u00e3o&#8221; (da capixaba Elizabeth Martins) e o conto popular &#8220;A Festa no C\u00e9u&#8221;.A a\u00e7\u00e3o \u00e9 da Biblioteca Municipal Adelpho Poli Monjardim, espa\u00e7o da Secretaria [&hellip;]<\/p>\n","protected":false},"author":2,"featured_media":5517,"comment_status":"open","ping_status":"open","sticky":false,"template":"","format":"standard","meta":{"footnotes":""},"categories":[4],"tags":[3312,3313,3314,3315],"class_list":["post-5514","post","type-post","status-publish","format-standard","has-post-thumbnail","hentry","category-cultura","tag-contacao-de-historias","tag-contos-infantis","tag-cultura-popular","tag-oficinas"],"yoast_head":"<!-- This site is optimized with the Yoast SEO plugin v26.5 - https:\/\/yoast.com\/wordpress\/plugins\/seo\/ -->\n<title>Conto popular e de autora capixaba na conta\u00e7\u00e3o de hist\u00f3rias on-line desta ter\u00e7a - Jornal Fatos e Not\u00edcias<\/title>\n<meta name=\"robots\" content=\"index, follow, max-snippet:-1, max-image-preview:large, max-video-preview:-1\" \/>\n<link rel=\"canonical\" href=\"https:\/\/jornalfatosenoticias.com.br\/index.php\/2020\/06\/16\/conto-popular-e-de-autora-capixaba-na-contacao-de-historias-on-line-desta-terca\/\" \/>\n<meta property=\"og:locale\" content=\"pt_BR\" \/>\n<meta property=\"og:type\" content=\"article\" \/>\n<meta property=\"og:title\" content=\"Conto popular e de autora capixaba na conta\u00e7\u00e3o de hist\u00f3rias on-line desta ter\u00e7a - Jornal Fatos e Not\u00edcias\" \/>\n<meta property=\"og:description\" content=\"Resgatando as tradi\u00e7\u00f5es dos contos populares e valorizando o trabalho de escritores capixabas, a conta\u00e7\u00e3o de hist\u00f3rias on-line do projeto Viagem pela Literatura desta ter\u00e7a-feira (16) traz duas hist\u00f3rias: &#8220;Jo\u00e3o, o Bot\u00e3o&#8221; (da capixaba Elizabeth Martins) e o conto popular &#8220;A Festa no C\u00e9u&#8221;.A a\u00e7\u00e3o \u00e9 da Biblioteca Municipal Adelpho Poli Monjardim, espa\u00e7o da Secretaria [&hellip;]\" \/>\n<meta property=\"og:url\" content=\"https:\/\/jornalfatosenoticias.com.br\/index.php\/2020\/06\/16\/conto-popular-e-de-autora-capixaba-na-contacao-de-historias-on-line-desta-terca\/\" \/>\n<meta property=\"og:site_name\" content=\"Jornal Fatos e Not\u00edcias\" \/>\n<meta property=\"article:published_time\" content=\"2020-06-16T13:19:07+00:00\" \/>\n<meta property=\"article:modified_time\" content=\"2020-06-16T13:19:11+00:00\" \/>\n<meta property=\"og:image\" content=\"https:\/\/jornalfatosenoticias.com.br\/wp-content\/uploads\/2020\/06\/luciana-guimaraes1.jpg\" \/>\n\t<meta property=\"og:image:width\" content=\"1000\" \/>\n\t<meta property=\"og:image:height\" content=\"562\" \/>\n\t<meta property=\"og:image:type\" content=\"image\/jpeg\" \/>\n<meta name=\"author\" content=\"Luzimara Fernandes\" \/>\n<meta name=\"twitter:card\" content=\"summary_large_image\" \/>\n<meta name=\"twitter:label1\" content=\"Escrito por\" \/>\n\t<meta name=\"twitter:data1\" content=\"Luzimara Fernandes\" \/>\n\t<meta name=\"twitter:label2\" content=\"Est. tempo de leitura\" \/>\n\t<meta name=\"twitter:data2\" content=\"1 minuto\" \/>\n<script type=\"application\/ld+json\" class=\"yoast-schema-graph\">{\"@context\":\"https:\/\/schema.org\",\"@graph\":[{\"@type\":\"Article\",\"@id\":\"https:\/\/jornalfatosenoticias.com.br\/index.php\/2020\/06\/16\/conto-popular-e-de-autora-capixaba-na-contacao-de-historias-on-line-desta-terca\/#article\",\"isPartOf\":{\"@id\":\"https:\/\/jornalfatosenoticias.com.br\/index.php\/2020\/06\/16\/conto-popular-e-de-autora-capixaba-na-contacao-de-historias-on-line-desta-terca\/\"},\"author\":{\"name\":\"Luzimara Fernandes\",\"@id\":\"https:\/\/jornalfatosenoticias.com.br\/#\/schema\/person\/d63837fa13ac8666eb9e74e0985d6f81\"},\"headline\":\"Conto popular e de autora capixaba na conta\u00e7\u00e3o de hist\u00f3rias on-line desta ter\u00e7a\",\"datePublished\":\"2020-06-16T13:19:07+00:00\",\"dateModified\":\"2020-06-16T13:19:11+00:00\",\"mainEntityOfPage\":{\"@id\":\"https:\/\/jornalfatosenoticias.com.br\/index.php\/2020\/06\/16\/conto-popular-e-de-autora-capixaba-na-contacao-de-historias-on-line-desta-terca\/\"},\"wordCount\":246,\"commentCount\":0,\"publisher\":{\"@id\":\"https:\/\/jornalfatosenoticias.com.br\/#organization\"},\"image\":{\"@id\":\"https:\/\/jornalfatosenoticias.com.br\/index.php\/2020\/06\/16\/conto-popular-e-de-autora-capixaba-na-contacao-de-historias-on-line-desta-terca\/#primaryimage\"},\"thumbnailUrl\":\"https:\/\/jornalfatosenoticias.com.br\/wp-content\/uploads\/2020\/06\/luciana-guimaraes1.jpg\",\"keywords\":[\"conta\u00e7\u00e3o de hist\u00f3rias\",\"contos infantis\",\"cultura popular\",\"oficinas\"],\"articleSection\":[\"Cultura\"],\"inLanguage\":\"pt-BR\",\"potentialAction\":[{\"@type\":\"CommentAction\",\"name\":\"Comment\",\"target\":[\"https:\/\/jornalfatosenoticias.com.br\/index.php\/2020\/06\/16\/conto-popular-e-de-autora-capixaba-na-contacao-de-historias-on-line-desta-terca\/#respond\"]}]},{\"@type\":\"WebPage\",\"@id\":\"https:\/\/jornalfatosenoticias.com.br\/index.php\/2020\/06\/16\/conto-popular-e-de-autora-capixaba-na-contacao-de-historias-on-line-desta-terca\/\",\"url\":\"https:\/\/jornalfatosenoticias.com.br\/index.php\/2020\/06\/16\/conto-popular-e-de-autora-capixaba-na-contacao-de-historias-on-line-desta-terca\/\",\"name\":\"Conto popular e de autora capixaba na conta\u00e7\u00e3o de hist\u00f3rias on-line desta ter\u00e7a - Jornal Fatos e Not\u00edcias\",\"isPartOf\":{\"@id\":\"https:\/\/jornalfatosenoticias.com.br\/#website\"},\"primaryImageOfPage\":{\"@id\":\"https:\/\/jornalfatosenoticias.com.br\/index.php\/2020\/06\/16\/conto-popular-e-de-autora-capixaba-na-contacao-de-historias-on-line-desta-terca\/#primaryimage\"},\"image\":{\"@id\":\"https:\/\/jornalfatosenoticias.com.br\/index.php\/2020\/06\/16\/conto-popular-e-de-autora-capixaba-na-contacao-de-historias-on-line-desta-terca\/#primaryimage\"},\"thumbnailUrl\":\"https:\/\/jornalfatosenoticias.com.br\/wp-content\/uploads\/2020\/06\/luciana-guimaraes1.jpg\",\"datePublished\":\"2020-06-16T13:19:07+00:00\",\"dateModified\":\"2020-06-16T13:19:11+00:00\",\"breadcrumb\":{\"@id\":\"https:\/\/jornalfatosenoticias.com.br\/index.php\/2020\/06\/16\/conto-popular-e-de-autora-capixaba-na-contacao-de-historias-on-line-desta-terca\/#breadcrumb\"},\"inLanguage\":\"pt-BR\",\"potentialAction\":[{\"@type\":\"ReadAction\",\"target\":[\"https:\/\/jornalfatosenoticias.com.br\/index.php\/2020\/06\/16\/conto-popular-e-de-autora-capixaba-na-contacao-de-historias-on-line-desta-terca\/\"]}]},{\"@type\":\"ImageObject\",\"inLanguage\":\"pt-BR\",\"@id\":\"https:\/\/jornalfatosenoticias.com.br\/index.php\/2020\/06\/16\/conto-popular-e-de-autora-capixaba-na-contacao-de-historias-on-line-desta-terca\/#primaryimage\",\"url\":\"https:\/\/jornalfatosenoticias.com.br\/wp-content\/uploads\/2020\/06\/luciana-guimaraes1.jpg\",\"contentUrl\":\"https:\/\/jornalfatosenoticias.com.br\/wp-content\/uploads\/2020\/06\/luciana-guimaraes1.jpg\",\"width\":1000,\"height\":562},{\"@type\":\"BreadcrumbList\",\"@id\":\"https:\/\/jornalfatosenoticias.com.br\/index.php\/2020\/06\/16\/conto-popular-e-de-autora-capixaba-na-contacao-de-historias-on-line-desta-terca\/#breadcrumb\",\"itemListElement\":[{\"@type\":\"ListItem\",\"position\":1,\"name\":\"In\u00edcio\",\"item\":\"https:\/\/jornalfatosenoticias.com.br\/\"},{\"@type\":\"ListItem\",\"position\":2,\"name\":\"Conto popular e de autora capixaba na conta\u00e7\u00e3o de hist\u00f3rias on-line desta ter\u00e7a\"}]},{\"@type\":\"WebSite\",\"@id\":\"https:\/\/jornalfatosenoticias.com.br\/#website\",\"url\":\"https:\/\/jornalfatosenoticias.com.br\/\",\"name\":\"Jornal Fatos e Not\u00edcias\",\"description\":\"Not\u00edcias em geral\",\"publisher\":{\"@id\":\"https:\/\/jornalfatosenoticias.com.br\/#organization\"},\"potentialAction\":[{\"@type\":\"SearchAction\",\"target\":{\"@type\":\"EntryPoint\",\"urlTemplate\":\"https:\/\/jornalfatosenoticias.com.br\/?s={search_term_string}\"},\"query-input\":{\"@type\":\"PropertyValueSpecification\",\"valueRequired\":true,\"valueName\":\"search_term_string\"}}],\"inLanguage\":\"pt-BR\"},{\"@type\":\"Organization\",\"@id\":\"https:\/\/jornalfatosenoticias.com.br\/#organization\",\"name\":\"Jornal Fatos e Not\u00edcias\",\"url\":\"https:\/\/jornalfatosenoticias.com.br\/\",\"logo\":{\"@type\":\"ImageObject\",\"inLanguage\":\"pt-BR\",\"@id\":\"https:\/\/jornalfatosenoticias.com.br\/#\/schema\/logo\/image\/\",\"url\":\"https:\/\/jornalfatosenoticias.com.br\/wp-content\/uploads\/2020\/02\/logo120.png\",\"contentUrl\":\"https:\/\/jornalfatosenoticias.com.br\/wp-content\/uploads\/2020\/02\/logo120.png\",\"width\":1227,\"height\":120,\"caption\":\"Jornal Fatos e Not\u00edcias\"},\"image\":{\"@id\":\"https:\/\/jornalfatosenoticias.com.br\/#\/schema\/logo\/image\/\"}},{\"@type\":\"Person\",\"@id\":\"https:\/\/jornalfatosenoticias.com.br\/#\/schema\/person\/d63837fa13ac8666eb9e74e0985d6f81\",\"name\":\"Luzimara Fernandes\",\"image\":{\"@type\":\"ImageObject\",\"inLanguage\":\"pt-BR\",\"@id\":\"https:\/\/jornalfatosenoticias.com.br\/#\/schema\/person\/image\/\",\"url\":\"https:\/\/jornalfatosenoticias.com.br\/wp-content\/uploads\/2025\/05\/EU_portal.jpg\",\"contentUrl\":\"https:\/\/jornalfatosenoticias.com.br\/wp-content\/uploads\/2025\/05\/EU_portal.jpg\",\"caption\":\"Luzimara Fernandes\"},\"description\":\"Jornalista MTB 2358-ES\",\"sameAs\":[\"https:\/\/jornalfatosenoticias.com.br\"],\"url\":\"https:\/\/jornalfatosenoticias.com.br\/index.php\/author\/luzimara\/\"}]}<\/script>\n<!-- \/ Yoast SEO plugin. -->","yoast_head_json":{"title":"Conto popular e de autora capixaba na conta\u00e7\u00e3o de hist\u00f3rias on-line desta ter\u00e7a - Jornal Fatos e Not\u00edcias","robots":{"index":"index","follow":"follow","max-snippet":"max-snippet:-1","max-image-preview":"max-image-preview:large","max-video-preview":"max-video-preview:-1"},"canonical":"https:\/\/jornalfatosenoticias.com.br\/index.php\/2020\/06\/16\/conto-popular-e-de-autora-capixaba-na-contacao-de-historias-on-line-desta-terca\/","og_locale":"pt_BR","og_type":"article","og_title":"Conto popular e de autora capixaba na conta\u00e7\u00e3o de hist\u00f3rias on-line desta ter\u00e7a - Jornal Fatos e Not\u00edcias","og_description":"Resgatando as tradi\u00e7\u00f5es dos contos populares e valorizando o trabalho de escritores capixabas, a conta\u00e7\u00e3o de hist\u00f3rias on-line do projeto Viagem pela Literatura desta ter\u00e7a-feira (16) traz duas hist\u00f3rias: &#8220;Jo\u00e3o, o Bot\u00e3o&#8221; (da capixaba Elizabeth Martins) e o conto popular &#8220;A Festa no C\u00e9u&#8221;.A a\u00e7\u00e3o \u00e9 da Biblioteca Municipal Adelpho Poli Monjardim, espa\u00e7o da Secretaria [&hellip;]","og_url":"https:\/\/jornalfatosenoticias.com.br\/index.php\/2020\/06\/16\/conto-popular-e-de-autora-capixaba-na-contacao-de-historias-on-line-desta-terca\/","og_site_name":"Jornal Fatos e Not\u00edcias","article_published_time":"2020-06-16T13:19:07+00:00","article_modified_time":"2020-06-16T13:19:11+00:00","og_image":[{"width":1000,"height":562,"url":"https:\/\/jornalfatosenoticias.com.br\/wp-content\/uploads\/2020\/06\/luciana-guimaraes1.jpg","type":"image\/jpeg"}],"author":"Luzimara Fernandes","twitter_card":"summary_large_image","twitter_misc":{"Escrito por":"Luzimara Fernandes","Est. tempo de leitura":"1 minuto"},"schema":{"@context":"https:\/\/schema.org","@graph":[{"@type":"Article","@id":"https:\/\/jornalfatosenoticias.com.br\/index.php\/2020\/06\/16\/conto-popular-e-de-autora-capixaba-na-contacao-de-historias-on-line-desta-terca\/#article","isPartOf":{"@id":"https:\/\/jornalfatosenoticias.com.br\/index.php\/2020\/06\/16\/conto-popular-e-de-autora-capixaba-na-contacao-de-historias-on-line-desta-terca\/"},"author":{"name":"Luzimara Fernandes","@id":"https:\/\/jornalfatosenoticias.com.br\/#\/schema\/person\/d63837fa13ac8666eb9e74e0985d6f81"},"headline":"Conto popular e de autora capixaba na conta\u00e7\u00e3o de hist\u00f3rias on-line desta ter\u00e7a","datePublished":"2020-06-16T13:19:07+00:00","dateModified":"2020-06-16T13:19:11+00:00","mainEntityOfPage":{"@id":"https:\/\/jornalfatosenoticias.com.br\/index.php\/2020\/06\/16\/conto-popular-e-de-autora-capixaba-na-contacao-de-historias-on-line-desta-terca\/"},"wordCount":246,"commentCount":0,"publisher":{"@id":"https:\/\/jornalfatosenoticias.com.br\/#organization"},"image":{"@id":"https:\/\/jornalfatosenoticias.com.br\/index.php\/2020\/06\/16\/conto-popular-e-de-autora-capixaba-na-contacao-de-historias-on-line-desta-terca\/#primaryimage"},"thumbnailUrl":"https:\/\/jornalfatosenoticias.com.br\/wp-content\/uploads\/2020\/06\/luciana-guimaraes1.jpg","keywords":["conta\u00e7\u00e3o de hist\u00f3rias","contos infantis","cultura popular","oficinas"],"articleSection":["Cultura"],"inLanguage":"pt-BR","potentialAction":[{"@type":"CommentAction","name":"Comment","target":["https:\/\/jornalfatosenoticias.com.br\/index.php\/2020\/06\/16\/conto-popular-e-de-autora-capixaba-na-contacao-de-historias-on-line-desta-terca\/#respond"]}]},{"@type":"WebPage","@id":"https:\/\/jornalfatosenoticias.com.br\/index.php\/2020\/06\/16\/conto-popular-e-de-autora-capixaba-na-contacao-de-historias-on-line-desta-terca\/","url":"https:\/\/jornalfatosenoticias.com.br\/index.php\/2020\/06\/16\/conto-popular-e-de-autora-capixaba-na-contacao-de-historias-on-line-desta-terca\/","name":"Conto popular e de autora capixaba na conta\u00e7\u00e3o de hist\u00f3rias on-line desta ter\u00e7a - Jornal Fatos e Not\u00edcias","isPartOf":{"@id":"https:\/\/jornalfatosenoticias.com.br\/#website"},"primaryImageOfPage":{"@id":"https:\/\/jornalfatosenoticias.com.br\/index.php\/2020\/06\/16\/conto-popular-e-de-autora-capixaba-na-contacao-de-historias-on-line-desta-terca\/#primaryimage"},"image":{"@id":"https:\/\/jornalfatosenoticias.com.br\/index.php\/2020\/06\/16\/conto-popular-e-de-autora-capixaba-na-contacao-de-historias-on-line-desta-terca\/#primaryimage"},"thumbnailUrl":"https:\/\/jornalfatosenoticias.com.br\/wp-content\/uploads\/2020\/06\/luciana-guimaraes1.jpg","datePublished":"2020-06-16T13:19:07+00:00","dateModified":"2020-06-16T13:19:11+00:00","breadcrumb":{"@id":"https:\/\/jornalfatosenoticias.com.br\/index.php\/2020\/06\/16\/conto-popular-e-de-autora-capixaba-na-contacao-de-historias-on-line-desta-terca\/#breadcrumb"},"inLanguage":"pt-BR","potentialAction":[{"@type":"ReadAction","target":["https:\/\/jornalfatosenoticias.com.br\/index.php\/2020\/06\/16\/conto-popular-e-de-autora-capixaba-na-contacao-de-historias-on-line-desta-terca\/"]}]},{"@type":"ImageObject","inLanguage":"pt-BR","@id":"https:\/\/jornalfatosenoticias.com.br\/index.php\/2020\/06\/16\/conto-popular-e-de-autora-capixaba-na-contacao-de-historias-on-line-desta-terca\/#primaryimage","url":"https:\/\/jornalfatosenoticias.com.br\/wp-content\/uploads\/2020\/06\/luciana-guimaraes1.jpg","contentUrl":"https:\/\/jornalfatosenoticias.com.br\/wp-content\/uploads\/2020\/06\/luciana-guimaraes1.jpg","width":1000,"height":562},{"@type":"BreadcrumbList","@id":"https:\/\/jornalfatosenoticias.com.br\/index.php\/2020\/06\/16\/conto-popular-e-de-autora-capixaba-na-contacao-de-historias-on-line-desta-terca\/#breadcrumb","itemListElement":[{"@type":"ListItem","position":1,"name":"In\u00edcio","item":"https:\/\/jornalfatosenoticias.com.br\/"},{"@type":"ListItem","position":2,"name":"Conto popular e de autora capixaba na conta\u00e7\u00e3o de hist\u00f3rias on-line desta ter\u00e7a"}]},{"@type":"WebSite","@id":"https:\/\/jornalfatosenoticias.com.br\/#website","url":"https:\/\/jornalfatosenoticias.com.br\/","name":"Jornal Fatos e Not\u00edcias","description":"Not\u00edcias em geral","publisher":{"@id":"https:\/\/jornalfatosenoticias.com.br\/#organization"},"potentialAction":[{"@type":"SearchAction","target":{"@type":"EntryPoint","urlTemplate":"https:\/\/jornalfatosenoticias.com.br\/?s={search_term_string}"},"query-input":{"@type":"PropertyValueSpecification","valueRequired":true,"valueName":"search_term_string"}}],"inLanguage":"pt-BR"},{"@type":"Organization","@id":"https:\/\/jornalfatosenoticias.com.br\/#organization","name":"Jornal Fatos e Not\u00edcias","url":"https:\/\/jornalfatosenoticias.com.br\/","logo":{"@type":"ImageObject","inLanguage":"pt-BR","@id":"https:\/\/jornalfatosenoticias.com.br\/#\/schema\/logo\/image\/","url":"https:\/\/jornalfatosenoticias.com.br\/wp-content\/uploads\/2020\/02\/logo120.png","contentUrl":"https:\/\/jornalfatosenoticias.com.br\/wp-content\/uploads\/2020\/02\/logo120.png","width":1227,"height":120,"caption":"Jornal Fatos e Not\u00edcias"},"image":{"@id":"https:\/\/jornalfatosenoticias.com.br\/#\/schema\/logo\/image\/"}},{"@type":"Person","@id":"https:\/\/jornalfatosenoticias.com.br\/#\/schema\/person\/d63837fa13ac8666eb9e74e0985d6f81","name":"Luzimara Fernandes","image":{"@type":"ImageObject","inLanguage":"pt-BR","@id":"https:\/\/jornalfatosenoticias.com.br\/#\/schema\/person\/image\/","url":"https:\/\/jornalfatosenoticias.com.br\/wp-content\/uploads\/2025\/05\/EU_portal.jpg","contentUrl":"https:\/\/jornalfatosenoticias.com.br\/wp-content\/uploads\/2025\/05\/EU_portal.jpg","caption":"Luzimara Fernandes"},"description":"Jornalista MTB 2358-ES","sameAs":["https:\/\/jornalfatosenoticias.com.br"],"url":"https:\/\/jornalfatosenoticias.com.br\/index.php\/author\/luzimara\/"}]}},"cc_featured_image_caption":{"caption_text":"Luciana Guimar\u00e3es (Foto: YouTube)","source_text":"","source_url":""},"jetpack_featured_media_url":"https:\/\/jornalfatosenoticias.com.br\/wp-content\/uploads\/2020\/06\/luciana-guimaraes1.jpg","_links":{"self":[{"href":"https:\/\/jornalfatosenoticias.com.br\/index.php\/wp-json\/wp\/v2\/posts\/5514","targetHints":{"allow":["GET"]}}],"collection":[{"href":"https:\/\/jornalfatosenoticias.com.br\/index.php\/wp-json\/wp\/v2\/posts"}],"about":[{"href":"https:\/\/jornalfatosenoticias.com.br\/index.php\/wp-json\/wp\/v2\/types\/post"}],"author":[{"embeddable":true,"href":"https:\/\/jornalfatosenoticias.com.br\/index.php\/wp-json\/wp\/v2\/users\/2"}],"replies":[{"embeddable":true,"href":"https:\/\/jornalfatosenoticias.com.br\/index.php\/wp-json\/wp\/v2\/comments?post=5514"}],"version-history":[{"count":0,"href":"https:\/\/jornalfatosenoticias.com.br\/index.php\/wp-json\/wp\/v2\/posts\/5514\/revisions"}],"wp:featuredmedia":[{"embeddable":true,"href":"https:\/\/jornalfatosenoticias.com.br\/index.php\/wp-json\/wp\/v2\/media\/5517"}],"wp:attachment":[{"href":"https:\/\/jornalfatosenoticias.com.br\/index.php\/wp-json\/wp\/v2\/media?parent=5514"}],"wp:term":[{"taxonomy":"category","embeddable":true,"href":"https:\/\/jornalfatosenoticias.com.br\/index.php\/wp-json\/wp\/v2\/categories?post=5514"},{"taxonomy":"post_tag","embeddable":true,"href":"https:\/\/jornalfatosenoticias.com.br\/index.php\/wp-json\/wp\/v2\/tags?post=5514"}],"curies":[{"name":"wp","href":"https:\/\/api.w.org\/{rel}","templated":true}]}}