{"id":55147,"date":"2024-10-24T14:05:15","date_gmt":"2024-10-24T17:05:15","guid":{"rendered":"https:\/\/jornalfatosenoticias.com.br\/?p=55147"},"modified":"2024-10-24T14:05:16","modified_gmt":"2024-10-24T17:05:16","slug":"reforma-tributaria","status":"publish","type":"post","link":"https:\/\/jornalfatosenoticias.com.br\/index.php\/2024\/10\/24\/reforma-tributaria\/","title":{"rendered":"Reforma Tribut\u00e1ria"},"content":{"rendered":"\n<p><span class=\"has-inline-color has-black-color\">Por<\/span>\u00a0<strong><a href=\"https:\/\/jornalfatosenoticias.com.br\/index.php\/2024\/09\/05\/otimize-a-gestao-tributaria-da-sua-empresa-estrategias-eficazes-com-a-legis-juris-consultoria\/\">Rogerio Fernandes da Silva &amp; Kalyne Calais<\/a><\/strong><\/p>\n\n\n\n<div class=\"wp-block-image is-style-rounded\"><figure class=\"alignleft size-large\"><img loading=\"lazy\" decoding=\"async\" width=\"120\" height=\"60\" src=\"https:\/\/jornalfatosenoticias.com.br\/wp-content\/uploads\/2024\/09\/Legis_Juris_Consultoria_Rogerio_e_Kalyne-Portal.jpg\" alt=\"\" class=\"wp-image-53912\"\/><\/figure><\/div>\n\n\n\n<p><strong><span class=\"has-inline-color has-black-color\">Estimado leitor,<\/span><\/strong><\/p>\n\n\n\n<p>Nesta semana, dedicamo-nos a esclarecer os pontos mais importantes da t\u00e3o debatida Reforma Tribut\u00e1ria, cujas mudan\u00e7as afetar\u00e3o a todos n\u00f3s, contribuintes. Vamos por partes:<\/p>\n\n\n\n<p><strong><span class=\"has-inline-color has-black-color\">O que \u00e9 o IVA?<br><\/span><\/strong>O Imposto sobre Valor Agregado (IVA) j\u00e1 \u00e9 aplicado em v\u00e1rios pa\u00edses desde a d\u00e9cada de 1930. No Brasil, surge agora como parte da Reforma Tribut\u00e1ria, com o objetivo de unificar tributos, atrav\u00e9s da cria\u00e7\u00e3o de dois novos impostos: CBS e IBS, que s\u00e3o componentes do IVA.<br><strong><span class=\"has-inline-color has-vivid-cyan-blue-color\">\u2022 Contribui\u00e7\u00e3o sobre Bens e Servi\u00e7os (CBS): <\/span><\/strong>Substituir\u00e1 tributos federais, como PIS, COFINS e IPI.<br><strong><span class=\"has-inline-color has-vivid-cyan-blue-color\">\u2022 Imposto sobre Bens e Servi\u00e7os (IBS):<\/span><\/strong> Ir\u00e1 unificar o ICMS (estadual) e o ISS (municipal). Sua arrecada\u00e7\u00e3o ser\u00e1 compartilhada entre Estados, Distrito Federal e Munic\u00edpios.<\/p>\n\n\n\n<div class=\"wp-block-image\"><figure class=\"aligncenter size-large is-resized\"><a href=\"https:\/\/www.legisjuris.com.br\/\"><img loading=\"lazy\" decoding=\"async\" src=\"https:\/\/jornalfatosenoticias.com.br\/wp-content\/uploads\/2024\/09\/Legis-Juris-Consultoria_logo.jpg\" alt=\"\" class=\"wp-image-53915\" width=\"506\" height=\"212\" srcset=\"https:\/\/jornalfatosenoticias.com.br\/wp-content\/uploads\/2024\/09\/Legis-Juris-Consultoria_logo.jpg 969w, https:\/\/jornalfatosenoticias.com.br\/wp-content\/uploads\/2024\/09\/Legis-Juris-Consultoria_logo-300x126.jpg 300w, https:\/\/jornalfatosenoticias.com.br\/wp-content\/uploads\/2024\/09\/Legis-Juris-Consultoria_logo-768x322.jpg 768w\" sizes=\"auto, (max-width: 506px) 100vw, 506px\" \/><\/a><\/figure><\/div>\n\n\n\n<p><strong><span class=\"has-inline-color has-black-color\">Onde tudo come\u00e7ou?<br><\/span><\/strong>A promulga\u00e7\u00e3o da Emenda Constitucional 132\/2023, ocorrida em 20 de dezembro de 2023, marcou o in\u00edcio dessa unifica\u00e7\u00e3o tribut\u00e1ria pelo IVA. A emenda alterou o Sistema Tribut\u00e1rio Nacional, criando os dois tributos que est\u00e3o no centro da discuss\u00e3o:<br><strong><span class=\"has-inline-color has-vivid-cyan-blue-color\">\u2022 CBS <\/span><\/strong>(de compet\u00eancia federal)<br><strong><span class=\"has-inline-color has-vivid-cyan-blue-color\">\u2022 IBS<\/span><\/strong> (compet\u00eancia compartilhada entre Estados, DF e Munic\u00edpios).<\/p>\n\n\n\n<div class=\"wp-block-image\"><figure class=\"aligncenter size-large is-resized\"><a href=\"https:\/\/www.facebook.com\/postobkr\/?locale=pt_BR\"><img loading=\"lazy\" decoding=\"async\" src=\"https:\/\/jornalfatosenoticias.com.br\/wp-content\/uploads\/2023\/08\/BKR-1024x1021.jpg\" alt=\"\" class=\"wp-image-44494\" width=\"325\" height=\"324\" srcset=\"https:\/\/jornalfatosenoticias.com.br\/wp-content\/uploads\/2023\/08\/BKR-1024x1021.jpg 1024w, https:\/\/jornalfatosenoticias.com.br\/wp-content\/uploads\/2023\/08\/BKR-300x300.jpg 300w, https:\/\/jornalfatosenoticias.com.br\/wp-content\/uploads\/2023\/08\/BKR-150x150.jpg 150w, https:\/\/jornalfatosenoticias.com.br\/wp-content\/uploads\/2023\/08\/BKR-768x766.jpg 768w, https:\/\/jornalfatosenoticias.com.br\/wp-content\/uploads\/2023\/08\/BKR.jpg 1080w\" sizes=\"auto, (max-width: 325px) 100vw, 325px\" \/><\/a><\/figure><\/div>\n\n\n\n<p>Foi estabelecido que cada ente da federa\u00e7\u00e3o definir\u00e1 sua respectiva al\u00edquota por meio de leis espec\u00edficas, conforme o artigo 156-A da Constitui\u00e7\u00e3o Federal.<br>A partir destas novas siglas surgiram outras mais utilizadas, e denominadas de PLP (PROJETO DE LEI COMPLEMENTAR), para regular cada mat\u00e9ria, onde ocorre a sua exig\u00eancia pela Constitui\u00e7\u00e3o Federal (CF).<\/p>\n\n\n\n<div class=\"wp-block-image\"><figure class=\"aligncenter size-large is-resized\"><a href=\"https:\/\/panper.com.br\/\"><img loading=\"lazy\" decoding=\"async\" src=\"https:\/\/jornalfatosenoticias.com.br\/wp-content\/uploads\/2023\/03\/logo-Panper_portal.jpg\" alt=\"\" class=\"wp-image-40208\" width=\"358\" height=\"248\" srcset=\"https:\/\/jornalfatosenoticias.com.br\/wp-content\/uploads\/2023\/03\/logo-Panper_portal.jpg 400w, https:\/\/jornalfatosenoticias.com.br\/wp-content\/uploads\/2023\/03\/logo-Panper_portal-300x208.jpg 300w\" sizes=\"auto, (max-width: 358px) 100vw, 358px\" \/><\/a><\/figure><\/div>\n\n\n\n<p><span class=\"has-inline-color has-black-color\"><strong><span style=\"text-decoration: underline;\">Uma especial aten\u00e7\u00e3o deve ser dada aos seguintes temas<br><\/span><\/strong><\/span><strong><span class=\"has-inline-color has-vivid-cyan-blue-color\">a) Imposto sobre Transmiss\u00e3o Causa Mortis e Doa\u00e7\u00e3o (ITCMD):<\/span><\/strong> Caso a reforma seja aprovada em 2024, a al\u00edquota pode ser elevada a um teto inicial de 8%, com al\u00edquotas progressivas. O imposto ser\u00e1 cobrado no estado de resid\u00eancia do falecido ou doador, diferentemente da regra atual, que vincula o tributo ao local do invent\u00e1rio.<\/p>\n\n\n\n<div class=\"wp-block-image\"><figure class=\"aligncenter size-large is-resized\"><a href=\"https:\/\/www.instagram.com\/serra4x4cambioautomatico\/\"><img loading=\"lazy\" decoding=\"async\" src=\"https:\/\/jornalfatosenoticias.com.br\/wp-content\/uploads\/2024\/08\/Serra-4x4-1-886x1024.jpg\" alt=\"\" class=\"wp-image-53632\" width=\"367\" height=\"424\" srcset=\"https:\/\/jornalfatosenoticias.com.br\/wp-content\/uploads\/2024\/08\/Serra-4x4-1-886x1024.jpg 886w, https:\/\/jornalfatosenoticias.com.br\/wp-content\/uploads\/2024\/08\/Serra-4x4-1-260x300.jpg 260w, https:\/\/jornalfatosenoticias.com.br\/wp-content\/uploads\/2024\/08\/Serra-4x4-1-768x888.jpg 768w, https:\/\/jornalfatosenoticias.com.br\/wp-content\/uploads\/2024\/08\/Serra-4x4-1.jpg 1181w\" sizes=\"auto, (max-width: 367px) 100vw, 367px\" \/><\/a><\/figure><\/div>\n\n\n\n<p><strong><span class=\"has-inline-color has-vivid-cyan-blue-color\">b) Amplia\u00e7\u00e3o da base de c\u00e1lculo: <\/span><\/strong>pois a mesma no caso do ativo referir-se a participa\u00e7\u00f5es societ\u00e1rias, a base de c\u00e1lculo ser\u00e1 o valor de mercado, o que onera em muito o planejamento sucess\u00f3rio, onde instrumentos como <strong>VALUATION <\/strong>(processo que envolve diversas t\u00e9cnicas par determinar o valor justo de um ativo) dever\u00e3o certamente ser utilizados pelo fisco.<\/p>\n\n\n\n<div class=\"wp-block-image\"><figure class=\"aligncenter size-large\"><a href=\"http:\/\/www.ferrarimaquinas.com.br\/\"><img loading=\"lazy\" decoding=\"async\" width=\"300\" height=\"250\" src=\"https:\/\/jornalfatosenoticias.com.br\/wp-content\/uploads\/2022\/02\/FERRARI_MAQUINAS-E-FERRAMENTAS2.jpg\" alt=\"\" class=\"wp-image-27860\"\/><\/a><\/figure><\/div>\n\n\n\n<p><strong><span class=\"has-inline-color has-vivid-cyan-blue-color\">c) Distribui\u00e7\u00e3o de lucros: <\/span><\/strong>As distribui\u00e7\u00f5es de lucros das empresas n\u00e3o mais poder\u00e3o ocorrer desproporcionalmente \u00e1s respectivas participa\u00e7\u00f5es efetivas dos s\u00f3cios no capital social da Sociedade, e se ocorrerem, possuir\u00e3o tratamento como doa\u00e7\u00f5es, sujeitas ao ITCMD.<\/p>\n\n\n\n<div class=\"wp-block-image\"><figure class=\"aligncenter size-large is-resized\"><a href=\"https:\/\/www.ithbrasil.com.br\/\"><img loading=\"lazy\" decoding=\"async\" src=\"https:\/\/jornalfatosenoticias.com.br\/wp-content\/uploads\/2023\/08\/ITH.jpeg\" alt=\"\" class=\"wp-image-44638\" width=\"308\" height=\"250\" srcset=\"https:\/\/jornalfatosenoticias.com.br\/wp-content\/uploads\/2023\/08\/ITH.jpeg 800w, https:\/\/jornalfatosenoticias.com.br\/wp-content\/uploads\/2023\/08\/ITH-300x244.jpeg 300w, https:\/\/jornalfatosenoticias.com.br\/wp-content\/uploads\/2023\/08\/ITH-768x624.jpeg 768w\" sizes=\"auto, (max-width: 308px) 100vw, 308px\" \/><\/a><\/figure><\/div>\n\n\n\n<p><strong><span class=\"has-inline-color has-vivid-cyan-blue-color\">d) Nos demais temas,<\/span><\/strong> a princ\u00edpio, ou seja, CBS e IBS, o ano-calend\u00e1rio de 2025 ser\u00e1 utilizado para ajustes, transi\u00e7\u00f5es, regulamenta\u00e7\u00f5es graduais, e prepara\u00e7\u00e3o para efetivo in\u00edcio de sua aplica\u00e7\u00e3o em 2026, esperando que plenamente somente em 2027 entrem em vigor.<\/p>\n\n\n\n<div class=\"wp-block-image\"><figure class=\"aligncenter size-large is-resized\"><a href=\"https:\/\/www.facebook.com\/vetor.vix\/\"><img loading=\"lazy\" decoding=\"async\" src=\"https:\/\/jornalfatosenoticias.com.br\/wp-content\/uploads\/2023\/09\/vetorvix1024_1.jpg\" alt=\"\" class=\"wp-image-44868\" width=\"535\" height=\"142\" srcset=\"https:\/\/jornalfatosenoticias.com.br\/wp-content\/uploads\/2023\/09\/vetorvix1024_1.jpg 1024w, https:\/\/jornalfatosenoticias.com.br\/wp-content\/uploads\/2023\/09\/vetorvix1024_1-300x80.jpg 300w, https:\/\/jornalfatosenoticias.com.br\/wp-content\/uploads\/2023\/09\/vetorvix1024_1-768x205.jpg 768w\" sizes=\"auto, (max-width: 535px) 100vw, 535px\" \/><\/a><\/figure><\/div>\n\n\n\n<p><strong><span class=\"has-inline-color has-black-color\">Cronograma de implementa\u00e7\u00e3o da Reforma Tribut\u00e1ria<br><\/span><\/strong>Dado o cen\u00e1rio pol\u00edtico e a quantidade de emendas recebidas (mais de 1.400), ainda \u00e9 cedo para prever uma data definitiva de vig\u00eancia. A aplica\u00e7\u00e3o pr\u00e1tica do IVA deve seguir uma transi\u00e7\u00e3o gradual em 2026, com a entrada plena em vigor apenas em 2027.<\/p>\n\n\n\n<div class=\"wp-block-image\"><figure class=\"aligncenter size-large\"><img loading=\"lazy\" decoding=\"async\" width=\"620\" height=\"1024\" src=\"https:\/\/jornalfatosenoticias.com.br\/wp-content\/uploads\/2024\/10\/Tabela-620x1024.jpg\" alt=\"\" class=\"wp-image-55149\" srcset=\"https:\/\/jornalfatosenoticias.com.br\/wp-content\/uploads\/2024\/10\/Tabela-620x1024.jpg 620w, https:\/\/jornalfatosenoticias.com.br\/wp-content\/uploads\/2024\/10\/Tabela-182x300.jpg 182w, https:\/\/jornalfatosenoticias.com.br\/wp-content\/uploads\/2024\/10\/Tabela-768x1269.jpg 768w, https:\/\/jornalfatosenoticias.com.br\/wp-content\/uploads\/2024\/10\/Tabela-929x1536.jpg 929w, https:\/\/jornalfatosenoticias.com.br\/wp-content\/uploads\/2024\/10\/Tabela-1239x2048.jpg 1239w, https:\/\/jornalfatosenoticias.com.br\/wp-content\/uploads\/2024\/10\/Tabela.jpg 1252w\" sizes=\"auto, (max-width: 620px) 100vw, 620px\" \/><figcaption><em><span class=\"has-inline-color has-black-color\"><strong>Fonte:<\/strong> Legis Juris Consultoria Ltda.<\/span><\/em><\/figcaption><\/figure><\/div>\n\n\n\n<p><strong><span class=\"has-inline-color has-black-color\"><span style=\"text-decoration: underline;\">QUAL EXPECTATIVA DA NOVA CARGA TRIBUT\u00c1RIA NO BRASIL<br><\/span><\/span><\/strong>Agora nossos leitores, preparem-se, pois h\u00e1 expectativa de que o IVA no Brasil, possua al\u00edquota m\u00e9dia de 28%, o que torna o nosso pa\u00eds <em><span class=\"has-inline-color has-black-color\">\u201cvencedor\u201d <\/span><\/em>como uma das maiores al\u00edquotas de IVA do mundo, sen\u00e3o vejamos:<\/p>\n\n\n\n<div class=\"wp-block-image\"><figure class=\"aligncenter size-large\"><img loading=\"lazy\" decoding=\"async\" width=\"526\" height=\"407\" src=\"https:\/\/jornalfatosenoticias.com.br\/wp-content\/uploads\/2024\/10\/tabela2.jpg\" alt=\"\" class=\"wp-image-55148\" srcset=\"https:\/\/jornalfatosenoticias.com.br\/wp-content\/uploads\/2024\/10\/tabela2.jpg 526w, https:\/\/jornalfatosenoticias.com.br\/wp-content\/uploads\/2024\/10\/tabela2-300x232.jpg 300w\" sizes=\"auto, (max-width: 526px) 100vw, 526px\" \/><figcaption><em><span class=\"has-inline-color has-black-color\"><strong>Fonte:<\/strong> Legis Juris Consultoria Ltda.<\/span><\/em><\/figcaption><\/figure><\/div>\n\n\n\n<div class=\"wp-block-image\"><figure class=\"aligncenter size-large\"><a href=\"https:\/\/mizu.com.br\/\"><img loading=\"lazy\" decoding=\"async\" width=\"729\" height=\"90\" src=\"https:\/\/jornalfatosenoticias.com.br\/wp-content\/uploads\/2020\/02\/Logo_Mizu.png\" alt=\"\" class=\"wp-image-1441\" srcset=\"https:\/\/jornalfatosenoticias.com.br\/wp-content\/uploads\/2020\/02\/Logo_Mizu.png 729w, https:\/\/jornalfatosenoticias.com.br\/wp-content\/uploads\/2020\/02\/Logo_Mizu-300x37.png 300w\" sizes=\"auto, (max-width: 729px) 100vw, 729px\" \/><\/a><\/figure><\/div>\n\n\n\n<p>Vale lembrar que em muitos desses pa\u00edses h\u00e1 al\u00edquotas reduzidas para setores espec\u00edficos, como transportes, servi\u00e7os m\u00e9dicos, alimentos e livros. No Brasil, ainda n\u00e3o sabemos como ser\u00e1 o tratamento diferenciado para esses casos. Outro ponto preocupante \u00e9 o impacto do IVA nas exporta\u00e7\u00f5es e nas pequenas e m\u00e9dias empresas, quest\u00f5es que ainda precisam de maior defini\u00e7\u00e3o.<br><strong><span class=\"has-inline-color has-black-color\">Aguardemos cenas dos pr\u00f3ximos cap\u00edtulos do novo regime de tributa\u00e7\u00e3o no BRASIL\u2026<br>J\u00e1 dizia Benjamin Franklin \u201cnada \u00e9 mais certo neste mundo do que a morte e os impostos\u201d.<\/span><\/strong><br><em>At\u00e9 a pr\u00f3xima, com mais estrat\u00e9gias e conte\u00fado para seguir Economizando Tributos.<\/em><\/p>\n\n\n\n<div class=\"wp-block-image\"><figure class=\"aligncenter size-large is-resized\"><img loading=\"lazy\" decoding=\"async\" src=\"https:\/\/jornalfatosenoticias.com.br\/wp-content\/uploads\/2024\/10\/rogerio-fernandes-e-kalyne-calais_PORTAL.jpg\" alt=\"\" class=\"wp-image-55150\" width=\"471\" height=\"233\" srcset=\"https:\/\/jornalfatosenoticias.com.br\/wp-content\/uploads\/2024\/10\/rogerio-fernandes-e-kalyne-calais_PORTAL.jpg 755w, https:\/\/jornalfatosenoticias.com.br\/wp-content\/uploads\/2024\/10\/rogerio-fernandes-e-kalyne-calais_PORTAL-300x149.jpg 300w\" sizes=\"auto, (max-width: 471px) 100vw, 471px\" \/><\/figure><\/div>\n","protected":false},"excerpt":{"rendered":"<p>Por\u00a0Rogerio Fernandes da Silva &amp; Kalyne Calais Estimado leitor, Nesta semana, dedicamo-nos a esclarecer os pontos mais importantes da t\u00e3o debatida Reforma Tribut\u00e1ria, cujas mudan\u00e7as afetar\u00e3o a todos n\u00f3s, contribuintes. Vamos por partes: O que \u00e9 o IVA?O Imposto sobre Valor Agregado (IVA) j\u00e1 \u00e9 aplicado em v\u00e1rios pa\u00edses desde a d\u00e9cada de 1930. No [&hellip;]<\/p>\n","protected":false},"author":2,"featured_media":55151,"comment_status":"open","ping_status":"open","sticky":false,"template":"","format":"standard","meta":{"footnotes":""},"categories":[9],"tags":[25137,5674,597,986,8257,12131,4046],"class_list":["post-55147","post","type-post","status-publish","format-standard","has-post-thumbnail","hentry","category-economia","tag-aliquotas","tag-arrecadacao","tag-brasil","tag-governo","tag-impostos","tag-legislacao","tag-reforma-tributaria"],"yoast_head":"<!-- This site is optimized with the Yoast SEO plugin v26.5 - https:\/\/yoast.com\/wordpress\/plugins\/seo\/ -->\n<title>Reforma Tribut\u00e1ria - Jornal Fatos e Not\u00edcias<\/title>\n<meta name=\"robots\" content=\"index, follow, max-snippet:-1, max-image-preview:large, max-video-preview:-1\" \/>\n<link rel=\"canonical\" href=\"https:\/\/jornalfatosenoticias.com.br\/index.php\/2024\/10\/24\/reforma-tributaria\/\" \/>\n<meta property=\"og:locale\" content=\"pt_BR\" \/>\n<meta property=\"og:type\" content=\"article\" \/>\n<meta property=\"og:title\" content=\"Reforma Tribut\u00e1ria - Jornal Fatos e Not\u00edcias\" \/>\n<meta property=\"og:description\" content=\"Por\u00a0Rogerio Fernandes da Silva &amp; Kalyne Calais Estimado leitor, Nesta semana, dedicamo-nos a esclarecer os pontos mais importantes da t\u00e3o debatida Reforma Tribut\u00e1ria, cujas mudan\u00e7as afetar\u00e3o a todos n\u00f3s, contribuintes. Vamos por partes: O que \u00e9 o IVA?O Imposto sobre Valor Agregado (IVA) j\u00e1 \u00e9 aplicado em v\u00e1rios pa\u00edses desde a d\u00e9cada de 1930. No [&hellip;]\" \/>\n<meta property=\"og:url\" content=\"https:\/\/jornalfatosenoticias.com.br\/index.php\/2024\/10\/24\/reforma-tributaria\/\" \/>\n<meta property=\"og:site_name\" content=\"Jornal Fatos e Not\u00edcias\" \/>\n<meta property=\"article:published_time\" content=\"2024-10-24T17:05:15+00:00\" \/>\n<meta property=\"article:modified_time\" content=\"2024-10-24T17:05:16+00:00\" \/>\n<meta property=\"og:image\" content=\"https:\/\/jornalfatosenoticias.com.br\/wp-content\/uploads\/2024\/10\/reforma-tributaria_istock.jpg\" \/>\n\t<meta property=\"og:image:width\" content=\"612\" \/>\n\t<meta property=\"og:image:height\" content=\"344\" \/>\n\t<meta property=\"og:image:type\" content=\"image\/jpeg\" \/>\n<meta name=\"author\" content=\"Luzimara Fernandes\" \/>\n<meta name=\"twitter:card\" content=\"summary_large_image\" \/>\n<meta name=\"twitter:label1\" content=\"Escrito por\" \/>\n\t<meta name=\"twitter:data1\" content=\"Luzimara Fernandes\" \/>\n\t<meta name=\"twitter:label2\" content=\"Est. tempo de leitura\" \/>\n\t<meta name=\"twitter:data2\" content=\"4 minutos\" \/>\n<script type=\"application\/ld+json\" class=\"yoast-schema-graph\">{\"@context\":\"https:\/\/schema.org\",\"@graph\":[{\"@type\":\"Article\",\"@id\":\"https:\/\/jornalfatosenoticias.com.br\/index.php\/2024\/10\/24\/reforma-tributaria\/#article\",\"isPartOf\":{\"@id\":\"https:\/\/jornalfatosenoticias.com.br\/index.php\/2024\/10\/24\/reforma-tributaria\/\"},\"author\":{\"name\":\"Luzimara Fernandes\",\"@id\":\"https:\/\/jornalfatosenoticias.com.br\/#\/schema\/person\/d63837fa13ac8666eb9e74e0985d6f81\"},\"headline\":\"Reforma Tribut\u00e1ria\",\"datePublished\":\"2024-10-24T17:05:15+00:00\",\"dateModified\":\"2024-10-24T17:05:16+00:00\",\"mainEntityOfPage\":{\"@id\":\"https:\/\/jornalfatosenoticias.com.br\/index.php\/2024\/10\/24\/reforma-tributaria\/\"},\"wordCount\":709,\"commentCount\":0,\"publisher\":{\"@id\":\"https:\/\/jornalfatosenoticias.com.br\/#organization\"},\"image\":{\"@id\":\"https:\/\/jornalfatosenoticias.com.br\/index.php\/2024\/10\/24\/reforma-tributaria\/#primaryimage\"},\"thumbnailUrl\":\"https:\/\/jornalfatosenoticias.com.br\/wp-content\/uploads\/2024\/10\/reforma-tributaria_istock.jpg\",\"keywords\":[\"al\u00edquotas\",\"arrecada\u00e7\u00e3o\",\"Brasil\",\"governo\",\"impostos\",\"legisla\u00e7\u00e3o\",\"Reforma Tribut\u00e1ria\"],\"articleSection\":[\"Economia\"],\"inLanguage\":\"pt-BR\",\"potentialAction\":[{\"@type\":\"CommentAction\",\"name\":\"Comment\",\"target\":[\"https:\/\/jornalfatosenoticias.com.br\/index.php\/2024\/10\/24\/reforma-tributaria\/#respond\"]}]},{\"@type\":\"WebPage\",\"@id\":\"https:\/\/jornalfatosenoticias.com.br\/index.php\/2024\/10\/24\/reforma-tributaria\/\",\"url\":\"https:\/\/jornalfatosenoticias.com.br\/index.php\/2024\/10\/24\/reforma-tributaria\/\",\"name\":\"Reforma Tribut\u00e1ria - Jornal Fatos e Not\u00edcias\",\"isPartOf\":{\"@id\":\"https:\/\/jornalfatosenoticias.com.br\/#website\"},\"primaryImageOfPage\":{\"@id\":\"https:\/\/jornalfatosenoticias.com.br\/index.php\/2024\/10\/24\/reforma-tributaria\/#primaryimage\"},\"image\":{\"@id\":\"https:\/\/jornalfatosenoticias.com.br\/index.php\/2024\/10\/24\/reforma-tributaria\/#primaryimage\"},\"thumbnailUrl\":\"https:\/\/jornalfatosenoticias.com.br\/wp-content\/uploads\/2024\/10\/reforma-tributaria_istock.jpg\",\"datePublished\":\"2024-10-24T17:05:15+00:00\",\"dateModified\":\"2024-10-24T17:05:16+00:00\",\"breadcrumb\":{\"@id\":\"https:\/\/jornalfatosenoticias.com.br\/index.php\/2024\/10\/24\/reforma-tributaria\/#breadcrumb\"},\"inLanguage\":\"pt-BR\",\"potentialAction\":[{\"@type\":\"ReadAction\",\"target\":[\"https:\/\/jornalfatosenoticias.com.br\/index.php\/2024\/10\/24\/reforma-tributaria\/\"]}]},{\"@type\":\"ImageObject\",\"inLanguage\":\"pt-BR\",\"@id\":\"https:\/\/jornalfatosenoticias.com.br\/index.php\/2024\/10\/24\/reforma-tributaria\/#primaryimage\",\"url\":\"https:\/\/jornalfatosenoticias.com.br\/wp-content\/uploads\/2024\/10\/reforma-tributaria_istock.jpg\",\"contentUrl\":\"https:\/\/jornalfatosenoticias.com.br\/wp-content\/uploads\/2024\/10\/reforma-tributaria_istock.jpg\",\"width\":612,\"height\":344,\"caption\":\"Wooden blocks with percentage signs showing an upward trend, concept of interest growth.\"},{\"@type\":\"BreadcrumbList\",\"@id\":\"https:\/\/jornalfatosenoticias.com.br\/index.php\/2024\/10\/24\/reforma-tributaria\/#breadcrumb\",\"itemListElement\":[{\"@type\":\"ListItem\",\"position\":1,\"name\":\"In\u00edcio\",\"item\":\"https:\/\/jornalfatosenoticias.com.br\/\"},{\"@type\":\"ListItem\",\"position\":2,\"name\":\"Reforma Tribut\u00e1ria\"}]},{\"@type\":\"WebSite\",\"@id\":\"https:\/\/jornalfatosenoticias.com.br\/#website\",\"url\":\"https:\/\/jornalfatosenoticias.com.br\/\",\"name\":\"Jornal Fatos e Not\u00edcias\",\"description\":\"Not\u00edcias em geral\",\"publisher\":{\"@id\":\"https:\/\/jornalfatosenoticias.com.br\/#organization\"},\"potentialAction\":[{\"@type\":\"SearchAction\",\"target\":{\"@type\":\"EntryPoint\",\"urlTemplate\":\"https:\/\/jornalfatosenoticias.com.br\/?s={search_term_string}\"},\"query-input\":{\"@type\":\"PropertyValueSpecification\",\"valueRequired\":true,\"valueName\":\"search_term_string\"}}],\"inLanguage\":\"pt-BR\"},{\"@type\":\"Organization\",\"@id\":\"https:\/\/jornalfatosenoticias.com.br\/#organization\",\"name\":\"Jornal Fatos e Not\u00edcias\",\"url\":\"https:\/\/jornalfatosenoticias.com.br\/\",\"logo\":{\"@type\":\"ImageObject\",\"inLanguage\":\"pt-BR\",\"@id\":\"https:\/\/jornalfatosenoticias.com.br\/#\/schema\/logo\/image\/\",\"url\":\"https:\/\/jornalfatosenoticias.com.br\/wp-content\/uploads\/2020\/02\/logo120.png\",\"contentUrl\":\"https:\/\/jornalfatosenoticias.com.br\/wp-content\/uploads\/2020\/02\/logo120.png\",\"width\":1227,\"height\":120,\"caption\":\"Jornal Fatos e Not\u00edcias\"},\"image\":{\"@id\":\"https:\/\/jornalfatosenoticias.com.br\/#\/schema\/logo\/image\/\"}},{\"@type\":\"Person\",\"@id\":\"https:\/\/jornalfatosenoticias.com.br\/#\/schema\/person\/d63837fa13ac8666eb9e74e0985d6f81\",\"name\":\"Luzimara Fernandes\",\"image\":{\"@type\":\"ImageObject\",\"inLanguage\":\"pt-BR\",\"@id\":\"https:\/\/jornalfatosenoticias.com.br\/#\/schema\/person\/image\/\",\"url\":\"https:\/\/jornalfatosenoticias.com.br\/wp-content\/uploads\/2025\/05\/EU_portal.jpg\",\"contentUrl\":\"https:\/\/jornalfatosenoticias.com.br\/wp-content\/uploads\/2025\/05\/EU_portal.jpg\",\"caption\":\"Luzimara Fernandes\"},\"description\":\"Jornalista MTB 2358-ES\",\"sameAs\":[\"https:\/\/jornalfatosenoticias.com.br\"],\"url\":\"https:\/\/jornalfatosenoticias.com.br\/index.php\/author\/luzimara\/\"}]}<\/script>\n<!-- \/ Yoast SEO plugin. -->","yoast_head_json":{"title":"Reforma Tribut\u00e1ria - Jornal Fatos e Not\u00edcias","robots":{"index":"index","follow":"follow","max-snippet":"max-snippet:-1","max-image-preview":"max-image-preview:large","max-video-preview":"max-video-preview:-1"},"canonical":"https:\/\/jornalfatosenoticias.com.br\/index.php\/2024\/10\/24\/reforma-tributaria\/","og_locale":"pt_BR","og_type":"article","og_title":"Reforma Tribut\u00e1ria - Jornal Fatos e Not\u00edcias","og_description":"Por\u00a0Rogerio Fernandes da Silva &amp; Kalyne Calais Estimado leitor, Nesta semana, dedicamo-nos a esclarecer os pontos mais importantes da t\u00e3o debatida Reforma Tribut\u00e1ria, cujas mudan\u00e7as afetar\u00e3o a todos n\u00f3s, contribuintes. Vamos por partes: O que \u00e9 o IVA?O Imposto sobre Valor Agregado (IVA) j\u00e1 \u00e9 aplicado em v\u00e1rios pa\u00edses desde a d\u00e9cada de 1930. No [&hellip;]","og_url":"https:\/\/jornalfatosenoticias.com.br\/index.php\/2024\/10\/24\/reforma-tributaria\/","og_site_name":"Jornal Fatos e Not\u00edcias","article_published_time":"2024-10-24T17:05:15+00:00","article_modified_time":"2024-10-24T17:05:16+00:00","og_image":[{"width":612,"height":344,"url":"https:\/\/jornalfatosenoticias.com.br\/wp-content\/uploads\/2024\/10\/reforma-tributaria_istock.jpg","type":"image\/jpeg"}],"author":"Luzimara Fernandes","twitter_card":"summary_large_image","twitter_misc":{"Escrito por":"Luzimara Fernandes","Est. tempo de leitura":"4 minutos"},"schema":{"@context":"https:\/\/schema.org","@graph":[{"@type":"Article","@id":"https:\/\/jornalfatosenoticias.com.br\/index.php\/2024\/10\/24\/reforma-tributaria\/#article","isPartOf":{"@id":"https:\/\/jornalfatosenoticias.com.br\/index.php\/2024\/10\/24\/reforma-tributaria\/"},"author":{"name":"Luzimara Fernandes","@id":"https:\/\/jornalfatosenoticias.com.br\/#\/schema\/person\/d63837fa13ac8666eb9e74e0985d6f81"},"headline":"Reforma Tribut\u00e1ria","datePublished":"2024-10-24T17:05:15+00:00","dateModified":"2024-10-24T17:05:16+00:00","mainEntityOfPage":{"@id":"https:\/\/jornalfatosenoticias.com.br\/index.php\/2024\/10\/24\/reforma-tributaria\/"},"wordCount":709,"commentCount":0,"publisher":{"@id":"https:\/\/jornalfatosenoticias.com.br\/#organization"},"image":{"@id":"https:\/\/jornalfatosenoticias.com.br\/index.php\/2024\/10\/24\/reforma-tributaria\/#primaryimage"},"thumbnailUrl":"https:\/\/jornalfatosenoticias.com.br\/wp-content\/uploads\/2024\/10\/reforma-tributaria_istock.jpg","keywords":["al\u00edquotas","arrecada\u00e7\u00e3o","Brasil","governo","impostos","legisla\u00e7\u00e3o","Reforma Tribut\u00e1ria"],"articleSection":["Economia"],"inLanguage":"pt-BR","potentialAction":[{"@type":"CommentAction","name":"Comment","target":["https:\/\/jornalfatosenoticias.com.br\/index.php\/2024\/10\/24\/reforma-tributaria\/#respond"]}]},{"@type":"WebPage","@id":"https:\/\/jornalfatosenoticias.com.br\/index.php\/2024\/10\/24\/reforma-tributaria\/","url":"https:\/\/jornalfatosenoticias.com.br\/index.php\/2024\/10\/24\/reforma-tributaria\/","name":"Reforma Tribut\u00e1ria - Jornal Fatos e Not\u00edcias","isPartOf":{"@id":"https:\/\/jornalfatosenoticias.com.br\/#website"},"primaryImageOfPage":{"@id":"https:\/\/jornalfatosenoticias.com.br\/index.php\/2024\/10\/24\/reforma-tributaria\/#primaryimage"},"image":{"@id":"https:\/\/jornalfatosenoticias.com.br\/index.php\/2024\/10\/24\/reforma-tributaria\/#primaryimage"},"thumbnailUrl":"https:\/\/jornalfatosenoticias.com.br\/wp-content\/uploads\/2024\/10\/reforma-tributaria_istock.jpg","datePublished":"2024-10-24T17:05:15+00:00","dateModified":"2024-10-24T17:05:16+00:00","breadcrumb":{"@id":"https:\/\/jornalfatosenoticias.com.br\/index.php\/2024\/10\/24\/reforma-tributaria\/#breadcrumb"},"inLanguage":"pt-BR","potentialAction":[{"@type":"ReadAction","target":["https:\/\/jornalfatosenoticias.com.br\/index.php\/2024\/10\/24\/reforma-tributaria\/"]}]},{"@type":"ImageObject","inLanguage":"pt-BR","@id":"https:\/\/jornalfatosenoticias.com.br\/index.php\/2024\/10\/24\/reforma-tributaria\/#primaryimage","url":"https:\/\/jornalfatosenoticias.com.br\/wp-content\/uploads\/2024\/10\/reforma-tributaria_istock.jpg","contentUrl":"https:\/\/jornalfatosenoticias.com.br\/wp-content\/uploads\/2024\/10\/reforma-tributaria_istock.jpg","width":612,"height":344,"caption":"Wooden blocks with percentage signs showing an upward trend, concept of interest growth."},{"@type":"BreadcrumbList","@id":"https:\/\/jornalfatosenoticias.com.br\/index.php\/2024\/10\/24\/reforma-tributaria\/#breadcrumb","itemListElement":[{"@type":"ListItem","position":1,"name":"In\u00edcio","item":"https:\/\/jornalfatosenoticias.com.br\/"},{"@type":"ListItem","position":2,"name":"Reforma Tribut\u00e1ria"}]},{"@type":"WebSite","@id":"https:\/\/jornalfatosenoticias.com.br\/#website","url":"https:\/\/jornalfatosenoticias.com.br\/","name":"Jornal Fatos e Not\u00edcias","description":"Not\u00edcias em geral","publisher":{"@id":"https:\/\/jornalfatosenoticias.com.br\/#organization"},"potentialAction":[{"@type":"SearchAction","target":{"@type":"EntryPoint","urlTemplate":"https:\/\/jornalfatosenoticias.com.br\/?s={search_term_string}"},"query-input":{"@type":"PropertyValueSpecification","valueRequired":true,"valueName":"search_term_string"}}],"inLanguage":"pt-BR"},{"@type":"Organization","@id":"https:\/\/jornalfatosenoticias.com.br\/#organization","name":"Jornal Fatos e Not\u00edcias","url":"https:\/\/jornalfatosenoticias.com.br\/","logo":{"@type":"ImageObject","inLanguage":"pt-BR","@id":"https:\/\/jornalfatosenoticias.com.br\/#\/schema\/logo\/image\/","url":"https:\/\/jornalfatosenoticias.com.br\/wp-content\/uploads\/2020\/02\/logo120.png","contentUrl":"https:\/\/jornalfatosenoticias.com.br\/wp-content\/uploads\/2020\/02\/logo120.png","width":1227,"height":120,"caption":"Jornal Fatos e Not\u00edcias"},"image":{"@id":"https:\/\/jornalfatosenoticias.com.br\/#\/schema\/logo\/image\/"}},{"@type":"Person","@id":"https:\/\/jornalfatosenoticias.com.br\/#\/schema\/person\/d63837fa13ac8666eb9e74e0985d6f81","name":"Luzimara Fernandes","image":{"@type":"ImageObject","inLanguage":"pt-BR","@id":"https:\/\/jornalfatosenoticias.com.br\/#\/schema\/person\/image\/","url":"https:\/\/jornalfatosenoticias.com.br\/wp-content\/uploads\/2025\/05\/EU_portal.jpg","contentUrl":"https:\/\/jornalfatosenoticias.com.br\/wp-content\/uploads\/2025\/05\/EU_portal.jpg","caption":"Luzimara Fernandes"},"description":"Jornalista MTB 2358-ES","sameAs":["https:\/\/jornalfatosenoticias.com.br"],"url":"https:\/\/jornalfatosenoticias.com.br\/index.php\/author\/luzimara\/"}]}},"cc_featured_image_caption":{"caption_text":"(Foto: iStock)","source_text":"","source_url":""},"jetpack_featured_media_url":"https:\/\/jornalfatosenoticias.com.br\/wp-content\/uploads\/2024\/10\/reforma-tributaria_istock.jpg","_links":{"self":[{"href":"https:\/\/jornalfatosenoticias.com.br\/index.php\/wp-json\/wp\/v2\/posts\/55147","targetHints":{"allow":["GET"]}}],"collection":[{"href":"https:\/\/jornalfatosenoticias.com.br\/index.php\/wp-json\/wp\/v2\/posts"}],"about":[{"href":"https:\/\/jornalfatosenoticias.com.br\/index.php\/wp-json\/wp\/v2\/types\/post"}],"author":[{"embeddable":true,"href":"https:\/\/jornalfatosenoticias.com.br\/index.php\/wp-json\/wp\/v2\/users\/2"}],"replies":[{"embeddable":true,"href":"https:\/\/jornalfatosenoticias.com.br\/index.php\/wp-json\/wp\/v2\/comments?post=55147"}],"version-history":[{"count":0,"href":"https:\/\/jornalfatosenoticias.com.br\/index.php\/wp-json\/wp\/v2\/posts\/55147\/revisions"}],"wp:featuredmedia":[{"embeddable":true,"href":"https:\/\/jornalfatosenoticias.com.br\/index.php\/wp-json\/wp\/v2\/media\/55151"}],"wp:attachment":[{"href":"https:\/\/jornalfatosenoticias.com.br\/index.php\/wp-json\/wp\/v2\/media?parent=55147"}],"wp:term":[{"taxonomy":"category","embeddable":true,"href":"https:\/\/jornalfatosenoticias.com.br\/index.php\/wp-json\/wp\/v2\/categories?post=55147"},{"taxonomy":"post_tag","embeddable":true,"href":"https:\/\/jornalfatosenoticias.com.br\/index.php\/wp-json\/wp\/v2\/tags?post=55147"}],"curies":[{"name":"wp","href":"https:\/\/api.w.org\/{rel}","templated":true}]}}