{"id":55174,"date":"2024-10-24T15:17:46","date_gmt":"2024-10-24T18:17:46","guid":{"rendered":"https:\/\/jornalfatosenoticias.com.br\/?p=55174"},"modified":"2024-10-24T15:17:48","modified_gmt":"2024-10-24T18:17:48","slug":"abuso-sexual-incestuoso-acabou-a-pa-de-cal-da-justica-parte-v","status":"publish","type":"post","link":"https:\/\/jornalfatosenoticias.com.br\/index.php\/2024\/10\/24\/abuso-sexual-incestuoso-acabou-a-pa-de-cal-da-justica-parte-v\/","title":{"rendered":"Abuso sexual incestuoso acabou, a p\u00e1 de cal da justi\u00e7a \u2014 Parte V"},"content":{"rendered":"\n<p><em><span class=\"has-inline-color has-black-color\">Quando vamos aprender a Respeitar a Crian\u00e7a? O que estamos fazendo da sua Dignidade, prevista em Lei?<\/span><\/em><\/p>\n\n\n\n<div class=\"wp-block-image\"><figure class=\"aligncenter size-large\"><a href=\"https:\/\/mizu.com.br\/\"><img loading=\"lazy\" decoding=\"async\" width=\"729\" height=\"90\" src=\"https:\/\/jornalfatosenoticias.com.br\/wp-content\/uploads\/2020\/02\/Logo_Mizu.png\" alt=\"\" class=\"wp-image-1441\" srcset=\"https:\/\/jornalfatosenoticias.com.br\/wp-content\/uploads\/2020\/02\/Logo_Mizu.png 729w, https:\/\/jornalfatosenoticias.com.br\/wp-content\/uploads\/2020\/02\/Logo_Mizu-300x37.png 300w\" sizes=\"auto, (max-width: 729px) 100vw, 729px\" \/><\/a><\/figure><\/div>\n\n\n\n<p>A barb\u00e1rie segue. Lembram aquele menino que foi arrancado do seio da m\u00e3e, que foi espancada, algemada, mesmo tendo tido o cotovelo fraturado por agentes policiais? J\u00e1 tem mais de dois meses e nenhuma not\u00edcia do menininho, que est\u00e1 diagnosticado no espectro autista. Isso seria sequestro do Estado? Quando uma m\u00e3e foge para se proteger e\/ou proteger o filho\/filha, \u00e9 chamada de sequestradora e responde pelo crime de sequestro de incapaz. Nunca vi nenhum pedido de resgate nesses \u201csequestros maternos\u201d para prote\u00e7\u00e3o do incapaz. Mas nesse caso em pauta, por similaridade, caberia ser denominado de sequestro do Estado de um incapaz? Dependente ainda do aleitamento materno, seria uma ruptura traum\u00e1tica de seu desenvolvimento j\u00e1 comprometido pelo autismo, trauma causado pelo desmame abrupto em meio \u00e0 viol\u00eancia contra sua m\u00e3e? Poderia ser considerado como maus-tratos?<\/p>\n\n\n\n<div class=\"wp-block-image\"><figure class=\"aligncenter size-large\"><a href=\"http:\/\/www.ferrarimaquinas.com.br\/\"><img loading=\"lazy\" decoding=\"async\" width=\"300\" height=\"250\" src=\"https:\/\/jornalfatosenoticias.com.br\/wp-content\/uploads\/2022\/02\/FERRARI_MAQUINAS-E-FERRAMENTAS2.jpg\" alt=\"\" class=\"wp-image-27860\"\/><\/a><\/figure><\/div>\n\n\n\n<p>Fa\u00e7o muitas perguntas, algumas que nem ouso escrever pela perspectiva de repres\u00e1lia, porque n\u00e3o tenho intelig\u00eancia, nem conhecimento t\u00e9cnico suficiente diante de tantas incongru\u00eancias infundadas, mas dogm\u00e1ticas, que est\u00e3o sempre a servi\u00e7o de outrem, n\u00e3o da Crian\u00e7a.<\/p>\n\n\n\n<div class=\"wp-block-image\"><figure class=\"aligncenter size-large\"><img loading=\"lazy\" decoding=\"async\" width=\"612\" height=\"306\" src=\"https:\/\/jornalfatosenoticias.com.br\/wp-content\/uploads\/2024\/10\/justica-crianca_istock.jpg\" alt=\"\" class=\"wp-image-55175\" srcset=\"https:\/\/jornalfatosenoticias.com.br\/wp-content\/uploads\/2024\/10\/justica-crianca_istock.jpg 612w, https:\/\/jornalfatosenoticias.com.br\/wp-content\/uploads\/2024\/10\/justica-crianca_istock-300x150.jpg 300w\" sizes=\"auto, (max-width: 612px) 100vw, 612px\" \/><figcaption><em><span class=\"has-inline-color has-black-color\">(Foto: iStock)<\/span><\/em><\/figcaption><\/figure><\/div>\n\n\n\n<p>Decis\u00e3o judicial que determina Medida Protetiva para a Mulher por prazo de 30 dias <em>n\u00e3o renov\u00e1veis<\/em>. Sim. E os pedidos para Crian\u00e7as espancadas ou, comprovadamente, estupradas, s\u00e3o sempre negadas ou cassadas se outra Vara tiver concedido. Crian\u00e7a n\u00e3o deve ser protegida de um predador quando ele \u00e9 intrafamiliar. O calo social dita que pai \u00e9 pai e tem todos os Direitos sobre suas presas dom\u00e9sticas. E, assim, sob os ausp\u00edcios do sistema que deveria proteger, crian\u00e7as e Mulheres s\u00e3o expostas \u00e0 viol\u00eancia, de variadas formas.<\/p>\n\n\n\n<div class=\"wp-block-image\"><figure class=\"aligncenter size-large is-resized\"><a href=\"https:\/\/www.controlsystems.com.br\/\"><img loading=\"lazy\" decoding=\"async\" src=\"https:\/\/jornalfatosenoticias.com.br\/wp-content\/uploads\/2020\/02\/CONTROL-CS.jpg\" alt=\"\" class=\"wp-image-44991\" width=\"301\" height=\"361\" srcset=\"https:\/\/jornalfatosenoticias.com.br\/wp-content\/uploads\/2020\/02\/CONTROL-CS.jpg 834w, https:\/\/jornalfatosenoticias.com.br\/wp-content\/uploads\/2020\/02\/CONTROL-CS-250x300.jpg 250w, https:\/\/jornalfatosenoticias.com.br\/wp-content\/uploads\/2020\/02\/CONTROL-CS-768x921.jpg 768w\" sizes=\"auto, (max-width: 301px) 100vw, 301px\" \/><\/a><\/figure><\/div>\n\n\n\n<p>E, para completar o horror, encontramos em decis\u00f5es judiciais, al\u00e9m do prazo de validade curto, como se a viol\u00eancia fosse desaparecer, magicamente, em 30 dias, a autoriza\u00e7\u00e3o do <em>uso da for\u00e7a policial, se necess\u00e1rio,<\/em> em determina\u00e7\u00f5es de busca e apreens\u00e3o de Crian\u00e7a. Deveria ser denominada de busca e pris\u00e3o de Crian\u00e7a, porque \u00e9 assim que essas a\u00e7\u00f5es s\u00e3o vivenciadas pela Crian\u00e7a. A pol\u00edcia invade a casa onde ela mora, ou a escola onde estuda e a carrega \u00e0 for\u00e7a, sob a alega\u00e7\u00e3o de que est\u00e1 se debatendo porque a m\u00e3e \u00e9 alienadora e lavou seu c\u00e9rebro com \u201crejei\u00e7\u00f5es\u201d \u00e0quele genitor. Como se toda Crian\u00e7a, que queixa de abusos f\u00edsicos ou sexuais sofridos dentro da fam\u00edlia, fosse um fantoche abobalhado da m\u00e3e.<\/p>\n\n\n\n<div class=\"wp-block-image\"><figure class=\"aligncenter size-large is-resized\"><a href=\"https:\/\/www.instagram.com\/restaurantepegoretti\/\"><img loading=\"lazy\" decoding=\"async\" src=\"https:\/\/jornalfatosenoticias.com.br\/wp-content\/uploads\/2023\/12\/pegoretti-logo-pdf-1024x389.jpg\" alt=\"\" class=\"wp-image-47536\" width=\"388\" height=\"147\" srcset=\"https:\/\/jornalfatosenoticias.com.br\/wp-content\/uploads\/2023\/12\/pegoretti-logo-pdf-1024x389.jpg 1024w, https:\/\/jornalfatosenoticias.com.br\/wp-content\/uploads\/2023\/12\/pegoretti-logo-pdf-300x114.jpg 300w, https:\/\/jornalfatosenoticias.com.br\/wp-content\/uploads\/2023\/12\/pegoretti-logo-pdf-768x291.jpg 768w, https:\/\/jornalfatosenoticias.com.br\/wp-content\/uploads\/2023\/12\/pegoretti-logo-pdf.jpg 1120w\" sizes=\"auto, (max-width: 388px) 100vw, 388px\" \/><\/a><\/figure><\/div>\n\n\n\n<p>Como lavar o c\u00e9rebro da Crian\u00e7a, que ainda n\u00e3o adquiriu a linguagem, a tal ponto que a Crian\u00e7a se torna capaz de encenar uma dramatiza\u00e7\u00e3o da mais alta qualidade se n\u00e3o fora um fato vivido? Assistimos tantas vezes essa cren\u00e7a determinar a perda da guarda e o afastamento da m\u00e3e com a entrega da Crian\u00e7a ao genitor que ela aponta como sendo o seu predador. A aliena\u00e7\u00e3o da m\u00e3e \u00e9 permitida e recomendada como se fosse um dogma de uma seita. Essa n\u00e3o faz mal \u00e0 Crian\u00e7a, mesmo que venha com busca e apreens\u00e3o, com o uso da for\u00e7a policial contra a m\u00e3e, com o desmame traum\u00e1tico de um beb\u00ea.<\/p>\n\n\n\n<div class=\"wp-block-image\"><figure class=\"aligncenter size-large is-resized\"><a href=\"https:\/\/www.instagram.com\/vmais.midias\/\"><img loading=\"lazy\" decoding=\"async\" src=\"https:\/\/jornalfatosenoticias.com.br\/wp-content\/uploads\/2020\/02\/DE-MAIS-DESTAQUE-VMAIS-800X700.png\" alt=\"\" class=\"wp-image-53112\" width=\"306\" height=\"267\" srcset=\"https:\/\/jornalfatosenoticias.com.br\/wp-content\/uploads\/2020\/02\/DE-MAIS-DESTAQUE-VMAIS-800X700.png 800w, https:\/\/jornalfatosenoticias.com.br\/wp-content\/uploads\/2020\/02\/DE-MAIS-DESTAQUE-VMAIS-800X700-300x263.png 300w, https:\/\/jornalfatosenoticias.com.br\/wp-content\/uploads\/2020\/02\/DE-MAIS-DESTAQUE-VMAIS-800X700-768x672.png 768w\" sizes=\"auto, (max-width: 306px) 100vw, 306px\" \/><\/a><\/figure><\/div>\n\n\n\n<p>A mim, parece-me deveras estranho uma a\u00e7\u00e3o de <em>busca e apreens\u00e3o<\/em> de uma Crian\u00e7a. N\u00e3o \u00e9 um carro alienado, n\u00e3o \u00e9 um pen-drive ou um HD de registro de transa\u00e7\u00f5es ilegais, n\u00e3o \u00e9 uma gaveta de documentos em papel para executar crime de falsifica\u00e7\u00e3o. Uma Crian\u00e7a n\u00e3o \u00e9 um objeto, n\u00e3o \u00e9 uma prova a ser juntada em processo que ir\u00e1 para o Minist\u00e9rio P\u00fablico para se constituir em den\u00fancia de crime escrito no C\u00f3digo Civil ou no C\u00f3digo Penal. Ali\u00e1s, tentaram incluir no Projeto de Reforma do C\u00f3digo Civil, mas n\u00e3o conseguiram. <\/p>\n\n\n\n<div class=\"wp-block-image\"><figure class=\"aligncenter size-large\"><img loading=\"lazy\" decoding=\"async\" width=\"612\" height=\"407\" src=\"https:\/\/jornalfatosenoticias.com.br\/wp-content\/uploads\/2024\/10\/escuta-especializada_istock.jpg\" alt=\"\" class=\"wp-image-55176\" srcset=\"https:\/\/jornalfatosenoticias.com.br\/wp-content\/uploads\/2024\/10\/escuta-especializada_istock.jpg 612w, https:\/\/jornalfatosenoticias.com.br\/wp-content\/uploads\/2024\/10\/escuta-especializada_istock-300x200.jpg 300w\" sizes=\"auto, (max-width: 612px) 100vw, 612px\" \/><figcaption><em><span class=\"has-inline-color has-black-color\">(Foto: iStock)<\/span><\/em><\/figcaption><\/figure><\/div>\n\n\n\n<p>Ent\u00e3o, aparece essa manobra estrat\u00e9gica que parte de uma confus\u00e3o de t\u00edtulos \u2014 Lei da Escuta Especial da Crian\u00e7a e Protocolo da Escuta Especializada \u2014 confus\u00e3o proposital para afirmar depois que \u00e9 a mesma coisa. A primeira se refere \u00e0 Crian\u00e7a V\u00edtima e Crian\u00e7a Testemunha de Abuso Sexual, foi estudada e fundamentada na Teoria e expl\u00edcita na Metodologia, j\u00e1 est\u00e1 sendo desvirtuada com uma confus\u00e3o, tamb\u00e9m proposital, que comp\u00f5e uma vers\u00e3o disfar\u00e7ada do antigo procedimento do Depoimento Sem Dano, onde havia uma parede de espelho que dava lugar a Juiz, Promotor, advogados, e, pasmem, o acusado de ser o abusador da Crian\u00e7a, que era informada e j\u00e1 estava, devidamente, intimidada por esse agressor. Claro. Esse m\u00e9todo trai\u00e7oeiro para a v\u00edtima foi abandonado exatamente por esse motivo, a intimida\u00e7\u00e3o e a inseguran\u00e7a vivida pelo saber e n\u00e3o ver. <\/p>\n\n\n\n<div class=\"wp-block-image\"><figure class=\"aligncenter size-large is-resized\"><a href=\"https:\/\/www.instagram.com\/ligadossaborespizzaria\/\"><img loading=\"lazy\" decoding=\"async\" src=\"https:\/\/jornalfatosenoticias.com.br\/wp-content\/uploads\/2020\/02\/WhatsApp-Image-2024-10-02-at-08.18.14-819x1024.jpeg\" alt=\"\" class=\"wp-image-54612\" width=\"282\" height=\"353\" srcset=\"https:\/\/jornalfatosenoticias.com.br\/wp-content\/uploads\/2020\/02\/WhatsApp-Image-2024-10-02-at-08.18.14-819x1024.jpeg 819w, https:\/\/jornalfatosenoticias.com.br\/wp-content\/uploads\/2020\/02\/WhatsApp-Image-2024-10-02-at-08.18.14-240x300.jpeg 240w, https:\/\/jornalfatosenoticias.com.br\/wp-content\/uploads\/2020\/02\/WhatsApp-Image-2024-10-02-at-08.18.14-768x960.jpeg 768w, https:\/\/jornalfatosenoticias.com.br\/wp-content\/uploads\/2020\/02\/WhatsApp-Image-2024-10-02-at-08.18.14.jpeg 1024w\" sizes=\"auto, (max-width: 282px) 100vw, 282px\" \/><\/a><\/figure><\/div>\n\n\n\n<p>Enquanto o Protocolo da Escuta Especializada parte, preconceituosamente, do princ\u00edpio da exist\u00eancia do termo n\u00e3o cient\u00edfico da aliena\u00e7\u00e3o parental. J\u00e1 surgiu a \u201cEAP\u201d \u2014 Escala de Aliena\u00e7\u00e3o Parental \u2014 publica\u00e7\u00e3o divulgada que prop\u00f5e ajudar \u00e0 detec\u00e7\u00e3o do dogma da aliena\u00e7\u00e3o parental da m\u00e3e. Essa tal escala deve incluir, a fam\u00edlia extensa, os profissionais da escola e at\u00e9 psic\u00f3logos que atendam a Crian\u00e7a. Ou seja, em se tratando desse dogma de aliena\u00e7\u00e3o, a invas\u00e3o ao princ\u00edpio da confidencialidade, pilar da terapia psicol\u00f3gica, pode ser ferido. \u00c9tica? Talvez se apoiem no equ\u00edvoco que Crian\u00e7a n\u00e3o deve ser levada t\u00e3o a s\u00e9rio e n\u00e3o merece sigilo profissional.<br><em><span class=\"has-inline-color has-black-color\">Quando vamos aprender a Respeitar a Crian\u00e7a? O que estamos fazendo da sua Dignidade, prevista em Lei?<\/span><\/em><\/p>\n\n\n\n<div class=\"wp-block-image\"><figure class=\"aligncenter size-large is-resized\"><a href=\"https:\/\/www.facebook.com\/vetor.vix\/\"><img loading=\"lazy\" decoding=\"async\" src=\"https:\/\/jornalfatosenoticias.com.br\/wp-content\/uploads\/2023\/09\/vetorvix1024_1.jpg\" alt=\"\" class=\"wp-image-44868\" width=\"520\" height=\"138\" srcset=\"https:\/\/jornalfatosenoticias.com.br\/wp-content\/uploads\/2023\/09\/vetorvix1024_1.jpg 1024w, https:\/\/jornalfatosenoticias.com.br\/wp-content\/uploads\/2023\/09\/vetorvix1024_1-300x80.jpg 300w, https:\/\/jornalfatosenoticias.com.br\/wp-content\/uploads\/2023\/09\/vetorvix1024_1-768x205.jpg 768w\" sizes=\"auto, (max-width: 520px) 100vw, 520px\" \/><\/a><\/figure><\/div>\n","protected":false},"excerpt":{"rendered":"<p>Quando vamos aprender a Respeitar a Crian\u00e7a? O que estamos fazendo da sua Dignidade, prevista em Lei? A barb\u00e1rie segue. Lembram aquele menino que foi arrancado do seio da m\u00e3e, que foi espancada, algemada, mesmo tendo tido o cotovelo fraturado por agentes policiais? J\u00e1 tem mais de dois meses e nenhuma not\u00edcia do menininho, que [&hellip;]<\/p>\n","protected":false},"author":8,"featured_media":55177,"comment_status":"open","ping_status":"open","sticky":false,"template":"","format":"standard","meta":{"footnotes":""},"categories":[2522],"tags":[2768,19743,25147,1345,464,25148],"class_list":["post-55174","post","type-post","status-publish","format-standard","has-post-thumbnail","hentry","category-comportamento","tag-abuso-sexual","tag-abuso-sexual-incestuoso","tag-dignidade-da-crianca","tag-justica","tag-lei","tag-respeito-a-crianca"],"yoast_head":"<!-- This site is optimized with the Yoast SEO plugin v26.5 - https:\/\/yoast.com\/wordpress\/plugins\/seo\/ -->\n<title>Abuso sexual incestuoso acabou, a p\u00e1 de cal da justi\u00e7a \u2014 Parte V - Jornal Fatos e Not\u00edcias<\/title>\n<meta name=\"robots\" content=\"index, follow, max-snippet:-1, max-image-preview:large, max-video-preview:-1\" \/>\n<link rel=\"canonical\" href=\"https:\/\/jornalfatosenoticias.com.br\/index.php\/2024\/10\/24\/abuso-sexual-incestuoso-acabou-a-pa-de-cal-da-justica-parte-v\/\" \/>\n<meta property=\"og:locale\" content=\"pt_BR\" \/>\n<meta property=\"og:type\" content=\"article\" \/>\n<meta property=\"og:title\" content=\"Abuso sexual incestuoso acabou, a p\u00e1 de cal da justi\u00e7a \u2014 Parte V - Jornal Fatos e Not\u00edcias\" \/>\n<meta property=\"og:description\" content=\"Quando vamos aprender a Respeitar a Crian\u00e7a? O que estamos fazendo da sua Dignidade, prevista em Lei? A barb\u00e1rie segue. Lembram aquele menino que foi arrancado do seio da m\u00e3e, que foi espancada, algemada, mesmo tendo tido o cotovelo fraturado por agentes policiais? J\u00e1 tem mais de dois meses e nenhuma not\u00edcia do menininho, que [&hellip;]\" \/>\n<meta property=\"og:url\" content=\"https:\/\/jornalfatosenoticias.com.br\/index.php\/2024\/10\/24\/abuso-sexual-incestuoso-acabou-a-pa-de-cal-da-justica-parte-v\/\" \/>\n<meta property=\"og:site_name\" content=\"Jornal Fatos e Not\u00edcias\" \/>\n<meta property=\"article:published_time\" content=\"2024-10-24T18:17:46+00:00\" \/>\n<meta property=\"article:modified_time\" content=\"2024-10-24T18:17:48+00:00\" \/>\n<meta property=\"og:image\" content=\"https:\/\/jornalfatosenoticias.com.br\/wp-content\/uploads\/2024\/10\/mae-e-filho_istock.jpg\" \/>\n\t<meta property=\"og:image:width\" content=\"612\" \/>\n\t<meta property=\"og:image:height\" content=\"408\" \/>\n\t<meta property=\"og:image:type\" content=\"image\/jpeg\" \/>\n<meta name=\"author\" content=\"Ana Maria Iencarelli\" \/>\n<meta name=\"twitter:card\" content=\"summary_large_image\" \/>\n<meta name=\"twitter:label1\" content=\"Escrito por\" \/>\n\t<meta name=\"twitter:data1\" content=\"Ana Maria Iencarelli\" \/>\n\t<meta name=\"twitter:label2\" content=\"Est. tempo de leitura\" \/>\n\t<meta name=\"twitter:data2\" content=\"5 minutos\" \/>\n<script type=\"application\/ld+json\" class=\"yoast-schema-graph\">{\"@context\":\"https:\/\/schema.org\",\"@graph\":[{\"@type\":\"Article\",\"@id\":\"https:\/\/jornalfatosenoticias.com.br\/index.php\/2024\/10\/24\/abuso-sexual-incestuoso-acabou-a-pa-de-cal-da-justica-parte-v\/#article\",\"isPartOf\":{\"@id\":\"https:\/\/jornalfatosenoticias.com.br\/index.php\/2024\/10\/24\/abuso-sexual-incestuoso-acabou-a-pa-de-cal-da-justica-parte-v\/\"},\"author\":{\"name\":\"Ana Maria Iencarelli\",\"@id\":\"https:\/\/jornalfatosenoticias.com.br\/#\/schema\/person\/c33fcf5fb02d729d3fec92c6737a22d1\"},\"headline\":\"Abuso sexual incestuoso acabou, a p\u00e1 de cal da justi\u00e7a \u2014 Parte V\",\"datePublished\":\"2024-10-24T18:17:46+00:00\",\"dateModified\":\"2024-10-24T18:17:48+00:00\",\"mainEntityOfPage\":{\"@id\":\"https:\/\/jornalfatosenoticias.com.br\/index.php\/2024\/10\/24\/abuso-sexual-incestuoso-acabou-a-pa-de-cal-da-justica-parte-v\/\"},\"wordCount\":989,\"commentCount\":0,\"publisher\":{\"@id\":\"https:\/\/jornalfatosenoticias.com.br\/#organization\"},\"image\":{\"@id\":\"https:\/\/jornalfatosenoticias.com.br\/index.php\/2024\/10\/24\/abuso-sexual-incestuoso-acabou-a-pa-de-cal-da-justica-parte-v\/#primaryimage\"},\"thumbnailUrl\":\"https:\/\/jornalfatosenoticias.com.br\/wp-content\/uploads\/2024\/10\/mae-e-filho_istock.jpg\",\"keywords\":[\"abuso sexual\",\"abuso sexual incestuoso\",\"dignidade da crian\u00e7a\",\"justi\u00e7a\",\"lei\",\"respeito \u00e0 crian\u00e7a\"],\"articleSection\":[\"Comportamento &amp; Equil\u00edbrio\"],\"inLanguage\":\"pt-BR\",\"potentialAction\":[{\"@type\":\"CommentAction\",\"name\":\"Comment\",\"target\":[\"https:\/\/jornalfatosenoticias.com.br\/index.php\/2024\/10\/24\/abuso-sexual-incestuoso-acabou-a-pa-de-cal-da-justica-parte-v\/#respond\"]}]},{\"@type\":\"WebPage\",\"@id\":\"https:\/\/jornalfatosenoticias.com.br\/index.php\/2024\/10\/24\/abuso-sexual-incestuoso-acabou-a-pa-de-cal-da-justica-parte-v\/\",\"url\":\"https:\/\/jornalfatosenoticias.com.br\/index.php\/2024\/10\/24\/abuso-sexual-incestuoso-acabou-a-pa-de-cal-da-justica-parte-v\/\",\"name\":\"Abuso sexual incestuoso acabou, a p\u00e1 de cal da justi\u00e7a \u2014 Parte V - Jornal Fatos e Not\u00edcias\",\"isPartOf\":{\"@id\":\"https:\/\/jornalfatosenoticias.com.br\/#website\"},\"primaryImageOfPage\":{\"@id\":\"https:\/\/jornalfatosenoticias.com.br\/index.php\/2024\/10\/24\/abuso-sexual-incestuoso-acabou-a-pa-de-cal-da-justica-parte-v\/#primaryimage\"},\"image\":{\"@id\":\"https:\/\/jornalfatosenoticias.com.br\/index.php\/2024\/10\/24\/abuso-sexual-incestuoso-acabou-a-pa-de-cal-da-justica-parte-v\/#primaryimage\"},\"thumbnailUrl\":\"https:\/\/jornalfatosenoticias.com.br\/wp-content\/uploads\/2024\/10\/mae-e-filho_istock.jpg\",\"datePublished\":\"2024-10-24T18:17:46+00:00\",\"dateModified\":\"2024-10-24T18:17:48+00:00\",\"breadcrumb\":{\"@id\":\"https:\/\/jornalfatosenoticias.com.br\/index.php\/2024\/10\/24\/abuso-sexual-incestuoso-acabou-a-pa-de-cal-da-justica-parte-v\/#breadcrumb\"},\"inLanguage\":\"pt-BR\",\"potentialAction\":[{\"@type\":\"ReadAction\",\"target\":[\"https:\/\/jornalfatosenoticias.com.br\/index.php\/2024\/10\/24\/abuso-sexual-incestuoso-acabou-a-pa-de-cal-da-justica-parte-v\/\"]}]},{\"@type\":\"ImageObject\",\"inLanguage\":\"pt-BR\",\"@id\":\"https:\/\/jornalfatosenoticias.com.br\/index.php\/2024\/10\/24\/abuso-sexual-incestuoso-acabou-a-pa-de-cal-da-justica-parte-v\/#primaryimage\",\"url\":\"https:\/\/jornalfatosenoticias.com.br\/wp-content\/uploads\/2024\/10\/mae-e-filho_istock.jpg\",\"contentUrl\":\"https:\/\/jornalfatosenoticias.com.br\/wp-content\/uploads\/2024\/10\/mae-e-filho_istock.jpg\",\"width\":612,\"height\":408,\"caption\":\"Family divorce, death and hardship, hopelessnes concept.\"},{\"@type\":\"BreadcrumbList\",\"@id\":\"https:\/\/jornalfatosenoticias.com.br\/index.php\/2024\/10\/24\/abuso-sexual-incestuoso-acabou-a-pa-de-cal-da-justica-parte-v\/#breadcrumb\",\"itemListElement\":[{\"@type\":\"ListItem\",\"position\":1,\"name\":\"In\u00edcio\",\"item\":\"https:\/\/jornalfatosenoticias.com.br\/\"},{\"@type\":\"ListItem\",\"position\":2,\"name\":\"Abuso sexual incestuoso acabou, a p\u00e1 de cal da justi\u00e7a \u2014 Parte V\"}]},{\"@type\":\"WebSite\",\"@id\":\"https:\/\/jornalfatosenoticias.com.br\/#website\",\"url\":\"https:\/\/jornalfatosenoticias.com.br\/\",\"name\":\"Jornal Fatos e Not\u00edcias\",\"description\":\"Not\u00edcias em geral\",\"publisher\":{\"@id\":\"https:\/\/jornalfatosenoticias.com.br\/#organization\"},\"potentialAction\":[{\"@type\":\"SearchAction\",\"target\":{\"@type\":\"EntryPoint\",\"urlTemplate\":\"https:\/\/jornalfatosenoticias.com.br\/?s={search_term_string}\"},\"query-input\":{\"@type\":\"PropertyValueSpecification\",\"valueRequired\":true,\"valueName\":\"search_term_string\"}}],\"inLanguage\":\"pt-BR\"},{\"@type\":\"Organization\",\"@id\":\"https:\/\/jornalfatosenoticias.com.br\/#organization\",\"name\":\"Jornal Fatos e Not\u00edcias\",\"url\":\"https:\/\/jornalfatosenoticias.com.br\/\",\"logo\":{\"@type\":\"ImageObject\",\"inLanguage\":\"pt-BR\",\"@id\":\"https:\/\/jornalfatosenoticias.com.br\/#\/schema\/logo\/image\/\",\"url\":\"https:\/\/jornalfatosenoticias.com.br\/wp-content\/uploads\/2020\/02\/logo120.png\",\"contentUrl\":\"https:\/\/jornalfatosenoticias.com.br\/wp-content\/uploads\/2020\/02\/logo120.png\",\"width\":1227,\"height\":120,\"caption\":\"Jornal Fatos e Not\u00edcias\"},\"image\":{\"@id\":\"https:\/\/jornalfatosenoticias.com.br\/#\/schema\/logo\/image\/\"}},{\"@type\":\"Person\",\"@id\":\"https:\/\/jornalfatosenoticias.com.br\/#\/schema\/person\/c33fcf5fb02d729d3fec92c6737a22d1\",\"name\":\"Ana Maria Iencarelli\",\"image\":{\"@type\":\"ImageObject\",\"inLanguage\":\"pt-BR\",\"@id\":\"https:\/\/jornalfatosenoticias.com.br\/#\/schema\/person\/image\/\",\"url\":\"https:\/\/jornalfatosenoticias.com.br\/wp-content\/uploads\/2020\/02\/Ana-Maria-Iencarelli-1-150x150.jpg\",\"contentUrl\":\"https:\/\/jornalfatosenoticias.com.br\/wp-content\/uploads\/2020\/02\/Ana-Maria-Iencarelli-1-150x150.jpg\",\"caption\":\"Ana Maria Iencarelli\"},\"description\":\"Psicanalista Cl\u00ednica, especializada no atendimento a Crian\u00e7as e Adolescentes. Presidente da ONG Vozes de Anjos.\",\"url\":\"https:\/\/jornalfatosenoticias.com.br\/index.php\/author\/anamaria\/\"}]}<\/script>\n<!-- \/ Yoast SEO plugin. -->","yoast_head_json":{"title":"Abuso sexual incestuoso acabou, a p\u00e1 de cal da justi\u00e7a \u2014 Parte V - Jornal Fatos e Not\u00edcias","robots":{"index":"index","follow":"follow","max-snippet":"max-snippet:-1","max-image-preview":"max-image-preview:large","max-video-preview":"max-video-preview:-1"},"canonical":"https:\/\/jornalfatosenoticias.com.br\/index.php\/2024\/10\/24\/abuso-sexual-incestuoso-acabou-a-pa-de-cal-da-justica-parte-v\/","og_locale":"pt_BR","og_type":"article","og_title":"Abuso sexual incestuoso acabou, a p\u00e1 de cal da justi\u00e7a \u2014 Parte V - Jornal Fatos e Not\u00edcias","og_description":"Quando vamos aprender a Respeitar a Crian\u00e7a? O que estamos fazendo da sua Dignidade, prevista em Lei? A barb\u00e1rie segue. Lembram aquele menino que foi arrancado do seio da m\u00e3e, que foi espancada, algemada, mesmo tendo tido o cotovelo fraturado por agentes policiais? J\u00e1 tem mais de dois meses e nenhuma not\u00edcia do menininho, que [&hellip;]","og_url":"https:\/\/jornalfatosenoticias.com.br\/index.php\/2024\/10\/24\/abuso-sexual-incestuoso-acabou-a-pa-de-cal-da-justica-parte-v\/","og_site_name":"Jornal Fatos e Not\u00edcias","article_published_time":"2024-10-24T18:17:46+00:00","article_modified_time":"2024-10-24T18:17:48+00:00","og_image":[{"width":612,"height":408,"url":"https:\/\/jornalfatosenoticias.com.br\/wp-content\/uploads\/2024\/10\/mae-e-filho_istock.jpg","type":"image\/jpeg"}],"author":"Ana Maria Iencarelli","twitter_card":"summary_large_image","twitter_misc":{"Escrito por":"Ana Maria Iencarelli","Est. tempo de leitura":"5 minutos"},"schema":{"@context":"https:\/\/schema.org","@graph":[{"@type":"Article","@id":"https:\/\/jornalfatosenoticias.com.br\/index.php\/2024\/10\/24\/abuso-sexual-incestuoso-acabou-a-pa-de-cal-da-justica-parte-v\/#article","isPartOf":{"@id":"https:\/\/jornalfatosenoticias.com.br\/index.php\/2024\/10\/24\/abuso-sexual-incestuoso-acabou-a-pa-de-cal-da-justica-parte-v\/"},"author":{"name":"Ana Maria Iencarelli","@id":"https:\/\/jornalfatosenoticias.com.br\/#\/schema\/person\/c33fcf5fb02d729d3fec92c6737a22d1"},"headline":"Abuso sexual incestuoso acabou, a p\u00e1 de cal da justi\u00e7a \u2014 Parte V","datePublished":"2024-10-24T18:17:46+00:00","dateModified":"2024-10-24T18:17:48+00:00","mainEntityOfPage":{"@id":"https:\/\/jornalfatosenoticias.com.br\/index.php\/2024\/10\/24\/abuso-sexual-incestuoso-acabou-a-pa-de-cal-da-justica-parte-v\/"},"wordCount":989,"commentCount":0,"publisher":{"@id":"https:\/\/jornalfatosenoticias.com.br\/#organization"},"image":{"@id":"https:\/\/jornalfatosenoticias.com.br\/index.php\/2024\/10\/24\/abuso-sexual-incestuoso-acabou-a-pa-de-cal-da-justica-parte-v\/#primaryimage"},"thumbnailUrl":"https:\/\/jornalfatosenoticias.com.br\/wp-content\/uploads\/2024\/10\/mae-e-filho_istock.jpg","keywords":["abuso sexual","abuso sexual incestuoso","dignidade da crian\u00e7a","justi\u00e7a","lei","respeito \u00e0 crian\u00e7a"],"articleSection":["Comportamento &amp; Equil\u00edbrio"],"inLanguage":"pt-BR","potentialAction":[{"@type":"CommentAction","name":"Comment","target":["https:\/\/jornalfatosenoticias.com.br\/index.php\/2024\/10\/24\/abuso-sexual-incestuoso-acabou-a-pa-de-cal-da-justica-parte-v\/#respond"]}]},{"@type":"WebPage","@id":"https:\/\/jornalfatosenoticias.com.br\/index.php\/2024\/10\/24\/abuso-sexual-incestuoso-acabou-a-pa-de-cal-da-justica-parte-v\/","url":"https:\/\/jornalfatosenoticias.com.br\/index.php\/2024\/10\/24\/abuso-sexual-incestuoso-acabou-a-pa-de-cal-da-justica-parte-v\/","name":"Abuso sexual incestuoso acabou, a p\u00e1 de cal da justi\u00e7a \u2014 Parte V - Jornal Fatos e Not\u00edcias","isPartOf":{"@id":"https:\/\/jornalfatosenoticias.com.br\/#website"},"primaryImageOfPage":{"@id":"https:\/\/jornalfatosenoticias.com.br\/index.php\/2024\/10\/24\/abuso-sexual-incestuoso-acabou-a-pa-de-cal-da-justica-parte-v\/#primaryimage"},"image":{"@id":"https:\/\/jornalfatosenoticias.com.br\/index.php\/2024\/10\/24\/abuso-sexual-incestuoso-acabou-a-pa-de-cal-da-justica-parte-v\/#primaryimage"},"thumbnailUrl":"https:\/\/jornalfatosenoticias.com.br\/wp-content\/uploads\/2024\/10\/mae-e-filho_istock.jpg","datePublished":"2024-10-24T18:17:46+00:00","dateModified":"2024-10-24T18:17:48+00:00","breadcrumb":{"@id":"https:\/\/jornalfatosenoticias.com.br\/index.php\/2024\/10\/24\/abuso-sexual-incestuoso-acabou-a-pa-de-cal-da-justica-parte-v\/#breadcrumb"},"inLanguage":"pt-BR","potentialAction":[{"@type":"ReadAction","target":["https:\/\/jornalfatosenoticias.com.br\/index.php\/2024\/10\/24\/abuso-sexual-incestuoso-acabou-a-pa-de-cal-da-justica-parte-v\/"]}]},{"@type":"ImageObject","inLanguage":"pt-BR","@id":"https:\/\/jornalfatosenoticias.com.br\/index.php\/2024\/10\/24\/abuso-sexual-incestuoso-acabou-a-pa-de-cal-da-justica-parte-v\/#primaryimage","url":"https:\/\/jornalfatosenoticias.com.br\/wp-content\/uploads\/2024\/10\/mae-e-filho_istock.jpg","contentUrl":"https:\/\/jornalfatosenoticias.com.br\/wp-content\/uploads\/2024\/10\/mae-e-filho_istock.jpg","width":612,"height":408,"caption":"Family divorce, death and hardship, hopelessnes concept."},{"@type":"BreadcrumbList","@id":"https:\/\/jornalfatosenoticias.com.br\/index.php\/2024\/10\/24\/abuso-sexual-incestuoso-acabou-a-pa-de-cal-da-justica-parte-v\/#breadcrumb","itemListElement":[{"@type":"ListItem","position":1,"name":"In\u00edcio","item":"https:\/\/jornalfatosenoticias.com.br\/"},{"@type":"ListItem","position":2,"name":"Abuso sexual incestuoso acabou, a p\u00e1 de cal da justi\u00e7a \u2014 Parte V"}]},{"@type":"WebSite","@id":"https:\/\/jornalfatosenoticias.com.br\/#website","url":"https:\/\/jornalfatosenoticias.com.br\/","name":"Jornal Fatos e Not\u00edcias","description":"Not\u00edcias em geral","publisher":{"@id":"https:\/\/jornalfatosenoticias.com.br\/#organization"},"potentialAction":[{"@type":"SearchAction","target":{"@type":"EntryPoint","urlTemplate":"https:\/\/jornalfatosenoticias.com.br\/?s={search_term_string}"},"query-input":{"@type":"PropertyValueSpecification","valueRequired":true,"valueName":"search_term_string"}}],"inLanguage":"pt-BR"},{"@type":"Organization","@id":"https:\/\/jornalfatosenoticias.com.br\/#organization","name":"Jornal Fatos e Not\u00edcias","url":"https:\/\/jornalfatosenoticias.com.br\/","logo":{"@type":"ImageObject","inLanguage":"pt-BR","@id":"https:\/\/jornalfatosenoticias.com.br\/#\/schema\/logo\/image\/","url":"https:\/\/jornalfatosenoticias.com.br\/wp-content\/uploads\/2020\/02\/logo120.png","contentUrl":"https:\/\/jornalfatosenoticias.com.br\/wp-content\/uploads\/2020\/02\/logo120.png","width":1227,"height":120,"caption":"Jornal Fatos e Not\u00edcias"},"image":{"@id":"https:\/\/jornalfatosenoticias.com.br\/#\/schema\/logo\/image\/"}},{"@type":"Person","@id":"https:\/\/jornalfatosenoticias.com.br\/#\/schema\/person\/c33fcf5fb02d729d3fec92c6737a22d1","name":"Ana Maria Iencarelli","image":{"@type":"ImageObject","inLanguage":"pt-BR","@id":"https:\/\/jornalfatosenoticias.com.br\/#\/schema\/person\/image\/","url":"https:\/\/jornalfatosenoticias.com.br\/wp-content\/uploads\/2020\/02\/Ana-Maria-Iencarelli-1-150x150.jpg","contentUrl":"https:\/\/jornalfatosenoticias.com.br\/wp-content\/uploads\/2020\/02\/Ana-Maria-Iencarelli-1-150x150.jpg","caption":"Ana Maria Iencarelli"},"description":"Psicanalista Cl\u00ednica, especializada no atendimento a Crian\u00e7as e Adolescentes. Presidente da ONG Vozes de Anjos.","url":"https:\/\/jornalfatosenoticias.com.br\/index.php\/author\/anamaria\/"}]}},"cc_featured_image_caption":{"caption_text":"(Foto: iStock) ","source_text":"","source_url":""},"jetpack_featured_media_url":"https:\/\/jornalfatosenoticias.com.br\/wp-content\/uploads\/2024\/10\/mae-e-filho_istock.jpg","_links":{"self":[{"href":"https:\/\/jornalfatosenoticias.com.br\/index.php\/wp-json\/wp\/v2\/posts\/55174","targetHints":{"allow":["GET"]}}],"collection":[{"href":"https:\/\/jornalfatosenoticias.com.br\/index.php\/wp-json\/wp\/v2\/posts"}],"about":[{"href":"https:\/\/jornalfatosenoticias.com.br\/index.php\/wp-json\/wp\/v2\/types\/post"}],"author":[{"embeddable":true,"href":"https:\/\/jornalfatosenoticias.com.br\/index.php\/wp-json\/wp\/v2\/users\/8"}],"replies":[{"embeddable":true,"href":"https:\/\/jornalfatosenoticias.com.br\/index.php\/wp-json\/wp\/v2\/comments?post=55174"}],"version-history":[{"count":0,"href":"https:\/\/jornalfatosenoticias.com.br\/index.php\/wp-json\/wp\/v2\/posts\/55174\/revisions"}],"wp:featuredmedia":[{"embeddable":true,"href":"https:\/\/jornalfatosenoticias.com.br\/index.php\/wp-json\/wp\/v2\/media\/55177"}],"wp:attachment":[{"href":"https:\/\/jornalfatosenoticias.com.br\/index.php\/wp-json\/wp\/v2\/media?parent=55174"}],"wp:term":[{"taxonomy":"category","embeddable":true,"href":"https:\/\/jornalfatosenoticias.com.br\/index.php\/wp-json\/wp\/v2\/categories?post=55174"},{"taxonomy":"post_tag","embeddable":true,"href":"https:\/\/jornalfatosenoticias.com.br\/index.php\/wp-json\/wp\/v2\/tags?post=55174"}],"curies":[{"name":"wp","href":"https:\/\/api.w.org\/{rel}","templated":true}]}}