{"id":55238,"date":"2024-10-29T11:37:34","date_gmt":"2024-10-29T14:37:34","guid":{"rendered":"https:\/\/jornalfatosenoticias.com.br\/?p=55238"},"modified":"2024-10-29T11:37:36","modified_gmt":"2024-10-29T14:37:36","slug":"infoxicacao-o-que-e-causas-e-sintomas","status":"publish","type":"post","link":"https:\/\/jornalfatosenoticias.com.br\/index.php\/2024\/10\/29\/infoxicacao-o-que-e-causas-e-sintomas\/","title":{"rendered":"Infoxica\u00e7\u00e3o: o que \u00e9, causas e sintomas"},"content":{"rendered":"\n<p><em><span class=\"has-inline-color has-black-color\">Entenda o problema, descubra se ele j\u00e1 faz parte da sua vida e como evitar suas consequ\u00eancias<\/span><\/em><\/p>\n\n\n\n<p><span class=\"has-inline-color has-black-color\">Por <strong><a href=\"https:\/\/olhardigital.com.br\/author\/simone-cordeiro\/\">Simone Cordeiro<\/a><\/strong><\/span><\/p>\n\n\n\n<div class=\"wp-block-image\"><figure class=\"aligncenter size-large\"><a href=\"https:\/\/www.controlsystems.com.br\/\"><img loading=\"lazy\" decoding=\"async\" width=\"1024\" height=\"109\" src=\"https:\/\/jornalfatosenoticias.com.br\/wp-content\/uploads\/2020\/02\/CONTROL-CS2-1024x109.jpg\" alt=\"\" class=\"wp-image-44989\" srcset=\"https:\/\/jornalfatosenoticias.com.br\/wp-content\/uploads\/2020\/02\/CONTROL-CS2-1024x109.jpg 1024w, https:\/\/jornalfatosenoticias.com.br\/wp-content\/uploads\/2020\/02\/CONTROL-CS2-300x32.jpg 300w, https:\/\/jornalfatosenoticias.com.br\/wp-content\/uploads\/2020\/02\/CONTROL-CS2-768x82.jpg 768w, https:\/\/jornalfatosenoticias.com.br\/wp-content\/uploads\/2020\/02\/CONTROL-CS2.jpg 1120w\" sizes=\"auto, (max-width: 1024px) 100vw, 1024px\" \/><\/a><\/figure><\/div>\n\n\n\n<p>Estado de dispers\u00e3o, estresse e <strong><a href=\"https:\/\/olhardigital.com.br\/2023\/08\/03\/pro\/impacto-da-inteligencia-artificial-gera-ansiedade-nos-profissionais\/\" target=\"_blank\" rel=\"noreferrer noopener\">ansiedade<\/a><\/strong> podem ser consequ\u00eancias de um problema que uniu a combina\u00e7\u00e3o entre intoxica\u00e7\u00e3o e informa\u00e7\u00e3o, mais conhecido como infoxica\u00e7\u00e3o. O termo, criado em 1996 pelo f\u00edsico espanhol Alfons Cornell\u00e1, nunca esteve t\u00e3o presente na vida das pessoas como agora. Isso acontece, principalmente, pela democratiza\u00e7\u00e3o da internet e o fortalecimento da <strong><a href=\"https:\/\/olhardigital.com.br\/2022\/08\/04\/medicina-e-saude\/saude-e-era-digital-confira-cinco-gatilhos-que-as-redes-sociais-podem-causar\/\" target=\"_blank\" rel=\"noreferrer noopener\">era digital<\/a><\/strong>. Mas o que envolve a infoxica\u00e7\u00e3o? Quais suas causas e sintomas? Entenda a seguir e veja como evitar tal problema.<br>Devido ao significativo avan\u00e7o da tecnologia nos \u00faltimos tr\u00eas anos e o crescimento exponencial da internet, a exposi\u00e7\u00e3o a uma grande quantidade de informa\u00e7\u00f5es \u00e9 cada vez maior. Geralmente, a maioria das pessoas j\u00e1 se conecta a algum dispositivo digital antes mesmo de escovar os dentes. E, ao longo do dia, \u00e9 muito comum sermos bombardeados por not\u00edcias, redes sociais, e-mails, mensagens em aplicativos, publicidades, entre outras informa\u00e7\u00f5es que chegam o tempo todo.<\/p>\n\n\n\n<div class=\"wp-block-image\"><figure class=\"aligncenter size-large is-resized\"><a href=\"https:\/\/www.facebook.com\/postobkr\/?locale=pt_BR\"><img loading=\"lazy\" decoding=\"async\" src=\"https:\/\/jornalfatosenoticias.com.br\/wp-content\/uploads\/2023\/08\/BKR-1024x1021.jpg\" alt=\"\" class=\"wp-image-44494\" width=\"285\" height=\"284\" srcset=\"https:\/\/jornalfatosenoticias.com.br\/wp-content\/uploads\/2023\/08\/BKR-1024x1021.jpg 1024w, https:\/\/jornalfatosenoticias.com.br\/wp-content\/uploads\/2023\/08\/BKR-300x300.jpg 300w, https:\/\/jornalfatosenoticias.com.br\/wp-content\/uploads\/2023\/08\/BKR-150x150.jpg 150w, https:\/\/jornalfatosenoticias.com.br\/wp-content\/uploads\/2023\/08\/BKR-768x766.jpg 768w, https:\/\/jornalfatosenoticias.com.br\/wp-content\/uploads\/2023\/08\/BKR.jpg 1080w\" sizes=\"auto, (max-width: 285px) 100vw, 285px\" \/><\/a><\/figure><\/div>\n\n\n\n<p>Esse excesso de informa\u00e7\u00f5es \u00e9 o que o f\u00edsico espanhol Alfons Cornell\u00e1 definiu em 1996 como infoxica\u00e7\u00e3o, que nada mais \u00e9 do que a jun\u00e7\u00e3o das palavras intoxica\u00e7\u00e3o e informa\u00e7\u00e3o. O que Cornell\u00e1 n\u00e3o imaginava naquela \u00e9poca \u00e9 que a intensidade e o significado do termo seria uma realidade t\u00e3o presente na vida de boa parcela da popula\u00e7\u00e3o no mundo.<\/p>\n\n\n\n<div class=\"wp-block-image\"><figure class=\"aligncenter size-large\"><a href=\"http:\/\/www.ferrarimaquinas.com.br\/\"><img loading=\"lazy\" decoding=\"async\" width=\"300\" height=\"250\" src=\"https:\/\/jornalfatosenoticias.com.br\/wp-content\/uploads\/2022\/02\/FERRARI_MAQUINAS-E-FERRAMENTAS2.jpg\" alt=\"\" class=\"wp-image-27860\"\/><\/a><\/figure><\/div>\n\n\n\n<p>De acordo com uma pesquisa da Gartner, que considerou entrevistas com cerca de mil funcion\u00e1rios e gestores, 38% dos funcion\u00e1rios dizem que recebem um volume \u201cexcessivo\u201d de comunica\u00e7\u00f5es na sua organiza\u00e7\u00e3o. Se considerarmos que boa parte dessas mesmas pessoas tamb\u00e9m passam certas horas em seus hor\u00e1rios livres nas redes sociais e aplicativos de mensagens, \u00e9 poss\u00edvel entender o porqu\u00ea desse excesso de informa\u00e7\u00f5es ser t\u00e3o comum hoje em dia.<\/p>\n\n\n\n<div class=\"wp-block-image\"><figure class=\"aligncenter size-large is-resized\"><a href=\"https:\/\/www.ithbrasil.com.br\/\"><img loading=\"lazy\" decoding=\"async\" src=\"https:\/\/jornalfatosenoticias.com.br\/wp-content\/uploads\/2023\/08\/ITH.jpeg\" alt=\"\" class=\"wp-image-44638\" width=\"295\" height=\"239\" srcset=\"https:\/\/jornalfatosenoticias.com.br\/wp-content\/uploads\/2023\/08\/ITH.jpeg 800w, https:\/\/jornalfatosenoticias.com.br\/wp-content\/uploads\/2023\/08\/ITH-300x244.jpeg 300w, https:\/\/jornalfatosenoticias.com.br\/wp-content\/uploads\/2023\/08\/ITH-768x624.jpeg 768w\" sizes=\"auto, (max-width: 295px) 100vw, 295px\" \/><\/a><\/figure><\/div>\n\n\n\n<p>No entanto, o que muitos n\u00e3o percebem \u00e9 que esse h\u00e1bito pode ser o motivo de maiores epis\u00f3dios de dispers\u00e3o, estresse e ansiedade dentro da rotina. Entre as principais causas da infoxica\u00e7\u00e3o est\u00e3o: excesso de e-mails corporativos, use de m\u00eddias digitais, muito tempo em redes sociais, multitarefas (assistir uma videoconfer\u00eancia enquanto trabalha e navega em outros apps, por exemplo) e excesso de informa\u00e7\u00f5es.<\/p>\n\n\n\n<div class=\"wp-block-image\"><figure class=\"aligncenter size-large is-resized\"><a href=\"https:\/\/www.facebook.com\/vetor.vix\/\"><img loading=\"lazy\" decoding=\"async\" src=\"https:\/\/jornalfatosenoticias.com.br\/wp-content\/uploads\/2023\/09\/vetorvix1024_1.jpg\" alt=\"\" class=\"wp-image-44868\" width=\"555\" height=\"147\" srcset=\"https:\/\/jornalfatosenoticias.com.br\/wp-content\/uploads\/2023\/09\/vetorvix1024_1.jpg 1024w, https:\/\/jornalfatosenoticias.com.br\/wp-content\/uploads\/2023\/09\/vetorvix1024_1-300x80.jpg 300w, https:\/\/jornalfatosenoticias.com.br\/wp-content\/uploads\/2023\/09\/vetorvix1024_1-768x205.jpg 768w\" sizes=\"auto, (max-width: 555px) 100vw, 555px\" \/><\/a><\/figure><\/div>\n\n\n\n<p>Para come\u00e7ar, uns dos primeiros sintomas que podem aparecer com a infoxica\u00e7\u00e3o \u00e9 a dificuldade para realizar tarefas. Segundo estudos, interrup\u00e7\u00f5es frequentes podem aumentar o tempo necess\u00e1rio para concluir uma atividade e reduzir a qualidade do trabalho.<\/p>\n\n\n\n<div class=\"wp-block-image\"><figure class=\"aligncenter size-large is-resized\"><a href=\"https:\/\/www.instagram.com\/serra4x4cambioautomatico\/\"><img loading=\"lazy\" decoding=\"async\" src=\"https:\/\/jornalfatosenoticias.com.br\/wp-content\/uploads\/2024\/08\/Serra-4x4-1-886x1024.jpg\" alt=\"\" class=\"wp-image-53632\" width=\"285\" height=\"329\" srcset=\"https:\/\/jornalfatosenoticias.com.br\/wp-content\/uploads\/2024\/08\/Serra-4x4-1-886x1024.jpg 886w, https:\/\/jornalfatosenoticias.com.br\/wp-content\/uploads\/2024\/08\/Serra-4x4-1-260x300.jpg 260w, https:\/\/jornalfatosenoticias.com.br\/wp-content\/uploads\/2024\/08\/Serra-4x4-1-768x888.jpg 768w, https:\/\/jornalfatosenoticias.com.br\/wp-content\/uploads\/2024\/08\/Serra-4x4-1.jpg 1181w\" sizes=\"auto, (max-width: 285px) 100vw, 285px\" \/><\/a><\/figure><\/div>\n\n\n\n<p>Sobretudo, estar sempre conectado pode prejudicar na hora de tomar decis\u00f5es, gerando n\u00e3o s\u00f3 dificuldades para a dedica\u00e7\u00e3o a uma atividade, mas tamb\u00e9m dificuldades para filtrar informa\u00e7\u00f5es na tomada de decis\u00f5es. Al\u00e9m disso, o excesso e informa\u00e7\u00f5es pode gerar consequ\u00eancias que impactam na sa\u00fade mental e f\u00edsica. Dessa forma, entram nessa lista sintomas como ins\u00f4nia, irritabilidade, fadiga e problemas mais graves, como doen\u00e7as cardiovasculares.<\/p>\n\n\n\n<div class=\"wp-block-image\"><figure class=\"aligncenter size-large is-resized\"><a href=\"https:\/\/www.instagram.com\/vmais.midias\/\"><img loading=\"lazy\" decoding=\"async\" src=\"https:\/\/jornalfatosenoticias.com.br\/wp-content\/uploads\/2020\/02\/DE-MAIS-DESTAQUE-VMAIS-800X700.png\" alt=\"\" class=\"wp-image-53112\" width=\"280\" height=\"245\" srcset=\"https:\/\/jornalfatosenoticias.com.br\/wp-content\/uploads\/2020\/02\/DE-MAIS-DESTAQUE-VMAIS-800X700.png 800w, https:\/\/jornalfatosenoticias.com.br\/wp-content\/uploads\/2020\/02\/DE-MAIS-DESTAQUE-VMAIS-800X700-300x263.png 300w, https:\/\/jornalfatosenoticias.com.br\/wp-content\/uploads\/2020\/02\/DE-MAIS-DESTAQUE-VMAIS-800X700-768x672.png 768w\" sizes=\"auto, (max-width: 280px) 100vw, 280px\" \/><\/a><\/figure><\/div>\n\n\n\n<p>A maior dica de todas \u00e9: autodisciplina! Afinal, estabelecer limites \u00e9 o primeiro passo para evitar ser engolido pela infoxica\u00e7\u00e3o. Sobretudo na vida pessoal, fora do trabalho esse controle pode ser mais bem gerido. Dessa forma, \u00e9 poss\u00edvel fazer uso dos alertas de tempo di\u00e1rio de redes sociais nos pr\u00f3prios aplicativos. Sobretudo, \u00e0 medida que esses limites forem respeitados ser\u00e1 cada vez mais f\u00e1cil se desconectar do mundo digital.<\/p>\n\n\n\n<div class=\"wp-block-image\"><figure class=\"aligncenter size-large is-resized\"><a href=\"https:\/\/www.instagram.com\/ligadossaborespizzaria\/\"><img loading=\"lazy\" decoding=\"async\" src=\"https:\/\/jornalfatosenoticias.com.br\/wp-content\/uploads\/2024\/09\/WhatsApp-Image-2024-09-14-at-22.46.10-819x1024.jpeg\" alt=\"\" class=\"wp-image-54180\" width=\"268\" height=\"336\" srcset=\"https:\/\/jornalfatosenoticias.com.br\/wp-content\/uploads\/2024\/09\/WhatsApp-Image-2024-09-14-at-22.46.10-819x1024.jpeg 819w, https:\/\/jornalfatosenoticias.com.br\/wp-content\/uploads\/2024\/09\/WhatsApp-Image-2024-09-14-at-22.46.10-240x300.jpeg 240w, https:\/\/jornalfatosenoticias.com.br\/wp-content\/uploads\/2024\/09\/WhatsApp-Image-2024-09-14-at-22.46.10-768x960.jpeg 768w, https:\/\/jornalfatosenoticias.com.br\/wp-content\/uploads\/2024\/09\/WhatsApp-Image-2024-09-14-at-22.46.10.jpeg 1024w\" sizes=\"auto, (max-width: 268px) 100vw, 268px\" \/><\/a><\/figure><\/div>\n\n\n\n<p>Ent\u00e3o, outra boa sugest\u00e3o \u00e9 escolher atividades ao ar livre, preparar uma refei\u00e7\u00e3o, passear com o cachorro, entre outras. Al\u00e9m disso, tamb\u00e9m \u00e9 poss\u00edvel escolher filtrar as informa\u00e7\u00f5es que chegam at\u00e9 voc\u00ea. Deste modo, se poss\u00edvel evite responder mensagens fora do hor\u00e1rio de trabalho, d\u00ea prefer\u00eancia a fontes confi\u00e1veis de informa\u00e7\u00f5es e opte pela qualidade delas. Sendo assim, voc\u00ea conseguir\u00e1 reduzir a dissemina\u00e7\u00e3o de informa\u00e7\u00f5es erradas e irrelevantes.<\/p>\n\n\n\n<div class=\"wp-block-image\"><figure class=\"aligncenter size-large is-resized\"><a href=\"https:\/\/www.legisjuris.com.br\/\"><img loading=\"lazy\" decoding=\"async\" src=\"https:\/\/jornalfatosenoticias.com.br\/wp-content\/uploads\/2024\/09\/Legis-Juris-Consultoria_logo.jpg\" alt=\"\" class=\"wp-image-53915\" width=\"406\" height=\"170\" srcset=\"https:\/\/jornalfatosenoticias.com.br\/wp-content\/uploads\/2024\/09\/Legis-Juris-Consultoria_logo.jpg 969w, https:\/\/jornalfatosenoticias.com.br\/wp-content\/uploads\/2024\/09\/Legis-Juris-Consultoria_logo-300x126.jpg 300w, https:\/\/jornalfatosenoticias.com.br\/wp-content\/uploads\/2024\/09\/Legis-Juris-Consultoria_logo-768x322.jpg 768w\" sizes=\"auto, (max-width: 406px) 100vw, 406px\" \/><\/a><\/figure><\/div>\n\n\n\n<p><strong><em>Fonte: <a href=\"https:\/\/olhardigital.com.br\/2024\/10\/17\/medicina-e-saude\/infoxicacao-o-que-e-causas-e-sintomas\/\">Olhar Digital<\/a><\/em><\/strong><\/p>\n","protected":false},"excerpt":{"rendered":"<p>Entenda o problema, descubra se ele j\u00e1 faz parte da sua vida e como evitar suas consequ\u00eancias Por Simone Cordeiro Estado de dispers\u00e3o, estresse e ansiedade podem ser consequ\u00eancias de um problema que uniu a combina\u00e7\u00e3o entre intoxica\u00e7\u00e3o e informa\u00e7\u00e3o, mais conhecido como infoxica\u00e7\u00e3o. O termo, criado em 1996 pelo f\u00edsico espanhol Alfons Cornell\u00e1, nunca [&hellip;]<\/p>\n","protected":false},"author":2,"featured_media":55239,"comment_status":"open","ping_status":"open","sticky":false,"template":"","format":"standard","meta":{"footnotes":""},"categories":[2522],"tags":[2279,13725,2280,25149,25176,2148],"class_list":["post-55238","post","type-post","status-publish","format-standard","has-post-thumbnail","hentry","category-comportamento","tag-ansiedade","tag-dispersao","tag-estresse","tag-informacao","tag-infoxicacao","tag-medicina"],"yoast_head":"<!-- This site is optimized with the Yoast SEO plugin v26.5 - https:\/\/yoast.com\/wordpress\/plugins\/seo\/ -->\n<title>Infoxica\u00e7\u00e3o: o que \u00e9, causas e sintomas - Jornal Fatos e Not\u00edcias<\/title>\n<meta name=\"robots\" content=\"index, follow, max-snippet:-1, max-image-preview:large, max-video-preview:-1\" \/>\n<link rel=\"canonical\" href=\"https:\/\/jornalfatosenoticias.com.br\/index.php\/2024\/10\/29\/infoxicacao-o-que-e-causas-e-sintomas\/\" \/>\n<meta property=\"og:locale\" content=\"pt_BR\" \/>\n<meta property=\"og:type\" content=\"article\" \/>\n<meta property=\"og:title\" content=\"Infoxica\u00e7\u00e3o: o que \u00e9, causas e sintomas - Jornal Fatos e Not\u00edcias\" \/>\n<meta property=\"og:description\" content=\"Entenda o problema, descubra se ele j\u00e1 faz parte da sua vida e como evitar suas consequ\u00eancias Por Simone Cordeiro Estado de dispers\u00e3o, estresse e ansiedade podem ser consequ\u00eancias de um problema que uniu a combina\u00e7\u00e3o entre intoxica\u00e7\u00e3o e informa\u00e7\u00e3o, mais conhecido como infoxica\u00e7\u00e3o. O termo, criado em 1996 pelo f\u00edsico espanhol Alfons Cornell\u00e1, nunca [&hellip;]\" \/>\n<meta property=\"og:url\" content=\"https:\/\/jornalfatosenoticias.com.br\/index.php\/2024\/10\/29\/infoxicacao-o-que-e-causas-e-sintomas\/\" \/>\n<meta property=\"og:site_name\" content=\"Jornal Fatos e Not\u00edcias\" \/>\n<meta property=\"article:published_time\" content=\"2024-10-29T14:37:34+00:00\" \/>\n<meta property=\"article:modified_time\" content=\"2024-10-29T14:37:36+00:00\" \/>\n<meta property=\"og:image\" content=\"https:\/\/jornalfatosenoticias.com.br\/wp-content\/uploads\/2024\/10\/Infoxicacao_freepik.jpeg\" \/>\n\t<meta property=\"og:image:width\" content=\"996\" \/>\n\t<meta property=\"og:image:height\" content=\"558\" \/>\n\t<meta property=\"og:image:type\" content=\"image\/jpeg\" \/>\n<meta name=\"author\" content=\"Luzimara Fernandes\" \/>\n<meta name=\"twitter:card\" content=\"summary_large_image\" \/>\n<meta name=\"twitter:label1\" content=\"Escrito por\" \/>\n\t<meta name=\"twitter:data1\" content=\"Luzimara Fernandes\" \/>\n\t<meta name=\"twitter:label2\" content=\"Est. tempo de leitura\" \/>\n\t<meta name=\"twitter:data2\" content=\"3 minutos\" \/>\n<script type=\"application\/ld+json\" class=\"yoast-schema-graph\">{\"@context\":\"https:\/\/schema.org\",\"@graph\":[{\"@type\":\"Article\",\"@id\":\"https:\/\/jornalfatosenoticias.com.br\/index.php\/2024\/10\/29\/infoxicacao-o-que-e-causas-e-sintomas\/#article\",\"isPartOf\":{\"@id\":\"https:\/\/jornalfatosenoticias.com.br\/index.php\/2024\/10\/29\/infoxicacao-o-que-e-causas-e-sintomas\/\"},\"author\":{\"name\":\"Luzimara Fernandes\",\"@id\":\"https:\/\/jornalfatosenoticias.com.br\/#\/schema\/person\/d63837fa13ac8666eb9e74e0985d6f81\"},\"headline\":\"Infoxica\u00e7\u00e3o: o que \u00e9, causas e sintomas\",\"datePublished\":\"2024-10-29T14:37:34+00:00\",\"dateModified\":\"2024-10-29T14:37:36+00:00\",\"mainEntityOfPage\":{\"@id\":\"https:\/\/jornalfatosenoticias.com.br\/index.php\/2024\/10\/29\/infoxicacao-o-que-e-causas-e-sintomas\/\"},\"wordCount\":673,\"commentCount\":0,\"publisher\":{\"@id\":\"https:\/\/jornalfatosenoticias.com.br\/#organization\"},\"image\":{\"@id\":\"https:\/\/jornalfatosenoticias.com.br\/index.php\/2024\/10\/29\/infoxicacao-o-que-e-causas-e-sintomas\/#primaryimage\"},\"thumbnailUrl\":\"https:\/\/jornalfatosenoticias.com.br\/wp-content\/uploads\/2024\/10\/Infoxicacao_freepik.jpeg\",\"keywords\":[\"ansiedade\",\"dispers\u00e3o\",\"estresse\",\"informa\u00e7\u00e3o\",\"infoxica\u00e7\u00e3o\",\"medicina\"],\"articleSection\":[\"Comportamento &amp; Equil\u00edbrio\"],\"inLanguage\":\"pt-BR\",\"potentialAction\":[{\"@type\":\"CommentAction\",\"name\":\"Comment\",\"target\":[\"https:\/\/jornalfatosenoticias.com.br\/index.php\/2024\/10\/29\/infoxicacao-o-que-e-causas-e-sintomas\/#respond\"]}]},{\"@type\":\"WebPage\",\"@id\":\"https:\/\/jornalfatosenoticias.com.br\/index.php\/2024\/10\/29\/infoxicacao-o-que-e-causas-e-sintomas\/\",\"url\":\"https:\/\/jornalfatosenoticias.com.br\/index.php\/2024\/10\/29\/infoxicacao-o-que-e-causas-e-sintomas\/\",\"name\":\"Infoxica\u00e7\u00e3o: o que \u00e9, causas e sintomas - Jornal Fatos e Not\u00edcias\",\"isPartOf\":{\"@id\":\"https:\/\/jornalfatosenoticias.com.br\/#website\"},\"primaryImageOfPage\":{\"@id\":\"https:\/\/jornalfatosenoticias.com.br\/index.php\/2024\/10\/29\/infoxicacao-o-que-e-causas-e-sintomas\/#primaryimage\"},\"image\":{\"@id\":\"https:\/\/jornalfatosenoticias.com.br\/index.php\/2024\/10\/29\/infoxicacao-o-que-e-causas-e-sintomas\/#primaryimage\"},\"thumbnailUrl\":\"https:\/\/jornalfatosenoticias.com.br\/wp-content\/uploads\/2024\/10\/Infoxicacao_freepik.jpeg\",\"datePublished\":\"2024-10-29T14:37:34+00:00\",\"dateModified\":\"2024-10-29T14:37:36+00:00\",\"breadcrumb\":{\"@id\":\"https:\/\/jornalfatosenoticias.com.br\/index.php\/2024\/10\/29\/infoxicacao-o-que-e-causas-e-sintomas\/#breadcrumb\"},\"inLanguage\":\"pt-BR\",\"potentialAction\":[{\"@type\":\"ReadAction\",\"target\":[\"https:\/\/jornalfatosenoticias.com.br\/index.php\/2024\/10\/29\/infoxicacao-o-que-e-causas-e-sintomas\/\"]}]},{\"@type\":\"ImageObject\",\"inLanguage\":\"pt-BR\",\"@id\":\"https:\/\/jornalfatosenoticias.com.br\/index.php\/2024\/10\/29\/infoxicacao-o-que-e-causas-e-sintomas\/#primaryimage\",\"url\":\"https:\/\/jornalfatosenoticias.com.br\/wp-content\/uploads\/2024\/10\/Infoxicacao_freepik.jpeg\",\"contentUrl\":\"https:\/\/jornalfatosenoticias.com.br\/wp-content\/uploads\/2024\/10\/Infoxicacao_freepik.jpeg\",\"width\":996,\"height\":558},{\"@type\":\"BreadcrumbList\",\"@id\":\"https:\/\/jornalfatosenoticias.com.br\/index.php\/2024\/10\/29\/infoxicacao-o-que-e-causas-e-sintomas\/#breadcrumb\",\"itemListElement\":[{\"@type\":\"ListItem\",\"position\":1,\"name\":\"In\u00edcio\",\"item\":\"https:\/\/jornalfatosenoticias.com.br\/\"},{\"@type\":\"ListItem\",\"position\":2,\"name\":\"Infoxica\u00e7\u00e3o: o que \u00e9, causas e sintomas\"}]},{\"@type\":\"WebSite\",\"@id\":\"https:\/\/jornalfatosenoticias.com.br\/#website\",\"url\":\"https:\/\/jornalfatosenoticias.com.br\/\",\"name\":\"Jornal Fatos e Not\u00edcias\",\"description\":\"Not\u00edcias em geral\",\"publisher\":{\"@id\":\"https:\/\/jornalfatosenoticias.com.br\/#organization\"},\"potentialAction\":[{\"@type\":\"SearchAction\",\"target\":{\"@type\":\"EntryPoint\",\"urlTemplate\":\"https:\/\/jornalfatosenoticias.com.br\/?s={search_term_string}\"},\"query-input\":{\"@type\":\"PropertyValueSpecification\",\"valueRequired\":true,\"valueName\":\"search_term_string\"}}],\"inLanguage\":\"pt-BR\"},{\"@type\":\"Organization\",\"@id\":\"https:\/\/jornalfatosenoticias.com.br\/#organization\",\"name\":\"Jornal Fatos e Not\u00edcias\",\"url\":\"https:\/\/jornalfatosenoticias.com.br\/\",\"logo\":{\"@type\":\"ImageObject\",\"inLanguage\":\"pt-BR\",\"@id\":\"https:\/\/jornalfatosenoticias.com.br\/#\/schema\/logo\/image\/\",\"url\":\"https:\/\/jornalfatosenoticias.com.br\/wp-content\/uploads\/2020\/02\/logo120.png\",\"contentUrl\":\"https:\/\/jornalfatosenoticias.com.br\/wp-content\/uploads\/2020\/02\/logo120.png\",\"width\":1227,\"height\":120,\"caption\":\"Jornal Fatos e Not\u00edcias\"},\"image\":{\"@id\":\"https:\/\/jornalfatosenoticias.com.br\/#\/schema\/logo\/image\/\"}},{\"@type\":\"Person\",\"@id\":\"https:\/\/jornalfatosenoticias.com.br\/#\/schema\/person\/d63837fa13ac8666eb9e74e0985d6f81\",\"name\":\"Luzimara Fernandes\",\"image\":{\"@type\":\"ImageObject\",\"inLanguage\":\"pt-BR\",\"@id\":\"https:\/\/jornalfatosenoticias.com.br\/#\/schema\/person\/image\/\",\"url\":\"https:\/\/jornalfatosenoticias.com.br\/wp-content\/uploads\/2025\/05\/EU_portal.jpg\",\"contentUrl\":\"https:\/\/jornalfatosenoticias.com.br\/wp-content\/uploads\/2025\/05\/EU_portal.jpg\",\"caption\":\"Luzimara Fernandes\"},\"description\":\"Jornalista MTB 2358-ES\",\"sameAs\":[\"https:\/\/jornalfatosenoticias.com.br\"],\"url\":\"https:\/\/jornalfatosenoticias.com.br\/index.php\/author\/luzimara\/\"}]}<\/script>\n<!-- \/ Yoast SEO plugin. -->","yoast_head_json":{"title":"Infoxica\u00e7\u00e3o: o que \u00e9, causas e sintomas - Jornal Fatos e Not\u00edcias","robots":{"index":"index","follow":"follow","max-snippet":"max-snippet:-1","max-image-preview":"max-image-preview:large","max-video-preview":"max-video-preview:-1"},"canonical":"https:\/\/jornalfatosenoticias.com.br\/index.php\/2024\/10\/29\/infoxicacao-o-que-e-causas-e-sintomas\/","og_locale":"pt_BR","og_type":"article","og_title":"Infoxica\u00e7\u00e3o: o que \u00e9, causas e sintomas - Jornal Fatos e Not\u00edcias","og_description":"Entenda o problema, descubra se ele j\u00e1 faz parte da sua vida e como evitar suas consequ\u00eancias Por Simone Cordeiro Estado de dispers\u00e3o, estresse e ansiedade podem ser consequ\u00eancias de um problema que uniu a combina\u00e7\u00e3o entre intoxica\u00e7\u00e3o e informa\u00e7\u00e3o, mais conhecido como infoxica\u00e7\u00e3o. O termo, criado em 1996 pelo f\u00edsico espanhol Alfons Cornell\u00e1, nunca [&hellip;]","og_url":"https:\/\/jornalfatosenoticias.com.br\/index.php\/2024\/10\/29\/infoxicacao-o-que-e-causas-e-sintomas\/","og_site_name":"Jornal Fatos e Not\u00edcias","article_published_time":"2024-10-29T14:37:34+00:00","article_modified_time":"2024-10-29T14:37:36+00:00","og_image":[{"width":996,"height":558,"url":"https:\/\/jornalfatosenoticias.com.br\/wp-content\/uploads\/2024\/10\/Infoxicacao_freepik.jpeg","type":"image\/jpeg"}],"author":"Luzimara Fernandes","twitter_card":"summary_large_image","twitter_misc":{"Escrito por":"Luzimara Fernandes","Est. tempo de leitura":"3 minutos"},"schema":{"@context":"https:\/\/schema.org","@graph":[{"@type":"Article","@id":"https:\/\/jornalfatosenoticias.com.br\/index.php\/2024\/10\/29\/infoxicacao-o-que-e-causas-e-sintomas\/#article","isPartOf":{"@id":"https:\/\/jornalfatosenoticias.com.br\/index.php\/2024\/10\/29\/infoxicacao-o-que-e-causas-e-sintomas\/"},"author":{"name":"Luzimara Fernandes","@id":"https:\/\/jornalfatosenoticias.com.br\/#\/schema\/person\/d63837fa13ac8666eb9e74e0985d6f81"},"headline":"Infoxica\u00e7\u00e3o: o que \u00e9, causas e sintomas","datePublished":"2024-10-29T14:37:34+00:00","dateModified":"2024-10-29T14:37:36+00:00","mainEntityOfPage":{"@id":"https:\/\/jornalfatosenoticias.com.br\/index.php\/2024\/10\/29\/infoxicacao-o-que-e-causas-e-sintomas\/"},"wordCount":673,"commentCount":0,"publisher":{"@id":"https:\/\/jornalfatosenoticias.com.br\/#organization"},"image":{"@id":"https:\/\/jornalfatosenoticias.com.br\/index.php\/2024\/10\/29\/infoxicacao-o-que-e-causas-e-sintomas\/#primaryimage"},"thumbnailUrl":"https:\/\/jornalfatosenoticias.com.br\/wp-content\/uploads\/2024\/10\/Infoxicacao_freepik.jpeg","keywords":["ansiedade","dispers\u00e3o","estresse","informa\u00e7\u00e3o","infoxica\u00e7\u00e3o","medicina"],"articleSection":["Comportamento &amp; Equil\u00edbrio"],"inLanguage":"pt-BR","potentialAction":[{"@type":"CommentAction","name":"Comment","target":["https:\/\/jornalfatosenoticias.com.br\/index.php\/2024\/10\/29\/infoxicacao-o-que-e-causas-e-sintomas\/#respond"]}]},{"@type":"WebPage","@id":"https:\/\/jornalfatosenoticias.com.br\/index.php\/2024\/10\/29\/infoxicacao-o-que-e-causas-e-sintomas\/","url":"https:\/\/jornalfatosenoticias.com.br\/index.php\/2024\/10\/29\/infoxicacao-o-que-e-causas-e-sintomas\/","name":"Infoxica\u00e7\u00e3o: o que \u00e9, causas e sintomas - Jornal Fatos e Not\u00edcias","isPartOf":{"@id":"https:\/\/jornalfatosenoticias.com.br\/#website"},"primaryImageOfPage":{"@id":"https:\/\/jornalfatosenoticias.com.br\/index.php\/2024\/10\/29\/infoxicacao-o-que-e-causas-e-sintomas\/#primaryimage"},"image":{"@id":"https:\/\/jornalfatosenoticias.com.br\/index.php\/2024\/10\/29\/infoxicacao-o-que-e-causas-e-sintomas\/#primaryimage"},"thumbnailUrl":"https:\/\/jornalfatosenoticias.com.br\/wp-content\/uploads\/2024\/10\/Infoxicacao_freepik.jpeg","datePublished":"2024-10-29T14:37:34+00:00","dateModified":"2024-10-29T14:37:36+00:00","breadcrumb":{"@id":"https:\/\/jornalfatosenoticias.com.br\/index.php\/2024\/10\/29\/infoxicacao-o-que-e-causas-e-sintomas\/#breadcrumb"},"inLanguage":"pt-BR","potentialAction":[{"@type":"ReadAction","target":["https:\/\/jornalfatosenoticias.com.br\/index.php\/2024\/10\/29\/infoxicacao-o-que-e-causas-e-sintomas\/"]}]},{"@type":"ImageObject","inLanguage":"pt-BR","@id":"https:\/\/jornalfatosenoticias.com.br\/index.php\/2024\/10\/29\/infoxicacao-o-que-e-causas-e-sintomas\/#primaryimage","url":"https:\/\/jornalfatosenoticias.com.br\/wp-content\/uploads\/2024\/10\/Infoxicacao_freepik.jpeg","contentUrl":"https:\/\/jornalfatosenoticias.com.br\/wp-content\/uploads\/2024\/10\/Infoxicacao_freepik.jpeg","width":996,"height":558},{"@type":"BreadcrumbList","@id":"https:\/\/jornalfatosenoticias.com.br\/index.php\/2024\/10\/29\/infoxicacao-o-que-e-causas-e-sintomas\/#breadcrumb","itemListElement":[{"@type":"ListItem","position":1,"name":"In\u00edcio","item":"https:\/\/jornalfatosenoticias.com.br\/"},{"@type":"ListItem","position":2,"name":"Infoxica\u00e7\u00e3o: o que \u00e9, causas e sintomas"}]},{"@type":"WebSite","@id":"https:\/\/jornalfatosenoticias.com.br\/#website","url":"https:\/\/jornalfatosenoticias.com.br\/","name":"Jornal Fatos e Not\u00edcias","description":"Not\u00edcias em geral","publisher":{"@id":"https:\/\/jornalfatosenoticias.com.br\/#organization"},"potentialAction":[{"@type":"SearchAction","target":{"@type":"EntryPoint","urlTemplate":"https:\/\/jornalfatosenoticias.com.br\/?s={search_term_string}"},"query-input":{"@type":"PropertyValueSpecification","valueRequired":true,"valueName":"search_term_string"}}],"inLanguage":"pt-BR"},{"@type":"Organization","@id":"https:\/\/jornalfatosenoticias.com.br\/#organization","name":"Jornal Fatos e Not\u00edcias","url":"https:\/\/jornalfatosenoticias.com.br\/","logo":{"@type":"ImageObject","inLanguage":"pt-BR","@id":"https:\/\/jornalfatosenoticias.com.br\/#\/schema\/logo\/image\/","url":"https:\/\/jornalfatosenoticias.com.br\/wp-content\/uploads\/2020\/02\/logo120.png","contentUrl":"https:\/\/jornalfatosenoticias.com.br\/wp-content\/uploads\/2020\/02\/logo120.png","width":1227,"height":120,"caption":"Jornal Fatos e Not\u00edcias"},"image":{"@id":"https:\/\/jornalfatosenoticias.com.br\/#\/schema\/logo\/image\/"}},{"@type":"Person","@id":"https:\/\/jornalfatosenoticias.com.br\/#\/schema\/person\/d63837fa13ac8666eb9e74e0985d6f81","name":"Luzimara Fernandes","image":{"@type":"ImageObject","inLanguage":"pt-BR","@id":"https:\/\/jornalfatosenoticias.com.br\/#\/schema\/person\/image\/","url":"https:\/\/jornalfatosenoticias.com.br\/wp-content\/uploads\/2025\/05\/EU_portal.jpg","contentUrl":"https:\/\/jornalfatosenoticias.com.br\/wp-content\/uploads\/2025\/05\/EU_portal.jpg","caption":"Luzimara Fernandes"},"description":"Jornalista MTB 2358-ES","sameAs":["https:\/\/jornalfatosenoticias.com.br"],"url":"https:\/\/jornalfatosenoticias.com.br\/index.php\/author\/luzimara\/"}]}},"cc_featured_image_caption":{"caption_text":"(Foto: Freepik) ","source_text":"","source_url":""},"jetpack_featured_media_url":"https:\/\/jornalfatosenoticias.com.br\/wp-content\/uploads\/2024\/10\/Infoxicacao_freepik.jpeg","_links":{"self":[{"href":"https:\/\/jornalfatosenoticias.com.br\/index.php\/wp-json\/wp\/v2\/posts\/55238","targetHints":{"allow":["GET"]}}],"collection":[{"href":"https:\/\/jornalfatosenoticias.com.br\/index.php\/wp-json\/wp\/v2\/posts"}],"about":[{"href":"https:\/\/jornalfatosenoticias.com.br\/index.php\/wp-json\/wp\/v2\/types\/post"}],"author":[{"embeddable":true,"href":"https:\/\/jornalfatosenoticias.com.br\/index.php\/wp-json\/wp\/v2\/users\/2"}],"replies":[{"embeddable":true,"href":"https:\/\/jornalfatosenoticias.com.br\/index.php\/wp-json\/wp\/v2\/comments?post=55238"}],"version-history":[{"count":0,"href":"https:\/\/jornalfatosenoticias.com.br\/index.php\/wp-json\/wp\/v2\/posts\/55238\/revisions"}],"wp:featuredmedia":[{"embeddable":true,"href":"https:\/\/jornalfatosenoticias.com.br\/index.php\/wp-json\/wp\/v2\/media\/55239"}],"wp:attachment":[{"href":"https:\/\/jornalfatosenoticias.com.br\/index.php\/wp-json\/wp\/v2\/media?parent=55238"}],"wp:term":[{"taxonomy":"category","embeddable":true,"href":"https:\/\/jornalfatosenoticias.com.br\/index.php\/wp-json\/wp\/v2\/categories?post=55238"},{"taxonomy":"post_tag","embeddable":true,"href":"https:\/\/jornalfatosenoticias.com.br\/index.php\/wp-json\/wp\/v2\/tags?post=55238"}],"curies":[{"name":"wp","href":"https:\/\/api.w.org\/{rel}","templated":true}]}}