{"id":55260,"date":"2024-10-29T14:38:32","date_gmt":"2024-10-29T17:38:32","guid":{"rendered":"https:\/\/jornalfatosenoticias.com.br\/?p=55260"},"modified":"2024-10-29T14:38:33","modified_gmt":"2024-10-29T17:38:33","slug":"mercado-piora-projecoes-e-agora-preve-estouro-da-meta-de-inflacao","status":"publish","type":"post","link":"https:\/\/jornalfatosenoticias.com.br\/index.php\/2024\/10\/29\/mercado-piora-projecoes-e-agora-preve-estouro-da-meta-de-inflacao\/","title":{"rendered":"Mercado piora proje\u00e7\u00f5es e agora prev\u00ea estouro da meta de infla\u00e7\u00e3o"},"content":{"rendered":"\n<p><em><span class=\"has-inline-color has-black-color\">Mediana das expectativas do mercado para a infla\u00e7\u00e3o de 2024 superou o teto da meta, de 4,5%, segundo o boletim Focus<\/span><\/em><\/p>\n\n\n\n<p><span class=\"has-inline-color has-black-color\">Por <strong><a href=\"https:\/\/www.gazetadopovo.com.br\/autor\/fernando-jasper\/\">Fernando Jasper<\/a><\/strong><\/span><\/p>\n\n\n\n<div class=\"wp-block-image\"><figure class=\"aligncenter size-large\"><a href=\"https:\/\/mizu.com.br\/\"><img loading=\"lazy\" decoding=\"async\" width=\"729\" height=\"90\" src=\"https:\/\/jornalfatosenoticias.com.br\/wp-content\/uploads\/2020\/02\/Logo_Mizu.png\" alt=\"\" class=\"wp-image-1441\" srcset=\"https:\/\/jornalfatosenoticias.com.br\/wp-content\/uploads\/2020\/02\/Logo_Mizu.png 729w, https:\/\/jornalfatosenoticias.com.br\/wp-content\/uploads\/2020\/02\/Logo_Mizu-300x37.png 300w\" sizes=\"auto, (max-width: 729px) 100vw, 729px\" \/><\/a><\/figure><\/div>\n\n\n\n<p>Em nova rodada de piora das expectativas, o mercado financeiro passou a prever estouro da meta de infla\u00e7\u00e3o. Pela primeira vez, a mediana das proje\u00e7\u00f5es de bancos e consultorias para o IPCA de 2024 superou a marca de 4,5%.<br>Em alta h\u00e1 quatro semanas, o ponto m\u00e9dio chegou a 4,55% na edi\u00e7\u00e3o do boletim Focus divulgada nesta segunda-feira (28). A meta de infla\u00e7\u00e3o fixada pelo Conselho Monet\u00e1rio Nacional e perseguida pelo Banco Central \u00e9 de 3%, com toler\u00e2ncia de 1,5 ponto porcentual para mais ou para menos.<br>Com uma ou outra tr\u00e9gua, as proje\u00e7\u00f5es para a infla\u00e7\u00e3o coletadas pelo Focus t\u00eam piorado desde maio, quando oscilavam entre 3,7% e 3,8%.Os economistas consultados pelo BC tamb\u00e9m elevaram a aposta para o d\u00f3lar ao fim deste ano, pela segunda semana seguida, de R$ 5,42 para R$ 5,45. Em rela\u00e7\u00e3o ao desempenho da economia, o ponto m\u00e9dio das previs\u00f5es para o PIB de 2024 subiu pela terceira semana consecutiva, chegando a 3,08%.<\/p>\n\n\n\n<div class=\"wp-block-image\"><figure class=\"aligncenter size-large is-resized\"><a href=\"https:\/\/www.instagram.com\/vmais.midias\/\"><img loading=\"lazy\" decoding=\"async\" src=\"https:\/\/jornalfatosenoticias.com.br\/wp-content\/uploads\/2020\/02\/DE-MAIS-DESTAQUE-VMAIS-800X700.png\" alt=\"\" class=\"wp-image-53112\" width=\"279\" height=\"243\" srcset=\"https:\/\/jornalfatosenoticias.com.br\/wp-content\/uploads\/2020\/02\/DE-MAIS-DESTAQUE-VMAIS-800X700.png 800w, https:\/\/jornalfatosenoticias.com.br\/wp-content\/uploads\/2020\/02\/DE-MAIS-DESTAQUE-VMAIS-800X700-768x672.png 768w\" sizes=\"auto, (max-width: 279px) 100vw, 279px\" \/><\/a><\/figure><\/div>\n\n\n\n<p><strong><span class=\"has-inline-color has-black-color\">Contas p\u00fablicas e seca elevam proje\u00e7\u00f5es do mercado para a infla\u00e7\u00e3o<br><\/span><\/strong>Al\u00e9m da preocupa\u00e7\u00e3o com as contas p\u00fablicas, mais recentemente as expectativas de infla\u00e7\u00e3o passaram a ser influenciadas pela seca e seus efeitos sobre os pre\u00e7os de alimentos e da energia. O IPCA-15, pr\u00e9via da infla\u00e7\u00e3o, subiu acima do esperado neste m\u00eas e atingiu 4,47% no acumulado de 12 meses.<\/p>\n\n\n\n<div class=\"wp-block-image\"><figure class=\"aligncenter size-large is-resized\"><a href=\"https:\/\/www.legisjuris.com.br\/\"><img loading=\"lazy\" decoding=\"async\" src=\"https:\/\/jornalfatosenoticias.com.br\/wp-content\/uploads\/2024\/09\/Legis-Juris-Consultoria_logo.jpg\" alt=\"\" class=\"wp-image-53915\" width=\"384\" height=\"161\" srcset=\"https:\/\/jornalfatosenoticias.com.br\/wp-content\/uploads\/2024\/09\/Legis-Juris-Consultoria_logo.jpg 969w, https:\/\/jornalfatosenoticias.com.br\/wp-content\/uploads\/2024\/09\/Legis-Juris-Consultoria_logo-300x126.jpg 300w, https:\/\/jornalfatosenoticias.com.br\/wp-content\/uploads\/2024\/09\/Legis-Juris-Consultoria_logo-768x322.jpg 768w\" sizes=\"auto, (max-width: 384px) 100vw, 384px\" \/><\/a><\/figure><\/div>\n\n\n\n<p>Na tentativa de segurar a infla\u00e7\u00e3o, principalmente a de 2025 e 2026, o Banco Central deu in\u00edcio a um ciclo de alta de juros no m\u00eas passado, elevando a taxa b\u00e1sica (Selic) em 0,25 ponto porcentual, para 10,75% ao ano. A autoridade monet\u00e1ria deu a entender que novos aumentos s\u00e3o esperados para as pr\u00f3ximas reuni\u00f5es. O mercado acredita que a Selic vai terminar o ano em 11,75%, 1 ponto porcentual acima do n\u00edvel atual.<\/p>\n\n\n\n<div class=\"wp-block-image\"><figure class=\"aligncenter size-large is-resized\"><a href=\"https:\/\/www.facebook.com\/postobkr\/?locale=pt_BR\"><img loading=\"lazy\" decoding=\"async\" src=\"https:\/\/jornalfatosenoticias.com.br\/wp-content\/uploads\/2023\/08\/BKR-1024x1021.jpg\" alt=\"\" class=\"wp-image-44494\" width=\"273\" height=\"272\" srcset=\"https:\/\/jornalfatosenoticias.com.br\/wp-content\/uploads\/2023\/08\/BKR-1024x1021.jpg 1024w, https:\/\/jornalfatosenoticias.com.br\/wp-content\/uploads\/2023\/08\/BKR-300x300.jpg 300w, https:\/\/jornalfatosenoticias.com.br\/wp-content\/uploads\/2023\/08\/BKR-150x150.jpg 150w, https:\/\/jornalfatosenoticias.com.br\/wp-content\/uploads\/2023\/08\/BKR-768x766.jpg 768w, https:\/\/jornalfatosenoticias.com.br\/wp-content\/uploads\/2023\/08\/BKR.jpg 1080w\" sizes=\"auto, (max-width: 273px) 100vw, 273px\" \/><\/a><\/figure><\/div>\n\n\n\n<p>Na \u00faltima sexta-feira (25), foi anunciada uma novidade que pode retirar um pouco da press\u00e3o sobre a infla\u00e7\u00e3o: o adicional tarif\u00e1rio da conta de luz vai diminuir em novembro. Ap\u00f3s alguma melhora no volume de chuvas, a Ag\u00eancia Nacional de Energia El\u00e9trica (Aneel) determinou que a bandeira vermelha 2 deixa de vigorar no fim deste m\u00eas, e em seu lugar entra a bandeira amarela. Com isso, a cobran\u00e7a extra cair\u00e1 de R$ 7,88 para R$ 1,89 a cada 100 quilowatts-hora (kWh) consumidos.<\/p>\n\n\n\n<div class=\"wp-block-image\"><figure class=\"aligncenter size-large is-resized\"><a href=\"https:\/\/www.facebook.com\/vetor.vix\/\"><img loading=\"lazy\" decoding=\"async\" src=\"https:\/\/jornalfatosenoticias.com.br\/wp-content\/uploads\/2023\/09\/vetorvix1024_1.jpg\" alt=\"\" class=\"wp-image-44868\" width=\"498\" height=\"132\" srcset=\"https:\/\/jornalfatosenoticias.com.br\/wp-content\/uploads\/2023\/09\/vetorvix1024_1.jpg 1024w, https:\/\/jornalfatosenoticias.com.br\/wp-content\/uploads\/2023\/09\/vetorvix1024_1-300x80.jpg 300w, https:\/\/jornalfatosenoticias.com.br\/wp-content\/uploads\/2023\/09\/vetorvix1024_1-768x205.jpg 768w\" sizes=\"auto, (max-width: 498px) 100vw, 498px\" \/><\/a><\/figure><\/div>\n\n\n\n<p><strong><em>Fonte: <a href=\"https:\/\/www.gazetadopovo.com.br\/economia\/inflacao-focus-pela-primeira-vez-mercado-preve-estouro-meta\/\">Gazeta do Povo<\/a><\/em><\/strong><\/p>\n","protected":false},"excerpt":{"rendered":"<p>Mediana das expectativas do mercado para a infla\u00e7\u00e3o de 2024 superou o teto da meta, de 4,5%, segundo o boletim Focus Por Fernando Jasper Em nova rodada de piora das expectativas, o mercado financeiro passou a prever estouro da meta de infla\u00e7\u00e3o. Pela primeira vez, a mediana das proje\u00e7\u00f5es de bancos e consultorias para o [&hellip;]<\/p>\n","protected":false},"author":2,"featured_media":55261,"comment_status":"open","ping_status":"open","sticky":false,"template":"","format":"standard","meta":{"footnotes":""},"categories":[9],"tags":[489,1167,8163,4182,1169,1168],"class_list":["post-55260","post","type-post","status-publish","format-standard","has-post-thumbnail","hentry","category-economia","tag-banco-central","tag-boletim-focus","tag-contas-publicas","tag-inflacao","tag-ipca","tag-mercado-financeiro"],"yoast_head":"<!-- This site is optimized with the Yoast SEO plugin v26.5 - https:\/\/yoast.com\/wordpress\/plugins\/seo\/ -->\n<title>Mercado piora proje\u00e7\u00f5es e agora prev\u00ea estouro da meta de infla\u00e7\u00e3o - Jornal Fatos e Not\u00edcias<\/title>\n<meta name=\"robots\" content=\"index, follow, max-snippet:-1, max-image-preview:large, max-video-preview:-1\" \/>\n<link rel=\"canonical\" href=\"https:\/\/jornalfatosenoticias.com.br\/index.php\/2024\/10\/29\/mercado-piora-projecoes-e-agora-preve-estouro-da-meta-de-inflacao\/\" \/>\n<meta property=\"og:locale\" content=\"pt_BR\" \/>\n<meta property=\"og:type\" content=\"article\" \/>\n<meta property=\"og:title\" content=\"Mercado piora proje\u00e7\u00f5es e agora prev\u00ea estouro da meta de infla\u00e7\u00e3o - Jornal Fatos e Not\u00edcias\" \/>\n<meta property=\"og:description\" content=\"Mediana das expectativas do mercado para a infla\u00e7\u00e3o de 2024 superou o teto da meta, de 4,5%, segundo o boletim Focus Por Fernando Jasper Em nova rodada de piora das expectativas, o mercado financeiro passou a prever estouro da meta de infla\u00e7\u00e3o. Pela primeira vez, a mediana das proje\u00e7\u00f5es de bancos e consultorias para o [&hellip;]\" \/>\n<meta property=\"og:url\" content=\"https:\/\/jornalfatosenoticias.com.br\/index.php\/2024\/10\/29\/mercado-piora-projecoes-e-agora-preve-estouro-da-meta-de-inflacao\/\" \/>\n<meta property=\"og:site_name\" content=\"Jornal Fatos e Not\u00edcias\" \/>\n<meta property=\"article:published_time\" content=\"2024-10-29T17:38:32+00:00\" \/>\n<meta property=\"article:modified_time\" content=\"2024-10-29T17:38:33+00:00\" \/>\n<meta property=\"og:image\" content=\"https:\/\/jornalfatosenoticias.com.br\/wp-content\/uploads\/2024\/10\/inflacao-mercado-ipca-focus.jpg\" \/>\n\t<meta property=\"og:image:width\" content=\"1000\" \/>\n\t<meta property=\"og:image:height\" content=\"571\" \/>\n\t<meta property=\"og:image:type\" content=\"image\/jpeg\" \/>\n<meta name=\"author\" content=\"Luzimara Fernandes\" \/>\n<meta name=\"twitter:card\" content=\"summary_large_image\" \/>\n<meta name=\"twitter:label1\" content=\"Escrito por\" \/>\n\t<meta name=\"twitter:data1\" content=\"Luzimara Fernandes\" \/>\n\t<meta name=\"twitter:label2\" content=\"Est. tempo de leitura\" \/>\n\t<meta name=\"twitter:data2\" content=\"2 minutos\" \/>\n<script type=\"application\/ld+json\" class=\"yoast-schema-graph\">{\"@context\":\"https:\/\/schema.org\",\"@graph\":[{\"@type\":\"Article\",\"@id\":\"https:\/\/jornalfatosenoticias.com.br\/index.php\/2024\/10\/29\/mercado-piora-projecoes-e-agora-preve-estouro-da-meta-de-inflacao\/#article\",\"isPartOf\":{\"@id\":\"https:\/\/jornalfatosenoticias.com.br\/index.php\/2024\/10\/29\/mercado-piora-projecoes-e-agora-preve-estouro-da-meta-de-inflacao\/\"},\"author\":{\"name\":\"Luzimara Fernandes\",\"@id\":\"https:\/\/jornalfatosenoticias.com.br\/#\/schema\/person\/d63837fa13ac8666eb9e74e0985d6f81\"},\"headline\":\"Mercado piora proje\u00e7\u00f5es e agora prev\u00ea estouro da meta de infla\u00e7\u00e3o\",\"datePublished\":\"2024-10-29T17:38:32+00:00\",\"dateModified\":\"2024-10-29T17:38:33+00:00\",\"mainEntityOfPage\":{\"@id\":\"https:\/\/jornalfatosenoticias.com.br\/index.php\/2024\/10\/29\/mercado-piora-projecoes-e-agora-preve-estouro-da-meta-de-inflacao\/\"},\"wordCount\":434,\"commentCount\":0,\"publisher\":{\"@id\":\"https:\/\/jornalfatosenoticias.com.br\/#organization\"},\"image\":{\"@id\":\"https:\/\/jornalfatosenoticias.com.br\/index.php\/2024\/10\/29\/mercado-piora-projecoes-e-agora-preve-estouro-da-meta-de-inflacao\/#primaryimage\"},\"thumbnailUrl\":\"https:\/\/jornalfatosenoticias.com.br\/wp-content\/uploads\/2024\/10\/inflacao-mercado-ipca-focus.jpg\",\"keywords\":[\"Banco Central\",\"boletim Focus\",\"contas p\u00fablicas\",\"infla\u00e7\u00e3o\",\"IPCA\",\"mercado financeiro\"],\"articleSection\":[\"Economia\"],\"inLanguage\":\"pt-BR\",\"potentialAction\":[{\"@type\":\"CommentAction\",\"name\":\"Comment\",\"target\":[\"https:\/\/jornalfatosenoticias.com.br\/index.php\/2024\/10\/29\/mercado-piora-projecoes-e-agora-preve-estouro-da-meta-de-inflacao\/#respond\"]}]},{\"@type\":\"WebPage\",\"@id\":\"https:\/\/jornalfatosenoticias.com.br\/index.php\/2024\/10\/29\/mercado-piora-projecoes-e-agora-preve-estouro-da-meta-de-inflacao\/\",\"url\":\"https:\/\/jornalfatosenoticias.com.br\/index.php\/2024\/10\/29\/mercado-piora-projecoes-e-agora-preve-estouro-da-meta-de-inflacao\/\",\"name\":\"Mercado piora proje\u00e7\u00f5es e agora prev\u00ea estouro da meta de infla\u00e7\u00e3o - Jornal Fatos e Not\u00edcias\",\"isPartOf\":{\"@id\":\"https:\/\/jornalfatosenoticias.com.br\/#website\"},\"primaryImageOfPage\":{\"@id\":\"https:\/\/jornalfatosenoticias.com.br\/index.php\/2024\/10\/29\/mercado-piora-projecoes-e-agora-preve-estouro-da-meta-de-inflacao\/#primaryimage\"},\"image\":{\"@id\":\"https:\/\/jornalfatosenoticias.com.br\/index.php\/2024\/10\/29\/mercado-piora-projecoes-e-agora-preve-estouro-da-meta-de-inflacao\/#primaryimage\"},\"thumbnailUrl\":\"https:\/\/jornalfatosenoticias.com.br\/wp-content\/uploads\/2024\/10\/inflacao-mercado-ipca-focus.jpg\",\"datePublished\":\"2024-10-29T17:38:32+00:00\",\"dateModified\":\"2024-10-29T17:38:33+00:00\",\"breadcrumb\":{\"@id\":\"https:\/\/jornalfatosenoticias.com.br\/index.php\/2024\/10\/29\/mercado-piora-projecoes-e-agora-preve-estouro-da-meta-de-inflacao\/#breadcrumb\"},\"inLanguage\":\"pt-BR\",\"potentialAction\":[{\"@type\":\"ReadAction\",\"target\":[\"https:\/\/jornalfatosenoticias.com.br\/index.php\/2024\/10\/29\/mercado-piora-projecoes-e-agora-preve-estouro-da-meta-de-inflacao\/\"]}]},{\"@type\":\"ImageObject\",\"inLanguage\":\"pt-BR\",\"@id\":\"https:\/\/jornalfatosenoticias.com.br\/index.php\/2024\/10\/29\/mercado-piora-projecoes-e-agora-preve-estouro-da-meta-de-inflacao\/#primaryimage\",\"url\":\"https:\/\/jornalfatosenoticias.com.br\/wp-content\/uploads\/2024\/10\/inflacao-mercado-ipca-focus.jpg\",\"contentUrl\":\"https:\/\/jornalfatosenoticias.com.br\/wp-content\/uploads\/2024\/10\/inflacao-mercado-ipca-focus.jpg\",\"width\":1000,\"height\":571},{\"@type\":\"BreadcrumbList\",\"@id\":\"https:\/\/jornalfatosenoticias.com.br\/index.php\/2024\/10\/29\/mercado-piora-projecoes-e-agora-preve-estouro-da-meta-de-inflacao\/#breadcrumb\",\"itemListElement\":[{\"@type\":\"ListItem\",\"position\":1,\"name\":\"In\u00edcio\",\"item\":\"https:\/\/jornalfatosenoticias.com.br\/\"},{\"@type\":\"ListItem\",\"position\":2,\"name\":\"Mercado piora proje\u00e7\u00f5es e agora prev\u00ea estouro da meta de infla\u00e7\u00e3o\"}]},{\"@type\":\"WebSite\",\"@id\":\"https:\/\/jornalfatosenoticias.com.br\/#website\",\"url\":\"https:\/\/jornalfatosenoticias.com.br\/\",\"name\":\"Jornal Fatos e Not\u00edcias\",\"description\":\"Not\u00edcias em geral\",\"publisher\":{\"@id\":\"https:\/\/jornalfatosenoticias.com.br\/#organization\"},\"potentialAction\":[{\"@type\":\"SearchAction\",\"target\":{\"@type\":\"EntryPoint\",\"urlTemplate\":\"https:\/\/jornalfatosenoticias.com.br\/?s={search_term_string}\"},\"query-input\":{\"@type\":\"PropertyValueSpecification\",\"valueRequired\":true,\"valueName\":\"search_term_string\"}}],\"inLanguage\":\"pt-BR\"},{\"@type\":\"Organization\",\"@id\":\"https:\/\/jornalfatosenoticias.com.br\/#organization\",\"name\":\"Jornal Fatos e Not\u00edcias\",\"url\":\"https:\/\/jornalfatosenoticias.com.br\/\",\"logo\":{\"@type\":\"ImageObject\",\"inLanguage\":\"pt-BR\",\"@id\":\"https:\/\/jornalfatosenoticias.com.br\/#\/schema\/logo\/image\/\",\"url\":\"https:\/\/jornalfatosenoticias.com.br\/wp-content\/uploads\/2020\/02\/logo120.png\",\"contentUrl\":\"https:\/\/jornalfatosenoticias.com.br\/wp-content\/uploads\/2020\/02\/logo120.png\",\"width\":1227,\"height\":120,\"caption\":\"Jornal Fatos e Not\u00edcias\"},\"image\":{\"@id\":\"https:\/\/jornalfatosenoticias.com.br\/#\/schema\/logo\/image\/\"}},{\"@type\":\"Person\",\"@id\":\"https:\/\/jornalfatosenoticias.com.br\/#\/schema\/person\/d63837fa13ac8666eb9e74e0985d6f81\",\"name\":\"Luzimara Fernandes\",\"image\":{\"@type\":\"ImageObject\",\"inLanguage\":\"pt-BR\",\"@id\":\"https:\/\/jornalfatosenoticias.com.br\/#\/schema\/person\/image\/\",\"url\":\"https:\/\/jornalfatosenoticias.com.br\/wp-content\/uploads\/2025\/05\/EU_portal.jpg\",\"contentUrl\":\"https:\/\/jornalfatosenoticias.com.br\/wp-content\/uploads\/2025\/05\/EU_portal.jpg\",\"caption\":\"Luzimara Fernandes\"},\"description\":\"Jornalista MTB 2358-ES\",\"sameAs\":[\"https:\/\/jornalfatosenoticias.com.br\"],\"url\":\"https:\/\/jornalfatosenoticias.com.br\/index.php\/author\/luzimara\/\"}]}<\/script>\n<!-- \/ Yoast SEO plugin. -->","yoast_head_json":{"title":"Mercado piora proje\u00e7\u00f5es e agora prev\u00ea estouro da meta de infla\u00e7\u00e3o - Jornal Fatos e Not\u00edcias","robots":{"index":"index","follow":"follow","max-snippet":"max-snippet:-1","max-image-preview":"max-image-preview:large","max-video-preview":"max-video-preview:-1"},"canonical":"https:\/\/jornalfatosenoticias.com.br\/index.php\/2024\/10\/29\/mercado-piora-projecoes-e-agora-preve-estouro-da-meta-de-inflacao\/","og_locale":"pt_BR","og_type":"article","og_title":"Mercado piora proje\u00e7\u00f5es e agora prev\u00ea estouro da meta de infla\u00e7\u00e3o - Jornal Fatos e Not\u00edcias","og_description":"Mediana das expectativas do mercado para a infla\u00e7\u00e3o de 2024 superou o teto da meta, de 4,5%, segundo o boletim Focus Por Fernando Jasper Em nova rodada de piora das expectativas, o mercado financeiro passou a prever estouro da meta de infla\u00e7\u00e3o. Pela primeira vez, a mediana das proje\u00e7\u00f5es de bancos e consultorias para o [&hellip;]","og_url":"https:\/\/jornalfatosenoticias.com.br\/index.php\/2024\/10\/29\/mercado-piora-projecoes-e-agora-preve-estouro-da-meta-de-inflacao\/","og_site_name":"Jornal Fatos e Not\u00edcias","article_published_time":"2024-10-29T17:38:32+00:00","article_modified_time":"2024-10-29T17:38:33+00:00","og_image":[{"width":1000,"height":571,"url":"https:\/\/jornalfatosenoticias.com.br\/wp-content\/uploads\/2024\/10\/inflacao-mercado-ipca-focus.jpg","type":"image\/jpeg"}],"author":"Luzimara Fernandes","twitter_card":"summary_large_image","twitter_misc":{"Escrito por":"Luzimara Fernandes","Est. tempo de leitura":"2 minutos"},"schema":{"@context":"https:\/\/schema.org","@graph":[{"@type":"Article","@id":"https:\/\/jornalfatosenoticias.com.br\/index.php\/2024\/10\/29\/mercado-piora-projecoes-e-agora-preve-estouro-da-meta-de-inflacao\/#article","isPartOf":{"@id":"https:\/\/jornalfatosenoticias.com.br\/index.php\/2024\/10\/29\/mercado-piora-projecoes-e-agora-preve-estouro-da-meta-de-inflacao\/"},"author":{"name":"Luzimara Fernandes","@id":"https:\/\/jornalfatosenoticias.com.br\/#\/schema\/person\/d63837fa13ac8666eb9e74e0985d6f81"},"headline":"Mercado piora proje\u00e7\u00f5es e agora prev\u00ea estouro da meta de infla\u00e7\u00e3o","datePublished":"2024-10-29T17:38:32+00:00","dateModified":"2024-10-29T17:38:33+00:00","mainEntityOfPage":{"@id":"https:\/\/jornalfatosenoticias.com.br\/index.php\/2024\/10\/29\/mercado-piora-projecoes-e-agora-preve-estouro-da-meta-de-inflacao\/"},"wordCount":434,"commentCount":0,"publisher":{"@id":"https:\/\/jornalfatosenoticias.com.br\/#organization"},"image":{"@id":"https:\/\/jornalfatosenoticias.com.br\/index.php\/2024\/10\/29\/mercado-piora-projecoes-e-agora-preve-estouro-da-meta-de-inflacao\/#primaryimage"},"thumbnailUrl":"https:\/\/jornalfatosenoticias.com.br\/wp-content\/uploads\/2024\/10\/inflacao-mercado-ipca-focus.jpg","keywords":["Banco Central","boletim Focus","contas p\u00fablicas","infla\u00e7\u00e3o","IPCA","mercado financeiro"],"articleSection":["Economia"],"inLanguage":"pt-BR","potentialAction":[{"@type":"CommentAction","name":"Comment","target":["https:\/\/jornalfatosenoticias.com.br\/index.php\/2024\/10\/29\/mercado-piora-projecoes-e-agora-preve-estouro-da-meta-de-inflacao\/#respond"]}]},{"@type":"WebPage","@id":"https:\/\/jornalfatosenoticias.com.br\/index.php\/2024\/10\/29\/mercado-piora-projecoes-e-agora-preve-estouro-da-meta-de-inflacao\/","url":"https:\/\/jornalfatosenoticias.com.br\/index.php\/2024\/10\/29\/mercado-piora-projecoes-e-agora-preve-estouro-da-meta-de-inflacao\/","name":"Mercado piora proje\u00e7\u00f5es e agora prev\u00ea estouro da meta de infla\u00e7\u00e3o - Jornal Fatos e Not\u00edcias","isPartOf":{"@id":"https:\/\/jornalfatosenoticias.com.br\/#website"},"primaryImageOfPage":{"@id":"https:\/\/jornalfatosenoticias.com.br\/index.php\/2024\/10\/29\/mercado-piora-projecoes-e-agora-preve-estouro-da-meta-de-inflacao\/#primaryimage"},"image":{"@id":"https:\/\/jornalfatosenoticias.com.br\/index.php\/2024\/10\/29\/mercado-piora-projecoes-e-agora-preve-estouro-da-meta-de-inflacao\/#primaryimage"},"thumbnailUrl":"https:\/\/jornalfatosenoticias.com.br\/wp-content\/uploads\/2024\/10\/inflacao-mercado-ipca-focus.jpg","datePublished":"2024-10-29T17:38:32+00:00","dateModified":"2024-10-29T17:38:33+00:00","breadcrumb":{"@id":"https:\/\/jornalfatosenoticias.com.br\/index.php\/2024\/10\/29\/mercado-piora-projecoes-e-agora-preve-estouro-da-meta-de-inflacao\/#breadcrumb"},"inLanguage":"pt-BR","potentialAction":[{"@type":"ReadAction","target":["https:\/\/jornalfatosenoticias.com.br\/index.php\/2024\/10\/29\/mercado-piora-projecoes-e-agora-preve-estouro-da-meta-de-inflacao\/"]}]},{"@type":"ImageObject","inLanguage":"pt-BR","@id":"https:\/\/jornalfatosenoticias.com.br\/index.php\/2024\/10\/29\/mercado-piora-projecoes-e-agora-preve-estouro-da-meta-de-inflacao\/#primaryimage","url":"https:\/\/jornalfatosenoticias.com.br\/wp-content\/uploads\/2024\/10\/inflacao-mercado-ipca-focus.jpg","contentUrl":"https:\/\/jornalfatosenoticias.com.br\/wp-content\/uploads\/2024\/10\/inflacao-mercado-ipca-focus.jpg","width":1000,"height":571},{"@type":"BreadcrumbList","@id":"https:\/\/jornalfatosenoticias.com.br\/index.php\/2024\/10\/29\/mercado-piora-projecoes-e-agora-preve-estouro-da-meta-de-inflacao\/#breadcrumb","itemListElement":[{"@type":"ListItem","position":1,"name":"In\u00edcio","item":"https:\/\/jornalfatosenoticias.com.br\/"},{"@type":"ListItem","position":2,"name":"Mercado piora proje\u00e7\u00f5es e agora prev\u00ea estouro da meta de infla\u00e7\u00e3o"}]},{"@type":"WebSite","@id":"https:\/\/jornalfatosenoticias.com.br\/#website","url":"https:\/\/jornalfatosenoticias.com.br\/","name":"Jornal Fatos e Not\u00edcias","description":"Not\u00edcias em geral","publisher":{"@id":"https:\/\/jornalfatosenoticias.com.br\/#organization"},"potentialAction":[{"@type":"SearchAction","target":{"@type":"EntryPoint","urlTemplate":"https:\/\/jornalfatosenoticias.com.br\/?s={search_term_string}"},"query-input":{"@type":"PropertyValueSpecification","valueRequired":true,"valueName":"search_term_string"}}],"inLanguage":"pt-BR"},{"@type":"Organization","@id":"https:\/\/jornalfatosenoticias.com.br\/#organization","name":"Jornal Fatos e Not\u00edcias","url":"https:\/\/jornalfatosenoticias.com.br\/","logo":{"@type":"ImageObject","inLanguage":"pt-BR","@id":"https:\/\/jornalfatosenoticias.com.br\/#\/schema\/logo\/image\/","url":"https:\/\/jornalfatosenoticias.com.br\/wp-content\/uploads\/2020\/02\/logo120.png","contentUrl":"https:\/\/jornalfatosenoticias.com.br\/wp-content\/uploads\/2020\/02\/logo120.png","width":1227,"height":120,"caption":"Jornal Fatos e Not\u00edcias"},"image":{"@id":"https:\/\/jornalfatosenoticias.com.br\/#\/schema\/logo\/image\/"}},{"@type":"Person","@id":"https:\/\/jornalfatosenoticias.com.br\/#\/schema\/person\/d63837fa13ac8666eb9e74e0985d6f81","name":"Luzimara Fernandes","image":{"@type":"ImageObject","inLanguage":"pt-BR","@id":"https:\/\/jornalfatosenoticias.com.br\/#\/schema\/person\/image\/","url":"https:\/\/jornalfatosenoticias.com.br\/wp-content\/uploads\/2025\/05\/EU_portal.jpg","contentUrl":"https:\/\/jornalfatosenoticias.com.br\/wp-content\/uploads\/2025\/05\/EU_portal.jpg","caption":"Luzimara Fernandes"},"description":"Jornalista MTB 2358-ES","sameAs":["https:\/\/jornalfatosenoticias.com.br"],"url":"https:\/\/jornalfatosenoticias.com.br\/index.php\/author\/luzimara\/"}]}},"cc_featured_image_caption":{"caption_text":"(Foto: Ilustra\u00e7\u00e3o\/Gazeta do Povo com Dall-E) ","source_text":"","source_url":""},"jetpack_featured_media_url":"https:\/\/jornalfatosenoticias.com.br\/wp-content\/uploads\/2024\/10\/inflacao-mercado-ipca-focus.jpg","_links":{"self":[{"href":"https:\/\/jornalfatosenoticias.com.br\/index.php\/wp-json\/wp\/v2\/posts\/55260","targetHints":{"allow":["GET"]}}],"collection":[{"href":"https:\/\/jornalfatosenoticias.com.br\/index.php\/wp-json\/wp\/v2\/posts"}],"about":[{"href":"https:\/\/jornalfatosenoticias.com.br\/index.php\/wp-json\/wp\/v2\/types\/post"}],"author":[{"embeddable":true,"href":"https:\/\/jornalfatosenoticias.com.br\/index.php\/wp-json\/wp\/v2\/users\/2"}],"replies":[{"embeddable":true,"href":"https:\/\/jornalfatosenoticias.com.br\/index.php\/wp-json\/wp\/v2\/comments?post=55260"}],"version-history":[{"count":0,"href":"https:\/\/jornalfatosenoticias.com.br\/index.php\/wp-json\/wp\/v2\/posts\/55260\/revisions"}],"wp:featuredmedia":[{"embeddable":true,"href":"https:\/\/jornalfatosenoticias.com.br\/index.php\/wp-json\/wp\/v2\/media\/55261"}],"wp:attachment":[{"href":"https:\/\/jornalfatosenoticias.com.br\/index.php\/wp-json\/wp\/v2\/media?parent=55260"}],"wp:term":[{"taxonomy":"category","embeddable":true,"href":"https:\/\/jornalfatosenoticias.com.br\/index.php\/wp-json\/wp\/v2\/categories?post=55260"},{"taxonomy":"post_tag","embeddable":true,"href":"https:\/\/jornalfatosenoticias.com.br\/index.php\/wp-json\/wp\/v2\/tags?post=55260"}],"curies":[{"name":"wp","href":"https:\/\/api.w.org\/{rel}","templated":true}]}}