{"id":55263,"date":"2024-10-29T14:57:44","date_gmt":"2024-10-29T17:57:44","guid":{"rendered":"https:\/\/jornalfatosenoticias.com.br\/?p=55263"},"modified":"2024-10-29T14:57:46","modified_gmt":"2024-10-29T17:57:46","slug":"parlamento-de-israel-aprova-lei-que-proibe-atuacao-de-agencia-da-onu-no-pais","status":"publish","type":"post","link":"https:\/\/jornalfatosenoticias.com.br\/index.php\/2024\/10\/29\/parlamento-de-israel-aprova-lei-que-proibe-atuacao-de-agencia-da-onu-no-pais\/","title":{"rendered":"Parlamento de Israel aprova lei que pro\u00edbe atua\u00e7\u00e3o de ag\u00eancia da ONU no pa\u00eds"},"content":{"rendered":"\n<p><em><span class=\"has-inline-color has-black-color\">Sess\u00e3o do parlamento nesta segunda (28) contou com a presen\u00e7a do premi\u00ea Benjamin Netanyahu<\/span><\/em><\/p>\n\n\n\n<p><span class=\"has-inline-color has-black-color\">Por <strong><a href=\"https:\/\/www.gazetadopovo.com.br\/autor\/john-lucas\/\" rel=\"sponsored nofollow\">John Lucas<\/a><\/strong><\/span><\/p>\n\n\n\n<div class=\"wp-block-image\"><figure class=\"aligncenter size-large\"><a href=\"https:\/\/panper.com.br\/\"><img loading=\"lazy\" decoding=\"async\" width=\"1024\" height=\"111\" src=\"https:\/\/jornalfatosenoticias.com.br\/wp-content\/uploads\/2020\/02\/WhatsApp-Image-2022-09-23-at-12.09.18-1024x111.jpeg\" alt=\"\" class=\"wp-image-34527\" srcset=\"https:\/\/jornalfatosenoticias.com.br\/wp-content\/uploads\/2020\/02\/WhatsApp-Image-2022-09-23-at-12.09.18-1024x111.jpeg 1024w, https:\/\/jornalfatosenoticias.com.br\/wp-content\/uploads\/2020\/02\/WhatsApp-Image-2022-09-23-at-12.09.18-300x32.jpeg 300w, https:\/\/jornalfatosenoticias.com.br\/wp-content\/uploads\/2020\/02\/WhatsApp-Image-2022-09-23-at-12.09.18-768x83.jpeg 768w, https:\/\/jornalfatosenoticias.com.br\/wp-content\/uploads\/2020\/02\/WhatsApp-Image-2022-09-23-at-12.09.18.jpeg 1121w\" sizes=\"auto, (max-width: 1024px) 100vw, 1024px\" \/><\/a><\/figure><\/div>\n\n\n\n<p>O Knesset (parlamento israelense) aprovou, nesta segunda-feira (28), uma lei que pro\u00edbe a Ag\u00eancia das Na\u00e7\u00f5es Unidas de Assist\u00eancia aos Refugiados da Palestina no Pr\u00f3ximo Oriente (UNRWA), que presta servi\u00e7os sociais a refugiados palestinos e seus descendentes, de operar em territ\u00f3rio israelense, inclusive na Jerusal\u00e9m Oriental anexada unilateralmente.<br>O projeto de lei, que havia sido aprovado em primeira leitura antes do recesso parlamentar de tr\u00eas meses, foi aprovado em segunda e terceira leituras nesta segunda-feira, com 92 votos a favor e dez contra. O texto estipula que a UNRWA n\u00e3o realizar\u00e1 nenhuma representa\u00e7\u00e3o, n\u00e3o prestar\u00e1 nenhum servi\u00e7o e nem realizar\u00e1 nenhuma atividade \u201cdireta ou indiretamente\u201d dentro do territ\u00f3rio soberano de Israel.<\/p>\n\n\n\n<div class=\"wp-block-image\"><figure class=\"aligncenter size-large is-resized\"><a href=\"https:\/\/www.ithbrasil.com.br\/\"><img loading=\"lazy\" decoding=\"async\" src=\"https:\/\/jornalfatosenoticias.com.br\/wp-content\/uploads\/2023\/08\/ITH.jpeg\" alt=\"\" class=\"wp-image-44638\" width=\"305\" height=\"248\" srcset=\"https:\/\/jornalfatosenoticias.com.br\/wp-content\/uploads\/2023\/08\/ITH.jpeg 800w, https:\/\/jornalfatosenoticias.com.br\/wp-content\/uploads\/2023\/08\/ITH-300x244.jpeg 300w, https:\/\/jornalfatosenoticias.com.br\/wp-content\/uploads\/2023\/08\/ITH-768x624.jpeg 768w\" sizes=\"auto, (max-width: 305px) 100vw, 305px\" \/><\/a><\/figure><\/div>\n\n\n\n<p>At\u00e9 mesmo parlamentares de v\u00e1rios partidos de oposi\u00e7\u00e3o, incluindo o Yesh Atid (H\u00e1 um Futuro), do centrista Yair Lapid, e o Unidade Nacional, de Benny Gantz, votaram a favor da proibi\u00e7\u00e3o, que, por sua vez, restringir\u00e1 tamb\u00e9m as atividades da UNRWA na Faixa de Gaza e na Cisjord\u00e2nia, dada sua depend\u00eancia de coordena\u00e7\u00e3o com as autoridades israelenses.<\/p>\n\n\n\n<div class=\"wp-block-image\"><figure class=\"aligncenter size-large is-resized\"><a href=\"https:\/\/www.instagram.com\/esteiochurrascaria\/\"><img loading=\"lazy\" decoding=\"async\" src=\"https:\/\/jornalfatosenoticias.com.br\/wp-content\/uploads\/2022\/02\/LOGO-ESTEIO-1024x730.png\" alt=\"\" class=\"wp-image-27942\" width=\"315\" height=\"224\" srcset=\"https:\/\/jornalfatosenoticias.com.br\/wp-content\/uploads\/2022\/02\/LOGO-ESTEIO-1024x730.png 1024w, https:\/\/jornalfatosenoticias.com.br\/wp-content\/uploads\/2022\/02\/LOGO-ESTEIO-300x214.png 300w, https:\/\/jornalfatosenoticias.com.br\/wp-content\/uploads\/2022\/02\/LOGO-ESTEIO-768x548.png 768w, https:\/\/jornalfatosenoticias.com.br\/wp-content\/uploads\/2022\/02\/LOGO-ESTEIO.png 1123w\" sizes=\"auto, (max-width: 315px) 100vw, 315px\" \/><\/a><\/figure><\/div>\n\n\n\n<p>Momentos antes da vota\u00e7\u00e3o, o deputado \u00e1rabe do Hadash-Taal, Ahmad Tibi, considerou a legisla\u00e7\u00e3o \u201cfascista\u201d durante um debate no plen\u00e1rio do Knesset, provocando gritos e raiva da deputada do Likud, Tally Gotliv, que teve de ser puxada de volta para seu assento.<\/p>\n\n\n\n<div class=\"wp-block-image\"><figure class=\"aligncenter size-large is-resized\"><a href=\"https:\/\/www.instagram.com\/serra4x4cambioautomatico\/\"><img loading=\"lazy\" decoding=\"async\" src=\"https:\/\/jornalfatosenoticias.com.br\/wp-content\/uploads\/2024\/08\/Serra-4x4-1-886x1024.jpg\" alt=\"\" class=\"wp-image-53632\" width=\"277\" height=\"320\" srcset=\"https:\/\/jornalfatosenoticias.com.br\/wp-content\/uploads\/2024\/08\/Serra-4x4-1-886x1024.jpg 886w, https:\/\/jornalfatosenoticias.com.br\/wp-content\/uploads\/2024\/08\/Serra-4x4-1-260x300.jpg 260w, https:\/\/jornalfatosenoticias.com.br\/wp-content\/uploads\/2024\/08\/Serra-4x4-1-768x888.jpg 768w, https:\/\/jornalfatosenoticias.com.br\/wp-content\/uploads\/2024\/08\/Serra-4x4-1.jpg 1181w\" sizes=\"auto, (max-width: 277px) 100vw, 277px\" \/><\/a><\/figure><\/div>\n\n\n\n<p>Um segundo projeto de lei, que dever\u00e1 ser votado em breve, busca revogar a isen\u00e7\u00e3o de impostos e o status de imunidade da ag\u00eancia, al\u00e9m de design\u00e1-la como uma organiza\u00e7\u00e3o terrorista por liga\u00e7\u00f5es com o Hamas, que j\u00e1 foram apontadas pelo governo israelense.<\/p>\n\n\n\n<div class=\"wp-block-image\"><figure class=\"aligncenter size-large is-resized\"><a href=\"https:\/\/www.instagram.com\/restaurantepegoretti\/\"><img loading=\"lazy\" decoding=\"async\" src=\"https:\/\/jornalfatosenoticias.com.br\/wp-content\/uploads\/2023\/12\/pegoretti-logo-pdf-1024x389.jpg\" alt=\"\" class=\"wp-image-47536\" width=\"406\" height=\"154\" srcset=\"https:\/\/jornalfatosenoticias.com.br\/wp-content\/uploads\/2023\/12\/pegoretti-logo-pdf-1024x389.jpg 1024w, https:\/\/jornalfatosenoticias.com.br\/wp-content\/uploads\/2023\/12\/pegoretti-logo-pdf-300x114.jpg 300w, https:\/\/jornalfatosenoticias.com.br\/wp-content\/uploads\/2023\/12\/pegoretti-logo-pdf-768x291.jpg 768w, https:\/\/jornalfatosenoticias.com.br\/wp-content\/uploads\/2023\/12\/pegoretti-logo-pdf.jpg 1120w\" sizes=\"auto, (max-width: 406px) 100vw, 406px\" \/><\/a><\/figure><\/div>\n\n\n\n<p><strong><span class=\"has-inline-color has-black-color\">Esconderijo de terroristas?<br><\/span><\/strong>Israel acusou a UNRWA de empregar 2.100 membros do Hamas e, em janeiro deste ano, afirmou que 12 deles haviam participado ativamente dos ataques terroristas mortais de 7 de outubro, aos quais a ag\u00eancia respondeu imediatamente abrindo uma investiga\u00e7\u00e3o interna e demitindo esses trabalhadores.<\/p>\n\n\n\n<div class=\"wp-block-image\"><figure class=\"aligncenter size-large is-resized\"><a href=\"https:\/\/www.instagram.com\/ligadossaborespizzaria\/\"><img loading=\"lazy\" decoding=\"async\" src=\"https:\/\/jornalfatosenoticias.com.br\/wp-content\/uploads\/2024\/09\/WhatsApp-Image-2024-09-14-at-22.46.10-819x1024.jpeg\" alt=\"\" class=\"wp-image-54180\" width=\"273\" height=\"341\" srcset=\"https:\/\/jornalfatosenoticias.com.br\/wp-content\/uploads\/2024\/09\/WhatsApp-Image-2024-09-14-at-22.46.10-819x1024.jpeg 819w, https:\/\/jornalfatosenoticias.com.br\/wp-content\/uploads\/2024\/09\/WhatsApp-Image-2024-09-14-at-22.46.10-240x300.jpeg 240w, https:\/\/jornalfatosenoticias.com.br\/wp-content\/uploads\/2024\/09\/WhatsApp-Image-2024-09-14-at-22.46.10-768x960.jpeg 768w, https:\/\/jornalfatosenoticias.com.br\/wp-content\/uploads\/2024\/09\/WhatsApp-Image-2024-09-14-at-22.46.10.jpeg 1024w\" sizes=\"auto, (max-width: 273px) 100vw, 273px\" \/><\/a><\/figure><\/div>\n\n\n\n<p>Assim que Israel fez essas acusa\u00e7\u00f5es em janeiro, 18 pa\u00edses anunciaram a retirada de financiamentos \u00e0 UNRWA, incluindo os principais doadores, como EUA, Alemanha, Jap\u00e3o e Fran\u00e7a, resultando em um corte or\u00e7ament\u00e1rio de US$ 450 milh\u00f5es para a ag\u00eancia.<\/p>\n\n\n\n<div class=\"wp-block-image\"><figure class=\"aligncenter size-large is-resized\"><a href=\"https:\/\/hotelmarquetti.com.br\/\"><img loading=\"lazy\" decoding=\"async\" src=\"https:\/\/jornalfatosenoticias.com.br\/wp-content\/uploads\/2023\/03\/nova-logo-Marquetti.jpg\" alt=\"\" class=\"wp-image-40207\" width=\"321\" height=\"215\" srcset=\"https:\/\/jornalfatosenoticias.com.br\/wp-content\/uploads\/2023\/03\/nova-logo-Marquetti.jpg 643w, https:\/\/jornalfatosenoticias.com.br\/wp-content\/uploads\/2023\/03\/nova-logo-Marquetti-300x202.jpg 300w\" sizes=\"auto, (max-width: 321px) 100vw, 321px\" \/><\/a><\/figure><\/div>\n\n\n\n<p>A ag\u00eancia, que tem mais de 30 mil funcion\u00e1rios, alegou meses depois que Israel n\u00e3o forneceu \u201cprovas conclusivas\u201d de seu envolvimento nos ataques. A maioria dos pa\u00edses, incluindo Canad\u00e1, Su\u00e9cia, Austr\u00e1lia e a pr\u00f3pria Uni\u00e3o Europeia, retomou o financiamento \u00e0 UNRWA meses depois.<\/p>\n\n\n\n<p><strong><em>Fonte: <a href=\"https:\/\/www.gazetadopovo.com.br\/mundo\/parlamento-de-israel-aprova-lei-que-proibe-atuacao-de-agencia-da-onu-no-pais\/\">Gazeta do Povo<\/a><\/em><\/strong><\/p>\n","protected":false},"excerpt":{"rendered":"<p>Sess\u00e3o do parlamento nesta segunda (28) contou com a presen\u00e7a do premi\u00ea Benjamin Netanyahu Por John Lucas O Knesset (parlamento israelense) aprovou, nesta segunda-feira (28), uma lei que pro\u00edbe a Ag\u00eancia das Na\u00e7\u00f5es Unidas de Assist\u00eancia aos Refugiados da Palestina no Pr\u00f3ximo Oriente (UNRWA), que presta servi\u00e7os sociais a refugiados palestinos e seus descendentes, de [&hellip;]<\/p>\n","protected":false},"author":2,"featured_media":55264,"comment_status":"open","ping_status":"open","sticky":false,"template":"","format":"standard","meta":{"footnotes":""},"categories":[41],"tags":[25186,22480,21582,162,25187,25188],"class_list":["post-55263","post","type-post","status-publish","format-standard","has-post-thumbnail","hentry","category-internacional","tag-agencia-da-onu","tag-benjamin-netanyahu","tag-hamas","tag-israel","tag-parlamento-israelense","tag-unrwa"],"yoast_head":"<!-- This site is optimized with the Yoast SEO plugin v26.5 - https:\/\/yoast.com\/wordpress\/plugins\/seo\/ -->\n<title>Parlamento de Israel aprova lei que pro\u00edbe atua\u00e7\u00e3o de ag\u00eancia da ONU no pa\u00eds - Jornal Fatos e Not\u00edcias<\/title>\n<meta name=\"robots\" content=\"index, follow, max-snippet:-1, max-image-preview:large, max-video-preview:-1\" \/>\n<link rel=\"canonical\" href=\"https:\/\/jornalfatosenoticias.com.br\/index.php\/2024\/10\/29\/parlamento-de-israel-aprova-lei-que-proibe-atuacao-de-agencia-da-onu-no-pais\/\" \/>\n<meta property=\"og:locale\" content=\"pt_BR\" \/>\n<meta property=\"og:type\" content=\"article\" \/>\n<meta property=\"og:title\" content=\"Parlamento de Israel aprova lei que pro\u00edbe atua\u00e7\u00e3o de ag\u00eancia da ONU no pa\u00eds - Jornal Fatos e Not\u00edcias\" \/>\n<meta property=\"og:description\" content=\"Sess\u00e3o do parlamento nesta segunda (28) contou com a presen\u00e7a do premi\u00ea Benjamin Netanyahu Por John Lucas O Knesset (parlamento israelense) aprovou, nesta segunda-feira (28), uma lei que pro\u00edbe a Ag\u00eancia das Na\u00e7\u00f5es Unidas de Assist\u00eancia aos Refugiados da Palestina no Pr\u00f3ximo Oriente (UNRWA), que presta servi\u00e7os sociais a refugiados palestinos e seus descendentes, de [&hellip;]\" \/>\n<meta property=\"og:url\" content=\"https:\/\/jornalfatosenoticias.com.br\/index.php\/2024\/10\/29\/parlamento-de-israel-aprova-lei-que-proibe-atuacao-de-agencia-da-onu-no-pais\/\" \/>\n<meta property=\"og:site_name\" content=\"Jornal Fatos e Not\u00edcias\" \/>\n<meta property=\"article:published_time\" content=\"2024-10-29T17:57:44+00:00\" \/>\n<meta property=\"article:modified_time\" content=\"2024-10-29T17:57:46+00:00\" \/>\n<meta property=\"og:image\" content=\"https:\/\/jornalfatosenoticias.com.br\/wp-content\/uploads\/2024\/10\/Parlamento-de-Israel_gettyimages.jpg\" \/>\n\t<meta property=\"og:image:width\" content=\"612\" \/>\n\t<meta property=\"og:image:height\" content=\"408\" \/>\n\t<meta property=\"og:image:type\" content=\"image\/jpeg\" \/>\n<meta name=\"author\" content=\"Luzimara Fernandes\" \/>\n<meta name=\"twitter:card\" content=\"summary_large_image\" \/>\n<meta name=\"twitter:label1\" content=\"Escrito por\" \/>\n\t<meta name=\"twitter:data1\" content=\"Luzimara Fernandes\" \/>\n\t<meta name=\"twitter:label2\" content=\"Est. tempo de leitura\" \/>\n\t<meta name=\"twitter:data2\" content=\"2 minutos\" \/>\n<script type=\"application\/ld+json\" class=\"yoast-schema-graph\">{\"@context\":\"https:\/\/schema.org\",\"@graph\":[{\"@type\":\"Article\",\"@id\":\"https:\/\/jornalfatosenoticias.com.br\/index.php\/2024\/10\/29\/parlamento-de-israel-aprova-lei-que-proibe-atuacao-de-agencia-da-onu-no-pais\/#article\",\"isPartOf\":{\"@id\":\"https:\/\/jornalfatosenoticias.com.br\/index.php\/2024\/10\/29\/parlamento-de-israel-aprova-lei-que-proibe-atuacao-de-agencia-da-onu-no-pais\/\"},\"author\":{\"name\":\"Luzimara Fernandes\",\"@id\":\"https:\/\/jornalfatosenoticias.com.br\/#\/schema\/person\/d63837fa13ac8666eb9e74e0985d6f81\"},\"headline\":\"Parlamento de Israel aprova lei que pro\u00edbe atua\u00e7\u00e3o de ag\u00eancia da ONU no pa\u00eds\",\"datePublished\":\"2024-10-29T17:57:44+00:00\",\"dateModified\":\"2024-10-29T17:57:46+00:00\",\"mainEntityOfPage\":{\"@id\":\"https:\/\/jornalfatosenoticias.com.br\/index.php\/2024\/10\/29\/parlamento-de-israel-aprova-lei-que-proibe-atuacao-de-agencia-da-onu-no-pais\/\"},\"wordCount\":460,\"commentCount\":0,\"publisher\":{\"@id\":\"https:\/\/jornalfatosenoticias.com.br\/#organization\"},\"image\":{\"@id\":\"https:\/\/jornalfatosenoticias.com.br\/index.php\/2024\/10\/29\/parlamento-de-israel-aprova-lei-que-proibe-atuacao-de-agencia-da-onu-no-pais\/#primaryimage\"},\"thumbnailUrl\":\"https:\/\/jornalfatosenoticias.com.br\/wp-content\/uploads\/2024\/10\/Parlamento-de-Israel_gettyimages.jpg\",\"keywords\":[\"ag\u00eancia da ONU\",\"Benjamin Netanyahu\",\"Hamas\",\"Israel\",\"parlamento israelense\",\"UNRWA\"],\"articleSection\":[\"Internacional\"],\"inLanguage\":\"pt-BR\",\"potentialAction\":[{\"@type\":\"CommentAction\",\"name\":\"Comment\",\"target\":[\"https:\/\/jornalfatosenoticias.com.br\/index.php\/2024\/10\/29\/parlamento-de-israel-aprova-lei-que-proibe-atuacao-de-agencia-da-onu-no-pais\/#respond\"]}]},{\"@type\":\"WebPage\",\"@id\":\"https:\/\/jornalfatosenoticias.com.br\/index.php\/2024\/10\/29\/parlamento-de-israel-aprova-lei-que-proibe-atuacao-de-agencia-da-onu-no-pais\/\",\"url\":\"https:\/\/jornalfatosenoticias.com.br\/index.php\/2024\/10\/29\/parlamento-de-israel-aprova-lei-que-proibe-atuacao-de-agencia-da-onu-no-pais\/\",\"name\":\"Parlamento de Israel aprova lei que pro\u00edbe atua\u00e7\u00e3o de ag\u00eancia da ONU no pa\u00eds - Jornal Fatos e Not\u00edcias\",\"isPartOf\":{\"@id\":\"https:\/\/jornalfatosenoticias.com.br\/#website\"},\"primaryImageOfPage\":{\"@id\":\"https:\/\/jornalfatosenoticias.com.br\/index.php\/2024\/10\/29\/parlamento-de-israel-aprova-lei-que-proibe-atuacao-de-agencia-da-onu-no-pais\/#primaryimage\"},\"image\":{\"@id\":\"https:\/\/jornalfatosenoticias.com.br\/index.php\/2024\/10\/29\/parlamento-de-israel-aprova-lei-que-proibe-atuacao-de-agencia-da-onu-no-pais\/#primaryimage\"},\"thumbnailUrl\":\"https:\/\/jornalfatosenoticias.com.br\/wp-content\/uploads\/2024\/10\/Parlamento-de-Israel_gettyimages.jpg\",\"datePublished\":\"2024-10-29T17:57:44+00:00\",\"dateModified\":\"2024-10-29T17:57:46+00:00\",\"breadcrumb\":{\"@id\":\"https:\/\/jornalfatosenoticias.com.br\/index.php\/2024\/10\/29\/parlamento-de-israel-aprova-lei-que-proibe-atuacao-de-agencia-da-onu-no-pais\/#breadcrumb\"},\"inLanguage\":\"pt-BR\",\"potentialAction\":[{\"@type\":\"ReadAction\",\"target\":[\"https:\/\/jornalfatosenoticias.com.br\/index.php\/2024\/10\/29\/parlamento-de-israel-aprova-lei-que-proibe-atuacao-de-agencia-da-onu-no-pais\/\"]}]},{\"@type\":\"ImageObject\",\"inLanguage\":\"pt-BR\",\"@id\":\"https:\/\/jornalfatosenoticias.com.br\/index.php\/2024\/10\/29\/parlamento-de-israel-aprova-lei-que-proibe-atuacao-de-agencia-da-onu-no-pais\/#primaryimage\",\"url\":\"https:\/\/jornalfatosenoticias.com.br\/wp-content\/uploads\/2024\/10\/Parlamento-de-Israel_gettyimages.jpg\",\"contentUrl\":\"https:\/\/jornalfatosenoticias.com.br\/wp-content\/uploads\/2024\/10\/Parlamento-de-Israel_gettyimages.jpg\",\"width\":612,\"height\":408,\"caption\":\"A general view of the Knesset (Israeli parliament) in Jerusalem on February 22, 2023 during the first reading of a controversial clause in judicial reform. - Israel's right-wing government pushed on in parliament with new judicial reforms that protesters decry as harming democracy by weakening checks and balances. - Israel OUT (Photo by OREN BEN HAKOON \/ AFP) \/ Israel OUT (Photo by OREN BEN HAKOON\/AFP via Getty Images)\"},{\"@type\":\"BreadcrumbList\",\"@id\":\"https:\/\/jornalfatosenoticias.com.br\/index.php\/2024\/10\/29\/parlamento-de-israel-aprova-lei-que-proibe-atuacao-de-agencia-da-onu-no-pais\/#breadcrumb\",\"itemListElement\":[{\"@type\":\"ListItem\",\"position\":1,\"name\":\"In\u00edcio\",\"item\":\"https:\/\/jornalfatosenoticias.com.br\/\"},{\"@type\":\"ListItem\",\"position\":2,\"name\":\"Parlamento de Israel aprova lei que pro\u00edbe atua\u00e7\u00e3o de ag\u00eancia da ONU no pa\u00eds\"}]},{\"@type\":\"WebSite\",\"@id\":\"https:\/\/jornalfatosenoticias.com.br\/#website\",\"url\":\"https:\/\/jornalfatosenoticias.com.br\/\",\"name\":\"Jornal Fatos e Not\u00edcias\",\"description\":\"Not\u00edcias em geral\",\"publisher\":{\"@id\":\"https:\/\/jornalfatosenoticias.com.br\/#organization\"},\"potentialAction\":[{\"@type\":\"SearchAction\",\"target\":{\"@type\":\"EntryPoint\",\"urlTemplate\":\"https:\/\/jornalfatosenoticias.com.br\/?s={search_term_string}\"},\"query-input\":{\"@type\":\"PropertyValueSpecification\",\"valueRequired\":true,\"valueName\":\"search_term_string\"}}],\"inLanguage\":\"pt-BR\"},{\"@type\":\"Organization\",\"@id\":\"https:\/\/jornalfatosenoticias.com.br\/#organization\",\"name\":\"Jornal Fatos e Not\u00edcias\",\"url\":\"https:\/\/jornalfatosenoticias.com.br\/\",\"logo\":{\"@type\":\"ImageObject\",\"inLanguage\":\"pt-BR\",\"@id\":\"https:\/\/jornalfatosenoticias.com.br\/#\/schema\/logo\/image\/\",\"url\":\"https:\/\/jornalfatosenoticias.com.br\/wp-content\/uploads\/2020\/02\/logo120.png\",\"contentUrl\":\"https:\/\/jornalfatosenoticias.com.br\/wp-content\/uploads\/2020\/02\/logo120.png\",\"width\":1227,\"height\":120,\"caption\":\"Jornal Fatos e Not\u00edcias\"},\"image\":{\"@id\":\"https:\/\/jornalfatosenoticias.com.br\/#\/schema\/logo\/image\/\"}},{\"@type\":\"Person\",\"@id\":\"https:\/\/jornalfatosenoticias.com.br\/#\/schema\/person\/d63837fa13ac8666eb9e74e0985d6f81\",\"name\":\"Luzimara Fernandes\",\"image\":{\"@type\":\"ImageObject\",\"inLanguage\":\"pt-BR\",\"@id\":\"https:\/\/jornalfatosenoticias.com.br\/#\/schema\/person\/image\/\",\"url\":\"https:\/\/jornalfatosenoticias.com.br\/wp-content\/uploads\/2025\/05\/EU_portal.jpg\",\"contentUrl\":\"https:\/\/jornalfatosenoticias.com.br\/wp-content\/uploads\/2025\/05\/EU_portal.jpg\",\"caption\":\"Luzimara Fernandes\"},\"description\":\"Jornalista MTB 2358-ES\",\"sameAs\":[\"https:\/\/jornalfatosenoticias.com.br\"],\"url\":\"https:\/\/jornalfatosenoticias.com.br\/index.php\/author\/luzimara\/\"}]}<\/script>\n<!-- \/ Yoast SEO plugin. -->","yoast_head_json":{"title":"Parlamento de Israel aprova lei que pro\u00edbe atua\u00e7\u00e3o de ag\u00eancia da ONU no pa\u00eds - Jornal Fatos e Not\u00edcias","robots":{"index":"index","follow":"follow","max-snippet":"max-snippet:-1","max-image-preview":"max-image-preview:large","max-video-preview":"max-video-preview:-1"},"canonical":"https:\/\/jornalfatosenoticias.com.br\/index.php\/2024\/10\/29\/parlamento-de-israel-aprova-lei-que-proibe-atuacao-de-agencia-da-onu-no-pais\/","og_locale":"pt_BR","og_type":"article","og_title":"Parlamento de Israel aprova lei que pro\u00edbe atua\u00e7\u00e3o de ag\u00eancia da ONU no pa\u00eds - Jornal Fatos e Not\u00edcias","og_description":"Sess\u00e3o do parlamento nesta segunda (28) contou com a presen\u00e7a do premi\u00ea Benjamin Netanyahu Por John Lucas O Knesset (parlamento israelense) aprovou, nesta segunda-feira (28), uma lei que pro\u00edbe a Ag\u00eancia das Na\u00e7\u00f5es Unidas de Assist\u00eancia aos Refugiados da Palestina no Pr\u00f3ximo Oriente (UNRWA), que presta servi\u00e7os sociais a refugiados palestinos e seus descendentes, de [&hellip;]","og_url":"https:\/\/jornalfatosenoticias.com.br\/index.php\/2024\/10\/29\/parlamento-de-israel-aprova-lei-que-proibe-atuacao-de-agencia-da-onu-no-pais\/","og_site_name":"Jornal Fatos e Not\u00edcias","article_published_time":"2024-10-29T17:57:44+00:00","article_modified_time":"2024-10-29T17:57:46+00:00","og_image":[{"width":612,"height":408,"url":"https:\/\/jornalfatosenoticias.com.br\/wp-content\/uploads\/2024\/10\/Parlamento-de-Israel_gettyimages.jpg","type":"image\/jpeg"}],"author":"Luzimara Fernandes","twitter_card":"summary_large_image","twitter_misc":{"Escrito por":"Luzimara Fernandes","Est. tempo de leitura":"2 minutos"},"schema":{"@context":"https:\/\/schema.org","@graph":[{"@type":"Article","@id":"https:\/\/jornalfatosenoticias.com.br\/index.php\/2024\/10\/29\/parlamento-de-israel-aprova-lei-que-proibe-atuacao-de-agencia-da-onu-no-pais\/#article","isPartOf":{"@id":"https:\/\/jornalfatosenoticias.com.br\/index.php\/2024\/10\/29\/parlamento-de-israel-aprova-lei-que-proibe-atuacao-de-agencia-da-onu-no-pais\/"},"author":{"name":"Luzimara Fernandes","@id":"https:\/\/jornalfatosenoticias.com.br\/#\/schema\/person\/d63837fa13ac8666eb9e74e0985d6f81"},"headline":"Parlamento de Israel aprova lei que pro\u00edbe atua\u00e7\u00e3o de ag\u00eancia da ONU no pa\u00eds","datePublished":"2024-10-29T17:57:44+00:00","dateModified":"2024-10-29T17:57:46+00:00","mainEntityOfPage":{"@id":"https:\/\/jornalfatosenoticias.com.br\/index.php\/2024\/10\/29\/parlamento-de-israel-aprova-lei-que-proibe-atuacao-de-agencia-da-onu-no-pais\/"},"wordCount":460,"commentCount":0,"publisher":{"@id":"https:\/\/jornalfatosenoticias.com.br\/#organization"},"image":{"@id":"https:\/\/jornalfatosenoticias.com.br\/index.php\/2024\/10\/29\/parlamento-de-israel-aprova-lei-que-proibe-atuacao-de-agencia-da-onu-no-pais\/#primaryimage"},"thumbnailUrl":"https:\/\/jornalfatosenoticias.com.br\/wp-content\/uploads\/2024\/10\/Parlamento-de-Israel_gettyimages.jpg","keywords":["ag\u00eancia da ONU","Benjamin Netanyahu","Hamas","Israel","parlamento israelense","UNRWA"],"articleSection":["Internacional"],"inLanguage":"pt-BR","potentialAction":[{"@type":"CommentAction","name":"Comment","target":["https:\/\/jornalfatosenoticias.com.br\/index.php\/2024\/10\/29\/parlamento-de-israel-aprova-lei-que-proibe-atuacao-de-agencia-da-onu-no-pais\/#respond"]}]},{"@type":"WebPage","@id":"https:\/\/jornalfatosenoticias.com.br\/index.php\/2024\/10\/29\/parlamento-de-israel-aprova-lei-que-proibe-atuacao-de-agencia-da-onu-no-pais\/","url":"https:\/\/jornalfatosenoticias.com.br\/index.php\/2024\/10\/29\/parlamento-de-israel-aprova-lei-que-proibe-atuacao-de-agencia-da-onu-no-pais\/","name":"Parlamento de Israel aprova lei que pro\u00edbe atua\u00e7\u00e3o de ag\u00eancia da ONU no pa\u00eds - Jornal Fatos e Not\u00edcias","isPartOf":{"@id":"https:\/\/jornalfatosenoticias.com.br\/#website"},"primaryImageOfPage":{"@id":"https:\/\/jornalfatosenoticias.com.br\/index.php\/2024\/10\/29\/parlamento-de-israel-aprova-lei-que-proibe-atuacao-de-agencia-da-onu-no-pais\/#primaryimage"},"image":{"@id":"https:\/\/jornalfatosenoticias.com.br\/index.php\/2024\/10\/29\/parlamento-de-israel-aprova-lei-que-proibe-atuacao-de-agencia-da-onu-no-pais\/#primaryimage"},"thumbnailUrl":"https:\/\/jornalfatosenoticias.com.br\/wp-content\/uploads\/2024\/10\/Parlamento-de-Israel_gettyimages.jpg","datePublished":"2024-10-29T17:57:44+00:00","dateModified":"2024-10-29T17:57:46+00:00","breadcrumb":{"@id":"https:\/\/jornalfatosenoticias.com.br\/index.php\/2024\/10\/29\/parlamento-de-israel-aprova-lei-que-proibe-atuacao-de-agencia-da-onu-no-pais\/#breadcrumb"},"inLanguage":"pt-BR","potentialAction":[{"@type":"ReadAction","target":["https:\/\/jornalfatosenoticias.com.br\/index.php\/2024\/10\/29\/parlamento-de-israel-aprova-lei-que-proibe-atuacao-de-agencia-da-onu-no-pais\/"]}]},{"@type":"ImageObject","inLanguage":"pt-BR","@id":"https:\/\/jornalfatosenoticias.com.br\/index.php\/2024\/10\/29\/parlamento-de-israel-aprova-lei-que-proibe-atuacao-de-agencia-da-onu-no-pais\/#primaryimage","url":"https:\/\/jornalfatosenoticias.com.br\/wp-content\/uploads\/2024\/10\/Parlamento-de-Israel_gettyimages.jpg","contentUrl":"https:\/\/jornalfatosenoticias.com.br\/wp-content\/uploads\/2024\/10\/Parlamento-de-Israel_gettyimages.jpg","width":612,"height":408,"caption":"A general view of the Knesset (Israeli parliament) in Jerusalem on February 22, 2023 during the first reading of a controversial clause in judicial reform. - Israel's right-wing government pushed on in parliament with new judicial reforms that protesters decry as harming democracy by weakening checks and balances. - Israel OUT (Photo by OREN BEN HAKOON \/ AFP) \/ Israel OUT (Photo by OREN BEN HAKOON\/AFP via Getty Images)"},{"@type":"BreadcrumbList","@id":"https:\/\/jornalfatosenoticias.com.br\/index.php\/2024\/10\/29\/parlamento-de-israel-aprova-lei-que-proibe-atuacao-de-agencia-da-onu-no-pais\/#breadcrumb","itemListElement":[{"@type":"ListItem","position":1,"name":"In\u00edcio","item":"https:\/\/jornalfatosenoticias.com.br\/"},{"@type":"ListItem","position":2,"name":"Parlamento de Israel aprova lei que pro\u00edbe atua\u00e7\u00e3o de ag\u00eancia da ONU no pa\u00eds"}]},{"@type":"WebSite","@id":"https:\/\/jornalfatosenoticias.com.br\/#website","url":"https:\/\/jornalfatosenoticias.com.br\/","name":"Jornal Fatos e Not\u00edcias","description":"Not\u00edcias em geral","publisher":{"@id":"https:\/\/jornalfatosenoticias.com.br\/#organization"},"potentialAction":[{"@type":"SearchAction","target":{"@type":"EntryPoint","urlTemplate":"https:\/\/jornalfatosenoticias.com.br\/?s={search_term_string}"},"query-input":{"@type":"PropertyValueSpecification","valueRequired":true,"valueName":"search_term_string"}}],"inLanguage":"pt-BR"},{"@type":"Organization","@id":"https:\/\/jornalfatosenoticias.com.br\/#organization","name":"Jornal Fatos e Not\u00edcias","url":"https:\/\/jornalfatosenoticias.com.br\/","logo":{"@type":"ImageObject","inLanguage":"pt-BR","@id":"https:\/\/jornalfatosenoticias.com.br\/#\/schema\/logo\/image\/","url":"https:\/\/jornalfatosenoticias.com.br\/wp-content\/uploads\/2020\/02\/logo120.png","contentUrl":"https:\/\/jornalfatosenoticias.com.br\/wp-content\/uploads\/2020\/02\/logo120.png","width":1227,"height":120,"caption":"Jornal Fatos e Not\u00edcias"},"image":{"@id":"https:\/\/jornalfatosenoticias.com.br\/#\/schema\/logo\/image\/"}},{"@type":"Person","@id":"https:\/\/jornalfatosenoticias.com.br\/#\/schema\/person\/d63837fa13ac8666eb9e74e0985d6f81","name":"Luzimara Fernandes","image":{"@type":"ImageObject","inLanguage":"pt-BR","@id":"https:\/\/jornalfatosenoticias.com.br\/#\/schema\/person\/image\/","url":"https:\/\/jornalfatosenoticias.com.br\/wp-content\/uploads\/2025\/05\/EU_portal.jpg","contentUrl":"https:\/\/jornalfatosenoticias.com.br\/wp-content\/uploads\/2025\/05\/EU_portal.jpg","caption":"Luzimara Fernandes"},"description":"Jornalista MTB 2358-ES","sameAs":["https:\/\/jornalfatosenoticias.com.br"],"url":"https:\/\/jornalfatosenoticias.com.br\/index.php\/author\/luzimara\/"}]}},"cc_featured_image_caption":{"caption_text":"(Foto: Getty Images) ","source_text":"","source_url":""},"jetpack_featured_media_url":"https:\/\/jornalfatosenoticias.com.br\/wp-content\/uploads\/2024\/10\/Parlamento-de-Israel_gettyimages.jpg","_links":{"self":[{"href":"https:\/\/jornalfatosenoticias.com.br\/index.php\/wp-json\/wp\/v2\/posts\/55263","targetHints":{"allow":["GET"]}}],"collection":[{"href":"https:\/\/jornalfatosenoticias.com.br\/index.php\/wp-json\/wp\/v2\/posts"}],"about":[{"href":"https:\/\/jornalfatosenoticias.com.br\/index.php\/wp-json\/wp\/v2\/types\/post"}],"author":[{"embeddable":true,"href":"https:\/\/jornalfatosenoticias.com.br\/index.php\/wp-json\/wp\/v2\/users\/2"}],"replies":[{"embeddable":true,"href":"https:\/\/jornalfatosenoticias.com.br\/index.php\/wp-json\/wp\/v2\/comments?post=55263"}],"version-history":[{"count":0,"href":"https:\/\/jornalfatosenoticias.com.br\/index.php\/wp-json\/wp\/v2\/posts\/55263\/revisions"}],"wp:featuredmedia":[{"embeddable":true,"href":"https:\/\/jornalfatosenoticias.com.br\/index.php\/wp-json\/wp\/v2\/media\/55264"}],"wp:attachment":[{"href":"https:\/\/jornalfatosenoticias.com.br\/index.php\/wp-json\/wp\/v2\/media?parent=55263"}],"wp:term":[{"taxonomy":"category","embeddable":true,"href":"https:\/\/jornalfatosenoticias.com.br\/index.php\/wp-json\/wp\/v2\/categories?post=55263"},{"taxonomy":"post_tag","embeddable":true,"href":"https:\/\/jornalfatosenoticias.com.br\/index.php\/wp-json\/wp\/v2\/tags?post=55263"}],"curies":[{"name":"wp","href":"https:\/\/api.w.org\/{rel}","templated":true}]}}