{"id":55269,"date":"2024-10-30T12:20:26","date_gmt":"2024-10-30T15:20:26","guid":{"rendered":"https:\/\/jornalfatosenoticias.com.br\/?p=55269"},"modified":"2024-10-30T12:20:27","modified_gmt":"2024-10-30T15:20:27","slug":"brasileiros-resolvem-problema-de-matematica-sem-solucao-ha-124-anos","status":"publish","type":"post","link":"https:\/\/jornalfatosenoticias.com.br\/index.php\/2024\/10\/30\/brasileiros-resolvem-problema-de-matematica-sem-solucao-ha-124-anos\/","title":{"rendered":"Brasileiros resolvem problema de matem\u00e1tica sem solu\u00e7\u00e3o h\u00e1 124 anos"},"content":{"rendered":"\n<p><span class=\"has-inline-color has-black-color\">Por <strong>Renata Dias<\/strong><\/span><\/p>\n\n\n\n<div class=\"wp-block-image\"><figure class=\"aligncenter size-large\"><a href=\"https:\/\/www.instagram.com\/vmais.midias\/\"><img loading=\"lazy\" decoding=\"async\" width=\"1024\" height=\"110\" src=\"https:\/\/jornalfatosenoticias.com.br\/wp-content\/uploads\/2020\/02\/DE-MAIS-DESTAQUE-VMAIS-1120X120-1024x110.png\" alt=\"\" class=\"wp-image-53110\" srcset=\"https:\/\/jornalfatosenoticias.com.br\/wp-content\/uploads\/2020\/02\/DE-MAIS-DESTAQUE-VMAIS-1120X120-1024x110.png 1024w, https:\/\/jornalfatosenoticias.com.br\/wp-content\/uploads\/2020\/02\/DE-MAIS-DESTAQUE-VMAIS-1120X120-300x32.png 300w, https:\/\/jornalfatosenoticias.com.br\/wp-content\/uploads\/2020\/02\/DE-MAIS-DESTAQUE-VMAIS-1120X120-768x82.png 768w, https:\/\/jornalfatosenoticias.com.br\/wp-content\/uploads\/2020\/02\/DE-MAIS-DESTAQUE-VMAIS-1120X120.png 1120w\" sizes=\"auto, (max-width: 1024px) 100vw, 1024px\" \/><\/a><\/figure><\/div>\n\n\n\n<p>Um trio de brasileiros resolveu um problema de matem\u00e1tica, sem solu\u00e7\u00e3o h\u00e1 124 anos. A quest\u00e3o foi respondida por dois f\u00edsicos e um matem\u00e1tico. A quest\u00e3o foi proposta pelo matem\u00e1tico alem\u00e3o David Hilbert, em 1900. Se confirmada, a resposta tem o potencial de impactar \u00e1reas como ecologia, engenharia e computa\u00e7\u00e3o, entre outras. O feito deve colocar os pesquisadores da Universidade Estadual Paulista (Unesp) de Rio Claro (SP) e o Brasil em destaque na matem\u00e1tica mundial.<br>O <strong>16.\u00ba Problema de Hilbert<\/strong> envolve determinar o n\u00famero m\u00e1ximo de \u201cciclos limites\u201d em express\u00f5es matem\u00e1ticas que s\u00e3o usadas para descrever como fen\u00f4menos espec\u00edficos variam ao longo do tempo, chamadas equa\u00e7\u00f5es diferenciais polinomiais. Essas equa\u00e7\u00f5es podem ser aplicadas, por exemplo, para gerar previs\u00f5es sobre como uma popula\u00e7\u00e3o de animais ir\u00e1 mudar ao longo do tempo. Os ciclos limites s\u00e3o padr\u00f5es repetitivos que aparecem nas solu\u00e7\u00f5es dessas equa\u00e7\u00f5es.<\/p>\n\n\n\n<div class=\"wp-block-image\"><figure class=\"aligncenter size-large\"><a href=\"https:\/\/cesconetto.com.br\/\"><img loading=\"lazy\" decoding=\"async\" width=\"300\" height=\"250\" src=\"https:\/\/jornalfatosenoticias.com.br\/wp-content\/uploads\/2020\/02\/Banner-2.png\" alt=\"\" class=\"wp-image-43787\"\/><\/a><\/figure><\/div>\n\n\n\n<p>De maneira simplificada, o trio de pesquisadores conseguiu resolver a pergunta de como seria poss\u00edvel prever quantos tipos diferentes de padr\u00f5es (ou ciclos) poderiam aparecer nessa floresta antes que a pessoa entrasse em uma rotina. Vin\u00edcius Barros da Silva, Edson Denis Leonel e Jo\u00e3o Peres Vieira s\u00e3o autores da Teoria Geom\u00e9trica de Bifurca\u00e7\u00f5es (TGB).<\/p>\n\n\n\n<div class=\"wp-block-image\"><figure class=\"aligncenter size-large is-resized\"><a href=\"https:\/\/www.legisjuris.com.br\/\"><img loading=\"lazy\" decoding=\"async\" src=\"https:\/\/jornalfatosenoticias.com.br\/wp-content\/uploads\/2024\/09\/Legis-Juris-Consultoria_logo.jpg\" alt=\"\" class=\"wp-image-53915\" width=\"430\" height=\"180\" srcset=\"https:\/\/jornalfatosenoticias.com.br\/wp-content\/uploads\/2024\/09\/Legis-Juris-Consultoria_logo.jpg 969w, https:\/\/jornalfatosenoticias.com.br\/wp-content\/uploads\/2024\/09\/Legis-Juris-Consultoria_logo-300x126.jpg 300w, https:\/\/jornalfatosenoticias.com.br\/wp-content\/uploads\/2024\/09\/Legis-Juris-Consultoria_logo-768x322.jpg 768w\" sizes=\"auto, (max-width: 430px) 100vw, 430px\" \/><\/a><\/figure><\/div>\n\n\n\n<p>Com essa teoria, eles responderam ao 16.\u00ba problema de David Hilbert. Ele prop\u00f4s 23 quest\u00f5es, sendo que a maioria foi parcial ou totalmente solucionada, com exce\u00e7\u00e3o de tr\u00eas problemas. A abordagem proposta pelos pesquisadores traz possibilidade de analisar o comportamento de ciclos-limites em sistemas din\u00e2micos utilizando m\u00e9tricas geom\u00e9tricas. Na ciberseguran\u00e7a, a partir de c\u00e1lculos \u00e9 poss\u00edvel prever at\u00e9 roubos de dados.<\/p>\n\n\n\n<div class=\"wp-block-image\"><figure class=\"aligncenter size-large is-resized\"><a href=\"https:\/\/www.ithbrasil.com.br\/\"><img loading=\"lazy\" decoding=\"async\" src=\"https:\/\/jornalfatosenoticias.com.br\/wp-content\/uploads\/2023\/08\/ITH.jpeg\" alt=\"\" class=\"wp-image-44638\" width=\"289\" height=\"235\" srcset=\"https:\/\/jornalfatosenoticias.com.br\/wp-content\/uploads\/2023\/08\/ITH.jpeg 800w, https:\/\/jornalfatosenoticias.com.br\/wp-content\/uploads\/2023\/08\/ITH-300x244.jpeg 300w, https:\/\/jornalfatosenoticias.com.br\/wp-content\/uploads\/2023\/08\/ITH-768x624.jpeg 768w\" sizes=\"auto, (max-width: 289px) 100vw, 289px\" \/><\/a><\/figure><\/div>\n\n\n\n<p>Para Vin\u00edcius, a aplicabilidade da descoberta ser\u00e1 important\u00edssima na pr\u00e1tica de diversas \u00e1reas cient\u00edficas. Segundo ele, na biologia, os ciclos-limites s\u00e3o problemas amplamente estudados em rea\u00e7\u00f5es qu\u00edmicas, modelos epidemiol\u00f3gicos, e podem ser testados em pessoas que sofrem com m s\u00edndromes respirat\u00f3rias como a covid-19. <\/p>\n\n\n\n<div class=\"wp-block-image\"><figure class=\"aligncenter size-large is-resized\"><a href=\"https:\/\/www.controlsystems.com.br\/\"><img loading=\"lazy\" decoding=\"async\" src=\"https:\/\/jornalfatosenoticias.com.br\/wp-content\/uploads\/2020\/02\/CONTROL-CS.jpg\" alt=\"\" class=\"wp-image-44991\" width=\"285\" height=\"342\" srcset=\"https:\/\/jornalfatosenoticias.com.br\/wp-content\/uploads\/2020\/02\/CONTROL-CS.jpg 834w, https:\/\/jornalfatosenoticias.com.br\/wp-content\/uploads\/2020\/02\/CONTROL-CS-250x300.jpg 250w, https:\/\/jornalfatosenoticias.com.br\/wp-content\/uploads\/2020\/02\/CONTROL-CS-768x921.jpg 768w\" sizes=\"auto, (max-width: 285px) 100vw, 285px\" \/><\/a><\/figure><\/div>\n\n\n\n<p>O f\u00edsico concorre a um pr\u00eamio internacional voltado a jovens pesquisadores, o International Centre for Theoretical Physics (ICTP Prize), realizado em Trieste, na It\u00e1lia, de acordo com o Jornal da Unesp.<\/p>\n\n\n\n<p><strong><em>Fonte: <a href=\"https:\/\/www.sonoticiaboa.com.br\/2024\/10\/27\/brasileiros-resolvem-problema-matematica-solucao-124-anos\">S\u00f3 Not\u00edcia Boa<\/a><\/em><\/strong><\/p>\n","protected":false},"excerpt":{"rendered":"<p>Por Renata Dias Um trio de brasileiros resolveu um problema de matem\u00e1tica, sem solu\u00e7\u00e3o h\u00e1 124 anos. A quest\u00e3o foi respondida por dois f\u00edsicos e um matem\u00e1tico. A quest\u00e3o foi proposta pelo matem\u00e1tico alem\u00e3o David Hilbert, em 1900. Se confirmada, a resposta tem o potencial de impactar \u00e1reas como ecologia, engenharia e computa\u00e7\u00e3o, entre outras. [&hellip;]<\/p>\n","protected":false},"author":2,"featured_media":55270,"comment_status":"open","ping_status":"open","sticky":false,"template":"","format":"standard","meta":{"footnotes":""},"categories":[7],"tags":[25194,25191,25192,25193,25195,25196],"class_list":["post-55269","post","type-post","status-publish","format-standard","has-post-thumbnail","hentry","category-educacao","tag-david-hilbert","tag-fisicos","tag-matematicos","tag-problema-de-hilbert","tag-problemas-de-matematica","tag-trio-de-brasileiros"],"yoast_head":"<!-- This site is optimized with the Yoast SEO plugin v26.5 - https:\/\/yoast.com\/wordpress\/plugins\/seo\/ -->\n<title>Brasileiros resolvem problema de matem\u00e1tica sem solu\u00e7\u00e3o h\u00e1 124 anos - Jornal Fatos e Not\u00edcias<\/title>\n<meta name=\"robots\" content=\"index, follow, max-snippet:-1, max-image-preview:large, max-video-preview:-1\" \/>\n<link rel=\"canonical\" href=\"https:\/\/jornalfatosenoticias.com.br\/index.php\/2024\/10\/30\/brasileiros-resolvem-problema-de-matematica-sem-solucao-ha-124-anos\/\" \/>\n<meta property=\"og:locale\" content=\"pt_BR\" \/>\n<meta property=\"og:type\" content=\"article\" \/>\n<meta property=\"og:title\" content=\"Brasileiros resolvem problema de matem\u00e1tica sem solu\u00e7\u00e3o h\u00e1 124 anos - Jornal Fatos e Not\u00edcias\" \/>\n<meta property=\"og:description\" content=\"Por Renata Dias Um trio de brasileiros resolveu um problema de matem\u00e1tica, sem solu\u00e7\u00e3o h\u00e1 124 anos. A quest\u00e3o foi respondida por dois f\u00edsicos e um matem\u00e1tico. A quest\u00e3o foi proposta pelo matem\u00e1tico alem\u00e3o David Hilbert, em 1900. Se confirmada, a resposta tem o potencial de impactar \u00e1reas como ecologia, engenharia e computa\u00e7\u00e3o, entre outras. [&hellip;]\" \/>\n<meta property=\"og:url\" content=\"https:\/\/jornalfatosenoticias.com.br\/index.php\/2024\/10\/30\/brasileiros-resolvem-problema-de-matematica-sem-solucao-ha-124-anos\/\" \/>\n<meta property=\"og:site_name\" content=\"Jornal Fatos e Not\u00edcias\" \/>\n<meta property=\"article:published_time\" content=\"2024-10-30T15:20:26+00:00\" \/>\n<meta property=\"article:modified_time\" content=\"2024-10-30T15:20:27+00:00\" \/>\n<meta property=\"og:image\" content=\"https:\/\/jornalfatosenoticias.com.br\/wp-content\/uploads\/2024\/10\/Brasileiros-resolvem-problema-de-matematica-sem-solucao-ha-124-anos_istock.jpg\" \/>\n\t<meta property=\"og:image:width\" content=\"612\" \/>\n\t<meta property=\"og:image:height\" content=\"344\" \/>\n\t<meta property=\"og:image:type\" content=\"image\/jpeg\" \/>\n<meta name=\"author\" content=\"Luzimara Fernandes\" \/>\n<meta name=\"twitter:card\" content=\"summary_large_image\" \/>\n<meta name=\"twitter:label1\" content=\"Escrito por\" \/>\n\t<meta name=\"twitter:data1\" content=\"Luzimara Fernandes\" \/>\n\t<meta name=\"twitter:label2\" content=\"Est. tempo de leitura\" \/>\n\t<meta name=\"twitter:data2\" content=\"2 minutos\" \/>\n<script type=\"application\/ld+json\" class=\"yoast-schema-graph\">{\"@context\":\"https:\/\/schema.org\",\"@graph\":[{\"@type\":\"Article\",\"@id\":\"https:\/\/jornalfatosenoticias.com.br\/index.php\/2024\/10\/30\/brasileiros-resolvem-problema-de-matematica-sem-solucao-ha-124-anos\/#article\",\"isPartOf\":{\"@id\":\"https:\/\/jornalfatosenoticias.com.br\/index.php\/2024\/10\/30\/brasileiros-resolvem-problema-de-matematica-sem-solucao-ha-124-anos\/\"},\"author\":{\"name\":\"Luzimara Fernandes\",\"@id\":\"https:\/\/jornalfatosenoticias.com.br\/#\/schema\/person\/d63837fa13ac8666eb9e74e0985d6f81\"},\"headline\":\"Brasileiros resolvem problema de matem\u00e1tica sem solu\u00e7\u00e3o h\u00e1 124 anos\",\"datePublished\":\"2024-10-30T15:20:26+00:00\",\"dateModified\":\"2024-10-30T15:20:27+00:00\",\"mainEntityOfPage\":{\"@id\":\"https:\/\/jornalfatosenoticias.com.br\/index.php\/2024\/10\/30\/brasileiros-resolvem-problema-de-matematica-sem-solucao-ha-124-anos\/\"},\"wordCount\":400,\"commentCount\":0,\"publisher\":{\"@id\":\"https:\/\/jornalfatosenoticias.com.br\/#organization\"},\"image\":{\"@id\":\"https:\/\/jornalfatosenoticias.com.br\/index.php\/2024\/10\/30\/brasileiros-resolvem-problema-de-matematica-sem-solucao-ha-124-anos\/#primaryimage\"},\"thumbnailUrl\":\"https:\/\/jornalfatosenoticias.com.br\/wp-content\/uploads\/2024\/10\/Brasileiros-resolvem-problema-de-matematica-sem-solucao-ha-124-anos_istock.jpg\",\"keywords\":[\"David Hilbert\",\"f\u00edsicos\",\"matem\u00e1ticos\",\"Problema de Hilbert\",\"problemas de matem\u00e1tica\",\"trio de brasileiros\"],\"articleSection\":[\"Educa\u00e7\u00e3o\"],\"inLanguage\":\"pt-BR\",\"potentialAction\":[{\"@type\":\"CommentAction\",\"name\":\"Comment\",\"target\":[\"https:\/\/jornalfatosenoticias.com.br\/index.php\/2024\/10\/30\/brasileiros-resolvem-problema-de-matematica-sem-solucao-ha-124-anos\/#respond\"]}]},{\"@type\":\"WebPage\",\"@id\":\"https:\/\/jornalfatosenoticias.com.br\/index.php\/2024\/10\/30\/brasileiros-resolvem-problema-de-matematica-sem-solucao-ha-124-anos\/\",\"url\":\"https:\/\/jornalfatosenoticias.com.br\/index.php\/2024\/10\/30\/brasileiros-resolvem-problema-de-matematica-sem-solucao-ha-124-anos\/\",\"name\":\"Brasileiros resolvem problema de matem\u00e1tica sem solu\u00e7\u00e3o h\u00e1 124 anos - Jornal Fatos e Not\u00edcias\",\"isPartOf\":{\"@id\":\"https:\/\/jornalfatosenoticias.com.br\/#website\"},\"primaryImageOfPage\":{\"@id\":\"https:\/\/jornalfatosenoticias.com.br\/index.php\/2024\/10\/30\/brasileiros-resolvem-problema-de-matematica-sem-solucao-ha-124-anos\/#primaryimage\"},\"image\":{\"@id\":\"https:\/\/jornalfatosenoticias.com.br\/index.php\/2024\/10\/30\/brasileiros-resolvem-problema-de-matematica-sem-solucao-ha-124-anos\/#primaryimage\"},\"thumbnailUrl\":\"https:\/\/jornalfatosenoticias.com.br\/wp-content\/uploads\/2024\/10\/Brasileiros-resolvem-problema-de-matematica-sem-solucao-ha-124-anos_istock.jpg\",\"datePublished\":\"2024-10-30T15:20:26+00:00\",\"dateModified\":\"2024-10-30T15:20:27+00:00\",\"breadcrumb\":{\"@id\":\"https:\/\/jornalfatosenoticias.com.br\/index.php\/2024\/10\/30\/brasileiros-resolvem-problema-de-matematica-sem-solucao-ha-124-anos\/#breadcrumb\"},\"inLanguage\":\"pt-BR\",\"potentialAction\":[{\"@type\":\"ReadAction\",\"target\":[\"https:\/\/jornalfatosenoticias.com.br\/index.php\/2024\/10\/30\/brasileiros-resolvem-problema-de-matematica-sem-solucao-ha-124-anos\/\"]}]},{\"@type\":\"ImageObject\",\"inLanguage\":\"pt-BR\",\"@id\":\"https:\/\/jornalfatosenoticias.com.br\/index.php\/2024\/10\/30\/brasileiros-resolvem-problema-de-matematica-sem-solucao-ha-124-anos\/#primaryimage\",\"url\":\"https:\/\/jornalfatosenoticias.com.br\/wp-content\/uploads\/2024\/10\/Brasileiros-resolvem-problema-de-matematica-sem-solucao-ha-124-anos_istock.jpg\",\"contentUrl\":\"https:\/\/jornalfatosenoticias.com.br\/wp-content\/uploads\/2024\/10\/Brasileiros-resolvem-problema-de-matematica-sem-solucao-ha-124-anos_istock.jpg\",\"width\":612,\"height\":344,\"caption\":\"Brilliant Young Mathematician Approaches Big Blackboard and Finishes writing Sophisticated Mathematical Formula\/ Equation.\"},{\"@type\":\"BreadcrumbList\",\"@id\":\"https:\/\/jornalfatosenoticias.com.br\/index.php\/2024\/10\/30\/brasileiros-resolvem-problema-de-matematica-sem-solucao-ha-124-anos\/#breadcrumb\",\"itemListElement\":[{\"@type\":\"ListItem\",\"position\":1,\"name\":\"In\u00edcio\",\"item\":\"https:\/\/jornalfatosenoticias.com.br\/\"},{\"@type\":\"ListItem\",\"position\":2,\"name\":\"Brasileiros resolvem problema de matem\u00e1tica sem solu\u00e7\u00e3o h\u00e1 124 anos\"}]},{\"@type\":\"WebSite\",\"@id\":\"https:\/\/jornalfatosenoticias.com.br\/#website\",\"url\":\"https:\/\/jornalfatosenoticias.com.br\/\",\"name\":\"Jornal Fatos e Not\u00edcias\",\"description\":\"Not\u00edcias em geral\",\"publisher\":{\"@id\":\"https:\/\/jornalfatosenoticias.com.br\/#organization\"},\"potentialAction\":[{\"@type\":\"SearchAction\",\"target\":{\"@type\":\"EntryPoint\",\"urlTemplate\":\"https:\/\/jornalfatosenoticias.com.br\/?s={search_term_string}\"},\"query-input\":{\"@type\":\"PropertyValueSpecification\",\"valueRequired\":true,\"valueName\":\"search_term_string\"}}],\"inLanguage\":\"pt-BR\"},{\"@type\":\"Organization\",\"@id\":\"https:\/\/jornalfatosenoticias.com.br\/#organization\",\"name\":\"Jornal Fatos e Not\u00edcias\",\"url\":\"https:\/\/jornalfatosenoticias.com.br\/\",\"logo\":{\"@type\":\"ImageObject\",\"inLanguage\":\"pt-BR\",\"@id\":\"https:\/\/jornalfatosenoticias.com.br\/#\/schema\/logo\/image\/\",\"url\":\"https:\/\/jornalfatosenoticias.com.br\/wp-content\/uploads\/2020\/02\/logo120.png\",\"contentUrl\":\"https:\/\/jornalfatosenoticias.com.br\/wp-content\/uploads\/2020\/02\/logo120.png\",\"width\":1227,\"height\":120,\"caption\":\"Jornal Fatos e Not\u00edcias\"},\"image\":{\"@id\":\"https:\/\/jornalfatosenoticias.com.br\/#\/schema\/logo\/image\/\"}},{\"@type\":\"Person\",\"@id\":\"https:\/\/jornalfatosenoticias.com.br\/#\/schema\/person\/d63837fa13ac8666eb9e74e0985d6f81\",\"name\":\"Luzimara Fernandes\",\"image\":{\"@type\":\"ImageObject\",\"inLanguage\":\"pt-BR\",\"@id\":\"https:\/\/jornalfatosenoticias.com.br\/#\/schema\/person\/image\/\",\"url\":\"https:\/\/jornalfatosenoticias.com.br\/wp-content\/uploads\/2025\/05\/EU_portal.jpg\",\"contentUrl\":\"https:\/\/jornalfatosenoticias.com.br\/wp-content\/uploads\/2025\/05\/EU_portal.jpg\",\"caption\":\"Luzimara Fernandes\"},\"description\":\"Jornalista MTB 2358-ES\",\"sameAs\":[\"https:\/\/jornalfatosenoticias.com.br\"],\"url\":\"https:\/\/jornalfatosenoticias.com.br\/index.php\/author\/luzimara\/\"}]}<\/script>\n<!-- \/ Yoast SEO plugin. -->","yoast_head_json":{"title":"Brasileiros resolvem problema de matem\u00e1tica sem solu\u00e7\u00e3o h\u00e1 124 anos - Jornal Fatos e Not\u00edcias","robots":{"index":"index","follow":"follow","max-snippet":"max-snippet:-1","max-image-preview":"max-image-preview:large","max-video-preview":"max-video-preview:-1"},"canonical":"https:\/\/jornalfatosenoticias.com.br\/index.php\/2024\/10\/30\/brasileiros-resolvem-problema-de-matematica-sem-solucao-ha-124-anos\/","og_locale":"pt_BR","og_type":"article","og_title":"Brasileiros resolvem problema de matem\u00e1tica sem solu\u00e7\u00e3o h\u00e1 124 anos - Jornal Fatos e Not\u00edcias","og_description":"Por Renata Dias Um trio de brasileiros resolveu um problema de matem\u00e1tica, sem solu\u00e7\u00e3o h\u00e1 124 anos. A quest\u00e3o foi respondida por dois f\u00edsicos e um matem\u00e1tico. A quest\u00e3o foi proposta pelo matem\u00e1tico alem\u00e3o David Hilbert, em 1900. Se confirmada, a resposta tem o potencial de impactar \u00e1reas como ecologia, engenharia e computa\u00e7\u00e3o, entre outras. [&hellip;]","og_url":"https:\/\/jornalfatosenoticias.com.br\/index.php\/2024\/10\/30\/brasileiros-resolvem-problema-de-matematica-sem-solucao-ha-124-anos\/","og_site_name":"Jornal Fatos e Not\u00edcias","article_published_time":"2024-10-30T15:20:26+00:00","article_modified_time":"2024-10-30T15:20:27+00:00","og_image":[{"width":612,"height":344,"url":"https:\/\/jornalfatosenoticias.com.br\/wp-content\/uploads\/2024\/10\/Brasileiros-resolvem-problema-de-matematica-sem-solucao-ha-124-anos_istock.jpg","type":"image\/jpeg"}],"author":"Luzimara Fernandes","twitter_card":"summary_large_image","twitter_misc":{"Escrito por":"Luzimara Fernandes","Est. tempo de leitura":"2 minutos"},"schema":{"@context":"https:\/\/schema.org","@graph":[{"@type":"Article","@id":"https:\/\/jornalfatosenoticias.com.br\/index.php\/2024\/10\/30\/brasileiros-resolvem-problema-de-matematica-sem-solucao-ha-124-anos\/#article","isPartOf":{"@id":"https:\/\/jornalfatosenoticias.com.br\/index.php\/2024\/10\/30\/brasileiros-resolvem-problema-de-matematica-sem-solucao-ha-124-anos\/"},"author":{"name":"Luzimara Fernandes","@id":"https:\/\/jornalfatosenoticias.com.br\/#\/schema\/person\/d63837fa13ac8666eb9e74e0985d6f81"},"headline":"Brasileiros resolvem problema de matem\u00e1tica sem solu\u00e7\u00e3o h\u00e1 124 anos","datePublished":"2024-10-30T15:20:26+00:00","dateModified":"2024-10-30T15:20:27+00:00","mainEntityOfPage":{"@id":"https:\/\/jornalfatosenoticias.com.br\/index.php\/2024\/10\/30\/brasileiros-resolvem-problema-de-matematica-sem-solucao-ha-124-anos\/"},"wordCount":400,"commentCount":0,"publisher":{"@id":"https:\/\/jornalfatosenoticias.com.br\/#organization"},"image":{"@id":"https:\/\/jornalfatosenoticias.com.br\/index.php\/2024\/10\/30\/brasileiros-resolvem-problema-de-matematica-sem-solucao-ha-124-anos\/#primaryimage"},"thumbnailUrl":"https:\/\/jornalfatosenoticias.com.br\/wp-content\/uploads\/2024\/10\/Brasileiros-resolvem-problema-de-matematica-sem-solucao-ha-124-anos_istock.jpg","keywords":["David Hilbert","f\u00edsicos","matem\u00e1ticos","Problema de Hilbert","problemas de matem\u00e1tica","trio de brasileiros"],"articleSection":["Educa\u00e7\u00e3o"],"inLanguage":"pt-BR","potentialAction":[{"@type":"CommentAction","name":"Comment","target":["https:\/\/jornalfatosenoticias.com.br\/index.php\/2024\/10\/30\/brasileiros-resolvem-problema-de-matematica-sem-solucao-ha-124-anos\/#respond"]}]},{"@type":"WebPage","@id":"https:\/\/jornalfatosenoticias.com.br\/index.php\/2024\/10\/30\/brasileiros-resolvem-problema-de-matematica-sem-solucao-ha-124-anos\/","url":"https:\/\/jornalfatosenoticias.com.br\/index.php\/2024\/10\/30\/brasileiros-resolvem-problema-de-matematica-sem-solucao-ha-124-anos\/","name":"Brasileiros resolvem problema de matem\u00e1tica sem solu\u00e7\u00e3o h\u00e1 124 anos - Jornal Fatos e Not\u00edcias","isPartOf":{"@id":"https:\/\/jornalfatosenoticias.com.br\/#website"},"primaryImageOfPage":{"@id":"https:\/\/jornalfatosenoticias.com.br\/index.php\/2024\/10\/30\/brasileiros-resolvem-problema-de-matematica-sem-solucao-ha-124-anos\/#primaryimage"},"image":{"@id":"https:\/\/jornalfatosenoticias.com.br\/index.php\/2024\/10\/30\/brasileiros-resolvem-problema-de-matematica-sem-solucao-ha-124-anos\/#primaryimage"},"thumbnailUrl":"https:\/\/jornalfatosenoticias.com.br\/wp-content\/uploads\/2024\/10\/Brasileiros-resolvem-problema-de-matematica-sem-solucao-ha-124-anos_istock.jpg","datePublished":"2024-10-30T15:20:26+00:00","dateModified":"2024-10-30T15:20:27+00:00","breadcrumb":{"@id":"https:\/\/jornalfatosenoticias.com.br\/index.php\/2024\/10\/30\/brasileiros-resolvem-problema-de-matematica-sem-solucao-ha-124-anos\/#breadcrumb"},"inLanguage":"pt-BR","potentialAction":[{"@type":"ReadAction","target":["https:\/\/jornalfatosenoticias.com.br\/index.php\/2024\/10\/30\/brasileiros-resolvem-problema-de-matematica-sem-solucao-ha-124-anos\/"]}]},{"@type":"ImageObject","inLanguage":"pt-BR","@id":"https:\/\/jornalfatosenoticias.com.br\/index.php\/2024\/10\/30\/brasileiros-resolvem-problema-de-matematica-sem-solucao-ha-124-anos\/#primaryimage","url":"https:\/\/jornalfatosenoticias.com.br\/wp-content\/uploads\/2024\/10\/Brasileiros-resolvem-problema-de-matematica-sem-solucao-ha-124-anos_istock.jpg","contentUrl":"https:\/\/jornalfatosenoticias.com.br\/wp-content\/uploads\/2024\/10\/Brasileiros-resolvem-problema-de-matematica-sem-solucao-ha-124-anos_istock.jpg","width":612,"height":344,"caption":"Brilliant Young Mathematician Approaches Big Blackboard and Finishes writing Sophisticated Mathematical Formula\/ Equation."},{"@type":"BreadcrumbList","@id":"https:\/\/jornalfatosenoticias.com.br\/index.php\/2024\/10\/30\/brasileiros-resolvem-problema-de-matematica-sem-solucao-ha-124-anos\/#breadcrumb","itemListElement":[{"@type":"ListItem","position":1,"name":"In\u00edcio","item":"https:\/\/jornalfatosenoticias.com.br\/"},{"@type":"ListItem","position":2,"name":"Brasileiros resolvem problema de matem\u00e1tica sem solu\u00e7\u00e3o h\u00e1 124 anos"}]},{"@type":"WebSite","@id":"https:\/\/jornalfatosenoticias.com.br\/#website","url":"https:\/\/jornalfatosenoticias.com.br\/","name":"Jornal Fatos e Not\u00edcias","description":"Not\u00edcias em geral","publisher":{"@id":"https:\/\/jornalfatosenoticias.com.br\/#organization"},"potentialAction":[{"@type":"SearchAction","target":{"@type":"EntryPoint","urlTemplate":"https:\/\/jornalfatosenoticias.com.br\/?s={search_term_string}"},"query-input":{"@type":"PropertyValueSpecification","valueRequired":true,"valueName":"search_term_string"}}],"inLanguage":"pt-BR"},{"@type":"Organization","@id":"https:\/\/jornalfatosenoticias.com.br\/#organization","name":"Jornal Fatos e Not\u00edcias","url":"https:\/\/jornalfatosenoticias.com.br\/","logo":{"@type":"ImageObject","inLanguage":"pt-BR","@id":"https:\/\/jornalfatosenoticias.com.br\/#\/schema\/logo\/image\/","url":"https:\/\/jornalfatosenoticias.com.br\/wp-content\/uploads\/2020\/02\/logo120.png","contentUrl":"https:\/\/jornalfatosenoticias.com.br\/wp-content\/uploads\/2020\/02\/logo120.png","width":1227,"height":120,"caption":"Jornal Fatos e Not\u00edcias"},"image":{"@id":"https:\/\/jornalfatosenoticias.com.br\/#\/schema\/logo\/image\/"}},{"@type":"Person","@id":"https:\/\/jornalfatosenoticias.com.br\/#\/schema\/person\/d63837fa13ac8666eb9e74e0985d6f81","name":"Luzimara Fernandes","image":{"@type":"ImageObject","inLanguage":"pt-BR","@id":"https:\/\/jornalfatosenoticias.com.br\/#\/schema\/person\/image\/","url":"https:\/\/jornalfatosenoticias.com.br\/wp-content\/uploads\/2025\/05\/EU_portal.jpg","contentUrl":"https:\/\/jornalfatosenoticias.com.br\/wp-content\/uploads\/2025\/05\/EU_portal.jpg","caption":"Luzimara Fernandes"},"description":"Jornalista MTB 2358-ES","sameAs":["https:\/\/jornalfatosenoticias.com.br"],"url":"https:\/\/jornalfatosenoticias.com.br\/index.php\/author\/luzimara\/"}]}},"cc_featured_image_caption":{"caption_text":"Imagem ilustrativa (Foto: iStock)","source_text":"","source_url":""},"jetpack_featured_media_url":"https:\/\/jornalfatosenoticias.com.br\/wp-content\/uploads\/2024\/10\/Brasileiros-resolvem-problema-de-matematica-sem-solucao-ha-124-anos_istock.jpg","_links":{"self":[{"href":"https:\/\/jornalfatosenoticias.com.br\/index.php\/wp-json\/wp\/v2\/posts\/55269","targetHints":{"allow":["GET"]}}],"collection":[{"href":"https:\/\/jornalfatosenoticias.com.br\/index.php\/wp-json\/wp\/v2\/posts"}],"about":[{"href":"https:\/\/jornalfatosenoticias.com.br\/index.php\/wp-json\/wp\/v2\/types\/post"}],"author":[{"embeddable":true,"href":"https:\/\/jornalfatosenoticias.com.br\/index.php\/wp-json\/wp\/v2\/users\/2"}],"replies":[{"embeddable":true,"href":"https:\/\/jornalfatosenoticias.com.br\/index.php\/wp-json\/wp\/v2\/comments?post=55269"}],"version-history":[{"count":0,"href":"https:\/\/jornalfatosenoticias.com.br\/index.php\/wp-json\/wp\/v2\/posts\/55269\/revisions"}],"wp:featuredmedia":[{"embeddable":true,"href":"https:\/\/jornalfatosenoticias.com.br\/index.php\/wp-json\/wp\/v2\/media\/55270"}],"wp:attachment":[{"href":"https:\/\/jornalfatosenoticias.com.br\/index.php\/wp-json\/wp\/v2\/media?parent=55269"}],"wp:term":[{"taxonomy":"category","embeddable":true,"href":"https:\/\/jornalfatosenoticias.com.br\/index.php\/wp-json\/wp\/v2\/categories?post=55269"},{"taxonomy":"post_tag","embeddable":true,"href":"https:\/\/jornalfatosenoticias.com.br\/index.php\/wp-json\/wp\/v2\/tags?post=55269"}],"curies":[{"name":"wp","href":"https:\/\/api.w.org\/{rel}","templated":true}]}}