{"id":55280,"date":"2024-10-30T12:50:03","date_gmt":"2024-10-30T15:50:03","guid":{"rendered":"https:\/\/jornalfatosenoticias.com.br\/?p=55280"},"modified":"2024-10-30T12:50:05","modified_gmt":"2024-10-30T15:50:05","slug":"teolinda-gersao-e-a-convidada-do-encontro-de-leituras-de-novembro","status":"publish","type":"post","link":"https:\/\/jornalfatosenoticias.com.br\/index.php\/2024\/10\/30\/teolinda-gersao-e-a-convidada-do-encontro-de-leituras-de-novembro\/","title":{"rendered":"Teolinda Gers\u00e3o \u00e9 a convidada do Encontro de Leituras de novembro"},"content":{"rendered":"\n<p><span class=\"has-inline-color has-black-color\"><em>Escritora discutir\u00e1 com leitores brasileiros e portugueses sobre \u2018O regresso de J\u00falia Mann a Paraty\u2019, romance que tem o Nobel de Literatura Thomas Mann, sua m\u00e3e brasileira e Freud como personagens<\/em><\/span><\/p>\n\n\n\n<div class=\"wp-block-image\"><figure class=\"aligncenter size-large is-resized\"><a href=\"https:\/\/www.facebook.com\/vetor.vix\/\"><img loading=\"lazy\" decoding=\"async\" src=\"https:\/\/jornalfatosenoticias.com.br\/wp-content\/uploads\/2023\/09\/vetorvix1024_1.jpg\" alt=\"\" class=\"wp-image-44868\" width=\"539\" height=\"143\" srcset=\"https:\/\/jornalfatosenoticias.com.br\/wp-content\/uploads\/2023\/09\/vetorvix1024_1.jpg 1024w, https:\/\/jornalfatosenoticias.com.br\/wp-content\/uploads\/2023\/09\/vetorvix1024_1-300x80.jpg 300w, https:\/\/jornalfatosenoticias.com.br\/wp-content\/uploads\/2023\/09\/vetorvix1024_1-768x205.jpg 768w\" sizes=\"auto, (max-width: 539px) 100vw, 539px\" \/><\/a><\/figure><\/div>\n\n\n\n<p>O Encontro de Leituras, parceria editorial entre o jornal portugu\u00eas P\u00daBLICO e a Quatro Cinco Um, recebe a escritora portuguesa Teolinda Gers\u00e3o no dia 12 de novembro, \u00e0s 19h do Brasil e 22h de Portugal, para conversar sobre o romance <em>O regresso de J\u00falia Mann a Paraty.<\/em><br>Publicado em 2021 em Portugal, pela Porto Editora, e lan\u00e7ado no Brasil pela Oficina Raquel, o romance imagina o retorno de J\u00falia da Silva Bruhns, a J\u00falia Mann (1851-1923), ao Brasil. Nascida em Paraty, Rio de Janeiro, a m\u00e3e do Nobel de Literatura Thomas Mann influenciou a hist\u00f3ria liter\u00e1ria europeia a partir do cruzamento de culturas, do ex\u00edlio e da mem\u00f3ria. Filha de pai alem\u00e3o e m\u00e3e brasileira, ela foi \u00e0 Europa ainda crian\u00e7a ap\u00f3s a morte da m\u00e3e e nunca retornou ao Brasil.<\/p>\n\n\n\n<div class=\"wp-block-image\"><figure class=\"aligncenter size-large\"><a href=\"https:\/\/cesconetto.com.br\/\"><img loading=\"lazy\" decoding=\"async\" width=\"300\" height=\"250\" src=\"https:\/\/jornalfatosenoticias.com.br\/wp-content\/uploads\/2020\/02\/Banner-2.png\" alt=\"\" class=\"wp-image-43787\"\/><\/a><\/figure><\/div>\n\n\n\n<p>A hist\u00f3ria traz, al\u00e9m de Thomas Mann, Sigmund Freud, o pai da psican\u00e1lise, como personagem. A autora desenvolve a narrativa a partir de quest\u00f5es como deslocamento, maternidade, pol\u00edtica e mem\u00f3ria. Vencedora do Grande Pr\u00e9mio de Conto Camilo Castelo Branco por <em>Hist\u00f3rias de ver e andar <\/em>(Sextante, 2002), Teolinda Gers\u00e3o publicou no Brasil a antologia de contos <em>Alice e outras mulheres<\/em> (2020) e o romance <em>A cidade de Ulisses<\/em> (2017), ambos pela Oficina Raquel.<\/p>\n\n\n\n<div class=\"wp-block-image\"><figure class=\"aligncenter size-large is-resized\"><a href=\"https:\/\/www.facebook.com\/postobkr\/?locale=pt_BR\"><img loading=\"lazy\" decoding=\"async\" src=\"https:\/\/jornalfatosenoticias.com.br\/wp-content\/uploads\/2023\/08\/BKR-1024x1021.jpg\" alt=\"\" class=\"wp-image-44494\" width=\"297\" height=\"296\" srcset=\"https:\/\/jornalfatosenoticias.com.br\/wp-content\/uploads\/2023\/08\/BKR-1024x1021.jpg 1024w, https:\/\/jornalfatosenoticias.com.br\/wp-content\/uploads\/2023\/08\/BKR-300x300.jpg 300w, https:\/\/jornalfatosenoticias.com.br\/wp-content\/uploads\/2023\/08\/BKR-150x150.jpg 150w, https:\/\/jornalfatosenoticias.com.br\/wp-content\/uploads\/2023\/08\/BKR-768x766.jpg 768w, https:\/\/jornalfatosenoticias.com.br\/wp-content\/uploads\/2023\/08\/BKR.jpg 1080w\" sizes=\"auto, (max-width: 297px) 100vw, 297px\" \/><\/a><\/figure><\/div>\n\n\n\n<p>O acesso ao clube do Encontro de Leituras \u00e9 gratuito. O evento \u00e9 aberto a todos que queiram participar e pode ser acessado atrav\u00e9s do <strong><span class=\"has-inline-color has-black-color\">ID 821 5605 8496<\/span><\/strong> e da senha de acesso <strong><span class=\"has-inline-color has-black-color\">719623.<\/span><\/strong> Para participar, basta acessar este <a href=\"https:\/\/us06web.zoom.us\/j\/82156058496?pwd=XVajCpNXeHl8x1QmXY9aL32G2yfHoB.1#success\">link.<\/a> O evento n\u00e3o \u00e9 transmitido nas redes, nem disponibilizado depois. Os melhores momentos s\u00e3o publicados no podcast Encontro de Leituras, dispon\u00edvel no Spotify, Apple Podcasts, SoundCloud ou outros aplicativos habituais.<\/p>\n\n\n\n<div class=\"wp-block-image\"><figure class=\"aligncenter size-large is-resized\"><a href=\"https:\/\/panper.com.br\/\"><img loading=\"lazy\" decoding=\"async\" src=\"https:\/\/jornalfatosenoticias.com.br\/wp-content\/uploads\/2023\/03\/logo-Panper_portal.jpg\" alt=\"\" class=\"wp-image-40208\" width=\"345\" height=\"239\" srcset=\"https:\/\/jornalfatosenoticias.com.br\/wp-content\/uploads\/2023\/03\/logo-Panper_portal.jpg 400w, https:\/\/jornalfatosenoticias.com.br\/wp-content\/uploads\/2023\/03\/logo-Panper_portal-300x208.jpg 300w\" sizes=\"auto, (max-width: 345px) 100vw, 345px\" \/><\/a><\/figure><\/div>\n\n\n\n<p><strong><span class=\"has-inline-color has-vivid-purple-color\">Parceria dos dois lados do Atl\u00e2ntico<br><\/span><\/strong>O Encontro de Leituras junta leitores de l\u00edngua portuguesa e discute romances, ensaios, mem\u00f3rias, literatura de viagem e obras de jornalismo liter\u00e1rio na presen\u00e7a de um escritor, editor ou especialista convidado. A parceria entre o P\u00daBLICO e a Quatro Cinco Um inclui um <a href=\"https:\/\/www.publico.pt\/aovivo\/programa\/encontro-leituras\">espa\u00e7o editorial fixo nos dois ve\u00edculos<\/a> e uma newsletter mensal sobre o tr\u00e2nsito liter\u00e1rio e editorial entre os pa\u00edses de l\u00edngua portuguesa.<\/p>\n\n\n\n<div class=\"wp-block-image\"><figure class=\"aligncenter size-large is-resized\"><a href=\"https:\/\/www.ithbrasil.com.br\/\"><img loading=\"lazy\" decoding=\"async\" src=\"https:\/\/jornalfatosenoticias.com.br\/wp-content\/uploads\/2023\/08\/ITH.jpeg\" alt=\"\" class=\"wp-image-44638\" width=\"296\" height=\"240\" srcset=\"https:\/\/jornalfatosenoticias.com.br\/wp-content\/uploads\/2023\/08\/ITH.jpeg 800w, https:\/\/jornalfatosenoticias.com.br\/wp-content\/uploads\/2023\/08\/ITH-300x244.jpeg 300w, https:\/\/jornalfatosenoticias.com.br\/wp-content\/uploads\/2023\/08\/ITH-768x624.jpeg 768w\" sizes=\"auto, (max-width: 296px) 100vw, 296px\" \/><\/a><\/figure><\/div>\n\n\n\n<p><strong><em>Fonte: <a href=\"https:\/\/quatrocincoum.com.br\/noticias\/encontro-de-leituras\/teolinda-gersao-e-a-convidada-do-encontro-de-leituras-de-novembro\/\">Quatro Cinco Um<\/a><\/em><\/strong><\/p>\n","protected":false},"excerpt":{"rendered":"<p>Escritora discutir\u00e1 com leitores brasileiros e portugueses sobre \u2018O regresso de J\u00falia Mann a Paraty\u2019, romance que tem o Nobel de Literatura Thomas Mann, sua m\u00e3e brasileira e Freud como personagens O Encontro de Leituras, parceria editorial entre o jornal portugu\u00eas P\u00daBLICO e a Quatro Cinco Um, recebe a escritora portuguesa Teolinda Gers\u00e3o no dia [&hellip;]<\/p>\n","protected":false},"author":2,"featured_media":55281,"comment_status":"open","ping_status":"open","sticky":false,"template":"","format":"standard","meta":{"footnotes":""},"categories":[4],"tags":[25202,25199,914,25200,9408,25201],"class_list":["post-55280","post","type-post","status-publish","format-standard","has-post-thumbnail","hentry","category-cultura","tag-encontro-de-leituras","tag-jornalismo-literario","tag-literatura","tag-literatura-portuguesa","tag-obras-literarias","tag-teolinda-gersao"],"yoast_head":"<!-- This site is optimized with the Yoast SEO plugin v26.5 - https:\/\/yoast.com\/wordpress\/plugins\/seo\/ -->\n<title>Teolinda Gers\u00e3o \u00e9 a convidada do Encontro de Leituras de novembro - Jornal Fatos e Not\u00edcias<\/title>\n<meta name=\"robots\" content=\"index, follow, max-snippet:-1, max-image-preview:large, max-video-preview:-1\" \/>\n<link rel=\"canonical\" href=\"https:\/\/jornalfatosenoticias.com.br\/index.php\/2024\/10\/30\/teolinda-gersao-e-a-convidada-do-encontro-de-leituras-de-novembro\/\" \/>\n<meta property=\"og:locale\" content=\"pt_BR\" \/>\n<meta property=\"og:type\" content=\"article\" \/>\n<meta property=\"og:title\" content=\"Teolinda Gers\u00e3o \u00e9 a convidada do Encontro de Leituras de novembro - Jornal Fatos e Not\u00edcias\" \/>\n<meta property=\"og:description\" content=\"Escritora discutir\u00e1 com leitores brasileiros e portugueses sobre \u2018O regresso de J\u00falia Mann a Paraty\u2019, romance que tem o Nobel de Literatura Thomas Mann, sua m\u00e3e brasileira e Freud como personagens O Encontro de Leituras, parceria editorial entre o jornal portugu\u00eas P\u00daBLICO e a Quatro Cinco Um, recebe a escritora portuguesa Teolinda Gers\u00e3o no dia [&hellip;]\" \/>\n<meta property=\"og:url\" content=\"https:\/\/jornalfatosenoticias.com.br\/index.php\/2024\/10\/30\/teolinda-gersao-e-a-convidada-do-encontro-de-leituras-de-novembro\/\" \/>\n<meta property=\"og:site_name\" content=\"Jornal Fatos e Not\u00edcias\" \/>\n<meta property=\"article:published_time\" content=\"2024-10-30T15:50:03+00:00\" \/>\n<meta property=\"article:modified_time\" content=\"2024-10-30T15:50:05+00:00\" \/>\n<meta property=\"og:image\" content=\"https:\/\/jornalfatosenoticias.com.br\/wp-content\/uploads\/2024\/10\/Teolinda-Gersao-cred-Antonio-Homem-Cardoso-divulgacao.jpg\" \/>\n\t<meta property=\"og:image:width\" content=\"765\" \/>\n\t<meta property=\"og:image:height\" content=\"1000\" \/>\n\t<meta property=\"og:image:type\" content=\"image\/jpeg\" \/>\n<meta name=\"author\" content=\"Luzimara Fernandes\" \/>\n<meta name=\"twitter:card\" content=\"summary_large_image\" \/>\n<meta name=\"twitter:label1\" content=\"Escrito por\" \/>\n\t<meta name=\"twitter:data1\" content=\"Luzimara Fernandes\" \/>\n\t<meta name=\"twitter:label2\" content=\"Est. tempo de leitura\" \/>\n\t<meta name=\"twitter:data2\" content=\"2 minutos\" \/>\n<script type=\"application\/ld+json\" class=\"yoast-schema-graph\">{\"@context\":\"https:\/\/schema.org\",\"@graph\":[{\"@type\":\"Article\",\"@id\":\"https:\/\/jornalfatosenoticias.com.br\/index.php\/2024\/10\/30\/teolinda-gersao-e-a-convidada-do-encontro-de-leituras-de-novembro\/#article\",\"isPartOf\":{\"@id\":\"https:\/\/jornalfatosenoticias.com.br\/index.php\/2024\/10\/30\/teolinda-gersao-e-a-convidada-do-encontro-de-leituras-de-novembro\/\"},\"author\":{\"name\":\"Luzimara Fernandes\",\"@id\":\"https:\/\/jornalfatosenoticias.com.br\/#\/schema\/person\/d63837fa13ac8666eb9e74e0985d6f81\"},\"headline\":\"Teolinda Gers\u00e3o \u00e9 a convidada do Encontro de Leituras de novembro\",\"datePublished\":\"2024-10-30T15:50:03+00:00\",\"dateModified\":\"2024-10-30T15:50:05+00:00\",\"mainEntityOfPage\":{\"@id\":\"https:\/\/jornalfatosenoticias.com.br\/index.php\/2024\/10\/30\/teolinda-gersao-e-a-convidada-do-encontro-de-leituras-de-novembro\/\"},\"wordCount\":423,\"commentCount\":0,\"publisher\":{\"@id\":\"https:\/\/jornalfatosenoticias.com.br\/#organization\"},\"image\":{\"@id\":\"https:\/\/jornalfatosenoticias.com.br\/index.php\/2024\/10\/30\/teolinda-gersao-e-a-convidada-do-encontro-de-leituras-de-novembro\/#primaryimage\"},\"thumbnailUrl\":\"https:\/\/jornalfatosenoticias.com.br\/wp-content\/uploads\/2024\/10\/Teolinda-Gersao-cred-Antonio-Homem-Cardoso-divulgacao.jpg\",\"keywords\":[\"Encontro de Leituras\",\"jornalismo liter\u00e1rio\",\"literatura\",\"literatura portuguesa\",\"obras liter\u00e1rias\",\"Teolinda Gers\u00e3o\"],\"articleSection\":[\"Cultura\"],\"inLanguage\":\"pt-BR\",\"potentialAction\":[{\"@type\":\"CommentAction\",\"name\":\"Comment\",\"target\":[\"https:\/\/jornalfatosenoticias.com.br\/index.php\/2024\/10\/30\/teolinda-gersao-e-a-convidada-do-encontro-de-leituras-de-novembro\/#respond\"]}]},{\"@type\":\"WebPage\",\"@id\":\"https:\/\/jornalfatosenoticias.com.br\/index.php\/2024\/10\/30\/teolinda-gersao-e-a-convidada-do-encontro-de-leituras-de-novembro\/\",\"url\":\"https:\/\/jornalfatosenoticias.com.br\/index.php\/2024\/10\/30\/teolinda-gersao-e-a-convidada-do-encontro-de-leituras-de-novembro\/\",\"name\":\"Teolinda Gers\u00e3o \u00e9 a convidada do Encontro de Leituras de novembro - Jornal Fatos e Not\u00edcias\",\"isPartOf\":{\"@id\":\"https:\/\/jornalfatosenoticias.com.br\/#website\"},\"primaryImageOfPage\":{\"@id\":\"https:\/\/jornalfatosenoticias.com.br\/index.php\/2024\/10\/30\/teolinda-gersao-e-a-convidada-do-encontro-de-leituras-de-novembro\/#primaryimage\"},\"image\":{\"@id\":\"https:\/\/jornalfatosenoticias.com.br\/index.php\/2024\/10\/30\/teolinda-gersao-e-a-convidada-do-encontro-de-leituras-de-novembro\/#primaryimage\"},\"thumbnailUrl\":\"https:\/\/jornalfatosenoticias.com.br\/wp-content\/uploads\/2024\/10\/Teolinda-Gersao-cred-Antonio-Homem-Cardoso-divulgacao.jpg\",\"datePublished\":\"2024-10-30T15:50:03+00:00\",\"dateModified\":\"2024-10-30T15:50:05+00:00\",\"breadcrumb\":{\"@id\":\"https:\/\/jornalfatosenoticias.com.br\/index.php\/2024\/10\/30\/teolinda-gersao-e-a-convidada-do-encontro-de-leituras-de-novembro\/#breadcrumb\"},\"inLanguage\":\"pt-BR\",\"potentialAction\":[{\"@type\":\"ReadAction\",\"target\":[\"https:\/\/jornalfatosenoticias.com.br\/index.php\/2024\/10\/30\/teolinda-gersao-e-a-convidada-do-encontro-de-leituras-de-novembro\/\"]}]},{\"@type\":\"ImageObject\",\"inLanguage\":\"pt-BR\",\"@id\":\"https:\/\/jornalfatosenoticias.com.br\/index.php\/2024\/10\/30\/teolinda-gersao-e-a-convidada-do-encontro-de-leituras-de-novembro\/#primaryimage\",\"url\":\"https:\/\/jornalfatosenoticias.com.br\/wp-content\/uploads\/2024\/10\/Teolinda-Gersao-cred-Antonio-Homem-Cardoso-divulgacao.jpg\",\"contentUrl\":\"https:\/\/jornalfatosenoticias.com.br\/wp-content\/uploads\/2024\/10\/Teolinda-Gersao-cred-Antonio-Homem-Cardoso-divulgacao.jpg\",\"width\":765,\"height\":1000},{\"@type\":\"BreadcrumbList\",\"@id\":\"https:\/\/jornalfatosenoticias.com.br\/index.php\/2024\/10\/30\/teolinda-gersao-e-a-convidada-do-encontro-de-leituras-de-novembro\/#breadcrumb\",\"itemListElement\":[{\"@type\":\"ListItem\",\"position\":1,\"name\":\"In\u00edcio\",\"item\":\"https:\/\/jornalfatosenoticias.com.br\/\"},{\"@type\":\"ListItem\",\"position\":2,\"name\":\"Teolinda Gers\u00e3o \u00e9 a convidada do Encontro de Leituras de novembro\"}]},{\"@type\":\"WebSite\",\"@id\":\"https:\/\/jornalfatosenoticias.com.br\/#website\",\"url\":\"https:\/\/jornalfatosenoticias.com.br\/\",\"name\":\"Jornal Fatos e Not\u00edcias\",\"description\":\"Not\u00edcias em geral\",\"publisher\":{\"@id\":\"https:\/\/jornalfatosenoticias.com.br\/#organization\"},\"potentialAction\":[{\"@type\":\"SearchAction\",\"target\":{\"@type\":\"EntryPoint\",\"urlTemplate\":\"https:\/\/jornalfatosenoticias.com.br\/?s={search_term_string}\"},\"query-input\":{\"@type\":\"PropertyValueSpecification\",\"valueRequired\":true,\"valueName\":\"search_term_string\"}}],\"inLanguage\":\"pt-BR\"},{\"@type\":\"Organization\",\"@id\":\"https:\/\/jornalfatosenoticias.com.br\/#organization\",\"name\":\"Jornal Fatos e Not\u00edcias\",\"url\":\"https:\/\/jornalfatosenoticias.com.br\/\",\"logo\":{\"@type\":\"ImageObject\",\"inLanguage\":\"pt-BR\",\"@id\":\"https:\/\/jornalfatosenoticias.com.br\/#\/schema\/logo\/image\/\",\"url\":\"https:\/\/jornalfatosenoticias.com.br\/wp-content\/uploads\/2020\/02\/logo120.png\",\"contentUrl\":\"https:\/\/jornalfatosenoticias.com.br\/wp-content\/uploads\/2020\/02\/logo120.png\",\"width\":1227,\"height\":120,\"caption\":\"Jornal Fatos e Not\u00edcias\"},\"image\":{\"@id\":\"https:\/\/jornalfatosenoticias.com.br\/#\/schema\/logo\/image\/\"}},{\"@type\":\"Person\",\"@id\":\"https:\/\/jornalfatosenoticias.com.br\/#\/schema\/person\/d63837fa13ac8666eb9e74e0985d6f81\",\"name\":\"Luzimara Fernandes\",\"image\":{\"@type\":\"ImageObject\",\"inLanguage\":\"pt-BR\",\"@id\":\"https:\/\/jornalfatosenoticias.com.br\/#\/schema\/person\/image\/\",\"url\":\"https:\/\/jornalfatosenoticias.com.br\/wp-content\/uploads\/2025\/05\/EU_portal.jpg\",\"contentUrl\":\"https:\/\/jornalfatosenoticias.com.br\/wp-content\/uploads\/2025\/05\/EU_portal.jpg\",\"caption\":\"Luzimara Fernandes\"},\"description\":\"Jornalista MTB 2358-ES\",\"sameAs\":[\"https:\/\/jornalfatosenoticias.com.br\"],\"url\":\"https:\/\/jornalfatosenoticias.com.br\/index.php\/author\/luzimara\/\"}]}<\/script>\n<!-- \/ Yoast SEO plugin. -->","yoast_head_json":{"title":"Teolinda Gers\u00e3o \u00e9 a convidada do Encontro de Leituras de novembro - Jornal Fatos e Not\u00edcias","robots":{"index":"index","follow":"follow","max-snippet":"max-snippet:-1","max-image-preview":"max-image-preview:large","max-video-preview":"max-video-preview:-1"},"canonical":"https:\/\/jornalfatosenoticias.com.br\/index.php\/2024\/10\/30\/teolinda-gersao-e-a-convidada-do-encontro-de-leituras-de-novembro\/","og_locale":"pt_BR","og_type":"article","og_title":"Teolinda Gers\u00e3o \u00e9 a convidada do Encontro de Leituras de novembro - Jornal Fatos e Not\u00edcias","og_description":"Escritora discutir\u00e1 com leitores brasileiros e portugueses sobre \u2018O regresso de J\u00falia Mann a Paraty\u2019, romance que tem o Nobel de Literatura Thomas Mann, sua m\u00e3e brasileira e Freud como personagens O Encontro de Leituras, parceria editorial entre o jornal portugu\u00eas P\u00daBLICO e a Quatro Cinco Um, recebe a escritora portuguesa Teolinda Gers\u00e3o no dia [&hellip;]","og_url":"https:\/\/jornalfatosenoticias.com.br\/index.php\/2024\/10\/30\/teolinda-gersao-e-a-convidada-do-encontro-de-leituras-de-novembro\/","og_site_name":"Jornal Fatos e Not\u00edcias","article_published_time":"2024-10-30T15:50:03+00:00","article_modified_time":"2024-10-30T15:50:05+00:00","og_image":[{"width":765,"height":1000,"url":"https:\/\/jornalfatosenoticias.com.br\/wp-content\/uploads\/2024\/10\/Teolinda-Gersao-cred-Antonio-Homem-Cardoso-divulgacao.jpg","type":"image\/jpeg"}],"author":"Luzimara Fernandes","twitter_card":"summary_large_image","twitter_misc":{"Escrito por":"Luzimara Fernandes","Est. tempo de leitura":"2 minutos"},"schema":{"@context":"https:\/\/schema.org","@graph":[{"@type":"Article","@id":"https:\/\/jornalfatosenoticias.com.br\/index.php\/2024\/10\/30\/teolinda-gersao-e-a-convidada-do-encontro-de-leituras-de-novembro\/#article","isPartOf":{"@id":"https:\/\/jornalfatosenoticias.com.br\/index.php\/2024\/10\/30\/teolinda-gersao-e-a-convidada-do-encontro-de-leituras-de-novembro\/"},"author":{"name":"Luzimara Fernandes","@id":"https:\/\/jornalfatosenoticias.com.br\/#\/schema\/person\/d63837fa13ac8666eb9e74e0985d6f81"},"headline":"Teolinda Gers\u00e3o \u00e9 a convidada do Encontro de Leituras de novembro","datePublished":"2024-10-30T15:50:03+00:00","dateModified":"2024-10-30T15:50:05+00:00","mainEntityOfPage":{"@id":"https:\/\/jornalfatosenoticias.com.br\/index.php\/2024\/10\/30\/teolinda-gersao-e-a-convidada-do-encontro-de-leituras-de-novembro\/"},"wordCount":423,"commentCount":0,"publisher":{"@id":"https:\/\/jornalfatosenoticias.com.br\/#organization"},"image":{"@id":"https:\/\/jornalfatosenoticias.com.br\/index.php\/2024\/10\/30\/teolinda-gersao-e-a-convidada-do-encontro-de-leituras-de-novembro\/#primaryimage"},"thumbnailUrl":"https:\/\/jornalfatosenoticias.com.br\/wp-content\/uploads\/2024\/10\/Teolinda-Gersao-cred-Antonio-Homem-Cardoso-divulgacao.jpg","keywords":["Encontro de Leituras","jornalismo liter\u00e1rio","literatura","literatura portuguesa","obras liter\u00e1rias","Teolinda Gers\u00e3o"],"articleSection":["Cultura"],"inLanguage":"pt-BR","potentialAction":[{"@type":"CommentAction","name":"Comment","target":["https:\/\/jornalfatosenoticias.com.br\/index.php\/2024\/10\/30\/teolinda-gersao-e-a-convidada-do-encontro-de-leituras-de-novembro\/#respond"]}]},{"@type":"WebPage","@id":"https:\/\/jornalfatosenoticias.com.br\/index.php\/2024\/10\/30\/teolinda-gersao-e-a-convidada-do-encontro-de-leituras-de-novembro\/","url":"https:\/\/jornalfatosenoticias.com.br\/index.php\/2024\/10\/30\/teolinda-gersao-e-a-convidada-do-encontro-de-leituras-de-novembro\/","name":"Teolinda Gers\u00e3o \u00e9 a convidada do Encontro de Leituras de novembro - Jornal Fatos e Not\u00edcias","isPartOf":{"@id":"https:\/\/jornalfatosenoticias.com.br\/#website"},"primaryImageOfPage":{"@id":"https:\/\/jornalfatosenoticias.com.br\/index.php\/2024\/10\/30\/teolinda-gersao-e-a-convidada-do-encontro-de-leituras-de-novembro\/#primaryimage"},"image":{"@id":"https:\/\/jornalfatosenoticias.com.br\/index.php\/2024\/10\/30\/teolinda-gersao-e-a-convidada-do-encontro-de-leituras-de-novembro\/#primaryimage"},"thumbnailUrl":"https:\/\/jornalfatosenoticias.com.br\/wp-content\/uploads\/2024\/10\/Teolinda-Gersao-cred-Antonio-Homem-Cardoso-divulgacao.jpg","datePublished":"2024-10-30T15:50:03+00:00","dateModified":"2024-10-30T15:50:05+00:00","breadcrumb":{"@id":"https:\/\/jornalfatosenoticias.com.br\/index.php\/2024\/10\/30\/teolinda-gersao-e-a-convidada-do-encontro-de-leituras-de-novembro\/#breadcrumb"},"inLanguage":"pt-BR","potentialAction":[{"@type":"ReadAction","target":["https:\/\/jornalfatosenoticias.com.br\/index.php\/2024\/10\/30\/teolinda-gersao-e-a-convidada-do-encontro-de-leituras-de-novembro\/"]}]},{"@type":"ImageObject","inLanguage":"pt-BR","@id":"https:\/\/jornalfatosenoticias.com.br\/index.php\/2024\/10\/30\/teolinda-gersao-e-a-convidada-do-encontro-de-leituras-de-novembro\/#primaryimage","url":"https:\/\/jornalfatosenoticias.com.br\/wp-content\/uploads\/2024\/10\/Teolinda-Gersao-cred-Antonio-Homem-Cardoso-divulgacao.jpg","contentUrl":"https:\/\/jornalfatosenoticias.com.br\/wp-content\/uploads\/2024\/10\/Teolinda-Gersao-cred-Antonio-Homem-Cardoso-divulgacao.jpg","width":765,"height":1000},{"@type":"BreadcrumbList","@id":"https:\/\/jornalfatosenoticias.com.br\/index.php\/2024\/10\/30\/teolinda-gersao-e-a-convidada-do-encontro-de-leituras-de-novembro\/#breadcrumb","itemListElement":[{"@type":"ListItem","position":1,"name":"In\u00edcio","item":"https:\/\/jornalfatosenoticias.com.br\/"},{"@type":"ListItem","position":2,"name":"Teolinda Gers\u00e3o \u00e9 a convidada do Encontro de Leituras de novembro"}]},{"@type":"WebSite","@id":"https:\/\/jornalfatosenoticias.com.br\/#website","url":"https:\/\/jornalfatosenoticias.com.br\/","name":"Jornal Fatos e Not\u00edcias","description":"Not\u00edcias em geral","publisher":{"@id":"https:\/\/jornalfatosenoticias.com.br\/#organization"},"potentialAction":[{"@type":"SearchAction","target":{"@type":"EntryPoint","urlTemplate":"https:\/\/jornalfatosenoticias.com.br\/?s={search_term_string}"},"query-input":{"@type":"PropertyValueSpecification","valueRequired":true,"valueName":"search_term_string"}}],"inLanguage":"pt-BR"},{"@type":"Organization","@id":"https:\/\/jornalfatosenoticias.com.br\/#organization","name":"Jornal Fatos e Not\u00edcias","url":"https:\/\/jornalfatosenoticias.com.br\/","logo":{"@type":"ImageObject","inLanguage":"pt-BR","@id":"https:\/\/jornalfatosenoticias.com.br\/#\/schema\/logo\/image\/","url":"https:\/\/jornalfatosenoticias.com.br\/wp-content\/uploads\/2020\/02\/logo120.png","contentUrl":"https:\/\/jornalfatosenoticias.com.br\/wp-content\/uploads\/2020\/02\/logo120.png","width":1227,"height":120,"caption":"Jornal Fatos e Not\u00edcias"},"image":{"@id":"https:\/\/jornalfatosenoticias.com.br\/#\/schema\/logo\/image\/"}},{"@type":"Person","@id":"https:\/\/jornalfatosenoticias.com.br\/#\/schema\/person\/d63837fa13ac8666eb9e74e0985d6f81","name":"Luzimara Fernandes","image":{"@type":"ImageObject","inLanguage":"pt-BR","@id":"https:\/\/jornalfatosenoticias.com.br\/#\/schema\/person\/image\/","url":"https:\/\/jornalfatosenoticias.com.br\/wp-content\/uploads\/2025\/05\/EU_portal.jpg","contentUrl":"https:\/\/jornalfatosenoticias.com.br\/wp-content\/uploads\/2025\/05\/EU_portal.jpg","caption":"Luzimara Fernandes"},"description":"Jornalista MTB 2358-ES","sameAs":["https:\/\/jornalfatosenoticias.com.br"],"url":"https:\/\/jornalfatosenoticias.com.br\/index.php\/author\/luzimara\/"}]}},"cc_featured_image_caption":{"caption_text":"(Foto: Ant\u00f3nio Homem Cardoso\/Divulga\u00e7\u00e3o)","source_text":"","source_url":""},"jetpack_featured_media_url":"https:\/\/jornalfatosenoticias.com.br\/wp-content\/uploads\/2024\/10\/Teolinda-Gersao-cred-Antonio-Homem-Cardoso-divulgacao.jpg","_links":{"self":[{"href":"https:\/\/jornalfatosenoticias.com.br\/index.php\/wp-json\/wp\/v2\/posts\/55280","targetHints":{"allow":["GET"]}}],"collection":[{"href":"https:\/\/jornalfatosenoticias.com.br\/index.php\/wp-json\/wp\/v2\/posts"}],"about":[{"href":"https:\/\/jornalfatosenoticias.com.br\/index.php\/wp-json\/wp\/v2\/types\/post"}],"author":[{"embeddable":true,"href":"https:\/\/jornalfatosenoticias.com.br\/index.php\/wp-json\/wp\/v2\/users\/2"}],"replies":[{"embeddable":true,"href":"https:\/\/jornalfatosenoticias.com.br\/index.php\/wp-json\/wp\/v2\/comments?post=55280"}],"version-history":[{"count":0,"href":"https:\/\/jornalfatosenoticias.com.br\/index.php\/wp-json\/wp\/v2\/posts\/55280\/revisions"}],"wp:featuredmedia":[{"embeddable":true,"href":"https:\/\/jornalfatosenoticias.com.br\/index.php\/wp-json\/wp\/v2\/media\/55281"}],"wp:attachment":[{"href":"https:\/\/jornalfatosenoticias.com.br\/index.php\/wp-json\/wp\/v2\/media?parent=55280"}],"wp:term":[{"taxonomy":"category","embeddable":true,"href":"https:\/\/jornalfatosenoticias.com.br\/index.php\/wp-json\/wp\/v2\/categories?post=55280"},{"taxonomy":"post_tag","embeddable":true,"href":"https:\/\/jornalfatosenoticias.com.br\/index.php\/wp-json\/wp\/v2\/tags?post=55280"}],"curies":[{"name":"wp","href":"https:\/\/api.w.org\/{rel}","templated":true}]}}