{"id":55336,"date":"2024-10-31T14:13:22","date_gmt":"2024-10-31T17:13:22","guid":{"rendered":"https:\/\/jornalfatosenoticias.com.br\/?p=55336"},"modified":"2024-10-31T14:13:25","modified_gmt":"2024-10-31T17:13:25","slug":"aumentam-custos-e-desafios-para-o-setor-da-construcao-civil-segundo-cni-e-fgv","status":"publish","type":"post","link":"https:\/\/jornalfatosenoticias.com.br\/index.php\/2024\/10\/31\/aumentam-custos-e-desafios-para-o-setor-da-construcao-civil-segundo-cni-e-fgv\/","title":{"rendered":"Aumentam custos e desafios para o setor da constru\u00e7\u00e3o civil, segundo CNI e FGV"},"content":{"rendered":"\n<p><em><span class=\"has-inline-color has-black-color\">Alta nos pre\u00e7os de materiais, falta de m\u00e3o de obra e dificuldade de acesso a cr\u00e9dito t\u00eam gerado incertezas e afetado o desenvolvimento de novos projetos no setor da constru\u00e7\u00e3o<\/span><\/em><\/p>\n\n\n\n<p><span class=\"has-inline-color has-black-color\">Por <strong><a href=\"https:\/\/www.epochtimes.com.br\/author\/matheus-andrade-teixeira\">Matheus de Andrade<\/a><\/strong><\/span><\/p>\n\n\n\n<div class=\"wp-block-image\"><figure class=\"aligncenter size-large\"><a href=\"https:\/\/mizu.com.br\/\"><img loading=\"lazy\" decoding=\"async\" width=\"729\" height=\"90\" src=\"https:\/\/jornalfatosenoticias.com.br\/wp-content\/uploads\/2020\/02\/Logo_Mizu.png\" alt=\"\" class=\"wp-image-1441\" srcset=\"https:\/\/jornalfatosenoticias.com.br\/wp-content\/uploads\/2020\/02\/Logo_Mizu.png 729w, https:\/\/jornalfatosenoticias.com.br\/wp-content\/uploads\/2020\/02\/Logo_Mizu-300x37.png 300w\" sizes=\"auto, (max-width: 729px) 100vw, 729px\" \/><\/a><\/figure><\/div>\n\n\n\n<p>Em setembro de 2024, o \u00edndice Nacional de Custos da Constru\u00e7\u00e3o \u2014 <a href=\"https:\/\/www.epochtimes.com.br\/focus\/mercado\" target=\"_blank\" rel=\"noreferrer noopener\">Mercado<\/a> (<a href=\"https:\/\/www.epochtimes.com.br\/focus\/incc-m\" target=\"_blank\" rel=\"noreferrer noopener\">INCC-M<\/a>) apresentou um aumento acumulado de 5,72% nos \u00faltimos 12 meses, de acordo com os dados da <a href=\"https:\/\/www.epochtimes.com.br\/focus\/fundacao-getulio-vargas\" target=\"_blank\" rel=\"noreferrer noopener\">Funda\u00e7\u00e3o Get\u00falio<\/a> <a href=\"https:\/\/www.epochtimes.com.br\/focus\/fundacao-getulio-vargas\" target=\"_blank\" rel=\"noreferrer noopener\">Vargas<\/a>\u00a0(<a href=\"https:\/\/www.epochtimes.com.br\/focus\/fgv\" target=\"_blank\" rel=\"noreferrer noopener\">FGV<\/a>). Esse crescimento reflete uma s\u00e9rie de <a href=\"https:\/\/www.epochtimes.com.br\/focus\/desafios\" target=\"_blank\" rel=\"noreferrer noopener\">desafios<\/a> enfrentados pelo setor, como o encarecimento de materiais, press\u00e3o inflacion\u00e1ria e <a href=\"https:\/\/www.epochtimes.com.br\/focus\/entraves\" target=\"_blank\" rel=\"noreferrer noopener\">entraves<\/a>\u00a0relacionados \u00e0\u00a0<a href=\"https:\/\/www.epochtimes.com.br\/focus\/mao-de-obra\" target=\"_blank\" rel=\"noreferrer noopener\">m\u00e3o de obra<\/a>.<br>Segundo o \u00faltimo levantamento <a href=\"https:\/\/portalibre.fgv.br\/system\/files?file=divulgacao\/releases\/2024-10\/INCC-M_FGV_press%20release_Out24.pdf\" target=\"_blank\" rel=\"noreferrer noopener\">divulgado<\/a> pela FGV, os principais componentes que impulsionaram o aumento do INCC-M foram os <a href=\"https:\/\/www.epochtimes.com.br\/focus\/custos\" target=\"_blank\" rel=\"noreferrer noopener\">custos<\/a>\u00a0com materiais e\u00a0<a href=\"https:\/\/www.epochtimes.com.br\/focus\/equipamentos\" target=\"_blank\" rel=\"noreferrer noopener\">equipamentos<\/a>, que apresentaram alta de 4,31% no per\u00edodo de 12 meses.<\/p>\n\n\n\n<div class=\"wp-block-image\"><figure class=\"aligncenter size-large is-resized\"><a href=\"https:\/\/panper.com.br\/\"><img loading=\"lazy\" decoding=\"async\" src=\"https:\/\/jornalfatosenoticias.com.br\/wp-content\/uploads\/2023\/03\/logo-Panper_portal.jpg\" alt=\"\" class=\"wp-image-40208\" width=\"308\" height=\"213\" srcset=\"https:\/\/jornalfatosenoticias.com.br\/wp-content\/uploads\/2023\/03\/logo-Panper_portal.jpg 400w, https:\/\/jornalfatosenoticias.com.br\/wp-content\/uploads\/2023\/03\/logo-Panper_portal-300x208.jpg 300w\" sizes=\"auto, (max-width: 308px) 100vw, 308px\" \/><\/a><\/figure><\/div>\n\n\n\n<p>O valor cada vez mais alto das mat\u00e9rias-primas, como a\u00e7o, cimento e tintas, continua afetando diretamente o pre\u00e7o final das obras. Esse cen\u00e1rio tamb\u00e9m foi abordado na <a href=\"https:\/\/static.portaldaindustria.com.br\/media\/filer_public\/ba\/7b\/ba7bb05d-eb90-4c75-b11d-f99b8647811a\/sondagemindustriadaconstrucao_setembro2024.pdf\" target=\"_blank\" rel=\"noreferrer noopener\">\u00faltima sondagem<\/a> realizada pela Confedera\u00e7\u00e3o Nacional da Ind\u00fastria (CNI), que mostra uma vis\u00e3o preocupante dos empres\u00e1rios do <a href=\"https:\/\/www.epochtimes.com.br\/focus\/setor-da-construcao\" target=\"_blank\" rel=\"noreferrer noopener\">setor da constru\u00e7\u00e3o<\/a>.<\/p>\n\n\n\n<div class=\"wp-block-image\"><figure class=\"aligncenter size-large\"><a href=\"http:\/\/www.ferrarimaquinas.com.br\/\"><img loading=\"lazy\" decoding=\"async\" width=\"300\" height=\"250\" src=\"https:\/\/jornalfatosenoticias.com.br\/wp-content\/uploads\/2022\/02\/FERRARI_MAQUINAS-E-FERRAMENTAS2.jpg\" alt=\"\" class=\"wp-image-27860\"\/><\/a><\/figure><\/div>\n\n\n\n<p>De acordo com o estudo, as empresas entrevistadas afirmaram que enfrentaram dificuldades em setembro para dar continuidade a seus projetos devido ao alto custo dos insumos. A falta de previsibilidade dos <a href=\"https:\/\/www.epochtimes.com.br\/focus\/precos\" target=\"_blank\" rel=\"noreferrer noopener\">pre\u00e7os<\/a> e a volatilidade dos custos de materiais, al\u00e9m do encarecimento dos insumos, a escassez de m\u00e3o de obra especializada \u00e9 um problema recorrente.<\/p>\n\n\n\n<div class=\"wp-block-image\"><figure class=\"aligncenter size-large is-resized\"><a href=\"https:\/\/www.controlsystems.com.br\/\"><img loading=\"lazy\" decoding=\"async\" src=\"https:\/\/jornalfatosenoticias.com.br\/wp-content\/uploads\/2020\/02\/CONTROL-CS.jpg\" alt=\"\" class=\"wp-image-44991\" width=\"258\" height=\"309\" srcset=\"https:\/\/jornalfatosenoticias.com.br\/wp-content\/uploads\/2020\/02\/CONTROL-CS.jpg 834w, https:\/\/jornalfatosenoticias.com.br\/wp-content\/uploads\/2020\/02\/CONTROL-CS-250x300.jpg 250w, https:\/\/jornalfatosenoticias.com.br\/wp-content\/uploads\/2020\/02\/CONTROL-CS-768x921.jpg 768w\" sizes=\"auto, (max-width: 258px) 100vw, 258px\" \/><\/a><\/figure><\/div>\n\n\n\n<p>Essa situa\u00e7\u00e3o tem levado ao adiamento de cronogramas e ao aumento do custo operacional das construtoras, que, muitas vezes, precisam investir em treinamentos internos para garantir a execu\u00e7\u00e3o das obras. As dificuldades para encontrar profissionais, especialmente em \u00e1reas t\u00e9cnicas, indicam um descompasso entre a oferta de m\u00e3o de obra e as exig\u00eancias do mercado.<\/p>\n\n\n\n<div class=\"wp-block-image\"><figure class=\"aligncenter size-large is-resized\"><a href=\"https:\/\/www.legisjuris.com.br\/\"><img loading=\"lazy\" decoding=\"async\" src=\"https:\/\/jornalfatosenoticias.com.br\/wp-content\/uploads\/2024\/09\/Legis-Juris-Consultoria_logo.jpg\" alt=\"\" class=\"wp-image-53915\" width=\"387\" height=\"162\" srcset=\"https:\/\/jornalfatosenoticias.com.br\/wp-content\/uploads\/2024\/09\/Legis-Juris-Consultoria_logo.jpg 969w, https:\/\/jornalfatosenoticias.com.br\/wp-content\/uploads\/2024\/09\/Legis-Juris-Consultoria_logo-300x126.jpg 300w, https:\/\/jornalfatosenoticias.com.br\/wp-content\/uploads\/2024\/09\/Legis-Juris-Consultoria_logo-768x322.jpg 768w\" sizes=\"auto, (max-width: 387px) 100vw, 387px\" \/><\/a><\/figure><\/div>\n\n\n\n<p>Outro ponto que tem afetado o setor \u00e9 a dificuldade de acesso a cr\u00e9dito. As altas taxas de juros tornam o financiamento de novos empreendimentos mais caro, limitando a capacidade de investimento das construtoras e afastando poss\u00edveis compradores, especialmente em segmentos de baixa renda.<\/p>\n\n\n\n<div class=\"wp-block-image\"><figure class=\"aligncenter size-large is-resized\"><a href=\"https:\/\/www.facebook.com\/postobkr\/?locale=pt_BR\"><img loading=\"lazy\" decoding=\"async\" src=\"https:\/\/jornalfatosenoticias.com.br\/wp-content\/uploads\/2023\/08\/BKR-1024x1021.jpg\" alt=\"\" class=\"wp-image-44494\" width=\"308\" height=\"307\" srcset=\"https:\/\/jornalfatosenoticias.com.br\/wp-content\/uploads\/2023\/08\/BKR-1024x1021.jpg 1024w, https:\/\/jornalfatosenoticias.com.br\/wp-content\/uploads\/2023\/08\/BKR-300x300.jpg 300w, https:\/\/jornalfatosenoticias.com.br\/wp-content\/uploads\/2023\/08\/BKR-150x150.jpg 150w, https:\/\/jornalfatosenoticias.com.br\/wp-content\/uploads\/2023\/08\/BKR-768x766.jpg 768w, https:\/\/jornalfatosenoticias.com.br\/wp-content\/uploads\/2023\/08\/BKR.jpg 1080w\" sizes=\"auto, (max-width: 308px) 100vw, 308px\" \/><\/a><\/figure><\/div>\n\n\n\n<p>O acesso ao cr\u00e9dito \u00e9 um componente essencial para o crescimento do setor, contudo, a alta <a href=\"https:\/\/www.epochtimes.com.br\/focus\/inflacao\" target=\"_blank\" rel=\"noreferrer noopener\">infla\u00e7\u00e3o<\/a> t\u00eam gerado incertezas que dificultam a retomada de um crescimento sustent\u00e1vel, visto que for\u00e7am uma alta na taxa de juros.<\/p>\n\n\n\n<div class=\"wp-block-image\"><figure class=\"aligncenter size-large is-resized\"><a href=\"https:\/\/www.facebook.com\/vetor.vix\/\"><img loading=\"lazy\" decoding=\"async\" src=\"https:\/\/jornalfatosenoticias.com.br\/wp-content\/uploads\/2023\/09\/vetorvix1024_1.jpg\" alt=\"\" class=\"wp-image-44868\" width=\"442\" height=\"117\" srcset=\"https:\/\/jornalfatosenoticias.com.br\/wp-content\/uploads\/2023\/09\/vetorvix1024_1.jpg 1024w, https:\/\/jornalfatosenoticias.com.br\/wp-content\/uploads\/2023\/09\/vetorvix1024_1-300x80.jpg 300w, https:\/\/jornalfatosenoticias.com.br\/wp-content\/uploads\/2023\/09\/vetorvix1024_1-768x205.jpg 768w\" sizes=\"auto, (max-width: 442px) 100vw, 442px\" \/><\/a><\/figure><\/div>\n\n\n\n<p>A situa\u00e7\u00e3o tamb\u00e9m impacta o consumidor final, que deve enfrentar dificuldades em adquirir im\u00f3veis diante de pre\u00e7os cada vez mais altos. O aumento dos custos de <a href=\"https:\/\/www.epochtimes.com.br\/focus\/construcao\" target=\"_blank\" rel=\"noreferrer noopener\">constru\u00e7\u00e3o<\/a>, somado \u00e0 restri\u00e7\u00e3o do cr\u00e9dito e \u00e0 eleva\u00e7\u00e3o das taxas de financiamento, torna o sonho da casa pr\u00f3pria mais distante para muitos brasileiros.<\/p>\n\n\n\n<div class=\"wp-block-image\"><figure class=\"aligncenter size-large is-resized\"><a href=\"https:\/\/www.instagram.com\/serra4x4cambioautomatico\/\"><img loading=\"lazy\" decoding=\"async\" src=\"https:\/\/jornalfatosenoticias.com.br\/wp-content\/uploads\/2024\/08\/Serra-4x4-1-886x1024.jpg\" alt=\"\" class=\"wp-image-53632\" width=\"283\" height=\"327\" srcset=\"https:\/\/jornalfatosenoticias.com.br\/wp-content\/uploads\/2024\/08\/Serra-4x4-1-886x1024.jpg 886w, https:\/\/jornalfatosenoticias.com.br\/wp-content\/uploads\/2024\/08\/Serra-4x4-1-260x300.jpg 260w, https:\/\/jornalfatosenoticias.com.br\/wp-content\/uploads\/2024\/08\/Serra-4x4-1-768x888.jpg 768w, https:\/\/jornalfatosenoticias.com.br\/wp-content\/uploads\/2024\/08\/Serra-4x4-1.jpg 1181w\" sizes=\"auto, (max-width: 283px) 100vw, 283px\" \/><\/a><\/figure><\/div>\n\n\n\n<p><strong><em>Fontes: <a href=\"https:\/\/www.epochtimes.com.br\/brasil\/aumentam-custos-e-desafios-para-o-setor-da-construcao-civil-segundo-cni-e-fgv-206552.html\">Epoch Times Brasil<\/a><\/em><\/strong><\/p>\n","protected":false},"excerpt":{"rendered":"<p>Alta nos pre\u00e7os de materiais, falta de m\u00e3o de obra e dificuldade de acesso a cr\u00e9dito t\u00eam gerado incertezas e afetado o desenvolvimento de novos projetos no setor da constru\u00e7\u00e3o Por Matheus de Andrade Em setembro de 2024, o \u00edndice Nacional de Custos da Constru\u00e7\u00e3o \u2014 Mercado (INCC-M) apresentou um aumento acumulado de 5,72% nos [&hellip;]<\/p>\n","protected":false},"author":3,"featured_media":55337,"comment_status":"open","ping_status":"open","sticky":false,"template":"","format":"standard","meta":{"footnotes":""},"categories":[9],"tags":[25227,3419,3283,2852,1212,4182,25228,1887,25226],"class_list":["post-55336","post","type-post","status-publish","format-standard","has-post-thumbnail","hentry","category-economia","tag-alta-inflacao","tag-cni","tag-construcao","tag-construcao-civil","tag-fgv","tag-inflacao","tag-mao-de-obra","tag-precos","tag-setor-da-construcao"],"yoast_head":"<!-- This site is optimized with the Yoast SEO plugin v26.5 - https:\/\/yoast.com\/wordpress\/plugins\/seo\/ -->\n<title>Aumentam custos e desafios para o setor da constru\u00e7\u00e3o civil, segundo CNI e FGV - Jornal Fatos e Not\u00edcias<\/title>\n<meta name=\"robots\" content=\"index, follow, max-snippet:-1, max-image-preview:large, max-video-preview:-1\" \/>\n<link rel=\"canonical\" href=\"https:\/\/jornalfatosenoticias.com.br\/index.php\/2024\/10\/31\/aumentam-custos-e-desafios-para-o-setor-da-construcao-civil-segundo-cni-e-fgv\/\" \/>\n<meta property=\"og:locale\" content=\"pt_BR\" \/>\n<meta property=\"og:type\" content=\"article\" \/>\n<meta property=\"og:title\" content=\"Aumentam custos e desafios para o setor da constru\u00e7\u00e3o civil, segundo CNI e FGV - Jornal Fatos e Not\u00edcias\" \/>\n<meta property=\"og:description\" content=\"Alta nos pre\u00e7os de materiais, falta de m\u00e3o de obra e dificuldade de acesso a cr\u00e9dito t\u00eam gerado incertezas e afetado o desenvolvimento de novos projetos no setor da constru\u00e7\u00e3o Por Matheus de Andrade Em setembro de 2024, o \u00edndice Nacional de Custos da Constru\u00e7\u00e3o \u2014 Mercado (INCC-M) apresentou um aumento acumulado de 5,72% nos [&hellip;]\" \/>\n<meta property=\"og:url\" content=\"https:\/\/jornalfatosenoticias.com.br\/index.php\/2024\/10\/31\/aumentam-custos-e-desafios-para-o-setor-da-construcao-civil-segundo-cni-e-fgv\/\" \/>\n<meta property=\"og:site_name\" content=\"Jornal Fatos e Not\u00edcias\" \/>\n<meta property=\"article:published_time\" content=\"2024-10-31T17:13:22+00:00\" \/>\n<meta property=\"article:modified_time\" content=\"2024-10-31T17:13:25+00:00\" \/>\n<meta property=\"og:image\" content=\"https:\/\/jornalfatosenoticias.com.br\/wp-content\/uploads\/2024\/10\/construcao-civil_istock.jpg\" \/>\n\t<meta property=\"og:image:width\" content=\"612\" \/>\n\t<meta property=\"og:image:height\" content=\"376\" \/>\n\t<meta property=\"og:image:type\" content=\"image\/jpeg\" \/>\n<meta name=\"author\" content=\"Haroldo Filho\" \/>\n<meta name=\"twitter:card\" content=\"summary_large_image\" \/>\n<meta name=\"twitter:label1\" content=\"Escrito por\" \/>\n\t<meta name=\"twitter:data1\" content=\"Haroldo Filho\" \/>\n\t<meta name=\"twitter:label2\" content=\"Est. tempo de leitura\" \/>\n\t<meta name=\"twitter:data2\" content=\"2 minutos\" \/>\n<script type=\"application\/ld+json\" class=\"yoast-schema-graph\">{\"@context\":\"https:\/\/schema.org\",\"@graph\":[{\"@type\":\"Article\",\"@id\":\"https:\/\/jornalfatosenoticias.com.br\/index.php\/2024\/10\/31\/aumentam-custos-e-desafios-para-o-setor-da-construcao-civil-segundo-cni-e-fgv\/#article\",\"isPartOf\":{\"@id\":\"https:\/\/jornalfatosenoticias.com.br\/index.php\/2024\/10\/31\/aumentam-custos-e-desafios-para-o-setor-da-construcao-civil-segundo-cni-e-fgv\/\"},\"author\":{\"name\":\"Haroldo Filho\",\"@id\":\"https:\/\/jornalfatosenoticias.com.br\/#\/schema\/person\/05c46cc25b42a5c27e004fb0fa6b4965\"},\"headline\":\"Aumentam custos e desafios para o setor da constru\u00e7\u00e3o civil, segundo CNI e FGV\",\"datePublished\":\"2024-10-31T17:13:22+00:00\",\"dateModified\":\"2024-10-31T17:13:25+00:00\",\"mainEntityOfPage\":{\"@id\":\"https:\/\/jornalfatosenoticias.com.br\/index.php\/2024\/10\/31\/aumentam-custos-e-desafios-para-o-setor-da-construcao-civil-segundo-cni-e-fgv\/\"},\"wordCount\":466,\"commentCount\":0,\"publisher\":{\"@id\":\"https:\/\/jornalfatosenoticias.com.br\/#organization\"},\"image\":{\"@id\":\"https:\/\/jornalfatosenoticias.com.br\/index.php\/2024\/10\/31\/aumentam-custos-e-desafios-para-o-setor-da-construcao-civil-segundo-cni-e-fgv\/#primaryimage\"},\"thumbnailUrl\":\"https:\/\/jornalfatosenoticias.com.br\/wp-content\/uploads\/2024\/10\/construcao-civil_istock.jpg\",\"keywords\":[\"alta infla\u00e7\u00e3o\",\"CNI\",\"constru\u00e7\u00e3o\",\"constru\u00e7\u00e3o civil\",\"FGV\",\"infla\u00e7\u00e3o\",\"m\u00e3o de obra\",\"pre\u00e7os\",\"setor da constru\u00e7\u00e3o\"],\"articleSection\":[\"Economia\"],\"inLanguage\":\"pt-BR\",\"potentialAction\":[{\"@type\":\"CommentAction\",\"name\":\"Comment\",\"target\":[\"https:\/\/jornalfatosenoticias.com.br\/index.php\/2024\/10\/31\/aumentam-custos-e-desafios-para-o-setor-da-construcao-civil-segundo-cni-e-fgv\/#respond\"]}]},{\"@type\":\"WebPage\",\"@id\":\"https:\/\/jornalfatosenoticias.com.br\/index.php\/2024\/10\/31\/aumentam-custos-e-desafios-para-o-setor-da-construcao-civil-segundo-cni-e-fgv\/\",\"url\":\"https:\/\/jornalfatosenoticias.com.br\/index.php\/2024\/10\/31\/aumentam-custos-e-desafios-para-o-setor-da-construcao-civil-segundo-cni-e-fgv\/\",\"name\":\"Aumentam custos e desafios para o setor da constru\u00e7\u00e3o civil, segundo CNI e FGV - Jornal Fatos e Not\u00edcias\",\"isPartOf\":{\"@id\":\"https:\/\/jornalfatosenoticias.com.br\/#website\"},\"primaryImageOfPage\":{\"@id\":\"https:\/\/jornalfatosenoticias.com.br\/index.php\/2024\/10\/31\/aumentam-custos-e-desafios-para-o-setor-da-construcao-civil-segundo-cni-e-fgv\/#primaryimage\"},\"image\":{\"@id\":\"https:\/\/jornalfatosenoticias.com.br\/index.php\/2024\/10\/31\/aumentam-custos-e-desafios-para-o-setor-da-construcao-civil-segundo-cni-e-fgv\/#primaryimage\"},\"thumbnailUrl\":\"https:\/\/jornalfatosenoticias.com.br\/wp-content\/uploads\/2024\/10\/construcao-civil_istock.jpg\",\"datePublished\":\"2024-10-31T17:13:22+00:00\",\"dateModified\":\"2024-10-31T17:13:25+00:00\",\"breadcrumb\":{\"@id\":\"https:\/\/jornalfatosenoticias.com.br\/index.php\/2024\/10\/31\/aumentam-custos-e-desafios-para-o-setor-da-construcao-civil-segundo-cni-e-fgv\/#breadcrumb\"},\"inLanguage\":\"pt-BR\",\"potentialAction\":[{\"@type\":\"ReadAction\",\"target\":[\"https:\/\/jornalfatosenoticias.com.br\/index.php\/2024\/10\/31\/aumentam-custos-e-desafios-para-o-setor-da-construcao-civil-segundo-cni-e-fgv\/\"]}]},{\"@type\":\"ImageObject\",\"inLanguage\":\"pt-BR\",\"@id\":\"https:\/\/jornalfatosenoticias.com.br\/index.php\/2024\/10\/31\/aumentam-custos-e-desafios-para-o-setor-da-construcao-civil-segundo-cni-e-fgv\/#primaryimage\",\"url\":\"https:\/\/jornalfatosenoticias.com.br\/wp-content\/uploads\/2024\/10\/construcao-civil_istock.jpg\",\"contentUrl\":\"https:\/\/jornalfatosenoticias.com.br\/wp-content\/uploads\/2024\/10\/construcao-civil_istock.jpg\",\"width\":612,\"height\":376,\"caption\":\"A-Digit\"},{\"@type\":\"BreadcrumbList\",\"@id\":\"https:\/\/jornalfatosenoticias.com.br\/index.php\/2024\/10\/31\/aumentam-custos-e-desafios-para-o-setor-da-construcao-civil-segundo-cni-e-fgv\/#breadcrumb\",\"itemListElement\":[{\"@type\":\"ListItem\",\"position\":1,\"name\":\"In\u00edcio\",\"item\":\"https:\/\/jornalfatosenoticias.com.br\/\"},{\"@type\":\"ListItem\",\"position\":2,\"name\":\"Aumentam custos e desafios para o setor da constru\u00e7\u00e3o civil, segundo CNI e FGV\"}]},{\"@type\":\"WebSite\",\"@id\":\"https:\/\/jornalfatosenoticias.com.br\/#website\",\"url\":\"https:\/\/jornalfatosenoticias.com.br\/\",\"name\":\"Jornal Fatos e Not\u00edcias\",\"description\":\"Not\u00edcias em geral\",\"publisher\":{\"@id\":\"https:\/\/jornalfatosenoticias.com.br\/#organization\"},\"potentialAction\":[{\"@type\":\"SearchAction\",\"target\":{\"@type\":\"EntryPoint\",\"urlTemplate\":\"https:\/\/jornalfatosenoticias.com.br\/?s={search_term_string}\"},\"query-input\":{\"@type\":\"PropertyValueSpecification\",\"valueRequired\":true,\"valueName\":\"search_term_string\"}}],\"inLanguage\":\"pt-BR\"},{\"@type\":\"Organization\",\"@id\":\"https:\/\/jornalfatosenoticias.com.br\/#organization\",\"name\":\"Jornal Fatos e Not\u00edcias\",\"url\":\"https:\/\/jornalfatosenoticias.com.br\/\",\"logo\":{\"@type\":\"ImageObject\",\"inLanguage\":\"pt-BR\",\"@id\":\"https:\/\/jornalfatosenoticias.com.br\/#\/schema\/logo\/image\/\",\"url\":\"https:\/\/jornalfatosenoticias.com.br\/wp-content\/uploads\/2020\/02\/logo120.png\",\"contentUrl\":\"https:\/\/jornalfatosenoticias.com.br\/wp-content\/uploads\/2020\/02\/logo120.png\",\"width\":1227,\"height\":120,\"caption\":\"Jornal Fatos e Not\u00edcias\"},\"image\":{\"@id\":\"https:\/\/jornalfatosenoticias.com.br\/#\/schema\/logo\/image\/\"}},{\"@type\":\"Person\",\"@id\":\"https:\/\/jornalfatosenoticias.com.br\/#\/schema\/person\/05c46cc25b42a5c27e004fb0fa6b4965\",\"name\":\"Haroldo Filho\",\"image\":{\"@type\":\"ImageObject\",\"inLanguage\":\"pt-BR\",\"@id\":\"https:\/\/jornalfatosenoticias.com.br\/#\/schema\/person\/image\/\",\"url\":\"https:\/\/jornalfatosenoticias.com.br\/wp-content\/uploads\/2025\/08\/WhatsApp-Image-2025-08-18-at-15.30.28-150x150.jpeg\",\"contentUrl\":\"https:\/\/jornalfatosenoticias.com.br\/wp-content\/uploads\/2025\/08\/WhatsApp-Image-2025-08-18-at-15.30.28-150x150.jpeg\",\"caption\":\"Haroldo Filho\"},\"description\":\"Jornalista \u2013 DRT: 0003818\/ES Coordenador-geral da ONG Educar para Crescer\",\"url\":\"https:\/\/jornalfatosenoticias.com.br\/index.php\/author\/haroldo\/\"}]}<\/script>\n<!-- \/ Yoast SEO plugin. -->","yoast_head_json":{"title":"Aumentam custos e desafios para o setor da constru\u00e7\u00e3o civil, segundo CNI e FGV - Jornal Fatos e Not\u00edcias","robots":{"index":"index","follow":"follow","max-snippet":"max-snippet:-1","max-image-preview":"max-image-preview:large","max-video-preview":"max-video-preview:-1"},"canonical":"https:\/\/jornalfatosenoticias.com.br\/index.php\/2024\/10\/31\/aumentam-custos-e-desafios-para-o-setor-da-construcao-civil-segundo-cni-e-fgv\/","og_locale":"pt_BR","og_type":"article","og_title":"Aumentam custos e desafios para o setor da constru\u00e7\u00e3o civil, segundo CNI e FGV - Jornal Fatos e Not\u00edcias","og_description":"Alta nos pre\u00e7os de materiais, falta de m\u00e3o de obra e dificuldade de acesso a cr\u00e9dito t\u00eam gerado incertezas e afetado o desenvolvimento de novos projetos no setor da constru\u00e7\u00e3o Por Matheus de Andrade Em setembro de 2024, o \u00edndice Nacional de Custos da Constru\u00e7\u00e3o \u2014 Mercado (INCC-M) apresentou um aumento acumulado de 5,72% nos [&hellip;]","og_url":"https:\/\/jornalfatosenoticias.com.br\/index.php\/2024\/10\/31\/aumentam-custos-e-desafios-para-o-setor-da-construcao-civil-segundo-cni-e-fgv\/","og_site_name":"Jornal Fatos e Not\u00edcias","article_published_time":"2024-10-31T17:13:22+00:00","article_modified_time":"2024-10-31T17:13:25+00:00","og_image":[{"width":612,"height":376,"url":"https:\/\/jornalfatosenoticias.com.br\/wp-content\/uploads\/2024\/10\/construcao-civil_istock.jpg","type":"image\/jpeg"}],"author":"Haroldo Filho","twitter_card":"summary_large_image","twitter_misc":{"Escrito por":"Haroldo Filho","Est. tempo de leitura":"2 minutos"},"schema":{"@context":"https:\/\/schema.org","@graph":[{"@type":"Article","@id":"https:\/\/jornalfatosenoticias.com.br\/index.php\/2024\/10\/31\/aumentam-custos-e-desafios-para-o-setor-da-construcao-civil-segundo-cni-e-fgv\/#article","isPartOf":{"@id":"https:\/\/jornalfatosenoticias.com.br\/index.php\/2024\/10\/31\/aumentam-custos-e-desafios-para-o-setor-da-construcao-civil-segundo-cni-e-fgv\/"},"author":{"name":"Haroldo Filho","@id":"https:\/\/jornalfatosenoticias.com.br\/#\/schema\/person\/05c46cc25b42a5c27e004fb0fa6b4965"},"headline":"Aumentam custos e desafios para o setor da constru\u00e7\u00e3o civil, segundo CNI e FGV","datePublished":"2024-10-31T17:13:22+00:00","dateModified":"2024-10-31T17:13:25+00:00","mainEntityOfPage":{"@id":"https:\/\/jornalfatosenoticias.com.br\/index.php\/2024\/10\/31\/aumentam-custos-e-desafios-para-o-setor-da-construcao-civil-segundo-cni-e-fgv\/"},"wordCount":466,"commentCount":0,"publisher":{"@id":"https:\/\/jornalfatosenoticias.com.br\/#organization"},"image":{"@id":"https:\/\/jornalfatosenoticias.com.br\/index.php\/2024\/10\/31\/aumentam-custos-e-desafios-para-o-setor-da-construcao-civil-segundo-cni-e-fgv\/#primaryimage"},"thumbnailUrl":"https:\/\/jornalfatosenoticias.com.br\/wp-content\/uploads\/2024\/10\/construcao-civil_istock.jpg","keywords":["alta infla\u00e7\u00e3o","CNI","constru\u00e7\u00e3o","constru\u00e7\u00e3o civil","FGV","infla\u00e7\u00e3o","m\u00e3o de obra","pre\u00e7os","setor da constru\u00e7\u00e3o"],"articleSection":["Economia"],"inLanguage":"pt-BR","potentialAction":[{"@type":"CommentAction","name":"Comment","target":["https:\/\/jornalfatosenoticias.com.br\/index.php\/2024\/10\/31\/aumentam-custos-e-desafios-para-o-setor-da-construcao-civil-segundo-cni-e-fgv\/#respond"]}]},{"@type":"WebPage","@id":"https:\/\/jornalfatosenoticias.com.br\/index.php\/2024\/10\/31\/aumentam-custos-e-desafios-para-o-setor-da-construcao-civil-segundo-cni-e-fgv\/","url":"https:\/\/jornalfatosenoticias.com.br\/index.php\/2024\/10\/31\/aumentam-custos-e-desafios-para-o-setor-da-construcao-civil-segundo-cni-e-fgv\/","name":"Aumentam custos e desafios para o setor da constru\u00e7\u00e3o civil, segundo CNI e FGV - Jornal Fatos e Not\u00edcias","isPartOf":{"@id":"https:\/\/jornalfatosenoticias.com.br\/#website"},"primaryImageOfPage":{"@id":"https:\/\/jornalfatosenoticias.com.br\/index.php\/2024\/10\/31\/aumentam-custos-e-desafios-para-o-setor-da-construcao-civil-segundo-cni-e-fgv\/#primaryimage"},"image":{"@id":"https:\/\/jornalfatosenoticias.com.br\/index.php\/2024\/10\/31\/aumentam-custos-e-desafios-para-o-setor-da-construcao-civil-segundo-cni-e-fgv\/#primaryimage"},"thumbnailUrl":"https:\/\/jornalfatosenoticias.com.br\/wp-content\/uploads\/2024\/10\/construcao-civil_istock.jpg","datePublished":"2024-10-31T17:13:22+00:00","dateModified":"2024-10-31T17:13:25+00:00","breadcrumb":{"@id":"https:\/\/jornalfatosenoticias.com.br\/index.php\/2024\/10\/31\/aumentam-custos-e-desafios-para-o-setor-da-construcao-civil-segundo-cni-e-fgv\/#breadcrumb"},"inLanguage":"pt-BR","potentialAction":[{"@type":"ReadAction","target":["https:\/\/jornalfatosenoticias.com.br\/index.php\/2024\/10\/31\/aumentam-custos-e-desafios-para-o-setor-da-construcao-civil-segundo-cni-e-fgv\/"]}]},{"@type":"ImageObject","inLanguage":"pt-BR","@id":"https:\/\/jornalfatosenoticias.com.br\/index.php\/2024\/10\/31\/aumentam-custos-e-desafios-para-o-setor-da-construcao-civil-segundo-cni-e-fgv\/#primaryimage","url":"https:\/\/jornalfatosenoticias.com.br\/wp-content\/uploads\/2024\/10\/construcao-civil_istock.jpg","contentUrl":"https:\/\/jornalfatosenoticias.com.br\/wp-content\/uploads\/2024\/10\/construcao-civil_istock.jpg","width":612,"height":376,"caption":"A-Digit"},{"@type":"BreadcrumbList","@id":"https:\/\/jornalfatosenoticias.com.br\/index.php\/2024\/10\/31\/aumentam-custos-e-desafios-para-o-setor-da-construcao-civil-segundo-cni-e-fgv\/#breadcrumb","itemListElement":[{"@type":"ListItem","position":1,"name":"In\u00edcio","item":"https:\/\/jornalfatosenoticias.com.br\/"},{"@type":"ListItem","position":2,"name":"Aumentam custos e desafios para o setor da constru\u00e7\u00e3o civil, segundo CNI e FGV"}]},{"@type":"WebSite","@id":"https:\/\/jornalfatosenoticias.com.br\/#website","url":"https:\/\/jornalfatosenoticias.com.br\/","name":"Jornal Fatos e Not\u00edcias","description":"Not\u00edcias em geral","publisher":{"@id":"https:\/\/jornalfatosenoticias.com.br\/#organization"},"potentialAction":[{"@type":"SearchAction","target":{"@type":"EntryPoint","urlTemplate":"https:\/\/jornalfatosenoticias.com.br\/?s={search_term_string}"},"query-input":{"@type":"PropertyValueSpecification","valueRequired":true,"valueName":"search_term_string"}}],"inLanguage":"pt-BR"},{"@type":"Organization","@id":"https:\/\/jornalfatosenoticias.com.br\/#organization","name":"Jornal Fatos e Not\u00edcias","url":"https:\/\/jornalfatosenoticias.com.br\/","logo":{"@type":"ImageObject","inLanguage":"pt-BR","@id":"https:\/\/jornalfatosenoticias.com.br\/#\/schema\/logo\/image\/","url":"https:\/\/jornalfatosenoticias.com.br\/wp-content\/uploads\/2020\/02\/logo120.png","contentUrl":"https:\/\/jornalfatosenoticias.com.br\/wp-content\/uploads\/2020\/02\/logo120.png","width":1227,"height":120,"caption":"Jornal Fatos e Not\u00edcias"},"image":{"@id":"https:\/\/jornalfatosenoticias.com.br\/#\/schema\/logo\/image\/"}},{"@type":"Person","@id":"https:\/\/jornalfatosenoticias.com.br\/#\/schema\/person\/05c46cc25b42a5c27e004fb0fa6b4965","name":"Haroldo Filho","image":{"@type":"ImageObject","inLanguage":"pt-BR","@id":"https:\/\/jornalfatosenoticias.com.br\/#\/schema\/person\/image\/","url":"https:\/\/jornalfatosenoticias.com.br\/wp-content\/uploads\/2025\/08\/WhatsApp-Image-2025-08-18-at-15.30.28-150x150.jpeg","contentUrl":"https:\/\/jornalfatosenoticias.com.br\/wp-content\/uploads\/2025\/08\/WhatsApp-Image-2025-08-18-at-15.30.28-150x150.jpeg","caption":"Haroldo Filho"},"description":"Jornalista \u2013 DRT: 0003818\/ES Coordenador-geral da ONG Educar para Crescer","url":"https:\/\/jornalfatosenoticias.com.br\/index.php\/author\/haroldo\/"}]}},"cc_featured_image_caption":{"caption_text":"(Foto: iStock) ","source_text":"","source_url":""},"jetpack_featured_media_url":"https:\/\/jornalfatosenoticias.com.br\/wp-content\/uploads\/2024\/10\/construcao-civil_istock.jpg","_links":{"self":[{"href":"https:\/\/jornalfatosenoticias.com.br\/index.php\/wp-json\/wp\/v2\/posts\/55336","targetHints":{"allow":["GET"]}}],"collection":[{"href":"https:\/\/jornalfatosenoticias.com.br\/index.php\/wp-json\/wp\/v2\/posts"}],"about":[{"href":"https:\/\/jornalfatosenoticias.com.br\/index.php\/wp-json\/wp\/v2\/types\/post"}],"author":[{"embeddable":true,"href":"https:\/\/jornalfatosenoticias.com.br\/index.php\/wp-json\/wp\/v2\/users\/3"}],"replies":[{"embeddable":true,"href":"https:\/\/jornalfatosenoticias.com.br\/index.php\/wp-json\/wp\/v2\/comments?post=55336"}],"version-history":[{"count":0,"href":"https:\/\/jornalfatosenoticias.com.br\/index.php\/wp-json\/wp\/v2\/posts\/55336\/revisions"}],"wp:featuredmedia":[{"embeddable":true,"href":"https:\/\/jornalfatosenoticias.com.br\/index.php\/wp-json\/wp\/v2\/media\/55337"}],"wp:attachment":[{"href":"https:\/\/jornalfatosenoticias.com.br\/index.php\/wp-json\/wp\/v2\/media?parent=55336"}],"wp:term":[{"taxonomy":"category","embeddable":true,"href":"https:\/\/jornalfatosenoticias.com.br\/index.php\/wp-json\/wp\/v2\/categories?post=55336"},{"taxonomy":"post_tag","embeddable":true,"href":"https:\/\/jornalfatosenoticias.com.br\/index.php\/wp-json\/wp\/v2\/tags?post=55336"}],"curies":[{"name":"wp","href":"https:\/\/api.w.org\/{rel}","templated":true}]}}