{"id":55460,"date":"2024-11-05T15:12:58","date_gmt":"2024-11-05T18:12:58","guid":{"rendered":"https:\/\/jornalfatosenoticias.com.br\/?p=55460"},"modified":"2024-11-05T15:13:43","modified_gmt":"2024-11-05T18:13:43","slug":"brasil-na-contramao-juros-sobem-aqui-e-caem-no-resto-da-america-latina","status":"publish","type":"post","link":"https:\/\/jornalfatosenoticias.com.br\/index.php\/2024\/11\/05\/brasil-na-contramao-juros-sobem-aqui-e-caem-no-resto-da-america-latina\/","title":{"rendered":"Brasil na contram\u00e3o: juros sobem aqui e caem no resto da Am\u00e9rica Latina"},"content":{"rendered":"\n<p><em><span class=\"has-inline-color has-black-color\">Brasil intensifica alta de juros enquanto outras economias latino-americanas seguem caminho contr\u00e1rio<\/span><\/em><\/p>\n\n\n\n<p><span class=\"has-inline-color has-black-color\">Por <strong><a href=\"https:\/\/www.gazetadopovo.com.br\/autor\/vandre-kramer\/\" rel=\"sponsored nofollow\">Vandr\u00e9 Kramer<\/a><\/strong><\/span><\/p>\n\n\n\n<div class=\"wp-block-image\"><figure class=\"aligncenter size-large\"><a href=\"https:\/\/mizu.com.br\/\"><img loading=\"lazy\" decoding=\"async\" width=\"729\" height=\"90\" src=\"https:\/\/jornalfatosenoticias.com.br\/wp-content\/uploads\/2020\/02\/Logo_Mizu.png\" alt=\"\" class=\"wp-image-1441\" srcset=\"https:\/\/jornalfatosenoticias.com.br\/wp-content\/uploads\/2020\/02\/Logo_Mizu.png 729w, https:\/\/jornalfatosenoticias.com.br\/wp-content\/uploads\/2020\/02\/Logo_Mizu-300x37.png 300w\" sizes=\"auto, (max-width: 729px) 100vw, 729px\" \/><\/a><\/figure><\/div>\n\n\n\n<p>O Brasil est\u00e1 andando na contram\u00e3o das principais economias latino-americanas quando o assunto \u00e9 pol\u00edtica monet\u00e1ria. Pa\u00edses como Chile, Col\u00f4mbia e M\u00e9xico seguem uma tend\u00eancia de redu\u00e7\u00e3o nas taxas de juros. O Brasil, em sentido oposto, intensifica o aperto, buscando conter a infla\u00e7\u00e3o elevada e alinhar as expectativas de alta nos pre\u00e7os ao centro da meta, que \u00e9 de 3% ano.<br>O ciclo de alta dos juros brasileiros \u00e9 agressivo. Dois componentes relevantes nesse cen\u00e1rio s\u00e3o a economia sobreaquecida e o descontrole nas contas p\u00fablicas por parte do governo de Luiz In\u00e1cio Lula da Silva (PT). A taxa Selic foi elevada em setembro para 10,75% ao ano, e novas altas s\u00e3o esperadas. Para a pr\u00f3xima reuni\u00e3o do Comit\u00ea de Pol\u00edtica Monet\u00e1ria (Copom), em 5 e 6 de novembro, o mercado financeiro projeta uma chance de 81,5% de eleva\u00e7\u00e3o de 0,5 ponto percentual, conforme op\u00e7\u00f5es negociadas na B3.<\/p>\n\n\n\n<div class=\"wp-block-image\"><figure class=\"aligncenter size-large is-resized\"><a href=\"https:\/\/hotelmarquetti.com.br\/\"><img loading=\"lazy\" decoding=\"async\" src=\"https:\/\/jornalfatosenoticias.com.br\/wp-content\/uploads\/2023\/03\/nova-logo-Marquetti.jpg\" alt=\"\" class=\"wp-image-40207\" width=\"335\" height=\"225\" srcset=\"https:\/\/jornalfatosenoticias.com.br\/wp-content\/uploads\/2023\/03\/nova-logo-Marquetti.jpg 643w, https:\/\/jornalfatosenoticias.com.br\/wp-content\/uploads\/2023\/03\/nova-logo-Marquetti-300x202.jpg 300w\" sizes=\"auto, (max-width: 335px) 100vw, 335px\" \/><\/a><\/figure><\/div>\n\n\n\n<p>No restante das principais economias da Am\u00e9rica Latina, a XP Investimentos aponta que o cen\u00e1rio de queda nas taxas de juros decorre de tr\u00eas fatores principais:<\/p>\n\n\n\n<ul class=\"wp-block-list\"><li>atividade econ\u00f4mica crescendo de forma mais moderada;<\/li><li>infla\u00e7\u00e3o em queda gradual; e<\/li><li>Maior influ\u00eancia do Federal Reserve (FED, o banco central dos EUA) sobre as decis\u00f5es monet\u00e1rias desses pa\u00edses.<\/li><\/ul>\n\n\n\n<div class=\"wp-block-image\"><figure class=\"aligncenter size-large is-resized\"><a href=\"https:\/\/www.instagram.com\/esteiochurrascaria\/\"><img loading=\"lazy\" decoding=\"async\" src=\"https:\/\/jornalfatosenoticias.com.br\/wp-content\/uploads\/2022\/02\/LOGO-ESTEIO-1024x730.png\" alt=\"\" class=\"wp-image-27942\" width=\"319\" height=\"227\" srcset=\"https:\/\/jornalfatosenoticias.com.br\/wp-content\/uploads\/2022\/02\/LOGO-ESTEIO-1024x730.png 1024w, https:\/\/jornalfatosenoticias.com.br\/wp-content\/uploads\/2022\/02\/LOGO-ESTEIO-300x214.png 300w, https:\/\/jornalfatosenoticias.com.br\/wp-content\/uploads\/2022\/02\/LOGO-ESTEIO-768x548.png 768w, https:\/\/jornalfatosenoticias.com.br\/wp-content\/uploads\/2022\/02\/LOGO-ESTEIO.png 1123w\" sizes=\"auto, (max-width: 319px) 100vw, 319px\" \/><\/a><\/figure><\/div>\n\n\n\n<p><strong><span class=\"has-inline-color has-black-color\">Crescimento mais t\u00edmido facilita trabalho em outros pa\u00edses<br><\/span><\/strong>O Fundo Monet\u00e1rio Internacional (FMI) projeta um crescimento moderado para a Am\u00e9rica Latina nos pr\u00f3ximos anos, refletindo um per\u00edodo de desempenho econ\u00f4mico mais fraco na regi\u00e3o. Depois de o PIB regional crescer 2,2% no ano passado, a expectativa \u00e9 de uma alta de 2,1% em 2024 e de 2,5% em 2025.<br>Pa\u00edses como M\u00e9xico e Col\u00f4mbia ilustram essa ritmo mais t\u00edmido. Para o M\u00e9xico, espera-se que o PIB cres\u00e7a apenas 1,5% neste ano, com uma previs\u00e3o de 1,3% para 2025. No pa\u00eds, a incerteza econ\u00f4mica e preocupa\u00e7\u00f5es fiscais sob o governo de Claudia Sheinbaum, empossada em 1.\u00ba de outubro, podem inibir investimentos e reduzir o crescimento.<\/p>\n\n\n\n<div class=\"wp-block-image\"><figure class=\"aligncenter size-large is-resized\"><a href=\"https:\/\/www.legisjuris.com.br\/\"><img loading=\"lazy\" decoding=\"async\" src=\"https:\/\/jornalfatosenoticias.com.br\/wp-content\/uploads\/2024\/09\/Legis-Juris-Consultoria_logo.jpg\" alt=\"\" class=\"wp-image-53915\" width=\"411\" height=\"172\" srcset=\"https:\/\/jornalfatosenoticias.com.br\/wp-content\/uploads\/2024\/09\/Legis-Juris-Consultoria_logo.jpg 969w, https:\/\/jornalfatosenoticias.com.br\/wp-content\/uploads\/2024\/09\/Legis-Juris-Consultoria_logo-300x126.jpg 300w, https:\/\/jornalfatosenoticias.com.br\/wp-content\/uploads\/2024\/09\/Legis-Juris-Consultoria_logo-768x322.jpg 768w\" sizes=\"auto, (max-width: 411px) 100vw, 411px\" \/><\/a><\/figure><\/div>\n\n\n\n<p>Uma outra preocupa\u00e7\u00e3o refere-se aos fortes v\u00ednculos do M\u00e9xico com a economia dos Estados Unidos, seu principal parceiro comercial. Uma desacelera\u00e7\u00e3o mais forte da economia americana pode afetar as exporta\u00e7\u00f5es do pa\u00eds latino e reduzir o crescimento.<\/p>\n\n\n\n<div class=\"wp-block-image\"><figure class=\"aligncenter size-large\"><a href=\"http:\/\/www.ferrarimaquinas.com.br\/\"><img loading=\"lazy\" decoding=\"async\" width=\"300\" height=\"250\" src=\"https:\/\/jornalfatosenoticias.com.br\/wp-content\/uploads\/2022\/02\/FERRARI_MAQUINAS-E-FERRAMENTAS2.jpg\" alt=\"\" class=\"wp-image-27860\"\/><\/a><\/figure><\/div>\n\n\n\n<p>Na Col\u00f4mbia, a previs\u00e3o de crescimento para 2024 \u00e9 de 1,6%. E para o pr\u00f3ximo ano, 2,5%. A necessidade de ajustes fiscais no pa\u00eds, com cortes significativos de gastos, e as expectativas de arrecada\u00e7\u00e3o subestimadas, elevam a preocupa\u00e7\u00e3o sobre a sustentabilidade das finan\u00e7as p\u00fablicas e os investimentos. Recentemente, tens\u00f5es pol\u00edticas e greves, como a dos caminhoneiros, agravaram o ambiente de incerteza no governo de Gustavo Petro.<\/p>\n\n\n\n<div class=\"wp-block-image\"><figure class=\"aligncenter size-large is-resized\"><a href=\"https:\/\/www.controlsystems.com.br\/\"><img loading=\"lazy\" decoding=\"async\" src=\"https:\/\/jornalfatosenoticias.com.br\/wp-content\/uploads\/2020\/02\/CONTROL-CS.jpg\" alt=\"\" class=\"wp-image-44991\" width=\"292\" height=\"350\" srcset=\"https:\/\/jornalfatosenoticias.com.br\/wp-content\/uploads\/2020\/02\/CONTROL-CS.jpg 834w, https:\/\/jornalfatosenoticias.com.br\/wp-content\/uploads\/2020\/02\/CONTROL-CS-250x300.jpg 250w, https:\/\/jornalfatosenoticias.com.br\/wp-content\/uploads\/2020\/02\/CONTROL-CS-768x921.jpg 768w\" sizes=\"auto, (max-width: 292px) 100vw, 292px\" \/><\/a><\/figure><\/div>\n\n\n\n<p>No Chile, o crescimento econ\u00f4mico projeta-se mais acelerado, com previs\u00f5es de 2,3% para 2024 e 2% para 2025. Est\u00edmulos econ\u00f4micos, aumento do consumo e uma melhora na confian\u00e7a do consumidor impulsionam essa recupera\u00e7\u00e3o, que torna o pa\u00eds atrativo para investidores em setores como minera\u00e7\u00e3o, energia renov\u00e1vel e tecnologia.<\/p>\n\n\n\n<div class=\"wp-block-image\"><figure class=\"aligncenter size-large is-resized\"><a href=\"https:\/\/www.instagram.com\/restaurantepegoretti\/\"><img loading=\"lazy\" decoding=\"async\" src=\"https:\/\/jornalfatosenoticias.com.br\/wp-content\/uploads\/2023\/12\/pegoretti-logo-pdf-1024x389.jpg\" alt=\"\" class=\"wp-image-47536\" width=\"420\" height=\"159\" srcset=\"https:\/\/jornalfatosenoticias.com.br\/wp-content\/uploads\/2023\/12\/pegoretti-logo-pdf-1024x389.jpg 1024w, https:\/\/jornalfatosenoticias.com.br\/wp-content\/uploads\/2023\/12\/pegoretti-logo-pdf-300x114.jpg 300w, https:\/\/jornalfatosenoticias.com.br\/wp-content\/uploads\/2023\/12\/pegoretti-logo-pdf-768x291.jpg 768w, https:\/\/jornalfatosenoticias.com.br\/wp-content\/uploads\/2023\/12\/pegoretti-logo-pdf.jpg 1120w\" sizes=\"auto, (max-width: 420px) 100vw, 420px\" \/><\/a><\/figure><\/div>\n\n\n\n<p><strong><span class=\"has-inline-color has-black-color\">Redu\u00e7\u00e3o da infla\u00e7\u00e3o refor\u00e7a a queda dos juros na Am\u00e9rica Latina<br><\/span><\/strong>A infla\u00e7\u00e3o, em tend\u00eancia de queda na Am\u00e9rica Latina, tamb\u00e9m favorece a redu\u00e7\u00e3o nas taxas de juros. O processo \u00e9 desafiador, avalia a XP Investimentos. A infla\u00e7\u00e3o de servi\u00e7os, que permanece elevada, e as expectativas de infla\u00e7\u00e3o pr\u00f3ximas ao limite superior das metas dos bancos centrais s\u00e3o os principais desafios.<\/p>\n\n\n\n<div class=\"wp-block-image\"><figure class=\"aligncenter size-large is-resized\"><a href=\"https:\/\/www.instagram.com\/ligadossaborespizzaria\/\"><img loading=\"lazy\" decoding=\"async\" src=\"https:\/\/jornalfatosenoticias.com.br\/wp-content\/uploads\/2024\/09\/WhatsApp-Image-2024-09-14-at-22.46.10-819x1024.jpeg\" alt=\"\" class=\"wp-image-54180\" width=\"269\" height=\"337\" srcset=\"https:\/\/jornalfatosenoticias.com.br\/wp-content\/uploads\/2024\/09\/WhatsApp-Image-2024-09-14-at-22.46.10-819x1024.jpeg 819w, https:\/\/jornalfatosenoticias.com.br\/wp-content\/uploads\/2024\/09\/WhatsApp-Image-2024-09-14-at-22.46.10-240x300.jpeg 240w, https:\/\/jornalfatosenoticias.com.br\/wp-content\/uploads\/2024\/09\/WhatsApp-Image-2024-09-14-at-22.46.10-768x960.jpeg 768w, https:\/\/jornalfatosenoticias.com.br\/wp-content\/uploads\/2024\/09\/WhatsApp-Image-2024-09-14-at-22.46.10.jpeg 1024w\" sizes=\"auto, (max-width: 269px) 100vw, 269px\" \/><\/a><\/figure><\/div>\n\n\n\n<p>Segundo avalia\u00e7\u00e3o da corretora, a infla\u00e7\u00e3o persistentemente acima da meta exigiria a manuten\u00e7\u00e3o das taxas de juros em n\u00edveis altos por mais tempo. No entanto, a gradual melhora das condi\u00e7\u00f5es econ\u00f4micas nos \u00faltimos 12 meses permite uma redu\u00e7\u00e3o gradual no rigor da pol\u00edtica monet\u00e1ria.<\/p>\n\n\n\n<div class=\"wp-block-image\"><figure class=\"aligncenter size-large is-resized\"><a href=\"https:\/\/panper.com.br\/\"><img loading=\"lazy\" decoding=\"async\" src=\"https:\/\/jornalfatosenoticias.com.br\/wp-content\/uploads\/2023\/03\/logo-Panper_portal.jpg\" alt=\"\" class=\"wp-image-40208\" width=\"319\" height=\"221\" srcset=\"https:\/\/jornalfatosenoticias.com.br\/wp-content\/uploads\/2023\/03\/logo-Panper_portal.jpg 400w, https:\/\/jornalfatosenoticias.com.br\/wp-content\/uploads\/2023\/03\/logo-Panper_portal-300x208.jpg 300w\" sizes=\"auto, (max-width: 319px) 100vw, 319px\" \/><\/a><\/figure><\/div>\n\n\n\n<p>No M\u00e9xico, a infla\u00e7\u00e3o de servi\u00e7os permanece elevada e a desinfla\u00e7\u00e3o de pre\u00e7os de alimentos perdeu for\u00e7a. A situa\u00e7\u00e3o dos servi\u00e7os tamb\u00e9m preocupa na Col\u00f4mbia. No Chile, os pre\u00e7os vol\u00e1teis voltaram a subir. Mas a expectativa \u00e9 de que a redu\u00e7\u00e3o gradual nas taxas de juros continue, impulsionada pela melhora nas condi\u00e7\u00f5es econ\u00f4micas dos \u00faltimos meses.<\/p>\n\n\n\n<div class=\"wp-block-image\"><figure class=\"aligncenter size-large is-resized\"><a href=\"https:\/\/www.facebook.com\/vetor.vix\/\"><img loading=\"lazy\" decoding=\"async\" src=\"https:\/\/jornalfatosenoticias.com.br\/wp-content\/uploads\/2023\/09\/vetorvix1024_1.jpg\" alt=\"\" class=\"wp-image-44868\" width=\"577\" height=\"153\" srcset=\"https:\/\/jornalfatosenoticias.com.br\/wp-content\/uploads\/2023\/09\/vetorvix1024_1.jpg 1024w, https:\/\/jornalfatosenoticias.com.br\/wp-content\/uploads\/2023\/09\/vetorvix1024_1-300x80.jpg 300w, https:\/\/jornalfatosenoticias.com.br\/wp-content\/uploads\/2023\/09\/vetorvix1024_1-768x205.jpg 768w\" sizes=\"auto, (max-width: 577px) 100vw, 577px\" \/><\/a><\/figure><\/div>\n\n\n\n<p><strong><span class=\"has-inline-color has-black-color\">Redu\u00e7\u00e3o de juros nos EUA pode dar mais impulso a decis\u00f5es na Am\u00e9rica Latina<br><\/span><\/strong>Outro fator que pode impulsionar as economias latino-americanas \u00e9 a poss\u00edvel redu\u00e7\u00e3o de juros pelo FED. A pr\u00f3xima reuni\u00e3o est\u00e1 programada para os dias 6 e 7, logo ap\u00f3s as elei\u00e7\u00f5es presidenciais nos Estados Unidos. Segundo William Castro, estrategista-chefe da corretora Avenue, os dados mais recentes dos Estados Unidos indicam uma desacelera\u00e7\u00e3o gradual da infla\u00e7\u00e3o, com manuten\u00e7\u00e3o de uma atividade econ\u00f4mica s\u00f3lida.<\/p>\n\n\n\n<div class=\"wp-block-image\"><figure class=\"aligncenter size-large\"><a href=\"https:\/\/cesconetto.com.br\/\"><img loading=\"lazy\" decoding=\"async\" width=\"300\" height=\"250\" src=\"https:\/\/jornalfatosenoticias.com.br\/wp-content\/uploads\/2022\/02\/Banner-2.png\" alt=\"\" class=\"wp-image-27877\"\/><\/a><\/figure><\/div>\n\n\n\n<blockquote class=\"wp-block-quote is-layout-flow wp-block-quote-is-layout-flow\"><p><span class=\"has-inline-color has-luminous-vivid-orange-color\">A ideia de um cen\u00e1rio recessivo nos Estados Unidos se afasta cada vez mais do horizonte&#8221;, afirma Castro.<\/span><\/p><\/blockquote>\n\n\n\n<div class=\"wp-block-image\"><figure class=\"aligncenter size-large is-resized\"><a href=\"https:\/\/www.ithbrasil.com.br\/\"><img loading=\"lazy\" decoding=\"async\" src=\"https:\/\/jornalfatosenoticias.com.br\/wp-content\/uploads\/2023\/08\/ITH.jpeg\" alt=\"\" class=\"wp-image-44638\" width=\"309\" height=\"251\" srcset=\"https:\/\/jornalfatosenoticias.com.br\/wp-content\/uploads\/2023\/08\/ITH.jpeg 800w, https:\/\/jornalfatosenoticias.com.br\/wp-content\/uploads\/2023\/08\/ITH-300x244.jpeg 300w, https:\/\/jornalfatosenoticias.com.br\/wp-content\/uploads\/2023\/08\/ITH-768x624.jpeg 768w\" sizes=\"auto, (max-width: 309px) 100vw, 309px\" \/><\/a><\/figure><\/div>\n\n\n\n<p>Lucas Faria, analista de economia da Genial Investimentos, destaca que o cen\u00e1rio americano favorece a continuidade do ciclo de afrouxamento monet\u00e1rio, embora em um ritmo mais lento e com reuni\u00f5es n\u00e3o sequenciais do FED.<br>Volnei Eyng, CEO da gestora Multiplike, acrescenta que a continuidade da queda dos juros nos EUA pode ter efeitos positivos sobre economias emergentes, aliviando as press\u00f5es.<\/p>\n\n\n\n<div class=\"wp-block-image\"><figure class=\"aligncenter size-large is-resized\"><a href=\"https:\/\/www.instagram.com\/vmais.midias\/\"><img loading=\"lazy\" decoding=\"async\" src=\"https:\/\/jornalfatosenoticias.com.br\/wp-content\/uploads\/2020\/02\/DE-MAIS-DESTAQUE-VMAIS-800X700.png\" alt=\"\" class=\"wp-image-53112\" width=\"294\" height=\"256\" srcset=\"https:\/\/jornalfatosenoticias.com.br\/wp-content\/uploads\/2020\/02\/DE-MAIS-DESTAQUE-VMAIS-800X700.png 800w, https:\/\/jornalfatosenoticias.com.br\/wp-content\/uploads\/2020\/02\/DE-MAIS-DESTAQUE-VMAIS-800X700-768x672.png 768w\" sizes=\"auto, (max-width: 294px) 100vw, 294px\" \/><\/a><\/figure><\/div>\n\n\n\n<p>Com dados de desacelera\u00e7\u00e3o econ\u00f4mica e infla\u00e7\u00e3o controladas, o FED tende a reduzir os juros, o que pode atrair mais investimentos para a Am\u00e9rica Latina e estimular o crescimento. Essa pol\u00edtica tamb\u00e9m pode levar a uma desvaloriza\u00e7\u00e3o do d\u00f3lar, o que aumenta a competitividade das exporta\u00e7\u00f5es latino-americanas, mas pode elevar a infla\u00e7\u00e3o.<\/p>\n\n\n\n<div class=\"wp-block-image\"><figure class=\"aligncenter size-large is-resized\"><a href=\"https:\/\/www.instagram.com\/serra4x4cambioautomatico\/\"><img loading=\"lazy\" decoding=\"async\" src=\"https:\/\/jornalfatosenoticias.com.br\/wp-content\/uploads\/2024\/08\/Serra-4x4-1-886x1024.jpg\" alt=\"\" class=\"wp-image-53632\" width=\"282\" height=\"325\" srcset=\"https:\/\/jornalfatosenoticias.com.br\/wp-content\/uploads\/2024\/08\/Serra-4x4-1-886x1024.jpg 886w, https:\/\/jornalfatosenoticias.com.br\/wp-content\/uploads\/2024\/08\/Serra-4x4-1-260x300.jpg 260w, https:\/\/jornalfatosenoticias.com.br\/wp-content\/uploads\/2024\/08\/Serra-4x4-1-768x888.jpg 768w, https:\/\/jornalfatosenoticias.com.br\/wp-content\/uploads\/2024\/08\/Serra-4x4-1.jpg 1181w\" sizes=\"auto, (max-width: 282px) 100vw, 282px\" \/><\/a><\/figure><\/div>\n\n\n\n<p><strong><span class=\"has-inline-color has-black-color\">Cen\u00e1rio global refor\u00e7a tend\u00eancia de flexibiliza\u00e7\u00e3o monet\u00e1ria<br><\/span><\/strong>A tend\u00eancia de queda nos juros n\u00e3o se limita \u00e0 Am\u00e9rica Latina. Canad\u00e1, Austr\u00e1lia e Nova Zel\u00e2ndia tamb\u00e9m t\u00eam margem para flexibilizar suas pol\u00edticas monet\u00e1rias, e a expectativa da XP \u00e9 de que os bancos centrais desses pa\u00edses reduzam as taxas nas pr\u00f3ximas reuni\u00f5es, acompanhando a tend\u00eancia global.<\/p>\n\n\n\n<div class=\"wp-block-image\"><figure class=\"aligncenter size-large is-resized\"><a href=\"https:\/\/www.facebook.com\/postobkr\/?locale=pt_BR\"><img loading=\"lazy\" decoding=\"async\" src=\"https:\/\/jornalfatosenoticias.com.br\/wp-content\/uploads\/2023\/08\/BKR-1024x1021.jpg\" alt=\"\" class=\"wp-image-44494\" width=\"296\" height=\"295\" srcset=\"https:\/\/jornalfatosenoticias.com.br\/wp-content\/uploads\/2023\/08\/BKR-1024x1021.jpg 1024w, https:\/\/jornalfatosenoticias.com.br\/wp-content\/uploads\/2023\/08\/BKR-300x300.jpg 300w, https:\/\/jornalfatosenoticias.com.br\/wp-content\/uploads\/2023\/08\/BKR-150x150.jpg 150w, https:\/\/jornalfatosenoticias.com.br\/wp-content\/uploads\/2023\/08\/BKR-768x766.jpg 768w, https:\/\/jornalfatosenoticias.com.br\/wp-content\/uploads\/2023\/08\/BKR.jpg 1080w\" sizes=\"auto, (max-width: 296px) 100vw, 296px\" \/><\/a><\/figure><\/div>\n\n\n\n<p>Na Europa, o Banco Central Europeu (BCE) j\u00e1 iniciou cortes nas taxas de juros e deve prosseguir, especialmente se os indicadores de infla\u00e7\u00e3o continuarem enfraquecidos. No Reino Unido, o Banco da Inglaterra (BoE) tamb\u00e9m considera novas redu\u00e7\u00f5es, mas isso depender\u00e1 dos pr\u00f3ximos dados econ\u00f4micos. At\u00e9 o momento, h\u00e1 espa\u00e7o para mais cortes.<\/p>\n\n\n\n<p><em><span class=\"has-inline-color has-black-color\">(<strong>Foto:<\/strong> Vandr\u00e9 Kramer\/Gazeta do Povo com Dall-E)<\/span><\/em><\/p>\n\n\n\n<div class=\"wp-block-image\"><figure class=\"aligncenter size-large is-resized\"><a href=\"https:\/\/hotelmarquetti.com.br\/\"><img loading=\"lazy\" decoding=\"async\" src=\"https:\/\/jornalfatosenoticias.com.br\/wp-content\/uploads\/2023\/03\/nova-logo-Marquetti.jpg\" alt=\"\" class=\"wp-image-40207\" width=\"307\" height=\"206\" srcset=\"https:\/\/jornalfatosenoticias.com.br\/wp-content\/uploads\/2023\/03\/nova-logo-Marquetti.jpg 643w, https:\/\/jornalfatosenoticias.com.br\/wp-content\/uploads\/2023\/03\/nova-logo-Marquetti-300x202.jpg 300w\" sizes=\"auto, (max-width: 307px) 100vw, 307px\" \/><\/a><\/figure><\/div>\n\n\n\n<p><strong><em>Fonte: <a href=\"https:\/\/www.gazetadopovo.com.br\/economia\/brasil-na-contramao-juros-sobem-aqui-e-caem-no-resto-da-america-latina\/\">Gazeta do Povo<\/a><\/em><\/strong><\/p>\n","protected":false},"excerpt":{"rendered":"<p>Brasil intensifica alta de juros enquanto outras economias latino-americanas seguem caminho contr\u00e1rio Por Vandr\u00e9 Kramer O Brasil est\u00e1 andando na contram\u00e3o das principais economias latino-americanas quando o assunto \u00e9 pol\u00edtica monet\u00e1ria. Pa\u00edses como Chile, Col\u00f4mbia e M\u00e9xico seguem uma tend\u00eancia de redu\u00e7\u00e3o nas taxas de juros. O Brasil, em sentido oposto, intensifica o aperto, buscando [&hellip;]<\/p>\n","protected":false},"author":2,"featured_media":55461,"comment_status":"open","ping_status":"open","sticky":false,"template":"","format":"standard","meta":{"footnotes":""},"categories":[9],"tags":[260,489,8163,4182,25287,24333,9776],"class_list":["post-55460","post","type-post","status-publish","format-standard","has-post-thumbnail","hentry","category-economia","tag-america-latina","tag-banco-central","tag-contas-publicas","tag-inflacao","tag-juros-brasil","tag-politica-monetaria","tag-taxa-selic"],"yoast_head":"<!-- This site is optimized with the Yoast SEO plugin v26.5 - https:\/\/yoast.com\/wordpress\/plugins\/seo\/ -->\n<title>Brasil na contram\u00e3o: juros sobem aqui e caem no resto da Am\u00e9rica Latina - Jornal Fatos e Not\u00edcias<\/title>\n<meta name=\"robots\" content=\"index, follow, max-snippet:-1, max-image-preview:large, max-video-preview:-1\" \/>\n<link rel=\"canonical\" href=\"https:\/\/jornalfatosenoticias.com.br\/index.php\/2024\/11\/05\/brasil-na-contramao-juros-sobem-aqui-e-caem-no-resto-da-america-latina\/\" \/>\n<meta property=\"og:locale\" content=\"pt_BR\" \/>\n<meta property=\"og:type\" content=\"article\" \/>\n<meta property=\"og:title\" content=\"Brasil na contram\u00e3o: juros sobem aqui e caem no resto da Am\u00e9rica Latina - Jornal Fatos e Not\u00edcias\" \/>\n<meta property=\"og:description\" content=\"Brasil intensifica alta de juros enquanto outras economias latino-americanas seguem caminho contr\u00e1rio Por Vandr\u00e9 Kramer O Brasil est\u00e1 andando na contram\u00e3o das principais economias latino-americanas quando o assunto \u00e9 pol\u00edtica monet\u00e1ria. Pa\u00edses como Chile, Col\u00f4mbia e M\u00e9xico seguem uma tend\u00eancia de redu\u00e7\u00e3o nas taxas de juros. O Brasil, em sentido oposto, intensifica o aperto, buscando [&hellip;]\" \/>\n<meta property=\"og:url\" content=\"https:\/\/jornalfatosenoticias.com.br\/index.php\/2024\/11\/05\/brasil-na-contramao-juros-sobem-aqui-e-caem-no-resto-da-america-latina\/\" \/>\n<meta property=\"og:site_name\" content=\"Jornal Fatos e Not\u00edcias\" \/>\n<meta property=\"article:published_time\" content=\"2024-11-05T18:12:58+00:00\" \/>\n<meta property=\"article:modified_time\" content=\"2024-11-05T18:13:43+00:00\" \/>\n<meta property=\"og:image\" content=\"https:\/\/jornalfatosenoticias.com.br\/wp-content\/uploads\/2024\/11\/juros-brasil.jpg\" \/>\n\t<meta property=\"og:image:width\" content=\"1000\" \/>\n\t<meta property=\"og:image:height\" content=\"571\" \/>\n\t<meta property=\"og:image:type\" content=\"image\/jpeg\" \/>\n<meta name=\"author\" content=\"Luzimara Fernandes\" \/>\n<meta name=\"twitter:card\" content=\"summary_large_image\" \/>\n<meta name=\"twitter:label1\" content=\"Escrito por\" \/>\n\t<meta name=\"twitter:data1\" content=\"Luzimara Fernandes\" \/>\n\t<meta name=\"twitter:label2\" content=\"Est. tempo de leitura\" \/>\n\t<meta name=\"twitter:data2\" content=\"5 minutos\" \/>\n<script type=\"application\/ld+json\" class=\"yoast-schema-graph\">{\"@context\":\"https:\/\/schema.org\",\"@graph\":[{\"@type\":\"Article\",\"@id\":\"https:\/\/jornalfatosenoticias.com.br\/index.php\/2024\/11\/05\/brasil-na-contramao-juros-sobem-aqui-e-caem-no-resto-da-america-latina\/#article\",\"isPartOf\":{\"@id\":\"https:\/\/jornalfatosenoticias.com.br\/index.php\/2024\/11\/05\/brasil-na-contramao-juros-sobem-aqui-e-caem-no-resto-da-america-latina\/\"},\"author\":{\"name\":\"Luzimara Fernandes\",\"@id\":\"https:\/\/jornalfatosenoticias.com.br\/#\/schema\/person\/d63837fa13ac8666eb9e74e0985d6f81\"},\"headline\":\"Brasil na contram\u00e3o: juros sobem aqui e caem no resto da Am\u00e9rica Latina\",\"datePublished\":\"2024-11-05T18:12:58+00:00\",\"dateModified\":\"2024-11-05T18:13:43+00:00\",\"mainEntityOfPage\":{\"@id\":\"https:\/\/jornalfatosenoticias.com.br\/index.php\/2024\/11\/05\/brasil-na-contramao-juros-sobem-aqui-e-caem-no-resto-da-america-latina\/\"},\"wordCount\":1114,\"commentCount\":0,\"publisher\":{\"@id\":\"https:\/\/jornalfatosenoticias.com.br\/#organization\"},\"image\":{\"@id\":\"https:\/\/jornalfatosenoticias.com.br\/index.php\/2024\/11\/05\/brasil-na-contramao-juros-sobem-aqui-e-caem-no-resto-da-america-latina\/#primaryimage\"},\"thumbnailUrl\":\"https:\/\/jornalfatosenoticias.com.br\/wp-content\/uploads\/2024\/11\/juros-brasil.jpg\",\"keywords\":[\"Am\u00e9rica latina\",\"Banco Central\",\"contas p\u00fablicas\",\"infla\u00e7\u00e3o\",\"juros Brasil\",\"pol\u00edtica monet\u00e1ria\",\"Taxa Selic\"],\"articleSection\":[\"Economia\"],\"inLanguage\":\"pt-BR\",\"potentialAction\":[{\"@type\":\"CommentAction\",\"name\":\"Comment\",\"target\":[\"https:\/\/jornalfatosenoticias.com.br\/index.php\/2024\/11\/05\/brasil-na-contramao-juros-sobem-aqui-e-caem-no-resto-da-america-latina\/#respond\"]}]},{\"@type\":\"WebPage\",\"@id\":\"https:\/\/jornalfatosenoticias.com.br\/index.php\/2024\/11\/05\/brasil-na-contramao-juros-sobem-aqui-e-caem-no-resto-da-america-latina\/\",\"url\":\"https:\/\/jornalfatosenoticias.com.br\/index.php\/2024\/11\/05\/brasil-na-contramao-juros-sobem-aqui-e-caem-no-resto-da-america-latina\/\",\"name\":\"Brasil na contram\u00e3o: juros sobem aqui e caem no resto da Am\u00e9rica Latina - Jornal Fatos e Not\u00edcias\",\"isPartOf\":{\"@id\":\"https:\/\/jornalfatosenoticias.com.br\/#website\"},\"primaryImageOfPage\":{\"@id\":\"https:\/\/jornalfatosenoticias.com.br\/index.php\/2024\/11\/05\/brasil-na-contramao-juros-sobem-aqui-e-caem-no-resto-da-america-latina\/#primaryimage\"},\"image\":{\"@id\":\"https:\/\/jornalfatosenoticias.com.br\/index.php\/2024\/11\/05\/brasil-na-contramao-juros-sobem-aqui-e-caem-no-resto-da-america-latina\/#primaryimage\"},\"thumbnailUrl\":\"https:\/\/jornalfatosenoticias.com.br\/wp-content\/uploads\/2024\/11\/juros-brasil.jpg\",\"datePublished\":\"2024-11-05T18:12:58+00:00\",\"dateModified\":\"2024-11-05T18:13:43+00:00\",\"breadcrumb\":{\"@id\":\"https:\/\/jornalfatosenoticias.com.br\/index.php\/2024\/11\/05\/brasil-na-contramao-juros-sobem-aqui-e-caem-no-resto-da-america-latina\/#breadcrumb\"},\"inLanguage\":\"pt-BR\",\"potentialAction\":[{\"@type\":\"ReadAction\",\"target\":[\"https:\/\/jornalfatosenoticias.com.br\/index.php\/2024\/11\/05\/brasil-na-contramao-juros-sobem-aqui-e-caem-no-resto-da-america-latina\/\"]}]},{\"@type\":\"ImageObject\",\"inLanguage\":\"pt-BR\",\"@id\":\"https:\/\/jornalfatosenoticias.com.br\/index.php\/2024\/11\/05\/brasil-na-contramao-juros-sobem-aqui-e-caem-no-resto-da-america-latina\/#primaryimage\",\"url\":\"https:\/\/jornalfatosenoticias.com.br\/wp-content\/uploads\/2024\/11\/juros-brasil.jpg\",\"contentUrl\":\"https:\/\/jornalfatosenoticias.com.br\/wp-content\/uploads\/2024\/11\/juros-brasil.jpg\",\"width\":1000,\"height\":571},{\"@type\":\"BreadcrumbList\",\"@id\":\"https:\/\/jornalfatosenoticias.com.br\/index.php\/2024\/11\/05\/brasil-na-contramao-juros-sobem-aqui-e-caem-no-resto-da-america-latina\/#breadcrumb\",\"itemListElement\":[{\"@type\":\"ListItem\",\"position\":1,\"name\":\"In\u00edcio\",\"item\":\"https:\/\/jornalfatosenoticias.com.br\/\"},{\"@type\":\"ListItem\",\"position\":2,\"name\":\"Brasil na contram\u00e3o: juros sobem aqui e caem no resto da Am\u00e9rica Latina\"}]},{\"@type\":\"WebSite\",\"@id\":\"https:\/\/jornalfatosenoticias.com.br\/#website\",\"url\":\"https:\/\/jornalfatosenoticias.com.br\/\",\"name\":\"Jornal Fatos e Not\u00edcias\",\"description\":\"Not\u00edcias em geral\",\"publisher\":{\"@id\":\"https:\/\/jornalfatosenoticias.com.br\/#organization\"},\"potentialAction\":[{\"@type\":\"SearchAction\",\"target\":{\"@type\":\"EntryPoint\",\"urlTemplate\":\"https:\/\/jornalfatosenoticias.com.br\/?s={search_term_string}\"},\"query-input\":{\"@type\":\"PropertyValueSpecification\",\"valueRequired\":true,\"valueName\":\"search_term_string\"}}],\"inLanguage\":\"pt-BR\"},{\"@type\":\"Organization\",\"@id\":\"https:\/\/jornalfatosenoticias.com.br\/#organization\",\"name\":\"Jornal Fatos e Not\u00edcias\",\"url\":\"https:\/\/jornalfatosenoticias.com.br\/\",\"logo\":{\"@type\":\"ImageObject\",\"inLanguage\":\"pt-BR\",\"@id\":\"https:\/\/jornalfatosenoticias.com.br\/#\/schema\/logo\/image\/\",\"url\":\"https:\/\/jornalfatosenoticias.com.br\/wp-content\/uploads\/2020\/02\/logo120.png\",\"contentUrl\":\"https:\/\/jornalfatosenoticias.com.br\/wp-content\/uploads\/2020\/02\/logo120.png\",\"width\":1227,\"height\":120,\"caption\":\"Jornal Fatos e Not\u00edcias\"},\"image\":{\"@id\":\"https:\/\/jornalfatosenoticias.com.br\/#\/schema\/logo\/image\/\"}},{\"@type\":\"Person\",\"@id\":\"https:\/\/jornalfatosenoticias.com.br\/#\/schema\/person\/d63837fa13ac8666eb9e74e0985d6f81\",\"name\":\"Luzimara Fernandes\",\"image\":{\"@type\":\"ImageObject\",\"inLanguage\":\"pt-BR\",\"@id\":\"https:\/\/jornalfatosenoticias.com.br\/#\/schema\/person\/image\/\",\"url\":\"https:\/\/jornalfatosenoticias.com.br\/wp-content\/uploads\/2025\/05\/EU_portal.jpg\",\"contentUrl\":\"https:\/\/jornalfatosenoticias.com.br\/wp-content\/uploads\/2025\/05\/EU_portal.jpg\",\"caption\":\"Luzimara Fernandes\"},\"description\":\"Jornalista MTB 2358-ES\",\"sameAs\":[\"https:\/\/jornalfatosenoticias.com.br\"],\"url\":\"https:\/\/jornalfatosenoticias.com.br\/index.php\/author\/luzimara\/\"}]}<\/script>\n<!-- \/ Yoast SEO plugin. -->","yoast_head_json":{"title":"Brasil na contram\u00e3o: juros sobem aqui e caem no resto da Am\u00e9rica Latina - Jornal Fatos e Not\u00edcias","robots":{"index":"index","follow":"follow","max-snippet":"max-snippet:-1","max-image-preview":"max-image-preview:large","max-video-preview":"max-video-preview:-1"},"canonical":"https:\/\/jornalfatosenoticias.com.br\/index.php\/2024\/11\/05\/brasil-na-contramao-juros-sobem-aqui-e-caem-no-resto-da-america-latina\/","og_locale":"pt_BR","og_type":"article","og_title":"Brasil na contram\u00e3o: juros sobem aqui e caem no resto da Am\u00e9rica Latina - Jornal Fatos e Not\u00edcias","og_description":"Brasil intensifica alta de juros enquanto outras economias latino-americanas seguem caminho contr\u00e1rio Por Vandr\u00e9 Kramer O Brasil est\u00e1 andando na contram\u00e3o das principais economias latino-americanas quando o assunto \u00e9 pol\u00edtica monet\u00e1ria. Pa\u00edses como Chile, Col\u00f4mbia e M\u00e9xico seguem uma tend\u00eancia de redu\u00e7\u00e3o nas taxas de juros. O Brasil, em sentido oposto, intensifica o aperto, buscando [&hellip;]","og_url":"https:\/\/jornalfatosenoticias.com.br\/index.php\/2024\/11\/05\/brasil-na-contramao-juros-sobem-aqui-e-caem-no-resto-da-america-latina\/","og_site_name":"Jornal Fatos e Not\u00edcias","article_published_time":"2024-11-05T18:12:58+00:00","article_modified_time":"2024-11-05T18:13:43+00:00","og_image":[{"width":1000,"height":571,"url":"https:\/\/jornalfatosenoticias.com.br\/wp-content\/uploads\/2024\/11\/juros-brasil.jpg","type":"image\/jpeg"}],"author":"Luzimara Fernandes","twitter_card":"summary_large_image","twitter_misc":{"Escrito por":"Luzimara Fernandes","Est. tempo de leitura":"5 minutos"},"schema":{"@context":"https:\/\/schema.org","@graph":[{"@type":"Article","@id":"https:\/\/jornalfatosenoticias.com.br\/index.php\/2024\/11\/05\/brasil-na-contramao-juros-sobem-aqui-e-caem-no-resto-da-america-latina\/#article","isPartOf":{"@id":"https:\/\/jornalfatosenoticias.com.br\/index.php\/2024\/11\/05\/brasil-na-contramao-juros-sobem-aqui-e-caem-no-resto-da-america-latina\/"},"author":{"name":"Luzimara Fernandes","@id":"https:\/\/jornalfatosenoticias.com.br\/#\/schema\/person\/d63837fa13ac8666eb9e74e0985d6f81"},"headline":"Brasil na contram\u00e3o: juros sobem aqui e caem no resto da Am\u00e9rica Latina","datePublished":"2024-11-05T18:12:58+00:00","dateModified":"2024-11-05T18:13:43+00:00","mainEntityOfPage":{"@id":"https:\/\/jornalfatosenoticias.com.br\/index.php\/2024\/11\/05\/brasil-na-contramao-juros-sobem-aqui-e-caem-no-resto-da-america-latina\/"},"wordCount":1114,"commentCount":0,"publisher":{"@id":"https:\/\/jornalfatosenoticias.com.br\/#organization"},"image":{"@id":"https:\/\/jornalfatosenoticias.com.br\/index.php\/2024\/11\/05\/brasil-na-contramao-juros-sobem-aqui-e-caem-no-resto-da-america-latina\/#primaryimage"},"thumbnailUrl":"https:\/\/jornalfatosenoticias.com.br\/wp-content\/uploads\/2024\/11\/juros-brasil.jpg","keywords":["Am\u00e9rica latina","Banco Central","contas p\u00fablicas","infla\u00e7\u00e3o","juros Brasil","pol\u00edtica monet\u00e1ria","Taxa Selic"],"articleSection":["Economia"],"inLanguage":"pt-BR","potentialAction":[{"@type":"CommentAction","name":"Comment","target":["https:\/\/jornalfatosenoticias.com.br\/index.php\/2024\/11\/05\/brasil-na-contramao-juros-sobem-aqui-e-caem-no-resto-da-america-latina\/#respond"]}]},{"@type":"WebPage","@id":"https:\/\/jornalfatosenoticias.com.br\/index.php\/2024\/11\/05\/brasil-na-contramao-juros-sobem-aqui-e-caem-no-resto-da-america-latina\/","url":"https:\/\/jornalfatosenoticias.com.br\/index.php\/2024\/11\/05\/brasil-na-contramao-juros-sobem-aqui-e-caem-no-resto-da-america-latina\/","name":"Brasil na contram\u00e3o: juros sobem aqui e caem no resto da Am\u00e9rica Latina - Jornal Fatos e Not\u00edcias","isPartOf":{"@id":"https:\/\/jornalfatosenoticias.com.br\/#website"},"primaryImageOfPage":{"@id":"https:\/\/jornalfatosenoticias.com.br\/index.php\/2024\/11\/05\/brasil-na-contramao-juros-sobem-aqui-e-caem-no-resto-da-america-latina\/#primaryimage"},"image":{"@id":"https:\/\/jornalfatosenoticias.com.br\/index.php\/2024\/11\/05\/brasil-na-contramao-juros-sobem-aqui-e-caem-no-resto-da-america-latina\/#primaryimage"},"thumbnailUrl":"https:\/\/jornalfatosenoticias.com.br\/wp-content\/uploads\/2024\/11\/juros-brasil.jpg","datePublished":"2024-11-05T18:12:58+00:00","dateModified":"2024-11-05T18:13:43+00:00","breadcrumb":{"@id":"https:\/\/jornalfatosenoticias.com.br\/index.php\/2024\/11\/05\/brasil-na-contramao-juros-sobem-aqui-e-caem-no-resto-da-america-latina\/#breadcrumb"},"inLanguage":"pt-BR","potentialAction":[{"@type":"ReadAction","target":["https:\/\/jornalfatosenoticias.com.br\/index.php\/2024\/11\/05\/brasil-na-contramao-juros-sobem-aqui-e-caem-no-resto-da-america-latina\/"]}]},{"@type":"ImageObject","inLanguage":"pt-BR","@id":"https:\/\/jornalfatosenoticias.com.br\/index.php\/2024\/11\/05\/brasil-na-contramao-juros-sobem-aqui-e-caem-no-resto-da-america-latina\/#primaryimage","url":"https:\/\/jornalfatosenoticias.com.br\/wp-content\/uploads\/2024\/11\/juros-brasil.jpg","contentUrl":"https:\/\/jornalfatosenoticias.com.br\/wp-content\/uploads\/2024\/11\/juros-brasil.jpg","width":1000,"height":571},{"@type":"BreadcrumbList","@id":"https:\/\/jornalfatosenoticias.com.br\/index.php\/2024\/11\/05\/brasil-na-contramao-juros-sobem-aqui-e-caem-no-resto-da-america-latina\/#breadcrumb","itemListElement":[{"@type":"ListItem","position":1,"name":"In\u00edcio","item":"https:\/\/jornalfatosenoticias.com.br\/"},{"@type":"ListItem","position":2,"name":"Brasil na contram\u00e3o: juros sobem aqui e caem no resto da Am\u00e9rica Latina"}]},{"@type":"WebSite","@id":"https:\/\/jornalfatosenoticias.com.br\/#website","url":"https:\/\/jornalfatosenoticias.com.br\/","name":"Jornal Fatos e Not\u00edcias","description":"Not\u00edcias em geral","publisher":{"@id":"https:\/\/jornalfatosenoticias.com.br\/#organization"},"potentialAction":[{"@type":"SearchAction","target":{"@type":"EntryPoint","urlTemplate":"https:\/\/jornalfatosenoticias.com.br\/?s={search_term_string}"},"query-input":{"@type":"PropertyValueSpecification","valueRequired":true,"valueName":"search_term_string"}}],"inLanguage":"pt-BR"},{"@type":"Organization","@id":"https:\/\/jornalfatosenoticias.com.br\/#organization","name":"Jornal Fatos e Not\u00edcias","url":"https:\/\/jornalfatosenoticias.com.br\/","logo":{"@type":"ImageObject","inLanguage":"pt-BR","@id":"https:\/\/jornalfatosenoticias.com.br\/#\/schema\/logo\/image\/","url":"https:\/\/jornalfatosenoticias.com.br\/wp-content\/uploads\/2020\/02\/logo120.png","contentUrl":"https:\/\/jornalfatosenoticias.com.br\/wp-content\/uploads\/2020\/02\/logo120.png","width":1227,"height":120,"caption":"Jornal Fatos e Not\u00edcias"},"image":{"@id":"https:\/\/jornalfatosenoticias.com.br\/#\/schema\/logo\/image\/"}},{"@type":"Person","@id":"https:\/\/jornalfatosenoticias.com.br\/#\/schema\/person\/d63837fa13ac8666eb9e74e0985d6f81","name":"Luzimara Fernandes","image":{"@type":"ImageObject","inLanguage":"pt-BR","@id":"https:\/\/jornalfatosenoticias.com.br\/#\/schema\/person\/image\/","url":"https:\/\/jornalfatosenoticias.com.br\/wp-content\/uploads\/2025\/05\/EU_portal.jpg","contentUrl":"https:\/\/jornalfatosenoticias.com.br\/wp-content\/uploads\/2025\/05\/EU_portal.jpg","caption":"Luzimara Fernandes"},"description":"Jornalista MTB 2358-ES","sameAs":["https:\/\/jornalfatosenoticias.com.br"],"url":"https:\/\/jornalfatosenoticias.com.br\/index.php\/author\/luzimara\/"}]}},"cc_featured_image_caption":{"caption_text":"","source_text":"","source_url":""},"jetpack_featured_media_url":"https:\/\/jornalfatosenoticias.com.br\/wp-content\/uploads\/2024\/11\/juros-brasil.jpg","_links":{"self":[{"href":"https:\/\/jornalfatosenoticias.com.br\/index.php\/wp-json\/wp\/v2\/posts\/55460","targetHints":{"allow":["GET"]}}],"collection":[{"href":"https:\/\/jornalfatosenoticias.com.br\/index.php\/wp-json\/wp\/v2\/posts"}],"about":[{"href":"https:\/\/jornalfatosenoticias.com.br\/index.php\/wp-json\/wp\/v2\/types\/post"}],"author":[{"embeddable":true,"href":"https:\/\/jornalfatosenoticias.com.br\/index.php\/wp-json\/wp\/v2\/users\/2"}],"replies":[{"embeddable":true,"href":"https:\/\/jornalfatosenoticias.com.br\/index.php\/wp-json\/wp\/v2\/comments?post=55460"}],"version-history":[{"count":0,"href":"https:\/\/jornalfatosenoticias.com.br\/index.php\/wp-json\/wp\/v2\/posts\/55460\/revisions"}],"wp:featuredmedia":[{"embeddable":true,"href":"https:\/\/jornalfatosenoticias.com.br\/index.php\/wp-json\/wp\/v2\/media\/55461"}],"wp:attachment":[{"href":"https:\/\/jornalfatosenoticias.com.br\/index.php\/wp-json\/wp\/v2\/media?parent=55460"}],"wp:term":[{"taxonomy":"category","embeddable":true,"href":"https:\/\/jornalfatosenoticias.com.br\/index.php\/wp-json\/wp\/v2\/categories?post=55460"},{"taxonomy":"post_tag","embeddable":true,"href":"https:\/\/jornalfatosenoticias.com.br\/index.php\/wp-json\/wp\/v2\/tags?post=55460"}],"curies":[{"name":"wp","href":"https:\/\/api.w.org\/{rel}","templated":true}]}}