{"id":55463,"date":"2024-11-05T15:32:53","date_gmt":"2024-11-05T18:32:53","guid":{"rendered":"https:\/\/jornalfatosenoticias.com.br\/?p=55463"},"modified":"2024-11-05T15:32:54","modified_gmt":"2024-11-05T18:32:54","slug":"policia-federal-faz-operacao-contra-grupo-que-provocou-queimadas-na-amazonia","status":"publish","type":"post","link":"https:\/\/jornalfatosenoticias.com.br\/index.php\/2024\/11\/05\/policia-federal-faz-operacao-contra-grupo-que-provocou-queimadas-na-amazonia\/","title":{"rendered":"Pol\u00edcia Federal faz opera\u00e7\u00e3o contra grupo que provocou queimadas na Amaz\u00f4nia"},"content":{"rendered":"\n<div class=\"wp-block-image\"><figure class=\"aligncenter size-large\"><a href=\"https:\/\/panper.com.br\/\"><img loading=\"lazy\" decoding=\"async\" width=\"1024\" height=\"111\" src=\"https:\/\/jornalfatosenoticias.com.br\/wp-content\/uploads\/2020\/02\/WhatsApp-Image-2022-09-23-at-12.09.18-1024x111.jpeg\" alt=\"\" class=\"wp-image-34527\" srcset=\"https:\/\/jornalfatosenoticias.com.br\/wp-content\/uploads\/2020\/02\/WhatsApp-Image-2022-09-23-at-12.09.18-1024x111.jpeg 1024w, https:\/\/jornalfatosenoticias.com.br\/wp-content\/uploads\/2020\/02\/WhatsApp-Image-2022-09-23-at-12.09.18-300x32.jpeg 300w, https:\/\/jornalfatosenoticias.com.br\/wp-content\/uploads\/2020\/02\/WhatsApp-Image-2022-09-23-at-12.09.18-768x83.jpeg 768w, https:\/\/jornalfatosenoticias.com.br\/wp-content\/uploads\/2020\/02\/WhatsApp-Image-2022-09-23-at-12.09.18.jpeg 1121w\" sizes=\"auto, (max-width: 1024px) 100vw, 1024px\" \/><\/a><\/figure><\/div>\n\n\n\n<p>Na manh\u00e3 desta ter\u00e7a-feira (05), a Pol\u00edcia Federal (PF) deu in\u00edcio \u00e0 opera\u00e7\u00e3o Terra Justa, cumprindo cinco mandados de busca e apreens\u00e3o expedidos pela 7\u00aa Vara Federal de Manaus\/AM, com o objetivo de combater o desmatamento ilegal nos estados do Amazonas e Par\u00e1. A a\u00e7\u00e3o inclui ainda sete mandados judiciais para sequestro de bens e bloqueio patrimonial, totalizando mais de R$ 78 milh\u00f5es, destinados \u00e0 recupera\u00e7\u00e3o de \u00e1reas degradadas.<br>Os agentes realizam buscas em quatro im\u00f3veis de investigados em Manaus\/AM e em um em Novo Progresso\/PA. Um dos alvos da opera\u00e7\u00e3o j\u00e1 foi preso em 2021 por com\u00e9rcio ilegal de diamantes e anteriormente havia sido investigado em outras a\u00e7\u00f5es da Pol\u00edcia Federal.<\/p>\n\n\n\n<div class=\"wp-block-image\"><figure class=\"aligncenter size-large is-resized\"><a href=\"https:\/\/www.instagram.com\/serra4x4cambioautomatico\/\"><img loading=\"lazy\" decoding=\"async\" src=\"https:\/\/jornalfatosenoticias.com.br\/wp-content\/uploads\/2024\/08\/Serra-4x4-1-886x1024.jpg\" alt=\"\" class=\"wp-image-53632\" width=\"281\" height=\"325\" srcset=\"https:\/\/jornalfatosenoticias.com.br\/wp-content\/uploads\/2024\/08\/Serra-4x4-1-886x1024.jpg 886w, https:\/\/jornalfatosenoticias.com.br\/wp-content\/uploads\/2024\/08\/Serra-4x4-1-260x300.jpg 260w, https:\/\/jornalfatosenoticias.com.br\/wp-content\/uploads\/2024\/08\/Serra-4x4-1-768x888.jpg 768w, https:\/\/jornalfatosenoticias.com.br\/wp-content\/uploads\/2024\/08\/Serra-4x4-1.jpg 1181w\" sizes=\"auto, (max-width: 281px) 100vw, 281px\" \/><\/a><\/figure><\/div>\n\n\n\n<p>As investiga\u00e7\u00f5es revelam que um grupo criminoso \u00e9 respons\u00e1vel pelo desmatamento de cerca de cinco mil hectares, realizado por meio de queimadas, o que resultou em severos danos ambientais. Um laudo pericial da Pol\u00edcia Federal aponta que o desmatamento teria como finalidade a produ\u00e7\u00e3o de gado. <\/p>\n\n\n\n<div class=\"wp-block-image\"><figure class=\"aligncenter size-large\"><a href=\"http:\/\/www.ferrarimaquinas.com.br\/\"><img loading=\"lazy\" decoding=\"async\" width=\"300\" height=\"250\" src=\"https:\/\/jornalfatosenoticias.com.br\/wp-content\/uploads\/2022\/02\/FERRARI_MAQUINAS-E-FERRAMENTAS2.jpg\" alt=\"\" class=\"wp-image-27860\"\/><\/a><\/figure><\/div>\n\n\n\n<p>O grupo investigado movimentou grandes quantias financeiras atrav\u00e9s de empresas envolvidas no com\u00e9rcio ilegal de min\u00e9rios, bens pertencentes \u00e0 Uni\u00e3o.<br>A investiga\u00e7\u00e3o teve in\u00edcio a partir de informa\u00e7\u00f5es da pol\u00edcia judici\u00e1ria e foi ampliada pelo cruzamento de dados sobre focos de queimada, identificando tr\u00eas pol\u00edgonos com inc\u00eandios de grandes propor\u00e7\u00f5es. Um dos im\u00f3veis investigados est\u00e1 localizado no munic\u00edpio de Apu\u00ed\/AM e foi alvo de diversas fraudes documentais.<\/p>\n\n\n\n<div class=\"wp-block-image\"><figure class=\"aligncenter size-large is-resized\"><a href=\"https:\/\/www.legisjuris.com.br\/\"><img loading=\"lazy\" decoding=\"async\" src=\"https:\/\/jornalfatosenoticias.com.br\/wp-content\/uploads\/2024\/09\/Legis-Juris-Consultoria_logo.jpg\" alt=\"\" class=\"wp-image-53915\" width=\"456\" height=\"191\" srcset=\"https:\/\/jornalfatosenoticias.com.br\/wp-content\/uploads\/2024\/09\/Legis-Juris-Consultoria_logo.jpg 969w, https:\/\/jornalfatosenoticias.com.br\/wp-content\/uploads\/2024\/09\/Legis-Juris-Consultoria_logo-300x126.jpg 300w, https:\/\/jornalfatosenoticias.com.br\/wp-content\/uploads\/2024\/09\/Legis-Juris-Consultoria_logo-768x322.jpg 768w\" sizes=\"auto, (max-width: 456px) 100vw, 456px\" \/><\/a><\/figure><\/div>\n\n\n\n<p>Os crimes sob investiga\u00e7\u00e3o incluem inc\u00eandio florestal, lavagem de dinheiro, invas\u00e3o de terras da Uni\u00e3o e falsidade ideol\u00f3gica, com penas que podem chegar a 26 anos de pris\u00e3o.<\/p>\n\n\n\n<p><strong><em>Fonte: <a href=\"https:\/\/gazetabrasil.com.br\/brasil\/2024\/11\/05\/policia-federal-faz-operacao-contra-grupo-que-provocou-queimadas-na-amazonia\/\">Gazeta Brasil<\/a><\/em><\/strong><\/p>\n","protected":false},"excerpt":{"rendered":"<p>Na manh\u00e3 desta ter\u00e7a-feira (05), a Pol\u00edcia Federal (PF) deu in\u00edcio \u00e0 opera\u00e7\u00e3o Terra Justa, cumprindo cinco mandados de busca e apreens\u00e3o expedidos pela 7\u00aa Vara Federal de Manaus\/AM, com o objetivo de combater o desmatamento ilegal nos estados do Amazonas e Par\u00e1. A a\u00e7\u00e3o inclui ainda sete mandados judiciais para sequestro de bens e [&hellip;]<\/p>\n","protected":false},"author":2,"featured_media":55464,"comment_status":"open","ping_status":"open","sticky":false,"template":"","format":"standard","meta":{"footnotes":""},"categories":[5],"tags":[1068,10108,2385,1844,10158,25288,940,2146,3463],"class_list":["post-55463","post","type-post","status-publish","format-standard","has-post-thumbnail","hentry","category-geral","tag-amazonas","tag-comercio-ilegal","tag-crimes-ambientais","tag-desmatamento","tag-investigacao","tag-mandados-de-busca-e-apreensao","tag-para","tag-policia-federal","tag-queimadas"],"yoast_head":"<!-- This site is optimized with the Yoast SEO plugin v26.5 - https:\/\/yoast.com\/wordpress\/plugins\/seo\/ -->\n<title>Pol\u00edcia Federal faz opera\u00e7\u00e3o contra grupo que provocou queimadas na Amaz\u00f4nia - Jornal Fatos e Not\u00edcias<\/title>\n<meta name=\"robots\" content=\"index, follow, max-snippet:-1, max-image-preview:large, max-video-preview:-1\" \/>\n<link rel=\"canonical\" href=\"https:\/\/jornalfatosenoticias.com.br\/index.php\/2024\/11\/05\/policia-federal-faz-operacao-contra-grupo-que-provocou-queimadas-na-amazonia\/\" \/>\n<meta property=\"og:locale\" content=\"pt_BR\" \/>\n<meta property=\"og:type\" content=\"article\" \/>\n<meta property=\"og:title\" content=\"Pol\u00edcia Federal faz opera\u00e7\u00e3o contra grupo que provocou queimadas na Amaz\u00f4nia - Jornal Fatos e Not\u00edcias\" \/>\n<meta property=\"og:description\" content=\"Na manh\u00e3 desta ter\u00e7a-feira (05), a Pol\u00edcia Federal (PF) deu in\u00edcio \u00e0 opera\u00e7\u00e3o Terra Justa, cumprindo cinco mandados de busca e apreens\u00e3o expedidos pela 7\u00aa Vara Federal de Manaus\/AM, com o objetivo de combater o desmatamento ilegal nos estados do Amazonas e Par\u00e1. A a\u00e7\u00e3o inclui ainda sete mandados judiciais para sequestro de bens e [&hellip;]\" \/>\n<meta property=\"og:url\" content=\"https:\/\/jornalfatosenoticias.com.br\/index.php\/2024\/11\/05\/policia-federal-faz-operacao-contra-grupo-que-provocou-queimadas-na-amazonia\/\" \/>\n<meta property=\"og:site_name\" content=\"Jornal Fatos e Not\u00edcias\" \/>\n<meta property=\"article:published_time\" content=\"2024-11-05T18:32:53+00:00\" \/>\n<meta property=\"article:modified_time\" content=\"2024-11-05T18:32:54+00:00\" \/>\n<meta property=\"og:image\" content=\"https:\/\/jornalfatosenoticias.com.br\/wp-content\/uploads\/2024\/11\/queimadas-Amazonia_gettyimages.jpg\" \/>\n\t<meta property=\"og:image:width\" content=\"612\" \/>\n\t<meta property=\"og:image:height\" content=\"409\" \/>\n\t<meta property=\"og:image:type\" content=\"image\/jpeg\" \/>\n<meta name=\"author\" content=\"Luzimara Fernandes\" \/>\n<meta name=\"twitter:card\" content=\"summary_large_image\" \/>\n<meta name=\"twitter:label1\" content=\"Escrito por\" \/>\n\t<meta name=\"twitter:data1\" content=\"Luzimara Fernandes\" \/>\n\t<meta name=\"twitter:label2\" content=\"Est. tempo de leitura\" \/>\n\t<meta name=\"twitter:data2\" content=\"1 minuto\" \/>\n<script type=\"application\/ld+json\" class=\"yoast-schema-graph\">{\"@context\":\"https:\/\/schema.org\",\"@graph\":[{\"@type\":\"Article\",\"@id\":\"https:\/\/jornalfatosenoticias.com.br\/index.php\/2024\/11\/05\/policia-federal-faz-operacao-contra-grupo-que-provocou-queimadas-na-amazonia\/#article\",\"isPartOf\":{\"@id\":\"https:\/\/jornalfatosenoticias.com.br\/index.php\/2024\/11\/05\/policia-federal-faz-operacao-contra-grupo-que-provocou-queimadas-na-amazonia\/\"},\"author\":{\"name\":\"Luzimara Fernandes\",\"@id\":\"https:\/\/jornalfatosenoticias.com.br\/#\/schema\/person\/d63837fa13ac8666eb9e74e0985d6f81\"},\"headline\":\"Pol\u00edcia Federal faz opera\u00e7\u00e3o contra grupo que provocou queimadas na Amaz\u00f4nia\",\"datePublished\":\"2024-11-05T18:32:53+00:00\",\"dateModified\":\"2024-11-05T18:32:54+00:00\",\"mainEntityOfPage\":{\"@id\":\"https:\/\/jornalfatosenoticias.com.br\/index.php\/2024\/11\/05\/policia-federal-faz-operacao-contra-grupo-que-provocou-queimadas-na-amazonia\/\"},\"wordCount\":303,\"commentCount\":0,\"publisher\":{\"@id\":\"https:\/\/jornalfatosenoticias.com.br\/#organization\"},\"image\":{\"@id\":\"https:\/\/jornalfatosenoticias.com.br\/index.php\/2024\/11\/05\/policia-federal-faz-operacao-contra-grupo-que-provocou-queimadas-na-amazonia\/#primaryimage\"},\"thumbnailUrl\":\"https:\/\/jornalfatosenoticias.com.br\/wp-content\/uploads\/2024\/11\/queimadas-Amazonia_gettyimages.jpg\",\"keywords\":[\"Amazonas\",\"com\u00e9rcio ilegal\",\"crimes ambientais\",\"desmatamento\",\"investiga\u00e7\u00e3o\",\"mandados de busca e apreens\u00e3o\",\"Par\u00e1\",\"Pol\u00edcia Federal\",\"queimadas\"],\"articleSection\":[\"Geral\"],\"inLanguage\":\"pt-BR\",\"potentialAction\":[{\"@type\":\"CommentAction\",\"name\":\"Comment\",\"target\":[\"https:\/\/jornalfatosenoticias.com.br\/index.php\/2024\/11\/05\/policia-federal-faz-operacao-contra-grupo-que-provocou-queimadas-na-amazonia\/#respond\"]}]},{\"@type\":\"WebPage\",\"@id\":\"https:\/\/jornalfatosenoticias.com.br\/index.php\/2024\/11\/05\/policia-federal-faz-operacao-contra-grupo-que-provocou-queimadas-na-amazonia\/\",\"url\":\"https:\/\/jornalfatosenoticias.com.br\/index.php\/2024\/11\/05\/policia-federal-faz-operacao-contra-grupo-que-provocou-queimadas-na-amazonia\/\",\"name\":\"Pol\u00edcia Federal faz opera\u00e7\u00e3o contra grupo que provocou queimadas na Amaz\u00f4nia - Jornal Fatos e Not\u00edcias\",\"isPartOf\":{\"@id\":\"https:\/\/jornalfatosenoticias.com.br\/#website\"},\"primaryImageOfPage\":{\"@id\":\"https:\/\/jornalfatosenoticias.com.br\/index.php\/2024\/11\/05\/policia-federal-faz-operacao-contra-grupo-que-provocou-queimadas-na-amazonia\/#primaryimage\"},\"image\":{\"@id\":\"https:\/\/jornalfatosenoticias.com.br\/index.php\/2024\/11\/05\/policia-federal-faz-operacao-contra-grupo-que-provocou-queimadas-na-amazonia\/#primaryimage\"},\"thumbnailUrl\":\"https:\/\/jornalfatosenoticias.com.br\/wp-content\/uploads\/2024\/11\/queimadas-Amazonia_gettyimages.jpg\",\"datePublished\":\"2024-11-05T18:32:53+00:00\",\"dateModified\":\"2024-11-05T18:32:54+00:00\",\"breadcrumb\":{\"@id\":\"https:\/\/jornalfatosenoticias.com.br\/index.php\/2024\/11\/05\/policia-federal-faz-operacao-contra-grupo-que-provocou-queimadas-na-amazonia\/#breadcrumb\"},\"inLanguage\":\"pt-BR\",\"potentialAction\":[{\"@type\":\"ReadAction\",\"target\":[\"https:\/\/jornalfatosenoticias.com.br\/index.php\/2024\/11\/05\/policia-federal-faz-operacao-contra-grupo-que-provocou-queimadas-na-amazonia\/\"]}]},{\"@type\":\"ImageObject\",\"inLanguage\":\"pt-BR\",\"@id\":\"https:\/\/jornalfatosenoticias.com.br\/index.php\/2024\/11\/05\/policia-federal-faz-operacao-contra-grupo-que-provocou-queimadas-na-amazonia\/#primaryimage\",\"url\":\"https:\/\/jornalfatosenoticias.com.br\/wp-content\/uploads\/2024\/11\/queimadas-Amazonia_gettyimages.jpg\",\"contentUrl\":\"https:\/\/jornalfatosenoticias.com.br\/wp-content\/uploads\/2024\/11\/queimadas-Amazonia_gettyimages.jpg\",\"width\":612,\"height\":409,\"caption\":\"Firefighters, forest brigades, volunteers and Civil Defense agents struggle to contain the flames that consume out of control a large part of the Juquery State Park, in Greater Sao Paulo, Brazil, on 23 August 2021.. About 80 to 90% of the park has already been consumed, according to brigade experts in the area, in the largest forest fire in the park - the last savannah reserve in the metropolitan region. According to the firemen, the fire was started by a balloon drop, a prohibited practice and considered a crime in Brazil, but very common during the winter season - precisely the driest and most susceptible to forest fires (Photo by Gustavo Basso\/NurPhoto via Getty Images)\"},{\"@type\":\"BreadcrumbList\",\"@id\":\"https:\/\/jornalfatosenoticias.com.br\/index.php\/2024\/11\/05\/policia-federal-faz-operacao-contra-grupo-que-provocou-queimadas-na-amazonia\/#breadcrumb\",\"itemListElement\":[{\"@type\":\"ListItem\",\"position\":1,\"name\":\"In\u00edcio\",\"item\":\"https:\/\/jornalfatosenoticias.com.br\/\"},{\"@type\":\"ListItem\",\"position\":2,\"name\":\"Pol\u00edcia Federal faz opera\u00e7\u00e3o contra grupo que provocou queimadas na Amaz\u00f4nia\"}]},{\"@type\":\"WebSite\",\"@id\":\"https:\/\/jornalfatosenoticias.com.br\/#website\",\"url\":\"https:\/\/jornalfatosenoticias.com.br\/\",\"name\":\"Jornal Fatos e Not\u00edcias\",\"description\":\"Not\u00edcias em geral\",\"publisher\":{\"@id\":\"https:\/\/jornalfatosenoticias.com.br\/#organization\"},\"potentialAction\":[{\"@type\":\"SearchAction\",\"target\":{\"@type\":\"EntryPoint\",\"urlTemplate\":\"https:\/\/jornalfatosenoticias.com.br\/?s={search_term_string}\"},\"query-input\":{\"@type\":\"PropertyValueSpecification\",\"valueRequired\":true,\"valueName\":\"search_term_string\"}}],\"inLanguage\":\"pt-BR\"},{\"@type\":\"Organization\",\"@id\":\"https:\/\/jornalfatosenoticias.com.br\/#organization\",\"name\":\"Jornal Fatos e Not\u00edcias\",\"url\":\"https:\/\/jornalfatosenoticias.com.br\/\",\"logo\":{\"@type\":\"ImageObject\",\"inLanguage\":\"pt-BR\",\"@id\":\"https:\/\/jornalfatosenoticias.com.br\/#\/schema\/logo\/image\/\",\"url\":\"https:\/\/jornalfatosenoticias.com.br\/wp-content\/uploads\/2020\/02\/logo120.png\",\"contentUrl\":\"https:\/\/jornalfatosenoticias.com.br\/wp-content\/uploads\/2020\/02\/logo120.png\",\"width\":1227,\"height\":120,\"caption\":\"Jornal Fatos e Not\u00edcias\"},\"image\":{\"@id\":\"https:\/\/jornalfatosenoticias.com.br\/#\/schema\/logo\/image\/\"}},{\"@type\":\"Person\",\"@id\":\"https:\/\/jornalfatosenoticias.com.br\/#\/schema\/person\/d63837fa13ac8666eb9e74e0985d6f81\",\"name\":\"Luzimara Fernandes\",\"image\":{\"@type\":\"ImageObject\",\"inLanguage\":\"pt-BR\",\"@id\":\"https:\/\/jornalfatosenoticias.com.br\/#\/schema\/person\/image\/\",\"url\":\"https:\/\/jornalfatosenoticias.com.br\/wp-content\/uploads\/2025\/05\/EU_portal.jpg\",\"contentUrl\":\"https:\/\/jornalfatosenoticias.com.br\/wp-content\/uploads\/2025\/05\/EU_portal.jpg\",\"caption\":\"Luzimara Fernandes\"},\"description\":\"Jornalista MTB 2358-ES\",\"sameAs\":[\"https:\/\/jornalfatosenoticias.com.br\"],\"url\":\"https:\/\/jornalfatosenoticias.com.br\/index.php\/author\/luzimara\/\"}]}<\/script>\n<!-- \/ Yoast SEO plugin. -->","yoast_head_json":{"title":"Pol\u00edcia Federal faz opera\u00e7\u00e3o contra grupo que provocou queimadas na Amaz\u00f4nia - Jornal Fatos e Not\u00edcias","robots":{"index":"index","follow":"follow","max-snippet":"max-snippet:-1","max-image-preview":"max-image-preview:large","max-video-preview":"max-video-preview:-1"},"canonical":"https:\/\/jornalfatosenoticias.com.br\/index.php\/2024\/11\/05\/policia-federal-faz-operacao-contra-grupo-que-provocou-queimadas-na-amazonia\/","og_locale":"pt_BR","og_type":"article","og_title":"Pol\u00edcia Federal faz opera\u00e7\u00e3o contra grupo que provocou queimadas na Amaz\u00f4nia - Jornal Fatos e Not\u00edcias","og_description":"Na manh\u00e3 desta ter\u00e7a-feira (05), a Pol\u00edcia Federal (PF) deu in\u00edcio \u00e0 opera\u00e7\u00e3o Terra Justa, cumprindo cinco mandados de busca e apreens\u00e3o expedidos pela 7\u00aa Vara Federal de Manaus\/AM, com o objetivo de combater o desmatamento ilegal nos estados do Amazonas e Par\u00e1. A a\u00e7\u00e3o inclui ainda sete mandados judiciais para sequestro de bens e [&hellip;]","og_url":"https:\/\/jornalfatosenoticias.com.br\/index.php\/2024\/11\/05\/policia-federal-faz-operacao-contra-grupo-que-provocou-queimadas-na-amazonia\/","og_site_name":"Jornal Fatos e Not\u00edcias","article_published_time":"2024-11-05T18:32:53+00:00","article_modified_time":"2024-11-05T18:32:54+00:00","og_image":[{"width":612,"height":409,"url":"https:\/\/jornalfatosenoticias.com.br\/wp-content\/uploads\/2024\/11\/queimadas-Amazonia_gettyimages.jpg","type":"image\/jpeg"}],"author":"Luzimara Fernandes","twitter_card":"summary_large_image","twitter_misc":{"Escrito por":"Luzimara Fernandes","Est. tempo de leitura":"1 minuto"},"schema":{"@context":"https:\/\/schema.org","@graph":[{"@type":"Article","@id":"https:\/\/jornalfatosenoticias.com.br\/index.php\/2024\/11\/05\/policia-federal-faz-operacao-contra-grupo-que-provocou-queimadas-na-amazonia\/#article","isPartOf":{"@id":"https:\/\/jornalfatosenoticias.com.br\/index.php\/2024\/11\/05\/policia-federal-faz-operacao-contra-grupo-que-provocou-queimadas-na-amazonia\/"},"author":{"name":"Luzimara Fernandes","@id":"https:\/\/jornalfatosenoticias.com.br\/#\/schema\/person\/d63837fa13ac8666eb9e74e0985d6f81"},"headline":"Pol\u00edcia Federal faz opera\u00e7\u00e3o contra grupo que provocou queimadas na Amaz\u00f4nia","datePublished":"2024-11-05T18:32:53+00:00","dateModified":"2024-11-05T18:32:54+00:00","mainEntityOfPage":{"@id":"https:\/\/jornalfatosenoticias.com.br\/index.php\/2024\/11\/05\/policia-federal-faz-operacao-contra-grupo-que-provocou-queimadas-na-amazonia\/"},"wordCount":303,"commentCount":0,"publisher":{"@id":"https:\/\/jornalfatosenoticias.com.br\/#organization"},"image":{"@id":"https:\/\/jornalfatosenoticias.com.br\/index.php\/2024\/11\/05\/policia-federal-faz-operacao-contra-grupo-que-provocou-queimadas-na-amazonia\/#primaryimage"},"thumbnailUrl":"https:\/\/jornalfatosenoticias.com.br\/wp-content\/uploads\/2024\/11\/queimadas-Amazonia_gettyimages.jpg","keywords":["Amazonas","com\u00e9rcio ilegal","crimes ambientais","desmatamento","investiga\u00e7\u00e3o","mandados de busca e apreens\u00e3o","Par\u00e1","Pol\u00edcia Federal","queimadas"],"articleSection":["Geral"],"inLanguage":"pt-BR","potentialAction":[{"@type":"CommentAction","name":"Comment","target":["https:\/\/jornalfatosenoticias.com.br\/index.php\/2024\/11\/05\/policia-federal-faz-operacao-contra-grupo-que-provocou-queimadas-na-amazonia\/#respond"]}]},{"@type":"WebPage","@id":"https:\/\/jornalfatosenoticias.com.br\/index.php\/2024\/11\/05\/policia-federal-faz-operacao-contra-grupo-que-provocou-queimadas-na-amazonia\/","url":"https:\/\/jornalfatosenoticias.com.br\/index.php\/2024\/11\/05\/policia-federal-faz-operacao-contra-grupo-que-provocou-queimadas-na-amazonia\/","name":"Pol\u00edcia Federal faz opera\u00e7\u00e3o contra grupo que provocou queimadas na Amaz\u00f4nia - Jornal Fatos e Not\u00edcias","isPartOf":{"@id":"https:\/\/jornalfatosenoticias.com.br\/#website"},"primaryImageOfPage":{"@id":"https:\/\/jornalfatosenoticias.com.br\/index.php\/2024\/11\/05\/policia-federal-faz-operacao-contra-grupo-que-provocou-queimadas-na-amazonia\/#primaryimage"},"image":{"@id":"https:\/\/jornalfatosenoticias.com.br\/index.php\/2024\/11\/05\/policia-federal-faz-operacao-contra-grupo-que-provocou-queimadas-na-amazonia\/#primaryimage"},"thumbnailUrl":"https:\/\/jornalfatosenoticias.com.br\/wp-content\/uploads\/2024\/11\/queimadas-Amazonia_gettyimages.jpg","datePublished":"2024-11-05T18:32:53+00:00","dateModified":"2024-11-05T18:32:54+00:00","breadcrumb":{"@id":"https:\/\/jornalfatosenoticias.com.br\/index.php\/2024\/11\/05\/policia-federal-faz-operacao-contra-grupo-que-provocou-queimadas-na-amazonia\/#breadcrumb"},"inLanguage":"pt-BR","potentialAction":[{"@type":"ReadAction","target":["https:\/\/jornalfatosenoticias.com.br\/index.php\/2024\/11\/05\/policia-federal-faz-operacao-contra-grupo-que-provocou-queimadas-na-amazonia\/"]}]},{"@type":"ImageObject","inLanguage":"pt-BR","@id":"https:\/\/jornalfatosenoticias.com.br\/index.php\/2024\/11\/05\/policia-federal-faz-operacao-contra-grupo-que-provocou-queimadas-na-amazonia\/#primaryimage","url":"https:\/\/jornalfatosenoticias.com.br\/wp-content\/uploads\/2024\/11\/queimadas-Amazonia_gettyimages.jpg","contentUrl":"https:\/\/jornalfatosenoticias.com.br\/wp-content\/uploads\/2024\/11\/queimadas-Amazonia_gettyimages.jpg","width":612,"height":409,"caption":"Firefighters, forest brigades, volunteers and Civil Defense agents struggle to contain the flames that consume out of control a large part of the Juquery State Park, in Greater Sao Paulo, Brazil, on 23 August 2021.. About 80 to 90% of the park has already been consumed, according to brigade experts in the area, in the largest forest fire in the park - the last savannah reserve in the metropolitan region. According to the firemen, the fire was started by a balloon drop, a prohibited practice and considered a crime in Brazil, but very common during the winter season - precisely the driest and most susceptible to forest fires (Photo by Gustavo Basso\/NurPhoto via Getty Images)"},{"@type":"BreadcrumbList","@id":"https:\/\/jornalfatosenoticias.com.br\/index.php\/2024\/11\/05\/policia-federal-faz-operacao-contra-grupo-que-provocou-queimadas-na-amazonia\/#breadcrumb","itemListElement":[{"@type":"ListItem","position":1,"name":"In\u00edcio","item":"https:\/\/jornalfatosenoticias.com.br\/"},{"@type":"ListItem","position":2,"name":"Pol\u00edcia Federal faz opera\u00e7\u00e3o contra grupo que provocou queimadas na Amaz\u00f4nia"}]},{"@type":"WebSite","@id":"https:\/\/jornalfatosenoticias.com.br\/#website","url":"https:\/\/jornalfatosenoticias.com.br\/","name":"Jornal Fatos e Not\u00edcias","description":"Not\u00edcias em geral","publisher":{"@id":"https:\/\/jornalfatosenoticias.com.br\/#organization"},"potentialAction":[{"@type":"SearchAction","target":{"@type":"EntryPoint","urlTemplate":"https:\/\/jornalfatosenoticias.com.br\/?s={search_term_string}"},"query-input":{"@type":"PropertyValueSpecification","valueRequired":true,"valueName":"search_term_string"}}],"inLanguage":"pt-BR"},{"@type":"Organization","@id":"https:\/\/jornalfatosenoticias.com.br\/#organization","name":"Jornal Fatos e Not\u00edcias","url":"https:\/\/jornalfatosenoticias.com.br\/","logo":{"@type":"ImageObject","inLanguage":"pt-BR","@id":"https:\/\/jornalfatosenoticias.com.br\/#\/schema\/logo\/image\/","url":"https:\/\/jornalfatosenoticias.com.br\/wp-content\/uploads\/2020\/02\/logo120.png","contentUrl":"https:\/\/jornalfatosenoticias.com.br\/wp-content\/uploads\/2020\/02\/logo120.png","width":1227,"height":120,"caption":"Jornal Fatos e Not\u00edcias"},"image":{"@id":"https:\/\/jornalfatosenoticias.com.br\/#\/schema\/logo\/image\/"}},{"@type":"Person","@id":"https:\/\/jornalfatosenoticias.com.br\/#\/schema\/person\/d63837fa13ac8666eb9e74e0985d6f81","name":"Luzimara Fernandes","image":{"@type":"ImageObject","inLanguage":"pt-BR","@id":"https:\/\/jornalfatosenoticias.com.br\/#\/schema\/person\/image\/","url":"https:\/\/jornalfatosenoticias.com.br\/wp-content\/uploads\/2025\/05\/EU_portal.jpg","contentUrl":"https:\/\/jornalfatosenoticias.com.br\/wp-content\/uploads\/2025\/05\/EU_portal.jpg","caption":"Luzimara Fernandes"},"description":"Jornalista MTB 2358-ES","sameAs":["https:\/\/jornalfatosenoticias.com.br"],"url":"https:\/\/jornalfatosenoticias.com.br\/index.php\/author\/luzimara\/"}]}},"cc_featured_image_caption":{"caption_text":"(Foto: Getty Images) ","source_text":"","source_url":""},"jetpack_featured_media_url":"https:\/\/jornalfatosenoticias.com.br\/wp-content\/uploads\/2024\/11\/queimadas-Amazonia_gettyimages.jpg","_links":{"self":[{"href":"https:\/\/jornalfatosenoticias.com.br\/index.php\/wp-json\/wp\/v2\/posts\/55463","targetHints":{"allow":["GET"]}}],"collection":[{"href":"https:\/\/jornalfatosenoticias.com.br\/index.php\/wp-json\/wp\/v2\/posts"}],"about":[{"href":"https:\/\/jornalfatosenoticias.com.br\/index.php\/wp-json\/wp\/v2\/types\/post"}],"author":[{"embeddable":true,"href":"https:\/\/jornalfatosenoticias.com.br\/index.php\/wp-json\/wp\/v2\/users\/2"}],"replies":[{"embeddable":true,"href":"https:\/\/jornalfatosenoticias.com.br\/index.php\/wp-json\/wp\/v2\/comments?post=55463"}],"version-history":[{"count":0,"href":"https:\/\/jornalfatosenoticias.com.br\/index.php\/wp-json\/wp\/v2\/posts\/55463\/revisions"}],"wp:featuredmedia":[{"embeddable":true,"href":"https:\/\/jornalfatosenoticias.com.br\/index.php\/wp-json\/wp\/v2\/media\/55464"}],"wp:attachment":[{"href":"https:\/\/jornalfatosenoticias.com.br\/index.php\/wp-json\/wp\/v2\/media?parent=55463"}],"wp:term":[{"taxonomy":"category","embeddable":true,"href":"https:\/\/jornalfatosenoticias.com.br\/index.php\/wp-json\/wp\/v2\/categories?post=55463"},{"taxonomy":"post_tag","embeddable":true,"href":"https:\/\/jornalfatosenoticias.com.br\/index.php\/wp-json\/wp\/v2\/tags?post=55463"}],"curies":[{"name":"wp","href":"https:\/\/api.w.org\/{rel}","templated":true}]}}