{"id":55470,"date":"2024-11-06T09:20:41","date_gmt":"2024-11-06T12:20:41","guid":{"rendered":"https:\/\/jornalfatosenoticias.com.br\/?p=55470"},"modified":"2024-11-06T09:20:43","modified_gmt":"2024-11-06T12:20:43","slug":"donald-trump-desbanca-kamala-harris-e-e-eleito-presidente-dos-eua","status":"publish","type":"post","link":"https:\/\/jornalfatosenoticias.com.br\/index.php\/2024\/11\/06\/donald-trump-desbanca-kamala-harris-e-e-eleito-presidente-dos-eua\/","title":{"rendered":"Donald Trump desbanca Kamala Harris e \u00e9 eleito presidente dos EUA&nbsp;"},"content":{"rendered":"\n<p><em><span class=\"has-inline-color has-black-color\">Donald Trump est\u00e1 de volta \u00e0 Casa Branca<\/span><\/em><\/p>\n\n\n\n<p><span class=\"has-inline-color has-black-color\">Por <strong><a href=\"https:\/\/www.gazetadopovo.com.br\/autor\/john-lucas\/\">John Lucas<\/a><\/strong> e <strong><a href=\"https:\/\/www.gazetadopovo.com.br\/autor\/isabella-de-paula\/\">Isabella de Paula<\/a><\/strong><\/span><\/p>\n\n\n\n<div class=\"wp-block-image\"><figure class=\"aligncenter size-large\"><a href=\"https:\/\/mizu.com.br\/\"><img loading=\"lazy\" decoding=\"async\" width=\"729\" height=\"90\" src=\"https:\/\/jornalfatosenoticias.com.br\/wp-content\/uploads\/2020\/02\/Logo_Mizu.png\" alt=\"\" class=\"wp-image-1441\" srcset=\"https:\/\/jornalfatosenoticias.com.br\/wp-content\/uploads\/2020\/02\/Logo_Mizu.png 729w, https:\/\/jornalfatosenoticias.com.br\/wp-content\/uploads\/2020\/02\/Logo_Mizu-300x37.png 300w\" sizes=\"auto, (max-width: 729px) 100vw, 729px\" \/><\/a><\/figure><\/div>\n\n\n\n<p>Donald Trump venceu com folga a elei\u00e7\u00e3o presidencial realizada nos Estados Unidos nesta ter\u00e7a-feira (5), desbancando a democrata Kamala Harris, atual vice-presidente do pa\u00eds. Trump garantiu sua vit\u00f3ria ao assegurar os 270 delegados exigidos pela norma eleitoral. At\u00e9 o momento, enquanto a apura\u00e7\u00e3o continua em alguns estados, ele j\u00e1 conquistou todos os delegados de estados-p\u00eandulo como Pensilv\u00e2nia, Ge\u00f3rgia, Carolina do Norte e Wisconsin, sendo este \u00faltimo o resultado que definiu a elei\u00e7\u00e3o favor\u00e1vel aos republicanos. A proje\u00e7\u00e3o que mostra a vit\u00f3ria de Trump foi apresentada na manh\u00e3 desta quarta-feira (6) pela ag\u00eancia Associated Press (AP).<br>Aos 78 anos, Trump retornar\u00e1 \u00e0 Casa Branca em 20 de janeiro de 2025, quando ser\u00e1 empossado para seu segundo mandato como presidente, ap\u00f3s ficar quatro anos longe do poder. Ele deve comandar os Estados Unidos at\u00e9 2029, sendo o 47\u00ba l\u00edder da maior pot\u00eancia do mundo.\u00a0O senador republicano J.D. Vance, vice na chapa de Trump, assumir\u00e1 como o 50\u00ba vice-presidente da hist\u00f3ria dos EUA.<\/p>\n\n\n\n<div class=\"wp-block-image\"><figure class=\"aligncenter size-large is-resized\"><a href=\"https:\/\/www.facebook.com\/postobkr\/?locale=pt_BR\"><img loading=\"lazy\" decoding=\"async\" src=\"https:\/\/jornalfatosenoticias.com.br\/wp-content\/uploads\/2023\/08\/BKR-1024x1021.jpg\" alt=\"\" class=\"wp-image-44494\" width=\"344\" height=\"343\" srcset=\"https:\/\/jornalfatosenoticias.com.br\/wp-content\/uploads\/2023\/08\/BKR-1024x1021.jpg 1024w, https:\/\/jornalfatosenoticias.com.br\/wp-content\/uploads\/2023\/08\/BKR-300x300.jpg 300w, https:\/\/jornalfatosenoticias.com.br\/wp-content\/uploads\/2023\/08\/BKR-150x150.jpg 150w, https:\/\/jornalfatosenoticias.com.br\/wp-content\/uploads\/2023\/08\/BKR-768x766.jpg 768w, https:\/\/jornalfatosenoticias.com.br\/wp-content\/uploads\/2023\/08\/BKR.jpg 1080w\" sizes=\"auto, (max-width: 344px) 100vw, 344px\" \/><\/a><\/figure><\/div>\n\n\n\n<p>A volta de Trump \u00e0 presid\u00eancia ocorre em um momento de insatisfa\u00e7\u00e3o nacional, com apenas um quarto dos americanos expressando apoio com a dire\u00e7\u00e3o do pa\u00eds e dois ter\u00e7os manifestando perspectivas econ\u00f4micas desfavor\u00e1veis. Trump substitui o atual presidente Joe Biden, do Partido Democrata, apresentando-se como um defensor das liberdades amparadas pela Constitui\u00e7\u00e3o dos Estados Unidos, como as liberdades de express\u00e3o e defesa.\u00a0\u00c9 a segunda vez na hist\u00f3ria que um presidente comandar\u00e1 os Estados Unidos por dois mandatos n\u00e3o consecutivos.<\/p>\n\n\n\n<div class=\"wp-block-image\"><figure class=\"aligncenter size-large is-resized\"><a href=\"https:\/\/www.instagram.com\/ligadossaborespizzaria\/\"><img loading=\"lazy\" decoding=\"async\" src=\"https:\/\/jornalfatosenoticias.com.br\/wp-content\/uploads\/2020\/02\/WhatsApp-Image-2024-10-02-at-08.18.14-819x1024.jpeg\" alt=\"\" class=\"wp-image-54612\" width=\"310\" height=\"388\" srcset=\"https:\/\/jornalfatosenoticias.com.br\/wp-content\/uploads\/2020\/02\/WhatsApp-Image-2024-10-02-at-08.18.14-819x1024.jpeg 819w, https:\/\/jornalfatosenoticias.com.br\/wp-content\/uploads\/2020\/02\/WhatsApp-Image-2024-10-02-at-08.18.14-240x300.jpeg 240w, https:\/\/jornalfatosenoticias.com.br\/wp-content\/uploads\/2020\/02\/WhatsApp-Image-2024-10-02-at-08.18.14-768x960.jpeg 768w, https:\/\/jornalfatosenoticias.com.br\/wp-content\/uploads\/2020\/02\/WhatsApp-Image-2024-10-02-at-08.18.14.jpeg 1024w\" sizes=\"auto, (max-width: 310px) 100vw, 310px\" \/><\/a><\/figure><\/div>\n\n\n\n<p>Horas antes de alcan\u00e7ar os 270 delegados \u2014 faltavam tr\u00eas para o m\u00ednimo \u2014 o ex-presidente j\u00e1 declarava vit\u00f3ria no Centro de Conven\u00e7\u00f5es do Condado de Palm Beach, na cidade de West Palm Beach, Fl\u00f3rida.<\/p>\n\n\n\n<blockquote class=\"wp-block-quote is-layout-flow wp-block-quote-is-layout-flow\"><p><span class=\"has-inline-color has-luminous-vivid-orange-color\">Quero agradecer ao povo americano pela extraordin\u00e1ria honra de ter sido eleito seu 47\u00ba presidente&#8221;, afirmou o republicano, acompanhado de sua fam\u00edlia, membros da equipe de campanha e apoiadores. \u201cFaremos a Am\u00e9rica grande novamente\u201d, declarou Trump diante dos gritos de histeria que inundaram o local durante a madrugada, enquanto a apura\u00e7\u00e3o acontecia.<\/span><\/p><\/blockquote>\n\n\n\n<p>A confirma\u00e7\u00e3o de vit\u00f3ria veio com o fim da apura\u00e7\u00e3o no estado de Wisconsin, por volta das 7h30 desta quarta-feira (6), que deixou Trump com 277 delegados.<\/p>\n\n\n\n<div class=\"wp-block-image\"><figure class=\"aligncenter size-large is-resized\"><a href=\"https:\/\/www.instagram.com\/restaurantepegoretti\/\"><img loading=\"lazy\" decoding=\"async\" src=\"https:\/\/jornalfatosenoticias.com.br\/wp-content\/uploads\/2023\/12\/pegoretti-logo-pdf-1024x389.jpg\" alt=\"\" class=\"wp-image-47536\" width=\"464\" height=\"176\" srcset=\"https:\/\/jornalfatosenoticias.com.br\/wp-content\/uploads\/2023\/12\/pegoretti-logo-pdf-1024x389.jpg 1024w, https:\/\/jornalfatosenoticias.com.br\/wp-content\/uploads\/2023\/12\/pegoretti-logo-pdf-300x114.jpg 300w, https:\/\/jornalfatosenoticias.com.br\/wp-content\/uploads\/2023\/12\/pegoretti-logo-pdf-768x291.jpg 768w, https:\/\/jornalfatosenoticias.com.br\/wp-content\/uploads\/2023\/12\/pegoretti-logo-pdf.jpg 1120w\" sizes=\"auto, (max-width: 464px) 100vw, 464px\" \/><\/a><\/figure><\/div>\n\n\n\n<p><strong><span class=\"has-inline-color has-vivid-cyan-blue-color\">Imigra\u00e7\u00e3o em foco\u00a0<br><\/span><\/strong>A pol\u00edtica de imigra\u00e7\u00e3o dominou a campanha de Trump, que apontou falhas na gest\u00e3o de fronteira de Biden. Em dezembro de 2023, os EUA registraram um recorde de mais de 300 mil entradas ilegais no pa\u00eds, enquanto a m\u00e9dia mensal de 2013 a 2019 era de 39 mil. Em resposta a esses n\u00fameros, Trump prometeu em seu plano de governo realizar a maior deporta\u00e7\u00e3o da hist\u00f3ria do pa\u00eds. Entre as principais propostas tamb\u00e9m, est\u00e3o o envio de refor\u00e7os para proteger a fronteira EUA-M\u00e9xico, a constru\u00e7\u00e3o de novas instala\u00e7\u00f5es de deten\u00e7\u00e3o de imigrantes ilegais, e at\u00e9 a aplica\u00e7\u00e3o de tarifas sobre produtos mexicanos, caso o governo local, liderado pela socialista Claudia Sheimbaum, n\u00e3o controle a crise migrat\u00f3ria e o tr\u00e1fico de drogas.\u00a0<\/p>\n\n\n\n<div class=\"wp-block-image\"><figure class=\"aligncenter size-large is-resized\"><a href=\"https:\/\/www.ithbrasil.com.br\/\"><img loading=\"lazy\" decoding=\"async\" src=\"https:\/\/jornalfatosenoticias.com.br\/wp-content\/uploads\/2023\/08\/ITH.jpeg\" alt=\"\" class=\"wp-image-44638\" width=\"323\" height=\"262\" srcset=\"https:\/\/jornalfatosenoticias.com.br\/wp-content\/uploads\/2023\/08\/ITH.jpeg 800w, https:\/\/jornalfatosenoticias.com.br\/wp-content\/uploads\/2023\/08\/ITH-300x244.jpeg 300w, https:\/\/jornalfatosenoticias.com.br\/wp-content\/uploads\/2023\/08\/ITH-768x624.jpeg 768w\" sizes=\"auto, (max-width: 323px) 100vw, 323px\" \/><\/a><\/figure><\/div>\n\n\n\n<p>O republicano tamb\u00e9m se comprometeu a acabar com os programas de liberdade condicional implementados por Biden, que permitem a entrada tempor\u00e1ria de imigrantes. De acordo com dados oficiais, mais de um milh\u00e3o de pessoas foram admitidas no pa\u00eds por meio desses programas. <\/p>\n\n\n\n<div class=\"wp-block-image\"><figure class=\"aligncenter size-large is-resized\"><a href=\"https:\/\/hotelmarquetti.com.br\/\"><img loading=\"lazy\" decoding=\"async\" src=\"https:\/\/jornalfatosenoticias.com.br\/wp-content\/uploads\/2023\/03\/nova-logo-Marquetti.jpg\" alt=\"\" class=\"wp-image-40207\" width=\"359\" height=\"241\" srcset=\"https:\/\/jornalfatosenoticias.com.br\/wp-content\/uploads\/2023\/03\/nova-logo-Marquetti.jpg 643w, https:\/\/jornalfatosenoticias.com.br\/wp-content\/uploads\/2023\/03\/nova-logo-Marquetti-300x202.jpg 300w\" sizes=\"auto, (max-width: 359px) 100vw, 359px\" \/><\/a><\/figure><\/div>\n\n\n\n<p>Trump tamb\u00e9m defende o fim da cidadania por direito de nascimento para filhos de imigrantes em situa\u00e7\u00e3o irregular e prometeu deportar estudantes estrangeiros envolvidos em manifesta\u00e7\u00f5es contr\u00e1rias a Israel. Por outro lado, ele sugeriu uma medida para facilitar a migra\u00e7\u00e3o de estudantes estrangeiros em universidades americanas, garantindo-lhes green cards autom\u00e1ticos.\u00a0Em seu discurso de vit\u00f3ria, nesta quarta-feira (6), o republicano garantiu que vai \u201cselar as fronteiras\u201d do pa\u00eds e que s\u00f3 permitir\u00e1 a entrada de imigrantes \u201cde maneira legal\u201d.<\/p>\n\n\n\n<div class=\"wp-block-image\"><figure class=\"aligncenter size-large is-resized\"><a href=\"https:\/\/www.instagram.com\/esteiochurrascaria\/\"><img loading=\"lazy\" decoding=\"async\" src=\"https:\/\/jornalfatosenoticias.com.br\/wp-content\/uploads\/2022\/02\/LOGO-ESTEIO-1024x730.png\" alt=\"\" class=\"wp-image-27942\" width=\"350\" height=\"249\" srcset=\"https:\/\/jornalfatosenoticias.com.br\/wp-content\/uploads\/2022\/02\/LOGO-ESTEIO-1024x730.png 1024w, https:\/\/jornalfatosenoticias.com.br\/wp-content\/uploads\/2022\/02\/LOGO-ESTEIO-300x214.png 300w, https:\/\/jornalfatosenoticias.com.br\/wp-content\/uploads\/2022\/02\/LOGO-ESTEIO-768x548.png 768w, https:\/\/jornalfatosenoticias.com.br\/wp-content\/uploads\/2022\/02\/LOGO-ESTEIO.png 1123w\" sizes=\"auto, (max-width: 350px) 100vw, 350px\" \/><\/a><\/figure><\/div>\n\n\n\n<blockquote class=\"wp-block-quote is-layout-flow wp-block-quote-is-layout-flow\"><p><span class=\"has-inline-color has-luminous-vivid-orange-color\">Vamos selar as nossas fronteiras e vamos ter que deixar que as pessoas entrem no pa\u00eds. Queremos que as pessoas regressem. Temos de deix\u00e1-las regressar, mas ter\u00e3o de faz\u00ea-lo de maneira legal. Podem vir, mas de maneira legal&#8221;, enfatizou Trump diante de centenas de apoiadores no Centro de Conven\u00e7\u00f5es de Palm Beach, cercado por sua fam\u00edlia.<\/span><\/p><\/blockquote>\n\n\n\n<div class=\"wp-block-image\"><figure class=\"aligncenter size-large is-resized\"><a href=\"https:\/\/www.instagram.com\/serra4x4cambioautomatico\/\"><img loading=\"lazy\" decoding=\"async\" src=\"https:\/\/jornalfatosenoticias.com.br\/wp-content\/uploads\/2024\/08\/Serra-4x4-1-886x1024.jpg\" alt=\"\" class=\"wp-image-53632\" width=\"306\" height=\"354\" srcset=\"https:\/\/jornalfatosenoticias.com.br\/wp-content\/uploads\/2024\/08\/Serra-4x4-1-886x1024.jpg 886w, https:\/\/jornalfatosenoticias.com.br\/wp-content\/uploads\/2024\/08\/Serra-4x4-1-260x300.jpg 260w, https:\/\/jornalfatosenoticias.com.br\/wp-content\/uploads\/2024\/08\/Serra-4x4-1-768x888.jpg 768w, https:\/\/jornalfatosenoticias.com.br\/wp-content\/uploads\/2024\/08\/Serra-4x4-1.jpg 1181w\" sizes=\"auto, (max-width: 306px) 100vw, 306px\" \/><\/a><\/figure><\/div>\n\n\n\n<p><em>&#8220;Temos que ajudar o nosso pa\u00eds a se cicatrizar. Temos um pa\u00eds que precisa de ajuda, e precisa dela urgentemente. Vamos consertar as nossas fronteiras&#8221;, acrescentou no discurso.<\/em><\/p>\n\n\n\n<div class=\"wp-block-image\"><figure class=\"aligncenter size-large\"><img loading=\"lazy\" decoding=\"async\" width=\"854\" height=\"437\" src=\"https:\/\/jornalfatosenoticias.com.br\/wp-content\/uploads\/2024\/11\/harris-e-trump-1.jpg\" alt=\"\" class=\"wp-image-55472\" srcset=\"https:\/\/jornalfatosenoticias.com.br\/wp-content\/uploads\/2024\/11\/harris-e-trump-1.jpg 854w, https:\/\/jornalfatosenoticias.com.br\/wp-content\/uploads\/2024\/11\/harris-e-trump-1-300x154.jpg 300w, https:\/\/jornalfatosenoticias.com.br\/wp-content\/uploads\/2024\/11\/harris-e-trump-1-768x393.jpg 768w\" sizes=\"auto, (max-width: 854px) 100vw, 854px\" \/><\/figure><\/div>\n\n\n\n<div class=\"wp-block-image\"><figure class=\"aligncenter size-large\"><img loading=\"lazy\" decoding=\"async\" width=\"995\" height=\"720\" src=\"https:\/\/jornalfatosenoticias.com.br\/wp-content\/uploads\/2024\/11\/eleicao-EUA.jpg\" alt=\"\" class=\"wp-image-55473\" srcset=\"https:\/\/jornalfatosenoticias.com.br\/wp-content\/uploads\/2024\/11\/eleicao-EUA.jpg 995w, https:\/\/jornalfatosenoticias.com.br\/wp-content\/uploads\/2024\/11\/eleicao-EUA-300x217.jpg 300w, https:\/\/jornalfatosenoticias.com.br\/wp-content\/uploads\/2024\/11\/eleicao-EUA-768x556.jpg 768w\" sizes=\"auto, (max-width: 995px) 100vw, 995px\" \/><\/figure><\/div>\n\n\n\n<p><strong><span class=\"has-inline-color has-vivid-cyan-blue-color\">Economia e infla\u00e7\u00e3o como desafios\u00a0para Trump<br><\/span><\/strong>Na \u00e1rea econ\u00f4mica, Trump ter\u00e1 que enfrentar uma economia que, embora esteja em crescimento, mostra sinais de desacelera\u00e7\u00e3o na gera\u00e7\u00e3o de empregos e mant\u00e9m uma infla\u00e7\u00e3o ainda preocupante. Em outubro, o pa\u00eds registrou apenas 12 mil novos postos de trabalho, uma queda significativa em compara\u00e7\u00e3o ao m\u00eas anterior. Desde que Biden assumiu a presid\u00eancia, a infla\u00e7\u00e3o acumulada em 12 meses passou de 1,4% para um pico de 9,1% em 2022. Embora o \u00edndice tenha ca\u00eddo para 2,5% em agosto deste ano, o custo de vida ainda pesa no bolso dos americanos.\u00a0<\/p>\n\n\n\n<div class=\"wp-block-image\"><figure class=\"aligncenter size-large is-resized\"><a href=\"https:\/\/www.controlsystems.com.br\/\"><img loading=\"lazy\" decoding=\"async\" src=\"https:\/\/jornalfatosenoticias.com.br\/wp-content\/uploads\/2020\/02\/CONTROL-CS.jpg\" alt=\"\" class=\"wp-image-44991\" width=\"331\" height=\"397\" srcset=\"https:\/\/jornalfatosenoticias.com.br\/wp-content\/uploads\/2020\/02\/CONTROL-CS.jpg 834w, https:\/\/jornalfatosenoticias.com.br\/wp-content\/uploads\/2020\/02\/CONTROL-CS-250x300.jpg 250w, https:\/\/jornalfatosenoticias.com.br\/wp-content\/uploads\/2020\/02\/CONTROL-CS-768x921.jpg 768w\" sizes=\"auto, (max-width: 331px) 100vw, 331px\" \/><\/a><\/figure><\/div>\n\n\n\n<p>Para tentar controlar os pre\u00e7os e estimular a produ\u00e7\u00e3o interna, Trump anunciou que pretende impor tarifas de 10% a 20% sobre produtos importados, chegando a at\u00e9 60% para importa\u00e7\u00f5es da China. Al\u00e9m disso, promete expandir as concess\u00f5es para extra\u00e7\u00e3o de petr\u00f3leo, visando reduzir os pre\u00e7os de energia. <\/p>\n\n\n\n<div class=\"wp-block-image\"><figure class=\"aligncenter size-large\"><a href=\"http:\/\/www.ferrarimaquinas.com.br\/\"><img loading=\"lazy\" decoding=\"async\" width=\"300\" height=\"250\" src=\"https:\/\/jornalfatosenoticias.com.br\/wp-content\/uploads\/2022\/02\/FERRARI_MAQUINAS-E-FERRAMENTAS2.jpg\" alt=\"\" class=\"wp-image-27860\"\/><\/a><\/figure><\/div>\n\n\n\n<p>No campo fiscal, ele planeja tornar permanente a Lei de Cortes de Impostos e Empregos, aprovada em seu primeiro mandato, reduzindo a maior faixa de imposto sobre pessoas f\u00edsicas para 37% e a taxa corporativa para 15% para empresas que fabricam nos Estados Unidos. Outras propostas incluem isentar idosos de impostos sobre benef\u00edcios da Previd\u00eancia Social.\u00a0<\/p>\n\n\n\n<div class=\"wp-block-image\"><figure class=\"aligncenter size-large is-resized\"><a href=\"https:\/\/www.legisjuris.com.br\/\"><img loading=\"lazy\" decoding=\"async\" src=\"https:\/\/jornalfatosenoticias.com.br\/wp-content\/uploads\/2024\/09\/Legis-Juris-Consultoria_logo.jpg\" alt=\"\" class=\"wp-image-53915\" width=\"444\" height=\"186\" srcset=\"https:\/\/jornalfatosenoticias.com.br\/wp-content\/uploads\/2024\/09\/Legis-Juris-Consultoria_logo.jpg 969w, https:\/\/jornalfatosenoticias.com.br\/wp-content\/uploads\/2024\/09\/Legis-Juris-Consultoria_logo-300x126.jpg 300w, https:\/\/jornalfatosenoticias.com.br\/wp-content\/uploads\/2024\/09\/Legis-Juris-Consultoria_logo-768x322.jpg 768w\" sizes=\"auto, (max-width: 444px) 100vw, 444px\" \/><\/a><\/figure><\/div>\n\n\n\n<p><strong><span class=\"has-inline-color has-vivid-cyan-blue-color\">Guerras e rela\u00e7\u00f5es internacionais\u00a0<br><\/span><\/strong>Na pol\u00edtica externa, Trump herdar\u00e1 os desafios das guerras na Ucr\u00e2nia e no Oriente M\u00e9dio. Embora n\u00e3o tenha uma proposta concreta para a resolu\u00e7\u00e3o do conflito entre Ucr\u00e2nia e R\u00fassia, o republicano tem indicado seu desejo de que Kiev tente negociar um acordo, ainda que doloroso, de paz o ditador Vladimir Putin. Durante a campanha, ele criticou duramente o apoio militar de Biden \u00e0 Ucr\u00e2nia, acusando os democratas de conduzirem o mundo \u00e0 beira de uma nova guerra mundial.\u00a0<\/p>\n\n\n\n<div class=\"wp-block-image\"><figure class=\"aligncenter size-large\"><a href=\"https:\/\/cesconetto.com.br\/\"><img loading=\"lazy\" decoding=\"async\" width=\"300\" height=\"250\" src=\"https:\/\/jornalfatosenoticias.com.br\/wp-content\/uploads\/2020\/02\/Banner-2.png\" alt=\"\" class=\"wp-image-43787\"\/><\/a><\/figure><\/div>\n\n\n\n<p>Em rela\u00e7\u00e3o a Israel, Trump tem reafirmado seu apoio ao pa\u00eds, relembrando sua decis\u00e3o, em seu primeiro mandato, de transferir a embaixada americana de Tel Aviv para Jerusal\u00e9m. Ele tamb\u00e9m prometeu apoiar Israel no atual conflito, embora tenha cobrado uma resolu\u00e7\u00e3o r\u00e1pida e melhor manejo das rela\u00e7\u00f5es p\u00fablicas: \u201cIsrael precisa fazer um trabalho melhor de rela\u00e7\u00f5es p\u00fablicas, francamente, porque o outro lado est\u00e1 vencendo na frente de rela\u00e7\u00f5es p\u00fablicas\u201d, declarou Trump.\u00a0<\/p>\n\n\n\n<div class=\"wp-block-image\"><figure class=\"aligncenter size-large is-resized\"><a href=\"https:\/\/www.facebook.com\/vetor.vix\/\"><img loading=\"lazy\" decoding=\"async\" src=\"https:\/\/jornalfatosenoticias.com.br\/wp-content\/uploads\/2023\/09\/vetorvix1024_1.jpg\" alt=\"\" class=\"wp-image-44868\" width=\"546\" height=\"145\" srcset=\"https:\/\/jornalfatosenoticias.com.br\/wp-content\/uploads\/2023\/09\/vetorvix1024_1.jpg 1024w, https:\/\/jornalfatosenoticias.com.br\/wp-content\/uploads\/2023\/09\/vetorvix1024_1-300x80.jpg 300w, https:\/\/jornalfatosenoticias.com.br\/wp-content\/uploads\/2023\/09\/vetorvix1024_1-768x205.jpg 768w\" sizes=\"auto, (max-width: 546px) 100vw, 546px\" \/><\/a><\/figure><\/div>\n\n\n\n<p><strong><em>Fonte: <a href=\"https:\/\/www.gazetadopovo.com.br\/mundo\/donald-trump-desbanca-kamala-harris-e-e-eleito-presidente-dos-eua\/\">Gazeta do Povo<\/a><\/em><\/strong><\/p>\n","protected":false},"excerpt":{"rendered":"<p>Donald Trump est\u00e1 de volta \u00e0 Casa Branca Por John Lucas e Isabella de Paula Donald Trump venceu com folga a elei\u00e7\u00e3o presidencial realizada nos Estados Unidos nesta ter\u00e7a-feira (5), desbancando a democrata Kamala Harris, atual vice-presidente do pa\u00eds. Trump garantiu sua vit\u00f3ria ao assegurar os 270 delegados exigidos pela norma eleitoral. At\u00e9 o momento, [&hellip;]<\/p>\n","protected":false},"author":2,"featured_media":55474,"comment_status":"open","ping_status":"open","sticky":false,"template":"","format":"standard","meta":{"footnotes":""},"categories":[41],"tags":[2147,25293,24141,25294,25292],"class_list":["post-55470","post","type-post","status-publish","format-standard","has-post-thumbnail","hentry","category-internacional","tag-donald-trump","tag-eleicao-eua","tag-kamala-harris","tag-republicano","tag-trump-eleito"],"yoast_head":"<!-- This site is optimized with the Yoast SEO plugin v26.5 - https:\/\/yoast.com\/wordpress\/plugins\/seo\/ -->\n<title>Donald Trump desbanca Kamala Harris e \u00e9 eleito presidente dos EUA&nbsp; - Jornal Fatos e Not\u00edcias<\/title>\n<meta name=\"robots\" content=\"index, follow, max-snippet:-1, max-image-preview:large, max-video-preview:-1\" \/>\n<link rel=\"canonical\" href=\"https:\/\/jornalfatosenoticias.com.br\/index.php\/2024\/11\/06\/donald-trump-desbanca-kamala-harris-e-e-eleito-presidente-dos-eua\/\" \/>\n<meta property=\"og:locale\" content=\"pt_BR\" \/>\n<meta property=\"og:type\" content=\"article\" \/>\n<meta property=\"og:title\" content=\"Donald Trump desbanca Kamala Harris e \u00e9 eleito presidente dos EUA&nbsp; - Jornal Fatos e Not\u00edcias\" \/>\n<meta property=\"og:description\" content=\"Donald Trump est\u00e1 de volta \u00e0 Casa Branca Por John Lucas e Isabella de Paula Donald Trump venceu com folga a elei\u00e7\u00e3o presidencial realizada nos Estados Unidos nesta ter\u00e7a-feira (5), desbancando a democrata Kamala Harris, atual vice-presidente do pa\u00eds. Trump garantiu sua vit\u00f3ria ao assegurar os 270 delegados exigidos pela norma eleitoral. At\u00e9 o momento, [&hellip;]\" \/>\n<meta property=\"og:url\" content=\"https:\/\/jornalfatosenoticias.com.br\/index.php\/2024\/11\/06\/donald-trump-desbanca-kamala-harris-e-e-eleito-presidente-dos-eua\/\" \/>\n<meta property=\"og:site_name\" content=\"Jornal Fatos e Not\u00edcias\" \/>\n<meta property=\"article:published_time\" content=\"2024-11-06T12:20:41+00:00\" \/>\n<meta property=\"article:modified_time\" content=\"2024-11-06T12:20:43+00:00\" \/>\n<meta property=\"og:image\" content=\"https:\/\/jornalfatosenoticias.com.br\/wp-content\/uploads\/2024\/11\/trump-eleito_gettyimages.jpg\" \/>\n\t<meta property=\"og:image:width\" content=\"612\" \/>\n\t<meta property=\"og:image:height\" content=\"408\" \/>\n\t<meta property=\"og:image:type\" content=\"image\/jpeg\" \/>\n<meta name=\"author\" content=\"Luzimara Fernandes\" \/>\n<meta name=\"twitter:card\" content=\"summary_large_image\" \/>\n<meta name=\"twitter:label1\" content=\"Escrito por\" \/>\n\t<meta name=\"twitter:data1\" content=\"Luzimara Fernandes\" \/>\n\t<meta name=\"twitter:label2\" content=\"Est. tempo de leitura\" \/>\n\t<meta name=\"twitter:data2\" content=\"6 minutos\" \/>\n<script type=\"application\/ld+json\" class=\"yoast-schema-graph\">{\"@context\":\"https:\/\/schema.org\",\"@graph\":[{\"@type\":\"Article\",\"@id\":\"https:\/\/jornalfatosenoticias.com.br\/index.php\/2024\/11\/06\/donald-trump-desbanca-kamala-harris-e-e-eleito-presidente-dos-eua\/#article\",\"isPartOf\":{\"@id\":\"https:\/\/jornalfatosenoticias.com.br\/index.php\/2024\/11\/06\/donald-trump-desbanca-kamala-harris-e-e-eleito-presidente-dos-eua\/\"},\"author\":{\"name\":\"Luzimara Fernandes\",\"@id\":\"https:\/\/jornalfatosenoticias.com.br\/#\/schema\/person\/d63837fa13ac8666eb9e74e0985d6f81\"},\"headline\":\"Donald Trump desbanca Kamala Harris e \u00e9 eleito presidente dos EUA&nbsp;\",\"datePublished\":\"2024-11-06T12:20:41+00:00\",\"dateModified\":\"2024-11-06T12:20:43+00:00\",\"mainEntityOfPage\":{\"@id\":\"https:\/\/jornalfatosenoticias.com.br\/index.php\/2024\/11\/06\/donald-trump-desbanca-kamala-harris-e-e-eleito-presidente-dos-eua\/\"},\"wordCount\":1159,\"commentCount\":0,\"publisher\":{\"@id\":\"https:\/\/jornalfatosenoticias.com.br\/#organization\"},\"image\":{\"@id\":\"https:\/\/jornalfatosenoticias.com.br\/index.php\/2024\/11\/06\/donald-trump-desbanca-kamala-harris-e-e-eleito-presidente-dos-eua\/#primaryimage\"},\"thumbnailUrl\":\"https:\/\/jornalfatosenoticias.com.br\/wp-content\/uploads\/2024\/11\/trump-eleito_gettyimages.jpg\",\"keywords\":[\"Donald Trump\",\"elei\u00e7\u00e3o EUA\",\"Kamala Harris\",\"republicano\",\"Trump eleito\"],\"articleSection\":[\"Internacional\"],\"inLanguage\":\"pt-BR\",\"potentialAction\":[{\"@type\":\"CommentAction\",\"name\":\"Comment\",\"target\":[\"https:\/\/jornalfatosenoticias.com.br\/index.php\/2024\/11\/06\/donald-trump-desbanca-kamala-harris-e-e-eleito-presidente-dos-eua\/#respond\"]}]},{\"@type\":\"WebPage\",\"@id\":\"https:\/\/jornalfatosenoticias.com.br\/index.php\/2024\/11\/06\/donald-trump-desbanca-kamala-harris-e-e-eleito-presidente-dos-eua\/\",\"url\":\"https:\/\/jornalfatosenoticias.com.br\/index.php\/2024\/11\/06\/donald-trump-desbanca-kamala-harris-e-e-eleito-presidente-dos-eua\/\",\"name\":\"Donald Trump desbanca Kamala Harris e \u00e9 eleito presidente dos EUA&nbsp; - Jornal Fatos e Not\u00edcias\",\"isPartOf\":{\"@id\":\"https:\/\/jornalfatosenoticias.com.br\/#website\"},\"primaryImageOfPage\":{\"@id\":\"https:\/\/jornalfatosenoticias.com.br\/index.php\/2024\/11\/06\/donald-trump-desbanca-kamala-harris-e-e-eleito-presidente-dos-eua\/#primaryimage\"},\"image\":{\"@id\":\"https:\/\/jornalfatosenoticias.com.br\/index.php\/2024\/11\/06\/donald-trump-desbanca-kamala-harris-e-e-eleito-presidente-dos-eua\/#primaryimage\"},\"thumbnailUrl\":\"https:\/\/jornalfatosenoticias.com.br\/wp-content\/uploads\/2024\/11\/trump-eleito_gettyimages.jpg\",\"datePublished\":\"2024-11-06T12:20:41+00:00\",\"dateModified\":\"2024-11-06T12:20:43+00:00\",\"breadcrumb\":{\"@id\":\"https:\/\/jornalfatosenoticias.com.br\/index.php\/2024\/11\/06\/donald-trump-desbanca-kamala-harris-e-e-eleito-presidente-dos-eua\/#breadcrumb\"},\"inLanguage\":\"pt-BR\",\"potentialAction\":[{\"@type\":\"ReadAction\",\"target\":[\"https:\/\/jornalfatosenoticias.com.br\/index.php\/2024\/11\/06\/donald-trump-desbanca-kamala-harris-e-e-eleito-presidente-dos-eua\/\"]}]},{\"@type\":\"ImageObject\",\"inLanguage\":\"pt-BR\",\"@id\":\"https:\/\/jornalfatosenoticias.com.br\/index.php\/2024\/11\/06\/donald-trump-desbanca-kamala-harris-e-e-eleito-presidente-dos-eua\/#primaryimage\",\"url\":\"https:\/\/jornalfatosenoticias.com.br\/wp-content\/uploads\/2024\/11\/trump-eleito_gettyimages.jpg\",\"contentUrl\":\"https:\/\/jornalfatosenoticias.com.br\/wp-content\/uploads\/2024\/11\/trump-eleito_gettyimages.jpg\",\"width\":612,\"height\":408,\"caption\":\"RALEIGH, NORTH CAROLINA - NOVEMBER 04: Republican presidential nominee, former President Donald Trump dances off stage at the conclusion of a campaign rally at the J.S. Dorton Arena on November 04, 2024 in Raleigh, North Carolina. With one day left before the general election, Trump is campaigning for re-election in the battleground states of North Carolina, Pennsylvania and Michigan. (Photo by Chip Somodevilla\/Getty Images)\"},{\"@type\":\"BreadcrumbList\",\"@id\":\"https:\/\/jornalfatosenoticias.com.br\/index.php\/2024\/11\/06\/donald-trump-desbanca-kamala-harris-e-e-eleito-presidente-dos-eua\/#breadcrumb\",\"itemListElement\":[{\"@type\":\"ListItem\",\"position\":1,\"name\":\"In\u00edcio\",\"item\":\"https:\/\/jornalfatosenoticias.com.br\/\"},{\"@type\":\"ListItem\",\"position\":2,\"name\":\"Donald Trump desbanca Kamala Harris e \u00e9 eleito presidente dos EUA&nbsp;\"}]},{\"@type\":\"WebSite\",\"@id\":\"https:\/\/jornalfatosenoticias.com.br\/#website\",\"url\":\"https:\/\/jornalfatosenoticias.com.br\/\",\"name\":\"Jornal Fatos e Not\u00edcias\",\"description\":\"Not\u00edcias em geral\",\"publisher\":{\"@id\":\"https:\/\/jornalfatosenoticias.com.br\/#organization\"},\"potentialAction\":[{\"@type\":\"SearchAction\",\"target\":{\"@type\":\"EntryPoint\",\"urlTemplate\":\"https:\/\/jornalfatosenoticias.com.br\/?s={search_term_string}\"},\"query-input\":{\"@type\":\"PropertyValueSpecification\",\"valueRequired\":true,\"valueName\":\"search_term_string\"}}],\"inLanguage\":\"pt-BR\"},{\"@type\":\"Organization\",\"@id\":\"https:\/\/jornalfatosenoticias.com.br\/#organization\",\"name\":\"Jornal Fatos e Not\u00edcias\",\"url\":\"https:\/\/jornalfatosenoticias.com.br\/\",\"logo\":{\"@type\":\"ImageObject\",\"inLanguage\":\"pt-BR\",\"@id\":\"https:\/\/jornalfatosenoticias.com.br\/#\/schema\/logo\/image\/\",\"url\":\"https:\/\/jornalfatosenoticias.com.br\/wp-content\/uploads\/2020\/02\/logo120.png\",\"contentUrl\":\"https:\/\/jornalfatosenoticias.com.br\/wp-content\/uploads\/2020\/02\/logo120.png\",\"width\":1227,\"height\":120,\"caption\":\"Jornal Fatos e Not\u00edcias\"},\"image\":{\"@id\":\"https:\/\/jornalfatosenoticias.com.br\/#\/schema\/logo\/image\/\"}},{\"@type\":\"Person\",\"@id\":\"https:\/\/jornalfatosenoticias.com.br\/#\/schema\/person\/d63837fa13ac8666eb9e74e0985d6f81\",\"name\":\"Luzimara Fernandes\",\"image\":{\"@type\":\"ImageObject\",\"inLanguage\":\"pt-BR\",\"@id\":\"https:\/\/jornalfatosenoticias.com.br\/#\/schema\/person\/image\/\",\"url\":\"https:\/\/jornalfatosenoticias.com.br\/wp-content\/uploads\/2025\/05\/EU_portal.jpg\",\"contentUrl\":\"https:\/\/jornalfatosenoticias.com.br\/wp-content\/uploads\/2025\/05\/EU_portal.jpg\",\"caption\":\"Luzimara Fernandes\"},\"description\":\"Jornalista MTB 2358-ES\",\"sameAs\":[\"https:\/\/jornalfatosenoticias.com.br\"],\"url\":\"https:\/\/jornalfatosenoticias.com.br\/index.php\/author\/luzimara\/\"}]}<\/script>\n<!-- \/ Yoast SEO plugin. -->","yoast_head_json":{"title":"Donald Trump desbanca Kamala Harris e \u00e9 eleito presidente dos EUA&nbsp; - Jornal Fatos e Not\u00edcias","robots":{"index":"index","follow":"follow","max-snippet":"max-snippet:-1","max-image-preview":"max-image-preview:large","max-video-preview":"max-video-preview:-1"},"canonical":"https:\/\/jornalfatosenoticias.com.br\/index.php\/2024\/11\/06\/donald-trump-desbanca-kamala-harris-e-e-eleito-presidente-dos-eua\/","og_locale":"pt_BR","og_type":"article","og_title":"Donald Trump desbanca Kamala Harris e \u00e9 eleito presidente dos EUA&nbsp; - Jornal Fatos e Not\u00edcias","og_description":"Donald Trump est\u00e1 de volta \u00e0 Casa Branca Por John Lucas e Isabella de Paula Donald Trump venceu com folga a elei\u00e7\u00e3o presidencial realizada nos Estados Unidos nesta ter\u00e7a-feira (5), desbancando a democrata Kamala Harris, atual vice-presidente do pa\u00eds. Trump garantiu sua vit\u00f3ria ao assegurar os 270 delegados exigidos pela norma eleitoral. At\u00e9 o momento, [&hellip;]","og_url":"https:\/\/jornalfatosenoticias.com.br\/index.php\/2024\/11\/06\/donald-trump-desbanca-kamala-harris-e-e-eleito-presidente-dos-eua\/","og_site_name":"Jornal Fatos e Not\u00edcias","article_published_time":"2024-11-06T12:20:41+00:00","article_modified_time":"2024-11-06T12:20:43+00:00","og_image":[{"width":612,"height":408,"url":"https:\/\/jornalfatosenoticias.com.br\/wp-content\/uploads\/2024\/11\/trump-eleito_gettyimages.jpg","type":"image\/jpeg"}],"author":"Luzimara Fernandes","twitter_card":"summary_large_image","twitter_misc":{"Escrito por":"Luzimara Fernandes","Est. tempo de leitura":"6 minutos"},"schema":{"@context":"https:\/\/schema.org","@graph":[{"@type":"Article","@id":"https:\/\/jornalfatosenoticias.com.br\/index.php\/2024\/11\/06\/donald-trump-desbanca-kamala-harris-e-e-eleito-presidente-dos-eua\/#article","isPartOf":{"@id":"https:\/\/jornalfatosenoticias.com.br\/index.php\/2024\/11\/06\/donald-trump-desbanca-kamala-harris-e-e-eleito-presidente-dos-eua\/"},"author":{"name":"Luzimara Fernandes","@id":"https:\/\/jornalfatosenoticias.com.br\/#\/schema\/person\/d63837fa13ac8666eb9e74e0985d6f81"},"headline":"Donald Trump desbanca Kamala Harris e \u00e9 eleito presidente dos EUA&nbsp;","datePublished":"2024-11-06T12:20:41+00:00","dateModified":"2024-11-06T12:20:43+00:00","mainEntityOfPage":{"@id":"https:\/\/jornalfatosenoticias.com.br\/index.php\/2024\/11\/06\/donald-trump-desbanca-kamala-harris-e-e-eleito-presidente-dos-eua\/"},"wordCount":1159,"commentCount":0,"publisher":{"@id":"https:\/\/jornalfatosenoticias.com.br\/#organization"},"image":{"@id":"https:\/\/jornalfatosenoticias.com.br\/index.php\/2024\/11\/06\/donald-trump-desbanca-kamala-harris-e-e-eleito-presidente-dos-eua\/#primaryimage"},"thumbnailUrl":"https:\/\/jornalfatosenoticias.com.br\/wp-content\/uploads\/2024\/11\/trump-eleito_gettyimages.jpg","keywords":["Donald Trump","elei\u00e7\u00e3o EUA","Kamala Harris","republicano","Trump eleito"],"articleSection":["Internacional"],"inLanguage":"pt-BR","potentialAction":[{"@type":"CommentAction","name":"Comment","target":["https:\/\/jornalfatosenoticias.com.br\/index.php\/2024\/11\/06\/donald-trump-desbanca-kamala-harris-e-e-eleito-presidente-dos-eua\/#respond"]}]},{"@type":"WebPage","@id":"https:\/\/jornalfatosenoticias.com.br\/index.php\/2024\/11\/06\/donald-trump-desbanca-kamala-harris-e-e-eleito-presidente-dos-eua\/","url":"https:\/\/jornalfatosenoticias.com.br\/index.php\/2024\/11\/06\/donald-trump-desbanca-kamala-harris-e-e-eleito-presidente-dos-eua\/","name":"Donald Trump desbanca Kamala Harris e \u00e9 eleito presidente dos EUA&nbsp; - Jornal Fatos e Not\u00edcias","isPartOf":{"@id":"https:\/\/jornalfatosenoticias.com.br\/#website"},"primaryImageOfPage":{"@id":"https:\/\/jornalfatosenoticias.com.br\/index.php\/2024\/11\/06\/donald-trump-desbanca-kamala-harris-e-e-eleito-presidente-dos-eua\/#primaryimage"},"image":{"@id":"https:\/\/jornalfatosenoticias.com.br\/index.php\/2024\/11\/06\/donald-trump-desbanca-kamala-harris-e-e-eleito-presidente-dos-eua\/#primaryimage"},"thumbnailUrl":"https:\/\/jornalfatosenoticias.com.br\/wp-content\/uploads\/2024\/11\/trump-eleito_gettyimages.jpg","datePublished":"2024-11-06T12:20:41+00:00","dateModified":"2024-11-06T12:20:43+00:00","breadcrumb":{"@id":"https:\/\/jornalfatosenoticias.com.br\/index.php\/2024\/11\/06\/donald-trump-desbanca-kamala-harris-e-e-eleito-presidente-dos-eua\/#breadcrumb"},"inLanguage":"pt-BR","potentialAction":[{"@type":"ReadAction","target":["https:\/\/jornalfatosenoticias.com.br\/index.php\/2024\/11\/06\/donald-trump-desbanca-kamala-harris-e-e-eleito-presidente-dos-eua\/"]}]},{"@type":"ImageObject","inLanguage":"pt-BR","@id":"https:\/\/jornalfatosenoticias.com.br\/index.php\/2024\/11\/06\/donald-trump-desbanca-kamala-harris-e-e-eleito-presidente-dos-eua\/#primaryimage","url":"https:\/\/jornalfatosenoticias.com.br\/wp-content\/uploads\/2024\/11\/trump-eleito_gettyimages.jpg","contentUrl":"https:\/\/jornalfatosenoticias.com.br\/wp-content\/uploads\/2024\/11\/trump-eleito_gettyimages.jpg","width":612,"height":408,"caption":"RALEIGH, NORTH CAROLINA - NOVEMBER 04: Republican presidential nominee, former President Donald Trump dances off stage at the conclusion of a campaign rally at the J.S. Dorton Arena on November 04, 2024 in Raleigh, North Carolina. With one day left before the general election, Trump is campaigning for re-election in the battleground states of North Carolina, Pennsylvania and Michigan. (Photo by Chip Somodevilla\/Getty Images)"},{"@type":"BreadcrumbList","@id":"https:\/\/jornalfatosenoticias.com.br\/index.php\/2024\/11\/06\/donald-trump-desbanca-kamala-harris-e-e-eleito-presidente-dos-eua\/#breadcrumb","itemListElement":[{"@type":"ListItem","position":1,"name":"In\u00edcio","item":"https:\/\/jornalfatosenoticias.com.br\/"},{"@type":"ListItem","position":2,"name":"Donald Trump desbanca Kamala Harris e \u00e9 eleito presidente dos EUA&nbsp;"}]},{"@type":"WebSite","@id":"https:\/\/jornalfatosenoticias.com.br\/#website","url":"https:\/\/jornalfatosenoticias.com.br\/","name":"Jornal Fatos e Not\u00edcias","description":"Not\u00edcias em geral","publisher":{"@id":"https:\/\/jornalfatosenoticias.com.br\/#organization"},"potentialAction":[{"@type":"SearchAction","target":{"@type":"EntryPoint","urlTemplate":"https:\/\/jornalfatosenoticias.com.br\/?s={search_term_string}"},"query-input":{"@type":"PropertyValueSpecification","valueRequired":true,"valueName":"search_term_string"}}],"inLanguage":"pt-BR"},{"@type":"Organization","@id":"https:\/\/jornalfatosenoticias.com.br\/#organization","name":"Jornal Fatos e Not\u00edcias","url":"https:\/\/jornalfatosenoticias.com.br\/","logo":{"@type":"ImageObject","inLanguage":"pt-BR","@id":"https:\/\/jornalfatosenoticias.com.br\/#\/schema\/logo\/image\/","url":"https:\/\/jornalfatosenoticias.com.br\/wp-content\/uploads\/2020\/02\/logo120.png","contentUrl":"https:\/\/jornalfatosenoticias.com.br\/wp-content\/uploads\/2020\/02\/logo120.png","width":1227,"height":120,"caption":"Jornal Fatos e Not\u00edcias"},"image":{"@id":"https:\/\/jornalfatosenoticias.com.br\/#\/schema\/logo\/image\/"}},{"@type":"Person","@id":"https:\/\/jornalfatosenoticias.com.br\/#\/schema\/person\/d63837fa13ac8666eb9e74e0985d6f81","name":"Luzimara Fernandes","image":{"@type":"ImageObject","inLanguage":"pt-BR","@id":"https:\/\/jornalfatosenoticias.com.br\/#\/schema\/person\/image\/","url":"https:\/\/jornalfatosenoticias.com.br\/wp-content\/uploads\/2025\/05\/EU_portal.jpg","contentUrl":"https:\/\/jornalfatosenoticias.com.br\/wp-content\/uploads\/2025\/05\/EU_portal.jpg","caption":"Luzimara Fernandes"},"description":"Jornalista MTB 2358-ES","sameAs":["https:\/\/jornalfatosenoticias.com.br"],"url":"https:\/\/jornalfatosenoticias.com.br\/index.php\/author\/luzimara\/"}]}},"cc_featured_image_caption":{"caption_text":"(Foto: Getty Images) ","source_text":"","source_url":""},"jetpack_featured_media_url":"https:\/\/jornalfatosenoticias.com.br\/wp-content\/uploads\/2024\/11\/trump-eleito_gettyimages.jpg","_links":{"self":[{"href":"https:\/\/jornalfatosenoticias.com.br\/index.php\/wp-json\/wp\/v2\/posts\/55470","targetHints":{"allow":["GET"]}}],"collection":[{"href":"https:\/\/jornalfatosenoticias.com.br\/index.php\/wp-json\/wp\/v2\/posts"}],"about":[{"href":"https:\/\/jornalfatosenoticias.com.br\/index.php\/wp-json\/wp\/v2\/types\/post"}],"author":[{"embeddable":true,"href":"https:\/\/jornalfatosenoticias.com.br\/index.php\/wp-json\/wp\/v2\/users\/2"}],"replies":[{"embeddable":true,"href":"https:\/\/jornalfatosenoticias.com.br\/index.php\/wp-json\/wp\/v2\/comments?post=55470"}],"version-history":[{"count":0,"href":"https:\/\/jornalfatosenoticias.com.br\/index.php\/wp-json\/wp\/v2\/posts\/55470\/revisions"}],"wp:featuredmedia":[{"embeddable":true,"href":"https:\/\/jornalfatosenoticias.com.br\/index.php\/wp-json\/wp\/v2\/media\/55474"}],"wp:attachment":[{"href":"https:\/\/jornalfatosenoticias.com.br\/index.php\/wp-json\/wp\/v2\/media?parent=55470"}],"wp:term":[{"taxonomy":"category","embeddable":true,"href":"https:\/\/jornalfatosenoticias.com.br\/index.php\/wp-json\/wp\/v2\/categories?post=55470"},{"taxonomy":"post_tag","embeddable":true,"href":"https:\/\/jornalfatosenoticias.com.br\/index.php\/wp-json\/wp\/v2\/tags?post=55470"}],"curies":[{"name":"wp","href":"https:\/\/api.w.org\/{rel}","templated":true}]}}