{"id":55545,"date":"2024-11-07T15:46:10","date_gmt":"2024-11-07T18:46:10","guid":{"rendered":"https:\/\/jornalfatosenoticias.com.br\/?p=55545"},"modified":"2024-11-07T15:46:12","modified_gmt":"2024-11-07T18:46:12","slug":"lideranca-disciplinada-como-a-gestao-estrategica-e-o-comportamento-dos-lideres-moldam-a-liberdade-organizacional","status":"publish","type":"post","link":"https:\/\/jornalfatosenoticias.com.br\/index.php\/2024\/11\/07\/lideranca-disciplinada-como-a-gestao-estrategica-e-o-comportamento-dos-lideres-moldam-a-liberdade-organizacional\/","title":{"rendered":"Lideran\u00e7a disciplinada: como a gest\u00e3o estrat\u00e9gica e o comportamento dos l\u00edderes moldam a liberdade organizacional"},"content":{"rendered":"\n<p><em><span class=\"has-inline-color has-black-color\">L\u00edderes disciplinados conseguem equilibrar o planejamento estrat\u00e9gico com a flexibilidade e promover uma cultura onde os colaboradores encontram autonomia para inovar e agir com prop\u00f3sito<\/span><\/em><\/p>\n\n\n\n<div class=\"wp-block-image\"><figure class=\"aligncenter size-large is-resized\"><a href=\"https:\/\/www.facebook.com\/vetor.vix\/\"><img loading=\"lazy\" decoding=\"async\" src=\"https:\/\/jornalfatosenoticias.com.br\/wp-content\/uploads\/2023\/09\/vetorvix1024_1.jpg\" alt=\"\" class=\"wp-image-44868\" width=\"520\" height=\"138\" srcset=\"https:\/\/jornalfatosenoticias.com.br\/wp-content\/uploads\/2023\/09\/vetorvix1024_1.jpg 1024w, https:\/\/jornalfatosenoticias.com.br\/wp-content\/uploads\/2023\/09\/vetorvix1024_1-300x80.jpg 300w, https:\/\/jornalfatosenoticias.com.br\/wp-content\/uploads\/2023\/09\/vetorvix1024_1-768x205.jpg 768w\" sizes=\"auto, (max-width: 520px) 100vw, 520px\" \/><\/a><\/figure><\/div>\n\n\n\n<p>Na coluna dessa semana, vamos desmistificar um conceito poderoso e, muitas vezes, mal-interpretado: a disciplina na lideran\u00e7a. Para muitos, disciplina e liberdade podem parecer for\u00e7as opostas, mas, quando bem compreendidas, formam uma alian\u00e7a essencial. L\u00edderes disciplinados conseguem equilibrar o planejamento estrat\u00e9gico com a flexibilidade e promover uma cultura onde os colaboradores encontram autonomia para inovar e agir com prop\u00f3sito. Essa vis\u00e3o \u00e9 a chave para que a liberdade dentro de uma organiza\u00e7\u00e3o se torne fonte de criatividade e n\u00e3o de desordem.<\/p>\n\n\n\n<div class=\"wp-block-image\"><figure class=\"aligncenter size-large\"><a href=\"http:\/\/www.ferrarimaquinas.com.br\/\"><img loading=\"lazy\" decoding=\"async\" width=\"300\" height=\"250\" src=\"https:\/\/jornalfatosenoticias.com.br\/wp-content\/uploads\/2022\/02\/FERRARI_MAQUINAS-E-FERRAMENTAS2.jpg\" alt=\"\" class=\"wp-image-27860\"\/><\/a><\/figure><\/div>\n\n\n\n<p><strong><span class=\"has-inline-color has-vivid-cyan-blue-color\">Disciplina estrat\u00e9gica e flexibilidade consciente<br><\/span><\/strong>A disciplina aplicada \u00e0 gest\u00e3o estrat\u00e9gica define a moldura dentro da qual a liberdade floresce. Uma estrat\u00e9gia bem constru\u00edda n\u00e3o deve ser um manual r\u00edgido que inibe a criatividade; ao contr\u00e1rio, ela deve ser uma estrutura s\u00f3lida, com objetivos claros e uma vis\u00e3o focada, que fornece as condi\u00e7\u00f5es para uma &#8220;flexibilidade consciente&#8221;. Quando os colaboradores entendem as metas centrais e os valores que norteiam as decis\u00f5es, eles t\u00eam a seguran\u00e7a para propor ajustes e inova\u00e7\u00f5es alinhadas com esses objetivos, evitando dispers\u00e3o de energia.<\/p>\n\n\n\n<div class=\"wp-block-image\"><figure class=\"aligncenter size-large is-resized\"><a href=\"https:\/\/hotelmarquetti.com.br\/\"><img loading=\"lazy\" decoding=\"async\" src=\"https:\/\/jornalfatosenoticias.com.br\/wp-content\/uploads\/2023\/03\/nova-logo-Marquetti.jpg\" alt=\"\" class=\"wp-image-40207\" width=\"325\" height=\"218\" srcset=\"https:\/\/jornalfatosenoticias.com.br\/wp-content\/uploads\/2023\/03\/nova-logo-Marquetti.jpg 643w, https:\/\/jornalfatosenoticias.com.br\/wp-content\/uploads\/2023\/03\/nova-logo-Marquetti-300x202.jpg 300w\" sizes=\"auto, (max-width: 325px) 100vw, 325px\" \/><\/a><\/figure><\/div>\n\n\n\n<p>Empresas que adotam essa abordagem relatam que os times se sentem confiantes em explorar novos caminhos, pois sabem que h\u00e1 uma vis\u00e3o coerente e s\u00f3lida por tr\u00e1s das a\u00e7\u00f5es da organiza\u00e7\u00e3o. A disciplina, nesse caso, oferece uma dire\u00e7\u00e3o clara, permitindo que cada colaborador fa\u00e7a escolhas conscientes e pertinentes.<\/p>\n\n\n\n<div class=\"wp-block-image\"><figure class=\"aligncenter size-large is-resized\"><a href=\"https:\/\/www.instagram.com\/serra4x4cambioautomatico\/\"><img loading=\"lazy\" decoding=\"async\" src=\"https:\/\/jornalfatosenoticias.com.br\/wp-content\/uploads\/2024\/08\/Serra-4x4-1-886x1024.jpg\" alt=\"\" class=\"wp-image-53632\" width=\"315\" height=\"363\" srcset=\"https:\/\/jornalfatosenoticias.com.br\/wp-content\/uploads\/2024\/08\/Serra-4x4-1-886x1024.jpg 886w, https:\/\/jornalfatosenoticias.com.br\/wp-content\/uploads\/2024\/08\/Serra-4x4-1-260x300.jpg 260w, https:\/\/jornalfatosenoticias.com.br\/wp-content\/uploads\/2024\/08\/Serra-4x4-1-768x888.jpg 768w, https:\/\/jornalfatosenoticias.com.br\/wp-content\/uploads\/2024\/08\/Serra-4x4-1.jpg 1181w\" sizes=\"auto, (max-width: 315px) 100vw, 315px\" \/><\/a><\/figure><\/div>\n\n\n\n<p><strong><span class=\"has-inline-color has-vivid-cyan-blue-color\">O paradoxo da liberdade atrav\u00e9s da disciplina<br><\/span><\/strong>O paradoxo \u00e9 simples, mas poderoso: s\u00f3 alcan\u00e7amos verdadeira liberdade no ambiente de trabalho quando a disciplina \u00e9 parte integrante da cultura organizacional. A liberdade exige uma base de autogest\u00e3o, comprometimento e responsabilidade pessoal. L\u00edderes que cultivam a disciplina nas pr\u00f3prias atitudes e decis\u00f5es promovem uma cultura de responsabilidade individual, que acaba liberando o m\u00e1ximo potencial de seus times.<\/p>\n\n\n\n<div class=\"wp-block-image\"><figure class=\"aligncenter size-large is-resized\"><a href=\"https:\/\/www.instagram.com\/esteiochurrascaria\/\"><img loading=\"lazy\" decoding=\"async\" src=\"https:\/\/jornalfatosenoticias.com.br\/wp-content\/uploads\/2022\/02\/LOGO-ESTEIO-1024x730.png\" alt=\"\" class=\"wp-image-27942\" width=\"350\" height=\"249\" srcset=\"https:\/\/jornalfatosenoticias.com.br\/wp-content\/uploads\/2022\/02\/LOGO-ESTEIO-1024x730.png 1024w, https:\/\/jornalfatosenoticias.com.br\/wp-content\/uploads\/2022\/02\/LOGO-ESTEIO-300x214.png 300w, https:\/\/jornalfatosenoticias.com.br\/wp-content\/uploads\/2022\/02\/LOGO-ESTEIO-768x548.png 768w, https:\/\/jornalfatosenoticias.com.br\/wp-content\/uploads\/2022\/02\/LOGO-ESTEIO.png 1123w\" sizes=\"auto, (max-width: 350px) 100vw, 350px\" \/><\/a><\/figure><\/div>\n\n\n\n<p>O autor e consultor Jim Collins descreve esse conceito no que ele chama de &#8220;disciplina fan\u00e1tica&#8221;: uma pr\u00e1tica intencional e constante, que cria o alicerce para a autonomia. Esses l\u00edderes, ao inv\u00e9s de microgerenciar, confiam que sua equipe tenha discernimento para tomar decis\u00f5es, guiados pelos princ\u00edpios e valores previamente estabelecidos. O resultado \u00e9 um time que atua com responsabilidade, seguran\u00e7a e clareza de prop\u00f3sito.<\/p>\n\n\n\n<div class=\"wp-block-image\"><figure class=\"aligncenter size-large is-resized\"><a href=\"https:\/\/www.instagram.com\/ligadossaborespizzaria\/\"><img loading=\"lazy\" decoding=\"async\" src=\"https:\/\/jornalfatosenoticias.com.br\/wp-content\/uploads\/2024\/09\/WhatsApp-Image-2024-09-14-at-22.46.10-819x1024.jpeg\" alt=\"\" class=\"wp-image-54180\" width=\"295\" height=\"368\" srcset=\"https:\/\/jornalfatosenoticias.com.br\/wp-content\/uploads\/2024\/09\/WhatsApp-Image-2024-09-14-at-22.46.10-819x1024.jpeg 819w, https:\/\/jornalfatosenoticias.com.br\/wp-content\/uploads\/2024\/09\/WhatsApp-Image-2024-09-14-at-22.46.10-240x300.jpeg 240w, https:\/\/jornalfatosenoticias.com.br\/wp-content\/uploads\/2024\/09\/WhatsApp-Image-2024-09-14-at-22.46.10-768x960.jpeg 768w, https:\/\/jornalfatosenoticias.com.br\/wp-content\/uploads\/2024\/09\/WhatsApp-Image-2024-09-14-at-22.46.10.jpeg 1024w\" sizes=\"auto, (max-width: 295px) 100vw, 295px\" \/><\/a><\/figure><\/div>\n\n\n\n<p><strong><span class=\"has-inline-color has-vivid-cyan-blue-color\">Exemplos pr\u00e1ticos de lideran\u00e7a disciplinada<br><\/span><\/strong>H\u00e1 exemplos concretos de empresas e l\u00edderes que utilizaram a disciplina para promover um ambiente de liberdade respons\u00e1vel. Um caso not\u00e1vel \u00e9 o da 3M, onde a cultura de disciplina \u00e9 levada a s\u00e9rio, mas com um prop\u00f3sito: garantir que a inova\u00e7\u00e3o seja parte do cotidiano. A famosa pol\u00edtica de &#8220;15% de tempo livre&#8221; da 3M permite que colaboradores dediquem parte de seu tempo a projetos pessoais de inova\u00e7\u00e3o. O segredo do sucesso? Essa liberdade \u00e9 amparada por uma estrat\u00e9gia disciplinada e alinhada aos objetivos da empresa.<\/p>\n\n\n\n<div class=\"wp-block-image\"><figure class=\"aligncenter size-large is-resized\"><a href=\"https:\/\/www.controlsystems.com.br\/\"><img loading=\"lazy\" decoding=\"async\" src=\"https:\/\/jornalfatosenoticias.com.br\/wp-content\/uploads\/2020\/02\/CONTROL-CS.jpg\" alt=\"\" class=\"wp-image-44991\" width=\"280\" height=\"336\" srcset=\"https:\/\/jornalfatosenoticias.com.br\/wp-content\/uploads\/2020\/02\/CONTROL-CS.jpg 834w, https:\/\/jornalfatosenoticias.com.br\/wp-content\/uploads\/2020\/02\/CONTROL-CS-250x300.jpg 250w, https:\/\/jornalfatosenoticias.com.br\/wp-content\/uploads\/2020\/02\/CONTROL-CS-768x921.jpg 768w\" sizes=\"auto, (max-width: 280px) 100vw, 280px\" \/><\/a><\/figure><\/div>\n\n\n\n<p>Outro exemplo \u00e9 o da Toyota, cuja metodologia de trabalho &#8220;Toyota Way&#8221; exige disciplina em cada etapa dos processos. Com base na pr\u00e1tica de melhoria cont\u00ednua e na confian\u00e7a nos colaboradores, a Toyota concede liberdade para que os funcion\u00e1rios fa\u00e7am sugest\u00f5es e implementem melhorias, sem perder de vista os altos padr\u00f5es de qualidade e efici\u00eancia.<\/p>\n\n\n\n<div class=\"wp-block-image\"><figure class=\"aligncenter size-large is-resized\"><a href=\"https:\/\/www.legisjuris.com.br\/\"><img loading=\"lazy\" decoding=\"async\" src=\"https:\/\/jornalfatosenoticias.com.br\/wp-content\/uploads\/2024\/09\/Legis-Juris-Consultoria_logo.jpg\" alt=\"\" class=\"wp-image-53915\" width=\"451\" height=\"189\" srcset=\"https:\/\/jornalfatosenoticias.com.br\/wp-content\/uploads\/2024\/09\/Legis-Juris-Consultoria_logo.jpg 969w, https:\/\/jornalfatosenoticias.com.br\/wp-content\/uploads\/2024\/09\/Legis-Juris-Consultoria_logo-300x126.jpg 300w, https:\/\/jornalfatosenoticias.com.br\/wp-content\/uploads\/2024\/09\/Legis-Juris-Consultoria_logo-768x322.jpg 768w\" sizes=\"auto, (max-width: 451px) 100vw, 451px\" \/><\/a><\/figure><\/div>\n\n\n\n<p><strong><span class=\"has-inline-color has-vivid-cyan-blue-color\">Comportamento e cultura: como a disciplina inspira e orienta<br><\/span><\/strong>O comportamento dos l\u00edderes \u00e9 a base de qualquer cultura organizacional. Quando os l\u00edderes demonstram \u00e9tica, foco e comprometimento, tornam-se um exemplo vivo de disciplina para a equipe. Essa pr\u00e1tica inspira confian\u00e7a m\u00fatua e um senso de unidade, onde todos compartilham um entendimento claro do que \u00e9 aceit\u00e1vel e do que \u00e9 esperado.<\/p>\n\n\n\n<div class=\"wp-block-image\"><figure class=\"aligncenter size-large is-resized\"><a href=\"https:\/\/cesconetto.com.br\/\"><img loading=\"lazy\" decoding=\"async\" src=\"https:\/\/jornalfatosenoticias.com.br\/wp-content\/uploads\/2020\/02\/Banner-2.png\" alt=\"\" class=\"wp-image-43787\" width=\"300\" height=\"250\"\/><\/a><\/figure><\/div>\n\n\n\n<p>Em culturas onde os l\u00edderes agem de forma disciplinada, fica evidente que o \u201cfa\u00e7a o que eu digo\u201d \u00e9 substitu\u00eddo por \u201cfa\u00e7a o que eu fa\u00e7o\u201d. Esse tipo de lideran\u00e7a inspiradora cria um ambiente onde a disciplina \u00e9 vista como um valor coletivo. Colaboradores se sentem seguros para atuar de forma aut\u00eantica, sabendo que as diretrizes e os comportamentos modelados pelos l\u00edderes proporcionam seguran\u00e7a e estabilidade.<\/p>\n\n\n\n<div class=\"wp-block-image\"><figure class=\"aligncenter size-large is-resized\"><a href=\"https:\/\/www.instagram.com\/restaurantepegoretti\/\"><img loading=\"lazy\" decoding=\"async\" src=\"https:\/\/jornalfatosenoticias.com.br\/wp-content\/uploads\/2023\/12\/pegoretti-logo-pdf-1024x389.jpg\" alt=\"\" class=\"wp-image-47536\" width=\"417\" height=\"158\" srcset=\"https:\/\/jornalfatosenoticias.com.br\/wp-content\/uploads\/2023\/12\/pegoretti-logo-pdf-1024x389.jpg 1024w, https:\/\/jornalfatosenoticias.com.br\/wp-content\/uploads\/2023\/12\/pegoretti-logo-pdf-300x114.jpg 300w, https:\/\/jornalfatosenoticias.com.br\/wp-content\/uploads\/2023\/12\/pegoretti-logo-pdf-768x291.jpg 768w, https:\/\/jornalfatosenoticias.com.br\/wp-content\/uploads\/2023\/12\/pegoretti-logo-pdf.jpg 1120w\" sizes=\"auto, (max-width: 417px) 100vw, 417px\" \/><\/a><\/figure><\/div>\n\n\n\n<p><strong><span class=\"has-inline-color has-vivid-cyan-blue-color\">Liberdade respons\u00e1vel: empoderamento e limites claros<br><\/span><\/strong>A liberdade organizacional n\u00e3o deve ser confundida com aus\u00eancia de limites; ela \u00e9, na verdade, o produto de um empoderamento que vem com responsabilidades claras. Esse conceito de &#8220;liberdade respons\u00e1vel&#8221; cria um espa\u00e7o onde colaboradores sabem at\u00e9 onde v\u00e3o sua autonomia e seus deveres. Isso \u00e9 o que torna a disciplina essencial para a verdadeira liberdade: com limites bem definidos, a equipe entende as dire\u00e7\u00f5es e os objetivos, evitando excessos e confus\u00f5es.<\/p>\n\n\n\n<div class=\"wp-block-image\"><figure class=\"aligncenter size-large is-resized\"><a href=\"https:\/\/www.facebook.com\/postobkr\/?locale=pt_BR\"><img loading=\"lazy\" decoding=\"async\" src=\"https:\/\/jornalfatosenoticias.com.br\/wp-content\/uploads\/2023\/08\/BKR-1024x1021.jpg\" alt=\"\" class=\"wp-image-44494\" width=\"305\" height=\"304\" srcset=\"https:\/\/jornalfatosenoticias.com.br\/wp-content\/uploads\/2023\/08\/BKR-1024x1021.jpg 1024w, https:\/\/jornalfatosenoticias.com.br\/wp-content\/uploads\/2023\/08\/BKR-300x300.jpg 300w, https:\/\/jornalfatosenoticias.com.br\/wp-content\/uploads\/2023\/08\/BKR-150x150.jpg 150w, https:\/\/jornalfatosenoticias.com.br\/wp-content\/uploads\/2023\/08\/BKR-768x766.jpg 768w, https:\/\/jornalfatosenoticias.com.br\/wp-content\/uploads\/2023\/08\/BKR.jpg 1080w\" sizes=\"auto, (max-width: 305px) 100vw, 305px\" \/><\/a><\/figure><\/div>\n\n\n\n<p>L\u00edderes disciplinados tra\u00e7am essas linhas com precis\u00e3o, n\u00e3o para controlar, mas para empoderar. Ao criar uma estrutura clara, os l\u00edderes oferecem o espa\u00e7o e a confian\u00e7a necess\u00e1rios para que cada colaborador tome decis\u00f5es informadas e aja com liberdade. Isso \u00e9 o que proporciona a liberdade produtiva, que expande a criatividade sem comprometer os resultados.<\/p>\n\n\n\n<div class=\"wp-block-image\"><figure class=\"aligncenter size-large is-resized\"><a href=\"https:\/\/www.instagram.com\/vmais.midias\/\"><img loading=\"lazy\" decoding=\"async\" src=\"https:\/\/jornalfatosenoticias.com.br\/wp-content\/uploads\/2020\/02\/DE-MAIS-DESTAQUE-VMAIS-800X700.png\" alt=\"\" class=\"wp-image-53112\" width=\"306\" height=\"267\" srcset=\"https:\/\/jornalfatosenoticias.com.br\/wp-content\/uploads\/2020\/02\/DE-MAIS-DESTAQUE-VMAIS-800X700.png 800w, https:\/\/jornalfatosenoticias.com.br\/wp-content\/uploads\/2020\/02\/DE-MAIS-DESTAQUE-VMAIS-800X700-300x263.png 300w, https:\/\/jornalfatosenoticias.com.br\/wp-content\/uploads\/2020\/02\/DE-MAIS-DESTAQUE-VMAIS-800X700-768x672.png 768w\" sizes=\"auto, (max-width: 306px) 100vw, 306px\" \/><\/a><\/figure><\/div>\n\n\n\n<p><strong><span class=\"has-inline-color has-vivid-cyan-blue-color\">Para fechar esse artigo: disciplina como libertadora<br><\/span><\/strong>Na busca por ambientes de trabalho onde a liberdade de cria\u00e7\u00e3o e a disciplina coexistem, l\u00edderes estrat\u00e9gicos compreendem que n\u00e3o h\u00e1 contradi\u00e7\u00e3o entre esses conceitos. Pelo contr\u00e1rio, a disciplina \u00e9 o alicerce que d\u00e1 forma e prop\u00f3sito \u00e0 liberdade organizacional. Quando praticada com inten\u00e7\u00e3o e alinhada \u00e0 estrat\u00e9gia e aos valores da organiza\u00e7\u00e3o, a disciplina se torna um catalisador da inova\u00e7\u00e3o, da confian\u00e7a e do comprometimento.<\/p>\n\n\n\n<div class=\"wp-block-image\"><figure class=\"aligncenter size-large is-resized\"><a href=\"https:\/\/panper.com.br\/\"><img loading=\"lazy\" decoding=\"async\" src=\"https:\/\/jornalfatosenoticias.com.br\/wp-content\/uploads\/2023\/03\/logo-Panper_portal.jpg\" alt=\"\" class=\"wp-image-40208\" width=\"338\" height=\"234\" srcset=\"https:\/\/jornalfatosenoticias.com.br\/wp-content\/uploads\/2023\/03\/logo-Panper_portal.jpg 400w, https:\/\/jornalfatosenoticias.com.br\/wp-content\/uploads\/2023\/03\/logo-Panper_portal-300x208.jpg 300w\" sizes=\"auto, (max-width: 338px) 100vw, 338px\" \/><\/a><\/figure><\/div>\n\n\n\n<p>Liderar com disciplina significa liberar o potencial de cada membro da equipe, proporcionando a eles uma estrutura segura para inovar, aprender e crescer. E ao final, essa \u00e9 a verdadeira liberdade: aquela que vem com prop\u00f3sito, clareza e compromisso m\u00fatuo.<\/p>\n","protected":false},"excerpt":{"rendered":"<p>L\u00edderes disciplinados conseguem equilibrar o planejamento estrat\u00e9gico com a flexibilidade e promover uma cultura onde os colaboradores encontram autonomia para inovar e agir com prop\u00f3sito Na coluna dessa semana, vamos desmistificar um conceito poderoso e, muitas vezes, mal-interpretado: a disciplina na lideran\u00e7a. Para muitos, disciplina e liberdade podem parecer for\u00e7as opostas, mas, quando bem compreendidas, [&hellip;]<\/p>\n","protected":false},"author":37,"featured_media":55546,"comment_status":"open","ping_status":"open","sticky":false,"template":"","format":"standard","meta":{"footnotes":""},"categories":[5],"tags":[25336,1059,11159,25337,25335],"class_list":["post-55545","post","type-post","status-publish","format-standard","has-post-thumbnail","hentry","category-geral","tag-liberdade-organizacional","tag-lider","tag-lideranca","tag-lideranca-disciplinada","tag-planejamento-estrategico"],"yoast_head":"<!-- This site is optimized with the Yoast SEO plugin v26.5 - https:\/\/yoast.com\/wordpress\/plugins\/seo\/ -->\n<title>Lideran\u00e7a disciplinada: como a gest\u00e3o estrat\u00e9gica e o comportamento dos l\u00edderes moldam a liberdade organizacional - Jornal Fatos e Not\u00edcias<\/title>\n<meta name=\"robots\" content=\"index, follow, max-snippet:-1, max-image-preview:large, max-video-preview:-1\" \/>\n<link rel=\"canonical\" href=\"https:\/\/jornalfatosenoticias.com.br\/index.php\/2024\/11\/07\/lideranca-disciplinada-como-a-gestao-estrategica-e-o-comportamento-dos-lideres-moldam-a-liberdade-organizacional\/\" \/>\n<meta property=\"og:locale\" content=\"pt_BR\" \/>\n<meta property=\"og:type\" content=\"article\" \/>\n<meta property=\"og:title\" content=\"Lideran\u00e7a disciplinada: como a gest\u00e3o estrat\u00e9gica e o comportamento dos l\u00edderes moldam a liberdade organizacional - Jornal Fatos e Not\u00edcias\" \/>\n<meta property=\"og:description\" content=\"L\u00edderes disciplinados conseguem equilibrar o planejamento estrat\u00e9gico com a flexibilidade e promover uma cultura onde os colaboradores encontram autonomia para inovar e agir com prop\u00f3sito Na coluna dessa semana, vamos desmistificar um conceito poderoso e, muitas vezes, mal-interpretado: a disciplina na lideran\u00e7a. Para muitos, disciplina e liberdade podem parecer for\u00e7as opostas, mas, quando bem compreendidas, [&hellip;]\" \/>\n<meta property=\"og:url\" content=\"https:\/\/jornalfatosenoticias.com.br\/index.php\/2024\/11\/07\/lideranca-disciplinada-como-a-gestao-estrategica-e-o-comportamento-dos-lideres-moldam-a-liberdade-organizacional\/\" \/>\n<meta property=\"og:site_name\" content=\"Jornal Fatos e Not\u00edcias\" \/>\n<meta property=\"article:published_time\" content=\"2024-11-07T18:46:10+00:00\" \/>\n<meta property=\"article:modified_time\" content=\"2024-11-07T18:46:12+00:00\" \/>\n<meta property=\"og:image\" content=\"https:\/\/jornalfatosenoticias.com.br\/wp-content\/uploads\/2024\/11\/lideres-de-gestao-estrategica_freepik.jpg\" \/>\n\t<meta property=\"og:image:width\" content=\"740\" \/>\n\t<meta property=\"og:image:height\" content=\"494\" \/>\n\t<meta property=\"og:image:type\" content=\"image\/jpeg\" \/>\n<meta name=\"author\" content=\"Milena Rohr\" \/>\n<meta name=\"twitter:card\" content=\"summary_large_image\" \/>\n<meta name=\"twitter:label1\" content=\"Escrito por\" \/>\n\t<meta name=\"twitter:data1\" content=\"Milena Rohr\" \/>\n\t<meta name=\"twitter:label2\" content=\"Est. tempo de leitura\" \/>\n\t<meta name=\"twitter:data2\" content=\"5 minutos\" \/>\n<script type=\"application\/ld+json\" class=\"yoast-schema-graph\">{\"@context\":\"https:\/\/schema.org\",\"@graph\":[{\"@type\":\"Article\",\"@id\":\"https:\/\/jornalfatosenoticias.com.br\/index.php\/2024\/11\/07\/lideranca-disciplinada-como-a-gestao-estrategica-e-o-comportamento-dos-lideres-moldam-a-liberdade-organizacional\/#article\",\"isPartOf\":{\"@id\":\"https:\/\/jornalfatosenoticias.com.br\/index.php\/2024\/11\/07\/lideranca-disciplinada-como-a-gestao-estrategica-e-o-comportamento-dos-lideres-moldam-a-liberdade-organizacional\/\"},\"author\":{\"name\":\"Milena Rohr\",\"@id\":\"https:\/\/jornalfatosenoticias.com.br\/#\/schema\/person\/bd76a40517f387e41cc072b0d3c7d627\"},\"headline\":\"Lideran\u00e7a disciplinada: como a gest\u00e3o estrat\u00e9gica e o comportamento dos l\u00edderes moldam a liberdade organizacional\",\"datePublished\":\"2024-11-07T18:46:10+00:00\",\"dateModified\":\"2024-11-07T18:46:12+00:00\",\"mainEntityOfPage\":{\"@id\":\"https:\/\/jornalfatosenoticias.com.br\/index.php\/2024\/11\/07\/lideranca-disciplinada-como-a-gestao-estrategica-e-o-comportamento-dos-lideres-moldam-a-liberdade-organizacional\/\"},\"wordCount\":1004,\"commentCount\":0,\"publisher\":{\"@id\":\"https:\/\/jornalfatosenoticias.com.br\/#organization\"},\"image\":{\"@id\":\"https:\/\/jornalfatosenoticias.com.br\/index.php\/2024\/11\/07\/lideranca-disciplinada-como-a-gestao-estrategica-e-o-comportamento-dos-lideres-moldam-a-liberdade-organizacional\/#primaryimage\"},\"thumbnailUrl\":\"https:\/\/jornalfatosenoticias.com.br\/wp-content\/uploads\/2024\/11\/lideres-de-gestao-estrategica_freepik.jpg\",\"keywords\":[\"liberdade organizacional\",\"l\u00edder\",\"lideran\u00e7a\",\"lideran\u00e7a disciplinada\",\"planejamento estrat\u00e9gico\"],\"articleSection\":[\"Geral\"],\"inLanguage\":\"pt-BR\",\"potentialAction\":[{\"@type\":\"CommentAction\",\"name\":\"Comment\",\"target\":[\"https:\/\/jornalfatosenoticias.com.br\/index.php\/2024\/11\/07\/lideranca-disciplinada-como-a-gestao-estrategica-e-o-comportamento-dos-lideres-moldam-a-liberdade-organizacional\/#respond\"]}]},{\"@type\":\"WebPage\",\"@id\":\"https:\/\/jornalfatosenoticias.com.br\/index.php\/2024\/11\/07\/lideranca-disciplinada-como-a-gestao-estrategica-e-o-comportamento-dos-lideres-moldam-a-liberdade-organizacional\/\",\"url\":\"https:\/\/jornalfatosenoticias.com.br\/index.php\/2024\/11\/07\/lideranca-disciplinada-como-a-gestao-estrategica-e-o-comportamento-dos-lideres-moldam-a-liberdade-organizacional\/\",\"name\":\"Lideran\u00e7a disciplinada: como a gest\u00e3o estrat\u00e9gica e o comportamento dos l\u00edderes moldam a liberdade organizacional - Jornal Fatos e Not\u00edcias\",\"isPartOf\":{\"@id\":\"https:\/\/jornalfatosenoticias.com.br\/#website\"},\"primaryImageOfPage\":{\"@id\":\"https:\/\/jornalfatosenoticias.com.br\/index.php\/2024\/11\/07\/lideranca-disciplinada-como-a-gestao-estrategica-e-o-comportamento-dos-lideres-moldam-a-liberdade-organizacional\/#primaryimage\"},\"image\":{\"@id\":\"https:\/\/jornalfatosenoticias.com.br\/index.php\/2024\/11\/07\/lideranca-disciplinada-como-a-gestao-estrategica-e-o-comportamento-dos-lideres-moldam-a-liberdade-organizacional\/#primaryimage\"},\"thumbnailUrl\":\"https:\/\/jornalfatosenoticias.com.br\/wp-content\/uploads\/2024\/11\/lideres-de-gestao-estrategica_freepik.jpg\",\"datePublished\":\"2024-11-07T18:46:10+00:00\",\"dateModified\":\"2024-11-07T18:46:12+00:00\",\"breadcrumb\":{\"@id\":\"https:\/\/jornalfatosenoticias.com.br\/index.php\/2024\/11\/07\/lideranca-disciplinada-como-a-gestao-estrategica-e-o-comportamento-dos-lideres-moldam-a-liberdade-organizacional\/#breadcrumb\"},\"inLanguage\":\"pt-BR\",\"potentialAction\":[{\"@type\":\"ReadAction\",\"target\":[\"https:\/\/jornalfatosenoticias.com.br\/index.php\/2024\/11\/07\/lideranca-disciplinada-como-a-gestao-estrategica-e-o-comportamento-dos-lideres-moldam-a-liberdade-organizacional\/\"]}]},{\"@type\":\"ImageObject\",\"inLanguage\":\"pt-BR\",\"@id\":\"https:\/\/jornalfatosenoticias.com.br\/index.php\/2024\/11\/07\/lideranca-disciplinada-como-a-gestao-estrategica-e-o-comportamento-dos-lideres-moldam-a-liberdade-organizacional\/#primaryimage\",\"url\":\"https:\/\/jornalfatosenoticias.com.br\/wp-content\/uploads\/2024\/11\/lideres-de-gestao-estrategica_freepik.jpg\",\"contentUrl\":\"https:\/\/jornalfatosenoticias.com.br\/wp-content\/uploads\/2024\/11\/lideres-de-gestao-estrategica_freepik.jpg\",\"width\":740,\"height\":494},{\"@type\":\"BreadcrumbList\",\"@id\":\"https:\/\/jornalfatosenoticias.com.br\/index.php\/2024\/11\/07\/lideranca-disciplinada-como-a-gestao-estrategica-e-o-comportamento-dos-lideres-moldam-a-liberdade-organizacional\/#breadcrumb\",\"itemListElement\":[{\"@type\":\"ListItem\",\"position\":1,\"name\":\"In\u00edcio\",\"item\":\"https:\/\/jornalfatosenoticias.com.br\/\"},{\"@type\":\"ListItem\",\"position\":2,\"name\":\"Lideran\u00e7a disciplinada: como a gest\u00e3o estrat\u00e9gica e o comportamento dos l\u00edderes moldam a liberdade organizacional\"}]},{\"@type\":\"WebSite\",\"@id\":\"https:\/\/jornalfatosenoticias.com.br\/#website\",\"url\":\"https:\/\/jornalfatosenoticias.com.br\/\",\"name\":\"Jornal Fatos e Not\u00edcias\",\"description\":\"Not\u00edcias em geral\",\"publisher\":{\"@id\":\"https:\/\/jornalfatosenoticias.com.br\/#organization\"},\"potentialAction\":[{\"@type\":\"SearchAction\",\"target\":{\"@type\":\"EntryPoint\",\"urlTemplate\":\"https:\/\/jornalfatosenoticias.com.br\/?s={search_term_string}\"},\"query-input\":{\"@type\":\"PropertyValueSpecification\",\"valueRequired\":true,\"valueName\":\"search_term_string\"}}],\"inLanguage\":\"pt-BR\"},{\"@type\":\"Organization\",\"@id\":\"https:\/\/jornalfatosenoticias.com.br\/#organization\",\"name\":\"Jornal Fatos e Not\u00edcias\",\"url\":\"https:\/\/jornalfatosenoticias.com.br\/\",\"logo\":{\"@type\":\"ImageObject\",\"inLanguage\":\"pt-BR\",\"@id\":\"https:\/\/jornalfatosenoticias.com.br\/#\/schema\/logo\/image\/\",\"url\":\"https:\/\/jornalfatosenoticias.com.br\/wp-content\/uploads\/2020\/02\/logo120.png\",\"contentUrl\":\"https:\/\/jornalfatosenoticias.com.br\/wp-content\/uploads\/2020\/02\/logo120.png\",\"width\":1227,\"height\":120,\"caption\":\"Jornal Fatos e Not\u00edcias\"},\"image\":{\"@id\":\"https:\/\/jornalfatosenoticias.com.br\/#\/schema\/logo\/image\/\"}},{\"@type\":\"Person\",\"@id\":\"https:\/\/jornalfatosenoticias.com.br\/#\/schema\/person\/bd76a40517f387e41cc072b0d3c7d627\",\"name\":\"Milena Rohr\",\"image\":{\"@type\":\"ImageObject\",\"inLanguage\":\"pt-BR\",\"@id\":\"https:\/\/jornalfatosenoticias.com.br\/#\/schema\/person\/image\/\",\"url\":\"https:\/\/jornalfatosenoticias.com.br\/wp-content\/uploads\/2026\/03\/Milena-Rohr_portal-150x150.jpg\",\"contentUrl\":\"https:\/\/jornalfatosenoticias.com.br\/wp-content\/uploads\/2026\/03\/Milena-Rohr_portal-150x150.jpg\",\"caption\":\"Milena Rohr\"},\"description\":\"Milena Rohr S\u00f3cia e diretora do MasterMind (Funda\u00e7\u00e3o Napoleon Hill), Gestora Empresarial, Embaixadora do BNI, Palestrante, Escritora, Colunista e Mentora FRST do Grupo Falconi\",\"url\":\"https:\/\/jornalfatosenoticias.com.br\/index.php\/author\/milena-rhor\/\"}]}<\/script>\n<!-- \/ Yoast SEO plugin. -->","yoast_head_json":{"title":"Lideran\u00e7a disciplinada: como a gest\u00e3o estrat\u00e9gica e o comportamento dos l\u00edderes moldam a liberdade organizacional - Jornal Fatos e Not\u00edcias","robots":{"index":"index","follow":"follow","max-snippet":"max-snippet:-1","max-image-preview":"max-image-preview:large","max-video-preview":"max-video-preview:-1"},"canonical":"https:\/\/jornalfatosenoticias.com.br\/index.php\/2024\/11\/07\/lideranca-disciplinada-como-a-gestao-estrategica-e-o-comportamento-dos-lideres-moldam-a-liberdade-organizacional\/","og_locale":"pt_BR","og_type":"article","og_title":"Lideran\u00e7a disciplinada: como a gest\u00e3o estrat\u00e9gica e o comportamento dos l\u00edderes moldam a liberdade organizacional - Jornal Fatos e Not\u00edcias","og_description":"L\u00edderes disciplinados conseguem equilibrar o planejamento estrat\u00e9gico com a flexibilidade e promover uma cultura onde os colaboradores encontram autonomia para inovar e agir com prop\u00f3sito Na coluna dessa semana, vamos desmistificar um conceito poderoso e, muitas vezes, mal-interpretado: a disciplina na lideran\u00e7a. Para muitos, disciplina e liberdade podem parecer for\u00e7as opostas, mas, quando bem compreendidas, [&hellip;]","og_url":"https:\/\/jornalfatosenoticias.com.br\/index.php\/2024\/11\/07\/lideranca-disciplinada-como-a-gestao-estrategica-e-o-comportamento-dos-lideres-moldam-a-liberdade-organizacional\/","og_site_name":"Jornal Fatos e Not\u00edcias","article_published_time":"2024-11-07T18:46:10+00:00","article_modified_time":"2024-11-07T18:46:12+00:00","og_image":[{"width":740,"height":494,"url":"https:\/\/jornalfatosenoticias.com.br\/wp-content\/uploads\/2024\/11\/lideres-de-gestao-estrategica_freepik.jpg","type":"image\/jpeg"}],"author":"Milena Rohr","twitter_card":"summary_large_image","twitter_misc":{"Escrito por":"Milena Rohr","Est. tempo de leitura":"5 minutos"},"schema":{"@context":"https:\/\/schema.org","@graph":[{"@type":"Article","@id":"https:\/\/jornalfatosenoticias.com.br\/index.php\/2024\/11\/07\/lideranca-disciplinada-como-a-gestao-estrategica-e-o-comportamento-dos-lideres-moldam-a-liberdade-organizacional\/#article","isPartOf":{"@id":"https:\/\/jornalfatosenoticias.com.br\/index.php\/2024\/11\/07\/lideranca-disciplinada-como-a-gestao-estrategica-e-o-comportamento-dos-lideres-moldam-a-liberdade-organizacional\/"},"author":{"name":"Milena Rohr","@id":"https:\/\/jornalfatosenoticias.com.br\/#\/schema\/person\/bd76a40517f387e41cc072b0d3c7d627"},"headline":"Lideran\u00e7a disciplinada: como a gest\u00e3o estrat\u00e9gica e o comportamento dos l\u00edderes moldam a liberdade organizacional","datePublished":"2024-11-07T18:46:10+00:00","dateModified":"2024-11-07T18:46:12+00:00","mainEntityOfPage":{"@id":"https:\/\/jornalfatosenoticias.com.br\/index.php\/2024\/11\/07\/lideranca-disciplinada-como-a-gestao-estrategica-e-o-comportamento-dos-lideres-moldam-a-liberdade-organizacional\/"},"wordCount":1004,"commentCount":0,"publisher":{"@id":"https:\/\/jornalfatosenoticias.com.br\/#organization"},"image":{"@id":"https:\/\/jornalfatosenoticias.com.br\/index.php\/2024\/11\/07\/lideranca-disciplinada-como-a-gestao-estrategica-e-o-comportamento-dos-lideres-moldam-a-liberdade-organizacional\/#primaryimage"},"thumbnailUrl":"https:\/\/jornalfatosenoticias.com.br\/wp-content\/uploads\/2024\/11\/lideres-de-gestao-estrategica_freepik.jpg","keywords":["liberdade organizacional","l\u00edder","lideran\u00e7a","lideran\u00e7a disciplinada","planejamento estrat\u00e9gico"],"articleSection":["Geral"],"inLanguage":"pt-BR","potentialAction":[{"@type":"CommentAction","name":"Comment","target":["https:\/\/jornalfatosenoticias.com.br\/index.php\/2024\/11\/07\/lideranca-disciplinada-como-a-gestao-estrategica-e-o-comportamento-dos-lideres-moldam-a-liberdade-organizacional\/#respond"]}]},{"@type":"WebPage","@id":"https:\/\/jornalfatosenoticias.com.br\/index.php\/2024\/11\/07\/lideranca-disciplinada-como-a-gestao-estrategica-e-o-comportamento-dos-lideres-moldam-a-liberdade-organizacional\/","url":"https:\/\/jornalfatosenoticias.com.br\/index.php\/2024\/11\/07\/lideranca-disciplinada-como-a-gestao-estrategica-e-o-comportamento-dos-lideres-moldam-a-liberdade-organizacional\/","name":"Lideran\u00e7a disciplinada: como a gest\u00e3o estrat\u00e9gica e o comportamento dos l\u00edderes moldam a liberdade organizacional - Jornal Fatos e Not\u00edcias","isPartOf":{"@id":"https:\/\/jornalfatosenoticias.com.br\/#website"},"primaryImageOfPage":{"@id":"https:\/\/jornalfatosenoticias.com.br\/index.php\/2024\/11\/07\/lideranca-disciplinada-como-a-gestao-estrategica-e-o-comportamento-dos-lideres-moldam-a-liberdade-organizacional\/#primaryimage"},"image":{"@id":"https:\/\/jornalfatosenoticias.com.br\/index.php\/2024\/11\/07\/lideranca-disciplinada-como-a-gestao-estrategica-e-o-comportamento-dos-lideres-moldam-a-liberdade-organizacional\/#primaryimage"},"thumbnailUrl":"https:\/\/jornalfatosenoticias.com.br\/wp-content\/uploads\/2024\/11\/lideres-de-gestao-estrategica_freepik.jpg","datePublished":"2024-11-07T18:46:10+00:00","dateModified":"2024-11-07T18:46:12+00:00","breadcrumb":{"@id":"https:\/\/jornalfatosenoticias.com.br\/index.php\/2024\/11\/07\/lideranca-disciplinada-como-a-gestao-estrategica-e-o-comportamento-dos-lideres-moldam-a-liberdade-organizacional\/#breadcrumb"},"inLanguage":"pt-BR","potentialAction":[{"@type":"ReadAction","target":["https:\/\/jornalfatosenoticias.com.br\/index.php\/2024\/11\/07\/lideranca-disciplinada-como-a-gestao-estrategica-e-o-comportamento-dos-lideres-moldam-a-liberdade-organizacional\/"]}]},{"@type":"ImageObject","inLanguage":"pt-BR","@id":"https:\/\/jornalfatosenoticias.com.br\/index.php\/2024\/11\/07\/lideranca-disciplinada-como-a-gestao-estrategica-e-o-comportamento-dos-lideres-moldam-a-liberdade-organizacional\/#primaryimage","url":"https:\/\/jornalfatosenoticias.com.br\/wp-content\/uploads\/2024\/11\/lideres-de-gestao-estrategica_freepik.jpg","contentUrl":"https:\/\/jornalfatosenoticias.com.br\/wp-content\/uploads\/2024\/11\/lideres-de-gestao-estrategica_freepik.jpg","width":740,"height":494},{"@type":"BreadcrumbList","@id":"https:\/\/jornalfatosenoticias.com.br\/index.php\/2024\/11\/07\/lideranca-disciplinada-como-a-gestao-estrategica-e-o-comportamento-dos-lideres-moldam-a-liberdade-organizacional\/#breadcrumb","itemListElement":[{"@type":"ListItem","position":1,"name":"In\u00edcio","item":"https:\/\/jornalfatosenoticias.com.br\/"},{"@type":"ListItem","position":2,"name":"Lideran\u00e7a disciplinada: como a gest\u00e3o estrat\u00e9gica e o comportamento dos l\u00edderes moldam a liberdade organizacional"}]},{"@type":"WebSite","@id":"https:\/\/jornalfatosenoticias.com.br\/#website","url":"https:\/\/jornalfatosenoticias.com.br\/","name":"Jornal Fatos e Not\u00edcias","description":"Not\u00edcias em geral","publisher":{"@id":"https:\/\/jornalfatosenoticias.com.br\/#organization"},"potentialAction":[{"@type":"SearchAction","target":{"@type":"EntryPoint","urlTemplate":"https:\/\/jornalfatosenoticias.com.br\/?s={search_term_string}"},"query-input":{"@type":"PropertyValueSpecification","valueRequired":true,"valueName":"search_term_string"}}],"inLanguage":"pt-BR"},{"@type":"Organization","@id":"https:\/\/jornalfatosenoticias.com.br\/#organization","name":"Jornal Fatos e Not\u00edcias","url":"https:\/\/jornalfatosenoticias.com.br\/","logo":{"@type":"ImageObject","inLanguage":"pt-BR","@id":"https:\/\/jornalfatosenoticias.com.br\/#\/schema\/logo\/image\/","url":"https:\/\/jornalfatosenoticias.com.br\/wp-content\/uploads\/2020\/02\/logo120.png","contentUrl":"https:\/\/jornalfatosenoticias.com.br\/wp-content\/uploads\/2020\/02\/logo120.png","width":1227,"height":120,"caption":"Jornal Fatos e Not\u00edcias"},"image":{"@id":"https:\/\/jornalfatosenoticias.com.br\/#\/schema\/logo\/image\/"}},{"@type":"Person","@id":"https:\/\/jornalfatosenoticias.com.br\/#\/schema\/person\/bd76a40517f387e41cc072b0d3c7d627","name":"Milena Rohr","image":{"@type":"ImageObject","inLanguage":"pt-BR","@id":"https:\/\/jornalfatosenoticias.com.br\/#\/schema\/person\/image\/","url":"https:\/\/jornalfatosenoticias.com.br\/wp-content\/uploads\/2026\/03\/Milena-Rohr_portal-150x150.jpg","contentUrl":"https:\/\/jornalfatosenoticias.com.br\/wp-content\/uploads\/2026\/03\/Milena-Rohr_portal-150x150.jpg","caption":"Milena Rohr"},"description":"Milena Rohr S\u00f3cia e diretora do MasterMind (Funda\u00e7\u00e3o Napoleon Hill), Gestora Empresarial, Embaixadora do BNI, Palestrante, Escritora, Colunista e Mentora FRST do Grupo Falconi","url":"https:\/\/jornalfatosenoticias.com.br\/index.php\/author\/milena-rhor\/"}]}},"cc_featured_image_caption":{"caption_text":"(Foto: Freepik) ","source_text":"","source_url":""},"jetpack_featured_media_url":"https:\/\/jornalfatosenoticias.com.br\/wp-content\/uploads\/2024\/11\/lideres-de-gestao-estrategica_freepik.jpg","_links":{"self":[{"href":"https:\/\/jornalfatosenoticias.com.br\/index.php\/wp-json\/wp\/v2\/posts\/55545","targetHints":{"allow":["GET"]}}],"collection":[{"href":"https:\/\/jornalfatosenoticias.com.br\/index.php\/wp-json\/wp\/v2\/posts"}],"about":[{"href":"https:\/\/jornalfatosenoticias.com.br\/index.php\/wp-json\/wp\/v2\/types\/post"}],"author":[{"embeddable":true,"href":"https:\/\/jornalfatosenoticias.com.br\/index.php\/wp-json\/wp\/v2\/users\/37"}],"replies":[{"embeddable":true,"href":"https:\/\/jornalfatosenoticias.com.br\/index.php\/wp-json\/wp\/v2\/comments?post=55545"}],"version-history":[{"count":0,"href":"https:\/\/jornalfatosenoticias.com.br\/index.php\/wp-json\/wp\/v2\/posts\/55545\/revisions"}],"wp:featuredmedia":[{"embeddable":true,"href":"https:\/\/jornalfatosenoticias.com.br\/index.php\/wp-json\/wp\/v2\/media\/55546"}],"wp:attachment":[{"href":"https:\/\/jornalfatosenoticias.com.br\/index.php\/wp-json\/wp\/v2\/media?parent=55545"}],"wp:term":[{"taxonomy":"category","embeddable":true,"href":"https:\/\/jornalfatosenoticias.com.br\/index.php\/wp-json\/wp\/v2\/categories?post=55545"},{"taxonomy":"post_tag","embeddable":true,"href":"https:\/\/jornalfatosenoticias.com.br\/index.php\/wp-json\/wp\/v2\/tags?post=55545"}],"curies":[{"name":"wp","href":"https:\/\/api.w.org\/{rel}","templated":true}]}}