{"id":5556,"date":"2020-06-16T13:45:51","date_gmt":"2020-06-16T16:45:51","guid":{"rendered":"https:\/\/jornalfatosenoticias.com.br\/?p=5556"},"modified":"2020-06-16T13:49:20","modified_gmt":"2020-06-16T16:49:20","slug":"a-misteriosa-mumia-do-homem-de-cherchen-um-dos-maiores-achados-do-seculo-20","status":"publish","type":"post","link":"https:\/\/jornalfatosenoticias.com.br\/index.php\/2020\/06\/16\/a-misteriosa-mumia-do-homem-de-cherchen-um-dos-maiores-achados-do-seculo-20\/","title":{"rendered":"A misteriosa m\u00famia do homem de Cherchen, um dos maiores achados do s\u00e9culo 20"},"content":{"rendered":"\n<h6 class=\"wp-block-heading\"><em>Os restos, descobertos em condi\u00e7\u00f5es de extrema conserva\u00e7\u00e3o na China, intrigaram arque\u00f3logos, que se depararam com caracter\u00edsticas incomuns<\/em><\/h6>\n\n\n\n<p>Um grupo de m\u00famias encontrado na bacia de Tarim no s\u00e9culo 20 instigou arque\u00f3logos. Ap\u00f3s a descoberta, os restos de um homem, tr\u00eas mulheres e um beb\u00ea ficaram conhecidos como as M\u00famias Cherchen. Os cinco corpos apresentavam roupas parecidas e contavam com fios vermelhos e azuis nas m\u00e3os, que acredita-se ser uma identifica\u00e7\u00e3o de que pertenciam \u00e0 mesma fam\u00edlia.<br>Cherchen Man foi o apelido dado a uma dessas m\u00famias que foram encontradas na cidade de Cherchen, localizada na regi\u00e3o de Xinjang, na China. O achado pertence ao grupo M\u00famias Tarim, e seus restos mortais foram descobertos no t\u00famulo dois do cemit\u00e9rio de Zaghunluq, noroeste do pa\u00eds.<br>Assim como as descobertas anteriores, a m\u00famia foi localizada com roupas e tra\u00e7os do estilo europeu e acredita-se que seja uma evid\u00eancia da descend\u00eancia da cultura Afanasevo, pertencente aos indo-europeus que migraram por volta de 3300 a.C.<\/p>\n\n\n\n<figure class=\"wp-block-image size-large\"><img loading=\"lazy\" decoding=\"async\" width=\"1000\" height=\"575\" src=\"https:\/\/jornalfatosenoticias.com.br\/wp-content\/uploads\/2020\/06\/cherche-man.jpg\" alt=\"\" class=\"wp-image-5557\" srcset=\"https:\/\/jornalfatosenoticias.com.br\/wp-content\/uploads\/2020\/06\/cherche-man.jpg 1000w, https:\/\/jornalfatosenoticias.com.br\/wp-content\/uploads\/2020\/06\/cherche-man-300x173.jpg 300w, https:\/\/jornalfatosenoticias.com.br\/wp-content\/uploads\/2020\/06\/cherche-man-768x442.jpg 768w\" sizes=\"auto, (max-width: 1000px) 100vw, 1000px\" \/><figcaption><em>A m\u00famia do Homem de Cherchen (Foto: Divulga\u00e7\u00e3o)<\/em><\/figcaption><\/figure>\n\n\n\n<p>A partir de an\u00e1lises, foi poss\u00edvel determinar que os restos eram de um homem adulto que teria morrido por volta de 1000 a.C e que tinha, aproximadamente, 50 anos de idade. Sua altura variava de 1,65 cent\u00edmetros a 1,98 cent\u00edmetros e caracterizou-se por um cabelo marrom-avermelhado misturado com cinza, que caracterizava seu rosto redondo. Ele foi enterrado com dez chap\u00e9us de estilos diferentes e contava com roupas com tons avermelhados, azuis e roxos.<br>Todavia, o que chamou a aten\u00e7\u00e3o dos pesquisadores foi o nariz comprido e l\u00e1bios grossos. E as marcas em espiral de um sol amarelo e roxo que, primeiramente, foram confundidos com tatuagens que, na verdade, s\u00e3o pinturas ocre, um pigmento natural feito com argila e areia.<br>A professora de arqueologia de Los Angeles, Elizabeth Barber, estudou a descoberta realizada na bacia de Tarim e identificou diversas semelhan\u00e7as com os padr\u00f5es europeus. Al\u00e9m disso, ela sugeriu que as m\u00famias tamb\u00e9m compartilham uma origem comum das montanhas do C\u00e1ucaso, no sul da R\u00fassia. Entre as vestimentas, encontravam-se roup\u00f5es, chap\u00e9us, capas, cal\u00e7as, camisas e meias de l\u00e3.<br>O Homem de Cherchen foi enterrado em uma tumba constitu\u00edda por tijolos de barro misturados com arbustos. Para reduzir a umidade do local, foram colocados diversos tapetes e galhos a fim de aumentar sua preserva\u00e7\u00e3o. Da mesma maneira, tamb\u00e9m foi observado que havia um peda\u00e7o de madeira que deixava as pernas do homem dobradas, fazendo com que a circula\u00e7\u00e3o de ar fosse maior, diminuindo a taxa de decomposi\u00e7\u00e3o. No entanto, n\u00e3o seria a \u00fanica descoberta relevante encontrada na regi\u00e3o.<\/p>\n\n\n\n<figure class=\"wp-block-image size-large\"><img loading=\"lazy\" decoding=\"async\" width=\"1000\" height=\"562\" src=\"https:\/\/jornalfatosenoticias.com.br\/wp-content\/uploads\/2020\/06\/mumia-de_tarim.jpeg\" alt=\"\" class=\"wp-image-5558\" srcset=\"https:\/\/jornalfatosenoticias.com.br\/wp-content\/uploads\/2020\/06\/mumia-de_tarim.jpeg 1000w, https:\/\/jornalfatosenoticias.com.br\/wp-content\/uploads\/2020\/06\/mumia-de_tarim-300x169.jpeg 300w, https:\/\/jornalfatosenoticias.com.br\/wp-content\/uploads\/2020\/06\/mumia-de_tarim-768x432.jpeg 768w\" sizes=\"auto, (max-width: 1000px) 100vw, 1000px\" \/><figcaption><em>M\u00famia de Tarim, a mulher caucasiana (Foto: Divulga\u00e7\u00e3o)<\/em><\/figcaption><\/figure>\n\n\n\n<h4 class=\"wp-block-heading\">In\u00fameras m\u00famias<\/h4>\n\n\n\n<p>As <a rel=\"noreferrer noopener\" href=\"https:\/\/aventurasnahistoria.uol.com.br\/noticias\/almanaque\/historia-mumia-de-tarim-instigante-mulher-caucasiana-de-3-mil-anos.phtml\" target=\"_blank\">M\u00famias<\/a> de Tarim representam um grande mist\u00e9rio do mundo antigo. Os restos humanos foram encontrados em condi\u00e7\u00f5es preservadas impressionantes, j\u00e1 que haviam sido preservados acidentalmente em um ambiente seco e salgado do deserto de Taklimakan, especificamente na bacia de Tarim, localizado na China ocidental.<br>At\u00e9 ent\u00e3o, as m\u00famias encontradas datavam de um longo per\u00edodo, desde 1800 a.C. at\u00e9 400 d.C. Todavia, o que chamou a aten\u00e7\u00e3o dos arque\u00f3logos e pesquisadores, em geral, foi a incr\u00edvel distin\u00e7\u00e3o dos tra\u00e7os europeus.<br>As primeiras descobertas ocorreram no in\u00edcio do s\u00e9culo 20, pelo explorador sueco Sven Hedin. Ele investigava a hist\u00f3ria da Rota da Seda, diversos caminhos antigos que ligavam a China \u00e0 Turquia e, ent\u00e3o, at\u00e9 a Europa. Devido a falta de equipamento necess\u00e1rio, o pesquisador simplesmente deixou os corpos nos locais de origem e voltou para seu pa\u00eds, os restos acabaram sendo esquecidos.<br>Em seguida, no ano de 1978, Wang Bighua, <a rel=\"noreferrer noopener\" href=\"https:\/\/aventurasnahistoria.uol.com.br\/noticias\/historia-hoje\/esculturas-de-cabeca-de-cobra-pre-historicas-foram-encontradas.phtml\" target=\"_blank\">arque\u00f3logo<\/a> chin\u00eas, dessenterrou 113 cad\u00e1veres no cemit\u00e9rio em Qizilchoqa, na \u00c1sia Central. A maioria foi transferida para um museu da cidade de Urumqi, mas, nos \u00faltimos 25 anos, diversos arque\u00f3logos investiram em diversas escava\u00e7\u00f5es na \u00e1rea a fim de encontrar mais m\u00famias.<\/p>\n\n\n\n<figure class=\"wp-block-image size-large\"><img loading=\"lazy\" decoding=\"async\" width=\"1000\" height=\"666\" src=\"https:\/\/jornalfatosenoticias.com.br\/wp-content\/uploads\/2020\/06\/mumia.jpg\" alt=\"\" class=\"wp-image-5559\" srcset=\"https:\/\/jornalfatosenoticias.com.br\/wp-content\/uploads\/2020\/06\/mumia.jpg 1000w, https:\/\/jornalfatosenoticias.com.br\/wp-content\/uploads\/2020\/06\/mumia-300x200.jpg 300w, https:\/\/jornalfatosenoticias.com.br\/wp-content\/uploads\/2020\/06\/mumia-768x511.jpg 768w\" sizes=\"auto, (max-width: 1000px) 100vw, 1000px\" \/><figcaption><em>Os restos de uma das m\u00famias encontradas (Foto: Divulga\u00e7\u00e3o)<\/em><\/figcaption><\/figure>\n\n\n\n<p>Uma vez expostas no <a rel=\"noreferrer noopener\" href=\"https:\/\/aventurasnahistoria.uol.com.br\/noticias\/historia-hoje\/grande-museu-do-egito-conheca-nova-casa-de-tutancamon.phtml\" target=\"_blank\">museu<\/a>, chamaram muita aten\u00e7\u00e3o. Em 1987, Victor Mair, professor da Universidade da Pensilv\u00e2nia, guiou seus alunos no acervo e se deparou com uma das m\u00famias desenterradas por Bingha.<br>Segundo o docente, foi uma experi\u00eancia perturbadora, j\u00e1 que todas estavam vestidas com roupas de l\u00e3 e botas de feltro. Al\u00e9m disso, os corpos estavam incrivelmente preservados e apresentavam tra\u00e7os europeus, como o cabelo castanho avermelhado ou loiro, narizes compridos, corpos longos e olhos grandes.<\/p>\n\n\n\n<p><strong><em>Fonte: <a href=\"https:\/\/aventurasnahistoria.uol.com.br\/noticias\/reportagem\/a-impressionante-mumia-de-cherchen-um-dos-maiores-achados-do-seculo-20.phtml\">Aventuras na Hist\u00f3ria<\/a><\/em><\/strong><\/p>\n","protected":false},"excerpt":{"rendered":"<p>Os restos, descobertos em condi\u00e7\u00f5es de extrema conserva\u00e7\u00e3o na China, intrigaram arque\u00f3logos, que se depararam com caracter\u00edsticas incomuns Um grupo de m\u00famias encontrado na bacia de Tarim no s\u00e9culo 20 instigou arque\u00f3logos. Ap\u00f3s a descoberta, os restos de um homem, tr\u00eas mulheres e um beb\u00ea ficaram conhecidos como as M\u00famias Cherchen. Os cinco corpos apresentavam [&hellip;]<\/p>\n","protected":false},"author":2,"featured_media":5560,"comment_status":"open","ping_status":"open","sticky":false,"template":"","format":"standard","meta":{"footnotes":""},"categories":[2],"tags":[3330,761,3331,3332,3333],"class_list":["post-5556","post","type-post","status-publish","format-standard","has-post-thumbnail","hentry","category-ciencia","tag-achados","tag-arqueologos","tag-china-antiga","tag-mumias","tag-tarim"],"yoast_head":"<!-- This site is optimized with the Yoast SEO plugin v26.5 - https:\/\/yoast.com\/wordpress\/plugins\/seo\/ -->\n<title>A misteriosa m\u00famia do homem de Cherchen, um dos maiores achados do s\u00e9culo 20 - Jornal Fatos e Not\u00edcias<\/title>\n<meta name=\"robots\" content=\"index, follow, max-snippet:-1, max-image-preview:large, max-video-preview:-1\" \/>\n<link rel=\"canonical\" href=\"https:\/\/jornalfatosenoticias.com.br\/index.php\/2020\/06\/16\/a-misteriosa-mumia-do-homem-de-cherchen-um-dos-maiores-achados-do-seculo-20\/\" \/>\n<meta property=\"og:locale\" content=\"pt_BR\" \/>\n<meta property=\"og:type\" content=\"article\" \/>\n<meta property=\"og:title\" content=\"A misteriosa m\u00famia do homem de Cherchen, um dos maiores achados do s\u00e9culo 20 - Jornal Fatos e Not\u00edcias\" \/>\n<meta property=\"og:description\" content=\"Os restos, descobertos em condi\u00e7\u00f5es de extrema conserva\u00e7\u00e3o na China, intrigaram arque\u00f3logos, que se depararam com caracter\u00edsticas incomuns Um grupo de m\u00famias encontrado na bacia de Tarim no s\u00e9culo 20 instigou arque\u00f3logos. Ap\u00f3s a descoberta, os restos de um homem, tr\u00eas mulheres e um beb\u00ea ficaram conhecidos como as M\u00famias Cherchen. Os cinco corpos apresentavam [&hellip;]\" \/>\n<meta property=\"og:url\" content=\"https:\/\/jornalfatosenoticias.com.br\/index.php\/2020\/06\/16\/a-misteriosa-mumia-do-homem-de-cherchen-um-dos-maiores-achados-do-seculo-20\/\" \/>\n<meta property=\"og:site_name\" content=\"Jornal Fatos e Not\u00edcias\" \/>\n<meta property=\"article:published_time\" content=\"2020-06-16T16:45:51+00:00\" \/>\n<meta property=\"article:modified_time\" content=\"2020-06-16T16:49:20+00:00\" \/>\n<meta property=\"og:image\" content=\"https:\/\/jornalfatosenoticias.com.br\/wp-content\/uploads\/2020\/06\/o-homem-cherchen_capa.jpg\" \/>\n\t<meta property=\"og:image:width\" content=\"1000\" \/>\n\t<meta property=\"og:image:height\" content=\"562\" \/>\n\t<meta property=\"og:image:type\" content=\"image\/jpeg\" \/>\n<meta name=\"author\" content=\"Luzimara Fernandes\" \/>\n<meta name=\"twitter:card\" content=\"summary_large_image\" \/>\n<meta name=\"twitter:label1\" content=\"Escrito por\" \/>\n\t<meta name=\"twitter:data1\" content=\"Luzimara Fernandes\" \/>\n\t<meta name=\"twitter:label2\" content=\"Est. tempo de leitura\" \/>\n\t<meta name=\"twitter:data2\" content=\"4 minutos\" \/>\n<script type=\"application\/ld+json\" class=\"yoast-schema-graph\">{\"@context\":\"https:\/\/schema.org\",\"@graph\":[{\"@type\":\"Article\",\"@id\":\"https:\/\/jornalfatosenoticias.com.br\/index.php\/2020\/06\/16\/a-misteriosa-mumia-do-homem-de-cherchen-um-dos-maiores-achados-do-seculo-20\/#article\",\"isPartOf\":{\"@id\":\"https:\/\/jornalfatosenoticias.com.br\/index.php\/2020\/06\/16\/a-misteriosa-mumia-do-homem-de-cherchen-um-dos-maiores-achados-do-seculo-20\/\"},\"author\":{\"name\":\"Luzimara Fernandes\",\"@id\":\"https:\/\/jornalfatosenoticias.com.br\/#\/schema\/person\/d63837fa13ac8666eb9e74e0985d6f81\"},\"headline\":\"A misteriosa m\u00famia do homem de Cherchen, um dos maiores achados do s\u00e9culo 20\",\"datePublished\":\"2020-06-16T16:45:51+00:00\",\"dateModified\":\"2020-06-16T16:49:20+00:00\",\"mainEntityOfPage\":{\"@id\":\"https:\/\/jornalfatosenoticias.com.br\/index.php\/2020\/06\/16\/a-misteriosa-mumia-do-homem-de-cherchen-um-dos-maiores-achados-do-seculo-20\/\"},\"wordCount\":809,\"commentCount\":0,\"publisher\":{\"@id\":\"https:\/\/jornalfatosenoticias.com.br\/#organization\"},\"image\":{\"@id\":\"https:\/\/jornalfatosenoticias.com.br\/index.php\/2020\/06\/16\/a-misteriosa-mumia-do-homem-de-cherchen-um-dos-maiores-achados-do-seculo-20\/#primaryimage\"},\"thumbnailUrl\":\"https:\/\/jornalfatosenoticias.com.br\/wp-content\/uploads\/2020\/06\/o-homem-cherchen_capa.jpg\",\"keywords\":[\"achados\",\"arque\u00f3logos\",\"China Antiga\",\"m\u00famias\",\"Tarim\"],\"articleSection\":[\"Ci\u00eancia\"],\"inLanguage\":\"pt-BR\",\"potentialAction\":[{\"@type\":\"CommentAction\",\"name\":\"Comment\",\"target\":[\"https:\/\/jornalfatosenoticias.com.br\/index.php\/2020\/06\/16\/a-misteriosa-mumia-do-homem-de-cherchen-um-dos-maiores-achados-do-seculo-20\/#respond\"]}]},{\"@type\":\"WebPage\",\"@id\":\"https:\/\/jornalfatosenoticias.com.br\/index.php\/2020\/06\/16\/a-misteriosa-mumia-do-homem-de-cherchen-um-dos-maiores-achados-do-seculo-20\/\",\"url\":\"https:\/\/jornalfatosenoticias.com.br\/index.php\/2020\/06\/16\/a-misteriosa-mumia-do-homem-de-cherchen-um-dos-maiores-achados-do-seculo-20\/\",\"name\":\"A misteriosa m\u00famia do homem de Cherchen, um dos maiores achados do s\u00e9culo 20 - Jornal Fatos e Not\u00edcias\",\"isPartOf\":{\"@id\":\"https:\/\/jornalfatosenoticias.com.br\/#website\"},\"primaryImageOfPage\":{\"@id\":\"https:\/\/jornalfatosenoticias.com.br\/index.php\/2020\/06\/16\/a-misteriosa-mumia-do-homem-de-cherchen-um-dos-maiores-achados-do-seculo-20\/#primaryimage\"},\"image\":{\"@id\":\"https:\/\/jornalfatosenoticias.com.br\/index.php\/2020\/06\/16\/a-misteriosa-mumia-do-homem-de-cherchen-um-dos-maiores-achados-do-seculo-20\/#primaryimage\"},\"thumbnailUrl\":\"https:\/\/jornalfatosenoticias.com.br\/wp-content\/uploads\/2020\/06\/o-homem-cherchen_capa.jpg\",\"datePublished\":\"2020-06-16T16:45:51+00:00\",\"dateModified\":\"2020-06-16T16:49:20+00:00\",\"breadcrumb\":{\"@id\":\"https:\/\/jornalfatosenoticias.com.br\/index.php\/2020\/06\/16\/a-misteriosa-mumia-do-homem-de-cherchen-um-dos-maiores-achados-do-seculo-20\/#breadcrumb\"},\"inLanguage\":\"pt-BR\",\"potentialAction\":[{\"@type\":\"ReadAction\",\"target\":[\"https:\/\/jornalfatosenoticias.com.br\/index.php\/2020\/06\/16\/a-misteriosa-mumia-do-homem-de-cherchen-um-dos-maiores-achados-do-seculo-20\/\"]}]},{\"@type\":\"ImageObject\",\"inLanguage\":\"pt-BR\",\"@id\":\"https:\/\/jornalfatosenoticias.com.br\/index.php\/2020\/06\/16\/a-misteriosa-mumia-do-homem-de-cherchen-um-dos-maiores-achados-do-seculo-20\/#primaryimage\",\"url\":\"https:\/\/jornalfatosenoticias.com.br\/wp-content\/uploads\/2020\/06\/o-homem-cherchen_capa.jpg\",\"contentUrl\":\"https:\/\/jornalfatosenoticias.com.br\/wp-content\/uploads\/2020\/06\/o-homem-cherchen_capa.jpg\",\"width\":1000,\"height\":562},{\"@type\":\"BreadcrumbList\",\"@id\":\"https:\/\/jornalfatosenoticias.com.br\/index.php\/2020\/06\/16\/a-misteriosa-mumia-do-homem-de-cherchen-um-dos-maiores-achados-do-seculo-20\/#breadcrumb\",\"itemListElement\":[{\"@type\":\"ListItem\",\"position\":1,\"name\":\"In\u00edcio\",\"item\":\"https:\/\/jornalfatosenoticias.com.br\/\"},{\"@type\":\"ListItem\",\"position\":2,\"name\":\"A misteriosa m\u00famia do homem de Cherchen, um dos maiores achados do s\u00e9culo 20\"}]},{\"@type\":\"WebSite\",\"@id\":\"https:\/\/jornalfatosenoticias.com.br\/#website\",\"url\":\"https:\/\/jornalfatosenoticias.com.br\/\",\"name\":\"Jornal Fatos e Not\u00edcias\",\"description\":\"Not\u00edcias em geral\",\"publisher\":{\"@id\":\"https:\/\/jornalfatosenoticias.com.br\/#organization\"},\"potentialAction\":[{\"@type\":\"SearchAction\",\"target\":{\"@type\":\"EntryPoint\",\"urlTemplate\":\"https:\/\/jornalfatosenoticias.com.br\/?s={search_term_string}\"},\"query-input\":{\"@type\":\"PropertyValueSpecification\",\"valueRequired\":true,\"valueName\":\"search_term_string\"}}],\"inLanguage\":\"pt-BR\"},{\"@type\":\"Organization\",\"@id\":\"https:\/\/jornalfatosenoticias.com.br\/#organization\",\"name\":\"Jornal Fatos e Not\u00edcias\",\"url\":\"https:\/\/jornalfatosenoticias.com.br\/\",\"logo\":{\"@type\":\"ImageObject\",\"inLanguage\":\"pt-BR\",\"@id\":\"https:\/\/jornalfatosenoticias.com.br\/#\/schema\/logo\/image\/\",\"url\":\"https:\/\/jornalfatosenoticias.com.br\/wp-content\/uploads\/2020\/02\/logo120.png\",\"contentUrl\":\"https:\/\/jornalfatosenoticias.com.br\/wp-content\/uploads\/2020\/02\/logo120.png\",\"width\":1227,\"height\":120,\"caption\":\"Jornal Fatos e Not\u00edcias\"},\"image\":{\"@id\":\"https:\/\/jornalfatosenoticias.com.br\/#\/schema\/logo\/image\/\"}},{\"@type\":\"Person\",\"@id\":\"https:\/\/jornalfatosenoticias.com.br\/#\/schema\/person\/d63837fa13ac8666eb9e74e0985d6f81\",\"name\":\"Luzimara Fernandes\",\"image\":{\"@type\":\"ImageObject\",\"inLanguage\":\"pt-BR\",\"@id\":\"https:\/\/jornalfatosenoticias.com.br\/#\/schema\/person\/image\/\",\"url\":\"https:\/\/jornalfatosenoticias.com.br\/wp-content\/uploads\/2025\/05\/EU_portal.jpg\",\"contentUrl\":\"https:\/\/jornalfatosenoticias.com.br\/wp-content\/uploads\/2025\/05\/EU_portal.jpg\",\"caption\":\"Luzimara Fernandes\"},\"description\":\"Jornalista MTB 2358-ES\",\"sameAs\":[\"https:\/\/jornalfatosenoticias.com.br\"],\"url\":\"https:\/\/jornalfatosenoticias.com.br\/index.php\/author\/luzimara\/\"}]}<\/script>\n<!-- \/ Yoast SEO plugin. -->","yoast_head_json":{"title":"A misteriosa m\u00famia do homem de Cherchen, um dos maiores achados do s\u00e9culo 20 - Jornal Fatos e Not\u00edcias","robots":{"index":"index","follow":"follow","max-snippet":"max-snippet:-1","max-image-preview":"max-image-preview:large","max-video-preview":"max-video-preview:-1"},"canonical":"https:\/\/jornalfatosenoticias.com.br\/index.php\/2020\/06\/16\/a-misteriosa-mumia-do-homem-de-cherchen-um-dos-maiores-achados-do-seculo-20\/","og_locale":"pt_BR","og_type":"article","og_title":"A misteriosa m\u00famia do homem de Cherchen, um dos maiores achados do s\u00e9culo 20 - Jornal Fatos e Not\u00edcias","og_description":"Os restos, descobertos em condi\u00e7\u00f5es de extrema conserva\u00e7\u00e3o na China, intrigaram arque\u00f3logos, que se depararam com caracter\u00edsticas incomuns Um grupo de m\u00famias encontrado na bacia de Tarim no s\u00e9culo 20 instigou arque\u00f3logos. Ap\u00f3s a descoberta, os restos de um homem, tr\u00eas mulheres e um beb\u00ea ficaram conhecidos como as M\u00famias Cherchen. Os cinco corpos apresentavam [&hellip;]","og_url":"https:\/\/jornalfatosenoticias.com.br\/index.php\/2020\/06\/16\/a-misteriosa-mumia-do-homem-de-cherchen-um-dos-maiores-achados-do-seculo-20\/","og_site_name":"Jornal Fatos e Not\u00edcias","article_published_time":"2020-06-16T16:45:51+00:00","article_modified_time":"2020-06-16T16:49:20+00:00","og_image":[{"width":1000,"height":562,"url":"https:\/\/jornalfatosenoticias.com.br\/wp-content\/uploads\/2020\/06\/o-homem-cherchen_capa.jpg","type":"image\/jpeg"}],"author":"Luzimara Fernandes","twitter_card":"summary_large_image","twitter_misc":{"Escrito por":"Luzimara Fernandes","Est. tempo de leitura":"4 minutos"},"schema":{"@context":"https:\/\/schema.org","@graph":[{"@type":"Article","@id":"https:\/\/jornalfatosenoticias.com.br\/index.php\/2020\/06\/16\/a-misteriosa-mumia-do-homem-de-cherchen-um-dos-maiores-achados-do-seculo-20\/#article","isPartOf":{"@id":"https:\/\/jornalfatosenoticias.com.br\/index.php\/2020\/06\/16\/a-misteriosa-mumia-do-homem-de-cherchen-um-dos-maiores-achados-do-seculo-20\/"},"author":{"name":"Luzimara Fernandes","@id":"https:\/\/jornalfatosenoticias.com.br\/#\/schema\/person\/d63837fa13ac8666eb9e74e0985d6f81"},"headline":"A misteriosa m\u00famia do homem de Cherchen, um dos maiores achados do s\u00e9culo 20","datePublished":"2020-06-16T16:45:51+00:00","dateModified":"2020-06-16T16:49:20+00:00","mainEntityOfPage":{"@id":"https:\/\/jornalfatosenoticias.com.br\/index.php\/2020\/06\/16\/a-misteriosa-mumia-do-homem-de-cherchen-um-dos-maiores-achados-do-seculo-20\/"},"wordCount":809,"commentCount":0,"publisher":{"@id":"https:\/\/jornalfatosenoticias.com.br\/#organization"},"image":{"@id":"https:\/\/jornalfatosenoticias.com.br\/index.php\/2020\/06\/16\/a-misteriosa-mumia-do-homem-de-cherchen-um-dos-maiores-achados-do-seculo-20\/#primaryimage"},"thumbnailUrl":"https:\/\/jornalfatosenoticias.com.br\/wp-content\/uploads\/2020\/06\/o-homem-cherchen_capa.jpg","keywords":["achados","arque\u00f3logos","China Antiga","m\u00famias","Tarim"],"articleSection":["Ci\u00eancia"],"inLanguage":"pt-BR","potentialAction":[{"@type":"CommentAction","name":"Comment","target":["https:\/\/jornalfatosenoticias.com.br\/index.php\/2020\/06\/16\/a-misteriosa-mumia-do-homem-de-cherchen-um-dos-maiores-achados-do-seculo-20\/#respond"]}]},{"@type":"WebPage","@id":"https:\/\/jornalfatosenoticias.com.br\/index.php\/2020\/06\/16\/a-misteriosa-mumia-do-homem-de-cherchen-um-dos-maiores-achados-do-seculo-20\/","url":"https:\/\/jornalfatosenoticias.com.br\/index.php\/2020\/06\/16\/a-misteriosa-mumia-do-homem-de-cherchen-um-dos-maiores-achados-do-seculo-20\/","name":"A misteriosa m\u00famia do homem de Cherchen, um dos maiores achados do s\u00e9culo 20 - Jornal Fatos e Not\u00edcias","isPartOf":{"@id":"https:\/\/jornalfatosenoticias.com.br\/#website"},"primaryImageOfPage":{"@id":"https:\/\/jornalfatosenoticias.com.br\/index.php\/2020\/06\/16\/a-misteriosa-mumia-do-homem-de-cherchen-um-dos-maiores-achados-do-seculo-20\/#primaryimage"},"image":{"@id":"https:\/\/jornalfatosenoticias.com.br\/index.php\/2020\/06\/16\/a-misteriosa-mumia-do-homem-de-cherchen-um-dos-maiores-achados-do-seculo-20\/#primaryimage"},"thumbnailUrl":"https:\/\/jornalfatosenoticias.com.br\/wp-content\/uploads\/2020\/06\/o-homem-cherchen_capa.jpg","datePublished":"2020-06-16T16:45:51+00:00","dateModified":"2020-06-16T16:49:20+00:00","breadcrumb":{"@id":"https:\/\/jornalfatosenoticias.com.br\/index.php\/2020\/06\/16\/a-misteriosa-mumia-do-homem-de-cherchen-um-dos-maiores-achados-do-seculo-20\/#breadcrumb"},"inLanguage":"pt-BR","potentialAction":[{"@type":"ReadAction","target":["https:\/\/jornalfatosenoticias.com.br\/index.php\/2020\/06\/16\/a-misteriosa-mumia-do-homem-de-cherchen-um-dos-maiores-achados-do-seculo-20\/"]}]},{"@type":"ImageObject","inLanguage":"pt-BR","@id":"https:\/\/jornalfatosenoticias.com.br\/index.php\/2020\/06\/16\/a-misteriosa-mumia-do-homem-de-cherchen-um-dos-maiores-achados-do-seculo-20\/#primaryimage","url":"https:\/\/jornalfatosenoticias.com.br\/wp-content\/uploads\/2020\/06\/o-homem-cherchen_capa.jpg","contentUrl":"https:\/\/jornalfatosenoticias.com.br\/wp-content\/uploads\/2020\/06\/o-homem-cherchen_capa.jpg","width":1000,"height":562},{"@type":"BreadcrumbList","@id":"https:\/\/jornalfatosenoticias.com.br\/index.php\/2020\/06\/16\/a-misteriosa-mumia-do-homem-de-cherchen-um-dos-maiores-achados-do-seculo-20\/#breadcrumb","itemListElement":[{"@type":"ListItem","position":1,"name":"In\u00edcio","item":"https:\/\/jornalfatosenoticias.com.br\/"},{"@type":"ListItem","position":2,"name":"A misteriosa m\u00famia do homem de Cherchen, um dos maiores achados do s\u00e9culo 20"}]},{"@type":"WebSite","@id":"https:\/\/jornalfatosenoticias.com.br\/#website","url":"https:\/\/jornalfatosenoticias.com.br\/","name":"Jornal Fatos e Not\u00edcias","description":"Not\u00edcias em geral","publisher":{"@id":"https:\/\/jornalfatosenoticias.com.br\/#organization"},"potentialAction":[{"@type":"SearchAction","target":{"@type":"EntryPoint","urlTemplate":"https:\/\/jornalfatosenoticias.com.br\/?s={search_term_string}"},"query-input":{"@type":"PropertyValueSpecification","valueRequired":true,"valueName":"search_term_string"}}],"inLanguage":"pt-BR"},{"@type":"Organization","@id":"https:\/\/jornalfatosenoticias.com.br\/#organization","name":"Jornal Fatos e Not\u00edcias","url":"https:\/\/jornalfatosenoticias.com.br\/","logo":{"@type":"ImageObject","inLanguage":"pt-BR","@id":"https:\/\/jornalfatosenoticias.com.br\/#\/schema\/logo\/image\/","url":"https:\/\/jornalfatosenoticias.com.br\/wp-content\/uploads\/2020\/02\/logo120.png","contentUrl":"https:\/\/jornalfatosenoticias.com.br\/wp-content\/uploads\/2020\/02\/logo120.png","width":1227,"height":120,"caption":"Jornal Fatos e Not\u00edcias"},"image":{"@id":"https:\/\/jornalfatosenoticias.com.br\/#\/schema\/logo\/image\/"}},{"@type":"Person","@id":"https:\/\/jornalfatosenoticias.com.br\/#\/schema\/person\/d63837fa13ac8666eb9e74e0985d6f81","name":"Luzimara Fernandes","image":{"@type":"ImageObject","inLanguage":"pt-BR","@id":"https:\/\/jornalfatosenoticias.com.br\/#\/schema\/person\/image\/","url":"https:\/\/jornalfatosenoticias.com.br\/wp-content\/uploads\/2025\/05\/EU_portal.jpg","contentUrl":"https:\/\/jornalfatosenoticias.com.br\/wp-content\/uploads\/2025\/05\/EU_portal.jpg","caption":"Luzimara Fernandes"},"description":"Jornalista MTB 2358-ES","sameAs":["https:\/\/jornalfatosenoticias.com.br"],"url":"https:\/\/jornalfatosenoticias.com.br\/index.php\/author\/luzimara\/"}]}},"cc_featured_image_caption":{"caption_text":"Cherchen Man (Foto: Divulga\u00e7\u00e3o)\r\n","source_text":"","source_url":""},"jetpack_featured_media_url":"https:\/\/jornalfatosenoticias.com.br\/wp-content\/uploads\/2020\/06\/o-homem-cherchen_capa.jpg","_links":{"self":[{"href":"https:\/\/jornalfatosenoticias.com.br\/index.php\/wp-json\/wp\/v2\/posts\/5556","targetHints":{"allow":["GET"]}}],"collection":[{"href":"https:\/\/jornalfatosenoticias.com.br\/index.php\/wp-json\/wp\/v2\/posts"}],"about":[{"href":"https:\/\/jornalfatosenoticias.com.br\/index.php\/wp-json\/wp\/v2\/types\/post"}],"author":[{"embeddable":true,"href":"https:\/\/jornalfatosenoticias.com.br\/index.php\/wp-json\/wp\/v2\/users\/2"}],"replies":[{"embeddable":true,"href":"https:\/\/jornalfatosenoticias.com.br\/index.php\/wp-json\/wp\/v2\/comments?post=5556"}],"version-history":[{"count":0,"href":"https:\/\/jornalfatosenoticias.com.br\/index.php\/wp-json\/wp\/v2\/posts\/5556\/revisions"}],"wp:featuredmedia":[{"embeddable":true,"href":"https:\/\/jornalfatosenoticias.com.br\/index.php\/wp-json\/wp\/v2\/media\/5560"}],"wp:attachment":[{"href":"https:\/\/jornalfatosenoticias.com.br\/index.php\/wp-json\/wp\/v2\/media?parent=5556"}],"wp:term":[{"taxonomy":"category","embeddable":true,"href":"https:\/\/jornalfatosenoticias.com.br\/index.php\/wp-json\/wp\/v2\/categories?post=5556"},{"taxonomy":"post_tag","embeddable":true,"href":"https:\/\/jornalfatosenoticias.com.br\/index.php\/wp-json\/wp\/v2\/tags?post=5556"}],"curies":[{"name":"wp","href":"https:\/\/api.w.org\/{rel}","templated":true}]}}