{"id":55571,"date":"2024-11-08T12:16:00","date_gmt":"2024-11-08T15:16:00","guid":{"rendered":"https:\/\/jornalfatosenoticias.com.br\/?p=55571"},"modified":"2024-11-08T12:16:02","modified_gmt":"2024-11-08T15:16:02","slug":"estudo-sugere-tempo-e-dosagem-ideal-da-melatonina","status":"publish","type":"post","link":"https:\/\/jornalfatosenoticias.com.br\/index.php\/2024\/11\/08\/estudo-sugere-tempo-e-dosagem-ideal-da-melatonina\/","title":{"rendered":"Estudo sugere tempo e dosagem ideal da melatonina"},"content":{"rendered":"\n<p><em><span class=\"has-inline-color has-black-color\">&#8220;Horm\u00f4nio do sono&#8221; \u00e9 produzido naturalmente pelo corpo, mas tamb\u00e9m existem rem\u00e9dios; ela teve a venda liberada no Brasil em 2021 pela Anvisa<\/span><\/em><\/p>\n\n\n\n<p><span class=\"has-inline-color has-black-color\">Por <strong><a href=\"https:\/\/olhardigital.com.br\/author\/bob-furuya\/\">Bob Furuya<\/a><\/strong><\/span><\/p>\n\n\n\n<div class=\"wp-block-image\"><figure class=\"aligncenter size-large\"><a href=\"https:\/\/mizu.com.br\/\"><img loading=\"lazy\" decoding=\"async\" width=\"729\" height=\"90\" src=\"https:\/\/jornalfatosenoticias.com.br\/wp-content\/uploads\/2020\/02\/Logo_Mizu.png\" alt=\"\" class=\"wp-image-1441\" srcset=\"https:\/\/jornalfatosenoticias.com.br\/wp-content\/uploads\/2020\/02\/Logo_Mizu.png 729w, https:\/\/jornalfatosenoticias.com.br\/wp-content\/uploads\/2020\/02\/Logo_Mizu-300x37.png 300w\" sizes=\"auto, (max-width: 729px) 100vw, 729px\" \/><\/a><\/figure><\/div>\n\n\n\n<p>Uma rotina estressante, <a href=\"https:\/\/olhardigital.com.br\/tag\/depressao\/\" target=\"_blank\" rel=\"noreferrer noopener\"><strong>depress\u00e3o<\/strong><\/a>,\u00a0<a href=\"https:\/\/olhardigital.com.br\/tag\/ansiedade\/\" target=\"_blank\" rel=\"noreferrer noopener\"><strong>ansiedade<\/strong><\/a>, dist\u00farbios hormonais, alimenta\u00e7\u00e3o sem equil\u00edbrio, barulhos muito altos, ingest\u00e3o de muito caf\u00e9 ou \u00e1lcool, v\u00edcio em s\u00e9ries ou games, jet lag\u2026 Voc\u00ea pode ter dificuldades em\u00a0<strong><a href=\"https:\/\/olhardigital.com.br\/tag\/dormir\/\" target=\"_blank\" rel=\"noreferrer noopener\">dormir<\/a> <\/strong>por qualquer um desses motivos.<br>Segundo a <strong><a href=\"https:\/\/sindusfarma.org.br\/noticias\/empresas-foco\/exibir\/20472-73-milhoes-de-brasileiros-convivem-com-insonia\" target=\"_blank\" rel=\"noreferrer noopener\">Associa\u00e7\u00e3o Brasileira do Sono<\/a>,<\/strong> cerca de 73 milh\u00f5es de brasileiros sofrem ou j\u00e1 sofreram com\u00a0<strong><a href=\"https:\/\/olhardigital.com.br\/tag\/insonia\/\" target=\"_blank\" rel=\"noreferrer noopener\">ins\u00f4nia<\/a>,<\/strong> que pode ser aguda ou cr\u00f4nica. Em muitos casos, mudan\u00e7as no estilo de vida podem ser suficientes para tratar a doen\u00e7a. Em outros, por\u00e9m, \u00e9 preciso entrar com algum medicamento.<\/p>\n\n\n\n<div class=\"wp-block-image\"><figure class=\"aligncenter size-large is-resized\"><a href=\"https:\/\/www.instagram.com\/esteiochurrascaria\/\"><img loading=\"lazy\" decoding=\"async\" src=\"https:\/\/jornalfatosenoticias.com.br\/wp-content\/uploads\/2022\/02\/LOGO-ESTEIO-1024x730.png\" alt=\"\" class=\"wp-image-27942\" width=\"327\" height=\"233\" srcset=\"https:\/\/jornalfatosenoticias.com.br\/wp-content\/uploads\/2022\/02\/LOGO-ESTEIO-1024x730.png 1024w, https:\/\/jornalfatosenoticias.com.br\/wp-content\/uploads\/2022\/02\/LOGO-ESTEIO-300x214.png 300w, https:\/\/jornalfatosenoticias.com.br\/wp-content\/uploads\/2022\/02\/LOGO-ESTEIO-768x548.png 768w, https:\/\/jornalfatosenoticias.com.br\/wp-content\/uploads\/2022\/02\/LOGO-ESTEIO.png 1123w\" sizes=\"auto, (max-width: 327px) 100vw, 327px\" \/><\/a><\/figure><\/div>\n\n\n\n<p>Voc\u00ea j\u00e1 deve ter ouvido falar no Zolpidem ou no Rivotril. A subst\u00e2ncia mais popular hoje, no entanto, \u00e9 um horm\u00f4nio produzido pelo nosso pr\u00f3prio corpo. A melatonina teve a venda liberada aqui no pa\u00eds em 2021 pela Ag\u00eancia Nacional de Vigil\u00e2ncia Sanit\u00e1ria (<strong><a href=\"https:\/\/olhardigital.com.br\/tag\/anvisa\/\" target=\"_blank\" rel=\"noreferrer noopener\">Anvisa<\/a><\/strong>).<\/p>\n\n\n\n<div class=\"wp-block-image\"><figure class=\"aligncenter size-large is-resized\"><a href=\"https:\/\/www.facebook.com\/postobkr\/?locale=pt_BR\"><img loading=\"lazy\" decoding=\"async\" src=\"https:\/\/jornalfatosenoticias.com.br\/wp-content\/uploads\/2023\/08\/BKR-1024x1021.jpg\" alt=\"\" class=\"wp-image-44494\" width=\"321\" height=\"320\" srcset=\"https:\/\/jornalfatosenoticias.com.br\/wp-content\/uploads\/2023\/08\/BKR-1024x1021.jpg 1024w, https:\/\/jornalfatosenoticias.com.br\/wp-content\/uploads\/2023\/08\/BKR-300x300.jpg 300w, https:\/\/jornalfatosenoticias.com.br\/wp-content\/uploads\/2023\/08\/BKR-150x150.jpg 150w, https:\/\/jornalfatosenoticias.com.br\/wp-content\/uploads\/2023\/08\/BKR-768x766.jpg 768w, https:\/\/jornalfatosenoticias.com.br\/wp-content\/uploads\/2023\/08\/BKR.jpg 1080w\" sizes=\"auto, (max-width: 321px) 100vw, 321px\" \/><\/a><\/figure><\/div>\n\n\n\n<p>Apesar dela aparecer como um suplemento alimentar e n\u00e3o precisar de prescri\u00e7\u00e3o m\u00e9dica, os especialistas n\u00e3o recomendam o uso indiscriminado. A ideia \u00e9 que voc\u00ea consulte um profissional antes de tom\u00e1-la \u2014 ou tomar qualquer um desses medicamentos. As informa\u00e7\u00f5es s\u00e3o do <strong><a href=\"https:\/\/newatlas.com\/sleep\/melatonin-dosage-timing\/\" target=\"_blank\" rel=\"noreferrer noopener\">New Atlas<\/a>.<\/strong><\/p>\n\n\n\n<div class=\"wp-block-image\"><figure class=\"aligncenter size-large is-resized\"><a href=\"https:\/\/www.instagram.com\/restaurantepegoretti\/\"><img loading=\"lazy\" decoding=\"async\" src=\"https:\/\/jornalfatosenoticias.com.br\/wp-content\/uploads\/2023\/12\/pegoretti-logo-pdf-1024x389.jpg\" alt=\"\" class=\"wp-image-47536\" width=\"448\" height=\"170\" srcset=\"https:\/\/jornalfatosenoticias.com.br\/wp-content\/uploads\/2023\/12\/pegoretti-logo-pdf-1024x389.jpg 1024w, https:\/\/jornalfatosenoticias.com.br\/wp-content\/uploads\/2023\/12\/pegoretti-logo-pdf-300x114.jpg 300w, https:\/\/jornalfatosenoticias.com.br\/wp-content\/uploads\/2023\/12\/pegoretti-logo-pdf-768x291.jpg 768w, https:\/\/jornalfatosenoticias.com.br\/wp-content\/uploads\/2023\/12\/pegoretti-logo-pdf.jpg 1120w\" sizes=\"auto, (max-width: 448px) 100vw, 448px\" \/><\/a><\/figure><\/div>\n\n\n\n<p><strong><span class=\"has-inline-color has-vivid-purple-color\">Um pouco mais sobre a melatonina<br><\/span><\/strong>A melatonina \u00e9 um horm\u00f4nio produzido pela gl\u00e2ndula pineal, uma estrutura que fica bem no centro do nosso c\u00e9rebro. A escurid\u00e3o faz com que essa gl\u00e2ndula comece a produzir melatonina, enquanto a luz faz com que essa produ\u00e7\u00e3o pare.<br>A subst\u00e2ncia come\u00e7a a se acumular em nossos sistemas logo ap\u00f3s o p\u00f4r do sol, atinge o pico pr\u00f3ximo ao amanhecer e diminui durante as horas do dia. <\/p>\n\n\n\n<div class=\"wp-block-image\"><figure class=\"aligncenter size-large is-resized\"><a href=\"https:\/\/www.instagram.com\/ligadossaborespizzaria\/\"><img loading=\"lazy\" decoding=\"async\" src=\"https:\/\/jornalfatosenoticias.com.br\/wp-content\/uploads\/2020\/02\/WhatsApp-Image-2024-10-02-at-08.18.14-819x1024.jpeg\" alt=\"\" class=\"wp-image-54612\" width=\"276\" height=\"345\" srcset=\"https:\/\/jornalfatosenoticias.com.br\/wp-content\/uploads\/2020\/02\/WhatsApp-Image-2024-10-02-at-08.18.14-819x1024.jpeg 819w, https:\/\/jornalfatosenoticias.com.br\/wp-content\/uploads\/2020\/02\/WhatsApp-Image-2024-10-02-at-08.18.14-240x300.jpeg 240w, https:\/\/jornalfatosenoticias.com.br\/wp-content\/uploads\/2020\/02\/WhatsApp-Image-2024-10-02-at-08.18.14-768x960.jpeg 768w, https:\/\/jornalfatosenoticias.com.br\/wp-content\/uploads\/2020\/02\/WhatsApp-Image-2024-10-02-at-08.18.14.jpeg 1024w\" sizes=\"auto, (max-width: 276px) 100vw, 276px\" \/><\/a><\/figure><\/div>\n\n\n\n<p>\u00c0 medida que a melatonina inunda nosso c\u00e9rebro, ela cria uma sensa\u00e7\u00e3o de relaxamento, pois atua em receptores que come\u00e7am a nos preparar para uma boa noite de sono. Mas produzimos apenas quantidades min\u00fasculas do horm\u00f4nio, o que levou as pessoas a procurarem os suplementos de farm\u00e1cia.<br>Agora, existem algumas medidas que ajudam a melhorar a produ\u00e7\u00e3o natural do pr\u00f3prio corpo. <\/p>\n\n\n\n<div class=\"wp-block-image\"><figure class=\"aligncenter size-large is-resized\"><a href=\"https:\/\/hotelmarquetti.com.br\/\"><img loading=\"lazy\" decoding=\"async\" src=\"https:\/\/jornalfatosenoticias.com.br\/wp-content\/uploads\/2023\/03\/nova-logo-Marquetti.jpg\" alt=\"\" class=\"wp-image-40207\" width=\"328\" height=\"220\" srcset=\"https:\/\/jornalfatosenoticias.com.br\/wp-content\/uploads\/2023\/03\/nova-logo-Marquetti.jpg 643w, https:\/\/jornalfatosenoticias.com.br\/wp-content\/uploads\/2023\/03\/nova-logo-Marquetti-300x202.jpg 300w\" sizes=\"auto, (max-width: 328px) 100vw, 328px\" \/><\/a><\/figure><\/div>\n\n\n\n<p>Os m\u00e9dicos recomendam que voc\u00ea se exponha \u00e0 luz solar durante o dia e que evite telas iluminadas (principalmente as azuis) antes de dormir. Estamos falando de <strong><a href=\"https:\/\/olhardigital.com.br\/tag\/celulares\/\" target=\"_blank\" rel=\"noreferrer noopener\">celulares<\/a>,<\/strong>\u00a0<a href=\"https:\/\/olhardigital.com.br\/tag\/tablets\/\" target=\"_blank\" rel=\"noreferrer noopener\"><strong>tablets<\/strong><\/a> e computadores. Na outra ponta, existem tamb\u00e9m alguns fatores que podem interferir e at\u00e9 bloquear a produ\u00e7\u00e3o da melatonina: essa luz artificial durante a noite, os rem\u00e9dios tomados de forma irrespons\u00e1vel e a idade, pois a produ\u00e7\u00e3o de melatonina cai com o passar dos anos.<\/p>\n\n\n\n<div class=\"wp-block-image\"><figure class=\"aligncenter size-large is-resized\"><a href=\"https:\/\/www.ithbrasil.com.br\/\"><img loading=\"lazy\" decoding=\"async\" src=\"https:\/\/jornalfatosenoticias.com.br\/wp-content\/uploads\/2023\/08\/ITH.jpeg\" alt=\"\" class=\"wp-image-44638\" width=\"307\" height=\"249\" srcset=\"https:\/\/jornalfatosenoticias.com.br\/wp-content\/uploads\/2023\/08\/ITH.jpeg 800w, https:\/\/jornalfatosenoticias.com.br\/wp-content\/uploads\/2023\/08\/ITH-300x244.jpeg 300w, https:\/\/jornalfatosenoticias.com.br\/wp-content\/uploads\/2023\/08\/ITH-768x624.jpeg 768w\" sizes=\"auto, (max-width: 307px) 100vw, 307px\" \/><\/a><\/figure><\/div>\n\n\n\n<p><strong><em>Fonte: <a href=\"https:\/\/olhardigital.com.br\/2024\/11\/04\/medicina-e-saude\/adeus-insonia-estudo-sugere-tempo-e-dosagem-ideal-da-melatonina\/\">Olhar Digital<\/a><\/em><\/strong><\/p>\n","protected":false},"excerpt":{"rendered":"<p>&#8220;Horm\u00f4nio do sono&#8221; \u00e9 produzido naturalmente pelo corpo, mas tamb\u00e9m existem rem\u00e9dios; ela teve a venda liberada no Brasil em 2021 pela Anvisa Por Bob Furuya Uma rotina estressante, depress\u00e3o,\u00a0ansiedade, dist\u00farbios hormonais, alimenta\u00e7\u00e3o sem equil\u00edbrio, barulhos muito altos, ingest\u00e3o de muito caf\u00e9 ou \u00e1lcool, v\u00edcio em s\u00e9ries ou games, jet lag\u2026 Voc\u00ea pode ter dificuldades [&hellip;]<\/p>\n","protected":false},"author":2,"featured_media":55572,"comment_status":"open","ping_status":"open","sticky":false,"template":"","format":"standard","meta":{"footnotes":""},"categories":[42],"tags":[2279,2375,25342,3028,5747,636,13516,1138],"class_list":["post-55571","post","type-post","status-publish","format-standard","has-post-thumbnail","hentry","category-bem-estar","tag-ansiedade","tag-depressao","tag-disturbios-hormonais","tag-dormir","tag-hormonios","tag-insonia","tag-melatonina","tag-sono"],"yoast_head":"<!-- This site is optimized with the Yoast SEO plugin v26.5 - https:\/\/yoast.com\/wordpress\/plugins\/seo\/ -->\n<title>Estudo sugere tempo e dosagem ideal da melatonina - Jornal Fatos e Not\u00edcias<\/title>\n<meta name=\"robots\" content=\"index, follow, max-snippet:-1, max-image-preview:large, max-video-preview:-1\" \/>\n<link rel=\"canonical\" href=\"https:\/\/jornalfatosenoticias.com.br\/index.php\/2024\/11\/08\/estudo-sugere-tempo-e-dosagem-ideal-da-melatonina\/\" \/>\n<meta property=\"og:locale\" content=\"pt_BR\" \/>\n<meta property=\"og:type\" content=\"article\" \/>\n<meta property=\"og:title\" content=\"Estudo sugere tempo e dosagem ideal da melatonina - Jornal Fatos e Not\u00edcias\" \/>\n<meta property=\"og:description\" content=\"&#8220;Horm\u00f4nio do sono&#8221; \u00e9 produzido naturalmente pelo corpo, mas tamb\u00e9m existem rem\u00e9dios; ela teve a venda liberada no Brasil em 2021 pela Anvisa Por Bob Furuya Uma rotina estressante, depress\u00e3o,\u00a0ansiedade, dist\u00farbios hormonais, alimenta\u00e7\u00e3o sem equil\u00edbrio, barulhos muito altos, ingest\u00e3o de muito caf\u00e9 ou \u00e1lcool, v\u00edcio em s\u00e9ries ou games, jet lag\u2026 Voc\u00ea pode ter dificuldades [&hellip;]\" \/>\n<meta property=\"og:url\" content=\"https:\/\/jornalfatosenoticias.com.br\/index.php\/2024\/11\/08\/estudo-sugere-tempo-e-dosagem-ideal-da-melatonina\/\" \/>\n<meta property=\"og:site_name\" content=\"Jornal Fatos e Not\u00edcias\" \/>\n<meta property=\"article:published_time\" content=\"2024-11-08T15:16:00+00:00\" \/>\n<meta property=\"article:modified_time\" content=\"2024-11-08T15:16:02+00:00\" \/>\n<meta property=\"og:image\" content=\"https:\/\/jornalfatosenoticias.com.br\/wp-content\/uploads\/2024\/11\/dormir-bem_istock.jpg\" \/>\n\t<meta property=\"og:image:width\" content=\"612\" \/>\n\t<meta property=\"og:image:height\" content=\"408\" \/>\n\t<meta property=\"og:image:type\" content=\"image\/jpeg\" \/>\n<meta name=\"author\" content=\"Luzimara Fernandes\" \/>\n<meta name=\"twitter:card\" content=\"summary_large_image\" \/>\n<meta name=\"twitter:label1\" content=\"Escrito por\" \/>\n\t<meta name=\"twitter:data1\" content=\"Luzimara Fernandes\" \/>\n\t<meta name=\"twitter:label2\" content=\"Est. tempo de leitura\" \/>\n\t<meta name=\"twitter:data2\" content=\"2 minutos\" \/>\n<script type=\"application\/ld+json\" class=\"yoast-schema-graph\">{\"@context\":\"https:\/\/schema.org\",\"@graph\":[{\"@type\":\"Article\",\"@id\":\"https:\/\/jornalfatosenoticias.com.br\/index.php\/2024\/11\/08\/estudo-sugere-tempo-e-dosagem-ideal-da-melatonina\/#article\",\"isPartOf\":{\"@id\":\"https:\/\/jornalfatosenoticias.com.br\/index.php\/2024\/11\/08\/estudo-sugere-tempo-e-dosagem-ideal-da-melatonina\/\"},\"author\":{\"name\":\"Luzimara Fernandes\",\"@id\":\"https:\/\/jornalfatosenoticias.com.br\/#\/schema\/person\/d63837fa13ac8666eb9e74e0985d6f81\"},\"headline\":\"Estudo sugere tempo e dosagem ideal da melatonina\",\"datePublished\":\"2024-11-08T15:16:00+00:00\",\"dateModified\":\"2024-11-08T15:16:02+00:00\",\"mainEntityOfPage\":{\"@id\":\"https:\/\/jornalfatosenoticias.com.br\/index.php\/2024\/11\/08\/estudo-sugere-tempo-e-dosagem-ideal-da-melatonina\/\"},\"wordCount\":463,\"commentCount\":0,\"publisher\":{\"@id\":\"https:\/\/jornalfatosenoticias.com.br\/#organization\"},\"image\":{\"@id\":\"https:\/\/jornalfatosenoticias.com.br\/index.php\/2024\/11\/08\/estudo-sugere-tempo-e-dosagem-ideal-da-melatonina\/#primaryimage\"},\"thumbnailUrl\":\"https:\/\/jornalfatosenoticias.com.br\/wp-content\/uploads\/2024\/11\/dormir-bem_istock.jpg\",\"keywords\":[\"ansiedade\",\"depress\u00e3o\",\"dist\u00farbios hormonais\",\"dormir\",\"horm\u00f4nios\",\"ins\u00f4nia\",\"melatonina\",\"sono\"],\"articleSection\":[\"Bem-estar\"],\"inLanguage\":\"pt-BR\",\"potentialAction\":[{\"@type\":\"CommentAction\",\"name\":\"Comment\",\"target\":[\"https:\/\/jornalfatosenoticias.com.br\/index.php\/2024\/11\/08\/estudo-sugere-tempo-e-dosagem-ideal-da-melatonina\/#respond\"]}]},{\"@type\":\"WebPage\",\"@id\":\"https:\/\/jornalfatosenoticias.com.br\/index.php\/2024\/11\/08\/estudo-sugere-tempo-e-dosagem-ideal-da-melatonina\/\",\"url\":\"https:\/\/jornalfatosenoticias.com.br\/index.php\/2024\/11\/08\/estudo-sugere-tempo-e-dosagem-ideal-da-melatonina\/\",\"name\":\"Estudo sugere tempo e dosagem ideal da melatonina - Jornal Fatos e Not\u00edcias\",\"isPartOf\":{\"@id\":\"https:\/\/jornalfatosenoticias.com.br\/#website\"},\"primaryImageOfPage\":{\"@id\":\"https:\/\/jornalfatosenoticias.com.br\/index.php\/2024\/11\/08\/estudo-sugere-tempo-e-dosagem-ideal-da-melatonina\/#primaryimage\"},\"image\":{\"@id\":\"https:\/\/jornalfatosenoticias.com.br\/index.php\/2024\/11\/08\/estudo-sugere-tempo-e-dosagem-ideal-da-melatonina\/#primaryimage\"},\"thumbnailUrl\":\"https:\/\/jornalfatosenoticias.com.br\/wp-content\/uploads\/2024\/11\/dormir-bem_istock.jpg\",\"datePublished\":\"2024-11-08T15:16:00+00:00\",\"dateModified\":\"2024-11-08T15:16:02+00:00\",\"breadcrumb\":{\"@id\":\"https:\/\/jornalfatosenoticias.com.br\/index.php\/2024\/11\/08\/estudo-sugere-tempo-e-dosagem-ideal-da-melatonina\/#breadcrumb\"},\"inLanguage\":\"pt-BR\",\"potentialAction\":[{\"@type\":\"ReadAction\",\"target\":[\"https:\/\/jornalfatosenoticias.com.br\/index.php\/2024\/11\/08\/estudo-sugere-tempo-e-dosagem-ideal-da-melatonina\/\"]}]},{\"@type\":\"ImageObject\",\"inLanguage\":\"pt-BR\",\"@id\":\"https:\/\/jornalfatosenoticias.com.br\/index.php\/2024\/11\/08\/estudo-sugere-tempo-e-dosagem-ideal-da-melatonina\/#primaryimage\",\"url\":\"https:\/\/jornalfatosenoticias.com.br\/wp-content\/uploads\/2024\/11\/dormir-bem_istock.jpg\",\"contentUrl\":\"https:\/\/jornalfatosenoticias.com.br\/wp-content\/uploads\/2024\/11\/dormir-bem_istock.jpg\",\"width\":612,\"height\":408,\"caption\":\"teenager sleeping in bed\"},{\"@type\":\"BreadcrumbList\",\"@id\":\"https:\/\/jornalfatosenoticias.com.br\/index.php\/2024\/11\/08\/estudo-sugere-tempo-e-dosagem-ideal-da-melatonina\/#breadcrumb\",\"itemListElement\":[{\"@type\":\"ListItem\",\"position\":1,\"name\":\"In\u00edcio\",\"item\":\"https:\/\/jornalfatosenoticias.com.br\/\"},{\"@type\":\"ListItem\",\"position\":2,\"name\":\"Estudo sugere tempo e dosagem ideal da melatonina\"}]},{\"@type\":\"WebSite\",\"@id\":\"https:\/\/jornalfatosenoticias.com.br\/#website\",\"url\":\"https:\/\/jornalfatosenoticias.com.br\/\",\"name\":\"Jornal Fatos e Not\u00edcias\",\"description\":\"Not\u00edcias em geral\",\"publisher\":{\"@id\":\"https:\/\/jornalfatosenoticias.com.br\/#organization\"},\"potentialAction\":[{\"@type\":\"SearchAction\",\"target\":{\"@type\":\"EntryPoint\",\"urlTemplate\":\"https:\/\/jornalfatosenoticias.com.br\/?s={search_term_string}\"},\"query-input\":{\"@type\":\"PropertyValueSpecification\",\"valueRequired\":true,\"valueName\":\"search_term_string\"}}],\"inLanguage\":\"pt-BR\"},{\"@type\":\"Organization\",\"@id\":\"https:\/\/jornalfatosenoticias.com.br\/#organization\",\"name\":\"Jornal Fatos e Not\u00edcias\",\"url\":\"https:\/\/jornalfatosenoticias.com.br\/\",\"logo\":{\"@type\":\"ImageObject\",\"inLanguage\":\"pt-BR\",\"@id\":\"https:\/\/jornalfatosenoticias.com.br\/#\/schema\/logo\/image\/\",\"url\":\"https:\/\/jornalfatosenoticias.com.br\/wp-content\/uploads\/2020\/02\/logo120.png\",\"contentUrl\":\"https:\/\/jornalfatosenoticias.com.br\/wp-content\/uploads\/2020\/02\/logo120.png\",\"width\":1227,\"height\":120,\"caption\":\"Jornal Fatos e Not\u00edcias\"},\"image\":{\"@id\":\"https:\/\/jornalfatosenoticias.com.br\/#\/schema\/logo\/image\/\"}},{\"@type\":\"Person\",\"@id\":\"https:\/\/jornalfatosenoticias.com.br\/#\/schema\/person\/d63837fa13ac8666eb9e74e0985d6f81\",\"name\":\"Luzimara Fernandes\",\"image\":{\"@type\":\"ImageObject\",\"inLanguage\":\"pt-BR\",\"@id\":\"https:\/\/jornalfatosenoticias.com.br\/#\/schema\/person\/image\/\",\"url\":\"https:\/\/jornalfatosenoticias.com.br\/wp-content\/uploads\/2025\/05\/EU_portal.jpg\",\"contentUrl\":\"https:\/\/jornalfatosenoticias.com.br\/wp-content\/uploads\/2025\/05\/EU_portal.jpg\",\"caption\":\"Luzimara Fernandes\"},\"description\":\"Jornalista MTB 2358-ES\",\"sameAs\":[\"https:\/\/jornalfatosenoticias.com.br\"],\"url\":\"https:\/\/jornalfatosenoticias.com.br\/index.php\/author\/luzimara\/\"}]}<\/script>\n<!-- \/ Yoast SEO plugin. -->","yoast_head_json":{"title":"Estudo sugere tempo e dosagem ideal da melatonina - Jornal Fatos e Not\u00edcias","robots":{"index":"index","follow":"follow","max-snippet":"max-snippet:-1","max-image-preview":"max-image-preview:large","max-video-preview":"max-video-preview:-1"},"canonical":"https:\/\/jornalfatosenoticias.com.br\/index.php\/2024\/11\/08\/estudo-sugere-tempo-e-dosagem-ideal-da-melatonina\/","og_locale":"pt_BR","og_type":"article","og_title":"Estudo sugere tempo e dosagem ideal da melatonina - Jornal Fatos e Not\u00edcias","og_description":"&#8220;Horm\u00f4nio do sono&#8221; \u00e9 produzido naturalmente pelo corpo, mas tamb\u00e9m existem rem\u00e9dios; ela teve a venda liberada no Brasil em 2021 pela Anvisa Por Bob Furuya Uma rotina estressante, depress\u00e3o,\u00a0ansiedade, dist\u00farbios hormonais, alimenta\u00e7\u00e3o sem equil\u00edbrio, barulhos muito altos, ingest\u00e3o de muito caf\u00e9 ou \u00e1lcool, v\u00edcio em s\u00e9ries ou games, jet lag\u2026 Voc\u00ea pode ter dificuldades [&hellip;]","og_url":"https:\/\/jornalfatosenoticias.com.br\/index.php\/2024\/11\/08\/estudo-sugere-tempo-e-dosagem-ideal-da-melatonina\/","og_site_name":"Jornal Fatos e Not\u00edcias","article_published_time":"2024-11-08T15:16:00+00:00","article_modified_time":"2024-11-08T15:16:02+00:00","og_image":[{"width":612,"height":408,"url":"https:\/\/jornalfatosenoticias.com.br\/wp-content\/uploads\/2024\/11\/dormir-bem_istock.jpg","type":"image\/jpeg"}],"author":"Luzimara Fernandes","twitter_card":"summary_large_image","twitter_misc":{"Escrito por":"Luzimara Fernandes","Est. tempo de leitura":"2 minutos"},"schema":{"@context":"https:\/\/schema.org","@graph":[{"@type":"Article","@id":"https:\/\/jornalfatosenoticias.com.br\/index.php\/2024\/11\/08\/estudo-sugere-tempo-e-dosagem-ideal-da-melatonina\/#article","isPartOf":{"@id":"https:\/\/jornalfatosenoticias.com.br\/index.php\/2024\/11\/08\/estudo-sugere-tempo-e-dosagem-ideal-da-melatonina\/"},"author":{"name":"Luzimara Fernandes","@id":"https:\/\/jornalfatosenoticias.com.br\/#\/schema\/person\/d63837fa13ac8666eb9e74e0985d6f81"},"headline":"Estudo sugere tempo e dosagem ideal da melatonina","datePublished":"2024-11-08T15:16:00+00:00","dateModified":"2024-11-08T15:16:02+00:00","mainEntityOfPage":{"@id":"https:\/\/jornalfatosenoticias.com.br\/index.php\/2024\/11\/08\/estudo-sugere-tempo-e-dosagem-ideal-da-melatonina\/"},"wordCount":463,"commentCount":0,"publisher":{"@id":"https:\/\/jornalfatosenoticias.com.br\/#organization"},"image":{"@id":"https:\/\/jornalfatosenoticias.com.br\/index.php\/2024\/11\/08\/estudo-sugere-tempo-e-dosagem-ideal-da-melatonina\/#primaryimage"},"thumbnailUrl":"https:\/\/jornalfatosenoticias.com.br\/wp-content\/uploads\/2024\/11\/dormir-bem_istock.jpg","keywords":["ansiedade","depress\u00e3o","dist\u00farbios hormonais","dormir","horm\u00f4nios","ins\u00f4nia","melatonina","sono"],"articleSection":["Bem-estar"],"inLanguage":"pt-BR","potentialAction":[{"@type":"CommentAction","name":"Comment","target":["https:\/\/jornalfatosenoticias.com.br\/index.php\/2024\/11\/08\/estudo-sugere-tempo-e-dosagem-ideal-da-melatonina\/#respond"]}]},{"@type":"WebPage","@id":"https:\/\/jornalfatosenoticias.com.br\/index.php\/2024\/11\/08\/estudo-sugere-tempo-e-dosagem-ideal-da-melatonina\/","url":"https:\/\/jornalfatosenoticias.com.br\/index.php\/2024\/11\/08\/estudo-sugere-tempo-e-dosagem-ideal-da-melatonina\/","name":"Estudo sugere tempo e dosagem ideal da melatonina - Jornal Fatos e Not\u00edcias","isPartOf":{"@id":"https:\/\/jornalfatosenoticias.com.br\/#website"},"primaryImageOfPage":{"@id":"https:\/\/jornalfatosenoticias.com.br\/index.php\/2024\/11\/08\/estudo-sugere-tempo-e-dosagem-ideal-da-melatonina\/#primaryimage"},"image":{"@id":"https:\/\/jornalfatosenoticias.com.br\/index.php\/2024\/11\/08\/estudo-sugere-tempo-e-dosagem-ideal-da-melatonina\/#primaryimage"},"thumbnailUrl":"https:\/\/jornalfatosenoticias.com.br\/wp-content\/uploads\/2024\/11\/dormir-bem_istock.jpg","datePublished":"2024-11-08T15:16:00+00:00","dateModified":"2024-11-08T15:16:02+00:00","breadcrumb":{"@id":"https:\/\/jornalfatosenoticias.com.br\/index.php\/2024\/11\/08\/estudo-sugere-tempo-e-dosagem-ideal-da-melatonina\/#breadcrumb"},"inLanguage":"pt-BR","potentialAction":[{"@type":"ReadAction","target":["https:\/\/jornalfatosenoticias.com.br\/index.php\/2024\/11\/08\/estudo-sugere-tempo-e-dosagem-ideal-da-melatonina\/"]}]},{"@type":"ImageObject","inLanguage":"pt-BR","@id":"https:\/\/jornalfatosenoticias.com.br\/index.php\/2024\/11\/08\/estudo-sugere-tempo-e-dosagem-ideal-da-melatonina\/#primaryimage","url":"https:\/\/jornalfatosenoticias.com.br\/wp-content\/uploads\/2024\/11\/dormir-bem_istock.jpg","contentUrl":"https:\/\/jornalfatosenoticias.com.br\/wp-content\/uploads\/2024\/11\/dormir-bem_istock.jpg","width":612,"height":408,"caption":"teenager sleeping in bed"},{"@type":"BreadcrumbList","@id":"https:\/\/jornalfatosenoticias.com.br\/index.php\/2024\/11\/08\/estudo-sugere-tempo-e-dosagem-ideal-da-melatonina\/#breadcrumb","itemListElement":[{"@type":"ListItem","position":1,"name":"In\u00edcio","item":"https:\/\/jornalfatosenoticias.com.br\/"},{"@type":"ListItem","position":2,"name":"Estudo sugere tempo e dosagem ideal da melatonina"}]},{"@type":"WebSite","@id":"https:\/\/jornalfatosenoticias.com.br\/#website","url":"https:\/\/jornalfatosenoticias.com.br\/","name":"Jornal Fatos e Not\u00edcias","description":"Not\u00edcias em geral","publisher":{"@id":"https:\/\/jornalfatosenoticias.com.br\/#organization"},"potentialAction":[{"@type":"SearchAction","target":{"@type":"EntryPoint","urlTemplate":"https:\/\/jornalfatosenoticias.com.br\/?s={search_term_string}"},"query-input":{"@type":"PropertyValueSpecification","valueRequired":true,"valueName":"search_term_string"}}],"inLanguage":"pt-BR"},{"@type":"Organization","@id":"https:\/\/jornalfatosenoticias.com.br\/#organization","name":"Jornal Fatos e Not\u00edcias","url":"https:\/\/jornalfatosenoticias.com.br\/","logo":{"@type":"ImageObject","inLanguage":"pt-BR","@id":"https:\/\/jornalfatosenoticias.com.br\/#\/schema\/logo\/image\/","url":"https:\/\/jornalfatosenoticias.com.br\/wp-content\/uploads\/2020\/02\/logo120.png","contentUrl":"https:\/\/jornalfatosenoticias.com.br\/wp-content\/uploads\/2020\/02\/logo120.png","width":1227,"height":120,"caption":"Jornal Fatos e Not\u00edcias"},"image":{"@id":"https:\/\/jornalfatosenoticias.com.br\/#\/schema\/logo\/image\/"}},{"@type":"Person","@id":"https:\/\/jornalfatosenoticias.com.br\/#\/schema\/person\/d63837fa13ac8666eb9e74e0985d6f81","name":"Luzimara Fernandes","image":{"@type":"ImageObject","inLanguage":"pt-BR","@id":"https:\/\/jornalfatosenoticias.com.br\/#\/schema\/person\/image\/","url":"https:\/\/jornalfatosenoticias.com.br\/wp-content\/uploads\/2025\/05\/EU_portal.jpg","contentUrl":"https:\/\/jornalfatosenoticias.com.br\/wp-content\/uploads\/2025\/05\/EU_portal.jpg","caption":"Luzimara Fernandes"},"description":"Jornalista MTB 2358-ES","sameAs":["https:\/\/jornalfatosenoticias.com.br"],"url":"https:\/\/jornalfatosenoticias.com.br\/index.php\/author\/luzimara\/"}]}},"cc_featured_image_caption":{"caption_text":"(Foto: iStock) ","source_text":"","source_url":""},"jetpack_featured_media_url":"https:\/\/jornalfatosenoticias.com.br\/wp-content\/uploads\/2024\/11\/dormir-bem_istock.jpg","_links":{"self":[{"href":"https:\/\/jornalfatosenoticias.com.br\/index.php\/wp-json\/wp\/v2\/posts\/55571","targetHints":{"allow":["GET"]}}],"collection":[{"href":"https:\/\/jornalfatosenoticias.com.br\/index.php\/wp-json\/wp\/v2\/posts"}],"about":[{"href":"https:\/\/jornalfatosenoticias.com.br\/index.php\/wp-json\/wp\/v2\/types\/post"}],"author":[{"embeddable":true,"href":"https:\/\/jornalfatosenoticias.com.br\/index.php\/wp-json\/wp\/v2\/users\/2"}],"replies":[{"embeddable":true,"href":"https:\/\/jornalfatosenoticias.com.br\/index.php\/wp-json\/wp\/v2\/comments?post=55571"}],"version-history":[{"count":0,"href":"https:\/\/jornalfatosenoticias.com.br\/index.php\/wp-json\/wp\/v2\/posts\/55571\/revisions"}],"wp:featuredmedia":[{"embeddable":true,"href":"https:\/\/jornalfatosenoticias.com.br\/index.php\/wp-json\/wp\/v2\/media\/55572"}],"wp:attachment":[{"href":"https:\/\/jornalfatosenoticias.com.br\/index.php\/wp-json\/wp\/v2\/media?parent=55571"}],"wp:term":[{"taxonomy":"category","embeddable":true,"href":"https:\/\/jornalfatosenoticias.com.br\/index.php\/wp-json\/wp\/v2\/categories?post=55571"},{"taxonomy":"post_tag","embeddable":true,"href":"https:\/\/jornalfatosenoticias.com.br\/index.php\/wp-json\/wp\/v2\/tags?post=55571"}],"curies":[{"name":"wp","href":"https:\/\/api.w.org\/{rel}","templated":true}]}}