{"id":55581,"date":"2024-11-08T12:34:17","date_gmt":"2024-11-08T15:34:17","guid":{"rendered":"https:\/\/jornalfatosenoticias.com.br\/?p=55581"},"modified":"2024-11-08T12:34:18","modified_gmt":"2024-11-08T15:34:18","slug":"telhado-com-forma-concava-capta-agua-da-chuva-e-refrigera-ambiente","status":"publish","type":"post","link":"https:\/\/jornalfatosenoticias.com.br\/index.php\/2024\/11\/08\/telhado-com-forma-concava-capta-agua-da-chuva-e-refrigera-ambiente\/","title":{"rendered":"Telhado com forma c\u00f4ncava capta \u00e1gua da chuva e refrigera ambiente"},"content":{"rendered":"\n<p><em><span class=\"has-inline-color has-black-color\">Sem o uso de eletricidade, teto c\u00f4ncavo pode melhorar as condi\u00e7\u00f5es de vida de quem vive em regi\u00f5es \u00e1ridas, com pouca chuva e muito calor<\/span><\/em><\/p>\n\n\n\n<p><span class=\"has-inline-color has-black-color\">Por <strong><a href=\"https:\/\/ciclovivo.com.br\/author\/natasha-olsen\/\">Natasha Olsen<\/a><\/strong><\/span><\/p>\n\n\n\n<div class=\"wp-block-image\"><figure class=\"aligncenter size-large\"><a href=\"https:\/\/mizu.com.br\/\"><img loading=\"lazy\" decoding=\"async\" width=\"729\" height=\"90\" src=\"https:\/\/jornalfatosenoticias.com.br\/wp-content\/uploads\/2020\/02\/Logo_Mizu.png\" alt=\"\" class=\"wp-image-1441\" srcset=\"https:\/\/jornalfatosenoticias.com.br\/wp-content\/uploads\/2020\/02\/Logo_Mizu.png 729w, https:\/\/jornalfatosenoticias.com.br\/wp-content\/uploads\/2020\/02\/Logo_Mizu-300x37.png 300w\" sizes=\"auto, (max-width: 729px) 100vw, 729px\" \/><\/a><\/figure><\/div>\n\n\n\n<p>A falta de \u00e1gua e o <a href=\"https:\/\/ciclovivo.com.br\/arq-urb\/urbanismo\/rj-inaugura-parque-com-solucoes-para-amenizar-calor-e-enchentes\/\" target=\"_blank\" rel=\"noreferrer noopener\">clima extremamente quente<\/a> s\u00e3o uma realidade dif\u00edcil em diversas regi\u00f5es do planeta. Uma das maneiras de melhorar as condi\u00e7\u00f5es de vida de quem vive nestes lugares est\u00e1 na arquitetura. Com uma proposta inovadora e ao mesmo tempo bonita, o est\u00fadio BMDesign prop\u00f5e que os telhados em climas \u00e1ridos sejam cobertos por constru\u00e7\u00f5es c\u00f4ncavas, como se fossem grandes tigelas. Os tetos c\u00f4ncavos trazem vantagens est\u00e9ticas e funcionais para as constru\u00e7\u00f5es.<br>Este formato tem fun\u00e7\u00e3o dupla: ao mesmo tempo que \u00e9 mais eficiente para captar \u00e1gua da chuva, tamb\u00e9m ajuda a refrigerar o interior das casas gra\u00e7as \u00e0 sombra e ao vento aproveitado pela forma.<\/p>\n\n\n\n<div class=\"wp-block-image\"><figure class=\"aligncenter size-large\"><img loading=\"lazy\" decoding=\"async\" width=\"1000\" height=\"597\" src=\"https:\/\/jornalfatosenoticias.com.br\/wp-content\/uploads\/2024\/11\/telhados-concavos-2.jpg\" alt=\"\" class=\"wp-image-55582\" srcset=\"https:\/\/jornalfatosenoticias.com.br\/wp-content\/uploads\/2024\/11\/telhados-concavos-2.jpg 1000w, https:\/\/jornalfatosenoticias.com.br\/wp-content\/uploads\/2024\/11\/telhados-concavos-2-300x179.jpg 300w, https:\/\/jornalfatosenoticias.com.br\/wp-content\/uploads\/2024\/11\/telhados-concavos-2-768x458.jpg 768w\" sizes=\"auto, (max-width: 1000px) 100vw, 1000px\" \/><figcaption><em><span class=\"has-inline-color has-black-color\">Sem usar eletricidade, teto c\u00f4ncavo melhora qualidade de vida em regi\u00f5es \u00e1ridas (Foto: BMDesign Studios)<\/span><\/em><\/figcaption><\/figure><\/div>\n\n\n\n<p>O teto c\u00f4ncavo foi especialmente criado para regi\u00f5es onde chove pouco e a <a href=\"https:\/\/ciclovivo.com.br\/inovacao\/inspiracao\/alunos-em-florianopolis-criam-cisterna-para-captar-agua-da-chuva\/\" target=\"_blank\" rel=\"noreferrer noopener\">capta\u00e7\u00e3o da \u00e1gua de chuva<\/a> \u00e9 dificultada pelas altas taxas de evapora\u00e7\u00e3o. Na verdade se trata de um telhado duplo, j\u00e1 que abaixo da \u201ctigela\u201d existe um outro teto, levemente abobadado, com a mesma finalidade, garantindo que toda a \u00e1gua que caia seja aproveitada. Isso porque estes formatos fazem com que as gotas pequenas escorram e se unam em gotas maiores, tornando a evapora\u00e7\u00e3o mais lenta.<\/p>\n\n\n\n<div class=\"wp-block-image\"><figure class=\"aligncenter size-large is-resized\"><a href=\"https:\/\/panper.com.br\/\"><img loading=\"lazy\" decoding=\"async\" src=\"https:\/\/jornalfatosenoticias.com.br\/wp-content\/uploads\/2023\/03\/logo-Panper_portal.jpg\" alt=\"\" class=\"wp-image-40208\" width=\"292\" height=\"202\" srcset=\"https:\/\/jornalfatosenoticias.com.br\/wp-content\/uploads\/2023\/03\/logo-Panper_portal.jpg 400w, https:\/\/jornalfatosenoticias.com.br\/wp-content\/uploads\/2023\/03\/logo-Panper_portal-300x208.jpg 300w\" sizes=\"auto, (max-width: 292px) 100vw, 292px\" \/><\/a><\/figure><\/div>\n\n\n\n<p>O formato c\u00f4ncavo tem ainda a vantagem de gerar uma sombra que se movimenta durante o dia e tem a vantagem de gerar um espa\u00e7o entre os dois telhados por onde o vento passa, otimizando ainda mais a <a href=\"https:\/\/ciclovivo.com.br\/arq-urb\/arquitetura\/sistema-usa-funil-de-argila-para-refrigeracao-natural\/\" target=\"_blank\" rel=\"noreferrer noopener\">refrigera\u00e7\u00e3o natural<\/a>.<br>Depois de captada, a \u00e1gua \u00e9 canalizada em um ponto central de onde vai para um sistema interno de armazenamento. Este sistema fica em espa\u00e7os criados entre as paredes e tamb\u00e9m ajuda no isolamento t\u00e9rmico das constru\u00e7\u00f5es.<\/p>\n\n\n\n<div class=\"wp-block-image\"><figure class=\"aligncenter size-large is-resized\"><a href=\"https:\/\/www.ithbrasil.com.br\/\"><img loading=\"lazy\" decoding=\"async\" src=\"https:\/\/jornalfatosenoticias.com.br\/wp-content\/uploads\/2023\/08\/ITH.jpeg\" alt=\"\" class=\"wp-image-44638\" width=\"284\" height=\"231\" srcset=\"https:\/\/jornalfatosenoticias.com.br\/wp-content\/uploads\/2023\/08\/ITH.jpeg 800w, https:\/\/jornalfatosenoticias.com.br\/wp-content\/uploads\/2023\/08\/ITH-300x244.jpeg 300w, https:\/\/jornalfatosenoticias.com.br\/wp-content\/uploads\/2023\/08\/ITH-768x624.jpeg 768w\" sizes=\"auto, (max-width: 284px) 100vw, 284px\" \/><\/a><\/figure><\/div>\n\n\n\n<p><strong><em>Fonte: <a href=\"https:\/\/ciclovivo.com.br\/arq-urb\/arquitetura\/telhado-com-forma-concava-capta-agua-da-chuva-e-refrigera\/\">CicloVivo<\/a><\/em><\/strong><\/p>\n","protected":false},"excerpt":{"rendered":"<p>Sem o uso de eletricidade, teto c\u00f4ncavo pode melhorar as condi\u00e7\u00f5es de vida de quem vive em regi\u00f5es \u00e1ridas, com pouca chuva e muito calor Por Natasha Olsen A falta de \u00e1gua e o clima extremamente quente s\u00e3o uma realidade dif\u00edcil em diversas regi\u00f5es do planeta. Uma das maneiras de melhorar as condi\u00e7\u00f5es de vida [&hellip;]<\/p>\n","protected":false},"author":2,"featured_media":55583,"comment_status":"open","ping_status":"open","sticky":false,"template":"","format":"standard","meta":{"footnotes":""},"categories":[744],"tags":[6742,7376,368,25348,7440,16623,25349],"class_list":["post-55581","post","type-post","status-publish","format-standard","has-post-thumbnail","hentry","category-arq-urbanismo","tag-arquitetura-bioclimatica","tag-arquitetura-sustentavel","tag-calor","tag-regioes-aridas","tag-telhado-concavo","tag-telhados","tag-teto-concavo"],"yoast_head":"<!-- This site is optimized with the Yoast SEO plugin v26.5 - https:\/\/yoast.com\/wordpress\/plugins\/seo\/ -->\n<title>Telhado com forma c\u00f4ncava capta \u00e1gua da chuva e refrigera ambiente - Jornal Fatos e Not\u00edcias<\/title>\n<meta name=\"robots\" content=\"index, follow, max-snippet:-1, max-image-preview:large, max-video-preview:-1\" \/>\n<link rel=\"canonical\" href=\"https:\/\/jornalfatosenoticias.com.br\/index.php\/2024\/11\/08\/telhado-com-forma-concava-capta-agua-da-chuva-e-refrigera-ambiente\/\" \/>\n<meta property=\"og:locale\" content=\"pt_BR\" \/>\n<meta property=\"og:type\" content=\"article\" \/>\n<meta property=\"og:title\" content=\"Telhado com forma c\u00f4ncava capta \u00e1gua da chuva e refrigera ambiente - Jornal Fatos e Not\u00edcias\" \/>\n<meta property=\"og:description\" content=\"Sem o uso de eletricidade, teto c\u00f4ncavo pode melhorar as condi\u00e7\u00f5es de vida de quem vive em regi\u00f5es \u00e1ridas, com pouca chuva e muito calor Por Natasha Olsen A falta de \u00e1gua e o clima extremamente quente s\u00e3o uma realidade dif\u00edcil em diversas regi\u00f5es do planeta. Uma das maneiras de melhorar as condi\u00e7\u00f5es de vida [&hellip;]\" \/>\n<meta property=\"og:url\" content=\"https:\/\/jornalfatosenoticias.com.br\/index.php\/2024\/11\/08\/telhado-com-forma-concava-capta-agua-da-chuva-e-refrigera-ambiente\/\" \/>\n<meta property=\"og:site_name\" content=\"Jornal Fatos e Not\u00edcias\" \/>\n<meta property=\"article:published_time\" content=\"2024-11-08T15:34:17+00:00\" \/>\n<meta property=\"article:modified_time\" content=\"2024-11-08T15:34:18+00:00\" \/>\n<meta property=\"og:image\" content=\"https:\/\/jornalfatosenoticias.com.br\/wp-content\/uploads\/2024\/11\/telhados-concavos-1.jpg\" \/>\n\t<meta property=\"og:image:width\" content=\"1000\" \/>\n\t<meta property=\"og:image:height\" content=\"598\" \/>\n\t<meta property=\"og:image:type\" content=\"image\/jpeg\" \/>\n<meta name=\"author\" content=\"Luzimara Fernandes\" \/>\n<meta name=\"twitter:card\" content=\"summary_large_image\" \/>\n<meta name=\"twitter:label1\" content=\"Escrito por\" \/>\n\t<meta name=\"twitter:data1\" content=\"Luzimara Fernandes\" \/>\n\t<meta name=\"twitter:label2\" content=\"Est. tempo de leitura\" \/>\n\t<meta name=\"twitter:data2\" content=\"2 minutos\" \/>\n<script type=\"application\/ld+json\" class=\"yoast-schema-graph\">{\"@context\":\"https:\/\/schema.org\",\"@graph\":[{\"@type\":\"Article\",\"@id\":\"https:\/\/jornalfatosenoticias.com.br\/index.php\/2024\/11\/08\/telhado-com-forma-concava-capta-agua-da-chuva-e-refrigera-ambiente\/#article\",\"isPartOf\":{\"@id\":\"https:\/\/jornalfatosenoticias.com.br\/index.php\/2024\/11\/08\/telhado-com-forma-concava-capta-agua-da-chuva-e-refrigera-ambiente\/\"},\"author\":{\"name\":\"Luzimara Fernandes\",\"@id\":\"https:\/\/jornalfatosenoticias.com.br\/#\/schema\/person\/d63837fa13ac8666eb9e74e0985d6f81\"},\"headline\":\"Telhado com forma c\u00f4ncava capta \u00e1gua da chuva e refrigera ambiente\",\"datePublished\":\"2024-11-08T15:34:17+00:00\",\"dateModified\":\"2024-11-08T15:34:18+00:00\",\"mainEntityOfPage\":{\"@id\":\"https:\/\/jornalfatosenoticias.com.br\/index.php\/2024\/11\/08\/telhado-com-forma-concava-capta-agua-da-chuva-e-refrigera-ambiente\/\"},\"wordCount\":349,\"commentCount\":0,\"publisher\":{\"@id\":\"https:\/\/jornalfatosenoticias.com.br\/#organization\"},\"image\":{\"@id\":\"https:\/\/jornalfatosenoticias.com.br\/index.php\/2024\/11\/08\/telhado-com-forma-concava-capta-agua-da-chuva-e-refrigera-ambiente\/#primaryimage\"},\"thumbnailUrl\":\"https:\/\/jornalfatosenoticias.com.br\/wp-content\/uploads\/2024\/11\/telhados-concavos-1.jpg\",\"keywords\":[\"arquitetura bioclim\u00e1tica\",\"arquitetura sustent\u00e1vel\",\"calor\",\"regi\u00f5es \u00e1ridas\",\"telhado c\u00f4ncavo\",\"telhados\",\"teto c\u00f4ncavo\"],\"articleSection\":[\"Arq &amp; Urb\"],\"inLanguage\":\"pt-BR\",\"potentialAction\":[{\"@type\":\"CommentAction\",\"name\":\"Comment\",\"target\":[\"https:\/\/jornalfatosenoticias.com.br\/index.php\/2024\/11\/08\/telhado-com-forma-concava-capta-agua-da-chuva-e-refrigera-ambiente\/#respond\"]}]},{\"@type\":\"WebPage\",\"@id\":\"https:\/\/jornalfatosenoticias.com.br\/index.php\/2024\/11\/08\/telhado-com-forma-concava-capta-agua-da-chuva-e-refrigera-ambiente\/\",\"url\":\"https:\/\/jornalfatosenoticias.com.br\/index.php\/2024\/11\/08\/telhado-com-forma-concava-capta-agua-da-chuva-e-refrigera-ambiente\/\",\"name\":\"Telhado com forma c\u00f4ncava capta \u00e1gua da chuva e refrigera ambiente - Jornal Fatos e Not\u00edcias\",\"isPartOf\":{\"@id\":\"https:\/\/jornalfatosenoticias.com.br\/#website\"},\"primaryImageOfPage\":{\"@id\":\"https:\/\/jornalfatosenoticias.com.br\/index.php\/2024\/11\/08\/telhado-com-forma-concava-capta-agua-da-chuva-e-refrigera-ambiente\/#primaryimage\"},\"image\":{\"@id\":\"https:\/\/jornalfatosenoticias.com.br\/index.php\/2024\/11\/08\/telhado-com-forma-concava-capta-agua-da-chuva-e-refrigera-ambiente\/#primaryimage\"},\"thumbnailUrl\":\"https:\/\/jornalfatosenoticias.com.br\/wp-content\/uploads\/2024\/11\/telhados-concavos-1.jpg\",\"datePublished\":\"2024-11-08T15:34:17+00:00\",\"dateModified\":\"2024-11-08T15:34:18+00:00\",\"breadcrumb\":{\"@id\":\"https:\/\/jornalfatosenoticias.com.br\/index.php\/2024\/11\/08\/telhado-com-forma-concava-capta-agua-da-chuva-e-refrigera-ambiente\/#breadcrumb\"},\"inLanguage\":\"pt-BR\",\"potentialAction\":[{\"@type\":\"ReadAction\",\"target\":[\"https:\/\/jornalfatosenoticias.com.br\/index.php\/2024\/11\/08\/telhado-com-forma-concava-capta-agua-da-chuva-e-refrigera-ambiente\/\"]}]},{\"@type\":\"ImageObject\",\"inLanguage\":\"pt-BR\",\"@id\":\"https:\/\/jornalfatosenoticias.com.br\/index.php\/2024\/11\/08\/telhado-com-forma-concava-capta-agua-da-chuva-e-refrigera-ambiente\/#primaryimage\",\"url\":\"https:\/\/jornalfatosenoticias.com.br\/wp-content\/uploads\/2024\/11\/telhados-concavos-1.jpg\",\"contentUrl\":\"https:\/\/jornalfatosenoticias.com.br\/wp-content\/uploads\/2024\/11\/telhados-concavos-1.jpg\",\"width\":1000,\"height\":598},{\"@type\":\"BreadcrumbList\",\"@id\":\"https:\/\/jornalfatosenoticias.com.br\/index.php\/2024\/11\/08\/telhado-com-forma-concava-capta-agua-da-chuva-e-refrigera-ambiente\/#breadcrumb\",\"itemListElement\":[{\"@type\":\"ListItem\",\"position\":1,\"name\":\"In\u00edcio\",\"item\":\"https:\/\/jornalfatosenoticias.com.br\/\"},{\"@type\":\"ListItem\",\"position\":2,\"name\":\"Telhado com forma c\u00f4ncava capta \u00e1gua da chuva e refrigera ambiente\"}]},{\"@type\":\"WebSite\",\"@id\":\"https:\/\/jornalfatosenoticias.com.br\/#website\",\"url\":\"https:\/\/jornalfatosenoticias.com.br\/\",\"name\":\"Jornal Fatos e Not\u00edcias\",\"description\":\"Not\u00edcias em geral\",\"publisher\":{\"@id\":\"https:\/\/jornalfatosenoticias.com.br\/#organization\"},\"potentialAction\":[{\"@type\":\"SearchAction\",\"target\":{\"@type\":\"EntryPoint\",\"urlTemplate\":\"https:\/\/jornalfatosenoticias.com.br\/?s={search_term_string}\"},\"query-input\":{\"@type\":\"PropertyValueSpecification\",\"valueRequired\":true,\"valueName\":\"search_term_string\"}}],\"inLanguage\":\"pt-BR\"},{\"@type\":\"Organization\",\"@id\":\"https:\/\/jornalfatosenoticias.com.br\/#organization\",\"name\":\"Jornal Fatos e Not\u00edcias\",\"url\":\"https:\/\/jornalfatosenoticias.com.br\/\",\"logo\":{\"@type\":\"ImageObject\",\"inLanguage\":\"pt-BR\",\"@id\":\"https:\/\/jornalfatosenoticias.com.br\/#\/schema\/logo\/image\/\",\"url\":\"https:\/\/jornalfatosenoticias.com.br\/wp-content\/uploads\/2020\/02\/logo120.png\",\"contentUrl\":\"https:\/\/jornalfatosenoticias.com.br\/wp-content\/uploads\/2020\/02\/logo120.png\",\"width\":1227,\"height\":120,\"caption\":\"Jornal Fatos e Not\u00edcias\"},\"image\":{\"@id\":\"https:\/\/jornalfatosenoticias.com.br\/#\/schema\/logo\/image\/\"}},{\"@type\":\"Person\",\"@id\":\"https:\/\/jornalfatosenoticias.com.br\/#\/schema\/person\/d63837fa13ac8666eb9e74e0985d6f81\",\"name\":\"Luzimara Fernandes\",\"image\":{\"@type\":\"ImageObject\",\"inLanguage\":\"pt-BR\",\"@id\":\"https:\/\/jornalfatosenoticias.com.br\/#\/schema\/person\/image\/\",\"url\":\"https:\/\/jornalfatosenoticias.com.br\/wp-content\/uploads\/2025\/05\/EU_portal.jpg\",\"contentUrl\":\"https:\/\/jornalfatosenoticias.com.br\/wp-content\/uploads\/2025\/05\/EU_portal.jpg\",\"caption\":\"Luzimara Fernandes\"},\"description\":\"Jornalista MTB 2358-ES\",\"sameAs\":[\"https:\/\/jornalfatosenoticias.com.br\"],\"url\":\"https:\/\/jornalfatosenoticias.com.br\/index.php\/author\/luzimara\/\"}]}<\/script>\n<!-- \/ Yoast SEO plugin. -->","yoast_head_json":{"title":"Telhado com forma c\u00f4ncava capta \u00e1gua da chuva e refrigera ambiente - Jornal Fatos e Not\u00edcias","robots":{"index":"index","follow":"follow","max-snippet":"max-snippet:-1","max-image-preview":"max-image-preview:large","max-video-preview":"max-video-preview:-1"},"canonical":"https:\/\/jornalfatosenoticias.com.br\/index.php\/2024\/11\/08\/telhado-com-forma-concava-capta-agua-da-chuva-e-refrigera-ambiente\/","og_locale":"pt_BR","og_type":"article","og_title":"Telhado com forma c\u00f4ncava capta \u00e1gua da chuva e refrigera ambiente - Jornal Fatos e Not\u00edcias","og_description":"Sem o uso de eletricidade, teto c\u00f4ncavo pode melhorar as condi\u00e7\u00f5es de vida de quem vive em regi\u00f5es \u00e1ridas, com pouca chuva e muito calor Por Natasha Olsen A falta de \u00e1gua e o clima extremamente quente s\u00e3o uma realidade dif\u00edcil em diversas regi\u00f5es do planeta. Uma das maneiras de melhorar as condi\u00e7\u00f5es de vida [&hellip;]","og_url":"https:\/\/jornalfatosenoticias.com.br\/index.php\/2024\/11\/08\/telhado-com-forma-concava-capta-agua-da-chuva-e-refrigera-ambiente\/","og_site_name":"Jornal Fatos e Not\u00edcias","article_published_time":"2024-11-08T15:34:17+00:00","article_modified_time":"2024-11-08T15:34:18+00:00","og_image":[{"width":1000,"height":598,"url":"https:\/\/jornalfatosenoticias.com.br\/wp-content\/uploads\/2024\/11\/telhados-concavos-1.jpg","type":"image\/jpeg"}],"author":"Luzimara Fernandes","twitter_card":"summary_large_image","twitter_misc":{"Escrito por":"Luzimara Fernandes","Est. tempo de leitura":"2 minutos"},"schema":{"@context":"https:\/\/schema.org","@graph":[{"@type":"Article","@id":"https:\/\/jornalfatosenoticias.com.br\/index.php\/2024\/11\/08\/telhado-com-forma-concava-capta-agua-da-chuva-e-refrigera-ambiente\/#article","isPartOf":{"@id":"https:\/\/jornalfatosenoticias.com.br\/index.php\/2024\/11\/08\/telhado-com-forma-concava-capta-agua-da-chuva-e-refrigera-ambiente\/"},"author":{"name":"Luzimara Fernandes","@id":"https:\/\/jornalfatosenoticias.com.br\/#\/schema\/person\/d63837fa13ac8666eb9e74e0985d6f81"},"headline":"Telhado com forma c\u00f4ncava capta \u00e1gua da chuva e refrigera ambiente","datePublished":"2024-11-08T15:34:17+00:00","dateModified":"2024-11-08T15:34:18+00:00","mainEntityOfPage":{"@id":"https:\/\/jornalfatosenoticias.com.br\/index.php\/2024\/11\/08\/telhado-com-forma-concava-capta-agua-da-chuva-e-refrigera-ambiente\/"},"wordCount":349,"commentCount":0,"publisher":{"@id":"https:\/\/jornalfatosenoticias.com.br\/#organization"},"image":{"@id":"https:\/\/jornalfatosenoticias.com.br\/index.php\/2024\/11\/08\/telhado-com-forma-concava-capta-agua-da-chuva-e-refrigera-ambiente\/#primaryimage"},"thumbnailUrl":"https:\/\/jornalfatosenoticias.com.br\/wp-content\/uploads\/2024\/11\/telhados-concavos-1.jpg","keywords":["arquitetura bioclim\u00e1tica","arquitetura sustent\u00e1vel","calor","regi\u00f5es \u00e1ridas","telhado c\u00f4ncavo","telhados","teto c\u00f4ncavo"],"articleSection":["Arq &amp; Urb"],"inLanguage":"pt-BR","potentialAction":[{"@type":"CommentAction","name":"Comment","target":["https:\/\/jornalfatosenoticias.com.br\/index.php\/2024\/11\/08\/telhado-com-forma-concava-capta-agua-da-chuva-e-refrigera-ambiente\/#respond"]}]},{"@type":"WebPage","@id":"https:\/\/jornalfatosenoticias.com.br\/index.php\/2024\/11\/08\/telhado-com-forma-concava-capta-agua-da-chuva-e-refrigera-ambiente\/","url":"https:\/\/jornalfatosenoticias.com.br\/index.php\/2024\/11\/08\/telhado-com-forma-concava-capta-agua-da-chuva-e-refrigera-ambiente\/","name":"Telhado com forma c\u00f4ncava capta \u00e1gua da chuva e refrigera ambiente - Jornal Fatos e Not\u00edcias","isPartOf":{"@id":"https:\/\/jornalfatosenoticias.com.br\/#website"},"primaryImageOfPage":{"@id":"https:\/\/jornalfatosenoticias.com.br\/index.php\/2024\/11\/08\/telhado-com-forma-concava-capta-agua-da-chuva-e-refrigera-ambiente\/#primaryimage"},"image":{"@id":"https:\/\/jornalfatosenoticias.com.br\/index.php\/2024\/11\/08\/telhado-com-forma-concava-capta-agua-da-chuva-e-refrigera-ambiente\/#primaryimage"},"thumbnailUrl":"https:\/\/jornalfatosenoticias.com.br\/wp-content\/uploads\/2024\/11\/telhados-concavos-1.jpg","datePublished":"2024-11-08T15:34:17+00:00","dateModified":"2024-11-08T15:34:18+00:00","breadcrumb":{"@id":"https:\/\/jornalfatosenoticias.com.br\/index.php\/2024\/11\/08\/telhado-com-forma-concava-capta-agua-da-chuva-e-refrigera-ambiente\/#breadcrumb"},"inLanguage":"pt-BR","potentialAction":[{"@type":"ReadAction","target":["https:\/\/jornalfatosenoticias.com.br\/index.php\/2024\/11\/08\/telhado-com-forma-concava-capta-agua-da-chuva-e-refrigera-ambiente\/"]}]},{"@type":"ImageObject","inLanguage":"pt-BR","@id":"https:\/\/jornalfatosenoticias.com.br\/index.php\/2024\/11\/08\/telhado-com-forma-concava-capta-agua-da-chuva-e-refrigera-ambiente\/#primaryimage","url":"https:\/\/jornalfatosenoticias.com.br\/wp-content\/uploads\/2024\/11\/telhados-concavos-1.jpg","contentUrl":"https:\/\/jornalfatosenoticias.com.br\/wp-content\/uploads\/2024\/11\/telhados-concavos-1.jpg","width":1000,"height":598},{"@type":"BreadcrumbList","@id":"https:\/\/jornalfatosenoticias.com.br\/index.php\/2024\/11\/08\/telhado-com-forma-concava-capta-agua-da-chuva-e-refrigera-ambiente\/#breadcrumb","itemListElement":[{"@type":"ListItem","position":1,"name":"In\u00edcio","item":"https:\/\/jornalfatosenoticias.com.br\/"},{"@type":"ListItem","position":2,"name":"Telhado com forma c\u00f4ncava capta \u00e1gua da chuva e refrigera ambiente"}]},{"@type":"WebSite","@id":"https:\/\/jornalfatosenoticias.com.br\/#website","url":"https:\/\/jornalfatosenoticias.com.br\/","name":"Jornal Fatos e Not\u00edcias","description":"Not\u00edcias em geral","publisher":{"@id":"https:\/\/jornalfatosenoticias.com.br\/#organization"},"potentialAction":[{"@type":"SearchAction","target":{"@type":"EntryPoint","urlTemplate":"https:\/\/jornalfatosenoticias.com.br\/?s={search_term_string}"},"query-input":{"@type":"PropertyValueSpecification","valueRequired":true,"valueName":"search_term_string"}}],"inLanguage":"pt-BR"},{"@type":"Organization","@id":"https:\/\/jornalfatosenoticias.com.br\/#organization","name":"Jornal Fatos e Not\u00edcias","url":"https:\/\/jornalfatosenoticias.com.br\/","logo":{"@type":"ImageObject","inLanguage":"pt-BR","@id":"https:\/\/jornalfatosenoticias.com.br\/#\/schema\/logo\/image\/","url":"https:\/\/jornalfatosenoticias.com.br\/wp-content\/uploads\/2020\/02\/logo120.png","contentUrl":"https:\/\/jornalfatosenoticias.com.br\/wp-content\/uploads\/2020\/02\/logo120.png","width":1227,"height":120,"caption":"Jornal Fatos e Not\u00edcias"},"image":{"@id":"https:\/\/jornalfatosenoticias.com.br\/#\/schema\/logo\/image\/"}},{"@type":"Person","@id":"https:\/\/jornalfatosenoticias.com.br\/#\/schema\/person\/d63837fa13ac8666eb9e74e0985d6f81","name":"Luzimara Fernandes","image":{"@type":"ImageObject","inLanguage":"pt-BR","@id":"https:\/\/jornalfatosenoticias.com.br\/#\/schema\/person\/image\/","url":"https:\/\/jornalfatosenoticias.com.br\/wp-content\/uploads\/2025\/05\/EU_portal.jpg","contentUrl":"https:\/\/jornalfatosenoticias.com.br\/wp-content\/uploads\/2025\/05\/EU_portal.jpg","caption":"Luzimara Fernandes"},"description":"Jornalista MTB 2358-ES","sameAs":["https:\/\/jornalfatosenoticias.com.br"],"url":"https:\/\/jornalfatosenoticias.com.br\/index.php\/author\/luzimara\/"}]}},"cc_featured_image_caption":{"caption_text":"(Foto: BMDesign Studios)","source_text":"","source_url":""},"jetpack_featured_media_url":"https:\/\/jornalfatosenoticias.com.br\/wp-content\/uploads\/2024\/11\/telhados-concavos-1.jpg","_links":{"self":[{"href":"https:\/\/jornalfatosenoticias.com.br\/index.php\/wp-json\/wp\/v2\/posts\/55581","targetHints":{"allow":["GET"]}}],"collection":[{"href":"https:\/\/jornalfatosenoticias.com.br\/index.php\/wp-json\/wp\/v2\/posts"}],"about":[{"href":"https:\/\/jornalfatosenoticias.com.br\/index.php\/wp-json\/wp\/v2\/types\/post"}],"author":[{"embeddable":true,"href":"https:\/\/jornalfatosenoticias.com.br\/index.php\/wp-json\/wp\/v2\/users\/2"}],"replies":[{"embeddable":true,"href":"https:\/\/jornalfatosenoticias.com.br\/index.php\/wp-json\/wp\/v2\/comments?post=55581"}],"version-history":[{"count":0,"href":"https:\/\/jornalfatosenoticias.com.br\/index.php\/wp-json\/wp\/v2\/posts\/55581\/revisions"}],"wp:featuredmedia":[{"embeddable":true,"href":"https:\/\/jornalfatosenoticias.com.br\/index.php\/wp-json\/wp\/v2\/media\/55583"}],"wp:attachment":[{"href":"https:\/\/jornalfatosenoticias.com.br\/index.php\/wp-json\/wp\/v2\/media?parent=55581"}],"wp:term":[{"taxonomy":"category","embeddable":true,"href":"https:\/\/jornalfatosenoticias.com.br\/index.php\/wp-json\/wp\/v2\/categories?post=55581"},{"taxonomy":"post_tag","embeddable":true,"href":"https:\/\/jornalfatosenoticias.com.br\/index.php\/wp-json\/wp\/v2\/tags?post=55581"}],"curies":[{"name":"wp","href":"https:\/\/api.w.org\/{rel}","templated":true}]}}