{"id":55592,"date":"2024-11-08T13:12:27","date_gmt":"2024-11-08T16:12:27","guid":{"rendered":"https:\/\/jornalfatosenoticias.com.br\/?p=55592"},"modified":"2024-11-08T13:12:29","modified_gmt":"2024-11-08T16:12:29","slug":"pragmatismo-nao-deve-salvar-lula-dos-problemas-que-tera-com-trump-na-casa-branca","status":"publish","type":"post","link":"https:\/\/jornalfatosenoticias.com.br\/index.php\/2024\/11\/08\/pragmatismo-nao-deve-salvar-lula-dos-problemas-que-tera-com-trump-na-casa-branca\/","title":{"rendered":"Pragmatismo n\u00e3o deve salvar Lula dos problemas que ter\u00e1 com Trump na Casa Branca"},"content":{"rendered":"\n<p><span class=\"has-inline-color has-black-color\">Por <strong>Wesley Oliveira<\/strong><\/span><\/p>\n\n\n\n<div class=\"wp-block-image\"><figure class=\"aligncenter size-large\"><a href=\"https:\/\/mizu.com.br\/\"><img loading=\"lazy\" decoding=\"async\" width=\"729\" height=\"90\" src=\"https:\/\/jornalfatosenoticias.com.br\/wp-content\/uploads\/2020\/02\/Logo_Mizu.png\" alt=\"\" class=\"wp-image-1441\" srcset=\"https:\/\/jornalfatosenoticias.com.br\/wp-content\/uploads\/2020\/02\/Logo_Mizu.png 729w, https:\/\/jornalfatosenoticias.com.br\/wp-content\/uploads\/2020\/02\/Logo_Mizu-300x37.png 300w\" sizes=\"auto, (max-width: 729px) 100vw, 729px\" \/><\/a><\/figure><\/div>\n\n\n\n<p>Logo ap\u00f3s a vit\u00f3ria de Donald Trump, Luiz In\u00e1cio Lula da Silva (PT) e seus aliados passaram a defender que, a partir do ano que vem, a rela\u00e7\u00e3o com os Estados Unidos da Am\u00e9rica (EUA) seja marcada pelo pragmatismo. Apesar disso, a avalia\u00e7\u00e3o dentro do Pal\u00e1cio do Planalto \u00e9 de que a vit\u00f3ria do republicano deve ter impactos em diversos campos no Brasil.<br>No campo das rela\u00e7\u00f5es entre os dois pa\u00edses, o Pal\u00e1cio do Itamaraty acompanha a partir de agora as movimenta\u00e7\u00f5es sobre as escolhas do secretariado que ser\u00e1 montado por Trump. A diplomacia brasileira acredita que, a partir dos perfis que forem apresentados pelo presidente eleito, ser\u00e1 poss\u00edvel avaliar o estilo de governo que ser\u00e1 adotado a partir do ano que vem.<\/p>\n\n\n\n<div class=\"wp-block-image\"><figure class=\"aligncenter size-large is-resized\"><a href=\"https:\/\/www.facebook.com\/postobkr\/?locale=pt_BR\"><img loading=\"lazy\" decoding=\"async\" src=\"https:\/\/jornalfatosenoticias.com.br\/wp-content\/uploads\/2023\/08\/BKR-1024x1021.jpg\" alt=\"\" class=\"wp-image-44494\" width=\"292\" height=\"291\" srcset=\"https:\/\/jornalfatosenoticias.com.br\/wp-content\/uploads\/2023\/08\/BKR-1024x1021.jpg 1024w, https:\/\/jornalfatosenoticias.com.br\/wp-content\/uploads\/2023\/08\/BKR-300x300.jpg 300w, https:\/\/jornalfatosenoticias.com.br\/wp-content\/uploads\/2023\/08\/BKR-150x150.jpg 150w, https:\/\/jornalfatosenoticias.com.br\/wp-content\/uploads\/2023\/08\/BKR-768x766.jpg 768w, https:\/\/jornalfatosenoticias.com.br\/wp-content\/uploads\/2023\/08\/BKR.jpg 1080w\" sizes=\"auto, (max-width: 292px) 100vw, 292px\" \/><\/a><\/figure><\/div>\n\n\n\n<p>Um dos nomes cotados na imprensa internacional para assumir a secretaria de Estado no governo Trump \u00e9 o do senador republicano Bill Hagerty, que no ano passado cobrou o presidente americano Joe Biden por ele n\u00e3o ter aplicado san\u00e7\u00f5es ao Brasil quando Lula permitiu que dois navios de guerra iranianos, alvos de san\u00e7\u00f5es pelos EUA, atracassem no porto do Rio de Janeiro em fevereiro de 2023. Nesse cen\u00e1rio, os Estados Unidos podem passar a adotar uma postura mais incisiva contra os acenos de Lula ao Ir\u00e3.<\/p>\n\n\n\n<div class=\"wp-block-image\"><figure class=\"aligncenter size-large is-resized\"><a href=\"https:\/\/www.instagram.com\/restaurantepegoretti\/\"><img loading=\"lazy\" decoding=\"async\" src=\"https:\/\/jornalfatosenoticias.com.br\/wp-content\/uploads\/2023\/12\/pegoretti-logo-pdf-1024x389.jpg\" alt=\"\" class=\"wp-image-47536\" width=\"496\" height=\"188\" srcset=\"https:\/\/jornalfatosenoticias.com.br\/wp-content\/uploads\/2023\/12\/pegoretti-logo-pdf-1024x389.jpg 1024w, https:\/\/jornalfatosenoticias.com.br\/wp-content\/uploads\/2023\/12\/pegoretti-logo-pdf-300x114.jpg 300w, https:\/\/jornalfatosenoticias.com.br\/wp-content\/uploads\/2023\/12\/pegoretti-logo-pdf-768x291.jpg 768w, https:\/\/jornalfatosenoticias.com.br\/wp-content\/uploads\/2023\/12\/pegoretti-logo-pdf.jpg 1120w\" sizes=\"auto, (max-width: 496px) 100vw, 496px\" \/><\/a><\/figure><\/div>\n\n\n\n<p>Durante a campanha eleitoral norte-americana, o Minist\u00e9rio das Rela\u00e7\u00f5es Exteriores j\u00e1 vinha mantendo contato com a equipe de Trump. Em 2023, as exporta\u00e7\u00f5es brasileiras ao territ\u00f3rio norte-americano somaram US$ 36,9 bilh\u00f5es. O pa\u00eds \u00e9 o segundo maior parceiro do Brasil na troca de bens \u2014 atr\u00e1s apenas da China, e uma eventual ades\u00e3o do Brasil \u00e0 Nova Rota da Seda da China tamb\u00e9m pode gerar atritos na rela\u00e7\u00e3o com os Estados Unidos.<\/p>\n\n\n\n<div class=\"wp-block-image\"><figure class=\"aligncenter size-large is-resized\"><a href=\"https:\/\/www.instagram.com\/ligadossaborespizzaria\/\"><img loading=\"lazy\" decoding=\"async\" src=\"https:\/\/jornalfatosenoticias.com.br\/wp-content\/uploads\/2020\/02\/WhatsApp-Image-2024-10-02-at-08.18.14-819x1024.jpeg\" alt=\"\" class=\"wp-image-54612\" width=\"343\" height=\"429\" srcset=\"https:\/\/jornalfatosenoticias.com.br\/wp-content\/uploads\/2020\/02\/WhatsApp-Image-2024-10-02-at-08.18.14-819x1024.jpeg 819w, https:\/\/jornalfatosenoticias.com.br\/wp-content\/uploads\/2020\/02\/WhatsApp-Image-2024-10-02-at-08.18.14-240x300.jpeg 240w, https:\/\/jornalfatosenoticias.com.br\/wp-content\/uploads\/2020\/02\/WhatsApp-Image-2024-10-02-at-08.18.14-768x960.jpeg 768w, https:\/\/jornalfatosenoticias.com.br\/wp-content\/uploads\/2020\/02\/WhatsApp-Image-2024-10-02-at-08.18.14.jpeg 1024w\" sizes=\"auto, (max-width: 343px) 100vw, 343px\" \/><\/a><\/figure><\/div>\n\n\n\n<p>Depois de Lula ter sugerido que Trump na Casa Branca significava a volta do &#8220;fascismo e nazismo com outra cara&#8221; e de ter apoiado a democrata Kamala Harris, o governo passou a adotar cautela e avalia quais ser\u00e3o os impactos direto na pol\u00edtica nacional com a mudan\u00e7a de comando na Casa Branca. Depois de reconhecer a vit\u00f3ria do republicano atrav\u00e9s de uma publica\u00e7\u00e3o nas redes sociais, o brasileiro disse, em entrevista \u00e0 Rede TV!, cuja \u00edntegra ser\u00e1 veiculada neste domingo (10), que espera que Trump estabele\u00e7a uma rela\u00e7\u00e3o &#8220;civilizada&#8221; com o Brasil.<\/p>\n\n\n\n<div class=\"wp-block-image\"><figure class=\"aligncenter size-large is-resized\"><a href=\"https:\/\/www.legisjuris.com.br\/\"><img loading=\"lazy\" decoding=\"async\" src=\"https:\/\/jornalfatosenoticias.com.br\/wp-content\/uploads\/2024\/09\/Legis-Juris-Consultoria_logo.jpg\" alt=\"\" class=\"wp-image-53915\" width=\"389\" height=\"163\" srcset=\"https:\/\/jornalfatosenoticias.com.br\/wp-content\/uploads\/2024\/09\/Legis-Juris-Consultoria_logo.jpg 969w, https:\/\/jornalfatosenoticias.com.br\/wp-content\/uploads\/2024\/09\/Legis-Juris-Consultoria_logo-300x126.jpg 300w, https:\/\/jornalfatosenoticias.com.br\/wp-content\/uploads\/2024\/09\/Legis-Juris-Consultoria_logo-768x322.jpg 768w\" sizes=\"auto, (max-width: 389px) 100vw, 389px\" \/><\/a><\/figure><\/div>\n\n\n\n<p>\u201cEu espero que a conviv\u00eancia seja a conviv\u00eancia civilizada que eu j\u00e1 tive com o Bush \u2014 que era do Partido Republicano \u2014 que eu j\u00e1 tive com o Obama, que eu j\u00e1 tive com o Biden. Essa \u00e9 a rela\u00e7\u00e3o que eu quero estabelecer, uma rela\u00e7\u00e3o entre dois chefes de Estados, cada um representa o seu pa\u00eds, cada um tem interesses pr\u00f3prios nacionais&#8221;, disse Lula.\u00a0<\/p>\n\n\n\n<div class=\"wp-block-image\"><figure class=\"aligncenter size-large is-resized\"><a href=\"https:\/\/panper.com.br\/\"><img loading=\"lazy\" decoding=\"async\" src=\"https:\/\/jornalfatosenoticias.com.br\/wp-content\/uploads\/2023\/03\/logo-Panper_portal.jpg\" alt=\"\" class=\"wp-image-40208\" width=\"349\" height=\"242\" srcset=\"https:\/\/jornalfatosenoticias.com.br\/wp-content\/uploads\/2023\/03\/logo-Panper_portal.jpg 400w, https:\/\/jornalfatosenoticias.com.br\/wp-content\/uploads\/2023\/03\/logo-Panper_portal-300x208.jpg 300w\" sizes=\"auto, (max-width: 349px) 100vw, 349px\" \/><\/a><\/figure><\/div>\n\n\n\n<p>O principal temor por parte do Pal\u00e1cio do Planalto \u00e9 de como a volta de Trump nos EUA vai impactar na direita brasileira. Ainda durante a disputa, parlamentares que foram acompanhar a apura\u00e7\u00e3o do pleito norte-americano j\u00e1 demonstravam entusiasmo com o efeito de uma vit\u00f3ria do republicano.<\/p>\n\n\n\n<div class=\"wp-block-image\"><figure class=\"aligncenter size-large is-resized\"><a href=\"https:\/\/www.instagram.com\/esteiochurrascaria\/\"><img loading=\"lazy\" decoding=\"async\" src=\"https:\/\/jornalfatosenoticias.com.br\/wp-content\/uploads\/2022\/02\/LOGO-ESTEIO-1024x730.png\" alt=\"\" class=\"wp-image-27942\" width=\"314\" height=\"224\" srcset=\"https:\/\/jornalfatosenoticias.com.br\/wp-content\/uploads\/2022\/02\/LOGO-ESTEIO-1024x730.png 1024w, https:\/\/jornalfatosenoticias.com.br\/wp-content\/uploads\/2022\/02\/LOGO-ESTEIO-300x214.png 300w, https:\/\/jornalfatosenoticias.com.br\/wp-content\/uploads\/2022\/02\/LOGO-ESTEIO-768x548.png 768w, https:\/\/jornalfatosenoticias.com.br\/wp-content\/uploads\/2022\/02\/LOGO-ESTEIO.png 1123w\" sizes=\"auto, (max-width: 314px) 100vw, 314px\" \/><\/a><\/figure><\/div>\n\n\n\n<blockquote class=\"wp-block-quote is-layout-flow wp-block-quote-is-layout-flow\"><p><span class=\"has-inline-color has-luminous-vivid-orange-color\">O mundo continua sua guinada para a direita e tenho certeza de que em 2026 estaremos de volta com Bolsonaro&#8221;, disse o deputado Paulo Bilynskyj (PL-SP), que foi para os Estados Unidos acompanhar o dia de apura\u00e7\u00e3o.<\/span><\/p><\/blockquote>\n\n\n\n<div class=\"wp-block-image\"><figure class=\"aligncenter size-large is-resized\"><a href=\"https:\/\/www.facebook.com\/vetor.vix\/\"><img loading=\"lazy\" decoding=\"async\" src=\"https:\/\/jornalfatosenoticias.com.br\/wp-content\/uploads\/2023\/09\/vetorvix1024_1.jpg\" alt=\"\" class=\"wp-image-44868\" width=\"584\" height=\"155\" srcset=\"https:\/\/jornalfatosenoticias.com.br\/wp-content\/uploads\/2023\/09\/vetorvix1024_1.jpg 1024w, https:\/\/jornalfatosenoticias.com.br\/wp-content\/uploads\/2023\/09\/vetorvix1024_1-300x80.jpg 300w, https:\/\/jornalfatosenoticias.com.br\/wp-content\/uploads\/2023\/09\/vetorvix1024_1-768x205.jpg 768w\" sizes=\"auto, (max-width: 584px) 100vw, 584px\" \/><\/a><\/figure><\/div>\n\n\n\n<p>O ex-presidente foi declarado ineleg\u00edvel pela Justi\u00e7a Eleitoral do Brasil at\u00e9 2030, mas existe a expectativa, por parte da direita, que a situa\u00e7\u00e3o seja revista ou alterada por meio do Legislativo. &#8220;O Congresso \u00e9 o caminho para quase tudo. \u00c9 o Poder mais importante\u201d, disse Bolsonaro em entrevista ao Globo ao ser questionado sobre a possibilidade de reverter sua inelegibilidade.<\/p>\n\n\n\n<div class=\"wp-block-image\"><figure class=\"aligncenter size-large\"><a href=\"https:\/\/cesconetto.com.br\/\"><img loading=\"lazy\" decoding=\"async\" width=\"300\" height=\"250\" src=\"https:\/\/jornalfatosenoticias.com.br\/wp-content\/uploads\/2020\/02\/Banner-2.png\" alt=\"\" class=\"wp-image-43787\"\/><\/a><\/figure><\/div>\n\n\n\n<p><strong><span class=\"has-inline-color has-black-color\">Planalto quer conter os efeitos da vit\u00f3ria de Trump na direita brasileira\u00a0<br><\/span><\/strong>A avalia\u00e7\u00e3o entre os aliados de Lula \u00e9 de que \u00e9 preciso conter o entusiasmo da direita no Brasil com a vit\u00f3ria de Trump. Apesar das diferen\u00e7as entre as legisla\u00e7\u00f5es e o sistema eleitoral dos dois pa\u00edses, os governistas acreditam que um eventual empenho do presidente norte-americano junto ao ex-presidente Bolsonaro pode acabar refletindo na disputa de 2026.\u00a0<\/p>\n\n\n\n<div class=\"wp-block-image\"><figure class=\"aligncenter size-large is-resized\"><a href=\"https:\/\/www.instagram.com\/vmais.midias\/\"><img loading=\"lazy\" decoding=\"async\" src=\"https:\/\/jornalfatosenoticias.com.br\/wp-content\/uploads\/2020\/02\/DE-MAIS-DESTAQUE-VMAIS-800X700.png\" alt=\"\" class=\"wp-image-53112\" width=\"334\" height=\"291\" srcset=\"https:\/\/jornalfatosenoticias.com.br\/wp-content\/uploads\/2020\/02\/DE-MAIS-DESTAQUE-VMAIS-800X700.png 800w, https:\/\/jornalfatosenoticias.com.br\/wp-content\/uploads\/2020\/02\/DE-MAIS-DESTAQUE-VMAIS-800X700-768x672.png 768w\" sizes=\"auto, (max-width: 334px) 100vw, 334px\" \/><\/a><\/figure><\/div>\n\n\n\n<p>O principal ponto de alerta para o Planalto diz respeito \u00e0 comunica\u00e7\u00e3o do governo com a classe m\u00e9dia e com o eleitor de centro. Em termos de compara\u00e7\u00e3o, os petistas avaliam que esse foi o ponto que deu a ampla vit\u00f3ria para Trump nos Estados Unidos e que tamb\u00e9m poder\u00e1 ser decisivo para o eleitor nas elei\u00e7\u00f5es do Brasil.\u00a0<\/p>\n\n\n\n<div class=\"wp-block-image\"><figure class=\"aligncenter size-large is-resized\"><a href=\"https:\/\/hotelmarquetti.com.br\/\"><img loading=\"lazy\" decoding=\"async\" src=\"https:\/\/jornalfatosenoticias.com.br\/wp-content\/uploads\/2023\/03\/nova-logo-Marquetti.jpg\" alt=\"\" class=\"wp-image-40207\" width=\"356\" height=\"239\" srcset=\"https:\/\/jornalfatosenoticias.com.br\/wp-content\/uploads\/2023\/03\/nova-logo-Marquetti.jpg 643w, https:\/\/jornalfatosenoticias.com.br\/wp-content\/uploads\/2023\/03\/nova-logo-Marquetti-300x202.jpg 300w\" sizes=\"auto, (max-width: 356px) 100vw, 356px\" \/><\/a><\/figure><\/div>\n\n\n\n<p>&#8220;A elei\u00e7\u00e3o de Trump mostrou uma coisa: o que importa \u00e9 o dinheiro no bolso do povo e pre\u00e7os justos nos alimentos. Se a economia real n\u00e3o melhora a vida das pessoas, de que adianta a macroeconomia para elas?&#8221;, afirmou o deputado Reginaldo Lopes (PT-MG).\u00a0Para ele, o campo da esquerda precisa &#8220;se manter atento e focar nas necessidades reais das pessoas&#8221;. &#8220;Caso contr\u00e1rio, o Brasil pode enfrentar o mesmo &#8216;efeito-surpresa&#8217; indesej\u00e1vel nas urnas&#8221;, completou o petista.\u00a0<\/p>\n\n\n\n<div class=\"wp-block-image\"><figure class=\"aligncenter size-large is-resized\"><a href=\"https:\/\/www.controlsystems.com.br\/\"><img loading=\"lazy\" decoding=\"async\" src=\"https:\/\/jornalfatosenoticias.com.br\/wp-content\/uploads\/2020\/02\/CONTROL-CS.jpg\" alt=\"\" class=\"wp-image-44991\" width=\"321\" height=\"385\" srcset=\"https:\/\/jornalfatosenoticias.com.br\/wp-content\/uploads\/2020\/02\/CONTROL-CS.jpg 834w, https:\/\/jornalfatosenoticias.com.br\/wp-content\/uploads\/2020\/02\/CONTROL-CS-250x300.jpg 250w, https:\/\/jornalfatosenoticias.com.br\/wp-content\/uploads\/2020\/02\/CONTROL-CS-768x921.jpg 768w\" sizes=\"auto, (max-width: 321px) 100vw, 321px\" \/><\/a><\/figure><\/div>\n\n\n\n<p>Na mesma linha, a deputada Gleisi Hoffmann (PR), presidente nacional do PT, admitiu que a vit\u00f3ria de Trump ter\u00e1 influ\u00eancia no Brasil. A elei\u00e7\u00e3o de Trump \u00e9 um sinal de alerta para o campo democr\u00e1tico no mundo todo. A polariza\u00e7\u00e3o se mant\u00e9m como uma realidade e temos de nos preparar para enfrent\u00e1-la tamb\u00e9m aqui no Brasil, onde a extrema-direita j\u00e1 se assanha&#8221;, escreveu a petista nas redes sociais.\u00a0<\/p>\n\n\n\n<div class=\"wp-block-image\"><figure class=\"aligncenter size-large\"><a href=\"http:\/\/www.ferrarimaquinas.com.br\/\"><img loading=\"lazy\" decoding=\"async\" width=\"300\" height=\"250\" src=\"https:\/\/jornalfatosenoticias.com.br\/wp-content\/uploads\/2022\/02\/FERRARI_MAQUINAS-E-FERRAMENTAS2.jpg\" alt=\"\" class=\"wp-image-27860\"\/><\/a><\/figure><\/div>\n\n\n\n<p>Dentro do governo, a principal quest\u00e3o levantada \u00e9 de que, assim como nos EUA, a quest\u00e3o econ\u00f4mica e a press\u00e3o sobre os pre\u00e7os ser\u00e3o decisivas nas elei\u00e7\u00f5es. Neste ponto, os petistas ainda debatem qual ser\u00e1 a f\u00f3rmula para melhorar a comunica\u00e7\u00e3o com esse eleitorado que eventualmente possa ser atra\u00eddo pelo discurso da direita brasileira alinhada com Trump.\u00a0<\/p>\n\n\n\n<div class=\"wp-block-image\"><figure class=\"aligncenter size-large is-resized\"><a href=\"https:\/\/www.instagram.com\/serra4x4cambioautomatico\/\"><img loading=\"lazy\" decoding=\"async\" src=\"https:\/\/jornalfatosenoticias.com.br\/wp-content\/uploads\/2024\/08\/Serra-4x4-1-886x1024.jpg\" alt=\"\" class=\"wp-image-53632\" width=\"302\" height=\"349\" srcset=\"https:\/\/jornalfatosenoticias.com.br\/wp-content\/uploads\/2024\/08\/Serra-4x4-1-886x1024.jpg 886w, https:\/\/jornalfatosenoticias.com.br\/wp-content\/uploads\/2024\/08\/Serra-4x4-1-260x300.jpg 260w, https:\/\/jornalfatosenoticias.com.br\/wp-content\/uploads\/2024\/08\/Serra-4x4-1-768x888.jpg 768w, https:\/\/jornalfatosenoticias.com.br\/wp-content\/uploads\/2024\/08\/Serra-4x4-1.jpg 1181w\" sizes=\"auto, (max-width: 302px) 100vw, 302px\" \/><\/a><\/figure><\/div>\n\n\n\n<p>Um dos pontos explorados pela oposi\u00e7\u00e3o no Brasil, por exemplo, diz respeito ao pre\u00e7o da picanha em alus\u00e3o a uma frase de Lula durante a campanha. Nesta semana, o senador Fl\u00e1vio Bolsonaro (PL-RJ) tamb\u00e9m avaliou que a economia ser\u00e1 decisiva em 2026, sobretudo infla\u00e7\u00e3o e poder de compra.\u00a0<\/p>\n\n\n\n<div class=\"wp-block-image\"><figure class=\"aligncenter size-large is-resized\"><a href=\"https:\/\/www.ithbrasil.com.br\/\"><img loading=\"lazy\" decoding=\"async\" src=\"https:\/\/jornalfatosenoticias.com.br\/wp-content\/uploads\/2023\/08\/ITH.jpeg\" alt=\"\" class=\"wp-image-44638\" width=\"323\" height=\"262\" srcset=\"https:\/\/jornalfatosenoticias.com.br\/wp-content\/uploads\/2023\/08\/ITH.jpeg 800w, https:\/\/jornalfatosenoticias.com.br\/wp-content\/uploads\/2023\/08\/ITH-300x244.jpeg 300w, https:\/\/jornalfatosenoticias.com.br\/wp-content\/uploads\/2023\/08\/ITH-768x624.jpeg 768w\" sizes=\"auto, (max-width: 323px) 100vw, 323px\" \/><\/a><\/figure><\/div>\n\n\n\n<p>De volta ao cen\u00e1rio pol\u00edtico ap\u00f3s ter suas condena\u00e7\u00f5es anuladas pelo ministro Gilmar Mendes, do Supremo Tribunal Federal (STF), o ex-ministro Jos\u00e9 Dirceu j\u00e1 descarta as compara\u00e7\u00f5es com as elei\u00e7\u00f5es dos EUA. O petista \u00e9 apontado como um dos nomes que vai tentar ampliar a viabilidade eleitoral de Lula para a tentativa \u00e0 reelei\u00e7\u00e3o em 2026.\u00a0<\/p>\n\n\n\n<div class=\"wp-block-image\"><figure class=\"aligncenter size-large is-resized\"><a href=\"https:\/\/www.facebook.com\/postobkr\/?locale=pt_BR\"><img loading=\"lazy\" decoding=\"async\" src=\"https:\/\/jornalfatosenoticias.com.br\/wp-content\/uploads\/2023\/08\/BKR-1024x1021.jpg\" alt=\"\" class=\"wp-image-44494\" width=\"335\" height=\"334\" srcset=\"https:\/\/jornalfatosenoticias.com.br\/wp-content\/uploads\/2023\/08\/BKR-1024x1021.jpg 1024w, https:\/\/jornalfatosenoticias.com.br\/wp-content\/uploads\/2023\/08\/BKR-300x300.jpg 300w, https:\/\/jornalfatosenoticias.com.br\/wp-content\/uploads\/2023\/08\/BKR-150x150.jpg 150w, https:\/\/jornalfatosenoticias.com.br\/wp-content\/uploads\/2023\/08\/BKR-768x766.jpg 768w, https:\/\/jornalfatosenoticias.com.br\/wp-content\/uploads\/2023\/08\/BKR.jpg 1080w\" sizes=\"auto, (max-width: 335px) 100vw, 335px\" \/><\/a><\/figure><\/div>\n\n\n\n<p>&#8220;Bolsonaro n\u00e3o \u00e9 o Trump. Lula n\u00e3o \u00e9 Biden nem a Kamala. Trump tomou conta do Partido Republicano e o transformou num partido trumpista. Nossa direita n\u00e3o \u00e9 toda bolsonarista. Bolsonaro tem o PL e os outros partidos podem ou n\u00e3o estar com o Bolsonaro. Agora, l\u00f3gico que tem que mudar. A esquerda tem que encontrar um caminho para retomar territ\u00f3rio, voltar \u00e0 juventude, trabalhar com as redes e atualizar a sua mensagem&#8221;, disse Dirceu em entrevista ao jornal O Globo.\u00a0<\/p>\n\n\n\n<div class=\"wp-block-image\"><figure class=\"aligncenter size-large is-resized\"><a href=\"https:\/\/www.legisjuris.com.br\/\"><img loading=\"lazy\" decoding=\"async\" src=\"https:\/\/jornalfatosenoticias.com.br\/wp-content\/uploads\/2024\/09\/Legis-Juris-Consultoria_logo.jpg\" alt=\"\" class=\"wp-image-53915\" width=\"432\" height=\"181\" srcset=\"https:\/\/jornalfatosenoticias.com.br\/wp-content\/uploads\/2024\/09\/Legis-Juris-Consultoria_logo.jpg 969w, https:\/\/jornalfatosenoticias.com.br\/wp-content\/uploads\/2024\/09\/Legis-Juris-Consultoria_logo-300x126.jpg 300w, https:\/\/jornalfatosenoticias.com.br\/wp-content\/uploads\/2024\/09\/Legis-Juris-Consultoria_logo-768x322.jpg 768w\" sizes=\"auto, (max-width: 432px) 100vw, 432px\" \/><\/a><\/figure><\/div>\n\n\n\n<p><strong><span class=\"has-inline-color has-black-color\">Trump deve esvaziar pauta ambiental promovida por Lula<br><\/span><\/strong>Ponto que j\u00e1 vinha causando temor por parte do Planalto desde as elei\u00e7\u00f5es dos Estados Unidos, a agenda ambiental que ser\u00e1 adotada por Trump tamb\u00e9m est\u00e1 sendo acompanhada por integrantes do governo Lula. Uma mudan\u00e7a de postura do governo norte-americano deve esvaziar a pauta que o petista vinha tentando implementar desde o in\u00edcio do seu governo.<\/p>\n\n\n\n<div class=\"wp-block-image\"><figure class=\"aligncenter size-large is-resized\"><a href=\"https:\/\/www.instagram.com\/restaurantepegoretti\/\"><img loading=\"lazy\" decoding=\"async\" src=\"https:\/\/jornalfatosenoticias.com.br\/wp-content\/uploads\/2023\/12\/pegoretti-logo-pdf-1024x389.jpg\" alt=\"\" class=\"wp-image-47536\" width=\"493\" height=\"187\" srcset=\"https:\/\/jornalfatosenoticias.com.br\/wp-content\/uploads\/2023\/12\/pegoretti-logo-pdf-1024x389.jpg 1024w, https:\/\/jornalfatosenoticias.com.br\/wp-content\/uploads\/2023\/12\/pegoretti-logo-pdf-300x114.jpg 300w, https:\/\/jornalfatosenoticias.com.br\/wp-content\/uploads\/2023\/12\/pegoretti-logo-pdf-768x291.jpg 768w, https:\/\/jornalfatosenoticias.com.br\/wp-content\/uploads\/2023\/12\/pegoretti-logo-pdf.jpg 1120w\" sizes=\"auto, (max-width: 493px) 100vw, 493px\" \/><\/a><\/figure><\/div>\n\n\n\n<p>A aposta de Lula para o ano que vem \u00e9 justamente a realiza\u00e7\u00e3o da Confer\u00eancia das Na\u00e7\u00f5es Unidas sobre as Mudan\u00e7as Clim\u00e1ticas (COP-30), em Bel\u00e9m, no Par\u00e1. O evento ter\u00e1 como objetivo revisar e fortalecer o Acordo de Paris.\u00a0O tratado estabelece uma s\u00e9rie de a\u00e7\u00f5es a serem seguidas pelos pa\u00edses signat\u00e1rios para reduzir as emiss\u00f5es dos gases do efeito estufa. Em seu primeiro mandato, Trump retirou o pa\u00eds do acordo assinado por 195 pa\u00edses por consider\u00e1-lo &#8220;desvantajoso&#8221; aos americanos. A tend\u00eancia \u00e9 repetir o ato depois que o presidente Joe Biden recolocou a na\u00e7\u00e3o no tratado.\u00a0<\/p>\n\n\n\n<div class=\"wp-block-image\"><figure class=\"aligncenter size-large is-resized\"><a href=\"https:\/\/www.instagram.com\/ligadossaborespizzaria\/\"><img loading=\"lazy\" decoding=\"async\" src=\"https:\/\/jornalfatosenoticias.com.br\/wp-content\/uploads\/2024\/09\/WhatsApp-Image-2024-09-14-at-22.46.10-819x1024.jpeg\" alt=\"\" class=\"wp-image-54180\" width=\"302\" height=\"377\" srcset=\"https:\/\/jornalfatosenoticias.com.br\/wp-content\/uploads\/2024\/09\/WhatsApp-Image-2024-09-14-at-22.46.10-819x1024.jpeg 819w, https:\/\/jornalfatosenoticias.com.br\/wp-content\/uploads\/2024\/09\/WhatsApp-Image-2024-09-14-at-22.46.10-240x300.jpeg 240w, https:\/\/jornalfatosenoticias.com.br\/wp-content\/uploads\/2024\/09\/WhatsApp-Image-2024-09-14-at-22.46.10-768x960.jpeg 768w, https:\/\/jornalfatosenoticias.com.br\/wp-content\/uploads\/2024\/09\/WhatsApp-Image-2024-09-14-at-22.46.10.jpeg 1024w\" sizes=\"auto, (max-width: 302px) 100vw, 302px\" \/><\/a><\/figure><\/div>\n\n\n\n<p>Temendo um esvaziamento do evento sem a presen\u00e7a dos Estados Unidos, a ministra do Meio Ambiente, Marina Silva, avaliou que uma estrat\u00e9gia possa ser buscar os governos estaduais norte-americanos. <\/p>\n\n\n\n<div class=\"wp-block-image\"><figure class=\"aligncenter size-large\"><a href=\"https:\/\/mizu.com.br\/\"><img loading=\"lazy\" decoding=\"async\" width=\"729\" height=\"90\" src=\"https:\/\/jornalfatosenoticias.com.br\/wp-content\/uploads\/2020\/02\/Logo_Mizu.png\" alt=\"\" class=\"wp-image-1441\" srcset=\"https:\/\/jornalfatosenoticias.com.br\/wp-content\/uploads\/2020\/02\/Logo_Mizu.png 729w, https:\/\/jornalfatosenoticias.com.br\/wp-content\/uploads\/2020\/02\/Logo_Mizu-300x37.png 300w\" sizes=\"auto, (max-width: 729px) 100vw, 729px\" \/><\/a><\/figure><\/div>\n\n\n\n<p>&#8220;Nos EUA os estados s\u00e3o independentes, e muitos estados podem fazer o enfrentamento \u00e0 mudan\u00e7a clim\u00e1tica independentemente do governo federal. \u00c9 claro que \u00e9 melhor quando se tem um alinhamento interno, como temos aqui no Brasil&#8221;, disse Marina Silva.\u00a0Sobre a ascens\u00e3o de Trump, a ministra questionou se os pa\u00edses &#8220;precisar\u00e3o trabalhar dobrado&#8221; caso uma na\u00e7\u00e3o n\u00e3o fa\u00e7a a sua parte.<\/p>\n\n\n\n<div class=\"wp-block-image\"><figure class=\"aligncenter size-large is-resized\"><a href=\"https:\/\/www.instagram.com\/esteiochurrascaria\/\"><img loading=\"lazy\" decoding=\"async\" src=\"https:\/\/jornalfatosenoticias.com.br\/wp-content\/uploads\/2022\/02\/LOGO-ESTEIO-1024x730.png\" alt=\"\" class=\"wp-image-27942\" width=\"382\" height=\"272\" srcset=\"https:\/\/jornalfatosenoticias.com.br\/wp-content\/uploads\/2022\/02\/LOGO-ESTEIO-1024x730.png 1024w, https:\/\/jornalfatosenoticias.com.br\/wp-content\/uploads\/2022\/02\/LOGO-ESTEIO-300x214.png 300w, https:\/\/jornalfatosenoticias.com.br\/wp-content\/uploads\/2022\/02\/LOGO-ESTEIO-768x548.png 768w, https:\/\/jornalfatosenoticias.com.br\/wp-content\/uploads\/2022\/02\/LOGO-ESTEIO.png 1123w\" sizes=\"auto, (max-width: 382px) 100vw, 382px\" \/><\/a><\/figure><\/div>\n\n\n\n<p><strong><em>Fonte: <a href=\"https:\/\/www.gazetadopovo.com.br\/republica\/pragmatismo-nao-deve-salvar-lula-dos-problemas-que-tera-com-trump-na-casa-branca\/\">Gazeta do Povo<\/a><\/em><\/strong><\/p>\n","protected":false},"excerpt":{"rendered":"<p>Por Wesley Oliveira Logo ap\u00f3s a vit\u00f3ria de Donald Trump, Luiz In\u00e1cio Lula da Silva (PT) e seus aliados passaram a defender que, a partir do ano que vem, a rela\u00e7\u00e3o com os Estados Unidos da Am\u00e9rica (EUA) seja marcada pelo pragmatismo. Apesar disso, a avalia\u00e7\u00e3o dentro do Pal\u00e1cio do Planalto \u00e9 de que a [&hellip;]<\/p>\n","protected":false},"author":2,"featured_media":54653,"comment_status":"open","ping_status":"open","sticky":false,"template":"","format":"standard","meta":{"footnotes":""},"categories":[10],"tags":[7580,17819,22773],"class_list":["post-55592","post","type-post","status-publish","format-standard","has-post-thumbnail","hentry","category-politica","tag-lula","tag-marina-silva","tag-trump"],"yoast_head":"<!-- This site is optimized with the Yoast SEO plugin v26.5 - https:\/\/yoast.com\/wordpress\/plugins\/seo\/ -->\n<title>Pragmatismo n\u00e3o deve salvar Lula dos problemas que ter\u00e1 com Trump na Casa Branca - Jornal Fatos e Not\u00edcias<\/title>\n<meta name=\"robots\" content=\"index, follow, max-snippet:-1, max-image-preview:large, max-video-preview:-1\" \/>\n<link rel=\"canonical\" href=\"https:\/\/jornalfatosenoticias.com.br\/index.php\/2024\/11\/08\/pragmatismo-nao-deve-salvar-lula-dos-problemas-que-tera-com-trump-na-casa-branca\/\" \/>\n<meta property=\"og:locale\" content=\"pt_BR\" \/>\n<meta property=\"og:type\" content=\"article\" \/>\n<meta property=\"og:title\" content=\"Pragmatismo n\u00e3o deve salvar Lula dos problemas que ter\u00e1 com Trump na Casa Branca - Jornal Fatos e Not\u00edcias\" \/>\n<meta property=\"og:description\" content=\"Por Wesley Oliveira Logo ap\u00f3s a vit\u00f3ria de Donald Trump, Luiz In\u00e1cio Lula da Silva (PT) e seus aliados passaram a defender que, a partir do ano que vem, a rela\u00e7\u00e3o com os Estados Unidos da Am\u00e9rica (EUA) seja marcada pelo pragmatismo. Apesar disso, a avalia\u00e7\u00e3o dentro do Pal\u00e1cio do Planalto \u00e9 de que a [&hellip;]\" \/>\n<meta property=\"og:url\" content=\"https:\/\/jornalfatosenoticias.com.br\/index.php\/2024\/11\/08\/pragmatismo-nao-deve-salvar-lula-dos-problemas-que-tera-com-trump-na-casa-branca\/\" \/>\n<meta property=\"og:site_name\" content=\"Jornal Fatos e Not\u00edcias\" \/>\n<meta property=\"article:published_time\" content=\"2024-11-08T16:12:27+00:00\" \/>\n<meta property=\"article:modified_time\" content=\"2024-11-08T16:12:29+00:00\" \/>\n<meta property=\"og:image\" content=\"https:\/\/jornalfatosenoticias.com.br\/wp-content\/uploads\/2024\/10\/molusco-critica-a-Israel_gettyimages.jpg\" \/>\n\t<meta property=\"og:image:width\" content=\"612\" \/>\n\t<meta property=\"og:image:height\" content=\"407\" \/>\n\t<meta property=\"og:image:type\" content=\"image\/jpeg\" \/>\n<meta name=\"author\" content=\"Luzimara Fernandes\" \/>\n<meta name=\"twitter:card\" content=\"summary_large_image\" \/>\n<meta name=\"twitter:label1\" content=\"Escrito por\" \/>\n\t<meta name=\"twitter:data1\" content=\"Luzimara Fernandes\" \/>\n\t<meta name=\"twitter:label2\" content=\"Est. tempo de leitura\" \/>\n\t<meta name=\"twitter:data2\" content=\"7 minutos\" \/>\n<script type=\"application\/ld+json\" class=\"yoast-schema-graph\">{\"@context\":\"https:\/\/schema.org\",\"@graph\":[{\"@type\":\"Article\",\"@id\":\"https:\/\/jornalfatosenoticias.com.br\/index.php\/2024\/11\/08\/pragmatismo-nao-deve-salvar-lula-dos-problemas-que-tera-com-trump-na-casa-branca\/#article\",\"isPartOf\":{\"@id\":\"https:\/\/jornalfatosenoticias.com.br\/index.php\/2024\/11\/08\/pragmatismo-nao-deve-salvar-lula-dos-problemas-que-tera-com-trump-na-casa-branca\/\"},\"author\":{\"name\":\"Luzimara Fernandes\",\"@id\":\"https:\/\/jornalfatosenoticias.com.br\/#\/schema\/person\/d63837fa13ac8666eb9e74e0985d6f81\"},\"headline\":\"Pragmatismo n\u00e3o deve salvar Lula dos problemas que ter\u00e1 com Trump na Casa Branca\",\"datePublished\":\"2024-11-08T16:12:27+00:00\",\"dateModified\":\"2024-11-08T16:12:29+00:00\",\"mainEntityOfPage\":{\"@id\":\"https:\/\/jornalfatosenoticias.com.br\/index.php\/2024\/11\/08\/pragmatismo-nao-deve-salvar-lula-dos-problemas-que-tera-com-trump-na-casa-branca\/\"},\"wordCount\":1466,\"commentCount\":0,\"publisher\":{\"@id\":\"https:\/\/jornalfatosenoticias.com.br\/#organization\"},\"image\":{\"@id\":\"https:\/\/jornalfatosenoticias.com.br\/index.php\/2024\/11\/08\/pragmatismo-nao-deve-salvar-lula-dos-problemas-que-tera-com-trump-na-casa-branca\/#primaryimage\"},\"thumbnailUrl\":\"https:\/\/jornalfatosenoticias.com.br\/wp-content\/uploads\/2024\/10\/molusco-critica-a-Israel_gettyimages.jpg\",\"keywords\":[\"Lula\",\"Marina Silva\",\"Trump\"],\"articleSection\":[\"Pol\u00edtica\"],\"inLanguage\":\"pt-BR\",\"potentialAction\":[{\"@type\":\"CommentAction\",\"name\":\"Comment\",\"target\":[\"https:\/\/jornalfatosenoticias.com.br\/index.php\/2024\/11\/08\/pragmatismo-nao-deve-salvar-lula-dos-problemas-que-tera-com-trump-na-casa-branca\/#respond\"]}]},{\"@type\":\"WebPage\",\"@id\":\"https:\/\/jornalfatosenoticias.com.br\/index.php\/2024\/11\/08\/pragmatismo-nao-deve-salvar-lula-dos-problemas-que-tera-com-trump-na-casa-branca\/\",\"url\":\"https:\/\/jornalfatosenoticias.com.br\/index.php\/2024\/11\/08\/pragmatismo-nao-deve-salvar-lula-dos-problemas-que-tera-com-trump-na-casa-branca\/\",\"name\":\"Pragmatismo n\u00e3o deve salvar Lula dos problemas que ter\u00e1 com Trump na Casa Branca - Jornal Fatos e Not\u00edcias\",\"isPartOf\":{\"@id\":\"https:\/\/jornalfatosenoticias.com.br\/#website\"},\"primaryImageOfPage\":{\"@id\":\"https:\/\/jornalfatosenoticias.com.br\/index.php\/2024\/11\/08\/pragmatismo-nao-deve-salvar-lula-dos-problemas-que-tera-com-trump-na-casa-branca\/#primaryimage\"},\"image\":{\"@id\":\"https:\/\/jornalfatosenoticias.com.br\/index.php\/2024\/11\/08\/pragmatismo-nao-deve-salvar-lula-dos-problemas-que-tera-com-trump-na-casa-branca\/#primaryimage\"},\"thumbnailUrl\":\"https:\/\/jornalfatosenoticias.com.br\/wp-content\/uploads\/2024\/10\/molusco-critica-a-Israel_gettyimages.jpg\",\"datePublished\":\"2024-11-08T16:12:27+00:00\",\"dateModified\":\"2024-11-08T16:12:29+00:00\",\"breadcrumb\":{\"@id\":\"https:\/\/jornalfatosenoticias.com.br\/index.php\/2024\/11\/08\/pragmatismo-nao-deve-salvar-lula-dos-problemas-que-tera-com-trump-na-casa-branca\/#breadcrumb\"},\"inLanguage\":\"pt-BR\",\"potentialAction\":[{\"@type\":\"ReadAction\",\"target\":[\"https:\/\/jornalfatosenoticias.com.br\/index.php\/2024\/11\/08\/pragmatismo-nao-deve-salvar-lula-dos-problemas-que-tera-com-trump-na-casa-branca\/\"]}]},{\"@type\":\"ImageObject\",\"inLanguage\":\"pt-BR\",\"@id\":\"https:\/\/jornalfatosenoticias.com.br\/index.php\/2024\/11\/08\/pragmatismo-nao-deve-salvar-lula-dos-problemas-que-tera-com-trump-na-casa-branca\/#primaryimage\",\"url\":\"https:\/\/jornalfatosenoticias.com.br\/wp-content\/uploads\/2024\/10\/molusco-critica-a-Israel_gettyimages.jpg\",\"contentUrl\":\"https:\/\/jornalfatosenoticias.com.br\/wp-content\/uploads\/2024\/10\/molusco-critica-a-Israel_gettyimages.jpg\",\"width\":612,\"height\":407,\"caption\":\"Luiz Inacio Lula da Silva, Brazil's president, during an interview with the foreign press at Planalto Palace in Brasilia, Brazil, on Monday, July 22, 2024. Lula warned his long-term ally Nicolas Maduro that Venezuela's economic future hinges on a clean election that ensures government legitimacy before the international community. Photographer: Ton Molina\/Bloomberg via Getty Images\"},{\"@type\":\"BreadcrumbList\",\"@id\":\"https:\/\/jornalfatosenoticias.com.br\/index.php\/2024\/11\/08\/pragmatismo-nao-deve-salvar-lula-dos-problemas-que-tera-com-trump-na-casa-branca\/#breadcrumb\",\"itemListElement\":[{\"@type\":\"ListItem\",\"position\":1,\"name\":\"In\u00edcio\",\"item\":\"https:\/\/jornalfatosenoticias.com.br\/\"},{\"@type\":\"ListItem\",\"position\":2,\"name\":\"Pragmatismo n\u00e3o deve salvar Lula dos problemas que ter\u00e1 com Trump na Casa Branca\"}]},{\"@type\":\"WebSite\",\"@id\":\"https:\/\/jornalfatosenoticias.com.br\/#website\",\"url\":\"https:\/\/jornalfatosenoticias.com.br\/\",\"name\":\"Jornal Fatos e Not\u00edcias\",\"description\":\"Not\u00edcias em geral\",\"publisher\":{\"@id\":\"https:\/\/jornalfatosenoticias.com.br\/#organization\"},\"potentialAction\":[{\"@type\":\"SearchAction\",\"target\":{\"@type\":\"EntryPoint\",\"urlTemplate\":\"https:\/\/jornalfatosenoticias.com.br\/?s={search_term_string}\"},\"query-input\":{\"@type\":\"PropertyValueSpecification\",\"valueRequired\":true,\"valueName\":\"search_term_string\"}}],\"inLanguage\":\"pt-BR\"},{\"@type\":\"Organization\",\"@id\":\"https:\/\/jornalfatosenoticias.com.br\/#organization\",\"name\":\"Jornal Fatos e Not\u00edcias\",\"url\":\"https:\/\/jornalfatosenoticias.com.br\/\",\"logo\":{\"@type\":\"ImageObject\",\"inLanguage\":\"pt-BR\",\"@id\":\"https:\/\/jornalfatosenoticias.com.br\/#\/schema\/logo\/image\/\",\"url\":\"https:\/\/jornalfatosenoticias.com.br\/wp-content\/uploads\/2020\/02\/logo120.png\",\"contentUrl\":\"https:\/\/jornalfatosenoticias.com.br\/wp-content\/uploads\/2020\/02\/logo120.png\",\"width\":1227,\"height\":120,\"caption\":\"Jornal Fatos e Not\u00edcias\"},\"image\":{\"@id\":\"https:\/\/jornalfatosenoticias.com.br\/#\/schema\/logo\/image\/\"}},{\"@type\":\"Person\",\"@id\":\"https:\/\/jornalfatosenoticias.com.br\/#\/schema\/person\/d63837fa13ac8666eb9e74e0985d6f81\",\"name\":\"Luzimara Fernandes\",\"image\":{\"@type\":\"ImageObject\",\"inLanguage\":\"pt-BR\",\"@id\":\"https:\/\/jornalfatosenoticias.com.br\/#\/schema\/person\/image\/\",\"url\":\"https:\/\/jornalfatosenoticias.com.br\/wp-content\/uploads\/2025\/05\/EU_portal.jpg\",\"contentUrl\":\"https:\/\/jornalfatosenoticias.com.br\/wp-content\/uploads\/2025\/05\/EU_portal.jpg\",\"caption\":\"Luzimara Fernandes\"},\"description\":\"Jornalista MTB 2358-ES\",\"sameAs\":[\"https:\/\/jornalfatosenoticias.com.br\"],\"url\":\"https:\/\/jornalfatosenoticias.com.br\/index.php\/author\/luzimara\/\"}]}<\/script>\n<!-- \/ Yoast SEO plugin. -->","yoast_head_json":{"title":"Pragmatismo n\u00e3o deve salvar Lula dos problemas que ter\u00e1 com Trump na Casa Branca - Jornal Fatos e Not\u00edcias","robots":{"index":"index","follow":"follow","max-snippet":"max-snippet:-1","max-image-preview":"max-image-preview:large","max-video-preview":"max-video-preview:-1"},"canonical":"https:\/\/jornalfatosenoticias.com.br\/index.php\/2024\/11\/08\/pragmatismo-nao-deve-salvar-lula-dos-problemas-que-tera-com-trump-na-casa-branca\/","og_locale":"pt_BR","og_type":"article","og_title":"Pragmatismo n\u00e3o deve salvar Lula dos problemas que ter\u00e1 com Trump na Casa Branca - Jornal Fatos e Not\u00edcias","og_description":"Por Wesley Oliveira Logo ap\u00f3s a vit\u00f3ria de Donald Trump, Luiz In\u00e1cio Lula da Silva (PT) e seus aliados passaram a defender que, a partir do ano que vem, a rela\u00e7\u00e3o com os Estados Unidos da Am\u00e9rica (EUA) seja marcada pelo pragmatismo. Apesar disso, a avalia\u00e7\u00e3o dentro do Pal\u00e1cio do Planalto \u00e9 de que a [&hellip;]","og_url":"https:\/\/jornalfatosenoticias.com.br\/index.php\/2024\/11\/08\/pragmatismo-nao-deve-salvar-lula-dos-problemas-que-tera-com-trump-na-casa-branca\/","og_site_name":"Jornal Fatos e Not\u00edcias","article_published_time":"2024-11-08T16:12:27+00:00","article_modified_time":"2024-11-08T16:12:29+00:00","og_image":[{"width":612,"height":407,"url":"https:\/\/jornalfatosenoticias.com.br\/wp-content\/uploads\/2024\/10\/molusco-critica-a-Israel_gettyimages.jpg","type":"image\/jpeg"}],"author":"Luzimara Fernandes","twitter_card":"summary_large_image","twitter_misc":{"Escrito por":"Luzimara Fernandes","Est. tempo de leitura":"7 minutos"},"schema":{"@context":"https:\/\/schema.org","@graph":[{"@type":"Article","@id":"https:\/\/jornalfatosenoticias.com.br\/index.php\/2024\/11\/08\/pragmatismo-nao-deve-salvar-lula-dos-problemas-que-tera-com-trump-na-casa-branca\/#article","isPartOf":{"@id":"https:\/\/jornalfatosenoticias.com.br\/index.php\/2024\/11\/08\/pragmatismo-nao-deve-salvar-lula-dos-problemas-que-tera-com-trump-na-casa-branca\/"},"author":{"name":"Luzimara Fernandes","@id":"https:\/\/jornalfatosenoticias.com.br\/#\/schema\/person\/d63837fa13ac8666eb9e74e0985d6f81"},"headline":"Pragmatismo n\u00e3o deve salvar Lula dos problemas que ter\u00e1 com Trump na Casa Branca","datePublished":"2024-11-08T16:12:27+00:00","dateModified":"2024-11-08T16:12:29+00:00","mainEntityOfPage":{"@id":"https:\/\/jornalfatosenoticias.com.br\/index.php\/2024\/11\/08\/pragmatismo-nao-deve-salvar-lula-dos-problemas-que-tera-com-trump-na-casa-branca\/"},"wordCount":1466,"commentCount":0,"publisher":{"@id":"https:\/\/jornalfatosenoticias.com.br\/#organization"},"image":{"@id":"https:\/\/jornalfatosenoticias.com.br\/index.php\/2024\/11\/08\/pragmatismo-nao-deve-salvar-lula-dos-problemas-que-tera-com-trump-na-casa-branca\/#primaryimage"},"thumbnailUrl":"https:\/\/jornalfatosenoticias.com.br\/wp-content\/uploads\/2024\/10\/molusco-critica-a-Israel_gettyimages.jpg","keywords":["Lula","Marina Silva","Trump"],"articleSection":["Pol\u00edtica"],"inLanguage":"pt-BR","potentialAction":[{"@type":"CommentAction","name":"Comment","target":["https:\/\/jornalfatosenoticias.com.br\/index.php\/2024\/11\/08\/pragmatismo-nao-deve-salvar-lula-dos-problemas-que-tera-com-trump-na-casa-branca\/#respond"]}]},{"@type":"WebPage","@id":"https:\/\/jornalfatosenoticias.com.br\/index.php\/2024\/11\/08\/pragmatismo-nao-deve-salvar-lula-dos-problemas-que-tera-com-trump-na-casa-branca\/","url":"https:\/\/jornalfatosenoticias.com.br\/index.php\/2024\/11\/08\/pragmatismo-nao-deve-salvar-lula-dos-problemas-que-tera-com-trump-na-casa-branca\/","name":"Pragmatismo n\u00e3o deve salvar Lula dos problemas que ter\u00e1 com Trump na Casa Branca - Jornal Fatos e Not\u00edcias","isPartOf":{"@id":"https:\/\/jornalfatosenoticias.com.br\/#website"},"primaryImageOfPage":{"@id":"https:\/\/jornalfatosenoticias.com.br\/index.php\/2024\/11\/08\/pragmatismo-nao-deve-salvar-lula-dos-problemas-que-tera-com-trump-na-casa-branca\/#primaryimage"},"image":{"@id":"https:\/\/jornalfatosenoticias.com.br\/index.php\/2024\/11\/08\/pragmatismo-nao-deve-salvar-lula-dos-problemas-que-tera-com-trump-na-casa-branca\/#primaryimage"},"thumbnailUrl":"https:\/\/jornalfatosenoticias.com.br\/wp-content\/uploads\/2024\/10\/molusco-critica-a-Israel_gettyimages.jpg","datePublished":"2024-11-08T16:12:27+00:00","dateModified":"2024-11-08T16:12:29+00:00","breadcrumb":{"@id":"https:\/\/jornalfatosenoticias.com.br\/index.php\/2024\/11\/08\/pragmatismo-nao-deve-salvar-lula-dos-problemas-que-tera-com-trump-na-casa-branca\/#breadcrumb"},"inLanguage":"pt-BR","potentialAction":[{"@type":"ReadAction","target":["https:\/\/jornalfatosenoticias.com.br\/index.php\/2024\/11\/08\/pragmatismo-nao-deve-salvar-lula-dos-problemas-que-tera-com-trump-na-casa-branca\/"]}]},{"@type":"ImageObject","inLanguage":"pt-BR","@id":"https:\/\/jornalfatosenoticias.com.br\/index.php\/2024\/11\/08\/pragmatismo-nao-deve-salvar-lula-dos-problemas-que-tera-com-trump-na-casa-branca\/#primaryimage","url":"https:\/\/jornalfatosenoticias.com.br\/wp-content\/uploads\/2024\/10\/molusco-critica-a-Israel_gettyimages.jpg","contentUrl":"https:\/\/jornalfatosenoticias.com.br\/wp-content\/uploads\/2024\/10\/molusco-critica-a-Israel_gettyimages.jpg","width":612,"height":407,"caption":"Luiz Inacio Lula da Silva, Brazil's president, during an interview with the foreign press at Planalto Palace in Brasilia, Brazil, on Monday, July 22, 2024. Lula warned his long-term ally Nicolas Maduro that Venezuela's economic future hinges on a clean election that ensures government legitimacy before the international community. Photographer: Ton Molina\/Bloomberg via Getty Images"},{"@type":"BreadcrumbList","@id":"https:\/\/jornalfatosenoticias.com.br\/index.php\/2024\/11\/08\/pragmatismo-nao-deve-salvar-lula-dos-problemas-que-tera-com-trump-na-casa-branca\/#breadcrumb","itemListElement":[{"@type":"ListItem","position":1,"name":"In\u00edcio","item":"https:\/\/jornalfatosenoticias.com.br\/"},{"@type":"ListItem","position":2,"name":"Pragmatismo n\u00e3o deve salvar Lula dos problemas que ter\u00e1 com Trump na Casa Branca"}]},{"@type":"WebSite","@id":"https:\/\/jornalfatosenoticias.com.br\/#website","url":"https:\/\/jornalfatosenoticias.com.br\/","name":"Jornal Fatos e Not\u00edcias","description":"Not\u00edcias em geral","publisher":{"@id":"https:\/\/jornalfatosenoticias.com.br\/#organization"},"potentialAction":[{"@type":"SearchAction","target":{"@type":"EntryPoint","urlTemplate":"https:\/\/jornalfatosenoticias.com.br\/?s={search_term_string}"},"query-input":{"@type":"PropertyValueSpecification","valueRequired":true,"valueName":"search_term_string"}}],"inLanguage":"pt-BR"},{"@type":"Organization","@id":"https:\/\/jornalfatosenoticias.com.br\/#organization","name":"Jornal Fatos e Not\u00edcias","url":"https:\/\/jornalfatosenoticias.com.br\/","logo":{"@type":"ImageObject","inLanguage":"pt-BR","@id":"https:\/\/jornalfatosenoticias.com.br\/#\/schema\/logo\/image\/","url":"https:\/\/jornalfatosenoticias.com.br\/wp-content\/uploads\/2020\/02\/logo120.png","contentUrl":"https:\/\/jornalfatosenoticias.com.br\/wp-content\/uploads\/2020\/02\/logo120.png","width":1227,"height":120,"caption":"Jornal Fatos e Not\u00edcias"},"image":{"@id":"https:\/\/jornalfatosenoticias.com.br\/#\/schema\/logo\/image\/"}},{"@type":"Person","@id":"https:\/\/jornalfatosenoticias.com.br\/#\/schema\/person\/d63837fa13ac8666eb9e74e0985d6f81","name":"Luzimara Fernandes","image":{"@type":"ImageObject","inLanguage":"pt-BR","@id":"https:\/\/jornalfatosenoticias.com.br\/#\/schema\/person\/image\/","url":"https:\/\/jornalfatosenoticias.com.br\/wp-content\/uploads\/2025\/05\/EU_portal.jpg","contentUrl":"https:\/\/jornalfatosenoticias.com.br\/wp-content\/uploads\/2025\/05\/EU_portal.jpg","caption":"Luzimara Fernandes"},"description":"Jornalista MTB 2358-ES","sameAs":["https:\/\/jornalfatosenoticias.com.br"],"url":"https:\/\/jornalfatosenoticias.com.br\/index.php\/author\/luzimara\/"}]}},"cc_featured_image_caption":{"caption_text":"(Foto: Getty Images) ","source_text":"","source_url":""},"jetpack_featured_media_url":"https:\/\/jornalfatosenoticias.com.br\/wp-content\/uploads\/2024\/10\/molusco-critica-a-Israel_gettyimages.jpg","_links":{"self":[{"href":"https:\/\/jornalfatosenoticias.com.br\/index.php\/wp-json\/wp\/v2\/posts\/55592","targetHints":{"allow":["GET"]}}],"collection":[{"href":"https:\/\/jornalfatosenoticias.com.br\/index.php\/wp-json\/wp\/v2\/posts"}],"about":[{"href":"https:\/\/jornalfatosenoticias.com.br\/index.php\/wp-json\/wp\/v2\/types\/post"}],"author":[{"embeddable":true,"href":"https:\/\/jornalfatosenoticias.com.br\/index.php\/wp-json\/wp\/v2\/users\/2"}],"replies":[{"embeddable":true,"href":"https:\/\/jornalfatosenoticias.com.br\/index.php\/wp-json\/wp\/v2\/comments?post=55592"}],"version-history":[{"count":0,"href":"https:\/\/jornalfatosenoticias.com.br\/index.php\/wp-json\/wp\/v2\/posts\/55592\/revisions"}],"wp:featuredmedia":[{"embeddable":true,"href":"https:\/\/jornalfatosenoticias.com.br\/index.php\/wp-json\/wp\/v2\/media\/54653"}],"wp:attachment":[{"href":"https:\/\/jornalfatosenoticias.com.br\/index.php\/wp-json\/wp\/v2\/media?parent=55592"}],"wp:term":[{"taxonomy":"category","embeddable":true,"href":"https:\/\/jornalfatosenoticias.com.br\/index.php\/wp-json\/wp\/v2\/categories?post=55592"},{"taxonomy":"post_tag","embeddable":true,"href":"https:\/\/jornalfatosenoticias.com.br\/index.php\/wp-json\/wp\/v2\/tags?post=55592"}],"curies":[{"name":"wp","href":"https:\/\/api.w.org\/{rel}","templated":true}]}}