{"id":55620,"date":"2024-11-12T09:52:45","date_gmt":"2024-11-12T12:52:45","guid":{"rendered":"https:\/\/jornalfatosenoticias.com.br\/?p=55620"},"modified":"2024-11-12T09:52:47","modified_gmt":"2024-11-12T12:52:47","slug":"trump-escolhe-veterano-de-guerra-e-critico-da-china-como-conselheiro-de-seguranca-nacional","status":"publish","type":"post","link":"https:\/\/jornalfatosenoticias.com.br\/index.php\/2024\/11\/12\/trump-escolhe-veterano-de-guerra-e-critico-da-china-como-conselheiro-de-seguranca-nacional\/","title":{"rendered":"Trump escolhe veterano de guerra e cr\u00edtico da China como conselheiro de Seguran\u00e7a Nacional"},"content":{"rendered":"\n<p><em><span class=\"has-inline-color has-black-color\">O deputado republicano Michael Waltz \u00e9 cotado para assumir a pasta de Seguran\u00e7a Nacional<\/span><\/em><\/p>\n\n\n\n<p><span class=\"has-inline-color has-black-color\">Por <strong><a href=\"https:\/\/www.gazetadopovo.com.br\/autor\/isabella-de-paula\/\" rel=\"nofollow\">Isabella de Paula<\/a><\/strong><\/span><\/p>\n\n\n\n<div class=\"wp-block-image\"><figure class=\"aligncenter size-large\"><a href=\"https:\/\/mizu.com.br\/\"><img loading=\"lazy\" decoding=\"async\" width=\"729\" height=\"90\" src=\"https:\/\/jornalfatosenoticias.com.br\/wp-content\/uploads\/2020\/02\/Logo_Mizu.png\" alt=\"\" class=\"wp-image-1441\" srcset=\"https:\/\/jornalfatosenoticias.com.br\/wp-content\/uploads\/2020\/02\/Logo_Mizu.png 729w, https:\/\/jornalfatosenoticias.com.br\/wp-content\/uploads\/2020\/02\/Logo_Mizu-300x37.png 300w\" sizes=\"auto, (max-width: 729px) 100vw, 729px\" \/><\/a><\/figure><\/div>\n\n\n\n<p>Donald Trump, que tomar\u00e1 posse como presidente eleito dos EUA em janeiro, escolheu o veterano de guerra e deputado republicano pela Fl\u00f3rida Michael Waltz como seu conselheiro para assuntos de Seguran\u00e7a Nacional, segundo antecipou uma fonte an\u00f4nima \u00e0 ag\u00eancia Associated Press (AP) nesta segunda-feira (11).<br>Waltz deve assumir um dos pap\u00e9is mais complexos do governo Trump devido a uma s\u00e9rie de conflitos simult\u00e2neos pelo mundo, como a invas\u00e3o russa na Ucr\u00e2nia, o crescente apoio da Coreia do Norte ao ditador Vladimir Putin, al\u00e9m da guerra no Oriente M\u00e9dio entre Israel e grupos terroristas patrocinados pelo Ir\u00e3 &#8211; Hamas, Hezbollah e os rebeldes Houthis.<\/p>\n\n\n\n<div class=\"wp-block-image\"><figure class=\"aligncenter size-large is-resized\"><a href=\"https:\/\/www.controlsystems.com.br\/\"><img loading=\"lazy\" decoding=\"async\" src=\"https:\/\/jornalfatosenoticias.com.br\/wp-content\/uploads\/2020\/02\/CONTROL-CS.jpg\" alt=\"\" class=\"wp-image-44991\" width=\"290\" height=\"347\" srcset=\"https:\/\/jornalfatosenoticias.com.br\/wp-content\/uploads\/2020\/02\/CONTROL-CS.jpg 834w, https:\/\/jornalfatosenoticias.com.br\/wp-content\/uploads\/2020\/02\/CONTROL-CS-250x300.jpg 250w, https:\/\/jornalfatosenoticias.com.br\/wp-content\/uploads\/2020\/02\/CONTROL-CS-768x921.jpg 768w\" sizes=\"auto, (max-width: 290px) 100vw, 290px\" \/><\/a><\/figure><\/div>\n\n\n\n<p>O congressista republicano j\u00e1 venceu tr\u00eas mandatos pela Fl\u00f3rida e foi o primeiro membro das For\u00e7as Especiais do Ex\u00e9rcito dos EUA a ser eleito para a C\u00e2mara. Waltz serviu os EUA no Afeganist\u00e3o, Oriente M\u00e9dio e \u00c1frica. Desde que entrou no Congresso em 2019, Waltz foi membro dos Comit\u00eas de Servi\u00e7os Armados, Rela\u00e7\u00f5es Exteriores e Intelig\u00eancia. Na ter\u00e7a-feira passada, ele foi reeleito com facilidade.<\/p>\n\n\n\n<div class=\"wp-block-image\"><figure class=\"aligncenter size-large is-resized\"><a href=\"https:\/\/www.instagram.com\/vmais.midias\/\"><img loading=\"lazy\" decoding=\"async\" src=\"https:\/\/jornalfatosenoticias.com.br\/wp-content\/uploads\/2020\/02\/DE-MAIS-DESTAQUE-VMAIS-800X700.png\" alt=\"\" class=\"wp-image-53112\" width=\"300\" height=\"262\" srcset=\"https:\/\/jornalfatosenoticias.com.br\/wp-content\/uploads\/2020\/02\/DE-MAIS-DESTAQUE-VMAIS-800X700.png 800w, https:\/\/jornalfatosenoticias.com.br\/wp-content\/uploads\/2020\/02\/DE-MAIS-DESTAQUE-VMAIS-800X700-300x263.png 300w, https:\/\/jornalfatosenoticias.com.br\/wp-content\/uploads\/2020\/02\/DE-MAIS-DESTAQUE-VMAIS-800X700-768x672.png 768w\" sizes=\"auto, (max-width: 300px) 100vw, 300px\" \/><\/a><\/figure><\/div>\n\n\n\n<p>O poss\u00edvel nome a ser anunciado oficialmente por Trump \u00e9 tamb\u00e9m conhecido no Capit\u00f3lio por ser um dos cr\u00edticos mais ferrenhos da China, tendo servido na For\u00e7a-Tarefa da China na C\u00e2mara. Em 2022, ele defendeu um boicote dos EUA aos Jogos Ol\u00edmpicos de Inverno em Pequim devido ao envolvimento do gigante asi\u00e1tico na origem da pandemia e devido \u00e0 repress\u00e3o contra a minoria mu\u00e7ulmana uigur.<\/p>\n\n\n\n<div class=\"wp-block-image\"><figure class=\"aligncenter size-large is-resized\"><a href=\"https:\/\/www.instagram.com\/serra4x4cambioautomatico\/\"><img loading=\"lazy\" decoding=\"async\" src=\"https:\/\/jornalfatosenoticias.com.br\/wp-content\/uploads\/2024\/08\/Serra-4x4-1-886x1024.jpg\" alt=\"\" class=\"wp-image-53632\" width=\"285\" height=\"329\" srcset=\"https:\/\/jornalfatosenoticias.com.br\/wp-content\/uploads\/2024\/08\/Serra-4x4-1-886x1024.jpg 886w, https:\/\/jornalfatosenoticias.com.br\/wp-content\/uploads\/2024\/08\/Serra-4x4-1-260x300.jpg 260w, https:\/\/jornalfatosenoticias.com.br\/wp-content\/uploads\/2024\/08\/Serra-4x4-1-768x888.jpg 768w, https:\/\/jornalfatosenoticias.com.br\/wp-content\/uploads\/2024\/08\/Serra-4x4-1.jpg 1181w\" sizes=\"auto, (max-width: 285px) 100vw, 285px\" \/><\/a><\/figure><\/div>\n\n\n\n<p>Sobre o conflito no leste europeu, Waltz concordou com o apoio americano \u00e0 Ucr\u00e2nia em um artigo publicado na Fox News, no ano passado. No entanto, ele tamb\u00e9m argumentou que &#8220;a era do cheque em branco da Ucr\u00e2nia do Congresso iria acabar&#8221;.<\/p>\n\n\n\n<div class=\"wp-block-image\"><figure class=\"aligncenter size-large is-resized\"><a href=\"https:\/\/www.legisjuris.com.br\/\"><img loading=\"lazy\" decoding=\"async\" src=\"https:\/\/jornalfatosenoticias.com.br\/wp-content\/uploads\/2024\/09\/Legis-Juris-Consultoria_logo.jpg\" alt=\"\" class=\"wp-image-53915\" width=\"408\" height=\"171\" srcset=\"https:\/\/jornalfatosenoticias.com.br\/wp-content\/uploads\/2024\/09\/Legis-Juris-Consultoria_logo.jpg 969w, https:\/\/jornalfatosenoticias.com.br\/wp-content\/uploads\/2024\/09\/Legis-Juris-Consultoria_logo-300x126.jpg 300w, https:\/\/jornalfatosenoticias.com.br\/wp-content\/uploads\/2024\/09\/Legis-Juris-Consultoria_logo-768x322.jpg 768w\" sizes=\"auto, (max-width: 408px) 100vw, 408px\" \/><\/a><\/figure><\/div>\n\n\n\n<p>O congressista disse \u00e0 emissora NPR, neste m\u00eas, que continua sendo \u201cperfeitamente razo\u00e1vel\u201d para o presidente eleito Donald Trump &#8220;ter esperan\u00e7as&#8221; de uma negocia\u00e7\u00e3o entre as duas na\u00e7\u00f5es. Durante o primeiro mandato de Trump, quatro pessoas assumiram o cargo de conselheiro de Seguran\u00e7a Nacional: Mike Flynn, HR McMaster, John Bolton e Robert O&#8217;Brien.<\/p>\n\n\n\n<div class=\"wp-block-image\"><figure class=\"aligncenter size-large is-resized\"><a href=\"https:\/\/www.instagram.com\/esteiochurrascaria\/\"><img loading=\"lazy\" decoding=\"async\" src=\"https:\/\/jornalfatosenoticias.com.br\/wp-content\/uploads\/2022\/02\/LOGO-ESTEIO-1024x730.png\" alt=\"\" class=\"wp-image-27942\" width=\"294\" height=\"209\" srcset=\"https:\/\/jornalfatosenoticias.com.br\/wp-content\/uploads\/2022\/02\/LOGO-ESTEIO-1024x730.png 1024w, https:\/\/jornalfatosenoticias.com.br\/wp-content\/uploads\/2022\/02\/LOGO-ESTEIO-300x214.png 300w, https:\/\/jornalfatosenoticias.com.br\/wp-content\/uploads\/2022\/02\/LOGO-ESTEIO-768x548.png 768w, https:\/\/jornalfatosenoticias.com.br\/wp-content\/uploads\/2022\/02\/LOGO-ESTEIO.png 1123w\" sizes=\"auto, (max-width: 294px) 100vw, 294px\" \/><\/a><\/figure><\/div>\n\n\n\n<p><strong><em>Fonte: <a href=\"https:\/\/www.gazetadopovo.com.br\/mundo\/trump-escolhe-veterano-guerra-critico-china-conselheiro-seguranca-nacional\/\">Gazeta do Povo<\/a><\/em><\/strong><\/p>\n","protected":false},"excerpt":{"rendered":"<p>O deputado republicano Michael Waltz \u00e9 cotado para assumir a pasta de Seguran\u00e7a Nacional Por Isabella de Paula Donald Trump, que tomar\u00e1 posse como presidente eleito dos EUA em janeiro, escolheu o veterano de guerra e deputado republicano pela Fl\u00f3rida Michael Waltz como seu conselheiro para assuntos de Seguran\u00e7a Nacional, segundo antecipou uma fonte an\u00f4nima [&hellip;]<\/p>\n","protected":false},"author":2,"featured_media":55621,"comment_status":"open","ping_status":"open","sticky":false,"template":"","format":"standard","meta":{"footnotes":""},"categories":[41],"tags":[85,2147,162,147,10577],"class_list":["post-55620","post","type-post","status-publish","format-standard","has-post-thumbnail","hentry","category-internacional","tag-china","tag-donald-trump","tag-israel","tag-oriente-medio","tag-ucrania"],"yoast_head":"<!-- This site is optimized with the Yoast SEO plugin v26.5 - https:\/\/yoast.com\/wordpress\/plugins\/seo\/ -->\n<title>Trump escolhe veterano de guerra e cr\u00edtico da China como conselheiro de Seguran\u00e7a Nacional - Jornal Fatos e Not\u00edcias<\/title>\n<meta name=\"robots\" content=\"index, follow, max-snippet:-1, max-image-preview:large, max-video-preview:-1\" \/>\n<link rel=\"canonical\" href=\"https:\/\/jornalfatosenoticias.com.br\/index.php\/2024\/11\/12\/trump-escolhe-veterano-de-guerra-e-critico-da-china-como-conselheiro-de-seguranca-nacional\/\" \/>\n<meta property=\"og:locale\" content=\"pt_BR\" \/>\n<meta property=\"og:type\" content=\"article\" \/>\n<meta property=\"og:title\" content=\"Trump escolhe veterano de guerra e cr\u00edtico da China como conselheiro de Seguran\u00e7a Nacional - Jornal Fatos e Not\u00edcias\" \/>\n<meta property=\"og:description\" content=\"O deputado republicano Michael Waltz \u00e9 cotado para assumir a pasta de Seguran\u00e7a Nacional Por Isabella de Paula Donald Trump, que tomar\u00e1 posse como presidente eleito dos EUA em janeiro, escolheu o veterano de guerra e deputado republicano pela Fl\u00f3rida Michael Waltz como seu conselheiro para assuntos de Seguran\u00e7a Nacional, segundo antecipou uma fonte an\u00f4nima [&hellip;]\" \/>\n<meta property=\"og:url\" content=\"https:\/\/jornalfatosenoticias.com.br\/index.php\/2024\/11\/12\/trump-escolhe-veterano-de-guerra-e-critico-da-china-como-conselheiro-de-seguranca-nacional\/\" \/>\n<meta property=\"og:site_name\" content=\"Jornal Fatos e Not\u00edcias\" \/>\n<meta property=\"article:published_time\" content=\"2024-11-12T12:52:45+00:00\" \/>\n<meta property=\"article:modified_time\" content=\"2024-11-12T12:52:47+00:00\" \/>\n<meta property=\"og:image\" content=\"https:\/\/jornalfatosenoticias.com.br\/wp-content\/uploads\/2024\/11\/Michael-Waltz_gettyimages.jpg\" \/>\n\t<meta property=\"og:image:width\" content=\"612\" \/>\n\t<meta property=\"og:image:height\" content=\"408\" \/>\n\t<meta property=\"og:image:type\" content=\"image\/jpeg\" \/>\n<meta name=\"author\" content=\"Luzimara Fernandes\" \/>\n<meta name=\"twitter:card\" content=\"summary_large_image\" \/>\n<meta name=\"twitter:label1\" content=\"Escrito por\" \/>\n\t<meta name=\"twitter:data1\" content=\"Luzimara Fernandes\" \/>\n\t<meta name=\"twitter:label2\" content=\"Est. tempo de leitura\" \/>\n\t<meta name=\"twitter:data2\" content=\"2 minutos\" \/>\n<script type=\"application\/ld+json\" class=\"yoast-schema-graph\">{\"@context\":\"https:\/\/schema.org\",\"@graph\":[{\"@type\":\"Article\",\"@id\":\"https:\/\/jornalfatosenoticias.com.br\/index.php\/2024\/11\/12\/trump-escolhe-veterano-de-guerra-e-critico-da-china-como-conselheiro-de-seguranca-nacional\/#article\",\"isPartOf\":{\"@id\":\"https:\/\/jornalfatosenoticias.com.br\/index.php\/2024\/11\/12\/trump-escolhe-veterano-de-guerra-e-critico-da-china-como-conselheiro-de-seguranca-nacional\/\"},\"author\":{\"name\":\"Luzimara Fernandes\",\"@id\":\"https:\/\/jornalfatosenoticias.com.br\/#\/schema\/person\/d63837fa13ac8666eb9e74e0985d6f81\"},\"headline\":\"Trump escolhe veterano de guerra e cr\u00edtico da China como conselheiro de Seguran\u00e7a Nacional\",\"datePublished\":\"2024-11-12T12:52:45+00:00\",\"dateModified\":\"2024-11-12T12:52:47+00:00\",\"mainEntityOfPage\":{\"@id\":\"https:\/\/jornalfatosenoticias.com.br\/index.php\/2024\/11\/12\/trump-escolhe-veterano-de-guerra-e-critico-da-china-como-conselheiro-de-seguranca-nacional\/\"},\"wordCount\":399,\"commentCount\":0,\"publisher\":{\"@id\":\"https:\/\/jornalfatosenoticias.com.br\/#organization\"},\"image\":{\"@id\":\"https:\/\/jornalfatosenoticias.com.br\/index.php\/2024\/11\/12\/trump-escolhe-veterano-de-guerra-e-critico-da-china-como-conselheiro-de-seguranca-nacional\/#primaryimage\"},\"thumbnailUrl\":\"https:\/\/jornalfatosenoticias.com.br\/wp-content\/uploads\/2024\/11\/Michael-Waltz_gettyimages.jpg\",\"keywords\":[\"china\",\"Donald Trump\",\"Israel\",\"Oriente M\u00e9dio\",\"Ucr\u00e2nia\"],\"articleSection\":[\"Internacional\"],\"inLanguage\":\"pt-BR\",\"potentialAction\":[{\"@type\":\"CommentAction\",\"name\":\"Comment\",\"target\":[\"https:\/\/jornalfatosenoticias.com.br\/index.php\/2024\/11\/12\/trump-escolhe-veterano-de-guerra-e-critico-da-china-como-conselheiro-de-seguranca-nacional\/#respond\"]}]},{\"@type\":\"WebPage\",\"@id\":\"https:\/\/jornalfatosenoticias.com.br\/index.php\/2024\/11\/12\/trump-escolhe-veterano-de-guerra-e-critico-da-china-como-conselheiro-de-seguranca-nacional\/\",\"url\":\"https:\/\/jornalfatosenoticias.com.br\/index.php\/2024\/11\/12\/trump-escolhe-veterano-de-guerra-e-critico-da-china-como-conselheiro-de-seguranca-nacional\/\",\"name\":\"Trump escolhe veterano de guerra e cr\u00edtico da China como conselheiro de Seguran\u00e7a Nacional - Jornal Fatos e Not\u00edcias\",\"isPartOf\":{\"@id\":\"https:\/\/jornalfatosenoticias.com.br\/#website\"},\"primaryImageOfPage\":{\"@id\":\"https:\/\/jornalfatosenoticias.com.br\/index.php\/2024\/11\/12\/trump-escolhe-veterano-de-guerra-e-critico-da-china-como-conselheiro-de-seguranca-nacional\/#primaryimage\"},\"image\":{\"@id\":\"https:\/\/jornalfatosenoticias.com.br\/index.php\/2024\/11\/12\/trump-escolhe-veterano-de-guerra-e-critico-da-china-como-conselheiro-de-seguranca-nacional\/#primaryimage\"},\"thumbnailUrl\":\"https:\/\/jornalfatosenoticias.com.br\/wp-content\/uploads\/2024\/11\/Michael-Waltz_gettyimages.jpg\",\"datePublished\":\"2024-11-12T12:52:45+00:00\",\"dateModified\":\"2024-11-12T12:52:47+00:00\",\"breadcrumb\":{\"@id\":\"https:\/\/jornalfatosenoticias.com.br\/index.php\/2024\/11\/12\/trump-escolhe-veterano-de-guerra-e-critico-da-china-como-conselheiro-de-seguranca-nacional\/#breadcrumb\"},\"inLanguage\":\"pt-BR\",\"potentialAction\":[{\"@type\":\"ReadAction\",\"target\":[\"https:\/\/jornalfatosenoticias.com.br\/index.php\/2024\/11\/12\/trump-escolhe-veterano-de-guerra-e-critico-da-china-como-conselheiro-de-seguranca-nacional\/\"]}]},{\"@type\":\"ImageObject\",\"inLanguage\":\"pt-BR\",\"@id\":\"https:\/\/jornalfatosenoticias.com.br\/index.php\/2024\/11\/12\/trump-escolhe-veterano-de-guerra-e-critico-da-china-como-conselheiro-de-seguranca-nacional\/#primaryimage\",\"url\":\"https:\/\/jornalfatosenoticias.com.br\/wp-content\/uploads\/2024\/11\/Michael-Waltz_gettyimages.jpg\",\"contentUrl\":\"https:\/\/jornalfatosenoticias.com.br\/wp-content\/uploads\/2024\/11\/Michael-Waltz_gettyimages.jpg\",\"width\":612,\"height\":408,\"caption\":\"Representative Michael Waltz, a Republican from Florida, speaks with former President Donald Trump, 2024 Republican presidential candidate, left, at the Steer N' Stein bar while attending the Iowa State Fair in Des Moines, Iowa, US, on Saturday, Aug. 12, 2023. Republican presidential hopefuls are crowding into Des Moines this weekend, hoping to make enough of an impression that voters will remember them come the Jan. 15 party caucuses. Photographer: Al Drago\/Bloomberg via Getty Images\"},{\"@type\":\"BreadcrumbList\",\"@id\":\"https:\/\/jornalfatosenoticias.com.br\/index.php\/2024\/11\/12\/trump-escolhe-veterano-de-guerra-e-critico-da-china-como-conselheiro-de-seguranca-nacional\/#breadcrumb\",\"itemListElement\":[{\"@type\":\"ListItem\",\"position\":1,\"name\":\"In\u00edcio\",\"item\":\"https:\/\/jornalfatosenoticias.com.br\/\"},{\"@type\":\"ListItem\",\"position\":2,\"name\":\"Trump escolhe veterano de guerra e cr\u00edtico da China como conselheiro de Seguran\u00e7a Nacional\"}]},{\"@type\":\"WebSite\",\"@id\":\"https:\/\/jornalfatosenoticias.com.br\/#website\",\"url\":\"https:\/\/jornalfatosenoticias.com.br\/\",\"name\":\"Jornal Fatos e Not\u00edcias\",\"description\":\"Not\u00edcias em geral\",\"publisher\":{\"@id\":\"https:\/\/jornalfatosenoticias.com.br\/#organization\"},\"potentialAction\":[{\"@type\":\"SearchAction\",\"target\":{\"@type\":\"EntryPoint\",\"urlTemplate\":\"https:\/\/jornalfatosenoticias.com.br\/?s={search_term_string}\"},\"query-input\":{\"@type\":\"PropertyValueSpecification\",\"valueRequired\":true,\"valueName\":\"search_term_string\"}}],\"inLanguage\":\"pt-BR\"},{\"@type\":\"Organization\",\"@id\":\"https:\/\/jornalfatosenoticias.com.br\/#organization\",\"name\":\"Jornal Fatos e Not\u00edcias\",\"url\":\"https:\/\/jornalfatosenoticias.com.br\/\",\"logo\":{\"@type\":\"ImageObject\",\"inLanguage\":\"pt-BR\",\"@id\":\"https:\/\/jornalfatosenoticias.com.br\/#\/schema\/logo\/image\/\",\"url\":\"https:\/\/jornalfatosenoticias.com.br\/wp-content\/uploads\/2020\/02\/logo120.png\",\"contentUrl\":\"https:\/\/jornalfatosenoticias.com.br\/wp-content\/uploads\/2020\/02\/logo120.png\",\"width\":1227,\"height\":120,\"caption\":\"Jornal Fatos e Not\u00edcias\"},\"image\":{\"@id\":\"https:\/\/jornalfatosenoticias.com.br\/#\/schema\/logo\/image\/\"}},{\"@type\":\"Person\",\"@id\":\"https:\/\/jornalfatosenoticias.com.br\/#\/schema\/person\/d63837fa13ac8666eb9e74e0985d6f81\",\"name\":\"Luzimara Fernandes\",\"image\":{\"@type\":\"ImageObject\",\"inLanguage\":\"pt-BR\",\"@id\":\"https:\/\/jornalfatosenoticias.com.br\/#\/schema\/person\/image\/\",\"url\":\"https:\/\/jornalfatosenoticias.com.br\/wp-content\/uploads\/2025\/05\/EU_portal.jpg\",\"contentUrl\":\"https:\/\/jornalfatosenoticias.com.br\/wp-content\/uploads\/2025\/05\/EU_portal.jpg\",\"caption\":\"Luzimara Fernandes\"},\"description\":\"Jornalista MTB 2358-ES\",\"sameAs\":[\"https:\/\/jornalfatosenoticias.com.br\"],\"url\":\"https:\/\/jornalfatosenoticias.com.br\/index.php\/author\/luzimara\/\"}]}<\/script>\n<!-- \/ Yoast SEO plugin. -->","yoast_head_json":{"title":"Trump escolhe veterano de guerra e cr\u00edtico da China como conselheiro de Seguran\u00e7a Nacional - Jornal Fatos e Not\u00edcias","robots":{"index":"index","follow":"follow","max-snippet":"max-snippet:-1","max-image-preview":"max-image-preview:large","max-video-preview":"max-video-preview:-1"},"canonical":"https:\/\/jornalfatosenoticias.com.br\/index.php\/2024\/11\/12\/trump-escolhe-veterano-de-guerra-e-critico-da-china-como-conselheiro-de-seguranca-nacional\/","og_locale":"pt_BR","og_type":"article","og_title":"Trump escolhe veterano de guerra e cr\u00edtico da China como conselheiro de Seguran\u00e7a Nacional - Jornal Fatos e Not\u00edcias","og_description":"O deputado republicano Michael Waltz \u00e9 cotado para assumir a pasta de Seguran\u00e7a Nacional Por Isabella de Paula Donald Trump, que tomar\u00e1 posse como presidente eleito dos EUA em janeiro, escolheu o veterano de guerra e deputado republicano pela Fl\u00f3rida Michael Waltz como seu conselheiro para assuntos de Seguran\u00e7a Nacional, segundo antecipou uma fonte an\u00f4nima [&hellip;]","og_url":"https:\/\/jornalfatosenoticias.com.br\/index.php\/2024\/11\/12\/trump-escolhe-veterano-de-guerra-e-critico-da-china-como-conselheiro-de-seguranca-nacional\/","og_site_name":"Jornal Fatos e Not\u00edcias","article_published_time":"2024-11-12T12:52:45+00:00","article_modified_time":"2024-11-12T12:52:47+00:00","og_image":[{"width":612,"height":408,"url":"https:\/\/jornalfatosenoticias.com.br\/wp-content\/uploads\/2024\/11\/Michael-Waltz_gettyimages.jpg","type":"image\/jpeg"}],"author":"Luzimara Fernandes","twitter_card":"summary_large_image","twitter_misc":{"Escrito por":"Luzimara Fernandes","Est. tempo de leitura":"2 minutos"},"schema":{"@context":"https:\/\/schema.org","@graph":[{"@type":"Article","@id":"https:\/\/jornalfatosenoticias.com.br\/index.php\/2024\/11\/12\/trump-escolhe-veterano-de-guerra-e-critico-da-china-como-conselheiro-de-seguranca-nacional\/#article","isPartOf":{"@id":"https:\/\/jornalfatosenoticias.com.br\/index.php\/2024\/11\/12\/trump-escolhe-veterano-de-guerra-e-critico-da-china-como-conselheiro-de-seguranca-nacional\/"},"author":{"name":"Luzimara Fernandes","@id":"https:\/\/jornalfatosenoticias.com.br\/#\/schema\/person\/d63837fa13ac8666eb9e74e0985d6f81"},"headline":"Trump escolhe veterano de guerra e cr\u00edtico da China como conselheiro de Seguran\u00e7a Nacional","datePublished":"2024-11-12T12:52:45+00:00","dateModified":"2024-11-12T12:52:47+00:00","mainEntityOfPage":{"@id":"https:\/\/jornalfatosenoticias.com.br\/index.php\/2024\/11\/12\/trump-escolhe-veterano-de-guerra-e-critico-da-china-como-conselheiro-de-seguranca-nacional\/"},"wordCount":399,"commentCount":0,"publisher":{"@id":"https:\/\/jornalfatosenoticias.com.br\/#organization"},"image":{"@id":"https:\/\/jornalfatosenoticias.com.br\/index.php\/2024\/11\/12\/trump-escolhe-veterano-de-guerra-e-critico-da-china-como-conselheiro-de-seguranca-nacional\/#primaryimage"},"thumbnailUrl":"https:\/\/jornalfatosenoticias.com.br\/wp-content\/uploads\/2024\/11\/Michael-Waltz_gettyimages.jpg","keywords":["china","Donald Trump","Israel","Oriente M\u00e9dio","Ucr\u00e2nia"],"articleSection":["Internacional"],"inLanguage":"pt-BR","potentialAction":[{"@type":"CommentAction","name":"Comment","target":["https:\/\/jornalfatosenoticias.com.br\/index.php\/2024\/11\/12\/trump-escolhe-veterano-de-guerra-e-critico-da-china-como-conselheiro-de-seguranca-nacional\/#respond"]}]},{"@type":"WebPage","@id":"https:\/\/jornalfatosenoticias.com.br\/index.php\/2024\/11\/12\/trump-escolhe-veterano-de-guerra-e-critico-da-china-como-conselheiro-de-seguranca-nacional\/","url":"https:\/\/jornalfatosenoticias.com.br\/index.php\/2024\/11\/12\/trump-escolhe-veterano-de-guerra-e-critico-da-china-como-conselheiro-de-seguranca-nacional\/","name":"Trump escolhe veterano de guerra e cr\u00edtico da China como conselheiro de Seguran\u00e7a Nacional - Jornal Fatos e Not\u00edcias","isPartOf":{"@id":"https:\/\/jornalfatosenoticias.com.br\/#website"},"primaryImageOfPage":{"@id":"https:\/\/jornalfatosenoticias.com.br\/index.php\/2024\/11\/12\/trump-escolhe-veterano-de-guerra-e-critico-da-china-como-conselheiro-de-seguranca-nacional\/#primaryimage"},"image":{"@id":"https:\/\/jornalfatosenoticias.com.br\/index.php\/2024\/11\/12\/trump-escolhe-veterano-de-guerra-e-critico-da-china-como-conselheiro-de-seguranca-nacional\/#primaryimage"},"thumbnailUrl":"https:\/\/jornalfatosenoticias.com.br\/wp-content\/uploads\/2024\/11\/Michael-Waltz_gettyimages.jpg","datePublished":"2024-11-12T12:52:45+00:00","dateModified":"2024-11-12T12:52:47+00:00","breadcrumb":{"@id":"https:\/\/jornalfatosenoticias.com.br\/index.php\/2024\/11\/12\/trump-escolhe-veterano-de-guerra-e-critico-da-china-como-conselheiro-de-seguranca-nacional\/#breadcrumb"},"inLanguage":"pt-BR","potentialAction":[{"@type":"ReadAction","target":["https:\/\/jornalfatosenoticias.com.br\/index.php\/2024\/11\/12\/trump-escolhe-veterano-de-guerra-e-critico-da-china-como-conselheiro-de-seguranca-nacional\/"]}]},{"@type":"ImageObject","inLanguage":"pt-BR","@id":"https:\/\/jornalfatosenoticias.com.br\/index.php\/2024\/11\/12\/trump-escolhe-veterano-de-guerra-e-critico-da-china-como-conselheiro-de-seguranca-nacional\/#primaryimage","url":"https:\/\/jornalfatosenoticias.com.br\/wp-content\/uploads\/2024\/11\/Michael-Waltz_gettyimages.jpg","contentUrl":"https:\/\/jornalfatosenoticias.com.br\/wp-content\/uploads\/2024\/11\/Michael-Waltz_gettyimages.jpg","width":612,"height":408,"caption":"Representative Michael Waltz, a Republican from Florida, speaks with former President Donald Trump, 2024 Republican presidential candidate, left, at the Steer N' Stein bar while attending the Iowa State Fair in Des Moines, Iowa, US, on Saturday, Aug. 12, 2023. Republican presidential hopefuls are crowding into Des Moines this weekend, hoping to make enough of an impression that voters will remember them come the Jan. 15 party caucuses. Photographer: Al Drago\/Bloomberg via Getty Images"},{"@type":"BreadcrumbList","@id":"https:\/\/jornalfatosenoticias.com.br\/index.php\/2024\/11\/12\/trump-escolhe-veterano-de-guerra-e-critico-da-china-como-conselheiro-de-seguranca-nacional\/#breadcrumb","itemListElement":[{"@type":"ListItem","position":1,"name":"In\u00edcio","item":"https:\/\/jornalfatosenoticias.com.br\/"},{"@type":"ListItem","position":2,"name":"Trump escolhe veterano de guerra e cr\u00edtico da China como conselheiro de Seguran\u00e7a Nacional"}]},{"@type":"WebSite","@id":"https:\/\/jornalfatosenoticias.com.br\/#website","url":"https:\/\/jornalfatosenoticias.com.br\/","name":"Jornal Fatos e Not\u00edcias","description":"Not\u00edcias em geral","publisher":{"@id":"https:\/\/jornalfatosenoticias.com.br\/#organization"},"potentialAction":[{"@type":"SearchAction","target":{"@type":"EntryPoint","urlTemplate":"https:\/\/jornalfatosenoticias.com.br\/?s={search_term_string}"},"query-input":{"@type":"PropertyValueSpecification","valueRequired":true,"valueName":"search_term_string"}}],"inLanguage":"pt-BR"},{"@type":"Organization","@id":"https:\/\/jornalfatosenoticias.com.br\/#organization","name":"Jornal Fatos e Not\u00edcias","url":"https:\/\/jornalfatosenoticias.com.br\/","logo":{"@type":"ImageObject","inLanguage":"pt-BR","@id":"https:\/\/jornalfatosenoticias.com.br\/#\/schema\/logo\/image\/","url":"https:\/\/jornalfatosenoticias.com.br\/wp-content\/uploads\/2020\/02\/logo120.png","contentUrl":"https:\/\/jornalfatosenoticias.com.br\/wp-content\/uploads\/2020\/02\/logo120.png","width":1227,"height":120,"caption":"Jornal Fatos e Not\u00edcias"},"image":{"@id":"https:\/\/jornalfatosenoticias.com.br\/#\/schema\/logo\/image\/"}},{"@type":"Person","@id":"https:\/\/jornalfatosenoticias.com.br\/#\/schema\/person\/d63837fa13ac8666eb9e74e0985d6f81","name":"Luzimara Fernandes","image":{"@type":"ImageObject","inLanguage":"pt-BR","@id":"https:\/\/jornalfatosenoticias.com.br\/#\/schema\/person\/image\/","url":"https:\/\/jornalfatosenoticias.com.br\/wp-content\/uploads\/2025\/05\/EU_portal.jpg","contentUrl":"https:\/\/jornalfatosenoticias.com.br\/wp-content\/uploads\/2025\/05\/EU_portal.jpg","caption":"Luzimara Fernandes"},"description":"Jornalista MTB 2358-ES","sameAs":["https:\/\/jornalfatosenoticias.com.br"],"url":"https:\/\/jornalfatosenoticias.com.br\/index.php\/author\/luzimara\/"}]}},"cc_featured_image_caption":{"caption_text":"(Foto: Getty Images)","source_text":"","source_url":""},"jetpack_featured_media_url":"https:\/\/jornalfatosenoticias.com.br\/wp-content\/uploads\/2024\/11\/Michael-Waltz_gettyimages.jpg","_links":{"self":[{"href":"https:\/\/jornalfatosenoticias.com.br\/index.php\/wp-json\/wp\/v2\/posts\/55620","targetHints":{"allow":["GET"]}}],"collection":[{"href":"https:\/\/jornalfatosenoticias.com.br\/index.php\/wp-json\/wp\/v2\/posts"}],"about":[{"href":"https:\/\/jornalfatosenoticias.com.br\/index.php\/wp-json\/wp\/v2\/types\/post"}],"author":[{"embeddable":true,"href":"https:\/\/jornalfatosenoticias.com.br\/index.php\/wp-json\/wp\/v2\/users\/2"}],"replies":[{"embeddable":true,"href":"https:\/\/jornalfatosenoticias.com.br\/index.php\/wp-json\/wp\/v2\/comments?post=55620"}],"version-history":[{"count":0,"href":"https:\/\/jornalfatosenoticias.com.br\/index.php\/wp-json\/wp\/v2\/posts\/55620\/revisions"}],"wp:featuredmedia":[{"embeddable":true,"href":"https:\/\/jornalfatosenoticias.com.br\/index.php\/wp-json\/wp\/v2\/media\/55621"}],"wp:attachment":[{"href":"https:\/\/jornalfatosenoticias.com.br\/index.php\/wp-json\/wp\/v2\/media?parent=55620"}],"wp:term":[{"taxonomy":"category","embeddable":true,"href":"https:\/\/jornalfatosenoticias.com.br\/index.php\/wp-json\/wp\/v2\/categories?post=55620"},{"taxonomy":"post_tag","embeddable":true,"href":"https:\/\/jornalfatosenoticias.com.br\/index.php\/wp-json\/wp\/v2\/tags?post=55620"}],"curies":[{"name":"wp","href":"https:\/\/api.w.org\/{rel}","templated":true}]}}