{"id":55623,"date":"2024-11-12T10:12:36","date_gmt":"2024-11-12T13:12:36","guid":{"rendered":"https:\/\/jornalfatosenoticias.com.br\/?p=55623"},"modified":"2024-11-12T10:13:01","modified_gmt":"2024-11-12T13:13:01","slug":"saiu-a-lista-dos-10-estados-mais-pobres-em-todo-o-brasil","status":"publish","type":"post","link":"https:\/\/jornalfatosenoticias.com.br\/index.php\/2024\/11\/12\/saiu-a-lista-dos-10-estados-mais-pobres-em-todo-o-brasil\/","title":{"rendered":"Saiu a lista dos 10 estados mais pobres do Brasil"},"content":{"rendered":"\n<p><em><span class=\"has-inline-color has-black-color\">Estados do Nordeste s\u00e3o maioria que apresentam valores significativamente abaixo da m\u00e9dia nacional<\/span><\/em><\/p>\n\n\n\n<p><span class=\"has-inline-color has-black-color\">Por <strong><a href=\"https:\/\/terrabrasilnoticias.com\/author\/yudimyth\/\">Yudi Soares<\/a><\/strong><\/span><\/p>\n\n\n\n<div class=\"wp-block-image\"><figure class=\"aligncenter size-large\"><a href=\"https:\/\/panper.com.br\/\"><img loading=\"lazy\" decoding=\"async\" width=\"1024\" height=\"111\" src=\"https:\/\/jornalfatosenoticias.com.br\/wp-content\/uploads\/2020\/02\/WhatsApp-Image-2022-09-23-at-12.09.18-1024x111.jpeg\" alt=\"\" class=\"wp-image-34527\" srcset=\"https:\/\/jornalfatosenoticias.com.br\/wp-content\/uploads\/2020\/02\/WhatsApp-Image-2022-09-23-at-12.09.18-1024x111.jpeg 1024w, https:\/\/jornalfatosenoticias.com.br\/wp-content\/uploads\/2020\/02\/WhatsApp-Image-2022-09-23-at-12.09.18-300x32.jpeg 300w, https:\/\/jornalfatosenoticias.com.br\/wp-content\/uploads\/2020\/02\/WhatsApp-Image-2022-09-23-at-12.09.18-768x83.jpeg 768w, https:\/\/jornalfatosenoticias.com.br\/wp-content\/uploads\/2020\/02\/WhatsApp-Image-2022-09-23-at-12.09.18.jpeg 1121w\" sizes=\"auto, (max-width: 1024px) 100vw, 1024px\" \/><\/a><\/figure><\/div>\n\n\n\n<p>O conceito de <a href=\"https:\/\/www.ibge.gov.br\/explica\/pib.php\">PIB<\/a> \u00e9 fundamental quando se busca entender a distribui\u00e7\u00e3o de riquezas e o desenvolvimento econ\u00f4mico de uma regi\u00e3o. No Brasil, essa medida \u00e9 especialmente relevante para mapear as desigualdades entre diferentes estados e regi\u00f5es. Notavelmente, os estados das regi\u00f5es Norte e Nordeste apresentam valores significativamente abaixo da m\u00e9dia nacional, refletindo desafios estruturais importantes.<br>O PIB per capita n\u00e3o apenas indica a m\u00e9dia de riqueza gerada por habitante, mas tamb\u00e9m oferece uma perspectiva sobre o bem-estar econ\u00f4mico da popula\u00e7\u00e3o. Em contextos onde essa medida \u00e9 baixa, h\u00e1 frequentemente obst\u00e1culos para o acesso a servi\u00e7os p\u00fablicos eficientes, \u00e0 infraestrutura adequada e \u00e0s oportunidades de um mercado de trabalho competitivo.<\/p>\n\n\n\n<div class=\"wp-block-image\"><figure class=\"aligncenter size-large is-resized\"><a href=\"https:\/\/www.ithbrasil.com.br\/\"><img loading=\"lazy\" decoding=\"async\" src=\"https:\/\/jornalfatosenoticias.com.br\/wp-content\/uploads\/2023\/08\/ITH.jpeg\" alt=\"\" class=\"wp-image-44638\" width=\"330\" height=\"268\" srcset=\"https:\/\/jornalfatosenoticias.com.br\/wp-content\/uploads\/2023\/08\/ITH.jpeg 800w, https:\/\/jornalfatosenoticias.com.br\/wp-content\/uploads\/2023\/08\/ITH-300x244.jpeg 300w, https:\/\/jornalfatosenoticias.com.br\/wp-content\/uploads\/2023\/08\/ITH-768x624.jpeg 768w\" sizes=\"auto, (max-width: 330px) 100vw, 330px\" \/><\/a><\/figure><\/div>\n\n\n\n<h3 class=\"wp-block-heading\"><span class=\"has-inline-color has-luminous-vivid-amber-color\">Os 10 estados mais pobres do Brasil<\/span><\/h3>\n\n\n\n<ol class=\"wp-block-list\"><li>Maranh\u00e3o \u2013 PIB per capita: R$ 17.471,85<\/li><li>Para\u00edba \u2013 PIB per capita: R$ 19.081,81<\/li><li>Piau\u00ed \u2013 PIB per capita: R$ 19.465,69<\/li><li>Cear\u00e1 \u2013 PIB per capita: R$ 21.090,10<\/li><li>Sergipe \u2013 PIB per capita: R$ 22.177,45<\/li><li>Rio Grande do Norte \u2013 PIB per capita: R$ 22.516,97<\/li><li>Alagoas \u2013 PIB per capita: R$ 22.662,01<\/li><li>Pernambuco \u2013 PIB per capita: R$ 22.823,59<\/li><li>Amap\u00e1 \u2013 PIB per capita: R$ 22.902,86<\/li><li>Bahia \u2013 PIB per capita: R$ 23.530,94<\/li><\/ol>\n\n\n\n<div class=\"wp-block-image\"><figure class=\"aligncenter size-large\"><img loading=\"lazy\" decoding=\"async\" width=\"612\" height=\"406\" src=\"https:\/\/jornalfatosenoticias.com.br\/wp-content\/uploads\/2024\/11\/pobreza_istock.jpg\" alt=\"\" class=\"wp-image-55624\" srcset=\"https:\/\/jornalfatosenoticias.com.br\/wp-content\/uploads\/2024\/11\/pobreza_istock.jpg 612w, https:\/\/jornalfatosenoticias.com.br\/wp-content\/uploads\/2024\/11\/pobreza_istock-300x199.jpg 300w\" sizes=\"auto, (max-width: 612px) 100vw, 612px\" \/><figcaption><em><span class=\"has-inline-color has-black-color\">Bairro pobre nos sub\u00farbios de Fortaleza, Brasil (Foto: iStock)<\/span><\/em><\/figcaption><\/figure><\/div>\n\n\n\n<p>Estados brasileiros com os menores PIBs per capita geralmente enfrentam desafios relacionados \u00e0 infraestrutura e \u00e0 economia local. Estradas mal conservadas, redes de saneamento insuficientes e fornecimento irregular de energia s\u00e3o problemas recorrentes que afastam o investimento privado e limitam o potencial de crescimento econ\u00f4mico dessas \u00e1reas.<\/p>\n\n\n\n<div class=\"wp-block-image\"><figure class=\"aligncenter size-large is-resized\"><a href=\"https:\/\/www.instagram.com\/ligadossaborespizzaria\/\"><img loading=\"lazy\" decoding=\"async\" src=\"https:\/\/jornalfatosenoticias.com.br\/wp-content\/uploads\/2024\/09\/WhatsApp-Image-2024-09-14-at-22.46.10-819x1024.jpeg\" alt=\"\" class=\"wp-image-54180\" width=\"304\" height=\"380\" srcset=\"https:\/\/jornalfatosenoticias.com.br\/wp-content\/uploads\/2024\/09\/WhatsApp-Image-2024-09-14-at-22.46.10-819x1024.jpeg 819w, https:\/\/jornalfatosenoticias.com.br\/wp-content\/uploads\/2024\/09\/WhatsApp-Image-2024-09-14-at-22.46.10-240x300.jpeg 240w, https:\/\/jornalfatosenoticias.com.br\/wp-content\/uploads\/2024\/09\/WhatsApp-Image-2024-09-14-at-22.46.10-768x960.jpeg 768w, https:\/\/jornalfatosenoticias.com.br\/wp-content\/uploads\/2024\/09\/WhatsApp-Image-2024-09-14-at-22.46.10.jpeg 1024w\" sizes=\"auto, (max-width: 304px) 100vw, 304px\" \/><\/a><\/figure><\/div>\n\n\n\n<p>A economia nessas regi\u00f5es muitas vezes \u00e9 sustentada por atividades de menor valor agregado, como a agricultura de subsist\u00eancia e pequenos neg\u00f3cios familiares. Esta estrutura econ\u00f4mica limita a gera\u00e7\u00e3o de riquezas e perpetua um ciclo de estagna\u00e7\u00e3o que dificulta progressos significativos em termos de desenvolvimento social e econ\u00f4mico.<\/p>\n\n\n\n<div class=\"wp-block-image\"><figure class=\"aligncenter size-large is-resized\"><a href=\"https:\/\/www.legisjuris.com.br\/\"><img loading=\"lazy\" decoding=\"async\" src=\"https:\/\/jornalfatosenoticias.com.br\/wp-content\/uploads\/2024\/09\/Legis-Juris-Consultoria_logo.jpg\" alt=\"\" class=\"wp-image-53915\" width=\"475\" height=\"199\" srcset=\"https:\/\/jornalfatosenoticias.com.br\/wp-content\/uploads\/2024\/09\/Legis-Juris-Consultoria_logo.jpg 969w, https:\/\/jornalfatosenoticias.com.br\/wp-content\/uploads\/2024\/09\/Legis-Juris-Consultoria_logo-300x126.jpg 300w, https:\/\/jornalfatosenoticias.com.br\/wp-content\/uploads\/2024\/09\/Legis-Juris-Consultoria_logo-768x322.jpg 768w\" sizes=\"auto, (max-width: 475px) 100vw, 475px\" \/><\/a><\/figure><\/div>\n\n\n\n<p>Promover um aumento no PIB per capita dessas regi\u00f5es requer pol\u00edticas p\u00fablicas eficazes, que incentivem a diversifica\u00e7\u00e3o econ\u00f4mica e aprimorem a infraestrutura b\u00e1sica. Investimentos na educa\u00e7\u00e3o tornam-se imprescind\u00edveis para elevar a qualifica\u00e7\u00e3o profissional e atrair ind\u00fastrias de maior valor agregado.<\/p>\n\n\n\n<div class=\"wp-block-image\"><figure class=\"aligncenter size-large\"><a href=\"https:\/\/cesconetto.com.br\/\"><img loading=\"lazy\" decoding=\"async\" width=\"300\" height=\"250\" src=\"https:\/\/jornalfatosenoticias.com.br\/wp-content\/uploads\/2022\/02\/Banner-2.png\" alt=\"\" class=\"wp-image-27877\"\/><\/a><\/figure><\/div>\n\n\n\n<p>A implementa\u00e7\u00e3o de incentivos fiscais e log\u00edsticos pode ser um catalisador para a instala\u00e7\u00e3o de novas ind\u00fastrias, com potencial para a cria\u00e7\u00e3o de empregos e gera\u00e7\u00e3o de rendas. Al\u00e9m disso, melhorar a infraestrutura, como estradas e redes de saneamento, bem como garantir um fornecimento de energia confi\u00e1vel, s\u00e3o passos fundamentais para tornar essas \u00e1reas mais atrativas a novos investimentos.<\/p>\n\n\n\n<div class=\"wp-block-image\"><figure class=\"aligncenter size-large is-resized\"><a href=\"https:\/\/www.controlsystems.com.br\/\"><img loading=\"lazy\" decoding=\"async\" src=\"https:\/\/jornalfatosenoticias.com.br\/wp-content\/uploads\/2020\/02\/CONTROL-CS.jpg\" alt=\"\" class=\"wp-image-44991\" width=\"293\" height=\"351\" srcset=\"https:\/\/jornalfatosenoticias.com.br\/wp-content\/uploads\/2020\/02\/CONTROL-CS.jpg 834w, https:\/\/jornalfatosenoticias.com.br\/wp-content\/uploads\/2020\/02\/CONTROL-CS-250x300.jpg 250w, https:\/\/jornalfatosenoticias.com.br\/wp-content\/uploads\/2020\/02\/CONTROL-CS-768x921.jpg 768w\" sizes=\"auto, (max-width: 293px) 100vw, 293px\" \/><\/a><\/figure><\/div>\n\n\n\n<p>Segundo dados de institui\u00e7\u00f5es como o IBGE, \u00e9 evidente a necessidade de a\u00e7\u00f5es que minimizem as desigualdades regionais dentro do Brasil. A aplica\u00e7\u00e3o de estrat\u00e9gias bem planejadas e o direcionamento de recursos adequados s\u00e3o essenciais para fomentar um crescimento sustent\u00e1vel nos estados mais necessitados, promovendo uma distribui\u00e7\u00e3o de riquezas mais equilibrada.<\/p>\n\n\n\n<div class=\"wp-block-image\"><figure class=\"aligncenter size-large\"><a href=\"http:\/\/www.ferrarimaquinas.com.br\/\"><img loading=\"lazy\" decoding=\"async\" width=\"300\" height=\"250\" src=\"https:\/\/jornalfatosenoticias.com.br\/wp-content\/uploads\/2022\/02\/FERRARI_MAQUINAS-E-FERRAMENTAS2.jpg\" alt=\"\" class=\"wp-image-27860\"\/><\/a><\/figure><\/div>\n\n\n\n<p>O envolvimento conjunto entre governo, empresas e a pr\u00f3pria sociedade \u00e9 crucial para transformar essa situa\u00e7\u00e3o. Somente com esfor\u00e7os solid\u00e1rios e coordenados ser\u00e1 poss\u00edvel criar um ambiente econ\u00f4mico mais igualit\u00e1rio, gerando impacto positivo na qualidade de vida de milh\u00f5es de pessoas em todo o territ\u00f3rio nacional.<\/p>\n\n\n\n<div class=\"wp-block-image\"><figure class=\"aligncenter size-large is-resized\"><a href=\"https:\/\/www.instagram.com\/restaurantepegoretti\/\"><img loading=\"lazy\" decoding=\"async\" src=\"https:\/\/jornalfatosenoticias.com.br\/wp-content\/uploads\/2023\/12\/pegoretti-logo-pdf-1024x389.jpg\" alt=\"\" class=\"wp-image-47536\" width=\"446\" height=\"169\" srcset=\"https:\/\/jornalfatosenoticias.com.br\/wp-content\/uploads\/2023\/12\/pegoretti-logo-pdf-1024x389.jpg 1024w, https:\/\/jornalfatosenoticias.com.br\/wp-content\/uploads\/2023\/12\/pegoretti-logo-pdf-300x114.jpg 300w, https:\/\/jornalfatosenoticias.com.br\/wp-content\/uploads\/2023\/12\/pegoretti-logo-pdf-768x291.jpg 768w, https:\/\/jornalfatosenoticias.com.br\/wp-content\/uploads\/2023\/12\/pegoretti-logo-pdf.jpg 1120w\" sizes=\"auto, (max-width: 446px) 100vw, 446px\" \/><\/a><\/figure><\/div>\n\n\n\n<p><strong><em>Fonte: <a href=\"https:\/\/terrabrasilnoticias.com\/2024\/11\/saiu-a-lista-dos-10-estados-mais-pobres-em-todo-o-brasil\/\">Terra Brasil Not\u00edcias<\/a><\/em><\/strong><\/p>\n","protected":false},"excerpt":{"rendered":"<p>Estados do Nordeste s\u00e3o maioria que apresentam valores significativamente abaixo da m\u00e9dia nacional Por Yudi Soares O conceito de PIB \u00e9 fundamental quando se busca entender a distribui\u00e7\u00e3o de riquezas e o desenvolvimento econ\u00f4mico de uma regi\u00e3o. No Brasil, essa medida \u00e9 especialmente relevante para mapear as desigualdades entre diferentes estados e regi\u00f5es. Notavelmente, os [&hellip;]<\/p>\n","protected":false},"author":2,"featured_media":55625,"comment_status":"open","ping_status":"open","sticky":false,"template":"","format":"standard","meta":{"footnotes":""},"categories":[5],"tags":[25371,597,25370,25369,278,1202],"class_list":["post-55623","post","type-post","status-publish","format-standard","has-post-thumbnail","hentry","category-geral","tag-bem-estar-economico","tag-brasil","tag-desigualdades","tag-estados-mais-pobres-do-brasil","tag-pib","tag-pobreza"],"yoast_head":"<!-- This site is optimized with the Yoast SEO plugin v26.5 - https:\/\/yoast.com\/wordpress\/plugins\/seo\/ -->\n<title>Saiu a lista dos 10 estados mais pobres do Brasil - Jornal Fatos e Not\u00edcias<\/title>\n<meta name=\"robots\" content=\"index, follow, max-snippet:-1, max-image-preview:large, max-video-preview:-1\" \/>\n<link rel=\"canonical\" href=\"https:\/\/jornalfatosenoticias.com.br\/index.php\/2024\/11\/12\/saiu-a-lista-dos-10-estados-mais-pobres-em-todo-o-brasil\/\" \/>\n<meta property=\"og:locale\" content=\"pt_BR\" \/>\n<meta property=\"og:type\" content=\"article\" \/>\n<meta property=\"og:title\" content=\"Saiu a lista dos 10 estados mais pobres do Brasil - Jornal Fatos e Not\u00edcias\" \/>\n<meta property=\"og:description\" content=\"Estados do Nordeste s\u00e3o maioria que apresentam valores significativamente abaixo da m\u00e9dia nacional Por Yudi Soares O conceito de PIB \u00e9 fundamental quando se busca entender a distribui\u00e7\u00e3o de riquezas e o desenvolvimento econ\u00f4mico de uma regi\u00e3o. No Brasil, essa medida \u00e9 especialmente relevante para mapear as desigualdades entre diferentes estados e regi\u00f5es. Notavelmente, os [&hellip;]\" \/>\n<meta property=\"og:url\" content=\"https:\/\/jornalfatosenoticias.com.br\/index.php\/2024\/11\/12\/saiu-a-lista-dos-10-estados-mais-pobres-em-todo-o-brasil\/\" \/>\n<meta property=\"og:site_name\" content=\"Jornal Fatos e Not\u00edcias\" \/>\n<meta property=\"article:published_time\" content=\"2024-11-12T13:12:36+00:00\" \/>\n<meta property=\"article:modified_time\" content=\"2024-11-12T13:13:01+00:00\" \/>\n<meta property=\"og:image\" content=\"https:\/\/jornalfatosenoticias.com.br\/wp-content\/uploads\/2024\/11\/pobreza-capa_istock.jpg\" \/>\n\t<meta property=\"og:image:width\" content=\"612\" \/>\n\t<meta property=\"og:image:height\" content=\"408\" \/>\n\t<meta property=\"og:image:type\" content=\"image\/jpeg\" \/>\n<meta name=\"author\" content=\"Luzimara Fernandes\" \/>\n<meta name=\"twitter:card\" content=\"summary_large_image\" \/>\n<meta name=\"twitter:label1\" content=\"Escrito por\" \/>\n\t<meta name=\"twitter:data1\" content=\"Luzimara Fernandes\" \/>\n\t<meta name=\"twitter:label2\" content=\"Est. tempo de leitura\" \/>\n\t<meta name=\"twitter:data2\" content=\"3 minutos\" \/>\n<script type=\"application\/ld+json\" class=\"yoast-schema-graph\">{\"@context\":\"https:\/\/schema.org\",\"@graph\":[{\"@type\":\"Article\",\"@id\":\"https:\/\/jornalfatosenoticias.com.br\/index.php\/2024\/11\/12\/saiu-a-lista-dos-10-estados-mais-pobres-em-todo-o-brasil\/#article\",\"isPartOf\":{\"@id\":\"https:\/\/jornalfatosenoticias.com.br\/index.php\/2024\/11\/12\/saiu-a-lista-dos-10-estados-mais-pobres-em-todo-o-brasil\/\"},\"author\":{\"name\":\"Luzimara Fernandes\",\"@id\":\"https:\/\/jornalfatosenoticias.com.br\/#\/schema\/person\/d63837fa13ac8666eb9e74e0985d6f81\"},\"headline\":\"Saiu a lista dos 10 estados mais pobres do Brasil\",\"datePublished\":\"2024-11-12T13:12:36+00:00\",\"dateModified\":\"2024-11-12T13:13:01+00:00\",\"mainEntityOfPage\":{\"@id\":\"https:\/\/jornalfatosenoticias.com.br\/index.php\/2024\/11\/12\/saiu-a-lista-dos-10-estados-mais-pobres-em-todo-o-brasil\/\"},\"wordCount\":553,\"commentCount\":0,\"publisher\":{\"@id\":\"https:\/\/jornalfatosenoticias.com.br\/#organization\"},\"image\":{\"@id\":\"https:\/\/jornalfatosenoticias.com.br\/index.php\/2024\/11\/12\/saiu-a-lista-dos-10-estados-mais-pobres-em-todo-o-brasil\/#primaryimage\"},\"thumbnailUrl\":\"https:\/\/jornalfatosenoticias.com.br\/wp-content\/uploads\/2024\/11\/pobreza-capa_istock.jpg\",\"keywords\":[\"bem-estar econ\u00f4mico\",\"Brasil\",\"desigualdades\",\"estados mais pobres do Brasil\",\"PIB\",\"pobreza\"],\"articleSection\":[\"Geral\"],\"inLanguage\":\"pt-BR\",\"potentialAction\":[{\"@type\":\"CommentAction\",\"name\":\"Comment\",\"target\":[\"https:\/\/jornalfatosenoticias.com.br\/index.php\/2024\/11\/12\/saiu-a-lista-dos-10-estados-mais-pobres-em-todo-o-brasil\/#respond\"]}]},{\"@type\":\"WebPage\",\"@id\":\"https:\/\/jornalfatosenoticias.com.br\/index.php\/2024\/11\/12\/saiu-a-lista-dos-10-estados-mais-pobres-em-todo-o-brasil\/\",\"url\":\"https:\/\/jornalfatosenoticias.com.br\/index.php\/2024\/11\/12\/saiu-a-lista-dos-10-estados-mais-pobres-em-todo-o-brasil\/\",\"name\":\"Saiu a lista dos 10 estados mais pobres do Brasil - Jornal Fatos e Not\u00edcias\",\"isPartOf\":{\"@id\":\"https:\/\/jornalfatosenoticias.com.br\/#website\"},\"primaryImageOfPage\":{\"@id\":\"https:\/\/jornalfatosenoticias.com.br\/index.php\/2024\/11\/12\/saiu-a-lista-dos-10-estados-mais-pobres-em-todo-o-brasil\/#primaryimage\"},\"image\":{\"@id\":\"https:\/\/jornalfatosenoticias.com.br\/index.php\/2024\/11\/12\/saiu-a-lista-dos-10-estados-mais-pobres-em-todo-o-brasil\/#primaryimage\"},\"thumbnailUrl\":\"https:\/\/jornalfatosenoticias.com.br\/wp-content\/uploads\/2024\/11\/pobreza-capa_istock.jpg\",\"datePublished\":\"2024-11-12T13:12:36+00:00\",\"dateModified\":\"2024-11-12T13:13:01+00:00\",\"breadcrumb\":{\"@id\":\"https:\/\/jornalfatosenoticias.com.br\/index.php\/2024\/11\/12\/saiu-a-lista-dos-10-estados-mais-pobres-em-todo-o-brasil\/#breadcrumb\"},\"inLanguage\":\"pt-BR\",\"potentialAction\":[{\"@type\":\"ReadAction\",\"target\":[\"https:\/\/jornalfatosenoticias.com.br\/index.php\/2024\/11\/12\/saiu-a-lista-dos-10-estados-mais-pobres-em-todo-o-brasil\/\"]}]},{\"@type\":\"ImageObject\",\"inLanguage\":\"pt-BR\",\"@id\":\"https:\/\/jornalfatosenoticias.com.br\/index.php\/2024\/11\/12\/saiu-a-lista-dos-10-estados-mais-pobres-em-todo-o-brasil\/#primaryimage\",\"url\":\"https:\/\/jornalfatosenoticias.com.br\/wp-content\/uploads\/2024\/11\/pobreza-capa_istock.jpg\",\"contentUrl\":\"https:\/\/jornalfatosenoticias.com.br\/wp-content\/uploads\/2024\/11\/pobreza-capa_istock.jpg\",\"width\":612,\"height\":408,\"caption\":\"Salvador, Brazil \u2013 May 07, 2022: A homeless individual stands in the street, holding a cardboard sign with a hand-written message\"},{\"@type\":\"BreadcrumbList\",\"@id\":\"https:\/\/jornalfatosenoticias.com.br\/index.php\/2024\/11\/12\/saiu-a-lista-dos-10-estados-mais-pobres-em-todo-o-brasil\/#breadcrumb\",\"itemListElement\":[{\"@type\":\"ListItem\",\"position\":1,\"name\":\"In\u00edcio\",\"item\":\"https:\/\/jornalfatosenoticias.com.br\/\"},{\"@type\":\"ListItem\",\"position\":2,\"name\":\"Saiu a lista dos 10 estados mais pobres do Brasil\"}]},{\"@type\":\"WebSite\",\"@id\":\"https:\/\/jornalfatosenoticias.com.br\/#website\",\"url\":\"https:\/\/jornalfatosenoticias.com.br\/\",\"name\":\"Jornal Fatos e Not\u00edcias\",\"description\":\"Not\u00edcias em geral\",\"publisher\":{\"@id\":\"https:\/\/jornalfatosenoticias.com.br\/#organization\"},\"potentialAction\":[{\"@type\":\"SearchAction\",\"target\":{\"@type\":\"EntryPoint\",\"urlTemplate\":\"https:\/\/jornalfatosenoticias.com.br\/?s={search_term_string}\"},\"query-input\":{\"@type\":\"PropertyValueSpecification\",\"valueRequired\":true,\"valueName\":\"search_term_string\"}}],\"inLanguage\":\"pt-BR\"},{\"@type\":\"Organization\",\"@id\":\"https:\/\/jornalfatosenoticias.com.br\/#organization\",\"name\":\"Jornal Fatos e Not\u00edcias\",\"url\":\"https:\/\/jornalfatosenoticias.com.br\/\",\"logo\":{\"@type\":\"ImageObject\",\"inLanguage\":\"pt-BR\",\"@id\":\"https:\/\/jornalfatosenoticias.com.br\/#\/schema\/logo\/image\/\",\"url\":\"https:\/\/jornalfatosenoticias.com.br\/wp-content\/uploads\/2020\/02\/logo120.png\",\"contentUrl\":\"https:\/\/jornalfatosenoticias.com.br\/wp-content\/uploads\/2020\/02\/logo120.png\",\"width\":1227,\"height\":120,\"caption\":\"Jornal Fatos e Not\u00edcias\"},\"image\":{\"@id\":\"https:\/\/jornalfatosenoticias.com.br\/#\/schema\/logo\/image\/\"}},{\"@type\":\"Person\",\"@id\":\"https:\/\/jornalfatosenoticias.com.br\/#\/schema\/person\/d63837fa13ac8666eb9e74e0985d6f81\",\"name\":\"Luzimara Fernandes\",\"image\":{\"@type\":\"ImageObject\",\"inLanguage\":\"pt-BR\",\"@id\":\"https:\/\/jornalfatosenoticias.com.br\/#\/schema\/person\/image\/\",\"url\":\"https:\/\/jornalfatosenoticias.com.br\/wp-content\/uploads\/2025\/05\/EU_portal.jpg\",\"contentUrl\":\"https:\/\/jornalfatosenoticias.com.br\/wp-content\/uploads\/2025\/05\/EU_portal.jpg\",\"caption\":\"Luzimara Fernandes\"},\"description\":\"Jornalista MTB 2358-ES\",\"sameAs\":[\"https:\/\/jornalfatosenoticias.com.br\"],\"url\":\"https:\/\/jornalfatosenoticias.com.br\/index.php\/author\/luzimara\/\"}]}<\/script>\n<!-- \/ Yoast SEO plugin. -->","yoast_head_json":{"title":"Saiu a lista dos 10 estados mais pobres do Brasil - Jornal Fatos e Not\u00edcias","robots":{"index":"index","follow":"follow","max-snippet":"max-snippet:-1","max-image-preview":"max-image-preview:large","max-video-preview":"max-video-preview:-1"},"canonical":"https:\/\/jornalfatosenoticias.com.br\/index.php\/2024\/11\/12\/saiu-a-lista-dos-10-estados-mais-pobres-em-todo-o-brasil\/","og_locale":"pt_BR","og_type":"article","og_title":"Saiu a lista dos 10 estados mais pobres do Brasil - Jornal Fatos e Not\u00edcias","og_description":"Estados do Nordeste s\u00e3o maioria que apresentam valores significativamente abaixo da m\u00e9dia nacional Por Yudi Soares O conceito de PIB \u00e9 fundamental quando se busca entender a distribui\u00e7\u00e3o de riquezas e o desenvolvimento econ\u00f4mico de uma regi\u00e3o. No Brasil, essa medida \u00e9 especialmente relevante para mapear as desigualdades entre diferentes estados e regi\u00f5es. Notavelmente, os [&hellip;]","og_url":"https:\/\/jornalfatosenoticias.com.br\/index.php\/2024\/11\/12\/saiu-a-lista-dos-10-estados-mais-pobres-em-todo-o-brasil\/","og_site_name":"Jornal Fatos e Not\u00edcias","article_published_time":"2024-11-12T13:12:36+00:00","article_modified_time":"2024-11-12T13:13:01+00:00","og_image":[{"width":612,"height":408,"url":"https:\/\/jornalfatosenoticias.com.br\/wp-content\/uploads\/2024\/11\/pobreza-capa_istock.jpg","type":"image\/jpeg"}],"author":"Luzimara Fernandes","twitter_card":"summary_large_image","twitter_misc":{"Escrito por":"Luzimara Fernandes","Est. tempo de leitura":"3 minutos"},"schema":{"@context":"https:\/\/schema.org","@graph":[{"@type":"Article","@id":"https:\/\/jornalfatosenoticias.com.br\/index.php\/2024\/11\/12\/saiu-a-lista-dos-10-estados-mais-pobres-em-todo-o-brasil\/#article","isPartOf":{"@id":"https:\/\/jornalfatosenoticias.com.br\/index.php\/2024\/11\/12\/saiu-a-lista-dos-10-estados-mais-pobres-em-todo-o-brasil\/"},"author":{"name":"Luzimara Fernandes","@id":"https:\/\/jornalfatosenoticias.com.br\/#\/schema\/person\/d63837fa13ac8666eb9e74e0985d6f81"},"headline":"Saiu a lista dos 10 estados mais pobres do Brasil","datePublished":"2024-11-12T13:12:36+00:00","dateModified":"2024-11-12T13:13:01+00:00","mainEntityOfPage":{"@id":"https:\/\/jornalfatosenoticias.com.br\/index.php\/2024\/11\/12\/saiu-a-lista-dos-10-estados-mais-pobres-em-todo-o-brasil\/"},"wordCount":553,"commentCount":0,"publisher":{"@id":"https:\/\/jornalfatosenoticias.com.br\/#organization"},"image":{"@id":"https:\/\/jornalfatosenoticias.com.br\/index.php\/2024\/11\/12\/saiu-a-lista-dos-10-estados-mais-pobres-em-todo-o-brasil\/#primaryimage"},"thumbnailUrl":"https:\/\/jornalfatosenoticias.com.br\/wp-content\/uploads\/2024\/11\/pobreza-capa_istock.jpg","keywords":["bem-estar econ\u00f4mico","Brasil","desigualdades","estados mais pobres do Brasil","PIB","pobreza"],"articleSection":["Geral"],"inLanguage":"pt-BR","potentialAction":[{"@type":"CommentAction","name":"Comment","target":["https:\/\/jornalfatosenoticias.com.br\/index.php\/2024\/11\/12\/saiu-a-lista-dos-10-estados-mais-pobres-em-todo-o-brasil\/#respond"]}]},{"@type":"WebPage","@id":"https:\/\/jornalfatosenoticias.com.br\/index.php\/2024\/11\/12\/saiu-a-lista-dos-10-estados-mais-pobres-em-todo-o-brasil\/","url":"https:\/\/jornalfatosenoticias.com.br\/index.php\/2024\/11\/12\/saiu-a-lista-dos-10-estados-mais-pobres-em-todo-o-brasil\/","name":"Saiu a lista dos 10 estados mais pobres do Brasil - Jornal Fatos e Not\u00edcias","isPartOf":{"@id":"https:\/\/jornalfatosenoticias.com.br\/#website"},"primaryImageOfPage":{"@id":"https:\/\/jornalfatosenoticias.com.br\/index.php\/2024\/11\/12\/saiu-a-lista-dos-10-estados-mais-pobres-em-todo-o-brasil\/#primaryimage"},"image":{"@id":"https:\/\/jornalfatosenoticias.com.br\/index.php\/2024\/11\/12\/saiu-a-lista-dos-10-estados-mais-pobres-em-todo-o-brasil\/#primaryimage"},"thumbnailUrl":"https:\/\/jornalfatosenoticias.com.br\/wp-content\/uploads\/2024\/11\/pobreza-capa_istock.jpg","datePublished":"2024-11-12T13:12:36+00:00","dateModified":"2024-11-12T13:13:01+00:00","breadcrumb":{"@id":"https:\/\/jornalfatosenoticias.com.br\/index.php\/2024\/11\/12\/saiu-a-lista-dos-10-estados-mais-pobres-em-todo-o-brasil\/#breadcrumb"},"inLanguage":"pt-BR","potentialAction":[{"@type":"ReadAction","target":["https:\/\/jornalfatosenoticias.com.br\/index.php\/2024\/11\/12\/saiu-a-lista-dos-10-estados-mais-pobres-em-todo-o-brasil\/"]}]},{"@type":"ImageObject","inLanguage":"pt-BR","@id":"https:\/\/jornalfatosenoticias.com.br\/index.php\/2024\/11\/12\/saiu-a-lista-dos-10-estados-mais-pobres-em-todo-o-brasil\/#primaryimage","url":"https:\/\/jornalfatosenoticias.com.br\/wp-content\/uploads\/2024\/11\/pobreza-capa_istock.jpg","contentUrl":"https:\/\/jornalfatosenoticias.com.br\/wp-content\/uploads\/2024\/11\/pobreza-capa_istock.jpg","width":612,"height":408,"caption":"Salvador, Brazil \u2013 May 07, 2022: A homeless individual stands in the street, holding a cardboard sign with a hand-written message"},{"@type":"BreadcrumbList","@id":"https:\/\/jornalfatosenoticias.com.br\/index.php\/2024\/11\/12\/saiu-a-lista-dos-10-estados-mais-pobres-em-todo-o-brasil\/#breadcrumb","itemListElement":[{"@type":"ListItem","position":1,"name":"In\u00edcio","item":"https:\/\/jornalfatosenoticias.com.br\/"},{"@type":"ListItem","position":2,"name":"Saiu a lista dos 10 estados mais pobres do Brasil"}]},{"@type":"WebSite","@id":"https:\/\/jornalfatosenoticias.com.br\/#website","url":"https:\/\/jornalfatosenoticias.com.br\/","name":"Jornal Fatos e Not\u00edcias","description":"Not\u00edcias em geral","publisher":{"@id":"https:\/\/jornalfatosenoticias.com.br\/#organization"},"potentialAction":[{"@type":"SearchAction","target":{"@type":"EntryPoint","urlTemplate":"https:\/\/jornalfatosenoticias.com.br\/?s={search_term_string}"},"query-input":{"@type":"PropertyValueSpecification","valueRequired":true,"valueName":"search_term_string"}}],"inLanguage":"pt-BR"},{"@type":"Organization","@id":"https:\/\/jornalfatosenoticias.com.br\/#organization","name":"Jornal Fatos e Not\u00edcias","url":"https:\/\/jornalfatosenoticias.com.br\/","logo":{"@type":"ImageObject","inLanguage":"pt-BR","@id":"https:\/\/jornalfatosenoticias.com.br\/#\/schema\/logo\/image\/","url":"https:\/\/jornalfatosenoticias.com.br\/wp-content\/uploads\/2020\/02\/logo120.png","contentUrl":"https:\/\/jornalfatosenoticias.com.br\/wp-content\/uploads\/2020\/02\/logo120.png","width":1227,"height":120,"caption":"Jornal Fatos e Not\u00edcias"},"image":{"@id":"https:\/\/jornalfatosenoticias.com.br\/#\/schema\/logo\/image\/"}},{"@type":"Person","@id":"https:\/\/jornalfatosenoticias.com.br\/#\/schema\/person\/d63837fa13ac8666eb9e74e0985d6f81","name":"Luzimara Fernandes","image":{"@type":"ImageObject","inLanguage":"pt-BR","@id":"https:\/\/jornalfatosenoticias.com.br\/#\/schema\/person\/image\/","url":"https:\/\/jornalfatosenoticias.com.br\/wp-content\/uploads\/2025\/05\/EU_portal.jpg","contentUrl":"https:\/\/jornalfatosenoticias.com.br\/wp-content\/uploads\/2025\/05\/EU_portal.jpg","caption":"Luzimara Fernandes"},"description":"Jornalista MTB 2358-ES","sameAs":["https:\/\/jornalfatosenoticias.com.br"],"url":"https:\/\/jornalfatosenoticias.com.br\/index.php\/author\/luzimara\/"}]}},"cc_featured_image_caption":{"caption_text":"(Foto: iStock) ","source_text":"","source_url":""},"jetpack_featured_media_url":"https:\/\/jornalfatosenoticias.com.br\/wp-content\/uploads\/2024\/11\/pobreza-capa_istock.jpg","_links":{"self":[{"href":"https:\/\/jornalfatosenoticias.com.br\/index.php\/wp-json\/wp\/v2\/posts\/55623","targetHints":{"allow":["GET"]}}],"collection":[{"href":"https:\/\/jornalfatosenoticias.com.br\/index.php\/wp-json\/wp\/v2\/posts"}],"about":[{"href":"https:\/\/jornalfatosenoticias.com.br\/index.php\/wp-json\/wp\/v2\/types\/post"}],"author":[{"embeddable":true,"href":"https:\/\/jornalfatosenoticias.com.br\/index.php\/wp-json\/wp\/v2\/users\/2"}],"replies":[{"embeddable":true,"href":"https:\/\/jornalfatosenoticias.com.br\/index.php\/wp-json\/wp\/v2\/comments?post=55623"}],"version-history":[{"count":0,"href":"https:\/\/jornalfatosenoticias.com.br\/index.php\/wp-json\/wp\/v2\/posts\/55623\/revisions"}],"wp:featuredmedia":[{"embeddable":true,"href":"https:\/\/jornalfatosenoticias.com.br\/index.php\/wp-json\/wp\/v2\/media\/55625"}],"wp:attachment":[{"href":"https:\/\/jornalfatosenoticias.com.br\/index.php\/wp-json\/wp\/v2\/media?parent=55623"}],"wp:term":[{"taxonomy":"category","embeddable":true,"href":"https:\/\/jornalfatosenoticias.com.br\/index.php\/wp-json\/wp\/v2\/categories?post=55623"},{"taxonomy":"post_tag","embeddable":true,"href":"https:\/\/jornalfatosenoticias.com.br\/index.php\/wp-json\/wp\/v2\/tags?post=55623"}],"curies":[{"name":"wp","href":"https:\/\/api.w.org\/{rel}","templated":true}]}}