{"id":5564,"date":"2020-06-16T14:11:16","date_gmt":"2020-06-16T17:11:16","guid":{"rendered":"https:\/\/jornalfatosenoticias.com.br\/?p=5564"},"modified":"2020-06-16T14:11:22","modified_gmt":"2020-06-16T17:11:22","slug":"brasileiros-descobrem-como-virus-da-zika-age-dentro-do-cerebro-de-bebes-com-microcefalia","status":"publish","type":"post","link":"https:\/\/jornalfatosenoticias.com.br\/index.php\/2020\/06\/16\/brasileiros-descobrem-como-virus-da-zika-age-dentro-do-cerebro-de-bebes-com-microcefalia\/","title":{"rendered":"Brasileiros descobrem como v\u00edrus da zika age dentro do c\u00e9rebro de beb\u00eas com microcefalia"},"content":{"rendered":"\n<h6 class=\"wp-block-heading\"><em>Pesquisa ajuda a explicar por que algumas m\u00e3es infectadas pelo v\u00edrus geraram beb\u00eas com a doen\u00e7a, e outras n\u00e3o. Estudo abre caminho para medicamentos contra a doen\u00e7a<\/em><\/h6>\n\n\n\n<p>Pesquisadores brasileiros publicaram um estudo in\u00e9dito no mundo sobre as poss\u00edveis causas da microcefalia em beb\u00eas cujas m\u00e3es foram expostas ao v\u00edrus da zika. Publicada na revista Science, a pesquisa indica que altera\u00e7\u00f5es no DNA, em prote\u00ednas e em neurotransmissores podem ser parte da explica\u00e7\u00e3o para que algumas m\u00e3es infectadas deem \u00e0 luz beb\u00eas com microcefalia, e outras n\u00e3o.<br>Com tecnologia 100% nacional, os cientistas analisaram dezenas de milhares de genes, prote\u00ednas e RNAs para entender quais eram as diferen\u00e7as entre os c\u00e9rebros de beb\u00eas que morreram por complica\u00e7\u00f5es da microcefalia e o de beb\u00eas que morreram por outras causas. Mudan\u00e7as nos genes, col\u00e1geno reduzido e glutamato em excesso, s\u00e3o algumas das explica\u00e7\u00f5es.<br>&#8220;Esse foi o primeiro passo para poder falar para o mundo inteiro: essas daqui s\u00e3o as mol\u00e9culas afetadas pela doen\u00e7a&#8221;, explica Helder Nakaya, um dos principais autores do estudo e professor da Faculdade de Ci\u00eancias Farmac\u00eauticas da USP (FCF-USP).<br>&#8220;O motivo de somente algumas m\u00e3es infectadas terem filhos com a doen\u00e7a sempre intrigou a gente. Um dos motivos de n\u00e3o sabermos explicar \u00e9 porque n\u00e3o sab\u00edamos como o v\u00edrus atua dentro do c\u00e9rebro do beb\u00ea&#8221;, afirma o cientista. Segundo ele, isso se deve \u00e0 dificuldade em conseguir amostras de c\u00e9rebros de beb\u00eas infectados. &#8220;\u00c9 muito dif\u00edcil abordar uma m\u00e3e que acaba de perder um beb\u00ea&#8221;, conta.<br>O v\u00edrus da zika est\u00e1 associado ao aumento de rec\u00e9m-nascidos com microcefalia. Ele foi diagnosticado pela primeira vez no Brasil em 2015. At\u00e9 dezembro de 2019, o Minist\u00e9rio da Sa\u00fade confirmou 3.474 casos no Pa\u00eds. Estudos sobre a doen\u00e7a apontam que, a cada mil gestantes infectadas pelo v\u00edrus, 50 a 420 podem dar \u00e0 luz a beb\u00eas com a s\u00edndrome.<br>&#8220;Geralmente, um cientista escolhe uma ou duas prote\u00ednas, por exemplo, que ele quer estudar. A gente utilizou uma tecnologia capaz de cruzar milhares desses dados ao mesmo tempo&#8221;, explica Nakaya.<\/p>\n\n\n\n<figure class=\"wp-block-image size-large\"><img loading=\"lazy\" decoding=\"async\" width=\"1000\" height=\"661\" src=\"https:\/\/jornalfatosenoticias.com.br\/wp-content\/uploads\/2020\/06\/aedes-aegypti.jpg\" alt=\"\" class=\"wp-image-5565\" srcset=\"https:\/\/jornalfatosenoticias.com.br\/wp-content\/uploads\/2020\/06\/aedes-aegypti.jpg 1000w, https:\/\/jornalfatosenoticias.com.br\/wp-content\/uploads\/2020\/06\/aedes-aegypti-300x198.jpg 300w, https:\/\/jornalfatosenoticias.com.br\/wp-content\/uploads\/2020\/06\/aedes-aegypti-768x508.jpg 768w\" sizes=\"auto, (max-width: 1000px) 100vw, 1000px\" \/><figcaption><em>Mosquito Aedes aegypti \u00e9 o transmissor da zika, dengue e chikungunya (Foto: Rodrigo M\u00e9xas e Raquel Portugal\/Funda\u00e7\u00e3o Oswaldo Cruz\/Divulga\u00e7\u00e3o)<\/em><\/figcaption><\/figure>\n\n\n\n<p>Os pesquisadores analisaram o c\u00e9rebro de oito beb\u00eas que morreram em decorr\u00eancia das complica\u00e7\u00f5es da microcefalia e outros quatro sem a doen\u00e7a \u2014 o chamado grupo controle \u2014 para comparar a diferen\u00e7a entre eles.<br>O estudo concluiu que parte da explica\u00e7\u00e3o se deve a muta\u00e7\u00f5es no DNA. &#8220;S\u00e3o 3,2 bilh\u00f5es de letras no c\u00f3digo de um DNA. Algumas altera\u00e7\u00f5es nessa sequ\u00eancia d\u00e3o suscetibilidade \u00e0 microcefalia&#8221;, afirma o professor da USP.<br>Os pesquisadores constataram que beb\u00eas com microcefalia t\u00eam n\u00edvel reduzido de col\u00e1geno. Essa prote\u00edna \u00e9 respons\u00e1vel por manter a estrutura normal dos tecidos. T\u00ea-la em menor quantidade poderia explicar a destrui\u00e7\u00e3o do c\u00e9rebro.<br>Outra hip\u00f3tese que surgiu a partir do estudo est\u00e1 relacionada \u00e0 a\u00e7\u00e3o do glutamato na microcefalia. Pesquisas anteriores j\u00e1 apontavam que, em excesso, esse neurotransmissor pode ser t\u00f3xico. Os resultados nos c\u00e9rebros analisados mostraram evid\u00eancias de que o glutamato pode ter um papel importante na s\u00edndrome cong\u00eanita do v\u00edrus da Zika.<br>O pesquisador Nakaya ressalta que esses s\u00e3o alguns exemplos entre centenas de outros fatores que ajudam na explica\u00e7\u00e3o. &#8220;A maioria das doen\u00e7as n\u00e3o s\u00e3o explicadas por uma raz\u00e3o isolada. Essa s\u00edndrome \u00e9 muito complexa, e n\u00e3o h\u00e1 apenas uma causa poss\u00edvel&#8221;, diz.<br>Essa an\u00e1lise, que teve in\u00edcio em 2016, \u00e9 um passo em dire\u00e7\u00e3o a busca por medicamentos para a microcefalia e tamb\u00e9m facilita pesquisas futuras.<br>\u201cAgora, um cientista de outro pa\u00eds pode olhar a nossa pesquisa e avisar que conhece um medicamento que pode ajudar a resolver o problema do col\u00e1geno, por exemplo\u201d, explica o professor da USP.<br>&#8220;E outros cientistas podem olhar essa nova lista e escolher uma ou duas coisas para fazer mais pesquisas. Se voc\u00ea tem uma aposta mais guiada, olhando para uma lista que passou de dezenas de milhares de poss\u00edveis locais afetados pela microcefalia para algumas centenas, o conhecimento pode avan\u00e7ar bastante&#8221;, afirma o pesquisador.<\/p>\n\n\n\n<p><strong><em>Fonte: <a href=\"https:\/\/g1.globo.com\/ciencia-e-saude\/noticia\/2020\/06\/09\/brasileiros-descobrem-como-virus-da-zika-age-dentro-do-cerebro-de-bebes-com-microcefalia.ghtml\">G1<\/a><\/em><\/strong><\/p>\n","protected":false},"excerpt":{"rendered":"<p>Pesquisa ajuda a explicar por que algumas m\u00e3es infectadas pelo v\u00edrus geraram beb\u00eas com a doen\u00e7a, e outras n\u00e3o. Estudo abre caminho para medicamentos contra a doen\u00e7a Pesquisadores brasileiros publicaram um estudo in\u00e9dito no mundo sobre as poss\u00edveis causas da microcefalia em beb\u00eas cujas m\u00e3es foram expostas ao v\u00edrus da zika. Publicada na revista Science, [&hellip;]<\/p>\n","protected":false},"author":2,"featured_media":5566,"comment_status":"open","ping_status":"open","sticky":false,"template":"","format":"standard","meta":{"footnotes":""},"categories":[42,11],"tags":[3335,3214,2336,1164,3336,3334],"class_list":["post-5564","post","type-post","status-publish","format-standard","has-post-thumbnail","hentry","category-bem-estar","category-saude","tag-aedes-aegypti","tag-bebes","tag-cerebro","tag-microcefalia","tag-neurotransmissor","tag-virus-da-zika"],"yoast_head":"<!-- This site is optimized with the Yoast SEO plugin v26.5 - https:\/\/yoast.com\/wordpress\/plugins\/seo\/ -->\n<title>Brasileiros descobrem como v\u00edrus da zika age dentro do c\u00e9rebro de beb\u00eas com microcefalia - Jornal Fatos e Not\u00edcias<\/title>\n<meta name=\"robots\" content=\"index, follow, max-snippet:-1, max-image-preview:large, max-video-preview:-1\" \/>\n<link rel=\"canonical\" href=\"https:\/\/jornalfatosenoticias.com.br\/index.php\/2020\/06\/16\/brasileiros-descobrem-como-virus-da-zika-age-dentro-do-cerebro-de-bebes-com-microcefalia\/\" \/>\n<meta property=\"og:locale\" content=\"pt_BR\" \/>\n<meta property=\"og:type\" content=\"article\" \/>\n<meta property=\"og:title\" content=\"Brasileiros descobrem como v\u00edrus da zika age dentro do c\u00e9rebro de beb\u00eas com microcefalia - Jornal Fatos e Not\u00edcias\" \/>\n<meta property=\"og:description\" content=\"Pesquisa ajuda a explicar por que algumas m\u00e3es infectadas pelo v\u00edrus geraram beb\u00eas com a doen\u00e7a, e outras n\u00e3o. Estudo abre caminho para medicamentos contra a doen\u00e7a Pesquisadores brasileiros publicaram um estudo in\u00e9dito no mundo sobre as poss\u00edveis causas da microcefalia em beb\u00eas cujas m\u00e3es foram expostas ao v\u00edrus da zika. Publicada na revista Science, [&hellip;]\" \/>\n<meta property=\"og:url\" content=\"https:\/\/jornalfatosenoticias.com.br\/index.php\/2020\/06\/16\/brasileiros-descobrem-como-virus-da-zika-age-dentro-do-cerebro-de-bebes-com-microcefalia\/\" \/>\n<meta property=\"og:site_name\" content=\"Jornal Fatos e Not\u00edcias\" \/>\n<meta property=\"article:published_time\" content=\"2020-06-16T17:11:16+00:00\" \/>\n<meta property=\"article:modified_time\" content=\"2020-06-16T17:11:22+00:00\" \/>\n<meta property=\"og:image\" content=\"https:\/\/jornalfatosenoticias.com.br\/wp-content\/uploads\/2020\/06\/bebe-microcefalia_foto-de-af-rodrigues.jpg\" \/>\n\t<meta property=\"og:image:width\" content=\"1000\" \/>\n\t<meta property=\"og:image:height\" content=\"666\" \/>\n\t<meta property=\"og:image:type\" content=\"image\/jpeg\" \/>\n<meta name=\"author\" content=\"Luzimara Fernandes\" \/>\n<meta name=\"twitter:card\" content=\"summary_large_image\" \/>\n<meta name=\"twitter:label1\" content=\"Escrito por\" \/>\n\t<meta name=\"twitter:data1\" content=\"Luzimara Fernandes\" \/>\n\t<meta name=\"twitter:label2\" content=\"Est. tempo de leitura\" \/>\n\t<meta name=\"twitter:data2\" content=\"4 minutos\" \/>\n<script type=\"application\/ld+json\" class=\"yoast-schema-graph\">{\"@context\":\"https:\/\/schema.org\",\"@graph\":[{\"@type\":\"Article\",\"@id\":\"https:\/\/jornalfatosenoticias.com.br\/index.php\/2020\/06\/16\/brasileiros-descobrem-como-virus-da-zika-age-dentro-do-cerebro-de-bebes-com-microcefalia\/#article\",\"isPartOf\":{\"@id\":\"https:\/\/jornalfatosenoticias.com.br\/index.php\/2020\/06\/16\/brasileiros-descobrem-como-virus-da-zika-age-dentro-do-cerebro-de-bebes-com-microcefalia\/\"},\"author\":{\"name\":\"Luzimara Fernandes\",\"@id\":\"https:\/\/jornalfatosenoticias.com.br\/#\/schema\/person\/d63837fa13ac8666eb9e74e0985d6f81\"},\"headline\":\"Brasileiros descobrem como v\u00edrus da zika age dentro do c\u00e9rebro de beb\u00eas com microcefalia\",\"datePublished\":\"2020-06-16T17:11:16+00:00\",\"dateModified\":\"2020-06-16T17:11:22+00:00\",\"mainEntityOfPage\":{\"@id\":\"https:\/\/jornalfatosenoticias.com.br\/index.php\/2020\/06\/16\/brasileiros-descobrem-como-virus-da-zika-age-dentro-do-cerebro-de-bebes-com-microcefalia\/\"},\"wordCount\":764,\"commentCount\":0,\"publisher\":{\"@id\":\"https:\/\/jornalfatosenoticias.com.br\/#organization\"},\"image\":{\"@id\":\"https:\/\/jornalfatosenoticias.com.br\/index.php\/2020\/06\/16\/brasileiros-descobrem-como-virus-da-zika-age-dentro-do-cerebro-de-bebes-com-microcefalia\/#primaryimage\"},\"thumbnailUrl\":\"https:\/\/jornalfatosenoticias.com.br\/wp-content\/uploads\/2020\/06\/bebe-microcefalia_foto-de-af-rodrigues.jpg\",\"keywords\":[\"Aedes aegypti\",\"beb\u00eas\",\"c\u00e9rebro\",\"microcefalia\",\"neurotransmissor\",\"v\u00edrus da zika\"],\"articleSection\":[\"Bem-estar\",\"Sa\u00fade\"],\"inLanguage\":\"pt-BR\",\"potentialAction\":[{\"@type\":\"CommentAction\",\"name\":\"Comment\",\"target\":[\"https:\/\/jornalfatosenoticias.com.br\/index.php\/2020\/06\/16\/brasileiros-descobrem-como-virus-da-zika-age-dentro-do-cerebro-de-bebes-com-microcefalia\/#respond\"]}]},{\"@type\":\"WebPage\",\"@id\":\"https:\/\/jornalfatosenoticias.com.br\/index.php\/2020\/06\/16\/brasileiros-descobrem-como-virus-da-zika-age-dentro-do-cerebro-de-bebes-com-microcefalia\/\",\"url\":\"https:\/\/jornalfatosenoticias.com.br\/index.php\/2020\/06\/16\/brasileiros-descobrem-como-virus-da-zika-age-dentro-do-cerebro-de-bebes-com-microcefalia\/\",\"name\":\"Brasileiros descobrem como v\u00edrus da zika age dentro do c\u00e9rebro de beb\u00eas com microcefalia - Jornal Fatos e Not\u00edcias\",\"isPartOf\":{\"@id\":\"https:\/\/jornalfatosenoticias.com.br\/#website\"},\"primaryImageOfPage\":{\"@id\":\"https:\/\/jornalfatosenoticias.com.br\/index.php\/2020\/06\/16\/brasileiros-descobrem-como-virus-da-zika-age-dentro-do-cerebro-de-bebes-com-microcefalia\/#primaryimage\"},\"image\":{\"@id\":\"https:\/\/jornalfatosenoticias.com.br\/index.php\/2020\/06\/16\/brasileiros-descobrem-como-virus-da-zika-age-dentro-do-cerebro-de-bebes-com-microcefalia\/#primaryimage\"},\"thumbnailUrl\":\"https:\/\/jornalfatosenoticias.com.br\/wp-content\/uploads\/2020\/06\/bebe-microcefalia_foto-de-af-rodrigues.jpg\",\"datePublished\":\"2020-06-16T17:11:16+00:00\",\"dateModified\":\"2020-06-16T17:11:22+00:00\",\"breadcrumb\":{\"@id\":\"https:\/\/jornalfatosenoticias.com.br\/index.php\/2020\/06\/16\/brasileiros-descobrem-como-virus-da-zika-age-dentro-do-cerebro-de-bebes-com-microcefalia\/#breadcrumb\"},\"inLanguage\":\"pt-BR\",\"potentialAction\":[{\"@type\":\"ReadAction\",\"target\":[\"https:\/\/jornalfatosenoticias.com.br\/index.php\/2020\/06\/16\/brasileiros-descobrem-como-virus-da-zika-age-dentro-do-cerebro-de-bebes-com-microcefalia\/\"]}]},{\"@type\":\"ImageObject\",\"inLanguage\":\"pt-BR\",\"@id\":\"https:\/\/jornalfatosenoticias.com.br\/index.php\/2020\/06\/16\/brasileiros-descobrem-como-virus-da-zika-age-dentro-do-cerebro-de-bebes-com-microcefalia\/#primaryimage\",\"url\":\"https:\/\/jornalfatosenoticias.com.br\/wp-content\/uploads\/2020\/06\/bebe-microcefalia_foto-de-af-rodrigues.jpg\",\"contentUrl\":\"https:\/\/jornalfatosenoticias.com.br\/wp-content\/uploads\/2020\/06\/bebe-microcefalia_foto-de-af-rodrigues.jpg\",\"width\":1000,\"height\":666},{\"@type\":\"BreadcrumbList\",\"@id\":\"https:\/\/jornalfatosenoticias.com.br\/index.php\/2020\/06\/16\/brasileiros-descobrem-como-virus-da-zika-age-dentro-do-cerebro-de-bebes-com-microcefalia\/#breadcrumb\",\"itemListElement\":[{\"@type\":\"ListItem\",\"position\":1,\"name\":\"In\u00edcio\",\"item\":\"https:\/\/jornalfatosenoticias.com.br\/\"},{\"@type\":\"ListItem\",\"position\":2,\"name\":\"Brasileiros descobrem como v\u00edrus da zika age dentro do c\u00e9rebro de beb\u00eas com microcefalia\"}]},{\"@type\":\"WebSite\",\"@id\":\"https:\/\/jornalfatosenoticias.com.br\/#website\",\"url\":\"https:\/\/jornalfatosenoticias.com.br\/\",\"name\":\"Jornal Fatos e Not\u00edcias\",\"description\":\"Not\u00edcias em geral\",\"publisher\":{\"@id\":\"https:\/\/jornalfatosenoticias.com.br\/#organization\"},\"potentialAction\":[{\"@type\":\"SearchAction\",\"target\":{\"@type\":\"EntryPoint\",\"urlTemplate\":\"https:\/\/jornalfatosenoticias.com.br\/?s={search_term_string}\"},\"query-input\":{\"@type\":\"PropertyValueSpecification\",\"valueRequired\":true,\"valueName\":\"search_term_string\"}}],\"inLanguage\":\"pt-BR\"},{\"@type\":\"Organization\",\"@id\":\"https:\/\/jornalfatosenoticias.com.br\/#organization\",\"name\":\"Jornal Fatos e Not\u00edcias\",\"url\":\"https:\/\/jornalfatosenoticias.com.br\/\",\"logo\":{\"@type\":\"ImageObject\",\"inLanguage\":\"pt-BR\",\"@id\":\"https:\/\/jornalfatosenoticias.com.br\/#\/schema\/logo\/image\/\",\"url\":\"https:\/\/jornalfatosenoticias.com.br\/wp-content\/uploads\/2020\/02\/logo120.png\",\"contentUrl\":\"https:\/\/jornalfatosenoticias.com.br\/wp-content\/uploads\/2020\/02\/logo120.png\",\"width\":1227,\"height\":120,\"caption\":\"Jornal Fatos e Not\u00edcias\"},\"image\":{\"@id\":\"https:\/\/jornalfatosenoticias.com.br\/#\/schema\/logo\/image\/\"}},{\"@type\":\"Person\",\"@id\":\"https:\/\/jornalfatosenoticias.com.br\/#\/schema\/person\/d63837fa13ac8666eb9e74e0985d6f81\",\"name\":\"Luzimara Fernandes\",\"image\":{\"@type\":\"ImageObject\",\"inLanguage\":\"pt-BR\",\"@id\":\"https:\/\/jornalfatosenoticias.com.br\/#\/schema\/person\/image\/\",\"url\":\"https:\/\/jornalfatosenoticias.com.br\/wp-content\/uploads\/2025\/05\/EU_portal.jpg\",\"contentUrl\":\"https:\/\/jornalfatosenoticias.com.br\/wp-content\/uploads\/2025\/05\/EU_portal.jpg\",\"caption\":\"Luzimara Fernandes\"},\"description\":\"Jornalista MTB 2358-ES\",\"sameAs\":[\"https:\/\/jornalfatosenoticias.com.br\"],\"url\":\"https:\/\/jornalfatosenoticias.com.br\/index.php\/author\/luzimara\/\"}]}<\/script>\n<!-- \/ Yoast SEO plugin. -->","yoast_head_json":{"title":"Brasileiros descobrem como v\u00edrus da zika age dentro do c\u00e9rebro de beb\u00eas com microcefalia - Jornal Fatos e Not\u00edcias","robots":{"index":"index","follow":"follow","max-snippet":"max-snippet:-1","max-image-preview":"max-image-preview:large","max-video-preview":"max-video-preview:-1"},"canonical":"https:\/\/jornalfatosenoticias.com.br\/index.php\/2020\/06\/16\/brasileiros-descobrem-como-virus-da-zika-age-dentro-do-cerebro-de-bebes-com-microcefalia\/","og_locale":"pt_BR","og_type":"article","og_title":"Brasileiros descobrem como v\u00edrus da zika age dentro do c\u00e9rebro de beb\u00eas com microcefalia - Jornal Fatos e Not\u00edcias","og_description":"Pesquisa ajuda a explicar por que algumas m\u00e3es infectadas pelo v\u00edrus geraram beb\u00eas com a doen\u00e7a, e outras n\u00e3o. Estudo abre caminho para medicamentos contra a doen\u00e7a Pesquisadores brasileiros publicaram um estudo in\u00e9dito no mundo sobre as poss\u00edveis causas da microcefalia em beb\u00eas cujas m\u00e3es foram expostas ao v\u00edrus da zika. Publicada na revista Science, [&hellip;]","og_url":"https:\/\/jornalfatosenoticias.com.br\/index.php\/2020\/06\/16\/brasileiros-descobrem-como-virus-da-zika-age-dentro-do-cerebro-de-bebes-com-microcefalia\/","og_site_name":"Jornal Fatos e Not\u00edcias","article_published_time":"2020-06-16T17:11:16+00:00","article_modified_time":"2020-06-16T17:11:22+00:00","og_image":[{"width":1000,"height":666,"url":"https:\/\/jornalfatosenoticias.com.br\/wp-content\/uploads\/2020\/06\/bebe-microcefalia_foto-de-af-rodrigues.jpg","type":"image\/jpeg"}],"author":"Luzimara Fernandes","twitter_card":"summary_large_image","twitter_misc":{"Escrito por":"Luzimara Fernandes","Est. tempo de leitura":"4 minutos"},"schema":{"@context":"https:\/\/schema.org","@graph":[{"@type":"Article","@id":"https:\/\/jornalfatosenoticias.com.br\/index.php\/2020\/06\/16\/brasileiros-descobrem-como-virus-da-zika-age-dentro-do-cerebro-de-bebes-com-microcefalia\/#article","isPartOf":{"@id":"https:\/\/jornalfatosenoticias.com.br\/index.php\/2020\/06\/16\/brasileiros-descobrem-como-virus-da-zika-age-dentro-do-cerebro-de-bebes-com-microcefalia\/"},"author":{"name":"Luzimara Fernandes","@id":"https:\/\/jornalfatosenoticias.com.br\/#\/schema\/person\/d63837fa13ac8666eb9e74e0985d6f81"},"headline":"Brasileiros descobrem como v\u00edrus da zika age dentro do c\u00e9rebro de beb\u00eas com microcefalia","datePublished":"2020-06-16T17:11:16+00:00","dateModified":"2020-06-16T17:11:22+00:00","mainEntityOfPage":{"@id":"https:\/\/jornalfatosenoticias.com.br\/index.php\/2020\/06\/16\/brasileiros-descobrem-como-virus-da-zika-age-dentro-do-cerebro-de-bebes-com-microcefalia\/"},"wordCount":764,"commentCount":0,"publisher":{"@id":"https:\/\/jornalfatosenoticias.com.br\/#organization"},"image":{"@id":"https:\/\/jornalfatosenoticias.com.br\/index.php\/2020\/06\/16\/brasileiros-descobrem-como-virus-da-zika-age-dentro-do-cerebro-de-bebes-com-microcefalia\/#primaryimage"},"thumbnailUrl":"https:\/\/jornalfatosenoticias.com.br\/wp-content\/uploads\/2020\/06\/bebe-microcefalia_foto-de-af-rodrigues.jpg","keywords":["Aedes aegypti","beb\u00eas","c\u00e9rebro","microcefalia","neurotransmissor","v\u00edrus da zika"],"articleSection":["Bem-estar","Sa\u00fade"],"inLanguage":"pt-BR","potentialAction":[{"@type":"CommentAction","name":"Comment","target":["https:\/\/jornalfatosenoticias.com.br\/index.php\/2020\/06\/16\/brasileiros-descobrem-como-virus-da-zika-age-dentro-do-cerebro-de-bebes-com-microcefalia\/#respond"]}]},{"@type":"WebPage","@id":"https:\/\/jornalfatosenoticias.com.br\/index.php\/2020\/06\/16\/brasileiros-descobrem-como-virus-da-zika-age-dentro-do-cerebro-de-bebes-com-microcefalia\/","url":"https:\/\/jornalfatosenoticias.com.br\/index.php\/2020\/06\/16\/brasileiros-descobrem-como-virus-da-zika-age-dentro-do-cerebro-de-bebes-com-microcefalia\/","name":"Brasileiros descobrem como v\u00edrus da zika age dentro do c\u00e9rebro de beb\u00eas com microcefalia - Jornal Fatos e Not\u00edcias","isPartOf":{"@id":"https:\/\/jornalfatosenoticias.com.br\/#website"},"primaryImageOfPage":{"@id":"https:\/\/jornalfatosenoticias.com.br\/index.php\/2020\/06\/16\/brasileiros-descobrem-como-virus-da-zika-age-dentro-do-cerebro-de-bebes-com-microcefalia\/#primaryimage"},"image":{"@id":"https:\/\/jornalfatosenoticias.com.br\/index.php\/2020\/06\/16\/brasileiros-descobrem-como-virus-da-zika-age-dentro-do-cerebro-de-bebes-com-microcefalia\/#primaryimage"},"thumbnailUrl":"https:\/\/jornalfatosenoticias.com.br\/wp-content\/uploads\/2020\/06\/bebe-microcefalia_foto-de-af-rodrigues.jpg","datePublished":"2020-06-16T17:11:16+00:00","dateModified":"2020-06-16T17:11:22+00:00","breadcrumb":{"@id":"https:\/\/jornalfatosenoticias.com.br\/index.php\/2020\/06\/16\/brasileiros-descobrem-como-virus-da-zika-age-dentro-do-cerebro-de-bebes-com-microcefalia\/#breadcrumb"},"inLanguage":"pt-BR","potentialAction":[{"@type":"ReadAction","target":["https:\/\/jornalfatosenoticias.com.br\/index.php\/2020\/06\/16\/brasileiros-descobrem-como-virus-da-zika-age-dentro-do-cerebro-de-bebes-com-microcefalia\/"]}]},{"@type":"ImageObject","inLanguage":"pt-BR","@id":"https:\/\/jornalfatosenoticias.com.br\/index.php\/2020\/06\/16\/brasileiros-descobrem-como-virus-da-zika-age-dentro-do-cerebro-de-bebes-com-microcefalia\/#primaryimage","url":"https:\/\/jornalfatosenoticias.com.br\/wp-content\/uploads\/2020\/06\/bebe-microcefalia_foto-de-af-rodrigues.jpg","contentUrl":"https:\/\/jornalfatosenoticias.com.br\/wp-content\/uploads\/2020\/06\/bebe-microcefalia_foto-de-af-rodrigues.jpg","width":1000,"height":666},{"@type":"BreadcrumbList","@id":"https:\/\/jornalfatosenoticias.com.br\/index.php\/2020\/06\/16\/brasileiros-descobrem-como-virus-da-zika-age-dentro-do-cerebro-de-bebes-com-microcefalia\/#breadcrumb","itemListElement":[{"@type":"ListItem","position":1,"name":"In\u00edcio","item":"https:\/\/jornalfatosenoticias.com.br\/"},{"@type":"ListItem","position":2,"name":"Brasileiros descobrem como v\u00edrus da zika age dentro do c\u00e9rebro de beb\u00eas com microcefalia"}]},{"@type":"WebSite","@id":"https:\/\/jornalfatosenoticias.com.br\/#website","url":"https:\/\/jornalfatosenoticias.com.br\/","name":"Jornal Fatos e Not\u00edcias","description":"Not\u00edcias em geral","publisher":{"@id":"https:\/\/jornalfatosenoticias.com.br\/#organization"},"potentialAction":[{"@type":"SearchAction","target":{"@type":"EntryPoint","urlTemplate":"https:\/\/jornalfatosenoticias.com.br\/?s={search_term_string}"},"query-input":{"@type":"PropertyValueSpecification","valueRequired":true,"valueName":"search_term_string"}}],"inLanguage":"pt-BR"},{"@type":"Organization","@id":"https:\/\/jornalfatosenoticias.com.br\/#organization","name":"Jornal Fatos e Not\u00edcias","url":"https:\/\/jornalfatosenoticias.com.br\/","logo":{"@type":"ImageObject","inLanguage":"pt-BR","@id":"https:\/\/jornalfatosenoticias.com.br\/#\/schema\/logo\/image\/","url":"https:\/\/jornalfatosenoticias.com.br\/wp-content\/uploads\/2020\/02\/logo120.png","contentUrl":"https:\/\/jornalfatosenoticias.com.br\/wp-content\/uploads\/2020\/02\/logo120.png","width":1227,"height":120,"caption":"Jornal Fatos e Not\u00edcias"},"image":{"@id":"https:\/\/jornalfatosenoticias.com.br\/#\/schema\/logo\/image\/"}},{"@type":"Person","@id":"https:\/\/jornalfatosenoticias.com.br\/#\/schema\/person\/d63837fa13ac8666eb9e74e0985d6f81","name":"Luzimara Fernandes","image":{"@type":"ImageObject","inLanguage":"pt-BR","@id":"https:\/\/jornalfatosenoticias.com.br\/#\/schema\/person\/image\/","url":"https:\/\/jornalfatosenoticias.com.br\/wp-content\/uploads\/2025\/05\/EU_portal.jpg","contentUrl":"https:\/\/jornalfatosenoticias.com.br\/wp-content\/uploads\/2025\/05\/EU_portal.jpg","caption":"Luzimara Fernandes"},"description":"Jornalista MTB 2358-ES","sameAs":["https:\/\/jornalfatosenoticias.com.br"],"url":"https:\/\/jornalfatosenoticias.com.br\/index.php\/author\/luzimara\/"}]}},"cc_featured_image_caption":{"caption_text":"M\u00e3e e filha (Foto: Af Rodrigues)","source_text":"","source_url":""},"jetpack_featured_media_url":"https:\/\/jornalfatosenoticias.com.br\/wp-content\/uploads\/2020\/06\/bebe-microcefalia_foto-de-af-rodrigues.jpg","_links":{"self":[{"href":"https:\/\/jornalfatosenoticias.com.br\/index.php\/wp-json\/wp\/v2\/posts\/5564","targetHints":{"allow":["GET"]}}],"collection":[{"href":"https:\/\/jornalfatosenoticias.com.br\/index.php\/wp-json\/wp\/v2\/posts"}],"about":[{"href":"https:\/\/jornalfatosenoticias.com.br\/index.php\/wp-json\/wp\/v2\/types\/post"}],"author":[{"embeddable":true,"href":"https:\/\/jornalfatosenoticias.com.br\/index.php\/wp-json\/wp\/v2\/users\/2"}],"replies":[{"embeddable":true,"href":"https:\/\/jornalfatosenoticias.com.br\/index.php\/wp-json\/wp\/v2\/comments?post=5564"}],"version-history":[{"count":0,"href":"https:\/\/jornalfatosenoticias.com.br\/index.php\/wp-json\/wp\/v2\/posts\/5564\/revisions"}],"wp:featuredmedia":[{"embeddable":true,"href":"https:\/\/jornalfatosenoticias.com.br\/index.php\/wp-json\/wp\/v2\/media\/5566"}],"wp:attachment":[{"href":"https:\/\/jornalfatosenoticias.com.br\/index.php\/wp-json\/wp\/v2\/media?parent=5564"}],"wp:term":[{"taxonomy":"category","embeddable":true,"href":"https:\/\/jornalfatosenoticias.com.br\/index.php\/wp-json\/wp\/v2\/categories?post=5564"},{"taxonomy":"post_tag","embeddable":true,"href":"https:\/\/jornalfatosenoticias.com.br\/index.php\/wp-json\/wp\/v2\/tags?post=5564"}],"curies":[{"name":"wp","href":"https:\/\/api.w.org\/{rel}","templated":true}]}}