{"id":55674,"date":"2024-11-13T09:56:48","date_gmt":"2024-11-13T12:56:48","guid":{"rendered":"https:\/\/jornalfatosenoticias.com.br\/?p=55674"},"modified":"2024-11-13T09:56:50","modified_gmt":"2024-11-13T12:56:50","slug":"duas-em-cada-cinco-criancas-vulneraveis-estao-matriculadas-em-creches","status":"publish","type":"post","link":"https:\/\/jornalfatosenoticias.com.br\/index.php\/2024\/11\/13\/duas-em-cada-cinco-criancas-vulneraveis-estao-matriculadas-em-creches\/","title":{"rendered":"Duas em cada cinco crian\u00e7as vulner\u00e1veis est\u00e3o matriculadas em creches"},"content":{"rendered":"\n<p><em><span class=\"has-inline-color has-black-color\">Cerca de 2,6 milh\u00f5es ainda est\u00e3o fora da educa\u00e7\u00e3o infantil<\/span><\/em><\/p>\n\n\n\n<p><span class=\"has-inline-color has-black-color\">Por<strong> Mariana Tokarnia<\/strong><\/span><\/p>\n\n\n\n<div class=\"wp-block-image\"><figure class=\"aligncenter size-large\"><a href=\"https:\/\/mizu.com.br\/\"><img loading=\"lazy\" decoding=\"async\" width=\"729\" height=\"90\" src=\"https:\/\/jornalfatosenoticias.com.br\/wp-content\/uploads\/2020\/02\/Logo_Mizu.png\" alt=\"\" class=\"wp-image-1441\" srcset=\"https:\/\/jornalfatosenoticias.com.br\/wp-content\/uploads\/2020\/02\/Logo_Mizu.png 729w, https:\/\/jornalfatosenoticias.com.br\/wp-content\/uploads\/2020\/02\/Logo_Mizu-300x37.png 300w\" sizes=\"auto, (max-width: 729px) 100vw, 729px\" \/><\/a><\/figure><\/div>\n\n\n\n<p>Duas em cada cinco crian\u00e7as em situa\u00e7\u00e3o de vulnerabilidade social no Brasil est\u00e3o matriculadas em creches. Isso significa que das 4,5 milh\u00f5es de crian\u00e7as de zero a tr\u00eas anos que est\u00e3o em grupos considerados mais vulner\u00e1veis e deveriam ter o <strong><a href=\"https:\/\/agenciabrasil.ebc.com.br\/educacao\/noticia\/2024-09\/no-brasil-45-milhoes-de-criancas-precisam-de-uma-vaga-em-creche\" target=\"_blank\" rel=\"noreferrer noopener\">direito \u00e0 creche<\/a><\/strong> priorizado, menos da metade, 43%, ou cerca de 1,9 milh\u00e3o, de fato t\u00eam acesso a esse servi\u00e7o. Cerca de 2,6 milh\u00f5es ainda est\u00e3o fora da educa\u00e7\u00e3o infantil.<br>Os dados s\u00e3o do chamado \u00cdndice de Necessidade de Creche Estados e Capitais (INC), uma ferramenta criada pela Funda\u00e7\u00e3o Maria Cec\u00edlia Souto Vidigal, em parceria com a Quantis, para apoiar o planejamento de pol\u00edticas de acesso a creches. O estudo considera em situa\u00e7\u00e3o de vulnerabilidade as crian\u00e7as de fam\u00edlias em situa\u00e7\u00e3o de pobreza, de fam\u00edlias monoparentais, fam\u00edlias em que o cuidador principal \u00e9 economicamente ativo ou poderia ser, caso existisse a vaga, e de fam\u00edlias com crian\u00e7as com defici\u00eancia. Os c\u00e1lculos utilizam dados do Instituto Brasileiro de Geografia e Estat\u00edstica (IBGE) e dos minist\u00e9rios da Educa\u00e7\u00e3o e Sa\u00fade.<\/p>\n\n\n\n<div class=\"wp-block-image\"><figure class=\"aligncenter size-large\"><a href=\"https:\/\/cesconetto.com.br\/\"><img loading=\"lazy\" decoding=\"async\" width=\"300\" height=\"250\" src=\"https:\/\/jornalfatosenoticias.com.br\/wp-content\/uploads\/2020\/02\/Banner-2.png\" alt=\"\" class=\"wp-image-43787\"\/><\/a><\/figure><\/div>\n\n\n\n<p>De acordo com a pesquisa, entre as crian\u00e7as em situa\u00e7\u00e3o de pobreza, que totalizam 1,3 milh\u00e3o no pa\u00eds, a maior parte, 71,1%, n\u00e3o frequenta a creche, o equivalente a 930 mil crian\u00e7as. Entre o total de crian\u00e7as filhos de m\u00e3es\/cuidador economicamente ativas, que totalizam 2,5 milh\u00f5es no Brasil, 48,9%, ou 1,2 milh\u00e3o n\u00e3o est\u00e3o matriculadas na creche.<\/p>\n\n\n\n<div class=\"wp-block-image\"><figure class=\"aligncenter size-large is-resized\"><a href=\"https:\/\/www.legisjuris.com.br\/\"><img loading=\"lazy\" decoding=\"async\" src=\"https:\/\/jornalfatosenoticias.com.br\/wp-content\/uploads\/2024\/09\/Legis-Juris-Consultoria_logo.jpg\" alt=\"\" class=\"wp-image-53915\" width=\"446\" height=\"187\" srcset=\"https:\/\/jornalfatosenoticias.com.br\/wp-content\/uploads\/2024\/09\/Legis-Juris-Consultoria_logo.jpg 969w, https:\/\/jornalfatosenoticias.com.br\/wp-content\/uploads\/2024\/09\/Legis-Juris-Consultoria_logo-300x126.jpg 300w, https:\/\/jornalfatosenoticias.com.br\/wp-content\/uploads\/2024\/09\/Legis-Juris-Consultoria_logo-768x322.jpg 768w\" sizes=\"auto, (max-width: 446px) 100vw, 446px\" \/><\/a><\/figure><\/div>\n\n\n\n<p>\u201cA gente v\u00ea [essas informa\u00e7\u00f5es] com bastante preocupa\u00e7\u00e3o, que apenas cerca de duas a cada cinco crian\u00e7as desses p\u00fablicos priorit\u00e1rios est\u00e3o frequentando a creche\u201d, diz a gerente de Pol\u00edticas P\u00fablicas da Funda\u00e7\u00e3o Maria Cec\u00edlia Souto Vidigal, Karina Fasson. <\/p>\n\n\n\n<div class=\"wp-block-image\"><figure class=\"aligncenter size-large is-resized\"><a href=\"https:\/\/www.instagram.com\/esteiochurrascaria\/\"><img loading=\"lazy\" decoding=\"async\" src=\"https:\/\/jornalfatosenoticias.com.br\/wp-content\/uploads\/2022\/02\/LOGO-ESTEIO-1024x730.png\" alt=\"\" class=\"wp-image-27942\" width=\"334\" height=\"238\" srcset=\"https:\/\/jornalfatosenoticias.com.br\/wp-content\/uploads\/2022\/02\/LOGO-ESTEIO-1024x730.png 1024w, https:\/\/jornalfatosenoticias.com.br\/wp-content\/uploads\/2022\/02\/LOGO-ESTEIO-300x214.png 300w, https:\/\/jornalfatosenoticias.com.br\/wp-content\/uploads\/2022\/02\/LOGO-ESTEIO-768x548.png 768w, https:\/\/jornalfatosenoticias.com.br\/wp-content\/uploads\/2022\/02\/LOGO-ESTEIO.png 1123w\" sizes=\"auto, (max-width: 334px) 100vw, 334px\" \/><\/a><\/figure><\/div>\n\n\n\n<blockquote class=\"wp-block-quote is-layout-flow wp-block-quote-is-layout-flow\"><p><span class=\"has-inline-color has-luminous-vivid-orange-color\">Quando a gente olha para o p\u00fablico em situa\u00e7\u00e3o de pobreza, o cen\u00e1rio \u00e9 ainda pior, mais de 70% n\u00e3o frequentam a creche. Isso revela bastante tamb\u00e9m as desigualdades no pa\u00eds\u201d.<\/span><\/p><\/blockquote>\n\n\n\n<div class=\"wp-block-image\"><figure class=\"aligncenter size-large is-resized\"><a href=\"https:\/\/www.instagram.com\/restaurantepegoretti\/\"><img loading=\"lazy\" decoding=\"async\" src=\"https:\/\/jornalfatosenoticias.com.br\/wp-content\/uploads\/2023\/12\/pegoretti-logo-pdf-1024x389.jpg\" alt=\"\" class=\"wp-image-47536\" width=\"395\" height=\"150\" srcset=\"https:\/\/jornalfatosenoticias.com.br\/wp-content\/uploads\/2023\/12\/pegoretti-logo-pdf-1024x389.jpg 1024w, https:\/\/jornalfatosenoticias.com.br\/wp-content\/uploads\/2023\/12\/pegoretti-logo-pdf-300x114.jpg 300w, https:\/\/jornalfatosenoticias.com.br\/wp-content\/uploads\/2023\/12\/pegoretti-logo-pdf-768x291.jpg 768w, https:\/\/jornalfatosenoticias.com.br\/wp-content\/uploads\/2023\/12\/pegoretti-logo-pdf.jpg 1120w\" sizes=\"auto, (max-width: 395px) 100vw, 395px\" \/><\/a><\/figure><\/div>\n\n\n\n<p><strong><span class=\"has-inline-color has-black-color\"><em>No Brasil, todas as crian\u00e7as e adolescentes de quatro a 17 anos devem estar matriculados na escola, conforme a Emenda Constitucional 59\/09.<\/em><\/span><\/strong><\/p>\n\n\n\n<p><strong><span class=\"has-inline-color has-vivid-cyan-blue-color\">Estados e munic\u00edpios<br><\/span><\/strong>A pesquisa tra\u00e7a ainda um panorama de como est\u00e1 o acesso \u00e0s unidades de ensino nos estados e capitais. Entre os estados, Roraima apresenta o maior percentual de crian\u00e7as em situa\u00e7\u00e3o de pobreza fora das creches: 95,4% de 9.963. J\u00e1 S\u00e3o Paulo \u00e9 o estado com o maior percentual de atendimento a crian\u00e7as em situa\u00e7\u00e3o de pobreza, com 54,7% das 120.630 crian\u00e7as frequentando as creches. Entre as capitais, 20,7% das crian\u00e7as dos grupos priorit\u00e1rios de Campo Grande est\u00e3o fora, contra apenas 1,4% em Jo\u00e3o Pessoa.<\/p>\n\n\n\n<div class=\"wp-block-image\"><figure class=\"aligncenter size-large\"><a href=\"http:\/\/www.ferrarimaquinas.com.br\/\"><img loading=\"lazy\" decoding=\"async\" width=\"300\" height=\"250\" src=\"https:\/\/jornalfatosenoticias.com.br\/wp-content\/uploads\/2022\/02\/FERRARI_MAQUINAS-E-FERRAMENTAS2.jpg\" alt=\"\" class=\"wp-image-27860\"\/><\/a><\/figure><\/div>\n\n\n\n<p><strong><span class=\"has-inline-color has-vivid-cyan-blue-color\">Motivos<br><\/span><\/strong>Entre os motivos apontados para que as crian\u00e7as n\u00e3o estejam matriculadas est\u00e1 a escolha dos respons\u00e1veis no caso de 1.460.186. Elas correspondem a 56% das que vivem em situa\u00e7\u00e3o de vulnerabilidade. Outras 191.399 \u2014 aproximadamente 7,6% dos grupos priorit\u00e1rios que n\u00e3o est\u00e3o matriculadas \u2014 n\u00e3o frequentam a educa\u00e7\u00e3o infantil porque n\u00e3o t\u00eam creche na localidade em que vivem ou a unidade fica distante. Para 238.424, ou cerca de 9,5%, o motivo \u00e9 a falta de vagas.<\/p>\n\n\n\n<div class=\"wp-block-image\"><figure class=\"aligncenter size-large is-resized\"><a href=\"https:\/\/www.instagram.com\/serra4x4cambioautomatico\/\"><img loading=\"lazy\" decoding=\"async\" src=\"https:\/\/jornalfatosenoticias.com.br\/wp-content\/uploads\/2024\/08\/Serra-4x4-1-886x1024.jpg\" alt=\"\" class=\"wp-image-53632\" width=\"293\" height=\"339\" srcset=\"https:\/\/jornalfatosenoticias.com.br\/wp-content\/uploads\/2024\/08\/Serra-4x4-1-886x1024.jpg 886w, https:\/\/jornalfatosenoticias.com.br\/wp-content\/uploads\/2024\/08\/Serra-4x4-1-260x300.jpg 260w, https:\/\/jornalfatosenoticias.com.br\/wp-content\/uploads\/2024\/08\/Serra-4x4-1-768x888.jpg 768w, https:\/\/jornalfatosenoticias.com.br\/wp-content\/uploads\/2024\/08\/Serra-4x4-1.jpg 1181w\" sizes=\"auto, (max-width: 293px) 100vw, 293px\" \/><\/a><\/figure><\/div>\n\n\n\n<blockquote class=\"wp-block-quote is-layout-flow wp-block-quote-is-layout-flow\"><p><span class=\"has-inline-color has-luminous-vivid-orange-color\">A gente tem fam\u00edlias que preferem n\u00e3o colocar crian\u00e7as muito pequenas na creche, crian\u00e7as com menos de um ano, por exemplo. Ent\u00e3o h\u00e1 essa escolha pelos cuidados e pela educa\u00e7\u00e3o no meio familiar, mas a gente sabe tamb\u00e9m que existe ainda um desconhecimento sobre a import\u00e2ncia dessa etapa e mesmo sobre o direito a uma vaga no sistema p\u00fablico\u201d, diz Karina.<\/span><\/p><\/blockquote>\n\n\n\n<div class=\"wp-block-image\"><figure class=\"aligncenter size-large is-resized\"><a href=\"https:\/\/www.instagram.com\/ligadossaborespizzaria\/\"><img loading=\"lazy\" decoding=\"async\" src=\"https:\/\/jornalfatosenoticias.com.br\/wp-content\/uploads\/2020\/02\/WhatsApp-Image-2024-10-02-at-08.18.14-819x1024.jpeg\" alt=\"\" class=\"wp-image-54612\" width=\"260\" height=\"325\" srcset=\"https:\/\/jornalfatosenoticias.com.br\/wp-content\/uploads\/2020\/02\/WhatsApp-Image-2024-10-02-at-08.18.14-819x1024.jpeg 819w, https:\/\/jornalfatosenoticias.com.br\/wp-content\/uploads\/2020\/02\/WhatsApp-Image-2024-10-02-at-08.18.14-240x300.jpeg 240w, https:\/\/jornalfatosenoticias.com.br\/wp-content\/uploads\/2020\/02\/WhatsApp-Image-2024-10-02-at-08.18.14-768x960.jpeg 768w, https:\/\/jornalfatosenoticias.com.br\/wp-content\/uploads\/2020\/02\/WhatsApp-Image-2024-10-02-at-08.18.14.jpeg 1024w\" sizes=\"auto, (max-width: 260px) 100vw, 260px\" \/><\/a><\/figure><\/div>\n\n\n\n<p>Ela chama a aten\u00e7\u00e3o para as crian\u00e7as que n\u00e3o est\u00e3o matriculadas por falta de vagas e para a necessidade de o Poder P\u00fablico ofertar creches de qualidade, sobretudo para a popula\u00e7\u00e3o mais vulner\u00e1vel. Pela legisla\u00e7\u00e3o vigente, cabe aos munic\u00edpios a oferta da educa\u00e7\u00e3o infantil.<\/p>\n\n\n\n<blockquote class=\"wp-block-quote is-layout-flow wp-block-quote-is-layout-flow\"><p><span class=\"has-inline-color has-luminous-vivid-orange-color\">A gente v\u00ea a necessidade de um planejamento dessa expans\u00e3o pelo poder p\u00fablico\u201d, diz. \u201c\u00c9 preciso planejar a expans\u00e3o de vagas, seja pela constru\u00e7\u00e3o de novas unidades, seja a partir de parcerias com setor sem fins lucrativos. \u00c9 preciso que os munic\u00edpios contem, dentro do Pacto Federativo, com a parceria com os governos estaduais, com o governo federal, por meio do Minist\u00e9rio da Educa\u00e7\u00e3o, para poder pensar nas possibilidades de expans\u00e3o de vagas\u201d.<\/span><\/p><\/blockquote>\n\n\n\n<div class=\"wp-block-image\"><figure class=\"aligncenter size-large is-resized\"><a href=\"https:\/\/panper.com.br\/\"><img loading=\"lazy\" decoding=\"async\" src=\"https:\/\/jornalfatosenoticias.com.br\/wp-content\/uploads\/2023\/03\/logo-Panper_portal.jpg\" alt=\"\" class=\"wp-image-40208\" width=\"310\" height=\"215\" srcset=\"https:\/\/jornalfatosenoticias.com.br\/wp-content\/uploads\/2023\/03\/logo-Panper_portal.jpg 400w, https:\/\/jornalfatosenoticias.com.br\/wp-content\/uploads\/2023\/03\/logo-Panper_portal-300x208.jpg 300w\" sizes=\"auto, (max-width: 310px) 100vw, 310px\" \/><\/a><\/figure><\/div>\n\n\n\n<p>Karina ressalta a import\u00e2ncia das creches, n\u00e3o apenas como espa\u00e7os de cuidado, mas como locais de aprendizagem, que contribuem para o desenvolvimento adequado das crian\u00e7as, al\u00e9m de ser um direito da popula\u00e7\u00e3o.<\/p>\n\n\n\n<div class=\"wp-block-image\"><figure class=\"aligncenter size-large is-resized\"><a href=\"https:\/\/www.facebook.com\/postobkr\/?locale=pt_BR\"><img loading=\"lazy\" decoding=\"async\" src=\"https:\/\/jornalfatosenoticias.com.br\/wp-content\/uploads\/2023\/08\/BKR-1024x1021.jpg\" alt=\"\" class=\"wp-image-44494\" width=\"295\" height=\"294\" srcset=\"https:\/\/jornalfatosenoticias.com.br\/wp-content\/uploads\/2023\/08\/BKR-1024x1021.jpg 1024w, https:\/\/jornalfatosenoticias.com.br\/wp-content\/uploads\/2023\/08\/BKR-300x300.jpg 300w, https:\/\/jornalfatosenoticias.com.br\/wp-content\/uploads\/2023\/08\/BKR-150x150.jpg 150w, https:\/\/jornalfatosenoticias.com.br\/wp-content\/uploads\/2023\/08\/BKR-768x766.jpg 768w, https:\/\/jornalfatosenoticias.com.br\/wp-content\/uploads\/2023\/08\/BKR.jpg 1080w\" sizes=\"auto, (max-width: 295px) 100vw, 295px\" \/><\/a><\/figure><\/div>\n\n\n\n<blockquote class=\"wp-block-quote is-layout-flow wp-block-quote-is-layout-flow\"><p><span class=\"has-inline-color has-luminous-vivid-orange-color\">A primeira inf\u00e2ncia \u00e9 uma fase decisiva para o desenvolvimento humano. \u00c9 a fase da vida em que a gente estabelece o maior n\u00famero de conex\u00f5es cerebrais. Ao final da primeira inf\u00e2ncia, aos seis anos de idade, uma crian\u00e7a j\u00e1 tem 90% das suas conex\u00f5es cerebrais estabelecidas e para que isso aconte\u00e7a de maneira saud\u00e1vel \u00e9 preciso que receba os est\u00edmulos adequados. Uma educa\u00e7\u00e3o infantil de qualidade tamb\u00e9m \u00e9 um componente importante para esse desenvolvimento, essa aprendizagem saud\u00e1vel\u201d, defende.<\/span><\/p><\/blockquote>\n\n\n\n<div class=\"wp-block-image\"><figure class=\"aligncenter size-large is-resized\"><a href=\"https:\/\/www.controlsystems.com.br\/\"><img loading=\"lazy\" decoding=\"async\" src=\"https:\/\/jornalfatosenoticias.com.br\/wp-content\/uploads\/2020\/02\/CONTROL-CS.jpg\" alt=\"\" class=\"wp-image-44991\" width=\"284\" height=\"340\" srcset=\"https:\/\/jornalfatosenoticias.com.br\/wp-content\/uploads\/2020\/02\/CONTROL-CS.jpg 834w, https:\/\/jornalfatosenoticias.com.br\/wp-content\/uploads\/2020\/02\/CONTROL-CS-250x300.jpg 250w, https:\/\/jornalfatosenoticias.com.br\/wp-content\/uploads\/2020\/02\/CONTROL-CS-768x921.jpg 768w\" sizes=\"auto, (max-width: 284px) 100vw, 284px\" \/><\/a><\/figure><\/div>\n\n\n\n<p><strong><span class=\"has-inline-color has-vivid-cyan-blue-color\">Creches no Brasil<br><\/span><\/strong>A creche n\u00e3o \u00e9 uma etapa obrigat\u00f3ria, e as fam\u00edlias podem optar por matricular as crian\u00e7as, mas \u00e9 <strong><a href=\"https:\/\/agenciabrasil.ebc.com.br\/justica\/noticia\/2022-09\/oferta-de-vagas-em-creches-e-na-pre-escola-e-obrigatoria-decide-stf\" target=\"_blank\" rel=\"noreferrer noopener\">dever do poder p\u00fablico<\/a><\/strong> oferecer as vagas que s\u00e3o demandadas. Isso ficou ainda mais claro em 2022, ap\u00f3s a decis\u00e3o do Supremo Tribunal Federal (STF) de ampliar a obrigatoriedade da oferta de ensino tamb\u00e9m para creches. At\u00e9 ent\u00e3o, os munic\u00edpios podiam negar a matr\u00edcula alegando falta de vagas.<\/p>\n\n\n\n<div class=\"wp-block-image\"><figure class=\"aligncenter size-large is-resized\"><a href=\"https:\/\/www.ithbrasil.com.br\/\"><img loading=\"lazy\" decoding=\"async\" src=\"https:\/\/jornalfatosenoticias.com.br\/wp-content\/uploads\/2023\/08\/ITH.jpeg\" alt=\"\" class=\"wp-image-44638\" width=\"319\" height=\"259\" srcset=\"https:\/\/jornalfatosenoticias.com.br\/wp-content\/uploads\/2023\/08\/ITH.jpeg 800w, https:\/\/jornalfatosenoticias.com.br\/wp-content\/uploads\/2023\/08\/ITH-300x244.jpeg 300w, https:\/\/jornalfatosenoticias.com.br\/wp-content\/uploads\/2023\/08\/ITH-768x624.jpeg 768w\" sizes=\"auto, (max-width: 319px) 100vw, 319px\" \/><\/a><\/figure><\/div>\n\n\n\n<p>Al\u00e9m disso, o pa\u00eds precisa cumprir o <strong><a href=\"https:\/\/www.gov.br\/inep\/pt-br\/assuntos\/noticias\/estudos-educacionais\/inep-lanca-relatorio-do-5o-ciclo-de-monitoramento-do-pne\" target=\"_blank\" rel=\"noreferrer noopener\">Plano Nacional de Educa\u00e7\u00e3o<\/a><\/strong> (PNE), lei que estabelece metas para serem cumpridas na educa\u00e7\u00e3o infantil a p\u00f3s-gradua\u00e7\u00e3o, at\u00e9 o final de 2025. Pela lei, o pa\u00eds deve ter matriculadas nas creches 50% das crian\u00e7as de at\u00e9 tr\u00eas anos. Atualmente, s\u00e3o 37,3%.<\/p>\n\n\n\n<p><strong><em>Fonte: <a href=\"https:\/\/agenciabrasil.ebc.com.br\/educacao\/noticia\/2024-11\/duas-em-cada-cinco-criancas-vulneraveis-estao-matriculadas-em-creches\">Ag\u00eancia Brasil<\/a><\/em><\/strong><\/p>\n","protected":false},"excerpt":{"rendered":"<p>Cerca de 2,6 milh\u00f5es ainda est\u00e3o fora da educa\u00e7\u00e3o infantil Por Mariana Tokarnia Duas em cada cinco crian\u00e7as em situa\u00e7\u00e3o de vulnerabilidade social no Brasil est\u00e3o matriculadas em creches. Isso significa que das 4,5 milh\u00f5es de crian\u00e7as de zero a tr\u00eas anos que est\u00e3o em grupos considerados mais vulner\u00e1veis e deveriam ter o direito \u00e0 [&hellip;]<\/p>\n","protected":false},"author":2,"featured_media":55675,"comment_status":"open","ping_status":"open","sticky":false,"template":"","format":"standard","meta":{"footnotes":""},"categories":[7],"tags":[5948,670,25390,714,1368],"class_list":["post-55674","post","type-post","status-publish","format-standard","has-post-thumbnail","hentry","category-educacao","tag-creches","tag-criancas","tag-criancas-vulneraveis","tag-estudo","tag-vulnerabilidade"],"yoast_head":"<!-- This site is optimized with the Yoast SEO plugin v26.5 - https:\/\/yoast.com\/wordpress\/plugins\/seo\/ -->\n<title>Duas em cada cinco crian\u00e7as vulner\u00e1veis est\u00e3o matriculadas em creches - Jornal Fatos e Not\u00edcias<\/title>\n<meta name=\"robots\" content=\"index, follow, max-snippet:-1, max-image-preview:large, max-video-preview:-1\" \/>\n<link rel=\"canonical\" href=\"https:\/\/jornalfatosenoticias.com.br\/index.php\/2024\/11\/13\/duas-em-cada-cinco-criancas-vulneraveis-estao-matriculadas-em-creches\/\" \/>\n<meta property=\"og:locale\" content=\"pt_BR\" \/>\n<meta property=\"og:type\" content=\"article\" \/>\n<meta property=\"og:title\" content=\"Duas em cada cinco crian\u00e7as vulner\u00e1veis est\u00e3o matriculadas em creches - Jornal Fatos e Not\u00edcias\" \/>\n<meta property=\"og:description\" content=\"Cerca de 2,6 milh\u00f5es ainda est\u00e3o fora da educa\u00e7\u00e3o infantil Por Mariana Tokarnia Duas em cada cinco crian\u00e7as em situa\u00e7\u00e3o de vulnerabilidade social no Brasil est\u00e3o matriculadas em creches. Isso significa que das 4,5 milh\u00f5es de crian\u00e7as de zero a tr\u00eas anos que est\u00e3o em grupos considerados mais vulner\u00e1veis e deveriam ter o direito \u00e0 [&hellip;]\" \/>\n<meta property=\"og:url\" content=\"https:\/\/jornalfatosenoticias.com.br\/index.php\/2024\/11\/13\/duas-em-cada-cinco-criancas-vulneraveis-estao-matriculadas-em-creches\/\" \/>\n<meta property=\"og:site_name\" content=\"Jornal Fatos e Not\u00edcias\" \/>\n<meta property=\"article:published_time\" content=\"2024-11-13T12:56:48+00:00\" \/>\n<meta property=\"article:modified_time\" content=\"2024-11-13T12:56:50+00:00\" \/>\n<meta property=\"og:image\" content=\"https:\/\/jornalfatosenoticias.com.br\/wp-content\/uploads\/2024\/11\/criancas-vulneraveis-estao-matriculadas-em-creches.jpg\" \/>\n\t<meta property=\"og:image:width\" content=\"1000\" \/>\n\t<meta property=\"og:image:height\" content=\"598\" \/>\n\t<meta property=\"og:image:type\" content=\"image\/jpeg\" \/>\n<meta name=\"author\" content=\"Luzimara Fernandes\" \/>\n<meta name=\"twitter:card\" content=\"summary_large_image\" \/>\n<meta name=\"twitter:label1\" content=\"Escrito por\" \/>\n\t<meta name=\"twitter:data1\" content=\"Luzimara Fernandes\" \/>\n\t<meta name=\"twitter:label2\" content=\"Est. tempo de leitura\" \/>\n\t<meta name=\"twitter:data2\" content=\"5 minutos\" \/>\n<script type=\"application\/ld+json\" class=\"yoast-schema-graph\">{\"@context\":\"https:\/\/schema.org\",\"@graph\":[{\"@type\":\"Article\",\"@id\":\"https:\/\/jornalfatosenoticias.com.br\/index.php\/2024\/11\/13\/duas-em-cada-cinco-criancas-vulneraveis-estao-matriculadas-em-creches\/#article\",\"isPartOf\":{\"@id\":\"https:\/\/jornalfatosenoticias.com.br\/index.php\/2024\/11\/13\/duas-em-cada-cinco-criancas-vulneraveis-estao-matriculadas-em-creches\/\"},\"author\":{\"name\":\"Luzimara Fernandes\",\"@id\":\"https:\/\/jornalfatosenoticias.com.br\/#\/schema\/person\/d63837fa13ac8666eb9e74e0985d6f81\"},\"headline\":\"Duas em cada cinco crian\u00e7as vulner\u00e1veis est\u00e3o matriculadas em creches\",\"datePublished\":\"2024-11-13T12:56:48+00:00\",\"dateModified\":\"2024-11-13T12:56:50+00:00\",\"mainEntityOfPage\":{\"@id\":\"https:\/\/jornalfatosenoticias.com.br\/index.php\/2024\/11\/13\/duas-em-cada-cinco-criancas-vulneraveis-estao-matriculadas-em-creches\/\"},\"wordCount\":1026,\"commentCount\":0,\"publisher\":{\"@id\":\"https:\/\/jornalfatosenoticias.com.br\/#organization\"},\"image\":{\"@id\":\"https:\/\/jornalfatosenoticias.com.br\/index.php\/2024\/11\/13\/duas-em-cada-cinco-criancas-vulneraveis-estao-matriculadas-em-creches\/#primaryimage\"},\"thumbnailUrl\":\"https:\/\/jornalfatosenoticias.com.br\/wp-content\/uploads\/2024\/11\/criancas-vulneraveis-estao-matriculadas-em-creches.jpg\",\"keywords\":[\"creches\",\"crian\u00e7as\",\"crian\u00e7as vulner\u00e1veis\",\"Estudo\",\"vulnerabilidade\"],\"articleSection\":[\"Educa\u00e7\u00e3o\"],\"inLanguage\":\"pt-BR\",\"potentialAction\":[{\"@type\":\"CommentAction\",\"name\":\"Comment\",\"target\":[\"https:\/\/jornalfatosenoticias.com.br\/index.php\/2024\/11\/13\/duas-em-cada-cinco-criancas-vulneraveis-estao-matriculadas-em-creches\/#respond\"]}]},{\"@type\":\"WebPage\",\"@id\":\"https:\/\/jornalfatosenoticias.com.br\/index.php\/2024\/11\/13\/duas-em-cada-cinco-criancas-vulneraveis-estao-matriculadas-em-creches\/\",\"url\":\"https:\/\/jornalfatosenoticias.com.br\/index.php\/2024\/11\/13\/duas-em-cada-cinco-criancas-vulneraveis-estao-matriculadas-em-creches\/\",\"name\":\"Duas em cada cinco crian\u00e7as vulner\u00e1veis est\u00e3o matriculadas em creches - Jornal Fatos e Not\u00edcias\",\"isPartOf\":{\"@id\":\"https:\/\/jornalfatosenoticias.com.br\/#website\"},\"primaryImageOfPage\":{\"@id\":\"https:\/\/jornalfatosenoticias.com.br\/index.php\/2024\/11\/13\/duas-em-cada-cinco-criancas-vulneraveis-estao-matriculadas-em-creches\/#primaryimage\"},\"image\":{\"@id\":\"https:\/\/jornalfatosenoticias.com.br\/index.php\/2024\/11\/13\/duas-em-cada-cinco-criancas-vulneraveis-estao-matriculadas-em-creches\/#primaryimage\"},\"thumbnailUrl\":\"https:\/\/jornalfatosenoticias.com.br\/wp-content\/uploads\/2024\/11\/criancas-vulneraveis-estao-matriculadas-em-creches.jpg\",\"datePublished\":\"2024-11-13T12:56:48+00:00\",\"dateModified\":\"2024-11-13T12:56:50+00:00\",\"breadcrumb\":{\"@id\":\"https:\/\/jornalfatosenoticias.com.br\/index.php\/2024\/11\/13\/duas-em-cada-cinco-criancas-vulneraveis-estao-matriculadas-em-creches\/#breadcrumb\"},\"inLanguage\":\"pt-BR\",\"potentialAction\":[{\"@type\":\"ReadAction\",\"target\":[\"https:\/\/jornalfatosenoticias.com.br\/index.php\/2024\/11\/13\/duas-em-cada-cinco-criancas-vulneraveis-estao-matriculadas-em-creches\/\"]}]},{\"@type\":\"ImageObject\",\"inLanguage\":\"pt-BR\",\"@id\":\"https:\/\/jornalfatosenoticias.com.br\/index.php\/2024\/11\/13\/duas-em-cada-cinco-criancas-vulneraveis-estao-matriculadas-em-creches\/#primaryimage\",\"url\":\"https:\/\/jornalfatosenoticias.com.br\/wp-content\/uploads\/2024\/11\/criancas-vulneraveis-estao-matriculadas-em-creches.jpg\",\"contentUrl\":\"https:\/\/jornalfatosenoticias.com.br\/wp-content\/uploads\/2024\/11\/criancas-vulneraveis-estao-matriculadas-em-creches.jpg\",\"width\":1000,\"height\":598},{\"@type\":\"BreadcrumbList\",\"@id\":\"https:\/\/jornalfatosenoticias.com.br\/index.php\/2024\/11\/13\/duas-em-cada-cinco-criancas-vulneraveis-estao-matriculadas-em-creches\/#breadcrumb\",\"itemListElement\":[{\"@type\":\"ListItem\",\"position\":1,\"name\":\"In\u00edcio\",\"item\":\"https:\/\/jornalfatosenoticias.com.br\/\"},{\"@type\":\"ListItem\",\"position\":2,\"name\":\"Duas em cada cinco crian\u00e7as vulner\u00e1veis est\u00e3o matriculadas em creches\"}]},{\"@type\":\"WebSite\",\"@id\":\"https:\/\/jornalfatosenoticias.com.br\/#website\",\"url\":\"https:\/\/jornalfatosenoticias.com.br\/\",\"name\":\"Jornal Fatos e Not\u00edcias\",\"description\":\"Not\u00edcias em geral\",\"publisher\":{\"@id\":\"https:\/\/jornalfatosenoticias.com.br\/#organization\"},\"potentialAction\":[{\"@type\":\"SearchAction\",\"target\":{\"@type\":\"EntryPoint\",\"urlTemplate\":\"https:\/\/jornalfatosenoticias.com.br\/?s={search_term_string}\"},\"query-input\":{\"@type\":\"PropertyValueSpecification\",\"valueRequired\":true,\"valueName\":\"search_term_string\"}}],\"inLanguage\":\"pt-BR\"},{\"@type\":\"Organization\",\"@id\":\"https:\/\/jornalfatosenoticias.com.br\/#organization\",\"name\":\"Jornal Fatos e Not\u00edcias\",\"url\":\"https:\/\/jornalfatosenoticias.com.br\/\",\"logo\":{\"@type\":\"ImageObject\",\"inLanguage\":\"pt-BR\",\"@id\":\"https:\/\/jornalfatosenoticias.com.br\/#\/schema\/logo\/image\/\",\"url\":\"https:\/\/jornalfatosenoticias.com.br\/wp-content\/uploads\/2020\/02\/logo120.png\",\"contentUrl\":\"https:\/\/jornalfatosenoticias.com.br\/wp-content\/uploads\/2020\/02\/logo120.png\",\"width\":1227,\"height\":120,\"caption\":\"Jornal Fatos e Not\u00edcias\"},\"image\":{\"@id\":\"https:\/\/jornalfatosenoticias.com.br\/#\/schema\/logo\/image\/\"}},{\"@type\":\"Person\",\"@id\":\"https:\/\/jornalfatosenoticias.com.br\/#\/schema\/person\/d63837fa13ac8666eb9e74e0985d6f81\",\"name\":\"Luzimara Fernandes\",\"image\":{\"@type\":\"ImageObject\",\"inLanguage\":\"pt-BR\",\"@id\":\"https:\/\/jornalfatosenoticias.com.br\/#\/schema\/person\/image\/\",\"url\":\"https:\/\/jornalfatosenoticias.com.br\/wp-content\/uploads\/2025\/05\/EU_portal.jpg\",\"contentUrl\":\"https:\/\/jornalfatosenoticias.com.br\/wp-content\/uploads\/2025\/05\/EU_portal.jpg\",\"caption\":\"Luzimara Fernandes\"},\"description\":\"Jornalista MTB 2358-ES\",\"sameAs\":[\"https:\/\/jornalfatosenoticias.com.br\"],\"url\":\"https:\/\/jornalfatosenoticias.com.br\/index.php\/author\/luzimara\/\"}]}<\/script>\n<!-- \/ Yoast SEO plugin. -->","yoast_head_json":{"title":"Duas em cada cinco crian\u00e7as vulner\u00e1veis est\u00e3o matriculadas em creches - Jornal Fatos e Not\u00edcias","robots":{"index":"index","follow":"follow","max-snippet":"max-snippet:-1","max-image-preview":"max-image-preview:large","max-video-preview":"max-video-preview:-1"},"canonical":"https:\/\/jornalfatosenoticias.com.br\/index.php\/2024\/11\/13\/duas-em-cada-cinco-criancas-vulneraveis-estao-matriculadas-em-creches\/","og_locale":"pt_BR","og_type":"article","og_title":"Duas em cada cinco crian\u00e7as vulner\u00e1veis est\u00e3o matriculadas em creches - Jornal Fatos e Not\u00edcias","og_description":"Cerca de 2,6 milh\u00f5es ainda est\u00e3o fora da educa\u00e7\u00e3o infantil Por Mariana Tokarnia Duas em cada cinco crian\u00e7as em situa\u00e7\u00e3o de vulnerabilidade social no Brasil est\u00e3o matriculadas em creches. Isso significa que das 4,5 milh\u00f5es de crian\u00e7as de zero a tr\u00eas anos que est\u00e3o em grupos considerados mais vulner\u00e1veis e deveriam ter o direito \u00e0 [&hellip;]","og_url":"https:\/\/jornalfatosenoticias.com.br\/index.php\/2024\/11\/13\/duas-em-cada-cinco-criancas-vulneraveis-estao-matriculadas-em-creches\/","og_site_name":"Jornal Fatos e Not\u00edcias","article_published_time":"2024-11-13T12:56:48+00:00","article_modified_time":"2024-11-13T12:56:50+00:00","og_image":[{"width":1000,"height":598,"url":"https:\/\/jornalfatosenoticias.com.br\/wp-content\/uploads\/2024\/11\/criancas-vulneraveis-estao-matriculadas-em-creches.jpg","type":"image\/jpeg"}],"author":"Luzimara Fernandes","twitter_card":"summary_large_image","twitter_misc":{"Escrito por":"Luzimara Fernandes","Est. tempo de leitura":"5 minutos"},"schema":{"@context":"https:\/\/schema.org","@graph":[{"@type":"Article","@id":"https:\/\/jornalfatosenoticias.com.br\/index.php\/2024\/11\/13\/duas-em-cada-cinco-criancas-vulneraveis-estao-matriculadas-em-creches\/#article","isPartOf":{"@id":"https:\/\/jornalfatosenoticias.com.br\/index.php\/2024\/11\/13\/duas-em-cada-cinco-criancas-vulneraveis-estao-matriculadas-em-creches\/"},"author":{"name":"Luzimara Fernandes","@id":"https:\/\/jornalfatosenoticias.com.br\/#\/schema\/person\/d63837fa13ac8666eb9e74e0985d6f81"},"headline":"Duas em cada cinco crian\u00e7as vulner\u00e1veis est\u00e3o matriculadas em creches","datePublished":"2024-11-13T12:56:48+00:00","dateModified":"2024-11-13T12:56:50+00:00","mainEntityOfPage":{"@id":"https:\/\/jornalfatosenoticias.com.br\/index.php\/2024\/11\/13\/duas-em-cada-cinco-criancas-vulneraveis-estao-matriculadas-em-creches\/"},"wordCount":1026,"commentCount":0,"publisher":{"@id":"https:\/\/jornalfatosenoticias.com.br\/#organization"},"image":{"@id":"https:\/\/jornalfatosenoticias.com.br\/index.php\/2024\/11\/13\/duas-em-cada-cinco-criancas-vulneraveis-estao-matriculadas-em-creches\/#primaryimage"},"thumbnailUrl":"https:\/\/jornalfatosenoticias.com.br\/wp-content\/uploads\/2024\/11\/criancas-vulneraveis-estao-matriculadas-em-creches.jpg","keywords":["creches","crian\u00e7as","crian\u00e7as vulner\u00e1veis","Estudo","vulnerabilidade"],"articleSection":["Educa\u00e7\u00e3o"],"inLanguage":"pt-BR","potentialAction":[{"@type":"CommentAction","name":"Comment","target":["https:\/\/jornalfatosenoticias.com.br\/index.php\/2024\/11\/13\/duas-em-cada-cinco-criancas-vulneraveis-estao-matriculadas-em-creches\/#respond"]}]},{"@type":"WebPage","@id":"https:\/\/jornalfatosenoticias.com.br\/index.php\/2024\/11\/13\/duas-em-cada-cinco-criancas-vulneraveis-estao-matriculadas-em-creches\/","url":"https:\/\/jornalfatosenoticias.com.br\/index.php\/2024\/11\/13\/duas-em-cada-cinco-criancas-vulneraveis-estao-matriculadas-em-creches\/","name":"Duas em cada cinco crian\u00e7as vulner\u00e1veis est\u00e3o matriculadas em creches - Jornal Fatos e Not\u00edcias","isPartOf":{"@id":"https:\/\/jornalfatosenoticias.com.br\/#website"},"primaryImageOfPage":{"@id":"https:\/\/jornalfatosenoticias.com.br\/index.php\/2024\/11\/13\/duas-em-cada-cinco-criancas-vulneraveis-estao-matriculadas-em-creches\/#primaryimage"},"image":{"@id":"https:\/\/jornalfatosenoticias.com.br\/index.php\/2024\/11\/13\/duas-em-cada-cinco-criancas-vulneraveis-estao-matriculadas-em-creches\/#primaryimage"},"thumbnailUrl":"https:\/\/jornalfatosenoticias.com.br\/wp-content\/uploads\/2024\/11\/criancas-vulneraveis-estao-matriculadas-em-creches.jpg","datePublished":"2024-11-13T12:56:48+00:00","dateModified":"2024-11-13T12:56:50+00:00","breadcrumb":{"@id":"https:\/\/jornalfatosenoticias.com.br\/index.php\/2024\/11\/13\/duas-em-cada-cinco-criancas-vulneraveis-estao-matriculadas-em-creches\/#breadcrumb"},"inLanguage":"pt-BR","potentialAction":[{"@type":"ReadAction","target":["https:\/\/jornalfatosenoticias.com.br\/index.php\/2024\/11\/13\/duas-em-cada-cinco-criancas-vulneraveis-estao-matriculadas-em-creches\/"]}]},{"@type":"ImageObject","inLanguage":"pt-BR","@id":"https:\/\/jornalfatosenoticias.com.br\/index.php\/2024\/11\/13\/duas-em-cada-cinco-criancas-vulneraveis-estao-matriculadas-em-creches\/#primaryimage","url":"https:\/\/jornalfatosenoticias.com.br\/wp-content\/uploads\/2024\/11\/criancas-vulneraveis-estao-matriculadas-em-creches.jpg","contentUrl":"https:\/\/jornalfatosenoticias.com.br\/wp-content\/uploads\/2024\/11\/criancas-vulneraveis-estao-matriculadas-em-creches.jpg","width":1000,"height":598},{"@type":"BreadcrumbList","@id":"https:\/\/jornalfatosenoticias.com.br\/index.php\/2024\/11\/13\/duas-em-cada-cinco-criancas-vulneraveis-estao-matriculadas-em-creches\/#breadcrumb","itemListElement":[{"@type":"ListItem","position":1,"name":"In\u00edcio","item":"https:\/\/jornalfatosenoticias.com.br\/"},{"@type":"ListItem","position":2,"name":"Duas em cada cinco crian\u00e7as vulner\u00e1veis est\u00e3o matriculadas em creches"}]},{"@type":"WebSite","@id":"https:\/\/jornalfatosenoticias.com.br\/#website","url":"https:\/\/jornalfatosenoticias.com.br\/","name":"Jornal Fatos e Not\u00edcias","description":"Not\u00edcias em geral","publisher":{"@id":"https:\/\/jornalfatosenoticias.com.br\/#organization"},"potentialAction":[{"@type":"SearchAction","target":{"@type":"EntryPoint","urlTemplate":"https:\/\/jornalfatosenoticias.com.br\/?s={search_term_string}"},"query-input":{"@type":"PropertyValueSpecification","valueRequired":true,"valueName":"search_term_string"}}],"inLanguage":"pt-BR"},{"@type":"Organization","@id":"https:\/\/jornalfatosenoticias.com.br\/#organization","name":"Jornal Fatos e Not\u00edcias","url":"https:\/\/jornalfatosenoticias.com.br\/","logo":{"@type":"ImageObject","inLanguage":"pt-BR","@id":"https:\/\/jornalfatosenoticias.com.br\/#\/schema\/logo\/image\/","url":"https:\/\/jornalfatosenoticias.com.br\/wp-content\/uploads\/2020\/02\/logo120.png","contentUrl":"https:\/\/jornalfatosenoticias.com.br\/wp-content\/uploads\/2020\/02\/logo120.png","width":1227,"height":120,"caption":"Jornal Fatos e Not\u00edcias"},"image":{"@id":"https:\/\/jornalfatosenoticias.com.br\/#\/schema\/logo\/image\/"}},{"@type":"Person","@id":"https:\/\/jornalfatosenoticias.com.br\/#\/schema\/person\/d63837fa13ac8666eb9e74e0985d6f81","name":"Luzimara Fernandes","image":{"@type":"ImageObject","inLanguage":"pt-BR","@id":"https:\/\/jornalfatosenoticias.com.br\/#\/schema\/person\/image\/","url":"https:\/\/jornalfatosenoticias.com.br\/wp-content\/uploads\/2025\/05\/EU_portal.jpg","contentUrl":"https:\/\/jornalfatosenoticias.com.br\/wp-content\/uploads\/2025\/05\/EU_portal.jpg","caption":"Luzimara Fernandes"},"description":"Jornalista MTB 2358-ES","sameAs":["https:\/\/jornalfatosenoticias.com.br"],"url":"https:\/\/jornalfatosenoticias.com.br\/index.php\/author\/luzimara\/"}]}},"cc_featured_image_caption":{"caption_text":"(Foto: \u00c2ngelo Miguel\/MEC) ","source_text":"","source_url":""},"jetpack_featured_media_url":"https:\/\/jornalfatosenoticias.com.br\/wp-content\/uploads\/2024\/11\/criancas-vulneraveis-estao-matriculadas-em-creches.jpg","_links":{"self":[{"href":"https:\/\/jornalfatosenoticias.com.br\/index.php\/wp-json\/wp\/v2\/posts\/55674","targetHints":{"allow":["GET"]}}],"collection":[{"href":"https:\/\/jornalfatosenoticias.com.br\/index.php\/wp-json\/wp\/v2\/posts"}],"about":[{"href":"https:\/\/jornalfatosenoticias.com.br\/index.php\/wp-json\/wp\/v2\/types\/post"}],"author":[{"embeddable":true,"href":"https:\/\/jornalfatosenoticias.com.br\/index.php\/wp-json\/wp\/v2\/users\/2"}],"replies":[{"embeddable":true,"href":"https:\/\/jornalfatosenoticias.com.br\/index.php\/wp-json\/wp\/v2\/comments?post=55674"}],"version-history":[{"count":0,"href":"https:\/\/jornalfatosenoticias.com.br\/index.php\/wp-json\/wp\/v2\/posts\/55674\/revisions"}],"wp:featuredmedia":[{"embeddable":true,"href":"https:\/\/jornalfatosenoticias.com.br\/index.php\/wp-json\/wp\/v2\/media\/55675"}],"wp:attachment":[{"href":"https:\/\/jornalfatosenoticias.com.br\/index.php\/wp-json\/wp\/v2\/media?parent=55674"}],"wp:term":[{"taxonomy":"category","embeddable":true,"href":"https:\/\/jornalfatosenoticias.com.br\/index.php\/wp-json\/wp\/v2\/categories?post=55674"},{"taxonomy":"post_tag","embeddable":true,"href":"https:\/\/jornalfatosenoticias.com.br\/index.php\/wp-json\/wp\/v2\/tags?post=55674"}],"curies":[{"name":"wp","href":"https:\/\/api.w.org\/{rel}","templated":true}]}}