{"id":55683,"date":"2024-11-13T10:32:01","date_gmt":"2024-11-13T13:32:01","guid":{"rendered":"https:\/\/jornalfatosenoticias.com.br\/?p=55683"},"modified":"2024-11-13T10:32:29","modified_gmt":"2024-11-13T13:32:29","slug":"nova-especie-de-quaresmeira-e-descoberta-na-regiao-da-grande-sao-paulo","status":"publish","type":"post","link":"https:\/\/jornalfatosenoticias.com.br\/index.php\/2024\/11\/13\/nova-especie-de-quaresmeira-e-descoberta-na-regiao-da-grande-sao-paulo\/","title":{"rendered":"Nova esp\u00e9cie de \u201cquaresmeira\u201d \u00e9 descoberta na regi\u00e3o da Grande S\u00e3o Paulo"},"content":{"rendered":"\n<p><span class=\"has-inline-color has-black-color\">Por <strong>Daia Florios<\/strong><\/span><\/p>\n\n\n\n<div class=\"wp-block-image\"><figure class=\"aligncenter size-large\"><a href=\"https:\/\/www.instagram.com\/vmais.midias\/\"><img loading=\"lazy\" decoding=\"async\" width=\"1024\" height=\"110\" src=\"https:\/\/jornalfatosenoticias.com.br\/wp-content\/uploads\/2020\/02\/DE-MAIS-DESTAQUE-VMAIS-1120X120-1024x110.png\" alt=\"\" class=\"wp-image-53110\" srcset=\"https:\/\/jornalfatosenoticias.com.br\/wp-content\/uploads\/2020\/02\/DE-MAIS-DESTAQUE-VMAIS-1120X120-1024x110.png 1024w, https:\/\/jornalfatosenoticias.com.br\/wp-content\/uploads\/2020\/02\/DE-MAIS-DESTAQUE-VMAIS-1120X120-300x32.png 300w, https:\/\/jornalfatosenoticias.com.br\/wp-content\/uploads\/2020\/02\/DE-MAIS-DESTAQUE-VMAIS-1120X120-768x82.png 768w, https:\/\/jornalfatosenoticias.com.br\/wp-content\/uploads\/2020\/02\/DE-MAIS-DESTAQUE-VMAIS-1120X120.png 1120w\" sizes=\"auto, (max-width: 1024px) 100vw, 1024px\" \/><\/a><\/figure><\/div>\n\n\n\n<p>Pesquisadores da Universidade Federal do Paran\u00e1 (UFPR) identificaram uma nova esp\u00e9cie de \u00e1rvore conhecida como <a href=\"https:\/\/www.greenme.com.br\/informarse\/significados\/95690-quaresmeira-planta-significados\/\">quaresmeira<\/a>. Esta descoberta foi realizada pelo N\u00facleo Curucutu do Parque Estadual da Serra do Mar, na regi\u00e3o da Grande S\u00e3o Paulo. As quaresmeiras e os manac\u00e1s-da-serra, \u00e1rvores conhecidas por suas flores rosa e roxo que florescem no final do ver\u00e3o, s\u00e3o comuns em muitas cidades do Brasil. No entanto, a quaresmeira recebeu seu nome devido \u00e0 sua flora\u00e7\u00e3o pr\u00f3xima \u00e0 P\u00e1scoa e ap\u00f3s o Carnaval. A nova esp\u00e9cie, denominada <em>Pleroma curucutuense,<\/em> apresenta caracter\u00edsticas semelhantes \u00e0s quaresmeiras, mas possui um porte menor, flores reunidas em infloresc\u00eancias e p\u00e9talas roxas com a por\u00e7\u00e3o basal branca.<br>Esta nova esp\u00e9cie foi descoberta por pesquisadores da UFPR, liderados pelo especialista Fabr\u00edcio Schmitz Meyer, e <a href=\"https:\/\/www.biotaxa.org\/Phytotaxa\/article\/view\/phytotaxa.616.1.7\">sua descri\u00e7\u00e3o foi publicada na revista Phytotaxa<\/a>. O nome, <em>Pleroma curucutuense,<\/em> homenageia o N\u00facleo Curucutu do Parque Estadual da Serra do Mar, onde foi encontrada pela primeira vez.<\/p>\n\n\n\n<div class=\"wp-block-image\"><figure class=\"aligncenter size-large is-resized\"><a href=\"https:\/\/www.facebook.com\/postobkr\/?locale=pt_BR\"><img loading=\"lazy\" decoding=\"async\" src=\"https:\/\/jornalfatosenoticias.com.br\/wp-content\/uploads\/2023\/08\/BKR-1024x1021.jpg\" alt=\"\" class=\"wp-image-44494\" width=\"296\" height=\"295\" srcset=\"https:\/\/jornalfatosenoticias.com.br\/wp-content\/uploads\/2023\/08\/BKR-1024x1021.jpg 1024w, https:\/\/jornalfatosenoticias.com.br\/wp-content\/uploads\/2023\/08\/BKR-300x300.jpg 300w, https:\/\/jornalfatosenoticias.com.br\/wp-content\/uploads\/2023\/08\/BKR-150x150.jpg 150w, https:\/\/jornalfatosenoticias.com.br\/wp-content\/uploads\/2023\/08\/BKR-768x766.jpg 768w, https:\/\/jornalfatosenoticias.com.br\/wp-content\/uploads\/2023\/08\/BKR.jpg 1080w\" sizes=\"auto, (max-width: 296px) 100vw, 296px\" \/><\/a><\/figure><\/div>\n\n\n\n<p>Esta regi\u00e3o \u00e9 reconhecida como o \u00fanico local de ocorr\u00eancia conhecido da esp\u00e9cie at\u00e9 o momento. Embora a descoberta represente um avan\u00e7o no conhecimento da biodiversidade, h\u00e1 preocupa\u00e7\u00f5es com a poss\u00edvel extin\u00e7\u00e3o da esp\u00e9cie devido \u00e0 sua distribui\u00e7\u00e3o restrita.<\/p>\n\n\n\n<div class=\"wp-block-image\"><figure class=\"aligncenter size-large is-resized\"><a href=\"https:\/\/www.instagram.com\/restaurantepegoretti\/\"><img loading=\"lazy\" decoding=\"async\" src=\"https:\/\/jornalfatosenoticias.com.br\/wp-content\/uploads\/2023\/12\/pegoretti-logo-pdf-1024x389.jpg\" alt=\"\" class=\"wp-image-47536\" width=\"424\" height=\"161\" srcset=\"https:\/\/jornalfatosenoticias.com.br\/wp-content\/uploads\/2023\/12\/pegoretti-logo-pdf-1024x389.jpg 1024w, https:\/\/jornalfatosenoticias.com.br\/wp-content\/uploads\/2023\/12\/pegoretti-logo-pdf-300x114.jpg 300w, https:\/\/jornalfatosenoticias.com.br\/wp-content\/uploads\/2023\/12\/pegoretti-logo-pdf-768x291.jpg 768w, https:\/\/jornalfatosenoticias.com.br\/wp-content\/uploads\/2023\/12\/pegoretti-logo-pdf.jpg 1120w\" sizes=\"auto, (max-width: 424px) 100vw, 424px\" \/><\/a><\/figure><\/div>\n\n\n\n<p>Os pesquisadores acreditam que a planta pode estar amplamente distribu\u00edda dentro do pr\u00f3prio n\u00facleo em que foi encontrada, mas a sua presen\u00e7a fora desta \u00e1rea \u00e9 improv\u00e1vel. O achado da nova esp\u00e9cie em uma regi\u00e3o densamente urbanizada como a Grande S\u00e3o Paulo ressalta a import\u00e2ncia da preserva\u00e7\u00e3o de \u00e1reas naturais pr\u00f3ximas a grandes centros urbanos.<\/p>\n\n\n\n<div class=\"wp-block-image\"><figure class=\"aligncenter size-large is-resized\"><a href=\"https:\/\/www.instagram.com\/ligadossaborespizzaria\/\"><img loading=\"lazy\" decoding=\"async\" src=\"https:\/\/jornalfatosenoticias.com.br\/wp-content\/uploads\/2024\/09\/WhatsApp-Image-2024-09-14-at-22.46.10-819x1024.jpeg\" alt=\"\" class=\"wp-image-54180\" width=\"284\" height=\"355\" srcset=\"https:\/\/jornalfatosenoticias.com.br\/wp-content\/uploads\/2024\/09\/WhatsApp-Image-2024-09-14-at-22.46.10-819x1024.jpeg 819w, https:\/\/jornalfatosenoticias.com.br\/wp-content\/uploads\/2024\/09\/WhatsApp-Image-2024-09-14-at-22.46.10-240x300.jpeg 240w, https:\/\/jornalfatosenoticias.com.br\/wp-content\/uploads\/2024\/09\/WhatsApp-Image-2024-09-14-at-22.46.10-768x960.jpeg 768w, https:\/\/jornalfatosenoticias.com.br\/wp-content\/uploads\/2024\/09\/WhatsApp-Image-2024-09-14-at-22.46.10.jpeg 1024w\" sizes=\"auto, (max-width: 284px) 100vw, 284px\" \/><\/a><\/figure><\/div>\n\n\n\n<p>O Parque Estadual da Serra do Mar, que abrange parte da regi\u00e3o metropolitana da baixada santista e da grande S\u00e3o Paulo, \u00e9 reconhecido pela sua rica vegeta\u00e7\u00e3o, contando com mais de 512 esp\u00e9cies nativas j\u00e1 catalogadas em seus campos de altitude.<\/p>\n\n\n\n<div class=\"wp-block-image\"><figure class=\"aligncenter size-large is-resized\"><a href=\"https:\/\/www.ithbrasil.com.br\/\"><img loading=\"lazy\" decoding=\"async\" src=\"https:\/\/jornalfatosenoticias.com.br\/wp-content\/uploads\/2023\/08\/ITH.jpeg\" alt=\"\" class=\"wp-image-44638\" width=\"295\" height=\"240\" srcset=\"https:\/\/jornalfatosenoticias.com.br\/wp-content\/uploads\/2023\/08\/ITH.jpeg 800w, https:\/\/jornalfatosenoticias.com.br\/wp-content\/uploads\/2023\/08\/ITH-300x244.jpeg 300w, https:\/\/jornalfatosenoticias.com.br\/wp-content\/uploads\/2023\/08\/ITH-768x624.jpeg 768w\" sizes=\"auto, (max-width: 295px) 100vw, 295px\" \/><\/a><\/figure><\/div>\n\n\n\n<p><strong><em>Fonte: <a href=\"https:\/\/www.greenme.com.br\/informarse\/biodiversidade\/107245-nova-especie-de-quaresmeira-descoberta-na-regiao-da-grande-sao-paulo\/\">GreenMe<\/a><\/em><\/strong><\/p>\n","protected":false},"excerpt":{"rendered":"<p>Por Daia Florios Pesquisadores da Universidade Federal do Paran\u00e1 (UFPR) identificaram uma nova esp\u00e9cie de \u00e1rvore conhecida como quaresmeira. Esta descoberta foi realizada pelo N\u00facleo Curucutu do Parque Estadual da Serra do Mar, na regi\u00e3o da Grande S\u00e3o Paulo. As quaresmeiras e os manac\u00e1s-da-serra, \u00e1rvores conhecidas por suas flores rosa e roxo que florescem no [&hellip;]<\/p>\n","protected":false},"author":2,"featured_media":55684,"comment_status":"open","ping_status":"open","sticky":false,"template":"","format":"standard","meta":{"footnotes":""},"categories":[8],"tags":[2017,594,13982,11328,18229,13071,7932],"class_list":["post-55683","post","type-post","status-publish","format-standard","has-post-thumbnail","hentry","category-meio-ambiente","tag-flores","tag-nova-especie","tag-parque-estadual-da-serra-do-mar","tag-plantas-ornamentais","tag-quaresma","tag-quaresmeira","tag-ufpr"],"yoast_head":"<!-- This site is optimized with the Yoast SEO plugin v26.5 - https:\/\/yoast.com\/wordpress\/plugins\/seo\/ -->\n<title>Nova esp\u00e9cie de \u201cquaresmeira\u201d \u00e9 descoberta na regi\u00e3o da Grande S\u00e3o Paulo - Jornal Fatos e Not\u00edcias<\/title>\n<meta name=\"robots\" content=\"index, follow, max-snippet:-1, max-image-preview:large, max-video-preview:-1\" \/>\n<link rel=\"canonical\" href=\"https:\/\/jornalfatosenoticias.com.br\/index.php\/2024\/11\/13\/nova-especie-de-quaresmeira-e-descoberta-na-regiao-da-grande-sao-paulo\/\" \/>\n<meta property=\"og:locale\" content=\"pt_BR\" \/>\n<meta property=\"og:type\" content=\"article\" \/>\n<meta property=\"og:title\" content=\"Nova esp\u00e9cie de \u201cquaresmeira\u201d \u00e9 descoberta na regi\u00e3o da Grande S\u00e3o Paulo - Jornal Fatos e Not\u00edcias\" \/>\n<meta property=\"og:description\" content=\"Por Daia Florios Pesquisadores da Universidade Federal do Paran\u00e1 (UFPR) identificaram uma nova esp\u00e9cie de \u00e1rvore conhecida como quaresmeira. Esta descoberta foi realizada pelo N\u00facleo Curucutu do Parque Estadual da Serra do Mar, na regi\u00e3o da Grande S\u00e3o Paulo. As quaresmeiras e os manac\u00e1s-da-serra, \u00e1rvores conhecidas por suas flores rosa e roxo que florescem no [&hellip;]\" \/>\n<meta property=\"og:url\" content=\"https:\/\/jornalfatosenoticias.com.br\/index.php\/2024\/11\/13\/nova-especie-de-quaresmeira-e-descoberta-na-regiao-da-grande-sao-paulo\/\" \/>\n<meta property=\"og:site_name\" content=\"Jornal Fatos e Not\u00edcias\" \/>\n<meta property=\"article:published_time\" content=\"2024-11-13T13:32:01+00:00\" \/>\n<meta property=\"article:modified_time\" content=\"2024-11-13T13:32:29+00:00\" \/>\n<meta property=\"og:image\" content=\"https:\/\/jornalfatosenoticias.com.br\/wp-content\/uploads\/2024\/11\/quaresmeira.jpg\" \/>\n\t<meta property=\"og:image:width\" content=\"1000\" \/>\n\t<meta property=\"og:image:height\" content=\"562\" \/>\n\t<meta property=\"og:image:type\" content=\"image\/jpeg\" \/>\n<meta name=\"author\" content=\"Luzimara Fernandes\" \/>\n<meta name=\"twitter:card\" content=\"summary_large_image\" \/>\n<meta name=\"twitter:label1\" content=\"Escrito por\" \/>\n\t<meta name=\"twitter:data1\" content=\"Luzimara Fernandes\" \/>\n\t<meta name=\"twitter:label2\" content=\"Est. tempo de leitura\" \/>\n\t<meta name=\"twitter:data2\" content=\"2 minutos\" \/>\n<script type=\"application\/ld+json\" class=\"yoast-schema-graph\">{\"@context\":\"https:\/\/schema.org\",\"@graph\":[{\"@type\":\"Article\",\"@id\":\"https:\/\/jornalfatosenoticias.com.br\/index.php\/2024\/11\/13\/nova-especie-de-quaresmeira-e-descoberta-na-regiao-da-grande-sao-paulo\/#article\",\"isPartOf\":{\"@id\":\"https:\/\/jornalfatosenoticias.com.br\/index.php\/2024\/11\/13\/nova-especie-de-quaresmeira-e-descoberta-na-regiao-da-grande-sao-paulo\/\"},\"author\":{\"name\":\"Luzimara Fernandes\",\"@id\":\"https:\/\/jornalfatosenoticias.com.br\/#\/schema\/person\/d63837fa13ac8666eb9e74e0985d6f81\"},\"headline\":\"Nova esp\u00e9cie de \u201cquaresmeira\u201d \u00e9 descoberta na regi\u00e3o da Grande S\u00e3o Paulo\",\"datePublished\":\"2024-11-13T13:32:01+00:00\",\"dateModified\":\"2024-11-13T13:32:29+00:00\",\"mainEntityOfPage\":{\"@id\":\"https:\/\/jornalfatosenoticias.com.br\/index.php\/2024\/11\/13\/nova-especie-de-quaresmeira-e-descoberta-na-regiao-da-grande-sao-paulo\/\"},\"wordCount\":343,\"commentCount\":0,\"publisher\":{\"@id\":\"https:\/\/jornalfatosenoticias.com.br\/#organization\"},\"image\":{\"@id\":\"https:\/\/jornalfatosenoticias.com.br\/index.php\/2024\/11\/13\/nova-especie-de-quaresmeira-e-descoberta-na-regiao-da-grande-sao-paulo\/#primaryimage\"},\"thumbnailUrl\":\"https:\/\/jornalfatosenoticias.com.br\/wp-content\/uploads\/2024\/11\/quaresmeira.jpg\",\"keywords\":[\"flores\",\"nova esp\u00e9cie\",\"Parque Estadual da Serra do Mar\",\"plantas ornamentais\",\"quaresma\",\"quaresmeira\",\"UFPR\"],\"articleSection\":[\"Meio ambiente\"],\"inLanguage\":\"pt-BR\",\"potentialAction\":[{\"@type\":\"CommentAction\",\"name\":\"Comment\",\"target\":[\"https:\/\/jornalfatosenoticias.com.br\/index.php\/2024\/11\/13\/nova-especie-de-quaresmeira-e-descoberta-na-regiao-da-grande-sao-paulo\/#respond\"]}]},{\"@type\":\"WebPage\",\"@id\":\"https:\/\/jornalfatosenoticias.com.br\/index.php\/2024\/11\/13\/nova-especie-de-quaresmeira-e-descoberta-na-regiao-da-grande-sao-paulo\/\",\"url\":\"https:\/\/jornalfatosenoticias.com.br\/index.php\/2024\/11\/13\/nova-especie-de-quaresmeira-e-descoberta-na-regiao-da-grande-sao-paulo\/\",\"name\":\"Nova esp\u00e9cie de \u201cquaresmeira\u201d \u00e9 descoberta na regi\u00e3o da Grande S\u00e3o Paulo - Jornal Fatos e Not\u00edcias\",\"isPartOf\":{\"@id\":\"https:\/\/jornalfatosenoticias.com.br\/#website\"},\"primaryImageOfPage\":{\"@id\":\"https:\/\/jornalfatosenoticias.com.br\/index.php\/2024\/11\/13\/nova-especie-de-quaresmeira-e-descoberta-na-regiao-da-grande-sao-paulo\/#primaryimage\"},\"image\":{\"@id\":\"https:\/\/jornalfatosenoticias.com.br\/index.php\/2024\/11\/13\/nova-especie-de-quaresmeira-e-descoberta-na-regiao-da-grande-sao-paulo\/#primaryimage\"},\"thumbnailUrl\":\"https:\/\/jornalfatosenoticias.com.br\/wp-content\/uploads\/2024\/11\/quaresmeira.jpg\",\"datePublished\":\"2024-11-13T13:32:01+00:00\",\"dateModified\":\"2024-11-13T13:32:29+00:00\",\"breadcrumb\":{\"@id\":\"https:\/\/jornalfatosenoticias.com.br\/index.php\/2024\/11\/13\/nova-especie-de-quaresmeira-e-descoberta-na-regiao-da-grande-sao-paulo\/#breadcrumb\"},\"inLanguage\":\"pt-BR\",\"potentialAction\":[{\"@type\":\"ReadAction\",\"target\":[\"https:\/\/jornalfatosenoticias.com.br\/index.php\/2024\/11\/13\/nova-especie-de-quaresmeira-e-descoberta-na-regiao-da-grande-sao-paulo\/\"]}]},{\"@type\":\"ImageObject\",\"inLanguage\":\"pt-BR\",\"@id\":\"https:\/\/jornalfatosenoticias.com.br\/index.php\/2024\/11\/13\/nova-especie-de-quaresmeira-e-descoberta-na-regiao-da-grande-sao-paulo\/#primaryimage\",\"url\":\"https:\/\/jornalfatosenoticias.com.br\/wp-content\/uploads\/2024\/11\/quaresmeira.jpg\",\"contentUrl\":\"https:\/\/jornalfatosenoticias.com.br\/wp-content\/uploads\/2024\/11\/quaresmeira.jpg\",\"width\":1000,\"height\":562},{\"@type\":\"BreadcrumbList\",\"@id\":\"https:\/\/jornalfatosenoticias.com.br\/index.php\/2024\/11\/13\/nova-especie-de-quaresmeira-e-descoberta-na-regiao-da-grande-sao-paulo\/#breadcrumb\",\"itemListElement\":[{\"@type\":\"ListItem\",\"position\":1,\"name\":\"In\u00edcio\",\"item\":\"https:\/\/jornalfatosenoticias.com.br\/\"},{\"@type\":\"ListItem\",\"position\":2,\"name\":\"Nova esp\u00e9cie de \u201cquaresmeira\u201d \u00e9 descoberta na regi\u00e3o da Grande S\u00e3o Paulo\"}]},{\"@type\":\"WebSite\",\"@id\":\"https:\/\/jornalfatosenoticias.com.br\/#website\",\"url\":\"https:\/\/jornalfatosenoticias.com.br\/\",\"name\":\"Jornal Fatos e Not\u00edcias\",\"description\":\"Not\u00edcias em geral\",\"publisher\":{\"@id\":\"https:\/\/jornalfatosenoticias.com.br\/#organization\"},\"potentialAction\":[{\"@type\":\"SearchAction\",\"target\":{\"@type\":\"EntryPoint\",\"urlTemplate\":\"https:\/\/jornalfatosenoticias.com.br\/?s={search_term_string}\"},\"query-input\":{\"@type\":\"PropertyValueSpecification\",\"valueRequired\":true,\"valueName\":\"search_term_string\"}}],\"inLanguage\":\"pt-BR\"},{\"@type\":\"Organization\",\"@id\":\"https:\/\/jornalfatosenoticias.com.br\/#organization\",\"name\":\"Jornal Fatos e Not\u00edcias\",\"url\":\"https:\/\/jornalfatosenoticias.com.br\/\",\"logo\":{\"@type\":\"ImageObject\",\"inLanguage\":\"pt-BR\",\"@id\":\"https:\/\/jornalfatosenoticias.com.br\/#\/schema\/logo\/image\/\",\"url\":\"https:\/\/jornalfatosenoticias.com.br\/wp-content\/uploads\/2020\/02\/logo120.png\",\"contentUrl\":\"https:\/\/jornalfatosenoticias.com.br\/wp-content\/uploads\/2020\/02\/logo120.png\",\"width\":1227,\"height\":120,\"caption\":\"Jornal Fatos e Not\u00edcias\"},\"image\":{\"@id\":\"https:\/\/jornalfatosenoticias.com.br\/#\/schema\/logo\/image\/\"}},{\"@type\":\"Person\",\"@id\":\"https:\/\/jornalfatosenoticias.com.br\/#\/schema\/person\/d63837fa13ac8666eb9e74e0985d6f81\",\"name\":\"Luzimara Fernandes\",\"image\":{\"@type\":\"ImageObject\",\"inLanguage\":\"pt-BR\",\"@id\":\"https:\/\/jornalfatosenoticias.com.br\/#\/schema\/person\/image\/\",\"url\":\"https:\/\/jornalfatosenoticias.com.br\/wp-content\/uploads\/2025\/05\/EU_portal.jpg\",\"contentUrl\":\"https:\/\/jornalfatosenoticias.com.br\/wp-content\/uploads\/2025\/05\/EU_portal.jpg\",\"caption\":\"Luzimara Fernandes\"},\"description\":\"Jornalista MTB 2358-ES\",\"sameAs\":[\"https:\/\/jornalfatosenoticias.com.br\"],\"url\":\"https:\/\/jornalfatosenoticias.com.br\/index.php\/author\/luzimara\/\"}]}<\/script>\n<!-- \/ Yoast SEO plugin. -->","yoast_head_json":{"title":"Nova esp\u00e9cie de \u201cquaresmeira\u201d \u00e9 descoberta na regi\u00e3o da Grande S\u00e3o Paulo - Jornal Fatos e Not\u00edcias","robots":{"index":"index","follow":"follow","max-snippet":"max-snippet:-1","max-image-preview":"max-image-preview:large","max-video-preview":"max-video-preview:-1"},"canonical":"https:\/\/jornalfatosenoticias.com.br\/index.php\/2024\/11\/13\/nova-especie-de-quaresmeira-e-descoberta-na-regiao-da-grande-sao-paulo\/","og_locale":"pt_BR","og_type":"article","og_title":"Nova esp\u00e9cie de \u201cquaresmeira\u201d \u00e9 descoberta na regi\u00e3o da Grande S\u00e3o Paulo - Jornal Fatos e Not\u00edcias","og_description":"Por Daia Florios Pesquisadores da Universidade Federal do Paran\u00e1 (UFPR) identificaram uma nova esp\u00e9cie de \u00e1rvore conhecida como quaresmeira. Esta descoberta foi realizada pelo N\u00facleo Curucutu do Parque Estadual da Serra do Mar, na regi\u00e3o da Grande S\u00e3o Paulo. As quaresmeiras e os manac\u00e1s-da-serra, \u00e1rvores conhecidas por suas flores rosa e roxo que florescem no [&hellip;]","og_url":"https:\/\/jornalfatosenoticias.com.br\/index.php\/2024\/11\/13\/nova-especie-de-quaresmeira-e-descoberta-na-regiao-da-grande-sao-paulo\/","og_site_name":"Jornal Fatos e Not\u00edcias","article_published_time":"2024-11-13T13:32:01+00:00","article_modified_time":"2024-11-13T13:32:29+00:00","og_image":[{"width":1000,"height":562,"url":"https:\/\/jornalfatosenoticias.com.br\/wp-content\/uploads\/2024\/11\/quaresmeira.jpg","type":"image\/jpeg"}],"author":"Luzimara Fernandes","twitter_card":"summary_large_image","twitter_misc":{"Escrito por":"Luzimara Fernandes","Est. tempo de leitura":"2 minutos"},"schema":{"@context":"https:\/\/schema.org","@graph":[{"@type":"Article","@id":"https:\/\/jornalfatosenoticias.com.br\/index.php\/2024\/11\/13\/nova-especie-de-quaresmeira-e-descoberta-na-regiao-da-grande-sao-paulo\/#article","isPartOf":{"@id":"https:\/\/jornalfatosenoticias.com.br\/index.php\/2024\/11\/13\/nova-especie-de-quaresmeira-e-descoberta-na-regiao-da-grande-sao-paulo\/"},"author":{"name":"Luzimara Fernandes","@id":"https:\/\/jornalfatosenoticias.com.br\/#\/schema\/person\/d63837fa13ac8666eb9e74e0985d6f81"},"headline":"Nova esp\u00e9cie de \u201cquaresmeira\u201d \u00e9 descoberta na regi\u00e3o da Grande S\u00e3o Paulo","datePublished":"2024-11-13T13:32:01+00:00","dateModified":"2024-11-13T13:32:29+00:00","mainEntityOfPage":{"@id":"https:\/\/jornalfatosenoticias.com.br\/index.php\/2024\/11\/13\/nova-especie-de-quaresmeira-e-descoberta-na-regiao-da-grande-sao-paulo\/"},"wordCount":343,"commentCount":0,"publisher":{"@id":"https:\/\/jornalfatosenoticias.com.br\/#organization"},"image":{"@id":"https:\/\/jornalfatosenoticias.com.br\/index.php\/2024\/11\/13\/nova-especie-de-quaresmeira-e-descoberta-na-regiao-da-grande-sao-paulo\/#primaryimage"},"thumbnailUrl":"https:\/\/jornalfatosenoticias.com.br\/wp-content\/uploads\/2024\/11\/quaresmeira.jpg","keywords":["flores","nova esp\u00e9cie","Parque Estadual da Serra do Mar","plantas ornamentais","quaresma","quaresmeira","UFPR"],"articleSection":["Meio ambiente"],"inLanguage":"pt-BR","potentialAction":[{"@type":"CommentAction","name":"Comment","target":["https:\/\/jornalfatosenoticias.com.br\/index.php\/2024\/11\/13\/nova-especie-de-quaresmeira-e-descoberta-na-regiao-da-grande-sao-paulo\/#respond"]}]},{"@type":"WebPage","@id":"https:\/\/jornalfatosenoticias.com.br\/index.php\/2024\/11\/13\/nova-especie-de-quaresmeira-e-descoberta-na-regiao-da-grande-sao-paulo\/","url":"https:\/\/jornalfatosenoticias.com.br\/index.php\/2024\/11\/13\/nova-especie-de-quaresmeira-e-descoberta-na-regiao-da-grande-sao-paulo\/","name":"Nova esp\u00e9cie de \u201cquaresmeira\u201d \u00e9 descoberta na regi\u00e3o da Grande S\u00e3o Paulo - Jornal Fatos e Not\u00edcias","isPartOf":{"@id":"https:\/\/jornalfatosenoticias.com.br\/#website"},"primaryImageOfPage":{"@id":"https:\/\/jornalfatosenoticias.com.br\/index.php\/2024\/11\/13\/nova-especie-de-quaresmeira-e-descoberta-na-regiao-da-grande-sao-paulo\/#primaryimage"},"image":{"@id":"https:\/\/jornalfatosenoticias.com.br\/index.php\/2024\/11\/13\/nova-especie-de-quaresmeira-e-descoberta-na-regiao-da-grande-sao-paulo\/#primaryimage"},"thumbnailUrl":"https:\/\/jornalfatosenoticias.com.br\/wp-content\/uploads\/2024\/11\/quaresmeira.jpg","datePublished":"2024-11-13T13:32:01+00:00","dateModified":"2024-11-13T13:32:29+00:00","breadcrumb":{"@id":"https:\/\/jornalfatosenoticias.com.br\/index.php\/2024\/11\/13\/nova-especie-de-quaresmeira-e-descoberta-na-regiao-da-grande-sao-paulo\/#breadcrumb"},"inLanguage":"pt-BR","potentialAction":[{"@type":"ReadAction","target":["https:\/\/jornalfatosenoticias.com.br\/index.php\/2024\/11\/13\/nova-especie-de-quaresmeira-e-descoberta-na-regiao-da-grande-sao-paulo\/"]}]},{"@type":"ImageObject","inLanguage":"pt-BR","@id":"https:\/\/jornalfatosenoticias.com.br\/index.php\/2024\/11\/13\/nova-especie-de-quaresmeira-e-descoberta-na-regiao-da-grande-sao-paulo\/#primaryimage","url":"https:\/\/jornalfatosenoticias.com.br\/wp-content\/uploads\/2024\/11\/quaresmeira.jpg","contentUrl":"https:\/\/jornalfatosenoticias.com.br\/wp-content\/uploads\/2024\/11\/quaresmeira.jpg","width":1000,"height":562},{"@type":"BreadcrumbList","@id":"https:\/\/jornalfatosenoticias.com.br\/index.php\/2024\/11\/13\/nova-especie-de-quaresmeira-e-descoberta-na-regiao-da-grande-sao-paulo\/#breadcrumb","itemListElement":[{"@type":"ListItem","position":1,"name":"In\u00edcio","item":"https:\/\/jornalfatosenoticias.com.br\/"},{"@type":"ListItem","position":2,"name":"Nova esp\u00e9cie de \u201cquaresmeira\u201d \u00e9 descoberta na regi\u00e3o da Grande S\u00e3o Paulo"}]},{"@type":"WebSite","@id":"https:\/\/jornalfatosenoticias.com.br\/#website","url":"https:\/\/jornalfatosenoticias.com.br\/","name":"Jornal Fatos e Not\u00edcias","description":"Not\u00edcias em geral","publisher":{"@id":"https:\/\/jornalfatosenoticias.com.br\/#organization"},"potentialAction":[{"@type":"SearchAction","target":{"@type":"EntryPoint","urlTemplate":"https:\/\/jornalfatosenoticias.com.br\/?s={search_term_string}"},"query-input":{"@type":"PropertyValueSpecification","valueRequired":true,"valueName":"search_term_string"}}],"inLanguage":"pt-BR"},{"@type":"Organization","@id":"https:\/\/jornalfatosenoticias.com.br\/#organization","name":"Jornal Fatos e Not\u00edcias","url":"https:\/\/jornalfatosenoticias.com.br\/","logo":{"@type":"ImageObject","inLanguage":"pt-BR","@id":"https:\/\/jornalfatosenoticias.com.br\/#\/schema\/logo\/image\/","url":"https:\/\/jornalfatosenoticias.com.br\/wp-content\/uploads\/2020\/02\/logo120.png","contentUrl":"https:\/\/jornalfatosenoticias.com.br\/wp-content\/uploads\/2020\/02\/logo120.png","width":1227,"height":120,"caption":"Jornal Fatos e Not\u00edcias"},"image":{"@id":"https:\/\/jornalfatosenoticias.com.br\/#\/schema\/logo\/image\/"}},{"@type":"Person","@id":"https:\/\/jornalfatosenoticias.com.br\/#\/schema\/person\/d63837fa13ac8666eb9e74e0985d6f81","name":"Luzimara Fernandes","image":{"@type":"ImageObject","inLanguage":"pt-BR","@id":"https:\/\/jornalfatosenoticias.com.br\/#\/schema\/person\/image\/","url":"https:\/\/jornalfatosenoticias.com.br\/wp-content\/uploads\/2025\/05\/EU_portal.jpg","contentUrl":"https:\/\/jornalfatosenoticias.com.br\/wp-content\/uploads\/2025\/05\/EU_portal.jpg","caption":"Luzimara Fernandes"},"description":"Jornalista MTB 2358-ES","sameAs":["https:\/\/jornalfatosenoticias.com.br"],"url":"https:\/\/jornalfatosenoticias.com.br\/index.php\/author\/luzimara\/"}]}},"cc_featured_image_caption":{"caption_text":"(Foto: UFPR\/Divulga\u00e7\u00e3o) \r\n","source_text":"","source_url":""},"jetpack_featured_media_url":"https:\/\/jornalfatosenoticias.com.br\/wp-content\/uploads\/2024\/11\/quaresmeira.jpg","_links":{"self":[{"href":"https:\/\/jornalfatosenoticias.com.br\/index.php\/wp-json\/wp\/v2\/posts\/55683","targetHints":{"allow":["GET"]}}],"collection":[{"href":"https:\/\/jornalfatosenoticias.com.br\/index.php\/wp-json\/wp\/v2\/posts"}],"about":[{"href":"https:\/\/jornalfatosenoticias.com.br\/index.php\/wp-json\/wp\/v2\/types\/post"}],"author":[{"embeddable":true,"href":"https:\/\/jornalfatosenoticias.com.br\/index.php\/wp-json\/wp\/v2\/users\/2"}],"replies":[{"embeddable":true,"href":"https:\/\/jornalfatosenoticias.com.br\/index.php\/wp-json\/wp\/v2\/comments?post=55683"}],"version-history":[{"count":0,"href":"https:\/\/jornalfatosenoticias.com.br\/index.php\/wp-json\/wp\/v2\/posts\/55683\/revisions"}],"wp:featuredmedia":[{"embeddable":true,"href":"https:\/\/jornalfatosenoticias.com.br\/index.php\/wp-json\/wp\/v2\/media\/55684"}],"wp:attachment":[{"href":"https:\/\/jornalfatosenoticias.com.br\/index.php\/wp-json\/wp\/v2\/media?parent=55683"}],"wp:term":[{"taxonomy":"category","embeddable":true,"href":"https:\/\/jornalfatosenoticias.com.br\/index.php\/wp-json\/wp\/v2\/categories?post=55683"},{"taxonomy":"post_tag","embeddable":true,"href":"https:\/\/jornalfatosenoticias.com.br\/index.php\/wp-json\/wp\/v2\/tags?post=55683"}],"curies":[{"name":"wp","href":"https:\/\/api.w.org\/{rel}","templated":true}]}}