{"id":55689,"date":"2024-11-13T11:09:39","date_gmt":"2024-11-13T14:09:39","guid":{"rendered":"https:\/\/jornalfatosenoticias.com.br\/?p=55689"},"modified":"2024-11-13T11:09:40","modified_gmt":"2024-11-13T14:09:40","slug":"israel-mata-comandantes-do-hezbollah-que-lideraram-ataques-no-sul-do-libano","status":"publish","type":"post","link":"https:\/\/jornalfatosenoticias.com.br\/index.php\/2024\/11\/13\/israel-mata-comandantes-do-hezbollah-que-lideraram-ataques-no-sul-do-libano\/","title":{"rendered":"Israel mata comandantes do Hezbollah que lideraram ataques no sul do L\u00edbano"},"content":{"rendered":"\n<p><em><span class=\"has-inline-color has-black-color\">Um soldado das For\u00e7as de Defesa de Israel custodia ve\u00edculo no territ\u00f3rio do sul do L\u00edbano<\/span><\/em><\/p>\n\n\n\n<p><span class=\"has-inline-color has-black-color\">Por <strong><a href=\"https:\/\/www.gazetadopovo.com.br\/autor\/isabella-de-paula\/\" rel=\"sponsored nofollow\">Isabella de Paula<\/a><\/strong><\/span><\/p>\n\n\n\n<div class=\"wp-block-image\"><figure class=\"aligncenter size-large\"><a href=\"https:\/\/www.instagram.com\/vmais.midias\/\"><img loading=\"lazy\" decoding=\"async\" width=\"1024\" height=\"110\" src=\"https:\/\/jornalfatosenoticias.com.br\/wp-content\/uploads\/2020\/02\/DE-MAIS-DESTAQUE-VMAIS-1120X120-1024x110.png\" alt=\"\" class=\"wp-image-53110\" srcset=\"https:\/\/jornalfatosenoticias.com.br\/wp-content\/uploads\/2020\/02\/DE-MAIS-DESTAQUE-VMAIS-1120X120-1024x110.png 1024w, https:\/\/jornalfatosenoticias.com.br\/wp-content\/uploads\/2020\/02\/DE-MAIS-DESTAQUE-VMAIS-1120X120-300x32.png 300w, https:\/\/jornalfatosenoticias.com.br\/wp-content\/uploads\/2020\/02\/DE-MAIS-DESTAQUE-VMAIS-1120X120-768x82.png 768w, https:\/\/jornalfatosenoticias.com.br\/wp-content\/uploads\/2020\/02\/DE-MAIS-DESTAQUE-VMAIS-1120X120.png 1120w\" sizes=\"auto, (max-width: 1024px) 100vw, 1024px\" \/><\/a><\/figure><\/div>\n\n\n\n<p>O Ex\u00e9rcito de Israel continua operando em partes do L\u00edbano para erradicar a amea\u00e7a do Hezbollah contra o pa\u00eds. Em um comunicado nesta quarta-feira (13), as For\u00e7as de Defesa (FDI) anunciaram a elimina\u00e7\u00e3o de tr\u00eas comandantes respons\u00e1veis por ataques contra o territ\u00f3rio vizinho.<\/p>\n\n\n\n<blockquote class=\"wp-block-quote is-layout-flow wp-block-quote-is-layout-flow\"><p><span class=\"has-inline-color has-luminous-vivid-orange-color\">Muhammad Musa Salah, Ayman Muhammad Nabulsi e Hajj Ali Yussef Salah,\u00a0comandantes de campo do Hezbollah de\u00a0Khiam, Tebnit e Ghajar\u00a0foram eliminados em dois ataques separados\u201d, informaram os militares.<\/span><\/p><\/blockquote>\n\n\n\n<div class=\"wp-block-image\"><figure class=\"aligncenter size-large is-resized\"><a href=\"https:\/\/www.instagram.com\/restaurantepegoretti\/\"><img loading=\"lazy\" decoding=\"async\" src=\"https:\/\/jornalfatosenoticias.com.br\/wp-content\/uploads\/2023\/12\/pegoretti-logo-pdf-1024x389.jpg\" alt=\"\" class=\"wp-image-47536\" width=\"491\" height=\"186\" srcset=\"https:\/\/jornalfatosenoticias.com.br\/wp-content\/uploads\/2023\/12\/pegoretti-logo-pdf-1024x389.jpg 1024w, https:\/\/jornalfatosenoticias.com.br\/wp-content\/uploads\/2023\/12\/pegoretti-logo-pdf-300x114.jpg 300w, https:\/\/jornalfatosenoticias.com.br\/wp-content\/uploads\/2023\/12\/pegoretti-logo-pdf-768x291.jpg 768w, https:\/\/jornalfatosenoticias.com.br\/wp-content\/uploads\/2023\/12\/pegoretti-logo-pdf.jpg 1120w\" sizes=\"auto, (max-width: 491px) 100vw, 491px\" \/><\/a><\/figure><\/div>\n\n\n\n<p>Na nota, Israel detalha que &#8220;esses terroristas dirigiram numerosos\u00a0ataques contra israelenses e foram respons\u00e1veis \u200b\u200bpelo lan\u00e7amento de mais de 2.500 proj\u00e9teis contra as \u00e1reas das Colinas de Gol\u00e3, da Alta Galileia, do Panhandle da Galileia e contra as tropas das FDI que operam no sul do L\u00edbano\u201d.<\/p>\n\n\n\n<div class=\"wp-block-image\"><figure class=\"aligncenter size-large is-resized\"><a href=\"https:\/\/www.instagram.com\/serra4x4cambioautomatico\/\"><img loading=\"lazy\" decoding=\"async\" src=\"https:\/\/jornalfatosenoticias.com.br\/wp-content\/uploads\/2024\/08\/Serra-4x4-1-886x1024.jpg\" alt=\"\" class=\"wp-image-53632\" width=\"300\" height=\"347\" srcset=\"https:\/\/jornalfatosenoticias.com.br\/wp-content\/uploads\/2024\/08\/Serra-4x4-1-886x1024.jpg 886w, https:\/\/jornalfatosenoticias.com.br\/wp-content\/uploads\/2024\/08\/Serra-4x4-1-260x300.jpg 260w, https:\/\/jornalfatosenoticias.com.br\/wp-content\/uploads\/2024\/08\/Serra-4x4-1-768x888.jpg 768w, https:\/\/jornalfatosenoticias.com.br\/wp-content\/uploads\/2024\/08\/Serra-4x4-1.jpg 1181w\" sizes=\"auto, (max-width: 300px) 100vw, 300px\" \/><\/a><\/figure><\/div>\n\n\n\n<p>Nesta ter\u00e7a-feira (12), a For\u00e7a A\u00e9rea Israelense atacou mais de 120 alvos das organiza\u00e7\u00f5es terroristas Hamas e Hezbollah na Faixa de Gaza e no L\u00edbano. Em outro comunicado, Tel Aviv anunciou ter destru\u00eddo a maior parte das instala\u00e7\u00f5es de fabrica\u00e7\u00e3o e armazenamento de armas da mil\u00edcia em Beirute.<\/p>\n\n\n\n<div class=\"wp-block-image\"><figure class=\"aligncenter size-large is-resized\"><a href=\"https:\/\/www.instagram.com\/ligadossaborespizzaria\/\"><img loading=\"lazy\" decoding=\"async\" src=\"https:\/\/jornalfatosenoticias.com.br\/wp-content\/uploads\/2020\/02\/WhatsApp-Image-2024-10-02-at-08.18.14-819x1024.jpeg\" alt=\"\" class=\"wp-image-54612\" width=\"312\" height=\"391\" srcset=\"https:\/\/jornalfatosenoticias.com.br\/wp-content\/uploads\/2020\/02\/WhatsApp-Image-2024-10-02-at-08.18.14-819x1024.jpeg 819w, https:\/\/jornalfatosenoticias.com.br\/wp-content\/uploads\/2020\/02\/WhatsApp-Image-2024-10-02-at-08.18.14-240x300.jpeg 240w, https:\/\/jornalfatosenoticias.com.br\/wp-content\/uploads\/2020\/02\/WhatsApp-Image-2024-10-02-at-08.18.14-768x960.jpeg 768w, https:\/\/jornalfatosenoticias.com.br\/wp-content\/uploads\/2020\/02\/WhatsApp-Image-2024-10-02-at-08.18.14.jpeg 1024w\" sizes=\"auto, (max-width: 312px) 100vw, 312px\" \/><\/a><\/figure><\/div>\n\n\n\n<p>Essas instala\u00e7\u00f5es, que incluem\u00a0f\u00e1bricas e armaz\u00e9ns de armas, foram constru\u00eddas ao longo das \u00faltimas duas d\u00e9cadas no sub\u00farbio de\u00a0Dahiyeh, considerado um reduto do Hezbollah na capital libanesa. Um dos locais destru\u00eddos era um complexo militar do grupo, localizado sob cinco edif\u00edcios residenciais em\u00a0Beirute, onde moravam cerca de 50 fam\u00edlias. O esconderijo da mil\u00edcia estava localizado perto de uma escola.<\/p>\n\n\n\n<div class=\"wp-block-image\"><figure class=\"aligncenter size-large is-resized\"><a href=\"https:\/\/www.instagram.com\/esteiochurrascaria\/\"><img loading=\"lazy\" decoding=\"async\" src=\"https:\/\/jornalfatosenoticias.com.br\/wp-content\/uploads\/2022\/02\/LOGO-ESTEIO-1024x730.png\" alt=\"\" class=\"wp-image-27942\" width=\"367\" height=\"261\" srcset=\"https:\/\/jornalfatosenoticias.com.br\/wp-content\/uploads\/2022\/02\/LOGO-ESTEIO-1024x730.png 1024w, https:\/\/jornalfatosenoticias.com.br\/wp-content\/uploads\/2022\/02\/LOGO-ESTEIO-300x214.png 300w, https:\/\/jornalfatosenoticias.com.br\/wp-content\/uploads\/2022\/02\/LOGO-ESTEIO-768x548.png 768w, https:\/\/jornalfatosenoticias.com.br\/wp-content\/uploads\/2022\/02\/LOGO-ESTEIO.png 1123w\" sizes=\"auto, (max-width: 367px) 100vw, 367px\" \/><\/a><\/figure><\/div>\n\n\n\n<p><strong><em>Fonte: <a href=\"https:\/\/www.gazetadopovo.com.br\/mundo\/israel-mata-comandantes-do-hezbollah-que-lideraram-ataques-no-sul-do-libano\/\">Gazeta do Povo<\/a><\/em><\/strong><\/p>\n","protected":false},"excerpt":{"rendered":"<p>Um soldado das For\u00e7as de Defesa de Israel custodia ve\u00edculo no territ\u00f3rio do sul do L\u00edbano Por Isabella de Paula O Ex\u00e9rcito de Israel continua operando em partes do L\u00edbano para erradicar a amea\u00e7a do Hezbollah contra o pa\u00eds. Em um comunicado nesta quarta-feira (13), as For\u00e7as de Defesa (FDI) anunciaram a elimina\u00e7\u00e3o de tr\u00eas [&hellip;]<\/p>\n","protected":false},"author":2,"featured_media":55690,"comment_status":"open","ping_status":"open","sticky":false,"template":"","format":"standard","meta":{"footnotes":""},"categories":[41],"tags":[21785,162,147,4906],"class_list":["post-55689","post","type-post","status-publish","format-standard","has-post-thumbnail","hentry","category-internacional","tag-hezbollah","tag-israel","tag-oriente-medio","tag-terrorismo"],"yoast_head":"<!-- This site is optimized with the Yoast SEO plugin v26.5 - https:\/\/yoast.com\/wordpress\/plugins\/seo\/ -->\n<title>Israel mata comandantes do Hezbollah que lideraram ataques no sul do L\u00edbano - Jornal Fatos e Not\u00edcias<\/title>\n<meta name=\"robots\" content=\"index, follow, max-snippet:-1, max-image-preview:large, max-video-preview:-1\" \/>\n<link rel=\"canonical\" href=\"https:\/\/jornalfatosenoticias.com.br\/index.php\/2024\/11\/13\/israel-mata-comandantes-do-hezbollah-que-lideraram-ataques-no-sul-do-libano\/\" \/>\n<meta property=\"og:locale\" content=\"pt_BR\" \/>\n<meta property=\"og:type\" content=\"article\" \/>\n<meta property=\"og:title\" content=\"Israel mata comandantes do Hezbollah que lideraram ataques no sul do L\u00edbano - Jornal Fatos e Not\u00edcias\" \/>\n<meta property=\"og:description\" content=\"Um soldado das For\u00e7as de Defesa de Israel custodia ve\u00edculo no territ\u00f3rio do sul do L\u00edbano Por Isabella de Paula O Ex\u00e9rcito de Israel continua operando em partes do L\u00edbano para erradicar a amea\u00e7a do Hezbollah contra o pa\u00eds. Em um comunicado nesta quarta-feira (13), as For\u00e7as de Defesa (FDI) anunciaram a elimina\u00e7\u00e3o de tr\u00eas [&hellip;]\" \/>\n<meta property=\"og:url\" content=\"https:\/\/jornalfatosenoticias.com.br\/index.php\/2024\/11\/13\/israel-mata-comandantes-do-hezbollah-que-lideraram-ataques-no-sul-do-libano\/\" \/>\n<meta property=\"og:site_name\" content=\"Jornal Fatos e Not\u00edcias\" \/>\n<meta property=\"article:published_time\" content=\"2024-11-13T14:09:39+00:00\" \/>\n<meta property=\"article:modified_time\" content=\"2024-11-13T14:09:40+00:00\" \/>\n<meta property=\"og:image\" content=\"https:\/\/jornalfatosenoticias.com.br\/wp-content\/uploads\/2024\/11\/guerra-Israel_gettyimages.jpg\" \/>\n\t<meta property=\"og:image:width\" content=\"612\" \/>\n\t<meta property=\"og:image:height\" content=\"408\" \/>\n\t<meta property=\"og:image:type\" content=\"image\/jpeg\" \/>\n<meta name=\"author\" content=\"Luzimara Fernandes\" \/>\n<meta name=\"twitter:card\" content=\"summary_large_image\" \/>\n<meta name=\"twitter:label1\" content=\"Escrito por\" \/>\n\t<meta name=\"twitter:data1\" content=\"Luzimara Fernandes\" \/>\n\t<meta name=\"twitter:label2\" content=\"Est. tempo de leitura\" \/>\n\t<meta name=\"twitter:data2\" content=\"1 minuto\" \/>\n<script type=\"application\/ld+json\" class=\"yoast-schema-graph\">{\"@context\":\"https:\/\/schema.org\",\"@graph\":[{\"@type\":\"Article\",\"@id\":\"https:\/\/jornalfatosenoticias.com.br\/index.php\/2024\/11\/13\/israel-mata-comandantes-do-hezbollah-que-lideraram-ataques-no-sul-do-libano\/#article\",\"isPartOf\":{\"@id\":\"https:\/\/jornalfatosenoticias.com.br\/index.php\/2024\/11\/13\/israel-mata-comandantes-do-hezbollah-que-lideraram-ataques-no-sul-do-libano\/\"},\"author\":{\"name\":\"Luzimara Fernandes\",\"@id\":\"https:\/\/jornalfatosenoticias.com.br\/#\/schema\/person\/d63837fa13ac8666eb9e74e0985d6f81\"},\"headline\":\"Israel mata comandantes do Hezbollah que lideraram ataques no sul do L\u00edbano\",\"datePublished\":\"2024-11-13T14:09:39+00:00\",\"dateModified\":\"2024-11-13T14:09:40+00:00\",\"mainEntityOfPage\":{\"@id\":\"https:\/\/jornalfatosenoticias.com.br\/index.php\/2024\/11\/13\/israel-mata-comandantes-do-hezbollah-que-lideraram-ataques-no-sul-do-libano\/\"},\"wordCount\":299,\"commentCount\":0,\"publisher\":{\"@id\":\"https:\/\/jornalfatosenoticias.com.br\/#organization\"},\"image\":{\"@id\":\"https:\/\/jornalfatosenoticias.com.br\/index.php\/2024\/11\/13\/israel-mata-comandantes-do-hezbollah-que-lideraram-ataques-no-sul-do-libano\/#primaryimage\"},\"thumbnailUrl\":\"https:\/\/jornalfatosenoticias.com.br\/wp-content\/uploads\/2024\/11\/guerra-Israel_gettyimages.jpg\",\"keywords\":[\"Hezbollah\",\"Israel\",\"Oriente M\u00e9dio\",\"terrorismo\"],\"articleSection\":[\"Internacional\"],\"inLanguage\":\"pt-BR\",\"potentialAction\":[{\"@type\":\"CommentAction\",\"name\":\"Comment\",\"target\":[\"https:\/\/jornalfatosenoticias.com.br\/index.php\/2024\/11\/13\/israel-mata-comandantes-do-hezbollah-que-lideraram-ataques-no-sul-do-libano\/#respond\"]}]},{\"@type\":\"WebPage\",\"@id\":\"https:\/\/jornalfatosenoticias.com.br\/index.php\/2024\/11\/13\/israel-mata-comandantes-do-hezbollah-que-lideraram-ataques-no-sul-do-libano\/\",\"url\":\"https:\/\/jornalfatosenoticias.com.br\/index.php\/2024\/11\/13\/israel-mata-comandantes-do-hezbollah-que-lideraram-ataques-no-sul-do-libano\/\",\"name\":\"Israel mata comandantes do Hezbollah que lideraram ataques no sul do L\u00edbano - Jornal Fatos e Not\u00edcias\",\"isPartOf\":{\"@id\":\"https:\/\/jornalfatosenoticias.com.br\/#website\"},\"primaryImageOfPage\":{\"@id\":\"https:\/\/jornalfatosenoticias.com.br\/index.php\/2024\/11\/13\/israel-mata-comandantes-do-hezbollah-que-lideraram-ataques-no-sul-do-libano\/#primaryimage\"},\"image\":{\"@id\":\"https:\/\/jornalfatosenoticias.com.br\/index.php\/2024\/11\/13\/israel-mata-comandantes-do-hezbollah-que-lideraram-ataques-no-sul-do-libano\/#primaryimage\"},\"thumbnailUrl\":\"https:\/\/jornalfatosenoticias.com.br\/wp-content\/uploads\/2024\/11\/guerra-Israel_gettyimages.jpg\",\"datePublished\":\"2024-11-13T14:09:39+00:00\",\"dateModified\":\"2024-11-13T14:09:40+00:00\",\"breadcrumb\":{\"@id\":\"https:\/\/jornalfatosenoticias.com.br\/index.php\/2024\/11\/13\/israel-mata-comandantes-do-hezbollah-que-lideraram-ataques-no-sul-do-libano\/#breadcrumb\"},\"inLanguage\":\"pt-BR\",\"potentialAction\":[{\"@type\":\"ReadAction\",\"target\":[\"https:\/\/jornalfatosenoticias.com.br\/index.php\/2024\/11\/13\/israel-mata-comandantes-do-hezbollah-que-lideraram-ataques-no-sul-do-libano\/\"]}]},{\"@type\":\"ImageObject\",\"inLanguage\":\"pt-BR\",\"@id\":\"https:\/\/jornalfatosenoticias.com.br\/index.php\/2024\/11\/13\/israel-mata-comandantes-do-hezbollah-que-lideraram-ataques-no-sul-do-libano\/#primaryimage\",\"url\":\"https:\/\/jornalfatosenoticias.com.br\/wp-content\/uploads\/2024\/11\/guerra-Israel_gettyimages.jpg\",\"contentUrl\":\"https:\/\/jornalfatosenoticias.com.br\/wp-content\/uploads\/2024\/11\/guerra-Israel_gettyimages.jpg\",\"width\":612,\"height\":408,\"caption\":\"Artillery shells are placed next to an Israeli self-propelled artillery Howitzer at a position near the border with the Gaza Strip in southern Israel on November 6, 2023 amid the ongoing battles between Israel and the Palestinian group Hamas in the Gaza Strip. (Photo by JACK GUEZ \/ AFP) (Photo by JACK GUEZ\/AFP via Getty Images)\"},{\"@type\":\"BreadcrumbList\",\"@id\":\"https:\/\/jornalfatosenoticias.com.br\/index.php\/2024\/11\/13\/israel-mata-comandantes-do-hezbollah-que-lideraram-ataques-no-sul-do-libano\/#breadcrumb\",\"itemListElement\":[{\"@type\":\"ListItem\",\"position\":1,\"name\":\"In\u00edcio\",\"item\":\"https:\/\/jornalfatosenoticias.com.br\/\"},{\"@type\":\"ListItem\",\"position\":2,\"name\":\"Israel mata comandantes do Hezbollah que lideraram ataques no sul do L\u00edbano\"}]},{\"@type\":\"WebSite\",\"@id\":\"https:\/\/jornalfatosenoticias.com.br\/#website\",\"url\":\"https:\/\/jornalfatosenoticias.com.br\/\",\"name\":\"Jornal Fatos e Not\u00edcias\",\"description\":\"Not\u00edcias em geral\",\"publisher\":{\"@id\":\"https:\/\/jornalfatosenoticias.com.br\/#organization\"},\"potentialAction\":[{\"@type\":\"SearchAction\",\"target\":{\"@type\":\"EntryPoint\",\"urlTemplate\":\"https:\/\/jornalfatosenoticias.com.br\/?s={search_term_string}\"},\"query-input\":{\"@type\":\"PropertyValueSpecification\",\"valueRequired\":true,\"valueName\":\"search_term_string\"}}],\"inLanguage\":\"pt-BR\"},{\"@type\":\"Organization\",\"@id\":\"https:\/\/jornalfatosenoticias.com.br\/#organization\",\"name\":\"Jornal Fatos e Not\u00edcias\",\"url\":\"https:\/\/jornalfatosenoticias.com.br\/\",\"logo\":{\"@type\":\"ImageObject\",\"inLanguage\":\"pt-BR\",\"@id\":\"https:\/\/jornalfatosenoticias.com.br\/#\/schema\/logo\/image\/\",\"url\":\"https:\/\/jornalfatosenoticias.com.br\/wp-content\/uploads\/2020\/02\/logo120.png\",\"contentUrl\":\"https:\/\/jornalfatosenoticias.com.br\/wp-content\/uploads\/2020\/02\/logo120.png\",\"width\":1227,\"height\":120,\"caption\":\"Jornal Fatos e Not\u00edcias\"},\"image\":{\"@id\":\"https:\/\/jornalfatosenoticias.com.br\/#\/schema\/logo\/image\/\"}},{\"@type\":\"Person\",\"@id\":\"https:\/\/jornalfatosenoticias.com.br\/#\/schema\/person\/d63837fa13ac8666eb9e74e0985d6f81\",\"name\":\"Luzimara Fernandes\",\"image\":{\"@type\":\"ImageObject\",\"inLanguage\":\"pt-BR\",\"@id\":\"https:\/\/jornalfatosenoticias.com.br\/#\/schema\/person\/image\/\",\"url\":\"https:\/\/jornalfatosenoticias.com.br\/wp-content\/uploads\/2025\/05\/EU_portal.jpg\",\"contentUrl\":\"https:\/\/jornalfatosenoticias.com.br\/wp-content\/uploads\/2025\/05\/EU_portal.jpg\",\"caption\":\"Luzimara Fernandes\"},\"description\":\"Jornalista MTB 2358-ES\",\"sameAs\":[\"https:\/\/jornalfatosenoticias.com.br\"],\"url\":\"https:\/\/jornalfatosenoticias.com.br\/index.php\/author\/luzimara\/\"}]}<\/script>\n<!-- \/ Yoast SEO plugin. -->","yoast_head_json":{"title":"Israel mata comandantes do Hezbollah que lideraram ataques no sul do L\u00edbano - Jornal Fatos e Not\u00edcias","robots":{"index":"index","follow":"follow","max-snippet":"max-snippet:-1","max-image-preview":"max-image-preview:large","max-video-preview":"max-video-preview:-1"},"canonical":"https:\/\/jornalfatosenoticias.com.br\/index.php\/2024\/11\/13\/israel-mata-comandantes-do-hezbollah-que-lideraram-ataques-no-sul-do-libano\/","og_locale":"pt_BR","og_type":"article","og_title":"Israel mata comandantes do Hezbollah que lideraram ataques no sul do L\u00edbano - Jornal Fatos e Not\u00edcias","og_description":"Um soldado das For\u00e7as de Defesa de Israel custodia ve\u00edculo no territ\u00f3rio do sul do L\u00edbano Por Isabella de Paula O Ex\u00e9rcito de Israel continua operando em partes do L\u00edbano para erradicar a amea\u00e7a do Hezbollah contra o pa\u00eds. Em um comunicado nesta quarta-feira (13), as For\u00e7as de Defesa (FDI) anunciaram a elimina\u00e7\u00e3o de tr\u00eas [&hellip;]","og_url":"https:\/\/jornalfatosenoticias.com.br\/index.php\/2024\/11\/13\/israel-mata-comandantes-do-hezbollah-que-lideraram-ataques-no-sul-do-libano\/","og_site_name":"Jornal Fatos e Not\u00edcias","article_published_time":"2024-11-13T14:09:39+00:00","article_modified_time":"2024-11-13T14:09:40+00:00","og_image":[{"width":612,"height":408,"url":"https:\/\/jornalfatosenoticias.com.br\/wp-content\/uploads\/2024\/11\/guerra-Israel_gettyimages.jpg","type":"image\/jpeg"}],"author":"Luzimara Fernandes","twitter_card":"summary_large_image","twitter_misc":{"Escrito por":"Luzimara Fernandes","Est. tempo de leitura":"1 minuto"},"schema":{"@context":"https:\/\/schema.org","@graph":[{"@type":"Article","@id":"https:\/\/jornalfatosenoticias.com.br\/index.php\/2024\/11\/13\/israel-mata-comandantes-do-hezbollah-que-lideraram-ataques-no-sul-do-libano\/#article","isPartOf":{"@id":"https:\/\/jornalfatosenoticias.com.br\/index.php\/2024\/11\/13\/israel-mata-comandantes-do-hezbollah-que-lideraram-ataques-no-sul-do-libano\/"},"author":{"name":"Luzimara Fernandes","@id":"https:\/\/jornalfatosenoticias.com.br\/#\/schema\/person\/d63837fa13ac8666eb9e74e0985d6f81"},"headline":"Israel mata comandantes do Hezbollah que lideraram ataques no sul do L\u00edbano","datePublished":"2024-11-13T14:09:39+00:00","dateModified":"2024-11-13T14:09:40+00:00","mainEntityOfPage":{"@id":"https:\/\/jornalfatosenoticias.com.br\/index.php\/2024\/11\/13\/israel-mata-comandantes-do-hezbollah-que-lideraram-ataques-no-sul-do-libano\/"},"wordCount":299,"commentCount":0,"publisher":{"@id":"https:\/\/jornalfatosenoticias.com.br\/#organization"},"image":{"@id":"https:\/\/jornalfatosenoticias.com.br\/index.php\/2024\/11\/13\/israel-mata-comandantes-do-hezbollah-que-lideraram-ataques-no-sul-do-libano\/#primaryimage"},"thumbnailUrl":"https:\/\/jornalfatosenoticias.com.br\/wp-content\/uploads\/2024\/11\/guerra-Israel_gettyimages.jpg","keywords":["Hezbollah","Israel","Oriente M\u00e9dio","terrorismo"],"articleSection":["Internacional"],"inLanguage":"pt-BR","potentialAction":[{"@type":"CommentAction","name":"Comment","target":["https:\/\/jornalfatosenoticias.com.br\/index.php\/2024\/11\/13\/israel-mata-comandantes-do-hezbollah-que-lideraram-ataques-no-sul-do-libano\/#respond"]}]},{"@type":"WebPage","@id":"https:\/\/jornalfatosenoticias.com.br\/index.php\/2024\/11\/13\/israel-mata-comandantes-do-hezbollah-que-lideraram-ataques-no-sul-do-libano\/","url":"https:\/\/jornalfatosenoticias.com.br\/index.php\/2024\/11\/13\/israel-mata-comandantes-do-hezbollah-que-lideraram-ataques-no-sul-do-libano\/","name":"Israel mata comandantes do Hezbollah que lideraram ataques no sul do L\u00edbano - Jornal Fatos e Not\u00edcias","isPartOf":{"@id":"https:\/\/jornalfatosenoticias.com.br\/#website"},"primaryImageOfPage":{"@id":"https:\/\/jornalfatosenoticias.com.br\/index.php\/2024\/11\/13\/israel-mata-comandantes-do-hezbollah-que-lideraram-ataques-no-sul-do-libano\/#primaryimage"},"image":{"@id":"https:\/\/jornalfatosenoticias.com.br\/index.php\/2024\/11\/13\/israel-mata-comandantes-do-hezbollah-que-lideraram-ataques-no-sul-do-libano\/#primaryimage"},"thumbnailUrl":"https:\/\/jornalfatosenoticias.com.br\/wp-content\/uploads\/2024\/11\/guerra-Israel_gettyimages.jpg","datePublished":"2024-11-13T14:09:39+00:00","dateModified":"2024-11-13T14:09:40+00:00","breadcrumb":{"@id":"https:\/\/jornalfatosenoticias.com.br\/index.php\/2024\/11\/13\/israel-mata-comandantes-do-hezbollah-que-lideraram-ataques-no-sul-do-libano\/#breadcrumb"},"inLanguage":"pt-BR","potentialAction":[{"@type":"ReadAction","target":["https:\/\/jornalfatosenoticias.com.br\/index.php\/2024\/11\/13\/israel-mata-comandantes-do-hezbollah-que-lideraram-ataques-no-sul-do-libano\/"]}]},{"@type":"ImageObject","inLanguage":"pt-BR","@id":"https:\/\/jornalfatosenoticias.com.br\/index.php\/2024\/11\/13\/israel-mata-comandantes-do-hezbollah-que-lideraram-ataques-no-sul-do-libano\/#primaryimage","url":"https:\/\/jornalfatosenoticias.com.br\/wp-content\/uploads\/2024\/11\/guerra-Israel_gettyimages.jpg","contentUrl":"https:\/\/jornalfatosenoticias.com.br\/wp-content\/uploads\/2024\/11\/guerra-Israel_gettyimages.jpg","width":612,"height":408,"caption":"Artillery shells are placed next to an Israeli self-propelled artillery Howitzer at a position near the border with the Gaza Strip in southern Israel on November 6, 2023 amid the ongoing battles between Israel and the Palestinian group Hamas in the Gaza Strip. (Photo by JACK GUEZ \/ AFP) (Photo by JACK GUEZ\/AFP via Getty Images)"},{"@type":"BreadcrumbList","@id":"https:\/\/jornalfatosenoticias.com.br\/index.php\/2024\/11\/13\/israel-mata-comandantes-do-hezbollah-que-lideraram-ataques-no-sul-do-libano\/#breadcrumb","itemListElement":[{"@type":"ListItem","position":1,"name":"In\u00edcio","item":"https:\/\/jornalfatosenoticias.com.br\/"},{"@type":"ListItem","position":2,"name":"Israel mata comandantes do Hezbollah que lideraram ataques no sul do L\u00edbano"}]},{"@type":"WebSite","@id":"https:\/\/jornalfatosenoticias.com.br\/#website","url":"https:\/\/jornalfatosenoticias.com.br\/","name":"Jornal Fatos e Not\u00edcias","description":"Not\u00edcias em geral","publisher":{"@id":"https:\/\/jornalfatosenoticias.com.br\/#organization"},"potentialAction":[{"@type":"SearchAction","target":{"@type":"EntryPoint","urlTemplate":"https:\/\/jornalfatosenoticias.com.br\/?s={search_term_string}"},"query-input":{"@type":"PropertyValueSpecification","valueRequired":true,"valueName":"search_term_string"}}],"inLanguage":"pt-BR"},{"@type":"Organization","@id":"https:\/\/jornalfatosenoticias.com.br\/#organization","name":"Jornal Fatos e Not\u00edcias","url":"https:\/\/jornalfatosenoticias.com.br\/","logo":{"@type":"ImageObject","inLanguage":"pt-BR","@id":"https:\/\/jornalfatosenoticias.com.br\/#\/schema\/logo\/image\/","url":"https:\/\/jornalfatosenoticias.com.br\/wp-content\/uploads\/2020\/02\/logo120.png","contentUrl":"https:\/\/jornalfatosenoticias.com.br\/wp-content\/uploads\/2020\/02\/logo120.png","width":1227,"height":120,"caption":"Jornal Fatos e Not\u00edcias"},"image":{"@id":"https:\/\/jornalfatosenoticias.com.br\/#\/schema\/logo\/image\/"}},{"@type":"Person","@id":"https:\/\/jornalfatosenoticias.com.br\/#\/schema\/person\/d63837fa13ac8666eb9e74e0985d6f81","name":"Luzimara Fernandes","image":{"@type":"ImageObject","inLanguage":"pt-BR","@id":"https:\/\/jornalfatosenoticias.com.br\/#\/schema\/person\/image\/","url":"https:\/\/jornalfatosenoticias.com.br\/wp-content\/uploads\/2025\/05\/EU_portal.jpg","contentUrl":"https:\/\/jornalfatosenoticias.com.br\/wp-content\/uploads\/2025\/05\/EU_portal.jpg","caption":"Luzimara Fernandes"},"description":"Jornalista MTB 2358-ES","sameAs":["https:\/\/jornalfatosenoticias.com.br"],"url":"https:\/\/jornalfatosenoticias.com.br\/index.php\/author\/luzimara\/"}]}},"cc_featured_image_caption":{"caption_text":"(Foto: Getty Images) ","source_text":"","source_url":""},"jetpack_featured_media_url":"https:\/\/jornalfatosenoticias.com.br\/wp-content\/uploads\/2024\/11\/guerra-Israel_gettyimages.jpg","_links":{"self":[{"href":"https:\/\/jornalfatosenoticias.com.br\/index.php\/wp-json\/wp\/v2\/posts\/55689","targetHints":{"allow":["GET"]}}],"collection":[{"href":"https:\/\/jornalfatosenoticias.com.br\/index.php\/wp-json\/wp\/v2\/posts"}],"about":[{"href":"https:\/\/jornalfatosenoticias.com.br\/index.php\/wp-json\/wp\/v2\/types\/post"}],"author":[{"embeddable":true,"href":"https:\/\/jornalfatosenoticias.com.br\/index.php\/wp-json\/wp\/v2\/users\/2"}],"replies":[{"embeddable":true,"href":"https:\/\/jornalfatosenoticias.com.br\/index.php\/wp-json\/wp\/v2\/comments?post=55689"}],"version-history":[{"count":0,"href":"https:\/\/jornalfatosenoticias.com.br\/index.php\/wp-json\/wp\/v2\/posts\/55689\/revisions"}],"wp:featuredmedia":[{"embeddable":true,"href":"https:\/\/jornalfatosenoticias.com.br\/index.php\/wp-json\/wp\/v2\/media\/55690"}],"wp:attachment":[{"href":"https:\/\/jornalfatosenoticias.com.br\/index.php\/wp-json\/wp\/v2\/media?parent=55689"}],"wp:term":[{"taxonomy":"category","embeddable":true,"href":"https:\/\/jornalfatosenoticias.com.br\/index.php\/wp-json\/wp\/v2\/categories?post=55689"},{"taxonomy":"post_tag","embeddable":true,"href":"https:\/\/jornalfatosenoticias.com.br\/index.php\/wp-json\/wp\/v2\/tags?post=55689"}],"curies":[{"name":"wp","href":"https:\/\/api.w.org\/{rel}","templated":true}]}}