{"id":55692,"date":"2024-11-13T11:20:28","date_gmt":"2024-11-13T14:20:28","guid":{"rendered":"https:\/\/jornalfatosenoticias.com.br\/?p=55692"},"modified":"2024-11-13T11:20:31","modified_gmt":"2024-11-13T14:20:31","slug":"governo-lula-3-registra-prejuizo-de-r-17-bilhao-em-vacinas-vencidas","status":"publish","type":"post","link":"https:\/\/jornalfatosenoticias.com.br\/index.php\/2024\/11\/13\/governo-lula-3-registra-prejuizo-de-r-17-bilhao-em-vacinas-vencidas\/","title":{"rendered":"Governo Lula 3 registra preju\u00edzo de R$ 1,7 bilh\u00e3o em vacinas vencidas"},"content":{"rendered":"\n<p><em><span class=\"has-inline-color has-black-color\">Governo Lula 3 acumula recorde em vacinas vencidas. Na foto, Lula com a ministra da Sa\u00fade, N\u00edsia Trindade<\/span><\/em><\/p>\n\n\n\n<p><span class=\"has-inline-color has-black-color\">Por <strong><a href=\"https:\/\/www.gazetadopovo.com.br\/autor\/aline-rechmann\/\" rel=\"sponsored nofollow\">Aline Rechmann<\/a><\/strong><\/span><\/p>\n\n\n\n<div class=\"wp-block-image\"><figure class=\"aligncenter size-large\"><a href=\"https:\/\/mizu.com.br\/\"><img loading=\"lazy\" decoding=\"async\" width=\"729\" height=\"90\" src=\"https:\/\/jornalfatosenoticias.com.br\/wp-content\/uploads\/2020\/02\/Logo_Mizu.png\" alt=\"\" class=\"wp-image-1441\" srcset=\"https:\/\/jornalfatosenoticias.com.br\/wp-content\/uploads\/2020\/02\/Logo_Mizu.png 729w, https:\/\/jornalfatosenoticias.com.br\/wp-content\/uploads\/2020\/02\/Logo_Mizu-300x37.png 300w\" sizes=\"auto, (max-width: 729px) 100vw, 729px\" \/><\/a><\/figure><\/div>\n\n\n\n<p>H\u00e1 16 anos n\u00e3o se via um valor t\u00e3o alto desperdi\u00e7ado com vacinas vencidas no Brasil. O valor de mais de R$ 1,7 bilh\u00e3o desperdi\u00e7ado, registrado antes mesmo do final do segundo ano do terceiro mandato de Luiz In\u00e1cio Lula da Silva (PT), s\u00f3 n\u00e3o supera o valor anterior de R$ 1,96 bilh\u00e3o registrado no governo Lula 2.<br>O governo Lula 3 registra ainda o recorde no n\u00famero de vacinas perdidas por governo. J\u00e1 foram perdidos 58,7 milh\u00f5es de imunizantes vencidos desde a posse de Lula, em 2023. O n\u00famero supera em 22% a quantidade desperdi\u00e7ada nos quatro anos em que o ex-presidente Jair Bolsonaro esteve no poder, quando 48,2 milh\u00f5es de imunizantes foram descartados por n\u00e3o serem usados no prazo de validade.\u00a0<\/p>\n\n\n\n<div class=\"wp-block-image\"><figure class=\"aligncenter size-large is-resized\"><a href=\"https:\/\/www.facebook.com\/postobkr\/?locale=pt_BR\"><img loading=\"lazy\" decoding=\"async\" src=\"https:\/\/jornalfatosenoticias.com.br\/wp-content\/uploads\/2023\/08\/BKR-1024x1021.jpg\" alt=\"\" class=\"wp-image-44494\" width=\"314\" height=\"313\" srcset=\"https:\/\/jornalfatosenoticias.com.br\/wp-content\/uploads\/2023\/08\/BKR-1024x1021.jpg 1024w, https:\/\/jornalfatosenoticias.com.br\/wp-content\/uploads\/2023\/08\/BKR-300x300.jpg 300w, https:\/\/jornalfatosenoticias.com.br\/wp-content\/uploads\/2023\/08\/BKR-150x150.jpg 150w, https:\/\/jornalfatosenoticias.com.br\/wp-content\/uploads\/2023\/08\/BKR-768x766.jpg 768w, https:\/\/jornalfatosenoticias.com.br\/wp-content\/uploads\/2023\/08\/BKR.jpg 1080w\" sizes=\"auto, (max-width: 314px) 100vw, 314px\" \/><\/a><\/figure><\/div>\n\n\n\n<p>Os dados foram obtidos pelo jornal <em>O Globo<\/em> por meio\u00a0da Lei de Acesso de Informa\u00e7\u00e3o (LAI), junto ao Minist\u00e9rio da Sa\u00fade. O desperd\u00edcio das vacinas veio a tona ap\u00f3s relatos de falta de vacinas contra a covid-19 em pelo menos 18 estados do Brasil.<\/p>\n\n\n\n<div class=\"wp-block-image\"><figure class=\"aligncenter size-large is-resized\"><a href=\"https:\/\/www.instagram.com\/restaurantepegoretti\/\"><img loading=\"lazy\" decoding=\"async\" src=\"https:\/\/jornalfatosenoticias.com.br\/wp-content\/uploads\/2023\/12\/pegoretti-logo-pdf-1024x389.jpg\" alt=\"\" class=\"wp-image-47536\" width=\"480\" height=\"182\" srcset=\"https:\/\/jornalfatosenoticias.com.br\/wp-content\/uploads\/2023\/12\/pegoretti-logo-pdf-1024x389.jpg 1024w, https:\/\/jornalfatosenoticias.com.br\/wp-content\/uploads\/2023\/12\/pegoretti-logo-pdf-300x114.jpg 300w, https:\/\/jornalfatosenoticias.com.br\/wp-content\/uploads\/2023\/12\/pegoretti-logo-pdf-768x291.jpg 768w, https:\/\/jornalfatosenoticias.com.br\/wp-content\/uploads\/2023\/12\/pegoretti-logo-pdf.jpg 1120w\" sizes=\"auto, (max-width: 480px) 100vw, 480px\" \/><\/a><\/figure><\/div>\n\n\n\n<p>Ao jornal <em>O Globo, <\/em>o Minist\u00e9rio da Sa\u00fade informou que est\u00e1 mudando a forma de distribuir as vacinas para evitar desperd\u00edcios. Dentre as medidas que devem ser adotadas, o governo deve solicitar \u201ca entrega parcelada por parte do laborat\u00f3rio contratado e possibilidade de troca pela vers\u00e3o mais atual aprovada pela Anvisa&#8221;. \u00a0<\/p>\n\n\n\n<div class=\"wp-block-image\"><figure class=\"aligncenter size-large\"><a href=\"https:\/\/cesconetto.com.br\/\"><img loading=\"lazy\" decoding=\"async\" width=\"300\" height=\"250\" src=\"https:\/\/jornalfatosenoticias.com.br\/wp-content\/uploads\/2020\/02\/Banner-2.png\" alt=\"\" class=\"wp-image-43787\"\/><\/a><\/figure><\/div>\n\n\n\n<p>Al\u00e9m disso, a pasta comandada pela ministra N\u00edsia Trindade atribuiu parte das perdas a doses recebidas da administra\u00e7\u00e3o passada. <em><span class=\"has-inline-color has-black-color\">\u201cAs vacinas vencidas em 2023 foram reflexo de estoques herdados da gest\u00e3o anterior e campanhas sistem\u00e1ticas de desinforma\u00e7\u00e3o que geram desconfian\u00e7a sobre a efic\u00e1cia e seguran\u00e7a do imunizante, impactando na ades\u00e3o da popula\u00e7\u00e3o\u201d, afirma a pasta, em nota.<\/span><\/em><\/p>\n\n\n\n<div class=\"wp-block-image\"><figure class=\"aligncenter size-large is-resized\"><a href=\"https:\/\/www.instagram.com\/esteiochurrascaria\/\"><img loading=\"lazy\" decoding=\"async\" src=\"https:\/\/jornalfatosenoticias.com.br\/wp-content\/uploads\/2022\/02\/LOGO-ESTEIO-1024x730.png\" alt=\"\" class=\"wp-image-27942\" width=\"335\" height=\"238\" srcset=\"https:\/\/jornalfatosenoticias.com.br\/wp-content\/uploads\/2022\/02\/LOGO-ESTEIO-1024x730.png 1024w, https:\/\/jornalfatosenoticias.com.br\/wp-content\/uploads\/2022\/02\/LOGO-ESTEIO-300x214.png 300w, https:\/\/jornalfatosenoticias.com.br\/wp-content\/uploads\/2022\/02\/LOGO-ESTEIO-768x548.png 768w, https:\/\/jornalfatosenoticias.com.br\/wp-content\/uploads\/2022\/02\/LOGO-ESTEIO.png 1123w\" sizes=\"auto, (max-width: 335px) 100vw, 335px\" \/><\/a><\/figure><\/div>\n\n\n\n<p><strong><span class=\"has-inline-color has-vivid-purple-color\">Sa\u00fade incinerou 2,3 milh\u00f5es de frascos de vacinas vencidas este ano<br><\/span><\/strong>Na semana passada, a Gazeta do Povo confirmou a informa\u00e7\u00e3o de que o Minist\u00e9rio da Sa\u00fade havia incinerado\u00a02,3 milh\u00f5es de frascos de vacinas este ano, que representa 1,72% do total distribu\u00eddo desde 2023. Em princ\u00edpio, o n\u00famero de doses perdidas pode ter sido maior, porque um \u00fanico frasco, dependendo do imunizante, pode conter mais de uma dose de aplica\u00e7\u00e3o.<\/p>\n\n\n\n<div class=\"wp-block-image\"><figure class=\"aligncenter size-large is-resized\"><a href=\"https:\/\/www.controlsystems.com.br\/\"><img loading=\"lazy\" decoding=\"async\" src=\"https:\/\/jornalfatosenoticias.com.br\/wp-content\/uploads\/2020\/02\/CONTROL-CS.jpg\" alt=\"\" class=\"wp-image-44991\" width=\"320\" height=\"383\" srcset=\"https:\/\/jornalfatosenoticias.com.br\/wp-content\/uploads\/2020\/02\/CONTROL-CS.jpg 834w, https:\/\/jornalfatosenoticias.com.br\/wp-content\/uploads\/2020\/02\/CONTROL-CS-250x300.jpg 250w, https:\/\/jornalfatosenoticias.com.br\/wp-content\/uploads\/2020\/02\/CONTROL-CS-768x921.jpg 768w\" sizes=\"auto, (max-width: 320px) 100vw, 320px\" \/><\/a><\/figure><\/div>\n\n\n\n<p>Em nota, o Minist\u00e9rio informou que a maior parte dos frascos s\u00e3o de\u00a0vacinas da covid-19, e apontou que isso se deve \u00e0s <em>\u201ccampanhas sistem\u00e1ticas de desinforma\u00e7\u00e3o que geram desconfian\u00e7a sobre a efic\u00e1cia e seguran\u00e7a do imunizante, impactando na ades\u00e3o da popula\u00e7\u00e3o\u201d.<\/em><\/p>\n\n\n\n<div class=\"wp-block-image\"><figure class=\"aligncenter size-large is-resized\"><a href=\"https:\/\/www.legisjuris.com.br\/\"><img loading=\"lazy\" decoding=\"async\" src=\"https:\/\/jornalfatosenoticias.com.br\/wp-content\/uploads\/2024\/09\/Legis-Juris-Consultoria_logo.jpg\" alt=\"\" class=\"wp-image-53915\" width=\"465\" height=\"195\" srcset=\"https:\/\/jornalfatosenoticias.com.br\/wp-content\/uploads\/2024\/09\/Legis-Juris-Consultoria_logo.jpg 969w, https:\/\/jornalfatosenoticias.com.br\/wp-content\/uploads\/2024\/09\/Legis-Juris-Consultoria_logo-300x126.jpg 300w, https:\/\/jornalfatosenoticias.com.br\/wp-content\/uploads\/2024\/09\/Legis-Juris-Consultoria_logo-768x322.jpg 768w\" sizes=\"auto, (max-width: 465px) 100vw, 465px\" \/><\/a><\/figure><\/div>\n\n\n\n<p><strong><em>Fonte: <a href=\"https:\/\/www.gazetadopovo.com.br\/republica\/governo-lula-3-registra-prejuizo-de-r-17-bilhao-em-vacinas-vencidas\/?ref=mais-lidas\">Gazeta do Povo<\/a><\/em><\/strong><\/p>\n","protected":false},"excerpt":{"rendered":"<p>Governo Lula 3 acumula recorde em vacinas vencidas. Na foto, Lula com a ministra da Sa\u00fade, N\u00edsia Trindade Por Aline Rechmann H\u00e1 16 anos n\u00e3o se via um valor t\u00e3o alto desperdi\u00e7ado com vacinas vencidas no Brasil. O valor de mais de R$ 1,7 bilh\u00e3o desperdi\u00e7ado, registrado antes mesmo do final do segundo ano do [&hellip;]<\/p>\n","protected":false},"author":2,"featured_media":55693,"comment_status":"open","ping_status":"open","sticky":false,"template":"","format":"standard","meta":{"footnotes":""},"categories":[10],"tags":[18746,18343,7580,447,20245,1022,25393],"class_list":["post-55692","post","type-post","status-publish","format-standard","has-post-thumbnail","hentry","category-politica","tag-descaso-dinheiro-publico","tag-governo-lula","tag-lula","tag-ministerio-da-saude","tag-nisia-trindade","tag-vacinas","tag-vacinas-vencidas"],"yoast_head":"<!-- This site is optimized with the Yoast SEO plugin v26.5 - https:\/\/yoast.com\/wordpress\/plugins\/seo\/ -->\n<title>Governo Lula 3 registra preju\u00edzo de R$ 1,7 bilh\u00e3o em vacinas vencidas - Jornal Fatos e Not\u00edcias<\/title>\n<meta name=\"robots\" content=\"index, follow, max-snippet:-1, max-image-preview:large, max-video-preview:-1\" \/>\n<link rel=\"canonical\" href=\"https:\/\/jornalfatosenoticias.com.br\/index.php\/2024\/11\/13\/governo-lula-3-registra-prejuizo-de-r-17-bilhao-em-vacinas-vencidas\/\" \/>\n<meta property=\"og:locale\" content=\"pt_BR\" \/>\n<meta property=\"og:type\" content=\"article\" \/>\n<meta property=\"og:title\" content=\"Governo Lula 3 registra preju\u00edzo de R$ 1,7 bilh\u00e3o em vacinas vencidas - Jornal Fatos e Not\u00edcias\" \/>\n<meta property=\"og:description\" content=\"Governo Lula 3 acumula recorde em vacinas vencidas. Na foto, Lula com a ministra da Sa\u00fade, N\u00edsia Trindade Por Aline Rechmann H\u00e1 16 anos n\u00e3o se via um valor t\u00e3o alto desperdi\u00e7ado com vacinas vencidas no Brasil. O valor de mais de R$ 1,7 bilh\u00e3o desperdi\u00e7ado, registrado antes mesmo do final do segundo ano do [&hellip;]\" \/>\n<meta property=\"og:url\" content=\"https:\/\/jornalfatosenoticias.com.br\/index.php\/2024\/11\/13\/governo-lula-3-registra-prejuizo-de-r-17-bilhao-em-vacinas-vencidas\/\" \/>\n<meta property=\"og:site_name\" content=\"Jornal Fatos e Not\u00edcias\" \/>\n<meta property=\"article:published_time\" content=\"2024-11-13T14:20:28+00:00\" \/>\n<meta property=\"article:modified_time\" content=\"2024-11-13T14:20:31+00:00\" \/>\n<meta property=\"og:image\" content=\"https:\/\/jornalfatosenoticias.com.br\/wp-content\/uploads\/2024\/11\/Lula-nisia-trindade-vacinas-vencidas.jpg\" \/>\n\t<meta property=\"og:image:width\" content=\"960\" \/>\n\t<meta property=\"og:image:height\" content=\"540\" \/>\n\t<meta property=\"og:image:type\" content=\"image\/jpeg\" \/>\n<meta name=\"author\" content=\"Luzimara Fernandes\" \/>\n<meta name=\"twitter:card\" content=\"summary_large_image\" \/>\n<meta name=\"twitter:label1\" content=\"Escrito por\" \/>\n\t<meta name=\"twitter:data1\" content=\"Luzimara Fernandes\" \/>\n\t<meta name=\"twitter:label2\" content=\"Est. tempo de leitura\" \/>\n\t<meta name=\"twitter:data2\" content=\"2 minutos\" \/>\n<script type=\"application\/ld+json\" class=\"yoast-schema-graph\">{\"@context\":\"https:\/\/schema.org\",\"@graph\":[{\"@type\":\"Article\",\"@id\":\"https:\/\/jornalfatosenoticias.com.br\/index.php\/2024\/11\/13\/governo-lula-3-registra-prejuizo-de-r-17-bilhao-em-vacinas-vencidas\/#article\",\"isPartOf\":{\"@id\":\"https:\/\/jornalfatosenoticias.com.br\/index.php\/2024\/11\/13\/governo-lula-3-registra-prejuizo-de-r-17-bilhao-em-vacinas-vencidas\/\"},\"author\":{\"name\":\"Luzimara Fernandes\",\"@id\":\"https:\/\/jornalfatosenoticias.com.br\/#\/schema\/person\/d63837fa13ac8666eb9e74e0985d6f81\"},\"headline\":\"Governo Lula 3 registra preju\u00edzo de R$ 1,7 bilh\u00e3o em vacinas vencidas\",\"datePublished\":\"2024-11-13T14:20:28+00:00\",\"dateModified\":\"2024-11-13T14:20:31+00:00\",\"mainEntityOfPage\":{\"@id\":\"https:\/\/jornalfatosenoticias.com.br\/index.php\/2024\/11\/13\/governo-lula-3-registra-prejuizo-de-r-17-bilhao-em-vacinas-vencidas\/\"},\"wordCount\":466,\"commentCount\":0,\"publisher\":{\"@id\":\"https:\/\/jornalfatosenoticias.com.br\/#organization\"},\"image\":{\"@id\":\"https:\/\/jornalfatosenoticias.com.br\/index.php\/2024\/11\/13\/governo-lula-3-registra-prejuizo-de-r-17-bilhao-em-vacinas-vencidas\/#primaryimage\"},\"thumbnailUrl\":\"https:\/\/jornalfatosenoticias.com.br\/wp-content\/uploads\/2024\/11\/Lula-nisia-trindade-vacinas-vencidas.jpg\",\"keywords\":[\"descaso dinheiro p\u00fablico\",\"governo Lula\",\"Lula\",\"Minist\u00e9rio da Sa\u00fade\",\"N\u00edsia Trindade\",\"vacinas\",\"vacinas vencidas\"],\"articleSection\":[\"Pol\u00edtica\"],\"inLanguage\":\"pt-BR\",\"potentialAction\":[{\"@type\":\"CommentAction\",\"name\":\"Comment\",\"target\":[\"https:\/\/jornalfatosenoticias.com.br\/index.php\/2024\/11\/13\/governo-lula-3-registra-prejuizo-de-r-17-bilhao-em-vacinas-vencidas\/#respond\"]}]},{\"@type\":\"WebPage\",\"@id\":\"https:\/\/jornalfatosenoticias.com.br\/index.php\/2024\/11\/13\/governo-lula-3-registra-prejuizo-de-r-17-bilhao-em-vacinas-vencidas\/\",\"url\":\"https:\/\/jornalfatosenoticias.com.br\/index.php\/2024\/11\/13\/governo-lula-3-registra-prejuizo-de-r-17-bilhao-em-vacinas-vencidas\/\",\"name\":\"Governo Lula 3 registra preju\u00edzo de R$ 1,7 bilh\u00e3o em vacinas vencidas - Jornal Fatos e Not\u00edcias\",\"isPartOf\":{\"@id\":\"https:\/\/jornalfatosenoticias.com.br\/#website\"},\"primaryImageOfPage\":{\"@id\":\"https:\/\/jornalfatosenoticias.com.br\/index.php\/2024\/11\/13\/governo-lula-3-registra-prejuizo-de-r-17-bilhao-em-vacinas-vencidas\/#primaryimage\"},\"image\":{\"@id\":\"https:\/\/jornalfatosenoticias.com.br\/index.php\/2024\/11\/13\/governo-lula-3-registra-prejuizo-de-r-17-bilhao-em-vacinas-vencidas\/#primaryimage\"},\"thumbnailUrl\":\"https:\/\/jornalfatosenoticias.com.br\/wp-content\/uploads\/2024\/11\/Lula-nisia-trindade-vacinas-vencidas.jpg\",\"datePublished\":\"2024-11-13T14:20:28+00:00\",\"dateModified\":\"2024-11-13T14:20:31+00:00\",\"breadcrumb\":{\"@id\":\"https:\/\/jornalfatosenoticias.com.br\/index.php\/2024\/11\/13\/governo-lula-3-registra-prejuizo-de-r-17-bilhao-em-vacinas-vencidas\/#breadcrumb\"},\"inLanguage\":\"pt-BR\",\"potentialAction\":[{\"@type\":\"ReadAction\",\"target\":[\"https:\/\/jornalfatosenoticias.com.br\/index.php\/2024\/11\/13\/governo-lula-3-registra-prejuizo-de-r-17-bilhao-em-vacinas-vencidas\/\"]}]},{\"@type\":\"ImageObject\",\"inLanguage\":\"pt-BR\",\"@id\":\"https:\/\/jornalfatosenoticias.com.br\/index.php\/2024\/11\/13\/governo-lula-3-registra-prejuizo-de-r-17-bilhao-em-vacinas-vencidas\/#primaryimage\",\"url\":\"https:\/\/jornalfatosenoticias.com.br\/wp-content\/uploads\/2024\/11\/Lula-nisia-trindade-vacinas-vencidas.jpg\",\"contentUrl\":\"https:\/\/jornalfatosenoticias.com.br\/wp-content\/uploads\/2024\/11\/Lula-nisia-trindade-vacinas-vencidas.jpg\",\"width\":960,\"height\":540},{\"@type\":\"BreadcrumbList\",\"@id\":\"https:\/\/jornalfatosenoticias.com.br\/index.php\/2024\/11\/13\/governo-lula-3-registra-prejuizo-de-r-17-bilhao-em-vacinas-vencidas\/#breadcrumb\",\"itemListElement\":[{\"@type\":\"ListItem\",\"position\":1,\"name\":\"In\u00edcio\",\"item\":\"https:\/\/jornalfatosenoticias.com.br\/\"},{\"@type\":\"ListItem\",\"position\":2,\"name\":\"Governo Lula 3 registra preju\u00edzo de R$ 1,7 bilh\u00e3o em vacinas vencidas\"}]},{\"@type\":\"WebSite\",\"@id\":\"https:\/\/jornalfatosenoticias.com.br\/#website\",\"url\":\"https:\/\/jornalfatosenoticias.com.br\/\",\"name\":\"Jornal Fatos e Not\u00edcias\",\"description\":\"Not\u00edcias em geral\",\"publisher\":{\"@id\":\"https:\/\/jornalfatosenoticias.com.br\/#organization\"},\"potentialAction\":[{\"@type\":\"SearchAction\",\"target\":{\"@type\":\"EntryPoint\",\"urlTemplate\":\"https:\/\/jornalfatosenoticias.com.br\/?s={search_term_string}\"},\"query-input\":{\"@type\":\"PropertyValueSpecification\",\"valueRequired\":true,\"valueName\":\"search_term_string\"}}],\"inLanguage\":\"pt-BR\"},{\"@type\":\"Organization\",\"@id\":\"https:\/\/jornalfatosenoticias.com.br\/#organization\",\"name\":\"Jornal Fatos e Not\u00edcias\",\"url\":\"https:\/\/jornalfatosenoticias.com.br\/\",\"logo\":{\"@type\":\"ImageObject\",\"inLanguage\":\"pt-BR\",\"@id\":\"https:\/\/jornalfatosenoticias.com.br\/#\/schema\/logo\/image\/\",\"url\":\"https:\/\/jornalfatosenoticias.com.br\/wp-content\/uploads\/2020\/02\/logo120.png\",\"contentUrl\":\"https:\/\/jornalfatosenoticias.com.br\/wp-content\/uploads\/2020\/02\/logo120.png\",\"width\":1227,\"height\":120,\"caption\":\"Jornal Fatos e Not\u00edcias\"},\"image\":{\"@id\":\"https:\/\/jornalfatosenoticias.com.br\/#\/schema\/logo\/image\/\"}},{\"@type\":\"Person\",\"@id\":\"https:\/\/jornalfatosenoticias.com.br\/#\/schema\/person\/d63837fa13ac8666eb9e74e0985d6f81\",\"name\":\"Luzimara Fernandes\",\"image\":{\"@type\":\"ImageObject\",\"inLanguage\":\"pt-BR\",\"@id\":\"https:\/\/jornalfatosenoticias.com.br\/#\/schema\/person\/image\/\",\"url\":\"https:\/\/jornalfatosenoticias.com.br\/wp-content\/uploads\/2025\/05\/EU_portal.jpg\",\"contentUrl\":\"https:\/\/jornalfatosenoticias.com.br\/wp-content\/uploads\/2025\/05\/EU_portal.jpg\",\"caption\":\"Luzimara Fernandes\"},\"description\":\"Jornalista MTB 2358-ES\",\"sameAs\":[\"https:\/\/jornalfatosenoticias.com.br\"],\"url\":\"https:\/\/jornalfatosenoticias.com.br\/index.php\/author\/luzimara\/\"}]}<\/script>\n<!-- \/ Yoast SEO plugin. -->","yoast_head_json":{"title":"Governo Lula 3 registra preju\u00edzo de R$ 1,7 bilh\u00e3o em vacinas vencidas - Jornal Fatos e Not\u00edcias","robots":{"index":"index","follow":"follow","max-snippet":"max-snippet:-1","max-image-preview":"max-image-preview:large","max-video-preview":"max-video-preview:-1"},"canonical":"https:\/\/jornalfatosenoticias.com.br\/index.php\/2024\/11\/13\/governo-lula-3-registra-prejuizo-de-r-17-bilhao-em-vacinas-vencidas\/","og_locale":"pt_BR","og_type":"article","og_title":"Governo Lula 3 registra preju\u00edzo de R$ 1,7 bilh\u00e3o em vacinas vencidas - Jornal Fatos e Not\u00edcias","og_description":"Governo Lula 3 acumula recorde em vacinas vencidas. Na foto, Lula com a ministra da Sa\u00fade, N\u00edsia Trindade Por Aline Rechmann H\u00e1 16 anos n\u00e3o se via um valor t\u00e3o alto desperdi\u00e7ado com vacinas vencidas no Brasil. O valor de mais de R$ 1,7 bilh\u00e3o desperdi\u00e7ado, registrado antes mesmo do final do segundo ano do [&hellip;]","og_url":"https:\/\/jornalfatosenoticias.com.br\/index.php\/2024\/11\/13\/governo-lula-3-registra-prejuizo-de-r-17-bilhao-em-vacinas-vencidas\/","og_site_name":"Jornal Fatos e Not\u00edcias","article_published_time":"2024-11-13T14:20:28+00:00","article_modified_time":"2024-11-13T14:20:31+00:00","og_image":[{"width":960,"height":540,"url":"https:\/\/jornalfatosenoticias.com.br\/wp-content\/uploads\/2024\/11\/Lula-nisia-trindade-vacinas-vencidas.jpg","type":"image\/jpeg"}],"author":"Luzimara Fernandes","twitter_card":"summary_large_image","twitter_misc":{"Escrito por":"Luzimara Fernandes","Est. tempo de leitura":"2 minutos"},"schema":{"@context":"https:\/\/schema.org","@graph":[{"@type":"Article","@id":"https:\/\/jornalfatosenoticias.com.br\/index.php\/2024\/11\/13\/governo-lula-3-registra-prejuizo-de-r-17-bilhao-em-vacinas-vencidas\/#article","isPartOf":{"@id":"https:\/\/jornalfatosenoticias.com.br\/index.php\/2024\/11\/13\/governo-lula-3-registra-prejuizo-de-r-17-bilhao-em-vacinas-vencidas\/"},"author":{"name":"Luzimara Fernandes","@id":"https:\/\/jornalfatosenoticias.com.br\/#\/schema\/person\/d63837fa13ac8666eb9e74e0985d6f81"},"headline":"Governo Lula 3 registra preju\u00edzo de R$ 1,7 bilh\u00e3o em vacinas vencidas","datePublished":"2024-11-13T14:20:28+00:00","dateModified":"2024-11-13T14:20:31+00:00","mainEntityOfPage":{"@id":"https:\/\/jornalfatosenoticias.com.br\/index.php\/2024\/11\/13\/governo-lula-3-registra-prejuizo-de-r-17-bilhao-em-vacinas-vencidas\/"},"wordCount":466,"commentCount":0,"publisher":{"@id":"https:\/\/jornalfatosenoticias.com.br\/#organization"},"image":{"@id":"https:\/\/jornalfatosenoticias.com.br\/index.php\/2024\/11\/13\/governo-lula-3-registra-prejuizo-de-r-17-bilhao-em-vacinas-vencidas\/#primaryimage"},"thumbnailUrl":"https:\/\/jornalfatosenoticias.com.br\/wp-content\/uploads\/2024\/11\/Lula-nisia-trindade-vacinas-vencidas.jpg","keywords":["descaso dinheiro p\u00fablico","governo Lula","Lula","Minist\u00e9rio da Sa\u00fade","N\u00edsia Trindade","vacinas","vacinas vencidas"],"articleSection":["Pol\u00edtica"],"inLanguage":"pt-BR","potentialAction":[{"@type":"CommentAction","name":"Comment","target":["https:\/\/jornalfatosenoticias.com.br\/index.php\/2024\/11\/13\/governo-lula-3-registra-prejuizo-de-r-17-bilhao-em-vacinas-vencidas\/#respond"]}]},{"@type":"WebPage","@id":"https:\/\/jornalfatosenoticias.com.br\/index.php\/2024\/11\/13\/governo-lula-3-registra-prejuizo-de-r-17-bilhao-em-vacinas-vencidas\/","url":"https:\/\/jornalfatosenoticias.com.br\/index.php\/2024\/11\/13\/governo-lula-3-registra-prejuizo-de-r-17-bilhao-em-vacinas-vencidas\/","name":"Governo Lula 3 registra preju\u00edzo de R$ 1,7 bilh\u00e3o em vacinas vencidas - Jornal Fatos e Not\u00edcias","isPartOf":{"@id":"https:\/\/jornalfatosenoticias.com.br\/#website"},"primaryImageOfPage":{"@id":"https:\/\/jornalfatosenoticias.com.br\/index.php\/2024\/11\/13\/governo-lula-3-registra-prejuizo-de-r-17-bilhao-em-vacinas-vencidas\/#primaryimage"},"image":{"@id":"https:\/\/jornalfatosenoticias.com.br\/index.php\/2024\/11\/13\/governo-lula-3-registra-prejuizo-de-r-17-bilhao-em-vacinas-vencidas\/#primaryimage"},"thumbnailUrl":"https:\/\/jornalfatosenoticias.com.br\/wp-content\/uploads\/2024\/11\/Lula-nisia-trindade-vacinas-vencidas.jpg","datePublished":"2024-11-13T14:20:28+00:00","dateModified":"2024-11-13T14:20:31+00:00","breadcrumb":{"@id":"https:\/\/jornalfatosenoticias.com.br\/index.php\/2024\/11\/13\/governo-lula-3-registra-prejuizo-de-r-17-bilhao-em-vacinas-vencidas\/#breadcrumb"},"inLanguage":"pt-BR","potentialAction":[{"@type":"ReadAction","target":["https:\/\/jornalfatosenoticias.com.br\/index.php\/2024\/11\/13\/governo-lula-3-registra-prejuizo-de-r-17-bilhao-em-vacinas-vencidas\/"]}]},{"@type":"ImageObject","inLanguage":"pt-BR","@id":"https:\/\/jornalfatosenoticias.com.br\/index.php\/2024\/11\/13\/governo-lula-3-registra-prejuizo-de-r-17-bilhao-em-vacinas-vencidas\/#primaryimage","url":"https:\/\/jornalfatosenoticias.com.br\/wp-content\/uploads\/2024\/11\/Lula-nisia-trindade-vacinas-vencidas.jpg","contentUrl":"https:\/\/jornalfatosenoticias.com.br\/wp-content\/uploads\/2024\/11\/Lula-nisia-trindade-vacinas-vencidas.jpg","width":960,"height":540},{"@type":"BreadcrumbList","@id":"https:\/\/jornalfatosenoticias.com.br\/index.php\/2024\/11\/13\/governo-lula-3-registra-prejuizo-de-r-17-bilhao-em-vacinas-vencidas\/#breadcrumb","itemListElement":[{"@type":"ListItem","position":1,"name":"In\u00edcio","item":"https:\/\/jornalfatosenoticias.com.br\/"},{"@type":"ListItem","position":2,"name":"Governo Lula 3 registra preju\u00edzo de R$ 1,7 bilh\u00e3o em vacinas vencidas"}]},{"@type":"WebSite","@id":"https:\/\/jornalfatosenoticias.com.br\/#website","url":"https:\/\/jornalfatosenoticias.com.br\/","name":"Jornal Fatos e Not\u00edcias","description":"Not\u00edcias em geral","publisher":{"@id":"https:\/\/jornalfatosenoticias.com.br\/#organization"},"potentialAction":[{"@type":"SearchAction","target":{"@type":"EntryPoint","urlTemplate":"https:\/\/jornalfatosenoticias.com.br\/?s={search_term_string}"},"query-input":{"@type":"PropertyValueSpecification","valueRequired":true,"valueName":"search_term_string"}}],"inLanguage":"pt-BR"},{"@type":"Organization","@id":"https:\/\/jornalfatosenoticias.com.br\/#organization","name":"Jornal Fatos e Not\u00edcias","url":"https:\/\/jornalfatosenoticias.com.br\/","logo":{"@type":"ImageObject","inLanguage":"pt-BR","@id":"https:\/\/jornalfatosenoticias.com.br\/#\/schema\/logo\/image\/","url":"https:\/\/jornalfatosenoticias.com.br\/wp-content\/uploads\/2020\/02\/logo120.png","contentUrl":"https:\/\/jornalfatosenoticias.com.br\/wp-content\/uploads\/2020\/02\/logo120.png","width":1227,"height":120,"caption":"Jornal Fatos e Not\u00edcias"},"image":{"@id":"https:\/\/jornalfatosenoticias.com.br\/#\/schema\/logo\/image\/"}},{"@type":"Person","@id":"https:\/\/jornalfatosenoticias.com.br\/#\/schema\/person\/d63837fa13ac8666eb9e74e0985d6f81","name":"Luzimara Fernandes","image":{"@type":"ImageObject","inLanguage":"pt-BR","@id":"https:\/\/jornalfatosenoticias.com.br\/#\/schema\/person\/image\/","url":"https:\/\/jornalfatosenoticias.com.br\/wp-content\/uploads\/2025\/05\/EU_portal.jpg","contentUrl":"https:\/\/jornalfatosenoticias.com.br\/wp-content\/uploads\/2025\/05\/EU_portal.jpg","caption":"Luzimara Fernandes"},"description":"Jornalista MTB 2358-ES","sameAs":["https:\/\/jornalfatosenoticias.com.br"],"url":"https:\/\/jornalfatosenoticias.com.br\/index.php\/author\/luzimara\/"}]}},"cc_featured_image_caption":{"caption_text":"(Foto: Julia Prado\/Minist\u00e9rio da Sa\u00fade) ","source_text":"","source_url":""},"jetpack_featured_media_url":"https:\/\/jornalfatosenoticias.com.br\/wp-content\/uploads\/2024\/11\/Lula-nisia-trindade-vacinas-vencidas.jpg","_links":{"self":[{"href":"https:\/\/jornalfatosenoticias.com.br\/index.php\/wp-json\/wp\/v2\/posts\/55692","targetHints":{"allow":["GET"]}}],"collection":[{"href":"https:\/\/jornalfatosenoticias.com.br\/index.php\/wp-json\/wp\/v2\/posts"}],"about":[{"href":"https:\/\/jornalfatosenoticias.com.br\/index.php\/wp-json\/wp\/v2\/types\/post"}],"author":[{"embeddable":true,"href":"https:\/\/jornalfatosenoticias.com.br\/index.php\/wp-json\/wp\/v2\/users\/2"}],"replies":[{"embeddable":true,"href":"https:\/\/jornalfatosenoticias.com.br\/index.php\/wp-json\/wp\/v2\/comments?post=55692"}],"version-history":[{"count":0,"href":"https:\/\/jornalfatosenoticias.com.br\/index.php\/wp-json\/wp\/v2\/posts\/55692\/revisions"}],"wp:featuredmedia":[{"embeddable":true,"href":"https:\/\/jornalfatosenoticias.com.br\/index.php\/wp-json\/wp\/v2\/media\/55693"}],"wp:attachment":[{"href":"https:\/\/jornalfatosenoticias.com.br\/index.php\/wp-json\/wp\/v2\/media?parent=55692"}],"wp:term":[{"taxonomy":"category","embeddable":true,"href":"https:\/\/jornalfatosenoticias.com.br\/index.php\/wp-json\/wp\/v2\/categories?post=55692"},{"taxonomy":"post_tag","embeddable":true,"href":"https:\/\/jornalfatosenoticias.com.br\/index.php\/wp-json\/wp\/v2\/tags?post=55692"}],"curies":[{"name":"wp","href":"https:\/\/api.w.org\/{rel}","templated":true}]}}