{"id":55721,"date":"2024-11-14T13:25:38","date_gmt":"2024-11-14T16:25:38","guid":{"rendered":"https:\/\/jornalfatosenoticias.com.br\/?p=55721"},"modified":"2024-11-14T13:26:54","modified_gmt":"2024-11-14T16:26:54","slug":"a-semana-no-brasil-e-no-mundo-avaliacao-do-governo-lula-insatisfacao-aumenta-e-avaliacao-negativa-atinge-recorde","status":"publish","type":"post","link":"https:\/\/jornalfatosenoticias.com.br\/index.php\/2024\/11\/14\/a-semana-no-brasil-e-no-mundo-avaliacao-do-governo-lula-insatisfacao-aumenta-e-avaliacao-negativa-atinge-recorde\/","title":{"rendered":"A Semana no Brasil e no Mundo \u2014 Avalia\u00e7\u00e3o do governo Lula: insatisfa\u00e7\u00e3o aumenta e avalia\u00e7\u00e3o negativa atinge recorde"},"content":{"rendered":"\n<div class=\"wp-block-image\"><figure class=\"aligncenter size-large\"><a href=\"https:\/\/www.instagram.com\/vmais.midias\/\"><img loading=\"lazy\" decoding=\"async\" width=\"1024\" height=\"110\" src=\"https:\/\/jornalfatosenoticias.com.br\/wp-content\/uploads\/2020\/02\/DE-MAIS-DESTAQUE-VMAIS-1120X120-1024x110.png\" alt=\"\" class=\"wp-image-53110\" srcset=\"https:\/\/jornalfatosenoticias.com.br\/wp-content\/uploads\/2020\/02\/DE-MAIS-DESTAQUE-VMAIS-1120X120-1024x110.png 1024w, https:\/\/jornalfatosenoticias.com.br\/wp-content\/uploads\/2020\/02\/DE-MAIS-DESTAQUE-VMAIS-1120X120-300x32.png 300w, https:\/\/jornalfatosenoticias.com.br\/wp-content\/uploads\/2020\/02\/DE-MAIS-DESTAQUE-VMAIS-1120X120-768x82.png 768w, https:\/\/jornalfatosenoticias.com.br\/wp-content\/uploads\/2020\/02\/DE-MAIS-DESTAQUE-VMAIS-1120X120.png 1120w\" sizes=\"auto, (max-width: 1024px) 100vw, 1024px\" \/><\/a><\/figure><\/div>\n\n\n\n<p>Uma nova pesquisa realizada pela Confedera\u00e7\u00e3o Nacional do Transporte (CNT) em parceria com o Instituto MDA, indica uma queda significativa na aprova\u00e7\u00e3o do governo de Luiz In\u00e1cio Lula da Silva. Conforme os dados coletados entre 7 e 10 de novembro com 2.002 entrevistados, 35,5% dos brasileiros consideram a gest\u00e3o Lula \u201c\u00f3tima\u201d ou \u201cboa\u201d, representando uma redu\u00e7\u00e3o de oito pontos percentuais desde o in\u00edcio do ano, quando o \u00edndice de aprova\u00e7\u00e3o era de 42,7%.<br>Desde a posse, o terceiro mandato de Lula vem registrando uma tend\u00eancia de queda na aprova\u00e7\u00e3o. Em maio, o \u00edndice positivo j\u00e1 havia recuado para 37,4%, chegando agora a 35,5%, o menor patamar desde o in\u00edcio do mandato. A pesquisa, realizada de forma presencial, possui uma margem de erro de 2,2 pontos percentuais e um n\u00edvel de confian\u00e7a de 95%.<\/p>\n\n\n\n<div class=\"wp-block-image\"><figure class=\"aligncenter size-large is-resized\"><a href=\"https:\/\/www.facebook.com\/postobkr\/?locale=pt_BR\"><img loading=\"lazy\" decoding=\"async\" src=\"https:\/\/jornalfatosenoticias.com.br\/wp-content\/uploads\/2023\/08\/BKR-1024x1021.jpg\" alt=\"\" class=\"wp-image-44494\" width=\"316\" height=\"315\" srcset=\"https:\/\/jornalfatosenoticias.com.br\/wp-content\/uploads\/2023\/08\/BKR-1024x1021.jpg 1024w, https:\/\/jornalfatosenoticias.com.br\/wp-content\/uploads\/2023\/08\/BKR-300x300.jpg 300w, https:\/\/jornalfatosenoticias.com.br\/wp-content\/uploads\/2023\/08\/BKR-150x150.jpg 150w, https:\/\/jornalfatosenoticias.com.br\/wp-content\/uploads\/2023\/08\/BKR-768x766.jpg 768w, https:\/\/jornalfatosenoticias.com.br\/wp-content\/uploads\/2023\/08\/BKR.jpg 1080w\" sizes=\"auto, (max-width: 316px) 100vw, 316px\" \/><\/a><\/figure><\/div>\n\n\n\n<p>Paralelamente \u00e0 queda na aprova\u00e7\u00e3o, aumentou o n\u00famero de brasileiros insatisfeitos com a administra\u00e7\u00e3o petista. Atualmente, 30,8% dos entrevistados classificam o governo como \u201cruim\u201d ou \u201cp\u00e9ssimo\u201d, o maior \u00edndice registrado nesta s\u00e9rie hist\u00f3rica. Outros 32,1% consideram o governo \u201cregular\u201d, enquanto 1,6% dos participantes n\u00e3o souberam ou preferiram n\u00e3o responder. <\/p>\n\n\n\n<div class=\"wp-block-image\"><figure class=\"aligncenter size-large is-resized\"><a href=\"https:\/\/www.legisjuris.com.br\/\"><img loading=\"lazy\" decoding=\"async\" src=\"https:\/\/jornalfatosenoticias.com.br\/wp-content\/uploads\/2024\/09\/Legis-Juris-Consultoria_logo.jpg\" alt=\"\" class=\"wp-image-53915\" width=\"444\" height=\"186\" srcset=\"https:\/\/jornalfatosenoticias.com.br\/wp-content\/uploads\/2024\/09\/Legis-Juris-Consultoria_logo.jpg 969w, https:\/\/jornalfatosenoticias.com.br\/wp-content\/uploads\/2024\/09\/Legis-Juris-Consultoria_logo-300x126.jpg 300w, https:\/\/jornalfatosenoticias.com.br\/wp-content\/uploads\/2024\/09\/Legis-Juris-Consultoria_logo-768x322.jpg 768w\" sizes=\"auto, (max-width: 444px) 100vw, 444px\" \/><\/a><\/figure><\/div>\n\n\n\n<p><strong><span class=\"has-inline-color has-black-color\">A pesquisa tamb\u00e9m detalhou as classifica\u00e7\u00f5es espec\u00edficas dos participantes sobre o governo Lula:<br><\/span><\/strong>\u2022 \u00d3timo: 12,2%<br>\u2022 Bom: 23,3%<br>\u2022 Regular: 32,1%<br>\u2022 Ruim: 9,4%<br>\u2022 P\u00e9ssimo: 21,4%<br>\u2022 N\u00e3o sabe\/N\u00e3o respondeu: 1,6%<br>Os resultados refletem um cen\u00e1rio desafiador para o petista, que enfrenta uma percep\u00e7\u00e3o p\u00fablica cada vez mais cr\u00edtica. <strong>(Fonte: Hora Bras\u00edlia)<\/strong><\/p>\n\n\n\n<div class=\"wp-block-image\"><figure class=\"aligncenter size-large is-resized\"><a href=\"https:\/\/www.facebook.com\/vetor.vix\/\"><img loading=\"lazy\" decoding=\"async\" src=\"https:\/\/jornalfatosenoticias.com.br\/wp-content\/uploads\/2023\/09\/vetorvix1024_1.jpg\" alt=\"\" class=\"wp-image-44868\" width=\"550\" height=\"146\" srcset=\"https:\/\/jornalfatosenoticias.com.br\/wp-content\/uploads\/2023\/09\/vetorvix1024_1.jpg 1024w, https:\/\/jornalfatosenoticias.com.br\/wp-content\/uploads\/2023\/09\/vetorvix1024_1-300x80.jpg 300w, https:\/\/jornalfatosenoticias.com.br\/wp-content\/uploads\/2023\/09\/vetorvix1024_1-768x205.jpg 768w\" sizes=\"auto, (max-width: 550px) 100vw, 550px\" \/><\/a><\/figure><\/div>\n\n\n\n<hr class=\"wp-block-separator\"\/>\n\n\n\n<h3 class=\"wp-block-heading\"><span class=\"has-inline-color has-black-color\">Governo Milei desregulamenta Correio argentino<\/span><\/h3>\n\n\n\n<div class=\"wp-block-image\"><figure class=\"aligncenter size-large\"><img loading=\"lazy\" decoding=\"async\" width=\"612\" height=\"408\" src=\"https:\/\/jornalfatosenoticias.com.br\/wp-content\/uploads\/2024\/11\/Milei-correios_gettyimages.jpg\" alt=\"\" class=\"wp-image-55726\" srcset=\"https:\/\/jornalfatosenoticias.com.br\/wp-content\/uploads\/2024\/11\/Milei-correios_gettyimages.jpg 612w, https:\/\/jornalfatosenoticias.com.br\/wp-content\/uploads\/2024\/11\/Milei-correios_gettyimages-300x200.jpg 300w\" sizes=\"auto, (max-width: 612px) 100vw, 612px\" \/><figcaption><em><span class=\"has-inline-color has-black-color\">(Foto: Getty Images)<\/span><\/em><\/figcaption><\/figure><\/div>\n\n\n\n<p>O governo Javier Milei anunciou, na segunda-feira (11), a completa desregulamenta\u00e7\u00e3o do servi\u00e7o postal na Argentina e revelou planos para privatizar o Correio Argentino, uma estatal com cerca de 1.400 filiais e aproximadamente 15 mil funcion\u00e1rios espalhados pelo pa\u00eds.<\/p>\n\n\n\n<div class=\"wp-block-image\"><figure class=\"aligncenter size-large is-resized\"><a href=\"https:\/\/hotelmarquetti.com.br\/\"><img loading=\"lazy\" decoding=\"async\" src=\"https:\/\/jornalfatosenoticias.com.br\/wp-content\/uploads\/2023\/03\/nova-logo-Marquetti.jpg\" alt=\"\" class=\"wp-image-40207\" width=\"320\" height=\"215\" srcset=\"https:\/\/jornalfatosenoticias.com.br\/wp-content\/uploads\/2023\/03\/nova-logo-Marquetti.jpg 643w, https:\/\/jornalfatosenoticias.com.br\/wp-content\/uploads\/2023\/03\/nova-logo-Marquetti-300x202.jpg 300w\" sizes=\"auto, (max-width: 320px) 100vw, 320px\" \/><\/a><\/figure><\/div>\n\n\n\n<p>Manuel Adorni, porta-voz da Casa Rosada, afirmou que a medida promover\u00e1 \u201cmais concorr\u00eancia, maior digitaliza\u00e7\u00e3o e seguran\u00e7a aprimorada no setor postal\u201d. Essa iniciativa faz parte do amplo programa de redu\u00e7\u00e3o do Estado e liberaliza\u00e7\u00e3o econ\u00f4mica empreendido pela administra\u00e7\u00e3o de Milei. Nos anos 1990, o mercado postal j\u00e1 havia experimentado uma desregulamenta\u00e7\u00e3o parcial com a permiss\u00e3o para operadores privados atuarem. No entanto, o ministro da Desregulamenta\u00e7\u00e3o e Transforma\u00e7\u00e3o do Estado, Federico Sturzenegger, destacou que ainda existiam barreiras significativas devido a sistemas complexos de registro e autoriza\u00e7\u00e3o.<\/p>\n\n\n\n<div class=\"wp-block-image\"><figure class=\"aligncenter size-large is-resized\"><a href=\"https:\/\/www.controlsystems.com.br\/\"><img loading=\"lazy\" decoding=\"async\" src=\"https:\/\/jornalfatosenoticias.com.br\/wp-content\/uploads\/2020\/02\/CONTROL-CS.jpg\" alt=\"\" class=\"wp-image-44991\" width=\"338\" height=\"405\" srcset=\"https:\/\/jornalfatosenoticias.com.br\/wp-content\/uploads\/2020\/02\/CONTROL-CS.jpg 834w, https:\/\/jornalfatosenoticias.com.br\/wp-content\/uploads\/2020\/02\/CONTROL-CS-250x300.jpg 250w, https:\/\/jornalfatosenoticias.com.br\/wp-content\/uploads\/2020\/02\/CONTROL-CS-768x921.jpg 768w\" sizes=\"auto, (max-width: 338px) 100vw, 338px\" \/><\/a><\/figure><\/div>\n\n\n\n<p>O novo decreto facilita o registro eletr\u00f4nico e gratuito de empresas interessadas em atuar como operadoras postais. Essas entidades ter\u00e3o liberdade para definir o n\u00famero de funcion\u00e1rios, as modalidades de servi\u00e7o, os tipos de transporte e as instala\u00e7\u00f5es necess\u00e1rias para suas opera\u00e7\u00f5es, eliminando exig\u00eancias m\u00ednimas anteriormente impostas pelo Estado.<\/p>\n\n\n\n<div class=\"wp-block-image\"><figure class=\"aligncenter size-large is-resized\"><a href=\"https:\/\/www.instagram.com\/esteiochurrascaria\/\"><img loading=\"lazy\" decoding=\"async\" src=\"https:\/\/jornalfatosenoticias.com.br\/wp-content\/uploads\/2022\/02\/LOGO-ESTEIO-1024x730.png\" alt=\"\" class=\"wp-image-27942\" width=\"374\" height=\"266\" srcset=\"https:\/\/jornalfatosenoticias.com.br\/wp-content\/uploads\/2022\/02\/LOGO-ESTEIO-1024x730.png 1024w, https:\/\/jornalfatosenoticias.com.br\/wp-content\/uploads\/2022\/02\/LOGO-ESTEIO-300x214.png 300w, https:\/\/jornalfatosenoticias.com.br\/wp-content\/uploads\/2022\/02\/LOGO-ESTEIO-768x548.png 768w, https:\/\/jornalfatosenoticias.com.br\/wp-content\/uploads\/2022\/02\/LOGO-ESTEIO.png 1123w\" sizes=\"auto, (max-width: 374px) 100vw, 374px\" \/><\/a><\/figure><\/div>\n\n\n\n<p><strong><span class=\"has-inline-color has-black-color\">Sem exclusividade estatal<br><\/span><\/strong>O decreto tamb\u00e9m retira as exclusividades antes concedidas \u00e0s empresas estatais no envio de cartas documento, telegramas e encomendas de at\u00e9 50 quilos, permitindo a entrada de novos competidores no mercado. Al\u00e9m disso, documentos como telegramas e cartas documento poder\u00e3o ser emitidos em formato digital.<\/p>\n\n\n\n<div class=\"wp-block-image\"><figure class=\"aligncenter size-large is-resized\"><a href=\"https:\/\/www.instagram.com\/ligadossaborespizzaria\/\"><img loading=\"lazy\" decoding=\"async\" src=\"https:\/\/jornalfatosenoticias.com.br\/wp-content\/uploads\/2024\/09\/WhatsApp-Image-2024-09-14-at-22.46.10-819x1024.jpeg\" alt=\"\" class=\"wp-image-54180\" width=\"335\" height=\"418\" srcset=\"https:\/\/jornalfatosenoticias.com.br\/wp-content\/uploads\/2024\/09\/WhatsApp-Image-2024-09-14-at-22.46.10-819x1024.jpeg 819w, https:\/\/jornalfatosenoticias.com.br\/wp-content\/uploads\/2024\/09\/WhatsApp-Image-2024-09-14-at-22.46.10-240x300.jpeg 240w, https:\/\/jornalfatosenoticias.com.br\/wp-content\/uploads\/2024\/09\/WhatsApp-Image-2024-09-14-at-22.46.10-768x960.jpeg 768w, https:\/\/jornalfatosenoticias.com.br\/wp-content\/uploads\/2024\/09\/WhatsApp-Image-2024-09-14-at-22.46.10.jpeg 1024w\" sizes=\"auto, (max-width: 335px) 100vw, 335px\" \/><\/a><\/figure><\/div>\n\n\n\n<p>Desde sua posse, o governo Milei tem demonstrado interesse em privatizar o Correio Argentino. Esta proposta integrou a Lei Bases apresentada no in\u00edcio do mandato, em dezembro passado. Historicamente, o Correio Argentino j\u00e1 foi privatizado entre 1997 e 2003 sob concess\u00e3o a um cons\u00f3rcio que inclu\u00eda a Sideco Americana, ligada \u00e0 fam\u00edlia do ex-presidente Mauricio Macri. Essa concess\u00e3o acabou em fal\u00eancia. Desde ent\u00e3o, a empresa \u00e9 uma sociedade an\u00f4nima com controle total do Estado.<\/p>\n\n\n\n<div class=\"wp-block-image\"><figure class=\"aligncenter size-large\"><a href=\"https:\/\/cesconetto.com.br\/\"><img loading=\"lazy\" decoding=\"async\" width=\"300\" height=\"250\" src=\"https:\/\/jornalfatosenoticias.com.br\/wp-content\/uploads\/2022\/02\/Banner-2.png\" alt=\"\" class=\"wp-image-27877\"\/><\/a><\/figure><\/div>\n\n\n\n<p>O governo atual visa retornar o Correio ao setor privado, embora n\u00e3o tenha especificado os m\u00e9todos para tal transi\u00e7\u00e3o. Em entrevista \u00e0 R\u00e1dio Mitre, Sturzenegger mencionou possibilidades como privatiza\u00e7\u00e3o direta, concess\u00e3o ou transfer\u00eancia aos empregados. Ele refor\u00e7ou que a inten\u00e7\u00e3o desta gest\u00e3o \u00e9 avan\u00e7ar na privatiza\u00e7\u00e3o das empresas p\u00fablicas argentinas. Em manifesta\u00e7\u00e3o nas redes sociais, o ministro reiterou sua cren\u00e7a no mercado como solu\u00e7\u00e3o universal para as necessidades da sociedade. <strong>(Fonte: O Antagonista)<\/strong><\/p>\n\n\n\n<div class=\"wp-block-image\"><figure class=\"aligncenter size-large is-resized\"><a href=\"https:\/\/www.instagram.com\/restaurantepegoretti\/\"><img loading=\"lazy\" decoding=\"async\" src=\"https:\/\/jornalfatosenoticias.com.br\/wp-content\/uploads\/2023\/12\/pegoretti-logo-pdf-1024x389.jpg\" alt=\"\" class=\"wp-image-47536\" width=\"485\" height=\"184\" srcset=\"https:\/\/jornalfatosenoticias.com.br\/wp-content\/uploads\/2023\/12\/pegoretti-logo-pdf-1024x389.jpg 1024w, https:\/\/jornalfatosenoticias.com.br\/wp-content\/uploads\/2023\/12\/pegoretti-logo-pdf-300x114.jpg 300w, https:\/\/jornalfatosenoticias.com.br\/wp-content\/uploads\/2023\/12\/pegoretti-logo-pdf-768x291.jpg 768w, https:\/\/jornalfatosenoticias.com.br\/wp-content\/uploads\/2023\/12\/pegoretti-logo-pdf.jpg 1120w\" sizes=\"auto, (max-width: 485px) 100vw, 485px\" \/><\/a><\/figure><\/div>\n\n\n\n<hr class=\"wp-block-separator\"\/>\n\n\n\n<h3 class=\"wp-block-heading\"><span class=\"has-inline-color has-black-color\">CGU aponta falhas e poss\u00edvel desvio em ONGs que receberam R$ 482 milh\u00f5es em emendas parlamentares<\/span><\/h3>\n\n\n\n<div class=\"wp-block-image\"><figure class=\"aligncenter size-large\"><img loading=\"lazy\" decoding=\"async\" width=\"750\" height=\"400\" src=\"https:\/\/jornalfatosenoticias.com.br\/wp-content\/uploads\/2024\/11\/CGU.png\" alt=\"\" class=\"wp-image-55725\" srcset=\"https:\/\/jornalfatosenoticias.com.br\/wp-content\/uploads\/2024\/11\/CGU.png 750w, https:\/\/jornalfatosenoticias.com.br\/wp-content\/uploads\/2024\/11\/CGU-300x160.png 300w\" sizes=\"auto, (max-width: 750px) 100vw, 750px\" \/><figcaption><em><span class=\"has-inline-color has-black-color\">(Foto: Ag\u00eancia Brasil)<\/span><\/em><\/figcaption><\/figure><\/div>\n\n\n\n<p>A Controladoria-Geral da Uni\u00e3o (CGU) divulgou um relat\u00f3rio que aponta s\u00e9rias irregularidades em sete ONGs que receberam um total de R$ 482,3 milh\u00f5es em emendas parlamentares entre 2020 e 2024. A auditoria, enviada ao Supremo Tribunal Federal (STF) por solicita\u00e7\u00e3o do ministro Fl\u00e1vio Dino, revela que essas organiza\u00e7\u00f5es carecem de estrutura e capacidade para executar os projetos propostos, al\u00e9m de ind\u00edcios de m\u00e1 gest\u00e3o, falta de transpar\u00eancia e at\u00e9 sobrepre\u00e7o em contratos.<\/p>\n\n\n\n<div class=\"wp-block-image\"><figure class=\"aligncenter size-large\"><a href=\"http:\/\/www.ferrarimaquinas.com.br\/\"><img loading=\"lazy\" decoding=\"async\" width=\"300\" height=\"250\" src=\"https:\/\/jornalfatosenoticias.com.br\/wp-content\/uploads\/2022\/02\/FERRARI_MAQUINAS-E-FERRAMENTAS2.jpg\" alt=\"\" class=\"wp-image-27860\"\/><\/a><\/figure><\/div>\n\n\n\n<p>O levantamento da CGU abrange ONGs que receberam recursos provenientes de diversas modalidades de emendas, incluindo as chamadas \u201cemendas PIX\u201d e do \u201cor\u00e7amento secreto\u201d. Das dez ONGs que mais receberam recursos no per\u00edodo, nove apresentaram problemas de execu\u00e7\u00e3o, sendo que sete foram classificadas como incapazes de cumprir os objetivos dos projetos financiados. Entre elas, destaca-se a ONG Contato, do Rio de Janeiro, que recebeu R$ 195,7 milh\u00f5es. Segundo o relat\u00f3rio, a entidade apresenta \u201cmecanismos de governan\u00e7a inadequados e desatualizados\u201d, comprometendo a transpar\u00eancia e efici\u00eancia.<\/p>\n\n\n\n<div class=\"wp-block-image\"><figure class=\"aligncenter size-large is-resized\"><a href=\"https:\/\/www.instagram.com\/serra4x4cambioautomatico\/\"><img loading=\"lazy\" decoding=\"async\" src=\"https:\/\/jornalfatosenoticias.com.br\/wp-content\/uploads\/2024\/08\/Serra-4x4-1-886x1024.jpg\" alt=\"\" class=\"wp-image-53632\" width=\"307\" height=\"355\" srcset=\"https:\/\/jornalfatosenoticias.com.br\/wp-content\/uploads\/2024\/08\/Serra-4x4-1-886x1024.jpg 886w, https:\/\/jornalfatosenoticias.com.br\/wp-content\/uploads\/2024\/08\/Serra-4x4-1-260x300.jpg 260w, https:\/\/jornalfatosenoticias.com.br\/wp-content\/uploads\/2024\/08\/Serra-4x4-1-768x888.jpg 768w, https:\/\/jornalfatosenoticias.com.br\/wp-content\/uploads\/2024\/08\/Serra-4x4-1.jpg 1181w\" sizes=\"auto, (max-width: 307px) 100vw, 307px\" \/><\/a><\/figure><\/div>\n\n\n\n<p>Outro exemplo citado no documento \u00e9 o Instituto Realizando o Futuro, tamb\u00e9m do Rio de Janeiro, que acumulou R$ 106,7 milh\u00f5es em emendas no per\u00edodo. De acordo com a CGU, a ONG \u201cn\u00e3o possui capacidade t\u00e9cnica e operacional para realizar os projetos\u201d, al\u00e9m de estruturas f\u00edsicas inadequadas e planos de trabalho com metas pouco objetivas. Em um caso espec\u00edfico, a CGU identificou uma despesa de R$ 2,5 milh\u00f5es que n\u00e3o foi convertida em benef\u00edcios ao projeto.<\/p>\n\n\n\n<div class=\"wp-block-image\"><figure class=\"aligncenter size-large is-resized\"><a href=\"https:\/\/www.ithbrasil.com.br\/\"><img loading=\"lazy\" decoding=\"async\" src=\"https:\/\/jornalfatosenoticias.com.br\/wp-content\/uploads\/2023\/08\/ITH.jpeg\" alt=\"\" class=\"wp-image-44638\" width=\"324\" height=\"263\" srcset=\"https:\/\/jornalfatosenoticias.com.br\/wp-content\/uploads\/2023\/08\/ITH.jpeg 800w, https:\/\/jornalfatosenoticias.com.br\/wp-content\/uploads\/2023\/08\/ITH-300x244.jpeg 300w, https:\/\/jornalfatosenoticias.com.br\/wp-content\/uploads\/2023\/08\/ITH-768x624.jpeg 768w\" sizes=\"auto, (max-width: 324px) 100vw, 324px\" \/><\/a><\/figure><\/div>\n\n\n\n<p>A auditoria tamb\u00e9m destaca o problema de obras inacabadas: das 256 obras avaliadas, financiadas com emendas entre 2020 e 2023, cerca de 38,6% (ou 99 obras) n\u00e3o foram iniciadas. Segundo a CGU, a falta de andamento pode indicar uma baixa prioriza\u00e7\u00e3o dos projetos por parte dos munic\u00edpios beneficiados.<\/p>\n\n\n\n<div class=\"wp-block-image\"><figure class=\"aligncenter size-large\"><a href=\"https:\/\/mizu.com.br\/\"><img loading=\"lazy\" decoding=\"async\" width=\"729\" height=\"90\" src=\"https:\/\/jornalfatosenoticias.com.br\/wp-content\/uploads\/2020\/02\/Logo_Mizu.png\" alt=\"\" class=\"wp-image-1441\" srcset=\"https:\/\/jornalfatosenoticias.com.br\/wp-content\/uploads\/2020\/02\/Logo_Mizu.png 729w, https:\/\/jornalfatosenoticias.com.br\/wp-content\/uploads\/2020\/02\/Logo_Mizu-300x37.png 300w\" sizes=\"auto, (max-width: 729px) 100vw, 729px\" \/><\/a><\/figure><\/div>\n\n\n\n<p>Em rela\u00e7\u00e3o \u00e0s \u201cemendas PIX\u201d, a CGU monitorou R$ 27 milh\u00f5es em valores empenhados, dos quais R$ 18 milh\u00f5es foram pagos. A an\u00e1lise focou nas ONGs que mais receberam esse tipo de repasse, priorizando aquelas com maior volume de recursos em cada regi\u00e3o do pa\u00eds. Essas conclus\u00f5es, entregues ao STF, apoiam o debate sobre novas regras de transpar\u00eancia para o uso de emendas parlamentares. A proposta j\u00e1 foi aprovada pela C\u00e2mara e agora segue para vota\u00e7\u00e3o no Senado. <strong>(Fonte: Hora Bras\u00edlia)<\/strong><\/p>\n\n\n\n<div class=\"wp-block-image\"><figure class=\"aligncenter size-large is-resized\"><a href=\"https:\/\/panper.com.br\/\"><img loading=\"lazy\" decoding=\"async\" src=\"https:\/\/jornalfatosenoticias.com.br\/wp-content\/uploads\/2023\/03\/logo-Panper_portal.jpg\" alt=\"\" class=\"wp-image-40208\" width=\"338\" height=\"234\" srcset=\"https:\/\/jornalfatosenoticias.com.br\/wp-content\/uploads\/2023\/03\/logo-Panper_portal.jpg 400w, https:\/\/jornalfatosenoticias.com.br\/wp-content\/uploads\/2023\/03\/logo-Panper_portal-300x208.jpg 300w\" sizes=\"auto, (max-width: 338px) 100vw, 338px\" \/><\/a><\/figure><\/div>\n\n\n\n<hr class=\"wp-block-separator\"\/>\n\n\n\n<h3 class=\"wp-block-heading\"><span class=\"has-inline-color has-black-color\">Cubanos protestam contra o regime comunista ap\u00f3s uma semana sem \u00e1gua e energia<\/span><\/h3>\n\n\n\n<div class=\"wp-block-image\"><figure class=\"aligncenter size-large\"><img loading=\"lazy\" decoding=\"async\" width=\"612\" height=\"407\" src=\"https:\/\/jornalfatosenoticias.com.br\/wp-content\/uploads\/2024\/11\/apagao-Cuba_gettyimages.jpg\" alt=\"\" class=\"wp-image-55724\" srcset=\"https:\/\/jornalfatosenoticias.com.br\/wp-content\/uploads\/2024\/11\/apagao-Cuba_gettyimages.jpg 612w, https:\/\/jornalfatosenoticias.com.br\/wp-content\/uploads\/2024\/11\/apagao-Cuba_gettyimages-300x200.jpg 300w\" sizes=\"auto, (max-width: 612px) 100vw, 612px\" \/><figcaption><em><span class=\"has-inline-color has-black-color\">(Foto: Getty Images)<\/span><\/em><\/figcaption><\/figure><\/div>\n\n\n\n<p><span class=\"has-inline-color has-black-color\">Por <strong>John Lucas<br><\/strong><\/span>Diversos cubanos tomaram as ruas do munic\u00edpio de Boyeros, em Havana, para protestar contra a falta de \u00e1gua e energia el\u00e9trica, que j\u00e1 dura mais de uma semana. Segundo informa\u00e7\u00f5es do portal independente Mart\u00ed, a manifesta\u00e7\u00e3o ocorreu na movimentada avenida Independencia, pr\u00f3xima \u00e0 estatal BioCubaFarma, na manh\u00e3 de ter\u00e7a-feira (12).<\/p>\n\n\n\n<div class=\"wp-block-image\"><figure class=\"aligncenter size-large is-resized\"><a href=\"https:\/\/www.facebook.com\/postobkr\/?locale=pt_BR\"><img loading=\"lazy\" decoding=\"async\" src=\"https:\/\/jornalfatosenoticias.com.br\/wp-content\/uploads\/2023\/08\/BKR-1024x1021.jpg\" alt=\"\" class=\"wp-image-44494\" width=\"292\" height=\"291\" srcset=\"https:\/\/jornalfatosenoticias.com.br\/wp-content\/uploads\/2023\/08\/BKR-1024x1021.jpg 1024w, https:\/\/jornalfatosenoticias.com.br\/wp-content\/uploads\/2023\/08\/BKR-300x300.jpg 300w, https:\/\/jornalfatosenoticias.com.br\/wp-content\/uploads\/2023\/08\/BKR-150x150.jpg 150w, https:\/\/jornalfatosenoticias.com.br\/wp-content\/uploads\/2023\/08\/BKR-768x766.jpg 768w, https:\/\/jornalfatosenoticias.com.br\/wp-content\/uploads\/2023\/08\/BKR.jpg 1080w\" sizes=\"auto, (max-width: 292px) 100vw, 292px\" \/><\/a><\/figure><\/div>\n\n\n\n<p>Conforme veiculou o Mart\u00ed, os cubanos, indignados com a situa\u00e7\u00e3o, bloquearam a via utilizando galhos de \u00e1rvores que ca\u00edram durante a passagem do furac\u00e3o Rafael, que atingiu a regi\u00e3o ocidental de Cuba h\u00e1 uma semana e causou um novo colapso do Sistema El\u00e9trico Nacional. A pol\u00edcia foi acionada e enviou agentes da Pol\u00edcia Nacional Revolucion\u00e1ria (PNR) para dispersar os manifestantes e liberar a avenida, apesar dos gritos e reclama\u00e7\u00f5es de quem participava do ato.<\/p>\n\n\n\n<div class=\"wp-block-image\"><figure class=\"aligncenter size-large is-resized\"><a href=\"https:\/\/www.instagram.com\/esteiochurrascaria\/\"><img loading=\"lazy\" decoding=\"async\" src=\"https:\/\/jornalfatosenoticias.com.br\/wp-content\/uploads\/2022\/02\/LOGO-ESTEIO-1024x730.png\" alt=\"\" class=\"wp-image-27942\" width=\"343\" height=\"244\" srcset=\"https:\/\/jornalfatosenoticias.com.br\/wp-content\/uploads\/2022\/02\/LOGO-ESTEIO-1024x730.png 1024w, https:\/\/jornalfatosenoticias.com.br\/wp-content\/uploads\/2022\/02\/LOGO-ESTEIO-300x214.png 300w, https:\/\/jornalfatosenoticias.com.br\/wp-content\/uploads\/2022\/02\/LOGO-ESTEIO-768x548.png 768w, https:\/\/jornalfatosenoticias.com.br\/wp-content\/uploads\/2022\/02\/LOGO-ESTEIO.png 1123w\" sizes=\"auto, (max-width: 343px) 100vw, 343px\" \/><\/a><\/figure><\/div>\n\n\n\n<blockquote class=\"wp-block-quote is-layout-flow wp-block-quote-is-layout-flow\"><p><span class=\"has-inline-color has-luminous-vivid-orange-color\">O povo est\u00e1 aqui fechando a avenida porque o governo n\u00e3o se preocupa com eles. J\u00e1 s\u00e3o mais de sete dias sem energia e sem \u00e1gua. As pessoas est\u00e3o perdendo os alimentos porque n\u00e3o t\u00eam como conservar\u201d, comentou um dos manifestantes, cuja fala foi registrada em v\u00eddeo e circulou nas redes sociais, cita o Mart\u00ed.<\/span><\/p><\/blockquote>\n\n\n\n<div class=\"wp-block-image\"><figure class=\"aligncenter size-large is-resized\"><a href=\"https:\/\/www.controlsystems.com.br\/\"><img loading=\"lazy\" decoding=\"async\" src=\"https:\/\/jornalfatosenoticias.com.br\/wp-content\/uploads\/2020\/02\/CONTROL-CS.jpg\" alt=\"\" class=\"wp-image-44991\" width=\"301\" height=\"361\" srcset=\"https:\/\/jornalfatosenoticias.com.br\/wp-content\/uploads\/2020\/02\/CONTROL-CS.jpg 834w, https:\/\/jornalfatosenoticias.com.br\/wp-content\/uploads\/2020\/02\/CONTROL-CS-250x300.jpg 250w, https:\/\/jornalfatosenoticias.com.br\/wp-content\/uploads\/2020\/02\/CONTROL-CS-768x921.jpg 768w\" sizes=\"auto, (max-width: 301px) 100vw, 301px\" \/><\/a><\/figure><\/div>\n\n\n\n<p>O descontentamento da popula\u00e7\u00e3o se intensificou ainda mais ap\u00f3s uma s\u00e9rie de apag\u00f5es que afetaram principalmente Havana e Santiago de Cuba. A Uni\u00e3o El\u00e9trica (UNE), estatal de Cuba, informou que 85% dos cidad\u00e3os afetados na capital j\u00e1 tiveram o servi\u00e7o restabelecido, mas bairros como Playa, La Lisa, Arroyo Naranjo e Boyeros continuam sofrendo com a falta de eletricidade, informou o Mart\u00ed.<\/p>\n\n\n\n<div class=\"wp-block-image\"><figure class=\"aligncenter size-large is-resized\"><a href=\"https:\/\/www.instagram.com\/vmais.midias\/\"><img loading=\"lazy\" decoding=\"async\" src=\"https:\/\/jornalfatosenoticias.com.br\/wp-content\/uploads\/2020\/02\/DE-MAIS-DESTAQUE-VMAIS-800X700.png\" alt=\"\" class=\"wp-image-53112\" width=\"328\" height=\"286\" srcset=\"https:\/\/jornalfatosenoticias.com.br\/wp-content\/uploads\/2020\/02\/DE-MAIS-DESTAQUE-VMAIS-800X700.png 800w, https:\/\/jornalfatosenoticias.com.br\/wp-content\/uploads\/2020\/02\/DE-MAIS-DESTAQUE-VMAIS-800X700-300x263.png 300w, https:\/\/jornalfatosenoticias.com.br\/wp-content\/uploads\/2020\/02\/DE-MAIS-DESTAQUE-VMAIS-800X700-768x672.png 768w\" sizes=\"auto, (max-width: 328px) 100vw, 328px\" \/><\/a><\/figure><\/div>\n\n\n\n<p>O ditador comunista Miguel D\u00edaz-Canel, que ap\u00f3s outubro afirmou que seu regime \u201cn\u00e3o toleraria\u201d protestos que considerasse atos de \u201cvandalismo\u201d ou \u201cperturba\u00e7\u00e3o da ordem p\u00fablica\u201d, entrou na mira dos cubanos nas redes sociais, onde muitos criticaram a inefic\u00e1cia do regime para resolver a crise que assola a ilha. <strong>(Fonte: Gazeta do Povo)<\/strong><\/p>\n\n\n\n<div class=\"wp-block-image\"><figure class=\"aligncenter size-large is-resized\"><a href=\"https:\/\/www.instagram.com\/restaurantepegoretti\/\"><img loading=\"lazy\" decoding=\"async\" src=\"https:\/\/jornalfatosenoticias.com.br\/wp-content\/uploads\/2023\/12\/pegoretti-logo-pdf-1024x389.jpg\" alt=\"\" class=\"wp-image-47536\" width=\"451\" height=\"171\" srcset=\"https:\/\/jornalfatosenoticias.com.br\/wp-content\/uploads\/2023\/12\/pegoretti-logo-pdf-1024x389.jpg 1024w, https:\/\/jornalfatosenoticias.com.br\/wp-content\/uploads\/2023\/12\/pegoretti-logo-pdf-300x114.jpg 300w, https:\/\/jornalfatosenoticias.com.br\/wp-content\/uploads\/2023\/12\/pegoretti-logo-pdf-768x291.jpg 768w, https:\/\/jornalfatosenoticias.com.br\/wp-content\/uploads\/2023\/12\/pegoretti-logo-pdf.jpg 1120w\" sizes=\"auto, (max-width: 451px) 100vw, 451px\" \/><\/a><\/figure><\/div>\n\n\n\n<hr class=\"wp-block-separator\"\/>\n\n\n\n<h3 class=\"wp-block-heading\"><span class=\"has-inline-color has-black-color\">Criminalidade: Brasil \u00e9 lar de tr\u00eas das 10 cidades mais perigosas do mundo para turistas<\/span><\/h3>\n\n\n\n<div class=\"wp-block-image\"><figure class=\"aligncenter size-large\"><img loading=\"lazy\" decoding=\"async\" width=\"612\" height=\"408\" src=\"https:\/\/jornalfatosenoticias.com.br\/wp-content\/uploads\/2024\/11\/criminalidade_istock.jpg\" alt=\"\" class=\"wp-image-55723\" srcset=\"https:\/\/jornalfatosenoticias.com.br\/wp-content\/uploads\/2024\/11\/criminalidade_istock.jpg 612w, https:\/\/jornalfatosenoticias.com.br\/wp-content\/uploads\/2024\/11\/criminalidade_istock-300x200.jpg 300w\" sizes=\"auto, (max-width: 612px) 100vw, 612px\" \/><figcaption><em><span class=\"has-inline-color has-black-color\">(Foto: iStock)<\/span><\/em><\/figcaption><\/figure><\/div>\n\n\n\n<p>Recentemente, a plataforma Numbeo, conhecida por compilar dados fornecidos por usu\u00e1rios, apresentou uma lista com as 50 cidades mais perigosas do mundo para turistas em 2024. No topo dessa lista est\u00e1 Caracas, a capital da Venezuela, destacando-se como a cidade mais insegura do mundo para visitantes. Este levantamento reflete a situa\u00e7\u00e3o atual de v\u00e1rias cidades em termos de seguran\u00e7a p\u00fablica e serve como um alerta importante para aqueles que planejam viajar.<\/p>\n\n\n\n<div class=\"wp-block-image\"><figure class=\"aligncenter size-large is-resized\"><a href=\"https:\/\/www.instagram.com\/ligadossaborespizzaria\/\"><img loading=\"lazy\" decoding=\"async\" src=\"https:\/\/jornalfatosenoticias.com.br\/wp-content\/uploads\/2020\/02\/WhatsApp-Image-2024-10-02-at-08.18.14-819x1024.jpeg\" alt=\"\" class=\"wp-image-54612\" width=\"296\" height=\"370\" srcset=\"https:\/\/jornalfatosenoticias.com.br\/wp-content\/uploads\/2020\/02\/WhatsApp-Image-2024-10-02-at-08.18.14-819x1024.jpeg 819w, https:\/\/jornalfatosenoticias.com.br\/wp-content\/uploads\/2020\/02\/WhatsApp-Image-2024-10-02-at-08.18.14-240x300.jpeg 240w, https:\/\/jornalfatosenoticias.com.br\/wp-content\/uploads\/2020\/02\/WhatsApp-Image-2024-10-02-at-08.18.14-768x960.jpeg 768w, https:\/\/jornalfatosenoticias.com.br\/wp-content\/uploads\/2020\/02\/WhatsApp-Image-2024-10-02-at-08.18.14.jpeg 1024w\" sizes=\"auto, (max-width: 296px) 100vw, 296px\" \/><\/a><\/figure><\/div>\n\n\n\n<p>O Brasil, infelizmente, tamb\u00e9m marca presen\u00e7a significativa nesse ranking, com oito cidades figurando entre as mais perigosas. Dentre essas, sete s\u00e3o capitais, sugerindo que centros urbanos, apesar de suas atra\u00e7\u00f5es tur\u00edsticas, possuem desafios significativos em rela\u00e7\u00e3o \u00e0 seguran\u00e7a. De acordo com o ranking de seguran\u00e7a, Rio de Janeiro, Fortaleza e Salvador s\u00e3o as tr\u00eas cidades brasileiras que se encontram entre as dez mais perigosas do mundo para turistas.<\/p>\n\n\n\n<div class=\"wp-block-image\"><figure class=\"aligncenter size-large is-resized\"><a href=\"https:\/\/hotelmarquetti.com.br\/\"><img loading=\"lazy\" decoding=\"async\" src=\"https:\/\/jornalfatosenoticias.com.br\/wp-content\/uploads\/2023\/03\/nova-logo-Marquetti.jpg\" alt=\"\" class=\"wp-image-40207\" width=\"340\" height=\"228\" srcset=\"https:\/\/jornalfatosenoticias.com.br\/wp-content\/uploads\/2023\/03\/nova-logo-Marquetti.jpg 643w, https:\/\/jornalfatosenoticias.com.br\/wp-content\/uploads\/2023\/03\/nova-logo-Marquetti-300x202.jpg 300w\" sizes=\"auto, (max-width: 340px) 100vw, 340px\" \/><\/a><\/figure><\/div>\n\n\n\n<p>A plataforma utiliza uma s\u00e9rie de crit\u00e9rios para elaborar seus rankings, focando principalmente em \u00edndices de viol\u00eancia. As taxas de homic\u00eddios intencionais por 100 mil habitantes desempenham um papel crucial na classifica\u00e7\u00e3o das cidades. O Rio de Janeiro, que ocupa a s\u00e9tima posi\u00e7\u00e3o, \u00e9 reconhecido mundialmente por suas belezas naturais, mas enfrenta significativos desafios de seguran\u00e7a p\u00fablica que afetam tanto turistas quanto moradores.<\/p>\n\n\n\n<div class=\"wp-block-image\"><figure class=\"aligncenter size-large is-resized\"><a href=\"https:\/\/www.facebook.com\/vetor.vix\/\"><img loading=\"lazy\" decoding=\"async\" src=\"https:\/\/jornalfatosenoticias.com.br\/wp-content\/uploads\/2023\/09\/vetorvix1024_1.jpg\" alt=\"\" class=\"wp-image-44868\" width=\"595\" height=\"158\" srcset=\"https:\/\/jornalfatosenoticias.com.br\/wp-content\/uploads\/2023\/09\/vetorvix1024_1.jpg 1024w, https:\/\/jornalfatosenoticias.com.br\/wp-content\/uploads\/2023\/09\/vetorvix1024_1-300x80.jpg 300w, https:\/\/jornalfatosenoticias.com.br\/wp-content\/uploads\/2023\/09\/vetorvix1024_1-768x205.jpg 768w\" sizes=\"auto, (max-width: 595px) 100vw, 595px\" \/><\/a><\/figure><\/div>\n\n\n\n<p>Fortaleza e Salvador tamb\u00e9m s\u00e3o destinos tur\u00edsticos conhecidos, mas ocupam o nono e d\u00e9cimo lugares, respectivamente, devido aos altos \u00edndices de criminalidade. Essas cidades s\u00e3o famosas por suas lindas praias e rica cultura, mas a viol\u00eancia presente mascara essas atra\u00e7\u00f5es. Al\u00e9m dessas, Recife, Porto Alegre, S\u00e3o Paulo, Campinas e Belo Horizonte tamb\u00e9m integram a lista, demonstrando que a quest\u00e3o da seguran\u00e7a \u00e9 uma preocupa\u00e7\u00e3o nacional. <strong>(Fonte: Terra Brasil Not\u00edcias)<\/strong><\/p>\n\n\n\n<div class=\"wp-block-image\"><figure class=\"aligncenter size-large is-resized\"><a href=\"https:\/\/www.legisjuris.com.br\/\"><img loading=\"lazy\" decoding=\"async\" src=\"https:\/\/jornalfatosenoticias.com.br\/wp-content\/uploads\/2024\/09\/Legis-Juris-Consultoria_logo.jpg\" alt=\"\" class=\"wp-image-53915\" width=\"461\" height=\"193\" srcset=\"https:\/\/jornalfatosenoticias.com.br\/wp-content\/uploads\/2024\/09\/Legis-Juris-Consultoria_logo.jpg 969w, https:\/\/jornalfatosenoticias.com.br\/wp-content\/uploads\/2024\/09\/Legis-Juris-Consultoria_logo-300x126.jpg 300w, https:\/\/jornalfatosenoticias.com.br\/wp-content\/uploads\/2024\/09\/Legis-Juris-Consultoria_logo-768x322.jpg 768w\" sizes=\"auto, (max-width: 461px) 100vw, 461px\" \/><\/a><\/figure><\/div>\n\n\n\n<hr class=\"wp-block-separator\"\/>\n\n\n\n<h3 class=\"wp-block-heading\"><span class=\"has-inline-color has-black-color\">Conselheiro de Trump e cotado para novo governo foi alvo de Moraes<\/span><\/h3>\n\n\n\n<div class=\"wp-block-image\"><figure class=\"aligncenter size-large\"><img loading=\"lazy\" decoding=\"async\" width=\"960\" height=\"540\" src=\"https:\/\/jornalfatosenoticias.com.br\/wp-content\/uploads\/2024\/11\/jason-miller-conselheiro-de-Trump.jpg\" alt=\"\" class=\"wp-image-55722\" srcset=\"https:\/\/jornalfatosenoticias.com.br\/wp-content\/uploads\/2024\/11\/jason-miller-conselheiro-de-Trump.jpg 960w, https:\/\/jornalfatosenoticias.com.br\/wp-content\/uploads\/2024\/11\/jason-miller-conselheiro-de-Trump-300x169.jpg 300w, https:\/\/jornalfatosenoticias.com.br\/wp-content\/uploads\/2024\/11\/jason-miller-conselheiro-de-Trump-768x432.jpg 768w\" sizes=\"auto, (max-width: 960px) 100vw, 960px\" \/><figcaption><em><span class=\"has-inline-color has-black-color\">(Foto: Wikimedia commons)<\/span><\/em><\/figcaption><\/figure><\/div>\n\n\n\n<p>Jason Miller, um dos assessores mais pr\u00f3ximos de Donald Trump, com lugar garantido no governo do republicano (caso queira), n\u00e3o tem boa mem\u00f3ria de sua passagem pelo Brasil em 2021 e, particularmente, do ministro Alexandre de Moraes.<\/p>\n\n\n\n<div class=\"wp-block-image\"><figure class=\"aligncenter size-large\"><a href=\"http:\/\/www.ferrarimaquinas.com.br\/\"><img loading=\"lazy\" decoding=\"async\" width=\"300\" height=\"250\" src=\"https:\/\/jornalfatosenoticias.com.br\/wp-content\/uploads\/2022\/02\/FERRARI_MAQUINAS-E-FERRAMENTAS2.jpg\" alt=\"\" class=\"wp-image-27860\"\/><\/a><\/figure><\/div>\n\n\n\n<p>Em 7 de setembro de 2021, quando chegou ao Brasil para participar do CPAC, maior evento conservador do mundo, Miller ficou detido por algumas horas no Aeroporto Internacional de Bras\u00edlia para um interrogat\u00f3rio feito pela Pol\u00edcia Federal (PF) a pedido de Moraes. O procedimento fez parte do inqu\u00e9rito das fake news, sediado no Supremo Tribunal Federal.<\/p>\n\n\n\n<div class=\"wp-block-image\"><figure class=\"aligncenter size-large is-resized\"><a href=\"https:\/\/www.ithbrasil.com.br\/\"><img loading=\"lazy\" decoding=\"async\" src=\"https:\/\/jornalfatosenoticias.com.br\/wp-content\/uploads\/2023\/08\/ITH.jpeg\" alt=\"\" class=\"wp-image-44638\" width=\"332\" height=\"270\" srcset=\"https:\/\/jornalfatosenoticias.com.br\/wp-content\/uploads\/2023\/08\/ITH.jpeg 800w, https:\/\/jornalfatosenoticias.com.br\/wp-content\/uploads\/2023\/08\/ITH-300x244.jpeg 300w, https:\/\/jornalfatosenoticias.com.br\/wp-content\/uploads\/2023\/08\/ITH-768x624.jpeg 768w\" sizes=\"auto, (max-width: 332px) 100vw, 332px\" \/><\/a><\/figure><\/div>\n\n\n\n<blockquote class=\"wp-block-quote is-layout-flow wp-block-quote-is-layout-flow\"><p><span class=\"has-inline-color has-luminous-vivid-orange-color\">Em uma entrevista dada dois dias depois de ser detido, ao norte-americano Matt Couch, do blog The DC Patriot, Miller, que tamb\u00e9m \u00e9 o fundador da rede social Gettr, disse que Moraes &#8220;\u00e9 como um vil\u00e3o de James Bond&#8221;. &#8220;Voc\u00ea tem que ver a foto dele&#8221;, comentou.<\/span><\/p><\/blockquote>\n\n\n\n<div class=\"wp-block-image\"><figure class=\"aligncenter size-large is-resized\"><a href=\"https:\/\/www.facebook.com\/vetor.vix\/\"><img loading=\"lazy\" decoding=\"async\" src=\"https:\/\/jornalfatosenoticias.com.br\/wp-content\/uploads\/2023\/09\/vetorvix1024_1.jpg\" alt=\"\" class=\"wp-image-44868\" width=\"565\" height=\"150\" srcset=\"https:\/\/jornalfatosenoticias.com.br\/wp-content\/uploads\/2023\/09\/vetorvix1024_1.jpg 1024w, https:\/\/jornalfatosenoticias.com.br\/wp-content\/uploads\/2023\/09\/vetorvix1024_1-300x80.jpg 300w, https:\/\/jornalfatosenoticias.com.br\/wp-content\/uploads\/2023\/09\/vetorvix1024_1-768x205.jpg 768w\" sizes=\"auto, (max-width: 565px) 100vw, 565px\" \/><\/a><\/figure><\/div>\n\n\n\n<blockquote class=\"wp-block-quote is-layout-flow wp-block-quote-is-layout-flow\"><p><span class=\"has-inline-color has-luminous-vivid-orange-color\">\u00c0 Fox News, no mesmo dia, Miller explicou que, &#8220;no Brasil, um juiz da Suprema Corte tamb\u00e9m tem a capacidade de emitir intima\u00e7\u00f5es, mandar prender pessoas e muito mais&#8221;. &#8220;Eles s\u00e3o incontrol\u00e1veis&#8221;, afirmou.<\/span><\/p><\/blockquote>\n\n\n\n<div class=\"wp-block-image\"><figure class=\"aligncenter size-large is-resized\"><a href=\"https:\/\/www.facebook.com\/postobkr\/?locale=pt_BR\"><img loading=\"lazy\" decoding=\"async\" src=\"https:\/\/jornalfatosenoticias.com.br\/wp-content\/uploads\/2023\/08\/BKR-1024x1021.jpg\" alt=\"\" class=\"wp-image-44494\" width=\"339\" height=\"338\" srcset=\"https:\/\/jornalfatosenoticias.com.br\/wp-content\/uploads\/2023\/08\/BKR-1024x1021.jpg 1024w, https:\/\/jornalfatosenoticias.com.br\/wp-content\/uploads\/2023\/08\/BKR-300x300.jpg 300w, https:\/\/jornalfatosenoticias.com.br\/wp-content\/uploads\/2023\/08\/BKR-150x150.jpg 150w, https:\/\/jornalfatosenoticias.com.br\/wp-content\/uploads\/2023\/08\/BKR-768x766.jpg 768w, https:\/\/jornalfatosenoticias.com.br\/wp-content\/uploads\/2023\/08\/BKR.jpg 1080w\" sizes=\"auto, (max-width: 339px) 100vw, 339px\" \/><\/a><\/figure><\/div>\n\n\n\n<p>O motivo da presen\u00e7a de Miller no CPAC era promover sua rede social no Brasil. Al\u00e9m do contato com personalidades de direita no CPAC, Miller teve um encontro com o presidente Jair Bolsonaro durante sua visita. Segundo o relato de Miller, ele e sua comitiva foram interrogados por tr\u00eas horas no aeroporto de Bras\u00edlia. <\/p>\n\n\n\n<div class=\"wp-block-image\"><figure class=\"aligncenter size-large is-resized\"><a href=\"https:\/\/www.instagram.com\/esteiochurrascaria\/\"><img loading=\"lazy\" decoding=\"async\" src=\"https:\/\/jornalfatosenoticias.com.br\/wp-content\/uploads\/2022\/02\/LOGO-ESTEIO-1024x730.png\" alt=\"\" class=\"wp-image-27942\" width=\"324\" height=\"231\" srcset=\"https:\/\/jornalfatosenoticias.com.br\/wp-content\/uploads\/2022\/02\/LOGO-ESTEIO-1024x730.png 1024w, https:\/\/jornalfatosenoticias.com.br\/wp-content\/uploads\/2022\/02\/LOGO-ESTEIO-300x214.png 300w, https:\/\/jornalfatosenoticias.com.br\/wp-content\/uploads\/2022\/02\/LOGO-ESTEIO-768x548.png 768w, https:\/\/jornalfatosenoticias.com.br\/wp-content\/uploads\/2022\/02\/LOGO-ESTEIO.png 1123w\" sizes=\"auto, (max-width: 324px) 100vw, 324px\" \/><\/a><\/figure><\/div>\n\n\n\n<blockquote class=\"wp-block-quote is-layout-flow wp-block-quote-is-layout-flow\"><p><span class=\"has-inline-color has-luminous-vivid-orange-color\">N\u00e3o fomos acusados de nenhum delito, e nos disseram que &#8216;queriam conversar&#8217;. Informamos que n\u00e3o t\u00ednhamos nada a dizer e, no fim, fomos liberados para voar de volta aos Estados Unidos. Nosso objetivo de promover a liberdade de express\u00e3o em todo o mundo continua!&#8221;, disse no Instagram.<\/span><\/p><\/blockquote>\n\n\n\n<div class=\"wp-block-image\"><figure class=\"aligncenter size-large is-resized\"><a href=\"https:\/\/panper.com.br\/\"><img loading=\"lazy\" decoding=\"async\" src=\"https:\/\/jornalfatosenoticias.com.br\/wp-content\/uploads\/2023\/03\/logo-Panper_portal.jpg\" alt=\"\" class=\"wp-image-40208\" width=\"328\" height=\"227\" srcset=\"https:\/\/jornalfatosenoticias.com.br\/wp-content\/uploads\/2023\/03\/logo-Panper_portal.jpg 400w, https:\/\/jornalfatosenoticias.com.br\/wp-content\/uploads\/2023\/03\/logo-Panper_portal-300x208.jpg 300w\" sizes=\"auto, (max-width: 328px) 100vw, 328px\" \/><\/a><\/figure><\/div>\n\n\n\n<p>Na entrevista ao norte-americano Matt Couch, do blog The DC Patriot, em 2021, o fundador do Gettr acrescentou mais detalhes \u00e0 hist\u00f3ria. &#8220;Eu passo pelos detectores de metal no aeroporto e do outro lado chegam dois policiais federais \u00e0 paisana, esperando por mim: &#8216;n\u00f3s gostar\u00edamos que o senhor viesse por aqui'&#8221;, contou. Miller diz que ficou alerta porque j\u00e1 tinha ouvido hist\u00f3rias sobre as decis\u00f5es fora de controle do STF. <strong>(Fonte: Gazeta do Povo)<\/strong><\/p>\n\n\n\n<p><strong><em><span class=\"has-inline-color has-black-color\">(Foto de capa: F\u00e1bio Rodrigues-Pozzebom\/Ag\u00eancia Brasil)<\/span><\/em><\/strong><\/p>\n\n\n\n<div class=\"wp-block-image\"><figure class=\"aligncenter size-large is-resized\"><a href=\"https:\/\/www.instagram.com\/restaurantepegoretti\/\"><img loading=\"lazy\" decoding=\"async\" src=\"https:\/\/jornalfatosenoticias.com.br\/wp-content\/uploads\/2023\/12\/pegoretti-logo-pdf-1024x389.jpg\" alt=\"\" class=\"wp-image-47536\" width=\"438\" height=\"166\" srcset=\"https:\/\/jornalfatosenoticias.com.br\/wp-content\/uploads\/2023\/12\/pegoretti-logo-pdf-1024x389.jpg 1024w, https:\/\/jornalfatosenoticias.com.br\/wp-content\/uploads\/2023\/12\/pegoretti-logo-pdf-300x114.jpg 300w, https:\/\/jornalfatosenoticias.com.br\/wp-content\/uploads\/2023\/12\/pegoretti-logo-pdf-768x291.jpg 768w, https:\/\/jornalfatosenoticias.com.br\/wp-content\/uploads\/2023\/12\/pegoretti-logo-pdf.jpg 1120w\" sizes=\"auto, (max-width: 438px) 100vw, 438px\" \/><\/a><\/figure><\/div>\n\n\n\n<hr class=\"wp-block-separator\"\/>\n","protected":false},"excerpt":{"rendered":"<p>Uma nova pesquisa realizada pela Confedera\u00e7\u00e3o Nacional do Transporte (CNT) em parceria com o Instituto MDA, indica uma queda significativa na aprova\u00e7\u00e3o do governo de Luiz In\u00e1cio Lula da Silva. Conforme os dados coletados entre 7 e 10 de novembro com 2.002 entrevistados, 35,5% dos brasileiros consideram a gest\u00e3o Lula \u201c\u00f3tima\u201d ou \u201cboa\u201d, representando uma [&hellip;]<\/p>\n","protected":false},"author":3,"featured_media":55727,"comment_status":"open","ping_status":"open","sticky":false,"template":"","format":"standard","meta":{"footnotes":""},"categories":[10],"tags":[25414,25415,16570,25417,2147,18343,18616,25416,25418,25419,294],"class_list":["post-55721","post","type-post","status-publish","format-standard","has-post-thumbnail","hentry","category-politica","tag-apagao-em-cuba","tag-avaliacao-do-governo-lula","tag-controladoria-geral-da-uniao","tag-criminalidade-no-brasil","tag-donald-trump","tag-governo-lula","tag-javier-milei","tag-protestos-em-cuba","tag-recorde-negativo","tag-sem-agua-e-energia","tag-stf"],"yoast_head":"<!-- This site is optimized with the Yoast SEO plugin v26.5 - https:\/\/yoast.com\/wordpress\/plugins\/seo\/ -->\n<title>A Semana no Brasil e no Mundo \u2014 Avalia\u00e7\u00e3o do governo Lula: insatisfa\u00e7\u00e3o aumenta e avalia\u00e7\u00e3o negativa atinge recorde - Jornal Fatos e Not\u00edcias<\/title>\n<meta name=\"robots\" content=\"index, follow, max-snippet:-1, max-image-preview:large, max-video-preview:-1\" \/>\n<link rel=\"canonical\" href=\"https:\/\/jornalfatosenoticias.com.br\/index.php\/2024\/11\/14\/a-semana-no-brasil-e-no-mundo-avaliacao-do-governo-lula-insatisfacao-aumenta-e-avaliacao-negativa-atinge-recorde\/\" \/>\n<meta property=\"og:locale\" content=\"pt_BR\" \/>\n<meta property=\"og:type\" content=\"article\" \/>\n<meta property=\"og:title\" content=\"A Semana no Brasil e no Mundo \u2014 Avalia\u00e7\u00e3o do governo Lula: insatisfa\u00e7\u00e3o aumenta e avalia\u00e7\u00e3o negativa atinge recorde - Jornal Fatos e Not\u00edcias\" \/>\n<meta property=\"og:description\" content=\"Uma nova pesquisa realizada pela Confedera\u00e7\u00e3o Nacional do Transporte (CNT) em parceria com o Instituto MDA, indica uma queda significativa na aprova\u00e7\u00e3o do governo de Luiz In\u00e1cio Lula da Silva. Conforme os dados coletados entre 7 e 10 de novembro com 2.002 entrevistados, 35,5% dos brasileiros consideram a gest\u00e3o Lula \u201c\u00f3tima\u201d ou \u201cboa\u201d, representando uma [&hellip;]\" \/>\n<meta property=\"og:url\" content=\"https:\/\/jornalfatosenoticias.com.br\/index.php\/2024\/11\/14\/a-semana-no-brasil-e-no-mundo-avaliacao-do-governo-lula-insatisfacao-aumenta-e-avaliacao-negativa-atinge-recorde\/\" \/>\n<meta property=\"og:site_name\" content=\"Jornal Fatos e Not\u00edcias\" \/>\n<meta property=\"article:published_time\" content=\"2024-11-14T16:25:38+00:00\" \/>\n<meta property=\"article:modified_time\" content=\"2024-11-14T16:26:54+00:00\" \/>\n<meta property=\"og:image\" content=\"https:\/\/jornalfatosenoticias.com.br\/wp-content\/uploads\/2024\/11\/avaliacao-Molusco.jpg\" \/>\n\t<meta property=\"og:image:width\" content=\"780\" \/>\n\t<meta property=\"og:image:height\" content=\"470\" \/>\n\t<meta property=\"og:image:type\" content=\"image\/jpeg\" \/>\n<meta name=\"author\" content=\"Haroldo Filho\" \/>\n<meta name=\"twitter:card\" content=\"summary_large_image\" \/>\n<meta name=\"twitter:label1\" content=\"Escrito por\" \/>\n\t<meta name=\"twitter:data1\" content=\"Haroldo Filho\" \/>\n\t<meta name=\"twitter:label2\" content=\"Est. tempo de leitura\" \/>\n\t<meta name=\"twitter:data2\" content=\"11 minutos\" \/>\n<script type=\"application\/ld+json\" class=\"yoast-schema-graph\">{\"@context\":\"https:\/\/schema.org\",\"@graph\":[{\"@type\":\"Article\",\"@id\":\"https:\/\/jornalfatosenoticias.com.br\/index.php\/2024\/11\/14\/a-semana-no-brasil-e-no-mundo-avaliacao-do-governo-lula-insatisfacao-aumenta-e-avaliacao-negativa-atinge-recorde\/#article\",\"isPartOf\":{\"@id\":\"https:\/\/jornalfatosenoticias.com.br\/index.php\/2024\/11\/14\/a-semana-no-brasil-e-no-mundo-avaliacao-do-governo-lula-insatisfacao-aumenta-e-avaliacao-negativa-atinge-recorde\/\"},\"author\":{\"name\":\"Haroldo Filho\",\"@id\":\"https:\/\/jornalfatosenoticias.com.br\/#\/schema\/person\/05c46cc25b42a5c27e004fb0fa6b4965\"},\"headline\":\"A Semana no Brasil e no Mundo \u2014 Avalia\u00e7\u00e3o do governo Lula: insatisfa\u00e7\u00e3o aumenta e avalia\u00e7\u00e3o negativa atinge recorde\",\"datePublished\":\"2024-11-14T16:25:38+00:00\",\"dateModified\":\"2024-11-14T16:26:54+00:00\",\"mainEntityOfPage\":{\"@id\":\"https:\/\/jornalfatosenoticias.com.br\/index.php\/2024\/11\/14\/a-semana-no-brasil-e-no-mundo-avaliacao-do-governo-lula-insatisfacao-aumenta-e-avaliacao-negativa-atinge-recorde\/\"},\"wordCount\":2149,\"commentCount\":0,\"publisher\":{\"@id\":\"https:\/\/jornalfatosenoticias.com.br\/#organization\"},\"image\":{\"@id\":\"https:\/\/jornalfatosenoticias.com.br\/index.php\/2024\/11\/14\/a-semana-no-brasil-e-no-mundo-avaliacao-do-governo-lula-insatisfacao-aumenta-e-avaliacao-negativa-atinge-recorde\/#primaryimage\"},\"thumbnailUrl\":\"https:\/\/jornalfatosenoticias.com.br\/wp-content\/uploads\/2024\/11\/avaliacao-Molusco.jpg\",\"keywords\":[\"apag\u00e3o em Cuba\",\"avalia\u00e7\u00e3o do governo Lula\",\"Controladoria-Geral da Uni\u00e3o\",\"criminalidade no Brasil\",\"Donald Trump\",\"governo Lula\",\"Javier Milei\",\"protestos em Cuba\",\"recorde negativo\",\"sem \u00e1gua e energia\",\"STF\"],\"articleSection\":[\"Pol\u00edtica\"],\"inLanguage\":\"pt-BR\",\"potentialAction\":[{\"@type\":\"CommentAction\",\"name\":\"Comment\",\"target\":[\"https:\/\/jornalfatosenoticias.com.br\/index.php\/2024\/11\/14\/a-semana-no-brasil-e-no-mundo-avaliacao-do-governo-lula-insatisfacao-aumenta-e-avaliacao-negativa-atinge-recorde\/#respond\"]}]},{\"@type\":\"WebPage\",\"@id\":\"https:\/\/jornalfatosenoticias.com.br\/index.php\/2024\/11\/14\/a-semana-no-brasil-e-no-mundo-avaliacao-do-governo-lula-insatisfacao-aumenta-e-avaliacao-negativa-atinge-recorde\/\",\"url\":\"https:\/\/jornalfatosenoticias.com.br\/index.php\/2024\/11\/14\/a-semana-no-brasil-e-no-mundo-avaliacao-do-governo-lula-insatisfacao-aumenta-e-avaliacao-negativa-atinge-recorde\/\",\"name\":\"A Semana no Brasil e no Mundo \u2014 Avalia\u00e7\u00e3o do governo Lula: insatisfa\u00e7\u00e3o aumenta e avalia\u00e7\u00e3o negativa atinge recorde - Jornal Fatos e Not\u00edcias\",\"isPartOf\":{\"@id\":\"https:\/\/jornalfatosenoticias.com.br\/#website\"},\"primaryImageOfPage\":{\"@id\":\"https:\/\/jornalfatosenoticias.com.br\/index.php\/2024\/11\/14\/a-semana-no-brasil-e-no-mundo-avaliacao-do-governo-lula-insatisfacao-aumenta-e-avaliacao-negativa-atinge-recorde\/#primaryimage\"},\"image\":{\"@id\":\"https:\/\/jornalfatosenoticias.com.br\/index.php\/2024\/11\/14\/a-semana-no-brasil-e-no-mundo-avaliacao-do-governo-lula-insatisfacao-aumenta-e-avaliacao-negativa-atinge-recorde\/#primaryimage\"},\"thumbnailUrl\":\"https:\/\/jornalfatosenoticias.com.br\/wp-content\/uploads\/2024\/11\/avaliacao-Molusco.jpg\",\"datePublished\":\"2024-11-14T16:25:38+00:00\",\"dateModified\":\"2024-11-14T16:26:54+00:00\",\"breadcrumb\":{\"@id\":\"https:\/\/jornalfatosenoticias.com.br\/index.php\/2024\/11\/14\/a-semana-no-brasil-e-no-mundo-avaliacao-do-governo-lula-insatisfacao-aumenta-e-avaliacao-negativa-atinge-recorde\/#breadcrumb\"},\"inLanguage\":\"pt-BR\",\"potentialAction\":[{\"@type\":\"ReadAction\",\"target\":[\"https:\/\/jornalfatosenoticias.com.br\/index.php\/2024\/11\/14\/a-semana-no-brasil-e-no-mundo-avaliacao-do-governo-lula-insatisfacao-aumenta-e-avaliacao-negativa-atinge-recorde\/\"]}]},{\"@type\":\"ImageObject\",\"inLanguage\":\"pt-BR\",\"@id\":\"https:\/\/jornalfatosenoticias.com.br\/index.php\/2024\/11\/14\/a-semana-no-brasil-e-no-mundo-avaliacao-do-governo-lula-insatisfacao-aumenta-e-avaliacao-negativa-atinge-recorde\/#primaryimage\",\"url\":\"https:\/\/jornalfatosenoticias.com.br\/wp-content\/uploads\/2024\/11\/avaliacao-Molusco.jpg\",\"contentUrl\":\"https:\/\/jornalfatosenoticias.com.br\/wp-content\/uploads\/2024\/11\/avaliacao-Molusco.jpg\",\"width\":780,\"height\":470},{\"@type\":\"BreadcrumbList\",\"@id\":\"https:\/\/jornalfatosenoticias.com.br\/index.php\/2024\/11\/14\/a-semana-no-brasil-e-no-mundo-avaliacao-do-governo-lula-insatisfacao-aumenta-e-avaliacao-negativa-atinge-recorde\/#breadcrumb\",\"itemListElement\":[{\"@type\":\"ListItem\",\"position\":1,\"name\":\"In\u00edcio\",\"item\":\"https:\/\/jornalfatosenoticias.com.br\/\"},{\"@type\":\"ListItem\",\"position\":2,\"name\":\"A Semana no Brasil e no Mundo \u2014 Avalia\u00e7\u00e3o do governo Lula: insatisfa\u00e7\u00e3o aumenta e avalia\u00e7\u00e3o negativa atinge recorde\"}]},{\"@type\":\"WebSite\",\"@id\":\"https:\/\/jornalfatosenoticias.com.br\/#website\",\"url\":\"https:\/\/jornalfatosenoticias.com.br\/\",\"name\":\"Jornal Fatos e Not\u00edcias\",\"description\":\"Not\u00edcias em geral\",\"publisher\":{\"@id\":\"https:\/\/jornalfatosenoticias.com.br\/#organization\"},\"potentialAction\":[{\"@type\":\"SearchAction\",\"target\":{\"@type\":\"EntryPoint\",\"urlTemplate\":\"https:\/\/jornalfatosenoticias.com.br\/?s={search_term_string}\"},\"query-input\":{\"@type\":\"PropertyValueSpecification\",\"valueRequired\":true,\"valueName\":\"search_term_string\"}}],\"inLanguage\":\"pt-BR\"},{\"@type\":\"Organization\",\"@id\":\"https:\/\/jornalfatosenoticias.com.br\/#organization\",\"name\":\"Jornal Fatos e Not\u00edcias\",\"url\":\"https:\/\/jornalfatosenoticias.com.br\/\",\"logo\":{\"@type\":\"ImageObject\",\"inLanguage\":\"pt-BR\",\"@id\":\"https:\/\/jornalfatosenoticias.com.br\/#\/schema\/logo\/image\/\",\"url\":\"https:\/\/jornalfatosenoticias.com.br\/wp-content\/uploads\/2020\/02\/logo120.png\",\"contentUrl\":\"https:\/\/jornalfatosenoticias.com.br\/wp-content\/uploads\/2020\/02\/logo120.png\",\"width\":1227,\"height\":120,\"caption\":\"Jornal Fatos e Not\u00edcias\"},\"image\":{\"@id\":\"https:\/\/jornalfatosenoticias.com.br\/#\/schema\/logo\/image\/\"}},{\"@type\":\"Person\",\"@id\":\"https:\/\/jornalfatosenoticias.com.br\/#\/schema\/person\/05c46cc25b42a5c27e004fb0fa6b4965\",\"name\":\"Haroldo Filho\",\"image\":{\"@type\":\"ImageObject\",\"inLanguage\":\"pt-BR\",\"@id\":\"https:\/\/jornalfatosenoticias.com.br\/#\/schema\/person\/image\/\",\"url\":\"https:\/\/jornalfatosenoticias.com.br\/wp-content\/uploads\/2025\/08\/WhatsApp-Image-2025-08-18-at-15.30.28-150x150.jpeg\",\"contentUrl\":\"https:\/\/jornalfatosenoticias.com.br\/wp-content\/uploads\/2025\/08\/WhatsApp-Image-2025-08-18-at-15.30.28-150x150.jpeg\",\"caption\":\"Haroldo Filho\"},\"description\":\"Jornalista \u2013 DRT: 0003818\/ES Coordenador-geral da ONG Educar para Crescer\",\"url\":\"https:\/\/jornalfatosenoticias.com.br\/index.php\/author\/haroldo\/\"}]}<\/script>\n<!-- \/ Yoast SEO plugin. -->","yoast_head_json":{"title":"A Semana no Brasil e no Mundo \u2014 Avalia\u00e7\u00e3o do governo Lula: insatisfa\u00e7\u00e3o aumenta e avalia\u00e7\u00e3o negativa atinge recorde - Jornal Fatos e Not\u00edcias","robots":{"index":"index","follow":"follow","max-snippet":"max-snippet:-1","max-image-preview":"max-image-preview:large","max-video-preview":"max-video-preview:-1"},"canonical":"https:\/\/jornalfatosenoticias.com.br\/index.php\/2024\/11\/14\/a-semana-no-brasil-e-no-mundo-avaliacao-do-governo-lula-insatisfacao-aumenta-e-avaliacao-negativa-atinge-recorde\/","og_locale":"pt_BR","og_type":"article","og_title":"A Semana no Brasil e no Mundo \u2014 Avalia\u00e7\u00e3o do governo Lula: insatisfa\u00e7\u00e3o aumenta e avalia\u00e7\u00e3o negativa atinge recorde - Jornal Fatos e Not\u00edcias","og_description":"Uma nova pesquisa realizada pela Confedera\u00e7\u00e3o Nacional do Transporte (CNT) em parceria com o Instituto MDA, indica uma queda significativa na aprova\u00e7\u00e3o do governo de Luiz In\u00e1cio Lula da Silva. Conforme os dados coletados entre 7 e 10 de novembro com 2.002 entrevistados, 35,5% dos brasileiros consideram a gest\u00e3o Lula \u201c\u00f3tima\u201d ou \u201cboa\u201d, representando uma [&hellip;]","og_url":"https:\/\/jornalfatosenoticias.com.br\/index.php\/2024\/11\/14\/a-semana-no-brasil-e-no-mundo-avaliacao-do-governo-lula-insatisfacao-aumenta-e-avaliacao-negativa-atinge-recorde\/","og_site_name":"Jornal Fatos e Not\u00edcias","article_published_time":"2024-11-14T16:25:38+00:00","article_modified_time":"2024-11-14T16:26:54+00:00","og_image":[{"width":780,"height":470,"url":"https:\/\/jornalfatosenoticias.com.br\/wp-content\/uploads\/2024\/11\/avaliacao-Molusco.jpg","type":"image\/jpeg"}],"author":"Haroldo Filho","twitter_card":"summary_large_image","twitter_misc":{"Escrito por":"Haroldo Filho","Est. tempo de leitura":"11 minutos"},"schema":{"@context":"https:\/\/schema.org","@graph":[{"@type":"Article","@id":"https:\/\/jornalfatosenoticias.com.br\/index.php\/2024\/11\/14\/a-semana-no-brasil-e-no-mundo-avaliacao-do-governo-lula-insatisfacao-aumenta-e-avaliacao-negativa-atinge-recorde\/#article","isPartOf":{"@id":"https:\/\/jornalfatosenoticias.com.br\/index.php\/2024\/11\/14\/a-semana-no-brasil-e-no-mundo-avaliacao-do-governo-lula-insatisfacao-aumenta-e-avaliacao-negativa-atinge-recorde\/"},"author":{"name":"Haroldo Filho","@id":"https:\/\/jornalfatosenoticias.com.br\/#\/schema\/person\/05c46cc25b42a5c27e004fb0fa6b4965"},"headline":"A Semana no Brasil e no Mundo \u2014 Avalia\u00e7\u00e3o do governo Lula: insatisfa\u00e7\u00e3o aumenta e avalia\u00e7\u00e3o negativa atinge recorde","datePublished":"2024-11-14T16:25:38+00:00","dateModified":"2024-11-14T16:26:54+00:00","mainEntityOfPage":{"@id":"https:\/\/jornalfatosenoticias.com.br\/index.php\/2024\/11\/14\/a-semana-no-brasil-e-no-mundo-avaliacao-do-governo-lula-insatisfacao-aumenta-e-avaliacao-negativa-atinge-recorde\/"},"wordCount":2149,"commentCount":0,"publisher":{"@id":"https:\/\/jornalfatosenoticias.com.br\/#organization"},"image":{"@id":"https:\/\/jornalfatosenoticias.com.br\/index.php\/2024\/11\/14\/a-semana-no-brasil-e-no-mundo-avaliacao-do-governo-lula-insatisfacao-aumenta-e-avaliacao-negativa-atinge-recorde\/#primaryimage"},"thumbnailUrl":"https:\/\/jornalfatosenoticias.com.br\/wp-content\/uploads\/2024\/11\/avaliacao-Molusco.jpg","keywords":["apag\u00e3o em Cuba","avalia\u00e7\u00e3o do governo Lula","Controladoria-Geral da Uni\u00e3o","criminalidade no Brasil","Donald Trump","governo Lula","Javier Milei","protestos em Cuba","recorde negativo","sem \u00e1gua e energia","STF"],"articleSection":["Pol\u00edtica"],"inLanguage":"pt-BR","potentialAction":[{"@type":"CommentAction","name":"Comment","target":["https:\/\/jornalfatosenoticias.com.br\/index.php\/2024\/11\/14\/a-semana-no-brasil-e-no-mundo-avaliacao-do-governo-lula-insatisfacao-aumenta-e-avaliacao-negativa-atinge-recorde\/#respond"]}]},{"@type":"WebPage","@id":"https:\/\/jornalfatosenoticias.com.br\/index.php\/2024\/11\/14\/a-semana-no-brasil-e-no-mundo-avaliacao-do-governo-lula-insatisfacao-aumenta-e-avaliacao-negativa-atinge-recorde\/","url":"https:\/\/jornalfatosenoticias.com.br\/index.php\/2024\/11\/14\/a-semana-no-brasil-e-no-mundo-avaliacao-do-governo-lula-insatisfacao-aumenta-e-avaliacao-negativa-atinge-recorde\/","name":"A Semana no Brasil e no Mundo \u2014 Avalia\u00e7\u00e3o do governo Lula: insatisfa\u00e7\u00e3o aumenta e avalia\u00e7\u00e3o negativa atinge recorde - Jornal Fatos e Not\u00edcias","isPartOf":{"@id":"https:\/\/jornalfatosenoticias.com.br\/#website"},"primaryImageOfPage":{"@id":"https:\/\/jornalfatosenoticias.com.br\/index.php\/2024\/11\/14\/a-semana-no-brasil-e-no-mundo-avaliacao-do-governo-lula-insatisfacao-aumenta-e-avaliacao-negativa-atinge-recorde\/#primaryimage"},"image":{"@id":"https:\/\/jornalfatosenoticias.com.br\/index.php\/2024\/11\/14\/a-semana-no-brasil-e-no-mundo-avaliacao-do-governo-lula-insatisfacao-aumenta-e-avaliacao-negativa-atinge-recorde\/#primaryimage"},"thumbnailUrl":"https:\/\/jornalfatosenoticias.com.br\/wp-content\/uploads\/2024\/11\/avaliacao-Molusco.jpg","datePublished":"2024-11-14T16:25:38+00:00","dateModified":"2024-11-14T16:26:54+00:00","breadcrumb":{"@id":"https:\/\/jornalfatosenoticias.com.br\/index.php\/2024\/11\/14\/a-semana-no-brasil-e-no-mundo-avaliacao-do-governo-lula-insatisfacao-aumenta-e-avaliacao-negativa-atinge-recorde\/#breadcrumb"},"inLanguage":"pt-BR","potentialAction":[{"@type":"ReadAction","target":["https:\/\/jornalfatosenoticias.com.br\/index.php\/2024\/11\/14\/a-semana-no-brasil-e-no-mundo-avaliacao-do-governo-lula-insatisfacao-aumenta-e-avaliacao-negativa-atinge-recorde\/"]}]},{"@type":"ImageObject","inLanguage":"pt-BR","@id":"https:\/\/jornalfatosenoticias.com.br\/index.php\/2024\/11\/14\/a-semana-no-brasil-e-no-mundo-avaliacao-do-governo-lula-insatisfacao-aumenta-e-avaliacao-negativa-atinge-recorde\/#primaryimage","url":"https:\/\/jornalfatosenoticias.com.br\/wp-content\/uploads\/2024\/11\/avaliacao-Molusco.jpg","contentUrl":"https:\/\/jornalfatosenoticias.com.br\/wp-content\/uploads\/2024\/11\/avaliacao-Molusco.jpg","width":780,"height":470},{"@type":"BreadcrumbList","@id":"https:\/\/jornalfatosenoticias.com.br\/index.php\/2024\/11\/14\/a-semana-no-brasil-e-no-mundo-avaliacao-do-governo-lula-insatisfacao-aumenta-e-avaliacao-negativa-atinge-recorde\/#breadcrumb","itemListElement":[{"@type":"ListItem","position":1,"name":"In\u00edcio","item":"https:\/\/jornalfatosenoticias.com.br\/"},{"@type":"ListItem","position":2,"name":"A Semana no Brasil e no Mundo \u2014 Avalia\u00e7\u00e3o do governo Lula: insatisfa\u00e7\u00e3o aumenta e avalia\u00e7\u00e3o negativa atinge recorde"}]},{"@type":"WebSite","@id":"https:\/\/jornalfatosenoticias.com.br\/#website","url":"https:\/\/jornalfatosenoticias.com.br\/","name":"Jornal Fatos e Not\u00edcias","description":"Not\u00edcias em geral","publisher":{"@id":"https:\/\/jornalfatosenoticias.com.br\/#organization"},"potentialAction":[{"@type":"SearchAction","target":{"@type":"EntryPoint","urlTemplate":"https:\/\/jornalfatosenoticias.com.br\/?s={search_term_string}"},"query-input":{"@type":"PropertyValueSpecification","valueRequired":true,"valueName":"search_term_string"}}],"inLanguage":"pt-BR"},{"@type":"Organization","@id":"https:\/\/jornalfatosenoticias.com.br\/#organization","name":"Jornal Fatos e Not\u00edcias","url":"https:\/\/jornalfatosenoticias.com.br\/","logo":{"@type":"ImageObject","inLanguage":"pt-BR","@id":"https:\/\/jornalfatosenoticias.com.br\/#\/schema\/logo\/image\/","url":"https:\/\/jornalfatosenoticias.com.br\/wp-content\/uploads\/2020\/02\/logo120.png","contentUrl":"https:\/\/jornalfatosenoticias.com.br\/wp-content\/uploads\/2020\/02\/logo120.png","width":1227,"height":120,"caption":"Jornal Fatos e Not\u00edcias"},"image":{"@id":"https:\/\/jornalfatosenoticias.com.br\/#\/schema\/logo\/image\/"}},{"@type":"Person","@id":"https:\/\/jornalfatosenoticias.com.br\/#\/schema\/person\/05c46cc25b42a5c27e004fb0fa6b4965","name":"Haroldo Filho","image":{"@type":"ImageObject","inLanguage":"pt-BR","@id":"https:\/\/jornalfatosenoticias.com.br\/#\/schema\/person\/image\/","url":"https:\/\/jornalfatosenoticias.com.br\/wp-content\/uploads\/2025\/08\/WhatsApp-Image-2025-08-18-at-15.30.28-150x150.jpeg","contentUrl":"https:\/\/jornalfatosenoticias.com.br\/wp-content\/uploads\/2025\/08\/WhatsApp-Image-2025-08-18-at-15.30.28-150x150.jpeg","caption":"Haroldo Filho"},"description":"Jornalista \u2013 DRT: 0003818\/ES Coordenador-geral da ONG Educar para Crescer","url":"https:\/\/jornalfatosenoticias.com.br\/index.php\/author\/haroldo\/"}]}},"cc_featured_image_caption":{"caption_text":"","source_text":"","source_url":""},"jetpack_featured_media_url":"https:\/\/jornalfatosenoticias.com.br\/wp-content\/uploads\/2024\/11\/avaliacao-Molusco.jpg","_links":{"self":[{"href":"https:\/\/jornalfatosenoticias.com.br\/index.php\/wp-json\/wp\/v2\/posts\/55721","targetHints":{"allow":["GET"]}}],"collection":[{"href":"https:\/\/jornalfatosenoticias.com.br\/index.php\/wp-json\/wp\/v2\/posts"}],"about":[{"href":"https:\/\/jornalfatosenoticias.com.br\/index.php\/wp-json\/wp\/v2\/types\/post"}],"author":[{"embeddable":true,"href":"https:\/\/jornalfatosenoticias.com.br\/index.php\/wp-json\/wp\/v2\/users\/3"}],"replies":[{"embeddable":true,"href":"https:\/\/jornalfatosenoticias.com.br\/index.php\/wp-json\/wp\/v2\/comments?post=55721"}],"version-history":[{"count":0,"href":"https:\/\/jornalfatosenoticias.com.br\/index.php\/wp-json\/wp\/v2\/posts\/55721\/revisions"}],"wp:featuredmedia":[{"embeddable":true,"href":"https:\/\/jornalfatosenoticias.com.br\/index.php\/wp-json\/wp\/v2\/media\/55727"}],"wp:attachment":[{"href":"https:\/\/jornalfatosenoticias.com.br\/index.php\/wp-json\/wp\/v2\/media?parent=55721"}],"wp:term":[{"taxonomy":"category","embeddable":true,"href":"https:\/\/jornalfatosenoticias.com.br\/index.php\/wp-json\/wp\/v2\/categories?post=55721"},{"taxonomy":"post_tag","embeddable":true,"href":"https:\/\/jornalfatosenoticias.com.br\/index.php\/wp-json\/wp\/v2\/tags?post=55721"}],"curies":[{"name":"wp","href":"https:\/\/api.w.org\/{rel}","templated":true}]}}