{"id":5575,"date":"2020-06-17T09:05:19","date_gmt":"2020-06-17T12:05:19","guid":{"rendered":"https:\/\/jornalfatosenoticias.com.br\/?p=5575"},"modified":"2020-06-17T09:05:55","modified_gmt":"2020-06-17T12:05:55","slug":"ferj-confirma-volta-do-campeonato-carioca-nesta-quinta-feira","status":"publish","type":"post","link":"https:\/\/jornalfatosenoticias.com.br\/index.php\/2020\/06\/17\/ferj-confirma-volta-do-campeonato-carioca-nesta-quinta-feira\/","title":{"rendered":"Ferj confirma volta do Campeonato Carioca nesta quinta-feira"},"content":{"rendered":"\n<h6 class=\"wp-block-heading\"><em>N\u00e3o houve consenso e decis\u00e3o pode chegar aos tribunais<\/em><\/h6>\n\n\n\n<p>Mesmo sem unanimidade entre os 12 clubes da S\u00e9rie A do Campeonato Carioca, a Federa\u00e7\u00e3o de Futebol do Estado do Rio (Ferj) confirmou a volta da competi\u00e7\u00e3o para esta quinta-feira (18) com o duelo entre Flamengo x Bangu. Pelo calend\u00e1rio sugerido para as duas rodadas finais da fase de grupos da Ta\u00e7a Rio, o rubro-negro volta a campo novamente dia 25, enquanto Fluminense e Botafogo jogam 22 e 26 e o Vasco, em 21 e 24 de junho.<br>Realizado virtualmente, o chamado arbitral teve in\u00edcio na segunda-feira (15) e recome\u00e7ou nessa ter\u00e7a (16) \u00e0 noite sob forte impasse. Apesar das pondera\u00e7\u00f5es e tentativas de acordo, Fluminense e Botafogo seguiram contra o retorno do torneio, por causa da pandemia. Entretanto, eles foram votos vencidos e n\u00e3o descartam buscar o caminho da Justi\u00e7a Desportiva.<br>Se essa volta n\u00e3o parar nos tribunais, os jogos ser\u00e3o de port\u00f5es fechados e v\u00e3o ocorrer apenas em tr\u00eas est\u00e1dios (Maracan\u00e3, S\u00e3o Janu\u00e1rio e Nilton Santos). Eles ainda n\u00e3o t\u00eam hora marcada, o que deve ser definido hoje (17) em reuni\u00e3o com a prefeitura, que j\u00e1 autorizou o retorno dentro da fase 2 de flexibiliza\u00e7\u00e3o da cidade. Esse encontro deve acertar ainda outros detalhes, envolvendo a opera\u00e7\u00e3o das partidas. A Ferj espera tamb\u00e9m para hoje o aval do governo estadual sobre o protocolo Jogo Seguro, para evitar o cont\u00e1gio do novo coronav\u00edrus (covid 19) entre os participantes das partidas.<br>O \u00faltimo jogo do\u00a0<a rel=\"noreferrer noopener\" href=\"https:\/\/twitter.com\/campcarioca\/status\/1273103703004897283\" target=\"_blank\">Campeonato Carioca<\/a>\u00a0ocorreu no dia 16 de mar\u00e7o. Segundo os \u00faltimos dados da Secretaria estadual de Sa\u00fade, o Rio tem 83.343 infectados e 7.967 mortos pela covid-19.<\/p>\n\n\n\n<p><strong><em><a href=\"https:\/\/agenciabrasil.ebc.com.br\/esportes\/noticia\/2020-06\/ferj-confirma-volta-do-campeonato-carioca-nesta-quinta-feira\">Fonte: Ag\u00eancia Brasil<\/a><\/em><\/strong><\/p>\n","protected":false},"excerpt":{"rendered":"<p>N\u00e3o houve consenso e decis\u00e3o pode chegar aos tribunais Mesmo sem unanimidade entre os 12 clubes da S\u00e9rie A do Campeonato Carioca, a Federa\u00e7\u00e3o de Futebol do Estado do Rio (Ferj) confirmou a volta da competi\u00e7\u00e3o para esta quinta-feira (18) com o duelo entre Flamengo x Bangu. Pelo calend\u00e1rio sugerido para as duas rodadas finais [&hellip;]<\/p>\n","protected":false},"author":2,"featured_media":5576,"comment_status":"open","ping_status":"open","sticky":false,"template":"","format":"standard","meta":{"footnotes":""},"categories":[12],"tags":[3344,2907,3345],"class_list":["post-5575","post","type-post","status-publish","format-standard","has-post-thumbnail","hentry","category-esportes","tag-campeonato-carioca","tag-ferj","tag-retorno"],"yoast_head":"<!-- This site is optimized with the Yoast SEO plugin v26.5 - https:\/\/yoast.com\/wordpress\/plugins\/seo\/ -->\n<title>Ferj confirma volta do Campeonato Carioca nesta quinta-feira - Jornal Fatos e Not\u00edcias<\/title>\n<meta name=\"robots\" content=\"index, follow, max-snippet:-1, max-image-preview:large, max-video-preview:-1\" \/>\n<link rel=\"canonical\" href=\"https:\/\/jornalfatosenoticias.com.br\/index.php\/2020\/06\/17\/ferj-confirma-volta-do-campeonato-carioca-nesta-quinta-feira\/\" \/>\n<meta property=\"og:locale\" content=\"pt_BR\" \/>\n<meta property=\"og:type\" content=\"article\" \/>\n<meta property=\"og:title\" content=\"Ferj confirma volta do Campeonato Carioca nesta quinta-feira - Jornal Fatos e Not\u00edcias\" \/>\n<meta property=\"og:description\" content=\"N\u00e3o houve consenso e decis\u00e3o pode chegar aos tribunais Mesmo sem unanimidade entre os 12 clubes da S\u00e9rie A do Campeonato Carioca, a Federa\u00e7\u00e3o de Futebol do Estado do Rio (Ferj) confirmou a volta da competi\u00e7\u00e3o para esta quinta-feira (18) com o duelo entre Flamengo x Bangu. Pelo calend\u00e1rio sugerido para as duas rodadas finais [&hellip;]\" \/>\n<meta property=\"og:url\" content=\"https:\/\/jornalfatosenoticias.com.br\/index.php\/2020\/06\/17\/ferj-confirma-volta-do-campeonato-carioca-nesta-quinta-feira\/\" \/>\n<meta property=\"og:site_name\" content=\"Jornal Fatos e Not\u00edcias\" \/>\n<meta property=\"article:published_time\" content=\"2020-06-17T12:05:19+00:00\" \/>\n<meta property=\"article:modified_time\" content=\"2020-06-17T12:05:55+00:00\" \/>\n<meta property=\"og:image\" content=\"https:\/\/jornalfatosenoticias.com.br\/wp-content\/uploads\/2020\/06\/marcana.jpg\" \/>\n\t<meta property=\"og:image:width\" content=\"1000\" \/>\n\t<meta property=\"og:image:height\" content=\"598\" \/>\n\t<meta property=\"og:image:type\" content=\"image\/jpeg\" \/>\n<meta name=\"author\" content=\"Luzimara Fernandes\" \/>\n<meta name=\"twitter:card\" content=\"summary_large_image\" \/>\n<meta name=\"twitter:label1\" content=\"Escrito por\" \/>\n\t<meta name=\"twitter:data1\" content=\"Luzimara Fernandes\" \/>\n\t<meta name=\"twitter:label2\" content=\"Est. tempo de leitura\" \/>\n\t<meta name=\"twitter:data2\" content=\"1 minuto\" \/>\n<script type=\"application\/ld+json\" class=\"yoast-schema-graph\">{\"@context\":\"https:\/\/schema.org\",\"@graph\":[{\"@type\":\"Article\",\"@id\":\"https:\/\/jornalfatosenoticias.com.br\/index.php\/2020\/06\/17\/ferj-confirma-volta-do-campeonato-carioca-nesta-quinta-feira\/#article\",\"isPartOf\":{\"@id\":\"https:\/\/jornalfatosenoticias.com.br\/index.php\/2020\/06\/17\/ferj-confirma-volta-do-campeonato-carioca-nesta-quinta-feira\/\"},\"author\":{\"name\":\"Luzimara Fernandes\",\"@id\":\"https:\/\/jornalfatosenoticias.com.br\/#\/schema\/person\/d63837fa13ac8666eb9e74e0985d6f81\"},\"headline\":\"Ferj confirma volta do Campeonato Carioca nesta quinta-feira\",\"datePublished\":\"2020-06-17T12:05:19+00:00\",\"dateModified\":\"2020-06-17T12:05:55+00:00\",\"mainEntityOfPage\":{\"@id\":\"https:\/\/jornalfatosenoticias.com.br\/index.php\/2020\/06\/17\/ferj-confirma-volta-do-campeonato-carioca-nesta-quinta-feira\/\"},\"wordCount\":298,\"commentCount\":0,\"publisher\":{\"@id\":\"https:\/\/jornalfatosenoticias.com.br\/#organization\"},\"image\":{\"@id\":\"https:\/\/jornalfatosenoticias.com.br\/index.php\/2020\/06\/17\/ferj-confirma-volta-do-campeonato-carioca-nesta-quinta-feira\/#primaryimage\"},\"thumbnailUrl\":\"https:\/\/jornalfatosenoticias.com.br\/wp-content\/uploads\/2020\/06\/marcana.jpg\",\"keywords\":[\"Campeonato Carioca\",\"Ferj\",\"retorno\"],\"articleSection\":[\"Esportes\"],\"inLanguage\":\"pt-BR\",\"potentialAction\":[{\"@type\":\"CommentAction\",\"name\":\"Comment\",\"target\":[\"https:\/\/jornalfatosenoticias.com.br\/index.php\/2020\/06\/17\/ferj-confirma-volta-do-campeonato-carioca-nesta-quinta-feira\/#respond\"]}]},{\"@type\":\"WebPage\",\"@id\":\"https:\/\/jornalfatosenoticias.com.br\/index.php\/2020\/06\/17\/ferj-confirma-volta-do-campeonato-carioca-nesta-quinta-feira\/\",\"url\":\"https:\/\/jornalfatosenoticias.com.br\/index.php\/2020\/06\/17\/ferj-confirma-volta-do-campeonato-carioca-nesta-quinta-feira\/\",\"name\":\"Ferj confirma volta do Campeonato Carioca nesta quinta-feira - Jornal Fatos e Not\u00edcias\",\"isPartOf\":{\"@id\":\"https:\/\/jornalfatosenoticias.com.br\/#website\"},\"primaryImageOfPage\":{\"@id\":\"https:\/\/jornalfatosenoticias.com.br\/index.php\/2020\/06\/17\/ferj-confirma-volta-do-campeonato-carioca-nesta-quinta-feira\/#primaryimage\"},\"image\":{\"@id\":\"https:\/\/jornalfatosenoticias.com.br\/index.php\/2020\/06\/17\/ferj-confirma-volta-do-campeonato-carioca-nesta-quinta-feira\/#primaryimage\"},\"thumbnailUrl\":\"https:\/\/jornalfatosenoticias.com.br\/wp-content\/uploads\/2020\/06\/marcana.jpg\",\"datePublished\":\"2020-06-17T12:05:19+00:00\",\"dateModified\":\"2020-06-17T12:05:55+00:00\",\"breadcrumb\":{\"@id\":\"https:\/\/jornalfatosenoticias.com.br\/index.php\/2020\/06\/17\/ferj-confirma-volta-do-campeonato-carioca-nesta-quinta-feira\/#breadcrumb\"},\"inLanguage\":\"pt-BR\",\"potentialAction\":[{\"@type\":\"ReadAction\",\"target\":[\"https:\/\/jornalfatosenoticias.com.br\/index.php\/2020\/06\/17\/ferj-confirma-volta-do-campeonato-carioca-nesta-quinta-feira\/\"]}]},{\"@type\":\"ImageObject\",\"inLanguage\":\"pt-BR\",\"@id\":\"https:\/\/jornalfatosenoticias.com.br\/index.php\/2020\/06\/17\/ferj-confirma-volta-do-campeonato-carioca-nesta-quinta-feira\/#primaryimage\",\"url\":\"https:\/\/jornalfatosenoticias.com.br\/wp-content\/uploads\/2020\/06\/marcana.jpg\",\"contentUrl\":\"https:\/\/jornalfatosenoticias.com.br\/wp-content\/uploads\/2020\/06\/marcana.jpg\",\"width\":1000,\"height\":598},{\"@type\":\"BreadcrumbList\",\"@id\":\"https:\/\/jornalfatosenoticias.com.br\/index.php\/2020\/06\/17\/ferj-confirma-volta-do-campeonato-carioca-nesta-quinta-feira\/#breadcrumb\",\"itemListElement\":[{\"@type\":\"ListItem\",\"position\":1,\"name\":\"In\u00edcio\",\"item\":\"https:\/\/jornalfatosenoticias.com.br\/\"},{\"@type\":\"ListItem\",\"position\":2,\"name\":\"Ferj confirma volta do Campeonato Carioca nesta quinta-feira\"}]},{\"@type\":\"WebSite\",\"@id\":\"https:\/\/jornalfatosenoticias.com.br\/#website\",\"url\":\"https:\/\/jornalfatosenoticias.com.br\/\",\"name\":\"Jornal Fatos e Not\u00edcias\",\"description\":\"Not\u00edcias em geral\",\"publisher\":{\"@id\":\"https:\/\/jornalfatosenoticias.com.br\/#organization\"},\"potentialAction\":[{\"@type\":\"SearchAction\",\"target\":{\"@type\":\"EntryPoint\",\"urlTemplate\":\"https:\/\/jornalfatosenoticias.com.br\/?s={search_term_string}\"},\"query-input\":{\"@type\":\"PropertyValueSpecification\",\"valueRequired\":true,\"valueName\":\"search_term_string\"}}],\"inLanguage\":\"pt-BR\"},{\"@type\":\"Organization\",\"@id\":\"https:\/\/jornalfatosenoticias.com.br\/#organization\",\"name\":\"Jornal Fatos e Not\u00edcias\",\"url\":\"https:\/\/jornalfatosenoticias.com.br\/\",\"logo\":{\"@type\":\"ImageObject\",\"inLanguage\":\"pt-BR\",\"@id\":\"https:\/\/jornalfatosenoticias.com.br\/#\/schema\/logo\/image\/\",\"url\":\"https:\/\/jornalfatosenoticias.com.br\/wp-content\/uploads\/2020\/02\/logo120.png\",\"contentUrl\":\"https:\/\/jornalfatosenoticias.com.br\/wp-content\/uploads\/2020\/02\/logo120.png\",\"width\":1227,\"height\":120,\"caption\":\"Jornal Fatos e Not\u00edcias\"},\"image\":{\"@id\":\"https:\/\/jornalfatosenoticias.com.br\/#\/schema\/logo\/image\/\"}},{\"@type\":\"Person\",\"@id\":\"https:\/\/jornalfatosenoticias.com.br\/#\/schema\/person\/d63837fa13ac8666eb9e74e0985d6f81\",\"name\":\"Luzimara Fernandes\",\"image\":{\"@type\":\"ImageObject\",\"inLanguage\":\"pt-BR\",\"@id\":\"https:\/\/jornalfatosenoticias.com.br\/#\/schema\/person\/image\/\",\"url\":\"https:\/\/jornalfatosenoticias.com.br\/wp-content\/uploads\/2025\/05\/EU_portal.jpg\",\"contentUrl\":\"https:\/\/jornalfatosenoticias.com.br\/wp-content\/uploads\/2025\/05\/EU_portal.jpg\",\"caption\":\"Luzimara Fernandes\"},\"description\":\"Jornalista MTB 2358-ES\",\"sameAs\":[\"https:\/\/jornalfatosenoticias.com.br\"],\"url\":\"https:\/\/jornalfatosenoticias.com.br\/index.php\/author\/luzimara\/\"}]}<\/script>\n<!-- \/ Yoast SEO plugin. -->","yoast_head_json":{"title":"Ferj confirma volta do Campeonato Carioca nesta quinta-feira - Jornal Fatos e Not\u00edcias","robots":{"index":"index","follow":"follow","max-snippet":"max-snippet:-1","max-image-preview":"max-image-preview:large","max-video-preview":"max-video-preview:-1"},"canonical":"https:\/\/jornalfatosenoticias.com.br\/index.php\/2020\/06\/17\/ferj-confirma-volta-do-campeonato-carioca-nesta-quinta-feira\/","og_locale":"pt_BR","og_type":"article","og_title":"Ferj confirma volta do Campeonato Carioca nesta quinta-feira - Jornal Fatos e Not\u00edcias","og_description":"N\u00e3o houve consenso e decis\u00e3o pode chegar aos tribunais Mesmo sem unanimidade entre os 12 clubes da S\u00e9rie A do Campeonato Carioca, a Federa\u00e7\u00e3o de Futebol do Estado do Rio (Ferj) confirmou a volta da competi\u00e7\u00e3o para esta quinta-feira (18) com o duelo entre Flamengo x Bangu. Pelo calend\u00e1rio sugerido para as duas rodadas finais [&hellip;]","og_url":"https:\/\/jornalfatosenoticias.com.br\/index.php\/2020\/06\/17\/ferj-confirma-volta-do-campeonato-carioca-nesta-quinta-feira\/","og_site_name":"Jornal Fatos e Not\u00edcias","article_published_time":"2020-06-17T12:05:19+00:00","article_modified_time":"2020-06-17T12:05:55+00:00","og_image":[{"width":1000,"height":598,"url":"https:\/\/jornalfatosenoticias.com.br\/wp-content\/uploads\/2020\/06\/marcana.jpg","type":"image\/jpeg"}],"author":"Luzimara Fernandes","twitter_card":"summary_large_image","twitter_misc":{"Escrito por":"Luzimara Fernandes","Est. tempo de leitura":"1 minuto"},"schema":{"@context":"https:\/\/schema.org","@graph":[{"@type":"Article","@id":"https:\/\/jornalfatosenoticias.com.br\/index.php\/2020\/06\/17\/ferj-confirma-volta-do-campeonato-carioca-nesta-quinta-feira\/#article","isPartOf":{"@id":"https:\/\/jornalfatosenoticias.com.br\/index.php\/2020\/06\/17\/ferj-confirma-volta-do-campeonato-carioca-nesta-quinta-feira\/"},"author":{"name":"Luzimara Fernandes","@id":"https:\/\/jornalfatosenoticias.com.br\/#\/schema\/person\/d63837fa13ac8666eb9e74e0985d6f81"},"headline":"Ferj confirma volta do Campeonato Carioca nesta quinta-feira","datePublished":"2020-06-17T12:05:19+00:00","dateModified":"2020-06-17T12:05:55+00:00","mainEntityOfPage":{"@id":"https:\/\/jornalfatosenoticias.com.br\/index.php\/2020\/06\/17\/ferj-confirma-volta-do-campeonato-carioca-nesta-quinta-feira\/"},"wordCount":298,"commentCount":0,"publisher":{"@id":"https:\/\/jornalfatosenoticias.com.br\/#organization"},"image":{"@id":"https:\/\/jornalfatosenoticias.com.br\/index.php\/2020\/06\/17\/ferj-confirma-volta-do-campeonato-carioca-nesta-quinta-feira\/#primaryimage"},"thumbnailUrl":"https:\/\/jornalfatosenoticias.com.br\/wp-content\/uploads\/2020\/06\/marcana.jpg","keywords":["Campeonato Carioca","Ferj","retorno"],"articleSection":["Esportes"],"inLanguage":"pt-BR","potentialAction":[{"@type":"CommentAction","name":"Comment","target":["https:\/\/jornalfatosenoticias.com.br\/index.php\/2020\/06\/17\/ferj-confirma-volta-do-campeonato-carioca-nesta-quinta-feira\/#respond"]}]},{"@type":"WebPage","@id":"https:\/\/jornalfatosenoticias.com.br\/index.php\/2020\/06\/17\/ferj-confirma-volta-do-campeonato-carioca-nesta-quinta-feira\/","url":"https:\/\/jornalfatosenoticias.com.br\/index.php\/2020\/06\/17\/ferj-confirma-volta-do-campeonato-carioca-nesta-quinta-feira\/","name":"Ferj confirma volta do Campeonato Carioca nesta quinta-feira - Jornal Fatos e Not\u00edcias","isPartOf":{"@id":"https:\/\/jornalfatosenoticias.com.br\/#website"},"primaryImageOfPage":{"@id":"https:\/\/jornalfatosenoticias.com.br\/index.php\/2020\/06\/17\/ferj-confirma-volta-do-campeonato-carioca-nesta-quinta-feira\/#primaryimage"},"image":{"@id":"https:\/\/jornalfatosenoticias.com.br\/index.php\/2020\/06\/17\/ferj-confirma-volta-do-campeonato-carioca-nesta-quinta-feira\/#primaryimage"},"thumbnailUrl":"https:\/\/jornalfatosenoticias.com.br\/wp-content\/uploads\/2020\/06\/marcana.jpg","datePublished":"2020-06-17T12:05:19+00:00","dateModified":"2020-06-17T12:05:55+00:00","breadcrumb":{"@id":"https:\/\/jornalfatosenoticias.com.br\/index.php\/2020\/06\/17\/ferj-confirma-volta-do-campeonato-carioca-nesta-quinta-feira\/#breadcrumb"},"inLanguage":"pt-BR","potentialAction":[{"@type":"ReadAction","target":["https:\/\/jornalfatosenoticias.com.br\/index.php\/2020\/06\/17\/ferj-confirma-volta-do-campeonato-carioca-nesta-quinta-feira\/"]}]},{"@type":"ImageObject","inLanguage":"pt-BR","@id":"https:\/\/jornalfatosenoticias.com.br\/index.php\/2020\/06\/17\/ferj-confirma-volta-do-campeonato-carioca-nesta-quinta-feira\/#primaryimage","url":"https:\/\/jornalfatosenoticias.com.br\/wp-content\/uploads\/2020\/06\/marcana.jpg","contentUrl":"https:\/\/jornalfatosenoticias.com.br\/wp-content\/uploads\/2020\/06\/marcana.jpg","width":1000,"height":598},{"@type":"BreadcrumbList","@id":"https:\/\/jornalfatosenoticias.com.br\/index.php\/2020\/06\/17\/ferj-confirma-volta-do-campeonato-carioca-nesta-quinta-feira\/#breadcrumb","itemListElement":[{"@type":"ListItem","position":1,"name":"In\u00edcio","item":"https:\/\/jornalfatosenoticias.com.br\/"},{"@type":"ListItem","position":2,"name":"Ferj confirma volta do Campeonato Carioca nesta quinta-feira"}]},{"@type":"WebSite","@id":"https:\/\/jornalfatosenoticias.com.br\/#website","url":"https:\/\/jornalfatosenoticias.com.br\/","name":"Jornal Fatos e Not\u00edcias","description":"Not\u00edcias em geral","publisher":{"@id":"https:\/\/jornalfatosenoticias.com.br\/#organization"},"potentialAction":[{"@type":"SearchAction","target":{"@type":"EntryPoint","urlTemplate":"https:\/\/jornalfatosenoticias.com.br\/?s={search_term_string}"},"query-input":{"@type":"PropertyValueSpecification","valueRequired":true,"valueName":"search_term_string"}}],"inLanguage":"pt-BR"},{"@type":"Organization","@id":"https:\/\/jornalfatosenoticias.com.br\/#organization","name":"Jornal Fatos e Not\u00edcias","url":"https:\/\/jornalfatosenoticias.com.br\/","logo":{"@type":"ImageObject","inLanguage":"pt-BR","@id":"https:\/\/jornalfatosenoticias.com.br\/#\/schema\/logo\/image\/","url":"https:\/\/jornalfatosenoticias.com.br\/wp-content\/uploads\/2020\/02\/logo120.png","contentUrl":"https:\/\/jornalfatosenoticias.com.br\/wp-content\/uploads\/2020\/02\/logo120.png","width":1227,"height":120,"caption":"Jornal Fatos e Not\u00edcias"},"image":{"@id":"https:\/\/jornalfatosenoticias.com.br\/#\/schema\/logo\/image\/"}},{"@type":"Person","@id":"https:\/\/jornalfatosenoticias.com.br\/#\/schema\/person\/d63837fa13ac8666eb9e74e0985d6f81","name":"Luzimara Fernandes","image":{"@type":"ImageObject","inLanguage":"pt-BR","@id":"https:\/\/jornalfatosenoticias.com.br\/#\/schema\/person\/image\/","url":"https:\/\/jornalfatosenoticias.com.br\/wp-content\/uploads\/2025\/05\/EU_portal.jpg","contentUrl":"https:\/\/jornalfatosenoticias.com.br\/wp-content\/uploads\/2025\/05\/EU_portal.jpg","caption":"Luzimara Fernandes"},"description":"Jornalista MTB 2358-ES","sameAs":["https:\/\/jornalfatosenoticias.com.br"],"url":"https:\/\/jornalfatosenoticias.com.br\/index.php\/author\/luzimara\/"}]}},"cc_featured_image_caption":{"caption_text":"(Divulga\u00e7\u00e3o\/Secretaria de Cultura RJ)","source_text":"","source_url":""},"jetpack_featured_media_url":"https:\/\/jornalfatosenoticias.com.br\/wp-content\/uploads\/2020\/06\/marcana.jpg","_links":{"self":[{"href":"https:\/\/jornalfatosenoticias.com.br\/index.php\/wp-json\/wp\/v2\/posts\/5575","targetHints":{"allow":["GET"]}}],"collection":[{"href":"https:\/\/jornalfatosenoticias.com.br\/index.php\/wp-json\/wp\/v2\/posts"}],"about":[{"href":"https:\/\/jornalfatosenoticias.com.br\/index.php\/wp-json\/wp\/v2\/types\/post"}],"author":[{"embeddable":true,"href":"https:\/\/jornalfatosenoticias.com.br\/index.php\/wp-json\/wp\/v2\/users\/2"}],"replies":[{"embeddable":true,"href":"https:\/\/jornalfatosenoticias.com.br\/index.php\/wp-json\/wp\/v2\/comments?post=5575"}],"version-history":[{"count":0,"href":"https:\/\/jornalfatosenoticias.com.br\/index.php\/wp-json\/wp\/v2\/posts\/5575\/revisions"}],"wp:featuredmedia":[{"embeddable":true,"href":"https:\/\/jornalfatosenoticias.com.br\/index.php\/wp-json\/wp\/v2\/media\/5576"}],"wp:attachment":[{"href":"https:\/\/jornalfatosenoticias.com.br\/index.php\/wp-json\/wp\/v2\/media?parent=5575"}],"wp:term":[{"taxonomy":"category","embeddable":true,"href":"https:\/\/jornalfatosenoticias.com.br\/index.php\/wp-json\/wp\/v2\/categories?post=5575"},{"taxonomy":"post_tag","embeddable":true,"href":"https:\/\/jornalfatosenoticias.com.br\/index.php\/wp-json\/wp\/v2\/tags?post=5575"}],"curies":[{"name":"wp","href":"https:\/\/api.w.org\/{rel}","templated":true}]}}