{"id":55753,"date":"2024-11-18T09:41:45","date_gmt":"2024-11-18T12:41:45","guid":{"rendered":"https:\/\/jornalfatosenoticias.com.br\/?p=55753"},"modified":"2024-11-18T09:41:47","modified_gmt":"2024-11-18T12:41:47","slug":"carroca-do-seculo-20-e-achada-em-gelo-derretido-e-intriga-arqueologos","status":"publish","type":"post","link":"https:\/\/jornalfatosenoticias.com.br\/index.php\/2024\/11\/18\/carroca-do-seculo-20-e-achada-em-gelo-derretido-e-intriga-arqueologos\/","title":{"rendered":"Carro\u00e7a do s\u00e9culo 20 \u00e9 achada em gelo derretido e intriga arque\u00f3logos"},"content":{"rendered":"\n<p><em><span class=\"has-inline-color has-black-color\">At\u00e9 ent\u00e3o, v\u00e1rias pessoas nas redes sociais ofereceram seus \u201cvaliosos\u201d insights sobre o que poderia ser essa suposta carro\u00e7a de bambu<\/span><\/em><\/p>\n\n\n\n<p><span class=\"has-inline-color has-black-color\">Por <strong><a href=\"https:\/\/gizmodo.uol.com.br\/author\/pablo-nogueira\/\">Pablo Nogueira<\/a><\/strong><\/span><\/p>\n\n\n\n<div class=\"wp-block-image\"><figure class=\"aligncenter size-large is-resized\"><a href=\"https:\/\/www.facebook.com\/vetor.vix\/\"><img loading=\"lazy\" decoding=\"async\" src=\"https:\/\/jornalfatosenoticias.com.br\/wp-content\/uploads\/2023\/09\/vetorvix1024_1.jpg\" alt=\"\" class=\"wp-image-44868\" width=\"543\" height=\"144\" srcset=\"https:\/\/jornalfatosenoticias.com.br\/wp-content\/uploads\/2023\/09\/vetorvix1024_1.jpg 1024w, https:\/\/jornalfatosenoticias.com.br\/wp-content\/uploads\/2023\/09\/vetorvix1024_1-300x80.jpg 300w, https:\/\/jornalfatosenoticias.com.br\/wp-content\/uploads\/2023\/09\/vetorvix1024_1-768x205.jpg 768w\" sizes=\"auto, (max-width: 543px) 100vw, 543px\" \/><\/a><\/figure><\/div>\n\n\n\n<p>Recentemente, um alpinista se esbarrou com uma carro\u00e7a de bambu do s\u00e9culo 20 que estava no gelo, <a href=\"https:\/\/gizmodo.uol.com.br\/aquecimento-global-faz-derreter-cemiterio-de-gelo-na-suica\/\">a mais de dois mil metros, nos Alpes Su\u00ed\u00e7os<\/a>.<br>Arque\u00f3logos sabem apenas duas coisas: que o objeto de duas rodas \u00e9 de bambu e parece ser do s\u00e9culo passado. Por outro lado, a descoberta da geringon\u00e7a est\u00e1 gerando mais perguntas que respostas.<br>De acordo com uma <a href=\"https:\/\/www.facebook.com\/KantonGR\/posts\/pfbid0rFjfpX2cXj6BS9tJqCSeWhwt2LkM7u8ftvtsXC798E9rMLy7khbhSCRMyMF3zNPjl\" target=\"_blank\" rel=\"noreferrer noopener\">publica\u00e7\u00e3o<\/a> da p\u00e1gina oficial do Cant\u00e3o de Graub\u00fcden no Facebook, a suposta carro\u00e7a foi encontrada no \u00faltimo dia 2 de novembro por Sergio Veri. O alpinista su\u00ed\u00e7o estava fazendo trilha do Passo do Spluga, <a href=\"https:\/\/gizmodo.uol.com.br\/foto-mostra-galaxia-de-andromeda-atras-do-alpes-suicos\/\">a dois mil metros de altura, na fronteira com a It\u00e1lia<\/a>. Foi durante essa parte da trilha que Veri notou o \u201cobjeto curioso\u201d no gelo derretido.<\/p>\n\n\n\n<div class=\"wp-block-image\"><figure class=\"aligncenter size-large is-resized\"><a href=\"https:\/\/www.ithbrasil.com.br\/\"><img loading=\"lazy\" decoding=\"async\" src=\"https:\/\/jornalfatosenoticias.com.br\/wp-content\/uploads\/2023\/08\/ITH.jpeg\" alt=\"\" class=\"wp-image-44638\" width=\"292\" height=\"237\" srcset=\"https:\/\/jornalfatosenoticias.com.br\/wp-content\/uploads\/2023\/08\/ITH.jpeg 800w, https:\/\/jornalfatosenoticias.com.br\/wp-content\/uploads\/2023\/08\/ITH-300x244.jpeg 300w, https:\/\/jornalfatosenoticias.com.br\/wp-content\/uploads\/2023\/08\/ITH-768x624.jpeg 768w\" sizes=\"auto, (max-width: 292px) 100vw, 292px\" \/><\/a><\/figure><\/div>\n\n\n\n<p><strong><span class=\"has-inline-color has-black-color\">E o bambu?<br><\/span><\/strong>A suposta carro\u00e7a intrigou arque\u00f3logos pelo fato de ser de bambu, uma planta que n\u00e3o \u00e9 nativa da Su\u00ed\u00e7a, mas que surgiu na Europa no s\u00e9culo 17. At\u00e9 ent\u00e3o, v\u00e1rias pessoas nas redes sociais ofereceram seus \u201cvaliosos\u201d insights sobre a origem do objeto.<\/p>\n\n\n\n<div class=\"wp-block-image\"><figure class=\"aligncenter size-large is-resized\"><a href=\"https:\/\/www.instagram.com\/serra4x4cambioautomatico\/\"><img loading=\"lazy\" decoding=\"async\" src=\"https:\/\/jornalfatosenoticias.com.br\/wp-content\/uploads\/2024\/08\/Serra-4x4-1-886x1024.jpg\" alt=\"\" class=\"wp-image-53632\" width=\"264\" height=\"305\" srcset=\"https:\/\/jornalfatosenoticias.com.br\/wp-content\/uploads\/2024\/08\/Serra-4x4-1-886x1024.jpg 886w, https:\/\/jornalfatosenoticias.com.br\/wp-content\/uploads\/2024\/08\/Serra-4x4-1-260x300.jpg 260w, https:\/\/jornalfatosenoticias.com.br\/wp-content\/uploads\/2024\/08\/Serra-4x4-1-768x888.jpg 768w, https:\/\/jornalfatosenoticias.com.br\/wp-content\/uploads\/2024\/08\/Serra-4x4-1.jpg 1181w\" sizes=\"auto, (max-width: 264px) 100vw, 264px\" \/><\/a><\/figure><\/div>\n\n\n\n<p>Coment\u00e1rios na p\u00e1gina do Cant\u00e3o de Graub\u00fcnden <a href=\"https:\/\/gizmodo.uol.com.br\/encontrado-possivel-navio-de-guerra-britanico-afundado-na-1a-guerra-mundial\/\">especulam que a carro\u00e7a foi fruto de um contrabando durante a Primeira Guerra Mundial<\/a>. Outros dizem que seria uma ferramenta de exploradores, cientistas e aventureiros. Alguns usu\u00e1rios cogitaram que a carro\u00e7a \u00e9, na verdade, partes de um avi\u00e3o.<\/p>\n\n\n\n<div class=\"wp-block-image\"><figure class=\"aligncenter size-large\"><a href=\"http:\/\/www.ferrarimaquinas.com.br\/\"><img loading=\"lazy\" decoding=\"async\" width=\"300\" height=\"250\" src=\"https:\/\/jornalfatosenoticias.com.br\/wp-content\/uploads\/2022\/02\/FERRARI_MAQUINAS-E-FERRAMENTAS2.jpg\" alt=\"\" class=\"wp-image-27860\"\/><\/a><\/figure><\/div>\n\n\n\n<p>Apesar do mist\u00e9rio, a carro\u00e7a s\u00f3 evidencia a perigosa realidade: ela \u00e9 mais um objeto que surge ap\u00f3s o derretimento mais r\u00e1pido do gelo devido \u00e0s <a href=\"https:\/\/gizmodo.uol.com.br\/uso-de-energia-para-ia-vai-impulsionar-aquecimento-global-e-mudancas-climaticas\/\">mudan\u00e7as clim\u00e1ticas<\/a>.<\/p>\n\n\n\n<p><strong><em>Fonte: <a href=\"https:\/\/gizmodo.uol.com.br\/carroca-do-seculo-20-e-achada-em-gelo-derretido-e-intriga-arqueologos\/\">Giz Brasil<\/a><\/em><\/strong><\/p>\n","protected":false},"excerpt":{"rendered":"<p>At\u00e9 ent\u00e3o, v\u00e1rias pessoas nas redes sociais ofereceram seus \u201cvaliosos\u201d insights sobre o que poderia ser essa suposta carro\u00e7a de bambu Por Pablo Nogueira Recentemente, um alpinista se esbarrou com uma carro\u00e7a de bambu do s\u00e9culo 20 que estava no gelo, a mais de dois mil metros, nos Alpes Su\u00ed\u00e7os.Arque\u00f3logos sabem apenas duas coisas: que [&hellip;]<\/p>\n","protected":false},"author":2,"featured_media":55754,"comment_status":"open","ping_status":"open","sticky":false,"template":"","format":"standard","meta":{"footnotes":""},"categories":[9808],"tags":[25430,362,761,25431,3674,360,25432],"class_list":["post-55753","post","type-post","status-publish","format-standard","has-post-thumbnail","hentry","category-paleo-arqueologia","tag-alpes","tag-aquecimento-global","tag-arqueologos","tag-carroca-de-bambu","tag-derretimento","tag-mudancas-climaticas","tag-seculo-20"],"yoast_head":"<!-- This site is optimized with the Yoast SEO plugin v26.5 - https:\/\/yoast.com\/wordpress\/plugins\/seo\/ -->\n<title>Carro\u00e7a do s\u00e9culo 20 \u00e9 achada em gelo derretido e intriga arque\u00f3logos - Jornal Fatos e Not\u00edcias<\/title>\n<meta name=\"robots\" content=\"index, follow, max-snippet:-1, max-image-preview:large, max-video-preview:-1\" \/>\n<link rel=\"canonical\" href=\"https:\/\/jornalfatosenoticias.com.br\/index.php\/2024\/11\/18\/carroca-do-seculo-20-e-achada-em-gelo-derretido-e-intriga-arqueologos\/\" \/>\n<meta property=\"og:locale\" content=\"pt_BR\" \/>\n<meta property=\"og:type\" content=\"article\" \/>\n<meta property=\"og:title\" content=\"Carro\u00e7a do s\u00e9culo 20 \u00e9 achada em gelo derretido e intriga arque\u00f3logos - Jornal Fatos e Not\u00edcias\" \/>\n<meta property=\"og:description\" content=\"At\u00e9 ent\u00e3o, v\u00e1rias pessoas nas redes sociais ofereceram seus \u201cvaliosos\u201d insights sobre o que poderia ser essa suposta carro\u00e7a de bambu Por Pablo Nogueira Recentemente, um alpinista se esbarrou com uma carro\u00e7a de bambu do s\u00e9culo 20 que estava no gelo, a mais de dois mil metros, nos Alpes Su\u00ed\u00e7os.Arque\u00f3logos sabem apenas duas coisas: que [&hellip;]\" \/>\n<meta property=\"og:url\" content=\"https:\/\/jornalfatosenoticias.com.br\/index.php\/2024\/11\/18\/carroca-do-seculo-20-e-achada-em-gelo-derretido-e-intriga-arqueologos\/\" \/>\n<meta property=\"og:site_name\" content=\"Jornal Fatos e Not\u00edcias\" \/>\n<meta property=\"article:published_time\" content=\"2024-11-18T12:41:45+00:00\" \/>\n<meta property=\"article:modified_time\" content=\"2024-11-18T12:41:47+00:00\" \/>\n<meta property=\"og:image\" content=\"https:\/\/jornalfatosenoticias.com.br\/wp-content\/uploads\/2024\/11\/carroca-seculo-20.jpg\" \/>\n\t<meta property=\"og:image:width\" content=\"1000\" \/>\n\t<meta property=\"og:image:height\" content=\"562\" \/>\n\t<meta property=\"og:image:type\" content=\"image\/jpeg\" \/>\n<meta name=\"author\" content=\"Luzimara Fernandes\" \/>\n<meta name=\"twitter:card\" content=\"summary_large_image\" \/>\n<meta name=\"twitter:label1\" content=\"Escrito por\" \/>\n\t<meta name=\"twitter:data1\" content=\"Luzimara Fernandes\" \/>\n\t<meta name=\"twitter:label2\" content=\"Est. tempo de leitura\" \/>\n\t<meta name=\"twitter:data2\" content=\"1 minuto\" \/>\n<script type=\"application\/ld+json\" class=\"yoast-schema-graph\">{\"@context\":\"https:\/\/schema.org\",\"@graph\":[{\"@type\":\"Article\",\"@id\":\"https:\/\/jornalfatosenoticias.com.br\/index.php\/2024\/11\/18\/carroca-do-seculo-20-e-achada-em-gelo-derretido-e-intriga-arqueologos\/#article\",\"isPartOf\":{\"@id\":\"https:\/\/jornalfatosenoticias.com.br\/index.php\/2024\/11\/18\/carroca-do-seculo-20-e-achada-em-gelo-derretido-e-intriga-arqueologos\/\"},\"author\":{\"name\":\"Luzimara Fernandes\",\"@id\":\"https:\/\/jornalfatosenoticias.com.br\/#\/schema\/person\/d63837fa13ac8666eb9e74e0985d6f81\"},\"headline\":\"Carro\u00e7a do s\u00e9culo 20 \u00e9 achada em gelo derretido e intriga arque\u00f3logos\",\"datePublished\":\"2024-11-18T12:41:45+00:00\",\"dateModified\":\"2024-11-18T12:41:47+00:00\",\"mainEntityOfPage\":{\"@id\":\"https:\/\/jornalfatosenoticias.com.br\/index.php\/2024\/11\/18\/carroca-do-seculo-20-e-achada-em-gelo-derretido-e-intriga-arqueologos\/\"},\"wordCount\":312,\"commentCount\":0,\"publisher\":{\"@id\":\"https:\/\/jornalfatosenoticias.com.br\/#organization\"},\"image\":{\"@id\":\"https:\/\/jornalfatosenoticias.com.br\/index.php\/2024\/11\/18\/carroca-do-seculo-20-e-achada-em-gelo-derretido-e-intriga-arqueologos\/#primaryimage\"},\"thumbnailUrl\":\"https:\/\/jornalfatosenoticias.com.br\/wp-content\/uploads\/2024\/11\/carroca-seculo-20.jpg\",\"keywords\":[\"Alpes\",\"aquecimento global\",\"arque\u00f3logos\",\"carro\u00e7a de bambu\",\"derretimento\",\"mudan\u00e7as clim\u00e1ticas\",\"s\u00e9culo 20\"],\"articleSection\":[\"Paleo &amp; Arqueologia\"],\"inLanguage\":\"pt-BR\",\"potentialAction\":[{\"@type\":\"CommentAction\",\"name\":\"Comment\",\"target\":[\"https:\/\/jornalfatosenoticias.com.br\/index.php\/2024\/11\/18\/carroca-do-seculo-20-e-achada-em-gelo-derretido-e-intriga-arqueologos\/#respond\"]}]},{\"@type\":\"WebPage\",\"@id\":\"https:\/\/jornalfatosenoticias.com.br\/index.php\/2024\/11\/18\/carroca-do-seculo-20-e-achada-em-gelo-derretido-e-intriga-arqueologos\/\",\"url\":\"https:\/\/jornalfatosenoticias.com.br\/index.php\/2024\/11\/18\/carroca-do-seculo-20-e-achada-em-gelo-derretido-e-intriga-arqueologos\/\",\"name\":\"Carro\u00e7a do s\u00e9culo 20 \u00e9 achada em gelo derretido e intriga arque\u00f3logos - Jornal Fatos e Not\u00edcias\",\"isPartOf\":{\"@id\":\"https:\/\/jornalfatosenoticias.com.br\/#website\"},\"primaryImageOfPage\":{\"@id\":\"https:\/\/jornalfatosenoticias.com.br\/index.php\/2024\/11\/18\/carroca-do-seculo-20-e-achada-em-gelo-derretido-e-intriga-arqueologos\/#primaryimage\"},\"image\":{\"@id\":\"https:\/\/jornalfatosenoticias.com.br\/index.php\/2024\/11\/18\/carroca-do-seculo-20-e-achada-em-gelo-derretido-e-intriga-arqueologos\/#primaryimage\"},\"thumbnailUrl\":\"https:\/\/jornalfatosenoticias.com.br\/wp-content\/uploads\/2024\/11\/carroca-seculo-20.jpg\",\"datePublished\":\"2024-11-18T12:41:45+00:00\",\"dateModified\":\"2024-11-18T12:41:47+00:00\",\"breadcrumb\":{\"@id\":\"https:\/\/jornalfatosenoticias.com.br\/index.php\/2024\/11\/18\/carroca-do-seculo-20-e-achada-em-gelo-derretido-e-intriga-arqueologos\/#breadcrumb\"},\"inLanguage\":\"pt-BR\",\"potentialAction\":[{\"@type\":\"ReadAction\",\"target\":[\"https:\/\/jornalfatosenoticias.com.br\/index.php\/2024\/11\/18\/carroca-do-seculo-20-e-achada-em-gelo-derretido-e-intriga-arqueologos\/\"]}]},{\"@type\":\"ImageObject\",\"inLanguage\":\"pt-BR\",\"@id\":\"https:\/\/jornalfatosenoticias.com.br\/index.php\/2024\/11\/18\/carroca-do-seculo-20-e-achada-em-gelo-derretido-e-intriga-arqueologos\/#primaryimage\",\"url\":\"https:\/\/jornalfatosenoticias.com.br\/wp-content\/uploads\/2024\/11\/carroca-seculo-20.jpg\",\"contentUrl\":\"https:\/\/jornalfatosenoticias.com.br\/wp-content\/uploads\/2024\/11\/carroca-seculo-20.jpg\",\"width\":1000,\"height\":562},{\"@type\":\"BreadcrumbList\",\"@id\":\"https:\/\/jornalfatosenoticias.com.br\/index.php\/2024\/11\/18\/carroca-do-seculo-20-e-achada-em-gelo-derretido-e-intriga-arqueologos\/#breadcrumb\",\"itemListElement\":[{\"@type\":\"ListItem\",\"position\":1,\"name\":\"In\u00edcio\",\"item\":\"https:\/\/jornalfatosenoticias.com.br\/\"},{\"@type\":\"ListItem\",\"position\":2,\"name\":\"Carro\u00e7a do s\u00e9culo 20 \u00e9 achada em gelo derretido e intriga arque\u00f3logos\"}]},{\"@type\":\"WebSite\",\"@id\":\"https:\/\/jornalfatosenoticias.com.br\/#website\",\"url\":\"https:\/\/jornalfatosenoticias.com.br\/\",\"name\":\"Jornal Fatos e Not\u00edcias\",\"description\":\"Not\u00edcias em geral\",\"publisher\":{\"@id\":\"https:\/\/jornalfatosenoticias.com.br\/#organization\"},\"potentialAction\":[{\"@type\":\"SearchAction\",\"target\":{\"@type\":\"EntryPoint\",\"urlTemplate\":\"https:\/\/jornalfatosenoticias.com.br\/?s={search_term_string}\"},\"query-input\":{\"@type\":\"PropertyValueSpecification\",\"valueRequired\":true,\"valueName\":\"search_term_string\"}}],\"inLanguage\":\"pt-BR\"},{\"@type\":\"Organization\",\"@id\":\"https:\/\/jornalfatosenoticias.com.br\/#organization\",\"name\":\"Jornal Fatos e Not\u00edcias\",\"url\":\"https:\/\/jornalfatosenoticias.com.br\/\",\"logo\":{\"@type\":\"ImageObject\",\"inLanguage\":\"pt-BR\",\"@id\":\"https:\/\/jornalfatosenoticias.com.br\/#\/schema\/logo\/image\/\",\"url\":\"https:\/\/jornalfatosenoticias.com.br\/wp-content\/uploads\/2020\/02\/logo120.png\",\"contentUrl\":\"https:\/\/jornalfatosenoticias.com.br\/wp-content\/uploads\/2020\/02\/logo120.png\",\"width\":1227,\"height\":120,\"caption\":\"Jornal Fatos e Not\u00edcias\"},\"image\":{\"@id\":\"https:\/\/jornalfatosenoticias.com.br\/#\/schema\/logo\/image\/\"}},{\"@type\":\"Person\",\"@id\":\"https:\/\/jornalfatosenoticias.com.br\/#\/schema\/person\/d63837fa13ac8666eb9e74e0985d6f81\",\"name\":\"Luzimara Fernandes\",\"image\":{\"@type\":\"ImageObject\",\"inLanguage\":\"pt-BR\",\"@id\":\"https:\/\/jornalfatosenoticias.com.br\/#\/schema\/person\/image\/\",\"url\":\"https:\/\/jornalfatosenoticias.com.br\/wp-content\/uploads\/2025\/05\/EU_portal.jpg\",\"contentUrl\":\"https:\/\/jornalfatosenoticias.com.br\/wp-content\/uploads\/2025\/05\/EU_portal.jpg\",\"caption\":\"Luzimara Fernandes\"},\"description\":\"Jornalista MTB 2358-ES\",\"sameAs\":[\"https:\/\/jornalfatosenoticias.com.br\"],\"url\":\"https:\/\/jornalfatosenoticias.com.br\/index.php\/author\/luzimara\/\"}]}<\/script>\n<!-- \/ Yoast SEO plugin. -->","yoast_head_json":{"title":"Carro\u00e7a do s\u00e9culo 20 \u00e9 achada em gelo derretido e intriga arque\u00f3logos - Jornal Fatos e Not\u00edcias","robots":{"index":"index","follow":"follow","max-snippet":"max-snippet:-1","max-image-preview":"max-image-preview:large","max-video-preview":"max-video-preview:-1"},"canonical":"https:\/\/jornalfatosenoticias.com.br\/index.php\/2024\/11\/18\/carroca-do-seculo-20-e-achada-em-gelo-derretido-e-intriga-arqueologos\/","og_locale":"pt_BR","og_type":"article","og_title":"Carro\u00e7a do s\u00e9culo 20 \u00e9 achada em gelo derretido e intriga arque\u00f3logos - Jornal Fatos e Not\u00edcias","og_description":"At\u00e9 ent\u00e3o, v\u00e1rias pessoas nas redes sociais ofereceram seus \u201cvaliosos\u201d insights sobre o que poderia ser essa suposta carro\u00e7a de bambu Por Pablo Nogueira Recentemente, um alpinista se esbarrou com uma carro\u00e7a de bambu do s\u00e9culo 20 que estava no gelo, a mais de dois mil metros, nos Alpes Su\u00ed\u00e7os.Arque\u00f3logos sabem apenas duas coisas: que [&hellip;]","og_url":"https:\/\/jornalfatosenoticias.com.br\/index.php\/2024\/11\/18\/carroca-do-seculo-20-e-achada-em-gelo-derretido-e-intriga-arqueologos\/","og_site_name":"Jornal Fatos e Not\u00edcias","article_published_time":"2024-11-18T12:41:45+00:00","article_modified_time":"2024-11-18T12:41:47+00:00","og_image":[{"width":1000,"height":562,"url":"https:\/\/jornalfatosenoticias.com.br\/wp-content\/uploads\/2024\/11\/carroca-seculo-20.jpg","type":"image\/jpeg"}],"author":"Luzimara Fernandes","twitter_card":"summary_large_image","twitter_misc":{"Escrito por":"Luzimara Fernandes","Est. tempo de leitura":"1 minuto"},"schema":{"@context":"https:\/\/schema.org","@graph":[{"@type":"Article","@id":"https:\/\/jornalfatosenoticias.com.br\/index.php\/2024\/11\/18\/carroca-do-seculo-20-e-achada-em-gelo-derretido-e-intriga-arqueologos\/#article","isPartOf":{"@id":"https:\/\/jornalfatosenoticias.com.br\/index.php\/2024\/11\/18\/carroca-do-seculo-20-e-achada-em-gelo-derretido-e-intriga-arqueologos\/"},"author":{"name":"Luzimara Fernandes","@id":"https:\/\/jornalfatosenoticias.com.br\/#\/schema\/person\/d63837fa13ac8666eb9e74e0985d6f81"},"headline":"Carro\u00e7a do s\u00e9culo 20 \u00e9 achada em gelo derretido e intriga arque\u00f3logos","datePublished":"2024-11-18T12:41:45+00:00","dateModified":"2024-11-18T12:41:47+00:00","mainEntityOfPage":{"@id":"https:\/\/jornalfatosenoticias.com.br\/index.php\/2024\/11\/18\/carroca-do-seculo-20-e-achada-em-gelo-derretido-e-intriga-arqueologos\/"},"wordCount":312,"commentCount":0,"publisher":{"@id":"https:\/\/jornalfatosenoticias.com.br\/#organization"},"image":{"@id":"https:\/\/jornalfatosenoticias.com.br\/index.php\/2024\/11\/18\/carroca-do-seculo-20-e-achada-em-gelo-derretido-e-intriga-arqueologos\/#primaryimage"},"thumbnailUrl":"https:\/\/jornalfatosenoticias.com.br\/wp-content\/uploads\/2024\/11\/carroca-seculo-20.jpg","keywords":["Alpes","aquecimento global","arque\u00f3logos","carro\u00e7a de bambu","derretimento","mudan\u00e7as clim\u00e1ticas","s\u00e9culo 20"],"articleSection":["Paleo &amp; Arqueologia"],"inLanguage":"pt-BR","potentialAction":[{"@type":"CommentAction","name":"Comment","target":["https:\/\/jornalfatosenoticias.com.br\/index.php\/2024\/11\/18\/carroca-do-seculo-20-e-achada-em-gelo-derretido-e-intriga-arqueologos\/#respond"]}]},{"@type":"WebPage","@id":"https:\/\/jornalfatosenoticias.com.br\/index.php\/2024\/11\/18\/carroca-do-seculo-20-e-achada-em-gelo-derretido-e-intriga-arqueologos\/","url":"https:\/\/jornalfatosenoticias.com.br\/index.php\/2024\/11\/18\/carroca-do-seculo-20-e-achada-em-gelo-derretido-e-intriga-arqueologos\/","name":"Carro\u00e7a do s\u00e9culo 20 \u00e9 achada em gelo derretido e intriga arque\u00f3logos - Jornal Fatos e Not\u00edcias","isPartOf":{"@id":"https:\/\/jornalfatosenoticias.com.br\/#website"},"primaryImageOfPage":{"@id":"https:\/\/jornalfatosenoticias.com.br\/index.php\/2024\/11\/18\/carroca-do-seculo-20-e-achada-em-gelo-derretido-e-intriga-arqueologos\/#primaryimage"},"image":{"@id":"https:\/\/jornalfatosenoticias.com.br\/index.php\/2024\/11\/18\/carroca-do-seculo-20-e-achada-em-gelo-derretido-e-intriga-arqueologos\/#primaryimage"},"thumbnailUrl":"https:\/\/jornalfatosenoticias.com.br\/wp-content\/uploads\/2024\/11\/carroca-seculo-20.jpg","datePublished":"2024-11-18T12:41:45+00:00","dateModified":"2024-11-18T12:41:47+00:00","breadcrumb":{"@id":"https:\/\/jornalfatosenoticias.com.br\/index.php\/2024\/11\/18\/carroca-do-seculo-20-e-achada-em-gelo-derretido-e-intriga-arqueologos\/#breadcrumb"},"inLanguage":"pt-BR","potentialAction":[{"@type":"ReadAction","target":["https:\/\/jornalfatosenoticias.com.br\/index.php\/2024\/11\/18\/carroca-do-seculo-20-e-achada-em-gelo-derretido-e-intriga-arqueologos\/"]}]},{"@type":"ImageObject","inLanguage":"pt-BR","@id":"https:\/\/jornalfatosenoticias.com.br\/index.php\/2024\/11\/18\/carroca-do-seculo-20-e-achada-em-gelo-derretido-e-intriga-arqueologos\/#primaryimage","url":"https:\/\/jornalfatosenoticias.com.br\/wp-content\/uploads\/2024\/11\/carroca-seculo-20.jpg","contentUrl":"https:\/\/jornalfatosenoticias.com.br\/wp-content\/uploads\/2024\/11\/carroca-seculo-20.jpg","width":1000,"height":562},{"@type":"BreadcrumbList","@id":"https:\/\/jornalfatosenoticias.com.br\/index.php\/2024\/11\/18\/carroca-do-seculo-20-e-achada-em-gelo-derretido-e-intriga-arqueologos\/#breadcrumb","itemListElement":[{"@type":"ListItem","position":1,"name":"In\u00edcio","item":"https:\/\/jornalfatosenoticias.com.br\/"},{"@type":"ListItem","position":2,"name":"Carro\u00e7a do s\u00e9culo 20 \u00e9 achada em gelo derretido e intriga arque\u00f3logos"}]},{"@type":"WebSite","@id":"https:\/\/jornalfatosenoticias.com.br\/#website","url":"https:\/\/jornalfatosenoticias.com.br\/","name":"Jornal Fatos e Not\u00edcias","description":"Not\u00edcias em geral","publisher":{"@id":"https:\/\/jornalfatosenoticias.com.br\/#organization"},"potentialAction":[{"@type":"SearchAction","target":{"@type":"EntryPoint","urlTemplate":"https:\/\/jornalfatosenoticias.com.br\/?s={search_term_string}"},"query-input":{"@type":"PropertyValueSpecification","valueRequired":true,"valueName":"search_term_string"}}],"inLanguage":"pt-BR"},{"@type":"Organization","@id":"https:\/\/jornalfatosenoticias.com.br\/#organization","name":"Jornal Fatos e Not\u00edcias","url":"https:\/\/jornalfatosenoticias.com.br\/","logo":{"@type":"ImageObject","inLanguage":"pt-BR","@id":"https:\/\/jornalfatosenoticias.com.br\/#\/schema\/logo\/image\/","url":"https:\/\/jornalfatosenoticias.com.br\/wp-content\/uploads\/2020\/02\/logo120.png","contentUrl":"https:\/\/jornalfatosenoticias.com.br\/wp-content\/uploads\/2020\/02\/logo120.png","width":1227,"height":120,"caption":"Jornal Fatos e Not\u00edcias"},"image":{"@id":"https:\/\/jornalfatosenoticias.com.br\/#\/schema\/logo\/image\/"}},{"@type":"Person","@id":"https:\/\/jornalfatosenoticias.com.br\/#\/schema\/person\/d63837fa13ac8666eb9e74e0985d6f81","name":"Luzimara Fernandes","image":{"@type":"ImageObject","inLanguage":"pt-BR","@id":"https:\/\/jornalfatosenoticias.com.br\/#\/schema\/person\/image\/","url":"https:\/\/jornalfatosenoticias.com.br\/wp-content\/uploads\/2025\/05\/EU_portal.jpg","contentUrl":"https:\/\/jornalfatosenoticias.com.br\/wp-content\/uploads\/2025\/05\/EU_portal.jpg","caption":"Luzimara Fernandes"},"description":"Jornalista MTB 2358-ES","sameAs":["https:\/\/jornalfatosenoticias.com.br"],"url":"https:\/\/jornalfatosenoticias.com.br\/index.php\/author\/luzimara\/"}]}},"cc_featured_image_caption":{"caption_text":"(Foto: Facebook\/Reprodu\u00e7\u00e3o) ","source_text":"","source_url":""},"jetpack_featured_media_url":"https:\/\/jornalfatosenoticias.com.br\/wp-content\/uploads\/2024\/11\/carroca-seculo-20.jpg","_links":{"self":[{"href":"https:\/\/jornalfatosenoticias.com.br\/index.php\/wp-json\/wp\/v2\/posts\/55753","targetHints":{"allow":["GET"]}}],"collection":[{"href":"https:\/\/jornalfatosenoticias.com.br\/index.php\/wp-json\/wp\/v2\/posts"}],"about":[{"href":"https:\/\/jornalfatosenoticias.com.br\/index.php\/wp-json\/wp\/v2\/types\/post"}],"author":[{"embeddable":true,"href":"https:\/\/jornalfatosenoticias.com.br\/index.php\/wp-json\/wp\/v2\/users\/2"}],"replies":[{"embeddable":true,"href":"https:\/\/jornalfatosenoticias.com.br\/index.php\/wp-json\/wp\/v2\/comments?post=55753"}],"version-history":[{"count":0,"href":"https:\/\/jornalfatosenoticias.com.br\/index.php\/wp-json\/wp\/v2\/posts\/55753\/revisions"}],"wp:featuredmedia":[{"embeddable":true,"href":"https:\/\/jornalfatosenoticias.com.br\/index.php\/wp-json\/wp\/v2\/media\/55754"}],"wp:attachment":[{"href":"https:\/\/jornalfatosenoticias.com.br\/index.php\/wp-json\/wp\/v2\/media?parent=55753"}],"wp:term":[{"taxonomy":"category","embeddable":true,"href":"https:\/\/jornalfatosenoticias.com.br\/index.php\/wp-json\/wp\/v2\/categories?post=55753"},{"taxonomy":"post_tag","embeddable":true,"href":"https:\/\/jornalfatosenoticias.com.br\/index.php\/wp-json\/wp\/v2\/tags?post=55753"}],"curies":[{"name":"wp","href":"https:\/\/api.w.org\/{rel}","templated":true}]}}