{"id":55756,"date":"2024-11-18T10:12:45","date_gmt":"2024-11-18T13:12:45","guid":{"rendered":"https:\/\/jornalfatosenoticias.com.br\/?p=55756"},"modified":"2024-11-18T10:12:46","modified_gmt":"2024-11-18T13:12:46","slug":"g20-promete-confronto-de-visoes-que-testara-pragmatismo-entre-brasil-e-argentina","status":"publish","type":"post","link":"https:\/\/jornalfatosenoticias.com.br\/index.php\/2024\/11\/18\/g20-promete-confronto-de-visoes-que-testara-pragmatismo-entre-brasil-e-argentina\/","title":{"rendered":"G20 promete confronto de vis\u00f5es que testar\u00e1 pragmatismo entre Brasil e Argentina"},"content":{"rendered":"\n<p><em><span class=\"has-inline-color has-black-color\">Javier Milei, presidente da Argentina, \u00e9 um forte cr\u00edtico do Kirchnerismo<\/span><\/em><\/p>\n\n\n\n<p><span class=\"has-inline-color has-black-color\">Por <strong><a href=\"https:\/\/www.gazetadopovo.com.br\/autor\/carinne-souza\/\" rel=\"nofollow\">Carinne Souza<\/a><\/strong><\/span><\/p>\n\n\n\n<div class=\"wp-block-image\"><figure class=\"aligncenter size-large\"><a href=\"https:\/\/mizu.com.br\/\"><img loading=\"lazy\" decoding=\"async\" width=\"729\" height=\"90\" src=\"https:\/\/jornalfatosenoticias.com.br\/wp-content\/uploads\/2020\/02\/Logo_Mizu.png\" alt=\"\" class=\"wp-image-1441\" srcset=\"https:\/\/jornalfatosenoticias.com.br\/wp-content\/uploads\/2020\/02\/Logo_Mizu.png 729w, https:\/\/jornalfatosenoticias.com.br\/wp-content\/uploads\/2020\/02\/Logo_Mizu-300x37.png 300w\" sizes=\"auto, (max-width: 729px) 100vw, 729px\" \/><\/a><\/figure><\/div>\n\n\n\n<p>A C\u00fapula de L\u00edderes do G20, sediada pelo Brasil nesta semana, colocar\u00e1 frente a frente Luiz In\u00e1cio Lula da Silva (PT) e o presidente da Argentina, Javier Milei, desafeto do petista. O encontro promete evidenciar as diferen\u00e7as entre os dois l\u00edderes e testar o pragmatismo de Lula diante da resist\u00eancia de Milei \u00e0 agenda brasileira na presid\u00eancia do G20.<br>\u00c0 frente do bloco, o governo Lula prop\u00f4s uma agenda baseada em tr\u00eas pilares: inclus\u00e3o social com combate \u00e0 fome e pobreza; transi\u00e7\u00e3o energ\u00e9tica e desenvolvimento sustent\u00e1vel; e reforma da governan\u00e7a global. Milei j\u00e1 mostrou n\u00e3o ter interesse em apoiar essas pautas.<\/p>\n\n\n\n<div class=\"wp-block-image\"><figure class=\"aligncenter size-large\"><a href=\"https:\/\/cesconetto.com.br\/\"><img loading=\"lazy\" decoding=\"async\" width=\"300\" height=\"250\" src=\"https:\/\/jornalfatosenoticias.com.br\/wp-content\/uploads\/2020\/02\/Banner-2.png\" alt=\"\" class=\"wp-image-43787\"\/><\/a><\/figure><\/div>\n\n\n\n<p>Na semana passada, durante encontro de Parlamentares do bloco em Bras\u00edlia, a Argentina foi o \u00fanico pa\u00eds a n\u00e3o assinar a carta de recomenda\u00e7\u00f5es que os congressistas produziram. A justificativa foi a agenda de Milei \u00e0 frente da Casa Rosada, que antagoniza com as pautas globalistas abra\u00e7adas pelo governo Lula na presid\u00eancia do G20.<\/p>\n\n\n\n<div class=\"wp-block-image\"><figure class=\"aligncenter size-large is-resized\"><a href=\"https:\/\/www.instagram.com\/esteiochurrascaria\/\"><img loading=\"lazy\" decoding=\"async\" src=\"https:\/\/jornalfatosenoticias.com.br\/wp-content\/uploads\/2022\/02\/LOGO-ESTEIO-1024x730.png\" alt=\"\" class=\"wp-image-27942\" width=\"313\" height=\"223\" srcset=\"https:\/\/jornalfatosenoticias.com.br\/wp-content\/uploads\/2022\/02\/LOGO-ESTEIO-1024x730.png 1024w, https:\/\/jornalfatosenoticias.com.br\/wp-content\/uploads\/2022\/02\/LOGO-ESTEIO-300x214.png 300w, https:\/\/jornalfatosenoticias.com.br\/wp-content\/uploads\/2022\/02\/LOGO-ESTEIO-768x548.png 768w, https:\/\/jornalfatosenoticias.com.br\/wp-content\/uploads\/2022\/02\/LOGO-ESTEIO.png 1123w\" sizes=\"auto, (max-width: 313px) 100vw, 313px\" \/><\/a><\/figure><\/div>\n\n\n\n<blockquote class=\"wp-block-quote is-layout-flow wp-block-quote-is-layout-flow\"><p><span class=\"has-inline-color has-luminous-vivid-orange-color\">A melhor forma de reduzir a desigualdade econ\u00f4mica e a pobreza \u00e9 promovendo o desenvolvimento econ\u00f4mico baseado no mercado livre, e n\u00e3o atrav\u00e9s da implementa\u00e7\u00e3o de pol\u00edticas coletivistas que, embora bem intencionadas, t\u00eam historicamente dado resultados contr\u00e1rios aos esperados&#8221;, explicou Jorge Santiago Pauli, deputado argentino que representou o pa\u00eds no P20.<\/span><\/p><\/blockquote>\n\n\n\n<div class=\"wp-block-image\"><figure class=\"aligncenter size-large is-resized\"><a href=\"https:\/\/www.legisjuris.com.br\/\"><img loading=\"lazy\" decoding=\"async\" src=\"https:\/\/jornalfatosenoticias.com.br\/wp-content\/uploads\/2024\/09\/Legis-Juris-Consultoria_logo.jpg\" alt=\"\" class=\"wp-image-53915\" width=\"408\" height=\"171\" srcset=\"https:\/\/jornalfatosenoticias.com.br\/wp-content\/uploads\/2024\/09\/Legis-Juris-Consultoria_logo.jpg 969w, https:\/\/jornalfatosenoticias.com.br\/wp-content\/uploads\/2024\/09\/Legis-Juris-Consultoria_logo-300x126.jpg 300w, https:\/\/jornalfatosenoticias.com.br\/wp-content\/uploads\/2024\/09\/Legis-Juris-Consultoria_logo-768x322.jpg 768w\" sizes=\"auto, (max-width: 408px) 100vw, 408px\" \/><\/a><\/figure><\/div>\n\n\n\n<p>A tend\u00eancia \u00e9 que o desalinhamento ocorra tamb\u00e9m na declara\u00e7\u00e3o final da C\u00fapula do G20, ainda em elabora\u00e7\u00e3o. Na avalia\u00e7\u00e3o do professor de Rela\u00e7\u00f5es Internacionais da Universidade de S\u00e3o Paulo (USP) Pedro Feli\u00fa, a postura que o argentino deve adotar no G20 deve ser a de se opor a acordos globalistas e focados em solu\u00e7\u00f5es ambientais.<\/p>\n\n\n\n<div class=\"wp-block-image\"><figure class=\"aligncenter size-large is-resized\"><a href=\"https:\/\/www.facebook.com\/postobkr\/?locale=pt_BR\"><img loading=\"lazy\" decoding=\"async\" src=\"https:\/\/jornalfatosenoticias.com.br\/wp-content\/uploads\/2023\/08\/BKR-1024x1021.jpg\" alt=\"\" class=\"wp-image-44494\" width=\"297\" height=\"296\" srcset=\"https:\/\/jornalfatosenoticias.com.br\/wp-content\/uploads\/2023\/08\/BKR-1024x1021.jpg 1024w, https:\/\/jornalfatosenoticias.com.br\/wp-content\/uploads\/2023\/08\/BKR-300x300.jpg 300w, https:\/\/jornalfatosenoticias.com.br\/wp-content\/uploads\/2023\/08\/BKR-150x150.jpg 150w, https:\/\/jornalfatosenoticias.com.br\/wp-content\/uploads\/2023\/08\/BKR-768x766.jpg 768w, https:\/\/jornalfatosenoticias.com.br\/wp-content\/uploads\/2023\/08\/BKR.jpg 1080w\" sizes=\"auto, (max-width: 297px) 100vw, 297px\" \/><\/a><\/figure><\/div>\n\n\n\n<blockquote class=\"wp-block-quote is-layout-flow wp-block-quote-is-layout-flow\"><p><span class=\"has-inline-color has-luminous-vivid-orange-color\">A Argentina n\u00e3o vai se somar a iniciativas brasileiras [propostas no G20] e a elei\u00e7\u00e3o de Donald Trump nos Estados Unidos vai dar um enorme combust\u00edvel para essas posi\u00e7\u00f5es antiglobalistas do presidente Milei, j\u00e1 observadas anteriormente&#8221;, avalia.<\/span><\/p><\/blockquote>\n\n\n\n<div class=\"wp-block-image\"><figure class=\"aligncenter size-large is-resized\"><a href=\"https:\/\/www.instagram.com\/restaurantepegoretti\/\"><img loading=\"lazy\" decoding=\"async\" src=\"https:\/\/jornalfatosenoticias.com.br\/wp-content\/uploads\/2023\/12\/pegoretti-logo-pdf-1024x389.jpg\" alt=\"\" class=\"wp-image-47536\" width=\"403\" height=\"153\" srcset=\"https:\/\/jornalfatosenoticias.com.br\/wp-content\/uploads\/2023\/12\/pegoretti-logo-pdf-1024x389.jpg 1024w, https:\/\/jornalfatosenoticias.com.br\/wp-content\/uploads\/2023\/12\/pegoretti-logo-pdf-300x114.jpg 300w, https:\/\/jornalfatosenoticias.com.br\/wp-content\/uploads\/2023\/12\/pegoretti-logo-pdf-768x291.jpg 768w, https:\/\/jornalfatosenoticias.com.br\/wp-content\/uploads\/2023\/12\/pegoretti-logo-pdf.jpg 1120w\" sizes=\"auto, (max-width: 403px) 100vw, 403px\" \/><\/a><\/figure><\/div>\n\n\n\n<p>A pol\u00edtica externa de Javier Milei deve se assimilar \u00e0 que Trump deve adotar a partir de janeiro do ano que vem. &#8220;A pol\u00edtica externa [de Trump] antes de assumir j\u00e1 anuncia alguns elementos importantes como a sa\u00edda dos EUA do Acordo de Paris \u2014 uma pauta que \u00e9 importante para o Brasil, que tenta capturar recursos internacionais para proteger florestas e evitar emiss\u00e3o de carbono, entre outros elementos&#8221;, pontua Feli\u00fa ao explicar que decis\u00f5es de Trump podem dar o tom a posicionamentos adotados por Milei.<\/p>\n\n\n\n<div class=\"wp-block-image\"><figure class=\"aligncenter size-large is-resized\"><a href=\"https:\/\/www.controlsystems.com.br\/\"><img loading=\"lazy\" decoding=\"async\" src=\"https:\/\/jornalfatosenoticias.com.br\/wp-content\/uploads\/2020\/02\/CONTROL-CS.jpg\" alt=\"\" class=\"wp-image-44991\" width=\"266\" height=\"318\" srcset=\"https:\/\/jornalfatosenoticias.com.br\/wp-content\/uploads\/2020\/02\/CONTROL-CS.jpg 834w, https:\/\/jornalfatosenoticias.com.br\/wp-content\/uploads\/2020\/02\/CONTROL-CS-250x300.jpg 250w, https:\/\/jornalfatosenoticias.com.br\/wp-content\/uploads\/2020\/02\/CONTROL-CS-768x921.jpg 768w\" sizes=\"auto, (max-width: 266px) 100vw, 266px\" \/><\/a><\/figure><\/div>\n\n\n\n<p><strong><span class=\"has-inline-color has-black-color\">Argentina j\u00e1 se op\u00f4s a resolu\u00e7\u00f5es em outras agendas do G20<br><\/span><\/strong>A proje\u00e7\u00e3o feita por analistas de que a Argentina pode se opor a propostas apresentadas pelo governo brasileiro durante o G20 reflete posturas que o pa\u00eds j\u00e1 adotou em outras agendas do bloco realizadas pelo Brasil. A primeira demonstra\u00e7\u00e3o foi em outubro, quando o Brasil presidiu o Grupo de Trabalho (GT) do Empoderamento Feminino do G20.<\/p>\n\n\n\n<div class=\"wp-block-image\"><figure class=\"aligncenter size-large is-resized\"><a href=\"https:\/\/hotelmarquetti.com.br\/\"><img loading=\"lazy\" decoding=\"async\" src=\"https:\/\/jornalfatosenoticias.com.br\/wp-content\/uploads\/2023\/03\/nova-logo-Marquetti.jpg\" alt=\"\" class=\"wp-image-40207\" width=\"313\" height=\"210\" srcset=\"https:\/\/jornalfatosenoticias.com.br\/wp-content\/uploads\/2023\/03\/nova-logo-Marquetti.jpg 643w, https:\/\/jornalfatosenoticias.com.br\/wp-content\/uploads\/2023\/03\/nova-logo-Marquetti-300x202.jpg 300w\" sizes=\"auto, (max-width: 313px) 100vw, 313px\" \/><\/a><\/figure><\/div>\n\n\n\n<p>O encontro do P20 Mulheres aconteceu em Macei\u00f3 e reuniu mais de 30 delega\u00e7\u00f5es de pa\u00edses para discutir a desigualdade de g\u00eanero e a inclus\u00e3o de mulheres em cargos representativos. Em uma declara\u00e7\u00e3o final, congressistas pretendiam reconhecer que meninas e mulheres enfrentam desigualdades espec\u00edficas em decorr\u00eancia do g\u00eanero em todo o mundo. A Argentina, por\u00e9m, n\u00e3o concordou em assinar o texto.<\/p>\n\n\n\n<div class=\"wp-block-image\"><figure class=\"aligncenter size-large is-resized\"><a href=\"https:\/\/panper.com.br\/\"><img loading=\"lazy\" decoding=\"async\" src=\"https:\/\/jornalfatosenoticias.com.br\/wp-content\/uploads\/2023\/03\/logo-Panper_portal.jpg\" alt=\"\" class=\"wp-image-40208\" width=\"328\" height=\"227\" srcset=\"https:\/\/jornalfatosenoticias.com.br\/wp-content\/uploads\/2023\/03\/logo-Panper_portal.jpg 400w, https:\/\/jornalfatosenoticias.com.br\/wp-content\/uploads\/2023\/03\/logo-Panper_portal-300x208.jpg 300w\" sizes=\"auto, (max-width: 328px) 100vw, 328px\" \/><\/a><\/figure><\/div>\n\n\n\n<p>A reuni\u00e3o terminou sem um consenso dos pa\u00edses do G20. A informa\u00e7\u00e3o que correu nos bastidores da negocia\u00e7\u00e3o \u00e9 que o veto teria vindo do pr\u00f3prio Javier Milei, ap\u00f3s seus representantes escalarem at\u00e9 ele a negocia\u00e7\u00e3o do apoio argentino \u00e0 declara\u00e7\u00e3o. Pouco mais de um m\u00eas ap\u00f3s o ocorrido, a Argentina repetiu sua oposi\u00e7\u00e3o a documentos em torno do bloco. Desta vez, membros do P20 se reuniram em Bras\u00edlia e tentaram chegar uma declara\u00e7\u00e3o final.<\/p>\n\n\n\n<div class=\"wp-block-image\"><figure class=\"aligncenter size-large is-resized\"><a href=\"https:\/\/www.instagram.com\/ligadossaborespizzaria\/\"><img loading=\"lazy\" decoding=\"async\" src=\"https:\/\/jornalfatosenoticias.com.br\/wp-content\/uploads\/2020\/02\/WhatsApp-Image-2024-10-02-at-08.18.14-819x1024.jpeg\" alt=\"\" class=\"wp-image-54612\" width=\"268\" height=\"335\" srcset=\"https:\/\/jornalfatosenoticias.com.br\/wp-content\/uploads\/2020\/02\/WhatsApp-Image-2024-10-02-at-08.18.14-819x1024.jpeg 819w, https:\/\/jornalfatosenoticias.com.br\/wp-content\/uploads\/2020\/02\/WhatsApp-Image-2024-10-02-at-08.18.14-240x300.jpeg 240w, https:\/\/jornalfatosenoticias.com.br\/wp-content\/uploads\/2020\/02\/WhatsApp-Image-2024-10-02-at-08.18.14-768x960.jpeg 768w, https:\/\/jornalfatosenoticias.com.br\/wp-content\/uploads\/2020\/02\/WhatsApp-Image-2024-10-02-at-08.18.14.jpeg 1024w\" sizes=\"auto, (max-width: 268px) 100vw, 268px\" \/><\/a><\/figure><\/div>\n\n\n\n<p>O documento continha uma s\u00e9rie de recomenda\u00e7\u00f5es que deveriam ser entregues aos presidentes do bloco na pr\u00f3xima semana, no Rio de Janeiro, e possu\u00eda uma s\u00e9rie de recomenda\u00e7\u00f5es abordando medidas para alcan\u00e7ar os objetivos propostos pela presid\u00eancia brasileira \u00e0 frente do bloco, como o desenvolvimento sustent\u00e1vel e coopera\u00e7\u00e3o econ\u00f4mica mundial. A Argentina, contudo, se op\u00f4s \u00e0 assinatura do documento. O deputado Santiago Pauli, da base governista de Javier Milei, criticou o teor &#8220;globalista&#8221; do documento.<\/p>\n\n\n\n<div class=\"wp-block-image\"><figure class=\"aligncenter size-large is-resized\"><a href=\"https:\/\/www.instagram.com\/vmais.midias\/\"><img loading=\"lazy\" decoding=\"async\" src=\"https:\/\/jornalfatosenoticias.com.br\/wp-content\/uploads\/2020\/02\/DE-MAIS-DESTAQUE-VMAIS-800X700.png\" alt=\"\" class=\"wp-image-53112\" width=\"297\" height=\"259\" srcset=\"https:\/\/jornalfatosenoticias.com.br\/wp-content\/uploads\/2020\/02\/DE-MAIS-DESTAQUE-VMAIS-800X700.png 800w, https:\/\/jornalfatosenoticias.com.br\/wp-content\/uploads\/2020\/02\/DE-MAIS-DESTAQUE-VMAIS-800X700-300x263.png 300w, https:\/\/jornalfatosenoticias.com.br\/wp-content\/uploads\/2020\/02\/DE-MAIS-DESTAQUE-VMAIS-800X700-768x672.png 768w\" sizes=\"auto, (max-width: 297px) 100vw, 297px\" \/><\/a><\/figure><\/div>\n\n\n\n<blockquote class=\"wp-block-quote is-layout-flow wp-block-quote-is-layout-flow\"><p><span class=\"has-inline-color has-luminous-vivid-orange-color\">A melhor forma de remediar a falta de participa\u00e7\u00e3o de certos grupos na pol\u00edtica \u00e9 incentiv\u00e1-la com base no m\u00e9rito individual. \u00c9 por isso que, como membros do G20 e da comunidade internacional, convidamos outros pa\u00edses a repensar juntos uma agenda internacional baseada na liberdade&#8221;, disse o parlamentar.<\/span><\/p><\/blockquote>\n\n\n\n<div class=\"wp-block-image\"><figure class=\"aligncenter size-large is-resized\"><a href=\"https:\/\/www.facebook.com\/vetor.vix\/\"><img loading=\"lazy\" decoding=\"async\" src=\"https:\/\/jornalfatosenoticias.com.br\/wp-content\/uploads\/2023\/09\/vetorvix1024_1.jpg\" alt=\"\" class=\"wp-image-44868\" width=\"539\" height=\"143\" srcset=\"https:\/\/jornalfatosenoticias.com.br\/wp-content\/uploads\/2023\/09\/vetorvix1024_1.jpg 1024w, https:\/\/jornalfatosenoticias.com.br\/wp-content\/uploads\/2023\/09\/vetorvix1024_1-300x80.jpg 300w, https:\/\/jornalfatosenoticias.com.br\/wp-content\/uploads\/2023\/09\/vetorvix1024_1-768x205.jpg 768w\" sizes=\"auto, (max-width: 539px) 100vw, 539px\" \/><\/a><\/figure><\/div>\n\n\n\n<p>Javier Milei se identifica como um libert\u00e1rio e defende a interven\u00e7\u00e3o m\u00ednima do estado em temas sociais e econ\u00f4micos, posicionamento oposto ao de Lula, que tem sua agenda pol\u00edtica centrada em programas de distribui\u00e7\u00e3o de renda. Essa diferen\u00e7a entre os dois l\u00edderes \u00e9 o que os impede de uma aproxima\u00e7\u00e3o e de um bom relacionamento. Situa\u00e7\u00e3o que, conforme apontado por analistas, afasta o brasileiro do desejado posto de l\u00edder regional.<\/p>\n\n\n\n<div class=\"wp-block-image\"><figure class=\"aligncenter size-large\"><a href=\"http:\/\/www.ferrarimaquinas.com.br\/\"><img loading=\"lazy\" decoding=\"async\" width=\"300\" height=\"250\" src=\"https:\/\/jornalfatosenoticias.com.br\/wp-content\/uploads\/2022\/02\/FERRARI_MAQUINAS-E-FERRAMENTAS2.jpg\" alt=\"\" class=\"wp-image-27860\"\/><\/a><\/figure><\/div>\n\n\n\n<blockquote class=\"wp-block-quote is-layout-flow wp-block-quote-is-layout-flow\"><p><span class=\"has-inline-color has-luminous-vivid-orange-color\">Nesse cen\u00e1rio o Brasil vai ter baixa capacidade de influenciar e liderar, por meio da integra\u00e7\u00e3o e do consenso regional, processos globais de maior envergadura, seja na Am\u00e9rica do Sul ou at\u00e9 mesmo na Am\u00e9rica Latina. Portanto [a possibilidade de] usar a Am\u00e9rica do Sul como um trampolim para ascens\u00e3o global do Brasil, com o Milei, fica bem menos fact\u00edvel&#8221;, avalia Feli\u00fa.<\/span><\/p><\/blockquote>\n\n\n\n<div class=\"wp-block-image\"><figure class=\"aligncenter size-large is-resized\"><a href=\"https:\/\/www.instagram.com\/serra4x4cambioautomatico\/\"><img loading=\"lazy\" decoding=\"async\" src=\"https:\/\/jornalfatosenoticias.com.br\/wp-content\/uploads\/2024\/08\/Serra-4x4-1-886x1024.jpg\" alt=\"\" class=\"wp-image-53632\" width=\"292\" height=\"337\" srcset=\"https:\/\/jornalfatosenoticias.com.br\/wp-content\/uploads\/2024\/08\/Serra-4x4-1-886x1024.jpg 886w, https:\/\/jornalfatosenoticias.com.br\/wp-content\/uploads\/2024\/08\/Serra-4x4-1-260x300.jpg 260w, https:\/\/jornalfatosenoticias.com.br\/wp-content\/uploads\/2024\/08\/Serra-4x4-1-768x888.jpg 768w, https:\/\/jornalfatosenoticias.com.br\/wp-content\/uploads\/2024\/08\/Serra-4x4-1.jpg 1181w\" sizes=\"auto, (max-width: 292px) 100vw, 292px\" \/><\/a><\/figure><\/div>\n\n\n\n<p><strong><span class=\"has-inline-color has-black-color\">Lula e Milei t\u00eam apostado em pragmatismo para manter rela\u00e7\u00e3o bilateral<br><\/span><\/strong>Lula e Milei s\u00e3o antag\u00f4nicos no espectro pol\u00edtico e protagonizaram troca de farpas durante a campanha eleitoral do libert\u00e1rio para a presid\u00eancia argentina. Ainda que o tom tenha baixado nos \u00faltimos meses e o ru\u00eddo entre os l\u00edderes diminu\u00eddo, nunca houve uma aproxima\u00e7\u00e3o entre os dois presidentes. A ado\u00e7\u00e3o de uma rela\u00e7\u00e3o pragm\u00e1tica, de acordo com analistas, ocorreu em prol da rela\u00e7\u00e3o Brasil e Argentina, que formam a principal parceria comercial na Am\u00e9rica do Sul.<br>Nem mesmo durante o G20, os analistas avaliam que possa haver uma aproxima\u00e7\u00e3o entre os dois presidentes. <\/p>\n\n\n\n<div class=\"wp-block-image\"><figure class=\"aligncenter size-large is-resized\"><a href=\"https:\/\/www.ithbrasil.com.br\/\"><img loading=\"lazy\" decoding=\"async\" src=\"https:\/\/jornalfatosenoticias.com.br\/wp-content\/uploads\/2023\/08\/ITH.jpeg\" alt=\"\" class=\"wp-image-44638\" width=\"300\" height=\"244\" srcset=\"https:\/\/jornalfatosenoticias.com.br\/wp-content\/uploads\/2023\/08\/ITH.jpeg 800w, https:\/\/jornalfatosenoticias.com.br\/wp-content\/uploads\/2023\/08\/ITH-300x244.jpeg 300w, https:\/\/jornalfatosenoticias.com.br\/wp-content\/uploads\/2023\/08\/ITH-768x624.jpeg 768w\" sizes=\"auto, (max-width: 300px) 100vw, 300px\" \/><\/a><\/figure><\/div>\n\n\n\n<blockquote class=\"wp-block-quote is-layout-flow wp-block-quote-is-layout-flow\"><p><span class=\"has-inline-color has-luminous-vivid-orange-color\">A gente n\u00e3o deve ver nada muito amistoso, nem muito quente entre as duas partes&#8221;, pontua Vito Villar, consultor de pol\u00edtica internacional da BMJ Consultores Associados. Sem uma reuni\u00e3o bilateral prevista at\u00e9 o momento, a expectativa \u00e9 que durante as agendas da pr\u00f3xima semana os dois tenham apenas &#8220;conversa de corredor&#8221;.<\/span><\/p><\/blockquote>\n\n\n\n<div class=\"wp-block-image\"><figure class=\"aligncenter size-large is-resized\"><a href=\"https:\/\/www.instagram.com\/ligadossaborespizzaria\/\"><img loading=\"lazy\" decoding=\"async\" src=\"https:\/\/jornalfatosenoticias.com.br\/wp-content\/uploads\/2024\/09\/WhatsApp-Image-2024-09-14-at-22.46.10-819x1024.jpeg\" alt=\"\" class=\"wp-image-54180\" width=\"281\" height=\"351\" srcset=\"https:\/\/jornalfatosenoticias.com.br\/wp-content\/uploads\/2024\/09\/WhatsApp-Image-2024-09-14-at-22.46.10-819x1024.jpeg 819w, https:\/\/jornalfatosenoticias.com.br\/wp-content\/uploads\/2024\/09\/WhatsApp-Image-2024-09-14-at-22.46.10-240x300.jpeg 240w, https:\/\/jornalfatosenoticias.com.br\/wp-content\/uploads\/2024\/09\/WhatsApp-Image-2024-09-14-at-22.46.10-768x960.jpeg 768w, https:\/\/jornalfatosenoticias.com.br\/wp-content\/uploads\/2024\/09\/WhatsApp-Image-2024-09-14-at-22.46.10.jpeg 1024w\" sizes=\"auto, (max-width: 281px) 100vw, 281px\" \/><\/a><\/figure><\/div>\n\n\n\n<p>Desde que assumiu a Casa Rosada, Lula e Milei ainda n\u00e3o tiveram agendas bilaterais, situa\u00e7\u00e3o incomum entre presidentes do Brasil e Argentina. O l\u00edder argentino veio ao Brasil em julho e descartou um encontro com Lula e participou de um encontro com lideran\u00e7as regionais de direita que ocorreu em Balne\u00e1rio Cambori\u00fa, em Santa Catarina. Durante a visita, se reuniu com o ex-presidente Jair Bolsonaro (PL).<\/p>\n\n\n\n<div class=\"wp-block-image\"><figure class=\"aligncenter size-large is-resized\"><a href=\"https:\/\/www.legisjuris.com.br\/\"><img loading=\"lazy\" decoding=\"async\" src=\"https:\/\/jornalfatosenoticias.com.br\/wp-content\/uploads\/2024\/09\/Legis-Juris-Consultoria_logo.jpg\" alt=\"\" class=\"wp-image-53915\" width=\"411\" height=\"172\" srcset=\"https:\/\/jornalfatosenoticias.com.br\/wp-content\/uploads\/2024\/09\/Legis-Juris-Consultoria_logo.jpg 969w, https:\/\/jornalfatosenoticias.com.br\/wp-content\/uploads\/2024\/09\/Legis-Juris-Consultoria_logo-300x126.jpg 300w, https:\/\/jornalfatosenoticias.com.br\/wp-content\/uploads\/2024\/09\/Legis-Juris-Consultoria_logo-768x322.jpg 768w\" sizes=\"auto, (max-width: 411px) 100vw, 411px\" \/><\/a><\/figure><\/div>\n\n\n\n<p>Ainda ao longo deste ano, os dois presidentes tiveram poucas agendas em comum. Apesar de convidado pelo governo brasileiro para integrar as discuss\u00f5es do bloco, n\u00e3o h\u00e1 previs\u00e3o de uma bilateral entre eles e, conforme apurou a Gazeta do Povo com membros do Itamaraty, o argentino n\u00e3o teria solicitado uma reuni\u00e3o com Lula. Os dois l\u00edderes j\u00e1 haviam se esbarrado na C\u00fapula de L\u00edderes do G7, ocorrida em junho deste ano, na It\u00e1lia, e tamb\u00e9m n\u00e3o houve reuni\u00e3o bilateral.<\/p>\n\n\n\n<div class=\"wp-block-image\"><figure class=\"aligncenter size-large is-resized\"><a href=\"https:\/\/www.instagram.com\/vmais.midias\/\"><img loading=\"lazy\" decoding=\"async\" src=\"https:\/\/jornalfatosenoticias.com.br\/wp-content\/uploads\/2020\/02\/DE-MAIS-DESTAQUE-VMAIS-800X700.png\" alt=\"\" class=\"wp-image-53112\" width=\"312\" height=\"272\" srcset=\"https:\/\/jornalfatosenoticias.com.br\/wp-content\/uploads\/2020\/02\/DE-MAIS-DESTAQUE-VMAIS-800X700.png 800w, https:\/\/jornalfatosenoticias.com.br\/wp-content\/uploads\/2020\/02\/DE-MAIS-DESTAQUE-VMAIS-800X700-300x263.png 300w, https:\/\/jornalfatosenoticias.com.br\/wp-content\/uploads\/2020\/02\/DE-MAIS-DESTAQUE-VMAIS-800X700-768x672.png 768w\" sizes=\"auto, (max-width: 312px) 100vw, 312px\" \/><\/a><\/figure><\/div>\n\n\n\n<p>O distanciamento entre Lula e Milei, contudo, n\u00e3o afetou a rela\u00e7\u00e3o entre Brasil e Argentina. O relacionamento entre as chancelarias de ambos os pa\u00edses se manteve pr\u00f3xima no \u00faltimo ano. O chanceler brasileiro, Mauro Vieira, e a ent\u00e3o chanceler da Argentina, Diana Mondino, tiveram ao menos quatro encontros nos \u00faltimos meses para tratar a agenda bilateral na \u00e1rea do com\u00e9rcio e Defesa. Os dois ministros tamb\u00e9m trocaram visitar oficiais aos pa\u00edses para discutir essa agenda.<\/p>\n\n\n\n<div class=\"wp-block-image\"><figure class=\"aligncenter size-large is-resized\"><a href=\"https:\/\/hotelmarquetti.com.br\/\"><img loading=\"lazy\" decoding=\"async\" src=\"https:\/\/jornalfatosenoticias.com.br\/wp-content\/uploads\/2023\/03\/nova-logo-Marquetti.jpg\" alt=\"\" class=\"wp-image-40207\" width=\"325\" height=\"218\" srcset=\"https:\/\/jornalfatosenoticias.com.br\/wp-content\/uploads\/2023\/03\/nova-logo-Marquetti.jpg 643w, https:\/\/jornalfatosenoticias.com.br\/wp-content\/uploads\/2023\/03\/nova-logo-Marquetti-300x202.jpg 300w\" sizes=\"auto, (max-width: 325px) 100vw, 325px\" \/><\/a><\/figure><\/div>\n\n\n\n<p>No final do \u00faltimo m\u00eas, Mondino foi afastada do cargo de chanceler ap\u00f3s votar a favor do fim dos embargos contra Cuba, posicionamento que n\u00e3o agradou a Javier Milei. O governo argentino ent\u00e3o anunciou que Gerardo Werthein, embaixador da Argentina nos Estados Unidos, assumiria a pasta das Rela\u00e7\u00f5es Exteriores no pa\u00eds.<\/p>\n\n\n\n<div class=\"wp-block-image\"><figure class=\"aligncenter size-large is-resized\"><a href=\"https:\/\/www.facebook.com\/postobkr\/?locale=pt_BR\"><img loading=\"lazy\" decoding=\"async\" src=\"https:\/\/jornalfatosenoticias.com.br\/wp-content\/uploads\/2023\/08\/BKR-1024x1021.jpg\" alt=\"\" class=\"wp-image-44494\" width=\"292\" height=\"291\" srcset=\"https:\/\/jornalfatosenoticias.com.br\/wp-content\/uploads\/2023\/08\/BKR-1024x1021.jpg 1024w, https:\/\/jornalfatosenoticias.com.br\/wp-content\/uploads\/2023\/08\/BKR-300x300.jpg 300w, https:\/\/jornalfatosenoticias.com.br\/wp-content\/uploads\/2023\/08\/BKR-150x150.jpg 150w, https:\/\/jornalfatosenoticias.com.br\/wp-content\/uploads\/2023\/08\/BKR-768x766.jpg 768w, https:\/\/jornalfatosenoticias.com.br\/wp-content\/uploads\/2023\/08\/BKR.jpg 1080w\" sizes=\"auto, (max-width: 292px) 100vw, 292px\" \/><\/a><\/figure><\/div>\n\n\n\n<p>Apesar do temor levantado por especialistas de que a mudan\u00e7a poderia afetar a rela\u00e7\u00e3o entre Brasil e Argentina, a troca de chanceleres n\u00e3o foi recebida com receio nos bastidores do Itamaraty. Conforme apurou a Gazeta do Povo com membros da pasta, Werthein j\u00e1 mantinha uma boa rela\u00e7\u00e3o com a embaixada brasileira em Washington e a previs\u00e3o \u00e9 de que o bom relacionamento que havia com Mondino deve ser mantido com o novo chanceler.<\/p>\n\n\n\n<div class=\"wp-block-image\"><figure class=\"aligncenter size-large is-resized\"><a href=\"https:\/\/www.instagram.com\/restaurantepegoretti\/\"><img loading=\"lazy\" decoding=\"async\" src=\"https:\/\/jornalfatosenoticias.com.br\/wp-content\/uploads\/2023\/12\/pegoretti-logo-pdf-1024x389.jpg\" alt=\"\" class=\"wp-image-47536\" width=\"451\" height=\"171\" srcset=\"https:\/\/jornalfatosenoticias.com.br\/wp-content\/uploads\/2023\/12\/pegoretti-logo-pdf-1024x389.jpg 1024w, https:\/\/jornalfatosenoticias.com.br\/wp-content\/uploads\/2023\/12\/pegoretti-logo-pdf-300x114.jpg 300w, https:\/\/jornalfatosenoticias.com.br\/wp-content\/uploads\/2023\/12\/pegoretti-logo-pdf-768x291.jpg 768w, https:\/\/jornalfatosenoticias.com.br\/wp-content\/uploads\/2023\/12\/pegoretti-logo-pdf.jpg 1120w\" sizes=\"auto, (max-width: 451px) 100vw, 451px\" \/><\/a><\/figure><\/div>\n\n\n\n<p><strong><em>Fonte: <a href=\"https:\/\/www.gazetadopovo.com.br\/republica\/milei-x-lula-g20-promete-confronto-de-visoes-que-testara-pragmatismo-entre-brasil-e-argentina\/\">Gazeta do Povo<\/a><\/em><\/strong><\/p>\n","protected":false},"excerpt":{"rendered":"<p>Javier Milei, presidente da Argentina, \u00e9 um forte cr\u00edtico do Kirchnerismo Por Carinne Souza A C\u00fapula de L\u00edderes do G20, sediada pelo Brasil nesta semana, colocar\u00e1 frente a frente Luiz In\u00e1cio Lula da Silva (PT) e o presidente da Argentina, Javier Milei, desafeto do petista. O encontro promete evidenciar as diferen\u00e7as entre os dois l\u00edderes [&hellip;]<\/p>\n","protected":false},"author":2,"featured_media":53383,"comment_status":"open","ping_status":"open","sticky":false,"template":"","format":"standard","meta":{"footnotes":""},"categories":[5],"tags":[208,5995,21267,18616,7580],"class_list":["post-55756","post","type-post","status-publish","format-standard","has-post-thumbnail","hentry","category-geral","tag-america-do-sul","tag-argentina","tag-g20","tag-javier-milei","tag-lula"],"yoast_head":"<!-- This site is optimized with the Yoast SEO plugin v26.5 - https:\/\/yoast.com\/wordpress\/plugins\/seo\/ -->\n<title>G20 promete confronto de vis\u00f5es que testar\u00e1 pragmatismo entre Brasil e Argentina - Jornal Fatos e Not\u00edcias<\/title>\n<meta name=\"robots\" content=\"index, follow, max-snippet:-1, max-image-preview:large, max-video-preview:-1\" \/>\n<link rel=\"canonical\" href=\"https:\/\/jornalfatosenoticias.com.br\/index.php\/2024\/11\/18\/g20-promete-confronto-de-visoes-que-testara-pragmatismo-entre-brasil-e-argentina\/\" \/>\n<meta property=\"og:locale\" content=\"pt_BR\" \/>\n<meta property=\"og:type\" content=\"article\" \/>\n<meta property=\"og:title\" content=\"G20 promete confronto de vis\u00f5es que testar\u00e1 pragmatismo entre Brasil e Argentina - Jornal Fatos e Not\u00edcias\" \/>\n<meta property=\"og:description\" content=\"Javier Milei, presidente da Argentina, \u00e9 um forte cr\u00edtico do Kirchnerismo Por Carinne Souza A C\u00fapula de L\u00edderes do G20, sediada pelo Brasil nesta semana, colocar\u00e1 frente a frente Luiz In\u00e1cio Lula da Silva (PT) e o presidente da Argentina, Javier Milei, desafeto do petista. O encontro promete evidenciar as diferen\u00e7as entre os dois l\u00edderes [&hellip;]\" \/>\n<meta property=\"og:url\" content=\"https:\/\/jornalfatosenoticias.com.br\/index.php\/2024\/11\/18\/g20-promete-confronto-de-visoes-que-testara-pragmatismo-entre-brasil-e-argentina\/\" \/>\n<meta property=\"og:site_name\" content=\"Jornal Fatos e Not\u00edcias\" \/>\n<meta property=\"article:published_time\" content=\"2024-11-18T13:12:45+00:00\" \/>\n<meta property=\"article:modified_time\" content=\"2024-11-18T13:12:46+00:00\" \/>\n<meta property=\"og:image\" content=\"https:\/\/jornalfatosenoticias.com.br\/wp-content\/uploads\/2024\/08\/milei_gettyimages.jpg\" \/>\n\t<meta property=\"og:image:width\" content=\"612\" \/>\n\t<meta property=\"og:image:height\" content=\"408\" \/>\n\t<meta property=\"og:image:type\" content=\"image\/jpeg\" \/>\n<meta name=\"author\" content=\"Luzimara Fernandes\" \/>\n<meta name=\"twitter:card\" content=\"summary_large_image\" \/>\n<meta name=\"twitter:label1\" content=\"Escrito por\" \/>\n\t<meta name=\"twitter:data1\" content=\"Luzimara Fernandes\" \/>\n\t<meta name=\"twitter:label2\" content=\"Est. tempo de leitura\" \/>\n\t<meta name=\"twitter:data2\" content=\"8 minutos\" \/>\n<script type=\"application\/ld+json\" class=\"yoast-schema-graph\">{\"@context\":\"https:\/\/schema.org\",\"@graph\":[{\"@type\":\"Article\",\"@id\":\"https:\/\/jornalfatosenoticias.com.br\/index.php\/2024\/11\/18\/g20-promete-confronto-de-visoes-que-testara-pragmatismo-entre-brasil-e-argentina\/#article\",\"isPartOf\":{\"@id\":\"https:\/\/jornalfatosenoticias.com.br\/index.php\/2024\/11\/18\/g20-promete-confronto-de-visoes-que-testara-pragmatismo-entre-brasil-e-argentina\/\"},\"author\":{\"name\":\"Luzimara Fernandes\",\"@id\":\"https:\/\/jornalfatosenoticias.com.br\/#\/schema\/person\/d63837fa13ac8666eb9e74e0985d6f81\"},\"headline\":\"G20 promete confronto de vis\u00f5es que testar\u00e1 pragmatismo entre Brasil e Argentina\",\"datePublished\":\"2024-11-18T13:12:45+00:00\",\"dateModified\":\"2024-11-18T13:12:46+00:00\",\"mainEntityOfPage\":{\"@id\":\"https:\/\/jornalfatosenoticias.com.br\/index.php\/2024\/11\/18\/g20-promete-confronto-de-visoes-que-testara-pragmatismo-entre-brasil-e-argentina\/\"},\"wordCount\":1520,\"commentCount\":0,\"publisher\":{\"@id\":\"https:\/\/jornalfatosenoticias.com.br\/#organization\"},\"image\":{\"@id\":\"https:\/\/jornalfatosenoticias.com.br\/index.php\/2024\/11\/18\/g20-promete-confronto-de-visoes-que-testara-pragmatismo-entre-brasil-e-argentina\/#primaryimage\"},\"thumbnailUrl\":\"https:\/\/jornalfatosenoticias.com.br\/wp-content\/uploads\/2024\/08\/milei_gettyimages.jpg\",\"keywords\":[\"Am\u00e9rica do Sul\",\"Argentina\",\"G20\",\"Javier Milei\",\"Lula\"],\"articleSection\":[\"Geral\"],\"inLanguage\":\"pt-BR\",\"potentialAction\":[{\"@type\":\"CommentAction\",\"name\":\"Comment\",\"target\":[\"https:\/\/jornalfatosenoticias.com.br\/index.php\/2024\/11\/18\/g20-promete-confronto-de-visoes-que-testara-pragmatismo-entre-brasil-e-argentina\/#respond\"]}]},{\"@type\":\"WebPage\",\"@id\":\"https:\/\/jornalfatosenoticias.com.br\/index.php\/2024\/11\/18\/g20-promete-confronto-de-visoes-que-testara-pragmatismo-entre-brasil-e-argentina\/\",\"url\":\"https:\/\/jornalfatosenoticias.com.br\/index.php\/2024\/11\/18\/g20-promete-confronto-de-visoes-que-testara-pragmatismo-entre-brasil-e-argentina\/\",\"name\":\"G20 promete confronto de vis\u00f5es que testar\u00e1 pragmatismo entre Brasil e Argentina - Jornal Fatos e Not\u00edcias\",\"isPartOf\":{\"@id\":\"https:\/\/jornalfatosenoticias.com.br\/#website\"},\"primaryImageOfPage\":{\"@id\":\"https:\/\/jornalfatosenoticias.com.br\/index.php\/2024\/11\/18\/g20-promete-confronto-de-visoes-que-testara-pragmatismo-entre-brasil-e-argentina\/#primaryimage\"},\"image\":{\"@id\":\"https:\/\/jornalfatosenoticias.com.br\/index.php\/2024\/11\/18\/g20-promete-confronto-de-visoes-que-testara-pragmatismo-entre-brasil-e-argentina\/#primaryimage\"},\"thumbnailUrl\":\"https:\/\/jornalfatosenoticias.com.br\/wp-content\/uploads\/2024\/08\/milei_gettyimages.jpg\",\"datePublished\":\"2024-11-18T13:12:45+00:00\",\"dateModified\":\"2024-11-18T13:12:46+00:00\",\"breadcrumb\":{\"@id\":\"https:\/\/jornalfatosenoticias.com.br\/index.php\/2024\/11\/18\/g20-promete-confronto-de-visoes-que-testara-pragmatismo-entre-brasil-e-argentina\/#breadcrumb\"},\"inLanguage\":\"pt-BR\",\"potentialAction\":[{\"@type\":\"ReadAction\",\"target\":[\"https:\/\/jornalfatosenoticias.com.br\/index.php\/2024\/11\/18\/g20-promete-confronto-de-visoes-que-testara-pragmatismo-entre-brasil-e-argentina\/\"]}]},{\"@type\":\"ImageObject\",\"inLanguage\":\"pt-BR\",\"@id\":\"https:\/\/jornalfatosenoticias.com.br\/index.php\/2024\/11\/18\/g20-promete-confronto-de-visoes-que-testara-pragmatismo-entre-brasil-e-argentina\/#primaryimage\",\"url\":\"https:\/\/jornalfatosenoticias.com.br\/wp-content\/uploads\/2024\/08\/milei_gettyimages.jpg\",\"contentUrl\":\"https:\/\/jornalfatosenoticias.com.br\/wp-content\/uploads\/2024\/08\/milei_gettyimages.jpg\",\"width\":612,\"height\":408,\"caption\":\"BUENOS AIRES, ARGENTINA - JULY 28: President of Argentina Javier Milei gives a speech as part of the 136th Expo Rural at La Rural Exhibition and Conference Centre on July 28, 2024 in Buenos Aires, Argentina. (Photo by Tomas Cuesta\/Getty Images)\"},{\"@type\":\"BreadcrumbList\",\"@id\":\"https:\/\/jornalfatosenoticias.com.br\/index.php\/2024\/11\/18\/g20-promete-confronto-de-visoes-que-testara-pragmatismo-entre-brasil-e-argentina\/#breadcrumb\",\"itemListElement\":[{\"@type\":\"ListItem\",\"position\":1,\"name\":\"In\u00edcio\",\"item\":\"https:\/\/jornalfatosenoticias.com.br\/\"},{\"@type\":\"ListItem\",\"position\":2,\"name\":\"G20 promete confronto de vis\u00f5es que testar\u00e1 pragmatismo entre Brasil e Argentina\"}]},{\"@type\":\"WebSite\",\"@id\":\"https:\/\/jornalfatosenoticias.com.br\/#website\",\"url\":\"https:\/\/jornalfatosenoticias.com.br\/\",\"name\":\"Jornal Fatos e Not\u00edcias\",\"description\":\"Not\u00edcias em geral\",\"publisher\":{\"@id\":\"https:\/\/jornalfatosenoticias.com.br\/#organization\"},\"potentialAction\":[{\"@type\":\"SearchAction\",\"target\":{\"@type\":\"EntryPoint\",\"urlTemplate\":\"https:\/\/jornalfatosenoticias.com.br\/?s={search_term_string}\"},\"query-input\":{\"@type\":\"PropertyValueSpecification\",\"valueRequired\":true,\"valueName\":\"search_term_string\"}}],\"inLanguage\":\"pt-BR\"},{\"@type\":\"Organization\",\"@id\":\"https:\/\/jornalfatosenoticias.com.br\/#organization\",\"name\":\"Jornal Fatos e Not\u00edcias\",\"url\":\"https:\/\/jornalfatosenoticias.com.br\/\",\"logo\":{\"@type\":\"ImageObject\",\"inLanguage\":\"pt-BR\",\"@id\":\"https:\/\/jornalfatosenoticias.com.br\/#\/schema\/logo\/image\/\",\"url\":\"https:\/\/jornalfatosenoticias.com.br\/wp-content\/uploads\/2020\/02\/logo120.png\",\"contentUrl\":\"https:\/\/jornalfatosenoticias.com.br\/wp-content\/uploads\/2020\/02\/logo120.png\",\"width\":1227,\"height\":120,\"caption\":\"Jornal Fatos e Not\u00edcias\"},\"image\":{\"@id\":\"https:\/\/jornalfatosenoticias.com.br\/#\/schema\/logo\/image\/\"}},{\"@type\":\"Person\",\"@id\":\"https:\/\/jornalfatosenoticias.com.br\/#\/schema\/person\/d63837fa13ac8666eb9e74e0985d6f81\",\"name\":\"Luzimara Fernandes\",\"image\":{\"@type\":\"ImageObject\",\"inLanguage\":\"pt-BR\",\"@id\":\"https:\/\/jornalfatosenoticias.com.br\/#\/schema\/person\/image\/\",\"url\":\"https:\/\/jornalfatosenoticias.com.br\/wp-content\/uploads\/2025\/05\/EU_portal.jpg\",\"contentUrl\":\"https:\/\/jornalfatosenoticias.com.br\/wp-content\/uploads\/2025\/05\/EU_portal.jpg\",\"caption\":\"Luzimara Fernandes\"},\"description\":\"Jornalista MTB 2358-ES\",\"sameAs\":[\"https:\/\/jornalfatosenoticias.com.br\"],\"url\":\"https:\/\/jornalfatosenoticias.com.br\/index.php\/author\/luzimara\/\"}]}<\/script>\n<!-- \/ Yoast SEO plugin. -->","yoast_head_json":{"title":"G20 promete confronto de vis\u00f5es que testar\u00e1 pragmatismo entre Brasil e Argentina - Jornal Fatos e Not\u00edcias","robots":{"index":"index","follow":"follow","max-snippet":"max-snippet:-1","max-image-preview":"max-image-preview:large","max-video-preview":"max-video-preview:-1"},"canonical":"https:\/\/jornalfatosenoticias.com.br\/index.php\/2024\/11\/18\/g20-promete-confronto-de-visoes-que-testara-pragmatismo-entre-brasil-e-argentina\/","og_locale":"pt_BR","og_type":"article","og_title":"G20 promete confronto de vis\u00f5es que testar\u00e1 pragmatismo entre Brasil e Argentina - Jornal Fatos e Not\u00edcias","og_description":"Javier Milei, presidente da Argentina, \u00e9 um forte cr\u00edtico do Kirchnerismo Por Carinne Souza A C\u00fapula de L\u00edderes do G20, sediada pelo Brasil nesta semana, colocar\u00e1 frente a frente Luiz In\u00e1cio Lula da Silva (PT) e o presidente da Argentina, Javier Milei, desafeto do petista. O encontro promete evidenciar as diferen\u00e7as entre os dois l\u00edderes [&hellip;]","og_url":"https:\/\/jornalfatosenoticias.com.br\/index.php\/2024\/11\/18\/g20-promete-confronto-de-visoes-que-testara-pragmatismo-entre-brasil-e-argentina\/","og_site_name":"Jornal Fatos e Not\u00edcias","article_published_time":"2024-11-18T13:12:45+00:00","article_modified_time":"2024-11-18T13:12:46+00:00","og_image":[{"width":612,"height":408,"url":"https:\/\/jornalfatosenoticias.com.br\/wp-content\/uploads\/2024\/08\/milei_gettyimages.jpg","type":"image\/jpeg"}],"author":"Luzimara Fernandes","twitter_card":"summary_large_image","twitter_misc":{"Escrito por":"Luzimara Fernandes","Est. tempo de leitura":"8 minutos"},"schema":{"@context":"https:\/\/schema.org","@graph":[{"@type":"Article","@id":"https:\/\/jornalfatosenoticias.com.br\/index.php\/2024\/11\/18\/g20-promete-confronto-de-visoes-que-testara-pragmatismo-entre-brasil-e-argentina\/#article","isPartOf":{"@id":"https:\/\/jornalfatosenoticias.com.br\/index.php\/2024\/11\/18\/g20-promete-confronto-de-visoes-que-testara-pragmatismo-entre-brasil-e-argentina\/"},"author":{"name":"Luzimara Fernandes","@id":"https:\/\/jornalfatosenoticias.com.br\/#\/schema\/person\/d63837fa13ac8666eb9e74e0985d6f81"},"headline":"G20 promete confronto de vis\u00f5es que testar\u00e1 pragmatismo entre Brasil e Argentina","datePublished":"2024-11-18T13:12:45+00:00","dateModified":"2024-11-18T13:12:46+00:00","mainEntityOfPage":{"@id":"https:\/\/jornalfatosenoticias.com.br\/index.php\/2024\/11\/18\/g20-promete-confronto-de-visoes-que-testara-pragmatismo-entre-brasil-e-argentina\/"},"wordCount":1520,"commentCount":0,"publisher":{"@id":"https:\/\/jornalfatosenoticias.com.br\/#organization"},"image":{"@id":"https:\/\/jornalfatosenoticias.com.br\/index.php\/2024\/11\/18\/g20-promete-confronto-de-visoes-que-testara-pragmatismo-entre-brasil-e-argentina\/#primaryimage"},"thumbnailUrl":"https:\/\/jornalfatosenoticias.com.br\/wp-content\/uploads\/2024\/08\/milei_gettyimages.jpg","keywords":["Am\u00e9rica do Sul","Argentina","G20","Javier Milei","Lula"],"articleSection":["Geral"],"inLanguage":"pt-BR","potentialAction":[{"@type":"CommentAction","name":"Comment","target":["https:\/\/jornalfatosenoticias.com.br\/index.php\/2024\/11\/18\/g20-promete-confronto-de-visoes-que-testara-pragmatismo-entre-brasil-e-argentina\/#respond"]}]},{"@type":"WebPage","@id":"https:\/\/jornalfatosenoticias.com.br\/index.php\/2024\/11\/18\/g20-promete-confronto-de-visoes-que-testara-pragmatismo-entre-brasil-e-argentina\/","url":"https:\/\/jornalfatosenoticias.com.br\/index.php\/2024\/11\/18\/g20-promete-confronto-de-visoes-que-testara-pragmatismo-entre-brasil-e-argentina\/","name":"G20 promete confronto de vis\u00f5es que testar\u00e1 pragmatismo entre Brasil e Argentina - Jornal Fatos e Not\u00edcias","isPartOf":{"@id":"https:\/\/jornalfatosenoticias.com.br\/#website"},"primaryImageOfPage":{"@id":"https:\/\/jornalfatosenoticias.com.br\/index.php\/2024\/11\/18\/g20-promete-confronto-de-visoes-que-testara-pragmatismo-entre-brasil-e-argentina\/#primaryimage"},"image":{"@id":"https:\/\/jornalfatosenoticias.com.br\/index.php\/2024\/11\/18\/g20-promete-confronto-de-visoes-que-testara-pragmatismo-entre-brasil-e-argentina\/#primaryimage"},"thumbnailUrl":"https:\/\/jornalfatosenoticias.com.br\/wp-content\/uploads\/2024\/08\/milei_gettyimages.jpg","datePublished":"2024-11-18T13:12:45+00:00","dateModified":"2024-11-18T13:12:46+00:00","breadcrumb":{"@id":"https:\/\/jornalfatosenoticias.com.br\/index.php\/2024\/11\/18\/g20-promete-confronto-de-visoes-que-testara-pragmatismo-entre-brasil-e-argentina\/#breadcrumb"},"inLanguage":"pt-BR","potentialAction":[{"@type":"ReadAction","target":["https:\/\/jornalfatosenoticias.com.br\/index.php\/2024\/11\/18\/g20-promete-confronto-de-visoes-que-testara-pragmatismo-entre-brasil-e-argentina\/"]}]},{"@type":"ImageObject","inLanguage":"pt-BR","@id":"https:\/\/jornalfatosenoticias.com.br\/index.php\/2024\/11\/18\/g20-promete-confronto-de-visoes-que-testara-pragmatismo-entre-brasil-e-argentina\/#primaryimage","url":"https:\/\/jornalfatosenoticias.com.br\/wp-content\/uploads\/2024\/08\/milei_gettyimages.jpg","contentUrl":"https:\/\/jornalfatosenoticias.com.br\/wp-content\/uploads\/2024\/08\/milei_gettyimages.jpg","width":612,"height":408,"caption":"BUENOS AIRES, ARGENTINA - JULY 28: President of Argentina Javier Milei gives a speech as part of the 136th Expo Rural at La Rural Exhibition and Conference Centre on July 28, 2024 in Buenos Aires, Argentina. (Photo by Tomas Cuesta\/Getty Images)"},{"@type":"BreadcrumbList","@id":"https:\/\/jornalfatosenoticias.com.br\/index.php\/2024\/11\/18\/g20-promete-confronto-de-visoes-que-testara-pragmatismo-entre-brasil-e-argentina\/#breadcrumb","itemListElement":[{"@type":"ListItem","position":1,"name":"In\u00edcio","item":"https:\/\/jornalfatosenoticias.com.br\/"},{"@type":"ListItem","position":2,"name":"G20 promete confronto de vis\u00f5es que testar\u00e1 pragmatismo entre Brasil e Argentina"}]},{"@type":"WebSite","@id":"https:\/\/jornalfatosenoticias.com.br\/#website","url":"https:\/\/jornalfatosenoticias.com.br\/","name":"Jornal Fatos e Not\u00edcias","description":"Not\u00edcias em geral","publisher":{"@id":"https:\/\/jornalfatosenoticias.com.br\/#organization"},"potentialAction":[{"@type":"SearchAction","target":{"@type":"EntryPoint","urlTemplate":"https:\/\/jornalfatosenoticias.com.br\/?s={search_term_string}"},"query-input":{"@type":"PropertyValueSpecification","valueRequired":true,"valueName":"search_term_string"}}],"inLanguage":"pt-BR"},{"@type":"Organization","@id":"https:\/\/jornalfatosenoticias.com.br\/#organization","name":"Jornal Fatos e Not\u00edcias","url":"https:\/\/jornalfatosenoticias.com.br\/","logo":{"@type":"ImageObject","inLanguage":"pt-BR","@id":"https:\/\/jornalfatosenoticias.com.br\/#\/schema\/logo\/image\/","url":"https:\/\/jornalfatosenoticias.com.br\/wp-content\/uploads\/2020\/02\/logo120.png","contentUrl":"https:\/\/jornalfatosenoticias.com.br\/wp-content\/uploads\/2020\/02\/logo120.png","width":1227,"height":120,"caption":"Jornal Fatos e Not\u00edcias"},"image":{"@id":"https:\/\/jornalfatosenoticias.com.br\/#\/schema\/logo\/image\/"}},{"@type":"Person","@id":"https:\/\/jornalfatosenoticias.com.br\/#\/schema\/person\/d63837fa13ac8666eb9e74e0985d6f81","name":"Luzimara Fernandes","image":{"@type":"ImageObject","inLanguage":"pt-BR","@id":"https:\/\/jornalfatosenoticias.com.br\/#\/schema\/person\/image\/","url":"https:\/\/jornalfatosenoticias.com.br\/wp-content\/uploads\/2025\/05\/EU_portal.jpg","contentUrl":"https:\/\/jornalfatosenoticias.com.br\/wp-content\/uploads\/2025\/05\/EU_portal.jpg","caption":"Luzimara Fernandes"},"description":"Jornalista MTB 2358-ES","sameAs":["https:\/\/jornalfatosenoticias.com.br"],"url":"https:\/\/jornalfatosenoticias.com.br\/index.php\/author\/luzimara\/"}]}},"cc_featured_image_caption":{"caption_text":"(Foto: Getty Images) ","source_text":"","source_url":""},"jetpack_featured_media_url":"https:\/\/jornalfatosenoticias.com.br\/wp-content\/uploads\/2024\/08\/milei_gettyimages.jpg","_links":{"self":[{"href":"https:\/\/jornalfatosenoticias.com.br\/index.php\/wp-json\/wp\/v2\/posts\/55756","targetHints":{"allow":["GET"]}}],"collection":[{"href":"https:\/\/jornalfatosenoticias.com.br\/index.php\/wp-json\/wp\/v2\/posts"}],"about":[{"href":"https:\/\/jornalfatosenoticias.com.br\/index.php\/wp-json\/wp\/v2\/types\/post"}],"author":[{"embeddable":true,"href":"https:\/\/jornalfatosenoticias.com.br\/index.php\/wp-json\/wp\/v2\/users\/2"}],"replies":[{"embeddable":true,"href":"https:\/\/jornalfatosenoticias.com.br\/index.php\/wp-json\/wp\/v2\/comments?post=55756"}],"version-history":[{"count":0,"href":"https:\/\/jornalfatosenoticias.com.br\/index.php\/wp-json\/wp\/v2\/posts\/55756\/revisions"}],"wp:featuredmedia":[{"embeddable":true,"href":"https:\/\/jornalfatosenoticias.com.br\/index.php\/wp-json\/wp\/v2\/media\/53383"}],"wp:attachment":[{"href":"https:\/\/jornalfatosenoticias.com.br\/index.php\/wp-json\/wp\/v2\/media?parent=55756"}],"wp:term":[{"taxonomy":"category","embeddable":true,"href":"https:\/\/jornalfatosenoticias.com.br\/index.php\/wp-json\/wp\/v2\/categories?post=55756"},{"taxonomy":"post_tag","embeddable":true,"href":"https:\/\/jornalfatosenoticias.com.br\/index.php\/wp-json\/wp\/v2\/tags?post=55756"}],"curies":[{"name":"wp","href":"https:\/\/api.w.org\/{rel}","templated":true}]}}