{"id":55758,"date":"2024-11-18T10:24:12","date_gmt":"2024-11-18T13:24:12","guid":{"rendered":"https:\/\/jornalfatosenoticias.com.br\/?p=55758"},"modified":"2024-11-18T10:24:14","modified_gmt":"2024-11-18T13:24:14","slug":"efeito-milei-como-as-maiores-empresas-argentinas-cresceram-130-no-ultimo-ano","status":"publish","type":"post","link":"https:\/\/jornalfatosenoticias.com.br\/index.php\/2024\/11\/18\/efeito-milei-como-as-maiores-empresas-argentinas-cresceram-130-no-ultimo-ano\/","title":{"rendered":"Efeito Milei: como as maiores empresas argentinas cresceram 130% no \u00faltimo ano"},"content":{"rendered":"\n<p><em><span class=\"has-inline-color has-black-color\">Governo de Milei vem impulsionado as empresas e trazendo investidores internacionais para a Argentina, atra\u00eddos por um novo ambiente de neg\u00f3cios favor\u00e1vel<\/span><\/em><\/p>\n\n\n\n<p><span class=\"has-inline-color has-black-color\">Por <strong><a href=\"https:\/\/www.gazetadopovo.com.br\/autor\/omar-godoy\/\" rel=\"sponsored nofollow\">Omar Godoy<\/a><\/strong><\/span><\/p>\n\n\n\n<div class=\"wp-block-image\"><figure class=\"aligncenter size-large\"><a href=\"https:\/\/mizu.com.br\/\"><img loading=\"lazy\" decoding=\"async\" width=\"729\" height=\"90\" src=\"https:\/\/jornalfatosenoticias.com.br\/wp-content\/uploads\/2020\/02\/Logo_Mizu.png\" alt=\"\" class=\"wp-image-1441\" srcset=\"https:\/\/jornalfatosenoticias.com.br\/wp-content\/uploads\/2020\/02\/Logo_Mizu.png 729w, https:\/\/jornalfatosenoticias.com.br\/wp-content\/uploads\/2020\/02\/Logo_Mizu-300x37.png 300w\" sizes=\"auto, (max-width: 729px) 100vw, 729px\" \/><\/a><\/figure><\/div>\n\n\n\n<p>As maiores empresas da Argentina iniciaram um processo de revaloriza\u00e7\u00e3o impressionante ap\u00f3s a elei\u00e7\u00e3o de Javier Milei, em novembro do ano passado. \u00c9 o que afirma uma reportagem publicada neste final de semana pelo jornal La Naci\u00f3n e baseada em dados do \u00edndice Merval, o principal indicador da Bolsa de Valores de Buenos Aires.<br>Composto pelas 21 companhias do pa\u00eds com maior volume de opera\u00e7\u00f5es no mercado de a\u00e7\u00f5es, o Merval registrou um aumento de US$ 61,3 bilh\u00f5es de sua capitaliza\u00e7\u00e3o total nos \u00faltimos 12 meses \u2014 o equivalente a quase 130%. Esse crescimento n\u00e3o reflete apenas a chegada ao poder de um pol\u00edtico libert\u00e1rio, que repudia o controle estatal e incentiva o livre mercado acima de tudo. A mat\u00e9ria do La Naci\u00f3n lembra que o governo de Milei promoveu bem mais do que uma mudan\u00e7a de mentalidade: reduziu a infla\u00e7\u00e3o, saneou parte expressiva das finan\u00e7as p\u00fablicas e deu maior liberdade para os empreendedores.<\/p>\n\n\n\n<div class=\"wp-block-image\"><figure class=\"aligncenter size-large\"><a href=\"https:\/\/cesconetto.com.br\/\"><img loading=\"lazy\" decoding=\"async\" width=\"300\" height=\"250\" src=\"https:\/\/jornalfatosenoticias.com.br\/wp-content\/uploads\/2022\/02\/Banner-2.png\" alt=\"\" class=\"wp-image-27877\"\/><\/a><\/figure><\/div>\n\n\n\n<p>O resultado dessa reforma \u00e9 uma onda de otimismo que vem impulsionado as empresas e trazendo investidores internacionais, atra\u00eddos por um ambiente de neg\u00f3cios favor\u00e1vel e in\u00e9dito na Argentina. Os setores banc\u00e1rio e energ\u00e9tico foram os que mais se beneficiaram das pol\u00edticas do novo governo. A queda do risco-pa\u00eds de 1,9 mil pontos para 769 permitiu que bancos como Galicia, Macro e BBVA crescessem cerca de 300% desde dezembro de 2023.<\/p>\n\n\n\n<div class=\"wp-block-image\"><figure class=\"aligncenter size-large is-resized\"><a href=\"https:\/\/www.controlsystems.com.br\/\"><img loading=\"lazy\" decoding=\"async\" src=\"https:\/\/jornalfatosenoticias.com.br\/wp-content\/uploads\/2020\/02\/CONTROL-CS.jpg\" alt=\"\" class=\"wp-image-44991\" width=\"287\" height=\"344\" srcset=\"https:\/\/jornalfatosenoticias.com.br\/wp-content\/uploads\/2020\/02\/CONTROL-CS.jpg 834w, https:\/\/jornalfatosenoticias.com.br\/wp-content\/uploads\/2020\/02\/CONTROL-CS-250x300.jpg 250w, https:\/\/jornalfatosenoticias.com.br\/wp-content\/uploads\/2020\/02\/CONTROL-CS-768x921.jpg 768w\" sizes=\"auto, (max-width: 287px) 100vw, 287px\" \/><\/a><\/figure><\/div>\n\n\n\n<p>J\u00e1 a capitaliza\u00e7\u00e3o das companhias de energia, estimuladas por ajustes tarif\u00e1rios, aumentou 195%, de US$ 4,3 bilh\u00f5es para US$ 12,8 bilh\u00f5es \u2014 com destaque para a gigante petrol\u00edfera YPF, exploradora de grandes reservas de g\u00e1s e petr\u00f3leo. Mesmo empresas de servi\u00e7os p\u00fablicos, como a transportadora de g\u00e1s natural Gas del Sur e a distribuidora el\u00e9trica Edenor, registraram um crescimento significativo, apenas se aproveitando desse contexto de maior previsibilidade econ\u00f4mica.<\/p>\n\n\n\n<div class=\"wp-block-image\"><figure class=\"aligncenter size-large\"><a href=\"https:\/\/www.facebook.com\/vetor.vix\/\"><img loading=\"lazy\" decoding=\"async\" width=\"1024\" height=\"273\" src=\"https:\/\/jornalfatosenoticias.com.br\/wp-content\/uploads\/2023\/09\/vetorvix1024_1.jpg\" alt=\"\" class=\"wp-image-44868\" srcset=\"https:\/\/jornalfatosenoticias.com.br\/wp-content\/uploads\/2023\/09\/vetorvix1024_1.jpg 1024w, https:\/\/jornalfatosenoticias.com.br\/wp-content\/uploads\/2023\/09\/vetorvix1024_1-300x80.jpg 300w, https:\/\/jornalfatosenoticias.com.br\/wp-content\/uploads\/2023\/09\/vetorvix1024_1-768x205.jpg 768w\" sizes=\"auto, (max-width: 1024px) 100vw, 1024px\" \/><\/a><\/figure><\/div>\n\n\n\n<p><strong><span class=\"has-inline-color has-black-color\">Pr\u00f3ximo passo da recupera\u00e7\u00e3o \u00e9 aumentar o acesso ao cr\u00e9dito<br><\/span><\/strong>Ouvido pela reportagem do La N\u00e1cion, o analista de investimentos Tob\u00edas Sanches, afirma que o pr\u00f3ximo passo desse ciclo positivo \u00e9 permitir um acesso maior ao cr\u00e9dito, motivado justamente pela recupera\u00e7\u00e3o das grandes empresas locais.<\/p>\n\n\n\n<div class=\"wp-block-image\"><figure class=\"aligncenter size-large is-resized\"><a href=\"https:\/\/panper.com.br\/\"><img loading=\"lazy\" decoding=\"async\" src=\"https:\/\/jornalfatosenoticias.com.br\/wp-content\/uploads\/2023\/03\/logo-Panper_portal.jpg\" alt=\"\" class=\"wp-image-40208\" width=\"296\" height=\"205\" srcset=\"https:\/\/jornalfatosenoticias.com.br\/wp-content\/uploads\/2023\/03\/logo-Panper_portal.jpg 400w, https:\/\/jornalfatosenoticias.com.br\/wp-content\/uploads\/2023\/03\/logo-Panper_portal-300x208.jpg 300w\" sizes=\"auto, (max-width: 296px) 100vw, 296px\" \/><\/a><\/figure><\/div>\n\n\n\n<blockquote class=\"wp-block-quote is-layout-flow wp-block-quote-is-layout-flow\"><p><span class=\"has-inline-color has-luminous-vivid-orange-color\">Esse aumento tem o potencial de impactar positivamente toda a economia real, impulsionando o mercado de trabalho e criando mais oportunidades para investidores e empreendedores\u201d, diz Sanches.<\/span><\/p><\/blockquote>\n\n\n\n<div class=\"wp-block-image\"><figure class=\"aligncenter size-large is-resized\"><a href=\"https:\/\/www.instagram.com\/serra4x4cambioautomatico\/\"><img loading=\"lazy\" decoding=\"async\" src=\"https:\/\/jornalfatosenoticias.com.br\/wp-content\/uploads\/2024\/08\/Serra-4x4-1-886x1024.jpg\" alt=\"\" class=\"wp-image-53632\" width=\"294\" height=\"339\" srcset=\"https:\/\/jornalfatosenoticias.com.br\/wp-content\/uploads\/2024\/08\/Serra-4x4-1-886x1024.jpg 886w, https:\/\/jornalfatosenoticias.com.br\/wp-content\/uploads\/2024\/08\/Serra-4x4-1-260x300.jpg 260w, https:\/\/jornalfatosenoticias.com.br\/wp-content\/uploads\/2024\/08\/Serra-4x4-1-768x888.jpg 768w, https:\/\/jornalfatosenoticias.com.br\/wp-content\/uploads\/2024\/08\/Serra-4x4-1.jpg 1181w\" sizes=\"auto, (max-width: 294px) 100vw, 294px\" \/><\/a><\/figure><\/div>\n\n\n\n<p>Mas a Argentina ainda tem s\u00e9ries dificuldades de ordem macroecon\u00f4mica, especialmente no que se refere ao c\u00e2mbio e \u00e0s reservas negativas. Jos\u00e9 Ignacio Thome, outro analista financeiro entrevistado pela La Naci\u00f3n, acredita que volatibilidade natural do mercado \u00e9 o principal obst\u00e1culo do governo de Milei daqui para frente.<\/p>\n\n\n\n<div class=\"wp-block-image\"><figure class=\"aligncenter size-large is-resized\"><a href=\"https:\/\/www.instagram.com\/esteiochurrascaria\/\"><img loading=\"lazy\" decoding=\"async\" src=\"https:\/\/jornalfatosenoticias.com.br\/wp-content\/uploads\/2022\/02\/LOGO-ESTEIO-1024x730.png\" alt=\"\" class=\"wp-image-27942\" width=\"316\" height=\"225\" srcset=\"https:\/\/jornalfatosenoticias.com.br\/wp-content\/uploads\/2022\/02\/LOGO-ESTEIO-1024x730.png 1024w, https:\/\/jornalfatosenoticias.com.br\/wp-content\/uploads\/2022\/02\/LOGO-ESTEIO-300x214.png 300w, https:\/\/jornalfatosenoticias.com.br\/wp-content\/uploads\/2022\/02\/LOGO-ESTEIO-768x548.png 768w, https:\/\/jornalfatosenoticias.com.br\/wp-content\/uploads\/2022\/02\/LOGO-ESTEIO.png 1123w\" sizes=\"auto, (max-width: 316px) 100vw, 316px\" \/><\/a><\/figure><\/div>\n\n\n\n<blockquote class=\"wp-block-quote is-layout-flow wp-block-quote-is-layout-flow\"><p><span class=\"has-inline-color has-luminous-vivid-orange-color\">\u00c9 um fator que deve ser levado em considera\u00e7\u00e3o, pois os pr\u00f3ximos meses trar\u00e3o desafios relacionados \u00e0 infla\u00e7\u00e3o e ao manejo da d\u00edvida externa\u201d, afirma.<\/span><\/p><\/blockquote>\n\n\n\n<div class=\"wp-block-image\"><figure class=\"aligncenter size-large is-resized\"><a href=\"https:\/\/www.instagram.com\/ligadossaborespizzaria\/\"><img loading=\"lazy\" decoding=\"async\" src=\"https:\/\/jornalfatosenoticias.com.br\/wp-content\/uploads\/2020\/02\/WhatsApp-Image-2024-10-02-at-08.18.14-819x1024.jpeg\" alt=\"\" class=\"wp-image-54612\" width=\"309\" height=\"386\" srcset=\"https:\/\/jornalfatosenoticias.com.br\/wp-content\/uploads\/2020\/02\/WhatsApp-Image-2024-10-02-at-08.18.14-819x1024.jpeg 819w, https:\/\/jornalfatosenoticias.com.br\/wp-content\/uploads\/2020\/02\/WhatsApp-Image-2024-10-02-at-08.18.14-240x300.jpeg 240w, https:\/\/jornalfatosenoticias.com.br\/wp-content\/uploads\/2020\/02\/WhatsApp-Image-2024-10-02-at-08.18.14-768x960.jpeg 768w, https:\/\/jornalfatosenoticias.com.br\/wp-content\/uploads\/2020\/02\/WhatsApp-Image-2024-10-02-at-08.18.14.jpeg 1024w\" sizes=\"auto, (max-width: 309px) 100vw, 309px\" \/><\/a><\/figure><\/div>\n\n\n\n<p><strong><em>Fonte: <a href=\"https:\/\/www.gazetadopovo.com.br\/mundo\/efeito-milei-maiores-empresas-argentinas-cresceram-130-ultimo-ano\/\">Gazeta do Povo<\/a><\/em><\/strong><\/p>\n","protected":false},"excerpt":{"rendered":"<p>Governo de Milei vem impulsionado as empresas e trazendo investidores internacionais para a Argentina, atra\u00eddos por um novo ambiente de neg\u00f3cios favor\u00e1vel Por Omar Godoy As maiores empresas da Argentina iniciaram um processo de revaloriza\u00e7\u00e3o impressionante ap\u00f3s a elei\u00e7\u00e3o de Javier Milei, em novembro do ano passado. \u00c9 o que afirma uma reportagem publicada neste [&hellip;]<\/p>\n","protected":false},"author":2,"featured_media":51357,"comment_status":"open","ping_status":"open","sticky":false,"template":"","format":"standard","meta":{"footnotes":""},"categories":[41],"tags":[5995,13295,17634,11609,2539,4182,946,18616,3553,736],"class_list":["post-55758","post","type-post","status-publish","format-standard","has-post-thumbnail","hentry","category-internacional","tag-argentina","tag-bancos","tag-bolsa-de-valores","tag-buenos-aires","tag-energia","tag-inflacao","tag-investimentos","tag-javier-milei","tag-mercado","tag-petroleo"],"yoast_head":"<!-- This site is optimized with the Yoast SEO plugin v26.5 - https:\/\/yoast.com\/wordpress\/plugins\/seo\/ -->\n<title>Efeito Milei: como as maiores empresas argentinas cresceram 130% no \u00faltimo ano - Jornal Fatos e Not\u00edcias<\/title>\n<meta name=\"robots\" content=\"index, follow, max-snippet:-1, max-image-preview:large, max-video-preview:-1\" \/>\n<link rel=\"canonical\" href=\"https:\/\/jornalfatosenoticias.com.br\/index.php\/2024\/11\/18\/efeito-milei-como-as-maiores-empresas-argentinas-cresceram-130-no-ultimo-ano\/\" \/>\n<meta property=\"og:locale\" content=\"pt_BR\" \/>\n<meta property=\"og:type\" content=\"article\" \/>\n<meta property=\"og:title\" content=\"Efeito Milei: como as maiores empresas argentinas cresceram 130% no \u00faltimo ano - Jornal Fatos e Not\u00edcias\" \/>\n<meta property=\"og:description\" content=\"Governo de Milei vem impulsionado as empresas e trazendo investidores internacionais para a Argentina, atra\u00eddos por um novo ambiente de neg\u00f3cios favor\u00e1vel Por Omar Godoy As maiores empresas da Argentina iniciaram um processo de revaloriza\u00e7\u00e3o impressionante ap\u00f3s a elei\u00e7\u00e3o de Javier Milei, em novembro do ano passado. \u00c9 o que afirma uma reportagem publicada neste [&hellip;]\" \/>\n<meta property=\"og:url\" content=\"https:\/\/jornalfatosenoticias.com.br\/index.php\/2024\/11\/18\/efeito-milei-como-as-maiores-empresas-argentinas-cresceram-130-no-ultimo-ano\/\" \/>\n<meta property=\"og:site_name\" content=\"Jornal Fatos e Not\u00edcias\" \/>\n<meta property=\"article:published_time\" content=\"2024-11-18T13:24:12+00:00\" \/>\n<meta property=\"article:modified_time\" content=\"2024-11-18T13:24:14+00:00\" \/>\n<meta property=\"og:image\" content=\"https:\/\/jornalfatosenoticias.com.br\/wp-content\/uploads\/2024\/05\/Javier-Milei_gettyimages.jpg\" \/>\n\t<meta property=\"og:image:width\" content=\"612\" \/>\n\t<meta property=\"og:image:height\" content=\"408\" \/>\n\t<meta property=\"og:image:type\" content=\"image\/jpeg\" \/>\n<meta name=\"author\" content=\"Luzimara Fernandes\" \/>\n<meta name=\"twitter:card\" content=\"summary_large_image\" \/>\n<meta name=\"twitter:label1\" content=\"Escrito por\" \/>\n\t<meta name=\"twitter:data1\" content=\"Luzimara Fernandes\" \/>\n\t<meta name=\"twitter:label2\" content=\"Est. tempo de leitura\" \/>\n\t<meta name=\"twitter:data2\" content=\"3 minutos\" \/>\n<script type=\"application\/ld+json\" class=\"yoast-schema-graph\">{\"@context\":\"https:\/\/schema.org\",\"@graph\":[{\"@type\":\"Article\",\"@id\":\"https:\/\/jornalfatosenoticias.com.br\/index.php\/2024\/11\/18\/efeito-milei-como-as-maiores-empresas-argentinas-cresceram-130-no-ultimo-ano\/#article\",\"isPartOf\":{\"@id\":\"https:\/\/jornalfatosenoticias.com.br\/index.php\/2024\/11\/18\/efeito-milei-como-as-maiores-empresas-argentinas-cresceram-130-no-ultimo-ano\/\"},\"author\":{\"name\":\"Luzimara Fernandes\",\"@id\":\"https:\/\/jornalfatosenoticias.com.br\/#\/schema\/person\/d63837fa13ac8666eb9e74e0985d6f81\"},\"headline\":\"Efeito Milei: como as maiores empresas argentinas cresceram 130% no \u00faltimo ano\",\"datePublished\":\"2024-11-18T13:24:12+00:00\",\"dateModified\":\"2024-11-18T13:24:14+00:00\",\"mainEntityOfPage\":{\"@id\":\"https:\/\/jornalfatosenoticias.com.br\/index.php\/2024\/11\/18\/efeito-milei-como-as-maiores-empresas-argentinas-cresceram-130-no-ultimo-ano\/\"},\"wordCount\":518,\"commentCount\":0,\"publisher\":{\"@id\":\"https:\/\/jornalfatosenoticias.com.br\/#organization\"},\"image\":{\"@id\":\"https:\/\/jornalfatosenoticias.com.br\/index.php\/2024\/11\/18\/efeito-milei-como-as-maiores-empresas-argentinas-cresceram-130-no-ultimo-ano\/#primaryimage\"},\"thumbnailUrl\":\"https:\/\/jornalfatosenoticias.com.br\/wp-content\/uploads\/2024\/05\/Javier-Milei_gettyimages.jpg\",\"keywords\":[\"Argentina\",\"bancos\",\"Bolsa de Valores\",\"Buenos Aires\",\"energia\",\"infla\u00e7\u00e3o\",\"investimentos\",\"Javier Milei\",\"mercado\",\"petr\u00f3leo\"],\"articleSection\":[\"Internacional\"],\"inLanguage\":\"pt-BR\",\"potentialAction\":[{\"@type\":\"CommentAction\",\"name\":\"Comment\",\"target\":[\"https:\/\/jornalfatosenoticias.com.br\/index.php\/2024\/11\/18\/efeito-milei-como-as-maiores-empresas-argentinas-cresceram-130-no-ultimo-ano\/#respond\"]}]},{\"@type\":\"WebPage\",\"@id\":\"https:\/\/jornalfatosenoticias.com.br\/index.php\/2024\/11\/18\/efeito-milei-como-as-maiores-empresas-argentinas-cresceram-130-no-ultimo-ano\/\",\"url\":\"https:\/\/jornalfatosenoticias.com.br\/index.php\/2024\/11\/18\/efeito-milei-como-as-maiores-empresas-argentinas-cresceram-130-no-ultimo-ano\/\",\"name\":\"Efeito Milei: como as maiores empresas argentinas cresceram 130% no \u00faltimo ano - Jornal Fatos e Not\u00edcias\",\"isPartOf\":{\"@id\":\"https:\/\/jornalfatosenoticias.com.br\/#website\"},\"primaryImageOfPage\":{\"@id\":\"https:\/\/jornalfatosenoticias.com.br\/index.php\/2024\/11\/18\/efeito-milei-como-as-maiores-empresas-argentinas-cresceram-130-no-ultimo-ano\/#primaryimage\"},\"image\":{\"@id\":\"https:\/\/jornalfatosenoticias.com.br\/index.php\/2024\/11\/18\/efeito-milei-como-as-maiores-empresas-argentinas-cresceram-130-no-ultimo-ano\/#primaryimage\"},\"thumbnailUrl\":\"https:\/\/jornalfatosenoticias.com.br\/wp-content\/uploads\/2024\/05\/Javier-Milei_gettyimages.jpg\",\"datePublished\":\"2024-11-18T13:24:12+00:00\",\"dateModified\":\"2024-11-18T13:24:14+00:00\",\"breadcrumb\":{\"@id\":\"https:\/\/jornalfatosenoticias.com.br\/index.php\/2024\/11\/18\/efeito-milei-como-as-maiores-empresas-argentinas-cresceram-130-no-ultimo-ano\/#breadcrumb\"},\"inLanguage\":\"pt-BR\",\"potentialAction\":[{\"@type\":\"ReadAction\",\"target\":[\"https:\/\/jornalfatosenoticias.com.br\/index.php\/2024\/11\/18\/efeito-milei-como-as-maiores-empresas-argentinas-cresceram-130-no-ultimo-ano\/\"]}]},{\"@type\":\"ImageObject\",\"inLanguage\":\"pt-BR\",\"@id\":\"https:\/\/jornalfatosenoticias.com.br\/index.php\/2024\/11\/18\/efeito-milei-como-as-maiores-empresas-argentinas-cresceram-130-no-ultimo-ano\/#primaryimage\",\"url\":\"https:\/\/jornalfatosenoticias.com.br\/wp-content\/uploads\/2024\/05\/Javier-Milei_gettyimages.jpg\",\"contentUrl\":\"https:\/\/jornalfatosenoticias.com.br\/wp-content\/uploads\/2024\/05\/Javier-Milei_gettyimages.jpg\",\"width\":612,\"height\":408,\"caption\":\"BUENOS AIRES, ARGENTINA - MARCH 01: (EDITORS NOTE: This image is an alternate crop. Original version available.) President of Argentina Javier Milei speaks to lawmakers during the opening session of the Argentine Congress for the period 2024 on March 01, 2024 in Buenos Aires, Argentina. (Photo by Tomas Cuesta\/Getty Images)\"},{\"@type\":\"BreadcrumbList\",\"@id\":\"https:\/\/jornalfatosenoticias.com.br\/index.php\/2024\/11\/18\/efeito-milei-como-as-maiores-empresas-argentinas-cresceram-130-no-ultimo-ano\/#breadcrumb\",\"itemListElement\":[{\"@type\":\"ListItem\",\"position\":1,\"name\":\"In\u00edcio\",\"item\":\"https:\/\/jornalfatosenoticias.com.br\/\"},{\"@type\":\"ListItem\",\"position\":2,\"name\":\"Efeito Milei: como as maiores empresas argentinas cresceram 130% no \u00faltimo ano\"}]},{\"@type\":\"WebSite\",\"@id\":\"https:\/\/jornalfatosenoticias.com.br\/#website\",\"url\":\"https:\/\/jornalfatosenoticias.com.br\/\",\"name\":\"Jornal Fatos e Not\u00edcias\",\"description\":\"Not\u00edcias em geral\",\"publisher\":{\"@id\":\"https:\/\/jornalfatosenoticias.com.br\/#organization\"},\"potentialAction\":[{\"@type\":\"SearchAction\",\"target\":{\"@type\":\"EntryPoint\",\"urlTemplate\":\"https:\/\/jornalfatosenoticias.com.br\/?s={search_term_string}\"},\"query-input\":{\"@type\":\"PropertyValueSpecification\",\"valueRequired\":true,\"valueName\":\"search_term_string\"}}],\"inLanguage\":\"pt-BR\"},{\"@type\":\"Organization\",\"@id\":\"https:\/\/jornalfatosenoticias.com.br\/#organization\",\"name\":\"Jornal Fatos e Not\u00edcias\",\"url\":\"https:\/\/jornalfatosenoticias.com.br\/\",\"logo\":{\"@type\":\"ImageObject\",\"inLanguage\":\"pt-BR\",\"@id\":\"https:\/\/jornalfatosenoticias.com.br\/#\/schema\/logo\/image\/\",\"url\":\"https:\/\/jornalfatosenoticias.com.br\/wp-content\/uploads\/2020\/02\/logo120.png\",\"contentUrl\":\"https:\/\/jornalfatosenoticias.com.br\/wp-content\/uploads\/2020\/02\/logo120.png\",\"width\":1227,\"height\":120,\"caption\":\"Jornal Fatos e Not\u00edcias\"},\"image\":{\"@id\":\"https:\/\/jornalfatosenoticias.com.br\/#\/schema\/logo\/image\/\"}},{\"@type\":\"Person\",\"@id\":\"https:\/\/jornalfatosenoticias.com.br\/#\/schema\/person\/d63837fa13ac8666eb9e74e0985d6f81\",\"name\":\"Luzimara Fernandes\",\"image\":{\"@type\":\"ImageObject\",\"inLanguage\":\"pt-BR\",\"@id\":\"https:\/\/jornalfatosenoticias.com.br\/#\/schema\/person\/image\/\",\"url\":\"https:\/\/jornalfatosenoticias.com.br\/wp-content\/uploads\/2025\/05\/EU_portal.jpg\",\"contentUrl\":\"https:\/\/jornalfatosenoticias.com.br\/wp-content\/uploads\/2025\/05\/EU_portal.jpg\",\"caption\":\"Luzimara Fernandes\"},\"description\":\"Jornalista MTB 2358-ES\",\"sameAs\":[\"https:\/\/jornalfatosenoticias.com.br\"],\"url\":\"https:\/\/jornalfatosenoticias.com.br\/index.php\/author\/luzimara\/\"}]}<\/script>\n<!-- \/ Yoast SEO plugin. -->","yoast_head_json":{"title":"Efeito Milei: como as maiores empresas argentinas cresceram 130% no \u00faltimo ano - Jornal Fatos e Not\u00edcias","robots":{"index":"index","follow":"follow","max-snippet":"max-snippet:-1","max-image-preview":"max-image-preview:large","max-video-preview":"max-video-preview:-1"},"canonical":"https:\/\/jornalfatosenoticias.com.br\/index.php\/2024\/11\/18\/efeito-milei-como-as-maiores-empresas-argentinas-cresceram-130-no-ultimo-ano\/","og_locale":"pt_BR","og_type":"article","og_title":"Efeito Milei: como as maiores empresas argentinas cresceram 130% no \u00faltimo ano - Jornal Fatos e Not\u00edcias","og_description":"Governo de Milei vem impulsionado as empresas e trazendo investidores internacionais para a Argentina, atra\u00eddos por um novo ambiente de neg\u00f3cios favor\u00e1vel Por Omar Godoy As maiores empresas da Argentina iniciaram um processo de revaloriza\u00e7\u00e3o impressionante ap\u00f3s a elei\u00e7\u00e3o de Javier Milei, em novembro do ano passado. \u00c9 o que afirma uma reportagem publicada neste [&hellip;]","og_url":"https:\/\/jornalfatosenoticias.com.br\/index.php\/2024\/11\/18\/efeito-milei-como-as-maiores-empresas-argentinas-cresceram-130-no-ultimo-ano\/","og_site_name":"Jornal Fatos e Not\u00edcias","article_published_time":"2024-11-18T13:24:12+00:00","article_modified_time":"2024-11-18T13:24:14+00:00","og_image":[{"width":612,"height":408,"url":"https:\/\/jornalfatosenoticias.com.br\/wp-content\/uploads\/2024\/05\/Javier-Milei_gettyimages.jpg","type":"image\/jpeg"}],"author":"Luzimara Fernandes","twitter_card":"summary_large_image","twitter_misc":{"Escrito por":"Luzimara Fernandes","Est. tempo de leitura":"3 minutos"},"schema":{"@context":"https:\/\/schema.org","@graph":[{"@type":"Article","@id":"https:\/\/jornalfatosenoticias.com.br\/index.php\/2024\/11\/18\/efeito-milei-como-as-maiores-empresas-argentinas-cresceram-130-no-ultimo-ano\/#article","isPartOf":{"@id":"https:\/\/jornalfatosenoticias.com.br\/index.php\/2024\/11\/18\/efeito-milei-como-as-maiores-empresas-argentinas-cresceram-130-no-ultimo-ano\/"},"author":{"name":"Luzimara Fernandes","@id":"https:\/\/jornalfatosenoticias.com.br\/#\/schema\/person\/d63837fa13ac8666eb9e74e0985d6f81"},"headline":"Efeito Milei: como as maiores empresas argentinas cresceram 130% no \u00faltimo ano","datePublished":"2024-11-18T13:24:12+00:00","dateModified":"2024-11-18T13:24:14+00:00","mainEntityOfPage":{"@id":"https:\/\/jornalfatosenoticias.com.br\/index.php\/2024\/11\/18\/efeito-milei-como-as-maiores-empresas-argentinas-cresceram-130-no-ultimo-ano\/"},"wordCount":518,"commentCount":0,"publisher":{"@id":"https:\/\/jornalfatosenoticias.com.br\/#organization"},"image":{"@id":"https:\/\/jornalfatosenoticias.com.br\/index.php\/2024\/11\/18\/efeito-milei-como-as-maiores-empresas-argentinas-cresceram-130-no-ultimo-ano\/#primaryimage"},"thumbnailUrl":"https:\/\/jornalfatosenoticias.com.br\/wp-content\/uploads\/2024\/05\/Javier-Milei_gettyimages.jpg","keywords":["Argentina","bancos","Bolsa de Valores","Buenos Aires","energia","infla\u00e7\u00e3o","investimentos","Javier Milei","mercado","petr\u00f3leo"],"articleSection":["Internacional"],"inLanguage":"pt-BR","potentialAction":[{"@type":"CommentAction","name":"Comment","target":["https:\/\/jornalfatosenoticias.com.br\/index.php\/2024\/11\/18\/efeito-milei-como-as-maiores-empresas-argentinas-cresceram-130-no-ultimo-ano\/#respond"]}]},{"@type":"WebPage","@id":"https:\/\/jornalfatosenoticias.com.br\/index.php\/2024\/11\/18\/efeito-milei-como-as-maiores-empresas-argentinas-cresceram-130-no-ultimo-ano\/","url":"https:\/\/jornalfatosenoticias.com.br\/index.php\/2024\/11\/18\/efeito-milei-como-as-maiores-empresas-argentinas-cresceram-130-no-ultimo-ano\/","name":"Efeito Milei: como as maiores empresas argentinas cresceram 130% no \u00faltimo ano - Jornal Fatos e Not\u00edcias","isPartOf":{"@id":"https:\/\/jornalfatosenoticias.com.br\/#website"},"primaryImageOfPage":{"@id":"https:\/\/jornalfatosenoticias.com.br\/index.php\/2024\/11\/18\/efeito-milei-como-as-maiores-empresas-argentinas-cresceram-130-no-ultimo-ano\/#primaryimage"},"image":{"@id":"https:\/\/jornalfatosenoticias.com.br\/index.php\/2024\/11\/18\/efeito-milei-como-as-maiores-empresas-argentinas-cresceram-130-no-ultimo-ano\/#primaryimage"},"thumbnailUrl":"https:\/\/jornalfatosenoticias.com.br\/wp-content\/uploads\/2024\/05\/Javier-Milei_gettyimages.jpg","datePublished":"2024-11-18T13:24:12+00:00","dateModified":"2024-11-18T13:24:14+00:00","breadcrumb":{"@id":"https:\/\/jornalfatosenoticias.com.br\/index.php\/2024\/11\/18\/efeito-milei-como-as-maiores-empresas-argentinas-cresceram-130-no-ultimo-ano\/#breadcrumb"},"inLanguage":"pt-BR","potentialAction":[{"@type":"ReadAction","target":["https:\/\/jornalfatosenoticias.com.br\/index.php\/2024\/11\/18\/efeito-milei-como-as-maiores-empresas-argentinas-cresceram-130-no-ultimo-ano\/"]}]},{"@type":"ImageObject","inLanguage":"pt-BR","@id":"https:\/\/jornalfatosenoticias.com.br\/index.php\/2024\/11\/18\/efeito-milei-como-as-maiores-empresas-argentinas-cresceram-130-no-ultimo-ano\/#primaryimage","url":"https:\/\/jornalfatosenoticias.com.br\/wp-content\/uploads\/2024\/05\/Javier-Milei_gettyimages.jpg","contentUrl":"https:\/\/jornalfatosenoticias.com.br\/wp-content\/uploads\/2024\/05\/Javier-Milei_gettyimages.jpg","width":612,"height":408,"caption":"BUENOS AIRES, ARGENTINA - MARCH 01: (EDITORS NOTE: This image is an alternate crop. Original version available.) President of Argentina Javier Milei speaks to lawmakers during the opening session of the Argentine Congress for the period 2024 on March 01, 2024 in Buenos Aires, Argentina. (Photo by Tomas Cuesta\/Getty Images)"},{"@type":"BreadcrumbList","@id":"https:\/\/jornalfatosenoticias.com.br\/index.php\/2024\/11\/18\/efeito-milei-como-as-maiores-empresas-argentinas-cresceram-130-no-ultimo-ano\/#breadcrumb","itemListElement":[{"@type":"ListItem","position":1,"name":"In\u00edcio","item":"https:\/\/jornalfatosenoticias.com.br\/"},{"@type":"ListItem","position":2,"name":"Efeito Milei: como as maiores empresas argentinas cresceram 130% no \u00faltimo ano"}]},{"@type":"WebSite","@id":"https:\/\/jornalfatosenoticias.com.br\/#website","url":"https:\/\/jornalfatosenoticias.com.br\/","name":"Jornal Fatos e Not\u00edcias","description":"Not\u00edcias em geral","publisher":{"@id":"https:\/\/jornalfatosenoticias.com.br\/#organization"},"potentialAction":[{"@type":"SearchAction","target":{"@type":"EntryPoint","urlTemplate":"https:\/\/jornalfatosenoticias.com.br\/?s={search_term_string}"},"query-input":{"@type":"PropertyValueSpecification","valueRequired":true,"valueName":"search_term_string"}}],"inLanguage":"pt-BR"},{"@type":"Organization","@id":"https:\/\/jornalfatosenoticias.com.br\/#organization","name":"Jornal Fatos e Not\u00edcias","url":"https:\/\/jornalfatosenoticias.com.br\/","logo":{"@type":"ImageObject","inLanguage":"pt-BR","@id":"https:\/\/jornalfatosenoticias.com.br\/#\/schema\/logo\/image\/","url":"https:\/\/jornalfatosenoticias.com.br\/wp-content\/uploads\/2020\/02\/logo120.png","contentUrl":"https:\/\/jornalfatosenoticias.com.br\/wp-content\/uploads\/2020\/02\/logo120.png","width":1227,"height":120,"caption":"Jornal Fatos e Not\u00edcias"},"image":{"@id":"https:\/\/jornalfatosenoticias.com.br\/#\/schema\/logo\/image\/"}},{"@type":"Person","@id":"https:\/\/jornalfatosenoticias.com.br\/#\/schema\/person\/d63837fa13ac8666eb9e74e0985d6f81","name":"Luzimara Fernandes","image":{"@type":"ImageObject","inLanguage":"pt-BR","@id":"https:\/\/jornalfatosenoticias.com.br\/#\/schema\/person\/image\/","url":"https:\/\/jornalfatosenoticias.com.br\/wp-content\/uploads\/2025\/05\/EU_portal.jpg","contentUrl":"https:\/\/jornalfatosenoticias.com.br\/wp-content\/uploads\/2025\/05\/EU_portal.jpg","caption":"Luzimara Fernandes"},"description":"Jornalista MTB 2358-ES","sameAs":["https:\/\/jornalfatosenoticias.com.br"],"url":"https:\/\/jornalfatosenoticias.com.br\/index.php\/author\/luzimara\/"}]}},"cc_featured_image_caption":{"caption_text":"(Foto: Getty Images) ","source_text":"","source_url":""},"jetpack_featured_media_url":"https:\/\/jornalfatosenoticias.com.br\/wp-content\/uploads\/2024\/05\/Javier-Milei_gettyimages.jpg","_links":{"self":[{"href":"https:\/\/jornalfatosenoticias.com.br\/index.php\/wp-json\/wp\/v2\/posts\/55758","targetHints":{"allow":["GET"]}}],"collection":[{"href":"https:\/\/jornalfatosenoticias.com.br\/index.php\/wp-json\/wp\/v2\/posts"}],"about":[{"href":"https:\/\/jornalfatosenoticias.com.br\/index.php\/wp-json\/wp\/v2\/types\/post"}],"author":[{"embeddable":true,"href":"https:\/\/jornalfatosenoticias.com.br\/index.php\/wp-json\/wp\/v2\/users\/2"}],"replies":[{"embeddable":true,"href":"https:\/\/jornalfatosenoticias.com.br\/index.php\/wp-json\/wp\/v2\/comments?post=55758"}],"version-history":[{"count":0,"href":"https:\/\/jornalfatosenoticias.com.br\/index.php\/wp-json\/wp\/v2\/posts\/55758\/revisions"}],"wp:featuredmedia":[{"embeddable":true,"href":"https:\/\/jornalfatosenoticias.com.br\/index.php\/wp-json\/wp\/v2\/media\/51357"}],"wp:attachment":[{"href":"https:\/\/jornalfatosenoticias.com.br\/index.php\/wp-json\/wp\/v2\/media?parent=55758"}],"wp:term":[{"taxonomy":"category","embeddable":true,"href":"https:\/\/jornalfatosenoticias.com.br\/index.php\/wp-json\/wp\/v2\/categories?post=55758"},{"taxonomy":"post_tag","embeddable":true,"href":"https:\/\/jornalfatosenoticias.com.br\/index.php\/wp-json\/wp\/v2\/tags?post=55758"}],"curies":[{"name":"wp","href":"https:\/\/api.w.org\/{rel}","templated":true}]}}