{"id":55760,"date":"2024-11-18T10:39:57","date_gmt":"2024-11-18T13:39:57","guid":{"rendered":"https:\/\/jornalfatosenoticias.com.br\/?p=55760"},"modified":"2024-11-18T10:39:58","modified_gmt":"2024-11-18T13:39:58","slug":"com-lula-despesas-do-governo-federal-com-funcionalismo-sao-as-maiores-desde-2008","status":"publish","type":"post","link":"https:\/\/jornalfatosenoticias.com.br\/index.php\/2024\/11\/18\/com-lula-despesas-do-governo-federal-com-funcionalismo-sao-as-maiores-desde-2008\/","title":{"rendered":"Com Lula, despesas do governo federal com funcionalismo s\u00e3o as maiores desde 2008"},"content":{"rendered":"\n<p><em><span class=\"has-inline-color has-black-color\">Vista da Esplanada dos Minist\u00e9rios em Bras\u00edlia<\/span><\/em><\/p>\n\n\n\n<p><span class=\"has-inline-color has-black-color\">Por <strong><a href=\"https:\/\/www.gazetadopovo.com.br\/autor\/vandre-kramer\/\" rel=\"nofollow\">Vandr\u00e9 Kramer<\/a><\/strong><\/span><\/p>\n\n\n\n<div class=\"wp-block-image\"><figure class=\"aligncenter size-large is-resized\"><a href=\"https:\/\/www.legisjuris.com.br\/\"><img loading=\"lazy\" decoding=\"async\" src=\"https:\/\/jornalfatosenoticias.com.br\/wp-content\/uploads\/2024\/09\/Legis-Juris-Consultoria_logo.jpg\" alt=\"\" class=\"wp-image-53915\" width=\"420\" height=\"176\" srcset=\"https:\/\/jornalfatosenoticias.com.br\/wp-content\/uploads\/2024\/09\/Legis-Juris-Consultoria_logo.jpg 969w, https:\/\/jornalfatosenoticias.com.br\/wp-content\/uploads\/2024\/09\/Legis-Juris-Consultoria_logo-300x126.jpg 300w, https:\/\/jornalfatosenoticias.com.br\/wp-content\/uploads\/2024\/09\/Legis-Juris-Consultoria_logo-768x322.jpg 768w\" sizes=\"auto, (max-width: 420px) 100vw, 420px\" \/><\/a><\/figure><\/div>\n\n\n\n<p>As despesas de pessoal do governo federal nos 12 meses encerrados em outubro somaram R$ 382,2 bilh\u00f5es, registrando um crescimento real de 8% em rela\u00e7\u00e3o ao mesmo per\u00edodo encerrado em outubro de 2023, j\u00e1 considerando o desconto da infla\u00e7\u00e3o. O valor, que inclui o funcionalismo p\u00fablico na ativa, al\u00e9m dos aposentados e pensionistas \u00e9 o maior da s\u00e9rie hist\u00f3rica do Painel Estat\u00edstico de Pessoal, iniciada em 2008.<br>Segundo o Painel, em outubro havia 1,2 milh\u00e3o de servidores federais, dos quais 47,1% estavam na ativa, 32,9% eram aposentados e o restante era formado por vinculados a institutos de pens\u00e3o. No comparativo entre os meses de outubro de 2022 e 2023, as despesas por servidor tiveram um aumento real de 7,7%.<\/p>\n\n\n\n<div class=\"wp-block-image\"><figure class=\"aligncenter size-large\"><a href=\"http:\/\/www.ferrarimaquinas.com.br\/\"><img loading=\"lazy\" decoding=\"async\" width=\"300\" height=\"250\" src=\"https:\/\/jornalfatosenoticias.com.br\/wp-content\/uploads\/2022\/02\/FERRARI_MAQUINAS-E-FERRAMENTAS2.jpg\" alt=\"\" class=\"wp-image-27860\"\/><\/a><\/figure><\/div>\n\n\n\n<p>Atualmente, o menor sal\u00e1rio na tabela de remunera\u00e7\u00e3o do servi\u00e7o p\u00fablico federal \u00e9 de R$ 1.590,73, enquanto o maior chega a R$ 33.721,23. No setor privado, a realidade salarial \u00e9 bem distinta. O sal\u00e1rio m\u00e9dio de um empregado era de R$ 3 mil em setembro, conforme dados do Instituto Brasileiro de Geografia e Estat\u00edstica (IBGE), um aumento real de 3,3% em rela\u00e7\u00e3o ao mesmo m\u00eas de 2022.<\/p>\n\n\n\n<div class=\"wp-block-image\"><figure class=\"aligncenter size-large is-resized\"><a href=\"https:\/\/panper.com.br\/\"><img loading=\"lazy\" decoding=\"async\" src=\"https:\/\/jornalfatosenoticias.com.br\/wp-content\/uploads\/2023\/03\/logo-Panper_portal.jpg\" alt=\"\" class=\"wp-image-40208\" width=\"327\" height=\"226\" srcset=\"https:\/\/jornalfatosenoticias.com.br\/wp-content\/uploads\/2023\/03\/logo-Panper_portal.jpg 400w, https:\/\/jornalfatosenoticias.com.br\/wp-content\/uploads\/2023\/03\/logo-Panper_portal-300x208.jpg 300w\" sizes=\"auto, (max-width: 327px) 100vw, 327px\" \/><\/a><\/figure><\/div>\n\n\n\n<p>Apesar das press\u00f5es por cortes nos gastos, o governo enfrenta desafios para reduzir as despesas. Desde maio de 2023, as contas p\u00fablicas t\u00eam registrado d\u00e9ficit prim\u00e1rio, que corresponde ao saldo negativo entre receitas e despesas, exclu\u00eddos os gastos com juros da d\u00edvida p\u00fablica.<\/p>\n\n\n\n<div class=\"wp-block-image\"><figure class=\"aligncenter size-large is-resized\"><a href=\"https:\/\/www.instagram.com\/vmais.midias\/\"><img loading=\"lazy\" decoding=\"async\" src=\"https:\/\/jornalfatosenoticias.com.br\/wp-content\/uploads\/2020\/02\/DE-MAIS-DESTAQUE-VMAIS-800X700.png\" alt=\"\" class=\"wp-image-53112\" width=\"285\" height=\"249\" srcset=\"https:\/\/jornalfatosenoticias.com.br\/wp-content\/uploads\/2020\/02\/DE-MAIS-DESTAQUE-VMAIS-800X700.png 800w, https:\/\/jornalfatosenoticias.com.br\/wp-content\/uploads\/2020\/02\/DE-MAIS-DESTAQUE-VMAIS-800X700-300x263.png 300w, https:\/\/jornalfatosenoticias.com.br\/wp-content\/uploads\/2020\/02\/DE-MAIS-DESTAQUE-VMAIS-800X700-768x672.png 768w\" sizes=\"auto, (max-width: 285px) 100vw, 285px\" \/><\/a><\/figure><\/div>\n\n\n\n<p>Uma das poucas declara\u00e7\u00f5es sobre poss\u00edveis mudan\u00e7as no funcionalismo p\u00fablico veio da ministra do Planejamento e Or\u00e7amento, Simone Tebet, que criticou os \u201csupersal\u00e1rios\u201d no setor p\u00fablico. \u201cSal\u00e1rios acima do limite constitucional n\u00e3o s\u00e3o apenas desperd\u00edcio; s\u00e3o ilegais, inconstitucionais e imorais. Se o corte ser\u00e1 agora ou em um segundo momento, depender\u00e1 de conversas com o presidente e, posteriormente, com o Congresso Nacional\u201d, afirmou ela em 15 de outubro.<\/p>\n\n\n\n<div class=\"wp-block-image\"><figure class=\"aligncenter size-large is-resized\"><a href=\"https:\/\/www.instagram.com\/ligadossaborespizzaria\/\"><img loading=\"lazy\" decoding=\"async\" src=\"https:\/\/jornalfatosenoticias.com.br\/wp-content\/uploads\/2020\/02\/WhatsApp-Image-2024-10-02-at-08.18.14-819x1024.jpeg\" alt=\"\" class=\"wp-image-54612\" width=\"288\" height=\"360\" srcset=\"https:\/\/jornalfatosenoticias.com.br\/wp-content\/uploads\/2020\/02\/WhatsApp-Image-2024-10-02-at-08.18.14-819x1024.jpeg 819w, https:\/\/jornalfatosenoticias.com.br\/wp-content\/uploads\/2020\/02\/WhatsApp-Image-2024-10-02-at-08.18.14-240x300.jpeg 240w, https:\/\/jornalfatosenoticias.com.br\/wp-content\/uploads\/2020\/02\/WhatsApp-Image-2024-10-02-at-08.18.14-768x960.jpeg 768w, https:\/\/jornalfatosenoticias.com.br\/wp-content\/uploads\/2020\/02\/WhatsApp-Image-2024-10-02-at-08.18.14.jpeg 1024w\" sizes=\"auto, (max-width: 288px) 100vw, 288px\" \/><\/a><\/figure><\/div>\n\n\n\n<p>A quest\u00e3o dos supersal\u00e1rios tamb\u00e9m foi abordada pelo ministro da Fazenda, Fernando Haddad, que, junto com Tebet, trabalha em um plano para conten\u00e7\u00e3o estrutural de despesas. No entanto, um projeto de lei apresentado pelo governo mant\u00e9m a possibilidade de pagamento de duas verbas indenizat\u00f3rias, conhecidas como &#8220;penduricalhos&#8221;, sem sujei\u00e7\u00e3o ao teto constitucional, o que reduz as chances de economias estimadas entre R$ 3 bilh\u00f5es e R$ 4 bilh\u00f5es, al\u00e9m de dificultar futuras reformas administrativas. Essa an\u00e1lise foi realizada pelo movimento Livres, um think tank defensor do liberalismo econ\u00f4mico.<\/p>\n\n\n\n<div class=\"wp-block-image\"><figure class=\"aligncenter size-large is-resized\"><a href=\"https:\/\/www.instagram.com\/serra4x4cambioautomatico\/\"><img loading=\"lazy\" decoding=\"async\" src=\"https:\/\/jornalfatosenoticias.com.br\/wp-content\/uploads\/2024\/08\/Serra-4x4-1-886x1024.jpg\" alt=\"\" class=\"wp-image-53632\" width=\"300\" height=\"346\" srcset=\"https:\/\/jornalfatosenoticias.com.br\/wp-content\/uploads\/2024\/08\/Serra-4x4-1-886x1024.jpg 886w, https:\/\/jornalfatosenoticias.com.br\/wp-content\/uploads\/2024\/08\/Serra-4x4-1-260x300.jpg 260w, https:\/\/jornalfatosenoticias.com.br\/wp-content\/uploads\/2024\/08\/Serra-4x4-1-768x888.jpg 768w, https:\/\/jornalfatosenoticias.com.br\/wp-content\/uploads\/2024\/08\/Serra-4x4-1.jpg 1181w\" sizes=\"auto, (max-width: 300px) 100vw, 300px\" \/><\/a><\/figure><\/div>\n\n\n\n<p>Paralelamente, o Minist\u00e9rio da Gest\u00e3o est\u00e1 elaborando um projeto de lei que prev\u00ea reajustes de at\u00e9 30% para servidores em cargos comissionados e fun\u00e7\u00f5es gratificadas, incluindo assessores diretos de ministros e dirigentes de ag\u00eancias reguladoras. Esse aumento est\u00e1 em discuss\u00e3o desde 2023, quando o governo de Luiz In\u00e1cio Lula da Silva concedeu um reajuste de 9% para o funcionalismo p\u00fablico, sem, no entanto, corrigir os sal\u00e1rios dos ocupantes de cargos comissionados.<\/p>\n\n\n\n<div class=\"wp-block-image\"><figure class=\"aligncenter size-large\"><a href=\"https:\/\/www.facebook.com\/vetor.vix\/\"><img loading=\"lazy\" decoding=\"async\" width=\"1024\" height=\"273\" src=\"https:\/\/jornalfatosenoticias.com.br\/wp-content\/uploads\/2023\/09\/vetorvix1024_1.jpg\" alt=\"\" class=\"wp-image-44868\" srcset=\"https:\/\/jornalfatosenoticias.com.br\/wp-content\/uploads\/2023\/09\/vetorvix1024_1.jpg 1024w, https:\/\/jornalfatosenoticias.com.br\/wp-content\/uploads\/2023\/09\/vetorvix1024_1-300x80.jpg 300w, https:\/\/jornalfatosenoticias.com.br\/wp-content\/uploads\/2023\/09\/vetorvix1024_1-768x205.jpg 768w\" sizes=\"auto, (max-width: 1024px) 100vw, 1024px\" \/><\/a><\/figure><\/div>\n\n\n\n<p><em><span class=\"has-inline-color has-black-color\">(<strong>Foto: <\/strong>F\u00e1bio Rodrigues-Pozzebom\/Ag\u00eancia Brasil)<\/span><\/em><\/p>\n\n\n\n<p><strong><em>Fonte: <a href=\"https:\/\/www.gazetadopovo.com.br\/economia\/funcionalismo-publico-federal-recorde-despesas-outubro\/\">Gazeta do Povo<\/a><\/em><\/strong><\/p>\n","protected":false},"excerpt":{"rendered":"<p>Vista da Esplanada dos Minist\u00e9rios em Bras\u00edlia Por Vandr\u00e9 Kramer As despesas de pessoal do governo federal nos 12 meses encerrados em outubro somaram R$ 382,2 bilh\u00f5es, registrando um crescimento real de 8% em rela\u00e7\u00e3o ao mesmo per\u00edodo encerrado em outubro de 2023, j\u00e1 considerando o desconto da infla\u00e7\u00e3o. O valor, que inclui o funcionalismo [&hellip;]<\/p>\n","protected":false},"author":2,"featured_media":55761,"comment_status":"open","ping_status":"open","sticky":false,"template":"","format":"standard","meta":{"footnotes":""},"categories":[9],"tags":[8163,25433,1309,18155,25434,860,4182,7580,21091],"class_list":["post-55760","post","type-post","status-publish","format-standard","has-post-thumbnail","hentry","category-economia","tag-contas-publicas","tag-despesas-do-governo-federal","tag-dinheiro-publico","tag-fernando-haddad","tag-funcionalismo","tag-governo-federal","tag-inflacao","tag-lula","tag-simone-tebet"],"yoast_head":"<!-- This site is optimized with the Yoast SEO plugin v26.5 - https:\/\/yoast.com\/wordpress\/plugins\/seo\/ -->\n<title>Com Lula, despesas do governo federal com funcionalismo s\u00e3o as maiores desde 2008 - Jornal Fatos e Not\u00edcias<\/title>\n<meta name=\"robots\" content=\"index, follow, max-snippet:-1, max-image-preview:large, max-video-preview:-1\" \/>\n<link rel=\"canonical\" href=\"https:\/\/jornalfatosenoticias.com.br\/index.php\/2024\/11\/18\/com-lula-despesas-do-governo-federal-com-funcionalismo-sao-as-maiores-desde-2008\/\" \/>\n<meta property=\"og:locale\" content=\"pt_BR\" \/>\n<meta property=\"og:type\" content=\"article\" \/>\n<meta property=\"og:title\" content=\"Com Lula, despesas do governo federal com funcionalismo s\u00e3o as maiores desde 2008 - Jornal Fatos e Not\u00edcias\" \/>\n<meta property=\"og:description\" content=\"Vista da Esplanada dos Minist\u00e9rios em Bras\u00edlia Por Vandr\u00e9 Kramer As despesas de pessoal do governo federal nos 12 meses encerrados em outubro somaram R$ 382,2 bilh\u00f5es, registrando um crescimento real de 8% em rela\u00e7\u00e3o ao mesmo per\u00edodo encerrado em outubro de 2023, j\u00e1 considerando o desconto da infla\u00e7\u00e3o. O valor, que inclui o funcionalismo [&hellip;]\" \/>\n<meta property=\"og:url\" content=\"https:\/\/jornalfatosenoticias.com.br\/index.php\/2024\/11\/18\/com-lula-despesas-do-governo-federal-com-funcionalismo-sao-as-maiores-desde-2008\/\" \/>\n<meta property=\"og:site_name\" content=\"Jornal Fatos e Not\u00edcias\" \/>\n<meta property=\"article:published_time\" content=\"2024-11-18T13:39:57+00:00\" \/>\n<meta property=\"article:modified_time\" content=\"2024-11-18T13:39:58+00:00\" \/>\n<meta property=\"og:image\" content=\"https:\/\/jornalfatosenoticias.com.br\/wp-content\/uploads\/2024\/11\/esplanada-dos-ministerios-foto-fabio-rodrigues-pozzebom-agencia-brasil-1.jpg\" \/>\n\t<meta property=\"og:image:width\" content=\"1000\" \/>\n\t<meta property=\"og:image:height\" content=\"561\" \/>\n\t<meta property=\"og:image:type\" content=\"image\/jpeg\" \/>\n<meta name=\"author\" content=\"Luzimara Fernandes\" \/>\n<meta name=\"twitter:card\" content=\"summary_large_image\" \/>\n<meta name=\"twitter:label1\" content=\"Escrito por\" \/>\n\t<meta name=\"twitter:data1\" content=\"Luzimara Fernandes\" \/>\n\t<meta name=\"twitter:label2\" content=\"Est. tempo de leitura\" \/>\n\t<meta name=\"twitter:data2\" content=\"3 minutos\" \/>\n<script type=\"application\/ld+json\" class=\"yoast-schema-graph\">{\"@context\":\"https:\/\/schema.org\",\"@graph\":[{\"@type\":\"Article\",\"@id\":\"https:\/\/jornalfatosenoticias.com.br\/index.php\/2024\/11\/18\/com-lula-despesas-do-governo-federal-com-funcionalismo-sao-as-maiores-desde-2008\/#article\",\"isPartOf\":{\"@id\":\"https:\/\/jornalfatosenoticias.com.br\/index.php\/2024\/11\/18\/com-lula-despesas-do-governo-federal-com-funcionalismo-sao-as-maiores-desde-2008\/\"},\"author\":{\"name\":\"Luzimara Fernandes\",\"@id\":\"https:\/\/jornalfatosenoticias.com.br\/#\/schema\/person\/d63837fa13ac8666eb9e74e0985d6f81\"},\"headline\":\"Com Lula, despesas do governo federal com funcionalismo s\u00e3o as maiores desde 2008\",\"datePublished\":\"2024-11-18T13:39:57+00:00\",\"dateModified\":\"2024-11-18T13:39:58+00:00\",\"mainEntityOfPage\":{\"@id\":\"https:\/\/jornalfatosenoticias.com.br\/index.php\/2024\/11\/18\/com-lula-despesas-do-governo-federal-com-funcionalismo-sao-as-maiores-desde-2008\/\"},\"wordCount\":526,\"commentCount\":0,\"publisher\":{\"@id\":\"https:\/\/jornalfatosenoticias.com.br\/#organization\"},\"image\":{\"@id\":\"https:\/\/jornalfatosenoticias.com.br\/index.php\/2024\/11\/18\/com-lula-despesas-do-governo-federal-com-funcionalismo-sao-as-maiores-desde-2008\/#primaryimage\"},\"thumbnailUrl\":\"https:\/\/jornalfatosenoticias.com.br\/wp-content\/uploads\/2024\/11\/esplanada-dos-ministerios-foto-fabio-rodrigues-pozzebom-agencia-brasil-1.jpg\",\"keywords\":[\"contas p\u00fablicas\",\"despesas do governo federal\",\"dinheiro p\u00fablico\",\"Fernando Haddad\",\"funcionalismo\",\"governo federal\",\"infla\u00e7\u00e3o\",\"Lula\",\"Simone Tebet\"],\"articleSection\":[\"Economia\"],\"inLanguage\":\"pt-BR\",\"potentialAction\":[{\"@type\":\"CommentAction\",\"name\":\"Comment\",\"target\":[\"https:\/\/jornalfatosenoticias.com.br\/index.php\/2024\/11\/18\/com-lula-despesas-do-governo-federal-com-funcionalismo-sao-as-maiores-desde-2008\/#respond\"]}]},{\"@type\":\"WebPage\",\"@id\":\"https:\/\/jornalfatosenoticias.com.br\/index.php\/2024\/11\/18\/com-lula-despesas-do-governo-federal-com-funcionalismo-sao-as-maiores-desde-2008\/\",\"url\":\"https:\/\/jornalfatosenoticias.com.br\/index.php\/2024\/11\/18\/com-lula-despesas-do-governo-federal-com-funcionalismo-sao-as-maiores-desde-2008\/\",\"name\":\"Com Lula, despesas do governo federal com funcionalismo s\u00e3o as maiores desde 2008 - Jornal Fatos e Not\u00edcias\",\"isPartOf\":{\"@id\":\"https:\/\/jornalfatosenoticias.com.br\/#website\"},\"primaryImageOfPage\":{\"@id\":\"https:\/\/jornalfatosenoticias.com.br\/index.php\/2024\/11\/18\/com-lula-despesas-do-governo-federal-com-funcionalismo-sao-as-maiores-desde-2008\/#primaryimage\"},\"image\":{\"@id\":\"https:\/\/jornalfatosenoticias.com.br\/index.php\/2024\/11\/18\/com-lula-despesas-do-governo-federal-com-funcionalismo-sao-as-maiores-desde-2008\/#primaryimage\"},\"thumbnailUrl\":\"https:\/\/jornalfatosenoticias.com.br\/wp-content\/uploads\/2024\/11\/esplanada-dos-ministerios-foto-fabio-rodrigues-pozzebom-agencia-brasil-1.jpg\",\"datePublished\":\"2024-11-18T13:39:57+00:00\",\"dateModified\":\"2024-11-18T13:39:58+00:00\",\"breadcrumb\":{\"@id\":\"https:\/\/jornalfatosenoticias.com.br\/index.php\/2024\/11\/18\/com-lula-despesas-do-governo-federal-com-funcionalismo-sao-as-maiores-desde-2008\/#breadcrumb\"},\"inLanguage\":\"pt-BR\",\"potentialAction\":[{\"@type\":\"ReadAction\",\"target\":[\"https:\/\/jornalfatosenoticias.com.br\/index.php\/2024\/11\/18\/com-lula-despesas-do-governo-federal-com-funcionalismo-sao-as-maiores-desde-2008\/\"]}]},{\"@type\":\"ImageObject\",\"inLanguage\":\"pt-BR\",\"@id\":\"https:\/\/jornalfatosenoticias.com.br\/index.php\/2024\/11\/18\/com-lula-despesas-do-governo-federal-com-funcionalismo-sao-as-maiores-desde-2008\/#primaryimage\",\"url\":\"https:\/\/jornalfatosenoticias.com.br\/wp-content\/uploads\/2024\/11\/esplanada-dos-ministerios-foto-fabio-rodrigues-pozzebom-agencia-brasil-1.jpg\",\"contentUrl\":\"https:\/\/jornalfatosenoticias.com.br\/wp-content\/uploads\/2024\/11\/esplanada-dos-ministerios-foto-fabio-rodrigues-pozzebom-agencia-brasil-1.jpg\",\"width\":1000,\"height\":561},{\"@type\":\"BreadcrumbList\",\"@id\":\"https:\/\/jornalfatosenoticias.com.br\/index.php\/2024\/11\/18\/com-lula-despesas-do-governo-federal-com-funcionalismo-sao-as-maiores-desde-2008\/#breadcrumb\",\"itemListElement\":[{\"@type\":\"ListItem\",\"position\":1,\"name\":\"In\u00edcio\",\"item\":\"https:\/\/jornalfatosenoticias.com.br\/\"},{\"@type\":\"ListItem\",\"position\":2,\"name\":\"Com Lula, despesas do governo federal com funcionalismo s\u00e3o as maiores desde 2008\"}]},{\"@type\":\"WebSite\",\"@id\":\"https:\/\/jornalfatosenoticias.com.br\/#website\",\"url\":\"https:\/\/jornalfatosenoticias.com.br\/\",\"name\":\"Jornal Fatos e Not\u00edcias\",\"description\":\"Not\u00edcias em geral\",\"publisher\":{\"@id\":\"https:\/\/jornalfatosenoticias.com.br\/#organization\"},\"potentialAction\":[{\"@type\":\"SearchAction\",\"target\":{\"@type\":\"EntryPoint\",\"urlTemplate\":\"https:\/\/jornalfatosenoticias.com.br\/?s={search_term_string}\"},\"query-input\":{\"@type\":\"PropertyValueSpecification\",\"valueRequired\":true,\"valueName\":\"search_term_string\"}}],\"inLanguage\":\"pt-BR\"},{\"@type\":\"Organization\",\"@id\":\"https:\/\/jornalfatosenoticias.com.br\/#organization\",\"name\":\"Jornal Fatos e Not\u00edcias\",\"url\":\"https:\/\/jornalfatosenoticias.com.br\/\",\"logo\":{\"@type\":\"ImageObject\",\"inLanguage\":\"pt-BR\",\"@id\":\"https:\/\/jornalfatosenoticias.com.br\/#\/schema\/logo\/image\/\",\"url\":\"https:\/\/jornalfatosenoticias.com.br\/wp-content\/uploads\/2020\/02\/logo120.png\",\"contentUrl\":\"https:\/\/jornalfatosenoticias.com.br\/wp-content\/uploads\/2020\/02\/logo120.png\",\"width\":1227,\"height\":120,\"caption\":\"Jornal Fatos e Not\u00edcias\"},\"image\":{\"@id\":\"https:\/\/jornalfatosenoticias.com.br\/#\/schema\/logo\/image\/\"}},{\"@type\":\"Person\",\"@id\":\"https:\/\/jornalfatosenoticias.com.br\/#\/schema\/person\/d63837fa13ac8666eb9e74e0985d6f81\",\"name\":\"Luzimara Fernandes\",\"image\":{\"@type\":\"ImageObject\",\"inLanguage\":\"pt-BR\",\"@id\":\"https:\/\/jornalfatosenoticias.com.br\/#\/schema\/person\/image\/\",\"url\":\"https:\/\/jornalfatosenoticias.com.br\/wp-content\/uploads\/2025\/05\/EU_portal.jpg\",\"contentUrl\":\"https:\/\/jornalfatosenoticias.com.br\/wp-content\/uploads\/2025\/05\/EU_portal.jpg\",\"caption\":\"Luzimara Fernandes\"},\"description\":\"Jornalista MTB 2358-ES\",\"sameAs\":[\"https:\/\/jornalfatosenoticias.com.br\"],\"url\":\"https:\/\/jornalfatosenoticias.com.br\/index.php\/author\/luzimara\/\"}]}<\/script>\n<!-- \/ Yoast SEO plugin. -->","yoast_head_json":{"title":"Com Lula, despesas do governo federal com funcionalismo s\u00e3o as maiores desde 2008 - Jornal Fatos e Not\u00edcias","robots":{"index":"index","follow":"follow","max-snippet":"max-snippet:-1","max-image-preview":"max-image-preview:large","max-video-preview":"max-video-preview:-1"},"canonical":"https:\/\/jornalfatosenoticias.com.br\/index.php\/2024\/11\/18\/com-lula-despesas-do-governo-federal-com-funcionalismo-sao-as-maiores-desde-2008\/","og_locale":"pt_BR","og_type":"article","og_title":"Com Lula, despesas do governo federal com funcionalismo s\u00e3o as maiores desde 2008 - Jornal Fatos e Not\u00edcias","og_description":"Vista da Esplanada dos Minist\u00e9rios em Bras\u00edlia Por Vandr\u00e9 Kramer As despesas de pessoal do governo federal nos 12 meses encerrados em outubro somaram R$ 382,2 bilh\u00f5es, registrando um crescimento real de 8% em rela\u00e7\u00e3o ao mesmo per\u00edodo encerrado em outubro de 2023, j\u00e1 considerando o desconto da infla\u00e7\u00e3o. O valor, que inclui o funcionalismo [&hellip;]","og_url":"https:\/\/jornalfatosenoticias.com.br\/index.php\/2024\/11\/18\/com-lula-despesas-do-governo-federal-com-funcionalismo-sao-as-maiores-desde-2008\/","og_site_name":"Jornal Fatos e Not\u00edcias","article_published_time":"2024-11-18T13:39:57+00:00","article_modified_time":"2024-11-18T13:39:58+00:00","og_image":[{"width":1000,"height":561,"url":"https:\/\/jornalfatosenoticias.com.br\/wp-content\/uploads\/2024\/11\/esplanada-dos-ministerios-foto-fabio-rodrigues-pozzebom-agencia-brasil-1.jpg","type":"image\/jpeg"}],"author":"Luzimara Fernandes","twitter_card":"summary_large_image","twitter_misc":{"Escrito por":"Luzimara Fernandes","Est. tempo de leitura":"3 minutos"},"schema":{"@context":"https:\/\/schema.org","@graph":[{"@type":"Article","@id":"https:\/\/jornalfatosenoticias.com.br\/index.php\/2024\/11\/18\/com-lula-despesas-do-governo-federal-com-funcionalismo-sao-as-maiores-desde-2008\/#article","isPartOf":{"@id":"https:\/\/jornalfatosenoticias.com.br\/index.php\/2024\/11\/18\/com-lula-despesas-do-governo-federal-com-funcionalismo-sao-as-maiores-desde-2008\/"},"author":{"name":"Luzimara Fernandes","@id":"https:\/\/jornalfatosenoticias.com.br\/#\/schema\/person\/d63837fa13ac8666eb9e74e0985d6f81"},"headline":"Com Lula, despesas do governo federal com funcionalismo s\u00e3o as maiores desde 2008","datePublished":"2024-11-18T13:39:57+00:00","dateModified":"2024-11-18T13:39:58+00:00","mainEntityOfPage":{"@id":"https:\/\/jornalfatosenoticias.com.br\/index.php\/2024\/11\/18\/com-lula-despesas-do-governo-federal-com-funcionalismo-sao-as-maiores-desde-2008\/"},"wordCount":526,"commentCount":0,"publisher":{"@id":"https:\/\/jornalfatosenoticias.com.br\/#organization"},"image":{"@id":"https:\/\/jornalfatosenoticias.com.br\/index.php\/2024\/11\/18\/com-lula-despesas-do-governo-federal-com-funcionalismo-sao-as-maiores-desde-2008\/#primaryimage"},"thumbnailUrl":"https:\/\/jornalfatosenoticias.com.br\/wp-content\/uploads\/2024\/11\/esplanada-dos-ministerios-foto-fabio-rodrigues-pozzebom-agencia-brasil-1.jpg","keywords":["contas p\u00fablicas","despesas do governo federal","dinheiro p\u00fablico","Fernando Haddad","funcionalismo","governo federal","infla\u00e7\u00e3o","Lula","Simone Tebet"],"articleSection":["Economia"],"inLanguage":"pt-BR","potentialAction":[{"@type":"CommentAction","name":"Comment","target":["https:\/\/jornalfatosenoticias.com.br\/index.php\/2024\/11\/18\/com-lula-despesas-do-governo-federal-com-funcionalismo-sao-as-maiores-desde-2008\/#respond"]}]},{"@type":"WebPage","@id":"https:\/\/jornalfatosenoticias.com.br\/index.php\/2024\/11\/18\/com-lula-despesas-do-governo-federal-com-funcionalismo-sao-as-maiores-desde-2008\/","url":"https:\/\/jornalfatosenoticias.com.br\/index.php\/2024\/11\/18\/com-lula-despesas-do-governo-federal-com-funcionalismo-sao-as-maiores-desde-2008\/","name":"Com Lula, despesas do governo federal com funcionalismo s\u00e3o as maiores desde 2008 - Jornal Fatos e Not\u00edcias","isPartOf":{"@id":"https:\/\/jornalfatosenoticias.com.br\/#website"},"primaryImageOfPage":{"@id":"https:\/\/jornalfatosenoticias.com.br\/index.php\/2024\/11\/18\/com-lula-despesas-do-governo-federal-com-funcionalismo-sao-as-maiores-desde-2008\/#primaryimage"},"image":{"@id":"https:\/\/jornalfatosenoticias.com.br\/index.php\/2024\/11\/18\/com-lula-despesas-do-governo-federal-com-funcionalismo-sao-as-maiores-desde-2008\/#primaryimage"},"thumbnailUrl":"https:\/\/jornalfatosenoticias.com.br\/wp-content\/uploads\/2024\/11\/esplanada-dos-ministerios-foto-fabio-rodrigues-pozzebom-agencia-brasil-1.jpg","datePublished":"2024-11-18T13:39:57+00:00","dateModified":"2024-11-18T13:39:58+00:00","breadcrumb":{"@id":"https:\/\/jornalfatosenoticias.com.br\/index.php\/2024\/11\/18\/com-lula-despesas-do-governo-federal-com-funcionalismo-sao-as-maiores-desde-2008\/#breadcrumb"},"inLanguage":"pt-BR","potentialAction":[{"@type":"ReadAction","target":["https:\/\/jornalfatosenoticias.com.br\/index.php\/2024\/11\/18\/com-lula-despesas-do-governo-federal-com-funcionalismo-sao-as-maiores-desde-2008\/"]}]},{"@type":"ImageObject","inLanguage":"pt-BR","@id":"https:\/\/jornalfatosenoticias.com.br\/index.php\/2024\/11\/18\/com-lula-despesas-do-governo-federal-com-funcionalismo-sao-as-maiores-desde-2008\/#primaryimage","url":"https:\/\/jornalfatosenoticias.com.br\/wp-content\/uploads\/2024\/11\/esplanada-dos-ministerios-foto-fabio-rodrigues-pozzebom-agencia-brasil-1.jpg","contentUrl":"https:\/\/jornalfatosenoticias.com.br\/wp-content\/uploads\/2024\/11\/esplanada-dos-ministerios-foto-fabio-rodrigues-pozzebom-agencia-brasil-1.jpg","width":1000,"height":561},{"@type":"BreadcrumbList","@id":"https:\/\/jornalfatosenoticias.com.br\/index.php\/2024\/11\/18\/com-lula-despesas-do-governo-federal-com-funcionalismo-sao-as-maiores-desde-2008\/#breadcrumb","itemListElement":[{"@type":"ListItem","position":1,"name":"In\u00edcio","item":"https:\/\/jornalfatosenoticias.com.br\/"},{"@type":"ListItem","position":2,"name":"Com Lula, despesas do governo federal com funcionalismo s\u00e3o as maiores desde 2008"}]},{"@type":"WebSite","@id":"https:\/\/jornalfatosenoticias.com.br\/#website","url":"https:\/\/jornalfatosenoticias.com.br\/","name":"Jornal Fatos e Not\u00edcias","description":"Not\u00edcias em geral","publisher":{"@id":"https:\/\/jornalfatosenoticias.com.br\/#organization"},"potentialAction":[{"@type":"SearchAction","target":{"@type":"EntryPoint","urlTemplate":"https:\/\/jornalfatosenoticias.com.br\/?s={search_term_string}"},"query-input":{"@type":"PropertyValueSpecification","valueRequired":true,"valueName":"search_term_string"}}],"inLanguage":"pt-BR"},{"@type":"Organization","@id":"https:\/\/jornalfatosenoticias.com.br\/#organization","name":"Jornal Fatos e Not\u00edcias","url":"https:\/\/jornalfatosenoticias.com.br\/","logo":{"@type":"ImageObject","inLanguage":"pt-BR","@id":"https:\/\/jornalfatosenoticias.com.br\/#\/schema\/logo\/image\/","url":"https:\/\/jornalfatosenoticias.com.br\/wp-content\/uploads\/2020\/02\/logo120.png","contentUrl":"https:\/\/jornalfatosenoticias.com.br\/wp-content\/uploads\/2020\/02\/logo120.png","width":1227,"height":120,"caption":"Jornal Fatos e Not\u00edcias"},"image":{"@id":"https:\/\/jornalfatosenoticias.com.br\/#\/schema\/logo\/image\/"}},{"@type":"Person","@id":"https:\/\/jornalfatosenoticias.com.br\/#\/schema\/person\/d63837fa13ac8666eb9e74e0985d6f81","name":"Luzimara Fernandes","image":{"@type":"ImageObject","inLanguage":"pt-BR","@id":"https:\/\/jornalfatosenoticias.com.br\/#\/schema\/person\/image\/","url":"https:\/\/jornalfatosenoticias.com.br\/wp-content\/uploads\/2025\/05\/EU_portal.jpg","contentUrl":"https:\/\/jornalfatosenoticias.com.br\/wp-content\/uploads\/2025\/05\/EU_portal.jpg","caption":"Luzimara Fernandes"},"description":"Jornalista MTB 2358-ES","sameAs":["https:\/\/jornalfatosenoticias.com.br"],"url":"https:\/\/jornalfatosenoticias.com.br\/index.php\/author\/luzimara\/"}]}},"cc_featured_image_caption":{"caption_text":"","source_text":"","source_url":""},"jetpack_featured_media_url":"https:\/\/jornalfatosenoticias.com.br\/wp-content\/uploads\/2024\/11\/esplanada-dos-ministerios-foto-fabio-rodrigues-pozzebom-agencia-brasil-1.jpg","_links":{"self":[{"href":"https:\/\/jornalfatosenoticias.com.br\/index.php\/wp-json\/wp\/v2\/posts\/55760","targetHints":{"allow":["GET"]}}],"collection":[{"href":"https:\/\/jornalfatosenoticias.com.br\/index.php\/wp-json\/wp\/v2\/posts"}],"about":[{"href":"https:\/\/jornalfatosenoticias.com.br\/index.php\/wp-json\/wp\/v2\/types\/post"}],"author":[{"embeddable":true,"href":"https:\/\/jornalfatosenoticias.com.br\/index.php\/wp-json\/wp\/v2\/users\/2"}],"replies":[{"embeddable":true,"href":"https:\/\/jornalfatosenoticias.com.br\/index.php\/wp-json\/wp\/v2\/comments?post=55760"}],"version-history":[{"count":0,"href":"https:\/\/jornalfatosenoticias.com.br\/index.php\/wp-json\/wp\/v2\/posts\/55760\/revisions"}],"wp:featuredmedia":[{"embeddable":true,"href":"https:\/\/jornalfatosenoticias.com.br\/index.php\/wp-json\/wp\/v2\/media\/55761"}],"wp:attachment":[{"href":"https:\/\/jornalfatosenoticias.com.br\/index.php\/wp-json\/wp\/v2\/media?parent=55760"}],"wp:term":[{"taxonomy":"category","embeddable":true,"href":"https:\/\/jornalfatosenoticias.com.br\/index.php\/wp-json\/wp\/v2\/categories?post=55760"},{"taxonomy":"post_tag","embeddable":true,"href":"https:\/\/jornalfatosenoticias.com.br\/index.php\/wp-json\/wp\/v2\/tags?post=55760"}],"curies":[{"name":"wp","href":"https:\/\/api.w.org\/{rel}","templated":true}]}}