{"id":55766,"date":"2024-11-18T11:10:28","date_gmt":"2024-11-18T14:10:28","guid":{"rendered":"https:\/\/jornalfatosenoticias.com.br\/?p=55766"},"modified":"2024-11-18T11:10:31","modified_gmt":"2024-11-18T14:10:31","slug":"colunista-do-wsj-critica-lula-e-aponta-declinio-da-america-latina","status":"publish","type":"post","link":"https:\/\/jornalfatosenoticias.com.br\/index.php\/2024\/11\/18\/colunista-do-wsj-critica-lula-e-aponta-declinio-da-america-latina\/","title":{"rendered":"Colunista do WSJ critica Lula e aponta decl\u00ednio da Am\u00e9rica Latina"},"content":{"rendered":"\n<p><em><span class=\"has-inline-color has-black-color\">&#8220;O dinossauro brasileiro da Guerra Fria est\u00e1 se apegando (\u2026) a uma lux\u00faria pelo poder que um modelo corporativo altamente centralizado oferece&#8221;, diz Mary Anastasia O\u2019Grady<\/span><\/em><\/p>\n\n\n\n<p><span class=\"has-inline-color has-black-color\">Por <strong><a href=\"https:\/\/oantagonista.com.br\/author\/alexandre-borges\/\">Alexandre Borges<\/a><\/strong><\/span><\/p>\n\n\n\n<div class=\"wp-block-image\"><figure class=\"aligncenter size-large\"><a href=\"https:\/\/www.controlsystems.com.br\/\"><img loading=\"lazy\" decoding=\"async\" width=\"1024\" height=\"109\" src=\"https:\/\/jornalfatosenoticias.com.br\/wp-content\/uploads\/2020\/02\/CONTROL-CS2-1024x109.jpg\" alt=\"\" class=\"wp-image-44989\" srcset=\"https:\/\/jornalfatosenoticias.com.br\/wp-content\/uploads\/2020\/02\/CONTROL-CS2-1024x109.jpg 1024w, https:\/\/jornalfatosenoticias.com.br\/wp-content\/uploads\/2020\/02\/CONTROL-CS2-300x32.jpg 300w, https:\/\/jornalfatosenoticias.com.br\/wp-content\/uploads\/2020\/02\/CONTROL-CS2-768x82.jpg 768w, https:\/\/jornalfatosenoticias.com.br\/wp-content\/uploads\/2020\/02\/CONTROL-CS2.jpg 1120w\" sizes=\"auto, (max-width: 1024px) 100vw, 1024px\" \/><\/a><\/figure><\/div>\n\n\n\n<p>Em artigo publicado no domingo (17), no <a href=\"https:\/\/www.wsj.com\/opinion\/brazil-and-latin-americas-decline-president-lula-economy-policy-04585c64\" target=\"_blank\" rel=\"noreferrer noopener\">The\u00a0<em>Wall Street Journal<\/em><\/a>, a colunista Mary Anastasia O\u2019Grady tra\u00e7a um panorama cr\u00edtico sobre a situa\u00e7\u00e3o pol\u00edtica e econ\u00f4mica da Am\u00e9rica Latina, com destaque para o Brasil sob a lideran\u00e7a de Lula. Segundo O\u2019Grady, as pol\u00edticas do brasileiro, desde o in\u00edcio de seu mandato, em janeiro de 2023, t\u00eam enfraquecido o pa\u00eds internamente e prejudicado sua posi\u00e7\u00e3o na regi\u00e3o.<br>O texto menciona a aproxima\u00e7\u00e3o de Lula com regimes autorit\u00e1rios, como o do venezuelano Nicol\u00e1s Maduro, criticando o apoio do Brasil \u00e0 n\u00e3o valida\u00e7\u00e3o da vit\u00f3ria eleitoral da oposi\u00e7\u00e3o no pa\u00eds. A colunista tamb\u00e9m chama aten\u00e7\u00e3o para a participa\u00e7\u00e3o do Brasil no <a href=\"https:\/\/oantagonista.com\/tag\/Brics\/\" target=\"_blank\" rel=\"noreferrer noopener\"><strong>Brics<\/strong><\/a>, bloco que busca reduzir a influ\u00eancia do Ocidente no cen\u00e1rio global, movimento que, segundo ela, afeta negativamente os interesses democr\u00e1ticos.<\/p>\n\n\n\n<div class=\"wp-block-image\"><figure class=\"aligncenter size-large is-resized\"><a href=\"https:\/\/www.facebook.com\/postobkr\/?locale=pt_BR\"><img loading=\"lazy\" decoding=\"async\" src=\"https:\/\/jornalfatosenoticias.com.br\/wp-content\/uploads\/2023\/08\/BKR-1024x1021.jpg\" alt=\"\" class=\"wp-image-44494\" width=\"288\" height=\"287\" srcset=\"https:\/\/jornalfatosenoticias.com.br\/wp-content\/uploads\/2023\/08\/BKR-1024x1021.jpg 1024w, https:\/\/jornalfatosenoticias.com.br\/wp-content\/uploads\/2023\/08\/BKR-300x300.jpg 300w, https:\/\/jornalfatosenoticias.com.br\/wp-content\/uploads\/2023\/08\/BKR-150x150.jpg 150w, https:\/\/jornalfatosenoticias.com.br\/wp-content\/uploads\/2023\/08\/BKR-768x766.jpg 768w, https:\/\/jornalfatosenoticias.com.br\/wp-content\/uploads\/2023\/08\/BKR.jpg 1080w\" sizes=\"auto, (max-width: 288px) 100vw, 288px\" \/><\/a><\/figure><\/div>\n\n\n\n<h3 class=\"wp-block-heading\"><strong><span class=\"has-inline-color has-vivid-cyan-blue-color\">\u201cDinossauro da Guerra Fria\u201d<\/span><\/strong><\/h3>\n\n\n\n<blockquote class=\"wp-block-quote is-layout-flow wp-block-quote-is-layout-flow\"><p><span class=\"has-inline-color has-luminous-vivid-orange-color\">O dinossauro brasileiro da Guerra Fria est\u00e1 se apegando n\u00e3o tanto a ideais ut\u00f3picos de socialismo, mas a uma lux\u00faria pelo poder que um modelo corporativo altamente centralizado oferece\u201d, critica O\u2019Grady. Ela segue: \u201cele prefere aliados que n\u00e3o insistem em governo limitado, como os companheiros do Brasil do grupo Brics \u2014 R\u00fassia, \u00cdndia, China e \u00c1frica do Sul. O grupo visa a reduzir o alcance do d\u00f3lar e das institui\u00e7\u00f5es ocidentais nas finan\u00e7as internacionais e minar as san\u00e7\u00f5es criando seus pr\u00f3prios mecanismos de empr\u00e9stimo e moedas alternativas\u201d.<\/span><\/p><\/blockquote>\n\n\n\n<div class=\"wp-block-image\"><figure class=\"aligncenter size-large is-resized\"><a href=\"https:\/\/www.instagram.com\/restaurantepegoretti\/\"><img loading=\"lazy\" decoding=\"async\" src=\"https:\/\/jornalfatosenoticias.com.br\/wp-content\/uploads\/2023\/12\/pegoretti-logo-pdf-1024x389.jpg\" alt=\"\" class=\"wp-image-47536\" width=\"359\" height=\"136\" srcset=\"https:\/\/jornalfatosenoticias.com.br\/wp-content\/uploads\/2023\/12\/pegoretti-logo-pdf-1024x389.jpg 1024w, https:\/\/jornalfatosenoticias.com.br\/wp-content\/uploads\/2023\/12\/pegoretti-logo-pdf-300x114.jpg 300w, https:\/\/jornalfatosenoticias.com.br\/wp-content\/uploads\/2023\/12\/pegoretti-logo-pdf-768x291.jpg 768w, https:\/\/jornalfatosenoticias.com.br\/wp-content\/uploads\/2023\/12\/pegoretti-logo-pdf.jpg 1120w\" sizes=\"auto, (max-width: 359px) 100vw, 359px\" \/><\/a><\/figure><\/div>\n\n\n\n<p><strong><span class=\"has-inline-color has-vivid-cyan-blue-color\">Cen\u00e1rio alarmante<br><\/span><\/strong>O\u2019Grady descreve ainda o cen\u00e1rio econ\u00f4mico brasileiro como alarmante. Ela aponta que o d\u00e9ficit p\u00fablico chegou a 9,34% do PIB, segundo o <strong>Goldman Sachs,<\/strong> e critica a proposta de Lula de taxar bilion\u00e1rios globalmente, vista por ela como incoerente, considerando o hist\u00f3rico de corrup\u00e7\u00e3o associado ao Partido dos Trabalhadores (PT).<\/p>\n\n\n\n<div class=\"wp-block-image\"><figure class=\"aligncenter size-large is-resized\"><a href=\"https:\/\/www.instagram.com\/restaurantepegoretti\/\"><img loading=\"lazy\" decoding=\"async\" src=\"https:\/\/jornalfatosenoticias.com.br\/wp-content\/uploads\/2022\/02\/LOGO-ESTEIO-1024x730.png\" alt=\"\" class=\"wp-image-27942\" width=\"321\" height=\"229\" srcset=\"https:\/\/jornalfatosenoticias.com.br\/wp-content\/uploads\/2022\/02\/LOGO-ESTEIO-1024x730.png 1024w, https:\/\/jornalfatosenoticias.com.br\/wp-content\/uploads\/2022\/02\/LOGO-ESTEIO-300x214.png 300w, https:\/\/jornalfatosenoticias.com.br\/wp-content\/uploads\/2022\/02\/LOGO-ESTEIO-768x548.png 768w, https:\/\/jornalfatosenoticias.com.br\/wp-content\/uploads\/2022\/02\/LOGO-ESTEIO.png 1123w\" sizes=\"auto, (max-width: 321px) 100vw, 321px\" \/><\/a><\/figure><\/div>\n\n\n\n<blockquote class=\"wp-block-quote is-layout-flow wp-block-quote-is-layout-flow\"><p><span class=\"has-inline-color has-luminous-vivid-orange-color\">O Brasil h\u00e1 muito anseia por substituir os EUA como hegemonia regional no continente sul-americano. Mas tomar esse papel requer autoridade moral e peso econ\u00f4mico. Lula est\u00e1 desperdi\u00e7ando ambos\u201d, analisa.<\/span><\/p><\/blockquote>\n\n\n\n<div class=\"wp-block-image\"><figure class=\"aligncenter size-large is-resized\"><a href=\"https:\/\/hotelmarquetti.com.br\/\"><img loading=\"lazy\" decoding=\"async\" src=\"https:\/\/jornalfatosenoticias.com.br\/wp-content\/uploads\/2023\/03\/nova-logo-Marquetti.jpg\" alt=\"\" class=\"wp-image-40207\" width=\"340\" height=\"228\" srcset=\"https:\/\/jornalfatosenoticias.com.br\/wp-content\/uploads\/2023\/03\/nova-logo-Marquetti.jpg 643w, https:\/\/jornalfatosenoticias.com.br\/wp-content\/uploads\/2023\/03\/nova-logo-Marquetti-300x202.jpg 300w\" sizes=\"auto, (max-width: 340px) 100vw, 340px\" \/><\/a><\/figure><\/div>\n\n\n\n<p>A substitui\u00e7\u00e3o do presidente do Banco Central, <strong><a href=\"https:\/\/oantagonista.com\/tag\/Roberto-Campos-Neto\/\" target=\"_blank\" rel=\"noreferrer noopener\">Roberto Campos Neto<\/a><\/strong>, por\u00a0<strong>Gabriel Gal\u00edpolo<\/strong>, tamb\u00e9m foi mencionada como um poss\u00edvel risco \u00e0 autonomia da institui\u00e7\u00e3o, algo que, na vis\u00e3o da colunista, pode prejudicar principalmente os mais pobres.<\/p>\n\n\n\n<div class=\"wp-block-image\"><figure class=\"aligncenter size-large is-resized\"><a href=\"https:\/\/www.instagram.com\/vmais.midias\/\"><img loading=\"lazy\" decoding=\"async\" src=\"https:\/\/jornalfatosenoticias.com.br\/wp-content\/uploads\/2020\/02\/DE-MAIS-DESTAQUE-VMAIS-800X700.png\" alt=\"\" class=\"wp-image-53112\" width=\"318\" height=\"277\" srcset=\"https:\/\/jornalfatosenoticias.com.br\/wp-content\/uploads\/2020\/02\/DE-MAIS-DESTAQUE-VMAIS-800X700.png 800w, https:\/\/jornalfatosenoticias.com.br\/wp-content\/uploads\/2020\/02\/DE-MAIS-DESTAQUE-VMAIS-800X700-768x672.png 768w\" sizes=\"auto, (max-width: 318px) 100vw, 318px\" \/><\/a><\/figure><\/div>\n\n\n\n<p>O artigo conclui que as pol\u00edticas de Lula refletem mais um desejo de poder centralizado do que um compromisso com a prosperidade econ\u00f4mica ou democr\u00e1tica, apontando que, caso essa trajet\u00f3ria continue, as consequ\u00eancias ser\u00e3o severas para o Brasil e para a regi\u00e3o.<\/p>\n\n\n\n<div class=\"wp-block-image\"><figure class=\"aligncenter size-large is-resized\"><a href=\"https:\/\/www.instagram.com\/serra4x4cambioautomatico\/\"><img loading=\"lazy\" decoding=\"async\" src=\"https:\/\/jornalfatosenoticias.com.br\/wp-content\/uploads\/2024\/08\/Serra-4x4-1-886x1024.jpg\" alt=\"\" class=\"wp-image-53632\" width=\"291\" height=\"337\" srcset=\"https:\/\/jornalfatosenoticias.com.br\/wp-content\/uploads\/2024\/08\/Serra-4x4-1-886x1024.jpg 886w, https:\/\/jornalfatosenoticias.com.br\/wp-content\/uploads\/2024\/08\/Serra-4x4-1-260x300.jpg 260w, https:\/\/jornalfatosenoticias.com.br\/wp-content\/uploads\/2024\/08\/Serra-4x4-1-768x888.jpg 768w, https:\/\/jornalfatosenoticias.com.br\/wp-content\/uploads\/2024\/08\/Serra-4x4-1.jpg 1181w\" sizes=\"auto, (max-width: 291px) 100vw, 291px\" \/><\/a><\/figure><\/div>\n\n\n\n<p><strong><em>Fonte: <a href=\"https:\/\/oantagonista.com.br\/economia\/colunista-do-wsj-critica-lula-e-aponta-declinio-da-america-latina\/?utm_source=site&amp;utm_medium=home&amp;utm_campaign=mais_lidas\">O Antagonista<\/a><\/em><\/strong><\/p>\n","protected":false},"excerpt":{"rendered":"<p>&#8220;O dinossauro brasileiro da Guerra Fria est\u00e1 se apegando (\u2026) a uma lux\u00faria pelo poder que um modelo corporativo altamente centralizado oferece&#8221;, diz Mary Anastasia O\u2019Grady Por Alexandre Borges Em artigo publicado no domingo (17), no The\u00a0Wall Street Journal, a colunista Mary Anastasia O\u2019Grady tra\u00e7a um panorama cr\u00edtico sobre a situa\u00e7\u00e3o pol\u00edtica e econ\u00f4mica da [&hellip;]<\/p>\n","protected":false},"author":2,"featured_media":55767,"comment_status":"open","ping_status":"open","sticky":false,"template":"","format":"standard","meta":{"footnotes":""},"categories":[9,10],"tags":[260,13312,18343,7580,25437,17897],"class_list":["post-55766","post","type-post","status-publish","format-standard","has-post-thumbnail","hentry","category-economia","category-politica","tag-america-latina","tag-brics","tag-governo-lula","tag-lula","tag-mary-anastasia-ogrady","tag-the-wall-street-journal"],"yoast_head":"<!-- This site is optimized with the Yoast SEO plugin v26.5 - https:\/\/yoast.com\/wordpress\/plugins\/seo\/ -->\n<title>Colunista do WSJ critica Lula e aponta decl\u00ednio da Am\u00e9rica Latina - Jornal Fatos e Not\u00edcias<\/title>\n<meta name=\"robots\" content=\"index, follow, max-snippet:-1, max-image-preview:large, max-video-preview:-1\" \/>\n<link rel=\"canonical\" href=\"https:\/\/jornalfatosenoticias.com.br\/index.php\/2024\/11\/18\/colunista-do-wsj-critica-lula-e-aponta-declinio-da-america-latina\/\" \/>\n<meta property=\"og:locale\" content=\"pt_BR\" \/>\n<meta property=\"og:type\" content=\"article\" \/>\n<meta property=\"og:title\" content=\"Colunista do WSJ critica Lula e aponta decl\u00ednio da Am\u00e9rica Latina - Jornal Fatos e Not\u00edcias\" \/>\n<meta property=\"og:description\" content=\"&#8220;O dinossauro brasileiro da Guerra Fria est\u00e1 se apegando (\u2026) a uma lux\u00faria pelo poder que um modelo corporativo altamente centralizado oferece&#8221;, diz Mary Anastasia O\u2019Grady Por Alexandre Borges Em artigo publicado no domingo (17), no The\u00a0Wall Street Journal, a colunista Mary Anastasia O\u2019Grady tra\u00e7a um panorama cr\u00edtico sobre a situa\u00e7\u00e3o pol\u00edtica e econ\u00f4mica da [&hellip;]\" \/>\n<meta property=\"og:url\" content=\"https:\/\/jornalfatosenoticias.com.br\/index.php\/2024\/11\/18\/colunista-do-wsj-critica-lula-e-aponta-declinio-da-america-latina\/\" \/>\n<meta property=\"og:site_name\" content=\"Jornal Fatos e Not\u00edcias\" \/>\n<meta property=\"article:published_time\" content=\"2024-11-18T14:10:28+00:00\" \/>\n<meta property=\"article:modified_time\" content=\"2024-11-18T14:10:31+00:00\" \/>\n<meta property=\"og:image\" content=\"https:\/\/jornalfatosenoticias.com.br\/wp-content\/uploads\/2024\/11\/molusco-destroi-o-brasil.jpg\" \/>\n\t<meta property=\"og:image:width\" content=\"1000\" \/>\n\t<meta property=\"og:image:height\" content=\"613\" \/>\n\t<meta property=\"og:image:type\" content=\"image\/jpeg\" \/>\n<meta name=\"author\" content=\"Luzimara Fernandes\" \/>\n<meta name=\"twitter:card\" content=\"summary_large_image\" \/>\n<meta name=\"twitter:label1\" content=\"Escrito por\" \/>\n\t<meta name=\"twitter:data1\" content=\"Luzimara Fernandes\" \/>\n\t<meta name=\"twitter:label2\" content=\"Est. tempo de leitura\" \/>\n\t<meta name=\"twitter:data2\" content=\"2 minutos\" \/>\n<script type=\"application\/ld+json\" class=\"yoast-schema-graph\">{\"@context\":\"https:\/\/schema.org\",\"@graph\":[{\"@type\":\"Article\",\"@id\":\"https:\/\/jornalfatosenoticias.com.br\/index.php\/2024\/11\/18\/colunista-do-wsj-critica-lula-e-aponta-declinio-da-america-latina\/#article\",\"isPartOf\":{\"@id\":\"https:\/\/jornalfatosenoticias.com.br\/index.php\/2024\/11\/18\/colunista-do-wsj-critica-lula-e-aponta-declinio-da-america-latina\/\"},\"author\":{\"name\":\"Luzimara Fernandes\",\"@id\":\"https:\/\/jornalfatosenoticias.com.br\/#\/schema\/person\/d63837fa13ac8666eb9e74e0985d6f81\"},\"headline\":\"Colunista do WSJ critica Lula e aponta decl\u00ednio da Am\u00e9rica Latina\",\"datePublished\":\"2024-11-18T14:10:28+00:00\",\"dateModified\":\"2024-11-18T14:10:31+00:00\",\"mainEntityOfPage\":{\"@id\":\"https:\/\/jornalfatosenoticias.com.br\/index.php\/2024\/11\/18\/colunista-do-wsj-critica-lula-e-aponta-declinio-da-america-latina\/\"},\"wordCount\":485,\"commentCount\":0,\"publisher\":{\"@id\":\"https:\/\/jornalfatosenoticias.com.br\/#organization\"},\"image\":{\"@id\":\"https:\/\/jornalfatosenoticias.com.br\/index.php\/2024\/11\/18\/colunista-do-wsj-critica-lula-e-aponta-declinio-da-america-latina\/#primaryimage\"},\"thumbnailUrl\":\"https:\/\/jornalfatosenoticias.com.br\/wp-content\/uploads\/2024\/11\/molusco-destroi-o-brasil.jpg\",\"keywords\":[\"Am\u00e9rica latina\",\"Brics\",\"governo Lula\",\"Lula\",\"Mary Anastasia O\u2019Grady\",\"The Wall Street Journal\"],\"articleSection\":[\"Economia\",\"Pol\u00edtica\"],\"inLanguage\":\"pt-BR\",\"potentialAction\":[{\"@type\":\"CommentAction\",\"name\":\"Comment\",\"target\":[\"https:\/\/jornalfatosenoticias.com.br\/index.php\/2024\/11\/18\/colunista-do-wsj-critica-lula-e-aponta-declinio-da-america-latina\/#respond\"]}]},{\"@type\":\"WebPage\",\"@id\":\"https:\/\/jornalfatosenoticias.com.br\/index.php\/2024\/11\/18\/colunista-do-wsj-critica-lula-e-aponta-declinio-da-america-latina\/\",\"url\":\"https:\/\/jornalfatosenoticias.com.br\/index.php\/2024\/11\/18\/colunista-do-wsj-critica-lula-e-aponta-declinio-da-america-latina\/\",\"name\":\"Colunista do WSJ critica Lula e aponta decl\u00ednio da Am\u00e9rica Latina - Jornal Fatos e Not\u00edcias\",\"isPartOf\":{\"@id\":\"https:\/\/jornalfatosenoticias.com.br\/#website\"},\"primaryImageOfPage\":{\"@id\":\"https:\/\/jornalfatosenoticias.com.br\/index.php\/2024\/11\/18\/colunista-do-wsj-critica-lula-e-aponta-declinio-da-america-latina\/#primaryimage\"},\"image\":{\"@id\":\"https:\/\/jornalfatosenoticias.com.br\/index.php\/2024\/11\/18\/colunista-do-wsj-critica-lula-e-aponta-declinio-da-america-latina\/#primaryimage\"},\"thumbnailUrl\":\"https:\/\/jornalfatosenoticias.com.br\/wp-content\/uploads\/2024\/11\/molusco-destroi-o-brasil.jpg\",\"datePublished\":\"2024-11-18T14:10:28+00:00\",\"dateModified\":\"2024-11-18T14:10:31+00:00\",\"breadcrumb\":{\"@id\":\"https:\/\/jornalfatosenoticias.com.br\/index.php\/2024\/11\/18\/colunista-do-wsj-critica-lula-e-aponta-declinio-da-america-latina\/#breadcrumb\"},\"inLanguage\":\"pt-BR\",\"potentialAction\":[{\"@type\":\"ReadAction\",\"target\":[\"https:\/\/jornalfatosenoticias.com.br\/index.php\/2024\/11\/18\/colunista-do-wsj-critica-lula-e-aponta-declinio-da-america-latina\/\"]}]},{\"@type\":\"ImageObject\",\"inLanguage\":\"pt-BR\",\"@id\":\"https:\/\/jornalfatosenoticias.com.br\/index.php\/2024\/11\/18\/colunista-do-wsj-critica-lula-e-aponta-declinio-da-america-latina\/#primaryimage\",\"url\":\"https:\/\/jornalfatosenoticias.com.br\/wp-content\/uploads\/2024\/11\/molusco-destroi-o-brasil.jpg\",\"contentUrl\":\"https:\/\/jornalfatosenoticias.com.br\/wp-content\/uploads\/2024\/11\/molusco-destroi-o-brasil.jpg\",\"width\":1000,\"height\":613},{\"@type\":\"BreadcrumbList\",\"@id\":\"https:\/\/jornalfatosenoticias.com.br\/index.php\/2024\/11\/18\/colunista-do-wsj-critica-lula-e-aponta-declinio-da-america-latina\/#breadcrumb\",\"itemListElement\":[{\"@type\":\"ListItem\",\"position\":1,\"name\":\"In\u00edcio\",\"item\":\"https:\/\/jornalfatosenoticias.com.br\/\"},{\"@type\":\"ListItem\",\"position\":2,\"name\":\"Colunista do WSJ critica Lula e aponta decl\u00ednio da Am\u00e9rica Latina\"}]},{\"@type\":\"WebSite\",\"@id\":\"https:\/\/jornalfatosenoticias.com.br\/#website\",\"url\":\"https:\/\/jornalfatosenoticias.com.br\/\",\"name\":\"Jornal Fatos e Not\u00edcias\",\"description\":\"Not\u00edcias em geral\",\"publisher\":{\"@id\":\"https:\/\/jornalfatosenoticias.com.br\/#organization\"},\"potentialAction\":[{\"@type\":\"SearchAction\",\"target\":{\"@type\":\"EntryPoint\",\"urlTemplate\":\"https:\/\/jornalfatosenoticias.com.br\/?s={search_term_string}\"},\"query-input\":{\"@type\":\"PropertyValueSpecification\",\"valueRequired\":true,\"valueName\":\"search_term_string\"}}],\"inLanguage\":\"pt-BR\"},{\"@type\":\"Organization\",\"@id\":\"https:\/\/jornalfatosenoticias.com.br\/#organization\",\"name\":\"Jornal Fatos e Not\u00edcias\",\"url\":\"https:\/\/jornalfatosenoticias.com.br\/\",\"logo\":{\"@type\":\"ImageObject\",\"inLanguage\":\"pt-BR\",\"@id\":\"https:\/\/jornalfatosenoticias.com.br\/#\/schema\/logo\/image\/\",\"url\":\"https:\/\/jornalfatosenoticias.com.br\/wp-content\/uploads\/2020\/02\/logo120.png\",\"contentUrl\":\"https:\/\/jornalfatosenoticias.com.br\/wp-content\/uploads\/2020\/02\/logo120.png\",\"width\":1227,\"height\":120,\"caption\":\"Jornal Fatos e Not\u00edcias\"},\"image\":{\"@id\":\"https:\/\/jornalfatosenoticias.com.br\/#\/schema\/logo\/image\/\"}},{\"@type\":\"Person\",\"@id\":\"https:\/\/jornalfatosenoticias.com.br\/#\/schema\/person\/d63837fa13ac8666eb9e74e0985d6f81\",\"name\":\"Luzimara Fernandes\",\"image\":{\"@type\":\"ImageObject\",\"inLanguage\":\"pt-BR\",\"@id\":\"https:\/\/jornalfatosenoticias.com.br\/#\/schema\/person\/image\/\",\"url\":\"https:\/\/jornalfatosenoticias.com.br\/wp-content\/uploads\/2025\/05\/EU_portal.jpg\",\"contentUrl\":\"https:\/\/jornalfatosenoticias.com.br\/wp-content\/uploads\/2025\/05\/EU_portal.jpg\",\"caption\":\"Luzimara Fernandes\"},\"description\":\"Jornalista MTB 2358-ES\",\"sameAs\":[\"https:\/\/jornalfatosenoticias.com.br\"],\"url\":\"https:\/\/jornalfatosenoticias.com.br\/index.php\/author\/luzimara\/\"}]}<\/script>\n<!-- \/ Yoast SEO plugin. -->","yoast_head_json":{"title":"Colunista do WSJ critica Lula e aponta decl\u00ednio da Am\u00e9rica Latina - Jornal Fatos e Not\u00edcias","robots":{"index":"index","follow":"follow","max-snippet":"max-snippet:-1","max-image-preview":"max-image-preview:large","max-video-preview":"max-video-preview:-1"},"canonical":"https:\/\/jornalfatosenoticias.com.br\/index.php\/2024\/11\/18\/colunista-do-wsj-critica-lula-e-aponta-declinio-da-america-latina\/","og_locale":"pt_BR","og_type":"article","og_title":"Colunista do WSJ critica Lula e aponta decl\u00ednio da Am\u00e9rica Latina - Jornal Fatos e Not\u00edcias","og_description":"&#8220;O dinossauro brasileiro da Guerra Fria est\u00e1 se apegando (\u2026) a uma lux\u00faria pelo poder que um modelo corporativo altamente centralizado oferece&#8221;, diz Mary Anastasia O\u2019Grady Por Alexandre Borges Em artigo publicado no domingo (17), no The\u00a0Wall Street Journal, a colunista Mary Anastasia O\u2019Grady tra\u00e7a um panorama cr\u00edtico sobre a situa\u00e7\u00e3o pol\u00edtica e econ\u00f4mica da [&hellip;]","og_url":"https:\/\/jornalfatosenoticias.com.br\/index.php\/2024\/11\/18\/colunista-do-wsj-critica-lula-e-aponta-declinio-da-america-latina\/","og_site_name":"Jornal Fatos e Not\u00edcias","article_published_time":"2024-11-18T14:10:28+00:00","article_modified_time":"2024-11-18T14:10:31+00:00","og_image":[{"width":1000,"height":613,"url":"https:\/\/jornalfatosenoticias.com.br\/wp-content\/uploads\/2024\/11\/molusco-destroi-o-brasil.jpg","type":"image\/jpeg"}],"author":"Luzimara Fernandes","twitter_card":"summary_large_image","twitter_misc":{"Escrito por":"Luzimara Fernandes","Est. tempo de leitura":"2 minutos"},"schema":{"@context":"https:\/\/schema.org","@graph":[{"@type":"Article","@id":"https:\/\/jornalfatosenoticias.com.br\/index.php\/2024\/11\/18\/colunista-do-wsj-critica-lula-e-aponta-declinio-da-america-latina\/#article","isPartOf":{"@id":"https:\/\/jornalfatosenoticias.com.br\/index.php\/2024\/11\/18\/colunista-do-wsj-critica-lula-e-aponta-declinio-da-america-latina\/"},"author":{"name":"Luzimara Fernandes","@id":"https:\/\/jornalfatosenoticias.com.br\/#\/schema\/person\/d63837fa13ac8666eb9e74e0985d6f81"},"headline":"Colunista do WSJ critica Lula e aponta decl\u00ednio da Am\u00e9rica Latina","datePublished":"2024-11-18T14:10:28+00:00","dateModified":"2024-11-18T14:10:31+00:00","mainEntityOfPage":{"@id":"https:\/\/jornalfatosenoticias.com.br\/index.php\/2024\/11\/18\/colunista-do-wsj-critica-lula-e-aponta-declinio-da-america-latina\/"},"wordCount":485,"commentCount":0,"publisher":{"@id":"https:\/\/jornalfatosenoticias.com.br\/#organization"},"image":{"@id":"https:\/\/jornalfatosenoticias.com.br\/index.php\/2024\/11\/18\/colunista-do-wsj-critica-lula-e-aponta-declinio-da-america-latina\/#primaryimage"},"thumbnailUrl":"https:\/\/jornalfatosenoticias.com.br\/wp-content\/uploads\/2024\/11\/molusco-destroi-o-brasil.jpg","keywords":["Am\u00e9rica latina","Brics","governo Lula","Lula","Mary Anastasia O\u2019Grady","The Wall Street Journal"],"articleSection":["Economia","Pol\u00edtica"],"inLanguage":"pt-BR","potentialAction":[{"@type":"CommentAction","name":"Comment","target":["https:\/\/jornalfatosenoticias.com.br\/index.php\/2024\/11\/18\/colunista-do-wsj-critica-lula-e-aponta-declinio-da-america-latina\/#respond"]}]},{"@type":"WebPage","@id":"https:\/\/jornalfatosenoticias.com.br\/index.php\/2024\/11\/18\/colunista-do-wsj-critica-lula-e-aponta-declinio-da-america-latina\/","url":"https:\/\/jornalfatosenoticias.com.br\/index.php\/2024\/11\/18\/colunista-do-wsj-critica-lula-e-aponta-declinio-da-america-latina\/","name":"Colunista do WSJ critica Lula e aponta decl\u00ednio da Am\u00e9rica Latina - Jornal Fatos e Not\u00edcias","isPartOf":{"@id":"https:\/\/jornalfatosenoticias.com.br\/#website"},"primaryImageOfPage":{"@id":"https:\/\/jornalfatosenoticias.com.br\/index.php\/2024\/11\/18\/colunista-do-wsj-critica-lula-e-aponta-declinio-da-america-latina\/#primaryimage"},"image":{"@id":"https:\/\/jornalfatosenoticias.com.br\/index.php\/2024\/11\/18\/colunista-do-wsj-critica-lula-e-aponta-declinio-da-america-latina\/#primaryimage"},"thumbnailUrl":"https:\/\/jornalfatosenoticias.com.br\/wp-content\/uploads\/2024\/11\/molusco-destroi-o-brasil.jpg","datePublished":"2024-11-18T14:10:28+00:00","dateModified":"2024-11-18T14:10:31+00:00","breadcrumb":{"@id":"https:\/\/jornalfatosenoticias.com.br\/index.php\/2024\/11\/18\/colunista-do-wsj-critica-lula-e-aponta-declinio-da-america-latina\/#breadcrumb"},"inLanguage":"pt-BR","potentialAction":[{"@type":"ReadAction","target":["https:\/\/jornalfatosenoticias.com.br\/index.php\/2024\/11\/18\/colunista-do-wsj-critica-lula-e-aponta-declinio-da-america-latina\/"]}]},{"@type":"ImageObject","inLanguage":"pt-BR","@id":"https:\/\/jornalfatosenoticias.com.br\/index.php\/2024\/11\/18\/colunista-do-wsj-critica-lula-e-aponta-declinio-da-america-latina\/#primaryimage","url":"https:\/\/jornalfatosenoticias.com.br\/wp-content\/uploads\/2024\/11\/molusco-destroi-o-brasil.jpg","contentUrl":"https:\/\/jornalfatosenoticias.com.br\/wp-content\/uploads\/2024\/11\/molusco-destroi-o-brasil.jpg","width":1000,"height":613},{"@type":"BreadcrumbList","@id":"https:\/\/jornalfatosenoticias.com.br\/index.php\/2024\/11\/18\/colunista-do-wsj-critica-lula-e-aponta-declinio-da-america-latina\/#breadcrumb","itemListElement":[{"@type":"ListItem","position":1,"name":"In\u00edcio","item":"https:\/\/jornalfatosenoticias.com.br\/"},{"@type":"ListItem","position":2,"name":"Colunista do WSJ critica Lula e aponta decl\u00ednio da Am\u00e9rica Latina"}]},{"@type":"WebSite","@id":"https:\/\/jornalfatosenoticias.com.br\/#website","url":"https:\/\/jornalfatosenoticias.com.br\/","name":"Jornal Fatos e Not\u00edcias","description":"Not\u00edcias em geral","publisher":{"@id":"https:\/\/jornalfatosenoticias.com.br\/#organization"},"potentialAction":[{"@type":"SearchAction","target":{"@type":"EntryPoint","urlTemplate":"https:\/\/jornalfatosenoticias.com.br\/?s={search_term_string}"},"query-input":{"@type":"PropertyValueSpecification","valueRequired":true,"valueName":"search_term_string"}}],"inLanguage":"pt-BR"},{"@type":"Organization","@id":"https:\/\/jornalfatosenoticias.com.br\/#organization","name":"Jornal Fatos e Not\u00edcias","url":"https:\/\/jornalfatosenoticias.com.br\/","logo":{"@type":"ImageObject","inLanguage":"pt-BR","@id":"https:\/\/jornalfatosenoticias.com.br\/#\/schema\/logo\/image\/","url":"https:\/\/jornalfatosenoticias.com.br\/wp-content\/uploads\/2020\/02\/logo120.png","contentUrl":"https:\/\/jornalfatosenoticias.com.br\/wp-content\/uploads\/2020\/02\/logo120.png","width":1227,"height":120,"caption":"Jornal Fatos e Not\u00edcias"},"image":{"@id":"https:\/\/jornalfatosenoticias.com.br\/#\/schema\/logo\/image\/"}},{"@type":"Person","@id":"https:\/\/jornalfatosenoticias.com.br\/#\/schema\/person\/d63837fa13ac8666eb9e74e0985d6f81","name":"Luzimara Fernandes","image":{"@type":"ImageObject","inLanguage":"pt-BR","@id":"https:\/\/jornalfatosenoticias.com.br\/#\/schema\/person\/image\/","url":"https:\/\/jornalfatosenoticias.com.br\/wp-content\/uploads\/2025\/05\/EU_portal.jpg","contentUrl":"https:\/\/jornalfatosenoticias.com.br\/wp-content\/uploads\/2025\/05\/EU_portal.jpg","caption":"Luzimara Fernandes"},"description":"Jornalista MTB 2358-ES","sameAs":["https:\/\/jornalfatosenoticias.com.br"],"url":"https:\/\/jornalfatosenoticias.com.br\/index.php\/author\/luzimara\/"}]}},"cc_featured_image_caption":{"caption_text":"(Foto: Fernando Fraz\u00e3o\/Ag\u00eancia Brasil) ","source_text":"","source_url":""},"jetpack_featured_media_url":"https:\/\/jornalfatosenoticias.com.br\/wp-content\/uploads\/2024\/11\/molusco-destroi-o-brasil.jpg","_links":{"self":[{"href":"https:\/\/jornalfatosenoticias.com.br\/index.php\/wp-json\/wp\/v2\/posts\/55766","targetHints":{"allow":["GET"]}}],"collection":[{"href":"https:\/\/jornalfatosenoticias.com.br\/index.php\/wp-json\/wp\/v2\/posts"}],"about":[{"href":"https:\/\/jornalfatosenoticias.com.br\/index.php\/wp-json\/wp\/v2\/types\/post"}],"author":[{"embeddable":true,"href":"https:\/\/jornalfatosenoticias.com.br\/index.php\/wp-json\/wp\/v2\/users\/2"}],"replies":[{"embeddable":true,"href":"https:\/\/jornalfatosenoticias.com.br\/index.php\/wp-json\/wp\/v2\/comments?post=55766"}],"version-history":[{"count":0,"href":"https:\/\/jornalfatosenoticias.com.br\/index.php\/wp-json\/wp\/v2\/posts\/55766\/revisions"}],"wp:featuredmedia":[{"embeddable":true,"href":"https:\/\/jornalfatosenoticias.com.br\/index.php\/wp-json\/wp\/v2\/media\/55767"}],"wp:attachment":[{"href":"https:\/\/jornalfatosenoticias.com.br\/index.php\/wp-json\/wp\/v2\/media?parent=55766"}],"wp:term":[{"taxonomy":"category","embeddable":true,"href":"https:\/\/jornalfatosenoticias.com.br\/index.php\/wp-json\/wp\/v2\/categories?post=55766"},{"taxonomy":"post_tag","embeddable":true,"href":"https:\/\/jornalfatosenoticias.com.br\/index.php\/wp-json\/wp\/v2\/tags?post=55766"}],"curies":[{"name":"wp","href":"https:\/\/api.w.org\/{rel}","templated":true}]}}