{"id":55783,"date":"2024-11-19T09:15:25","date_gmt":"2024-11-19T12:15:25","guid":{"rendered":"https:\/\/jornalfatosenoticias.com.br\/?p=55783"},"modified":"2024-11-19T09:15:27","modified_gmt":"2024-11-19T12:15:27","slug":"ccj-da-camara-aprova-pec-que-amplia-aposentadoria-especial-para-profissionais-da-educacao","status":"publish","type":"post","link":"https:\/\/jornalfatosenoticias.com.br\/index.php\/2024\/11\/19\/ccj-da-camara-aprova-pec-que-amplia-aposentadoria-especial-para-profissionais-da-educacao\/","title":{"rendered":"CCJ da C\u00e2mara aprova PEC que amplia aposentadoria especial para profissionais da educa\u00e7\u00e3o"},"content":{"rendered":"\n<p><span class=\"has-inline-color has-black-color\">Por <strong>Tanara Adriano de Oliveira<\/strong><\/span><\/p>\n\n\n\n<div class=\"wp-block-image\"><figure class=\"aligncenter size-large\"><a href=\"https:\/\/www.controlsystems.com.br\/\"><img loading=\"lazy\" decoding=\"async\" width=\"1024\" height=\"109\" src=\"https:\/\/jornalfatosenoticias.com.br\/wp-content\/uploads\/2020\/02\/CONTROL-CS2-1024x109.jpg\" alt=\"\" class=\"wp-image-44989\" srcset=\"https:\/\/jornalfatosenoticias.com.br\/wp-content\/uploads\/2020\/02\/CONTROL-CS2-1024x109.jpg 1024w, https:\/\/jornalfatosenoticias.com.br\/wp-content\/uploads\/2020\/02\/CONTROL-CS2-300x32.jpg 300w, https:\/\/jornalfatosenoticias.com.br\/wp-content\/uploads\/2020\/02\/CONTROL-CS2-768x82.jpg 768w, https:\/\/jornalfatosenoticias.com.br\/wp-content\/uploads\/2020\/02\/CONTROL-CS2.jpg 1120w\" sizes=\"auto, (max-width: 1024px) 100vw, 1024px\" \/><\/a><\/figure><\/div>\n\n\n\n<p>A Comiss\u00e3o de Constitui\u00e7\u00e3o e Justi\u00e7a e de Cidadania (CCJ) da C\u00e2mara dos Deputados aprovou a admissibilidade da Proposta de Emenda \u00e0 Constitui\u00e7\u00e3o (PEC) 573\/06, que amplia o direito \u00e0 aposentadoria especial para outros profissionais da educa\u00e7\u00e3o b\u00e1sica, al\u00e9m dos professores. A medida, caso aprovada no Congresso, poder\u00e1 estender a aposentadoria especial a trabalhadores que exerceram fun\u00e7\u00f5es na educa\u00e7\u00e3o b\u00e1sica, tais como administra\u00e7\u00e3o, planejamento, inspe\u00e7\u00e3o, supervis\u00e3o escolar e orienta\u00e7\u00e3o educacional.<br>De acordo com a relatora da proposta, deputada Erika Kokay (PT-DF), um acordo foi firmado com a oposi\u00e7\u00e3o para que a concess\u00e3o da aposentadoria especial seja destinada apenas a orientadores educacionais. Esse ajuste, no entanto, ser\u00e1 debatido posteriormente, durante a an\u00e1lise pela comiss\u00e3o especial que ser\u00e1 criada para discutir a PEC.<\/p>\n\n\n\n<div class=\"wp-block-image\"><figure class=\"aligncenter size-large\"><a href=\"https:\/\/cesconetto.com.br\/\"><img loading=\"lazy\" decoding=\"async\" width=\"300\" height=\"250\" src=\"https:\/\/jornalfatosenoticias.com.br\/wp-content\/uploads\/2022\/02\/Banner-2.png\" alt=\"\" class=\"wp-image-27877\"\/><\/a><\/figure><\/div>\n\n\n\n<p>Atualmente, professores que atuam exclusivamente no magist\u00e9rio na educa\u00e7\u00e3o infantil, ensino fundamental e m\u00e9dio j\u00e1 possuem direito a uma redu\u00e7\u00e3o de cinco anos nos requisitos de idade e tempo de contribui\u00e7\u00e3o para aposentadoria. Esse benef\u00edcio \u00e9 garantido a profissionais que comprovem tempo de contribui\u00e7\u00e3o de 30 anos, para homens, e 25 anos, para mulheres.<\/p>\n\n\n\n<div class=\"wp-block-image\"><figure class=\"aligncenter size-large is-resized\"><a href=\"https:\/\/www.ithbrasil.com.br\/\"><img loading=\"lazy\" decoding=\"async\" src=\"https:\/\/jornalfatosenoticias.com.br\/wp-content\/uploads\/2023\/08\/ITH.jpeg\" alt=\"\" class=\"wp-image-44638\" width=\"293\" height=\"238\" srcset=\"https:\/\/jornalfatosenoticias.com.br\/wp-content\/uploads\/2023\/08\/ITH.jpeg 800w, https:\/\/jornalfatosenoticias.com.br\/wp-content\/uploads\/2023\/08\/ITH-300x244.jpeg 300w, https:\/\/jornalfatosenoticias.com.br\/wp-content\/uploads\/2023\/08\/ITH-768x624.jpeg 768w\" sizes=\"auto, (max-width: 293px) 100vw, 293px\" \/><\/a><\/figure><\/div>\n\n\n\n<p>A deputada petista apresentou parecer favor\u00e1vel e incluiu no documento as PECs 14\/07, 266\/08, 309\/08 e 529\/10, que tramitam em conjunto. A PEC 573\/06 foi proposta pela ex-deputada Professora Raquel Teixeira (GO). A relatora destacou ainda que, segundo o entendimento do Supremo Tribunal Federal (STF), a fun\u00e7\u00e3o de magist\u00e9rio vai al\u00e9m das atividades em sala de aula, abrangendo a prepara\u00e7\u00e3o de aulas, corre\u00e7\u00e3o de provas, atendimento a pais e alunos, al\u00e9m de atividades de coordena\u00e7\u00e3o e dire\u00e7\u00e3o pedag\u00f3gica. Essas atividades, segundo o STF, integram a carreira do magist\u00e9rio, desde que exercidas por professores de carreira em unidades de ensino b\u00e1sico, excluindo-se especialistas em educa\u00e7\u00e3o.<\/p>\n\n\n\n<div class=\"wp-block-image\"><figure class=\"aligncenter size-large is-resized\"><a href=\"https:\/\/www.instagram.com\/serra4x4cambioautomatico\/\"><img loading=\"lazy\" decoding=\"async\" src=\"https:\/\/jornalfatosenoticias.com.br\/wp-content\/uploads\/2024\/08\/Serra-4x4-1-886x1024.jpg\" alt=\"\" class=\"wp-image-53632\" width=\"266\" height=\"307\" srcset=\"https:\/\/jornalfatosenoticias.com.br\/wp-content\/uploads\/2024\/08\/Serra-4x4-1-886x1024.jpg 886w, https:\/\/jornalfatosenoticias.com.br\/wp-content\/uploads\/2024\/08\/Serra-4x4-1-260x300.jpg 260w, https:\/\/jornalfatosenoticias.com.br\/wp-content\/uploads\/2024\/08\/Serra-4x4-1-768x888.jpg 768w, https:\/\/jornalfatosenoticias.com.br\/wp-content\/uploads\/2024\/08\/Serra-4x4-1.jpg 1181w\" sizes=\"auto, (max-width: 266px) 100vw, 266px\" \/><\/a><\/figure><\/div>\n\n\n\n<p>Os pr\u00f3ximos passos para a tramita\u00e7\u00e3o da PEC incluem a cria\u00e7\u00e3o de uma comiss\u00e3o especial que analisar\u00e1 a proposta em detalhes. Em seguida, a PEC precisar\u00e1 ser aprovada em dois turnos no Plen\u00e1rio da C\u00e2mara. Para que a medida entre em vigor, ainda ser\u00e1 necess\u00e1ria a aprova\u00e7\u00e3o do Senado.<\/p>\n\n\n\n<div class=\"wp-block-image\"><figure class=\"aligncenter size-large is-resized\"><a href=\"https:\/\/www.legisjuris.com.br\/\"><img loading=\"lazy\" decoding=\"async\" src=\"https:\/\/jornalfatosenoticias.com.br\/wp-content\/uploads\/2024\/09\/Legis-Juris-Consultoria_logo.jpg\" alt=\"\" class=\"wp-image-53915\" width=\"430\" height=\"180\" srcset=\"https:\/\/jornalfatosenoticias.com.br\/wp-content\/uploads\/2024\/09\/Legis-Juris-Consultoria_logo.jpg 969w, https:\/\/jornalfatosenoticias.com.br\/wp-content\/uploads\/2024\/09\/Legis-Juris-Consultoria_logo-300x126.jpg 300w, https:\/\/jornalfatosenoticias.com.br\/wp-content\/uploads\/2024\/09\/Legis-Juris-Consultoria_logo-768x322.jpg 768w\" sizes=\"auto, (max-width: 430px) 100vw, 430px\" \/><\/a><\/figure><\/div>\n\n\n\n<p><strong><em>Fonte: <a href=\"https:\/\/www.gazetadopovo.com.br\/educacao\/ccj-da-camara-aprova-pec-que-amplia-aposentadoria-especial-para-profissionais-da-educacao\/\">Gazeta do Povo<\/a><\/em><\/strong><\/p>\n","protected":false},"excerpt":{"rendered":"<p>Por Tanara Adriano de Oliveira A Comiss\u00e3o de Constitui\u00e7\u00e3o e Justi\u00e7a e de Cidadania (CCJ) da C\u00e2mara dos Deputados aprovou a admissibilidade da Proposta de Emenda \u00e0 Constitui\u00e7\u00e3o (PEC) 573\/06, que amplia o direito \u00e0 aposentadoria especial para outros profissionais da educa\u00e7\u00e3o b\u00e1sica, al\u00e9m dos professores. A medida, caso aprovada no Congresso, poder\u00e1 estender a [&hellip;]<\/p>\n","protected":false},"author":2,"featured_media":55784,"comment_status":"open","ping_status":"open","sticky":false,"template":"","format":"standard","meta":{"footnotes":""},"categories":[7],"tags":[7109,982,2879,345,1787,2203,9651,1345,357,486],"class_list":["post-55783","post","type-post","status-publish","format-standard","has-post-thumbnail","hentry","category-educacao","tag-aposentadoria","tag-camara-dos-deputados","tag-ccj","tag-educacao","tag-ensino","tag-ensino-fundamental","tag-ensino-medio","tag-justica","tag-professores","tag-senado"],"yoast_head":"<!-- This site is optimized with the Yoast SEO plugin v26.5 - https:\/\/yoast.com\/wordpress\/plugins\/seo\/ -->\n<title>CCJ da C\u00e2mara aprova PEC que amplia aposentadoria especial para profissionais da educa\u00e7\u00e3o - Jornal Fatos e Not\u00edcias<\/title>\n<meta name=\"robots\" content=\"index, follow, max-snippet:-1, max-image-preview:large, max-video-preview:-1\" \/>\n<link rel=\"canonical\" href=\"https:\/\/jornalfatosenoticias.com.br\/index.php\/2024\/11\/19\/ccj-da-camara-aprova-pec-que-amplia-aposentadoria-especial-para-profissionais-da-educacao\/\" \/>\n<meta property=\"og:locale\" content=\"pt_BR\" \/>\n<meta property=\"og:type\" content=\"article\" \/>\n<meta property=\"og:title\" content=\"CCJ da C\u00e2mara aprova PEC que amplia aposentadoria especial para profissionais da educa\u00e7\u00e3o - Jornal Fatos e Not\u00edcias\" \/>\n<meta property=\"og:description\" content=\"Por Tanara Adriano de Oliveira A Comiss\u00e3o de Constitui\u00e7\u00e3o e Justi\u00e7a e de Cidadania (CCJ) da C\u00e2mara dos Deputados aprovou a admissibilidade da Proposta de Emenda \u00e0 Constitui\u00e7\u00e3o (PEC) 573\/06, que amplia o direito \u00e0 aposentadoria especial para outros profissionais da educa\u00e7\u00e3o b\u00e1sica, al\u00e9m dos professores. A medida, caso aprovada no Congresso, poder\u00e1 estender a [&hellip;]\" \/>\n<meta property=\"og:url\" content=\"https:\/\/jornalfatosenoticias.com.br\/index.php\/2024\/11\/19\/ccj-da-camara-aprova-pec-que-amplia-aposentadoria-especial-para-profissionais-da-educacao\/\" \/>\n<meta property=\"og:site_name\" content=\"Jornal Fatos e Not\u00edcias\" \/>\n<meta property=\"article:published_time\" content=\"2024-11-19T12:15:25+00:00\" \/>\n<meta property=\"article:modified_time\" content=\"2024-11-19T12:15:27+00:00\" \/>\n<meta property=\"og:image\" content=\"https:\/\/jornalfatosenoticias.com.br\/wp-content\/uploads\/2024\/11\/aposentadoria-professor_istock.jpg\" \/>\n\t<meta property=\"og:image:width\" content=\"612\" \/>\n\t<meta property=\"og:image:height\" content=\"367\" \/>\n\t<meta property=\"og:image:type\" content=\"image\/jpeg\" \/>\n<meta name=\"author\" content=\"Luzimara Fernandes\" \/>\n<meta name=\"twitter:card\" content=\"summary_large_image\" \/>\n<meta name=\"twitter:label1\" content=\"Escrito por\" \/>\n\t<meta name=\"twitter:data1\" content=\"Luzimara Fernandes\" \/>\n\t<meta name=\"twitter:label2\" content=\"Est. tempo de leitura\" \/>\n\t<meta name=\"twitter:data2\" content=\"2 minutos\" \/>\n<script type=\"application\/ld+json\" class=\"yoast-schema-graph\">{\"@context\":\"https:\/\/schema.org\",\"@graph\":[{\"@type\":\"Article\",\"@id\":\"https:\/\/jornalfatosenoticias.com.br\/index.php\/2024\/11\/19\/ccj-da-camara-aprova-pec-que-amplia-aposentadoria-especial-para-profissionais-da-educacao\/#article\",\"isPartOf\":{\"@id\":\"https:\/\/jornalfatosenoticias.com.br\/index.php\/2024\/11\/19\/ccj-da-camara-aprova-pec-que-amplia-aposentadoria-especial-para-profissionais-da-educacao\/\"},\"author\":{\"name\":\"Luzimara Fernandes\",\"@id\":\"https:\/\/jornalfatosenoticias.com.br\/#\/schema\/person\/d63837fa13ac8666eb9e74e0985d6f81\"},\"headline\":\"CCJ da C\u00e2mara aprova PEC que amplia aposentadoria especial para profissionais da educa\u00e7\u00e3o\",\"datePublished\":\"2024-11-19T12:15:25+00:00\",\"dateModified\":\"2024-11-19T12:15:27+00:00\",\"mainEntityOfPage\":{\"@id\":\"https:\/\/jornalfatosenoticias.com.br\/index.php\/2024\/11\/19\/ccj-da-camara-aprova-pec-que-amplia-aposentadoria-especial-para-profissionais-da-educacao\/\"},\"wordCount\":388,\"commentCount\":0,\"publisher\":{\"@id\":\"https:\/\/jornalfatosenoticias.com.br\/#organization\"},\"image\":{\"@id\":\"https:\/\/jornalfatosenoticias.com.br\/index.php\/2024\/11\/19\/ccj-da-camara-aprova-pec-que-amplia-aposentadoria-especial-para-profissionais-da-educacao\/#primaryimage\"},\"thumbnailUrl\":\"https:\/\/jornalfatosenoticias.com.br\/wp-content\/uploads\/2024\/11\/aposentadoria-professor_istock.jpg\",\"keywords\":[\"aposentadoria\",\"C\u00e2mara dos Deputados\",\"CCJ\",\"educa\u00e7\u00e3o\",\"ensino\",\"ensino fundamental\",\"ensino m\u00e9dio\",\"justi\u00e7a\",\"professores\",\"Senado\"],\"articleSection\":[\"Educa\u00e7\u00e3o\"],\"inLanguage\":\"pt-BR\",\"potentialAction\":[{\"@type\":\"CommentAction\",\"name\":\"Comment\",\"target\":[\"https:\/\/jornalfatosenoticias.com.br\/index.php\/2024\/11\/19\/ccj-da-camara-aprova-pec-que-amplia-aposentadoria-especial-para-profissionais-da-educacao\/#respond\"]}]},{\"@type\":\"WebPage\",\"@id\":\"https:\/\/jornalfatosenoticias.com.br\/index.php\/2024\/11\/19\/ccj-da-camara-aprova-pec-que-amplia-aposentadoria-especial-para-profissionais-da-educacao\/\",\"url\":\"https:\/\/jornalfatosenoticias.com.br\/index.php\/2024\/11\/19\/ccj-da-camara-aprova-pec-que-amplia-aposentadoria-especial-para-profissionais-da-educacao\/\",\"name\":\"CCJ da C\u00e2mara aprova PEC que amplia aposentadoria especial para profissionais da educa\u00e7\u00e3o - Jornal Fatos e Not\u00edcias\",\"isPartOf\":{\"@id\":\"https:\/\/jornalfatosenoticias.com.br\/#website\"},\"primaryImageOfPage\":{\"@id\":\"https:\/\/jornalfatosenoticias.com.br\/index.php\/2024\/11\/19\/ccj-da-camara-aprova-pec-que-amplia-aposentadoria-especial-para-profissionais-da-educacao\/#primaryimage\"},\"image\":{\"@id\":\"https:\/\/jornalfatosenoticias.com.br\/index.php\/2024\/11\/19\/ccj-da-camara-aprova-pec-que-amplia-aposentadoria-especial-para-profissionais-da-educacao\/#primaryimage\"},\"thumbnailUrl\":\"https:\/\/jornalfatosenoticias.com.br\/wp-content\/uploads\/2024\/11\/aposentadoria-professor_istock.jpg\",\"datePublished\":\"2024-11-19T12:15:25+00:00\",\"dateModified\":\"2024-11-19T12:15:27+00:00\",\"breadcrumb\":{\"@id\":\"https:\/\/jornalfatosenoticias.com.br\/index.php\/2024\/11\/19\/ccj-da-camara-aprova-pec-que-amplia-aposentadoria-especial-para-profissionais-da-educacao\/#breadcrumb\"},\"inLanguage\":\"pt-BR\",\"potentialAction\":[{\"@type\":\"ReadAction\",\"target\":[\"https:\/\/jornalfatosenoticias.com.br\/index.php\/2024\/11\/19\/ccj-da-camara-aprova-pec-que-amplia-aposentadoria-especial-para-profissionais-da-educacao\/\"]}]},{\"@type\":\"ImageObject\",\"inLanguage\":\"pt-BR\",\"@id\":\"https:\/\/jornalfatosenoticias.com.br\/index.php\/2024\/11\/19\/ccj-da-camara-aprova-pec-que-amplia-aposentadoria-especial-para-profissionais-da-educacao\/#primaryimage\",\"url\":\"https:\/\/jornalfatosenoticias.com.br\/wp-content\/uploads\/2024\/11\/aposentadoria-professor_istock.jpg\",\"contentUrl\":\"https:\/\/jornalfatosenoticias.com.br\/wp-content\/uploads\/2024\/11\/aposentadoria-professor_istock.jpg\",\"width\":612,\"height\":367,\"caption\":\"interior views of an empty Japanese-style classroom. 3d render\"},{\"@type\":\"BreadcrumbList\",\"@id\":\"https:\/\/jornalfatosenoticias.com.br\/index.php\/2024\/11\/19\/ccj-da-camara-aprova-pec-que-amplia-aposentadoria-especial-para-profissionais-da-educacao\/#breadcrumb\",\"itemListElement\":[{\"@type\":\"ListItem\",\"position\":1,\"name\":\"In\u00edcio\",\"item\":\"https:\/\/jornalfatosenoticias.com.br\/\"},{\"@type\":\"ListItem\",\"position\":2,\"name\":\"CCJ da C\u00e2mara aprova PEC que amplia aposentadoria especial para profissionais da educa\u00e7\u00e3o\"}]},{\"@type\":\"WebSite\",\"@id\":\"https:\/\/jornalfatosenoticias.com.br\/#website\",\"url\":\"https:\/\/jornalfatosenoticias.com.br\/\",\"name\":\"Jornal Fatos e Not\u00edcias\",\"description\":\"Not\u00edcias em geral\",\"publisher\":{\"@id\":\"https:\/\/jornalfatosenoticias.com.br\/#organization\"},\"potentialAction\":[{\"@type\":\"SearchAction\",\"target\":{\"@type\":\"EntryPoint\",\"urlTemplate\":\"https:\/\/jornalfatosenoticias.com.br\/?s={search_term_string}\"},\"query-input\":{\"@type\":\"PropertyValueSpecification\",\"valueRequired\":true,\"valueName\":\"search_term_string\"}}],\"inLanguage\":\"pt-BR\"},{\"@type\":\"Organization\",\"@id\":\"https:\/\/jornalfatosenoticias.com.br\/#organization\",\"name\":\"Jornal Fatos e Not\u00edcias\",\"url\":\"https:\/\/jornalfatosenoticias.com.br\/\",\"logo\":{\"@type\":\"ImageObject\",\"inLanguage\":\"pt-BR\",\"@id\":\"https:\/\/jornalfatosenoticias.com.br\/#\/schema\/logo\/image\/\",\"url\":\"https:\/\/jornalfatosenoticias.com.br\/wp-content\/uploads\/2020\/02\/logo120.png\",\"contentUrl\":\"https:\/\/jornalfatosenoticias.com.br\/wp-content\/uploads\/2020\/02\/logo120.png\",\"width\":1227,\"height\":120,\"caption\":\"Jornal Fatos e Not\u00edcias\"},\"image\":{\"@id\":\"https:\/\/jornalfatosenoticias.com.br\/#\/schema\/logo\/image\/\"}},{\"@type\":\"Person\",\"@id\":\"https:\/\/jornalfatosenoticias.com.br\/#\/schema\/person\/d63837fa13ac8666eb9e74e0985d6f81\",\"name\":\"Luzimara Fernandes\",\"image\":{\"@type\":\"ImageObject\",\"inLanguage\":\"pt-BR\",\"@id\":\"https:\/\/jornalfatosenoticias.com.br\/#\/schema\/person\/image\/\",\"url\":\"https:\/\/jornalfatosenoticias.com.br\/wp-content\/uploads\/2025\/05\/EU_portal.jpg\",\"contentUrl\":\"https:\/\/jornalfatosenoticias.com.br\/wp-content\/uploads\/2025\/05\/EU_portal.jpg\",\"caption\":\"Luzimara Fernandes\"},\"description\":\"Jornalista MTB 2358-ES\",\"sameAs\":[\"https:\/\/jornalfatosenoticias.com.br\"],\"url\":\"https:\/\/jornalfatosenoticias.com.br\/index.php\/author\/luzimara\/\"}]}<\/script>\n<!-- \/ Yoast SEO plugin. -->","yoast_head_json":{"title":"CCJ da C\u00e2mara aprova PEC que amplia aposentadoria especial para profissionais da educa\u00e7\u00e3o - Jornal Fatos e Not\u00edcias","robots":{"index":"index","follow":"follow","max-snippet":"max-snippet:-1","max-image-preview":"max-image-preview:large","max-video-preview":"max-video-preview:-1"},"canonical":"https:\/\/jornalfatosenoticias.com.br\/index.php\/2024\/11\/19\/ccj-da-camara-aprova-pec-que-amplia-aposentadoria-especial-para-profissionais-da-educacao\/","og_locale":"pt_BR","og_type":"article","og_title":"CCJ da C\u00e2mara aprova PEC que amplia aposentadoria especial para profissionais da educa\u00e7\u00e3o - Jornal Fatos e Not\u00edcias","og_description":"Por Tanara Adriano de Oliveira A Comiss\u00e3o de Constitui\u00e7\u00e3o e Justi\u00e7a e de Cidadania (CCJ) da C\u00e2mara dos Deputados aprovou a admissibilidade da Proposta de Emenda \u00e0 Constitui\u00e7\u00e3o (PEC) 573\/06, que amplia o direito \u00e0 aposentadoria especial para outros profissionais da educa\u00e7\u00e3o b\u00e1sica, al\u00e9m dos professores. A medida, caso aprovada no Congresso, poder\u00e1 estender a [&hellip;]","og_url":"https:\/\/jornalfatosenoticias.com.br\/index.php\/2024\/11\/19\/ccj-da-camara-aprova-pec-que-amplia-aposentadoria-especial-para-profissionais-da-educacao\/","og_site_name":"Jornal Fatos e Not\u00edcias","article_published_time":"2024-11-19T12:15:25+00:00","article_modified_time":"2024-11-19T12:15:27+00:00","og_image":[{"width":612,"height":367,"url":"https:\/\/jornalfatosenoticias.com.br\/wp-content\/uploads\/2024\/11\/aposentadoria-professor_istock.jpg","type":"image\/jpeg"}],"author":"Luzimara Fernandes","twitter_card":"summary_large_image","twitter_misc":{"Escrito por":"Luzimara Fernandes","Est. tempo de leitura":"2 minutos"},"schema":{"@context":"https:\/\/schema.org","@graph":[{"@type":"Article","@id":"https:\/\/jornalfatosenoticias.com.br\/index.php\/2024\/11\/19\/ccj-da-camara-aprova-pec-que-amplia-aposentadoria-especial-para-profissionais-da-educacao\/#article","isPartOf":{"@id":"https:\/\/jornalfatosenoticias.com.br\/index.php\/2024\/11\/19\/ccj-da-camara-aprova-pec-que-amplia-aposentadoria-especial-para-profissionais-da-educacao\/"},"author":{"name":"Luzimara Fernandes","@id":"https:\/\/jornalfatosenoticias.com.br\/#\/schema\/person\/d63837fa13ac8666eb9e74e0985d6f81"},"headline":"CCJ da C\u00e2mara aprova PEC que amplia aposentadoria especial para profissionais da educa\u00e7\u00e3o","datePublished":"2024-11-19T12:15:25+00:00","dateModified":"2024-11-19T12:15:27+00:00","mainEntityOfPage":{"@id":"https:\/\/jornalfatosenoticias.com.br\/index.php\/2024\/11\/19\/ccj-da-camara-aprova-pec-que-amplia-aposentadoria-especial-para-profissionais-da-educacao\/"},"wordCount":388,"commentCount":0,"publisher":{"@id":"https:\/\/jornalfatosenoticias.com.br\/#organization"},"image":{"@id":"https:\/\/jornalfatosenoticias.com.br\/index.php\/2024\/11\/19\/ccj-da-camara-aprova-pec-que-amplia-aposentadoria-especial-para-profissionais-da-educacao\/#primaryimage"},"thumbnailUrl":"https:\/\/jornalfatosenoticias.com.br\/wp-content\/uploads\/2024\/11\/aposentadoria-professor_istock.jpg","keywords":["aposentadoria","C\u00e2mara dos Deputados","CCJ","educa\u00e7\u00e3o","ensino","ensino fundamental","ensino m\u00e9dio","justi\u00e7a","professores","Senado"],"articleSection":["Educa\u00e7\u00e3o"],"inLanguage":"pt-BR","potentialAction":[{"@type":"CommentAction","name":"Comment","target":["https:\/\/jornalfatosenoticias.com.br\/index.php\/2024\/11\/19\/ccj-da-camara-aprova-pec-que-amplia-aposentadoria-especial-para-profissionais-da-educacao\/#respond"]}]},{"@type":"WebPage","@id":"https:\/\/jornalfatosenoticias.com.br\/index.php\/2024\/11\/19\/ccj-da-camara-aprova-pec-que-amplia-aposentadoria-especial-para-profissionais-da-educacao\/","url":"https:\/\/jornalfatosenoticias.com.br\/index.php\/2024\/11\/19\/ccj-da-camara-aprova-pec-que-amplia-aposentadoria-especial-para-profissionais-da-educacao\/","name":"CCJ da C\u00e2mara aprova PEC que amplia aposentadoria especial para profissionais da educa\u00e7\u00e3o - Jornal Fatos e Not\u00edcias","isPartOf":{"@id":"https:\/\/jornalfatosenoticias.com.br\/#website"},"primaryImageOfPage":{"@id":"https:\/\/jornalfatosenoticias.com.br\/index.php\/2024\/11\/19\/ccj-da-camara-aprova-pec-que-amplia-aposentadoria-especial-para-profissionais-da-educacao\/#primaryimage"},"image":{"@id":"https:\/\/jornalfatosenoticias.com.br\/index.php\/2024\/11\/19\/ccj-da-camara-aprova-pec-que-amplia-aposentadoria-especial-para-profissionais-da-educacao\/#primaryimage"},"thumbnailUrl":"https:\/\/jornalfatosenoticias.com.br\/wp-content\/uploads\/2024\/11\/aposentadoria-professor_istock.jpg","datePublished":"2024-11-19T12:15:25+00:00","dateModified":"2024-11-19T12:15:27+00:00","breadcrumb":{"@id":"https:\/\/jornalfatosenoticias.com.br\/index.php\/2024\/11\/19\/ccj-da-camara-aprova-pec-que-amplia-aposentadoria-especial-para-profissionais-da-educacao\/#breadcrumb"},"inLanguage":"pt-BR","potentialAction":[{"@type":"ReadAction","target":["https:\/\/jornalfatosenoticias.com.br\/index.php\/2024\/11\/19\/ccj-da-camara-aprova-pec-que-amplia-aposentadoria-especial-para-profissionais-da-educacao\/"]}]},{"@type":"ImageObject","inLanguage":"pt-BR","@id":"https:\/\/jornalfatosenoticias.com.br\/index.php\/2024\/11\/19\/ccj-da-camara-aprova-pec-que-amplia-aposentadoria-especial-para-profissionais-da-educacao\/#primaryimage","url":"https:\/\/jornalfatosenoticias.com.br\/wp-content\/uploads\/2024\/11\/aposentadoria-professor_istock.jpg","contentUrl":"https:\/\/jornalfatosenoticias.com.br\/wp-content\/uploads\/2024\/11\/aposentadoria-professor_istock.jpg","width":612,"height":367,"caption":"interior views of an empty Japanese-style classroom. 3d render"},{"@type":"BreadcrumbList","@id":"https:\/\/jornalfatosenoticias.com.br\/index.php\/2024\/11\/19\/ccj-da-camara-aprova-pec-que-amplia-aposentadoria-especial-para-profissionais-da-educacao\/#breadcrumb","itemListElement":[{"@type":"ListItem","position":1,"name":"In\u00edcio","item":"https:\/\/jornalfatosenoticias.com.br\/"},{"@type":"ListItem","position":2,"name":"CCJ da C\u00e2mara aprova PEC que amplia aposentadoria especial para profissionais da educa\u00e7\u00e3o"}]},{"@type":"WebSite","@id":"https:\/\/jornalfatosenoticias.com.br\/#website","url":"https:\/\/jornalfatosenoticias.com.br\/","name":"Jornal Fatos e Not\u00edcias","description":"Not\u00edcias em geral","publisher":{"@id":"https:\/\/jornalfatosenoticias.com.br\/#organization"},"potentialAction":[{"@type":"SearchAction","target":{"@type":"EntryPoint","urlTemplate":"https:\/\/jornalfatosenoticias.com.br\/?s={search_term_string}"},"query-input":{"@type":"PropertyValueSpecification","valueRequired":true,"valueName":"search_term_string"}}],"inLanguage":"pt-BR"},{"@type":"Organization","@id":"https:\/\/jornalfatosenoticias.com.br\/#organization","name":"Jornal Fatos e Not\u00edcias","url":"https:\/\/jornalfatosenoticias.com.br\/","logo":{"@type":"ImageObject","inLanguage":"pt-BR","@id":"https:\/\/jornalfatosenoticias.com.br\/#\/schema\/logo\/image\/","url":"https:\/\/jornalfatosenoticias.com.br\/wp-content\/uploads\/2020\/02\/logo120.png","contentUrl":"https:\/\/jornalfatosenoticias.com.br\/wp-content\/uploads\/2020\/02\/logo120.png","width":1227,"height":120,"caption":"Jornal Fatos e Not\u00edcias"},"image":{"@id":"https:\/\/jornalfatosenoticias.com.br\/#\/schema\/logo\/image\/"}},{"@type":"Person","@id":"https:\/\/jornalfatosenoticias.com.br\/#\/schema\/person\/d63837fa13ac8666eb9e74e0985d6f81","name":"Luzimara Fernandes","image":{"@type":"ImageObject","inLanguage":"pt-BR","@id":"https:\/\/jornalfatosenoticias.com.br\/#\/schema\/person\/image\/","url":"https:\/\/jornalfatosenoticias.com.br\/wp-content\/uploads\/2025\/05\/EU_portal.jpg","contentUrl":"https:\/\/jornalfatosenoticias.com.br\/wp-content\/uploads\/2025\/05\/EU_portal.jpg","caption":"Luzimara Fernandes"},"description":"Jornalista MTB 2358-ES","sameAs":["https:\/\/jornalfatosenoticias.com.br"],"url":"https:\/\/jornalfatosenoticias.com.br\/index.php\/author\/luzimara\/"}]}},"cc_featured_image_caption":{"caption_text":"(Foto: iStock)","source_text":"","source_url":""},"jetpack_featured_media_url":"https:\/\/jornalfatosenoticias.com.br\/wp-content\/uploads\/2024\/11\/aposentadoria-professor_istock.jpg","_links":{"self":[{"href":"https:\/\/jornalfatosenoticias.com.br\/index.php\/wp-json\/wp\/v2\/posts\/55783","targetHints":{"allow":["GET"]}}],"collection":[{"href":"https:\/\/jornalfatosenoticias.com.br\/index.php\/wp-json\/wp\/v2\/posts"}],"about":[{"href":"https:\/\/jornalfatosenoticias.com.br\/index.php\/wp-json\/wp\/v2\/types\/post"}],"author":[{"embeddable":true,"href":"https:\/\/jornalfatosenoticias.com.br\/index.php\/wp-json\/wp\/v2\/users\/2"}],"replies":[{"embeddable":true,"href":"https:\/\/jornalfatosenoticias.com.br\/index.php\/wp-json\/wp\/v2\/comments?post=55783"}],"version-history":[{"count":0,"href":"https:\/\/jornalfatosenoticias.com.br\/index.php\/wp-json\/wp\/v2\/posts\/55783\/revisions"}],"wp:featuredmedia":[{"embeddable":true,"href":"https:\/\/jornalfatosenoticias.com.br\/index.php\/wp-json\/wp\/v2\/media\/55784"}],"wp:attachment":[{"href":"https:\/\/jornalfatosenoticias.com.br\/index.php\/wp-json\/wp\/v2\/media?parent=55783"}],"wp:term":[{"taxonomy":"category","embeddable":true,"href":"https:\/\/jornalfatosenoticias.com.br\/index.php\/wp-json\/wp\/v2\/categories?post=55783"},{"taxonomy":"post_tag","embeddable":true,"href":"https:\/\/jornalfatosenoticias.com.br\/index.php\/wp-json\/wp\/v2\/tags?post=55783"}],"curies":[{"name":"wp","href":"https:\/\/api.w.org\/{rel}","templated":true}]}}